{"id":22135,"date":"2021-08-31T18:34:07","date_gmt":"2021-08-31T18:34:07","guid":{"rendered":"https:\/\/stuttgarti-katolikusok.de\/?p=22135"},"modified":"2021-08-31T19:12:30","modified_gmt":"2021-08-31T19:12:30","slug":"a-nek-himnusza-imazsfilmje-es-a-12-hirnok","status":"publish","type":"post","link":"https:\/\/stuttgarti-katolikusok.de\/index.php\/a-nek-himnusza-imazsfilmje-es-a-12-hirnok\/","title":{"rendered":"A NEK himnusza, im\u00e1zsfilmje \u00e9s a 12 h\u00edrn\u00f6k"},"content":{"rendered":"<p><strong>Bemutatt\u00e1k a NEK himnusz\u00e1t, im\u00e1zsfilmj\u00e9t \u00e9s a vil\u00e1grendezv\u00e9ny tizenk\u00e9t h\u00edrn\u00f6k\u00e9t<\/strong><\/p>\n<p><strong>A Budapesten tartand\u00f3 52. Nemzetk\u00f6zi Eucharisztikus Kongresszus (NEK) himnusz\u00e1nak \u00e9s im\u00e1zsfilmj\u00e9nek j\u00fanius 14-i sajt\u00f3bemutat\u00f3j\u00e1n Erd\u0151 P\u00e9ter b\u00edboros, pr\u00edm\u00e1s megb\u00edz\u00f3 oklevelet adott \u00e1t a vil\u00e1gesem\u00e9ny tizenk\u00e9t h\u00edrn\u00f6k\u00e9nek a budapesti D50 Kultur\u00e1lis K\u00f6zpontban.<\/strong><\/p>\n<p>\u00d6rvendetes, hogy 1938-b\u00f3l, az el\u0151z\u0151 budapesti eucharisztikus kongresszus idej\u00e9b\u0151l \u00e1tmentett\u00fck \u0151seink hit\u00e9t, szellemi-lelki \u00f6r\u00f6ks\u00e9g\u00e9t \u00e9s sok-sok t\u00e1rgyi eml\u00e9ket \u2013 mondta a kisfilm bemutat\u00e1sa ut\u00e1n Zsuffa T\u00fcnde, a Nemzetk\u00f6zi Eucharisztikus Kongresszus \u00c1ltal\u00e1nos Titk\u00e1rs\u00e1g\u00e1nak sajt\u00f3f\u0151n\u00f6ke, aki megjegyezte, hogy a \u201emostani sajt\u00f3bemutat\u00f3ra \u00e9ppen 83 \u00e9vvel az el\u0151z\u0151 kongresszus ut\u00e1n \u00e9s 83 nappal a k\u00f6zelg\u0151 vil\u00e1gesem\u00e9ny el\u0151tt ker\u00fcl sor\u201d.<\/p>\n<p>Erd\u0151 P\u00e9ter b\u00edboros k\u00f6sz\u00f6nt\u0151j\u00e9ben elmondta: \u201eNem ak\u00e1rmilyen eucharisztikus kongresszusra k\u00e9sz\u00fcl\u00fcnk. Tal\u00e1n m\u00e9g egyszer sem fordult el\u0151 a Nemzetk\u00f6zi Eucharisztikus Kongresszusok t\u00f6rt\u00e9net\u00e9ben, hogy az eg\u00e9sz rendezv\u00e9nyt el kelljen halasztani egy j\u00e1rv\u00e1ny miatt. Nem v\u00e9letlen\u00fcl im\u00e1dkozunk imm\u00e1r \u00f6t\u00f6dik \u00e9ve a kongresszus\u00e9rt.<\/p>\n<p>M\u00e1r eleinte is tudtuk, de most m\u00e1r tapasztaljuk, hogy nemcsak a mi el\u0151k\u00e9sz\u00edt\u0151 munk\u00e1nkon, hanem az isteni Gondvisel\u00e9sen is m\u00falik, hogy lesz-e, illetve milyen lesz ez az eg\u00e9sz Egyh\u00e1znak sz\u00f3l\u00f3 \u00fcnnepi esem\u00e9ny.<\/p>\n<p>Ami pedig a hagyom\u00e1nyt \u00e9s a zen\u00e9t illeti, aki ott volt 2019-ben Cs\u00edksomly\u00f3n a p\u00e1pai mis\u00e9n, eml\u00e9kezhet arra, hogy sz\u00e1zezer ember \u00e9nekelte az 1938-as eucharisztikus kongresszus himnusz\u00e1t, a\u00a0<em>Gy\u0151zelemr\u0151l \u00e9nekeljen\u00a0<\/em>kezdet\u0171 n\u00e9p\u00e9neket, s a t\u00f6meg fejb\u0151l tudta annak sz\u00f6veg\u00e9t, az \u00e9nek minden str\u00f3f\u00e1j\u00e1t.<\/p>\n<p>Ez pedig azt jelenti, hogy nemcsak a budapesti pl\u00e9b\u00e1ni\u00e1kon, vagy itt-ott az orsz\u00e1gban, hanem ahol magyar \u00e9l, ezt az \u00e9neket ma is ismerik \u00e9s szeretik.<\/p>\n<p>Amikor teh\u00e1t a Nemzetk\u00f6zi Eucharisztikus Kongresszusok \u00e1ltal\u00e1nos szab\u00e1lyai szerint meg kellett hat\u00e1rozni, hogy mi lesz a NEK himnusza, akkor a p\u00fcsp\u00f6ki konferencia \u00fagy d\u00f6nt\u00f6tt, hogy a Bangha B\u00e9la SJ \u00e1ltal \u00edrt himnusz sz\u00f6vege maradjon meg (b\u00e1tran \u00e9nekelhet\u0151 Koudela G\u00e9za r\u00e9gi dallam\u00e1val). Ugyanakkor\u00a0\u2013 l\u00e1tva az el\u0151z\u0151 eucharisztikus kongresszusok modern hangszerel\u00e9s\u0171 himnuszait\u00a0\u2013 a p\u00fcsp\u00f6ki test\u00fclet arr\u00f3l is d\u00f6nt\u00f6tt, hogy felk\u00e9ri Kov\u00e1cs \u00c1kos \u00e9nekest, hogy \u00f6lt\u00f6ztesse modern zenei k\u00f6nt\u00f6sbe a klasszikus himnusz\u00e9neket.<\/p>\n<p>Ez meg is t\u00f6rt\u00e9nt, \u00e9s azt hiszem, hogy az eredm\u00e9ny lehet\u0151v\u00e9 teszi, hogy e himnusz \u00fczenete a vil\u00e1gon mindenkihez eljusson, olyanokhoz is, akik a magyar kult\u00far\u00e1t egy\u00e1ltal\u00e1n nem ismerik\u201d\u00a0\u2013 tette hozz\u00e1 a\u00a0b\u00edboros, aki arr\u00f3l is besz\u00e9lt, hogy a NEK-re haz\u00e1nkba l\u00e1togat\u00f3 vend\u00e9gek megismerkedhetnek a \u201emagyar zenei \u00e9let teljes spektrum\u00e1val\u201d. A kongresszus napjaiban erre nemcsak a d\u00e9lel\u0151tt\u00f6nk\u00e9nti mis\u00e9ken \u00e9s programokon ny\u00edlik lehet\u0151s\u00e9g, hanem a d\u00e9lut\u00e1ni koncertek \u00e9s m\u00e1s rendezv\u00e9nyek is arra szolg\u00e1lnak majd, hogy bemutass\u00e1k a magyar kult\u00far\u00e1t.<\/p>\n<p>\u201eAdja Isten, hogy az eucharisztikus kongresszus r\u00e9gi-\u00faj himnusza eljusson minden ember sz\u00edv\u00e9hez! K\u00f6sz\u00f6nj\u00fck a szak\u00e9rt\u0151 munk\u00e1t \u00e9s az ihletett hangszerel\u00e9st\u201d \u2013 z\u00e1rta besz\u00e9d\u00e9t Erd\u0151 P\u00e9ter b\u00edboros.<\/p>\n<p><a href=\"https:\/\/stuttgarti-katolikusok.de\/wp-content\/uploads\/2021\/08\/akos.jpg\"><img loading=\"lazy\" decoding=\"async\" class=\"alignnone size-full wp-image-22137\" src=\"https:\/\/stuttgarti-katolikusok.de\/wp-content\/uploads\/2021\/08\/akos.jpg\" alt=\"\" width=\"850\" height=\"609\" srcset=\"https:\/\/stuttgarti-katolikusok.de\/wp-content\/uploads\/2021\/08\/akos.jpg 850w, https:\/\/stuttgarti-katolikusok.de\/wp-content\/uploads\/2021\/08\/akos-300x215.jpg 300w\" sizes=\"auto, (max-width: 850px) 100vw, 850px\" \/><\/a><\/p>\n<p>A sajt\u00f3t\u00e1j\u00e9koztat\u00f3n ezut\u00e1n Kov\u00e1cs \u00c1kos Kossuth-d\u00edjas dalszerz\u0151, \u00e9nekes ismertette a\u00a0<em>Gy\u0151zelemr\u0151l \u00e9nekeljen<\/em>\u00a0kezdet\u0171 himnusz \u00fajrahangszerel\u00e9s\u00e9nek folyamat\u00e1t, a hozz\u00e1 kapcsol\u00f3d\u00f3 im\u00e1zsfilm h\u00e1tt\u00e9rmunk\u00e1it. Kov\u00e1cs \u00c1kos elmondta, hogy producerk\u00e9nt szervezte az alkot\u00f3i folyamatot, amelyben kiemelte a hangszerel\u00e9s\u00e9rt felel\u0151s Pejtsik P\u00e9ter zeneszerz\u0151, az After Crying egy\u00fcttes egyik alap\u00edt\u00f3 tagj\u00e1nak munk\u00e1j\u00e1t.<\/p>\n<p>A r\u00e9gi-\u00faj himnusz zenei h\u00e1tter\u00e9t az Operah\u00e1z Zenekara \u00e9s K\u00f3rusa adta, a h\u00e1rom sz\u00f3l\u00f3\u00e9nekes pedig a telev\u00edzi\u00f3s tehets\u00e9gkutat\u00f3kb\u00f3l ismert Nagy Bogi, Czinke M\u00e1t\u00e9 \u00e9s D\u00e1nielfy Gerg\u0151, akik az im\u00e1zsfilmben is szerepelnek. H\u00e9t k\u00fcl\u00f6nb\u00f6z\u0151 vari\u00e1ci\u00f3ban vett\u00e9k fel a himnusz\u00e9neket \u2013 van angol \u00e9s magyar nyelv\u0171, illetve csak hangszeres v\u00e1ltozat is. A felv\u00e9telek a Magyar R\u00e1di\u00f3 vil\u00e1gsz\u00ednvonal\u00fa 22-es st\u00fadi\u00f3j\u00e1ban k\u00e9sz\u00fcltek.<\/p>\n<div class=\"brlbs-cmpnt-container brlbs-cmpnt-content-blocker brlbs-cmpnt-with-individual-styles\" data-borlabs-cookie-content-blocker-id=\"youtube-content-blocker\" data-borlabs-cookie-content=\"PGlmcmFtZSB0aXRsZT0iNTIuIE5lbXpldGvDtnppIEV1Y2hhcmlzenRpa3VzIEtvbmdyZXNzenVzIC0gaW3DoXpzZmlsbSIgd2lkdGg9Ijk0MCIgaGVpZ2h0PSI1MjkiIHNyYz0iaHR0cHM6Ly93d3cueW91dHViZS1ub2Nvb2tpZS5jb20vZW1iZWQvaUxsMmlqYnRvNkk\/c3RhcnQ9NyZmZWF0dXJlPW9lbWJlZCIgZnJhbWVib3JkZXI9IjAiIGFsbG93PSJhY2NlbGVyb21ldGVyOyBhdXRvcGxheTsgY2xpcGJvYXJkLXdyaXRlOyBlbmNyeXB0ZWQtbWVkaWE7IGd5cm9zY29wZTsgcGljdHVyZS1pbi1waWN0dXJlIiBhbGxvd2Z1bGxzY3JlZW4+PC9pZnJhbWU+\">\n<div class=\"brlbs-cmpnt-cb-preset-c brlbs-cmpnt-cb-youtube\">\n<div class=\"brlbs-cmpnt-cb-thumbnail\" style=\"background-image: url('https:\/\/stuttgarti-katolikusok.de\/wp-content\/uploads\/borlabs-cookie\/1\/yt_iLl2ijbto6I_hqdefault.jpg')\"><\/div>\n<div class=\"brlbs-cmpnt-cb-main\">\n<div class=\"brlbs-cmpnt-cb-play-button\"><\/div>\n<div class=\"brlbs-cmpnt-cb-content\">\n<p class=\"brlbs-cmpnt-cb-description\">You are currently viewing a placeholder content from <strong>YouTube<\/strong>. To access the actual content, click the button below. Please note that doing so will share data with third-party providers.<\/p>\n<p> <a class=\"brlbs-cmpnt-cb-provider-toggle\" href=\"#\" data-borlabs-cookie-show-provider-information role=\"button\">More Information<\/a> <\/div>\n<div class=\"brlbs-cmpnt-cb-buttons\"> <a class=\"brlbs-cmpnt-cb-btn\" href=\"#\" data-borlabs-cookie-unblock role=\"button\">Unblock content<\/a> <a class=\"brlbs-cmpnt-cb-btn\" href=\"#\" data-borlabs-cookie-accept-service role=\"button\" style=\"display: inherit\">Accept required service and unblock content<\/a> <\/div><\/div><\/div>\n<\/div>\n<p>Kov\u00e1cs \u00c1kos ismertette az im\u00e1zsfilm koncepci\u00f3j\u00e1t is: h\u00e1rom fiatal \u2013 az \u00e9let\u00e9t a hit f\u00e9ny\u00e9ben \u00e9ppen \u00e1tgondolni k\u00e9sz\u00fcl\u0151 \u00e1pol\u00f3n\u0151; a rockzen\u00e9sz, akit kinevettek a nyak\u00e1ban l\u00f3g\u00f3 kereszt miatt; illetve a pap, aki egy elm\u00e9ly\u00fclt gy\u00f3n\u00e1s ut\u00e1n meger\u0151s\u00f6dik hivat\u00e1s\u00e1ban \u2013 a templomban, az olt\u00e1rn\u00e1l tal\u00e1lkoznak, hogy J\u00e9zus el\u0151tt r\u00e1tal\u00e1lhassanak \u00e9let\u00fck kibontakoz\u00e1s\u00e1nak \u00fatj\u00e1ra.<\/p>\n<p>Kov\u00e1cs \u00c1kos az im\u00e1zsfilm tavaly m\u00e1rciusban zajlott forgat\u00e1s\u00e1nak neh\u00e9zs\u00e9geir\u0151l is besz\u00e9lt: a k\u00f3rh\u00e1zi jelenetet \u00e9ppen a karant\u00e9n meghirdet\u00e9se el\u0151tti napon vett\u00e9k fel (ezut\u00e1n bez\u00e1rtak a k\u00f3rh\u00e1zak), s a Szent Istv\u00e1n-bazilik\u00e1ban sem forgathattak volna egy nappal k\u00e9s\u0151bb. Mindez a \u201efels\u0151bb seg\u00edts\u00e9g\u201d jeleik\u00e9nt \u00e9rtelmezhet\u0151, mondta a NEK el\u0151k\u00e9sz\u00fcleteivel kapcsolatban az \u00e9nekes.<\/p>\n<p>A sajt\u00f3bemutat\u00f3 r\u00e9sztvev\u0151i meghallgathatt\u00e1k a NEK himnusz\u00e1t; az \u00fajrahangszerelt m\u0171 \u0151sbemutat\u00f3ja j\u00fanius 14-\u00e9n 12.05 perct\u0151l hangzott el a Magyar Katolikus R\u00e1di\u00f3ban.<\/p>\n<p style=\"text-align: center;\">*<\/p>\n<p>A D50 Kultur\u00e1lis K\u00f6zpontban tartott sajt\u00f3rendezv\u00e9nyen Erd\u0151 P\u00e9ter b\u00edboros \u00e1tadta a NEK n\u00e9pszer\u0171s\u00edt\u00e9s\u00e9vel megb\u00edzott tizenk\u00e9t h\u00edrn\u00f6k oklevel\u00e9t.<\/p>\n<p><a href=\"https:\/\/stuttgarti-katolikusok.de\/wp-content\/uploads\/2021\/08\/12-hirnok.jpg\"><img loading=\"lazy\" decoding=\"async\" class=\"alignnone size-full wp-image-22138\" src=\"https:\/\/stuttgarti-katolikusok.de\/wp-content\/uploads\/2021\/08\/12-hirnok.jpg\" alt=\"\" width=\"850\" height=\"408\" srcset=\"https:\/\/stuttgarti-katolikusok.de\/wp-content\/uploads\/2021\/08\/12-hirnok.jpg 850w, https:\/\/stuttgarti-katolikusok.de\/wp-content\/uploads\/2021\/08\/12-hirnok-300x144.jpg 300w\" sizes=\"auto, (max-width: 850px) 100vw, 850px\" \/><\/a><\/p>\n<p>A Budapesten tartand\u00f3 vil\u00e1gesem\u00e9ny h\u00edrn\u00f6kei: Baricz Gerg\u0151 zen\u00e9sz, B\u00f6jte Csaba ferences szerzetes, Cs\u00f3kay Andr\u00e1s idegseb\u00e9sz, Dolhai Attila sz\u00edn\u00e9sz, Kubik Anna sz\u00edn\u00e9sz, Lackfi J\u00e1nos k\u00f6lt\u0151-m\u0171ford\u00edt\u00f3, Petr\u00e1s M\u00e1ria n\u00e9pdal\u00e9nekes-k\u00e9pz\u0151m\u0171v\u00e9sz (a sajt\u00f3bemutat\u00f3n moldvai cs\u00e1ng\u00f3 n\u00e9pviseletben jelent meg), Pindroch Csaba sz\u00edn\u00e9sz, Sena Dagadu zen\u00e9sz, Szal\u00f3ki \u00c1gnes n\u00e9pzen\u00e9sz,\u00a0 Szikora R\u00f3bert zen\u00e9sz \u00e9s \u00dcrge-Vorsatz Di\u00e1na fizikus.<\/p>\n<p>Zsuffa T\u00fcnde sajt\u00f3f\u0151n\u00f6k a Sikl\u00f3si Beatrix kezdem\u00e9nyez\u00e9se nyom\u00e1n a Duna TV-n elind\u00edtott\u00a0<em>\u0150 \u00e9s \u00e9n<\/em>\u00a0c\u00edm\u0171 m\u0171sorr\u00f3l is besz\u00e9lt; a karant\u00e9nid\u0151szakban megszakadt sorozat r\u00e9szeiben 52 ember vall a hit\u00e9r\u0151l \u00f6t-\u00f6t percben. A sorozat k\u00e9sz\u00edt\u0151i, Hajnal Gergely \u00e9s Andronyi Kolos megszervezt\u00e9k, hogy az 52 tan\u00fas\u00e1gtev\u0151 tal\u00e1lkozzon. A r\u00e9szben a nyilv\u00e1noss\u00e1g el\u0151tt zajl\u00f3 tal\u00e1lkoz\u00f3t a k\u00f6zelj\u00f6v\u0151ben tartj\u00e1k az egyik vallom\u00e1stev\u0151 alf\u00f6ldi tany\u00e1j\u00e1n.<\/p>\n<p>A sajt\u00f3t\u00e1j\u00e9koztat\u00f3 z\u00e1r\u00e1sak\u00e9nt a NEK im\u00e1zsfilmj\u00e9ben is szerepl\u0151 Farkas Attila \u00e9rseki tan\u00e1csos, az Esztergom-Budapesti F\u0151egyh\u00e1zmegye nyugalmazott vasmis\u00e9s papja nyilatkozott egy filmbej\u00e1tsz\u00e1sban a r\u00e9gi-\u00faj himnuszr\u00f3l, illetve arr\u00f3l, hogy els\u0151\u00e1ldoz\u00f3 volt az 1938-as Nemzetk\u00f6zi Eucharisztikus Kongresszus idej\u00e9n. \u201eAkkor el\u0151sz\u00f6r \u00e9reztem meg azt a titkot, hogy a J\u00e9zus Krisztussal val\u00f3 tal\u00e1lkoz\u00e1sunkban val\u00f3sul meg az \u00e9let\u00fcnk beteljesed\u00e9se\u201d \u2013 mondta. \u2013 Az \u00fajrahangszerelt himnusz \u201e\u00f6sszek\u00f6t minket 1938-cal, J\u00e9zus jelenl\u00e9t\u00e9t, a vele val\u00f3 tal\u00e1lkoz\u00e1s \u00e9lm\u00e9ny\u00e9t jelzi. Ezt a himnuszt annak idej\u00e9n gyermekhangon daloltam, ma m\u00e1r megv\u00e9n\u00fclt papk\u00e9nt \u00e9nekelgetem, s hiszem, hogy a jelen l\u00e9v\u0151 J\u00e9zus elvezet az Eucharisztia \u00e1ltal abba az \u00f6r\u00f6kk\u00e9val\u00f3s\u00e1gba, amelyben \u0151 lesz az \u00dar, a kir\u00e1ly \u00e9s a mindenhat\u00f3\u201d \u2013 mondta vallom\u00e1s\u00e1ban a vasmis\u00e9s pap.<\/p>\n<p>Az im\u00e1zsfilmben k\u00f6zrem\u0171k\u00f6dik S\u00e1ra Bernadette J\u00e1szai Mari-d\u00edjas sz\u00edn\u00e9szn\u0151; f\u00e9rje, Cseke P\u00e9ter Kossuth- \u00e9s J\u00e1szai Mari-d\u00edjas sz\u00edn\u00e9sz, rendez\u0151, sz\u00ednh\u00e1zigazgat\u00f3 keze pedig a gondvisel\u0151 Isten jobbj\u00e1t jelen\u00edti meg az egyik kulcsjelenetben.<\/p>\n<p><em>(Forr\u00e1s: Magyar Kur\u00edr, cikk szerz\u0151je: K\u00f6r\u00f6ssy L\u00e1szl\u00f3, fot\u00f3: Ambrus Marcsi)<\/em><\/p>\n","protected":false},"excerpt":{"rendered":"<p>Bemutatt\u00e1k a NEK himnusz\u00e1t, im\u00e1zsfilmj\u00e9t \u00e9s a vil\u00e1grendezv\u00e9ny tizenk\u00e9t h\u00edrn\u00f6k\u00e9t A Budapesten tartand\u00f3 52. Nemzetk\u00f6zi Eucharisztikus Kongresszus (NEK) himnusz\u00e1nak \u00e9s im\u00e1zsfilmj\u00e9nek j\u00fanius 14-i sajt\u00f3bemutat\u00f3j\u00e1n Erd\u0151 P\u00e9ter b\u00edboros, pr\u00edm\u00e1s megb\u00edz\u00f3 oklevelet adott \u00e1t a vil\u00e1gesem\u00e9ny tizenk\u00e9t h\u00edrn\u00f6k\u00e9nek a budapesti D50 Kultur\u00e1lis K\u00f6zpontban. \u00d6rvendetes, hogy 1938-b\u00f3l, az el\u0151z\u0151 budapesti eucharisztikus kongresszus idej\u00e9b\u0151l \u00e1tmentett\u00fck \u0151seink hit\u00e9t, szellemi-lelki \u00f6r\u00f6ks\u00e9g\u00e9t \u00e9s sok-sok t\u00e1rgyi eml\u00e9ket \u2013 mondta a kisfilm bemutat\u00e1sa ut\u00e1n Zsuffa T\u00fcnde, a Nemzetk\u00f6zi Eucharisztikus Kongresszus \u00c1ltal\u00e1nos Titk\u00e1rs\u00e1g\u00e1nak sajt\u00f3f\u0151n\u00f6ke, aki megjegyezte, hogy a \u201emostani sajt\u00f3bemutat\u00f3ra \u00e9ppen 83 \u00e9vvel az el\u0151z\u0151 kongresszus ut\u00e1n \u00e9s 83 nappal a k\u00f6zelg\u0151 vil\u00e1gesem\u00e9ny el\u0151tt ker\u00fcl sor\u201d. Erd\u0151 P\u00e9ter b\u00edboros k\u00f6sz\u00f6nt\u0151j\u00e9ben elmondta: \u201eNem ak\u00e1rmilyen eucharisztikus kongresszusra k\u00e9sz\u00fcl\u00fcnk. Tal\u00e1n m\u00e9g egyszer sem fordult el\u0151 a Nemzetk\u00f6zi Eucharisztikus Kongresszusok t\u00f6rt\u00e9net\u00e9ben, hogy az eg\u00e9sz rendezv\u00e9nyt el kelljen halasztani egy j\u00e1rv\u00e1ny miatt. Nem v\u00e9letlen\u00fcl im\u00e1dkozunk imm\u00e1r \u00f6t\u00f6dik \u00e9ve a kongresszus\u00e9rt. M\u00e1r eleinte is tudtuk, de most m\u00e1r tapasztaljuk, hogy nemcsak a mi el\u0151k\u00e9sz\u00edt\u0151 munk\u00e1nkon, hanem az isteni Gondvisel\u00e9sen is m\u00falik, hogy lesz-e, illetve milyen lesz ez az eg\u00e9sz Egyh\u00e1znak sz\u00f3l\u00f3 \u00fcnnepi esem\u00e9ny. Ami pedig a hagyom\u00e1nyt \u00e9s a zen\u00e9t illeti, aki ott volt 2019-ben Cs\u00edksomly\u00f3n a p\u00e1pai mis\u00e9n, eml\u00e9kezhet arra, hogy sz\u00e1zezer ember \u00e9nekelte az 1938-as eucharisztikus kongresszus himnusz\u00e1t, a\u00a0Gy\u0151zelemr\u0151l \u00e9nekeljen\u00a0kezdet\u0171 n\u00e9p\u00e9neket, s a t\u00f6meg fejb\u0151l tudta annak sz\u00f6veg\u00e9t, az \u00e9nek minden str\u00f3f\u00e1j\u00e1t. Ez pedig azt jelenti, hogy nemcsak a budapesti pl\u00e9b\u00e1ni\u00e1kon, vagy itt-ott az orsz\u00e1gban, hanem ahol magyar \u00e9l, ezt az \u00e9neket ma is ismerik \u00e9s szeretik. Amikor teh\u00e1t a Nemzetk\u00f6zi Eucharisztikus Kongresszusok \u00e1ltal\u00e1nos szab\u00e1lyai szerint meg kellett hat\u00e1rozni, hogy mi lesz a NEK himnusza, akkor a p\u00fcsp\u00f6ki konferencia \u00fagy d\u00f6nt\u00f6tt, hogy a Bangha B\u00e9la SJ \u00e1ltal \u00edrt himnusz sz\u00f6vege maradjon meg (b\u00e1tran \u00e9nekelhet\u0151 Koudela G\u00e9za r\u00e9gi dallam\u00e1val). Ugyanakkor\u00a0\u2013 l\u00e1tva az el\u0151z\u0151 eucharisztikus kongresszusok modern hangszerel\u00e9s\u0171 himnuszait\u00a0\u2013 a p\u00fcsp\u00f6ki test\u00fclet arr\u00f3l is d\u00f6nt\u00f6tt, hogy felk\u00e9ri Kov\u00e1cs \u00c1kos \u00e9nekest, hogy \u00f6lt\u00f6ztesse modern zenei k\u00f6nt\u00f6sbe a&#8230; <\/p>\n<p><a class=\"readmore\" href=\"https:\/\/stuttgarti-katolikusok.de\/index.php\/a-nek-himnusza-imazsfilmje-es-a-12-hirnok\/\">R\u00e9szletek<\/a><\/p>\n","protected":false},"author":3,"featured_media":22136,"comment_status":"closed","ping_status":"closed","sticky":false,"template":"","format":"standard","meta":{"footnotes":""},"categories":[5],"tags":[],"class_list":["post-22135","post","type-post","status-publish","format-standard","has-post-thumbnail","hentry","category-hirek"],"yoast_head":"<!-- This site is optimized with the Yoast SEO plugin v27.3 - https:\/\/yoast.com\/product\/yoast-seo-wordpress\/ -->\n<title>A NEK himnusza, im\u00e1zsfilmje \u00e9s a 12 h\u00edrn\u00f6k - Stuttgarti Katolikusok<\/title>\n<meta name=\"robots\" content=\"index, follow, max-snippet:-1, max-image-preview:large, max-video-preview:-1\" \/>\n<link rel=\"canonical\" href=\"https:\/\/stuttgarti-katolikusok.de\/index.php\/a-nek-himnusza-imazsfilmje-es-a-12-hirnok\/\" \/>\n<meta property=\"og:locale\" content=\"hu_HU\" \/>\n<meta property=\"og:type\" content=\"article\" \/>\n<meta property=\"og:title\" content=\"A NEK himnusza, im\u00e1zsfilmje \u00e9s a 12 h\u00edrn\u00f6k - Stuttgarti Katolikusok\" \/>\n<meta property=\"og:description\" content=\"Bemutatt\u00e1k a NEK himnusz\u00e1t, im\u00e1zsfilmj\u00e9t \u00e9s a vil\u00e1grendezv\u00e9ny tizenk\u00e9t h\u00edrn\u00f6k\u00e9t A Budapesten tartand\u00f3 52. Nemzetk\u00f6zi Eucharisztikus Kongresszus (NEK) himnusz\u00e1nak \u00e9s im\u00e1zsfilmj\u00e9nek j\u00fanius 14-i sajt\u00f3bemutat\u00f3j\u00e1n Erd\u0151 P\u00e9ter b\u00edboros, pr\u00edm\u00e1s megb\u00edz\u00f3 oklevelet adott \u00e1t a vil\u00e1gesem\u00e9ny tizenk\u00e9t h\u00edrn\u00f6k\u00e9nek a budapesti D50 Kultur\u00e1lis K\u00f6zpontban. \u00d6rvendetes, hogy 1938-b\u00f3l, az el\u0151z\u0151 budapesti eucharisztikus kongresszus idej\u00e9b\u0151l \u00e1tmentett\u00fck \u0151seink hit\u00e9t, szellemi-lelki \u00f6r\u00f6ks\u00e9g\u00e9t \u00e9s sok-sok t\u00e1rgyi eml\u00e9ket \u2013 mondta a kisfilm bemutat\u00e1sa ut\u00e1n Zsuffa T\u00fcnde, a Nemzetk\u00f6zi Eucharisztikus Kongresszus \u00c1ltal\u00e1nos Titk\u00e1rs\u00e1g\u00e1nak sajt\u00f3f\u0151n\u00f6ke, aki megjegyezte, hogy a \u201emostani sajt\u00f3bemutat\u00f3ra \u00e9ppen 83 \u00e9vvel az el\u0151z\u0151 kongresszus ut\u00e1n \u00e9s 83 nappal a k\u00f6zelg\u0151 vil\u00e1gesem\u00e9ny el\u0151tt ker\u00fcl sor\u201d. Erd\u0151 P\u00e9ter b\u00edboros k\u00f6sz\u00f6nt\u0151j\u00e9ben elmondta: \u201eNem ak\u00e1rmilyen eucharisztikus kongresszusra k\u00e9sz\u00fcl\u00fcnk. Tal\u00e1n m\u00e9g egyszer sem fordult el\u0151 a Nemzetk\u00f6zi Eucharisztikus Kongresszusok t\u00f6rt\u00e9net\u00e9ben, hogy az eg\u00e9sz rendezv\u00e9nyt el kelljen halasztani egy j\u00e1rv\u00e1ny miatt. Nem v\u00e9letlen\u00fcl im\u00e1dkozunk imm\u00e1r \u00f6t\u00f6dik \u00e9ve a kongresszus\u00e9rt. M\u00e1r eleinte is tudtuk, de most m\u00e1r tapasztaljuk, hogy nemcsak a mi el\u0151k\u00e9sz\u00edt\u0151 munk\u00e1nkon, hanem az isteni Gondvisel\u00e9sen is m\u00falik, hogy lesz-e, illetve milyen lesz ez az eg\u00e9sz Egyh\u00e1znak sz\u00f3l\u00f3 \u00fcnnepi esem\u00e9ny. Ami pedig a hagyom\u00e1nyt \u00e9s a zen\u00e9t illeti, aki ott volt 2019-ben Cs\u00edksomly\u00f3n a p\u00e1pai mis\u00e9n, eml\u00e9kezhet arra, hogy sz\u00e1zezer ember \u00e9nekelte az 1938-as eucharisztikus kongresszus himnusz\u00e1t, a\u00a0Gy\u0151zelemr\u0151l \u00e9nekeljen\u00a0kezdet\u0171 n\u00e9p\u00e9neket, s a t\u00f6meg fejb\u0151l tudta annak sz\u00f6veg\u00e9t, az \u00e9nek minden str\u00f3f\u00e1j\u00e1t. Ez pedig azt jelenti, hogy nemcsak a budapesti pl\u00e9b\u00e1ni\u00e1kon, vagy itt-ott az orsz\u00e1gban, hanem ahol magyar \u00e9l, ezt az \u00e9neket ma is ismerik \u00e9s szeretik. Amikor teh\u00e1t a Nemzetk\u00f6zi Eucharisztikus Kongresszusok \u00e1ltal\u00e1nos szab\u00e1lyai szerint meg kellett hat\u00e1rozni, hogy mi lesz a NEK himnusza, akkor a p\u00fcsp\u00f6ki konferencia \u00fagy d\u00f6nt\u00f6tt, hogy a Bangha B\u00e9la SJ \u00e1ltal \u00edrt himnusz sz\u00f6vege maradjon meg (b\u00e1tran \u00e9nekelhet\u0151 Koudela G\u00e9za r\u00e9gi dallam\u00e1val). Ugyanakkor\u00a0\u2013 l\u00e1tva az el\u0151z\u0151 eucharisztikus kongresszusok modern hangszerel\u00e9s\u0171 himnuszait\u00a0\u2013 a p\u00fcsp\u00f6ki test\u00fclet arr\u00f3l is d\u00f6nt\u00f6tt, hogy felk\u00e9ri Kov\u00e1cs \u00c1kos \u00e9nekest, hogy \u00f6lt\u00f6ztesse modern zenei k\u00f6nt\u00f6sbe a... R\u00e9szletek\" \/>\n<meta property=\"og:url\" content=\"https:\/\/stuttgarti-katolikusok.de\/index.php\/a-nek-himnusza-imazsfilmje-es-a-12-hirnok\/\" \/>\n<meta property=\"og:site_name\" content=\"Stuttgarti Katolikusok\" \/>\n<meta property=\"article:published_time\" content=\"2021-08-31T18:34:07+00:00\" \/>\n<meta property=\"article:modified_time\" content=\"2021-08-31T19:12:30+00:00\" \/>\n<meta property=\"og:image\" content=\"https:\/\/stuttgarti-katolikusok.de\/wp-content\/uploads\/2021\/08\/nek-hirnokei.jpeg\" \/>\n\t<meta property=\"og:image:width\" content=\"1600\" \/>\n\t<meta property=\"og:image:height\" content=\"999\" \/>\n\t<meta property=\"og:image:type\" content=\"image\/jpeg\" \/>\n<meta name=\"author\" content=\"Tibor atya\" \/>\n<meta name=\"twitter:card\" content=\"summary_large_image\" \/>\n<meta name=\"twitter:label1\" content=\"Szerz\u0151:\" \/>\n\t<meta name=\"twitter:data1\" content=\"Tibor atya\" \/>\n\t<meta name=\"twitter:label2\" content=\"Becs\u00fclt olvas\u00e1si id\u0151\" \/>\n\t<meta name=\"twitter:data2\" content=\"5 perc\" \/>\n<script type=\"application\/ld+json\" class=\"yoast-schema-graph\">{\"@context\":\"https:\\\/\\\/schema.org\",\"@graph\":[{\"@type\":\"Article\",\"@id\":\"https:\\\/\\\/stuttgarti-katolikusok.de\\\/index.php\\\/a-nek-himnusza-imazsfilmje-es-a-12-hirnok\\\/#article\",\"isPartOf\":{\"@id\":\"https:\\\/\\\/stuttgarti-katolikusok.de\\\/index.php\\\/a-nek-himnusza-imazsfilmje-es-a-12-hirnok\\\/\"},\"author\":{\"name\":\"Tibor atya\",\"@id\":\"https:\\\/\\\/stuttgarti-katolikusok.de\\\/#\\\/schema\\\/person\\\/75908d6f8fdc03a57889d27209df7795\"},\"headline\":\"A NEK himnusza, im\u00e1zsfilmje \u00e9s a 12 h\u00edrn\u00f6k\",\"datePublished\":\"2021-08-31T18:34:07+00:00\",\"dateModified\":\"2021-08-31T19:12:30+00:00\",\"mainEntityOfPage\":{\"@id\":\"https:\\\/\\\/stuttgarti-katolikusok.de\\\/index.php\\\/a-nek-himnusza-imazsfilmje-es-a-12-hirnok\\\/\"},\"wordCount\":1429,\"image\":{\"@id\":\"https:\\\/\\\/stuttgarti-katolikusok.de\\\/index.php\\\/a-nek-himnusza-imazsfilmje-es-a-12-hirnok\\\/#primaryimage\"},\"thumbnailUrl\":\"https:\\\/\\\/stuttgarti-katolikusok.de\\\/wp-content\\\/uploads\\\/2021\\\/08\\\/nek-hirnokei.jpeg\",\"articleSection\":[\"H\u00edrek\"],\"inLanguage\":\"hu\"},{\"@type\":\"WebPage\",\"@id\":\"https:\\\/\\\/stuttgarti-katolikusok.de\\\/index.php\\\/a-nek-himnusza-imazsfilmje-es-a-12-hirnok\\\/\",\"url\":\"https:\\\/\\\/stuttgarti-katolikusok.de\\\/index.php\\\/a-nek-himnusza-imazsfilmje-es-a-12-hirnok\\\/\",\"name\":\"A NEK himnusza, im\u00e1zsfilmje \u00e9s a 12 h\u00edrn\u00f6k - Stuttgarti Katolikusok\",\"isPartOf\":{\"@id\":\"https:\\\/\\\/stuttgarti-katolikusok.de\\\/#website\"},\"primaryImageOfPage\":{\"@id\":\"https:\\\/\\\/stuttgarti-katolikusok.de\\\/index.php\\\/a-nek-himnusza-imazsfilmje-es-a-12-hirnok\\\/#primaryimage\"},\"image\":{\"@id\":\"https:\\\/\\\/stuttgarti-katolikusok.de\\\/index.php\\\/a-nek-himnusza-imazsfilmje-es-a-12-hirnok\\\/#primaryimage\"},\"thumbnailUrl\":\"https:\\\/\\\/stuttgarti-katolikusok.de\\\/wp-content\\\/uploads\\\/2021\\\/08\\\/nek-hirnokei.jpeg\",\"datePublished\":\"2021-08-31T18:34:07+00:00\",\"dateModified\":\"2021-08-31T19:12:30+00:00\",\"author\":{\"@id\":\"https:\\\/\\\/stuttgarti-katolikusok.de\\\/#\\\/schema\\\/person\\\/75908d6f8fdc03a57889d27209df7795\"},\"breadcrumb\":{\"@id\":\"https:\\\/\\\/stuttgarti-katolikusok.de\\\/index.php\\\/a-nek-himnusza-imazsfilmje-es-a-12-hirnok\\\/#breadcrumb\"},\"inLanguage\":\"hu\",\"potentialAction\":[{\"@type\":\"ReadAction\",\"target\":[\"https:\\\/\\\/stuttgarti-katolikusok.de\\\/index.php\\\/a-nek-himnusza-imazsfilmje-es-a-12-hirnok\\\/\"]}]},{\"@type\":\"ImageObject\",\"inLanguage\":\"hu\",\"@id\":\"https:\\\/\\\/stuttgarti-katolikusok.de\\\/index.php\\\/a-nek-himnusza-imazsfilmje-es-a-12-hirnok\\\/#primaryimage\",\"url\":\"https:\\\/\\\/stuttgarti-katolikusok.de\\\/wp-content\\\/uploads\\\/2021\\\/08\\\/nek-hirnokei.jpeg\",\"contentUrl\":\"https:\\\/\\\/stuttgarti-katolikusok.de\\\/wp-content\\\/uploads\\\/2021\\\/08\\\/nek-hirnokei.jpeg\",\"width\":1600,\"height\":999},{\"@type\":\"BreadcrumbList\",\"@id\":\"https:\\\/\\\/stuttgarti-katolikusok.de\\\/index.php\\\/a-nek-himnusza-imazsfilmje-es-a-12-hirnok\\\/#breadcrumb\",\"itemListElement\":[{\"@type\":\"ListItem\",\"position\":1,\"name\":\"Kezd\u0151lap\",\"item\":\"https:\\\/\\\/stuttgarti-katolikusok.de\\\/\"},{\"@type\":\"ListItem\",\"position\":2,\"name\":\"A NEK himnusza, im\u00e1zsfilmje \u00e9s a 12 h\u00edrn\u00f6k\"}]},{\"@type\":\"WebSite\",\"@id\":\"https:\\\/\\\/stuttgarti-katolikusok.de\\\/#website\",\"url\":\"https:\\\/\\\/stuttgarti-katolikusok.de\\\/\",\"name\":\"Stuttgarti Katolikusok\",\"description\":\"\",\"potentialAction\":[{\"@type\":\"SearchAction\",\"target\":{\"@type\":\"EntryPoint\",\"urlTemplate\":\"https:\\\/\\\/stuttgarti-katolikusok.de\\\/?s={search_term_string}\"},\"query-input\":{\"@type\":\"PropertyValueSpecification\",\"valueRequired\":true,\"valueName\":\"search_term_string\"}}],\"inLanguage\":\"hu\"},{\"@type\":\"Person\",\"@id\":\"https:\\\/\\\/stuttgarti-katolikusok.de\\\/#\\\/schema\\\/person\\\/75908d6f8fdc03a57889d27209df7795\",\"name\":\"Tibor atya\",\"image\":{\"@type\":\"ImageObject\",\"inLanguage\":\"hu\",\"@id\":\"https:\\\/\\\/secure.gravatar.com\\\/avatar\\\/61d268e57d1f4525b111222e29d2d5a7f8c420fdbf231ba5566a8ceac74fa960?s=96&d=mm&r=g\",\"url\":\"https:\\\/\\\/secure.gravatar.com\\\/avatar\\\/61d268e57d1f4525b111222e29d2d5a7f8c420fdbf231ba5566a8ceac74fa960?s=96&d=mm&r=g\",\"contentUrl\":\"https:\\\/\\\/secure.gravatar.com\\\/avatar\\\/61d268e57d1f4525b111222e29d2d5a7f8c420fdbf231ba5566a8ceac74fa960?s=96&d=mm&r=g\",\"caption\":\"Tibor atya\"},\"url\":\"https:\\\/\\\/stuttgarti-katolikusok.de\\\/index.php\\\/author\\\/tibor-atya\\\/\"}]}<\/script>\n<!-- \/ Yoast SEO plugin. -->","yoast_head_json":{"title":"A NEK himnusza, im\u00e1zsfilmje \u00e9s a 12 h\u00edrn\u00f6k - Stuttgarti Katolikusok","robots":{"index":"index","follow":"follow","max-snippet":"max-snippet:-1","max-image-preview":"max-image-preview:large","max-video-preview":"max-video-preview:-1"},"canonical":"https:\/\/stuttgarti-katolikusok.de\/index.php\/a-nek-himnusza-imazsfilmje-es-a-12-hirnok\/","og_locale":"hu_HU","og_type":"article","og_title":"A NEK himnusza, im\u00e1zsfilmje \u00e9s a 12 h\u00edrn\u00f6k - Stuttgarti Katolikusok","og_description":"Bemutatt\u00e1k a NEK himnusz\u00e1t, im\u00e1zsfilmj\u00e9t \u00e9s a vil\u00e1grendezv\u00e9ny tizenk\u00e9t h\u00edrn\u00f6k\u00e9t A Budapesten tartand\u00f3 52. Nemzetk\u00f6zi Eucharisztikus Kongresszus (NEK) himnusz\u00e1nak \u00e9s im\u00e1zsfilmj\u00e9nek j\u00fanius 14-i sajt\u00f3bemutat\u00f3j\u00e1n Erd\u0151 P\u00e9ter b\u00edboros, pr\u00edm\u00e1s megb\u00edz\u00f3 oklevelet adott \u00e1t a vil\u00e1gesem\u00e9ny tizenk\u00e9t h\u00edrn\u00f6k\u00e9nek a budapesti D50 Kultur\u00e1lis K\u00f6zpontban. \u00d6rvendetes, hogy 1938-b\u00f3l, az el\u0151z\u0151 budapesti eucharisztikus kongresszus idej\u00e9b\u0151l \u00e1tmentett\u00fck \u0151seink hit\u00e9t, szellemi-lelki \u00f6r\u00f6ks\u00e9g\u00e9t \u00e9s sok-sok t\u00e1rgyi eml\u00e9ket \u2013 mondta a kisfilm bemutat\u00e1sa ut\u00e1n Zsuffa T\u00fcnde, a Nemzetk\u00f6zi Eucharisztikus Kongresszus \u00c1ltal\u00e1nos Titk\u00e1rs\u00e1g\u00e1nak sajt\u00f3f\u0151n\u00f6ke, aki megjegyezte, hogy a \u201emostani sajt\u00f3bemutat\u00f3ra \u00e9ppen 83 \u00e9vvel az el\u0151z\u0151 kongresszus ut\u00e1n \u00e9s 83 nappal a k\u00f6zelg\u0151 vil\u00e1gesem\u00e9ny el\u0151tt ker\u00fcl sor\u201d. Erd\u0151 P\u00e9ter b\u00edboros k\u00f6sz\u00f6nt\u0151j\u00e9ben elmondta: \u201eNem ak\u00e1rmilyen eucharisztikus kongresszusra k\u00e9sz\u00fcl\u00fcnk. Tal\u00e1n m\u00e9g egyszer sem fordult el\u0151 a Nemzetk\u00f6zi Eucharisztikus Kongresszusok t\u00f6rt\u00e9net\u00e9ben, hogy az eg\u00e9sz rendezv\u00e9nyt el kelljen halasztani egy j\u00e1rv\u00e1ny miatt. Nem v\u00e9letlen\u00fcl im\u00e1dkozunk imm\u00e1r \u00f6t\u00f6dik \u00e9ve a kongresszus\u00e9rt. M\u00e1r eleinte is tudtuk, de most m\u00e1r tapasztaljuk, hogy nemcsak a mi el\u0151k\u00e9sz\u00edt\u0151 munk\u00e1nkon, hanem az isteni Gondvisel\u00e9sen is m\u00falik, hogy lesz-e, illetve milyen lesz ez az eg\u00e9sz Egyh\u00e1znak sz\u00f3l\u00f3 \u00fcnnepi esem\u00e9ny. Ami pedig a hagyom\u00e1nyt \u00e9s a zen\u00e9t illeti, aki ott volt 2019-ben Cs\u00edksomly\u00f3n a p\u00e1pai mis\u00e9n, eml\u00e9kezhet arra, hogy sz\u00e1zezer ember \u00e9nekelte az 1938-as eucharisztikus kongresszus himnusz\u00e1t, a\u00a0Gy\u0151zelemr\u0151l \u00e9nekeljen\u00a0kezdet\u0171 n\u00e9p\u00e9neket, s a t\u00f6meg fejb\u0151l tudta annak sz\u00f6veg\u00e9t, az \u00e9nek minden str\u00f3f\u00e1j\u00e1t. Ez pedig azt jelenti, hogy nemcsak a budapesti pl\u00e9b\u00e1ni\u00e1kon, vagy itt-ott az orsz\u00e1gban, hanem ahol magyar \u00e9l, ezt az \u00e9neket ma is ismerik \u00e9s szeretik. Amikor teh\u00e1t a Nemzetk\u00f6zi Eucharisztikus Kongresszusok \u00e1ltal\u00e1nos szab\u00e1lyai szerint meg kellett hat\u00e1rozni, hogy mi lesz a NEK himnusza, akkor a p\u00fcsp\u00f6ki konferencia \u00fagy d\u00f6nt\u00f6tt, hogy a Bangha B\u00e9la SJ \u00e1ltal \u00edrt himnusz sz\u00f6vege maradjon meg (b\u00e1tran \u00e9nekelhet\u0151 Koudela G\u00e9za r\u00e9gi dallam\u00e1val). Ugyanakkor\u00a0\u2013 l\u00e1tva az el\u0151z\u0151 eucharisztikus kongresszusok modern hangszerel\u00e9s\u0171 himnuszait\u00a0\u2013 a p\u00fcsp\u00f6ki test\u00fclet arr\u00f3l is d\u00f6nt\u00f6tt, hogy felk\u00e9ri Kov\u00e1cs \u00c1kos \u00e9nekest, hogy \u00f6lt\u00f6ztesse modern zenei k\u00f6nt\u00f6sbe a... R\u00e9szletek","og_url":"https:\/\/stuttgarti-katolikusok.de\/index.php\/a-nek-himnusza-imazsfilmje-es-a-12-hirnok\/","og_site_name":"Stuttgarti Katolikusok","article_published_time":"2021-08-31T18:34:07+00:00","article_modified_time":"2021-08-31T19:12:30+00:00","og_image":[{"width":1600,"height":999,"url":"https:\/\/stuttgarti-katolikusok.de\/wp-content\/uploads\/2021\/08\/nek-hirnokei.jpeg","type":"image\/jpeg"}],"author":"Tibor atya","twitter_card":"summary_large_image","twitter_misc":{"Szerz\u0151:":"Tibor atya","Becs\u00fclt olvas\u00e1si id\u0151":"5 perc"},"schema":{"@context":"https:\/\/schema.org","@graph":[{"@type":"Article","@id":"https:\/\/stuttgarti-katolikusok.de\/index.php\/a-nek-himnusza-imazsfilmje-es-a-12-hirnok\/#article","isPartOf":{"@id":"https:\/\/stuttgarti-katolikusok.de\/index.php\/a-nek-himnusza-imazsfilmje-es-a-12-hirnok\/"},"author":{"name":"Tibor atya","@id":"https:\/\/stuttgarti-katolikusok.de\/#\/schema\/person\/75908d6f8fdc03a57889d27209df7795"},"headline":"A NEK himnusza, im\u00e1zsfilmje \u00e9s a 12 h\u00edrn\u00f6k","datePublished":"2021-08-31T18:34:07+00:00","dateModified":"2021-08-31T19:12:30+00:00","mainEntityOfPage":{"@id":"https:\/\/stuttgarti-katolikusok.de\/index.php\/a-nek-himnusza-imazsfilmje-es-a-12-hirnok\/"},"wordCount":1429,"image":{"@id":"https:\/\/stuttgarti-katolikusok.de\/index.php\/a-nek-himnusza-imazsfilmje-es-a-12-hirnok\/#primaryimage"},"thumbnailUrl":"https:\/\/stuttgarti-katolikusok.de\/wp-content\/uploads\/2021\/08\/nek-hirnokei.jpeg","articleSection":["H\u00edrek"],"inLanguage":"hu"},{"@type":"WebPage","@id":"https:\/\/stuttgarti-katolikusok.de\/index.php\/a-nek-himnusza-imazsfilmje-es-a-12-hirnok\/","url":"https:\/\/stuttgarti-katolikusok.de\/index.php\/a-nek-himnusza-imazsfilmje-es-a-12-hirnok\/","name":"A NEK himnusza, im\u00e1zsfilmje \u00e9s a 12 h\u00edrn\u00f6k - Stuttgarti Katolikusok","isPartOf":{"@id":"https:\/\/stuttgarti-katolikusok.de\/#website"},"primaryImageOfPage":{"@id":"https:\/\/stuttgarti-katolikusok.de\/index.php\/a-nek-himnusza-imazsfilmje-es-a-12-hirnok\/#primaryimage"},"image":{"@id":"https:\/\/stuttgarti-katolikusok.de\/index.php\/a-nek-himnusza-imazsfilmje-es-a-12-hirnok\/#primaryimage"},"thumbnailUrl":"https:\/\/stuttgarti-katolikusok.de\/wp-content\/uploads\/2021\/08\/nek-hirnokei.jpeg","datePublished":"2021-08-31T18:34:07+00:00","dateModified":"2021-08-31T19:12:30+00:00","author":{"@id":"https:\/\/stuttgarti-katolikusok.de\/#\/schema\/person\/75908d6f8fdc03a57889d27209df7795"},"breadcrumb":{"@id":"https:\/\/stuttgarti-katolikusok.de\/index.php\/a-nek-himnusza-imazsfilmje-es-a-12-hirnok\/#breadcrumb"},"inLanguage":"hu","potentialAction":[{"@type":"ReadAction","target":["https:\/\/stuttgarti-katolikusok.de\/index.php\/a-nek-himnusza-imazsfilmje-es-a-12-hirnok\/"]}]},{"@type":"ImageObject","inLanguage":"hu","@id":"https:\/\/stuttgarti-katolikusok.de\/index.php\/a-nek-himnusza-imazsfilmje-es-a-12-hirnok\/#primaryimage","url":"https:\/\/stuttgarti-katolikusok.de\/wp-content\/uploads\/2021\/08\/nek-hirnokei.jpeg","contentUrl":"https:\/\/stuttgarti-katolikusok.de\/wp-content\/uploads\/2021\/08\/nek-hirnokei.jpeg","width":1600,"height":999},{"@type":"BreadcrumbList","@id":"https:\/\/stuttgarti-katolikusok.de\/index.php\/a-nek-himnusza-imazsfilmje-es-a-12-hirnok\/#breadcrumb","itemListElement":[{"@type":"ListItem","position":1,"name":"Kezd\u0151lap","item":"https:\/\/stuttgarti-katolikusok.de\/"},{"@type":"ListItem","position":2,"name":"A NEK himnusza, im\u00e1zsfilmje \u00e9s a 12 h\u00edrn\u00f6k"}]},{"@type":"WebSite","@id":"https:\/\/stuttgarti-katolikusok.de\/#website","url":"https:\/\/stuttgarti-katolikusok.de\/","name":"Stuttgarti Katolikusok","description":"","potentialAction":[{"@type":"SearchAction","target":{"@type":"EntryPoint","urlTemplate":"https:\/\/stuttgarti-katolikusok.de\/?s={search_term_string}"},"query-input":{"@type":"PropertyValueSpecification","valueRequired":true,"valueName":"search_term_string"}}],"inLanguage":"hu"},{"@type":"Person","@id":"https:\/\/stuttgarti-katolikusok.de\/#\/schema\/person\/75908d6f8fdc03a57889d27209df7795","name":"Tibor atya","image":{"@type":"ImageObject","inLanguage":"hu","@id":"https:\/\/secure.gravatar.com\/avatar\/61d268e57d1f4525b111222e29d2d5a7f8c420fdbf231ba5566a8ceac74fa960?s=96&d=mm&r=g","url":"https:\/\/secure.gravatar.com\/avatar\/61d268e57d1f4525b111222e29d2d5a7f8c420fdbf231ba5566a8ceac74fa960?s=96&d=mm&r=g","contentUrl":"https:\/\/secure.gravatar.com\/avatar\/61d268e57d1f4525b111222e29d2d5a7f8c420fdbf231ba5566a8ceac74fa960?s=96&d=mm&r=g","caption":"Tibor atya"},"url":"https:\/\/stuttgarti-katolikusok.de\/index.php\/author\/tibor-atya\/"}]}},"_links":{"self":[{"href":"https:\/\/stuttgarti-katolikusok.de\/index.php\/wp-json\/wp\/v2\/posts\/22135","targetHints":{"allow":["GET"]}}],"collection":[{"href":"https:\/\/stuttgarti-katolikusok.de\/index.php\/wp-json\/wp\/v2\/posts"}],"about":[{"href":"https:\/\/stuttgarti-katolikusok.de\/index.php\/wp-json\/wp\/v2\/types\/post"}],"author":[{"embeddable":true,"href":"https:\/\/stuttgarti-katolikusok.de\/index.php\/wp-json\/wp\/v2\/users\/3"}],"replies":[{"embeddable":true,"href":"https:\/\/stuttgarti-katolikusok.de\/index.php\/wp-json\/wp\/v2\/comments?post=22135"}],"version-history":[{"count":5,"href":"https:\/\/stuttgarti-katolikusok.de\/index.php\/wp-json\/wp\/v2\/posts\/22135\/revisions"}],"predecessor-version":[{"id":22143,"href":"https:\/\/stuttgarti-katolikusok.de\/index.php\/wp-json\/wp\/v2\/posts\/22135\/revisions\/22143"}],"wp:featuredmedia":[{"embeddable":true,"href":"https:\/\/stuttgarti-katolikusok.de\/index.php\/wp-json\/wp\/v2\/media\/22136"}],"wp:attachment":[{"href":"https:\/\/stuttgarti-katolikusok.de\/index.php\/wp-json\/wp\/v2\/media?parent=22135"}],"wp:term":[{"taxonomy":"category","embeddable":true,"href":"https:\/\/stuttgarti-katolikusok.de\/index.php\/wp-json\/wp\/v2\/categories?post=22135"},{"taxonomy":"post_tag","embeddable":true,"href":"https:\/\/stuttgarti-katolikusok.de\/index.php\/wp-json\/wp\/v2\/tags?post=22135"}],"curies":[{"name":"wp","href":"https:\/\/api.w.org\/{rel}","templated":true}]}}