{"id":22125,"date":"2021-07-31T05:35:55","date_gmt":"2021-07-31T05:35:55","guid":{"rendered":"https:\/\/stuttgarti-katolikusok.de\/?p=22125"},"modified":"2021-07-31T05:35:55","modified_gmt":"2021-07-31T05:35:55","slug":"zarandoklat-konstanzba","status":"publish","type":"post","link":"https:\/\/stuttgarti-katolikusok.de\/index.php\/zarandoklat-konstanzba\/","title":{"rendered":"Zar\u00e1ndoklat Konstanzba"},"content":{"rendered":"<p>Egyh\u00e1zk\u00f6zs\u00e9g\u00fcnk \u201eGloria Cantus \u201ck\u00f3rusa m\u00falt szombaton a Boden-t\u00f3 partj\u00e1n \u00e9p\u00fclt Konstanzba zar\u00e1ndokolt.<\/p>\n<p>Miut\u00e1n k\u00e9tszer Brigi\u00e9kn\u00e9l grillezt\u00fcnk \u00e9s nagyon j\u00f3l telt, \u00fagy hat\u00e1roztunk, hogy egy egynapos zar\u00e1ndoklatra indulunk Baden-W\u00fcrttemberg tartom\u00e1ny ter\u00fclet\u00e9n. Vonattal tett\u00fck meg a k\u00e9t\u00f3r\u00e1s utat, \u00edgy nem kellett parkol\u00e1si gondokkal k\u00fczdeni \u00e9s a h\u00e9tv\u00e9g\u00e9re \u00e9rv\u00e9nyes jut\u00e1nyos \u00e1ron utaztunk.<\/p>\n<p>K\u00f3rusvezet\u0151nk, Brigi, szervezte meg az utat, \u00e9rtes\u00edtett benn\u00fcnket a napi programr\u00f3l \u00e9s meglepet\u00e9sk\u00e9nt \u00f6nk\u00e9ntes idegenvezet\u0151nk is volt, Thomas, aki Konstanzban sz\u00fcletett \u00e9s Brigi irodai munkat\u00e1rsa.<\/p>\n<p>A stuttgarti vas\u00fat\u00e1llom\u00e1son tal\u00e1lkozott a h\u00e9ttag\u00fa csapat, amely Konstanzban kilencre b\u0151v\u00fclt, mert Marika \u00e9s Bandi ott csatlakozott hozz\u00e1nk \u00e9s m\u00e1r v\u00e1rtak r\u00e1nk a vas\u00fat\u00e1llom\u00e1son.<\/p>\n<p>\u00datban Konstanz fel\u00e9 \u00fczenetet kaptunk Marik\u00e1t\u00f3l, hogy n\u00e1luk jelenleg esik, d\u00f6r\u00f6g \u00e9s vill\u00e1mlik, ami egy kicsit elkedvetlen\u00edtett benn\u00fcnket, de a J\u00f3istenben b\u00edzva mire oda\u00e9rt\u00fcnk se h\u00edre se hamva nem volt az es\u0151nek, \u00edgy kiss\u00e9 bor\u00fas, de kellemes id\u0151ben kezdt\u00fck meg zar\u00e1ndoklatunkat.<\/p>\n<p>A v\u00e1ros b\u00e1tor lakosainak k\u00f6sz\u00f6nhet\u0151en maradtak meg \u00e9pen a m\u00e1sodik vil\u00e1gh\u00e1bor\u00fa idej\u00e9n az \u00f3v\u00e1ros, a k\u00f6z\u00e9pkori gy\u00f6ny\u00f6r\u0171 templomok, m\u0171eml\u00e9kek \u00e9s \u00e9p\u00fcletek, mivel \u00e9jnek idej\u00e9n minden f\u00e9nyt felkapcsolva hagytak, \u00edgy a pil\u00f3t\u00e1k nem bomb\u00e1zt\u00e1k le, mert azt hitt\u00e9k, hogy Sv\u00e1jc felett j\u00e1rnak.<\/p>\n<p>Els\u0151 utunk a Szenth\u00e1roms\u00e1g (Dreifaltigkeitskirche) templomba vezetett, amelyet a 13. sz\u00e1zadban \u00e9p\u00edtettek. Itt foh\u00e1szkodtunk a J\u00f3istenhez csal\u00e1dunk\u00e9rt, egyh\u00e1zk\u00f6zs\u00e9g\u00fcnk\u00e9rt \u00e9s megcsod\u00e1ltuk a gy\u00f6ny\u00f6r\u0171 k\u00e9sei-g\u00f3tikus fresk\u00f3kat, valamint a barokk m\u0171alkot\u00e1sokat.<\/p>\n<p>Az \u00f3v\u00e1rosban megl\u00e1togattuk a 11. sz\u00e1zadi M\u00fcnstert, (M\u00fcnster unserer lieben Frau) sz\u00e9kesegyh\u00e1zat, a v\u00e1ros legnagyobb templom\u00e1t, amelyet m\u00e1r a 600-as \u00e9vekben megeml\u00edtenek a t\u00f6rt\u00e9n\u00e9szek. Megcsod\u00e1ltuk a 16. sz\u00e1zadban renesz\u00e1nsz st\u00edlusban \u00e9p\u00fclt v\u00e1rosh\u00e1za gy\u00f6ny\u00f6r\u0171 falfestm\u00e9nyeit.<\/p>\n<p>Thomast\u00f3l megtudtuk, hogy 1414-1418 k\u00f6z\u00f6tt itt \u00fcl\u00e9sezett a Konstanzi Zsinat. Az \u00fcl\u00e9s eredm\u00e9nye volt, hogy felsz\u00e1molt\u00e1k az egyh\u00e1zszakad\u00e1st.<\/p>\n<p>A 69 km hossz\u00fa Boden-t\u00f3 K\u00f6z\u00e9p-Eur\u00f3pa harmadik legnagyobb tava, a Balaton \u00e9s a Genfi-t\u00f3 ut\u00e1n. N\u00e9metorsz\u00e1g, Ausztria \u00e9s Sv\u00e1jc hat\u00e1rolja. A t\u00f3 partj\u00e1n, egy vend\u00e9gl\u0151 szabadt\u00e9ri r\u00e9sz\u00e9ben eb\u00e9delt\u00fcnk, \u00f6r\u00fclt\u00fcnk egym\u00e1s t\u00e1rsas\u00e1g\u00e1nak \u00e9s h\u00e1l\u00e1t adtunk a J\u00f3istennek, hogy a hossz\u00fa bez\u00e1rts\u00e1g ut\u00e1n \u00fajb\u00f3l egy\u00fctt lehet\u00fcnk.<\/p>\n<p>A finom eb\u00e9d ut\u00e1n egy r\u00f6vid haj\u00f3kir\u00e1ndul\u00e1sra is jutott m\u00e9g id\u0151. Am\u00edg mi f\u00e9nyk\u00e9pez\u00e9ssel voltunk elfoglalva, Thomas \u00f6nk\u00e9ntes idegenvezet\u0151nk megv\u00e1s\u00e1rolta a haj\u00f3jegyeket.<\/p>\n<p>Zar\u00e1ndoklatunkat k\u00e1v\u00e9z\u00e1ssal fejezt\u00fck be egy vend\u00e9gl\u0151 terasz\u00e1n a Boden-t\u00f3 partj\u00e1n.<\/p>\n<p>Id\u0151k\u00f6zben r\u00f6viddel visszautaz\u00e1sunk el\u0151tt beborult az \u00e9g, \u00edgy a v\u00e1rosi buszj\u00e1rattal igyekezt\u00fcnk el\u00e9rni a vas\u00fat\u00e1llom\u00e1st, ami siker\u00fclt is, az \u00e9g csatorn\u00e1i beindultak, mi pedig \u00f6r\u00fclt\u00fcnk, hogy a vonatb\u00f3l n\u00e9zhetj\u00fck a lez\u00fadul\u00f3 es\u0151t.<\/p>\n<p>K\u00f6sz\u00f6net Briginek, aki megszervezte ezt a zar\u00e1ndoklatot, Thomasnak, aki \u00f6nk\u00e9ntes idegenvezet\u0151k\u00e9nt bemutatta nek\u00fcnk a v\u00e1rost \u00e9s minden r\u00e9sztvev\u0151nek, akik j\u00f3kedv\u00fckkel emelt\u00e9k az \u00fat hangulat\u00e1t.<\/p>\n<p><em>D\u00e1vid Melinda<\/em><\/p>\n<ol start=\"2021\">\n<li>j\u00falius 30.<\/li>\n<\/ol>\n","protected":false},"excerpt":{"rendered":"<p>Egyh\u00e1zk\u00f6zs\u00e9g\u00fcnk \u201eGloria Cantus \u201ck\u00f3rusa m\u00falt szombaton a Boden-t\u00f3 partj\u00e1n \u00e9p\u00fclt Konstanzba zar\u00e1ndokolt. Miut\u00e1n k\u00e9tszer Brigi\u00e9kn\u00e9l grillezt\u00fcnk \u00e9s nagyon j\u00f3l telt, \u00fagy hat\u00e1roztunk, hogy egy egynapos zar\u00e1ndoklatra indulunk Baden-W\u00fcrttemberg tartom\u00e1ny ter\u00fclet\u00e9n. Vonattal tett\u00fck meg a k\u00e9t\u00f3r\u00e1s utat, \u00edgy nem kellett parkol\u00e1si gondokkal k\u00fczdeni \u00e9s a h\u00e9tv\u00e9g\u00e9re \u00e9rv\u00e9nyes jut\u00e1nyos \u00e1ron utaztunk. K\u00f3rusvezet\u0151nk, Brigi, szervezte meg az utat, \u00e9rtes\u00edtett benn\u00fcnket a napi programr\u00f3l \u00e9s meglepet\u00e9sk\u00e9nt \u00f6nk\u00e9ntes idegenvezet\u0151nk is volt, Thomas, aki Konstanzban sz\u00fcletett \u00e9s Brigi irodai munkat\u00e1rsa. A stuttgarti vas\u00fat\u00e1llom\u00e1son tal\u00e1lkozott a h\u00e9ttag\u00fa csapat, amely Konstanzban kilencre b\u0151v\u00fclt, mert Marika \u00e9s Bandi ott csatlakozott hozz\u00e1nk \u00e9s m\u00e1r v\u00e1rtak r\u00e1nk a vas\u00fat\u00e1llom\u00e1son. \u00datban Konstanz fel\u00e9 \u00fczenetet kaptunk Marik\u00e1t\u00f3l, hogy n\u00e1luk jelenleg esik, d\u00f6r\u00f6g \u00e9s vill\u00e1mlik, ami egy kicsit elkedvetlen\u00edtett benn\u00fcnket, de a J\u00f3istenben b\u00edzva mire oda\u00e9rt\u00fcnk se h\u00edre se hamva nem volt az es\u0151nek, \u00edgy kiss\u00e9 bor\u00fas, de kellemes id\u0151ben kezdt\u00fck meg zar\u00e1ndoklatunkat. A v\u00e1ros b\u00e1tor lakosainak k\u00f6sz\u00f6nhet\u0151en maradtak meg \u00e9pen a m\u00e1sodik vil\u00e1gh\u00e1bor\u00fa idej\u00e9n az \u00f3v\u00e1ros, a k\u00f6z\u00e9pkori gy\u00f6ny\u00f6r\u0171 templomok, m\u0171eml\u00e9kek \u00e9s \u00e9p\u00fcletek, mivel \u00e9jnek idej\u00e9n minden f\u00e9nyt felkapcsolva hagytak, \u00edgy a pil\u00f3t\u00e1k nem bomb\u00e1zt\u00e1k le, mert azt hitt\u00e9k, hogy Sv\u00e1jc felett j\u00e1rnak. Els\u0151 utunk a Szenth\u00e1roms\u00e1g (Dreifaltigkeitskirche) templomba vezetett, amelyet a 13. sz\u00e1zadban \u00e9p\u00edtettek. Itt foh\u00e1szkodtunk a J\u00f3istenhez csal\u00e1dunk\u00e9rt, egyh\u00e1zk\u00f6zs\u00e9g\u00fcnk\u00e9rt \u00e9s megcsod\u00e1ltuk a gy\u00f6ny\u00f6r\u0171 k\u00e9sei-g\u00f3tikus fresk\u00f3kat, valamint a barokk m\u0171alkot\u00e1sokat. Az \u00f3v\u00e1rosban megl\u00e1togattuk a 11. sz\u00e1zadi M\u00fcnstert, (M\u00fcnster unserer lieben Frau) sz\u00e9kesegyh\u00e1zat, a v\u00e1ros legnagyobb templom\u00e1t, amelyet m\u00e1r a 600-as \u00e9vekben megeml\u00edtenek a t\u00f6rt\u00e9n\u00e9szek. Megcsod\u00e1ltuk a 16. sz\u00e1zadban renesz\u00e1nsz st\u00edlusban \u00e9p\u00fclt v\u00e1rosh\u00e1za gy\u00f6ny\u00f6r\u0171 falfestm\u00e9nyeit. Thomast\u00f3l megtudtuk, hogy 1414-1418 k\u00f6z\u00f6tt itt \u00fcl\u00e9sezett a Konstanzi Zsinat. Az \u00fcl\u00e9s eredm\u00e9nye volt, hogy felsz\u00e1molt\u00e1k az egyh\u00e1zszakad\u00e1st. A 69 km hossz\u00fa Boden-t\u00f3 K\u00f6z\u00e9p-Eur\u00f3pa harmadik legnagyobb tava, a Balaton \u00e9s a Genfi-t\u00f3 ut\u00e1n. N\u00e9metorsz\u00e1g, Ausztria \u00e9s Sv\u00e1jc hat\u00e1rolja. A t\u00f3 partj\u00e1n, egy vend\u00e9gl\u0151 szabadt\u00e9ri r\u00e9sz\u00e9ben eb\u00e9delt\u00fcnk, \u00f6r\u00fclt\u00fcnk egym\u00e1s t\u00e1rsas\u00e1g\u00e1nak \u00e9s h\u00e1l\u00e1t adtunk a J\u00f3istennek, hogy a hossz\u00fa bez\u00e1rts\u00e1g&#8230; <\/p>\n<p><a class=\"readmore\" href=\"https:\/\/stuttgarti-katolikusok.de\/index.php\/zarandoklat-konstanzba\/\">R\u00e9szletek<\/a><\/p>\n","protected":false},"author":3,"featured_media":22126,"comment_status":"closed","ping_status":"closed","sticky":false,"template":"","format":"standard","meta":{"footnotes":""},"categories":[1],"tags":[],"class_list":["post-22125","post","type-post","status-publish","format-standard","has-post-thumbnail","hentry","category-valogatott"],"yoast_head":"<!-- This site is optimized with the Yoast SEO plugin v27.3 - https:\/\/yoast.com\/product\/yoast-seo-wordpress\/ -->\n<title>Zar\u00e1ndoklat Konstanzba - Stuttgarti Katolikusok<\/title>\n<meta name=\"robots\" content=\"index, follow, max-snippet:-1, max-image-preview:large, max-video-preview:-1\" \/>\n<link rel=\"canonical\" href=\"https:\/\/stuttgarti-katolikusok.de\/index.php\/zarandoklat-konstanzba\/\" \/>\n<meta property=\"og:locale\" content=\"hu_HU\" \/>\n<meta property=\"og:type\" content=\"article\" \/>\n<meta property=\"og:title\" content=\"Zar\u00e1ndoklat Konstanzba - Stuttgarti Katolikusok\" \/>\n<meta property=\"og:description\" content=\"Egyh\u00e1zk\u00f6zs\u00e9g\u00fcnk \u201eGloria Cantus \u201ck\u00f3rusa m\u00falt szombaton a Boden-t\u00f3 partj\u00e1n \u00e9p\u00fclt Konstanzba zar\u00e1ndokolt. Miut\u00e1n k\u00e9tszer Brigi\u00e9kn\u00e9l grillezt\u00fcnk \u00e9s nagyon j\u00f3l telt, \u00fagy hat\u00e1roztunk, hogy egy egynapos zar\u00e1ndoklatra indulunk Baden-W\u00fcrttemberg tartom\u00e1ny ter\u00fclet\u00e9n. Vonattal tett\u00fck meg a k\u00e9t\u00f3r\u00e1s utat, \u00edgy nem kellett parkol\u00e1si gondokkal k\u00fczdeni \u00e9s a h\u00e9tv\u00e9g\u00e9re \u00e9rv\u00e9nyes jut\u00e1nyos \u00e1ron utaztunk. K\u00f3rusvezet\u0151nk, Brigi, szervezte meg az utat, \u00e9rtes\u00edtett benn\u00fcnket a napi programr\u00f3l \u00e9s meglepet\u00e9sk\u00e9nt \u00f6nk\u00e9ntes idegenvezet\u0151nk is volt, Thomas, aki Konstanzban sz\u00fcletett \u00e9s Brigi irodai munkat\u00e1rsa. A stuttgarti vas\u00fat\u00e1llom\u00e1son tal\u00e1lkozott a h\u00e9ttag\u00fa csapat, amely Konstanzban kilencre b\u0151v\u00fclt, mert Marika \u00e9s Bandi ott csatlakozott hozz\u00e1nk \u00e9s m\u00e1r v\u00e1rtak r\u00e1nk a vas\u00fat\u00e1llom\u00e1son. \u00datban Konstanz fel\u00e9 \u00fczenetet kaptunk Marik\u00e1t\u00f3l, hogy n\u00e1luk jelenleg esik, d\u00f6r\u00f6g \u00e9s vill\u00e1mlik, ami egy kicsit elkedvetlen\u00edtett benn\u00fcnket, de a J\u00f3istenben b\u00edzva mire oda\u00e9rt\u00fcnk se h\u00edre se hamva nem volt az es\u0151nek, \u00edgy kiss\u00e9 bor\u00fas, de kellemes id\u0151ben kezdt\u00fck meg zar\u00e1ndoklatunkat. A v\u00e1ros b\u00e1tor lakosainak k\u00f6sz\u00f6nhet\u0151en maradtak meg \u00e9pen a m\u00e1sodik vil\u00e1gh\u00e1bor\u00fa idej\u00e9n az \u00f3v\u00e1ros, a k\u00f6z\u00e9pkori gy\u00f6ny\u00f6r\u0171 templomok, m\u0171eml\u00e9kek \u00e9s \u00e9p\u00fcletek, mivel \u00e9jnek idej\u00e9n minden f\u00e9nyt felkapcsolva hagytak, \u00edgy a pil\u00f3t\u00e1k nem bomb\u00e1zt\u00e1k le, mert azt hitt\u00e9k, hogy Sv\u00e1jc felett j\u00e1rnak. Els\u0151 utunk a Szenth\u00e1roms\u00e1g (Dreifaltigkeitskirche) templomba vezetett, amelyet a 13. sz\u00e1zadban \u00e9p\u00edtettek. Itt foh\u00e1szkodtunk a J\u00f3istenhez csal\u00e1dunk\u00e9rt, egyh\u00e1zk\u00f6zs\u00e9g\u00fcnk\u00e9rt \u00e9s megcsod\u00e1ltuk a gy\u00f6ny\u00f6r\u0171 k\u00e9sei-g\u00f3tikus fresk\u00f3kat, valamint a barokk m\u0171alkot\u00e1sokat. Az \u00f3v\u00e1rosban megl\u00e1togattuk a 11. sz\u00e1zadi M\u00fcnstert, (M\u00fcnster unserer lieben Frau) sz\u00e9kesegyh\u00e1zat, a v\u00e1ros legnagyobb templom\u00e1t, amelyet m\u00e1r a 600-as \u00e9vekben megeml\u00edtenek a t\u00f6rt\u00e9n\u00e9szek. Megcsod\u00e1ltuk a 16. sz\u00e1zadban renesz\u00e1nsz st\u00edlusban \u00e9p\u00fclt v\u00e1rosh\u00e1za gy\u00f6ny\u00f6r\u0171 falfestm\u00e9nyeit. Thomast\u00f3l megtudtuk, hogy 1414-1418 k\u00f6z\u00f6tt itt \u00fcl\u00e9sezett a Konstanzi Zsinat. Az \u00fcl\u00e9s eredm\u00e9nye volt, hogy felsz\u00e1molt\u00e1k az egyh\u00e1zszakad\u00e1st. A 69 km hossz\u00fa Boden-t\u00f3 K\u00f6z\u00e9p-Eur\u00f3pa harmadik legnagyobb tava, a Balaton \u00e9s a Genfi-t\u00f3 ut\u00e1n. N\u00e9metorsz\u00e1g, Ausztria \u00e9s Sv\u00e1jc hat\u00e1rolja. A t\u00f3 partj\u00e1n, egy vend\u00e9gl\u0151 szabadt\u00e9ri r\u00e9sz\u00e9ben eb\u00e9delt\u00fcnk, \u00f6r\u00fclt\u00fcnk egym\u00e1s t\u00e1rsas\u00e1g\u00e1nak \u00e9s h\u00e1l\u00e1t adtunk a J\u00f3istennek, hogy a hossz\u00fa bez\u00e1rts\u00e1g... R\u00e9szletek\" \/>\n<meta property=\"og:url\" content=\"https:\/\/stuttgarti-katolikusok.de\/index.php\/zarandoklat-konstanzba\/\" \/>\n<meta property=\"og:site_name\" content=\"Stuttgarti Katolikusok\" \/>\n<meta property=\"article:published_time\" content=\"2021-07-31T05:35:55+00:00\" \/>\n<meta property=\"og:image\" content=\"https:\/\/stuttgarti-katolikusok.de\/wp-content\/uploads\/2021\/07\/konstanz.jpeg\" \/>\n\t<meta property=\"og:image:width\" content=\"1024\" \/>\n\t<meta property=\"og:image:height\" content=\"768\" \/>\n\t<meta property=\"og:image:type\" content=\"image\/jpeg\" \/>\n<meta name=\"author\" content=\"Tibor atya\" \/>\n<meta name=\"twitter:card\" content=\"summary_large_image\" \/>\n<meta name=\"twitter:label1\" content=\"Szerz\u0151:\" \/>\n\t<meta name=\"twitter:data1\" content=\"Tibor atya\" \/>\n\t<meta name=\"twitter:label2\" content=\"Becs\u00fclt olvas\u00e1si id\u0151\" \/>\n\t<meta name=\"twitter:data2\" content=\"2 perc\" \/>\n<script type=\"application\/ld+json\" class=\"yoast-schema-graph\">{\"@context\":\"https:\\\/\\\/schema.org\",\"@graph\":[{\"@type\":\"Article\",\"@id\":\"https:\\\/\\\/stuttgarti-katolikusok.de\\\/index.php\\\/zarandoklat-konstanzba\\\/#article\",\"isPartOf\":{\"@id\":\"https:\\\/\\\/stuttgarti-katolikusok.de\\\/index.php\\\/zarandoklat-konstanzba\\\/\"},\"author\":{\"name\":\"Tibor atya\",\"@id\":\"https:\\\/\\\/stuttgarti-katolikusok.de\\\/#\\\/schema\\\/person\\\/75908d6f8fdc03a57889d27209df7795\"},\"headline\":\"Zar\u00e1ndoklat Konstanzba\",\"datePublished\":\"2021-07-31T05:35:55+00:00\",\"mainEntityOfPage\":{\"@id\":\"https:\\\/\\\/stuttgarti-katolikusok.de\\\/index.php\\\/zarandoklat-konstanzba\\\/\"},\"wordCount\":641,\"image\":{\"@id\":\"https:\\\/\\\/stuttgarti-katolikusok.de\\\/index.php\\\/zarandoklat-konstanzba\\\/#primaryimage\"},\"thumbnailUrl\":\"https:\\\/\\\/stuttgarti-katolikusok.de\\\/wp-content\\\/uploads\\\/2021\\\/07\\\/konstanz.jpeg\",\"articleSection\":[\"V\u00e1logatott \u00edr\u00e1sok\"],\"inLanguage\":\"hu\"},{\"@type\":\"WebPage\",\"@id\":\"https:\\\/\\\/stuttgarti-katolikusok.de\\\/index.php\\\/zarandoklat-konstanzba\\\/\",\"url\":\"https:\\\/\\\/stuttgarti-katolikusok.de\\\/index.php\\\/zarandoklat-konstanzba\\\/\",\"name\":\"Zar\u00e1ndoklat Konstanzba - Stuttgarti Katolikusok\",\"isPartOf\":{\"@id\":\"https:\\\/\\\/stuttgarti-katolikusok.de\\\/#website\"},\"primaryImageOfPage\":{\"@id\":\"https:\\\/\\\/stuttgarti-katolikusok.de\\\/index.php\\\/zarandoklat-konstanzba\\\/#primaryimage\"},\"image\":{\"@id\":\"https:\\\/\\\/stuttgarti-katolikusok.de\\\/index.php\\\/zarandoklat-konstanzba\\\/#primaryimage\"},\"thumbnailUrl\":\"https:\\\/\\\/stuttgarti-katolikusok.de\\\/wp-content\\\/uploads\\\/2021\\\/07\\\/konstanz.jpeg\",\"datePublished\":\"2021-07-31T05:35:55+00:00\",\"author\":{\"@id\":\"https:\\\/\\\/stuttgarti-katolikusok.de\\\/#\\\/schema\\\/person\\\/75908d6f8fdc03a57889d27209df7795\"},\"breadcrumb\":{\"@id\":\"https:\\\/\\\/stuttgarti-katolikusok.de\\\/index.php\\\/zarandoklat-konstanzba\\\/#breadcrumb\"},\"inLanguage\":\"hu\",\"potentialAction\":[{\"@type\":\"ReadAction\",\"target\":[\"https:\\\/\\\/stuttgarti-katolikusok.de\\\/index.php\\\/zarandoklat-konstanzba\\\/\"]}]},{\"@type\":\"ImageObject\",\"inLanguage\":\"hu\",\"@id\":\"https:\\\/\\\/stuttgarti-katolikusok.de\\\/index.php\\\/zarandoklat-konstanzba\\\/#primaryimage\",\"url\":\"https:\\\/\\\/stuttgarti-katolikusok.de\\\/wp-content\\\/uploads\\\/2021\\\/07\\\/konstanz.jpeg\",\"contentUrl\":\"https:\\\/\\\/stuttgarti-katolikusok.de\\\/wp-content\\\/uploads\\\/2021\\\/07\\\/konstanz.jpeg\",\"width\":1024,\"height\":768},{\"@type\":\"BreadcrumbList\",\"@id\":\"https:\\\/\\\/stuttgarti-katolikusok.de\\\/index.php\\\/zarandoklat-konstanzba\\\/#breadcrumb\",\"itemListElement\":[{\"@type\":\"ListItem\",\"position\":1,\"name\":\"Kezd\u0151lap\",\"item\":\"https:\\\/\\\/stuttgarti-katolikusok.de\\\/\"},{\"@type\":\"ListItem\",\"position\":2,\"name\":\"Zar\u00e1ndoklat Konstanzba\"}]},{\"@type\":\"WebSite\",\"@id\":\"https:\\\/\\\/stuttgarti-katolikusok.de\\\/#website\",\"url\":\"https:\\\/\\\/stuttgarti-katolikusok.de\\\/\",\"name\":\"Stuttgarti Katolikusok\",\"description\":\"\",\"potentialAction\":[{\"@type\":\"SearchAction\",\"target\":{\"@type\":\"EntryPoint\",\"urlTemplate\":\"https:\\\/\\\/stuttgarti-katolikusok.de\\\/?s={search_term_string}\"},\"query-input\":{\"@type\":\"PropertyValueSpecification\",\"valueRequired\":true,\"valueName\":\"search_term_string\"}}],\"inLanguage\":\"hu\"},{\"@type\":\"Person\",\"@id\":\"https:\\\/\\\/stuttgarti-katolikusok.de\\\/#\\\/schema\\\/person\\\/75908d6f8fdc03a57889d27209df7795\",\"name\":\"Tibor atya\",\"image\":{\"@type\":\"ImageObject\",\"inLanguage\":\"hu\",\"@id\":\"https:\\\/\\\/secure.gravatar.com\\\/avatar\\\/61d268e57d1f4525b111222e29d2d5a7f8c420fdbf231ba5566a8ceac74fa960?s=96&d=mm&r=g\",\"url\":\"https:\\\/\\\/secure.gravatar.com\\\/avatar\\\/61d268e57d1f4525b111222e29d2d5a7f8c420fdbf231ba5566a8ceac74fa960?s=96&d=mm&r=g\",\"contentUrl\":\"https:\\\/\\\/secure.gravatar.com\\\/avatar\\\/61d268e57d1f4525b111222e29d2d5a7f8c420fdbf231ba5566a8ceac74fa960?s=96&d=mm&r=g\",\"caption\":\"Tibor atya\"},\"url\":\"https:\\\/\\\/stuttgarti-katolikusok.de\\\/index.php\\\/author\\\/tibor-atya\\\/\"}]}<\/script>\n<!-- \/ Yoast SEO plugin. -->","yoast_head_json":{"title":"Zar\u00e1ndoklat Konstanzba - Stuttgarti Katolikusok","robots":{"index":"index","follow":"follow","max-snippet":"max-snippet:-1","max-image-preview":"max-image-preview:large","max-video-preview":"max-video-preview:-1"},"canonical":"https:\/\/stuttgarti-katolikusok.de\/index.php\/zarandoklat-konstanzba\/","og_locale":"hu_HU","og_type":"article","og_title":"Zar\u00e1ndoklat Konstanzba - Stuttgarti Katolikusok","og_description":"Egyh\u00e1zk\u00f6zs\u00e9g\u00fcnk \u201eGloria Cantus \u201ck\u00f3rusa m\u00falt szombaton a Boden-t\u00f3 partj\u00e1n \u00e9p\u00fclt Konstanzba zar\u00e1ndokolt. Miut\u00e1n k\u00e9tszer Brigi\u00e9kn\u00e9l grillezt\u00fcnk \u00e9s nagyon j\u00f3l telt, \u00fagy hat\u00e1roztunk, hogy egy egynapos zar\u00e1ndoklatra indulunk Baden-W\u00fcrttemberg tartom\u00e1ny ter\u00fclet\u00e9n. Vonattal tett\u00fck meg a k\u00e9t\u00f3r\u00e1s utat, \u00edgy nem kellett parkol\u00e1si gondokkal k\u00fczdeni \u00e9s a h\u00e9tv\u00e9g\u00e9re \u00e9rv\u00e9nyes jut\u00e1nyos \u00e1ron utaztunk. K\u00f3rusvezet\u0151nk, Brigi, szervezte meg az utat, \u00e9rtes\u00edtett benn\u00fcnket a napi programr\u00f3l \u00e9s meglepet\u00e9sk\u00e9nt \u00f6nk\u00e9ntes idegenvezet\u0151nk is volt, Thomas, aki Konstanzban sz\u00fcletett \u00e9s Brigi irodai munkat\u00e1rsa. A stuttgarti vas\u00fat\u00e1llom\u00e1son tal\u00e1lkozott a h\u00e9ttag\u00fa csapat, amely Konstanzban kilencre b\u0151v\u00fclt, mert Marika \u00e9s Bandi ott csatlakozott hozz\u00e1nk \u00e9s m\u00e1r v\u00e1rtak r\u00e1nk a vas\u00fat\u00e1llom\u00e1son. \u00datban Konstanz fel\u00e9 \u00fczenetet kaptunk Marik\u00e1t\u00f3l, hogy n\u00e1luk jelenleg esik, d\u00f6r\u00f6g \u00e9s vill\u00e1mlik, ami egy kicsit elkedvetlen\u00edtett benn\u00fcnket, de a J\u00f3istenben b\u00edzva mire oda\u00e9rt\u00fcnk se h\u00edre se hamva nem volt az es\u0151nek, \u00edgy kiss\u00e9 bor\u00fas, de kellemes id\u0151ben kezdt\u00fck meg zar\u00e1ndoklatunkat. A v\u00e1ros b\u00e1tor lakosainak k\u00f6sz\u00f6nhet\u0151en maradtak meg \u00e9pen a m\u00e1sodik vil\u00e1gh\u00e1bor\u00fa idej\u00e9n az \u00f3v\u00e1ros, a k\u00f6z\u00e9pkori gy\u00f6ny\u00f6r\u0171 templomok, m\u0171eml\u00e9kek \u00e9s \u00e9p\u00fcletek, mivel \u00e9jnek idej\u00e9n minden f\u00e9nyt felkapcsolva hagytak, \u00edgy a pil\u00f3t\u00e1k nem bomb\u00e1zt\u00e1k le, mert azt hitt\u00e9k, hogy Sv\u00e1jc felett j\u00e1rnak. Els\u0151 utunk a Szenth\u00e1roms\u00e1g (Dreifaltigkeitskirche) templomba vezetett, amelyet a 13. sz\u00e1zadban \u00e9p\u00edtettek. Itt foh\u00e1szkodtunk a J\u00f3istenhez csal\u00e1dunk\u00e9rt, egyh\u00e1zk\u00f6zs\u00e9g\u00fcnk\u00e9rt \u00e9s megcsod\u00e1ltuk a gy\u00f6ny\u00f6r\u0171 k\u00e9sei-g\u00f3tikus fresk\u00f3kat, valamint a barokk m\u0171alkot\u00e1sokat. Az \u00f3v\u00e1rosban megl\u00e1togattuk a 11. sz\u00e1zadi M\u00fcnstert, (M\u00fcnster unserer lieben Frau) sz\u00e9kesegyh\u00e1zat, a v\u00e1ros legnagyobb templom\u00e1t, amelyet m\u00e1r a 600-as \u00e9vekben megeml\u00edtenek a t\u00f6rt\u00e9n\u00e9szek. Megcsod\u00e1ltuk a 16. sz\u00e1zadban renesz\u00e1nsz st\u00edlusban \u00e9p\u00fclt v\u00e1rosh\u00e1za gy\u00f6ny\u00f6r\u0171 falfestm\u00e9nyeit. Thomast\u00f3l megtudtuk, hogy 1414-1418 k\u00f6z\u00f6tt itt \u00fcl\u00e9sezett a Konstanzi Zsinat. Az \u00fcl\u00e9s eredm\u00e9nye volt, hogy felsz\u00e1molt\u00e1k az egyh\u00e1zszakad\u00e1st. A 69 km hossz\u00fa Boden-t\u00f3 K\u00f6z\u00e9p-Eur\u00f3pa harmadik legnagyobb tava, a Balaton \u00e9s a Genfi-t\u00f3 ut\u00e1n. N\u00e9metorsz\u00e1g, Ausztria \u00e9s Sv\u00e1jc hat\u00e1rolja. A t\u00f3 partj\u00e1n, egy vend\u00e9gl\u0151 szabadt\u00e9ri r\u00e9sz\u00e9ben eb\u00e9delt\u00fcnk, \u00f6r\u00fclt\u00fcnk egym\u00e1s t\u00e1rsas\u00e1g\u00e1nak \u00e9s h\u00e1l\u00e1t adtunk a J\u00f3istennek, hogy a hossz\u00fa bez\u00e1rts\u00e1g... R\u00e9szletek","og_url":"https:\/\/stuttgarti-katolikusok.de\/index.php\/zarandoklat-konstanzba\/","og_site_name":"Stuttgarti Katolikusok","article_published_time":"2021-07-31T05:35:55+00:00","og_image":[{"width":1024,"height":768,"url":"https:\/\/stuttgarti-katolikusok.de\/wp-content\/uploads\/2021\/07\/konstanz.jpeg","type":"image\/jpeg"}],"author":"Tibor atya","twitter_card":"summary_large_image","twitter_misc":{"Szerz\u0151:":"Tibor atya","Becs\u00fclt olvas\u00e1si id\u0151":"2 perc"},"schema":{"@context":"https:\/\/schema.org","@graph":[{"@type":"Article","@id":"https:\/\/stuttgarti-katolikusok.de\/index.php\/zarandoklat-konstanzba\/#article","isPartOf":{"@id":"https:\/\/stuttgarti-katolikusok.de\/index.php\/zarandoklat-konstanzba\/"},"author":{"name":"Tibor atya","@id":"https:\/\/stuttgarti-katolikusok.de\/#\/schema\/person\/75908d6f8fdc03a57889d27209df7795"},"headline":"Zar\u00e1ndoklat Konstanzba","datePublished":"2021-07-31T05:35:55+00:00","mainEntityOfPage":{"@id":"https:\/\/stuttgarti-katolikusok.de\/index.php\/zarandoklat-konstanzba\/"},"wordCount":641,"image":{"@id":"https:\/\/stuttgarti-katolikusok.de\/index.php\/zarandoklat-konstanzba\/#primaryimage"},"thumbnailUrl":"https:\/\/stuttgarti-katolikusok.de\/wp-content\/uploads\/2021\/07\/konstanz.jpeg","articleSection":["V\u00e1logatott \u00edr\u00e1sok"],"inLanguage":"hu"},{"@type":"WebPage","@id":"https:\/\/stuttgarti-katolikusok.de\/index.php\/zarandoklat-konstanzba\/","url":"https:\/\/stuttgarti-katolikusok.de\/index.php\/zarandoklat-konstanzba\/","name":"Zar\u00e1ndoklat Konstanzba - Stuttgarti Katolikusok","isPartOf":{"@id":"https:\/\/stuttgarti-katolikusok.de\/#website"},"primaryImageOfPage":{"@id":"https:\/\/stuttgarti-katolikusok.de\/index.php\/zarandoklat-konstanzba\/#primaryimage"},"image":{"@id":"https:\/\/stuttgarti-katolikusok.de\/index.php\/zarandoklat-konstanzba\/#primaryimage"},"thumbnailUrl":"https:\/\/stuttgarti-katolikusok.de\/wp-content\/uploads\/2021\/07\/konstanz.jpeg","datePublished":"2021-07-31T05:35:55+00:00","author":{"@id":"https:\/\/stuttgarti-katolikusok.de\/#\/schema\/person\/75908d6f8fdc03a57889d27209df7795"},"breadcrumb":{"@id":"https:\/\/stuttgarti-katolikusok.de\/index.php\/zarandoklat-konstanzba\/#breadcrumb"},"inLanguage":"hu","potentialAction":[{"@type":"ReadAction","target":["https:\/\/stuttgarti-katolikusok.de\/index.php\/zarandoklat-konstanzba\/"]}]},{"@type":"ImageObject","inLanguage":"hu","@id":"https:\/\/stuttgarti-katolikusok.de\/index.php\/zarandoklat-konstanzba\/#primaryimage","url":"https:\/\/stuttgarti-katolikusok.de\/wp-content\/uploads\/2021\/07\/konstanz.jpeg","contentUrl":"https:\/\/stuttgarti-katolikusok.de\/wp-content\/uploads\/2021\/07\/konstanz.jpeg","width":1024,"height":768},{"@type":"BreadcrumbList","@id":"https:\/\/stuttgarti-katolikusok.de\/index.php\/zarandoklat-konstanzba\/#breadcrumb","itemListElement":[{"@type":"ListItem","position":1,"name":"Kezd\u0151lap","item":"https:\/\/stuttgarti-katolikusok.de\/"},{"@type":"ListItem","position":2,"name":"Zar\u00e1ndoklat Konstanzba"}]},{"@type":"WebSite","@id":"https:\/\/stuttgarti-katolikusok.de\/#website","url":"https:\/\/stuttgarti-katolikusok.de\/","name":"Stuttgarti Katolikusok","description":"","potentialAction":[{"@type":"SearchAction","target":{"@type":"EntryPoint","urlTemplate":"https:\/\/stuttgarti-katolikusok.de\/?s={search_term_string}"},"query-input":{"@type":"PropertyValueSpecification","valueRequired":true,"valueName":"search_term_string"}}],"inLanguage":"hu"},{"@type":"Person","@id":"https:\/\/stuttgarti-katolikusok.de\/#\/schema\/person\/75908d6f8fdc03a57889d27209df7795","name":"Tibor atya","image":{"@type":"ImageObject","inLanguage":"hu","@id":"https:\/\/secure.gravatar.com\/avatar\/61d268e57d1f4525b111222e29d2d5a7f8c420fdbf231ba5566a8ceac74fa960?s=96&d=mm&r=g","url":"https:\/\/secure.gravatar.com\/avatar\/61d268e57d1f4525b111222e29d2d5a7f8c420fdbf231ba5566a8ceac74fa960?s=96&d=mm&r=g","contentUrl":"https:\/\/secure.gravatar.com\/avatar\/61d268e57d1f4525b111222e29d2d5a7f8c420fdbf231ba5566a8ceac74fa960?s=96&d=mm&r=g","caption":"Tibor atya"},"url":"https:\/\/stuttgarti-katolikusok.de\/index.php\/author\/tibor-atya\/"}]}},"_links":{"self":[{"href":"https:\/\/stuttgarti-katolikusok.de\/index.php\/wp-json\/wp\/v2\/posts\/22125","targetHints":{"allow":["GET"]}}],"collection":[{"href":"https:\/\/stuttgarti-katolikusok.de\/index.php\/wp-json\/wp\/v2\/posts"}],"about":[{"href":"https:\/\/stuttgarti-katolikusok.de\/index.php\/wp-json\/wp\/v2\/types\/post"}],"author":[{"embeddable":true,"href":"https:\/\/stuttgarti-katolikusok.de\/index.php\/wp-json\/wp\/v2\/users\/3"}],"replies":[{"embeddable":true,"href":"https:\/\/stuttgarti-katolikusok.de\/index.php\/wp-json\/wp\/v2\/comments?post=22125"}],"version-history":[{"count":1,"href":"https:\/\/stuttgarti-katolikusok.de\/index.php\/wp-json\/wp\/v2\/posts\/22125\/revisions"}],"predecessor-version":[{"id":22127,"href":"https:\/\/stuttgarti-katolikusok.de\/index.php\/wp-json\/wp\/v2\/posts\/22125\/revisions\/22127"}],"wp:featuredmedia":[{"embeddable":true,"href":"https:\/\/stuttgarti-katolikusok.de\/index.php\/wp-json\/wp\/v2\/media\/22126"}],"wp:attachment":[{"href":"https:\/\/stuttgarti-katolikusok.de\/index.php\/wp-json\/wp\/v2\/media?parent=22125"}],"wp:term":[{"taxonomy":"category","embeddable":true,"href":"https:\/\/stuttgarti-katolikusok.de\/index.php\/wp-json\/wp\/v2\/categories?post=22125"},{"taxonomy":"post_tag","embeddable":true,"href":"https:\/\/stuttgarti-katolikusok.de\/index.php\/wp-json\/wp\/v2\/tags?post=22125"}],"curies":[{"name":"wp","href":"https:\/\/api.w.org\/{rel}","templated":true}]}}