{"id":22043,"date":"2021-06-15T05:53:15","date_gmt":"2021-06-15T05:53:15","guid":{"rendered":"https:\/\/stuttgarti-katolikusok.de\/?p=22043"},"modified":"2021-06-15T05:54:24","modified_gmt":"2021-06-15T05:54:24","slug":"2021-junius-14-es-20-kozott","status":"publish","type":"post","link":"https:\/\/stuttgarti-katolikusok.de\/index.php\/2021-junius-14-es-20-kozott\/","title":{"rendered":"2021 j\u00fanius 14 \u00e9s 20 k\u00f6z\u00f6tt"},"content":{"rendered":"<p><span style=\"color: #ff6600;\"><strong>Programel\u0151zetes<\/strong><\/span><\/p>\n<p><span style=\"color: #ff6600;\"><em>A jelenlegi egyh\u00e1zi rendelkez\u00e9sek \u00e9rtelm\u00e9ben csak a szentmise tarthat\u00f3 meg.<\/em><\/span><\/p>\n<p><span style=\"color: #ff6600;\"><em>Szentmis\u00e9n k\u00f6telez\u0151 a maszk haszn\u00e1lata, kezek fert\u0151tlen\u00edt\u00e9se, jelenl\u00e9ti lista n\u00e9vvel \u00e9s el\u00e9rhet\u0151s\u00e9ggel. A jelenl\u00e9ti list\u00e1val kapcsolatosan mindig az adott hely gyakorlat\u00e1t vessz\u00fck alapul!<\/em><\/span><\/p>\n<p><span style=\"color: #ff6600;\"><em>Jelen helyzetben a szentmis\u00e9ket megtarthatjuk, betartva tov\u00e1bbra is az el\u0151\u00edr\u00e1sokat, amelyek a szentmis\u00e9n r\u00e9sztvev\u0151k l\u00e9tsz\u00e1m\u00e1ra vonatkozik. Ezt mindig a helyi n\u00e9met k\u00f6z\u00f6ss\u00e9g hat\u00e1rozza meg!<\/em><\/span><\/p>\n<p><span style=\"color: #ff6600;\"><em>\u00d6rvendetes tov\u00e1bb\u00e1, hogy imm\u00e1r megengedett az \u00e9nekl\u00e9s (maszkban). R\u00e9g\u00f3ta v\u00e1rtunk erre a j\u00f3h\u00edrre!<\/em><\/span><\/p>\n<p style=\"text-align: center;\"><span style=\"color: #ff6600;\"><strong><em>\u00a0<\/em><\/strong><strong>*<\/strong><\/span><\/p>\n<p><strong><em>J\u00fanius 18-\u00e1n, p\u00e9nteken, <span style=\"color: #ff6600;\">Stuttgarti d\u00e9lut\u00e1n<\/span>. <\/em><\/strong><em>18.00 \u00f3rakor szentmise, <\/em>el\u0151tte <em>r\u00f3zsaf\u00fcz\u00e9rt im\u00e1dkozunk.<\/em><\/p>\n<p style=\"text-align: center;\"><span style=\"color: #ff6600;\"><strong><em>*<\/em><\/strong><\/span><\/p>\n<p><strong><em>J\u00fanius 19-\u00e9n, <\/em><\/strong><em>szombaton<\/em>, <span style=\"color: #ff6600;\"><strong><em>Heidenheimban<\/em><\/strong><\/span><em>, 15.30 \u00f3rakor szentmise.<\/em><\/p>\n<p style=\"text-align: center;\"><span style=\"color: #ff6600;\"><strong><em>\u00a0*<\/em><\/strong><\/span><\/p>\n<p><strong><em>J\u00fanius 20-\u00e1n, <span style=\"color: #ff6600;\">\u00c9vk\u00f6zi 12. vas\u00e1rnap<\/span><\/em><\/strong><em>,<\/em><\/p>\n<p><strong><em>Ludwigsburgban<\/em><\/strong><strong><em>\u00a0\u00a0<\/em><\/strong>9.30 \u00f3rakor <em>b\u00facs\u00fas-szentmise,<\/em> <span style=\"color: #ff6600;\"><strong><em>Szent L\u00e1szl\u00f3 kir\u00e1ly \u00fcnnepe<\/em><\/strong><\/span>,<\/p>\n<p><strong><em>Stuttgartban \u00a0<\/em><\/strong>12.00 \u00f3rakor <em>szentmise,<\/em><\/p>\n<p><strong><em>Eislingenben<\/em><\/strong> 15.00 \u00f3rakor<em> szentmise.<\/em><\/p>\n<p style=\"text-align: center;\"><span style=\"color: #ff6600;\"><strong>*<\/strong><\/span><\/p>\n<p>Minden helyen mindenkit szeretettel v\u00e1r a k\u00f6z\u00f6ss\u00e9g \u00e9s Tibor atya!<\/p>\n<p style=\"text-align: center;\"><span style=\"color: #ff6600;\"><strong>*<\/strong><\/span><\/p>\n<p><a href=\"https:\/\/stuttgarti-katolikusok.de\/wp-content\/uploads\/2021\/06\/holy-rajaram-1808237-1280.jpg\"><img loading=\"lazy\" decoding=\"async\" class=\"alignnone size-full wp-image-22044\" src=\"https:\/\/stuttgarti-katolikusok.de\/wp-content\/uploads\/2021\/06\/holy-rajaram-1808237-1280.jpg\" alt=\"\" width=\"805\" height=\"1280\" srcset=\"https:\/\/stuttgarti-katolikusok.de\/wp-content\/uploads\/2021\/06\/holy-rajaram-1808237-1280.jpg 805w, https:\/\/stuttgarti-katolikusok.de\/wp-content\/uploads\/2021\/06\/holy-rajaram-1808237-1280-189x300.jpg 189w, https:\/\/stuttgarti-katolikusok.de\/wp-content\/uploads\/2021\/06\/holy-rajaram-1808237-1280-644x1024.jpg 644w\" sizes=\"auto, (max-width: 805px) 100vw, 805px\" \/><\/a><\/p>\n<p style=\"text-align: center;\"><span style=\"color: #ff6600;\"><strong><em>*<\/em><\/strong><\/span><\/p>\n<p style=\"text-align: center;\"><span style=\"color: #ff6600;\"><strong><em>Kegyelemteljes napokat, tartalmas besz\u00e9lget\u00e9seket \u00e9s \u00f6r\u00f6mteli tal\u00e1lkoz\u00e1sokat k\u00edv\u00e1nunk minden Kedves H\u00edv\u00fcnknek!<\/em><\/strong><\/span><\/p>\n<p style=\"text-align: center;\"><span style=\"color: #ff6600;\"><strong><em>*<\/em><\/strong><\/span><\/p>\n<p>\u201dAz ember led\u00f6nti a falakat, hogy szabadd\u00e1 legyen, de azt\u00e1n m\u00e1r nem egy\u00e9b, mint lerombolt er\u0151ss\u00e9g, amely minden vil\u00e1gt\u00e1j fel\u00e9 nyitva van. \u00c9s kezd\u0151dik a szorong\u00e1s, annak tudata, hogy nem vagyunk.\u201d <em>\u00a0(Antoine de Saint-Exup\u00e9ry \u2013 \u00edr\u00f3 \u2013 1900 \u2013 1944)<\/em><\/p>\n<p><em>(K\u00e9p forr\u00e1sa: pixabay.com)<\/em><\/p>\n","protected":false},"excerpt":{"rendered":"<p>Programel\u0151zetes A jelenlegi egyh\u00e1zi rendelkez\u00e9sek \u00e9rtelm\u00e9ben csak a szentmise tarthat\u00f3 meg. Szentmis\u00e9n k\u00f6telez\u0151 a maszk haszn\u00e1lata, kezek fert\u0151tlen\u00edt\u00e9se, jelenl\u00e9ti lista n\u00e9vvel \u00e9s el\u00e9rhet\u0151s\u00e9ggel. A jelenl\u00e9ti list\u00e1val kapcsolatosan mindig az adott hely gyakorlat\u00e1t vessz\u00fck alapul! Jelen helyzetben a szentmis\u00e9ket megtarthatjuk, betartva tov\u00e1bbra is az el\u0151\u00edr\u00e1sokat, amelyek a szentmis\u00e9n r\u00e9sztvev\u0151k l\u00e9tsz\u00e1m\u00e1ra vonatkozik. Ezt mindig a helyi n\u00e9met k\u00f6z\u00f6ss\u00e9g hat\u00e1rozza meg! \u00d6rvendetes tov\u00e1bb\u00e1, hogy imm\u00e1r megengedett az \u00e9nekl\u00e9s (maszkban). R\u00e9g\u00f3ta v\u00e1rtunk erre a j\u00f3h\u00edrre! \u00a0* J\u00fanius 18-\u00e1n, p\u00e9nteken, Stuttgarti d\u00e9lut\u00e1n. 18.00 \u00f3rakor szentmise, el\u0151tte r\u00f3zsaf\u00fcz\u00e9rt im\u00e1dkozunk. * J\u00fanius 19-\u00e9n, szombaton, Heidenheimban, 15.30 \u00f3rakor szentmise. \u00a0* J\u00fanius 20-\u00e1n, \u00c9vk\u00f6zi 12. vas\u00e1rnap, Ludwigsburgban\u00a0\u00a09.30 \u00f3rakor b\u00facs\u00fas-szentmise, Szent L\u00e1szl\u00f3 kir\u00e1ly \u00fcnnepe, Stuttgartban \u00a012.00 \u00f3rakor szentmise, Eislingenben 15.00 \u00f3rakor szentmise. * Minden helyen mindenkit szeretettel v\u00e1r a k\u00f6z\u00f6ss\u00e9g \u00e9s Tibor atya! * * Kegyelemteljes napokat, tartalmas besz\u00e9lget\u00e9seket \u00e9s \u00f6r\u00f6mteli tal\u00e1lkoz\u00e1sokat k\u00edv\u00e1nunk minden Kedves H\u00edv\u00fcnknek! * \u201dAz ember led\u00f6nti a falakat, hogy szabadd\u00e1 legyen, de azt\u00e1n m\u00e1r nem egy\u00e9b, mint lerombolt er\u0151ss\u00e9g, amely minden vil\u00e1gt\u00e1j fel\u00e9 nyitva van. \u00c9s kezd\u0151dik a szorong\u00e1s, annak tudata, hogy nem vagyunk.\u201d \u00a0(Antoine de Saint-Exup\u00e9ry \u2013 \u00edr\u00f3 \u2013 1900 \u2013 1944) (K\u00e9p forr\u00e1sa: pixabay.com)<\/p>\n","protected":false},"author":3,"featured_media":22045,"comment_status":"closed","ping_status":"closed","sticky":false,"template":"","format":"standard","meta":{"footnotes":""},"categories":[37],"tags":[],"class_list":["post-22043","post","type-post","status-publish","format-standard","has-post-thumbnail","hentry","category-progamelozetes"],"yoast_head":"<!-- This site is optimized with the Yoast SEO plugin v27.3 - https:\/\/yoast.com\/product\/yoast-seo-wordpress\/ -->\n<title>2021 j\u00fanius 14 \u00e9s 20 k\u00f6z\u00f6tt - Stuttgarti Katolikusok<\/title>\n<meta name=\"robots\" content=\"index, follow, max-snippet:-1, max-image-preview:large, max-video-preview:-1\" \/>\n<link rel=\"canonical\" href=\"https:\/\/stuttgarti-katolikusok.de\/index.php\/2021-junius-14-es-20-kozott\/\" \/>\n<meta property=\"og:locale\" content=\"hu_HU\" \/>\n<meta property=\"og:type\" content=\"article\" \/>\n<meta property=\"og:title\" content=\"2021 j\u00fanius 14 \u00e9s 20 k\u00f6z\u00f6tt - Stuttgarti Katolikusok\" \/>\n<meta property=\"og:description\" content=\"Programel\u0151zetes A jelenlegi egyh\u00e1zi rendelkez\u00e9sek \u00e9rtelm\u00e9ben csak a szentmise tarthat\u00f3 meg. Szentmis\u00e9n k\u00f6telez\u0151 a maszk haszn\u00e1lata, kezek fert\u0151tlen\u00edt\u00e9se, jelenl\u00e9ti lista n\u00e9vvel \u00e9s el\u00e9rhet\u0151s\u00e9ggel. A jelenl\u00e9ti list\u00e1val kapcsolatosan mindig az adott hely gyakorlat\u00e1t vessz\u00fck alapul! Jelen helyzetben a szentmis\u00e9ket megtarthatjuk, betartva tov\u00e1bbra is az el\u0151\u00edr\u00e1sokat, amelyek a szentmis\u00e9n r\u00e9sztvev\u0151k l\u00e9tsz\u00e1m\u00e1ra vonatkozik. Ezt mindig a helyi n\u00e9met k\u00f6z\u00f6ss\u00e9g hat\u00e1rozza meg! \u00d6rvendetes tov\u00e1bb\u00e1, hogy imm\u00e1r megengedett az \u00e9nekl\u00e9s (maszkban). R\u00e9g\u00f3ta v\u00e1rtunk erre a j\u00f3h\u00edrre! \u00a0* J\u00fanius 18-\u00e1n, p\u00e9nteken, Stuttgarti d\u00e9lut\u00e1n. 18.00 \u00f3rakor szentmise, el\u0151tte r\u00f3zsaf\u00fcz\u00e9rt im\u00e1dkozunk. * J\u00fanius 19-\u00e9n, szombaton, Heidenheimban, 15.30 \u00f3rakor szentmise. \u00a0* J\u00fanius 20-\u00e1n, \u00c9vk\u00f6zi 12. vas\u00e1rnap, Ludwigsburgban\u00a0\u00a09.30 \u00f3rakor b\u00facs\u00fas-szentmise, Szent L\u00e1szl\u00f3 kir\u00e1ly \u00fcnnepe, Stuttgartban \u00a012.00 \u00f3rakor szentmise, Eislingenben 15.00 \u00f3rakor szentmise. * Minden helyen mindenkit szeretettel v\u00e1r a k\u00f6z\u00f6ss\u00e9g \u00e9s Tibor atya! * * Kegyelemteljes napokat, tartalmas besz\u00e9lget\u00e9seket \u00e9s \u00f6r\u00f6mteli tal\u00e1lkoz\u00e1sokat k\u00edv\u00e1nunk minden Kedves H\u00edv\u00fcnknek! * \u201dAz ember led\u00f6nti a falakat, hogy szabadd\u00e1 legyen, de azt\u00e1n m\u00e1r nem egy\u00e9b, mint lerombolt er\u0151ss\u00e9g, amely minden vil\u00e1gt\u00e1j fel\u00e9 nyitva van. \u00c9s kezd\u0151dik a szorong\u00e1s, annak tudata, hogy nem vagyunk.\u201d \u00a0(Antoine de Saint-Exup\u00e9ry \u2013 \u00edr\u00f3 \u2013 1900 \u2013 1944) (K\u00e9p forr\u00e1sa: pixabay.com)\" \/>\n<meta property=\"og:url\" content=\"https:\/\/stuttgarti-katolikusok.de\/index.php\/2021-junius-14-es-20-kozott\/\" \/>\n<meta property=\"og:site_name\" content=\"Stuttgarti Katolikusok\" \/>\n<meta property=\"article:published_time\" content=\"2021-06-15T05:53:15+00:00\" \/>\n<meta property=\"article:modified_time\" content=\"2021-06-15T05:54:24+00:00\" \/>\n<meta property=\"og:image\" content=\"https:\/\/stuttgarti-katolikusok.de\/wp-content\/uploads\/2021\/06\/haborgo-tenger.jpg\" \/>\n\t<meta property=\"og:image:width\" content=\"1280\" \/>\n\t<meta property=\"og:image:height\" content=\"853\" \/>\n\t<meta property=\"og:image:type\" content=\"image\/jpeg\" \/>\n<meta name=\"author\" content=\"Tibor atya\" \/>\n<meta name=\"twitter:card\" content=\"summary_large_image\" \/>\n<meta name=\"twitter:label1\" content=\"Szerz\u0151:\" \/>\n\t<meta name=\"twitter:data1\" content=\"Tibor atya\" \/>\n\t<meta name=\"twitter:label2\" content=\"Becs\u00fclt olvas\u00e1si id\u0151\" \/>\n\t<meta name=\"twitter:data2\" content=\"1 perc\" \/>\n<script type=\"application\/ld+json\" class=\"yoast-schema-graph\">{\"@context\":\"https:\\\/\\\/schema.org\",\"@graph\":[{\"@type\":\"Article\",\"@id\":\"https:\\\/\\\/stuttgarti-katolikusok.de\\\/index.php\\\/2021-junius-14-es-20-kozott\\\/#article\",\"isPartOf\":{\"@id\":\"https:\\\/\\\/stuttgarti-katolikusok.de\\\/index.php\\\/2021-junius-14-es-20-kozott\\\/\"},\"author\":{\"name\":\"Tibor atya\",\"@id\":\"https:\\\/\\\/stuttgarti-katolikusok.de\\\/#\\\/schema\\\/person\\\/75908d6f8fdc03a57889d27209df7795\"},\"headline\":\"2021 j\u00fanius 14 \u00e9s 20 k\u00f6z\u00f6tt\",\"datePublished\":\"2021-06-15T05:53:15+00:00\",\"dateModified\":\"2021-06-15T05:54:24+00:00\",\"mainEntityOfPage\":{\"@id\":\"https:\\\/\\\/stuttgarti-katolikusok.de\\\/index.php\\\/2021-junius-14-es-20-kozott\\\/\"},\"wordCount\":258,\"image\":{\"@id\":\"https:\\\/\\\/stuttgarti-katolikusok.de\\\/index.php\\\/2021-junius-14-es-20-kozott\\\/#primaryimage\"},\"thumbnailUrl\":\"https:\\\/\\\/stuttgarti-katolikusok.de\\\/wp-content\\\/uploads\\\/2021\\\/06\\\/haborgo-tenger.jpg\",\"articleSection\":[\"Progamel\u0151zetes\"],\"inLanguage\":\"hu\"},{\"@type\":\"WebPage\",\"@id\":\"https:\\\/\\\/stuttgarti-katolikusok.de\\\/index.php\\\/2021-junius-14-es-20-kozott\\\/\",\"url\":\"https:\\\/\\\/stuttgarti-katolikusok.de\\\/index.php\\\/2021-junius-14-es-20-kozott\\\/\",\"name\":\"2021 j\u00fanius 14 \u00e9s 20 k\u00f6z\u00f6tt - Stuttgarti Katolikusok\",\"isPartOf\":{\"@id\":\"https:\\\/\\\/stuttgarti-katolikusok.de\\\/#website\"},\"primaryImageOfPage\":{\"@id\":\"https:\\\/\\\/stuttgarti-katolikusok.de\\\/index.php\\\/2021-junius-14-es-20-kozott\\\/#primaryimage\"},\"image\":{\"@id\":\"https:\\\/\\\/stuttgarti-katolikusok.de\\\/index.php\\\/2021-junius-14-es-20-kozott\\\/#primaryimage\"},\"thumbnailUrl\":\"https:\\\/\\\/stuttgarti-katolikusok.de\\\/wp-content\\\/uploads\\\/2021\\\/06\\\/haborgo-tenger.jpg\",\"datePublished\":\"2021-06-15T05:53:15+00:00\",\"dateModified\":\"2021-06-15T05:54:24+00:00\",\"author\":{\"@id\":\"https:\\\/\\\/stuttgarti-katolikusok.de\\\/#\\\/schema\\\/person\\\/75908d6f8fdc03a57889d27209df7795\"},\"breadcrumb\":{\"@id\":\"https:\\\/\\\/stuttgarti-katolikusok.de\\\/index.php\\\/2021-junius-14-es-20-kozott\\\/#breadcrumb\"},\"inLanguage\":\"hu\",\"potentialAction\":[{\"@type\":\"ReadAction\",\"target\":[\"https:\\\/\\\/stuttgarti-katolikusok.de\\\/index.php\\\/2021-junius-14-es-20-kozott\\\/\"]}]},{\"@type\":\"ImageObject\",\"inLanguage\":\"hu\",\"@id\":\"https:\\\/\\\/stuttgarti-katolikusok.de\\\/index.php\\\/2021-junius-14-es-20-kozott\\\/#primaryimage\",\"url\":\"https:\\\/\\\/stuttgarti-katolikusok.de\\\/wp-content\\\/uploads\\\/2021\\\/06\\\/haborgo-tenger.jpg\",\"contentUrl\":\"https:\\\/\\\/stuttgarti-katolikusok.de\\\/wp-content\\\/uploads\\\/2021\\\/06\\\/haborgo-tenger.jpg\",\"width\":1280,\"height\":853},{\"@type\":\"BreadcrumbList\",\"@id\":\"https:\\\/\\\/stuttgarti-katolikusok.de\\\/index.php\\\/2021-junius-14-es-20-kozott\\\/#breadcrumb\",\"itemListElement\":[{\"@type\":\"ListItem\",\"position\":1,\"name\":\"Kezd\u0151lap\",\"item\":\"https:\\\/\\\/stuttgarti-katolikusok.de\\\/\"},{\"@type\":\"ListItem\",\"position\":2,\"name\":\"2021 j\u00fanius 14 \u00e9s 20 k\u00f6z\u00f6tt\"}]},{\"@type\":\"WebSite\",\"@id\":\"https:\\\/\\\/stuttgarti-katolikusok.de\\\/#website\",\"url\":\"https:\\\/\\\/stuttgarti-katolikusok.de\\\/\",\"name\":\"Stuttgarti Katolikusok\",\"description\":\"\",\"potentialAction\":[{\"@type\":\"SearchAction\",\"target\":{\"@type\":\"EntryPoint\",\"urlTemplate\":\"https:\\\/\\\/stuttgarti-katolikusok.de\\\/?s={search_term_string}\"},\"query-input\":{\"@type\":\"PropertyValueSpecification\",\"valueRequired\":true,\"valueName\":\"search_term_string\"}}],\"inLanguage\":\"hu\"},{\"@type\":\"Person\",\"@id\":\"https:\\\/\\\/stuttgarti-katolikusok.de\\\/#\\\/schema\\\/person\\\/75908d6f8fdc03a57889d27209df7795\",\"name\":\"Tibor atya\",\"image\":{\"@type\":\"ImageObject\",\"inLanguage\":\"hu\",\"@id\":\"https:\\\/\\\/secure.gravatar.com\\\/avatar\\\/61d268e57d1f4525b111222e29d2d5a7f8c420fdbf231ba5566a8ceac74fa960?s=96&d=mm&r=g\",\"url\":\"https:\\\/\\\/secure.gravatar.com\\\/avatar\\\/61d268e57d1f4525b111222e29d2d5a7f8c420fdbf231ba5566a8ceac74fa960?s=96&d=mm&r=g\",\"contentUrl\":\"https:\\\/\\\/secure.gravatar.com\\\/avatar\\\/61d268e57d1f4525b111222e29d2d5a7f8c420fdbf231ba5566a8ceac74fa960?s=96&d=mm&r=g\",\"caption\":\"Tibor atya\"},\"url\":\"https:\\\/\\\/stuttgarti-katolikusok.de\\\/index.php\\\/author\\\/tibor-atya\\\/\"}]}<\/script>\n<!-- \/ Yoast SEO plugin. -->","yoast_head_json":{"title":"2021 j\u00fanius 14 \u00e9s 20 k\u00f6z\u00f6tt - Stuttgarti Katolikusok","robots":{"index":"index","follow":"follow","max-snippet":"max-snippet:-1","max-image-preview":"max-image-preview:large","max-video-preview":"max-video-preview:-1"},"canonical":"https:\/\/stuttgarti-katolikusok.de\/index.php\/2021-junius-14-es-20-kozott\/","og_locale":"hu_HU","og_type":"article","og_title":"2021 j\u00fanius 14 \u00e9s 20 k\u00f6z\u00f6tt - Stuttgarti Katolikusok","og_description":"Programel\u0151zetes A jelenlegi egyh\u00e1zi rendelkez\u00e9sek \u00e9rtelm\u00e9ben csak a szentmise tarthat\u00f3 meg. Szentmis\u00e9n k\u00f6telez\u0151 a maszk haszn\u00e1lata, kezek fert\u0151tlen\u00edt\u00e9se, jelenl\u00e9ti lista n\u00e9vvel \u00e9s el\u00e9rhet\u0151s\u00e9ggel. A jelenl\u00e9ti list\u00e1val kapcsolatosan mindig az adott hely gyakorlat\u00e1t vessz\u00fck alapul! Jelen helyzetben a szentmis\u00e9ket megtarthatjuk, betartva tov\u00e1bbra is az el\u0151\u00edr\u00e1sokat, amelyek a szentmis\u00e9n r\u00e9sztvev\u0151k l\u00e9tsz\u00e1m\u00e1ra vonatkozik. Ezt mindig a helyi n\u00e9met k\u00f6z\u00f6ss\u00e9g hat\u00e1rozza meg! \u00d6rvendetes tov\u00e1bb\u00e1, hogy imm\u00e1r megengedett az \u00e9nekl\u00e9s (maszkban). R\u00e9g\u00f3ta v\u00e1rtunk erre a j\u00f3h\u00edrre! \u00a0* J\u00fanius 18-\u00e1n, p\u00e9nteken, Stuttgarti d\u00e9lut\u00e1n. 18.00 \u00f3rakor szentmise, el\u0151tte r\u00f3zsaf\u00fcz\u00e9rt im\u00e1dkozunk. * J\u00fanius 19-\u00e9n, szombaton, Heidenheimban, 15.30 \u00f3rakor szentmise. \u00a0* J\u00fanius 20-\u00e1n, \u00c9vk\u00f6zi 12. vas\u00e1rnap, Ludwigsburgban\u00a0\u00a09.30 \u00f3rakor b\u00facs\u00fas-szentmise, Szent L\u00e1szl\u00f3 kir\u00e1ly \u00fcnnepe, Stuttgartban \u00a012.00 \u00f3rakor szentmise, Eislingenben 15.00 \u00f3rakor szentmise. * Minden helyen mindenkit szeretettel v\u00e1r a k\u00f6z\u00f6ss\u00e9g \u00e9s Tibor atya! * * Kegyelemteljes napokat, tartalmas besz\u00e9lget\u00e9seket \u00e9s \u00f6r\u00f6mteli tal\u00e1lkoz\u00e1sokat k\u00edv\u00e1nunk minden Kedves H\u00edv\u00fcnknek! * \u201dAz ember led\u00f6nti a falakat, hogy szabadd\u00e1 legyen, de azt\u00e1n m\u00e1r nem egy\u00e9b, mint lerombolt er\u0151ss\u00e9g, amely minden vil\u00e1gt\u00e1j fel\u00e9 nyitva van. \u00c9s kezd\u0151dik a szorong\u00e1s, annak tudata, hogy nem vagyunk.\u201d \u00a0(Antoine de Saint-Exup\u00e9ry \u2013 \u00edr\u00f3 \u2013 1900 \u2013 1944) (K\u00e9p forr\u00e1sa: pixabay.com)","og_url":"https:\/\/stuttgarti-katolikusok.de\/index.php\/2021-junius-14-es-20-kozott\/","og_site_name":"Stuttgarti Katolikusok","article_published_time":"2021-06-15T05:53:15+00:00","article_modified_time":"2021-06-15T05:54:24+00:00","og_image":[{"width":1280,"height":853,"url":"https:\/\/stuttgarti-katolikusok.de\/wp-content\/uploads\/2021\/06\/haborgo-tenger.jpg","type":"image\/jpeg"}],"author":"Tibor atya","twitter_card":"summary_large_image","twitter_misc":{"Szerz\u0151:":"Tibor atya","Becs\u00fclt olvas\u00e1si id\u0151":"1 perc"},"schema":{"@context":"https:\/\/schema.org","@graph":[{"@type":"Article","@id":"https:\/\/stuttgarti-katolikusok.de\/index.php\/2021-junius-14-es-20-kozott\/#article","isPartOf":{"@id":"https:\/\/stuttgarti-katolikusok.de\/index.php\/2021-junius-14-es-20-kozott\/"},"author":{"name":"Tibor atya","@id":"https:\/\/stuttgarti-katolikusok.de\/#\/schema\/person\/75908d6f8fdc03a57889d27209df7795"},"headline":"2021 j\u00fanius 14 \u00e9s 20 k\u00f6z\u00f6tt","datePublished":"2021-06-15T05:53:15+00:00","dateModified":"2021-06-15T05:54:24+00:00","mainEntityOfPage":{"@id":"https:\/\/stuttgarti-katolikusok.de\/index.php\/2021-junius-14-es-20-kozott\/"},"wordCount":258,"image":{"@id":"https:\/\/stuttgarti-katolikusok.de\/index.php\/2021-junius-14-es-20-kozott\/#primaryimage"},"thumbnailUrl":"https:\/\/stuttgarti-katolikusok.de\/wp-content\/uploads\/2021\/06\/haborgo-tenger.jpg","articleSection":["Progamel\u0151zetes"],"inLanguage":"hu"},{"@type":"WebPage","@id":"https:\/\/stuttgarti-katolikusok.de\/index.php\/2021-junius-14-es-20-kozott\/","url":"https:\/\/stuttgarti-katolikusok.de\/index.php\/2021-junius-14-es-20-kozott\/","name":"2021 j\u00fanius 14 \u00e9s 20 k\u00f6z\u00f6tt - Stuttgarti Katolikusok","isPartOf":{"@id":"https:\/\/stuttgarti-katolikusok.de\/#website"},"primaryImageOfPage":{"@id":"https:\/\/stuttgarti-katolikusok.de\/index.php\/2021-junius-14-es-20-kozott\/#primaryimage"},"image":{"@id":"https:\/\/stuttgarti-katolikusok.de\/index.php\/2021-junius-14-es-20-kozott\/#primaryimage"},"thumbnailUrl":"https:\/\/stuttgarti-katolikusok.de\/wp-content\/uploads\/2021\/06\/haborgo-tenger.jpg","datePublished":"2021-06-15T05:53:15+00:00","dateModified":"2021-06-15T05:54:24+00:00","author":{"@id":"https:\/\/stuttgarti-katolikusok.de\/#\/schema\/person\/75908d6f8fdc03a57889d27209df7795"},"breadcrumb":{"@id":"https:\/\/stuttgarti-katolikusok.de\/index.php\/2021-junius-14-es-20-kozott\/#breadcrumb"},"inLanguage":"hu","potentialAction":[{"@type":"ReadAction","target":["https:\/\/stuttgarti-katolikusok.de\/index.php\/2021-junius-14-es-20-kozott\/"]}]},{"@type":"ImageObject","inLanguage":"hu","@id":"https:\/\/stuttgarti-katolikusok.de\/index.php\/2021-junius-14-es-20-kozott\/#primaryimage","url":"https:\/\/stuttgarti-katolikusok.de\/wp-content\/uploads\/2021\/06\/haborgo-tenger.jpg","contentUrl":"https:\/\/stuttgarti-katolikusok.de\/wp-content\/uploads\/2021\/06\/haborgo-tenger.jpg","width":1280,"height":853},{"@type":"BreadcrumbList","@id":"https:\/\/stuttgarti-katolikusok.de\/index.php\/2021-junius-14-es-20-kozott\/#breadcrumb","itemListElement":[{"@type":"ListItem","position":1,"name":"Kezd\u0151lap","item":"https:\/\/stuttgarti-katolikusok.de\/"},{"@type":"ListItem","position":2,"name":"2021 j\u00fanius 14 \u00e9s 20 k\u00f6z\u00f6tt"}]},{"@type":"WebSite","@id":"https:\/\/stuttgarti-katolikusok.de\/#website","url":"https:\/\/stuttgarti-katolikusok.de\/","name":"Stuttgarti Katolikusok","description":"","potentialAction":[{"@type":"SearchAction","target":{"@type":"EntryPoint","urlTemplate":"https:\/\/stuttgarti-katolikusok.de\/?s={search_term_string}"},"query-input":{"@type":"PropertyValueSpecification","valueRequired":true,"valueName":"search_term_string"}}],"inLanguage":"hu"},{"@type":"Person","@id":"https:\/\/stuttgarti-katolikusok.de\/#\/schema\/person\/75908d6f8fdc03a57889d27209df7795","name":"Tibor atya","image":{"@type":"ImageObject","inLanguage":"hu","@id":"https:\/\/secure.gravatar.com\/avatar\/61d268e57d1f4525b111222e29d2d5a7f8c420fdbf231ba5566a8ceac74fa960?s=96&d=mm&r=g","url":"https:\/\/secure.gravatar.com\/avatar\/61d268e57d1f4525b111222e29d2d5a7f8c420fdbf231ba5566a8ceac74fa960?s=96&d=mm&r=g","contentUrl":"https:\/\/secure.gravatar.com\/avatar\/61d268e57d1f4525b111222e29d2d5a7f8c420fdbf231ba5566a8ceac74fa960?s=96&d=mm&r=g","caption":"Tibor atya"},"url":"https:\/\/stuttgarti-katolikusok.de\/index.php\/author\/tibor-atya\/"}]}},"_links":{"self":[{"href":"https:\/\/stuttgarti-katolikusok.de\/index.php\/wp-json\/wp\/v2\/posts\/22043","targetHints":{"allow":["GET"]}}],"collection":[{"href":"https:\/\/stuttgarti-katolikusok.de\/index.php\/wp-json\/wp\/v2\/posts"}],"about":[{"href":"https:\/\/stuttgarti-katolikusok.de\/index.php\/wp-json\/wp\/v2\/types\/post"}],"author":[{"embeddable":true,"href":"https:\/\/stuttgarti-katolikusok.de\/index.php\/wp-json\/wp\/v2\/users\/3"}],"replies":[{"embeddable":true,"href":"https:\/\/stuttgarti-katolikusok.de\/index.php\/wp-json\/wp\/v2\/comments?post=22043"}],"version-history":[{"count":2,"href":"https:\/\/stuttgarti-katolikusok.de\/index.php\/wp-json\/wp\/v2\/posts\/22043\/revisions"}],"predecessor-version":[{"id":22047,"href":"https:\/\/stuttgarti-katolikusok.de\/index.php\/wp-json\/wp\/v2\/posts\/22043\/revisions\/22047"}],"wp:featuredmedia":[{"embeddable":true,"href":"https:\/\/stuttgarti-katolikusok.de\/index.php\/wp-json\/wp\/v2\/media\/22045"}],"wp:attachment":[{"href":"https:\/\/stuttgarti-katolikusok.de\/index.php\/wp-json\/wp\/v2\/media?parent=22043"}],"wp:term":[{"taxonomy":"category","embeddable":true,"href":"https:\/\/stuttgarti-katolikusok.de\/index.php\/wp-json\/wp\/v2\/categories?post=22043"},{"taxonomy":"post_tag","embeddable":true,"href":"https:\/\/stuttgarti-katolikusok.de\/index.php\/wp-json\/wp\/v2\/tags?post=22043"}],"curies":[{"name":"wp","href":"https:\/\/api.w.org\/{rel}","templated":true}]}}