{"id":22019,"date":"2021-06-07T11:23:24","date_gmt":"2021-06-07T11:23:24","guid":{"rendered":"https:\/\/stuttgarti-katolikusok.de\/?p=22019"},"modified":"2021-06-07T11:25:35","modified_gmt":"2021-06-07T11:25:35","slug":"2021-junius-7-es-13-kozott","status":"publish","type":"post","link":"https:\/\/stuttgarti-katolikusok.de\/index.php\/2021-junius-7-es-13-kozott\/","title":{"rendered":"2021 j\u00fanius 7 \u00e9s 13 k\u00f6z\u00f6tt"},"content":{"rendered":"<p><span style=\"color: #ff6600;\"><strong>Programel\u0151zetes<\/strong><\/span><\/p>\n<p><span style=\"color: #ff6600;\"><em>A jelenlegi egyh\u00e1zi rendelkez\u00e9sek \u00e9rtelm\u00e9ben csak a szentmise tarthat\u00f3 meg.<\/em><\/span><\/p>\n<p><span style=\"color: #ff6600;\"><em>Szentmis\u00e9n k\u00f6telez\u0151 a maszk haszn\u00e1lata, jelenl\u00e9ti lista n\u00e9vvel \u00e9s el\u00e9rhet\u0151s\u00e9ggel, kezek fert\u0151tlen\u00edt\u00e9se!<\/em><\/span><\/p>\n<p><span style=\"color: #ff6600;\"><em>Szentmis\u00e9ket a h\u00edvek r\u00e9szv\u00e9tel\u00e9vel csak azon helyeken lehet, ahol a fert\u0151z\u00e9sek sz\u00e1ma ezt lehet\u0151v\u00e9 teszi. Ez sajn\u00e1latos m\u00f3don napr\u00f3l napra v\u00e1ltozhat!\u00a0\u00a0<\/em><\/span><\/p>\n<p style=\"text-align: center;\"><strong><span style=\"color: #ff6600;\"><em>\u00a0<\/em>*<\/span><\/strong><\/p>\n<p><em><strong>J\u00fanius 9-\u00e9n<\/strong><\/em><em><strong>, <\/strong><\/em><em>szerd\u00e1n, <\/em><em><strong><span style=\"color: #ff6600;\">Weingarteni d\u00e9lut\u00e1n<\/span>, <\/strong><\/em><em>a <\/em><em>14 Nothelfer Kapelle-<\/em><em>ben 18.30 \u00f3rakor <\/em><em>r\u00f3zsaf\u00fcz\u00e9rt im\u00e1dkozunk, <\/em><em>ezt k\u00f6vet\u0151en 19.00 \u00f3rakor <\/em><em>szentmise.<\/em><\/p>\n<p style=\"text-align: center;\"><span style=\"color: #ff6600;\"><strong><em>\u00a0<\/em>*<\/strong><\/span><\/p>\n<p><em><strong>J\u00fanius 10-\u00e9n<\/strong><\/em>,\u00a0cs\u00fct\u00f6rt\u00f6k\u00f6n<em>,<\/em><em>\u00a0<span style=\"color: #ff6600;\"><strong>Ulmi d\u00e9lut\u00e1n<\/strong><\/span><\/em><strong>,<\/strong> 17.30 \u00f3rakor <em>r\u00f3zsaf\u00fcz\u00e9rt im\u00e1dkozunk, <\/em>ezt k\u00f6vet\u0151en 19.00 \u00f3rakor <em>szentmise.<\/em><\/p>\n<p style=\"text-align: center;\"><span style=\"color: #ff6600;\"><strong>*<\/strong><\/span><\/p>\n<p><em><strong>J\u00fanius 11-\u00e9n<\/strong><\/em><em><strong>, p\u00e9nteken, <\/strong><\/em><em><strong><span style=\"color: #ff6600;\">Stuttgarti d\u00e9lut\u00e1n<\/span>, <span style=\"color: #ff6600;\">J\u00e9zus Szent Sz\u00edv\u00e9nek \u00fcnnepe<\/span>. <\/strong><\/em><em>18.00 \u00f3rakor <\/em><em>szentmise, <\/em><em>szentmise ut\u00e1n <\/em><em>imak\u00f6r.<\/em><\/p>\n<p><strong>*<\/strong><\/p>\n<p><em><strong>J\u00fanius 12-\u00e9n, <\/strong><\/em><em>szombaton<\/em>, <span style=\"color: #ff6600;\"><em><strong>Biberachban<\/strong><\/em><\/span><em>, <\/em><em>16.30 \u00f3rakor <\/em><em>b\u00facs\u00fas-szentmise.<\/em><\/p>\n<p style=\"text-align: center;\"><span style=\"color: #ff6600;\"><strong><em>\u00a0*<\/em><\/strong><\/span><\/p>\n<p><em><strong>J\u00fanius 13-\u00e1n, <\/strong><\/em><span style=\"color: #ff6600;\"><em><strong>\u00c9vk\u00f6zi 11. vas\u00e1rnap<\/strong><\/em><\/span><em>,<\/em><\/p>\n<p><em><strong><span style=\"color: #ff6600;\">Weingartenben<\/span> \u00a0\u00a0<\/strong><\/em>11.00 \u00f3rakor <em>szentmise<\/em> a <em>Heilig Geist Kirche-<\/em>ben,<\/p>\n<p><em><strong><span style=\"color: #ff6600;\">Ulmban<\/span> <\/strong><\/em>15.00 \u00f3rakor<em> szentmise.<\/em><\/p>\n<p style=\"text-align: center;\"><span style=\"color: #ff6600;\"><strong>*<\/strong><\/span><\/p>\n<p>Minden helyen mindenkit szeretettel v\u00e1r a k\u00f6z\u00f6ss\u00e9g \u00e9s Tibor atya!<\/p>\n<p style=\"text-align: center;\"><span style=\"color: #ff6600;\"><strong>*<\/strong><\/span><\/p>\n<p><a href=\"https:\/\/stuttgarti-katolikusok.de\/wp-content\/uploads\/2021\/06\/mustard-5968451-1280.jpg\"><img loading=\"lazy\" decoding=\"async\" class=\"alignnone size-full wp-image-22021\" src=\"https:\/\/stuttgarti-katolikusok.de\/wp-content\/uploads\/2021\/06\/mustard-5968451-1280.jpg\" alt=\"\" width=\"607\" height=\"1280\" srcset=\"https:\/\/stuttgarti-katolikusok.de\/wp-content\/uploads\/2021\/06\/mustard-5968451-1280.jpg 607w, https:\/\/stuttgarti-katolikusok.de\/wp-content\/uploads\/2021\/06\/mustard-5968451-1280-142x300.jpg 142w, https:\/\/stuttgarti-katolikusok.de\/wp-content\/uploads\/2021\/06\/mustard-5968451-1280-486x1024.jpg 486w\" sizes=\"auto, (max-width: 607px) 100vw, 607px\" \/><\/a><\/p>\n<p style=\"text-align: center;\"><span style=\"color: #ff6600;\"><em><strong>*<\/strong><\/em><\/span><\/p>\n<p style=\"text-align: center;\"><span style=\"color: #ff6600;\"><em><strong>Kegyelemteljes napokat, tartalmas besz\u00e9lget\u00e9seket \u00e9s \u00f6r\u00f6mteli tal\u00e1lkoz\u00e1sokat k\u00edv\u00e1nunk minden Kedves H\u00edv\u00fcnknek!<\/strong><\/em><\/span><\/p>\n<p style=\"text-align: center;\"><span style=\"color: #ff6600;\"><em><strong>*<\/strong><\/em><\/span><\/p>\n<p><strong><em>NAGY VAGY!<\/em><\/strong><\/p>\n<p>\u201eNagy vagy, te, Uram, Istenem,<\/p>\n<p>Minden dics\u00e9ret t\u00e9ged illet!<\/p>\n<p>Dics\u0151\u00edtenek mind az emberek,<\/p>\n<p>teremt\u00e9seid par\u00e1nyi m\u0171vei.<\/p>\n<p>Te magad rendelted, hogy \u00edgy legyen:<\/p>\n<p>te teremtett\u00e9l magad sz\u00e1m\u00e1ra minket,<\/p>\n<p>m\u00edg meg nem nyugszik benned, Istenem.\u201d<\/p>\n<p><em>(Szent \u00c1goston &#8211; \u00a0nyugati egyh\u00e1zatya \u2013 354 &#8211; 430)<\/em><\/p>\n<p><em>(K\u00e9p forr\u00e1sa: pixabay.com)<\/em><\/p>\n","protected":false},"excerpt":{"rendered":"<p>Programel\u0151zetes A jelenlegi egyh\u00e1zi rendelkez\u00e9sek \u00e9rtelm\u00e9ben csak a szentmise tarthat\u00f3 meg. Szentmis\u00e9n k\u00f6telez\u0151 a maszk haszn\u00e1lata, jelenl\u00e9ti lista n\u00e9vvel \u00e9s el\u00e9rhet\u0151s\u00e9ggel, kezek fert\u0151tlen\u00edt\u00e9se! Szentmis\u00e9ket a h\u00edvek r\u00e9szv\u00e9tel\u00e9vel csak azon helyeken lehet, ahol a fert\u0151z\u00e9sek sz\u00e1ma ezt lehet\u0151v\u00e9 teszi. Ez sajn\u00e1latos m\u00f3don napr\u00f3l napra v\u00e1ltozhat!\u00a0\u00a0 \u00a0* J\u00fanius 9-\u00e9n, szerd\u00e1n, Weingarteni d\u00e9lut\u00e1n, a 14 Nothelfer Kapelle-ben 18.30 \u00f3rakor r\u00f3zsaf\u00fcz\u00e9rt im\u00e1dkozunk, ezt k\u00f6vet\u0151en 19.00 \u00f3rakor szentmise. \u00a0* J\u00fanius 10-\u00e9n,\u00a0cs\u00fct\u00f6rt\u00f6k\u00f6n,\u00a0Ulmi d\u00e9lut\u00e1n, 17.30 \u00f3rakor r\u00f3zsaf\u00fcz\u00e9rt im\u00e1dkozunk, ezt k\u00f6vet\u0151en 19.00 \u00f3rakor szentmise. * J\u00fanius 11-\u00e9n, p\u00e9nteken, Stuttgarti d\u00e9lut\u00e1n, J\u00e9zus Szent Sz\u00edv\u00e9nek \u00fcnnepe. 18.00 \u00f3rakor szentmise, szentmise ut\u00e1n imak\u00f6r. * J\u00fanius 12-\u00e9n, szombaton, Biberachban, 16.30 \u00f3rakor b\u00facs\u00fas-szentmise. \u00a0* J\u00fanius 13-\u00e1n, \u00c9vk\u00f6zi 11. vas\u00e1rnap, Weingartenben \u00a0\u00a011.00 \u00f3rakor szentmise a Heilig Geist Kirche-ben, Ulmban 15.00 \u00f3rakor szentmise. * Minden helyen mindenkit szeretettel v\u00e1r a k\u00f6z\u00f6ss\u00e9g \u00e9s Tibor atya! * * Kegyelemteljes napokat, tartalmas besz\u00e9lget\u00e9seket \u00e9s \u00f6r\u00f6mteli tal\u00e1lkoz\u00e1sokat k\u00edv\u00e1nunk minden Kedves H\u00edv\u00fcnknek! * NAGY VAGY! \u201eNagy vagy, te, Uram, Istenem, Minden dics\u00e9ret t\u00e9ged illet! Dics\u0151\u00edtenek mind az emberek, teremt\u00e9seid par\u00e1nyi m\u0171vei. Te magad rendelted, hogy \u00edgy legyen: te teremtett\u00e9l magad sz\u00e1m\u00e1ra minket, m\u00edg meg nem nyugszik benned, Istenem.\u201d (Szent \u00c1goston &#8211; \u00a0nyugati egyh\u00e1zatya \u2013 354 &#8211; 430) (K\u00e9p forr\u00e1sa: pixabay.com)<\/p>\n","protected":false},"author":3,"featured_media":22020,"comment_status":"closed","ping_status":"closed","sticky":false,"template":"","format":"standard","meta":{"footnotes":""},"categories":[37],"tags":[],"class_list":["post-22019","post","type-post","status-publish","format-standard","has-post-thumbnail","hentry","category-progamelozetes"],"yoast_head":"<!-- This site is optimized with the Yoast SEO plugin v27.3 - https:\/\/yoast.com\/product\/yoast-seo-wordpress\/ -->\n<title>2021 j\u00fanius 7 \u00e9s 13 k\u00f6z\u00f6tt - Stuttgarti Katolikusok<\/title>\n<meta name=\"robots\" content=\"index, follow, max-snippet:-1, max-image-preview:large, max-video-preview:-1\" \/>\n<link rel=\"canonical\" href=\"https:\/\/stuttgarti-katolikusok.de\/index.php\/2021-junius-7-es-13-kozott\/\" \/>\n<meta property=\"og:locale\" content=\"hu_HU\" \/>\n<meta property=\"og:type\" content=\"article\" \/>\n<meta property=\"og:title\" content=\"2021 j\u00fanius 7 \u00e9s 13 k\u00f6z\u00f6tt - Stuttgarti Katolikusok\" \/>\n<meta property=\"og:description\" content=\"Programel\u0151zetes A jelenlegi egyh\u00e1zi rendelkez\u00e9sek \u00e9rtelm\u00e9ben csak a szentmise tarthat\u00f3 meg. Szentmis\u00e9n k\u00f6telez\u0151 a maszk haszn\u00e1lata, jelenl\u00e9ti lista n\u00e9vvel \u00e9s el\u00e9rhet\u0151s\u00e9ggel, kezek fert\u0151tlen\u00edt\u00e9se! Szentmis\u00e9ket a h\u00edvek r\u00e9szv\u00e9tel\u00e9vel csak azon helyeken lehet, ahol a fert\u0151z\u00e9sek sz\u00e1ma ezt lehet\u0151v\u00e9 teszi. Ez sajn\u00e1latos m\u00f3don napr\u00f3l napra v\u00e1ltozhat!\u00a0\u00a0 \u00a0* J\u00fanius 9-\u00e9n, szerd\u00e1n, Weingarteni d\u00e9lut\u00e1n, a 14 Nothelfer Kapelle-ben 18.30 \u00f3rakor r\u00f3zsaf\u00fcz\u00e9rt im\u00e1dkozunk, ezt k\u00f6vet\u0151en 19.00 \u00f3rakor szentmise. \u00a0* J\u00fanius 10-\u00e9n,\u00a0cs\u00fct\u00f6rt\u00f6k\u00f6n,\u00a0Ulmi d\u00e9lut\u00e1n, 17.30 \u00f3rakor r\u00f3zsaf\u00fcz\u00e9rt im\u00e1dkozunk, ezt k\u00f6vet\u0151en 19.00 \u00f3rakor szentmise. * J\u00fanius 11-\u00e9n, p\u00e9nteken, Stuttgarti d\u00e9lut\u00e1n, J\u00e9zus Szent Sz\u00edv\u00e9nek \u00fcnnepe. 18.00 \u00f3rakor szentmise, szentmise ut\u00e1n imak\u00f6r. * J\u00fanius 12-\u00e9n, szombaton, Biberachban, 16.30 \u00f3rakor b\u00facs\u00fas-szentmise. \u00a0* J\u00fanius 13-\u00e1n, \u00c9vk\u00f6zi 11. vas\u00e1rnap, Weingartenben \u00a0\u00a011.00 \u00f3rakor szentmise a Heilig Geist Kirche-ben, Ulmban 15.00 \u00f3rakor szentmise. * Minden helyen mindenkit szeretettel v\u00e1r a k\u00f6z\u00f6ss\u00e9g \u00e9s Tibor atya! * * Kegyelemteljes napokat, tartalmas besz\u00e9lget\u00e9seket \u00e9s \u00f6r\u00f6mteli tal\u00e1lkoz\u00e1sokat k\u00edv\u00e1nunk minden Kedves H\u00edv\u00fcnknek! * NAGY VAGY! \u201eNagy vagy, te, Uram, Istenem, Minden dics\u00e9ret t\u00e9ged illet! Dics\u0151\u00edtenek mind az emberek, teremt\u00e9seid par\u00e1nyi m\u0171vei. Te magad rendelted, hogy \u00edgy legyen: te teremtett\u00e9l magad sz\u00e1m\u00e1ra minket, m\u00edg meg nem nyugszik benned, Istenem.\u201d (Szent \u00c1goston &#8211; \u00a0nyugati egyh\u00e1zatya \u2013 354 &#8211; 430) (K\u00e9p forr\u00e1sa: pixabay.com)\" \/>\n<meta property=\"og:url\" content=\"https:\/\/stuttgarti-katolikusok.de\/index.php\/2021-junius-7-es-13-kozott\/\" \/>\n<meta property=\"og:site_name\" content=\"Stuttgarti Katolikusok\" \/>\n<meta property=\"article:published_time\" content=\"2021-06-07T11:23:24+00:00\" \/>\n<meta property=\"article:modified_time\" content=\"2021-06-07T11:25:35+00:00\" \/>\n<meta property=\"og:image\" content=\"https:\/\/stuttgarti-katolikusok.de\/wp-content\/uploads\/2021\/06\/tree-276014-1280.jpg\" \/>\n\t<meta property=\"og:image:width\" content=\"1280\" \/>\n\t<meta property=\"og:image:height\" content=\"814\" \/>\n\t<meta property=\"og:image:type\" content=\"image\/jpeg\" \/>\n<meta name=\"author\" content=\"Tibor atya\" \/>\n<meta name=\"twitter:card\" content=\"summary_large_image\" \/>\n<meta name=\"twitter:label1\" content=\"Szerz\u0151:\" \/>\n\t<meta name=\"twitter:data1\" content=\"Tibor atya\" \/>\n\t<meta name=\"twitter:label2\" content=\"Becs\u00fclt olvas\u00e1si id\u0151\" \/>\n\t<meta name=\"twitter:data2\" content=\"2 perc\" \/>\n<script type=\"application\/ld+json\" class=\"yoast-schema-graph\">{\"@context\":\"https:\\\/\\\/schema.org\",\"@graph\":[{\"@type\":\"Article\",\"@id\":\"https:\\\/\\\/stuttgarti-katolikusok.de\\\/index.php\\\/2021-junius-7-es-13-kozott\\\/#article\",\"isPartOf\":{\"@id\":\"https:\\\/\\\/stuttgarti-katolikusok.de\\\/index.php\\\/2021-junius-7-es-13-kozott\\\/\"},\"author\":{\"name\":\"Tibor atya\",\"@id\":\"https:\\\/\\\/stuttgarti-katolikusok.de\\\/#\\\/schema\\\/person\\\/75908d6f8fdc03a57889d27209df7795\"},\"headline\":\"2021 j\u00fanius 7 \u00e9s 13 k\u00f6z\u00f6tt\",\"datePublished\":\"2021-06-07T11:23:24+00:00\",\"dateModified\":\"2021-06-07T11:25:35+00:00\",\"mainEntityOfPage\":{\"@id\":\"https:\\\/\\\/stuttgarti-katolikusok.de\\\/index.php\\\/2021-junius-7-es-13-kozott\\\/\"},\"wordCount\":275,\"image\":{\"@id\":\"https:\\\/\\\/stuttgarti-katolikusok.de\\\/index.php\\\/2021-junius-7-es-13-kozott\\\/#primaryimage\"},\"thumbnailUrl\":\"https:\\\/\\\/stuttgarti-katolikusok.de\\\/wp-content\\\/uploads\\\/2021\\\/06\\\/tree-276014-1280.jpg\",\"articleSection\":[\"Progamel\u0151zetes\"],\"inLanguage\":\"hu\"},{\"@type\":\"WebPage\",\"@id\":\"https:\\\/\\\/stuttgarti-katolikusok.de\\\/index.php\\\/2021-junius-7-es-13-kozott\\\/\",\"url\":\"https:\\\/\\\/stuttgarti-katolikusok.de\\\/index.php\\\/2021-junius-7-es-13-kozott\\\/\",\"name\":\"2021 j\u00fanius 7 \u00e9s 13 k\u00f6z\u00f6tt - Stuttgarti Katolikusok\",\"isPartOf\":{\"@id\":\"https:\\\/\\\/stuttgarti-katolikusok.de\\\/#website\"},\"primaryImageOfPage\":{\"@id\":\"https:\\\/\\\/stuttgarti-katolikusok.de\\\/index.php\\\/2021-junius-7-es-13-kozott\\\/#primaryimage\"},\"image\":{\"@id\":\"https:\\\/\\\/stuttgarti-katolikusok.de\\\/index.php\\\/2021-junius-7-es-13-kozott\\\/#primaryimage\"},\"thumbnailUrl\":\"https:\\\/\\\/stuttgarti-katolikusok.de\\\/wp-content\\\/uploads\\\/2021\\\/06\\\/tree-276014-1280.jpg\",\"datePublished\":\"2021-06-07T11:23:24+00:00\",\"dateModified\":\"2021-06-07T11:25:35+00:00\",\"author\":{\"@id\":\"https:\\\/\\\/stuttgarti-katolikusok.de\\\/#\\\/schema\\\/person\\\/75908d6f8fdc03a57889d27209df7795\"},\"breadcrumb\":{\"@id\":\"https:\\\/\\\/stuttgarti-katolikusok.de\\\/index.php\\\/2021-junius-7-es-13-kozott\\\/#breadcrumb\"},\"inLanguage\":\"hu\",\"potentialAction\":[{\"@type\":\"ReadAction\",\"target\":[\"https:\\\/\\\/stuttgarti-katolikusok.de\\\/index.php\\\/2021-junius-7-es-13-kozott\\\/\"]}]},{\"@type\":\"ImageObject\",\"inLanguage\":\"hu\",\"@id\":\"https:\\\/\\\/stuttgarti-katolikusok.de\\\/index.php\\\/2021-junius-7-es-13-kozott\\\/#primaryimage\",\"url\":\"https:\\\/\\\/stuttgarti-katolikusok.de\\\/wp-content\\\/uploads\\\/2021\\\/06\\\/tree-276014-1280.jpg\",\"contentUrl\":\"https:\\\/\\\/stuttgarti-katolikusok.de\\\/wp-content\\\/uploads\\\/2021\\\/06\\\/tree-276014-1280.jpg\",\"width\":1280,\"height\":814},{\"@type\":\"BreadcrumbList\",\"@id\":\"https:\\\/\\\/stuttgarti-katolikusok.de\\\/index.php\\\/2021-junius-7-es-13-kozott\\\/#breadcrumb\",\"itemListElement\":[{\"@type\":\"ListItem\",\"position\":1,\"name\":\"Kezd\u0151lap\",\"item\":\"https:\\\/\\\/stuttgarti-katolikusok.de\\\/\"},{\"@type\":\"ListItem\",\"position\":2,\"name\":\"2021 j\u00fanius 7 \u00e9s 13 k\u00f6z\u00f6tt\"}]},{\"@type\":\"WebSite\",\"@id\":\"https:\\\/\\\/stuttgarti-katolikusok.de\\\/#website\",\"url\":\"https:\\\/\\\/stuttgarti-katolikusok.de\\\/\",\"name\":\"Stuttgarti Katolikusok\",\"description\":\"\",\"potentialAction\":[{\"@type\":\"SearchAction\",\"target\":{\"@type\":\"EntryPoint\",\"urlTemplate\":\"https:\\\/\\\/stuttgarti-katolikusok.de\\\/?s={search_term_string}\"},\"query-input\":{\"@type\":\"PropertyValueSpecification\",\"valueRequired\":true,\"valueName\":\"search_term_string\"}}],\"inLanguage\":\"hu\"},{\"@type\":\"Person\",\"@id\":\"https:\\\/\\\/stuttgarti-katolikusok.de\\\/#\\\/schema\\\/person\\\/75908d6f8fdc03a57889d27209df7795\",\"name\":\"Tibor atya\",\"image\":{\"@type\":\"ImageObject\",\"inLanguage\":\"hu\",\"@id\":\"https:\\\/\\\/secure.gravatar.com\\\/avatar\\\/61d268e57d1f4525b111222e29d2d5a7f8c420fdbf231ba5566a8ceac74fa960?s=96&d=mm&r=g\",\"url\":\"https:\\\/\\\/secure.gravatar.com\\\/avatar\\\/61d268e57d1f4525b111222e29d2d5a7f8c420fdbf231ba5566a8ceac74fa960?s=96&d=mm&r=g\",\"contentUrl\":\"https:\\\/\\\/secure.gravatar.com\\\/avatar\\\/61d268e57d1f4525b111222e29d2d5a7f8c420fdbf231ba5566a8ceac74fa960?s=96&d=mm&r=g\",\"caption\":\"Tibor atya\"},\"url\":\"https:\\\/\\\/stuttgarti-katolikusok.de\\\/index.php\\\/author\\\/tibor-atya\\\/\"}]}<\/script>\n<!-- \/ Yoast SEO plugin. -->","yoast_head_json":{"title":"2021 j\u00fanius 7 \u00e9s 13 k\u00f6z\u00f6tt - Stuttgarti Katolikusok","robots":{"index":"index","follow":"follow","max-snippet":"max-snippet:-1","max-image-preview":"max-image-preview:large","max-video-preview":"max-video-preview:-1"},"canonical":"https:\/\/stuttgarti-katolikusok.de\/index.php\/2021-junius-7-es-13-kozott\/","og_locale":"hu_HU","og_type":"article","og_title":"2021 j\u00fanius 7 \u00e9s 13 k\u00f6z\u00f6tt - Stuttgarti Katolikusok","og_description":"Programel\u0151zetes A jelenlegi egyh\u00e1zi rendelkez\u00e9sek \u00e9rtelm\u00e9ben csak a szentmise tarthat\u00f3 meg. Szentmis\u00e9n k\u00f6telez\u0151 a maszk haszn\u00e1lata, jelenl\u00e9ti lista n\u00e9vvel \u00e9s el\u00e9rhet\u0151s\u00e9ggel, kezek fert\u0151tlen\u00edt\u00e9se! Szentmis\u00e9ket a h\u00edvek r\u00e9szv\u00e9tel\u00e9vel csak azon helyeken lehet, ahol a fert\u0151z\u00e9sek sz\u00e1ma ezt lehet\u0151v\u00e9 teszi. Ez sajn\u00e1latos m\u00f3don napr\u00f3l napra v\u00e1ltozhat!\u00a0\u00a0 \u00a0* J\u00fanius 9-\u00e9n, szerd\u00e1n, Weingarteni d\u00e9lut\u00e1n, a 14 Nothelfer Kapelle-ben 18.30 \u00f3rakor r\u00f3zsaf\u00fcz\u00e9rt im\u00e1dkozunk, ezt k\u00f6vet\u0151en 19.00 \u00f3rakor szentmise. \u00a0* J\u00fanius 10-\u00e9n,\u00a0cs\u00fct\u00f6rt\u00f6k\u00f6n,\u00a0Ulmi d\u00e9lut\u00e1n, 17.30 \u00f3rakor r\u00f3zsaf\u00fcz\u00e9rt im\u00e1dkozunk, ezt k\u00f6vet\u0151en 19.00 \u00f3rakor szentmise. * J\u00fanius 11-\u00e9n, p\u00e9nteken, Stuttgarti d\u00e9lut\u00e1n, J\u00e9zus Szent Sz\u00edv\u00e9nek \u00fcnnepe. 18.00 \u00f3rakor szentmise, szentmise ut\u00e1n imak\u00f6r. * J\u00fanius 12-\u00e9n, szombaton, Biberachban, 16.30 \u00f3rakor b\u00facs\u00fas-szentmise. \u00a0* J\u00fanius 13-\u00e1n, \u00c9vk\u00f6zi 11. vas\u00e1rnap, Weingartenben \u00a0\u00a011.00 \u00f3rakor szentmise a Heilig Geist Kirche-ben, Ulmban 15.00 \u00f3rakor szentmise. * Minden helyen mindenkit szeretettel v\u00e1r a k\u00f6z\u00f6ss\u00e9g \u00e9s Tibor atya! * * Kegyelemteljes napokat, tartalmas besz\u00e9lget\u00e9seket \u00e9s \u00f6r\u00f6mteli tal\u00e1lkoz\u00e1sokat k\u00edv\u00e1nunk minden Kedves H\u00edv\u00fcnknek! * NAGY VAGY! \u201eNagy vagy, te, Uram, Istenem, Minden dics\u00e9ret t\u00e9ged illet! Dics\u0151\u00edtenek mind az emberek, teremt\u00e9seid par\u00e1nyi m\u0171vei. Te magad rendelted, hogy \u00edgy legyen: te teremtett\u00e9l magad sz\u00e1m\u00e1ra minket, m\u00edg meg nem nyugszik benned, Istenem.\u201d (Szent \u00c1goston &#8211; \u00a0nyugati egyh\u00e1zatya \u2013 354 &#8211; 430) (K\u00e9p forr\u00e1sa: pixabay.com)","og_url":"https:\/\/stuttgarti-katolikusok.de\/index.php\/2021-junius-7-es-13-kozott\/","og_site_name":"Stuttgarti Katolikusok","article_published_time":"2021-06-07T11:23:24+00:00","article_modified_time":"2021-06-07T11:25:35+00:00","og_image":[{"width":1280,"height":814,"url":"https:\/\/stuttgarti-katolikusok.de\/wp-content\/uploads\/2021\/06\/tree-276014-1280.jpg","type":"image\/jpeg"}],"author":"Tibor atya","twitter_card":"summary_large_image","twitter_misc":{"Szerz\u0151:":"Tibor atya","Becs\u00fclt olvas\u00e1si id\u0151":"2 perc"},"schema":{"@context":"https:\/\/schema.org","@graph":[{"@type":"Article","@id":"https:\/\/stuttgarti-katolikusok.de\/index.php\/2021-junius-7-es-13-kozott\/#article","isPartOf":{"@id":"https:\/\/stuttgarti-katolikusok.de\/index.php\/2021-junius-7-es-13-kozott\/"},"author":{"name":"Tibor atya","@id":"https:\/\/stuttgarti-katolikusok.de\/#\/schema\/person\/75908d6f8fdc03a57889d27209df7795"},"headline":"2021 j\u00fanius 7 \u00e9s 13 k\u00f6z\u00f6tt","datePublished":"2021-06-07T11:23:24+00:00","dateModified":"2021-06-07T11:25:35+00:00","mainEntityOfPage":{"@id":"https:\/\/stuttgarti-katolikusok.de\/index.php\/2021-junius-7-es-13-kozott\/"},"wordCount":275,"image":{"@id":"https:\/\/stuttgarti-katolikusok.de\/index.php\/2021-junius-7-es-13-kozott\/#primaryimage"},"thumbnailUrl":"https:\/\/stuttgarti-katolikusok.de\/wp-content\/uploads\/2021\/06\/tree-276014-1280.jpg","articleSection":["Progamel\u0151zetes"],"inLanguage":"hu"},{"@type":"WebPage","@id":"https:\/\/stuttgarti-katolikusok.de\/index.php\/2021-junius-7-es-13-kozott\/","url":"https:\/\/stuttgarti-katolikusok.de\/index.php\/2021-junius-7-es-13-kozott\/","name":"2021 j\u00fanius 7 \u00e9s 13 k\u00f6z\u00f6tt - Stuttgarti Katolikusok","isPartOf":{"@id":"https:\/\/stuttgarti-katolikusok.de\/#website"},"primaryImageOfPage":{"@id":"https:\/\/stuttgarti-katolikusok.de\/index.php\/2021-junius-7-es-13-kozott\/#primaryimage"},"image":{"@id":"https:\/\/stuttgarti-katolikusok.de\/index.php\/2021-junius-7-es-13-kozott\/#primaryimage"},"thumbnailUrl":"https:\/\/stuttgarti-katolikusok.de\/wp-content\/uploads\/2021\/06\/tree-276014-1280.jpg","datePublished":"2021-06-07T11:23:24+00:00","dateModified":"2021-06-07T11:25:35+00:00","author":{"@id":"https:\/\/stuttgarti-katolikusok.de\/#\/schema\/person\/75908d6f8fdc03a57889d27209df7795"},"breadcrumb":{"@id":"https:\/\/stuttgarti-katolikusok.de\/index.php\/2021-junius-7-es-13-kozott\/#breadcrumb"},"inLanguage":"hu","potentialAction":[{"@type":"ReadAction","target":["https:\/\/stuttgarti-katolikusok.de\/index.php\/2021-junius-7-es-13-kozott\/"]}]},{"@type":"ImageObject","inLanguage":"hu","@id":"https:\/\/stuttgarti-katolikusok.de\/index.php\/2021-junius-7-es-13-kozott\/#primaryimage","url":"https:\/\/stuttgarti-katolikusok.de\/wp-content\/uploads\/2021\/06\/tree-276014-1280.jpg","contentUrl":"https:\/\/stuttgarti-katolikusok.de\/wp-content\/uploads\/2021\/06\/tree-276014-1280.jpg","width":1280,"height":814},{"@type":"BreadcrumbList","@id":"https:\/\/stuttgarti-katolikusok.de\/index.php\/2021-junius-7-es-13-kozott\/#breadcrumb","itemListElement":[{"@type":"ListItem","position":1,"name":"Kezd\u0151lap","item":"https:\/\/stuttgarti-katolikusok.de\/"},{"@type":"ListItem","position":2,"name":"2021 j\u00fanius 7 \u00e9s 13 k\u00f6z\u00f6tt"}]},{"@type":"WebSite","@id":"https:\/\/stuttgarti-katolikusok.de\/#website","url":"https:\/\/stuttgarti-katolikusok.de\/","name":"Stuttgarti Katolikusok","description":"","potentialAction":[{"@type":"SearchAction","target":{"@type":"EntryPoint","urlTemplate":"https:\/\/stuttgarti-katolikusok.de\/?s={search_term_string}"},"query-input":{"@type":"PropertyValueSpecification","valueRequired":true,"valueName":"search_term_string"}}],"inLanguage":"hu"},{"@type":"Person","@id":"https:\/\/stuttgarti-katolikusok.de\/#\/schema\/person\/75908d6f8fdc03a57889d27209df7795","name":"Tibor atya","image":{"@type":"ImageObject","inLanguage":"hu","@id":"https:\/\/secure.gravatar.com\/avatar\/61d268e57d1f4525b111222e29d2d5a7f8c420fdbf231ba5566a8ceac74fa960?s=96&d=mm&r=g","url":"https:\/\/secure.gravatar.com\/avatar\/61d268e57d1f4525b111222e29d2d5a7f8c420fdbf231ba5566a8ceac74fa960?s=96&d=mm&r=g","contentUrl":"https:\/\/secure.gravatar.com\/avatar\/61d268e57d1f4525b111222e29d2d5a7f8c420fdbf231ba5566a8ceac74fa960?s=96&d=mm&r=g","caption":"Tibor atya"},"url":"https:\/\/stuttgarti-katolikusok.de\/index.php\/author\/tibor-atya\/"}]}},"_links":{"self":[{"href":"https:\/\/stuttgarti-katolikusok.de\/index.php\/wp-json\/wp\/v2\/posts\/22019","targetHints":{"allow":["GET"]}}],"collection":[{"href":"https:\/\/stuttgarti-katolikusok.de\/index.php\/wp-json\/wp\/v2\/posts"}],"about":[{"href":"https:\/\/stuttgarti-katolikusok.de\/index.php\/wp-json\/wp\/v2\/types\/post"}],"author":[{"embeddable":true,"href":"https:\/\/stuttgarti-katolikusok.de\/index.php\/wp-json\/wp\/v2\/users\/3"}],"replies":[{"embeddable":true,"href":"https:\/\/stuttgarti-katolikusok.de\/index.php\/wp-json\/wp\/v2\/comments?post=22019"}],"version-history":[{"count":4,"href":"https:\/\/stuttgarti-katolikusok.de\/index.php\/wp-json\/wp\/v2\/posts\/22019\/revisions"}],"predecessor-version":[{"id":22023,"href":"https:\/\/stuttgarti-katolikusok.de\/index.php\/wp-json\/wp\/v2\/posts\/22019\/revisions\/22023"}],"wp:featuredmedia":[{"embeddable":true,"href":"https:\/\/stuttgarti-katolikusok.de\/index.php\/wp-json\/wp\/v2\/media\/22020"}],"wp:attachment":[{"href":"https:\/\/stuttgarti-katolikusok.de\/index.php\/wp-json\/wp\/v2\/media?parent=22019"}],"wp:term":[{"taxonomy":"category","embeddable":true,"href":"https:\/\/stuttgarti-katolikusok.de\/index.php\/wp-json\/wp\/v2\/categories?post=22019"},{"taxonomy":"post_tag","embeddable":true,"href":"https:\/\/stuttgarti-katolikusok.de\/index.php\/wp-json\/wp\/v2\/tags?post=22019"}],"curies":[{"name":"wp","href":"https:\/\/api.w.org\/{rel}","templated":true}]}}