{"id":21971,"date":"2021-05-31T23:00:15","date_gmt":"2021-05-31T23:00:15","guid":{"rendered":"https:\/\/stuttgarti-katolikusok.de\/?p=21971"},"modified":"2021-06-01T11:00:33","modified_gmt":"2021-06-01T11:00:33","slug":"2021-majus-31-es-junius-6-kozott","status":"publish","type":"post","link":"https:\/\/stuttgarti-katolikusok.de\/index.php\/2021-majus-31-es-junius-6-kozott\/","title":{"rendered":"2021. m\u00e1jus 31 \u00e9s j\u00fanius 6 k\u00f6z\u00f6tt"},"content":{"rendered":"<p><span style=\"color: #ff6600;\"><strong>Programel\u0151zetes<\/strong><\/span><\/p>\n<p><span style=\"color: #ff6600;\"><em>A jelenlegi egyh\u00e1zi rendelkez\u00e9sek \u00e9rtelm\u00e9ben csak a szentmise tarthat\u00f3 meg.<\/em><\/span><\/p>\n<p><span style=\"color: #ff6600;\"><em>Szentmis\u00e9n k\u00f6telez\u0151 a maszk haszn\u00e1lata, jelenl\u00e9ti lista n\u00e9vvel \u00e9s el\u00e9rhet\u0151s\u00e9ggel, kezek fert\u0151tlen\u00edt\u00e9se!<\/em><\/span><\/p>\n<p><span style=\"color: #ff6600;\"><em>Szentmis\u00e9ket a h\u00edvek r\u00e9szv\u00e9tel\u00e9vel csak azon helyeken lehet, ahol a fert\u0151z\u00e9sek sz\u00e1ma ezt lehet\u0151v\u00e9 teszi. Ez sajn\u00e1latos m\u00f3don napr\u00f3l napra v\u00e1ltozhat!\u00a0\u00a0<\/em><\/span><\/p>\n<p style=\"text-align: center;\"><span style=\"color: #ff6600;\"><em>\u00a0<\/em><strong>*<\/strong><\/span><\/p>\n<p><em><strong>J\u00fanius 3-\u00e1n<\/strong><\/em>,\u00a0cs\u00fct\u00f6rt\u00f6k\u00f6n<em>,<\/em><em>\u00a0<span style=\"color: #ff6600;\"><strong>\u00darnapja, Krisztus Szent Test\u00e9nek \u00e9s V\u00e9r\u00e9nek \u00fcnnepe<\/strong><\/span><\/em>,<\/p>\n<p><span style=\"color: #ff6600;\"><em><strong>Weingartenben<\/strong><\/em><\/span> 11.00 \u00f3rakor <em>szentmise <\/em>a <em>14 Nothelfer Kapelle-<\/em>ben<em>,<\/em><\/p>\n<p><span style=\"color: #ff6600;\"><em><strong>Ulmban <\/strong><\/em><\/span>15.00 \u00f3rakor<em> szentmise,<\/em><\/p>\n<p><span style=\"color: #ff6600;\"><em><strong>Stuttgartban <\/strong><\/em><\/span><em>18.00 \u00f3rakor <\/em><em>szentmise.<\/em><\/p>\n<p style=\"text-align: center;\"><span style=\"color: #ff6600;\"><em>\u00a0<\/em><strong>*<\/strong><\/span><\/p>\n<p><em><strong>J\u00fanius 5-\u00e9n, <\/strong><\/em><em>szombaton<\/em>, <span style=\"color: #ff6600;\"><em><strong>Balingenben<\/strong><\/em><\/span><em>, <\/em><em>16.00 \u00f3rakor <\/em><em>szentmise,\u00a0<\/em>melyben <em><span style=\"color: #ff6600;\"><strong>\u00darnapj\u00e1t \u00fcnnepelj\u00fck.<\/strong><\/span><\/em><\/p>\n<p style=\"text-align: center;\"><span style=\"color: #ff6600;\"><em>\u00a0<strong>*<\/strong><\/em><\/span><\/p>\n<p><em><strong>J\u00fanius 6-\u00e1n, <\/strong><\/em><span style=\"color: #008000;\"><em><strong>\u00c9vk\u00f6zi 10. vas\u00e1rnap<\/strong><\/em><\/span><em>,\u00a0<\/em><\/p>\n<p><span style=\"color: #ff6600;\"><em><strong>Schw\u00e4bisch-Gm\u00fcndben <\/strong><\/em><\/span>9.30 \u00f3rakor <em>szentmise, <\/em>melyben<em> <span style=\"color: #ff6600;\"><strong>\u00darnapj\u00e1t \u00fcnnepelj\u00fck,<\/strong><\/span><\/em><\/p>\n<p><span style=\"color: #ff6600;\"><em><strong>Stuttgartban <\/strong><\/em><\/span>15.00 \u00f3rakor<em> gyermek-szentmise. <\/em>A szentmis\u00e9n<em> H\u00e4fner Ildik\u00f3 \u00e9s bar\u00e1ti csapata \u00e9nekel.<\/em> H\u00e1rom nyelven (magyar, n\u00e9met \u00e9s latin) hangzanak fel az \u00e9nekek.<\/p>\n<p>Egyben ezen a szentmis\u00e9n csendes megeml\u00e9kez\u00e9st is tartunk a<em><strong><span style=\"color: #ff6600;\"> Nemzeti \u00d6sszatartoz\u00e1s Napja<\/span><\/strong><\/em> kapcs\u00e1n. Mivel imm\u00e1r k\u00e9t esztendeje nincs lehet\u0151s\u00e9g\u00fcnk m\u00e1s form\u00e1ban megeml\u00e9kezni 1920. j\u00fanius 4-r\u0151l, tessz\u00fck ezt m\u00e9lt\u00f3s\u00e1ggal az im\u00e1ds\u00e1gon kereszt\u00fcl mag\u00e1ban a szentmis\u00e9ben.<\/p>\n<p>A szentmise egyes\u00edt, k\u00f6z\u00f6ss\u00e9gbe gy\u0171jt, felind\u00edtja a h\u00e1la \u00e9rz\u00e9s\u00e9t sz\u00edv\u00fcnkben.<\/p>\n<p>Ameddig fontosak sz\u00e1munkra e tal\u00e1lkoz\u00e1sok, addig \u00e9rt\u00e9keinket \u0151rizz\u00fck, egyben tov\u00e1bb is adjuk.<\/p>\n<p>Az al\u00e1bbi k\u00e9p nagyon kifejez\u0151! \u00d6sszetartozunk, b\u00e1r jelenleg hat\u00e1rok v\u00e1lasztanak el benn\u00fcnket. A l\u00e9lekben t\u00f6rt\u00e9n\u0151 tal\u00e1lkoz\u00e1s \u00e1t\u00edvel minden hat\u00e1ron, szabadon!<\/p>\n<p>Gyere \u00e9s \u00fcnnepeld vel\u00fcnk ezt az \u00f6sszetartoz\u00e1st!<\/p>\n<p style=\"text-align: center;\"><span style=\"color: #ff6600;\"><strong>*<\/strong><\/span><\/p>\n<p><a href=\"https:\/\/stuttgarti-katolikusok.de\/wp-content\/uploads\/2021\/06\/non.jpg\"><img loading=\"lazy\" decoding=\"async\" class=\"alignnone size-full wp-image-21991\" src=\"https:\/\/stuttgarti-katolikusok.de\/wp-content\/uploads\/2021\/06\/non.jpg\" alt=\"\" width=\"696\" height=\"385\" srcset=\"https:\/\/stuttgarti-katolikusok.de\/wp-content\/uploads\/2021\/06\/non.jpg 696w, https:\/\/stuttgarti-katolikusok.de\/wp-content\/uploads\/2021\/06\/non-300x166.jpg 300w\" sizes=\"auto, (max-width: 696px) 100vw, 696px\" \/><\/a><\/p>\n<p style=\"text-align: center;\"><span style=\"color: #ff6600;\"><strong>*<\/strong><\/span><\/p>\n<p>Minden helyen mindenkit szeretettel v\u00e1r a k\u00f6z\u00f6ss\u00e9g \u00e9s Tibor atya!<\/p>\n<p style=\"text-align: center;\"><span style=\"color: #ff6600;\"><strong>*<\/strong><\/span><\/p>\n<p><a href=\"https:\/\/stuttgarti-katolikusok.de\/wp-content\/uploads\/2021\/06\/corpus-christi-244393-640.jpg\"><img loading=\"lazy\" decoding=\"async\" class=\"size-full wp-image-21972 aligncenter\" src=\"https:\/\/stuttgarti-katolikusok.de\/wp-content\/uploads\/2021\/06\/corpus-christi-244393-640.jpg\" alt=\"\" width=\"480\" height=\"640\" srcset=\"https:\/\/stuttgarti-katolikusok.de\/wp-content\/uploads\/2021\/06\/corpus-christi-244393-640.jpg 480w, https:\/\/stuttgarti-katolikusok.de\/wp-content\/uploads\/2021\/06\/corpus-christi-244393-640-225x300.jpg 225w\" sizes=\"auto, (max-width: 480px) 100vw, 480px\" \/><\/a><\/p>\n<p style=\"text-align: center;\"><span style=\"color: #ff6600;\"><em><strong>*<\/strong><\/em><\/span><\/p>\n<p style=\"text-align: center;\"><span style=\"color: #ff6600;\"><em><strong>Kegyelemteljes napokat, tartalmas besz\u00e9lget\u00e9seket \u00e9s \u00f6r\u00f6mteli tal\u00e1lkoz\u00e1sokat k\u00edv\u00e1nunk minden Kedves H\u00edv\u00fcnknek!<\/strong><\/em><\/span><\/p>\n<p style=\"text-align: center;\"><span style=\"color: #ff6600;\"><em><strong>*<\/strong><\/em><\/span><\/p>\n<p><span style=\"color: #ff0000;\"><em>\u201eGy\u0151zelemr\u0151l \u00e9nekeljen Napkelet \u00e9s Napnyugat,<\/em><em><br \/>\n<\/em><em>Milli\u00f3 sz\u00edv \u00f6sszecsengjen, magasztalja az Urat!<\/em><em><br \/>\n<\/em><em>Krisztus \u00fajra f\u00f6ldre sz\u00e1llott, v\u00e1ndorl\u00e1sunk t\u00e1rsa lett,<\/em><em><br \/>\n<\/em><em>Mert szerette a vil\u00e1got, keny\u00e9rsz\u00ednbe rejtezett.<\/em><em><br \/>\n<\/em><em>Krisztus keny\u00e9r s bor sz\u00edn\u00e9ben \u00dar s Kir\u00e1ly a f\u00f6ld felett,<\/em><em><br \/>\n<\/em><em>Forrassz eggy\u00e9 b\u00e9kess\u00e9gben minden n\u00e9pet s nemzetet!<\/em><\/span><\/p>\n<p><em>\u00a0<\/em><\/p>\n<p><span style=\"color: #008000;\"><em>Egykor \u00e9rt\u00fcnk testet \u00f6lt\u00f6tt, kisgyermekk\u00e9nt j\u00f6tt k\u00f6z\u00e9nk,<\/em><em><br \/>\n<\/em><em>A keresztf\u00e1n v\u00e9re \u00f6ml\u00f6tt v\u00e1lts\u00e1gunknak b\u00e9rek\u00e9nt.<\/em><em><br \/>\n<\/em><em>Most az olt\u00e1r Golgot\u00e1j\u00e1n \u00fajra itt a dr\u00e1ga v\u00e9r,<\/em><em><br \/>\n<\/em><em>\u00c1ldozat az Isten-B\u00e1r\u00e1ny, Krisztus teste a keny\u00e9r.<\/em><em><br \/>\n<\/em><em>Krisztus keny\u00e9r s bor sz\u00edn\u00e9ben \u00dar s Kir\u00e1ly a f\u00f6ld felett,<\/em><em><br \/>\n<\/em><em>Forrassz eggy\u00e9 b\u00e9kess\u00e9gben minden n\u00e9pet s nemzetet!<\/em><\/span><\/p>\n<p><em>\u00a0<\/em><\/p>\n<p><span style=\"color: #ff0000;\"><em>Z\u00fagjon h\u00e1t a h\u00e1la\u00e9nek, sz\u00e1lljon v\u00f6lgy\u00f6n, tengeren,<\/em><em><br \/>\n<\/em><em>A szeretet Isten\u00e9nek dics\u0151s\u00e9g \u00e9s \u00fcdv legyen.<\/em><em><br \/>\n<\/em><em>Az eg\u00e9sz f\u00f6ld legyen olt\u00e1r, vir\u00e1g rajta a sz\u00edv\u00fcnk,<\/em><em><br \/>\n<\/em><em>Minden dalunk zeng\u0151 zsolt\u00e1r, t\u00f6mj\u00e9nillat a hit\u00fcnk.<\/em><em><br \/>\n<\/em><em>Krisztus keny\u00e9r s bor sz\u00edn\u00e9ben \u00dar s Kir\u00e1ly a f\u00f6ld felett,<\/em><em><br \/>\n<\/em><em>Forrassz eggy\u00e9 b\u00e9kess\u00e9gben minden n\u00e9pet s nemzetet!<\/em><\/span><\/p>\n<p><em>\u00a0<\/em><\/p>\n<p><span style=\"color: #008000;\"><em>Istv\u00e1n kir\u00e1ly \u00e1rva n\u00e9pe, te is hajtsd meg homlokod,<\/em><em><br \/>\n<\/em><em>Borulj t\u00e9rdre, sz\u00f3rd el\u00e9be minden gondod, b\u00e1natod!<\/em><em><br \/>\n<\/em><em>A kereszt volt ezer \u00e9ven rem\u00e9nys\u00e9ged oszlopa,<\/em><em><br \/>\n<\/em><em>Most is Krisztus jele l\u00e9gyen jobb j\u00f6v\u0151dnek z\u00e1loga.<\/em><em><br \/>\n<\/em><em>Krisztus keny\u00e9r s bor sz\u00edn\u00e9ben \u00dar s Kir\u00e1ly a f\u00f6ld felett,<\/em><em><br \/>\n<\/em><em>Forrassz eggy\u00e9 b\u00e9kess\u00e9gben minden n\u00e9pet s nemzetet!\u201d<\/em><\/span><\/p>\n<p><em>(A 34. \u00e9s 52. Nemzetk\u00f6zi Eucharisztikus Kongresszus himnusza)<\/em><\/p>\n<p>(K\u00e9p forr\u00e1sa az \u00edr\u00e1sban: pixabay.com)<\/p>\n","protected":false},"excerpt":{"rendered":"<p>Programel\u0151zetes A jelenlegi egyh\u00e1zi rendelkez\u00e9sek \u00e9rtelm\u00e9ben csak a szentmise tarthat\u00f3 meg. Szentmis\u00e9n k\u00f6telez\u0151 a maszk haszn\u00e1lata, jelenl\u00e9ti lista n\u00e9vvel \u00e9s el\u00e9rhet\u0151s\u00e9ggel, kezek fert\u0151tlen\u00edt\u00e9se! Szentmis\u00e9ket a h\u00edvek r\u00e9szv\u00e9tel\u00e9vel csak azon helyeken lehet, ahol a fert\u0151z\u00e9sek sz\u00e1ma ezt lehet\u0151v\u00e9 teszi. Ez sajn\u00e1latos m\u00f3don napr\u00f3l napra v\u00e1ltozhat!\u00a0\u00a0 \u00a0* J\u00fanius 3-\u00e1n,\u00a0cs\u00fct\u00f6rt\u00f6k\u00f6n,\u00a0\u00darnapja, Krisztus Szent Test\u00e9nek \u00e9s V\u00e9r\u00e9nek \u00fcnnepe, Weingartenben 11.00 \u00f3rakor szentmise a 14 Nothelfer Kapelle-ben, Ulmban 15.00 \u00f3rakor szentmise, Stuttgartban 18.00 \u00f3rakor szentmise. \u00a0* J\u00fanius 5-\u00e9n, szombaton, Balingenben, 16.00 \u00f3rakor szentmise,\u00a0melyben \u00darnapj\u00e1t \u00fcnnepelj\u00fck. \u00a0* J\u00fanius 6-\u00e1n, \u00c9vk\u00f6zi 10. vas\u00e1rnap,\u00a0 Schw\u00e4bisch-Gm\u00fcndben 9.30 \u00f3rakor szentmise, melyben \u00darnapj\u00e1t \u00fcnnepelj\u00fck, Stuttgartban 15.00 \u00f3rakor gyermek-szentmise. A szentmis\u00e9n H\u00e4fner Ildik\u00f3 \u00e9s bar\u00e1ti csapata \u00e9nekel. H\u00e1rom nyelven (magyar, n\u00e9met \u00e9s latin) hangzanak fel az \u00e9nekek. Egyben ezen a szentmis\u00e9n csendes megeml\u00e9kez\u00e9st is tartunk a Nemzeti \u00d6sszatartoz\u00e1s Napja kapcs\u00e1n. Mivel imm\u00e1r k\u00e9t esztendeje nincs lehet\u0151s\u00e9g\u00fcnk m\u00e1s form\u00e1ban megeml\u00e9kezni 1920. j\u00fanius 4-r\u0151l, tessz\u00fck ezt m\u00e9lt\u00f3s\u00e1ggal az im\u00e1ds\u00e1gon kereszt\u00fcl mag\u00e1ban a szentmis\u00e9ben. A szentmise egyes\u00edt, k\u00f6z\u00f6ss\u00e9gbe gy\u0171jt, felind\u00edtja a h\u00e1la \u00e9rz\u00e9s\u00e9t sz\u00edv\u00fcnkben. Ameddig fontosak sz\u00e1munkra e tal\u00e1lkoz\u00e1sok, addig \u00e9rt\u00e9keinket \u0151rizz\u00fck, egyben tov\u00e1bb is adjuk. Az al\u00e1bbi k\u00e9p nagyon kifejez\u0151! \u00d6sszetartozunk, b\u00e1r jelenleg hat\u00e1rok v\u00e1lasztanak el benn\u00fcnket. A l\u00e9lekben t\u00f6rt\u00e9n\u0151 tal\u00e1lkoz\u00e1s \u00e1t\u00edvel minden hat\u00e1ron, szabadon! Gyere \u00e9s \u00fcnnepeld vel\u00fcnk ezt az \u00f6sszetartoz\u00e1st! * * Minden helyen mindenkit szeretettel v\u00e1r a k\u00f6z\u00f6ss\u00e9g \u00e9s Tibor atya! * * Kegyelemteljes napokat, tartalmas besz\u00e9lget\u00e9seket \u00e9s \u00f6r\u00f6mteli tal\u00e1lkoz\u00e1sokat k\u00edv\u00e1nunk minden Kedves H\u00edv\u00fcnknek! * \u201eGy\u0151zelemr\u0151l \u00e9nekeljen Napkelet \u00e9s Napnyugat, Milli\u00f3 sz\u00edv \u00f6sszecsengjen, magasztalja az Urat! Krisztus \u00fajra f\u00f6ldre sz\u00e1llott, v\u00e1ndorl\u00e1sunk t\u00e1rsa lett, Mert szerette a vil\u00e1got, keny\u00e9rsz\u00ednbe rejtezett. Krisztus keny\u00e9r s bor sz\u00edn\u00e9ben \u00dar s Kir\u00e1ly a f\u00f6ld felett, Forrassz eggy\u00e9 b\u00e9kess\u00e9gben minden n\u00e9pet s nemzetet! \u00a0 Egykor \u00e9rt\u00fcnk testet \u00f6lt\u00f6tt, kisgyermekk\u00e9nt j\u00f6tt k\u00f6z\u00e9nk, A keresztf\u00e1n v\u00e9re \u00f6ml\u00f6tt v\u00e1lts\u00e1gunknak b\u00e9rek\u00e9nt. Most az olt\u00e1r Golgot\u00e1j\u00e1n \u00fajra itt a dr\u00e1ga v\u00e9r, \u00c1ldozat az Isten-B\u00e1r\u00e1ny, Krisztus teste a keny\u00e9r. Krisztus keny\u00e9r s bor sz\u00edn\u00e9ben&#8230; <\/p>\n<p><a class=\"readmore\" href=\"https:\/\/stuttgarti-katolikusok.de\/index.php\/2021-majus-31-es-junius-6-kozott\/\">R\u00e9szletek<\/a><\/p>\n","protected":false},"author":3,"featured_media":19754,"comment_status":"closed","ping_status":"closed","sticky":false,"template":"","format":"standard","meta":{"footnotes":""},"categories":[37],"tags":[],"class_list":["post-21971","post","type-post","status-publish","format-standard","has-post-thumbnail","hentry","category-progamelozetes"],"yoast_head":"<!-- This site is optimized with the Yoast SEO plugin v27.3 - https:\/\/yoast.com\/product\/yoast-seo-wordpress\/ -->\n<title>2021. m\u00e1jus 31 \u00e9s j\u00fanius 6 k\u00f6z\u00f6tt - Stuttgarti Katolikusok<\/title>\n<meta name=\"robots\" content=\"index, follow, max-snippet:-1, max-image-preview:large, max-video-preview:-1\" \/>\n<link rel=\"canonical\" href=\"https:\/\/stuttgarti-katolikusok.de\/index.php\/2021-majus-31-es-junius-6-kozott\/\" \/>\n<meta property=\"og:locale\" content=\"hu_HU\" \/>\n<meta property=\"og:type\" content=\"article\" \/>\n<meta property=\"og:title\" content=\"2021. m\u00e1jus 31 \u00e9s j\u00fanius 6 k\u00f6z\u00f6tt - Stuttgarti Katolikusok\" \/>\n<meta property=\"og:description\" content=\"Programel\u0151zetes A jelenlegi egyh\u00e1zi rendelkez\u00e9sek \u00e9rtelm\u00e9ben csak a szentmise tarthat\u00f3 meg. Szentmis\u00e9n k\u00f6telez\u0151 a maszk haszn\u00e1lata, jelenl\u00e9ti lista n\u00e9vvel \u00e9s el\u00e9rhet\u0151s\u00e9ggel, kezek fert\u0151tlen\u00edt\u00e9se! Szentmis\u00e9ket a h\u00edvek r\u00e9szv\u00e9tel\u00e9vel csak azon helyeken lehet, ahol a fert\u0151z\u00e9sek sz\u00e1ma ezt lehet\u0151v\u00e9 teszi. Ez sajn\u00e1latos m\u00f3don napr\u00f3l napra v\u00e1ltozhat!\u00a0\u00a0 \u00a0* J\u00fanius 3-\u00e1n,\u00a0cs\u00fct\u00f6rt\u00f6k\u00f6n,\u00a0\u00darnapja, Krisztus Szent Test\u00e9nek \u00e9s V\u00e9r\u00e9nek \u00fcnnepe, Weingartenben 11.00 \u00f3rakor szentmise a 14 Nothelfer Kapelle-ben, Ulmban 15.00 \u00f3rakor szentmise, Stuttgartban 18.00 \u00f3rakor szentmise. \u00a0* J\u00fanius 5-\u00e9n, szombaton, Balingenben, 16.00 \u00f3rakor szentmise,\u00a0melyben \u00darnapj\u00e1t \u00fcnnepelj\u00fck. \u00a0* J\u00fanius 6-\u00e1n, \u00c9vk\u00f6zi 10. vas\u00e1rnap,\u00a0 Schw\u00e4bisch-Gm\u00fcndben 9.30 \u00f3rakor szentmise, melyben \u00darnapj\u00e1t \u00fcnnepelj\u00fck, Stuttgartban 15.00 \u00f3rakor gyermek-szentmise. A szentmis\u00e9n H\u00e4fner Ildik\u00f3 \u00e9s bar\u00e1ti csapata \u00e9nekel. H\u00e1rom nyelven (magyar, n\u00e9met \u00e9s latin) hangzanak fel az \u00e9nekek. Egyben ezen a szentmis\u00e9n csendes megeml\u00e9kez\u00e9st is tartunk a Nemzeti \u00d6sszatartoz\u00e1s Napja kapcs\u00e1n. Mivel imm\u00e1r k\u00e9t esztendeje nincs lehet\u0151s\u00e9g\u00fcnk m\u00e1s form\u00e1ban megeml\u00e9kezni 1920. j\u00fanius 4-r\u0151l, tessz\u00fck ezt m\u00e9lt\u00f3s\u00e1ggal az im\u00e1ds\u00e1gon kereszt\u00fcl mag\u00e1ban a szentmis\u00e9ben. A szentmise egyes\u00edt, k\u00f6z\u00f6ss\u00e9gbe gy\u0171jt, felind\u00edtja a h\u00e1la \u00e9rz\u00e9s\u00e9t sz\u00edv\u00fcnkben. Ameddig fontosak sz\u00e1munkra e tal\u00e1lkoz\u00e1sok, addig \u00e9rt\u00e9keinket \u0151rizz\u00fck, egyben tov\u00e1bb is adjuk. Az al\u00e1bbi k\u00e9p nagyon kifejez\u0151! \u00d6sszetartozunk, b\u00e1r jelenleg hat\u00e1rok v\u00e1lasztanak el benn\u00fcnket. A l\u00e9lekben t\u00f6rt\u00e9n\u0151 tal\u00e1lkoz\u00e1s \u00e1t\u00edvel minden hat\u00e1ron, szabadon! Gyere \u00e9s \u00fcnnepeld vel\u00fcnk ezt az \u00f6sszetartoz\u00e1st! * * Minden helyen mindenkit szeretettel v\u00e1r a k\u00f6z\u00f6ss\u00e9g \u00e9s Tibor atya! * * Kegyelemteljes napokat, tartalmas besz\u00e9lget\u00e9seket \u00e9s \u00f6r\u00f6mteli tal\u00e1lkoz\u00e1sokat k\u00edv\u00e1nunk minden Kedves H\u00edv\u00fcnknek! * \u201eGy\u0151zelemr\u0151l \u00e9nekeljen Napkelet \u00e9s Napnyugat, Milli\u00f3 sz\u00edv \u00f6sszecsengjen, magasztalja az Urat! Krisztus \u00fajra f\u00f6ldre sz\u00e1llott, v\u00e1ndorl\u00e1sunk t\u00e1rsa lett, Mert szerette a vil\u00e1got, keny\u00e9rsz\u00ednbe rejtezett. Krisztus keny\u00e9r s bor sz\u00edn\u00e9ben \u00dar s Kir\u00e1ly a f\u00f6ld felett, Forrassz eggy\u00e9 b\u00e9kess\u00e9gben minden n\u00e9pet s nemzetet! \u00a0 Egykor \u00e9rt\u00fcnk testet \u00f6lt\u00f6tt, kisgyermekk\u00e9nt j\u00f6tt k\u00f6z\u00e9nk, A keresztf\u00e1n v\u00e9re \u00f6ml\u00f6tt v\u00e1lts\u00e1gunknak b\u00e9rek\u00e9nt. Most az olt\u00e1r Golgot\u00e1j\u00e1n \u00fajra itt a dr\u00e1ga v\u00e9r, \u00c1ldozat az Isten-B\u00e1r\u00e1ny, Krisztus teste a keny\u00e9r. Krisztus keny\u00e9r s bor sz\u00edn\u00e9ben... R\u00e9szletek\" \/>\n<meta property=\"og:url\" content=\"https:\/\/stuttgarti-katolikusok.de\/index.php\/2021-majus-31-es-junius-6-kozott\/\" \/>\n<meta property=\"og:site_name\" content=\"Stuttgarti Katolikusok\" \/>\n<meta property=\"article:published_time\" content=\"2021-05-31T23:00:15+00:00\" \/>\n<meta property=\"article:modified_time\" content=\"2021-06-01T11:00:33+00:00\" \/>\n<meta property=\"og:image\" content=\"https:\/\/stuttgarti-katolikusok.de\/wp-content\/uploads\/2020\/06\/urnapja-2020-ulm.jpeg\" \/>\n\t<meta property=\"og:image:width\" content=\"1600\" \/>\n\t<meta property=\"og:image:height\" content=\"1200\" \/>\n\t<meta property=\"og:image:type\" content=\"image\/jpeg\" \/>\n<meta name=\"author\" content=\"Tibor atya\" \/>\n<meta name=\"twitter:card\" content=\"summary_large_image\" \/>\n<meta name=\"twitter:label1\" content=\"Szerz\u0151:\" \/>\n\t<meta name=\"twitter:data1\" content=\"Tibor atya\" \/>\n\t<meta name=\"twitter:label2\" content=\"Becs\u00fclt olvas\u00e1si id\u0151\" \/>\n\t<meta name=\"twitter:data2\" content=\"3 perc\" \/>\n<script type=\"application\/ld+json\" class=\"yoast-schema-graph\">{\"@context\":\"https:\\\/\\\/schema.org\",\"@graph\":[{\"@type\":\"Article\",\"@id\":\"https:\\\/\\\/stuttgarti-katolikusok.de\\\/index.php\\\/2021-majus-31-es-junius-6-kozott\\\/#article\",\"isPartOf\":{\"@id\":\"https:\\\/\\\/stuttgarti-katolikusok.de\\\/index.php\\\/2021-majus-31-es-junius-6-kozott\\\/\"},\"author\":{\"name\":\"Tibor atya\",\"@id\":\"https:\\\/\\\/stuttgarti-katolikusok.de\\\/#\\\/schema\\\/person\\\/75908d6f8fdc03a57889d27209df7795\"},\"headline\":\"2021. m\u00e1jus 31 \u00e9s j\u00fanius 6 k\u00f6z\u00f6tt\",\"datePublished\":\"2021-05-31T23:00:15+00:00\",\"dateModified\":\"2021-06-01T11:00:33+00:00\",\"mainEntityOfPage\":{\"@id\":\"https:\\\/\\\/stuttgarti-katolikusok.de\\\/index.php\\\/2021-majus-31-es-junius-6-kozott\\\/\"},\"wordCount\":639,\"image\":{\"@id\":\"https:\\\/\\\/stuttgarti-katolikusok.de\\\/index.php\\\/2021-majus-31-es-junius-6-kozott\\\/#primaryimage\"},\"thumbnailUrl\":\"https:\\\/\\\/stuttgarti-katolikusok.de\\\/wp-content\\\/uploads\\\/2020\\\/06\\\/urnapja-2020-ulm.jpeg\",\"articleSection\":[\"Progamel\u0151zetes\"],\"inLanguage\":\"hu\"},{\"@type\":\"WebPage\",\"@id\":\"https:\\\/\\\/stuttgarti-katolikusok.de\\\/index.php\\\/2021-majus-31-es-junius-6-kozott\\\/\",\"url\":\"https:\\\/\\\/stuttgarti-katolikusok.de\\\/index.php\\\/2021-majus-31-es-junius-6-kozott\\\/\",\"name\":\"2021. m\u00e1jus 31 \u00e9s j\u00fanius 6 k\u00f6z\u00f6tt - Stuttgarti Katolikusok\",\"isPartOf\":{\"@id\":\"https:\\\/\\\/stuttgarti-katolikusok.de\\\/#website\"},\"primaryImageOfPage\":{\"@id\":\"https:\\\/\\\/stuttgarti-katolikusok.de\\\/index.php\\\/2021-majus-31-es-junius-6-kozott\\\/#primaryimage\"},\"image\":{\"@id\":\"https:\\\/\\\/stuttgarti-katolikusok.de\\\/index.php\\\/2021-majus-31-es-junius-6-kozott\\\/#primaryimage\"},\"thumbnailUrl\":\"https:\\\/\\\/stuttgarti-katolikusok.de\\\/wp-content\\\/uploads\\\/2020\\\/06\\\/urnapja-2020-ulm.jpeg\",\"datePublished\":\"2021-05-31T23:00:15+00:00\",\"dateModified\":\"2021-06-01T11:00:33+00:00\",\"author\":{\"@id\":\"https:\\\/\\\/stuttgarti-katolikusok.de\\\/#\\\/schema\\\/person\\\/75908d6f8fdc03a57889d27209df7795\"},\"breadcrumb\":{\"@id\":\"https:\\\/\\\/stuttgarti-katolikusok.de\\\/index.php\\\/2021-majus-31-es-junius-6-kozott\\\/#breadcrumb\"},\"inLanguage\":\"hu\",\"potentialAction\":[{\"@type\":\"ReadAction\",\"target\":[\"https:\\\/\\\/stuttgarti-katolikusok.de\\\/index.php\\\/2021-majus-31-es-junius-6-kozott\\\/\"]}]},{\"@type\":\"ImageObject\",\"inLanguage\":\"hu\",\"@id\":\"https:\\\/\\\/stuttgarti-katolikusok.de\\\/index.php\\\/2021-majus-31-es-junius-6-kozott\\\/#primaryimage\",\"url\":\"https:\\\/\\\/stuttgarti-katolikusok.de\\\/wp-content\\\/uploads\\\/2020\\\/06\\\/urnapja-2020-ulm.jpeg\",\"contentUrl\":\"https:\\\/\\\/stuttgarti-katolikusok.de\\\/wp-content\\\/uploads\\\/2020\\\/06\\\/urnapja-2020-ulm.jpeg\",\"width\":1600,\"height\":1200},{\"@type\":\"BreadcrumbList\",\"@id\":\"https:\\\/\\\/stuttgarti-katolikusok.de\\\/index.php\\\/2021-majus-31-es-junius-6-kozott\\\/#breadcrumb\",\"itemListElement\":[{\"@type\":\"ListItem\",\"position\":1,\"name\":\"Kezd\u0151lap\",\"item\":\"https:\\\/\\\/stuttgarti-katolikusok.de\\\/\"},{\"@type\":\"ListItem\",\"position\":2,\"name\":\"2021. m\u00e1jus 31 \u00e9s j\u00fanius 6 k\u00f6z\u00f6tt\"}]},{\"@type\":\"WebSite\",\"@id\":\"https:\\\/\\\/stuttgarti-katolikusok.de\\\/#website\",\"url\":\"https:\\\/\\\/stuttgarti-katolikusok.de\\\/\",\"name\":\"Stuttgarti Katolikusok\",\"description\":\"\",\"potentialAction\":[{\"@type\":\"SearchAction\",\"target\":{\"@type\":\"EntryPoint\",\"urlTemplate\":\"https:\\\/\\\/stuttgarti-katolikusok.de\\\/?s={search_term_string}\"},\"query-input\":{\"@type\":\"PropertyValueSpecification\",\"valueRequired\":true,\"valueName\":\"search_term_string\"}}],\"inLanguage\":\"hu\"},{\"@type\":\"Person\",\"@id\":\"https:\\\/\\\/stuttgarti-katolikusok.de\\\/#\\\/schema\\\/person\\\/75908d6f8fdc03a57889d27209df7795\",\"name\":\"Tibor atya\",\"image\":{\"@type\":\"ImageObject\",\"inLanguage\":\"hu\",\"@id\":\"https:\\\/\\\/secure.gravatar.com\\\/avatar\\\/61d268e57d1f4525b111222e29d2d5a7f8c420fdbf231ba5566a8ceac74fa960?s=96&d=mm&r=g\",\"url\":\"https:\\\/\\\/secure.gravatar.com\\\/avatar\\\/61d268e57d1f4525b111222e29d2d5a7f8c420fdbf231ba5566a8ceac74fa960?s=96&d=mm&r=g\",\"contentUrl\":\"https:\\\/\\\/secure.gravatar.com\\\/avatar\\\/61d268e57d1f4525b111222e29d2d5a7f8c420fdbf231ba5566a8ceac74fa960?s=96&d=mm&r=g\",\"caption\":\"Tibor atya\"},\"url\":\"https:\\\/\\\/stuttgarti-katolikusok.de\\\/index.php\\\/author\\\/tibor-atya\\\/\"}]}<\/script>\n<!-- \/ Yoast SEO plugin. -->","yoast_head_json":{"title":"2021. m\u00e1jus 31 \u00e9s j\u00fanius 6 k\u00f6z\u00f6tt - Stuttgarti Katolikusok","robots":{"index":"index","follow":"follow","max-snippet":"max-snippet:-1","max-image-preview":"max-image-preview:large","max-video-preview":"max-video-preview:-1"},"canonical":"https:\/\/stuttgarti-katolikusok.de\/index.php\/2021-majus-31-es-junius-6-kozott\/","og_locale":"hu_HU","og_type":"article","og_title":"2021. m\u00e1jus 31 \u00e9s j\u00fanius 6 k\u00f6z\u00f6tt - Stuttgarti Katolikusok","og_description":"Programel\u0151zetes A jelenlegi egyh\u00e1zi rendelkez\u00e9sek \u00e9rtelm\u00e9ben csak a szentmise tarthat\u00f3 meg. Szentmis\u00e9n k\u00f6telez\u0151 a maszk haszn\u00e1lata, jelenl\u00e9ti lista n\u00e9vvel \u00e9s el\u00e9rhet\u0151s\u00e9ggel, kezek fert\u0151tlen\u00edt\u00e9se! Szentmis\u00e9ket a h\u00edvek r\u00e9szv\u00e9tel\u00e9vel csak azon helyeken lehet, ahol a fert\u0151z\u00e9sek sz\u00e1ma ezt lehet\u0151v\u00e9 teszi. Ez sajn\u00e1latos m\u00f3don napr\u00f3l napra v\u00e1ltozhat!\u00a0\u00a0 \u00a0* J\u00fanius 3-\u00e1n,\u00a0cs\u00fct\u00f6rt\u00f6k\u00f6n,\u00a0\u00darnapja, Krisztus Szent Test\u00e9nek \u00e9s V\u00e9r\u00e9nek \u00fcnnepe, Weingartenben 11.00 \u00f3rakor szentmise a 14 Nothelfer Kapelle-ben, Ulmban 15.00 \u00f3rakor szentmise, Stuttgartban 18.00 \u00f3rakor szentmise. \u00a0* J\u00fanius 5-\u00e9n, szombaton, Balingenben, 16.00 \u00f3rakor szentmise,\u00a0melyben \u00darnapj\u00e1t \u00fcnnepelj\u00fck. \u00a0* J\u00fanius 6-\u00e1n, \u00c9vk\u00f6zi 10. vas\u00e1rnap,\u00a0 Schw\u00e4bisch-Gm\u00fcndben 9.30 \u00f3rakor szentmise, melyben \u00darnapj\u00e1t \u00fcnnepelj\u00fck, Stuttgartban 15.00 \u00f3rakor gyermek-szentmise. A szentmis\u00e9n H\u00e4fner Ildik\u00f3 \u00e9s bar\u00e1ti csapata \u00e9nekel. H\u00e1rom nyelven (magyar, n\u00e9met \u00e9s latin) hangzanak fel az \u00e9nekek. Egyben ezen a szentmis\u00e9n csendes megeml\u00e9kez\u00e9st is tartunk a Nemzeti \u00d6sszatartoz\u00e1s Napja kapcs\u00e1n. Mivel imm\u00e1r k\u00e9t esztendeje nincs lehet\u0151s\u00e9g\u00fcnk m\u00e1s form\u00e1ban megeml\u00e9kezni 1920. j\u00fanius 4-r\u0151l, tessz\u00fck ezt m\u00e9lt\u00f3s\u00e1ggal az im\u00e1ds\u00e1gon kereszt\u00fcl mag\u00e1ban a szentmis\u00e9ben. A szentmise egyes\u00edt, k\u00f6z\u00f6ss\u00e9gbe gy\u0171jt, felind\u00edtja a h\u00e1la \u00e9rz\u00e9s\u00e9t sz\u00edv\u00fcnkben. Ameddig fontosak sz\u00e1munkra e tal\u00e1lkoz\u00e1sok, addig \u00e9rt\u00e9keinket \u0151rizz\u00fck, egyben tov\u00e1bb is adjuk. Az al\u00e1bbi k\u00e9p nagyon kifejez\u0151! \u00d6sszetartozunk, b\u00e1r jelenleg hat\u00e1rok v\u00e1lasztanak el benn\u00fcnket. A l\u00e9lekben t\u00f6rt\u00e9n\u0151 tal\u00e1lkoz\u00e1s \u00e1t\u00edvel minden hat\u00e1ron, szabadon! Gyere \u00e9s \u00fcnnepeld vel\u00fcnk ezt az \u00f6sszetartoz\u00e1st! * * Minden helyen mindenkit szeretettel v\u00e1r a k\u00f6z\u00f6ss\u00e9g \u00e9s Tibor atya! * * Kegyelemteljes napokat, tartalmas besz\u00e9lget\u00e9seket \u00e9s \u00f6r\u00f6mteli tal\u00e1lkoz\u00e1sokat k\u00edv\u00e1nunk minden Kedves H\u00edv\u00fcnknek! * \u201eGy\u0151zelemr\u0151l \u00e9nekeljen Napkelet \u00e9s Napnyugat, Milli\u00f3 sz\u00edv \u00f6sszecsengjen, magasztalja az Urat! Krisztus \u00fajra f\u00f6ldre sz\u00e1llott, v\u00e1ndorl\u00e1sunk t\u00e1rsa lett, Mert szerette a vil\u00e1got, keny\u00e9rsz\u00ednbe rejtezett. Krisztus keny\u00e9r s bor sz\u00edn\u00e9ben \u00dar s Kir\u00e1ly a f\u00f6ld felett, Forrassz eggy\u00e9 b\u00e9kess\u00e9gben minden n\u00e9pet s nemzetet! \u00a0 Egykor \u00e9rt\u00fcnk testet \u00f6lt\u00f6tt, kisgyermekk\u00e9nt j\u00f6tt k\u00f6z\u00e9nk, A keresztf\u00e1n v\u00e9re \u00f6ml\u00f6tt v\u00e1lts\u00e1gunknak b\u00e9rek\u00e9nt. Most az olt\u00e1r Golgot\u00e1j\u00e1n \u00fajra itt a dr\u00e1ga v\u00e9r, \u00c1ldozat az Isten-B\u00e1r\u00e1ny, Krisztus teste a keny\u00e9r. Krisztus keny\u00e9r s bor sz\u00edn\u00e9ben... R\u00e9szletek","og_url":"https:\/\/stuttgarti-katolikusok.de\/index.php\/2021-majus-31-es-junius-6-kozott\/","og_site_name":"Stuttgarti Katolikusok","article_published_time":"2021-05-31T23:00:15+00:00","article_modified_time":"2021-06-01T11:00:33+00:00","og_image":[{"width":1600,"height":1200,"url":"https:\/\/stuttgarti-katolikusok.de\/wp-content\/uploads\/2020\/06\/urnapja-2020-ulm.jpeg","type":"image\/jpeg"}],"author":"Tibor atya","twitter_card":"summary_large_image","twitter_misc":{"Szerz\u0151:":"Tibor atya","Becs\u00fclt olvas\u00e1si id\u0151":"3 perc"},"schema":{"@context":"https:\/\/schema.org","@graph":[{"@type":"Article","@id":"https:\/\/stuttgarti-katolikusok.de\/index.php\/2021-majus-31-es-junius-6-kozott\/#article","isPartOf":{"@id":"https:\/\/stuttgarti-katolikusok.de\/index.php\/2021-majus-31-es-junius-6-kozott\/"},"author":{"name":"Tibor atya","@id":"https:\/\/stuttgarti-katolikusok.de\/#\/schema\/person\/75908d6f8fdc03a57889d27209df7795"},"headline":"2021. m\u00e1jus 31 \u00e9s j\u00fanius 6 k\u00f6z\u00f6tt","datePublished":"2021-05-31T23:00:15+00:00","dateModified":"2021-06-01T11:00:33+00:00","mainEntityOfPage":{"@id":"https:\/\/stuttgarti-katolikusok.de\/index.php\/2021-majus-31-es-junius-6-kozott\/"},"wordCount":639,"image":{"@id":"https:\/\/stuttgarti-katolikusok.de\/index.php\/2021-majus-31-es-junius-6-kozott\/#primaryimage"},"thumbnailUrl":"https:\/\/stuttgarti-katolikusok.de\/wp-content\/uploads\/2020\/06\/urnapja-2020-ulm.jpeg","articleSection":["Progamel\u0151zetes"],"inLanguage":"hu"},{"@type":"WebPage","@id":"https:\/\/stuttgarti-katolikusok.de\/index.php\/2021-majus-31-es-junius-6-kozott\/","url":"https:\/\/stuttgarti-katolikusok.de\/index.php\/2021-majus-31-es-junius-6-kozott\/","name":"2021. m\u00e1jus 31 \u00e9s j\u00fanius 6 k\u00f6z\u00f6tt - Stuttgarti Katolikusok","isPartOf":{"@id":"https:\/\/stuttgarti-katolikusok.de\/#website"},"primaryImageOfPage":{"@id":"https:\/\/stuttgarti-katolikusok.de\/index.php\/2021-majus-31-es-junius-6-kozott\/#primaryimage"},"image":{"@id":"https:\/\/stuttgarti-katolikusok.de\/index.php\/2021-majus-31-es-junius-6-kozott\/#primaryimage"},"thumbnailUrl":"https:\/\/stuttgarti-katolikusok.de\/wp-content\/uploads\/2020\/06\/urnapja-2020-ulm.jpeg","datePublished":"2021-05-31T23:00:15+00:00","dateModified":"2021-06-01T11:00:33+00:00","author":{"@id":"https:\/\/stuttgarti-katolikusok.de\/#\/schema\/person\/75908d6f8fdc03a57889d27209df7795"},"breadcrumb":{"@id":"https:\/\/stuttgarti-katolikusok.de\/index.php\/2021-majus-31-es-junius-6-kozott\/#breadcrumb"},"inLanguage":"hu","potentialAction":[{"@type":"ReadAction","target":["https:\/\/stuttgarti-katolikusok.de\/index.php\/2021-majus-31-es-junius-6-kozott\/"]}]},{"@type":"ImageObject","inLanguage":"hu","@id":"https:\/\/stuttgarti-katolikusok.de\/index.php\/2021-majus-31-es-junius-6-kozott\/#primaryimage","url":"https:\/\/stuttgarti-katolikusok.de\/wp-content\/uploads\/2020\/06\/urnapja-2020-ulm.jpeg","contentUrl":"https:\/\/stuttgarti-katolikusok.de\/wp-content\/uploads\/2020\/06\/urnapja-2020-ulm.jpeg","width":1600,"height":1200},{"@type":"BreadcrumbList","@id":"https:\/\/stuttgarti-katolikusok.de\/index.php\/2021-majus-31-es-junius-6-kozott\/#breadcrumb","itemListElement":[{"@type":"ListItem","position":1,"name":"Kezd\u0151lap","item":"https:\/\/stuttgarti-katolikusok.de\/"},{"@type":"ListItem","position":2,"name":"2021. m\u00e1jus 31 \u00e9s j\u00fanius 6 k\u00f6z\u00f6tt"}]},{"@type":"WebSite","@id":"https:\/\/stuttgarti-katolikusok.de\/#website","url":"https:\/\/stuttgarti-katolikusok.de\/","name":"Stuttgarti Katolikusok","description":"","potentialAction":[{"@type":"SearchAction","target":{"@type":"EntryPoint","urlTemplate":"https:\/\/stuttgarti-katolikusok.de\/?s={search_term_string}"},"query-input":{"@type":"PropertyValueSpecification","valueRequired":true,"valueName":"search_term_string"}}],"inLanguage":"hu"},{"@type":"Person","@id":"https:\/\/stuttgarti-katolikusok.de\/#\/schema\/person\/75908d6f8fdc03a57889d27209df7795","name":"Tibor atya","image":{"@type":"ImageObject","inLanguage":"hu","@id":"https:\/\/secure.gravatar.com\/avatar\/61d268e57d1f4525b111222e29d2d5a7f8c420fdbf231ba5566a8ceac74fa960?s=96&d=mm&r=g","url":"https:\/\/secure.gravatar.com\/avatar\/61d268e57d1f4525b111222e29d2d5a7f8c420fdbf231ba5566a8ceac74fa960?s=96&d=mm&r=g","contentUrl":"https:\/\/secure.gravatar.com\/avatar\/61d268e57d1f4525b111222e29d2d5a7f8c420fdbf231ba5566a8ceac74fa960?s=96&d=mm&r=g","caption":"Tibor atya"},"url":"https:\/\/stuttgarti-katolikusok.de\/index.php\/author\/tibor-atya\/"}]}},"_links":{"self":[{"href":"https:\/\/stuttgarti-katolikusok.de\/index.php\/wp-json\/wp\/v2\/posts\/21971","targetHints":{"allow":["GET"]}}],"collection":[{"href":"https:\/\/stuttgarti-katolikusok.de\/index.php\/wp-json\/wp\/v2\/posts"}],"about":[{"href":"https:\/\/stuttgarti-katolikusok.de\/index.php\/wp-json\/wp\/v2\/types\/post"}],"author":[{"embeddable":true,"href":"https:\/\/stuttgarti-katolikusok.de\/index.php\/wp-json\/wp\/v2\/users\/3"}],"replies":[{"embeddable":true,"href":"https:\/\/stuttgarti-katolikusok.de\/index.php\/wp-json\/wp\/v2\/comments?post=21971"}],"version-history":[{"count":7,"href":"https:\/\/stuttgarti-katolikusok.de\/index.php\/wp-json\/wp\/v2\/posts\/21971\/revisions"}],"predecessor-version":[{"id":22008,"href":"https:\/\/stuttgarti-katolikusok.de\/index.php\/wp-json\/wp\/v2\/posts\/21971\/revisions\/22008"}],"wp:featuredmedia":[{"embeddable":true,"href":"https:\/\/stuttgarti-katolikusok.de\/index.php\/wp-json\/wp\/v2\/media\/19754"}],"wp:attachment":[{"href":"https:\/\/stuttgarti-katolikusok.de\/index.php\/wp-json\/wp\/v2\/media?parent=21971"}],"wp:term":[{"taxonomy":"category","embeddable":true,"href":"https:\/\/stuttgarti-katolikusok.de\/index.php\/wp-json\/wp\/v2\/categories?post=21971"},{"taxonomy":"post_tag","embeddable":true,"href":"https:\/\/stuttgarti-katolikusok.de\/index.php\/wp-json\/wp\/v2\/tags?post=21971"}],"curies":[{"name":"wp","href":"https:\/\/api.w.org\/{rel}","templated":true}]}}