{"id":21936,"date":"2021-05-15T12:45:49","date_gmt":"2021-05-15T12:45:49","guid":{"rendered":"https:\/\/stuttgarti-katolikusok.de\/?p=21936"},"modified":"2021-05-18T13:45:59","modified_gmt":"2021-05-18T13:45:59","slug":"urunk-mennybemenetele","status":"publish","type":"post","link":"https:\/\/stuttgarti-katolikusok.de\/index.php\/urunk-mennybemenetele\/","title":{"rendered":"Urunk mennybemenetele"},"content":{"rendered":"<p><em>Nagycs\u00fct\u00f6rt\u00f6k est\u00e9j\u00e9t\u0151l J\u00e9zus \u00e1lland\u00f3 mozg\u00e1sban van. F\u00f6lkelt a vacsor\u00e1t\u00f3l (surrexit), leereszkedett, majd ism\u00e9t<\/em><br \/>\n<em>f\u00f6lkelt (resurrexit), \u00e9s f\u00f6lment a mennybe. Az \u00f5 megal\u00e1ztat\u00e1sa \u00e9s felemeltet\u00e9se a mi felemelked\u00e9s\u00fcnk. Tal\u00e1n \u00e9ppen ezt \u00e9rthett\u00e9k meg az apostolok az utols\u00f3 tal\u00e1lkoz\u00e1sban, hiszen leborulva im\u00e1dt\u00e1k, majd nem azon keseregtek, hogy elment, hanem nagy \u00f6r\u00f6mmel visszat\u00e9rtek Jeruzs\u00e1lembe, mert meg\u00edg\u00e9rte, hogy visszaj\u00f6n, \u0151k pedig v\u00e1rt\u00e1k.<\/em><br \/>\n<em>T\u00f6bb szerzetesrendben a szentmise \u00e9s a zsolozsma kiemelt pontjain\u00e1l a k\u00f6z\u00f6ss\u00e9g tagjai, kil\u00e9pve \u00fcl\u0151hely\u00fckr\u0151l, egyenesen<\/em><br \/>\n<em>\u00e1llva, a szent\u00e9ly \u2013 vagyis kelet \u2013 fel\u00e9 fordulnak. Az Olajf\u00e1k hegy\u00e9nek tan\u00edtv\u00e1nyi \u00e1llapot\u00e1t, a fesz\u00fclt figyelmet id\u00e9zi f\u00f6l ez a<\/em><br \/>\n<em>mozdulat, a bizalomteljes odafordul\u00e1st \u201ea kegyelem tr\u00f3nus\u00e1hoz, hogy irgalmat nyerj\u00fcnk\u201d (Zsid 4,16); annak test\u00fcnk-lelk\u00fcnk \u00e1tir\u00e1ny\u00edt\u00e1s\u00e1val val\u00f3 v\u00e1r\u00e1s\u00e1t, aki az elmenetel \u00e9s a v\u00e9gs\u00f5 visszat\u00e9r\u00e9s k\u00f6z\u00f6tti Idolen \u00fajb\u00f3l \u00e9s \u00fajb\u00f3l visszat\u00e9r az Euchariszti\u00e1ban.<\/em><br \/>\n<em>Ez\u00e9rt is im\u00e1dkozt\u00e1k az els\u0151 kereszt\u00e9nyek a szentmise z\u00e1r\u00e1sakor: \u201eMarana tha\u201d (j\u00f6jj el, Uram) vagy \u201eMaran<\/em><br \/>\n<em>atha\u201d (az \u00dar elj\u00f6tt). Fontos teh\u00e1t tudatos\u00edtanunk, hogy a szentmise nem bar\u00e1ti lakoma, hanem fesz\u00fclt figyelem, Istenre<\/em><br \/>\n<em>ir\u00e1nyults\u00e1g Krisztus felaj\u00e1nl\u00e1s\u00e1ban \u00e9s befogad\u00e1s\u00e1ban.<\/em><br \/>\n<em>A k\u00f6z\u00e9pkori liturgikus k\u00f6nyvek inici\u00e1l\u00e9in e nap jelenet\u00e9n\u00e9l gyakran \u00e1br\u00e1zolj\u00e1k J\u00e9zust \u00fagy, mint akinek m\u00e1r csak k\u00e9t l\u00e1bfej\u00e9t nem takarj\u00e1k az \u00e9g felh\u0151i, a hegy tetej\u00e9n pedig, ahonnan felemelkedett, k\u00e9t l\u00e1bnyom marad, ami egyszerre jelzi f\u00f6lemelked\u00e9s\u00e9nek hely\u00e9t \u00e9s valamik\u00e9ppeni itt marad\u00e1s\u00e1t. Ezt a k\u00e9pi mot\u00edvumot nyugodtan azonos\u00edthatjuk a tan\u00edtv\u00e1nny\u00e1 form\u00e1l\u00e1snak a mai evang\u00e9liumban hallott k\u00e9t feladat\u00e1val: kereszteljetek \u00e9s tan\u00edtsatok, hogy hatalmam megnyilv\u00e1nuljon a vil\u00e1gban.<\/em><br \/>\n<em>A mennybe men\u00f5 Krisztus v\u00e9gs\u00f5 parancsa teh\u00e1t tan\u00edtv\u00e1nyai sz\u00e1m\u00e1ra: tan\u00edt\u00e1s \u00e9s szents\u00e9gkiszolg\u00e1ltat\u00e1s.Szent M\u00e1t\u00e9 evang\u00e9lium\u00e1ban a tan\u00edt\u00e1s foglalata a hegyi besz\u00e9d, ami alapj\u00e1n az Egyh\u00e1z tan\u00edt\u00f3munk\u00e1j\u00e1nak legfontosabb elemeit a k\u00f6vetkez\u00f5kben hat\u00e1rozhatjuk meg: elvezetni a vil\u00e1got arra, hogy Isten nem ellens\u00e9g, szemben \u00e1ll\u00f3 f\u00e9l, hanem Atya, bar\u00e1t, akinek elsaj\u00e1t\u00edthatjuk sz\u00edve gondolat\u00e1t. Megmutatni a nyolc boldogs\u00e1g er\u00e9nyeit mint \u00e9rtelmes \u00e9letform\u00e1t; \u00fagy v\u00e9gezni a szeretet cselekedeteit, hogy azok, akik abban r\u00e9szesednek, val\u00f3ban boldogg\u00e1 v\u00e1ljanak; \u00e9s elfogad(tat)ni: r\u00e9szt kapunk az \u00dar sors\u00e1b\u00f3l. Ahol ezek val\u00f3s\u00e1gg\u00e1 lesznek, ott b\u00e1r az \u00e9rz\u00e9kek sz\u00e1m\u00e1ra t\u00e1voli marad, ezekben a jelekben m\u00e9gis eg\u00e9szen re\u00e1lis lesz a Krisztussal val\u00f3 tal\u00e1lkoz\u00e1s.<\/em><br \/>\n<em>Evang\u00e9lium\u00e1nak els\u0151 fejezet\u00e9ben Szent M\u00e1t\u00e9 a megtestes\u00fcl\u00e9st \u00fagy mutatta be, mint ami beteljes\u00edti a \u201eVel\u00fcnk az Isten\u201d pr\u00f3f\u00e9ci\u00e1t, J\u00e9zus utols\u00f3 szavak\u00e9nt pedig ez hangzik el a m\u0171 z\u00e1r\u00f3mondat\u00e1ban: \u201e\u00cdme, \u00e9n veletek vagyok mindennap a vil\u00e1g v\u00e9g\u00e9ig\u201d (Mt 28,20). Valah\u00e1nyszor kiszolg\u00e1ltatom a kereszts\u00e9g, a gy\u00f3n\u00e1s szents\u00e9g\u00e9t, papk\u00e9nt mindig ki kell mondanom: \u00e9n t\u00e9ged megkeresztellek, \u00e9n t\u00e9ged feloldozlak. S hogy ez az \u201e\u00e9n\u201d els\u0151sorban nem \u00e9n vagyok, hanem a szolg\u00e1latomon kereszt\u00fcl cselekv\u0151 Krisztus, az az \u00e1tv\u00e1ltoztat\u00e1s szavaiban v\u00e1lik eg\u00e9szen vil\u00e1goss\u00e1, mert ott, mik\u00f6zben azt mondom, \u201eaz \u00e9n testem\u201d \u00e9s \u201eaz \u00e9n v\u00e9rem\u201d, e szavak \u00e1ltal nyilv\u00e1nval\u00f3an nem az eny\u00e9m az a test \u00e9s v\u00e9r, hanem Krisztus\u00e9, akinek vel\u00fcnk egy\u00fctt munk\u00e1lkod\u00f3 hatalma nyilv\u00e1nval\u00f3 lesz szolg\u00e1latom \u00e1ltal. Isten nem mozdulatlan mozgat\u00f3, hanem sz\u00fcntelen mozg\u00e1sban van, f\u00f6lemelkedik \u00e9s al\u00e1sz\u00e1ll. A tan\u00edtv\u00e1nyoknak ezt az Olajf\u00e1k hegyi tapasztalat\u00e1t \u00e9li meg minden vas\u00e1rnap az Egyh\u00e1z, \u00e9s ennek kell form\u00e1lnia minden egy\u00e9b megnyilv\u00e1nul\u00e1s\u00e1t. Ahogy m\u00e1r az els\u00f5 sz\u00e1zadokban vallott\u00e1k:\u00a0 Gondolkod\u00e1sunk megegyezik az Euchariszti\u00e1val, az Eucharisztia viszont meger\u00f5s\u00edti gondolkod\u00e1sunkat.\u201d Az Euchariszti\u00e1r\u00f3l sz\u00f3l\u00f3 szin\u00f3dusi buzd\u00edt\u00e1sban pedig ennek kifejt\u00e9sek\u00e9nt olvassuk: \u201eA vas\u00e1rnap szerint \u00e9lni\u201d azt jelenti: a Krisztust\u00f3l nyert szabadul\u00e1s tudat\u00e1ban \u00e9lni, \u00e9s \u00fagy kibontakoztatni az \u00e9letet, mint Istennek f\u00f6laj\u00e1nlott \u00e1ldozatot, mert Krisztus gy\u00f5zelme minden ember bels\u00f5leg meg\u00faj\u00edtott \u00e9letvitel\u00e9ben mutatkozik meg teljesen.<\/em><br \/>\n<em>K\u00e1lm\u00e1n Peregrin OFM<\/em><br \/>\n<em>pasar\u00e9ti pl\u00e9b\u00e1nos<\/em><\/p>\n<p><span style=\"color: #ff6600;\">KEZD\u00d5\u00c9NEK ApCsel 1,11 Vagy: Ho 95; \u00c9E 562<\/span><br \/>\nGalileai f\u00e9rfiak! Mit n\u00e9ztek csod\u00e1lkozva az \u00e9gre?<br \/>\nAhogyan szemetek l\u00e1tt\u00e1ra J\u00e9zus a mennybe ment,<br \/>\n\u00fagy j\u00f6n el egykor ism\u00e9t, alleluja.<\/p>\n<p><span style=\"color: #ff6600;\">K\u00d6NY\u00d6RG\u00c9S<\/span><br \/>\nMindenhat\u00f3 Isten\u00fcnk, hadd ujjongjunk szent \u00f6r\u00f6mmel \u00e9s hadd<br \/>\nvigadjunk gyermeki h\u00e1laad\u00e1ssal, mert szent Fiadnak, Krisztusnak<br \/>\nmennybemenetele a mi f\u00f6lemelked\u00e9s\u00fcnk: ahov\u00e1 ugyanis a<br \/>\nF\u00f5 eljutott dics\u00f5s\u00e9gben, oda kapott megh\u00edv\u00e1st az eg\u00e9sz test, az<br \/>\nEgyh\u00e1z, rem\u00e9nys\u00e9gben. A mi Urunk, J\u00e9zus Krisztus, a te Fiad<br \/>\n\u00e1ltal, aki veled \u00e9l \u00e9s uralkodik a Szentl\u00e9lekkel egys\u00e9gben, Isten<br \/>\nmind\u00f6r\u00f6kk\u00f6n-\u00f6r\u00f6kk\u00e9. \u2013 \u00c1men.<\/p>\n<p><span style=\"color: #ff6600;\">OLVASM\u00c1NY az Apostolok Cselekedeteib\u00f5l &#8211; <em>(ApCsel 1,1\u201311)<\/em><\/span><br \/>\n<em>J\u00e9zus az apostolok szeme l\u00e1tt\u00e1ra f\u00f6lemelkedett az \u00e9gbe.<\/em><\/p>\n<p>Els\u0151 k\u00f6nyvemben, kedves Teofil, elbesz\u00e9ltem, mi mindent tett \u00e9s tan\u00edtott J\u00e9zus eg\u00e9szen addig a napig, amelyen megb\u00edz\u00e1st<br \/>\nadott a Szentl\u00e9lek \u00e1ltal kiv\u00e1lasztott apostoloknak, \u00e9s f\u00f6lv\u00e9tetett a mennybe. Szenved\u00e9se ut\u00e1n sokf\u00e9lek\u00e9ppen bebizony\u00edtotta, hogy \u00e9l: negyven napon \u00e1t ism\u00e9telten megjelent nekik, \u00e9s besz\u00e9lt az Isten orsz\u00e1g\u00e1r\u00f3l. Amikor egy alkalommal egy\u00fctt \u00e9tkezett vel\u00fck, megparancsolta nekik, hogy ne hagyj\u00e1k el Jeruzs\u00e1lemet, hanem v\u00e1rjanak az Atya \u00edg\u00e9ret\u00e9re, amelyr\u00f5l, mint mondta, \u201et\u00f5lem hallottatok: J\u00e1nos csak v\u00edzzel keresztelt, de ti n\u00e9h\u00e1ny nap m\u00falva a Szentl\u00e9lekkel fogtok megkeresztelkedni\u201d. Az egybegy\u0171ltek erre megk\u00e9rdezt\u00e9k: \u201eUram, most fogod helyre\u00e1ll\u00edtani Izrael orsz\u00e1g\u00e1t?\u201d \u0150 azt felelte: \u201eNem a ti dolgotok, hogy ismerj\u00e9tek az id\u0151pontokat \u00e9s az alkalmakat. Ezeket az Atya szabta meg a saj\u00e1t tetsz\u00e9se szerint. De amikor lesz\u00e1ll r\u00e1tok a Szentl\u00e9lek, er\u0151 t\u00f6lt el benneteket, \u00e9s tan\u00faim lesztek Jeruzs\u00e1lemben, eg\u00e9sz<br \/>\nJ\u00fade\u00e1ban \u00e9s Szamari\u00e1ban, s\u0151t eg\u00e9szen a f\u00f6ld v\u00e9gs\u0151 hat\u00e1r\u00e1ig.\u201d<br \/>\nMiut\u00e1n ezeket elmondta, a szem\u00fck l\u00e1tt\u00e1ra f\u00f6lemelkedett, \u00e9s egy felh\u0151 elfedte \u00fagy, hogy tov\u00e1bb m\u00e1r nem l\u00e1thatt\u00e1k. Mik\u00f6zben fesz\u00fclten figyelt\u00e9k, hogyan emelkedik az \u00e9gbe, egyszerre k\u00e9t f\u00e9rfi \u00e1llt meg mellett\u00fck, feh\u00e9r ruh\u00e1ba \u00f6lt\u00f6zve, \u00e9s megsz\u00f3l\u00edtotta \u0151ket: \u201eGalileai f\u00e9rfiak! Mi\u00e9rt \u00e1lltok itt \u00e9gre emelt tekintettel? Ez a J\u00e9zus, aki k\u00f6z\u00fcletek az \u00e9gbe emelkedett, \u00fagy j\u00f6n el ism\u00e9t, ahogyan most szemetek l\u00e1tt\u00e1ra a mennybe ment.\u201d<br \/>\nEz az Isten ig\u00e9je. \u2013 Istennek legyen h\u00e1la.<\/p>\n<p><span style=\"color: #ff6600;\">V\u00c1LASZOS ZSOLT\u00c1R 46,2\u20133. 6\u20137. 8\u20139 5. t\u00f3nus<\/span><\/p>\n<p><span style=\"color: #ff6600;\">V\u00e1lasz: <em>Ujjong\u00e1s k\u00f6zt ment f\u00f6l Isten, * az \u00dar \u00e9gbe emelkedett harsonasz\u00f3val<\/em><\/span>. 6. vers<\/p>\n<p>Tapsoljatok, nemzetek, mindny\u00e1jan, * ujjongjatok Istennek dics\u00e9r\u0151 sz\u00f3val.<br \/>\nMert f\u00e9lelmetes az \u00dar, a f\u00f6ls\u00e9ges Isten, * nagy kir\u00e1ly az eg\u00e9sz f\u00f6ld\u00f6n.<\/p>\n<p><span style=\"color: #ff6600;\">\u2013 Ujjong\u00e1s k\u00f6zt ment f\u00f6l Isten, * az \u00dar \u00e9gbe emelkedett harsonasz\u00f3val.\u00a0<\/span><\/p>\n<p>Ujjong\u00e1s k\u00f6zt ment f\u00f6l Isten, *\u00a0 az \u00dar \u00e9gbe emelkedett harsonasz\u00f3val.<br \/>\nZengjetek dalt Isten\u00fcnknek, zengjetek. * zengjetek dalt kir\u00e1lyunknak, zsolt\u00e1rt zengjetek!<\/p>\n<p><span style=\"color: #ff6600;\">\u2013 Ujjong\u00e1s k\u00f6zt ment f\u00f6l Isten, * az \u00dar \u00e9gbe emelkedett harsonasz\u00f3val.<\/span><\/p>\n<p>Mivel Isten az eg\u00e9sz f\u00f6ld kir\u00e1lya, * b\u00f6lcsess\u00e9ggel neki \u00e9neket zengjetek.<br \/>\nIsten orsz\u00e1gol a nemzetek f\u00f6l\u00f6tt, * szent tr\u00f3nus\u00e1n \u00fcl az Isten.<\/p>\n<p><span style=\"color: #ff6600;\">\u2013 Ujjong\u00e1s k\u00f6zt ment f\u00f6l Isten, * az \u00dar \u00e9gbe emelkedett harsonasz\u00f3val.<\/span><\/p>\n<p><span style=\"color: #ff6600;\">SZENTLECKE Szent P\u00e1l apostolnak az efezusiakhoz \u00edrt level\u00e9b\u00f5l &#8211; (Ef 1,17\u201323)<\/span><br \/>\n<em>Isten J\u00e9zus Krisztust a mennyben jobbj\u00e1ra \u00fcltette.<\/em><\/p>\n<p>Testv\u00e9reim! Urunk, J\u00e9zus Krisztus Istene, a dics\u0151s\u00e9g Atyja adja meg nektek a b\u00f6lcsess\u00e9g \u00e9s kinyilatkoztat\u00e1s lelk\u00e9t, hogy megismerj\u00e9tek \u0151t! Gy\u00fajtson vil\u00e1goss\u00e1got lelketekben, hogy meg\u00e9rts\u00e9tek: milyen rem\u00e9nyre h\u00edvott meg titeket, milyen gazdag az a fens\u00e9ges \u00f6r\u00f6ks\u00e9g, amelyet \u0151 a szenteknek sz\u00e1n, \u00e9s milyen m\u00e9rhetetlen\u00fcl nagy az \u0151 hatalma mirajtunk, h\u00edv\u0151k\u00f6n. Nagyszer\u0171 erej\u00e9t Krisztusban mutatta meg, amikor a hal\u00e1lb\u00f3l felt\u00e1masztotta \u0151t, \u00e9s a mennyben jobbj\u00e1ra \u00fcltette. F\u00f6l\u00e9 emelte minden fejedelems\u00e9gnek, hatalomnak, er\u0151nek \u00e9s uralomnak, s minden n\u00e9ven nevezend\u0151 m\u00e9lt\u00f3s\u00e1gnak, nemcsak ezen a vil\u00e1gon, hanem az elj\u00f6vend\u00f5ben is. Mindent l\u00e1ba al\u00e1 vetett, \u0151t mag\u00e1t pedig az eg\u00e9sz Egyh\u00e1z fej\u00e9v\u00e9 tette: ez az \u0151 teste, \u00e9s teljess\u00e9ge annak, aki mindent mindenben bet\u00f6lt.<br \/>\nEz az Isten ig\u00e9je. \u2013 Istennek legyen h\u00e1la.<\/p>\n<p><span style=\"color: #ff6600;\">ALLELUJA<\/span><br \/>\n<em><span style=\"color: #ff6600;\">Alleluja. 5. sz\u00e1m<\/span><\/em><br \/>\nJ\u00e9zus mondja: \u2020 Menjetek, tegyetek tan\u00edtv\u00e1nyomm\u00e1 minden n\u00e9pet! * \u00c9n veletek vagyok a vil\u00e1g v\u00e9g\u00e9ig. Mt 28,19a 20b<br \/>\n<em><span style=\"color: #ff6600;\">Alleluja. 5. t\u00f3nus<\/span><\/em><\/p>\n<p><span style=\"color: #ff6600;\">\u2020 EVANG\u00c9LIUM Szent M\u00e1t\u00e9 k\u00f6nyv\u00e9b\u00f5l &#8211; (Mt 28,16\u201320)<\/span><br \/>\n<em>\u00c9n kaptam meg minden hatalmat az \u00e9gen \u00e9s a f\u00f6ld\u00f6n.<\/em><\/p>\n<p>Abban az id\u0151ben: A tizenegy tan\u00edtv\u00e1ny elment Galile\u00e1ba, fel arra a hegyre, ahova J\u00e9zus rendelte \u0151ket. Amikor megl\u00e1tt\u00e1k \u0151t, leborultak el\u0151tte a f\u00f6ldre. Egyesek azonban m\u00e9g mindig k\u00e9telkedtek. J\u00e9zus odament hozz\u00e1juk, \u00e9s ezt mondta nekik:\u201e\u00c9n kaptam meg minden hatalmat az \u00e9gen \u00e9s a f\u00f6ld\u00f6n. Ez\u00e9rt most menjetek el, \u00e9s tegyetek tan\u00edtv\u00e1nyomm\u00e1 minden<br \/>\nnemzetet! Keresztelj\u00e9tek meg \u00f5ket az Atya, a Fi\u00fa \u00e9s a Szentl\u00e9lek nev\u00e9ben! Tan\u00edts\u00e1tok meg \u0151ket mindannak megtart\u00e1s\u00e1ra, amit parancsoltam nektek! \u00c9s \u00edme, \u00e9n veletek vagyok mindennap a vil\u00e1g v\u00e9g\u00e9ig!\u201d<br \/>\nEzek az evang\u00e9lium ig\u00e9i. \u2013 \u00c1ldunk t\u00e9ged, Krisztus.<\/p>\n<p><span style=\"color: #ff6600;\">H\u00cdVEK K\u00d6NY\u00d6RG\u00c9SE<\/span><\/p>\n<p><em><strong>Forduljunk, testv\u00e9reim, \u00f6rvendez\u0151 l\u00e9lekkel Isten\u00fcnkh\u00f6z, mert a mi Urunk felment a mennybe, elfoglalta tr\u00f3nj\u00e1t <\/strong><\/em><em><strong>Atyj\u00e1nak jobbj\u00e1n, mi pedig v\u00e1rva v\u00e1rjuk dics\u0151s\u00e9ges elj\u00f6vetel\u00e9t!<\/strong><\/em><\/p>\n<p>1. K\u00f6ny\u00f6r\u00f6gj\u00fcnk Isten szent Egyh\u00e1z\u00e1\u00e9rt, hogy a vil\u00e1gban tan\u00fas\u00e1got tegyen Urunkr\u00f3l, J\u00e9zus Krisztusr\u00f3l!<br \/>\n\u2013 K\u00e9r\u00fcnk t\u00e9ged, hallgass meg minket!<\/p>\n<p>2. K\u00f6ny\u00f6r\u00f6gj\u00fcnk az Egyh\u00e1z el\u00f6lj\u00e1r\u00f3i\u00e9rt, hogy az \u00edt\u00e9let napj\u00e1n \u00f6r\u00f6mmel adhassanak sz\u00e1mot a mi lelk\u00fcnkr\u0151l!<br \/>\n\u2013 K\u00e9r\u00fcnk t\u00e9ged&#8230;<\/p>\n<p>3. K\u00f6ny\u00f6r\u00f6gj\u00fcnk a n\u00e9pek vezet\u0151i\u00e9rt, hogy igazs\u00e1goss\u00e1gban \u00e9s szeretetben, b\u00e9k\u00e9ben \u00e9s szabads\u00e1gban korm\u00e1nyozz\u00e1k<br \/>\na n\u00e9peket! \u2013 K\u00e9r\u00fcnk t\u00e9ged&#8230;<\/p>\n<p>4. K\u00f6ny\u00f6r\u00f6gj\u00fcnk az Egyh\u00e1z tagjai\u00e9rt, hogy Urunk mennybemenetele adjon er\u0151t nekik a k\u00eds\u00e9rt\u00e9sekben, \u00e9s h\u0171s\u00e9gesnek tal\u00e1ltassanak! \u2013 K\u00e9r\u00fcnk t\u00e9ged&#8230;<\/p>\n<p>5. K\u00f6ny\u00f6r\u00f6gj\u00fcnk egyh\u00e1zk\u00f6zs\u00e9g\u00fcnk\u00e9rt, hogy egykor mindny\u00e1jan egy\u00fctt lehess\u00fcnk Krisztusnak \u00e9s az \u0151 szentjeinek dics\u0151s\u00e9g\u00e9ben! \u2013 K\u00e9r\u00fcnk t\u00e9ged&#8230;<\/p>\n<p><em><strong>Urunk, Isten\u00fcnk! Seg\u00edts, hogy mindig h\u00edven szolg\u00e1ljunk Szent F\u00f6ls\u00e9gednek, el ne vesz\u00edts\u00fck kegyelmed aj\u00e1nd\u00e9kait, <\/strong><\/em><em><strong>\u00e9s \u00edgy folytonosan vel\u00fcnk maradj a f\u00f6ld\u00f6n, m\u00edg egykor eljutunk hozz\u00e1d a mennyei dics\u0151s\u00e9gbe. Krisztus, a mi Urunk \u00e1ltal. \u2013 \u00c1men.<\/strong><\/em><\/p>\n<p><span style=\"color: #ff6600;\">FELAJ\u00c1NL\u00d3 K\u00d6NY\u00d6RG\u00c9S<\/span><br \/>\nIsten\u00fcnk, h\u00e1la\u00e1ldozatot mutatunk be neked Fiad mennybemenetel\u00e9nek<br \/>\n\u00fcnnep\u00e9n. Al\u00e1zattal k\u00e9r\u00fcnk, viszonz\u00e1sul add, hogy<br \/>\nszents\u00e9gi aj\u00e1nd\u00e9kaid mennyei \u00e9letre keltsenek minket. Krisztus,<br \/>\na mi Urunk \u00e1ltal. \u2013 \u00c1men.<\/p>\n<p><span style=\"color: #ff6600;\">\u00c1LDOZ\u00c1SI \u00c9NEK Mt 28,20\u00a0<\/span><br \/>\n\u00cdme, \u00e9n veletek vagyok mindennap, a vil\u00e1g v\u00e9g\u00e9ig, alleluja.<\/p>\n<p><span style=\"color: #ff6600;\">\u00c1LDOZ\u00c1S UT\u00c1NI K\u00d6NY\u00d6RG\u00c9S<\/span><br \/>\nMindenhat\u00f3, \u00f6r\u00f6k Isten, te minket m\u00e1r a f\u00f6ld\u00f6n mennyei eledellel<br \/>\nt\u00e1pl\u00e1lsz. Add, hogy \u00e1ldozatos buzg\u00f3s\u00e1ggal t\u00f6rekedj\u00fcnk<br \/>\na mennybe, ahov\u00e1 m\u00e1r f\u00f6lvetted emberi term\u00e9szet\u00fcnket. Krisztus,<br \/>\na mi Urunk \u00e1ltal. \u2013 \u00c1men.<\/p>\n<p><span style=\"color: #ff6600;\">BEFEJEZ\u00d5 SZERTART\u00c1S<\/span><br \/>\nAz \u00dar legyen veletek! \u2013 \u00c9s a te lelkeddel!<\/p>\n<p>\u00c1ldjon meg titeket a mindenhat\u00f3 Isten, akinek egysz\u00fcl\u00f6tt Fia a mai napon f\u00f6lment a mennybe, \u00e9s utat nyitott nektek oda, ahov\u00e1 \u0151 m\u00e1r eljutott! \u2013 \u00c1men.<\/p>\n<p>Adja meg nektek, hogy amint a felt\u00e1madt Krisztus l\u00e1that\u00f3 m\u00f3don megjelent tan\u00edtv\u00e1nyainak, jelenj\u00e9k meg nektek is az \u00edt\u00e9let napj\u00e1n \u00f6r\u00f6k \u00e9letet ad\u00f3 irgalm\u00e1val! \u2013 \u00c1men.<\/p>\n<p>\u00c9s ti, akik hittel vallj\u00e1tok, hogy J\u00e9zus az Atya dics\u0151s\u00e9ges jobbj\u00e1n \u00fcl, boldogan tapasztalhass\u00e1tok, hogy \u00edg\u00e9rete szerint veletek marad a vil\u00e1g v\u00e9g\u00e9ig! \u2013 \u00c1men.<\/p>\n<p>\u00c1ldjon meg benneteket a mindenhat\u00f3 Isten: az Atya, a Fi\u00fa <strong><span style=\"color: #ff6600;\">\u2020<\/span> <\/strong>\u00e9s a Szentl\u00e9lek. \u2013 \u00c1men.<\/p>\n","protected":false},"excerpt":{"rendered":"<p>Nagycs\u00fct\u00f6rt\u00f6k est\u00e9j\u00e9t\u0151l J\u00e9zus \u00e1lland\u00f3 mozg\u00e1sban van. F\u00f6lkelt a vacsor\u00e1t\u00f3l (surrexit), leereszkedett, majd ism\u00e9t f\u00f6lkelt (resurrexit), \u00e9s f\u00f6lment a mennybe. Az \u00f5 megal\u00e1ztat\u00e1sa \u00e9s felemeltet\u00e9se a mi felemelked\u00e9s\u00fcnk. Tal\u00e1n \u00e9ppen ezt \u00e9rthett\u00e9k meg az apostolok az utols\u00f3 tal\u00e1lkoz\u00e1sban, hiszen leborulva im\u00e1dt\u00e1k, majd nem azon keseregtek, hogy elment, hanem nagy \u00f6r\u00f6mmel visszat\u00e9rtek Jeruzs\u00e1lembe, mert meg\u00edg\u00e9rte, hogy visszaj\u00f6n, \u0151k pedig v\u00e1rt\u00e1k. T\u00f6bb szerzetesrendben a szentmise \u00e9s a zsolozsma kiemelt pontjain\u00e1l a k\u00f6z\u00f6ss\u00e9g tagjai, kil\u00e9pve \u00fcl\u0151hely\u00fckr\u0151l, egyenesen \u00e1llva, a szent\u00e9ly \u2013 vagyis kelet \u2013 fel\u00e9 fordulnak. Az Olajf\u00e1k hegy\u00e9nek tan\u00edtv\u00e1nyi \u00e1llapot\u00e1t, a fesz\u00fclt figyelmet id\u00e9zi f\u00f6l ez a mozdulat, a bizalomteljes odafordul\u00e1st \u201ea kegyelem tr\u00f3nus\u00e1hoz, hogy irgalmat nyerj\u00fcnk\u201d (Zsid 4,16); annak test\u00fcnk-lelk\u00fcnk \u00e1tir\u00e1ny\u00edt\u00e1s\u00e1val val\u00f3 v\u00e1r\u00e1s\u00e1t, aki az elmenetel \u00e9s a v\u00e9gs\u00f5 visszat\u00e9r\u00e9s k\u00f6z\u00f6tti Idolen \u00fajb\u00f3l \u00e9s \u00fajb\u00f3l visszat\u00e9r az Euchariszti\u00e1ban. Ez\u00e9rt is im\u00e1dkozt\u00e1k az els\u0151 kereszt\u00e9nyek a szentmise z\u00e1r\u00e1sakor: \u201eMarana tha\u201d (j\u00f6jj el, Uram) vagy \u201eMaran atha\u201d (az \u00dar elj\u00f6tt). Fontos teh\u00e1t tudatos\u00edtanunk, hogy a szentmise nem bar\u00e1ti lakoma, hanem fesz\u00fclt figyelem, Istenre ir\u00e1nyults\u00e1g Krisztus felaj\u00e1nl\u00e1s\u00e1ban \u00e9s befogad\u00e1s\u00e1ban. A k\u00f6z\u00e9pkori liturgikus k\u00f6nyvek inici\u00e1l\u00e9in e nap jelenet\u00e9n\u00e9l gyakran \u00e1br\u00e1zolj\u00e1k J\u00e9zust \u00fagy, mint akinek m\u00e1r csak k\u00e9t l\u00e1bfej\u00e9t nem takarj\u00e1k az \u00e9g felh\u0151i, a hegy tetej\u00e9n pedig, ahonnan felemelkedett, k\u00e9t l\u00e1bnyom marad, ami egyszerre jelzi f\u00f6lemelked\u00e9s\u00e9nek hely\u00e9t \u00e9s valamik\u00e9ppeni itt marad\u00e1s\u00e1t. Ezt a k\u00e9pi mot\u00edvumot nyugodtan azonos\u00edthatjuk a tan\u00edtv\u00e1nny\u00e1 form\u00e1l\u00e1snak a mai evang\u00e9liumban hallott k\u00e9t feladat\u00e1val: kereszteljetek \u00e9s tan\u00edtsatok, hogy hatalmam megnyilv\u00e1nuljon a vil\u00e1gban. A mennybe men\u00f5 Krisztus v\u00e9gs\u00f5 parancsa teh\u00e1t tan\u00edtv\u00e1nyai sz\u00e1m\u00e1ra: tan\u00edt\u00e1s \u00e9s szents\u00e9gkiszolg\u00e1ltat\u00e1s.Szent M\u00e1t\u00e9 evang\u00e9lium\u00e1ban a tan\u00edt\u00e1s foglalata a hegyi besz\u00e9d, ami alapj\u00e1n az Egyh\u00e1z tan\u00edt\u00f3munk\u00e1j\u00e1nak legfontosabb elemeit a k\u00f6vetkez\u00f5kben hat\u00e1rozhatjuk meg: elvezetni a vil\u00e1got arra, hogy Isten nem ellens\u00e9g, szemben \u00e1ll\u00f3 f\u00e9l, hanem Atya, bar\u00e1t, akinek elsaj\u00e1t\u00edthatjuk sz\u00edve gondolat\u00e1t. Megmutatni a nyolc boldogs\u00e1g er\u00e9nyeit mint \u00e9rtelmes \u00e9letform\u00e1t; \u00fagy v\u00e9gezni a szeretet cselekedeteit, hogy azok, akik abban r\u00e9szesednek, val\u00f3ban boldogg\u00e1 v\u00e1ljanak; \u00e9s elfogad(tat)ni:&#8230; <\/p>\n<p><a class=\"readmore\" href=\"https:\/\/stuttgarti-katolikusok.de\/index.php\/urunk-mennybemenetele\/\">R\u00e9szletek<\/a><\/p>\n","protected":false},"author":3,"featured_media":21852,"comment_status":"closed","ping_status":"closed","sticky":false,"template":"","format":"standard","meta":{"footnotes":""},"categories":[63],"tags":[],"class_list":["post-21936","post","type-post","status-publish","format-standard","has-post-thumbnail","hentry","category-vasarnapi-gondolatok"],"yoast_head":"<!-- This site is optimized with the Yoast SEO plugin v27.3 - https:\/\/yoast.com\/product\/yoast-seo-wordpress\/ -->\n<title>Urunk mennybemenetele - Stuttgarti Katolikusok<\/title>\n<meta name=\"robots\" content=\"index, follow, max-snippet:-1, max-image-preview:large, max-video-preview:-1\" \/>\n<link rel=\"canonical\" href=\"https:\/\/stuttgarti-katolikusok.de\/index.php\/urunk-mennybemenetele\/\" \/>\n<meta property=\"og:locale\" content=\"hu_HU\" \/>\n<meta property=\"og:type\" content=\"article\" \/>\n<meta property=\"og:title\" content=\"Urunk mennybemenetele - Stuttgarti Katolikusok\" \/>\n<meta property=\"og:description\" content=\"Nagycs\u00fct\u00f6rt\u00f6k est\u00e9j\u00e9t\u0151l J\u00e9zus \u00e1lland\u00f3 mozg\u00e1sban van. F\u00f6lkelt a vacsor\u00e1t\u00f3l (surrexit), leereszkedett, majd ism\u00e9t f\u00f6lkelt (resurrexit), \u00e9s f\u00f6lment a mennybe. Az \u00f5 megal\u00e1ztat\u00e1sa \u00e9s felemeltet\u00e9se a mi felemelked\u00e9s\u00fcnk. Tal\u00e1n \u00e9ppen ezt \u00e9rthett\u00e9k meg az apostolok az utols\u00f3 tal\u00e1lkoz\u00e1sban, hiszen leborulva im\u00e1dt\u00e1k, majd nem azon keseregtek, hogy elment, hanem nagy \u00f6r\u00f6mmel visszat\u00e9rtek Jeruzs\u00e1lembe, mert meg\u00edg\u00e9rte, hogy visszaj\u00f6n, \u0151k pedig v\u00e1rt\u00e1k. T\u00f6bb szerzetesrendben a szentmise \u00e9s a zsolozsma kiemelt pontjain\u00e1l a k\u00f6z\u00f6ss\u00e9g tagjai, kil\u00e9pve \u00fcl\u0151hely\u00fckr\u0151l, egyenesen \u00e1llva, a szent\u00e9ly \u2013 vagyis kelet \u2013 fel\u00e9 fordulnak. Az Olajf\u00e1k hegy\u00e9nek tan\u00edtv\u00e1nyi \u00e1llapot\u00e1t, a fesz\u00fclt figyelmet id\u00e9zi f\u00f6l ez a mozdulat, a bizalomteljes odafordul\u00e1st \u201ea kegyelem tr\u00f3nus\u00e1hoz, hogy irgalmat nyerj\u00fcnk\u201d (Zsid 4,16); annak test\u00fcnk-lelk\u00fcnk \u00e1tir\u00e1ny\u00edt\u00e1s\u00e1val val\u00f3 v\u00e1r\u00e1s\u00e1t, aki az elmenetel \u00e9s a v\u00e9gs\u00f5 visszat\u00e9r\u00e9s k\u00f6z\u00f6tti Idolen \u00fajb\u00f3l \u00e9s \u00fajb\u00f3l visszat\u00e9r az Euchariszti\u00e1ban. Ez\u00e9rt is im\u00e1dkozt\u00e1k az els\u0151 kereszt\u00e9nyek a szentmise z\u00e1r\u00e1sakor: \u201eMarana tha\u201d (j\u00f6jj el, Uram) vagy \u201eMaran atha\u201d (az \u00dar elj\u00f6tt). Fontos teh\u00e1t tudatos\u00edtanunk, hogy a szentmise nem bar\u00e1ti lakoma, hanem fesz\u00fclt figyelem, Istenre ir\u00e1nyults\u00e1g Krisztus felaj\u00e1nl\u00e1s\u00e1ban \u00e9s befogad\u00e1s\u00e1ban. A k\u00f6z\u00e9pkori liturgikus k\u00f6nyvek inici\u00e1l\u00e9in e nap jelenet\u00e9n\u00e9l gyakran \u00e1br\u00e1zolj\u00e1k J\u00e9zust \u00fagy, mint akinek m\u00e1r csak k\u00e9t l\u00e1bfej\u00e9t nem takarj\u00e1k az \u00e9g felh\u0151i, a hegy tetej\u00e9n pedig, ahonnan felemelkedett, k\u00e9t l\u00e1bnyom marad, ami egyszerre jelzi f\u00f6lemelked\u00e9s\u00e9nek hely\u00e9t \u00e9s valamik\u00e9ppeni itt marad\u00e1s\u00e1t. Ezt a k\u00e9pi mot\u00edvumot nyugodtan azonos\u00edthatjuk a tan\u00edtv\u00e1nny\u00e1 form\u00e1l\u00e1snak a mai evang\u00e9liumban hallott k\u00e9t feladat\u00e1val: kereszteljetek \u00e9s tan\u00edtsatok, hogy hatalmam megnyilv\u00e1nuljon a vil\u00e1gban. A mennybe men\u00f5 Krisztus v\u00e9gs\u00f5 parancsa teh\u00e1t tan\u00edtv\u00e1nyai sz\u00e1m\u00e1ra: tan\u00edt\u00e1s \u00e9s szents\u00e9gkiszolg\u00e1ltat\u00e1s.Szent M\u00e1t\u00e9 evang\u00e9lium\u00e1ban a tan\u00edt\u00e1s foglalata a hegyi besz\u00e9d, ami alapj\u00e1n az Egyh\u00e1z tan\u00edt\u00f3munk\u00e1j\u00e1nak legfontosabb elemeit a k\u00f6vetkez\u00f5kben hat\u00e1rozhatjuk meg: elvezetni a vil\u00e1got arra, hogy Isten nem ellens\u00e9g, szemben \u00e1ll\u00f3 f\u00e9l, hanem Atya, bar\u00e1t, akinek elsaj\u00e1t\u00edthatjuk sz\u00edve gondolat\u00e1t. Megmutatni a nyolc boldogs\u00e1g er\u00e9nyeit mint \u00e9rtelmes \u00e9letform\u00e1t; \u00fagy v\u00e9gezni a szeretet cselekedeteit, hogy azok, akik abban r\u00e9szesednek, val\u00f3ban boldogg\u00e1 v\u00e1ljanak; \u00e9s elfogad(tat)ni:... R\u00e9szletek\" \/>\n<meta property=\"og:url\" content=\"https:\/\/stuttgarti-katolikusok.de\/index.php\/urunk-mennybemenetele\/\" \/>\n<meta property=\"og:site_name\" content=\"Stuttgarti Katolikusok\" \/>\n<meta property=\"article:published_time\" content=\"2021-05-15T12:45:49+00:00\" \/>\n<meta property=\"article:modified_time\" content=\"2021-05-18T13:45:59+00:00\" \/>\n<meta property=\"og:image\" content=\"https:\/\/stuttgarti-katolikusok.de\/wp-content\/uploads\/2021\/05\/ascension-4770112-1280.jpg\" \/>\n\t<meta property=\"og:image:width\" content=\"1280\" \/>\n\t<meta property=\"og:image:height\" content=\"853\" \/>\n\t<meta property=\"og:image:type\" content=\"image\/jpeg\" \/>\n<meta name=\"author\" content=\"Tibor atya\" \/>\n<meta name=\"twitter:card\" content=\"summary_large_image\" \/>\n<meta name=\"twitter:label1\" content=\"Szerz\u0151:\" \/>\n\t<meta name=\"twitter:data1\" content=\"Tibor atya\" \/>\n\t<meta name=\"twitter:label2\" content=\"Becs\u00fclt olvas\u00e1si id\u0151\" \/>\n\t<meta name=\"twitter:data2\" content=\"7 perc\" \/>\n<script type=\"application\/ld+json\" class=\"yoast-schema-graph\">{\"@context\":\"https:\\\/\\\/schema.org\",\"@graph\":[{\"@type\":\"Article\",\"@id\":\"https:\\\/\\\/stuttgarti-katolikusok.de\\\/index.php\\\/urunk-mennybemenetele\\\/#article\",\"isPartOf\":{\"@id\":\"https:\\\/\\\/stuttgarti-katolikusok.de\\\/index.php\\\/urunk-mennybemenetele\\\/\"},\"author\":{\"name\":\"Tibor atya\",\"@id\":\"https:\\\/\\\/stuttgarti-katolikusok.de\\\/#\\\/schema\\\/person\\\/75908d6f8fdc03a57889d27209df7795\"},\"headline\":\"Urunk mennybemenetele\",\"datePublished\":\"2021-05-15T12:45:49+00:00\",\"dateModified\":\"2021-05-18T13:45:59+00:00\",\"mainEntityOfPage\":{\"@id\":\"https:\\\/\\\/stuttgarti-katolikusok.de\\\/index.php\\\/urunk-mennybemenetele\\\/\"},\"wordCount\":2245,\"image\":{\"@id\":\"https:\\\/\\\/stuttgarti-katolikusok.de\\\/index.php\\\/urunk-mennybemenetele\\\/#primaryimage\"},\"thumbnailUrl\":\"https:\\\/\\\/stuttgarti-katolikusok.de\\\/wp-content\\\/uploads\\\/2021\\\/05\\\/ascension-4770112-1280.jpg\",\"articleSection\":[\"Vas\u00e1rnapi gondolatok\"],\"inLanguage\":\"hu\"},{\"@type\":\"WebPage\",\"@id\":\"https:\\\/\\\/stuttgarti-katolikusok.de\\\/index.php\\\/urunk-mennybemenetele\\\/\",\"url\":\"https:\\\/\\\/stuttgarti-katolikusok.de\\\/index.php\\\/urunk-mennybemenetele\\\/\",\"name\":\"Urunk mennybemenetele - Stuttgarti Katolikusok\",\"isPartOf\":{\"@id\":\"https:\\\/\\\/stuttgarti-katolikusok.de\\\/#website\"},\"primaryImageOfPage\":{\"@id\":\"https:\\\/\\\/stuttgarti-katolikusok.de\\\/index.php\\\/urunk-mennybemenetele\\\/#primaryimage\"},\"image\":{\"@id\":\"https:\\\/\\\/stuttgarti-katolikusok.de\\\/index.php\\\/urunk-mennybemenetele\\\/#primaryimage\"},\"thumbnailUrl\":\"https:\\\/\\\/stuttgarti-katolikusok.de\\\/wp-content\\\/uploads\\\/2021\\\/05\\\/ascension-4770112-1280.jpg\",\"datePublished\":\"2021-05-15T12:45:49+00:00\",\"dateModified\":\"2021-05-18T13:45:59+00:00\",\"author\":{\"@id\":\"https:\\\/\\\/stuttgarti-katolikusok.de\\\/#\\\/schema\\\/person\\\/75908d6f8fdc03a57889d27209df7795\"},\"breadcrumb\":{\"@id\":\"https:\\\/\\\/stuttgarti-katolikusok.de\\\/index.php\\\/urunk-mennybemenetele\\\/#breadcrumb\"},\"inLanguage\":\"hu\",\"potentialAction\":[{\"@type\":\"ReadAction\",\"target\":[\"https:\\\/\\\/stuttgarti-katolikusok.de\\\/index.php\\\/urunk-mennybemenetele\\\/\"]}]},{\"@type\":\"ImageObject\",\"inLanguage\":\"hu\",\"@id\":\"https:\\\/\\\/stuttgarti-katolikusok.de\\\/index.php\\\/urunk-mennybemenetele\\\/#primaryimage\",\"url\":\"https:\\\/\\\/stuttgarti-katolikusok.de\\\/wp-content\\\/uploads\\\/2021\\\/05\\\/ascension-4770112-1280.jpg\",\"contentUrl\":\"https:\\\/\\\/stuttgarti-katolikusok.de\\\/wp-content\\\/uploads\\\/2021\\\/05\\\/ascension-4770112-1280.jpg\",\"width\":1280,\"height\":853},{\"@type\":\"BreadcrumbList\",\"@id\":\"https:\\\/\\\/stuttgarti-katolikusok.de\\\/index.php\\\/urunk-mennybemenetele\\\/#breadcrumb\",\"itemListElement\":[{\"@type\":\"ListItem\",\"position\":1,\"name\":\"Kezd\u0151lap\",\"item\":\"https:\\\/\\\/stuttgarti-katolikusok.de\\\/\"},{\"@type\":\"ListItem\",\"position\":2,\"name\":\"Urunk mennybemenetele\"}]},{\"@type\":\"WebSite\",\"@id\":\"https:\\\/\\\/stuttgarti-katolikusok.de\\\/#website\",\"url\":\"https:\\\/\\\/stuttgarti-katolikusok.de\\\/\",\"name\":\"Stuttgarti Katolikusok\",\"description\":\"\",\"potentialAction\":[{\"@type\":\"SearchAction\",\"target\":{\"@type\":\"EntryPoint\",\"urlTemplate\":\"https:\\\/\\\/stuttgarti-katolikusok.de\\\/?s={search_term_string}\"},\"query-input\":{\"@type\":\"PropertyValueSpecification\",\"valueRequired\":true,\"valueName\":\"search_term_string\"}}],\"inLanguage\":\"hu\"},{\"@type\":\"Person\",\"@id\":\"https:\\\/\\\/stuttgarti-katolikusok.de\\\/#\\\/schema\\\/person\\\/75908d6f8fdc03a57889d27209df7795\",\"name\":\"Tibor atya\",\"image\":{\"@type\":\"ImageObject\",\"inLanguage\":\"hu\",\"@id\":\"https:\\\/\\\/secure.gravatar.com\\\/avatar\\\/61d268e57d1f4525b111222e29d2d5a7f8c420fdbf231ba5566a8ceac74fa960?s=96&d=mm&r=g\",\"url\":\"https:\\\/\\\/secure.gravatar.com\\\/avatar\\\/61d268e57d1f4525b111222e29d2d5a7f8c420fdbf231ba5566a8ceac74fa960?s=96&d=mm&r=g\",\"contentUrl\":\"https:\\\/\\\/secure.gravatar.com\\\/avatar\\\/61d268e57d1f4525b111222e29d2d5a7f8c420fdbf231ba5566a8ceac74fa960?s=96&d=mm&r=g\",\"caption\":\"Tibor atya\"},\"url\":\"https:\\\/\\\/stuttgarti-katolikusok.de\\\/index.php\\\/author\\\/tibor-atya\\\/\"}]}<\/script>\n<!-- \/ Yoast SEO plugin. -->","yoast_head_json":{"title":"Urunk mennybemenetele - Stuttgarti Katolikusok","robots":{"index":"index","follow":"follow","max-snippet":"max-snippet:-1","max-image-preview":"max-image-preview:large","max-video-preview":"max-video-preview:-1"},"canonical":"https:\/\/stuttgarti-katolikusok.de\/index.php\/urunk-mennybemenetele\/","og_locale":"hu_HU","og_type":"article","og_title":"Urunk mennybemenetele - Stuttgarti Katolikusok","og_description":"Nagycs\u00fct\u00f6rt\u00f6k est\u00e9j\u00e9t\u0151l J\u00e9zus \u00e1lland\u00f3 mozg\u00e1sban van. F\u00f6lkelt a vacsor\u00e1t\u00f3l (surrexit), leereszkedett, majd ism\u00e9t f\u00f6lkelt (resurrexit), \u00e9s f\u00f6lment a mennybe. Az \u00f5 megal\u00e1ztat\u00e1sa \u00e9s felemeltet\u00e9se a mi felemelked\u00e9s\u00fcnk. Tal\u00e1n \u00e9ppen ezt \u00e9rthett\u00e9k meg az apostolok az utols\u00f3 tal\u00e1lkoz\u00e1sban, hiszen leborulva im\u00e1dt\u00e1k, majd nem azon keseregtek, hogy elment, hanem nagy \u00f6r\u00f6mmel visszat\u00e9rtek Jeruzs\u00e1lembe, mert meg\u00edg\u00e9rte, hogy visszaj\u00f6n, \u0151k pedig v\u00e1rt\u00e1k. T\u00f6bb szerzetesrendben a szentmise \u00e9s a zsolozsma kiemelt pontjain\u00e1l a k\u00f6z\u00f6ss\u00e9g tagjai, kil\u00e9pve \u00fcl\u0151hely\u00fckr\u0151l, egyenesen \u00e1llva, a szent\u00e9ly \u2013 vagyis kelet \u2013 fel\u00e9 fordulnak. Az Olajf\u00e1k hegy\u00e9nek tan\u00edtv\u00e1nyi \u00e1llapot\u00e1t, a fesz\u00fclt figyelmet id\u00e9zi f\u00f6l ez a mozdulat, a bizalomteljes odafordul\u00e1st \u201ea kegyelem tr\u00f3nus\u00e1hoz, hogy irgalmat nyerj\u00fcnk\u201d (Zsid 4,16); annak test\u00fcnk-lelk\u00fcnk \u00e1tir\u00e1ny\u00edt\u00e1s\u00e1val val\u00f3 v\u00e1r\u00e1s\u00e1t, aki az elmenetel \u00e9s a v\u00e9gs\u00f5 visszat\u00e9r\u00e9s k\u00f6z\u00f6tti Idolen \u00fajb\u00f3l \u00e9s \u00fajb\u00f3l visszat\u00e9r az Euchariszti\u00e1ban. Ez\u00e9rt is im\u00e1dkozt\u00e1k az els\u0151 kereszt\u00e9nyek a szentmise z\u00e1r\u00e1sakor: \u201eMarana tha\u201d (j\u00f6jj el, Uram) vagy \u201eMaran atha\u201d (az \u00dar elj\u00f6tt). Fontos teh\u00e1t tudatos\u00edtanunk, hogy a szentmise nem bar\u00e1ti lakoma, hanem fesz\u00fclt figyelem, Istenre ir\u00e1nyults\u00e1g Krisztus felaj\u00e1nl\u00e1s\u00e1ban \u00e9s befogad\u00e1s\u00e1ban. A k\u00f6z\u00e9pkori liturgikus k\u00f6nyvek inici\u00e1l\u00e9in e nap jelenet\u00e9n\u00e9l gyakran \u00e1br\u00e1zolj\u00e1k J\u00e9zust \u00fagy, mint akinek m\u00e1r csak k\u00e9t l\u00e1bfej\u00e9t nem takarj\u00e1k az \u00e9g felh\u0151i, a hegy tetej\u00e9n pedig, ahonnan felemelkedett, k\u00e9t l\u00e1bnyom marad, ami egyszerre jelzi f\u00f6lemelked\u00e9s\u00e9nek hely\u00e9t \u00e9s valamik\u00e9ppeni itt marad\u00e1s\u00e1t. Ezt a k\u00e9pi mot\u00edvumot nyugodtan azonos\u00edthatjuk a tan\u00edtv\u00e1nny\u00e1 form\u00e1l\u00e1snak a mai evang\u00e9liumban hallott k\u00e9t feladat\u00e1val: kereszteljetek \u00e9s tan\u00edtsatok, hogy hatalmam megnyilv\u00e1nuljon a vil\u00e1gban. A mennybe men\u00f5 Krisztus v\u00e9gs\u00f5 parancsa teh\u00e1t tan\u00edtv\u00e1nyai sz\u00e1m\u00e1ra: tan\u00edt\u00e1s \u00e9s szents\u00e9gkiszolg\u00e1ltat\u00e1s.Szent M\u00e1t\u00e9 evang\u00e9lium\u00e1ban a tan\u00edt\u00e1s foglalata a hegyi besz\u00e9d, ami alapj\u00e1n az Egyh\u00e1z tan\u00edt\u00f3munk\u00e1j\u00e1nak legfontosabb elemeit a k\u00f6vetkez\u00f5kben hat\u00e1rozhatjuk meg: elvezetni a vil\u00e1got arra, hogy Isten nem ellens\u00e9g, szemben \u00e1ll\u00f3 f\u00e9l, hanem Atya, bar\u00e1t, akinek elsaj\u00e1t\u00edthatjuk sz\u00edve gondolat\u00e1t. Megmutatni a nyolc boldogs\u00e1g er\u00e9nyeit mint \u00e9rtelmes \u00e9letform\u00e1t; \u00fagy v\u00e9gezni a szeretet cselekedeteit, hogy azok, akik abban r\u00e9szesednek, val\u00f3ban boldogg\u00e1 v\u00e1ljanak; \u00e9s elfogad(tat)ni:... R\u00e9szletek","og_url":"https:\/\/stuttgarti-katolikusok.de\/index.php\/urunk-mennybemenetele\/","og_site_name":"Stuttgarti Katolikusok","article_published_time":"2021-05-15T12:45:49+00:00","article_modified_time":"2021-05-18T13:45:59+00:00","og_image":[{"width":1280,"height":853,"url":"https:\/\/stuttgarti-katolikusok.de\/wp-content\/uploads\/2021\/05\/ascension-4770112-1280.jpg","type":"image\/jpeg"}],"author":"Tibor atya","twitter_card":"summary_large_image","twitter_misc":{"Szerz\u0151:":"Tibor atya","Becs\u00fclt olvas\u00e1si id\u0151":"7 perc"},"schema":{"@context":"https:\/\/schema.org","@graph":[{"@type":"Article","@id":"https:\/\/stuttgarti-katolikusok.de\/index.php\/urunk-mennybemenetele\/#article","isPartOf":{"@id":"https:\/\/stuttgarti-katolikusok.de\/index.php\/urunk-mennybemenetele\/"},"author":{"name":"Tibor atya","@id":"https:\/\/stuttgarti-katolikusok.de\/#\/schema\/person\/75908d6f8fdc03a57889d27209df7795"},"headline":"Urunk mennybemenetele","datePublished":"2021-05-15T12:45:49+00:00","dateModified":"2021-05-18T13:45:59+00:00","mainEntityOfPage":{"@id":"https:\/\/stuttgarti-katolikusok.de\/index.php\/urunk-mennybemenetele\/"},"wordCount":2245,"image":{"@id":"https:\/\/stuttgarti-katolikusok.de\/index.php\/urunk-mennybemenetele\/#primaryimage"},"thumbnailUrl":"https:\/\/stuttgarti-katolikusok.de\/wp-content\/uploads\/2021\/05\/ascension-4770112-1280.jpg","articleSection":["Vas\u00e1rnapi gondolatok"],"inLanguage":"hu"},{"@type":"WebPage","@id":"https:\/\/stuttgarti-katolikusok.de\/index.php\/urunk-mennybemenetele\/","url":"https:\/\/stuttgarti-katolikusok.de\/index.php\/urunk-mennybemenetele\/","name":"Urunk mennybemenetele - Stuttgarti Katolikusok","isPartOf":{"@id":"https:\/\/stuttgarti-katolikusok.de\/#website"},"primaryImageOfPage":{"@id":"https:\/\/stuttgarti-katolikusok.de\/index.php\/urunk-mennybemenetele\/#primaryimage"},"image":{"@id":"https:\/\/stuttgarti-katolikusok.de\/index.php\/urunk-mennybemenetele\/#primaryimage"},"thumbnailUrl":"https:\/\/stuttgarti-katolikusok.de\/wp-content\/uploads\/2021\/05\/ascension-4770112-1280.jpg","datePublished":"2021-05-15T12:45:49+00:00","dateModified":"2021-05-18T13:45:59+00:00","author":{"@id":"https:\/\/stuttgarti-katolikusok.de\/#\/schema\/person\/75908d6f8fdc03a57889d27209df7795"},"breadcrumb":{"@id":"https:\/\/stuttgarti-katolikusok.de\/index.php\/urunk-mennybemenetele\/#breadcrumb"},"inLanguage":"hu","potentialAction":[{"@type":"ReadAction","target":["https:\/\/stuttgarti-katolikusok.de\/index.php\/urunk-mennybemenetele\/"]}]},{"@type":"ImageObject","inLanguage":"hu","@id":"https:\/\/stuttgarti-katolikusok.de\/index.php\/urunk-mennybemenetele\/#primaryimage","url":"https:\/\/stuttgarti-katolikusok.de\/wp-content\/uploads\/2021\/05\/ascension-4770112-1280.jpg","contentUrl":"https:\/\/stuttgarti-katolikusok.de\/wp-content\/uploads\/2021\/05\/ascension-4770112-1280.jpg","width":1280,"height":853},{"@type":"BreadcrumbList","@id":"https:\/\/stuttgarti-katolikusok.de\/index.php\/urunk-mennybemenetele\/#breadcrumb","itemListElement":[{"@type":"ListItem","position":1,"name":"Kezd\u0151lap","item":"https:\/\/stuttgarti-katolikusok.de\/"},{"@type":"ListItem","position":2,"name":"Urunk mennybemenetele"}]},{"@type":"WebSite","@id":"https:\/\/stuttgarti-katolikusok.de\/#website","url":"https:\/\/stuttgarti-katolikusok.de\/","name":"Stuttgarti Katolikusok","description":"","potentialAction":[{"@type":"SearchAction","target":{"@type":"EntryPoint","urlTemplate":"https:\/\/stuttgarti-katolikusok.de\/?s={search_term_string}"},"query-input":{"@type":"PropertyValueSpecification","valueRequired":true,"valueName":"search_term_string"}}],"inLanguage":"hu"},{"@type":"Person","@id":"https:\/\/stuttgarti-katolikusok.de\/#\/schema\/person\/75908d6f8fdc03a57889d27209df7795","name":"Tibor atya","image":{"@type":"ImageObject","inLanguage":"hu","@id":"https:\/\/secure.gravatar.com\/avatar\/61d268e57d1f4525b111222e29d2d5a7f8c420fdbf231ba5566a8ceac74fa960?s=96&d=mm&r=g","url":"https:\/\/secure.gravatar.com\/avatar\/61d268e57d1f4525b111222e29d2d5a7f8c420fdbf231ba5566a8ceac74fa960?s=96&d=mm&r=g","contentUrl":"https:\/\/secure.gravatar.com\/avatar\/61d268e57d1f4525b111222e29d2d5a7f8c420fdbf231ba5566a8ceac74fa960?s=96&d=mm&r=g","caption":"Tibor atya"},"url":"https:\/\/stuttgarti-katolikusok.de\/index.php\/author\/tibor-atya\/"}]}},"_links":{"self":[{"href":"https:\/\/stuttgarti-katolikusok.de\/index.php\/wp-json\/wp\/v2\/posts\/21936","targetHints":{"allow":["GET"]}}],"collection":[{"href":"https:\/\/stuttgarti-katolikusok.de\/index.php\/wp-json\/wp\/v2\/posts"}],"about":[{"href":"https:\/\/stuttgarti-katolikusok.de\/index.php\/wp-json\/wp\/v2\/types\/post"}],"author":[{"embeddable":true,"href":"https:\/\/stuttgarti-katolikusok.de\/index.php\/wp-json\/wp\/v2\/users\/3"}],"replies":[{"embeddable":true,"href":"https:\/\/stuttgarti-katolikusok.de\/index.php\/wp-json\/wp\/v2\/comments?post=21936"}],"version-history":[{"count":2,"href":"https:\/\/stuttgarti-katolikusok.de\/index.php\/wp-json\/wp\/v2\/posts\/21936\/revisions"}],"predecessor-version":[{"id":21938,"href":"https:\/\/stuttgarti-katolikusok.de\/index.php\/wp-json\/wp\/v2\/posts\/21936\/revisions\/21938"}],"wp:featuredmedia":[{"embeddable":true,"href":"https:\/\/stuttgarti-katolikusok.de\/index.php\/wp-json\/wp\/v2\/media\/21852"}],"wp:attachment":[{"href":"https:\/\/stuttgarti-katolikusok.de\/index.php\/wp-json\/wp\/v2\/media?parent=21936"}],"wp:term":[{"taxonomy":"category","embeddable":true,"href":"https:\/\/stuttgarti-katolikusok.de\/index.php\/wp-json\/wp\/v2\/categories?post=21936"},{"taxonomy":"post_tag","embeddable":true,"href":"https:\/\/stuttgarti-katolikusok.de\/index.php\/wp-json\/wp\/v2\/tags?post=21936"}],"curies":[{"name":"wp","href":"https:\/\/api.w.org\/{rel}","templated":true}]}}