{"id":21934,"date":"2021-05-09T09:48:31","date_gmt":"2021-05-09T09:48:31","guid":{"rendered":"https:\/\/stuttgarti-katolikusok.de\/?p=21934"},"modified":"2021-05-18T14:22:03","modified_gmt":"2021-05-18T14:22:03","slug":"husvet-6-vasarnapja","status":"publish","type":"post","link":"https:\/\/stuttgarti-katolikusok.de\/index.php\/husvet-6-vasarnapja\/","title":{"rendered":"H\u00fasv\u00e9t 6. vas\u00e1rnapja"},"content":{"rendered":"<p><span style=\"color: #ff6600;\">KEZD\u0150\u00c9NEK V\u00f6. Iz 48,20 Vagy: Ho 85; \u00c9E 552<\/span><br \/>\n<em><strong>Ujjong\u00f3 sz\u00f3val hirdess\u00e9tek, hogy mindenki hallja,<\/strong><\/em><br \/>\n<em><strong>hirdess\u00e9tek minden\u00fctt a f\u00f6ld\u00f6n:<\/strong><\/em><br \/>\n<em><strong>megv\u00e1ltotta az \u00dar az \u00f5 n\u00e9p\u00e9t, alleluja.<\/strong><\/em><\/p>\n<p><span style=\"color: #ff6600;\">K\u00d6NY\u00d6RG\u00c9S<\/span><br \/>\nMindenhat\u00f3 Isten\u00fcnk, add, hogy odaad\u00f3 buzg\u00f3s\u00e1ggal \u00fcnnepelj\u00fck<br \/>\nUrunk felt\u00e1mad\u00e1s\u00e1nak \u00f6r\u00f6mnapjait. Engedd, hogy cselekedeteinkkel<br \/>\nmindenkor \u00e9letre v\u00e1ltsuk, amit az eml\u00e9kez\u00e9ssel<br \/>\nfelid\u00e9z\u00fcnk. A mi Urunk, J\u00e9zus Krisztus, a te Fiad \u00e1ltal, aki veled<br \/>\n\u00e9l \u00e9s uralkodik a Szentl\u00e9lekkel egys\u00e9gben, Isten mind\u00f6r\u00f6kk\u00f6n-<br \/>\n\u00f6r\u00f6kk\u00e9. \u2013 \u00c1men.<\/p>\n<p><strong><span style=\"color: #ff6600;\">OLVASM\u00c1NY az Apostolok Cselekedeteib\u00f5l &#8211; <\/span><\/strong><em><span style=\"color: #ff6600;\">(ApCsel 8,5\u20138. 14\u201317)<\/span><\/em><\/p>\n<p><em>R\u00e1juk tett\u00e9k a kez\u00fcket, s azok megkapt\u00e1k a Szentlelket.<\/em><\/p>\n<p>Abban az id\u0151ben: F\u00fcl\u00f6p elment Szamaria v\u00e1ros\u00e1ba, \u00e9s hirdetni kezdte Krisztust. A n\u00e9p, hallva \u00e9s l\u00e1tva a csod\u00e1kat, amelyeket v\u00e9gbe vitt, fesz\u00fclt figyelemmel hallgatta. A tiszt\u00e1talan lelkek ugyanis nagy ki\u00e1lt\u00e1ssal elt\u00e1voztak sok megsz\u00e1llottb\u00f3l, \u00e9s sok b\u00e9na meg s\u00e1nta meggy\u00f3gyult. Nagy lett az \u00f6r\u00f6m abban a v\u00e1rosban.<br \/>\nAmikor a Jeruzs\u00e1lemben maradt apostolok meghallott\u00e1k, hogy Szamaria befogadta az Isten szav\u00e1t, elk\u00fcldt\u00e9k hozz\u00e1juk P\u00e9tert \u00e9s J\u00e1nost. Mikor meg\u00e9rkeztek, im\u00e1dkoztak \u00e9rt\u00fck, hogy sz\u00e1lljon le r\u00e1juk a Szentl\u00e9lek. Mert addig m\u00e9g nem sz\u00e1llt le r\u00e1juk, csak meg voltak keresztelve Urunk, J\u00e9zus nev\u00e9ben. R\u00e1juk tett\u00e9k teh\u00e1t a kez\u00fcket, \u00e9s azok megkapt\u00e1k a Szentlelket.<br \/>\nEz az Isten ig\u00e9je. \u2013 Istennek legyen h\u00e1la.<\/p>\n<p><span style=\"color: #ff6600;\">V\u00c1LASZOS ZSOLT\u00c1R<\/span> <em><span style=\"color: #ff6600;\">65,1\u20133a 4\u20135. 6\u20137a 16 \u00e9s 20 10. t\u00f3nus<\/span><\/em><br \/>\n<span style=\"color: #ff6600;\">V\u00e1lasz:<strong> Minden f\u00f6ld Istent dics\u00e9rje!<\/strong><\/span><\/p>\n<p>Minden f\u00f6ld dics\u00e9rje az Istent, * dics\u0151 nev\u00e9nek zsolt\u00e1rt zengjetek.<br \/>\nMagasztal\u00f3 \u00e9nekkel mondj\u00e1tok Istennek: * \u201eMily csod\u00e1sak a te m\u0171veid!\u201d<\/p>\n<p><span style=\"color: #ff6600;\">\u2013 Minden f\u00f6ld Istent dics\u00e9rje!\u00a0<\/span><\/p>\n<p>Az eg\u00e9sz f\u00f6ld im\u00e1djon \u00e9s magasztaljon t\u00e9ged, * nevedet zsolt\u00e1rral dics\u00e9rje.<br \/>\nJ\u00f6jjetek, \u00e9s l\u00e1ss\u00e1tok Isten m\u0171veit, * csod\u00e1latos, amit az emberek\u00e9rt v\u00e9gbe vitt.<\/p>\n<p><span style=\"color: #ff6600;\">\u2013 Minden f\u00f6ld Istent dics\u00e9rje!\u00a0<\/span><\/p>\n<p>Sz\u00e1razf\u00f6ldd\u00e9 tette a tengert, * gyalogszerrel keltek \u00e1t a v\u00edzen.<br \/>\n\u00d6rvendezz\u00fcnk teh\u00e1t \u0151benne, * mert hatalm\u00e1val uralkodik mind\u00f6r\u00f6kk\u00e9.<\/p>\n<p><span style=\"color: #ff6600;\">\u2013 Minden f\u00f6ld Istent dics\u00e9rje!\u00a0<\/span><br \/>\nJertek ide mind, \u00e9s hallj\u00e1tok, \u2020 kik f\u00e9litek az Istent, * elmondom, mily nagy dolgot tett v\u00e9lem.<br \/>\n\u00c1ldott legyen az Isten, aki nem vetette el im\u00e1mat, * \u00e9s nem vonta meg t\u00f5lem irgalm\u00e1t.<\/p>\n<p><span style=\"color: #ff6600;\">\u2013 Minden f\u00f6ld Istent dics\u00e9rje!\u00a0<\/span><\/p>\n<p><span style=\"color: #ff6600;\">SZENTLECKE Szent P\u00e9ter apostol els\u00f5 level\u00e9b\u00f5l &#8211; (<em>1P\u00e9t 3,15\u201318)<\/em><\/span><br \/>\n<em>Test szerint ugyan meg\u00f6lt\u00e9k J\u00e9zust, de a L\u00e9lek szerint \u00e9letre kelt.<\/em><\/p>\n<p>Szeretteim! Urunkat, Krisztust szent\u00fcl tisztelj\u00e9tek sz\u00edvetekben! Legyetek mindig k\u00e9szen arra, hogy mindenkinek v\u00e1laszolni tudjatok, aki csak k\u00e9rdezi, mi az alapja rem\u00e9nyeteknek. De ezt szel\u00edden, tiszteletteljesen \u00e9s j\u00f3 lelkiismerettel tegy\u00e9tek, hogy akik Krisztusban val\u00f3 sz\u00e9p \u00e9letetek miatt gyal\u00e1znak titeket, sz\u00e9gyenben maradjanak r\u00e1galmaikkal.<br \/>\nJobb ugyanis, ha ink\u00e1bb j\u00f3tetteitek\u00e9rt szenvedtek, mikor ez az Isten akarata, mintsem gonoszs\u00e1gaitok\u00e9rt. Mert Krisztus is meghalt egykor a b\u0171n\u00f6k miatt, az Igaz a b\u0171n\u00f6s\u00f6k\u00e9\u00e9rt, hogy Istenhez vezessen minket. Test szerint ugyan meg\u00f6lt\u00e9k \u00f5t, de a L\u00e9lek szerint \u00e9letre kelt.<br \/>\nEz az Isten ig\u00e9je. \u2013 Istennek legyen h\u00e1la.<\/p>\n<p><span style=\"color: #ff6600;\">ALLELUJA<\/span><br \/>\n<span style=\"color: #ff6600;\">Alleluja. 8. sz\u00e1m<\/span><br \/>\nJ\u00e9zus mondja: \u2020 \u201eAki szeret engem, megfogadja szavamat. * Aty\u00e1m is szeretni fogja, \u00e9s hozz\u00e1 k\u00f6lt\u00f6z\u00fcnk.<br \/>\n<span style=\"color: #ff6600;\">Alleluja. Jn 14,23 &#8211; 8G t\u00f3nus<\/span><\/p>\n<p><span style=\"color: #ff6600;\">\u2020 EVANG\u00c9LIUM Szent J\u00e1nos k\u00f6nyv\u00e9b\u0151l &#8211; <em>(Jn 14,15\u201321)<\/em><\/span><br \/>\n<em>K\u00e9rni fogom az Aty\u00e1t, \u00e9s m\u00e1s Vigasztal\u00f3t ad majd nektek.<\/em><\/p>\n<p>Abban az id\u0151ben J\u00e9zus \u00edgy sz\u00f3lt tan\u00edtv\u00e1nyaihoz: Ha szerettek engem, tarts\u00e1tok meg parancsaimat. \u00c9n pedig k\u00e9rni fogom az Aty\u00e1t, \u00e9s \u0151 m\u00e1s Vigasztal\u00f3t ad majd nektek: az Igazs\u00e1g Lelk\u00e9t, aki \u00f6r\u00f6kre veletek marad. A vil\u00e1g nem kaphatja meg, mert nem l\u00e1tja \u00e9s nem ismeri. De ti ismeritek \u0151t, mert veletek marad \u00e9s bennetek lakik.<br \/>\nNem hagylak \u00e1rv\u00e1n titeket: visszaj\u00f6v\u00f6k hozz\u00e1tok. R\u00f6vid id\u0151, \u00e9s m\u00e1r nem l\u00e1t engem a vil\u00e1g. Ti azonban l\u00e1ttok, mert \u00e9n \u00e9lek, \u00e9s ti is \u00e9lni fogtok. Azon a napon megtudj\u00e1tok majd, hogy \u00e9n Aty\u00e1mban vagyok, ti \u00e9nbennem, \u00e9n pedig tibennetek. Aki ismeri \u00e9s teljes\u00edti parancsaimat, az szeret engem. Aki pedig szeret engem, azt Aty\u00e1m is szereti, \u00e9n is szeretni fogom, \u00e9s \u00e9n megmutatom neki magamat.<br \/>\nEzek az evang\u00e9lium ig\u00e9i. \u2013 \u00c1ldunk t\u00e9ged, Krisztus.<\/p>\n<p><span style=\"color: #ff6600;\">H\u00cdVEK K\u00d6NY\u00d6RG\u00c9SE<\/span><\/p>\n<p><em><strong>Testv\u00e9reim! A mennyei Atya azt akarja, hogy k\u00f6vess\u00fck<\/strong><\/em><br \/>\n<em><strong>szent Fi\u00e1t. K\u00e9rj\u00fck ehhez bizalommal seg\u00edts\u00e9g\u00e9t!<\/strong><\/em><\/p>\n<p>1. Hogy Egyh\u00e1zad mindig Krisztus \u00fatj\u00e1n j\u00e1rjon! \u2013 K\u00e9r\u00fcnk t\u00e9ged, hallgass meg minket!<\/p>\n<p>2. Hogy minden ember sz\u00e1m\u00e1ra Krisztus legyen az \u00fat, az igazs\u00e1g \u00e9s az \u00e9let! \u2013 K\u00e9r\u00fcnk t\u00e9ged&#8230;<\/p>\n<p>3. Hogy az emberis\u00e9g az evang\u00e9lium f\u00e9ny\u00e9ben megtal\u00e1lja a b\u00e9k\u00e9re vezet\u0151 utat! \u2013 K\u00e9r\u00fcnk t\u00e9ged&#8230;<\/p>\n<p>4. Hogy szent n\u00e9ped mindenben keresse \u00e9s teljes\u00edtse akaratodat! \u2013 K\u00e9r\u00fcnk t\u00e9ged&#8230;<\/p>\n<p>5. Hogy a kereszt\u00e9nyek \u00e9let\u00fckkel tegyenek tan\u00fas\u00e1got Krisztusban val\u00f3 hit\u00fckr\u0151l! \u2013 K\u00e9r\u00fcnk t\u00e9ged&#8230;<\/p>\n<p><em><strong>Mennyei Aty\u00e1nk! Hallgasd meg k\u00f6ny\u00f6rg\u00e9s\u00fcnket. Seg\u00edts, <\/strong><\/em><em><strong>hogy Fiad \u00fatj\u00e1n j\u00e1rjunk, k\u00f6vess\u00fck az \u00f5 tan\u00edt\u00e1s\u00e1t, s \u00edgy <\/strong><\/em><em><strong>elnyerj\u00fck az \u00f6r\u00f6k \u00e9letet. Krisztus, a mi Urunk \u00e1ltal. <\/strong><\/em><em><strong>\u2013 \u00c1men.<\/strong><\/em><span style=\"color: #ff6600;\">AZ ADOM\u00c1NYOK <\/span><\/p>\n<p><span style=\"color: #ff6600;\">FELAJ\u00c1NL\u00d3 K\u00d6NY\u00d6RG\u00c9S<\/span><br \/>\nUrunk, Isten\u00fcnk, fogadd el k\u00f6ny\u00f6rg\u00e9seinket \u00e1ldozati adom\u00e1nyainkkal<br \/>\negy\u00fctt. Add, hogy kegyelmed erej\u00e9b\u00f5l megtisztulva<br \/>\natyai j\u00f3s\u00e1god szents\u00e9geihez m\u00e9lt\u00f3k legy\u00fcnk. Krisztus, a mi<br \/>\nUrunk \u00e1ltal. \u2013 \u00c1men.<\/p>\n<p><span style=\"color: #ff6600;\">\u00c1LDOZ\u00c1SI \u00c9NEK &#8211; (Jn 14,15\u201316)<\/span><\/p>\n<p><em><strong>Ha szerettek engem, tarts\u00e1tok meg parancsaimat \u2013 mondja az \u00dar.<\/strong><\/em><br \/>\n<em><strong>\u00c9n pedig k\u00e9rni fogom az Aty\u00e1t, \u00e9s m\u00e1s Vigasztal\u00f3t ad nektek,<\/strong><\/em><br \/>\n<em><strong>aki veletek marad mind\u00f6r\u00f6kk\u00e9, alleluja.<\/strong><\/em><\/p>\n<p><span style=\"color: #ff6600;\">\u00c1LDOZ\u00c1S UT\u00c1NI K\u00d6NY\u00d6RG\u00c9S<\/span><br \/>\nMindenhat\u00f3, \u00f6r\u00f6k Isten, te Krisztus felt\u00e1mad\u00e1s\u00e1ban \u00fajj\u00e1teremtesz<br \/>\nminket az \u00f6r\u00f6k \u00e9letre. N\u00f6veld benn\u00fcnk a h\u00fasv\u00e9ti szents\u00e9g<br \/>\nkegyelm\u00e9t, \u00e9s az \u00fcdv\u00f6ss\u00e9g kenyer\u00e9nek erej\u00e9t \u00e1raszd sz\u00edv\u00fcnkbe.<br \/>\nKrisztus, a mi Urunk \u00e1ltal. \u2013 \u00c1men.<\/p>\n<p><span style=\"color: #ff6600;\">BEFEJEZ\u00d5 SZERTART\u00c1S<\/span><br \/>\nAz \u00dar legyen veletek! \u2013 \u00c9s a te lelkeddel!<\/p>\n<p>1.- Isten, aki egysz\u00fcl\u00f6tt Fi\u00e1nak felt\u00e1mad\u00e1sa \u00e1ltal megadta nektek a megv\u00e1lt\u00e1s \u00e9s az istengyermeks\u00e9g kegyelm\u00e9t, \u00f6rvendeztessen meg titeket \u00e1ld\u00e1s\u00e1val! \u2013 \u00c1men.<\/p>\n<p>2.- Aki a megv\u00e1lt\u00e1s kegyelme \u00e1ltal mind\u00f6r\u00f6kk\u00e9 szabadd\u00e1 tett titeket, adja meg nektek mennyei orsz\u00e1g\u00e1nak \u00f6r\u00f6ks\u00e9g\u00e9t! \u2013 \u00c1men.<\/p>\n<p>3.- Miut\u00e1n pedig a hit \u00e1ltal \u00faj \u00e9letre t\u00e1madtok Fi\u00e1val egy\u00fctt a kereszts\u00e9gben, \u00e9ljetek p\u00e9ld\u00e1ja szerint itt a f\u00f6ld\u00f6n, hogy m\u00e9lt\u00f3k legyetek eljutni hozz\u00e1, a mennyei haz\u00e1ba! \u2013 \u00c1men.<\/p>\n<p>\u00c1ldjon meg benneteket a mindenhat\u00f3 Isten: az Atya, a Fi\u00fa <span style=\"color: #ff6600;\">\u2020<\/span> \u00e9s a Szentl\u00e9lek. \u2013 \u00c1men.<\/p>\n<p style=\"text-align: center;\"><strong><span style=\"color: #ff6600;\">* * *<\/span><\/strong><br \/>\n<span style=\"color: #ff6600;\"><em>Akik m\u00e1r megkapt\u00e1k a Szentl\u00e9lek lefoglal\u00f3 z\u00e1log\u00e1t, \u00e9s a felt\u00e1mad\u00e1s<\/em><\/span><br \/>\n<span style=\"color: #ff6600;\"><em>rem\u00e9ny\u00e9nek a birtokosai, azok a j\u00f6vend\u00f5 felt\u00e1mad\u00e1st<\/em><\/span><br \/>\n<span style=\"color: #ff6600;\"><em>m\u00e1r jelenval\u00f3nak tartj\u00e1k, \u00e9s azt hangoztatj\u00e1k, hogy ezent\u00fal<\/em><\/span><br \/>\n<span style=\"color: #ff6600;\"><em>nem tekintenek senkit emberi szempontb\u00f3l. Mindny\u00e1jan lelkiek<\/em><\/span><br \/>\n<span style=\"color: #ff6600;\"><em>vagyunk ugyanis, \u00e9s mentesek a testi romland\u00f3s\u00e1gt\u00f3l.<\/em><\/span><br \/>\n<span style=\"color: #ff6600;\"><em>Mert amikor felragyogott felett\u00fcnk Isten egysz\u00fcl\u00f6tt Fia, hasonl\u00f3v\u00e1<\/em><\/span><br \/>\n<span style=\"color: #ff6600;\"><em>lett\u00fcnk a mindent \u00e9ltet\u00f5 Ig\u00e9hez.<\/em><\/span><br \/>\n<span style=\"color: #ff6600;\"><em>(Alexandriai Szent Cirill p\u00fcsp\u00f6knek<\/em><\/span><br \/>\n<span style=\"color: #ff6600;\"><em>a m\u00e1sodik korintusi lev\u00e9lhez \u00edrt magyar\u00e1zat\u00e1b\u00f3l)<\/em><\/span><\/p>\n<p>&nbsp;<\/p>\n","protected":false},"excerpt":{"rendered":"<p>KEZD\u0150\u00c9NEK V\u00f6. Iz 48,20 Vagy: Ho 85; \u00c9E 552 Ujjong\u00f3 sz\u00f3val hirdess\u00e9tek, hogy mindenki hallja, hirdess\u00e9tek minden\u00fctt a f\u00f6ld\u00f6n: megv\u00e1ltotta az \u00dar az \u00f5 n\u00e9p\u00e9t, alleluja. K\u00d6NY\u00d6RG\u00c9S Mindenhat\u00f3 Isten\u00fcnk, add, hogy odaad\u00f3 buzg\u00f3s\u00e1ggal \u00fcnnepelj\u00fck Urunk felt\u00e1mad\u00e1s\u00e1nak \u00f6r\u00f6mnapjait. Engedd, hogy cselekedeteinkkel mindenkor \u00e9letre v\u00e1ltsuk, amit az eml\u00e9kez\u00e9ssel felid\u00e9z\u00fcnk. A mi Urunk, J\u00e9zus Krisztus, a te Fiad \u00e1ltal, aki veled \u00e9l \u00e9s uralkodik a Szentl\u00e9lekkel egys\u00e9gben, Isten mind\u00f6r\u00f6kk\u00f6n- \u00f6r\u00f6kk\u00e9. \u2013 \u00c1men. OLVASM\u00c1NY az Apostolok Cselekedeteib\u00f5l &#8211; (ApCsel 8,5\u20138. 14\u201317) R\u00e1juk tett\u00e9k a kez\u00fcket, s azok megkapt\u00e1k a Szentlelket. Abban az id\u0151ben: F\u00fcl\u00f6p elment Szamaria v\u00e1ros\u00e1ba, \u00e9s hirdetni kezdte Krisztust. A n\u00e9p, hallva \u00e9s l\u00e1tva a csod\u00e1kat, amelyeket v\u00e9gbe vitt, fesz\u00fclt figyelemmel hallgatta. A tiszt\u00e1talan lelkek ugyanis nagy ki\u00e1lt\u00e1ssal elt\u00e1voztak sok megsz\u00e1llottb\u00f3l, \u00e9s sok b\u00e9na meg s\u00e1nta meggy\u00f3gyult. Nagy lett az \u00f6r\u00f6m abban a v\u00e1rosban. Amikor a Jeruzs\u00e1lemben maradt apostolok meghallott\u00e1k, hogy Szamaria befogadta az Isten szav\u00e1t, elk\u00fcldt\u00e9k hozz\u00e1juk P\u00e9tert \u00e9s J\u00e1nost. Mikor meg\u00e9rkeztek, im\u00e1dkoztak \u00e9rt\u00fck, hogy sz\u00e1lljon le r\u00e1juk a Szentl\u00e9lek. Mert addig m\u00e9g nem sz\u00e1llt le r\u00e1juk, csak meg voltak keresztelve Urunk, J\u00e9zus nev\u00e9ben. R\u00e1juk tett\u00e9k teh\u00e1t a kez\u00fcket, \u00e9s azok megkapt\u00e1k a Szentlelket. Ez az Isten ig\u00e9je. \u2013 Istennek legyen h\u00e1la. V\u00c1LASZOS ZSOLT\u00c1R 65,1\u20133a 4\u20135. 6\u20137a 16 \u00e9s 20 10. t\u00f3nus V\u00e1lasz: Minden f\u00f6ld Istent dics\u00e9rje! Minden f\u00f6ld dics\u00e9rje az Istent, * dics\u0151 nev\u00e9nek zsolt\u00e1rt zengjetek. Magasztal\u00f3 \u00e9nekkel mondj\u00e1tok Istennek: * \u201eMily csod\u00e1sak a te m\u0171veid!\u201d \u2013 Minden f\u00f6ld Istent dics\u00e9rje!\u00a0 Az eg\u00e9sz f\u00f6ld im\u00e1djon \u00e9s magasztaljon t\u00e9ged, * nevedet zsolt\u00e1rral dics\u00e9rje. J\u00f6jjetek, \u00e9s l\u00e1ss\u00e1tok Isten m\u0171veit, * csod\u00e1latos, amit az emberek\u00e9rt v\u00e9gbe vitt. \u2013 Minden f\u00f6ld Istent dics\u00e9rje!\u00a0 Sz\u00e1razf\u00f6ldd\u00e9 tette a tengert, * gyalogszerrel keltek \u00e1t a v\u00edzen. \u00d6rvendezz\u00fcnk teh\u00e1t \u0151benne, * mert hatalm\u00e1val uralkodik mind\u00f6r\u00f6kk\u00e9. \u2013 Minden f\u00f6ld Istent dics\u00e9rje!\u00a0 Jertek ide mind, \u00e9s hallj\u00e1tok, \u2020 kik f\u00e9litek az Istent, * elmondom, mily nagy dolgot tett v\u00e9lem. \u00c1ldott&#8230; <\/p>\n<p><a class=\"readmore\" href=\"https:\/\/stuttgarti-katolikusok.de\/index.php\/husvet-6-vasarnapja\/\">R\u00e9szletek<\/a><\/p>\n","protected":false},"author":3,"featured_media":21851,"comment_status":"closed","ping_status":"closed","sticky":false,"template":"","format":"standard","meta":{"footnotes":""},"categories":[63],"tags":[],"class_list":["post-21934","post","type-post","status-publish","format-standard","has-post-thumbnail","hentry","category-vasarnapi-gondolatok"],"yoast_head":"<!-- This site is optimized with the Yoast SEO plugin v27.3 - https:\/\/yoast.com\/product\/yoast-seo-wordpress\/ -->\n<title>H\u00fasv\u00e9t 6. vas\u00e1rnapja - Stuttgarti Katolikusok<\/title>\n<meta name=\"robots\" content=\"index, follow, max-snippet:-1, max-image-preview:large, max-video-preview:-1\" \/>\n<link rel=\"canonical\" href=\"https:\/\/stuttgarti-katolikusok.de\/index.php\/husvet-6-vasarnapja\/\" \/>\n<meta property=\"og:locale\" content=\"hu_HU\" \/>\n<meta property=\"og:type\" content=\"article\" \/>\n<meta property=\"og:title\" content=\"H\u00fasv\u00e9t 6. vas\u00e1rnapja - Stuttgarti Katolikusok\" \/>\n<meta property=\"og:description\" content=\"KEZD\u0150\u00c9NEK V\u00f6. Iz 48,20 Vagy: Ho 85; \u00c9E 552 Ujjong\u00f3 sz\u00f3val hirdess\u00e9tek, hogy mindenki hallja, hirdess\u00e9tek minden\u00fctt a f\u00f6ld\u00f6n: megv\u00e1ltotta az \u00dar az \u00f5 n\u00e9p\u00e9t, alleluja. K\u00d6NY\u00d6RG\u00c9S Mindenhat\u00f3 Isten\u00fcnk, add, hogy odaad\u00f3 buzg\u00f3s\u00e1ggal \u00fcnnepelj\u00fck Urunk felt\u00e1mad\u00e1s\u00e1nak \u00f6r\u00f6mnapjait. Engedd, hogy cselekedeteinkkel mindenkor \u00e9letre v\u00e1ltsuk, amit az eml\u00e9kez\u00e9ssel felid\u00e9z\u00fcnk. A mi Urunk, J\u00e9zus Krisztus, a te Fiad \u00e1ltal, aki veled \u00e9l \u00e9s uralkodik a Szentl\u00e9lekkel egys\u00e9gben, Isten mind\u00f6r\u00f6kk\u00f6n- \u00f6r\u00f6kk\u00e9. \u2013 \u00c1men. OLVASM\u00c1NY az Apostolok Cselekedeteib\u00f5l &#8211; (ApCsel 8,5\u20138. 14\u201317) R\u00e1juk tett\u00e9k a kez\u00fcket, s azok megkapt\u00e1k a Szentlelket. Abban az id\u0151ben: F\u00fcl\u00f6p elment Szamaria v\u00e1ros\u00e1ba, \u00e9s hirdetni kezdte Krisztust. A n\u00e9p, hallva \u00e9s l\u00e1tva a csod\u00e1kat, amelyeket v\u00e9gbe vitt, fesz\u00fclt figyelemmel hallgatta. A tiszt\u00e1talan lelkek ugyanis nagy ki\u00e1lt\u00e1ssal elt\u00e1voztak sok megsz\u00e1llottb\u00f3l, \u00e9s sok b\u00e9na meg s\u00e1nta meggy\u00f3gyult. Nagy lett az \u00f6r\u00f6m abban a v\u00e1rosban. Amikor a Jeruzs\u00e1lemben maradt apostolok meghallott\u00e1k, hogy Szamaria befogadta az Isten szav\u00e1t, elk\u00fcldt\u00e9k hozz\u00e1juk P\u00e9tert \u00e9s J\u00e1nost. Mikor meg\u00e9rkeztek, im\u00e1dkoztak \u00e9rt\u00fck, hogy sz\u00e1lljon le r\u00e1juk a Szentl\u00e9lek. Mert addig m\u00e9g nem sz\u00e1llt le r\u00e1juk, csak meg voltak keresztelve Urunk, J\u00e9zus nev\u00e9ben. R\u00e1juk tett\u00e9k teh\u00e1t a kez\u00fcket, \u00e9s azok megkapt\u00e1k a Szentlelket. Ez az Isten ig\u00e9je. \u2013 Istennek legyen h\u00e1la. V\u00c1LASZOS ZSOLT\u00c1R 65,1\u20133a 4\u20135. 6\u20137a 16 \u00e9s 20 10. t\u00f3nus V\u00e1lasz: Minden f\u00f6ld Istent dics\u00e9rje! Minden f\u00f6ld dics\u00e9rje az Istent, * dics\u0151 nev\u00e9nek zsolt\u00e1rt zengjetek. Magasztal\u00f3 \u00e9nekkel mondj\u00e1tok Istennek: * \u201eMily csod\u00e1sak a te m\u0171veid!\u201d \u2013 Minden f\u00f6ld Istent dics\u00e9rje!\u00a0 Az eg\u00e9sz f\u00f6ld im\u00e1djon \u00e9s magasztaljon t\u00e9ged, * nevedet zsolt\u00e1rral dics\u00e9rje. J\u00f6jjetek, \u00e9s l\u00e1ss\u00e1tok Isten m\u0171veit, * csod\u00e1latos, amit az emberek\u00e9rt v\u00e9gbe vitt. \u2013 Minden f\u00f6ld Istent dics\u00e9rje!\u00a0 Sz\u00e1razf\u00f6ldd\u00e9 tette a tengert, * gyalogszerrel keltek \u00e1t a v\u00edzen. \u00d6rvendezz\u00fcnk teh\u00e1t \u0151benne, * mert hatalm\u00e1val uralkodik mind\u00f6r\u00f6kk\u00e9. \u2013 Minden f\u00f6ld Istent dics\u00e9rje!\u00a0 Jertek ide mind, \u00e9s hallj\u00e1tok, \u2020 kik f\u00e9litek az Istent, * elmondom, mily nagy dolgot tett v\u00e9lem. \u00c1ldott... R\u00e9szletek\" \/>\n<meta property=\"og:url\" content=\"https:\/\/stuttgarti-katolikusok.de\/index.php\/husvet-6-vasarnapja\/\" \/>\n<meta property=\"og:site_name\" content=\"Stuttgarti Katolikusok\" \/>\n<meta property=\"article:published_time\" content=\"2021-05-09T09:48:31+00:00\" \/>\n<meta property=\"article:modified_time\" content=\"2021-05-18T14:22:03+00:00\" \/>\n<meta property=\"og:image\" content=\"https:\/\/stuttgarti-katolikusok.de\/wp-content\/uploads\/2021\/05\/jesus-christ-898330-640.jpg\" \/>\n\t<meta property=\"og:image:width\" content=\"640\" \/>\n\t<meta property=\"og:image:height\" content=\"426\" \/>\n\t<meta property=\"og:image:type\" content=\"image\/jpeg\" \/>\n<meta name=\"author\" content=\"Tibor atya\" \/>\n<meta name=\"twitter:card\" content=\"summary_large_image\" \/>\n<meta name=\"twitter:label1\" content=\"Szerz\u0151:\" \/>\n\t<meta name=\"twitter:data1\" content=\"Tibor atya\" \/>\n\t<meta name=\"twitter:label2\" content=\"Becs\u00fclt olvas\u00e1si id\u0151\" \/>\n\t<meta name=\"twitter:data2\" content=\"5 perc\" \/>\n<script type=\"application\/ld+json\" class=\"yoast-schema-graph\">{\"@context\":\"https:\\\/\\\/schema.org\",\"@graph\":[{\"@type\":\"Article\",\"@id\":\"https:\\\/\\\/stuttgarti-katolikusok.de\\\/index.php\\\/husvet-6-vasarnapja\\\/#article\",\"isPartOf\":{\"@id\":\"https:\\\/\\\/stuttgarti-katolikusok.de\\\/index.php\\\/husvet-6-vasarnapja\\\/\"},\"author\":{\"name\":\"Tibor atya\",\"@id\":\"https:\\\/\\\/stuttgarti-katolikusok.de\\\/#\\\/schema\\\/person\\\/75908d6f8fdc03a57889d27209df7795\"},\"headline\":\"H\u00fasv\u00e9t 6. vas\u00e1rnapja\",\"datePublished\":\"2021-05-09T09:48:31+00:00\",\"dateModified\":\"2021-05-18T14:22:03+00:00\",\"mainEntityOfPage\":{\"@id\":\"https:\\\/\\\/stuttgarti-katolikusok.de\\\/index.php\\\/husvet-6-vasarnapja\\\/\"},\"wordCount\":1314,\"image\":{\"@id\":\"https:\\\/\\\/stuttgarti-katolikusok.de\\\/index.php\\\/husvet-6-vasarnapja\\\/#primaryimage\"},\"thumbnailUrl\":\"https:\\\/\\\/stuttgarti-katolikusok.de\\\/wp-content\\\/uploads\\\/2021\\\/05\\\/jesus-christ-898330-640.jpg\",\"articleSection\":[\"Vas\u00e1rnapi gondolatok\"],\"inLanguage\":\"hu\"},{\"@type\":\"WebPage\",\"@id\":\"https:\\\/\\\/stuttgarti-katolikusok.de\\\/index.php\\\/husvet-6-vasarnapja\\\/\",\"url\":\"https:\\\/\\\/stuttgarti-katolikusok.de\\\/index.php\\\/husvet-6-vasarnapja\\\/\",\"name\":\"H\u00fasv\u00e9t 6. vas\u00e1rnapja - Stuttgarti Katolikusok\",\"isPartOf\":{\"@id\":\"https:\\\/\\\/stuttgarti-katolikusok.de\\\/#website\"},\"primaryImageOfPage\":{\"@id\":\"https:\\\/\\\/stuttgarti-katolikusok.de\\\/index.php\\\/husvet-6-vasarnapja\\\/#primaryimage\"},\"image\":{\"@id\":\"https:\\\/\\\/stuttgarti-katolikusok.de\\\/index.php\\\/husvet-6-vasarnapja\\\/#primaryimage\"},\"thumbnailUrl\":\"https:\\\/\\\/stuttgarti-katolikusok.de\\\/wp-content\\\/uploads\\\/2021\\\/05\\\/jesus-christ-898330-640.jpg\",\"datePublished\":\"2021-05-09T09:48:31+00:00\",\"dateModified\":\"2021-05-18T14:22:03+00:00\",\"author\":{\"@id\":\"https:\\\/\\\/stuttgarti-katolikusok.de\\\/#\\\/schema\\\/person\\\/75908d6f8fdc03a57889d27209df7795\"},\"breadcrumb\":{\"@id\":\"https:\\\/\\\/stuttgarti-katolikusok.de\\\/index.php\\\/husvet-6-vasarnapja\\\/#breadcrumb\"},\"inLanguage\":\"hu\",\"potentialAction\":[{\"@type\":\"ReadAction\",\"target\":[\"https:\\\/\\\/stuttgarti-katolikusok.de\\\/index.php\\\/husvet-6-vasarnapja\\\/\"]}]},{\"@type\":\"ImageObject\",\"inLanguage\":\"hu\",\"@id\":\"https:\\\/\\\/stuttgarti-katolikusok.de\\\/index.php\\\/husvet-6-vasarnapja\\\/#primaryimage\",\"url\":\"https:\\\/\\\/stuttgarti-katolikusok.de\\\/wp-content\\\/uploads\\\/2021\\\/05\\\/jesus-christ-898330-640.jpg\",\"contentUrl\":\"https:\\\/\\\/stuttgarti-katolikusok.de\\\/wp-content\\\/uploads\\\/2021\\\/05\\\/jesus-christ-898330-640.jpg\",\"width\":640,\"height\":426},{\"@type\":\"BreadcrumbList\",\"@id\":\"https:\\\/\\\/stuttgarti-katolikusok.de\\\/index.php\\\/husvet-6-vasarnapja\\\/#breadcrumb\",\"itemListElement\":[{\"@type\":\"ListItem\",\"position\":1,\"name\":\"Kezd\u0151lap\",\"item\":\"https:\\\/\\\/stuttgarti-katolikusok.de\\\/\"},{\"@type\":\"ListItem\",\"position\":2,\"name\":\"H\u00fasv\u00e9t 6. vas\u00e1rnapja\"}]},{\"@type\":\"WebSite\",\"@id\":\"https:\\\/\\\/stuttgarti-katolikusok.de\\\/#website\",\"url\":\"https:\\\/\\\/stuttgarti-katolikusok.de\\\/\",\"name\":\"Stuttgarti Katolikusok\",\"description\":\"\",\"potentialAction\":[{\"@type\":\"SearchAction\",\"target\":{\"@type\":\"EntryPoint\",\"urlTemplate\":\"https:\\\/\\\/stuttgarti-katolikusok.de\\\/?s={search_term_string}\"},\"query-input\":{\"@type\":\"PropertyValueSpecification\",\"valueRequired\":true,\"valueName\":\"search_term_string\"}}],\"inLanguage\":\"hu\"},{\"@type\":\"Person\",\"@id\":\"https:\\\/\\\/stuttgarti-katolikusok.de\\\/#\\\/schema\\\/person\\\/75908d6f8fdc03a57889d27209df7795\",\"name\":\"Tibor atya\",\"image\":{\"@type\":\"ImageObject\",\"inLanguage\":\"hu\",\"@id\":\"https:\\\/\\\/secure.gravatar.com\\\/avatar\\\/61d268e57d1f4525b111222e29d2d5a7f8c420fdbf231ba5566a8ceac74fa960?s=96&d=mm&r=g\",\"url\":\"https:\\\/\\\/secure.gravatar.com\\\/avatar\\\/61d268e57d1f4525b111222e29d2d5a7f8c420fdbf231ba5566a8ceac74fa960?s=96&d=mm&r=g\",\"contentUrl\":\"https:\\\/\\\/secure.gravatar.com\\\/avatar\\\/61d268e57d1f4525b111222e29d2d5a7f8c420fdbf231ba5566a8ceac74fa960?s=96&d=mm&r=g\",\"caption\":\"Tibor atya\"},\"url\":\"https:\\\/\\\/stuttgarti-katolikusok.de\\\/index.php\\\/author\\\/tibor-atya\\\/\"}]}<\/script>\n<!-- \/ Yoast SEO plugin. -->","yoast_head_json":{"title":"H\u00fasv\u00e9t 6. vas\u00e1rnapja - Stuttgarti Katolikusok","robots":{"index":"index","follow":"follow","max-snippet":"max-snippet:-1","max-image-preview":"max-image-preview:large","max-video-preview":"max-video-preview:-1"},"canonical":"https:\/\/stuttgarti-katolikusok.de\/index.php\/husvet-6-vasarnapja\/","og_locale":"hu_HU","og_type":"article","og_title":"H\u00fasv\u00e9t 6. vas\u00e1rnapja - Stuttgarti Katolikusok","og_description":"KEZD\u0150\u00c9NEK V\u00f6. Iz 48,20 Vagy: Ho 85; \u00c9E 552 Ujjong\u00f3 sz\u00f3val hirdess\u00e9tek, hogy mindenki hallja, hirdess\u00e9tek minden\u00fctt a f\u00f6ld\u00f6n: megv\u00e1ltotta az \u00dar az \u00f5 n\u00e9p\u00e9t, alleluja. K\u00d6NY\u00d6RG\u00c9S Mindenhat\u00f3 Isten\u00fcnk, add, hogy odaad\u00f3 buzg\u00f3s\u00e1ggal \u00fcnnepelj\u00fck Urunk felt\u00e1mad\u00e1s\u00e1nak \u00f6r\u00f6mnapjait. Engedd, hogy cselekedeteinkkel mindenkor \u00e9letre v\u00e1ltsuk, amit az eml\u00e9kez\u00e9ssel felid\u00e9z\u00fcnk. A mi Urunk, J\u00e9zus Krisztus, a te Fiad \u00e1ltal, aki veled \u00e9l \u00e9s uralkodik a Szentl\u00e9lekkel egys\u00e9gben, Isten mind\u00f6r\u00f6kk\u00f6n- \u00f6r\u00f6kk\u00e9. \u2013 \u00c1men. OLVASM\u00c1NY az Apostolok Cselekedeteib\u00f5l &#8211; (ApCsel 8,5\u20138. 14\u201317) R\u00e1juk tett\u00e9k a kez\u00fcket, s azok megkapt\u00e1k a Szentlelket. Abban az id\u0151ben: F\u00fcl\u00f6p elment Szamaria v\u00e1ros\u00e1ba, \u00e9s hirdetni kezdte Krisztust. A n\u00e9p, hallva \u00e9s l\u00e1tva a csod\u00e1kat, amelyeket v\u00e9gbe vitt, fesz\u00fclt figyelemmel hallgatta. A tiszt\u00e1talan lelkek ugyanis nagy ki\u00e1lt\u00e1ssal elt\u00e1voztak sok megsz\u00e1llottb\u00f3l, \u00e9s sok b\u00e9na meg s\u00e1nta meggy\u00f3gyult. Nagy lett az \u00f6r\u00f6m abban a v\u00e1rosban. Amikor a Jeruzs\u00e1lemben maradt apostolok meghallott\u00e1k, hogy Szamaria befogadta az Isten szav\u00e1t, elk\u00fcldt\u00e9k hozz\u00e1juk P\u00e9tert \u00e9s J\u00e1nost. Mikor meg\u00e9rkeztek, im\u00e1dkoztak \u00e9rt\u00fck, hogy sz\u00e1lljon le r\u00e1juk a Szentl\u00e9lek. Mert addig m\u00e9g nem sz\u00e1llt le r\u00e1juk, csak meg voltak keresztelve Urunk, J\u00e9zus nev\u00e9ben. R\u00e1juk tett\u00e9k teh\u00e1t a kez\u00fcket, \u00e9s azok megkapt\u00e1k a Szentlelket. Ez az Isten ig\u00e9je. \u2013 Istennek legyen h\u00e1la. V\u00c1LASZOS ZSOLT\u00c1R 65,1\u20133a 4\u20135. 6\u20137a 16 \u00e9s 20 10. t\u00f3nus V\u00e1lasz: Minden f\u00f6ld Istent dics\u00e9rje! Minden f\u00f6ld dics\u00e9rje az Istent, * dics\u0151 nev\u00e9nek zsolt\u00e1rt zengjetek. Magasztal\u00f3 \u00e9nekkel mondj\u00e1tok Istennek: * \u201eMily csod\u00e1sak a te m\u0171veid!\u201d \u2013 Minden f\u00f6ld Istent dics\u00e9rje!\u00a0 Az eg\u00e9sz f\u00f6ld im\u00e1djon \u00e9s magasztaljon t\u00e9ged, * nevedet zsolt\u00e1rral dics\u00e9rje. J\u00f6jjetek, \u00e9s l\u00e1ss\u00e1tok Isten m\u0171veit, * csod\u00e1latos, amit az emberek\u00e9rt v\u00e9gbe vitt. \u2013 Minden f\u00f6ld Istent dics\u00e9rje!\u00a0 Sz\u00e1razf\u00f6ldd\u00e9 tette a tengert, * gyalogszerrel keltek \u00e1t a v\u00edzen. \u00d6rvendezz\u00fcnk teh\u00e1t \u0151benne, * mert hatalm\u00e1val uralkodik mind\u00f6r\u00f6kk\u00e9. \u2013 Minden f\u00f6ld Istent dics\u00e9rje!\u00a0 Jertek ide mind, \u00e9s hallj\u00e1tok, \u2020 kik f\u00e9litek az Istent, * elmondom, mily nagy dolgot tett v\u00e9lem. \u00c1ldott... R\u00e9szletek","og_url":"https:\/\/stuttgarti-katolikusok.de\/index.php\/husvet-6-vasarnapja\/","og_site_name":"Stuttgarti Katolikusok","article_published_time":"2021-05-09T09:48:31+00:00","article_modified_time":"2021-05-18T14:22:03+00:00","og_image":[{"width":640,"height":426,"url":"https:\/\/stuttgarti-katolikusok.de\/wp-content\/uploads\/2021\/05\/jesus-christ-898330-640.jpg","type":"image\/jpeg"}],"author":"Tibor atya","twitter_card":"summary_large_image","twitter_misc":{"Szerz\u0151:":"Tibor atya","Becs\u00fclt olvas\u00e1si id\u0151":"5 perc"},"schema":{"@context":"https:\/\/schema.org","@graph":[{"@type":"Article","@id":"https:\/\/stuttgarti-katolikusok.de\/index.php\/husvet-6-vasarnapja\/#article","isPartOf":{"@id":"https:\/\/stuttgarti-katolikusok.de\/index.php\/husvet-6-vasarnapja\/"},"author":{"name":"Tibor atya","@id":"https:\/\/stuttgarti-katolikusok.de\/#\/schema\/person\/75908d6f8fdc03a57889d27209df7795"},"headline":"H\u00fasv\u00e9t 6. vas\u00e1rnapja","datePublished":"2021-05-09T09:48:31+00:00","dateModified":"2021-05-18T14:22:03+00:00","mainEntityOfPage":{"@id":"https:\/\/stuttgarti-katolikusok.de\/index.php\/husvet-6-vasarnapja\/"},"wordCount":1314,"image":{"@id":"https:\/\/stuttgarti-katolikusok.de\/index.php\/husvet-6-vasarnapja\/#primaryimage"},"thumbnailUrl":"https:\/\/stuttgarti-katolikusok.de\/wp-content\/uploads\/2021\/05\/jesus-christ-898330-640.jpg","articleSection":["Vas\u00e1rnapi gondolatok"],"inLanguage":"hu"},{"@type":"WebPage","@id":"https:\/\/stuttgarti-katolikusok.de\/index.php\/husvet-6-vasarnapja\/","url":"https:\/\/stuttgarti-katolikusok.de\/index.php\/husvet-6-vasarnapja\/","name":"H\u00fasv\u00e9t 6. vas\u00e1rnapja - Stuttgarti Katolikusok","isPartOf":{"@id":"https:\/\/stuttgarti-katolikusok.de\/#website"},"primaryImageOfPage":{"@id":"https:\/\/stuttgarti-katolikusok.de\/index.php\/husvet-6-vasarnapja\/#primaryimage"},"image":{"@id":"https:\/\/stuttgarti-katolikusok.de\/index.php\/husvet-6-vasarnapja\/#primaryimage"},"thumbnailUrl":"https:\/\/stuttgarti-katolikusok.de\/wp-content\/uploads\/2021\/05\/jesus-christ-898330-640.jpg","datePublished":"2021-05-09T09:48:31+00:00","dateModified":"2021-05-18T14:22:03+00:00","author":{"@id":"https:\/\/stuttgarti-katolikusok.de\/#\/schema\/person\/75908d6f8fdc03a57889d27209df7795"},"breadcrumb":{"@id":"https:\/\/stuttgarti-katolikusok.de\/index.php\/husvet-6-vasarnapja\/#breadcrumb"},"inLanguage":"hu","potentialAction":[{"@type":"ReadAction","target":["https:\/\/stuttgarti-katolikusok.de\/index.php\/husvet-6-vasarnapja\/"]}]},{"@type":"ImageObject","inLanguage":"hu","@id":"https:\/\/stuttgarti-katolikusok.de\/index.php\/husvet-6-vasarnapja\/#primaryimage","url":"https:\/\/stuttgarti-katolikusok.de\/wp-content\/uploads\/2021\/05\/jesus-christ-898330-640.jpg","contentUrl":"https:\/\/stuttgarti-katolikusok.de\/wp-content\/uploads\/2021\/05\/jesus-christ-898330-640.jpg","width":640,"height":426},{"@type":"BreadcrumbList","@id":"https:\/\/stuttgarti-katolikusok.de\/index.php\/husvet-6-vasarnapja\/#breadcrumb","itemListElement":[{"@type":"ListItem","position":1,"name":"Kezd\u0151lap","item":"https:\/\/stuttgarti-katolikusok.de\/"},{"@type":"ListItem","position":2,"name":"H\u00fasv\u00e9t 6. vas\u00e1rnapja"}]},{"@type":"WebSite","@id":"https:\/\/stuttgarti-katolikusok.de\/#website","url":"https:\/\/stuttgarti-katolikusok.de\/","name":"Stuttgarti Katolikusok","description":"","potentialAction":[{"@type":"SearchAction","target":{"@type":"EntryPoint","urlTemplate":"https:\/\/stuttgarti-katolikusok.de\/?s={search_term_string}"},"query-input":{"@type":"PropertyValueSpecification","valueRequired":true,"valueName":"search_term_string"}}],"inLanguage":"hu"},{"@type":"Person","@id":"https:\/\/stuttgarti-katolikusok.de\/#\/schema\/person\/75908d6f8fdc03a57889d27209df7795","name":"Tibor atya","image":{"@type":"ImageObject","inLanguage":"hu","@id":"https:\/\/secure.gravatar.com\/avatar\/61d268e57d1f4525b111222e29d2d5a7f8c420fdbf231ba5566a8ceac74fa960?s=96&d=mm&r=g","url":"https:\/\/secure.gravatar.com\/avatar\/61d268e57d1f4525b111222e29d2d5a7f8c420fdbf231ba5566a8ceac74fa960?s=96&d=mm&r=g","contentUrl":"https:\/\/secure.gravatar.com\/avatar\/61d268e57d1f4525b111222e29d2d5a7f8c420fdbf231ba5566a8ceac74fa960?s=96&d=mm&r=g","caption":"Tibor atya"},"url":"https:\/\/stuttgarti-katolikusok.de\/index.php\/author\/tibor-atya\/"}]}},"_links":{"self":[{"href":"https:\/\/stuttgarti-katolikusok.de\/index.php\/wp-json\/wp\/v2\/posts\/21934","targetHints":{"allow":["GET"]}}],"collection":[{"href":"https:\/\/stuttgarti-katolikusok.de\/index.php\/wp-json\/wp\/v2\/posts"}],"about":[{"href":"https:\/\/stuttgarti-katolikusok.de\/index.php\/wp-json\/wp\/v2\/types\/post"}],"author":[{"embeddable":true,"href":"https:\/\/stuttgarti-katolikusok.de\/index.php\/wp-json\/wp\/v2\/users\/3"}],"replies":[{"embeddable":true,"href":"https:\/\/stuttgarti-katolikusok.de\/index.php\/wp-json\/wp\/v2\/comments?post=21934"}],"version-history":[{"count":4,"href":"https:\/\/stuttgarti-katolikusok.de\/index.php\/wp-json\/wp\/v2\/posts\/21934\/revisions"}],"predecessor-version":[{"id":21941,"href":"https:\/\/stuttgarti-katolikusok.de\/index.php\/wp-json\/wp\/v2\/posts\/21934\/revisions\/21941"}],"wp:featuredmedia":[{"embeddable":true,"href":"https:\/\/stuttgarti-katolikusok.de\/index.php\/wp-json\/wp\/v2\/media\/21851"}],"wp:attachment":[{"href":"https:\/\/stuttgarti-katolikusok.de\/index.php\/wp-json\/wp\/v2\/media?parent=21934"}],"wp:term":[{"taxonomy":"category","embeddable":true,"href":"https:\/\/stuttgarti-katolikusok.de\/index.php\/wp-json\/wp\/v2\/categories?post=21934"},{"taxonomy":"post_tag","embeddable":true,"href":"https:\/\/stuttgarti-katolikusok.de\/index.php\/wp-json\/wp\/v2\/tags?post=21934"}],"curies":[{"name":"wp","href":"https:\/\/api.w.org\/{rel}","templated":true}]}}