{"id":21850,"date":"2021-05-11T10:24:47","date_gmt":"2021-05-11T10:24:47","guid":{"rendered":"https:\/\/stuttgarti-katolikusok.de\/?p=21850"},"modified":"2021-05-11T12:48:35","modified_gmt":"2021-05-11T12:48:35","slug":"2021-majus-10-es-16-kozott","status":"publish","type":"post","link":"https:\/\/stuttgarti-katolikusok.de\/index.php\/2021-majus-10-es-16-kozott\/","title":{"rendered":"2021. m\u00e1jus 10 \u00e9s 16 k\u00f6z\u00f6tt"},"content":{"rendered":"<p><span style=\"color: #ff6600;\"><strong>Programel\u0151zetes<\/strong><\/span><\/p>\n<p><span style=\"color: #ff6600;\"><em style=\"font-weight: inherit;\">A jelenlegi egyh\u00e1zi rendelkez\u00e9sek \u00e9rtelm\u00e9ben csak a szentmise tarthat\u00f3 meg.<\/em><\/span><\/p>\n<p><span style=\"color: #ff6600;\"><em style=\"font-weight: inherit;\">Szentmis\u00e9n k\u00f6telez\u0151 a maszk haszn\u00e1lata, jelenl\u00e9ti lista n\u00e9vvel \u00e9s el\u00e9rhet\u0151s\u00e9ggel, kezek fert\u0151tlen\u00edt\u00e9se!<\/em><\/span><\/p>\n<p><span style=\"color: #ff6600;\"><em style=\"font-weight: inherit;\">Szentmis\u00e9ket a h\u00edvek r\u00e9szv\u00e9tel\u00e9vel csak azon helyeken lehet, ahol a fert\u0151z\u00e9sek sz\u00e1ma ezt lehet\u0151v\u00e9 teszi. Ez sajnos napr\u00f3l napra v\u00e1ltozhat!\u00a0\u00a0<\/em><\/span><\/p>\n<p style=\"text-align: center;\"><span style=\"color: #ff6600;\"><em style=\"font-weight: inherit;\">\u00a0<\/em><strong style=\"font-style: inherit;\">*<\/strong><\/span><\/p>\n<p><span style=\"color: #000000;\"><em style=\"font-weight: inherit;\"><strong>M\u00e1jus 12-\u00e9n<\/strong><\/em><\/span>,\u00a0<em style=\"font-weight: inherit;\">szerd\u00e1n,<\/em>\u00a0<span style=\"color: #ff6600;\"><em style=\"font-weight: inherit;\"><strong>Weingarteni d\u00e9lut\u00e1n<\/strong><\/em><\/span><em style=\"font-weight: inherit;\">,<\/em>\u00a0a\u00a0<em style=\"font-weight: inherit;\">14 Nothelfer Kapelle-<\/em>ben 18.30 \u00f3rakor\u00a0<em style=\"font-weight: inherit;\">r\u00f3zsaf\u00fcz\u00e9rt im\u00e1dkozunk<\/em>, ezt k\u00f6vet\u0151en\u00a0<em>el\u0151esti szentmise<\/em> Urunk mennybemenetel\u00e9nek \u00fcnnep\u00e9re.<\/p>\n<p style=\"text-align: center;\"><span style=\"color: #ff6600;\"><em style=\"font-weight: inherit;\"><strong>*<\/strong><\/em><\/span><\/p>\n<p><em style=\"font-weight: inherit;\"><strong>M\u00e1jus 13-\u00e1n<\/strong><\/em>,\u00a0<em style=\"font-weight: inherit;\">cs\u00fct\u00f6rt\u00f6k\u00f6n,\u00a0<\/em><span style=\"color: #ff6600;\"><em style=\"font-weight: inherit;\"><strong>Ulmi d\u00e9lut\u00e1n<\/strong><\/em><\/span><em><strong>, <\/strong><\/em><em>17.30 \u00f3rakor <\/em><em>r\u00f3zsaf\u00fcz\u00e9rt im\u00e1dkozunk<\/em><em>, ezt k\u00f6vet\u0151en <\/em><em>szentmise<\/em><em> Urunk mennybemenetel\u00e9nek \u00fcnnep\u00e9re.<\/em><\/p>\n<p style=\"text-align: center;\"><span style=\"color: #ff6600;\">*<\/span><\/p>\n<p><em style=\"font-weight: inherit;\"><strong>M\u00e1jus 14-\u00e9n<\/strong><\/em>,\u00a0<em style=\"font-weight: inherit;\">p\u00e9nteken,<\/em><em style=\"font-weight: inherit;\">\u00a0<\/em><span style=\"color: #ff6600;\"><strong style=\"font-style: inherit;\"><em>Stuttgarti d\u00e9lut\u00e1n<\/em><\/strong>. <strong style=\"color: #ff6600;\">ELMARAD!!!<\/strong><\/span><\/p>\n<p style=\"text-align: center;\"><span style=\"color: #ff6600;\">*<\/span><\/p>\n<p><em style=\"font-weight: inherit;\"><strong>M\u00e1jus 15-\u00e9n<\/strong><\/em><em style=\"font-weight: inherit;\">, szombaton,<\/em><span style=\"color: #ff6600;\"><strong style=\"font-style: inherit;\"><em> H<\/em><\/strong><em style=\"font-weight: inherit;\"><strong>eidenheimban<\/strong><\/em><\/span><em><strong>\u00a0<\/strong><\/em><em style=\"font-weight: inherit;\">15.30 \u00f3rakor\u00a0<span style=\"color: #ff6600;\">szabadt\u00e9ri szentmise<\/span>. <\/em><\/p>\n<p><span style=\"color: #ff6600;\"><em>Az id\u0151j\u00e1r\u00e1snak megfelel\u0151en \u00f6lt\u00f6zk\u00f6djetek \u00e9s hozzatok eserny\u0151t is magatokkal, amennyiben sz\u00fcks\u00e9ges!!!<\/em><\/span><\/p>\n<p style=\"text-align: center;\"><span style=\"color: #ff6600;\"><strong style=\"font-style: inherit;\">*<\/strong><\/span><\/p>\n<p><em style=\"font-weight: inherit;\"><strong>M\u00e1jus 16-\u00e1n,<\/strong><\/em>\u00a0<span style=\"color: #ff6600;\"><em style=\"font-weight: inherit;\"><strong>H\u00fasv\u00e9t 7. vas\u00e1rnapja<\/strong><\/em><\/span><em style=\"font-weight: inherit;\">,\u00a0<\/em><\/p>\n<p><span style=\"color: #ff6600;\"><em style=\"font-weight: inherit;\"><strong>Ludwigsburgban<\/strong><\/em><\/span><em><strong>\u00a0<\/strong><\/em>9.30 \u00f3rakor<em style=\"font-weight: inherit;\">\u00a0szentmise,<\/em><\/p>\n<p><em><strong><span style=\"color: #ff6600;\">Stuttgartban<\/span>\u00a0<\/strong><\/em>12.00 \u00f3rakor<em style=\"font-weight: inherit;\"> szentmise, <strong><span style=\"color: #ff0000;\">(jelen pillanatban m\u00e9g k\u00e9rd\u00e9ses!!!)<\/span><\/strong><\/em><\/p>\n<p><span style=\"color: #ff6600;\"><em><strong>Eislingenben <\/strong><\/em><\/span><em>15.00 \u00f3rakor <\/em><em>szentmise. <em style=\"font-weight: inherit;\"><strong><span style=\"color: #ff0000;\">(jelen pillanatban m\u00e9g k\u00e9rd\u00e9ses!!!)<\/span><\/strong><\/em><\/em><\/p>\n<p style=\"text-align: center;\"><span style=\"color: #ff6600;\"><em style=\"font-weight: inherit;\">\u00a0<strong>*<\/strong><\/em><\/span><\/p>\n<p>Minden helyen mindenkit szeretettel v\u00e1r a k\u00f6z\u00f6ss\u00e9g \u00e9s Tibor atya!<\/p>\n<p style=\"text-align: center;\"><span style=\"color: #ff6600;\"><strong style=\"font-style: inherit;\">*<\/strong><\/span><\/p>\n<p><a href=\"https:\/\/stuttgarti-katolikusok.de\/wp-content\/uploads\/2021\/05\/jesus-christ-898330-640.jpg\"><img loading=\"lazy\" decoding=\"async\" class=\"alignnone size-full wp-image-21851\" src=\"https:\/\/stuttgarti-katolikusok.de\/wp-content\/uploads\/2021\/05\/jesus-christ-898330-640.jpg\" alt=\"\" width=\"640\" height=\"426\" srcset=\"https:\/\/stuttgarti-katolikusok.de\/wp-content\/uploads\/2021\/05\/jesus-christ-898330-640.jpg 640w, https:\/\/stuttgarti-katolikusok.de\/wp-content\/uploads\/2021\/05\/jesus-christ-898330-640-300x200.jpg 300w, https:\/\/stuttgarti-katolikusok.de\/wp-content\/uploads\/2021\/05\/jesus-christ-898330-640-420x280.jpg 420w\" sizes=\"auto, (max-width: 640px) 100vw, 640px\" \/><\/a><\/p>\n<p style=\"text-align: center;\"><span style=\"color: #ff6600;\"><em style=\"font-weight: inherit;\"><strong>*<\/strong><\/em><\/span><\/p>\n<p style=\"text-align: center;\"><span style=\"color: #ff6600;\"><em style=\"font-weight: inherit;\"><strong>Kegyelemteljes h\u00fasv\u00e9ti napokat, tartalmas besz\u00e9lget\u00e9seket \u00e9s \u00f6r\u00f6mteli tal\u00e1lkoz\u00e1sokat k\u00edv\u00e1nunk minden Kedves H\u00edv\u00fcnknek!<\/strong><\/em><\/span><\/p>\n<p style=\"text-align: center;\"><span style=\"color: #ff6600;\"><em style=\"font-weight: inherit;\"><strong>*<\/strong><\/em><\/span><\/p>\n<p><em style=\"font-weight: inherit;\"><strong>\u201eAk\u00e1r \u00f3ri\u00e1sok \u00e9p\u00edtik a kast\u00e9lyokat, ak\u00e1r emberek a kunyh\u00f3kat: kast\u00e9lyok, kunyh\u00f3k mind muland\u00f3 dolgok. Csup\u00e1n a hegyek, a v\u00f6lgyek, a foly\u00f3k \u00e9s a n\u00e9pek \u00f6r\u00f6kk\u00e9val\u00f3k, mert azokat Isten teremtette!\u201d\u00a0<\/strong><\/em><em style=\"font-weight: inherit;\">(Wass Albert, erd\u00e9lyi magyar \u00edr\u00f3 \u00e9s k\u00f6lt\u0151 &#8211; 1908 \u2013 1998)<\/em><\/p>\n<p><em style=\"font-weight: inherit;\">(K\u00e9p forr\u00e1sa: Pixabay)<\/em><\/p>\n","protected":false},"excerpt":{"rendered":"<p>Programel\u0151zetes A jelenlegi egyh\u00e1zi rendelkez\u00e9sek \u00e9rtelm\u00e9ben csak a szentmise tarthat\u00f3 meg. Szentmis\u00e9n k\u00f6telez\u0151 a maszk haszn\u00e1lata, jelenl\u00e9ti lista n\u00e9vvel \u00e9s el\u00e9rhet\u0151s\u00e9ggel, kezek fert\u0151tlen\u00edt\u00e9se! Szentmis\u00e9ket a h\u00edvek r\u00e9szv\u00e9tel\u00e9vel csak azon helyeken lehet, ahol a fert\u0151z\u00e9sek sz\u00e1ma ezt lehet\u0151v\u00e9 teszi. Ez sajnos napr\u00f3l napra v\u00e1ltozhat!\u00a0\u00a0 \u00a0* M\u00e1jus 12-\u00e9n,\u00a0szerd\u00e1n,\u00a0Weingarteni d\u00e9lut\u00e1n,\u00a0a\u00a014 Nothelfer Kapelle-ben 18.30 \u00f3rakor\u00a0r\u00f3zsaf\u00fcz\u00e9rt im\u00e1dkozunk, ezt k\u00f6vet\u0151en\u00a0el\u0151esti szentmise Urunk mennybemenetel\u00e9nek \u00fcnnep\u00e9re. * M\u00e1jus 13-\u00e1n,\u00a0cs\u00fct\u00f6rt\u00f6k\u00f6n,\u00a0Ulmi d\u00e9lut\u00e1n, 17.30 \u00f3rakor r\u00f3zsaf\u00fcz\u00e9rt im\u00e1dkozunk, ezt k\u00f6vet\u0151en szentmise Urunk mennybemenetel\u00e9nek \u00fcnnep\u00e9re. * M\u00e1jus 14-\u00e9n,\u00a0p\u00e9nteken,\u00a0Stuttgarti d\u00e9lut\u00e1n. ELMARAD!!! * M\u00e1jus 15-\u00e9n, szombaton, Heidenheimban\u00a015.30 \u00f3rakor\u00a0szabadt\u00e9ri szentmise. Az id\u0151j\u00e1r\u00e1snak megfelel\u0151en \u00f6lt\u00f6zk\u00f6djetek \u00e9s hozzatok eserny\u0151t is magatokkal, amennyiben sz\u00fcks\u00e9ges!!! * M\u00e1jus 16-\u00e1n,\u00a0H\u00fasv\u00e9t 7. vas\u00e1rnapja,\u00a0 Ludwigsburgban\u00a09.30 \u00f3rakor\u00a0szentmise, Stuttgartban\u00a012.00 \u00f3rakor szentmise, (jelen pillanatban m\u00e9g k\u00e9rd\u00e9ses!!!) Eislingenben 15.00 \u00f3rakor szentmise. (jelen pillanatban m\u00e9g k\u00e9rd\u00e9ses!!!) \u00a0* Minden helyen mindenkit szeretettel v\u00e1r a k\u00f6z\u00f6ss\u00e9g \u00e9s Tibor atya! * * Kegyelemteljes h\u00fasv\u00e9ti napokat, tartalmas besz\u00e9lget\u00e9seket \u00e9s \u00f6r\u00f6mteli tal\u00e1lkoz\u00e1sokat k\u00edv\u00e1nunk minden Kedves H\u00edv\u00fcnknek! * \u201eAk\u00e1r \u00f3ri\u00e1sok \u00e9p\u00edtik a kast\u00e9lyokat, ak\u00e1r emberek a kunyh\u00f3kat: kast\u00e9lyok, kunyh\u00f3k mind muland\u00f3 dolgok. Csup\u00e1n a hegyek, a v\u00f6lgyek, a foly\u00f3k \u00e9s a n\u00e9pek \u00f6r\u00f6kk\u00e9val\u00f3k, mert azokat Isten teremtette!\u201d\u00a0(Wass Albert, erd\u00e9lyi magyar \u00edr\u00f3 \u00e9s k\u00f6lt\u0151 &#8211; 1908 \u2013 1998) (K\u00e9p forr\u00e1sa: Pixabay)<\/p>\n","protected":false},"author":3,"featured_media":21852,"comment_status":"closed","ping_status":"closed","sticky":false,"template":"","format":"standard","meta":{"footnotes":""},"categories":[37],"tags":[],"class_list":["post-21850","post","type-post","status-publish","format-standard","has-post-thumbnail","hentry","category-progamelozetes"],"yoast_head":"<!-- This site is optimized with the Yoast SEO plugin v27.3 - https:\/\/yoast.com\/product\/yoast-seo-wordpress\/ -->\n<title>2021. m\u00e1jus 10 \u00e9s 16 k\u00f6z\u00f6tt - Stuttgarti Katolikusok<\/title>\n<meta name=\"robots\" content=\"index, follow, max-snippet:-1, max-image-preview:large, max-video-preview:-1\" \/>\n<link rel=\"canonical\" href=\"https:\/\/stuttgarti-katolikusok.de\/index.php\/2021-majus-10-es-16-kozott\/\" \/>\n<meta property=\"og:locale\" content=\"hu_HU\" \/>\n<meta property=\"og:type\" content=\"article\" \/>\n<meta property=\"og:title\" content=\"2021. m\u00e1jus 10 \u00e9s 16 k\u00f6z\u00f6tt - Stuttgarti Katolikusok\" \/>\n<meta property=\"og:description\" content=\"Programel\u0151zetes A jelenlegi egyh\u00e1zi rendelkez\u00e9sek \u00e9rtelm\u00e9ben csak a szentmise tarthat\u00f3 meg. Szentmis\u00e9n k\u00f6telez\u0151 a maszk haszn\u00e1lata, jelenl\u00e9ti lista n\u00e9vvel \u00e9s el\u00e9rhet\u0151s\u00e9ggel, kezek fert\u0151tlen\u00edt\u00e9se! Szentmis\u00e9ket a h\u00edvek r\u00e9szv\u00e9tel\u00e9vel csak azon helyeken lehet, ahol a fert\u0151z\u00e9sek sz\u00e1ma ezt lehet\u0151v\u00e9 teszi. Ez sajnos napr\u00f3l napra v\u00e1ltozhat!\u00a0\u00a0 \u00a0* M\u00e1jus 12-\u00e9n,\u00a0szerd\u00e1n,\u00a0Weingarteni d\u00e9lut\u00e1n,\u00a0a\u00a014 Nothelfer Kapelle-ben 18.30 \u00f3rakor\u00a0r\u00f3zsaf\u00fcz\u00e9rt im\u00e1dkozunk, ezt k\u00f6vet\u0151en\u00a0el\u0151esti szentmise Urunk mennybemenetel\u00e9nek \u00fcnnep\u00e9re. * M\u00e1jus 13-\u00e1n,\u00a0cs\u00fct\u00f6rt\u00f6k\u00f6n,\u00a0Ulmi d\u00e9lut\u00e1n, 17.30 \u00f3rakor r\u00f3zsaf\u00fcz\u00e9rt im\u00e1dkozunk, ezt k\u00f6vet\u0151en szentmise Urunk mennybemenetel\u00e9nek \u00fcnnep\u00e9re. * M\u00e1jus 14-\u00e9n,\u00a0p\u00e9nteken,\u00a0Stuttgarti d\u00e9lut\u00e1n. ELMARAD!!! * M\u00e1jus 15-\u00e9n, szombaton, Heidenheimban\u00a015.30 \u00f3rakor\u00a0szabadt\u00e9ri szentmise. Az id\u0151j\u00e1r\u00e1snak megfelel\u0151en \u00f6lt\u00f6zk\u00f6djetek \u00e9s hozzatok eserny\u0151t is magatokkal, amennyiben sz\u00fcks\u00e9ges!!! * M\u00e1jus 16-\u00e1n,\u00a0H\u00fasv\u00e9t 7. vas\u00e1rnapja,\u00a0 Ludwigsburgban\u00a09.30 \u00f3rakor\u00a0szentmise, Stuttgartban\u00a012.00 \u00f3rakor szentmise, (jelen pillanatban m\u00e9g k\u00e9rd\u00e9ses!!!) Eislingenben 15.00 \u00f3rakor szentmise. (jelen pillanatban m\u00e9g k\u00e9rd\u00e9ses!!!) \u00a0* Minden helyen mindenkit szeretettel v\u00e1r a k\u00f6z\u00f6ss\u00e9g \u00e9s Tibor atya! * * Kegyelemteljes h\u00fasv\u00e9ti napokat, tartalmas besz\u00e9lget\u00e9seket \u00e9s \u00f6r\u00f6mteli tal\u00e1lkoz\u00e1sokat k\u00edv\u00e1nunk minden Kedves H\u00edv\u00fcnknek! * \u201eAk\u00e1r \u00f3ri\u00e1sok \u00e9p\u00edtik a kast\u00e9lyokat, ak\u00e1r emberek a kunyh\u00f3kat: kast\u00e9lyok, kunyh\u00f3k mind muland\u00f3 dolgok. Csup\u00e1n a hegyek, a v\u00f6lgyek, a foly\u00f3k \u00e9s a n\u00e9pek \u00f6r\u00f6kk\u00e9val\u00f3k, mert azokat Isten teremtette!\u201d\u00a0(Wass Albert, erd\u00e9lyi magyar \u00edr\u00f3 \u00e9s k\u00f6lt\u0151 &#8211; 1908 \u2013 1998) (K\u00e9p forr\u00e1sa: Pixabay)\" \/>\n<meta property=\"og:url\" content=\"https:\/\/stuttgarti-katolikusok.de\/index.php\/2021-majus-10-es-16-kozott\/\" \/>\n<meta property=\"og:site_name\" content=\"Stuttgarti Katolikusok\" \/>\n<meta property=\"article:published_time\" content=\"2021-05-11T10:24:47+00:00\" \/>\n<meta property=\"article:modified_time\" content=\"2021-05-11T12:48:35+00:00\" \/>\n<meta property=\"og:image\" content=\"https:\/\/stuttgarti-katolikusok.de\/wp-content\/uploads\/2021\/05\/ascension-4770112-1280.jpg\" \/>\n\t<meta property=\"og:image:width\" content=\"1280\" \/>\n\t<meta property=\"og:image:height\" content=\"853\" \/>\n\t<meta property=\"og:image:type\" content=\"image\/jpeg\" \/>\n<meta name=\"author\" content=\"Tibor atya\" \/>\n<meta name=\"twitter:card\" content=\"summary_large_image\" \/>\n<meta name=\"twitter:label1\" content=\"Szerz\u0151:\" \/>\n\t<meta name=\"twitter:data1\" content=\"Tibor atya\" \/>\n\t<meta name=\"twitter:label2\" content=\"Becs\u00fclt olvas\u00e1si id\u0151\" \/>\n\t<meta name=\"twitter:data2\" content=\"2 perc\" \/>\n<script type=\"application\/ld+json\" class=\"yoast-schema-graph\">{\"@context\":\"https:\\\/\\\/schema.org\",\"@graph\":[{\"@type\":\"Article\",\"@id\":\"https:\\\/\\\/stuttgarti-katolikusok.de\\\/index.php\\\/2021-majus-10-es-16-kozott\\\/#article\",\"isPartOf\":{\"@id\":\"https:\\\/\\\/stuttgarti-katolikusok.de\\\/index.php\\\/2021-majus-10-es-16-kozott\\\/\"},\"author\":{\"name\":\"Tibor atya\",\"@id\":\"https:\\\/\\\/stuttgarti-katolikusok.de\\\/#\\\/schema\\\/person\\\/75908d6f8fdc03a57889d27209df7795\"},\"headline\":\"2021. m\u00e1jus 10 \u00e9s 16 k\u00f6z\u00f6tt\",\"datePublished\":\"2021-05-11T10:24:47+00:00\",\"dateModified\":\"2021-05-11T12:48:35+00:00\",\"mainEntityOfPage\":{\"@id\":\"https:\\\/\\\/stuttgarti-katolikusok.de\\\/index.php\\\/2021-majus-10-es-16-kozott\\\/\"},\"wordCount\":307,\"image\":{\"@id\":\"https:\\\/\\\/stuttgarti-katolikusok.de\\\/index.php\\\/2021-majus-10-es-16-kozott\\\/#primaryimage\"},\"thumbnailUrl\":\"https:\\\/\\\/stuttgarti-katolikusok.de\\\/wp-content\\\/uploads\\\/2021\\\/05\\\/ascension-4770112-1280.jpg\",\"articleSection\":[\"Progamel\u0151zetes\"],\"inLanguage\":\"hu\"},{\"@type\":\"WebPage\",\"@id\":\"https:\\\/\\\/stuttgarti-katolikusok.de\\\/index.php\\\/2021-majus-10-es-16-kozott\\\/\",\"url\":\"https:\\\/\\\/stuttgarti-katolikusok.de\\\/index.php\\\/2021-majus-10-es-16-kozott\\\/\",\"name\":\"2021. m\u00e1jus 10 \u00e9s 16 k\u00f6z\u00f6tt - Stuttgarti Katolikusok\",\"isPartOf\":{\"@id\":\"https:\\\/\\\/stuttgarti-katolikusok.de\\\/#website\"},\"primaryImageOfPage\":{\"@id\":\"https:\\\/\\\/stuttgarti-katolikusok.de\\\/index.php\\\/2021-majus-10-es-16-kozott\\\/#primaryimage\"},\"image\":{\"@id\":\"https:\\\/\\\/stuttgarti-katolikusok.de\\\/index.php\\\/2021-majus-10-es-16-kozott\\\/#primaryimage\"},\"thumbnailUrl\":\"https:\\\/\\\/stuttgarti-katolikusok.de\\\/wp-content\\\/uploads\\\/2021\\\/05\\\/ascension-4770112-1280.jpg\",\"datePublished\":\"2021-05-11T10:24:47+00:00\",\"dateModified\":\"2021-05-11T12:48:35+00:00\",\"author\":{\"@id\":\"https:\\\/\\\/stuttgarti-katolikusok.de\\\/#\\\/schema\\\/person\\\/75908d6f8fdc03a57889d27209df7795\"},\"breadcrumb\":{\"@id\":\"https:\\\/\\\/stuttgarti-katolikusok.de\\\/index.php\\\/2021-majus-10-es-16-kozott\\\/#breadcrumb\"},\"inLanguage\":\"hu\",\"potentialAction\":[{\"@type\":\"ReadAction\",\"target\":[\"https:\\\/\\\/stuttgarti-katolikusok.de\\\/index.php\\\/2021-majus-10-es-16-kozott\\\/\"]}]},{\"@type\":\"ImageObject\",\"inLanguage\":\"hu\",\"@id\":\"https:\\\/\\\/stuttgarti-katolikusok.de\\\/index.php\\\/2021-majus-10-es-16-kozott\\\/#primaryimage\",\"url\":\"https:\\\/\\\/stuttgarti-katolikusok.de\\\/wp-content\\\/uploads\\\/2021\\\/05\\\/ascension-4770112-1280.jpg\",\"contentUrl\":\"https:\\\/\\\/stuttgarti-katolikusok.de\\\/wp-content\\\/uploads\\\/2021\\\/05\\\/ascension-4770112-1280.jpg\",\"width\":1280,\"height\":853},{\"@type\":\"BreadcrumbList\",\"@id\":\"https:\\\/\\\/stuttgarti-katolikusok.de\\\/index.php\\\/2021-majus-10-es-16-kozott\\\/#breadcrumb\",\"itemListElement\":[{\"@type\":\"ListItem\",\"position\":1,\"name\":\"Kezd\u0151lap\",\"item\":\"https:\\\/\\\/stuttgarti-katolikusok.de\\\/\"},{\"@type\":\"ListItem\",\"position\":2,\"name\":\"2021. m\u00e1jus 10 \u00e9s 16 k\u00f6z\u00f6tt\"}]},{\"@type\":\"WebSite\",\"@id\":\"https:\\\/\\\/stuttgarti-katolikusok.de\\\/#website\",\"url\":\"https:\\\/\\\/stuttgarti-katolikusok.de\\\/\",\"name\":\"Stuttgarti Katolikusok\",\"description\":\"\",\"potentialAction\":[{\"@type\":\"SearchAction\",\"target\":{\"@type\":\"EntryPoint\",\"urlTemplate\":\"https:\\\/\\\/stuttgarti-katolikusok.de\\\/?s={search_term_string}\"},\"query-input\":{\"@type\":\"PropertyValueSpecification\",\"valueRequired\":true,\"valueName\":\"search_term_string\"}}],\"inLanguage\":\"hu\"},{\"@type\":\"Person\",\"@id\":\"https:\\\/\\\/stuttgarti-katolikusok.de\\\/#\\\/schema\\\/person\\\/75908d6f8fdc03a57889d27209df7795\",\"name\":\"Tibor atya\",\"image\":{\"@type\":\"ImageObject\",\"inLanguage\":\"hu\",\"@id\":\"https:\\\/\\\/secure.gravatar.com\\\/avatar\\\/61d268e57d1f4525b111222e29d2d5a7f8c420fdbf231ba5566a8ceac74fa960?s=96&d=mm&r=g\",\"url\":\"https:\\\/\\\/secure.gravatar.com\\\/avatar\\\/61d268e57d1f4525b111222e29d2d5a7f8c420fdbf231ba5566a8ceac74fa960?s=96&d=mm&r=g\",\"contentUrl\":\"https:\\\/\\\/secure.gravatar.com\\\/avatar\\\/61d268e57d1f4525b111222e29d2d5a7f8c420fdbf231ba5566a8ceac74fa960?s=96&d=mm&r=g\",\"caption\":\"Tibor atya\"},\"url\":\"https:\\\/\\\/stuttgarti-katolikusok.de\\\/index.php\\\/author\\\/tibor-atya\\\/\"}]}<\/script>\n<!-- \/ Yoast SEO plugin. -->","yoast_head_json":{"title":"2021. m\u00e1jus 10 \u00e9s 16 k\u00f6z\u00f6tt - Stuttgarti Katolikusok","robots":{"index":"index","follow":"follow","max-snippet":"max-snippet:-1","max-image-preview":"max-image-preview:large","max-video-preview":"max-video-preview:-1"},"canonical":"https:\/\/stuttgarti-katolikusok.de\/index.php\/2021-majus-10-es-16-kozott\/","og_locale":"hu_HU","og_type":"article","og_title":"2021. m\u00e1jus 10 \u00e9s 16 k\u00f6z\u00f6tt - Stuttgarti Katolikusok","og_description":"Programel\u0151zetes A jelenlegi egyh\u00e1zi rendelkez\u00e9sek \u00e9rtelm\u00e9ben csak a szentmise tarthat\u00f3 meg. Szentmis\u00e9n k\u00f6telez\u0151 a maszk haszn\u00e1lata, jelenl\u00e9ti lista n\u00e9vvel \u00e9s el\u00e9rhet\u0151s\u00e9ggel, kezek fert\u0151tlen\u00edt\u00e9se! Szentmis\u00e9ket a h\u00edvek r\u00e9szv\u00e9tel\u00e9vel csak azon helyeken lehet, ahol a fert\u0151z\u00e9sek sz\u00e1ma ezt lehet\u0151v\u00e9 teszi. Ez sajnos napr\u00f3l napra v\u00e1ltozhat!\u00a0\u00a0 \u00a0* M\u00e1jus 12-\u00e9n,\u00a0szerd\u00e1n,\u00a0Weingarteni d\u00e9lut\u00e1n,\u00a0a\u00a014 Nothelfer Kapelle-ben 18.30 \u00f3rakor\u00a0r\u00f3zsaf\u00fcz\u00e9rt im\u00e1dkozunk, ezt k\u00f6vet\u0151en\u00a0el\u0151esti szentmise Urunk mennybemenetel\u00e9nek \u00fcnnep\u00e9re. * M\u00e1jus 13-\u00e1n,\u00a0cs\u00fct\u00f6rt\u00f6k\u00f6n,\u00a0Ulmi d\u00e9lut\u00e1n, 17.30 \u00f3rakor r\u00f3zsaf\u00fcz\u00e9rt im\u00e1dkozunk, ezt k\u00f6vet\u0151en szentmise Urunk mennybemenetel\u00e9nek \u00fcnnep\u00e9re. * M\u00e1jus 14-\u00e9n,\u00a0p\u00e9nteken,\u00a0Stuttgarti d\u00e9lut\u00e1n. ELMARAD!!! * M\u00e1jus 15-\u00e9n, szombaton, Heidenheimban\u00a015.30 \u00f3rakor\u00a0szabadt\u00e9ri szentmise. Az id\u0151j\u00e1r\u00e1snak megfelel\u0151en \u00f6lt\u00f6zk\u00f6djetek \u00e9s hozzatok eserny\u0151t is magatokkal, amennyiben sz\u00fcks\u00e9ges!!! * M\u00e1jus 16-\u00e1n,\u00a0H\u00fasv\u00e9t 7. vas\u00e1rnapja,\u00a0 Ludwigsburgban\u00a09.30 \u00f3rakor\u00a0szentmise, Stuttgartban\u00a012.00 \u00f3rakor szentmise, (jelen pillanatban m\u00e9g k\u00e9rd\u00e9ses!!!) Eislingenben 15.00 \u00f3rakor szentmise. (jelen pillanatban m\u00e9g k\u00e9rd\u00e9ses!!!) \u00a0* Minden helyen mindenkit szeretettel v\u00e1r a k\u00f6z\u00f6ss\u00e9g \u00e9s Tibor atya! * * Kegyelemteljes h\u00fasv\u00e9ti napokat, tartalmas besz\u00e9lget\u00e9seket \u00e9s \u00f6r\u00f6mteli tal\u00e1lkoz\u00e1sokat k\u00edv\u00e1nunk minden Kedves H\u00edv\u00fcnknek! * \u201eAk\u00e1r \u00f3ri\u00e1sok \u00e9p\u00edtik a kast\u00e9lyokat, ak\u00e1r emberek a kunyh\u00f3kat: kast\u00e9lyok, kunyh\u00f3k mind muland\u00f3 dolgok. Csup\u00e1n a hegyek, a v\u00f6lgyek, a foly\u00f3k \u00e9s a n\u00e9pek \u00f6r\u00f6kk\u00e9val\u00f3k, mert azokat Isten teremtette!\u201d\u00a0(Wass Albert, erd\u00e9lyi magyar \u00edr\u00f3 \u00e9s k\u00f6lt\u0151 &#8211; 1908 \u2013 1998) (K\u00e9p forr\u00e1sa: Pixabay)","og_url":"https:\/\/stuttgarti-katolikusok.de\/index.php\/2021-majus-10-es-16-kozott\/","og_site_name":"Stuttgarti Katolikusok","article_published_time":"2021-05-11T10:24:47+00:00","article_modified_time":"2021-05-11T12:48:35+00:00","og_image":[{"width":1280,"height":853,"url":"https:\/\/stuttgarti-katolikusok.de\/wp-content\/uploads\/2021\/05\/ascension-4770112-1280.jpg","type":"image\/jpeg"}],"author":"Tibor atya","twitter_card":"summary_large_image","twitter_misc":{"Szerz\u0151:":"Tibor atya","Becs\u00fclt olvas\u00e1si id\u0151":"2 perc"},"schema":{"@context":"https:\/\/schema.org","@graph":[{"@type":"Article","@id":"https:\/\/stuttgarti-katolikusok.de\/index.php\/2021-majus-10-es-16-kozott\/#article","isPartOf":{"@id":"https:\/\/stuttgarti-katolikusok.de\/index.php\/2021-majus-10-es-16-kozott\/"},"author":{"name":"Tibor atya","@id":"https:\/\/stuttgarti-katolikusok.de\/#\/schema\/person\/75908d6f8fdc03a57889d27209df7795"},"headline":"2021. m\u00e1jus 10 \u00e9s 16 k\u00f6z\u00f6tt","datePublished":"2021-05-11T10:24:47+00:00","dateModified":"2021-05-11T12:48:35+00:00","mainEntityOfPage":{"@id":"https:\/\/stuttgarti-katolikusok.de\/index.php\/2021-majus-10-es-16-kozott\/"},"wordCount":307,"image":{"@id":"https:\/\/stuttgarti-katolikusok.de\/index.php\/2021-majus-10-es-16-kozott\/#primaryimage"},"thumbnailUrl":"https:\/\/stuttgarti-katolikusok.de\/wp-content\/uploads\/2021\/05\/ascension-4770112-1280.jpg","articleSection":["Progamel\u0151zetes"],"inLanguage":"hu"},{"@type":"WebPage","@id":"https:\/\/stuttgarti-katolikusok.de\/index.php\/2021-majus-10-es-16-kozott\/","url":"https:\/\/stuttgarti-katolikusok.de\/index.php\/2021-majus-10-es-16-kozott\/","name":"2021. m\u00e1jus 10 \u00e9s 16 k\u00f6z\u00f6tt - Stuttgarti Katolikusok","isPartOf":{"@id":"https:\/\/stuttgarti-katolikusok.de\/#website"},"primaryImageOfPage":{"@id":"https:\/\/stuttgarti-katolikusok.de\/index.php\/2021-majus-10-es-16-kozott\/#primaryimage"},"image":{"@id":"https:\/\/stuttgarti-katolikusok.de\/index.php\/2021-majus-10-es-16-kozott\/#primaryimage"},"thumbnailUrl":"https:\/\/stuttgarti-katolikusok.de\/wp-content\/uploads\/2021\/05\/ascension-4770112-1280.jpg","datePublished":"2021-05-11T10:24:47+00:00","dateModified":"2021-05-11T12:48:35+00:00","author":{"@id":"https:\/\/stuttgarti-katolikusok.de\/#\/schema\/person\/75908d6f8fdc03a57889d27209df7795"},"breadcrumb":{"@id":"https:\/\/stuttgarti-katolikusok.de\/index.php\/2021-majus-10-es-16-kozott\/#breadcrumb"},"inLanguage":"hu","potentialAction":[{"@type":"ReadAction","target":["https:\/\/stuttgarti-katolikusok.de\/index.php\/2021-majus-10-es-16-kozott\/"]}]},{"@type":"ImageObject","inLanguage":"hu","@id":"https:\/\/stuttgarti-katolikusok.de\/index.php\/2021-majus-10-es-16-kozott\/#primaryimage","url":"https:\/\/stuttgarti-katolikusok.de\/wp-content\/uploads\/2021\/05\/ascension-4770112-1280.jpg","contentUrl":"https:\/\/stuttgarti-katolikusok.de\/wp-content\/uploads\/2021\/05\/ascension-4770112-1280.jpg","width":1280,"height":853},{"@type":"BreadcrumbList","@id":"https:\/\/stuttgarti-katolikusok.de\/index.php\/2021-majus-10-es-16-kozott\/#breadcrumb","itemListElement":[{"@type":"ListItem","position":1,"name":"Kezd\u0151lap","item":"https:\/\/stuttgarti-katolikusok.de\/"},{"@type":"ListItem","position":2,"name":"2021. m\u00e1jus 10 \u00e9s 16 k\u00f6z\u00f6tt"}]},{"@type":"WebSite","@id":"https:\/\/stuttgarti-katolikusok.de\/#website","url":"https:\/\/stuttgarti-katolikusok.de\/","name":"Stuttgarti Katolikusok","description":"","potentialAction":[{"@type":"SearchAction","target":{"@type":"EntryPoint","urlTemplate":"https:\/\/stuttgarti-katolikusok.de\/?s={search_term_string}"},"query-input":{"@type":"PropertyValueSpecification","valueRequired":true,"valueName":"search_term_string"}}],"inLanguage":"hu"},{"@type":"Person","@id":"https:\/\/stuttgarti-katolikusok.de\/#\/schema\/person\/75908d6f8fdc03a57889d27209df7795","name":"Tibor atya","image":{"@type":"ImageObject","inLanguage":"hu","@id":"https:\/\/secure.gravatar.com\/avatar\/61d268e57d1f4525b111222e29d2d5a7f8c420fdbf231ba5566a8ceac74fa960?s=96&d=mm&r=g","url":"https:\/\/secure.gravatar.com\/avatar\/61d268e57d1f4525b111222e29d2d5a7f8c420fdbf231ba5566a8ceac74fa960?s=96&d=mm&r=g","contentUrl":"https:\/\/secure.gravatar.com\/avatar\/61d268e57d1f4525b111222e29d2d5a7f8c420fdbf231ba5566a8ceac74fa960?s=96&d=mm&r=g","caption":"Tibor atya"},"url":"https:\/\/stuttgarti-katolikusok.de\/index.php\/author\/tibor-atya\/"}]}},"_links":{"self":[{"href":"https:\/\/stuttgarti-katolikusok.de\/index.php\/wp-json\/wp\/v2\/posts\/21850","targetHints":{"allow":["GET"]}}],"collection":[{"href":"https:\/\/stuttgarti-katolikusok.de\/index.php\/wp-json\/wp\/v2\/posts"}],"about":[{"href":"https:\/\/stuttgarti-katolikusok.de\/index.php\/wp-json\/wp\/v2\/types\/post"}],"author":[{"embeddable":true,"href":"https:\/\/stuttgarti-katolikusok.de\/index.php\/wp-json\/wp\/v2\/users\/3"}],"replies":[{"embeddable":true,"href":"https:\/\/stuttgarti-katolikusok.de\/index.php\/wp-json\/wp\/v2\/comments?post=21850"}],"version-history":[{"count":4,"href":"https:\/\/stuttgarti-katolikusok.de\/index.php\/wp-json\/wp\/v2\/posts\/21850\/revisions"}],"predecessor-version":[{"id":21869,"href":"https:\/\/stuttgarti-katolikusok.de\/index.php\/wp-json\/wp\/v2\/posts\/21850\/revisions\/21869"}],"wp:featuredmedia":[{"embeddable":true,"href":"https:\/\/stuttgarti-katolikusok.de\/index.php\/wp-json\/wp\/v2\/media\/21852"}],"wp:attachment":[{"href":"https:\/\/stuttgarti-katolikusok.de\/index.php\/wp-json\/wp\/v2\/media?parent=21850"}],"wp:term":[{"taxonomy":"category","embeddable":true,"href":"https:\/\/stuttgarti-katolikusok.de\/index.php\/wp-json\/wp\/v2\/categories?post=21850"},{"taxonomy":"post_tag","embeddable":true,"href":"https:\/\/stuttgarti-katolikusok.de\/index.php\/wp-json\/wp\/v2\/tags?post=21850"}],"curies":[{"name":"wp","href":"https:\/\/api.w.org\/{rel}","templated":true}]}}