{"id":21802,"date":"2021-05-03T19:04:51","date_gmt":"2021-05-03T19:04:51","guid":{"rendered":"https:\/\/gracious-dewdney.138-201-221-2.plesk.page\/?p=21802"},"modified":"2021-05-03T19:04:51","modified_gmt":"2021-05-03T19:04:51","slug":"2021-majus-3-es-9-kozott","status":"publish","type":"post","link":"https:\/\/stuttgarti-katolikusok.de\/index.php\/2021-majus-3-es-9-kozott\/","title":{"rendered":"2021. m\u00e1jus 3 \u00e9s 9 k\u00f6z\u00f6tt"},"content":{"rendered":"<p><span style=\"color: #ff6600;\"><strong>P<\/strong><strong>rogramel<\/strong><strong>\u0151zetes<\/strong><\/span><\/p>\n<p><span style=\"color: #ff6600;\"><em>A jelenlegi egyh\u00e1zi rendelkez\u00e9sek \u00e9rtelm\u00e9ben csak a szentmise tarthat\u00f3 meg.<\/em><\/span><\/p>\n<p><span style=\"color: #ff6600;\"><em>Szentmis\u00e9n k\u00f6telez\u0151 a maszk haszn\u00e1lata, jelenl\u00e9ti lista n\u00e9vvel \u00e9s el\u00e9rhet\u0151s\u00e9ggel, kezek fert\u0151tlen\u00edt\u00e9se!<\/em><\/span><\/p>\n<p><span style=\"color: #ff6600;\"><em>Szentmis\u00e9ket a h\u00edvek r\u00e9szv\u00e9tel\u00e9vel csak azon helyeken lehet, ahol a fert\u0151z\u00e9sek sz\u00e1ma ezt lehet\u0151v\u00e9 teszi. Ez sajnos napr\u00f3l napra v\u00e1ltozhat.\u00a0\u00a0<\/em><\/span><\/p>\n<p style=\"text-align: center;\"><span style=\"color: #ff6600;\"><em>\u00a0<\/em><strong>*<\/strong><\/span><\/p>\n<p><strong><em>M\u00e1jus 8-\u00e1n<\/em><\/strong><em>, szombaton,<strong>\u00a0<\/strong><\/em><span style=\"color: #ff6600;\"><strong><em>Biberachban<\/em><\/strong><\/span><strong><em>\u00a0<\/em><\/strong><em>16.30 \u00f3rakor\u00a0szentmise. <\/em>A szentmis\u00e9ben az \u00e9desany\u00e1kat k\u00f6sz\u00f6ntj\u00fck.<\/p>\n<p style=\"text-align: center;\"><span style=\"color: #ff6600;\"><strong>*<\/strong><\/span><\/p>\n<p><strong><em>M\u00e1jus 9-\u00e9n,<\/em><\/strong>\u00a0<span style=\"color: #ff6600;\"><strong><em>H\u00fasv\u00e9t 6. vas\u00e1rnapja<\/em><\/strong><\/span><em>,\u00a0<\/em><\/p>\n<p><span style=\"color: #ff6600;\"><strong><em>Weingartenben<\/em><\/strong><\/span><strong><em>\u00a0<\/em><\/strong>11.00 \u00f3rakor<em>\u00a0szentmise <\/em>a <span style=\"color: #ff6600;\"><strong><em>Heilig Geist Kirche<\/em><\/strong><\/span>-ben. A szentmis\u00e9ben az \u00e9desany\u00e1kat k\u00f6sz\u00f6ntj\u00fck,<\/p>\n<p><span style=\"color: #ff6600;\"><strong><em>Ulmban <\/em><\/strong><\/span>15.00 \u00f3rakor<em> szentmise.<\/em> Keret\u00e9ben az \u00e9desany\u00e1kat k\u00f6sz\u00f6ntj\u00fck,<\/p>\n<p><span style=\"color: #ff6600;\"><strong><em>Stuttgartban<\/em><\/strong><\/span> 18.00 \u00f3rakor <em>m\u00e1jusi \u00e1jtatoss\u00e1g.<\/em><\/p>\n<p style=\"text-align: center;\"><em>\u00a0<\/em><span style=\"color: #ff6600;\"><strong><em>*<\/em><\/strong><\/span><\/p>\n<p>Minden helyen mindenkit szeretettel v\u00e1r a k\u00f6z\u00f6ss\u00e9g \u00e9s Tibor atya!<\/p>\n<p style=\"text-align: center;\"><span style=\"color: #ff6600;\"><strong>*<\/strong><\/span><\/p>\n<p><a href=\"https:\/\/stuttgarti-katolikusok.de\/wp-content\/uploads\/2021\/05\/love-3604788-1280.jpg\"><img loading=\"lazy\" decoding=\"async\" class=\"alignnone size-full wp-image-21804\" src=\"https:\/\/stuttgarti-katolikusok.de\/wp-content\/uploads\/2021\/05\/love-3604788-1280.jpg\" alt=\"\" width=\"1280\" height=\"779\" srcset=\"https:\/\/stuttgarti-katolikusok.de\/wp-content\/uploads\/2021\/05\/love-3604788-1280.jpg 1280w, https:\/\/stuttgarti-katolikusok.de\/wp-content\/uploads\/2021\/05\/love-3604788-1280-300x183.jpg 300w, https:\/\/stuttgarti-katolikusok.de\/wp-content\/uploads\/2021\/05\/love-3604788-1280-1024x623.jpg 1024w\" sizes=\"auto, (max-width: 1280px) 100vw, 1280px\" \/><\/a><\/p>\n<p style=\"text-align: center;\"><span style=\"color: #ff6600;\"><strong><em>*<\/em><\/strong><\/span><\/p>\n<p><span style=\"color: #ff6600;\"><strong><em>Kegyelemteljes h\u00fasv\u00e9ti napokat, tartalmas besz\u00e9lget\u00e9seket \u00e9s \u00f6r\u00f6mteli tal\u00e1lkoz\u00e1sokat k\u00edv\u00e1nunk minden Kedves H\u00edv\u00fcnknek!<\/em><\/strong><\/span><\/p>\n<p style=\"text-align: center;\"><span style=\"color: #ff6600;\"><strong><em>*<\/em><\/strong><\/span><\/p>\n<p><strong><em>\u201eNek\u00fcnk, kereszt\u00e9nyeknek nem csak meghallgatni kell a Sz\u00f3t, hogy azt\u00e1n egy k\u00f6vetkez\u0151 pillanatban megpr\u00f3b\u00e1ljuk majd \u00e9letre v\u00e1ltani. Az Eucharisztia \u00fcnnepl\u00e9s\u00e9nek kezdet\u00e9n mi, kereszt\u00e9nyek meghallgatjuk a Sz\u00f3t, amelyet azt\u00e1n mint megtestes\u00fclt \u00e9telt vesz\u00fcnk magunkhoz. A Test \u00e9s a V\u00e9r, mint t\u00e1pl\u00e1l\u00e9k adatik meg nek\u00fcnk, pontosan az\u00e9rt, mert a Sz\u00f3 m\u00e1r megtestes\u00fclt olyan m\u00f3don, hogy mi is azz\u00e1 lehess\u00fcnk, amit befogadunk, amit megesz\u00fcnk.\u201d\u00a0<\/em><\/strong><em>(P. Marko Ivan Rupnik SJ, 1954 &#8211; )<\/em><\/p>\n<p><em>(K\u00e9p forr\u00e1sa: Pixabay)<\/em><\/p>\n","protected":false},"excerpt":{"rendered":"<p>Programel\u0151zetes A jelenlegi egyh\u00e1zi rendelkez\u00e9sek \u00e9rtelm\u00e9ben csak a szentmise tarthat\u00f3 meg. Szentmis\u00e9n k\u00f6telez\u0151 a maszk haszn\u00e1lata, jelenl\u00e9ti lista n\u00e9vvel \u00e9s el\u00e9rhet\u0151s\u00e9ggel, kezek fert\u0151tlen\u00edt\u00e9se! Szentmis\u00e9ket a h\u00edvek r\u00e9szv\u00e9tel\u00e9vel csak azon helyeken lehet, ahol a fert\u0151z\u00e9sek sz\u00e1ma ezt lehet\u0151v\u00e9 teszi. Ez sajnos napr\u00f3l napra v\u00e1ltozhat.\u00a0\u00a0 \u00a0* M\u00e1jus 8-\u00e1n, szombaton,\u00a0Biberachban\u00a016.30 \u00f3rakor\u00a0szentmise. A szentmis\u00e9ben az \u00e9desany\u00e1kat k\u00f6sz\u00f6ntj\u00fck. * M\u00e1jus 9-\u00e9n,\u00a0H\u00fasv\u00e9t 6. vas\u00e1rnapja,\u00a0 Weingartenben\u00a011.00 \u00f3rakor\u00a0szentmise a Heilig Geist Kirche-ben. A szentmis\u00e9ben az \u00e9desany\u00e1kat k\u00f6sz\u00f6ntj\u00fck, Ulmban 15.00 \u00f3rakor szentmise. Keret\u00e9ben az \u00e9desany\u00e1kat k\u00f6sz\u00f6ntj\u00fck, Stuttgartban 18.00 \u00f3rakor m\u00e1jusi \u00e1jtatoss\u00e1g. \u00a0* Minden helyen mindenkit szeretettel v\u00e1r a k\u00f6z\u00f6ss\u00e9g \u00e9s Tibor atya! * * Kegyelemteljes h\u00fasv\u00e9ti napokat, tartalmas besz\u00e9lget\u00e9seket \u00e9s \u00f6r\u00f6mteli tal\u00e1lkoz\u00e1sokat k\u00edv\u00e1nunk minden Kedves H\u00edv\u00fcnknek! * \u201eNek\u00fcnk, kereszt\u00e9nyeknek nem csak meghallgatni kell a Sz\u00f3t, hogy azt\u00e1n egy k\u00f6vetkez\u0151 pillanatban megpr\u00f3b\u00e1ljuk majd \u00e9letre v\u00e1ltani. Az Eucharisztia \u00fcnnepl\u00e9s\u00e9nek kezdet\u00e9n mi, kereszt\u00e9nyek meghallgatjuk a Sz\u00f3t, amelyet azt\u00e1n mint megtestes\u00fclt \u00e9telt vesz\u00fcnk magunkhoz. A Test \u00e9s a V\u00e9r, mint t\u00e1pl\u00e1l\u00e9k adatik meg nek\u00fcnk, pontosan az\u00e9rt, mert a Sz\u00f3 m\u00e1r megtestes\u00fclt olyan m\u00f3don, hogy mi is azz\u00e1 lehess\u00fcnk, amit befogadunk, amit megesz\u00fcnk.\u201d\u00a0(P. Marko Ivan Rupnik SJ, 1954 &#8211; ) (K\u00e9p forr\u00e1sa: Pixabay)<\/p>\n","protected":false},"author":3,"featured_media":21803,"comment_status":"closed","ping_status":"closed","sticky":false,"template":"","format":"standard","meta":{"footnotes":""},"categories":[37],"tags":[],"class_list":["post-21802","post","type-post","status-publish","format-standard","has-post-thumbnail","hentry","category-progamelozetes"],"yoast_head":"<!-- This site is optimized with the Yoast SEO plugin v27.3 - https:\/\/yoast.com\/product\/yoast-seo-wordpress\/ -->\n<title>2021. m\u00e1jus 3 \u00e9s 9 k\u00f6z\u00f6tt - Stuttgarti Katolikusok<\/title>\n<meta name=\"robots\" content=\"index, follow, max-snippet:-1, max-image-preview:large, max-video-preview:-1\" \/>\n<link rel=\"canonical\" href=\"https:\/\/stuttgarti-katolikusok.de\/index.php\/2021-majus-3-es-9-kozott\/\" \/>\n<meta property=\"og:locale\" content=\"hu_HU\" \/>\n<meta property=\"og:type\" content=\"article\" \/>\n<meta property=\"og:title\" content=\"2021. m\u00e1jus 3 \u00e9s 9 k\u00f6z\u00f6tt - Stuttgarti Katolikusok\" \/>\n<meta property=\"og:description\" content=\"Programel\u0151zetes A jelenlegi egyh\u00e1zi rendelkez\u00e9sek \u00e9rtelm\u00e9ben csak a szentmise tarthat\u00f3 meg. Szentmis\u00e9n k\u00f6telez\u0151 a maszk haszn\u00e1lata, jelenl\u00e9ti lista n\u00e9vvel \u00e9s el\u00e9rhet\u0151s\u00e9ggel, kezek fert\u0151tlen\u00edt\u00e9se! Szentmis\u00e9ket a h\u00edvek r\u00e9szv\u00e9tel\u00e9vel csak azon helyeken lehet, ahol a fert\u0151z\u00e9sek sz\u00e1ma ezt lehet\u0151v\u00e9 teszi. Ez sajnos napr\u00f3l napra v\u00e1ltozhat.\u00a0\u00a0 \u00a0* M\u00e1jus 8-\u00e1n, szombaton,\u00a0Biberachban\u00a016.30 \u00f3rakor\u00a0szentmise. A szentmis\u00e9ben az \u00e9desany\u00e1kat k\u00f6sz\u00f6ntj\u00fck. * M\u00e1jus 9-\u00e9n,\u00a0H\u00fasv\u00e9t 6. vas\u00e1rnapja,\u00a0 Weingartenben\u00a011.00 \u00f3rakor\u00a0szentmise a Heilig Geist Kirche-ben. A szentmis\u00e9ben az \u00e9desany\u00e1kat k\u00f6sz\u00f6ntj\u00fck, Ulmban 15.00 \u00f3rakor szentmise. Keret\u00e9ben az \u00e9desany\u00e1kat k\u00f6sz\u00f6ntj\u00fck, Stuttgartban 18.00 \u00f3rakor m\u00e1jusi \u00e1jtatoss\u00e1g. \u00a0* Minden helyen mindenkit szeretettel v\u00e1r a k\u00f6z\u00f6ss\u00e9g \u00e9s Tibor atya! * * Kegyelemteljes h\u00fasv\u00e9ti napokat, tartalmas besz\u00e9lget\u00e9seket \u00e9s \u00f6r\u00f6mteli tal\u00e1lkoz\u00e1sokat k\u00edv\u00e1nunk minden Kedves H\u00edv\u00fcnknek! * \u201eNek\u00fcnk, kereszt\u00e9nyeknek nem csak meghallgatni kell a Sz\u00f3t, hogy azt\u00e1n egy k\u00f6vetkez\u0151 pillanatban megpr\u00f3b\u00e1ljuk majd \u00e9letre v\u00e1ltani. Az Eucharisztia \u00fcnnepl\u00e9s\u00e9nek kezdet\u00e9n mi, kereszt\u00e9nyek meghallgatjuk a Sz\u00f3t, amelyet azt\u00e1n mint megtestes\u00fclt \u00e9telt vesz\u00fcnk magunkhoz. A Test \u00e9s a V\u00e9r, mint t\u00e1pl\u00e1l\u00e9k adatik meg nek\u00fcnk, pontosan az\u00e9rt, mert a Sz\u00f3 m\u00e1r megtestes\u00fclt olyan m\u00f3don, hogy mi is azz\u00e1 lehess\u00fcnk, amit befogadunk, amit megesz\u00fcnk.\u201d\u00a0(P. Marko Ivan Rupnik SJ, 1954 &#8211; ) (K\u00e9p forr\u00e1sa: Pixabay)\" \/>\n<meta property=\"og:url\" content=\"https:\/\/stuttgarti-katolikusok.de\/index.php\/2021-majus-3-es-9-kozott\/\" \/>\n<meta property=\"og:site_name\" content=\"Stuttgarti Katolikusok\" \/>\n<meta property=\"article:published_time\" content=\"2021-05-03T19:04:51+00:00\" \/>\n<meta property=\"og:image\" content=\"https:\/\/stuttgarti-katolikusok.de\/wp-content\/uploads\/2021\/05\/couple-5989116-1280.jpg\" \/>\n\t<meta property=\"og:image:width\" content=\"1280\" \/>\n\t<meta property=\"og:image:height\" content=\"853\" \/>\n\t<meta property=\"og:image:type\" content=\"image\/jpeg\" \/>\n<meta name=\"author\" content=\"Tibor atya\" \/>\n<meta name=\"twitter:card\" content=\"summary_large_image\" \/>\n<meta name=\"twitter:label1\" content=\"Szerz\u0151:\" \/>\n\t<meta name=\"twitter:data1\" content=\"Tibor atya\" \/>\n\t<meta name=\"twitter:label2\" content=\"Becs\u00fclt olvas\u00e1si id\u0151\" \/>\n\t<meta name=\"twitter:data2\" content=\"1 perc\" \/>\n<script type=\"application\/ld+json\" class=\"yoast-schema-graph\">{\"@context\":\"https:\\\/\\\/schema.org\",\"@graph\":[{\"@type\":\"Article\",\"@id\":\"https:\\\/\\\/stuttgarti-katolikusok.de\\\/index.php\\\/2021-majus-3-es-9-kozott\\\/#article\",\"isPartOf\":{\"@id\":\"https:\\\/\\\/stuttgarti-katolikusok.de\\\/index.php\\\/2021-majus-3-es-9-kozott\\\/\"},\"author\":{\"name\":\"Tibor atya\",\"@id\":\"https:\\\/\\\/stuttgarti-katolikusok.de\\\/#\\\/schema\\\/person\\\/75908d6f8fdc03a57889d27209df7795\"},\"headline\":\"2021. m\u00e1jus 3 \u00e9s 9 k\u00f6z\u00f6tt\",\"datePublished\":\"2021-05-03T19:04:51+00:00\",\"mainEntityOfPage\":{\"@id\":\"https:\\\/\\\/stuttgarti-katolikusok.de\\\/index.php\\\/2021-majus-3-es-9-kozott\\\/\"},\"wordCount\":275,\"image\":{\"@id\":\"https:\\\/\\\/stuttgarti-katolikusok.de\\\/index.php\\\/2021-majus-3-es-9-kozott\\\/#primaryimage\"},\"thumbnailUrl\":\"https:\\\/\\\/stuttgarti-katolikusok.de\\\/wp-content\\\/uploads\\\/2021\\\/05\\\/couple-5989116-1280.jpg\",\"articleSection\":[\"Progamel\u0151zetes\"],\"inLanguage\":\"hu\"},{\"@type\":\"WebPage\",\"@id\":\"https:\\\/\\\/stuttgarti-katolikusok.de\\\/index.php\\\/2021-majus-3-es-9-kozott\\\/\",\"url\":\"https:\\\/\\\/stuttgarti-katolikusok.de\\\/index.php\\\/2021-majus-3-es-9-kozott\\\/\",\"name\":\"2021. m\u00e1jus 3 \u00e9s 9 k\u00f6z\u00f6tt - Stuttgarti Katolikusok\",\"isPartOf\":{\"@id\":\"https:\\\/\\\/stuttgarti-katolikusok.de\\\/#website\"},\"primaryImageOfPage\":{\"@id\":\"https:\\\/\\\/stuttgarti-katolikusok.de\\\/index.php\\\/2021-majus-3-es-9-kozott\\\/#primaryimage\"},\"image\":{\"@id\":\"https:\\\/\\\/stuttgarti-katolikusok.de\\\/index.php\\\/2021-majus-3-es-9-kozott\\\/#primaryimage\"},\"thumbnailUrl\":\"https:\\\/\\\/stuttgarti-katolikusok.de\\\/wp-content\\\/uploads\\\/2021\\\/05\\\/couple-5989116-1280.jpg\",\"datePublished\":\"2021-05-03T19:04:51+00:00\",\"author\":{\"@id\":\"https:\\\/\\\/stuttgarti-katolikusok.de\\\/#\\\/schema\\\/person\\\/75908d6f8fdc03a57889d27209df7795\"},\"breadcrumb\":{\"@id\":\"https:\\\/\\\/stuttgarti-katolikusok.de\\\/index.php\\\/2021-majus-3-es-9-kozott\\\/#breadcrumb\"},\"inLanguage\":\"hu\",\"potentialAction\":[{\"@type\":\"ReadAction\",\"target\":[\"https:\\\/\\\/stuttgarti-katolikusok.de\\\/index.php\\\/2021-majus-3-es-9-kozott\\\/\"]}]},{\"@type\":\"ImageObject\",\"inLanguage\":\"hu\",\"@id\":\"https:\\\/\\\/stuttgarti-katolikusok.de\\\/index.php\\\/2021-majus-3-es-9-kozott\\\/#primaryimage\",\"url\":\"https:\\\/\\\/stuttgarti-katolikusok.de\\\/wp-content\\\/uploads\\\/2021\\\/05\\\/couple-5989116-1280.jpg\",\"contentUrl\":\"https:\\\/\\\/stuttgarti-katolikusok.de\\\/wp-content\\\/uploads\\\/2021\\\/05\\\/couple-5989116-1280.jpg\",\"width\":1280,\"height\":853},{\"@type\":\"BreadcrumbList\",\"@id\":\"https:\\\/\\\/stuttgarti-katolikusok.de\\\/index.php\\\/2021-majus-3-es-9-kozott\\\/#breadcrumb\",\"itemListElement\":[{\"@type\":\"ListItem\",\"position\":1,\"name\":\"Kezd\u0151lap\",\"item\":\"https:\\\/\\\/stuttgarti-katolikusok.de\\\/\"},{\"@type\":\"ListItem\",\"position\":2,\"name\":\"2021. m\u00e1jus 3 \u00e9s 9 k\u00f6z\u00f6tt\"}]},{\"@type\":\"WebSite\",\"@id\":\"https:\\\/\\\/stuttgarti-katolikusok.de\\\/#website\",\"url\":\"https:\\\/\\\/stuttgarti-katolikusok.de\\\/\",\"name\":\"Stuttgarti Katolikusok\",\"description\":\"\",\"potentialAction\":[{\"@type\":\"SearchAction\",\"target\":{\"@type\":\"EntryPoint\",\"urlTemplate\":\"https:\\\/\\\/stuttgarti-katolikusok.de\\\/?s={search_term_string}\"},\"query-input\":{\"@type\":\"PropertyValueSpecification\",\"valueRequired\":true,\"valueName\":\"search_term_string\"}}],\"inLanguage\":\"hu\"},{\"@type\":\"Person\",\"@id\":\"https:\\\/\\\/stuttgarti-katolikusok.de\\\/#\\\/schema\\\/person\\\/75908d6f8fdc03a57889d27209df7795\",\"name\":\"Tibor atya\",\"image\":{\"@type\":\"ImageObject\",\"inLanguage\":\"hu\",\"@id\":\"https:\\\/\\\/secure.gravatar.com\\\/avatar\\\/61d268e57d1f4525b111222e29d2d5a7f8c420fdbf231ba5566a8ceac74fa960?s=96&d=mm&r=g\",\"url\":\"https:\\\/\\\/secure.gravatar.com\\\/avatar\\\/61d268e57d1f4525b111222e29d2d5a7f8c420fdbf231ba5566a8ceac74fa960?s=96&d=mm&r=g\",\"contentUrl\":\"https:\\\/\\\/secure.gravatar.com\\\/avatar\\\/61d268e57d1f4525b111222e29d2d5a7f8c420fdbf231ba5566a8ceac74fa960?s=96&d=mm&r=g\",\"caption\":\"Tibor atya\"},\"url\":\"https:\\\/\\\/stuttgarti-katolikusok.de\\\/index.php\\\/author\\\/tibor-atya\\\/\"}]}<\/script>\n<!-- \/ Yoast SEO plugin. -->","yoast_head_json":{"title":"2021. m\u00e1jus 3 \u00e9s 9 k\u00f6z\u00f6tt - Stuttgarti Katolikusok","robots":{"index":"index","follow":"follow","max-snippet":"max-snippet:-1","max-image-preview":"max-image-preview:large","max-video-preview":"max-video-preview:-1"},"canonical":"https:\/\/stuttgarti-katolikusok.de\/index.php\/2021-majus-3-es-9-kozott\/","og_locale":"hu_HU","og_type":"article","og_title":"2021. m\u00e1jus 3 \u00e9s 9 k\u00f6z\u00f6tt - Stuttgarti Katolikusok","og_description":"Programel\u0151zetes A jelenlegi egyh\u00e1zi rendelkez\u00e9sek \u00e9rtelm\u00e9ben csak a szentmise tarthat\u00f3 meg. Szentmis\u00e9n k\u00f6telez\u0151 a maszk haszn\u00e1lata, jelenl\u00e9ti lista n\u00e9vvel \u00e9s el\u00e9rhet\u0151s\u00e9ggel, kezek fert\u0151tlen\u00edt\u00e9se! Szentmis\u00e9ket a h\u00edvek r\u00e9szv\u00e9tel\u00e9vel csak azon helyeken lehet, ahol a fert\u0151z\u00e9sek sz\u00e1ma ezt lehet\u0151v\u00e9 teszi. Ez sajnos napr\u00f3l napra v\u00e1ltozhat.\u00a0\u00a0 \u00a0* M\u00e1jus 8-\u00e1n, szombaton,\u00a0Biberachban\u00a016.30 \u00f3rakor\u00a0szentmise. A szentmis\u00e9ben az \u00e9desany\u00e1kat k\u00f6sz\u00f6ntj\u00fck. * M\u00e1jus 9-\u00e9n,\u00a0H\u00fasv\u00e9t 6. vas\u00e1rnapja,\u00a0 Weingartenben\u00a011.00 \u00f3rakor\u00a0szentmise a Heilig Geist Kirche-ben. A szentmis\u00e9ben az \u00e9desany\u00e1kat k\u00f6sz\u00f6ntj\u00fck, Ulmban 15.00 \u00f3rakor szentmise. Keret\u00e9ben az \u00e9desany\u00e1kat k\u00f6sz\u00f6ntj\u00fck, Stuttgartban 18.00 \u00f3rakor m\u00e1jusi \u00e1jtatoss\u00e1g. \u00a0* Minden helyen mindenkit szeretettel v\u00e1r a k\u00f6z\u00f6ss\u00e9g \u00e9s Tibor atya! * * Kegyelemteljes h\u00fasv\u00e9ti napokat, tartalmas besz\u00e9lget\u00e9seket \u00e9s \u00f6r\u00f6mteli tal\u00e1lkoz\u00e1sokat k\u00edv\u00e1nunk minden Kedves H\u00edv\u00fcnknek! * \u201eNek\u00fcnk, kereszt\u00e9nyeknek nem csak meghallgatni kell a Sz\u00f3t, hogy azt\u00e1n egy k\u00f6vetkez\u0151 pillanatban megpr\u00f3b\u00e1ljuk majd \u00e9letre v\u00e1ltani. Az Eucharisztia \u00fcnnepl\u00e9s\u00e9nek kezdet\u00e9n mi, kereszt\u00e9nyek meghallgatjuk a Sz\u00f3t, amelyet azt\u00e1n mint megtestes\u00fclt \u00e9telt vesz\u00fcnk magunkhoz. A Test \u00e9s a V\u00e9r, mint t\u00e1pl\u00e1l\u00e9k adatik meg nek\u00fcnk, pontosan az\u00e9rt, mert a Sz\u00f3 m\u00e1r megtestes\u00fclt olyan m\u00f3don, hogy mi is azz\u00e1 lehess\u00fcnk, amit befogadunk, amit megesz\u00fcnk.\u201d\u00a0(P. Marko Ivan Rupnik SJ, 1954 &#8211; ) (K\u00e9p forr\u00e1sa: Pixabay)","og_url":"https:\/\/stuttgarti-katolikusok.de\/index.php\/2021-majus-3-es-9-kozott\/","og_site_name":"Stuttgarti Katolikusok","article_published_time":"2021-05-03T19:04:51+00:00","og_image":[{"width":1280,"height":853,"url":"https:\/\/stuttgarti-katolikusok.de\/wp-content\/uploads\/2021\/05\/couple-5989116-1280.jpg","type":"image\/jpeg"}],"author":"Tibor atya","twitter_card":"summary_large_image","twitter_misc":{"Szerz\u0151:":"Tibor atya","Becs\u00fclt olvas\u00e1si id\u0151":"1 perc"},"schema":{"@context":"https:\/\/schema.org","@graph":[{"@type":"Article","@id":"https:\/\/stuttgarti-katolikusok.de\/index.php\/2021-majus-3-es-9-kozott\/#article","isPartOf":{"@id":"https:\/\/stuttgarti-katolikusok.de\/index.php\/2021-majus-3-es-9-kozott\/"},"author":{"name":"Tibor atya","@id":"https:\/\/stuttgarti-katolikusok.de\/#\/schema\/person\/75908d6f8fdc03a57889d27209df7795"},"headline":"2021. m\u00e1jus 3 \u00e9s 9 k\u00f6z\u00f6tt","datePublished":"2021-05-03T19:04:51+00:00","mainEntityOfPage":{"@id":"https:\/\/stuttgarti-katolikusok.de\/index.php\/2021-majus-3-es-9-kozott\/"},"wordCount":275,"image":{"@id":"https:\/\/stuttgarti-katolikusok.de\/index.php\/2021-majus-3-es-9-kozott\/#primaryimage"},"thumbnailUrl":"https:\/\/stuttgarti-katolikusok.de\/wp-content\/uploads\/2021\/05\/couple-5989116-1280.jpg","articleSection":["Progamel\u0151zetes"],"inLanguage":"hu"},{"@type":"WebPage","@id":"https:\/\/stuttgarti-katolikusok.de\/index.php\/2021-majus-3-es-9-kozott\/","url":"https:\/\/stuttgarti-katolikusok.de\/index.php\/2021-majus-3-es-9-kozott\/","name":"2021. m\u00e1jus 3 \u00e9s 9 k\u00f6z\u00f6tt - Stuttgarti Katolikusok","isPartOf":{"@id":"https:\/\/stuttgarti-katolikusok.de\/#website"},"primaryImageOfPage":{"@id":"https:\/\/stuttgarti-katolikusok.de\/index.php\/2021-majus-3-es-9-kozott\/#primaryimage"},"image":{"@id":"https:\/\/stuttgarti-katolikusok.de\/index.php\/2021-majus-3-es-9-kozott\/#primaryimage"},"thumbnailUrl":"https:\/\/stuttgarti-katolikusok.de\/wp-content\/uploads\/2021\/05\/couple-5989116-1280.jpg","datePublished":"2021-05-03T19:04:51+00:00","author":{"@id":"https:\/\/stuttgarti-katolikusok.de\/#\/schema\/person\/75908d6f8fdc03a57889d27209df7795"},"breadcrumb":{"@id":"https:\/\/stuttgarti-katolikusok.de\/index.php\/2021-majus-3-es-9-kozott\/#breadcrumb"},"inLanguage":"hu","potentialAction":[{"@type":"ReadAction","target":["https:\/\/stuttgarti-katolikusok.de\/index.php\/2021-majus-3-es-9-kozott\/"]}]},{"@type":"ImageObject","inLanguage":"hu","@id":"https:\/\/stuttgarti-katolikusok.de\/index.php\/2021-majus-3-es-9-kozott\/#primaryimage","url":"https:\/\/stuttgarti-katolikusok.de\/wp-content\/uploads\/2021\/05\/couple-5989116-1280.jpg","contentUrl":"https:\/\/stuttgarti-katolikusok.de\/wp-content\/uploads\/2021\/05\/couple-5989116-1280.jpg","width":1280,"height":853},{"@type":"BreadcrumbList","@id":"https:\/\/stuttgarti-katolikusok.de\/index.php\/2021-majus-3-es-9-kozott\/#breadcrumb","itemListElement":[{"@type":"ListItem","position":1,"name":"Kezd\u0151lap","item":"https:\/\/stuttgarti-katolikusok.de\/"},{"@type":"ListItem","position":2,"name":"2021. m\u00e1jus 3 \u00e9s 9 k\u00f6z\u00f6tt"}]},{"@type":"WebSite","@id":"https:\/\/stuttgarti-katolikusok.de\/#website","url":"https:\/\/stuttgarti-katolikusok.de\/","name":"Stuttgarti Katolikusok","description":"","potentialAction":[{"@type":"SearchAction","target":{"@type":"EntryPoint","urlTemplate":"https:\/\/stuttgarti-katolikusok.de\/?s={search_term_string}"},"query-input":{"@type":"PropertyValueSpecification","valueRequired":true,"valueName":"search_term_string"}}],"inLanguage":"hu"},{"@type":"Person","@id":"https:\/\/stuttgarti-katolikusok.de\/#\/schema\/person\/75908d6f8fdc03a57889d27209df7795","name":"Tibor atya","image":{"@type":"ImageObject","inLanguage":"hu","@id":"https:\/\/secure.gravatar.com\/avatar\/61d268e57d1f4525b111222e29d2d5a7f8c420fdbf231ba5566a8ceac74fa960?s=96&d=mm&r=g","url":"https:\/\/secure.gravatar.com\/avatar\/61d268e57d1f4525b111222e29d2d5a7f8c420fdbf231ba5566a8ceac74fa960?s=96&d=mm&r=g","contentUrl":"https:\/\/secure.gravatar.com\/avatar\/61d268e57d1f4525b111222e29d2d5a7f8c420fdbf231ba5566a8ceac74fa960?s=96&d=mm&r=g","caption":"Tibor atya"},"url":"https:\/\/stuttgarti-katolikusok.de\/index.php\/author\/tibor-atya\/"}]}},"_links":{"self":[{"href":"https:\/\/stuttgarti-katolikusok.de\/index.php\/wp-json\/wp\/v2\/posts\/21802","targetHints":{"allow":["GET"]}}],"collection":[{"href":"https:\/\/stuttgarti-katolikusok.de\/index.php\/wp-json\/wp\/v2\/posts"}],"about":[{"href":"https:\/\/stuttgarti-katolikusok.de\/index.php\/wp-json\/wp\/v2\/types\/post"}],"author":[{"embeddable":true,"href":"https:\/\/stuttgarti-katolikusok.de\/index.php\/wp-json\/wp\/v2\/users\/3"}],"replies":[{"embeddable":true,"href":"https:\/\/stuttgarti-katolikusok.de\/index.php\/wp-json\/wp\/v2\/comments?post=21802"}],"version-history":[{"count":1,"href":"https:\/\/stuttgarti-katolikusok.de\/index.php\/wp-json\/wp\/v2\/posts\/21802\/revisions"}],"predecessor-version":[{"id":21805,"href":"https:\/\/stuttgarti-katolikusok.de\/index.php\/wp-json\/wp\/v2\/posts\/21802\/revisions\/21805"}],"wp:featuredmedia":[{"embeddable":true,"href":"https:\/\/stuttgarti-katolikusok.de\/index.php\/wp-json\/wp\/v2\/media\/21803"}],"wp:attachment":[{"href":"https:\/\/stuttgarti-katolikusok.de\/index.php\/wp-json\/wp\/v2\/media?parent=21802"}],"wp:term":[{"taxonomy":"category","embeddable":true,"href":"https:\/\/stuttgarti-katolikusok.de\/index.php\/wp-json\/wp\/v2\/categories?post=21802"},{"taxonomy":"post_tag","embeddable":true,"href":"https:\/\/stuttgarti-katolikusok.de\/index.php\/wp-json\/wp\/v2\/tags?post=21802"}],"curies":[{"name":"wp","href":"https:\/\/api.w.org\/{rel}","templated":true}]}}