{"id":21753,"date":"2021-04-26T21:09:11","date_gmt":"2021-04-26T21:09:11","guid":{"rendered":"https:\/\/gracious-dewdney.138-201-221-2.plesk.page\/?p=21753"},"modified":"2021-04-26T21:49:21","modified_gmt":"2021-04-26T21:49:21","slug":"2021-aprilis-26-es-majus-2-kozott","status":"publish","type":"post","link":"https:\/\/stuttgarti-katolikusok.de\/index.php\/2021-aprilis-26-es-majus-2-kozott\/","title":{"rendered":"2021. \u00e1prilis 26 \u00e9s m\u00e1jus 2 k\u00f6z\u00f6tt"},"content":{"rendered":"<p><span style=\"color: #ff6600;\"><strong>Programel\u0151zetes<\/strong><\/span><\/p>\n<p><span style=\"color: #ff6600;\"><em>A jelenlegi egyh\u00e1zi rendelkez\u00e9sek \u00e9rtelm\u00e9ben csak a szentmise tarthat\u00f3 meg.<\/em><\/span><\/p>\n<p><span style=\"color: #ff6600;\"><em>Szentmis\u00e9n k\u00f6telez\u0151 a maszk haszn\u00e1lata, jelenl\u00e9ti lista n\u00e9vvel \u00e9s el\u00e9rhet\u0151s\u00e9ggel, kezek fert\u0151tlen\u00edt\u00e9se!<\/em><\/span><\/p>\n<p><span style=\"color: #ff6600;\"><em>Szentmis\u00e9ket a h\u00edvek r\u00e9szv\u00e9tel\u00e9vel csak azon helyeken lehet, ahol a fert\u0151z\u00e9sek sz\u00e1ma ezt lehet\u0151v\u00e9 teszi. Ez sajnos napr\u00f3l napra v\u00e1ltozhat.\u00a0\u00a0<\/em><\/span><\/p>\n<p style=\"text-align: center;\"><span style=\"color: #ff6600;\"><em>\u00a0<\/em><strong>*<\/strong><\/span><\/p>\n<p><strong><em>\u00c1prilis 28-\u00e1n<\/em><\/strong>, <em>szerd\u00e1n,<\/em> <span style=\"color: #ff6600;\"><strong><em>Weingarteni d\u00e9lut\u00e1n<\/em><\/strong><\/span><em>,<\/em> a <em>14 Nothelfer Kapelle-<\/em>ben 18.30 \u00f3rakor <em>r\u00f3zsaf\u00fcz\u00e9rt im\u00e1dkozunk<\/em>, ezt k\u00f6vet\u0151en <em>szentmise<\/em>.<\/p>\n<p style=\"text-align: center;\"><span style=\"color: #ff6600;\"><strong><em>*<\/em><\/strong><\/span><\/p>\n<p><strong><em>\u00c1prilis 29-\u00e9n<\/em><\/strong>, <em>cs\u00fct\u00f6rt\u00f6k\u00f6n, <\/em><span style=\"color: #ff6600;\"><strong><em>Ulmi d\u00e9lut\u00e1n. <\/em><\/strong><\/span><\/p>\n<p><span style=\"color: #ff6600;\">Sajnos a fert\u0151z\u00e9sek magas sz\u00e1ma miatt szentmis\u00e9t nem tarthatunk. Ellenben 17.00 \u00f3ra \u00e9s 19.00 \u00f3ra k\u00f6z\u00f6tt el\u00e9rhet\u0151 leszek a templomban. \u00cdgy biztos\u00edtok lehet\u0151s\u00e9get a szem\u00e9lyes tal\u00e1lkoz\u00e1sra.<\/span><\/p>\n<p style=\"text-align: center;\"><span style=\"color: #ff6600;\">*<\/span><\/p>\n<p><strong><em>\u00c1prilis 30-\u00e1n<\/em><\/strong>, <em>p\u00e9nteken,<\/em><span style=\"color: #ff6600;\"><em> <strong>Stuttgarti d\u00e9lut\u00e1n<\/strong><\/em>.<\/span><\/p>\n<p>Amennyiben a szentmise megtarthat\u00f3, \u00fagy 17.30 \u00f3rakor <em>r\u00f3zsaf\u00fcz\u00e9rt im\u00e1dkozunk<\/em>, ut\u00e1na pedig <span style=\"color: #000000;\"><em>szentmise<\/em><\/span>, keret\u00e9ben <em>Besz\u00e9lget\u00e9sek a Katekizmusr\u00f3l<\/em>.<\/p>\n<p style=\"text-align: center;\"><span style=\"color: #ff6600;\">*<\/span><\/p>\n<p><strong><em>M\u00e1jus 1-j\u00e9n<\/em><\/strong><em>, szombaton,<strong>\u00a0<\/strong><\/em><span style=\"color: #ff6600;\"><strong><em>Balingenben<\/em><\/strong><\/span><strong><em>\u00a0<\/em><\/strong><em>16.00 \u00f3rakor\u00a0szentmise.<\/em><\/p>\n<p style=\"text-align: center;\"><span style=\"color: #ff6600;\"><strong>*<\/strong><\/span><\/p>\n<p><strong><em>M\u00e1jus 2-\u00e1n,<\/em><\/strong>\u00a0<span style=\"color: #ff6600;\"><strong><em>H\u00fasv\u00e9t 5. vas\u00e1rnapja<\/em><\/strong><\/span><em>,\u00a0<\/em><\/p>\n<p><span style=\"color: #ff6600;\"><strong><em>Schw<\/em><\/strong><strong><em>\u00e4<\/em><\/strong><strong><em>bisch-Gm\u00fcndben<\/em><\/strong><\/span><strong><em>\u00a0<\/em><\/strong>9.30 \u00f3rakor<em>\u00a0szentmise. <\/em>A szentmis\u00e9ben az \u00e9desany\u00e1kat k\u00f6sz\u00f6ntj\u00fck,<\/p>\n<p><span style=\"color: #ff6600;\"><strong><em>Stuttgartban <\/em><\/strong><\/span>12.00 \u00f3rakor<em> szentmise!!!<\/em> Szentmise keret\u00e9ben az \u00e9desany\u00e1kat k\u00f6sz\u00f6ntj\u00fck.<\/p>\n<p style=\"text-align: center;\"><span style=\"color: #ff6600;\"><em>\u00a0<\/em><strong><em>*<\/em><\/strong><\/span><\/p>\n<p>Minden helyen mindenkit szeretettel v\u00e1r a k\u00f6z\u00f6ss\u00e9g \u00e9s Tibor atya!<\/p>\n<p style=\"text-align: center;\"><span style=\"color: #ff6600;\"><strong>*<\/strong><\/span><\/p>\n<p><a href=\"https:\/\/stuttgarti-katolikusok.de\/wp-content\/uploads\/2021\/04\/grapes-1952073-1280.jpg\"><img loading=\"lazy\" decoding=\"async\" class=\"alignnone size-full wp-image-21754\" src=\"https:\/\/stuttgarti-katolikusok.de\/wp-content\/uploads\/2021\/04\/grapes-1952073-1280.jpg\" alt=\"\" width=\"1280\" height=\"853\" srcset=\"https:\/\/stuttgarti-katolikusok.de\/wp-content\/uploads\/2021\/04\/grapes-1952073-1280.jpg 1280w, https:\/\/stuttgarti-katolikusok.de\/wp-content\/uploads\/2021\/04\/grapes-1952073-1280-300x200.jpg 300w, https:\/\/stuttgarti-katolikusok.de\/wp-content\/uploads\/2021\/04\/grapes-1952073-1280-1024x682.jpg 1024w, https:\/\/stuttgarti-katolikusok.de\/wp-content\/uploads\/2021\/04\/grapes-1952073-1280-420x280.jpg 420w, https:\/\/stuttgarti-katolikusok.de\/wp-content\/uploads\/2021\/04\/grapes-1952073-1280-690x460.jpg 690w\" sizes=\"auto, (max-width: 1280px) 100vw, 1280px\" \/><\/a><\/p>\n<p style=\"text-align: center;\"><span style=\"color: #ff6600;\"><strong><em>*<\/em><\/strong><\/span><\/p>\n<p><span style=\"color: #ff6600;\"><strong><em>Kegyelemteljes h\u00fasv\u00e9ti napokat, tartalmas besz\u00e9lget\u00e9seket \u00e9s \u00f6r\u00f6mteli tal\u00e1lkoz\u00e1sokat k\u00edv\u00e1nunk minden Kedves H\u00edv\u00fcnknek!<\/em><\/strong><\/span><\/p>\n<p style=\"text-align: center;\"><span style=\"color: #ff6600;\"><strong><em>*<\/em><\/strong><\/span><\/p>\n<p><strong><em>\u201eIsten az\u00e9rt teremtett minket \u00e9s a vil\u00e1got, mert szeret minket.<\/em><\/strong><\/p>\n<p><strong><em>Milyen sz\u00e9p \u00e9s milyen nagyszer\u0171, hogy Istent megismerhetj\u00fck, szerethetj\u00fck \u00e9s \u0151t szolg\u00e1lhatjuk.<\/em><\/strong><\/p>\n<p><strong><em>Ez a feladatunk ebben a vil\u00e1gban.<\/em><\/strong><\/p>\n<p><strong><em>Minden m\u00e1s ezen k\u00edv\u00fcl, elt\u00e9kozolt id\u0151.\u201d\u00a0<\/em><\/strong><em>(Vianney Szent J\u00e1nos, 1786 &#8211; 1859)<\/em><\/p>\n<p><em>(K\u00e9p forr\u00e1sa: Pixabay)<\/em><\/p>\n","protected":false},"excerpt":{"rendered":"<p>Programel\u0151zetes A jelenlegi egyh\u00e1zi rendelkez\u00e9sek \u00e9rtelm\u00e9ben csak a szentmise tarthat\u00f3 meg. Szentmis\u00e9n k\u00f6telez\u0151 a maszk haszn\u00e1lata, jelenl\u00e9ti lista n\u00e9vvel \u00e9s el\u00e9rhet\u0151s\u00e9ggel, kezek fert\u0151tlen\u00edt\u00e9se! Szentmis\u00e9ket a h\u00edvek r\u00e9szv\u00e9tel\u00e9vel csak azon helyeken lehet, ahol a fert\u0151z\u00e9sek sz\u00e1ma ezt lehet\u0151v\u00e9 teszi. Ez sajnos napr\u00f3l napra v\u00e1ltozhat.\u00a0\u00a0 \u00a0* \u00c1prilis 28-\u00e1n, szerd\u00e1n, Weingarteni d\u00e9lut\u00e1n, a 14 Nothelfer Kapelle-ben 18.30 \u00f3rakor r\u00f3zsaf\u00fcz\u00e9rt im\u00e1dkozunk, ezt k\u00f6vet\u0151en szentmise. * \u00c1prilis 29-\u00e9n, cs\u00fct\u00f6rt\u00f6k\u00f6n, Ulmi d\u00e9lut\u00e1n. Sajnos a fert\u0151z\u00e9sek magas sz\u00e1ma miatt szentmis\u00e9t nem tarthatunk. Ellenben 17.00 \u00f3ra \u00e9s 19.00 \u00f3ra k\u00f6z\u00f6tt el\u00e9rhet\u0151 leszek a templomban. \u00cdgy biztos\u00edtok lehet\u0151s\u00e9get a szem\u00e9lyes tal\u00e1lkoz\u00e1sra. * \u00c1prilis 30-\u00e1n, p\u00e9nteken, Stuttgarti d\u00e9lut\u00e1n. Amennyiben a szentmise megtarthat\u00f3, \u00fagy 17.30 \u00f3rakor r\u00f3zsaf\u00fcz\u00e9rt im\u00e1dkozunk, ut\u00e1na pedig szentmise, keret\u00e9ben Besz\u00e9lget\u00e9sek a Katekizmusr\u00f3l. * M\u00e1jus 1-j\u00e9n, szombaton,\u00a0Balingenben\u00a016.00 \u00f3rakor\u00a0szentmise. * M\u00e1jus 2-\u00e1n,\u00a0H\u00fasv\u00e9t 5. vas\u00e1rnapja,\u00a0 Schw\u00e4bisch-Gm\u00fcndben\u00a09.30 \u00f3rakor\u00a0szentmise. A szentmis\u00e9ben az \u00e9desany\u00e1kat k\u00f6sz\u00f6ntj\u00fck, Stuttgartban 12.00 \u00f3rakor szentmise!!! Szentmise keret\u00e9ben az \u00e9desany\u00e1kat k\u00f6sz\u00f6ntj\u00fck. \u00a0* Minden helyen mindenkit szeretettel v\u00e1r a k\u00f6z\u00f6ss\u00e9g \u00e9s Tibor atya! * * Kegyelemteljes h\u00fasv\u00e9ti napokat, tartalmas besz\u00e9lget\u00e9seket \u00e9s \u00f6r\u00f6mteli tal\u00e1lkoz\u00e1sokat k\u00edv\u00e1nunk minden Kedves H\u00edv\u00fcnknek! * \u201eIsten az\u00e9rt teremtett minket \u00e9s a vil\u00e1got, mert szeret minket. Milyen sz\u00e9p \u00e9s milyen nagyszer\u0171, hogy Istent megismerhetj\u00fck, szerethetj\u00fck \u00e9s \u0151t szolg\u00e1lhatjuk. Ez a feladatunk ebben a vil\u00e1gban. Minden m\u00e1s ezen k\u00edv\u00fcl, elt\u00e9kozolt id\u0151.\u201d\u00a0(Vianney Szent J\u00e1nos, 1786 &#8211; 1859) (K\u00e9p forr\u00e1sa: Pixabay)<\/p>\n","protected":false},"author":3,"featured_media":21755,"comment_status":"closed","ping_status":"closed","sticky":false,"template":"","format":"standard","meta":{"footnotes":""},"categories":[37],"tags":[],"class_list":["post-21753","post","type-post","status-publish","format-standard","has-post-thumbnail","hentry","category-progamelozetes"],"yoast_head":"<!-- This site is optimized with the Yoast SEO plugin v27.3 - https:\/\/yoast.com\/product\/yoast-seo-wordpress\/ -->\n<title>2021. \u00e1prilis 26 \u00e9s m\u00e1jus 2 k\u00f6z\u00f6tt - Stuttgarti Katolikusok<\/title>\n<meta name=\"robots\" content=\"index, follow, max-snippet:-1, max-image-preview:large, max-video-preview:-1\" \/>\n<link rel=\"canonical\" href=\"https:\/\/stuttgarti-katolikusok.de\/index.php\/2021-aprilis-26-es-majus-2-kozott\/\" \/>\n<meta property=\"og:locale\" content=\"hu_HU\" \/>\n<meta property=\"og:type\" content=\"article\" \/>\n<meta property=\"og:title\" content=\"2021. \u00e1prilis 26 \u00e9s m\u00e1jus 2 k\u00f6z\u00f6tt - Stuttgarti Katolikusok\" \/>\n<meta property=\"og:description\" content=\"Programel\u0151zetes A jelenlegi egyh\u00e1zi rendelkez\u00e9sek \u00e9rtelm\u00e9ben csak a szentmise tarthat\u00f3 meg. Szentmis\u00e9n k\u00f6telez\u0151 a maszk haszn\u00e1lata, jelenl\u00e9ti lista n\u00e9vvel \u00e9s el\u00e9rhet\u0151s\u00e9ggel, kezek fert\u0151tlen\u00edt\u00e9se! Szentmis\u00e9ket a h\u00edvek r\u00e9szv\u00e9tel\u00e9vel csak azon helyeken lehet, ahol a fert\u0151z\u00e9sek sz\u00e1ma ezt lehet\u0151v\u00e9 teszi. Ez sajnos napr\u00f3l napra v\u00e1ltozhat.\u00a0\u00a0 \u00a0* \u00c1prilis 28-\u00e1n, szerd\u00e1n, Weingarteni d\u00e9lut\u00e1n, a 14 Nothelfer Kapelle-ben 18.30 \u00f3rakor r\u00f3zsaf\u00fcz\u00e9rt im\u00e1dkozunk, ezt k\u00f6vet\u0151en szentmise. * \u00c1prilis 29-\u00e9n, cs\u00fct\u00f6rt\u00f6k\u00f6n, Ulmi d\u00e9lut\u00e1n. Sajnos a fert\u0151z\u00e9sek magas sz\u00e1ma miatt szentmis\u00e9t nem tarthatunk. Ellenben 17.00 \u00f3ra \u00e9s 19.00 \u00f3ra k\u00f6z\u00f6tt el\u00e9rhet\u0151 leszek a templomban. \u00cdgy biztos\u00edtok lehet\u0151s\u00e9get a szem\u00e9lyes tal\u00e1lkoz\u00e1sra. * \u00c1prilis 30-\u00e1n, p\u00e9nteken, Stuttgarti d\u00e9lut\u00e1n. Amennyiben a szentmise megtarthat\u00f3, \u00fagy 17.30 \u00f3rakor r\u00f3zsaf\u00fcz\u00e9rt im\u00e1dkozunk, ut\u00e1na pedig szentmise, keret\u00e9ben Besz\u00e9lget\u00e9sek a Katekizmusr\u00f3l. * M\u00e1jus 1-j\u00e9n, szombaton,\u00a0Balingenben\u00a016.00 \u00f3rakor\u00a0szentmise. * M\u00e1jus 2-\u00e1n,\u00a0H\u00fasv\u00e9t 5. vas\u00e1rnapja,\u00a0 Schw\u00e4bisch-Gm\u00fcndben\u00a09.30 \u00f3rakor\u00a0szentmise. A szentmis\u00e9ben az \u00e9desany\u00e1kat k\u00f6sz\u00f6ntj\u00fck, Stuttgartban 12.00 \u00f3rakor szentmise!!! Szentmise keret\u00e9ben az \u00e9desany\u00e1kat k\u00f6sz\u00f6ntj\u00fck. \u00a0* Minden helyen mindenkit szeretettel v\u00e1r a k\u00f6z\u00f6ss\u00e9g \u00e9s Tibor atya! * * Kegyelemteljes h\u00fasv\u00e9ti napokat, tartalmas besz\u00e9lget\u00e9seket \u00e9s \u00f6r\u00f6mteli tal\u00e1lkoz\u00e1sokat k\u00edv\u00e1nunk minden Kedves H\u00edv\u00fcnknek! * \u201eIsten az\u00e9rt teremtett minket \u00e9s a vil\u00e1got, mert szeret minket. Milyen sz\u00e9p \u00e9s milyen nagyszer\u0171, hogy Istent megismerhetj\u00fck, szerethetj\u00fck \u00e9s \u0151t szolg\u00e1lhatjuk. Ez a feladatunk ebben a vil\u00e1gban. Minden m\u00e1s ezen k\u00edv\u00fcl, elt\u00e9kozolt id\u0151.\u201d\u00a0(Vianney Szent J\u00e1nos, 1786 &#8211; 1859) (K\u00e9p forr\u00e1sa: Pixabay)\" \/>\n<meta property=\"og:url\" content=\"https:\/\/stuttgarti-katolikusok.de\/index.php\/2021-aprilis-26-es-majus-2-kozott\/\" \/>\n<meta property=\"og:site_name\" content=\"Stuttgarti Katolikusok\" \/>\n<meta property=\"article:published_time\" content=\"2021-04-26T21:09:11+00:00\" \/>\n<meta property=\"article:modified_time\" content=\"2021-04-26T21:49:21+00:00\" \/>\n<meta property=\"og:image\" content=\"https:\/\/stuttgarti-katolikusok.de\/wp-content\/uploads\/2021\/04\/wine-3657275-1280.jpg\" \/>\n\t<meta property=\"og:image:width\" content=\"1280\" \/>\n\t<meta property=\"og:image:height\" content=\"853\" \/>\n\t<meta property=\"og:image:type\" content=\"image\/jpeg\" \/>\n<meta name=\"author\" content=\"Tibor atya\" \/>\n<meta name=\"twitter:card\" content=\"summary_large_image\" \/>\n<meta name=\"twitter:label1\" content=\"Szerz\u0151:\" \/>\n\t<meta name=\"twitter:data1\" content=\"Tibor atya\" \/>\n\t<meta name=\"twitter:label2\" content=\"Becs\u00fclt olvas\u00e1si id\u0151\" \/>\n\t<meta name=\"twitter:data2\" content=\"2 perc\" \/>\n<script type=\"application\/ld+json\" class=\"yoast-schema-graph\">{\"@context\":\"https:\\\/\\\/schema.org\",\"@graph\":[{\"@type\":\"Article\",\"@id\":\"https:\\\/\\\/stuttgarti-katolikusok.de\\\/index.php\\\/2021-aprilis-26-es-majus-2-kozott\\\/#article\",\"isPartOf\":{\"@id\":\"https:\\\/\\\/stuttgarti-katolikusok.de\\\/index.php\\\/2021-aprilis-26-es-majus-2-kozott\\\/\"},\"author\":{\"name\":\"Tibor atya\",\"@id\":\"https:\\\/\\\/stuttgarti-katolikusok.de\\\/#\\\/schema\\\/person\\\/75908d6f8fdc03a57889d27209df7795\"},\"headline\":\"2021. \u00e1prilis 26 \u00e9s m\u00e1jus 2 k\u00f6z\u00f6tt\",\"datePublished\":\"2021-04-26T21:09:11+00:00\",\"dateModified\":\"2021-04-26T21:49:21+00:00\",\"mainEntityOfPage\":{\"@id\":\"https:\\\/\\\/stuttgarti-katolikusok.de\\\/index.php\\\/2021-aprilis-26-es-majus-2-kozott\\\/\"},\"wordCount\":319,\"image\":{\"@id\":\"https:\\\/\\\/stuttgarti-katolikusok.de\\\/index.php\\\/2021-aprilis-26-es-majus-2-kozott\\\/#primaryimage\"},\"thumbnailUrl\":\"https:\\\/\\\/stuttgarti-katolikusok.de\\\/wp-content\\\/uploads\\\/2021\\\/04\\\/wine-3657275-1280.jpg\",\"articleSection\":[\"Progamel\u0151zetes\"],\"inLanguage\":\"hu\"},{\"@type\":\"WebPage\",\"@id\":\"https:\\\/\\\/stuttgarti-katolikusok.de\\\/index.php\\\/2021-aprilis-26-es-majus-2-kozott\\\/\",\"url\":\"https:\\\/\\\/stuttgarti-katolikusok.de\\\/index.php\\\/2021-aprilis-26-es-majus-2-kozott\\\/\",\"name\":\"2021. \u00e1prilis 26 \u00e9s m\u00e1jus 2 k\u00f6z\u00f6tt - Stuttgarti Katolikusok\",\"isPartOf\":{\"@id\":\"https:\\\/\\\/stuttgarti-katolikusok.de\\\/#website\"},\"primaryImageOfPage\":{\"@id\":\"https:\\\/\\\/stuttgarti-katolikusok.de\\\/index.php\\\/2021-aprilis-26-es-majus-2-kozott\\\/#primaryimage\"},\"image\":{\"@id\":\"https:\\\/\\\/stuttgarti-katolikusok.de\\\/index.php\\\/2021-aprilis-26-es-majus-2-kozott\\\/#primaryimage\"},\"thumbnailUrl\":\"https:\\\/\\\/stuttgarti-katolikusok.de\\\/wp-content\\\/uploads\\\/2021\\\/04\\\/wine-3657275-1280.jpg\",\"datePublished\":\"2021-04-26T21:09:11+00:00\",\"dateModified\":\"2021-04-26T21:49:21+00:00\",\"author\":{\"@id\":\"https:\\\/\\\/stuttgarti-katolikusok.de\\\/#\\\/schema\\\/person\\\/75908d6f8fdc03a57889d27209df7795\"},\"breadcrumb\":{\"@id\":\"https:\\\/\\\/stuttgarti-katolikusok.de\\\/index.php\\\/2021-aprilis-26-es-majus-2-kozott\\\/#breadcrumb\"},\"inLanguage\":\"hu\",\"potentialAction\":[{\"@type\":\"ReadAction\",\"target\":[\"https:\\\/\\\/stuttgarti-katolikusok.de\\\/index.php\\\/2021-aprilis-26-es-majus-2-kozott\\\/\"]}]},{\"@type\":\"ImageObject\",\"inLanguage\":\"hu\",\"@id\":\"https:\\\/\\\/stuttgarti-katolikusok.de\\\/index.php\\\/2021-aprilis-26-es-majus-2-kozott\\\/#primaryimage\",\"url\":\"https:\\\/\\\/stuttgarti-katolikusok.de\\\/wp-content\\\/uploads\\\/2021\\\/04\\\/wine-3657275-1280.jpg\",\"contentUrl\":\"https:\\\/\\\/stuttgarti-katolikusok.de\\\/wp-content\\\/uploads\\\/2021\\\/04\\\/wine-3657275-1280.jpg\",\"width\":1280,\"height\":853},{\"@type\":\"BreadcrumbList\",\"@id\":\"https:\\\/\\\/stuttgarti-katolikusok.de\\\/index.php\\\/2021-aprilis-26-es-majus-2-kozott\\\/#breadcrumb\",\"itemListElement\":[{\"@type\":\"ListItem\",\"position\":1,\"name\":\"Kezd\u0151lap\",\"item\":\"https:\\\/\\\/stuttgarti-katolikusok.de\\\/\"},{\"@type\":\"ListItem\",\"position\":2,\"name\":\"2021. \u00e1prilis 26 \u00e9s m\u00e1jus 2 k\u00f6z\u00f6tt\"}]},{\"@type\":\"WebSite\",\"@id\":\"https:\\\/\\\/stuttgarti-katolikusok.de\\\/#website\",\"url\":\"https:\\\/\\\/stuttgarti-katolikusok.de\\\/\",\"name\":\"Stuttgarti Katolikusok\",\"description\":\"\",\"potentialAction\":[{\"@type\":\"SearchAction\",\"target\":{\"@type\":\"EntryPoint\",\"urlTemplate\":\"https:\\\/\\\/stuttgarti-katolikusok.de\\\/?s={search_term_string}\"},\"query-input\":{\"@type\":\"PropertyValueSpecification\",\"valueRequired\":true,\"valueName\":\"search_term_string\"}}],\"inLanguage\":\"hu\"},{\"@type\":\"Person\",\"@id\":\"https:\\\/\\\/stuttgarti-katolikusok.de\\\/#\\\/schema\\\/person\\\/75908d6f8fdc03a57889d27209df7795\",\"name\":\"Tibor atya\",\"image\":{\"@type\":\"ImageObject\",\"inLanguage\":\"hu\",\"@id\":\"https:\\\/\\\/secure.gravatar.com\\\/avatar\\\/61d268e57d1f4525b111222e29d2d5a7f8c420fdbf231ba5566a8ceac74fa960?s=96&d=mm&r=g\",\"url\":\"https:\\\/\\\/secure.gravatar.com\\\/avatar\\\/61d268e57d1f4525b111222e29d2d5a7f8c420fdbf231ba5566a8ceac74fa960?s=96&d=mm&r=g\",\"contentUrl\":\"https:\\\/\\\/secure.gravatar.com\\\/avatar\\\/61d268e57d1f4525b111222e29d2d5a7f8c420fdbf231ba5566a8ceac74fa960?s=96&d=mm&r=g\",\"caption\":\"Tibor atya\"},\"url\":\"https:\\\/\\\/stuttgarti-katolikusok.de\\\/index.php\\\/author\\\/tibor-atya\\\/\"}]}<\/script>\n<!-- \/ Yoast SEO plugin. -->","yoast_head_json":{"title":"2021. \u00e1prilis 26 \u00e9s m\u00e1jus 2 k\u00f6z\u00f6tt - Stuttgarti Katolikusok","robots":{"index":"index","follow":"follow","max-snippet":"max-snippet:-1","max-image-preview":"max-image-preview:large","max-video-preview":"max-video-preview:-1"},"canonical":"https:\/\/stuttgarti-katolikusok.de\/index.php\/2021-aprilis-26-es-majus-2-kozott\/","og_locale":"hu_HU","og_type":"article","og_title":"2021. \u00e1prilis 26 \u00e9s m\u00e1jus 2 k\u00f6z\u00f6tt - Stuttgarti Katolikusok","og_description":"Programel\u0151zetes A jelenlegi egyh\u00e1zi rendelkez\u00e9sek \u00e9rtelm\u00e9ben csak a szentmise tarthat\u00f3 meg. Szentmis\u00e9n k\u00f6telez\u0151 a maszk haszn\u00e1lata, jelenl\u00e9ti lista n\u00e9vvel \u00e9s el\u00e9rhet\u0151s\u00e9ggel, kezek fert\u0151tlen\u00edt\u00e9se! Szentmis\u00e9ket a h\u00edvek r\u00e9szv\u00e9tel\u00e9vel csak azon helyeken lehet, ahol a fert\u0151z\u00e9sek sz\u00e1ma ezt lehet\u0151v\u00e9 teszi. Ez sajnos napr\u00f3l napra v\u00e1ltozhat.\u00a0\u00a0 \u00a0* \u00c1prilis 28-\u00e1n, szerd\u00e1n, Weingarteni d\u00e9lut\u00e1n, a 14 Nothelfer Kapelle-ben 18.30 \u00f3rakor r\u00f3zsaf\u00fcz\u00e9rt im\u00e1dkozunk, ezt k\u00f6vet\u0151en szentmise. * \u00c1prilis 29-\u00e9n, cs\u00fct\u00f6rt\u00f6k\u00f6n, Ulmi d\u00e9lut\u00e1n. Sajnos a fert\u0151z\u00e9sek magas sz\u00e1ma miatt szentmis\u00e9t nem tarthatunk. Ellenben 17.00 \u00f3ra \u00e9s 19.00 \u00f3ra k\u00f6z\u00f6tt el\u00e9rhet\u0151 leszek a templomban. \u00cdgy biztos\u00edtok lehet\u0151s\u00e9get a szem\u00e9lyes tal\u00e1lkoz\u00e1sra. * \u00c1prilis 30-\u00e1n, p\u00e9nteken, Stuttgarti d\u00e9lut\u00e1n. Amennyiben a szentmise megtarthat\u00f3, \u00fagy 17.30 \u00f3rakor r\u00f3zsaf\u00fcz\u00e9rt im\u00e1dkozunk, ut\u00e1na pedig szentmise, keret\u00e9ben Besz\u00e9lget\u00e9sek a Katekizmusr\u00f3l. * M\u00e1jus 1-j\u00e9n, szombaton,\u00a0Balingenben\u00a016.00 \u00f3rakor\u00a0szentmise. * M\u00e1jus 2-\u00e1n,\u00a0H\u00fasv\u00e9t 5. vas\u00e1rnapja,\u00a0 Schw\u00e4bisch-Gm\u00fcndben\u00a09.30 \u00f3rakor\u00a0szentmise. A szentmis\u00e9ben az \u00e9desany\u00e1kat k\u00f6sz\u00f6ntj\u00fck, Stuttgartban 12.00 \u00f3rakor szentmise!!! Szentmise keret\u00e9ben az \u00e9desany\u00e1kat k\u00f6sz\u00f6ntj\u00fck. \u00a0* Minden helyen mindenkit szeretettel v\u00e1r a k\u00f6z\u00f6ss\u00e9g \u00e9s Tibor atya! * * Kegyelemteljes h\u00fasv\u00e9ti napokat, tartalmas besz\u00e9lget\u00e9seket \u00e9s \u00f6r\u00f6mteli tal\u00e1lkoz\u00e1sokat k\u00edv\u00e1nunk minden Kedves H\u00edv\u00fcnknek! * \u201eIsten az\u00e9rt teremtett minket \u00e9s a vil\u00e1got, mert szeret minket. Milyen sz\u00e9p \u00e9s milyen nagyszer\u0171, hogy Istent megismerhetj\u00fck, szerethetj\u00fck \u00e9s \u0151t szolg\u00e1lhatjuk. Ez a feladatunk ebben a vil\u00e1gban. Minden m\u00e1s ezen k\u00edv\u00fcl, elt\u00e9kozolt id\u0151.\u201d\u00a0(Vianney Szent J\u00e1nos, 1786 &#8211; 1859) (K\u00e9p forr\u00e1sa: Pixabay)","og_url":"https:\/\/stuttgarti-katolikusok.de\/index.php\/2021-aprilis-26-es-majus-2-kozott\/","og_site_name":"Stuttgarti Katolikusok","article_published_time":"2021-04-26T21:09:11+00:00","article_modified_time":"2021-04-26T21:49:21+00:00","og_image":[{"width":1280,"height":853,"url":"https:\/\/stuttgarti-katolikusok.de\/wp-content\/uploads\/2021\/04\/wine-3657275-1280.jpg","type":"image\/jpeg"}],"author":"Tibor atya","twitter_card":"summary_large_image","twitter_misc":{"Szerz\u0151:":"Tibor atya","Becs\u00fclt olvas\u00e1si id\u0151":"2 perc"},"schema":{"@context":"https:\/\/schema.org","@graph":[{"@type":"Article","@id":"https:\/\/stuttgarti-katolikusok.de\/index.php\/2021-aprilis-26-es-majus-2-kozott\/#article","isPartOf":{"@id":"https:\/\/stuttgarti-katolikusok.de\/index.php\/2021-aprilis-26-es-majus-2-kozott\/"},"author":{"name":"Tibor atya","@id":"https:\/\/stuttgarti-katolikusok.de\/#\/schema\/person\/75908d6f8fdc03a57889d27209df7795"},"headline":"2021. \u00e1prilis 26 \u00e9s m\u00e1jus 2 k\u00f6z\u00f6tt","datePublished":"2021-04-26T21:09:11+00:00","dateModified":"2021-04-26T21:49:21+00:00","mainEntityOfPage":{"@id":"https:\/\/stuttgarti-katolikusok.de\/index.php\/2021-aprilis-26-es-majus-2-kozott\/"},"wordCount":319,"image":{"@id":"https:\/\/stuttgarti-katolikusok.de\/index.php\/2021-aprilis-26-es-majus-2-kozott\/#primaryimage"},"thumbnailUrl":"https:\/\/stuttgarti-katolikusok.de\/wp-content\/uploads\/2021\/04\/wine-3657275-1280.jpg","articleSection":["Progamel\u0151zetes"],"inLanguage":"hu"},{"@type":"WebPage","@id":"https:\/\/stuttgarti-katolikusok.de\/index.php\/2021-aprilis-26-es-majus-2-kozott\/","url":"https:\/\/stuttgarti-katolikusok.de\/index.php\/2021-aprilis-26-es-majus-2-kozott\/","name":"2021. \u00e1prilis 26 \u00e9s m\u00e1jus 2 k\u00f6z\u00f6tt - Stuttgarti Katolikusok","isPartOf":{"@id":"https:\/\/stuttgarti-katolikusok.de\/#website"},"primaryImageOfPage":{"@id":"https:\/\/stuttgarti-katolikusok.de\/index.php\/2021-aprilis-26-es-majus-2-kozott\/#primaryimage"},"image":{"@id":"https:\/\/stuttgarti-katolikusok.de\/index.php\/2021-aprilis-26-es-majus-2-kozott\/#primaryimage"},"thumbnailUrl":"https:\/\/stuttgarti-katolikusok.de\/wp-content\/uploads\/2021\/04\/wine-3657275-1280.jpg","datePublished":"2021-04-26T21:09:11+00:00","dateModified":"2021-04-26T21:49:21+00:00","author":{"@id":"https:\/\/stuttgarti-katolikusok.de\/#\/schema\/person\/75908d6f8fdc03a57889d27209df7795"},"breadcrumb":{"@id":"https:\/\/stuttgarti-katolikusok.de\/index.php\/2021-aprilis-26-es-majus-2-kozott\/#breadcrumb"},"inLanguage":"hu","potentialAction":[{"@type":"ReadAction","target":["https:\/\/stuttgarti-katolikusok.de\/index.php\/2021-aprilis-26-es-majus-2-kozott\/"]}]},{"@type":"ImageObject","inLanguage":"hu","@id":"https:\/\/stuttgarti-katolikusok.de\/index.php\/2021-aprilis-26-es-majus-2-kozott\/#primaryimage","url":"https:\/\/stuttgarti-katolikusok.de\/wp-content\/uploads\/2021\/04\/wine-3657275-1280.jpg","contentUrl":"https:\/\/stuttgarti-katolikusok.de\/wp-content\/uploads\/2021\/04\/wine-3657275-1280.jpg","width":1280,"height":853},{"@type":"BreadcrumbList","@id":"https:\/\/stuttgarti-katolikusok.de\/index.php\/2021-aprilis-26-es-majus-2-kozott\/#breadcrumb","itemListElement":[{"@type":"ListItem","position":1,"name":"Kezd\u0151lap","item":"https:\/\/stuttgarti-katolikusok.de\/"},{"@type":"ListItem","position":2,"name":"2021. \u00e1prilis 26 \u00e9s m\u00e1jus 2 k\u00f6z\u00f6tt"}]},{"@type":"WebSite","@id":"https:\/\/stuttgarti-katolikusok.de\/#website","url":"https:\/\/stuttgarti-katolikusok.de\/","name":"Stuttgarti Katolikusok","description":"","potentialAction":[{"@type":"SearchAction","target":{"@type":"EntryPoint","urlTemplate":"https:\/\/stuttgarti-katolikusok.de\/?s={search_term_string}"},"query-input":{"@type":"PropertyValueSpecification","valueRequired":true,"valueName":"search_term_string"}}],"inLanguage":"hu"},{"@type":"Person","@id":"https:\/\/stuttgarti-katolikusok.de\/#\/schema\/person\/75908d6f8fdc03a57889d27209df7795","name":"Tibor atya","image":{"@type":"ImageObject","inLanguage":"hu","@id":"https:\/\/secure.gravatar.com\/avatar\/61d268e57d1f4525b111222e29d2d5a7f8c420fdbf231ba5566a8ceac74fa960?s=96&d=mm&r=g","url":"https:\/\/secure.gravatar.com\/avatar\/61d268e57d1f4525b111222e29d2d5a7f8c420fdbf231ba5566a8ceac74fa960?s=96&d=mm&r=g","contentUrl":"https:\/\/secure.gravatar.com\/avatar\/61d268e57d1f4525b111222e29d2d5a7f8c420fdbf231ba5566a8ceac74fa960?s=96&d=mm&r=g","caption":"Tibor atya"},"url":"https:\/\/stuttgarti-katolikusok.de\/index.php\/author\/tibor-atya\/"}]}},"_links":{"self":[{"href":"https:\/\/stuttgarti-katolikusok.de\/index.php\/wp-json\/wp\/v2\/posts\/21753","targetHints":{"allow":["GET"]}}],"collection":[{"href":"https:\/\/stuttgarti-katolikusok.de\/index.php\/wp-json\/wp\/v2\/posts"}],"about":[{"href":"https:\/\/stuttgarti-katolikusok.de\/index.php\/wp-json\/wp\/v2\/types\/post"}],"author":[{"embeddable":true,"href":"https:\/\/stuttgarti-katolikusok.de\/index.php\/wp-json\/wp\/v2\/users\/3"}],"replies":[{"embeddable":true,"href":"https:\/\/stuttgarti-katolikusok.de\/index.php\/wp-json\/wp\/v2\/comments?post=21753"}],"version-history":[{"count":5,"href":"https:\/\/stuttgarti-katolikusok.de\/index.php\/wp-json\/wp\/v2\/posts\/21753\/revisions"}],"predecessor-version":[{"id":21773,"href":"https:\/\/stuttgarti-katolikusok.de\/index.php\/wp-json\/wp\/v2\/posts\/21753\/revisions\/21773"}],"wp:featuredmedia":[{"embeddable":true,"href":"https:\/\/stuttgarti-katolikusok.de\/index.php\/wp-json\/wp\/v2\/media\/21755"}],"wp:attachment":[{"href":"https:\/\/stuttgarti-katolikusok.de\/index.php\/wp-json\/wp\/v2\/media?parent=21753"}],"wp:term":[{"taxonomy":"category","embeddable":true,"href":"https:\/\/stuttgarti-katolikusok.de\/index.php\/wp-json\/wp\/v2\/categories?post=21753"},{"taxonomy":"post_tag","embeddable":true,"href":"https:\/\/stuttgarti-katolikusok.de\/index.php\/wp-json\/wp\/v2\/tags?post=21753"}],"curies":[{"name":"wp","href":"https:\/\/api.w.org\/{rel}","templated":true}]}}