{"id":21718,"date":"2021-04-19T21:12:13","date_gmt":"2021-04-19T21:12:13","guid":{"rendered":"https:\/\/gracious-dewdney.138-201-221-2.plesk.page\/?p=21718"},"modified":"2021-04-19T21:14:04","modified_gmt":"2021-04-19T21:14:04","slug":"2021-aprilis-19-es-25-kozott","status":"publish","type":"post","link":"https:\/\/stuttgarti-katolikusok.de\/index.php\/2021-aprilis-19-es-25-kozott\/","title":{"rendered":"2021. \u00e1prilis 19 \u00e9s 25 k\u00f6z\u00f6tt"},"content":{"rendered":"<p><span style=\"color: #ff6600;\"><strong>Programel\u0151zetes<\/strong><\/span><\/p>\n<p><span style=\"color: #ff6600;\"><em>A jelenlegi egyh\u00e1zi rendelkez\u00e9sek \u00e9rtelm\u00e9ben csak a szentmise tarthat\u00f3 meg. <\/em><\/span><\/p>\n<p><span style=\"color: #ff6600;\"><em>Szentmis\u00e9n k\u00f6telez\u0151 a maszk haszn\u00e1lata, jelenl\u00e9ti lista n\u00e9vvel \u00e9s el\u00e9rhet\u0151s\u00e9ggel, kezek fert\u0151tlen\u00edt\u00e9se!<\/em><\/span><\/p>\n<p><span style=\"color: #ff6600;\"><em>Szentmis\u00e9ket a h\u00edvek r\u00e9szv\u00e9tel\u00e9vel csak azon helyeken lehet, ahol a fert\u0151z\u00e9sek sz\u00e1ma ezt lehet\u0151v\u00e9 teszi. Ez sajnos napr\u00f3l napra v\u00e1ltozhat.\u00a0\u00a0 <\/em><\/span><\/p>\n<p style=\"text-align: center;\"><span style=\"color: #ff6600;\"><em>\u00a0<\/em><strong>*<\/strong><\/span><\/p>\n<p><em><strong>\u00c1prilis 24-\u00e9n<\/strong><\/em><em>, szombaton,<strong> Reutlingenben <\/strong><\/em><em>16.30 \u00f3rakor<\/em><em>\u00a0szentmise<\/em><em>.<\/em><\/p>\n<p style=\"text-align: center;\"><span style=\"color: #ffcc00;\"><em><strong>*<\/strong><\/em><\/span><\/p>\n<p><em><strong>\u00c1prilis 25-\u00e9n,<\/strong><\/em> <span style=\"color: #ff6600;\"><em><strong>H\u00fasv\u00e9t 4. vas\u00e1rnapja<\/strong><\/em><\/span><em>, <strong>B\u00f6blingenben <\/strong>9.30 \u00f3rakor <\/em><em>szentmise.<\/em><\/p>\n<p style=\"text-align: center;\"><em>\u00a0<\/em><span style=\"color: #ff6600;\"><em><strong>*<\/strong><\/em><\/span><\/p>\n<p>Minden helyen mindenkit szeretettel v\u00e1r a k\u00f6z\u00f6ss\u00e9g \u00e9s Tibor atya!<\/p>\n<p style=\"text-align: center;\"><span style=\"color: #ff6600;\"><strong>*<\/strong><\/span><\/p>\n<p><a href=\"https:\/\/stuttgarti-katolikusok.de\/wp-content\/uploads\/2021\/04\/jesus-1561637-1280.png\"><img loading=\"lazy\" decoding=\"async\" class=\"alignnone size-full wp-image-21719\" src=\"https:\/\/stuttgarti-katolikusok.de\/wp-content\/uploads\/2021\/04\/jesus-1561637-1280.png\" alt=\"\" width=\"1024\" height=\"1280\" srcset=\"https:\/\/stuttgarti-katolikusok.de\/wp-content\/uploads\/2021\/04\/jesus-1561637-1280.png 1024w, https:\/\/stuttgarti-katolikusok.de\/wp-content\/uploads\/2021\/04\/jesus-1561637-1280-240x300.png 240w, https:\/\/stuttgarti-katolikusok.de\/wp-content\/uploads\/2021\/04\/jesus-1561637-1280-819x1024.png 819w\" sizes=\"auto, (max-width: 1024px) 100vw, 1024px\" \/><\/a><\/p>\n<p style=\"text-align: center;\"><span style=\"color: #ff6600;\"><em><strong>*<\/strong><\/em><\/span><\/p>\n<p><span style=\"color: #ff6600;\"><em><strong>Kegyelemteljes h\u00fasv\u00e9ti napokat, tartalmas besz\u00e9lget\u00e9seket \u00e9s \u00f6r\u00f6mteli tal\u00e1lkoz\u00e1sokat k\u00edv\u00e1nunk minden Kedves H\u00edv\u00fcnknek!<\/strong><\/em><\/span><\/p>\n<p style=\"text-align: center;\"><span style=\"color: #ff6600;\"><em><strong>*<\/strong><\/em><\/span><\/p>\n<p><em><strong>\u201eH\u0171s\u00e9g \u00e9s b\u00e1tors\u00e1g csak olyan emberek k\u00f6r\u00e9ben tany\u00e1zik, akik tiszta lelkiismerettel vannak egym\u00e1s ir\u00e1nt: akiknek mosoly\u00e1ba nincs k\u00e9s g\u00f6ngy\u00f6lve, szavaik pedig nem arra val\u00f3k, hogy a sz\u00e1nd\u00e9kaikat eltitkolj\u00e1k vel\u00fck.\u201d <\/strong>(S\u00fct\u0151 Andr\u00e1s, \u00edr\u00f3 1927 &#8211; 2006 )<\/em><\/p>\n<p><em>(K\u00e9p forr\u00e1sa: Pixabay)<\/em><\/p>\n","protected":false},"excerpt":{"rendered":"<p>Programel\u0151zetes A jelenlegi egyh\u00e1zi rendelkez\u00e9sek \u00e9rtelm\u00e9ben csak a szentmise tarthat\u00f3 meg. Szentmis\u00e9n k\u00f6telez\u0151 a maszk haszn\u00e1lata, jelenl\u00e9ti lista n\u00e9vvel \u00e9s el\u00e9rhet\u0151s\u00e9ggel, kezek fert\u0151tlen\u00edt\u00e9se! Szentmis\u00e9ket a h\u00edvek r\u00e9szv\u00e9tel\u00e9vel csak azon helyeken lehet, ahol a fert\u0151z\u00e9sek sz\u00e1ma ezt lehet\u0151v\u00e9 teszi. Ez sajnos napr\u00f3l napra v\u00e1ltozhat.\u00a0\u00a0 \u00a0* \u00c1prilis 24-\u00e9n, szombaton, Reutlingenben 16.30 \u00f3rakor\u00a0szentmise. * \u00c1prilis 25-\u00e9n, H\u00fasv\u00e9t 4. vas\u00e1rnapja, B\u00f6blingenben 9.30 \u00f3rakor szentmise. \u00a0* Minden helyen mindenkit szeretettel v\u00e1r a k\u00f6z\u00f6ss\u00e9g \u00e9s Tibor atya! * * Kegyelemteljes h\u00fasv\u00e9ti napokat, tartalmas besz\u00e9lget\u00e9seket \u00e9s \u00f6r\u00f6mteli tal\u00e1lkoz\u00e1sokat k\u00edv\u00e1nunk minden Kedves H\u00edv\u00fcnknek! * \u201eH\u0171s\u00e9g \u00e9s b\u00e1tors\u00e1g csak olyan emberek k\u00f6r\u00e9ben tany\u00e1zik, akik tiszta lelkiismerettel vannak egym\u00e1s ir\u00e1nt: akiknek mosoly\u00e1ba nincs k\u00e9s g\u00f6ngy\u00f6lve, szavaik pedig nem arra val\u00f3k, hogy a sz\u00e1nd\u00e9kaikat eltitkolj\u00e1k vel\u00fck.\u201d (S\u00fct\u0151 Andr\u00e1s, \u00edr\u00f3 1927 &#8211; 2006 ) (K\u00e9p forr\u00e1sa: Pixabay)<\/p>\n","protected":false},"author":3,"featured_media":21720,"comment_status":"closed","ping_status":"closed","sticky":false,"template":"","format":"standard","meta":{"footnotes":""},"categories":[37],"tags":[],"class_list":["post-21718","post","type-post","status-publish","format-standard","has-post-thumbnail","hentry","category-progamelozetes"],"yoast_head":"<!-- This site is optimized with the Yoast SEO plugin v27.3 - https:\/\/yoast.com\/product\/yoast-seo-wordpress\/ -->\n<title>2021. \u00e1prilis 19 \u00e9s 25 k\u00f6z\u00f6tt - Stuttgarti Katolikusok<\/title>\n<meta name=\"robots\" content=\"index, follow, max-snippet:-1, max-image-preview:large, max-video-preview:-1\" \/>\n<link rel=\"canonical\" href=\"https:\/\/stuttgarti-katolikusok.de\/index.php\/2021-aprilis-19-es-25-kozott\/\" \/>\n<meta property=\"og:locale\" content=\"hu_HU\" \/>\n<meta property=\"og:type\" content=\"article\" \/>\n<meta property=\"og:title\" content=\"2021. \u00e1prilis 19 \u00e9s 25 k\u00f6z\u00f6tt - Stuttgarti Katolikusok\" \/>\n<meta property=\"og:description\" content=\"Programel\u0151zetes A jelenlegi egyh\u00e1zi rendelkez\u00e9sek \u00e9rtelm\u00e9ben csak a szentmise tarthat\u00f3 meg. Szentmis\u00e9n k\u00f6telez\u0151 a maszk haszn\u00e1lata, jelenl\u00e9ti lista n\u00e9vvel \u00e9s el\u00e9rhet\u0151s\u00e9ggel, kezek fert\u0151tlen\u00edt\u00e9se! Szentmis\u00e9ket a h\u00edvek r\u00e9szv\u00e9tel\u00e9vel csak azon helyeken lehet, ahol a fert\u0151z\u00e9sek sz\u00e1ma ezt lehet\u0151v\u00e9 teszi. Ez sajnos napr\u00f3l napra v\u00e1ltozhat.\u00a0\u00a0 \u00a0* \u00c1prilis 24-\u00e9n, szombaton, Reutlingenben 16.30 \u00f3rakor\u00a0szentmise. * \u00c1prilis 25-\u00e9n, H\u00fasv\u00e9t 4. vas\u00e1rnapja, B\u00f6blingenben 9.30 \u00f3rakor szentmise. \u00a0* Minden helyen mindenkit szeretettel v\u00e1r a k\u00f6z\u00f6ss\u00e9g \u00e9s Tibor atya! * * Kegyelemteljes h\u00fasv\u00e9ti napokat, tartalmas besz\u00e9lget\u00e9seket \u00e9s \u00f6r\u00f6mteli tal\u00e1lkoz\u00e1sokat k\u00edv\u00e1nunk minden Kedves H\u00edv\u00fcnknek! * \u201eH\u0171s\u00e9g \u00e9s b\u00e1tors\u00e1g csak olyan emberek k\u00f6r\u00e9ben tany\u00e1zik, akik tiszta lelkiismerettel vannak egym\u00e1s ir\u00e1nt: akiknek mosoly\u00e1ba nincs k\u00e9s g\u00f6ngy\u00f6lve, szavaik pedig nem arra val\u00f3k, hogy a sz\u00e1nd\u00e9kaikat eltitkolj\u00e1k vel\u00fck.\u201d (S\u00fct\u0151 Andr\u00e1s, \u00edr\u00f3 1927 &#8211; 2006 ) (K\u00e9p forr\u00e1sa: Pixabay)\" \/>\n<meta property=\"og:url\" content=\"https:\/\/stuttgarti-katolikusok.de\/index.php\/2021-aprilis-19-es-25-kozott\/\" \/>\n<meta property=\"og:site_name\" content=\"Stuttgarti Katolikusok\" \/>\n<meta property=\"article:published_time\" content=\"2021-04-19T21:12:13+00:00\" \/>\n<meta property=\"article:modified_time\" content=\"2021-04-19T21:14:04+00:00\" \/>\n<meta property=\"og:image\" content=\"https:\/\/stuttgarti-katolikusok.de\/wp-content\/uploads\/2021\/04\/jesus-1166170-1280.jpg\" \/>\n\t<meta property=\"og:image:width\" content=\"1280\" \/>\n\t<meta property=\"og:image:height\" content=\"924\" \/>\n\t<meta property=\"og:image:type\" content=\"image\/jpeg\" \/>\n<meta name=\"author\" content=\"Tibor atya\" \/>\n<meta name=\"twitter:card\" content=\"summary_large_image\" \/>\n<meta name=\"twitter:label1\" content=\"Szerz\u0151:\" \/>\n\t<meta name=\"twitter:data1\" content=\"Tibor atya\" \/>\n\t<meta name=\"twitter:label2\" content=\"Becs\u00fclt olvas\u00e1si id\u0151\" \/>\n\t<meta name=\"twitter:data2\" content=\"1 perc\" \/>\n<script type=\"application\/ld+json\" class=\"yoast-schema-graph\">{\"@context\":\"https:\\\/\\\/schema.org\",\"@graph\":[{\"@type\":\"Article\",\"@id\":\"https:\\\/\\\/stuttgarti-katolikusok.de\\\/index.php\\\/2021-aprilis-19-es-25-kozott\\\/#article\",\"isPartOf\":{\"@id\":\"https:\\\/\\\/stuttgarti-katolikusok.de\\\/index.php\\\/2021-aprilis-19-es-25-kozott\\\/\"},\"author\":{\"name\":\"Tibor atya\",\"@id\":\"https:\\\/\\\/stuttgarti-katolikusok.de\\\/#\\\/schema\\\/person\\\/75908d6f8fdc03a57889d27209df7795\"},\"headline\":\"2021. \u00e1prilis 19 \u00e9s 25 k\u00f6z\u00f6tt\",\"datePublished\":\"2021-04-19T21:12:13+00:00\",\"dateModified\":\"2021-04-19T21:14:04+00:00\",\"mainEntityOfPage\":{\"@id\":\"https:\\\/\\\/stuttgarti-katolikusok.de\\\/index.php\\\/2021-aprilis-19-es-25-kozott\\\/\"},\"wordCount\":188,\"image\":{\"@id\":\"https:\\\/\\\/stuttgarti-katolikusok.de\\\/index.php\\\/2021-aprilis-19-es-25-kozott\\\/#primaryimage\"},\"thumbnailUrl\":\"https:\\\/\\\/stuttgarti-katolikusok.de\\\/wp-content\\\/uploads\\\/2021\\\/04\\\/jesus-1166170-1280.jpg\",\"articleSection\":[\"Progamel\u0151zetes\"],\"inLanguage\":\"hu\"},{\"@type\":\"WebPage\",\"@id\":\"https:\\\/\\\/stuttgarti-katolikusok.de\\\/index.php\\\/2021-aprilis-19-es-25-kozott\\\/\",\"url\":\"https:\\\/\\\/stuttgarti-katolikusok.de\\\/index.php\\\/2021-aprilis-19-es-25-kozott\\\/\",\"name\":\"2021. \u00e1prilis 19 \u00e9s 25 k\u00f6z\u00f6tt - Stuttgarti Katolikusok\",\"isPartOf\":{\"@id\":\"https:\\\/\\\/stuttgarti-katolikusok.de\\\/#website\"},\"primaryImageOfPage\":{\"@id\":\"https:\\\/\\\/stuttgarti-katolikusok.de\\\/index.php\\\/2021-aprilis-19-es-25-kozott\\\/#primaryimage\"},\"image\":{\"@id\":\"https:\\\/\\\/stuttgarti-katolikusok.de\\\/index.php\\\/2021-aprilis-19-es-25-kozott\\\/#primaryimage\"},\"thumbnailUrl\":\"https:\\\/\\\/stuttgarti-katolikusok.de\\\/wp-content\\\/uploads\\\/2021\\\/04\\\/jesus-1166170-1280.jpg\",\"datePublished\":\"2021-04-19T21:12:13+00:00\",\"dateModified\":\"2021-04-19T21:14:04+00:00\",\"author\":{\"@id\":\"https:\\\/\\\/stuttgarti-katolikusok.de\\\/#\\\/schema\\\/person\\\/75908d6f8fdc03a57889d27209df7795\"},\"breadcrumb\":{\"@id\":\"https:\\\/\\\/stuttgarti-katolikusok.de\\\/index.php\\\/2021-aprilis-19-es-25-kozott\\\/#breadcrumb\"},\"inLanguage\":\"hu\",\"potentialAction\":[{\"@type\":\"ReadAction\",\"target\":[\"https:\\\/\\\/stuttgarti-katolikusok.de\\\/index.php\\\/2021-aprilis-19-es-25-kozott\\\/\"]}]},{\"@type\":\"ImageObject\",\"inLanguage\":\"hu\",\"@id\":\"https:\\\/\\\/stuttgarti-katolikusok.de\\\/index.php\\\/2021-aprilis-19-es-25-kozott\\\/#primaryimage\",\"url\":\"https:\\\/\\\/stuttgarti-katolikusok.de\\\/wp-content\\\/uploads\\\/2021\\\/04\\\/jesus-1166170-1280.jpg\",\"contentUrl\":\"https:\\\/\\\/stuttgarti-katolikusok.de\\\/wp-content\\\/uploads\\\/2021\\\/04\\\/jesus-1166170-1280.jpg\",\"width\":1280,\"height\":924},{\"@type\":\"BreadcrumbList\",\"@id\":\"https:\\\/\\\/stuttgarti-katolikusok.de\\\/index.php\\\/2021-aprilis-19-es-25-kozott\\\/#breadcrumb\",\"itemListElement\":[{\"@type\":\"ListItem\",\"position\":1,\"name\":\"Kezd\u0151lap\",\"item\":\"https:\\\/\\\/stuttgarti-katolikusok.de\\\/\"},{\"@type\":\"ListItem\",\"position\":2,\"name\":\"2021. \u00e1prilis 19 \u00e9s 25 k\u00f6z\u00f6tt\"}]},{\"@type\":\"WebSite\",\"@id\":\"https:\\\/\\\/stuttgarti-katolikusok.de\\\/#website\",\"url\":\"https:\\\/\\\/stuttgarti-katolikusok.de\\\/\",\"name\":\"Stuttgarti Katolikusok\",\"description\":\"\",\"potentialAction\":[{\"@type\":\"SearchAction\",\"target\":{\"@type\":\"EntryPoint\",\"urlTemplate\":\"https:\\\/\\\/stuttgarti-katolikusok.de\\\/?s={search_term_string}\"},\"query-input\":{\"@type\":\"PropertyValueSpecification\",\"valueRequired\":true,\"valueName\":\"search_term_string\"}}],\"inLanguage\":\"hu\"},{\"@type\":\"Person\",\"@id\":\"https:\\\/\\\/stuttgarti-katolikusok.de\\\/#\\\/schema\\\/person\\\/75908d6f8fdc03a57889d27209df7795\",\"name\":\"Tibor atya\",\"image\":{\"@type\":\"ImageObject\",\"inLanguage\":\"hu\",\"@id\":\"https:\\\/\\\/secure.gravatar.com\\\/avatar\\\/61d268e57d1f4525b111222e29d2d5a7f8c420fdbf231ba5566a8ceac74fa960?s=96&d=mm&r=g\",\"url\":\"https:\\\/\\\/secure.gravatar.com\\\/avatar\\\/61d268e57d1f4525b111222e29d2d5a7f8c420fdbf231ba5566a8ceac74fa960?s=96&d=mm&r=g\",\"contentUrl\":\"https:\\\/\\\/secure.gravatar.com\\\/avatar\\\/61d268e57d1f4525b111222e29d2d5a7f8c420fdbf231ba5566a8ceac74fa960?s=96&d=mm&r=g\",\"caption\":\"Tibor atya\"},\"url\":\"https:\\\/\\\/stuttgarti-katolikusok.de\\\/index.php\\\/author\\\/tibor-atya\\\/\"}]}<\/script>\n<!-- \/ Yoast SEO plugin. -->","yoast_head_json":{"title":"2021. \u00e1prilis 19 \u00e9s 25 k\u00f6z\u00f6tt - Stuttgarti Katolikusok","robots":{"index":"index","follow":"follow","max-snippet":"max-snippet:-1","max-image-preview":"max-image-preview:large","max-video-preview":"max-video-preview:-1"},"canonical":"https:\/\/stuttgarti-katolikusok.de\/index.php\/2021-aprilis-19-es-25-kozott\/","og_locale":"hu_HU","og_type":"article","og_title":"2021. \u00e1prilis 19 \u00e9s 25 k\u00f6z\u00f6tt - Stuttgarti Katolikusok","og_description":"Programel\u0151zetes A jelenlegi egyh\u00e1zi rendelkez\u00e9sek \u00e9rtelm\u00e9ben csak a szentmise tarthat\u00f3 meg. Szentmis\u00e9n k\u00f6telez\u0151 a maszk haszn\u00e1lata, jelenl\u00e9ti lista n\u00e9vvel \u00e9s el\u00e9rhet\u0151s\u00e9ggel, kezek fert\u0151tlen\u00edt\u00e9se! Szentmis\u00e9ket a h\u00edvek r\u00e9szv\u00e9tel\u00e9vel csak azon helyeken lehet, ahol a fert\u0151z\u00e9sek sz\u00e1ma ezt lehet\u0151v\u00e9 teszi. Ez sajnos napr\u00f3l napra v\u00e1ltozhat.\u00a0\u00a0 \u00a0* \u00c1prilis 24-\u00e9n, szombaton, Reutlingenben 16.30 \u00f3rakor\u00a0szentmise. * \u00c1prilis 25-\u00e9n, H\u00fasv\u00e9t 4. vas\u00e1rnapja, B\u00f6blingenben 9.30 \u00f3rakor szentmise. \u00a0* Minden helyen mindenkit szeretettel v\u00e1r a k\u00f6z\u00f6ss\u00e9g \u00e9s Tibor atya! * * Kegyelemteljes h\u00fasv\u00e9ti napokat, tartalmas besz\u00e9lget\u00e9seket \u00e9s \u00f6r\u00f6mteli tal\u00e1lkoz\u00e1sokat k\u00edv\u00e1nunk minden Kedves H\u00edv\u00fcnknek! * \u201eH\u0171s\u00e9g \u00e9s b\u00e1tors\u00e1g csak olyan emberek k\u00f6r\u00e9ben tany\u00e1zik, akik tiszta lelkiismerettel vannak egym\u00e1s ir\u00e1nt: akiknek mosoly\u00e1ba nincs k\u00e9s g\u00f6ngy\u00f6lve, szavaik pedig nem arra val\u00f3k, hogy a sz\u00e1nd\u00e9kaikat eltitkolj\u00e1k vel\u00fck.\u201d (S\u00fct\u0151 Andr\u00e1s, \u00edr\u00f3 1927 &#8211; 2006 ) (K\u00e9p forr\u00e1sa: Pixabay)","og_url":"https:\/\/stuttgarti-katolikusok.de\/index.php\/2021-aprilis-19-es-25-kozott\/","og_site_name":"Stuttgarti Katolikusok","article_published_time":"2021-04-19T21:12:13+00:00","article_modified_time":"2021-04-19T21:14:04+00:00","og_image":[{"width":1280,"height":924,"url":"https:\/\/stuttgarti-katolikusok.de\/wp-content\/uploads\/2021\/04\/jesus-1166170-1280.jpg","type":"image\/jpeg"}],"author":"Tibor atya","twitter_card":"summary_large_image","twitter_misc":{"Szerz\u0151:":"Tibor atya","Becs\u00fclt olvas\u00e1si id\u0151":"1 perc"},"schema":{"@context":"https:\/\/schema.org","@graph":[{"@type":"Article","@id":"https:\/\/stuttgarti-katolikusok.de\/index.php\/2021-aprilis-19-es-25-kozott\/#article","isPartOf":{"@id":"https:\/\/stuttgarti-katolikusok.de\/index.php\/2021-aprilis-19-es-25-kozott\/"},"author":{"name":"Tibor atya","@id":"https:\/\/stuttgarti-katolikusok.de\/#\/schema\/person\/75908d6f8fdc03a57889d27209df7795"},"headline":"2021. \u00e1prilis 19 \u00e9s 25 k\u00f6z\u00f6tt","datePublished":"2021-04-19T21:12:13+00:00","dateModified":"2021-04-19T21:14:04+00:00","mainEntityOfPage":{"@id":"https:\/\/stuttgarti-katolikusok.de\/index.php\/2021-aprilis-19-es-25-kozott\/"},"wordCount":188,"image":{"@id":"https:\/\/stuttgarti-katolikusok.de\/index.php\/2021-aprilis-19-es-25-kozott\/#primaryimage"},"thumbnailUrl":"https:\/\/stuttgarti-katolikusok.de\/wp-content\/uploads\/2021\/04\/jesus-1166170-1280.jpg","articleSection":["Progamel\u0151zetes"],"inLanguage":"hu"},{"@type":"WebPage","@id":"https:\/\/stuttgarti-katolikusok.de\/index.php\/2021-aprilis-19-es-25-kozott\/","url":"https:\/\/stuttgarti-katolikusok.de\/index.php\/2021-aprilis-19-es-25-kozott\/","name":"2021. \u00e1prilis 19 \u00e9s 25 k\u00f6z\u00f6tt - Stuttgarti Katolikusok","isPartOf":{"@id":"https:\/\/stuttgarti-katolikusok.de\/#website"},"primaryImageOfPage":{"@id":"https:\/\/stuttgarti-katolikusok.de\/index.php\/2021-aprilis-19-es-25-kozott\/#primaryimage"},"image":{"@id":"https:\/\/stuttgarti-katolikusok.de\/index.php\/2021-aprilis-19-es-25-kozott\/#primaryimage"},"thumbnailUrl":"https:\/\/stuttgarti-katolikusok.de\/wp-content\/uploads\/2021\/04\/jesus-1166170-1280.jpg","datePublished":"2021-04-19T21:12:13+00:00","dateModified":"2021-04-19T21:14:04+00:00","author":{"@id":"https:\/\/stuttgarti-katolikusok.de\/#\/schema\/person\/75908d6f8fdc03a57889d27209df7795"},"breadcrumb":{"@id":"https:\/\/stuttgarti-katolikusok.de\/index.php\/2021-aprilis-19-es-25-kozott\/#breadcrumb"},"inLanguage":"hu","potentialAction":[{"@type":"ReadAction","target":["https:\/\/stuttgarti-katolikusok.de\/index.php\/2021-aprilis-19-es-25-kozott\/"]}]},{"@type":"ImageObject","inLanguage":"hu","@id":"https:\/\/stuttgarti-katolikusok.de\/index.php\/2021-aprilis-19-es-25-kozott\/#primaryimage","url":"https:\/\/stuttgarti-katolikusok.de\/wp-content\/uploads\/2021\/04\/jesus-1166170-1280.jpg","contentUrl":"https:\/\/stuttgarti-katolikusok.de\/wp-content\/uploads\/2021\/04\/jesus-1166170-1280.jpg","width":1280,"height":924},{"@type":"BreadcrumbList","@id":"https:\/\/stuttgarti-katolikusok.de\/index.php\/2021-aprilis-19-es-25-kozott\/#breadcrumb","itemListElement":[{"@type":"ListItem","position":1,"name":"Kezd\u0151lap","item":"https:\/\/stuttgarti-katolikusok.de\/"},{"@type":"ListItem","position":2,"name":"2021. \u00e1prilis 19 \u00e9s 25 k\u00f6z\u00f6tt"}]},{"@type":"WebSite","@id":"https:\/\/stuttgarti-katolikusok.de\/#website","url":"https:\/\/stuttgarti-katolikusok.de\/","name":"Stuttgarti Katolikusok","description":"","potentialAction":[{"@type":"SearchAction","target":{"@type":"EntryPoint","urlTemplate":"https:\/\/stuttgarti-katolikusok.de\/?s={search_term_string}"},"query-input":{"@type":"PropertyValueSpecification","valueRequired":true,"valueName":"search_term_string"}}],"inLanguage":"hu"},{"@type":"Person","@id":"https:\/\/stuttgarti-katolikusok.de\/#\/schema\/person\/75908d6f8fdc03a57889d27209df7795","name":"Tibor atya","image":{"@type":"ImageObject","inLanguage":"hu","@id":"https:\/\/secure.gravatar.com\/avatar\/61d268e57d1f4525b111222e29d2d5a7f8c420fdbf231ba5566a8ceac74fa960?s=96&d=mm&r=g","url":"https:\/\/secure.gravatar.com\/avatar\/61d268e57d1f4525b111222e29d2d5a7f8c420fdbf231ba5566a8ceac74fa960?s=96&d=mm&r=g","contentUrl":"https:\/\/secure.gravatar.com\/avatar\/61d268e57d1f4525b111222e29d2d5a7f8c420fdbf231ba5566a8ceac74fa960?s=96&d=mm&r=g","caption":"Tibor atya"},"url":"https:\/\/stuttgarti-katolikusok.de\/index.php\/author\/tibor-atya\/"}]}},"_links":{"self":[{"href":"https:\/\/stuttgarti-katolikusok.de\/index.php\/wp-json\/wp\/v2\/posts\/21718","targetHints":{"allow":["GET"]}}],"collection":[{"href":"https:\/\/stuttgarti-katolikusok.de\/index.php\/wp-json\/wp\/v2\/posts"}],"about":[{"href":"https:\/\/stuttgarti-katolikusok.de\/index.php\/wp-json\/wp\/v2\/types\/post"}],"author":[{"embeddable":true,"href":"https:\/\/stuttgarti-katolikusok.de\/index.php\/wp-json\/wp\/v2\/users\/3"}],"replies":[{"embeddable":true,"href":"https:\/\/stuttgarti-katolikusok.de\/index.php\/wp-json\/wp\/v2\/comments?post=21718"}],"version-history":[{"count":2,"href":"https:\/\/stuttgarti-katolikusok.de\/index.php\/wp-json\/wp\/v2\/posts\/21718\/revisions"}],"predecessor-version":[{"id":21722,"href":"https:\/\/stuttgarti-katolikusok.de\/index.php\/wp-json\/wp\/v2\/posts\/21718\/revisions\/21722"}],"wp:featuredmedia":[{"embeddable":true,"href":"https:\/\/stuttgarti-katolikusok.de\/index.php\/wp-json\/wp\/v2\/media\/21720"}],"wp:attachment":[{"href":"https:\/\/stuttgarti-katolikusok.de\/index.php\/wp-json\/wp\/v2\/media?parent=21718"}],"wp:term":[{"taxonomy":"category","embeddable":true,"href":"https:\/\/stuttgarti-katolikusok.de\/index.php\/wp-json\/wp\/v2\/categories?post=21718"},{"taxonomy":"post_tag","embeddable":true,"href":"https:\/\/stuttgarti-katolikusok.de\/index.php\/wp-json\/wp\/v2\/tags?post=21718"}],"curies":[{"name":"wp","href":"https:\/\/api.w.org\/{rel}","templated":true}]}}