{"id":21647,"date":"2021-04-08T17:19:50","date_gmt":"2021-04-08T17:19:50","guid":{"rendered":"https:\/\/gracious-dewdney.138-201-221-2.plesk.page\/?p=21647"},"modified":"2021-04-08T17:21:49","modified_gmt":"2021-04-08T17:21:49","slug":"szurke-baratunk","status":"publish","type":"post","link":"https:\/\/stuttgarti-katolikusok.de\/index.php\/szurke-baratunk\/","title":{"rendered":"Sz\u00fcrke bar\u00e1tunk"},"content":{"rendered":"<p><span style=\"color: #ff9900;\"><em>Fogadj\u00e1tok szeretettel Hal\u00e1szy Erzs\u00e9bet \u00edr\u00e1s\u00e1t:<\/em><\/span><\/p>\n<p>El\u0151re bocs\u00e1jtom, hogy a c\u00edm nem a Balaton melletti csod\u00e1latos ned\u0171re, a \u201cBadacsonyi sz\u00fcrkebar\u00e1tra\u201d utal, \u2013 b\u00e1r az sem megvetend\u0151 \u2013 \u00e9s eln\u00e9z\u00e9st k\u00e9rek el\u0151re minden olvas\u00f3t\u00f3l, ami\u00e9rt p\u00e1rhuzamot h\u00fazok \u00e9s hasonlatot \u00e9rzek egy \u2013 sz\u00e1momra \u00e9rthetetlen m\u00f3don \u2013 megvetett, len\u00e9zett \u00e1llathoz, a k\u00f6z\u00f6ns\u00e9ges sz\u00fcrke szam\u00e1rhoz. Tal\u00e1n egyesek sz\u00e1m\u00e1ra emeli a szam\u00e1r \u00e9rt\u00e9k\u00e9t, hogy a Szent\u00edr\u00e1sban is megeml\u00edtik \u00e9s hogy az irodalomban, t\u00f6bbek k\u00f6z\u00f6tt a spanyol Nobel d\u00edjas \u00edr\u00f3, Juan Ramon Jim\u00e9nez is m\u00e9lt\u00f3nak tal\u00e1lta, hogy csod\u00e1latos m\u0171v\u00e9ben, a \u201ePlatero meg \u00e9n\u201c c\u00edm\u0171 \u00edr\u00e1s\u00e1ban, meg\u00f6r\u00f6k\u00edtse ez\u00fcst sz\u00edn\u0171 csacsij\u00e1t.<\/p>\n<p>Akik ismernek, tudj\u00e1k, hogy \u00e1llatbar\u00e1t vagyok. \u00c9letemet k\u00fcl\u00f6nb\u00f6z\u0151 j\u00f3sz\u00e1gok \u2013 kutya, macska, papag\u00e1j, tekn\u0151sb\u00e9ka, galamb, nyuszi \u2013 kis\u00e9rt\u00e9k, gazdag\u00edtott\u00e1k, tark\u00edtott\u00e1k. Isten k\u00fcl\u00f6n\u00f6s aj\u00e1nd\u00e9k\u00e1nak tekintem \u0151ket, olyan teremtm\u00e9nyeknek, akik sose b\u00e1ntanak meg \u00e9s csak egyszer okoznak igaz szomor\u00fas\u00e1got, amikor \u00f6r\u00f6kre elt\u00e1voznak t\u0151l\u00fcnk.<\/p>\n<p>Sajnos \u00e9letk\u00f6r\u00fclm\u00e9nyem sose engedte, hogy szamarat tartsak, de manaps\u00e1g is, ha vid\u00e9ken nagyritk\u00e1n j\u00f3l tartott szamarat, vagy m\u00e9g ritk\u00e1bban szam\u00e1rszekeret h\u00faz\u00f3 kanc\u00e1t l\u00e1tok, mellette ugr\u00e1ndozva fut\u00f3 bolyhos csik\u00f3j\u00e1val, kiny\u00edlik a sz\u00edvem.<\/p>\n<p>A J\u00f3isten r\u00e1nk b\u00edzta gy\u00f6ny\u00f6r\u0171 bolyg\u00f3nkat, hogy haszn\u00e1ljuk, s nem arra, hogy kihaszn\u00e1ljuk.<\/p>\n<p>A szam\u00e1r m\u00e9lab\u00fasan csillog\u00f3, s\u00f6t\u00e9t szeme, szel\u00edden lehajtott feje, az \u00e1llatvil\u00e1ggal szemben t\u00f6rt\u00e9n\u0151 s\u00falyos vissza\u00e9l\u00e9seket jelk\u00e9pezik sz\u00e1momra.<\/p>\n<p>Mindenki \u00e9let\u00e9ben van olyan f\u00e1zis, amikor megbillen az egyens\u00faly, t\u00fals\u00falyt kapnak a terhek. Munk\u00e1nk, megoldhatatlannak l\u00e1tsz\u00f3 feladatok a fej\u00fcnkre n\u0151nek, agg\u00f3dunk valaki\u00e9rt, betegs\u00e9g vagy anyagi gondok nehezednek r\u00e1nk. N\u00e9ha elkeseredve gondoljuk \u201evajon mi t\u00f6rt\u00e9nhet m\u00e9g? \u201c Ilyen helyzet sz\u00e1mtalan szam\u00e1r sors\u00e1ra eml\u00e9keztet. D\u00e9li, keleti, afrikai orsz\u00e1gokban nap mint nap viszi par\u00e1nyi l\u00e1b\u00e1n terh\u00e9t, a k\u00f6v\u00e9r turist\u00e1kat, vis\u00edt\u00f3 gyerekeket\u2026 Sokszor terhe meghaladja tests\u00faly\u00e1t \u2026 \u00e9s m\u00e9g raknak r\u00e1 \u2026 ha meg\u00e1ll vagy megbotlik, \u00fctlegelik\u2026 Majd, ha kiszolg\u00e1lt, meg\u00f6regszik, beteg vagy s\u00e9r\u00fclt, nemegyszer kicsapj\u00e1k \u00e9s ott pusztul el k\u00ednok k\u00f6z\u00f6tt \u00e9tlen-szomjan a t\u0171z\u0151 napon.<\/p>\n<p>Nek\u00fcnk \u2013 a j\u00f3sz\u00e1ggal ellent\u00e9tben \u2013 rem\u00e9nytelen, kil\u00e1t\u00e1stalan helyzetben van kihez fordulnunk bizalommal, foh\u00e1szkodnunk seg\u00edts\u00e9g\u00e9rt, v\u00edgasz\u00e9rt. Hit\u00fcnkb\u0151l mindig er\u0151t mer\u00edthet\u00fcnk. Ez a t\u00e9ny mindig \u00fajra h\u00e1l\u00e1val t\u00f6lt el.<\/p>\n<p>Ez\u00e9rt legy\u00fcnk h\u00e1l\u00e1sak \u00e9s k\u00f6vess\u00fck a szam\u00e1r p\u00e9ld\u00e1j\u00e1t.<\/p>\n<p>Ahogy lehelet\u00e9vel meleg\u00edtette a kisded J\u00e9zust, \u00fagy meleg\u00edts\u00fck mi is j\u00f3 cselekedeteinkkel.<\/p>\n<p>Ahogy h\u00e1t\u00e1n menek\u00edtette Egyiptomba a Szent Csal\u00e1dot, \u00fagy \u201emenek\u00edts\u00fck\u201c, v\u00e9dj\u00fck mi is vall\u00e1sunkat, \u0151rizz\u00fck \u00e9rt\u00e9keinket.<\/p>\n<p>Ahogy h\u00e1t\u00e1n vitte J\u00e9zust Jeruzs\u00e1lembe val\u00f3 dics\u0151s\u00e9ges bevonul\u00e1sakor, \u00fagy vegy\u00fcnk mi is r\u00e9szt Isten dics\u0151\u00edt\u00e9s\u00e9ben!<\/p>\n<p>\u00c9s ha a j\u00f6v\u0151ben valaki \u201ev\u00e9n, buta vagy cs\u00f6k\u00f6ny\u00f6s szam\u00e1rnak\u201d titul\u00e1lna, csak a jelz\u0151k\u00f6n s\u00e9rt\u0151dj\u00fcnk meg \u2013 a \u201eszam\u00e1r\u201c-t minden hi\u00fas\u00e1g n\u00e9lk\u00fcl fogadjuk el \u00e9s gondoljunk arra, hogy a legenda szerint, Krisztus Urunk eml\u00e9k\u00fcl mind a mai napig l\u00e1that\u00f3, fekete keresztet rajzolt sz\u00fcrke bar\u00e1tunk h\u00e1t\u00e1ra.<\/p>\n<p>Stuttgart, 2021. m\u00e1rcius 26.<\/p>\n<p><span style=\"color: #ff9900;\"><em>A nyit\u00f3 k\u00e9p: gy\u00f6m\u00f6rei bronz szamarak<\/em><\/span><\/p>\n<p><span style=\"color: #ff9900;\"><em>Hal\u00e1szy Jen\u0151n\u00e9 sz\u00fcl. Csath\u00f3 Ella (Tibor nagymam\u00e1ja) tulajdon\u00e1b\u00f3l<\/em><\/span><\/p>\n","protected":false},"excerpt":{"rendered":"<p>Fogadj\u00e1tok szeretettel Hal\u00e1szy Erzs\u00e9bet \u00edr\u00e1s\u00e1t: El\u0151re bocs\u00e1jtom, hogy a c\u00edm nem a Balaton melletti csod\u00e1latos ned\u0171re, a \u201cBadacsonyi sz\u00fcrkebar\u00e1tra\u201d utal, \u2013 b\u00e1r az sem megvetend\u0151 \u2013 \u00e9s eln\u00e9z\u00e9st k\u00e9rek el\u0151re minden olvas\u00f3t\u00f3l, ami\u00e9rt p\u00e1rhuzamot h\u00fazok \u00e9s hasonlatot \u00e9rzek egy \u2013 sz\u00e1momra \u00e9rthetetlen m\u00f3don \u2013 megvetett, len\u00e9zett \u00e1llathoz, a k\u00f6z\u00f6ns\u00e9ges sz\u00fcrke szam\u00e1rhoz. Tal\u00e1n egyesek sz\u00e1m\u00e1ra emeli a szam\u00e1r \u00e9rt\u00e9k\u00e9t, hogy a Szent\u00edr\u00e1sban is megeml\u00edtik \u00e9s hogy az irodalomban, t\u00f6bbek k\u00f6z\u00f6tt a spanyol Nobel d\u00edjas \u00edr\u00f3, Juan Ramon Jim\u00e9nez is m\u00e9lt\u00f3nak tal\u00e1lta, hogy csod\u00e1latos m\u0171v\u00e9ben, a \u201ePlatero meg \u00e9n\u201c c\u00edm\u0171 \u00edr\u00e1s\u00e1ban, meg\u00f6r\u00f6k\u00edtse ez\u00fcst sz\u00edn\u0171 csacsij\u00e1t. Akik ismernek, tudj\u00e1k, hogy \u00e1llatbar\u00e1t vagyok. \u00c9letemet k\u00fcl\u00f6nb\u00f6z\u0151 j\u00f3sz\u00e1gok \u2013 kutya, macska, papag\u00e1j, tekn\u0151sb\u00e9ka, galamb, nyuszi \u2013 kis\u00e9rt\u00e9k, gazdag\u00edtott\u00e1k, tark\u00edtott\u00e1k. Isten k\u00fcl\u00f6n\u00f6s aj\u00e1nd\u00e9k\u00e1nak tekintem \u0151ket, olyan teremtm\u00e9nyeknek, akik sose b\u00e1ntanak meg \u00e9s csak egyszer okoznak igaz szomor\u00fas\u00e1got, amikor \u00f6r\u00f6kre elt\u00e1voznak t\u0151l\u00fcnk. Sajnos \u00e9letk\u00f6r\u00fclm\u00e9nyem sose engedte, hogy szamarat tartsak, de manaps\u00e1g is, ha vid\u00e9ken nagyritk\u00e1n j\u00f3l tartott szamarat, vagy m\u00e9g ritk\u00e1bban szam\u00e1rszekeret h\u00faz\u00f3 kanc\u00e1t l\u00e1tok, mellette ugr\u00e1ndozva fut\u00f3 bolyhos csik\u00f3j\u00e1val, kiny\u00edlik a sz\u00edvem. A J\u00f3isten r\u00e1nk b\u00edzta gy\u00f6ny\u00f6r\u0171 bolyg\u00f3nkat, hogy haszn\u00e1ljuk, s nem arra, hogy kihaszn\u00e1ljuk. A szam\u00e1r m\u00e9lab\u00fasan csillog\u00f3, s\u00f6t\u00e9t szeme, szel\u00edden lehajtott feje, az \u00e1llatvil\u00e1ggal szemben t\u00f6rt\u00e9n\u0151 s\u00falyos vissza\u00e9l\u00e9seket jelk\u00e9pezik sz\u00e1momra. Mindenki \u00e9let\u00e9ben van olyan f\u00e1zis, amikor megbillen az egyens\u00faly, t\u00fals\u00falyt kapnak a terhek. Munk\u00e1nk, megoldhatatlannak l\u00e1tsz\u00f3 feladatok a fej\u00fcnkre n\u0151nek, agg\u00f3dunk valaki\u00e9rt, betegs\u00e9g vagy anyagi gondok nehezednek r\u00e1nk. N\u00e9ha elkeseredve gondoljuk \u201evajon mi t\u00f6rt\u00e9nhet m\u00e9g? \u201c Ilyen helyzet sz\u00e1mtalan szam\u00e1r sors\u00e1ra eml\u00e9keztet. D\u00e9li, keleti, afrikai orsz\u00e1gokban nap mint nap viszi par\u00e1nyi l\u00e1b\u00e1n terh\u00e9t, a k\u00f6v\u00e9r turist\u00e1kat, vis\u00edt\u00f3 gyerekeket\u2026 Sokszor terhe meghaladja tests\u00faly\u00e1t \u2026 \u00e9s m\u00e9g raknak r\u00e1 \u2026 ha meg\u00e1ll vagy megbotlik, \u00fctlegelik\u2026 Majd, ha kiszolg\u00e1lt, meg\u00f6regszik, beteg vagy s\u00e9r\u00fclt, nemegyszer kicsapj\u00e1k \u00e9s ott pusztul el k\u00ednok k\u00f6z\u00f6tt \u00e9tlen-szomjan a t\u0171z\u0151 napon. Nek\u00fcnk \u2013 a j\u00f3sz\u00e1ggal ellent\u00e9tben \u2013 rem\u00e9nytelen, kil\u00e1t\u00e1stalan helyzetben van kihez fordulnunk bizalommal,&#8230; <\/p>\n<p><a class=\"readmore\" href=\"https:\/\/stuttgarti-katolikusok.de\/index.php\/szurke-baratunk\/\">R\u00e9szletek<\/a><\/p>\n","protected":false},"author":3,"featured_media":21648,"comment_status":"closed","ping_status":"closed","sticky":false,"template":"","format":"standard","meta":{"footnotes":""},"categories":[28],"tags":[],"class_list":["post-21647","post","type-post","status-publish","format-standard","has-post-thumbnail","hentry","category-olvasoink-irjak"],"yoast_head":"<!-- This site is optimized with the Yoast SEO plugin v27.3 - https:\/\/yoast.com\/product\/yoast-seo-wordpress\/ -->\n<title>Sz\u00fcrke bar\u00e1tunk - Stuttgarti Katolikusok<\/title>\n<meta name=\"robots\" content=\"index, follow, max-snippet:-1, max-image-preview:large, max-video-preview:-1\" \/>\n<link rel=\"canonical\" href=\"https:\/\/stuttgarti-katolikusok.de\/index.php\/szurke-baratunk\/\" \/>\n<meta property=\"og:locale\" content=\"hu_HU\" \/>\n<meta property=\"og:type\" content=\"article\" \/>\n<meta property=\"og:title\" content=\"Sz\u00fcrke bar\u00e1tunk - Stuttgarti Katolikusok\" \/>\n<meta property=\"og:description\" content=\"Fogadj\u00e1tok szeretettel Hal\u00e1szy Erzs\u00e9bet \u00edr\u00e1s\u00e1t: El\u0151re bocs\u00e1jtom, hogy a c\u00edm nem a Balaton melletti csod\u00e1latos ned\u0171re, a \u201cBadacsonyi sz\u00fcrkebar\u00e1tra\u201d utal, \u2013 b\u00e1r az sem megvetend\u0151 \u2013 \u00e9s eln\u00e9z\u00e9st k\u00e9rek el\u0151re minden olvas\u00f3t\u00f3l, ami\u00e9rt p\u00e1rhuzamot h\u00fazok \u00e9s hasonlatot \u00e9rzek egy \u2013 sz\u00e1momra \u00e9rthetetlen m\u00f3don \u2013 megvetett, len\u00e9zett \u00e1llathoz, a k\u00f6z\u00f6ns\u00e9ges sz\u00fcrke szam\u00e1rhoz. Tal\u00e1n egyesek sz\u00e1m\u00e1ra emeli a szam\u00e1r \u00e9rt\u00e9k\u00e9t, hogy a Szent\u00edr\u00e1sban is megeml\u00edtik \u00e9s hogy az irodalomban, t\u00f6bbek k\u00f6z\u00f6tt a spanyol Nobel d\u00edjas \u00edr\u00f3, Juan Ramon Jim\u00e9nez is m\u00e9lt\u00f3nak tal\u00e1lta, hogy csod\u00e1latos m\u0171v\u00e9ben, a \u201ePlatero meg \u00e9n\u201c c\u00edm\u0171 \u00edr\u00e1s\u00e1ban, meg\u00f6r\u00f6k\u00edtse ez\u00fcst sz\u00edn\u0171 csacsij\u00e1t. Akik ismernek, tudj\u00e1k, hogy \u00e1llatbar\u00e1t vagyok. \u00c9letemet k\u00fcl\u00f6nb\u00f6z\u0151 j\u00f3sz\u00e1gok \u2013 kutya, macska, papag\u00e1j, tekn\u0151sb\u00e9ka, galamb, nyuszi \u2013 kis\u00e9rt\u00e9k, gazdag\u00edtott\u00e1k, tark\u00edtott\u00e1k. Isten k\u00fcl\u00f6n\u00f6s aj\u00e1nd\u00e9k\u00e1nak tekintem \u0151ket, olyan teremtm\u00e9nyeknek, akik sose b\u00e1ntanak meg \u00e9s csak egyszer okoznak igaz szomor\u00fas\u00e1got, amikor \u00f6r\u00f6kre elt\u00e1voznak t\u0151l\u00fcnk. Sajnos \u00e9letk\u00f6r\u00fclm\u00e9nyem sose engedte, hogy szamarat tartsak, de manaps\u00e1g is, ha vid\u00e9ken nagyritk\u00e1n j\u00f3l tartott szamarat, vagy m\u00e9g ritk\u00e1bban szam\u00e1rszekeret h\u00faz\u00f3 kanc\u00e1t l\u00e1tok, mellette ugr\u00e1ndozva fut\u00f3 bolyhos csik\u00f3j\u00e1val, kiny\u00edlik a sz\u00edvem. A J\u00f3isten r\u00e1nk b\u00edzta gy\u00f6ny\u00f6r\u0171 bolyg\u00f3nkat, hogy haszn\u00e1ljuk, s nem arra, hogy kihaszn\u00e1ljuk. A szam\u00e1r m\u00e9lab\u00fasan csillog\u00f3, s\u00f6t\u00e9t szeme, szel\u00edden lehajtott feje, az \u00e1llatvil\u00e1ggal szemben t\u00f6rt\u00e9n\u0151 s\u00falyos vissza\u00e9l\u00e9seket jelk\u00e9pezik sz\u00e1momra. Mindenki \u00e9let\u00e9ben van olyan f\u00e1zis, amikor megbillen az egyens\u00faly, t\u00fals\u00falyt kapnak a terhek. Munk\u00e1nk, megoldhatatlannak l\u00e1tsz\u00f3 feladatok a fej\u00fcnkre n\u0151nek, agg\u00f3dunk valaki\u00e9rt, betegs\u00e9g vagy anyagi gondok nehezednek r\u00e1nk. N\u00e9ha elkeseredve gondoljuk \u201evajon mi t\u00f6rt\u00e9nhet m\u00e9g? \u201c Ilyen helyzet sz\u00e1mtalan szam\u00e1r sors\u00e1ra eml\u00e9keztet. D\u00e9li, keleti, afrikai orsz\u00e1gokban nap mint nap viszi par\u00e1nyi l\u00e1b\u00e1n terh\u00e9t, a k\u00f6v\u00e9r turist\u00e1kat, vis\u00edt\u00f3 gyerekeket\u2026 Sokszor terhe meghaladja tests\u00faly\u00e1t \u2026 \u00e9s m\u00e9g raknak r\u00e1 \u2026 ha meg\u00e1ll vagy megbotlik, \u00fctlegelik\u2026 Majd, ha kiszolg\u00e1lt, meg\u00f6regszik, beteg vagy s\u00e9r\u00fclt, nemegyszer kicsapj\u00e1k \u00e9s ott pusztul el k\u00ednok k\u00f6z\u00f6tt \u00e9tlen-szomjan a t\u0171z\u0151 napon. Nek\u00fcnk \u2013 a j\u00f3sz\u00e1ggal ellent\u00e9tben \u2013 rem\u00e9nytelen, kil\u00e1t\u00e1stalan helyzetben van kihez fordulnunk bizalommal,... R\u00e9szletek\" \/>\n<meta property=\"og:url\" content=\"https:\/\/stuttgarti-katolikusok.de\/index.php\/szurke-baratunk\/\" \/>\n<meta property=\"og:site_name\" content=\"Stuttgarti Katolikusok\" \/>\n<meta property=\"article:published_time\" content=\"2021-04-08T17:19:50+00:00\" \/>\n<meta property=\"article:modified_time\" content=\"2021-04-08T17:21:49+00:00\" \/>\n<meta property=\"og:image\" content=\"https:\/\/stuttgarti-katolikusok.de\/wp-content\/uploads\/2021\/04\/csacsi.jpg\" \/>\n\t<meta property=\"og:image:width\" content=\"768\" \/>\n\t<meta property=\"og:image:height\" content=\"1024\" \/>\n\t<meta property=\"og:image:type\" content=\"image\/jpeg\" \/>\n<meta name=\"author\" content=\"Tibor atya\" \/>\n<meta name=\"twitter:card\" content=\"summary_large_image\" \/>\n<meta name=\"twitter:label1\" content=\"Szerz\u0151:\" \/>\n\t<meta name=\"twitter:data1\" content=\"Tibor atya\" \/>\n\t<meta name=\"twitter:label2\" content=\"Becs\u00fclt olvas\u00e1si id\u0151\" \/>\n\t<meta name=\"twitter:data2\" content=\"3 perc\" \/>\n<script type=\"application\/ld+json\" class=\"yoast-schema-graph\">{\"@context\":\"https:\\\/\\\/schema.org\",\"@graph\":[{\"@type\":\"Article\",\"@id\":\"https:\\\/\\\/stuttgarti-katolikusok.de\\\/index.php\\\/szurke-baratunk\\\/#article\",\"isPartOf\":{\"@id\":\"https:\\\/\\\/stuttgarti-katolikusok.de\\\/index.php\\\/szurke-baratunk\\\/\"},\"author\":{\"name\":\"Tibor atya\",\"@id\":\"https:\\\/\\\/stuttgarti-katolikusok.de\\\/#\\\/schema\\\/person\\\/75908d6f8fdc03a57889d27209df7795\"},\"headline\":\"Sz\u00fcrke bar\u00e1tunk\",\"datePublished\":\"2021-04-08T17:19:50+00:00\",\"dateModified\":\"2021-04-08T17:21:49+00:00\",\"mainEntityOfPage\":{\"@id\":\"https:\\\/\\\/stuttgarti-katolikusok.de\\\/index.php\\\/szurke-baratunk\\\/\"},\"wordCount\":687,\"image\":{\"@id\":\"https:\\\/\\\/stuttgarti-katolikusok.de\\\/index.php\\\/szurke-baratunk\\\/#primaryimage\"},\"thumbnailUrl\":\"https:\\\/\\\/stuttgarti-katolikusok.de\\\/wp-content\\\/uploads\\\/2021\\\/04\\\/csacsi.jpg\",\"articleSection\":[\"Olvas\u00f3ink \u00edrj\u00e1k\"],\"inLanguage\":\"hu\"},{\"@type\":\"WebPage\",\"@id\":\"https:\\\/\\\/stuttgarti-katolikusok.de\\\/index.php\\\/szurke-baratunk\\\/\",\"url\":\"https:\\\/\\\/stuttgarti-katolikusok.de\\\/index.php\\\/szurke-baratunk\\\/\",\"name\":\"Sz\u00fcrke bar\u00e1tunk - Stuttgarti Katolikusok\",\"isPartOf\":{\"@id\":\"https:\\\/\\\/stuttgarti-katolikusok.de\\\/#website\"},\"primaryImageOfPage\":{\"@id\":\"https:\\\/\\\/stuttgarti-katolikusok.de\\\/index.php\\\/szurke-baratunk\\\/#primaryimage\"},\"image\":{\"@id\":\"https:\\\/\\\/stuttgarti-katolikusok.de\\\/index.php\\\/szurke-baratunk\\\/#primaryimage\"},\"thumbnailUrl\":\"https:\\\/\\\/stuttgarti-katolikusok.de\\\/wp-content\\\/uploads\\\/2021\\\/04\\\/csacsi.jpg\",\"datePublished\":\"2021-04-08T17:19:50+00:00\",\"dateModified\":\"2021-04-08T17:21:49+00:00\",\"author\":{\"@id\":\"https:\\\/\\\/stuttgarti-katolikusok.de\\\/#\\\/schema\\\/person\\\/75908d6f8fdc03a57889d27209df7795\"},\"breadcrumb\":{\"@id\":\"https:\\\/\\\/stuttgarti-katolikusok.de\\\/index.php\\\/szurke-baratunk\\\/#breadcrumb\"},\"inLanguage\":\"hu\",\"potentialAction\":[{\"@type\":\"ReadAction\",\"target\":[\"https:\\\/\\\/stuttgarti-katolikusok.de\\\/index.php\\\/szurke-baratunk\\\/\"]}]},{\"@type\":\"ImageObject\",\"inLanguage\":\"hu\",\"@id\":\"https:\\\/\\\/stuttgarti-katolikusok.de\\\/index.php\\\/szurke-baratunk\\\/#primaryimage\",\"url\":\"https:\\\/\\\/stuttgarti-katolikusok.de\\\/wp-content\\\/uploads\\\/2021\\\/04\\\/csacsi.jpg\",\"contentUrl\":\"https:\\\/\\\/stuttgarti-katolikusok.de\\\/wp-content\\\/uploads\\\/2021\\\/04\\\/csacsi.jpg\",\"width\":768,\"height\":1024},{\"@type\":\"BreadcrumbList\",\"@id\":\"https:\\\/\\\/stuttgarti-katolikusok.de\\\/index.php\\\/szurke-baratunk\\\/#breadcrumb\",\"itemListElement\":[{\"@type\":\"ListItem\",\"position\":1,\"name\":\"Kezd\u0151lap\",\"item\":\"https:\\\/\\\/stuttgarti-katolikusok.de\\\/\"},{\"@type\":\"ListItem\",\"position\":2,\"name\":\"Sz\u00fcrke bar\u00e1tunk\"}]},{\"@type\":\"WebSite\",\"@id\":\"https:\\\/\\\/stuttgarti-katolikusok.de\\\/#website\",\"url\":\"https:\\\/\\\/stuttgarti-katolikusok.de\\\/\",\"name\":\"Stuttgarti Katolikusok\",\"description\":\"\",\"potentialAction\":[{\"@type\":\"SearchAction\",\"target\":{\"@type\":\"EntryPoint\",\"urlTemplate\":\"https:\\\/\\\/stuttgarti-katolikusok.de\\\/?s={search_term_string}\"},\"query-input\":{\"@type\":\"PropertyValueSpecification\",\"valueRequired\":true,\"valueName\":\"search_term_string\"}}],\"inLanguage\":\"hu\"},{\"@type\":\"Person\",\"@id\":\"https:\\\/\\\/stuttgarti-katolikusok.de\\\/#\\\/schema\\\/person\\\/75908d6f8fdc03a57889d27209df7795\",\"name\":\"Tibor atya\",\"image\":{\"@type\":\"ImageObject\",\"inLanguage\":\"hu\",\"@id\":\"https:\\\/\\\/secure.gravatar.com\\\/avatar\\\/61d268e57d1f4525b111222e29d2d5a7f8c420fdbf231ba5566a8ceac74fa960?s=96&d=mm&r=g\",\"url\":\"https:\\\/\\\/secure.gravatar.com\\\/avatar\\\/61d268e57d1f4525b111222e29d2d5a7f8c420fdbf231ba5566a8ceac74fa960?s=96&d=mm&r=g\",\"contentUrl\":\"https:\\\/\\\/secure.gravatar.com\\\/avatar\\\/61d268e57d1f4525b111222e29d2d5a7f8c420fdbf231ba5566a8ceac74fa960?s=96&d=mm&r=g\",\"caption\":\"Tibor atya\"},\"url\":\"https:\\\/\\\/stuttgarti-katolikusok.de\\\/index.php\\\/author\\\/tibor-atya\\\/\"}]}<\/script>\n<!-- \/ Yoast SEO plugin. -->","yoast_head_json":{"title":"Sz\u00fcrke bar\u00e1tunk - Stuttgarti Katolikusok","robots":{"index":"index","follow":"follow","max-snippet":"max-snippet:-1","max-image-preview":"max-image-preview:large","max-video-preview":"max-video-preview:-1"},"canonical":"https:\/\/stuttgarti-katolikusok.de\/index.php\/szurke-baratunk\/","og_locale":"hu_HU","og_type":"article","og_title":"Sz\u00fcrke bar\u00e1tunk - Stuttgarti Katolikusok","og_description":"Fogadj\u00e1tok szeretettel Hal\u00e1szy Erzs\u00e9bet \u00edr\u00e1s\u00e1t: El\u0151re bocs\u00e1jtom, hogy a c\u00edm nem a Balaton melletti csod\u00e1latos ned\u0171re, a \u201cBadacsonyi sz\u00fcrkebar\u00e1tra\u201d utal, \u2013 b\u00e1r az sem megvetend\u0151 \u2013 \u00e9s eln\u00e9z\u00e9st k\u00e9rek el\u0151re minden olvas\u00f3t\u00f3l, ami\u00e9rt p\u00e1rhuzamot h\u00fazok \u00e9s hasonlatot \u00e9rzek egy \u2013 sz\u00e1momra \u00e9rthetetlen m\u00f3don \u2013 megvetett, len\u00e9zett \u00e1llathoz, a k\u00f6z\u00f6ns\u00e9ges sz\u00fcrke szam\u00e1rhoz. Tal\u00e1n egyesek sz\u00e1m\u00e1ra emeli a szam\u00e1r \u00e9rt\u00e9k\u00e9t, hogy a Szent\u00edr\u00e1sban is megeml\u00edtik \u00e9s hogy az irodalomban, t\u00f6bbek k\u00f6z\u00f6tt a spanyol Nobel d\u00edjas \u00edr\u00f3, Juan Ramon Jim\u00e9nez is m\u00e9lt\u00f3nak tal\u00e1lta, hogy csod\u00e1latos m\u0171v\u00e9ben, a \u201ePlatero meg \u00e9n\u201c c\u00edm\u0171 \u00edr\u00e1s\u00e1ban, meg\u00f6r\u00f6k\u00edtse ez\u00fcst sz\u00edn\u0171 csacsij\u00e1t. Akik ismernek, tudj\u00e1k, hogy \u00e1llatbar\u00e1t vagyok. \u00c9letemet k\u00fcl\u00f6nb\u00f6z\u0151 j\u00f3sz\u00e1gok \u2013 kutya, macska, papag\u00e1j, tekn\u0151sb\u00e9ka, galamb, nyuszi \u2013 kis\u00e9rt\u00e9k, gazdag\u00edtott\u00e1k, tark\u00edtott\u00e1k. Isten k\u00fcl\u00f6n\u00f6s aj\u00e1nd\u00e9k\u00e1nak tekintem \u0151ket, olyan teremtm\u00e9nyeknek, akik sose b\u00e1ntanak meg \u00e9s csak egyszer okoznak igaz szomor\u00fas\u00e1got, amikor \u00f6r\u00f6kre elt\u00e1voznak t\u0151l\u00fcnk. Sajnos \u00e9letk\u00f6r\u00fclm\u00e9nyem sose engedte, hogy szamarat tartsak, de manaps\u00e1g is, ha vid\u00e9ken nagyritk\u00e1n j\u00f3l tartott szamarat, vagy m\u00e9g ritk\u00e1bban szam\u00e1rszekeret h\u00faz\u00f3 kanc\u00e1t l\u00e1tok, mellette ugr\u00e1ndozva fut\u00f3 bolyhos csik\u00f3j\u00e1val, kiny\u00edlik a sz\u00edvem. A J\u00f3isten r\u00e1nk b\u00edzta gy\u00f6ny\u00f6r\u0171 bolyg\u00f3nkat, hogy haszn\u00e1ljuk, s nem arra, hogy kihaszn\u00e1ljuk. A szam\u00e1r m\u00e9lab\u00fasan csillog\u00f3, s\u00f6t\u00e9t szeme, szel\u00edden lehajtott feje, az \u00e1llatvil\u00e1ggal szemben t\u00f6rt\u00e9n\u0151 s\u00falyos vissza\u00e9l\u00e9seket jelk\u00e9pezik sz\u00e1momra. Mindenki \u00e9let\u00e9ben van olyan f\u00e1zis, amikor megbillen az egyens\u00faly, t\u00fals\u00falyt kapnak a terhek. Munk\u00e1nk, megoldhatatlannak l\u00e1tsz\u00f3 feladatok a fej\u00fcnkre n\u0151nek, agg\u00f3dunk valaki\u00e9rt, betegs\u00e9g vagy anyagi gondok nehezednek r\u00e1nk. N\u00e9ha elkeseredve gondoljuk \u201evajon mi t\u00f6rt\u00e9nhet m\u00e9g? \u201c Ilyen helyzet sz\u00e1mtalan szam\u00e1r sors\u00e1ra eml\u00e9keztet. D\u00e9li, keleti, afrikai orsz\u00e1gokban nap mint nap viszi par\u00e1nyi l\u00e1b\u00e1n terh\u00e9t, a k\u00f6v\u00e9r turist\u00e1kat, vis\u00edt\u00f3 gyerekeket\u2026 Sokszor terhe meghaladja tests\u00faly\u00e1t \u2026 \u00e9s m\u00e9g raknak r\u00e1 \u2026 ha meg\u00e1ll vagy megbotlik, \u00fctlegelik\u2026 Majd, ha kiszolg\u00e1lt, meg\u00f6regszik, beteg vagy s\u00e9r\u00fclt, nemegyszer kicsapj\u00e1k \u00e9s ott pusztul el k\u00ednok k\u00f6z\u00f6tt \u00e9tlen-szomjan a t\u0171z\u0151 napon. Nek\u00fcnk \u2013 a j\u00f3sz\u00e1ggal ellent\u00e9tben \u2013 rem\u00e9nytelen, kil\u00e1t\u00e1stalan helyzetben van kihez fordulnunk bizalommal,... R\u00e9szletek","og_url":"https:\/\/stuttgarti-katolikusok.de\/index.php\/szurke-baratunk\/","og_site_name":"Stuttgarti Katolikusok","article_published_time":"2021-04-08T17:19:50+00:00","article_modified_time":"2021-04-08T17:21:49+00:00","og_image":[{"width":768,"height":1024,"url":"https:\/\/stuttgarti-katolikusok.de\/wp-content\/uploads\/2021\/04\/csacsi.jpg","type":"image\/jpeg"}],"author":"Tibor atya","twitter_card":"summary_large_image","twitter_misc":{"Szerz\u0151:":"Tibor atya","Becs\u00fclt olvas\u00e1si id\u0151":"3 perc"},"schema":{"@context":"https:\/\/schema.org","@graph":[{"@type":"Article","@id":"https:\/\/stuttgarti-katolikusok.de\/index.php\/szurke-baratunk\/#article","isPartOf":{"@id":"https:\/\/stuttgarti-katolikusok.de\/index.php\/szurke-baratunk\/"},"author":{"name":"Tibor atya","@id":"https:\/\/stuttgarti-katolikusok.de\/#\/schema\/person\/75908d6f8fdc03a57889d27209df7795"},"headline":"Sz\u00fcrke bar\u00e1tunk","datePublished":"2021-04-08T17:19:50+00:00","dateModified":"2021-04-08T17:21:49+00:00","mainEntityOfPage":{"@id":"https:\/\/stuttgarti-katolikusok.de\/index.php\/szurke-baratunk\/"},"wordCount":687,"image":{"@id":"https:\/\/stuttgarti-katolikusok.de\/index.php\/szurke-baratunk\/#primaryimage"},"thumbnailUrl":"https:\/\/stuttgarti-katolikusok.de\/wp-content\/uploads\/2021\/04\/csacsi.jpg","articleSection":["Olvas\u00f3ink \u00edrj\u00e1k"],"inLanguage":"hu"},{"@type":"WebPage","@id":"https:\/\/stuttgarti-katolikusok.de\/index.php\/szurke-baratunk\/","url":"https:\/\/stuttgarti-katolikusok.de\/index.php\/szurke-baratunk\/","name":"Sz\u00fcrke bar\u00e1tunk - Stuttgarti Katolikusok","isPartOf":{"@id":"https:\/\/stuttgarti-katolikusok.de\/#website"},"primaryImageOfPage":{"@id":"https:\/\/stuttgarti-katolikusok.de\/index.php\/szurke-baratunk\/#primaryimage"},"image":{"@id":"https:\/\/stuttgarti-katolikusok.de\/index.php\/szurke-baratunk\/#primaryimage"},"thumbnailUrl":"https:\/\/stuttgarti-katolikusok.de\/wp-content\/uploads\/2021\/04\/csacsi.jpg","datePublished":"2021-04-08T17:19:50+00:00","dateModified":"2021-04-08T17:21:49+00:00","author":{"@id":"https:\/\/stuttgarti-katolikusok.de\/#\/schema\/person\/75908d6f8fdc03a57889d27209df7795"},"breadcrumb":{"@id":"https:\/\/stuttgarti-katolikusok.de\/index.php\/szurke-baratunk\/#breadcrumb"},"inLanguage":"hu","potentialAction":[{"@type":"ReadAction","target":["https:\/\/stuttgarti-katolikusok.de\/index.php\/szurke-baratunk\/"]}]},{"@type":"ImageObject","inLanguage":"hu","@id":"https:\/\/stuttgarti-katolikusok.de\/index.php\/szurke-baratunk\/#primaryimage","url":"https:\/\/stuttgarti-katolikusok.de\/wp-content\/uploads\/2021\/04\/csacsi.jpg","contentUrl":"https:\/\/stuttgarti-katolikusok.de\/wp-content\/uploads\/2021\/04\/csacsi.jpg","width":768,"height":1024},{"@type":"BreadcrumbList","@id":"https:\/\/stuttgarti-katolikusok.de\/index.php\/szurke-baratunk\/#breadcrumb","itemListElement":[{"@type":"ListItem","position":1,"name":"Kezd\u0151lap","item":"https:\/\/stuttgarti-katolikusok.de\/"},{"@type":"ListItem","position":2,"name":"Sz\u00fcrke bar\u00e1tunk"}]},{"@type":"WebSite","@id":"https:\/\/stuttgarti-katolikusok.de\/#website","url":"https:\/\/stuttgarti-katolikusok.de\/","name":"Stuttgarti Katolikusok","description":"","potentialAction":[{"@type":"SearchAction","target":{"@type":"EntryPoint","urlTemplate":"https:\/\/stuttgarti-katolikusok.de\/?s={search_term_string}"},"query-input":{"@type":"PropertyValueSpecification","valueRequired":true,"valueName":"search_term_string"}}],"inLanguage":"hu"},{"@type":"Person","@id":"https:\/\/stuttgarti-katolikusok.de\/#\/schema\/person\/75908d6f8fdc03a57889d27209df7795","name":"Tibor atya","image":{"@type":"ImageObject","inLanguage":"hu","@id":"https:\/\/secure.gravatar.com\/avatar\/61d268e57d1f4525b111222e29d2d5a7f8c420fdbf231ba5566a8ceac74fa960?s=96&d=mm&r=g","url":"https:\/\/secure.gravatar.com\/avatar\/61d268e57d1f4525b111222e29d2d5a7f8c420fdbf231ba5566a8ceac74fa960?s=96&d=mm&r=g","contentUrl":"https:\/\/secure.gravatar.com\/avatar\/61d268e57d1f4525b111222e29d2d5a7f8c420fdbf231ba5566a8ceac74fa960?s=96&d=mm&r=g","caption":"Tibor atya"},"url":"https:\/\/stuttgarti-katolikusok.de\/index.php\/author\/tibor-atya\/"}]}},"_links":{"self":[{"href":"https:\/\/stuttgarti-katolikusok.de\/index.php\/wp-json\/wp\/v2\/posts\/21647","targetHints":{"allow":["GET"]}}],"collection":[{"href":"https:\/\/stuttgarti-katolikusok.de\/index.php\/wp-json\/wp\/v2\/posts"}],"about":[{"href":"https:\/\/stuttgarti-katolikusok.de\/index.php\/wp-json\/wp\/v2\/types\/post"}],"author":[{"embeddable":true,"href":"https:\/\/stuttgarti-katolikusok.de\/index.php\/wp-json\/wp\/v2\/users\/3"}],"replies":[{"embeddable":true,"href":"https:\/\/stuttgarti-katolikusok.de\/index.php\/wp-json\/wp\/v2\/comments?post=21647"}],"version-history":[{"count":3,"href":"https:\/\/stuttgarti-katolikusok.de\/index.php\/wp-json\/wp\/v2\/posts\/21647\/revisions"}],"predecessor-version":[{"id":21660,"href":"https:\/\/stuttgarti-katolikusok.de\/index.php\/wp-json\/wp\/v2\/posts\/21647\/revisions\/21660"}],"wp:featuredmedia":[{"embeddable":true,"href":"https:\/\/stuttgarti-katolikusok.de\/index.php\/wp-json\/wp\/v2\/media\/21648"}],"wp:attachment":[{"href":"https:\/\/stuttgarti-katolikusok.de\/index.php\/wp-json\/wp\/v2\/media?parent=21647"}],"wp:term":[{"taxonomy":"category","embeddable":true,"href":"https:\/\/stuttgarti-katolikusok.de\/index.php\/wp-json\/wp\/v2\/categories?post=21647"},{"taxonomy":"post_tag","embeddable":true,"href":"https:\/\/stuttgarti-katolikusok.de\/index.php\/wp-json\/wp\/v2\/tags?post=21647"}],"curies":[{"name":"wp","href":"https:\/\/api.w.org\/{rel}","templated":true}]}}