{"id":21512,"date":"2021-03-29T22:03:12","date_gmt":"2021-03-29T22:03:12","guid":{"rendered":"https:\/\/gracious-dewdney.138-201-221-2.plesk.page\/?p=21512"},"modified":"2021-03-29T23:33:58","modified_gmt":"2021-03-29T23:33:58","slug":"2021-marcius-29-es-aprilis-5-kozott","status":"publish","type":"post","link":"https:\/\/stuttgarti-katolikusok.de\/index.php\/2021-marcius-29-es-aprilis-5-kozott\/","title":{"rendered":"2021 m\u00e1rcius 29 \u00e9s \u00e1prilis 5 k\u00f6z\u00f6tt"},"content":{"rendered":"<p><span style=\"color: #800080;\"><strong>Programel\u0151zetes<\/strong><\/span><\/p>\n<p><span style=\"color: #800080;\"><em>A jelenlegi egyh\u00e1zi rendelkez\u00e9sek \u00e9rtelm\u00e9ben csak a szentmise \u00a0\u00a0tarthat\u00f3 meg. <\/em><\/span><\/p>\n<p><span style=\"color: #800080;\"><em>Szentmis\u00e9n k\u00f6telez\u0151 a maszk haszn\u00e1lata, jelenl\u00e9ti lista n\u00e9vvel \u00e9s el\u00e9rhet\u0151s\u00e9ggel, kezek fert\u0151tlen\u00edt\u00e9se!<\/em><\/span><\/p>\n<p style=\"text-align: center;\"><em>\u00a0<\/em><strong>*<\/strong><\/p>\n<p><em><strong>M\u00e1rcius 31-\u00e9n<\/strong><\/em><em>, szerda, <\/em><span style=\"color: #800080;\"><em><strong>Weingarteni d\u00e9lut\u00e1n<\/strong><\/em><\/span><em>, a <\/em><em>14 Nothelfer Kapelle<\/em><em>-ben 17.30 \u00f3rakor <\/em><em>kereszt\u00fati \u00e1jtatoss\u00e1g, <\/em><em>ezt k\u00f6vet\u0151en <\/em><em>szentmise.<\/em><\/p>\n<p style=\"text-align: center;\"><em>\u00a0<\/em><strong>*<\/strong><\/p>\n<p><a href=\"https:\/\/stuttgarti-katolikusok.de\/wp-content\/uploads\/2021\/03\/last-supper-780993-1280.jpg\"><img loading=\"lazy\" decoding=\"async\" class=\"alignnone size-full wp-image-21514\" src=\"https:\/\/stuttgarti-katolikusok.de\/wp-content\/uploads\/2021\/03\/last-supper-780993-1280.jpg\" alt=\"\" width=\"1280\" height=\"856\" srcset=\"https:\/\/stuttgarti-katolikusok.de\/wp-content\/uploads\/2021\/03\/last-supper-780993-1280.jpg 1280w, https:\/\/stuttgarti-katolikusok.de\/wp-content\/uploads\/2021\/03\/last-supper-780993-1280-300x201.jpg 300w, https:\/\/stuttgarti-katolikusok.de\/wp-content\/uploads\/2021\/03\/last-supper-780993-1280-1024x685.jpg 1024w, https:\/\/stuttgarti-katolikusok.de\/wp-content\/uploads\/2021\/03\/last-supper-780993-1280-420x280.jpg 420w, https:\/\/stuttgarti-katolikusok.de\/wp-content\/uploads\/2021\/03\/last-supper-780993-1280-690x460.jpg 690w\" sizes=\"auto, (max-width: 1280px) 100vw, 1280px\" \/><\/a><\/p>\n<p><em><strong>\u00c1prilis 1-j\u00e9n<\/strong><\/em><em>,<\/em> <span style=\"color: #800080;\"><em><strong>Nagycs\u00fct\u00f6rt\u00f6k<\/strong><\/em><\/span><em><strong>.<\/strong><\/em> <em><strong>Stuttgartban<\/strong><\/em><em> 19.00 \u00f3rakor <\/em><em>szentmise<\/em><em> az Utols\u00f3 Vacsora eml\u00e9k\u00e9re.<\/em><\/p>\n<p style=\"text-align: center;\"><em>\u00a0<\/em><strong>*<\/strong><\/p>\n<p><em> <a href=\"https:\/\/stuttgarti-katolikusok.de\/wp-content\/uploads\/2021\/03\/good-friday-3278188-1280.jpg\"><img loading=\"lazy\" decoding=\"async\" class=\"alignnone size-full wp-image-21515\" src=\"https:\/\/stuttgarti-katolikusok.de\/wp-content\/uploads\/2021\/03\/good-friday-3278188-1280.jpg\" alt=\"\" width=\"1280\" height=\"850\" srcset=\"https:\/\/stuttgarti-katolikusok.de\/wp-content\/uploads\/2021\/03\/good-friday-3278188-1280.jpg 1280w, https:\/\/stuttgarti-katolikusok.de\/wp-content\/uploads\/2021\/03\/good-friday-3278188-1280-300x199.jpg 300w, https:\/\/stuttgarti-katolikusok.de\/wp-content\/uploads\/2021\/03\/good-friday-3278188-1280-1024x680.jpg 1024w, https:\/\/stuttgarti-katolikusok.de\/wp-content\/uploads\/2021\/03\/good-friday-3278188-1280-420x280.jpg 420w\" sizes=\"auto, (max-width: 1280px) 100vw, 1280px\" \/><\/a><\/em><\/p>\n<p><em><strong>\u00c1prilis 2-\u00e1n,<\/strong><\/em> <span style=\"color: #ff0000;\"><em><strong>Nagyp\u00e9ntek<\/strong><\/em><\/span><em><strong>. <\/strong><\/em><em><strong>Stuttgartban<\/strong><\/em><em>18.00 \u00f3rakor <\/em><em>Urunk szenved\u00e9s\u00e9nek \u00fcnnepl\u00e9se.<\/em><\/p>\n<p style=\"text-align: center;\"><em>\u00a0<\/em><em><strong>*<\/strong><\/em><\/p>\n<p><a href=\"https:\/\/stuttgarti-katolikusok.de\/wp-content\/uploads\/2021\/03\/jesus-4779543-1280.jpg\"><img loading=\"lazy\" decoding=\"async\" class=\"alignnone size-full wp-image-21516\" src=\"https:\/\/stuttgarti-katolikusok.de\/wp-content\/uploads\/2021\/03\/jesus-4779543-1280.jpg\" alt=\"\" width=\"1280\" height=\"723\" srcset=\"https:\/\/stuttgarti-katolikusok.de\/wp-content\/uploads\/2021\/03\/jesus-4779543-1280.jpg 1280w, https:\/\/stuttgarti-katolikusok.de\/wp-content\/uploads\/2021\/03\/jesus-4779543-1280-300x169.jpg 300w, https:\/\/stuttgarti-katolikusok.de\/wp-content\/uploads\/2021\/03\/jesus-4779543-1280-1024x578.jpg 1024w, https:\/\/stuttgarti-katolikusok.de\/wp-content\/uploads\/2021\/03\/jesus-4779543-1280-518x294.jpg 518w\" sizes=\"auto, (max-width: 1280px) 100vw, 1280px\" \/><\/a><\/p>\n<p><em><strong>\u00c1prilis 3-\u00e1n<\/strong><\/em><em>, <\/em><span style=\"color: #ff9900;\"><em><strong>Nagyszombat<\/strong><\/em><\/span><em><strong>.<\/strong><\/em><em> <strong>Stuttgartban <\/strong>20.00 \u00f3rakor <\/em><span style=\"color: #ff9900;\"><em>H\u00fasv\u00e9ti vig\u00edlia<\/em><em>, <\/em><em>felt\u00e1mad\u00e1si szertart\u00e1s<\/em><em>, ut\u00e1na <\/em><em>\u00e9telszentel\u00e9s<\/em><em>.<\/em><em>\u00a0<\/em><\/span><\/p>\n<p><em><a href=\"https:\/\/stuttgarti-katolikusok.de\/wp-content\/uploads\/2021\/03\/easter-6063668-1280.jpg\"><img loading=\"lazy\" decoding=\"async\" class=\"alignnone size-full wp-image-21522\" src=\"https:\/\/stuttgarti-katolikusok.de\/wp-content\/uploads\/2021\/03\/easter-6063668-1280.jpg\" alt=\"\" width=\"1280\" height=\"853\" srcset=\"https:\/\/stuttgarti-katolikusok.de\/wp-content\/uploads\/2021\/03\/easter-6063668-1280.jpg 1280w, https:\/\/stuttgarti-katolikusok.de\/wp-content\/uploads\/2021\/03\/easter-6063668-1280-300x200.jpg 300w, https:\/\/stuttgarti-katolikusok.de\/wp-content\/uploads\/2021\/03\/easter-6063668-1280-1024x682.jpg 1024w, https:\/\/stuttgarti-katolikusok.de\/wp-content\/uploads\/2021\/03\/easter-6063668-1280-420x280.jpg 420w, https:\/\/stuttgarti-katolikusok.de\/wp-content\/uploads\/2021\/03\/easter-6063668-1280-690x460.jpg 690w\" sizes=\"auto, (max-width: 1280px) 100vw, 1280px\" \/><\/a> <\/em><\/p>\n<p><em><strong>\u00c1prilis 4-\u00e9n<\/strong><\/em><em><strong>,<\/strong><\/em> <em><strong><span style=\"color: #ff9900;\">H\u00fasv\u00e9tvas\u00e1rnap<\/span>, <span style=\"color: #ff9900;\">Urunk felt\u00e1mad\u00e1sa<\/span>,<\/strong><\/em><\/p>\n<p><em><strong>Schw\u00e4bisch-Gm\u00fcndben<\/strong><\/em> <em>9.30 \u00f3rakor<\/em><em> \u00fcnnepi szentmise, <\/em><em>ut\u00e1na <\/em><em>\u00e9telszentel\u00e9s,<\/em><\/p>\n<p><em><strong>Stuttgarttban<\/strong><\/em> <em>12.00 \u00f3rakor <\/em><em>\u00fcnnepi szentmise,<\/em><em> ut\u00e1na <\/em><em>\u00e9telszentel\u00e9s,<\/em><\/p>\n<p><em><strong>Ulmban<\/strong><\/em> <em>12.30 \u00f3rakor <\/em><em>\u00fcnnepi szentmise,<\/em><em> ut\u00e1na <\/em><em>\u00e9telszentel\u00e9s,<\/em><\/p>\n<p><em><strong>Heilbronnban<\/strong><\/em> <em>15.30 \u00f3rakor <\/em><em>\u00fcnnepi szentmise,<\/em><em> ut\u00e1na <\/em><em>\u00e9telszentel\u00e9s,<\/em><\/p>\n<p><em><strong>Weingartenben<\/strong><\/em> <em>16.00 \u00f3rakor a <\/em><em>Marienkirche-ben \u00fcnnepi szentmise,<\/em><em> ut\u00e1na <\/em><em>\u00e9telszentel\u00e9s.<\/em><\/p>\n<p style=\"text-align: center;\"><em>\u00a0<\/em><em><strong>*<\/strong><\/em><\/p>\n<p><a href=\"https:\/\/stuttgarti-katolikusok.de\/wp-content\/uploads\/2021\/03\/husvethetfo.jpg\"><img loading=\"lazy\" decoding=\"async\" class=\"alignnone size-full wp-image-21517\" src=\"https:\/\/stuttgarti-katolikusok.de\/wp-content\/uploads\/2021\/03\/husvethetfo.jpg\" alt=\"\" width=\"1280\" height=\"960\" srcset=\"https:\/\/stuttgarti-katolikusok.de\/wp-content\/uploads\/2021\/03\/husvethetfo.jpg 1280w, https:\/\/stuttgarti-katolikusok.de\/wp-content\/uploads\/2021\/03\/husvethetfo-300x225.jpg 300w, https:\/\/stuttgarti-katolikusok.de\/wp-content\/uploads\/2021\/03\/husvethetfo-1024x768.jpg 1024w, https:\/\/stuttgarti-katolikusok.de\/wp-content\/uploads\/2021\/03\/husvethetfo-164x124.jpg 164w\" sizes=\"auto, (max-width: 1280px) 100vw, 1280px\" \/><\/a><\/p>\n<p><em><strong>\u00c1prilis 5-\u00e9n, <\/strong><\/em><em><strong><span style=\"color: #ff9900;\">H\u00fasv\u00e9th\u00e9tf\u0151<\/span>,<\/strong><\/em><\/p>\n<p><em><strong>Stuttgartban <\/strong><\/em><em>9.30 \u00f3rakor <\/em><em>szentmise,<\/em><\/p>\n<p><em><strong>Balingenben <\/strong><\/em><em>16.00 \u00f3rakor <\/em><em>szentmise.<\/em><\/p>\n<p style=\"text-align: center;\"><em>\u00a0*<\/em><\/p>\n<p>Minden helyen mindenkit szeretettel v\u00e1r a k\u00f6z\u00f6ss\u00e9g \u00e9s Tibor atya!<\/p>\n<p style=\"text-align: center;\"><strong>*<\/strong><\/p>\n<p><a href=\"https:\/\/stuttgarti-katolikusok.de\/wp-content\/uploads\/2021\/03\/triduum-paschale.jpg\"><img loading=\"lazy\" decoding=\"async\" class=\"alignnone size-full wp-image-21519\" src=\"https:\/\/stuttgarti-katolikusok.de\/wp-content\/uploads\/2021\/03\/triduum-paschale.jpg\" alt=\"\" width=\"1280\" height=\"761\" srcset=\"https:\/\/stuttgarti-katolikusok.de\/wp-content\/uploads\/2021\/03\/triduum-paschale.jpg 1280w, https:\/\/stuttgarti-katolikusok.de\/wp-content\/uploads\/2021\/03\/triduum-paschale-300x178.jpg 300w, https:\/\/stuttgarti-katolikusok.de\/wp-content\/uploads\/2021\/03\/triduum-paschale-1024x609.jpg 1024w\" sizes=\"auto, (max-width: 1280px) 100vw, 1280px\" \/><\/a><\/p>\n<p style=\"text-align: center;\"><span style=\"color: #ff9900;\"><em><strong>*<\/strong><\/em><\/span><\/p>\n<p><span style=\"color: #ff9900;\"><em><strong>Kegyelemteljes H\u00fasv\u00e9tot k\u00edv\u00e1nunk minden Kedves H\u00edv\u00fcnknek!<\/strong><\/em><\/span><\/p>\n<p style=\"text-align: center;\"><span style=\"color: #ff9900;\"><strong>*<\/strong><\/span><\/p>\n<p><em><strong>\u201eA H\u00fasv\u00e9t a legnagyobb m\u00e9lys\u00e9geket \u00e9s legnagyobb magass\u00e1gokat meg\u00e9l\u0151 \u00fcnnep\u00fcnk.\u201d<\/strong><\/em><em> (J\u00f3kai Anna \u2013 k\u00f6lt\u0151n\u0151 \u2013 1932-2017)<\/em><\/p>\n<p>(K\u00e9pek forr\u00e1sa: Pixabay.com)<\/p>\n","protected":false},"excerpt":{"rendered":"<p>Programel\u0151zetes A jelenlegi egyh\u00e1zi rendelkez\u00e9sek \u00e9rtelm\u00e9ben csak a szentmise \u00a0\u00a0tarthat\u00f3 meg. Szentmis\u00e9n k\u00f6telez\u0151 a maszk haszn\u00e1lata, jelenl\u00e9ti lista n\u00e9vvel \u00e9s el\u00e9rhet\u0151s\u00e9ggel, kezek fert\u0151tlen\u00edt\u00e9se! \u00a0* M\u00e1rcius 31-\u00e9n, szerda, Weingarteni d\u00e9lut\u00e1n, a 14 Nothelfer Kapelle-ben 17.30 \u00f3rakor kereszt\u00fati \u00e1jtatoss\u00e1g, ezt k\u00f6vet\u0151en szentmise. \u00a0* \u00c1prilis 1-j\u00e9n, Nagycs\u00fct\u00f6rt\u00f6k. Stuttgartban 19.00 \u00f3rakor szentmise az Utols\u00f3 Vacsora eml\u00e9k\u00e9re. \u00a0* \u00c1prilis 2-\u00e1n, Nagyp\u00e9ntek. Stuttgartban18.00 \u00f3rakor Urunk szenved\u00e9s\u00e9nek \u00fcnnepl\u00e9se. \u00a0* \u00c1prilis 3-\u00e1n, Nagyszombat. Stuttgartban 20.00 \u00f3rakor H\u00fasv\u00e9ti vig\u00edlia, felt\u00e1mad\u00e1si szertart\u00e1s, ut\u00e1na \u00e9telszentel\u00e9s.\u00a0 \u00c1prilis 4-\u00e9n, H\u00fasv\u00e9tvas\u00e1rnap, Urunk felt\u00e1mad\u00e1sa, Schw\u00e4bisch-Gm\u00fcndben 9.30 \u00f3rakor \u00fcnnepi szentmise, ut\u00e1na \u00e9telszentel\u00e9s, Stuttgarttban 12.00 \u00f3rakor \u00fcnnepi szentmise, ut\u00e1na \u00e9telszentel\u00e9s, Ulmban 12.30 \u00f3rakor \u00fcnnepi szentmise, ut\u00e1na \u00e9telszentel\u00e9s, Heilbronnban 15.30 \u00f3rakor \u00fcnnepi szentmise, ut\u00e1na \u00e9telszentel\u00e9s, Weingartenben 16.00 \u00f3rakor a Marienkirche-ben \u00fcnnepi szentmise, ut\u00e1na \u00e9telszentel\u00e9s. \u00a0* \u00c1prilis 5-\u00e9n, H\u00fasv\u00e9th\u00e9tf\u0151, Stuttgartban 9.30 \u00f3rakor szentmise, Balingenben 16.00 \u00f3rakor szentmise. \u00a0* Minden helyen mindenkit szeretettel v\u00e1r a k\u00f6z\u00f6ss\u00e9g \u00e9s Tibor atya! * * Kegyelemteljes H\u00fasv\u00e9tot k\u00edv\u00e1nunk minden Kedves H\u00edv\u00fcnknek! * \u201eA H\u00fasv\u00e9t a legnagyobb m\u00e9lys\u00e9geket \u00e9s legnagyobb magass\u00e1gokat meg\u00e9l\u0151 \u00fcnnep\u00fcnk.\u201d (J\u00f3kai Anna \u2013 k\u00f6lt\u0151n\u0151 \u2013 1932-2017) (K\u00e9pek forr\u00e1sa: Pixabay.com)<\/p>\n","protected":false},"author":3,"featured_media":21513,"comment_status":"closed","ping_status":"closed","sticky":false,"template":"","format":"standard","meta":{"footnotes":""},"categories":[37],"tags":[],"class_list":["post-21512","post","type-post","status-publish","format-standard","has-post-thumbnail","hentry","category-progamelozetes"],"yoast_head":"<!-- This site is optimized with the Yoast SEO plugin v27.3 - https:\/\/yoast.com\/product\/yoast-seo-wordpress\/ -->\n<title>2021 m\u00e1rcius 29 \u00e9s \u00e1prilis 5 k\u00f6z\u00f6tt - Stuttgarti Katolikusok<\/title>\n<meta name=\"robots\" content=\"index, follow, max-snippet:-1, max-image-preview:large, max-video-preview:-1\" \/>\n<link rel=\"canonical\" href=\"https:\/\/stuttgarti-katolikusok.de\/index.php\/2021-marcius-29-es-aprilis-5-kozott\/\" \/>\n<meta property=\"og:locale\" content=\"hu_HU\" \/>\n<meta property=\"og:type\" content=\"article\" \/>\n<meta property=\"og:title\" content=\"2021 m\u00e1rcius 29 \u00e9s \u00e1prilis 5 k\u00f6z\u00f6tt - Stuttgarti Katolikusok\" \/>\n<meta property=\"og:description\" content=\"Programel\u0151zetes A jelenlegi egyh\u00e1zi rendelkez\u00e9sek \u00e9rtelm\u00e9ben csak a szentmise \u00a0\u00a0tarthat\u00f3 meg. Szentmis\u00e9n k\u00f6telez\u0151 a maszk haszn\u00e1lata, jelenl\u00e9ti lista n\u00e9vvel \u00e9s el\u00e9rhet\u0151s\u00e9ggel, kezek fert\u0151tlen\u00edt\u00e9se! \u00a0* M\u00e1rcius 31-\u00e9n, szerda, Weingarteni d\u00e9lut\u00e1n, a 14 Nothelfer Kapelle-ben 17.30 \u00f3rakor kereszt\u00fati \u00e1jtatoss\u00e1g, ezt k\u00f6vet\u0151en szentmise. \u00a0* \u00c1prilis 1-j\u00e9n, Nagycs\u00fct\u00f6rt\u00f6k. Stuttgartban 19.00 \u00f3rakor szentmise az Utols\u00f3 Vacsora eml\u00e9k\u00e9re. \u00a0* \u00c1prilis 2-\u00e1n, Nagyp\u00e9ntek. Stuttgartban18.00 \u00f3rakor Urunk szenved\u00e9s\u00e9nek \u00fcnnepl\u00e9se. \u00a0* \u00c1prilis 3-\u00e1n, Nagyszombat. Stuttgartban 20.00 \u00f3rakor H\u00fasv\u00e9ti vig\u00edlia, felt\u00e1mad\u00e1si szertart\u00e1s, ut\u00e1na \u00e9telszentel\u00e9s.\u00a0 \u00c1prilis 4-\u00e9n, H\u00fasv\u00e9tvas\u00e1rnap, Urunk felt\u00e1mad\u00e1sa, Schw\u00e4bisch-Gm\u00fcndben 9.30 \u00f3rakor \u00fcnnepi szentmise, ut\u00e1na \u00e9telszentel\u00e9s, Stuttgarttban 12.00 \u00f3rakor \u00fcnnepi szentmise, ut\u00e1na \u00e9telszentel\u00e9s, Ulmban 12.30 \u00f3rakor \u00fcnnepi szentmise, ut\u00e1na \u00e9telszentel\u00e9s, Heilbronnban 15.30 \u00f3rakor \u00fcnnepi szentmise, ut\u00e1na \u00e9telszentel\u00e9s, Weingartenben 16.00 \u00f3rakor a Marienkirche-ben \u00fcnnepi szentmise, ut\u00e1na \u00e9telszentel\u00e9s. \u00a0* \u00c1prilis 5-\u00e9n, H\u00fasv\u00e9th\u00e9tf\u0151, Stuttgartban 9.30 \u00f3rakor szentmise, Balingenben 16.00 \u00f3rakor szentmise. \u00a0* Minden helyen mindenkit szeretettel v\u00e1r a k\u00f6z\u00f6ss\u00e9g \u00e9s Tibor atya! * * Kegyelemteljes H\u00fasv\u00e9tot k\u00edv\u00e1nunk minden Kedves H\u00edv\u00fcnknek! * \u201eA H\u00fasv\u00e9t a legnagyobb m\u00e9lys\u00e9geket \u00e9s legnagyobb magass\u00e1gokat meg\u00e9l\u0151 \u00fcnnep\u00fcnk.\u201d (J\u00f3kai Anna \u2013 k\u00f6lt\u0151n\u0151 \u2013 1932-2017) (K\u00e9pek forr\u00e1sa: Pixabay.com)\" \/>\n<meta property=\"og:url\" content=\"https:\/\/stuttgarti-katolikusok.de\/index.php\/2021-marcius-29-es-aprilis-5-kozott\/\" \/>\n<meta property=\"og:site_name\" content=\"Stuttgarti Katolikusok\" \/>\n<meta property=\"article:published_time\" content=\"2021-03-29T22:03:12+00:00\" \/>\n<meta property=\"article:modified_time\" content=\"2021-03-29T23:33:58+00:00\" \/>\n<meta property=\"og:image\" content=\"https:\/\/stuttgarti-katolikusok.de\/wp-content\/uploads\/2021\/03\/jesus-6124304-1280.jpg\" \/>\n\t<meta property=\"og:image:width\" content=\"1280\" \/>\n\t<meta property=\"og:image:height\" content=\"720\" \/>\n\t<meta property=\"og:image:type\" content=\"image\/jpeg\" \/>\n<meta name=\"author\" content=\"Tibor atya\" \/>\n<meta name=\"twitter:card\" content=\"summary_large_image\" \/>\n<meta name=\"twitter:label1\" content=\"Szerz\u0151:\" \/>\n\t<meta name=\"twitter:data1\" content=\"Tibor atya\" \/>\n\t<meta name=\"twitter:label2\" content=\"Becs\u00fclt olvas\u00e1si id\u0151\" \/>\n\t<meta name=\"twitter:data2\" content=\"1 perc\" \/>\n<script type=\"application\/ld+json\" class=\"yoast-schema-graph\">{\"@context\":\"https:\\\/\\\/schema.org\",\"@graph\":[{\"@type\":\"Article\",\"@id\":\"https:\\\/\\\/stuttgarti-katolikusok.de\\\/index.php\\\/2021-marcius-29-es-aprilis-5-kozott\\\/#article\",\"isPartOf\":{\"@id\":\"https:\\\/\\\/stuttgarti-katolikusok.de\\\/index.php\\\/2021-marcius-29-es-aprilis-5-kozott\\\/\"},\"author\":{\"name\":\"Tibor atya\",\"@id\":\"https:\\\/\\\/stuttgarti-katolikusok.de\\\/#\\\/schema\\\/person\\\/75908d6f8fdc03a57889d27209df7795\"},\"headline\":\"2021 m\u00e1rcius 29 \u00e9s \u00e1prilis 5 k\u00f6z\u00f6tt\",\"datePublished\":\"2021-03-29T22:03:12+00:00\",\"dateModified\":\"2021-03-29T23:33:58+00:00\",\"mainEntityOfPage\":{\"@id\":\"https:\\\/\\\/stuttgarti-katolikusok.de\\\/index.php\\\/2021-marcius-29-es-aprilis-5-kozott\\\/\"},\"wordCount\":241,\"image\":{\"@id\":\"https:\\\/\\\/stuttgarti-katolikusok.de\\\/index.php\\\/2021-marcius-29-es-aprilis-5-kozott\\\/#primaryimage\"},\"thumbnailUrl\":\"https:\\\/\\\/stuttgarti-katolikusok.de\\\/wp-content\\\/uploads\\\/2021\\\/03\\\/jesus-6124304-1280.jpg\",\"articleSection\":[\"Progamel\u0151zetes\"],\"inLanguage\":\"hu\"},{\"@type\":\"WebPage\",\"@id\":\"https:\\\/\\\/stuttgarti-katolikusok.de\\\/index.php\\\/2021-marcius-29-es-aprilis-5-kozott\\\/\",\"url\":\"https:\\\/\\\/stuttgarti-katolikusok.de\\\/index.php\\\/2021-marcius-29-es-aprilis-5-kozott\\\/\",\"name\":\"2021 m\u00e1rcius 29 \u00e9s \u00e1prilis 5 k\u00f6z\u00f6tt - Stuttgarti Katolikusok\",\"isPartOf\":{\"@id\":\"https:\\\/\\\/stuttgarti-katolikusok.de\\\/#website\"},\"primaryImageOfPage\":{\"@id\":\"https:\\\/\\\/stuttgarti-katolikusok.de\\\/index.php\\\/2021-marcius-29-es-aprilis-5-kozott\\\/#primaryimage\"},\"image\":{\"@id\":\"https:\\\/\\\/stuttgarti-katolikusok.de\\\/index.php\\\/2021-marcius-29-es-aprilis-5-kozott\\\/#primaryimage\"},\"thumbnailUrl\":\"https:\\\/\\\/stuttgarti-katolikusok.de\\\/wp-content\\\/uploads\\\/2021\\\/03\\\/jesus-6124304-1280.jpg\",\"datePublished\":\"2021-03-29T22:03:12+00:00\",\"dateModified\":\"2021-03-29T23:33:58+00:00\",\"author\":{\"@id\":\"https:\\\/\\\/stuttgarti-katolikusok.de\\\/#\\\/schema\\\/person\\\/75908d6f8fdc03a57889d27209df7795\"},\"breadcrumb\":{\"@id\":\"https:\\\/\\\/stuttgarti-katolikusok.de\\\/index.php\\\/2021-marcius-29-es-aprilis-5-kozott\\\/#breadcrumb\"},\"inLanguage\":\"hu\",\"potentialAction\":[{\"@type\":\"ReadAction\",\"target\":[\"https:\\\/\\\/stuttgarti-katolikusok.de\\\/index.php\\\/2021-marcius-29-es-aprilis-5-kozott\\\/\"]}]},{\"@type\":\"ImageObject\",\"inLanguage\":\"hu\",\"@id\":\"https:\\\/\\\/stuttgarti-katolikusok.de\\\/index.php\\\/2021-marcius-29-es-aprilis-5-kozott\\\/#primaryimage\",\"url\":\"https:\\\/\\\/stuttgarti-katolikusok.de\\\/wp-content\\\/uploads\\\/2021\\\/03\\\/jesus-6124304-1280.jpg\",\"contentUrl\":\"https:\\\/\\\/stuttgarti-katolikusok.de\\\/wp-content\\\/uploads\\\/2021\\\/03\\\/jesus-6124304-1280.jpg\",\"width\":1280,\"height\":720},{\"@type\":\"BreadcrumbList\",\"@id\":\"https:\\\/\\\/stuttgarti-katolikusok.de\\\/index.php\\\/2021-marcius-29-es-aprilis-5-kozott\\\/#breadcrumb\",\"itemListElement\":[{\"@type\":\"ListItem\",\"position\":1,\"name\":\"Kezd\u0151lap\",\"item\":\"https:\\\/\\\/stuttgarti-katolikusok.de\\\/\"},{\"@type\":\"ListItem\",\"position\":2,\"name\":\"2021 m\u00e1rcius 29 \u00e9s \u00e1prilis 5 k\u00f6z\u00f6tt\"}]},{\"@type\":\"WebSite\",\"@id\":\"https:\\\/\\\/stuttgarti-katolikusok.de\\\/#website\",\"url\":\"https:\\\/\\\/stuttgarti-katolikusok.de\\\/\",\"name\":\"Stuttgarti Katolikusok\",\"description\":\"\",\"potentialAction\":[{\"@type\":\"SearchAction\",\"target\":{\"@type\":\"EntryPoint\",\"urlTemplate\":\"https:\\\/\\\/stuttgarti-katolikusok.de\\\/?s={search_term_string}\"},\"query-input\":{\"@type\":\"PropertyValueSpecification\",\"valueRequired\":true,\"valueName\":\"search_term_string\"}}],\"inLanguage\":\"hu\"},{\"@type\":\"Person\",\"@id\":\"https:\\\/\\\/stuttgarti-katolikusok.de\\\/#\\\/schema\\\/person\\\/75908d6f8fdc03a57889d27209df7795\",\"name\":\"Tibor atya\",\"image\":{\"@type\":\"ImageObject\",\"inLanguage\":\"hu\",\"@id\":\"https:\\\/\\\/secure.gravatar.com\\\/avatar\\\/61d268e57d1f4525b111222e29d2d5a7f8c420fdbf231ba5566a8ceac74fa960?s=96&d=mm&r=g\",\"url\":\"https:\\\/\\\/secure.gravatar.com\\\/avatar\\\/61d268e57d1f4525b111222e29d2d5a7f8c420fdbf231ba5566a8ceac74fa960?s=96&d=mm&r=g\",\"contentUrl\":\"https:\\\/\\\/secure.gravatar.com\\\/avatar\\\/61d268e57d1f4525b111222e29d2d5a7f8c420fdbf231ba5566a8ceac74fa960?s=96&d=mm&r=g\",\"caption\":\"Tibor atya\"},\"url\":\"https:\\\/\\\/stuttgarti-katolikusok.de\\\/index.php\\\/author\\\/tibor-atya\\\/\"}]}<\/script>\n<!-- \/ Yoast SEO plugin. -->","yoast_head_json":{"title":"2021 m\u00e1rcius 29 \u00e9s \u00e1prilis 5 k\u00f6z\u00f6tt - Stuttgarti Katolikusok","robots":{"index":"index","follow":"follow","max-snippet":"max-snippet:-1","max-image-preview":"max-image-preview:large","max-video-preview":"max-video-preview:-1"},"canonical":"https:\/\/stuttgarti-katolikusok.de\/index.php\/2021-marcius-29-es-aprilis-5-kozott\/","og_locale":"hu_HU","og_type":"article","og_title":"2021 m\u00e1rcius 29 \u00e9s \u00e1prilis 5 k\u00f6z\u00f6tt - Stuttgarti Katolikusok","og_description":"Programel\u0151zetes A jelenlegi egyh\u00e1zi rendelkez\u00e9sek \u00e9rtelm\u00e9ben csak a szentmise \u00a0\u00a0tarthat\u00f3 meg. Szentmis\u00e9n k\u00f6telez\u0151 a maszk haszn\u00e1lata, jelenl\u00e9ti lista n\u00e9vvel \u00e9s el\u00e9rhet\u0151s\u00e9ggel, kezek fert\u0151tlen\u00edt\u00e9se! \u00a0* M\u00e1rcius 31-\u00e9n, szerda, Weingarteni d\u00e9lut\u00e1n, a 14 Nothelfer Kapelle-ben 17.30 \u00f3rakor kereszt\u00fati \u00e1jtatoss\u00e1g, ezt k\u00f6vet\u0151en szentmise. \u00a0* \u00c1prilis 1-j\u00e9n, Nagycs\u00fct\u00f6rt\u00f6k. Stuttgartban 19.00 \u00f3rakor szentmise az Utols\u00f3 Vacsora eml\u00e9k\u00e9re. \u00a0* \u00c1prilis 2-\u00e1n, Nagyp\u00e9ntek. Stuttgartban18.00 \u00f3rakor Urunk szenved\u00e9s\u00e9nek \u00fcnnepl\u00e9se. \u00a0* \u00c1prilis 3-\u00e1n, Nagyszombat. Stuttgartban 20.00 \u00f3rakor H\u00fasv\u00e9ti vig\u00edlia, felt\u00e1mad\u00e1si szertart\u00e1s, ut\u00e1na \u00e9telszentel\u00e9s.\u00a0 \u00c1prilis 4-\u00e9n, H\u00fasv\u00e9tvas\u00e1rnap, Urunk felt\u00e1mad\u00e1sa, Schw\u00e4bisch-Gm\u00fcndben 9.30 \u00f3rakor \u00fcnnepi szentmise, ut\u00e1na \u00e9telszentel\u00e9s, Stuttgarttban 12.00 \u00f3rakor \u00fcnnepi szentmise, ut\u00e1na \u00e9telszentel\u00e9s, Ulmban 12.30 \u00f3rakor \u00fcnnepi szentmise, ut\u00e1na \u00e9telszentel\u00e9s, Heilbronnban 15.30 \u00f3rakor \u00fcnnepi szentmise, ut\u00e1na \u00e9telszentel\u00e9s, Weingartenben 16.00 \u00f3rakor a Marienkirche-ben \u00fcnnepi szentmise, ut\u00e1na \u00e9telszentel\u00e9s. \u00a0* \u00c1prilis 5-\u00e9n, H\u00fasv\u00e9th\u00e9tf\u0151, Stuttgartban 9.30 \u00f3rakor szentmise, Balingenben 16.00 \u00f3rakor szentmise. \u00a0* Minden helyen mindenkit szeretettel v\u00e1r a k\u00f6z\u00f6ss\u00e9g \u00e9s Tibor atya! * * Kegyelemteljes H\u00fasv\u00e9tot k\u00edv\u00e1nunk minden Kedves H\u00edv\u00fcnknek! * \u201eA H\u00fasv\u00e9t a legnagyobb m\u00e9lys\u00e9geket \u00e9s legnagyobb magass\u00e1gokat meg\u00e9l\u0151 \u00fcnnep\u00fcnk.\u201d (J\u00f3kai Anna \u2013 k\u00f6lt\u0151n\u0151 \u2013 1932-2017) (K\u00e9pek forr\u00e1sa: Pixabay.com)","og_url":"https:\/\/stuttgarti-katolikusok.de\/index.php\/2021-marcius-29-es-aprilis-5-kozott\/","og_site_name":"Stuttgarti Katolikusok","article_published_time":"2021-03-29T22:03:12+00:00","article_modified_time":"2021-03-29T23:33:58+00:00","og_image":[{"width":1280,"height":720,"url":"https:\/\/stuttgarti-katolikusok.de\/wp-content\/uploads\/2021\/03\/jesus-6124304-1280.jpg","type":"image\/jpeg"}],"author":"Tibor atya","twitter_card":"summary_large_image","twitter_misc":{"Szerz\u0151:":"Tibor atya","Becs\u00fclt olvas\u00e1si id\u0151":"1 perc"},"schema":{"@context":"https:\/\/schema.org","@graph":[{"@type":"Article","@id":"https:\/\/stuttgarti-katolikusok.de\/index.php\/2021-marcius-29-es-aprilis-5-kozott\/#article","isPartOf":{"@id":"https:\/\/stuttgarti-katolikusok.de\/index.php\/2021-marcius-29-es-aprilis-5-kozott\/"},"author":{"name":"Tibor atya","@id":"https:\/\/stuttgarti-katolikusok.de\/#\/schema\/person\/75908d6f8fdc03a57889d27209df7795"},"headline":"2021 m\u00e1rcius 29 \u00e9s \u00e1prilis 5 k\u00f6z\u00f6tt","datePublished":"2021-03-29T22:03:12+00:00","dateModified":"2021-03-29T23:33:58+00:00","mainEntityOfPage":{"@id":"https:\/\/stuttgarti-katolikusok.de\/index.php\/2021-marcius-29-es-aprilis-5-kozott\/"},"wordCount":241,"image":{"@id":"https:\/\/stuttgarti-katolikusok.de\/index.php\/2021-marcius-29-es-aprilis-5-kozott\/#primaryimage"},"thumbnailUrl":"https:\/\/stuttgarti-katolikusok.de\/wp-content\/uploads\/2021\/03\/jesus-6124304-1280.jpg","articleSection":["Progamel\u0151zetes"],"inLanguage":"hu"},{"@type":"WebPage","@id":"https:\/\/stuttgarti-katolikusok.de\/index.php\/2021-marcius-29-es-aprilis-5-kozott\/","url":"https:\/\/stuttgarti-katolikusok.de\/index.php\/2021-marcius-29-es-aprilis-5-kozott\/","name":"2021 m\u00e1rcius 29 \u00e9s \u00e1prilis 5 k\u00f6z\u00f6tt - Stuttgarti Katolikusok","isPartOf":{"@id":"https:\/\/stuttgarti-katolikusok.de\/#website"},"primaryImageOfPage":{"@id":"https:\/\/stuttgarti-katolikusok.de\/index.php\/2021-marcius-29-es-aprilis-5-kozott\/#primaryimage"},"image":{"@id":"https:\/\/stuttgarti-katolikusok.de\/index.php\/2021-marcius-29-es-aprilis-5-kozott\/#primaryimage"},"thumbnailUrl":"https:\/\/stuttgarti-katolikusok.de\/wp-content\/uploads\/2021\/03\/jesus-6124304-1280.jpg","datePublished":"2021-03-29T22:03:12+00:00","dateModified":"2021-03-29T23:33:58+00:00","author":{"@id":"https:\/\/stuttgarti-katolikusok.de\/#\/schema\/person\/75908d6f8fdc03a57889d27209df7795"},"breadcrumb":{"@id":"https:\/\/stuttgarti-katolikusok.de\/index.php\/2021-marcius-29-es-aprilis-5-kozott\/#breadcrumb"},"inLanguage":"hu","potentialAction":[{"@type":"ReadAction","target":["https:\/\/stuttgarti-katolikusok.de\/index.php\/2021-marcius-29-es-aprilis-5-kozott\/"]}]},{"@type":"ImageObject","inLanguage":"hu","@id":"https:\/\/stuttgarti-katolikusok.de\/index.php\/2021-marcius-29-es-aprilis-5-kozott\/#primaryimage","url":"https:\/\/stuttgarti-katolikusok.de\/wp-content\/uploads\/2021\/03\/jesus-6124304-1280.jpg","contentUrl":"https:\/\/stuttgarti-katolikusok.de\/wp-content\/uploads\/2021\/03\/jesus-6124304-1280.jpg","width":1280,"height":720},{"@type":"BreadcrumbList","@id":"https:\/\/stuttgarti-katolikusok.de\/index.php\/2021-marcius-29-es-aprilis-5-kozott\/#breadcrumb","itemListElement":[{"@type":"ListItem","position":1,"name":"Kezd\u0151lap","item":"https:\/\/stuttgarti-katolikusok.de\/"},{"@type":"ListItem","position":2,"name":"2021 m\u00e1rcius 29 \u00e9s \u00e1prilis 5 k\u00f6z\u00f6tt"}]},{"@type":"WebSite","@id":"https:\/\/stuttgarti-katolikusok.de\/#website","url":"https:\/\/stuttgarti-katolikusok.de\/","name":"Stuttgarti Katolikusok","description":"","potentialAction":[{"@type":"SearchAction","target":{"@type":"EntryPoint","urlTemplate":"https:\/\/stuttgarti-katolikusok.de\/?s={search_term_string}"},"query-input":{"@type":"PropertyValueSpecification","valueRequired":true,"valueName":"search_term_string"}}],"inLanguage":"hu"},{"@type":"Person","@id":"https:\/\/stuttgarti-katolikusok.de\/#\/schema\/person\/75908d6f8fdc03a57889d27209df7795","name":"Tibor atya","image":{"@type":"ImageObject","inLanguage":"hu","@id":"https:\/\/secure.gravatar.com\/avatar\/61d268e57d1f4525b111222e29d2d5a7f8c420fdbf231ba5566a8ceac74fa960?s=96&d=mm&r=g","url":"https:\/\/secure.gravatar.com\/avatar\/61d268e57d1f4525b111222e29d2d5a7f8c420fdbf231ba5566a8ceac74fa960?s=96&d=mm&r=g","contentUrl":"https:\/\/secure.gravatar.com\/avatar\/61d268e57d1f4525b111222e29d2d5a7f8c420fdbf231ba5566a8ceac74fa960?s=96&d=mm&r=g","caption":"Tibor atya"},"url":"https:\/\/stuttgarti-katolikusok.de\/index.php\/author\/tibor-atya\/"}]}},"_links":{"self":[{"href":"https:\/\/stuttgarti-katolikusok.de\/index.php\/wp-json\/wp\/v2\/posts\/21512","targetHints":{"allow":["GET"]}}],"collection":[{"href":"https:\/\/stuttgarti-katolikusok.de\/index.php\/wp-json\/wp\/v2\/posts"}],"about":[{"href":"https:\/\/stuttgarti-katolikusok.de\/index.php\/wp-json\/wp\/v2\/types\/post"}],"author":[{"embeddable":true,"href":"https:\/\/stuttgarti-katolikusok.de\/index.php\/wp-json\/wp\/v2\/users\/3"}],"replies":[{"embeddable":true,"href":"https:\/\/stuttgarti-katolikusok.de\/index.php\/wp-json\/wp\/v2\/comments?post=21512"}],"version-history":[{"count":6,"href":"https:\/\/stuttgarti-katolikusok.de\/index.php\/wp-json\/wp\/v2\/posts\/21512\/revisions"}],"predecessor-version":[{"id":21562,"href":"https:\/\/stuttgarti-katolikusok.de\/index.php\/wp-json\/wp\/v2\/posts\/21512\/revisions\/21562"}],"wp:featuredmedia":[{"embeddable":true,"href":"https:\/\/stuttgarti-katolikusok.de\/index.php\/wp-json\/wp\/v2\/media\/21513"}],"wp:attachment":[{"href":"https:\/\/stuttgarti-katolikusok.de\/index.php\/wp-json\/wp\/v2\/media?parent=21512"}],"wp:term":[{"taxonomy":"category","embeddable":true,"href":"https:\/\/stuttgarti-katolikusok.de\/index.php\/wp-json\/wp\/v2\/categories?post=21512"},{"taxonomy":"post_tag","embeddable":true,"href":"https:\/\/stuttgarti-katolikusok.de\/index.php\/wp-json\/wp\/v2\/tags?post=21512"}],"curies":[{"name":"wp","href":"https:\/\/api.w.org\/{rel}","templated":true}]}}