{"id":21478,"date":"2021-03-22T23:43:23","date_gmt":"2021-03-22T23:43:23","guid":{"rendered":"https:\/\/gracious-dewdney.138-201-221-2.plesk.page\/?p=21478"},"modified":"2021-03-23T00:13:30","modified_gmt":"2021-03-23T00:13:30","slug":"2021-marcius-22-es-28-kozott","status":"publish","type":"post","link":"https:\/\/stuttgarti-katolikusok.de\/index.php\/2021-marcius-22-es-28-kozott\/","title":{"rendered":"2021 m\u00e1rcius 22 \u00e9s 28 k\u00f6z\u00f6tt"},"content":{"rendered":"<p><span style=\"color: #800080;\"><strong>Programel\u0151zetes<\/strong><\/span><\/p>\n<p><span style=\"color: #800080;\"><em>A jelenlegi egyh\u00e1zi rendelkez\u00e9sek \u00e9rtelm\u00e9ben csak a szentmise \u00a0\u00a0tarthat\u00f3 meg. <\/em><\/span><\/p>\n<p><span style=\"color: #800080;\"><em>Szentmis\u00e9n k\u00f6telez\u0151 a maszk haszn\u00e1lata, jelenl\u00e9ti lista n\u00e9vvel \u00e9s el\u00e9rhet\u0151s\u00e9ggel, kezek fert\u0151tlen\u00edt\u00e9se!<\/em><\/span><\/p>\n<p style=\"text-align: center;\"><em>\u00a0<\/em><span style=\"color: #800080;\"><strong>*<\/strong><\/span><\/p>\n<p><em><strong>M\u00e1rcius 24-\u00e9n<\/strong><\/em><em>, szerda, <strong>Weingarteni d\u00e9lut\u00e1n<\/strong>, a <\/em><em>14 Nothelfer Kapelle<\/em><em>-ben 16.00 \u00f3rakor <\/em><em>kereszt\u00fati \u00e1jtatoss\u00e1g. <\/em><em>Nincs <\/em><em>szentmise! <\/em><\/p>\n<p style=\"text-align: center;\"><em>\u00a0<\/em><span style=\"color: #800080;\"><em><strong>*<\/strong><\/em><\/span><\/p>\n<p><em><strong>M\u00e1rcius 25-\u00e9n<\/strong><\/em><em>, cs\u00fct\u00f6rt\u00f6k\u00f6n, <strong>Ulmi d\u00e9lut\u00e1n<\/strong>, 17.30 \u00f3rakor <\/em><em>kereszt\u00fati \u00e1jtatoss\u00e1g, <\/em><em>ezt k\u00f6vet\u0151en <\/em><em>szentmise, Gy\u00fcm\u00f6lcsolt\u00f3 Boldogasszony<\/em><em> \u00fcnnepe.<\/em><\/p>\n<p style=\"text-align: center;\"><em>\u00a0<\/em><span style=\"color: #800080;\"><em><strong>*<\/strong><\/em><\/span><\/p>\n<p><em><strong>M\u00e1rcius 26-\u00e1n, <\/strong><\/em><em>p\u00e9nteken, <strong>Stuttgarti d\u00e9lut\u00e1n, <\/strong>17.30 \u00f3rakor kereszt\u00fati \u00e1jtatoss\u00e1g, ut\u00e1na s<\/em><em>zentmise, Gy\u00fcm\u00f6lcsolt\u00f3 Boldogasszony <\/em><em>\u00fcnnepe.<\/em><\/p>\n<p style=\"text-align: center;\"><span style=\"color: #800080;\"><em><strong>*<\/strong><\/em><\/span><\/p>\n<p><em><strong>M\u00e1rcius 27-\u00e9n<\/strong><\/em><em>, szombaton, <\/em><\/p>\n<p><em><strong>Stuttgarti Csendes Napok<\/strong><\/em><em> 10.00 \u2013 15.00 \u00f3ra k\u00f6z\u00f6tt<\/em><\/p>\n<p><em><strong>Reutlingenben <\/strong><\/em><em>16.30 \u00f3rakor<\/em><em>\u00a0szentmise<\/em><em>.<\/em><\/p>\n<p style=\"text-align: center;\"><span style=\"color: #800080;\"><em><strong>*<\/strong><\/em><\/span><\/p>\n<p><em><strong>M\u00e1rcius 28-\u00e1n,<\/strong><\/em> <em><strong>Vir\u00e1gvas\u00e1rnap<\/strong><\/em><em>,<\/em><\/p>\n<p><em><strong>B\u00f6blingenben <\/strong><\/em><em>9.30 \u00f3rakor <\/em><em>szentmise,<\/em><\/p>\n<p><em><strong>Stuttgartban <\/strong><\/em><em>12.00 \u00f3rakor <\/em><em>szentmise,<\/em><\/p>\n<p><em><strong>Heilbronnban <\/strong><\/em><em>15.30 \u00f3rakor <\/em><em>szentmise.<\/em><\/p>\n<p style=\"text-align: center;\"><span style=\"color: #800080;\"><em><strong>*<\/strong><\/em><\/span><\/p>\n<p>Minden helyen mindenkit szeretettel v\u00e1r a k\u00f6z\u00f6ss\u00e9g \u00e9s Tibor atya!<strong>\u00a0<\/strong><\/p>\n<p style=\"text-align: center;\"><span style=\"color: #800080;\"><strong>*<\/strong><\/span><\/p>\n<p><a href=\"https:\/\/stuttgarti-katolikusok.de\/wp-content\/uploads\/2021\/03\/mosaic-4124646-1280.jpg\"><img loading=\"lazy\" decoding=\"async\" class=\"alignnone size-full wp-image-21479\" src=\"https:\/\/stuttgarti-katolikusok.de\/wp-content\/uploads\/2021\/03\/mosaic-4124646-1280.jpg\" alt=\"\" width=\"848\" height=\"1280\" srcset=\"https:\/\/stuttgarti-katolikusok.de\/wp-content\/uploads\/2021\/03\/mosaic-4124646-1280.jpg 848w, https:\/\/stuttgarti-katolikusok.de\/wp-content\/uploads\/2021\/03\/mosaic-4124646-1280-199x300.jpg 199w, https:\/\/stuttgarti-katolikusok.de\/wp-content\/uploads\/2021\/03\/mosaic-4124646-1280-678x1024.jpg 678w\" sizes=\"auto, (max-width: 848px) 100vw, 848px\" \/><\/a><\/p>\n<p style=\"text-align: center;\"><span style=\"color: #800080;\"><em><strong>*<\/strong><\/em><\/span><\/p>\n<p><span style=\"color: #800080;\"><em><strong>Bens\u0151s\u00e9ges nagyb\u00f6jti napokat, j\u00f3 munk\u00e1t, tartalmas besz\u00e9lget\u00e9seket \u00e9s \u00f6r\u00f6mteli tal\u00e1lkoz\u00e1sokat k\u00edv\u00e1nunk minden Kedves H\u00edv\u00fcnknek!<\/strong><\/em><\/span><\/p>\n<p style=\"text-align: center;\"><span style=\"color: #800080;\"><em><strong>*<\/strong><\/em><\/span><\/p>\n<p><span style=\"color: #800080;\"><em>Dsida Jen\u0151 \u2013 Zar\u00e1ndok\u00faton<\/em><\/span><\/p>\n<p>Lassan h\u00fasv\u00e9t het\u00e9be fordulunk.<br \/>\nKrisztus m\u00e1r indul a K\u00e1lv\u00e1ri\u00e1ra.<br \/>\nZar\u00e1ndok\u00fatban piros bogy\u00f3<br \/>\n\u00e9s f\u00e1jdalom minden\u00fctt terem.<\/p>\n<p>Korb\u00e1cs\u00fct\u00e9ssel ezer keresztet<br \/>\nhajszoltak m\u00e1r velem a hegyre,<br \/>\nott \u00e1llnak mereven a l\u00e1ngos \u00e9jszak\u00e1ban<br \/>\ns m\u00e9gsem akarnak r\u00e1juk fesz\u00edteni.<\/p>\n<p>Tegnap a pacsirt\u00e1k is hazaj\u00f6ttek.<br \/>\nEl\u00e9g volt m\u00e1r a szenved\u00e9s.<br \/>\nAz \u00e9let lassan f\u00f6l\u00e9m takarja<br \/>\na cs\u00f6ndes napok s\u00e1tor\u00e1t.<\/p>\n<p><em>(K\u00e9p forr\u00e1sa: Pixabay.com)<\/em><\/p>\n","protected":false},"excerpt":{"rendered":"<p>Programel\u0151zetes A jelenlegi egyh\u00e1zi rendelkez\u00e9sek \u00e9rtelm\u00e9ben csak a szentmise \u00a0\u00a0tarthat\u00f3 meg. Szentmis\u00e9n k\u00f6telez\u0151 a maszk haszn\u00e1lata, jelenl\u00e9ti lista n\u00e9vvel \u00e9s el\u00e9rhet\u0151s\u00e9ggel, kezek fert\u0151tlen\u00edt\u00e9se! \u00a0* M\u00e1rcius 24-\u00e9n, szerda, Weingarteni d\u00e9lut\u00e1n, a 14 Nothelfer Kapelle-ben 16.00 \u00f3rakor kereszt\u00fati \u00e1jtatoss\u00e1g. Nincs szentmise! \u00a0* M\u00e1rcius 25-\u00e9n, cs\u00fct\u00f6rt\u00f6k\u00f6n, Ulmi d\u00e9lut\u00e1n, 17.30 \u00f3rakor kereszt\u00fati \u00e1jtatoss\u00e1g, ezt k\u00f6vet\u0151en szentmise, Gy\u00fcm\u00f6lcsolt\u00f3 Boldogasszony \u00fcnnepe. \u00a0* M\u00e1rcius 26-\u00e1n, p\u00e9nteken, Stuttgarti d\u00e9lut\u00e1n, 17.30 \u00f3rakor kereszt\u00fati \u00e1jtatoss\u00e1g, ut\u00e1na szentmise, Gy\u00fcm\u00f6lcsolt\u00f3 Boldogasszony \u00fcnnepe. * M\u00e1rcius 27-\u00e9n, szombaton, Stuttgarti Csendes Napok 10.00 \u2013 15.00 \u00f3ra k\u00f6z\u00f6tt Reutlingenben 16.30 \u00f3rakor\u00a0szentmise. * M\u00e1rcius 28-\u00e1n, Vir\u00e1gvas\u00e1rnap, B\u00f6blingenben 9.30 \u00f3rakor szentmise, Stuttgartban 12.00 \u00f3rakor szentmise, Heilbronnban 15.30 \u00f3rakor szentmise. * Minden helyen mindenkit szeretettel v\u00e1r a k\u00f6z\u00f6ss\u00e9g \u00e9s Tibor atya!\u00a0 * * Bens\u0151s\u00e9ges nagyb\u00f6jti napokat, j\u00f3 munk\u00e1t, tartalmas besz\u00e9lget\u00e9seket \u00e9s \u00f6r\u00f6mteli tal\u00e1lkoz\u00e1sokat k\u00edv\u00e1nunk minden Kedves H\u00edv\u00fcnknek! * Dsida Jen\u0151 \u2013 Zar\u00e1ndok\u00faton Lassan h\u00fasv\u00e9t het\u00e9be fordulunk. Krisztus m\u00e1r indul a K\u00e1lv\u00e1ri\u00e1ra. Zar\u00e1ndok\u00fatban piros bogy\u00f3 \u00e9s f\u00e1jdalom minden\u00fctt terem. Korb\u00e1cs\u00fct\u00e9ssel ezer keresztet hajszoltak m\u00e1r velem a hegyre, ott \u00e1llnak mereven a l\u00e1ngos \u00e9jszak\u00e1ban s m\u00e9gsem akarnak r\u00e1juk fesz\u00edteni. Tegnap a pacsirt\u00e1k is hazaj\u00f6ttek. El\u00e9g volt m\u00e1r a szenved\u00e9s. Az \u00e9let lassan f\u00f6l\u00e9m takarja a cs\u00f6ndes napok s\u00e1tor\u00e1t. (K\u00e9p forr\u00e1sa: Pixabay.com)<\/p>\n","protected":false},"author":3,"featured_media":21480,"comment_status":"closed","ping_status":"closed","sticky":false,"template":"","format":"standard","meta":{"footnotes":""},"categories":[37],"tags":[],"class_list":["post-21478","post","type-post","status-publish","format-standard","has-post-thumbnail","hentry","category-progamelozetes"],"yoast_head":"<!-- This site is optimized with the Yoast SEO plugin v27.3 - https:\/\/yoast.com\/product\/yoast-seo-wordpress\/ -->\n<title>2021 m\u00e1rcius 22 \u00e9s 28 k\u00f6z\u00f6tt - Stuttgarti Katolikusok<\/title>\n<meta name=\"robots\" content=\"index, follow, max-snippet:-1, max-image-preview:large, max-video-preview:-1\" \/>\n<link rel=\"canonical\" href=\"https:\/\/stuttgarti-katolikusok.de\/index.php\/2021-marcius-22-es-28-kozott\/\" \/>\n<meta property=\"og:locale\" content=\"hu_HU\" \/>\n<meta property=\"og:type\" content=\"article\" \/>\n<meta property=\"og:title\" content=\"2021 m\u00e1rcius 22 \u00e9s 28 k\u00f6z\u00f6tt - Stuttgarti Katolikusok\" \/>\n<meta property=\"og:description\" content=\"Programel\u0151zetes A jelenlegi egyh\u00e1zi rendelkez\u00e9sek \u00e9rtelm\u00e9ben csak a szentmise \u00a0\u00a0tarthat\u00f3 meg. Szentmis\u00e9n k\u00f6telez\u0151 a maszk haszn\u00e1lata, jelenl\u00e9ti lista n\u00e9vvel \u00e9s el\u00e9rhet\u0151s\u00e9ggel, kezek fert\u0151tlen\u00edt\u00e9se! \u00a0* M\u00e1rcius 24-\u00e9n, szerda, Weingarteni d\u00e9lut\u00e1n, a 14 Nothelfer Kapelle-ben 16.00 \u00f3rakor kereszt\u00fati \u00e1jtatoss\u00e1g. Nincs szentmise! \u00a0* M\u00e1rcius 25-\u00e9n, cs\u00fct\u00f6rt\u00f6k\u00f6n, Ulmi d\u00e9lut\u00e1n, 17.30 \u00f3rakor kereszt\u00fati \u00e1jtatoss\u00e1g, ezt k\u00f6vet\u0151en szentmise, Gy\u00fcm\u00f6lcsolt\u00f3 Boldogasszony \u00fcnnepe. \u00a0* M\u00e1rcius 26-\u00e1n, p\u00e9nteken, Stuttgarti d\u00e9lut\u00e1n, 17.30 \u00f3rakor kereszt\u00fati \u00e1jtatoss\u00e1g, ut\u00e1na szentmise, Gy\u00fcm\u00f6lcsolt\u00f3 Boldogasszony \u00fcnnepe. * M\u00e1rcius 27-\u00e9n, szombaton, Stuttgarti Csendes Napok 10.00 \u2013 15.00 \u00f3ra k\u00f6z\u00f6tt Reutlingenben 16.30 \u00f3rakor\u00a0szentmise. * M\u00e1rcius 28-\u00e1n, Vir\u00e1gvas\u00e1rnap, B\u00f6blingenben 9.30 \u00f3rakor szentmise, Stuttgartban 12.00 \u00f3rakor szentmise, Heilbronnban 15.30 \u00f3rakor szentmise. * Minden helyen mindenkit szeretettel v\u00e1r a k\u00f6z\u00f6ss\u00e9g \u00e9s Tibor atya!\u00a0 * * Bens\u0151s\u00e9ges nagyb\u00f6jti napokat, j\u00f3 munk\u00e1t, tartalmas besz\u00e9lget\u00e9seket \u00e9s \u00f6r\u00f6mteli tal\u00e1lkoz\u00e1sokat k\u00edv\u00e1nunk minden Kedves H\u00edv\u00fcnknek! * Dsida Jen\u0151 \u2013 Zar\u00e1ndok\u00faton Lassan h\u00fasv\u00e9t het\u00e9be fordulunk. Krisztus m\u00e1r indul a K\u00e1lv\u00e1ri\u00e1ra. Zar\u00e1ndok\u00fatban piros bogy\u00f3 \u00e9s f\u00e1jdalom minden\u00fctt terem. Korb\u00e1cs\u00fct\u00e9ssel ezer keresztet hajszoltak m\u00e1r velem a hegyre, ott \u00e1llnak mereven a l\u00e1ngos \u00e9jszak\u00e1ban s m\u00e9gsem akarnak r\u00e1juk fesz\u00edteni. Tegnap a pacsirt\u00e1k is hazaj\u00f6ttek. El\u00e9g volt m\u00e1r a szenved\u00e9s. Az \u00e9let lassan f\u00f6l\u00e9m takarja a cs\u00f6ndes napok s\u00e1tor\u00e1t. (K\u00e9p forr\u00e1sa: Pixabay.com)\" \/>\n<meta property=\"og:url\" content=\"https:\/\/stuttgarti-katolikusok.de\/index.php\/2021-marcius-22-es-28-kozott\/\" \/>\n<meta property=\"og:site_name\" content=\"Stuttgarti Katolikusok\" \/>\n<meta property=\"article:published_time\" content=\"2021-03-22T23:43:23+00:00\" \/>\n<meta property=\"article:modified_time\" content=\"2021-03-23T00:13:30+00:00\" \/>\n<meta property=\"og:image\" content=\"https:\/\/stuttgarti-katolikusok.de\/wp-content\/uploads\/2021\/03\/palm-sunday-4903117-1280.jpg\" \/>\n\t<meta property=\"og:image:width\" content=\"1280\" \/>\n\t<meta property=\"og:image:height\" content=\"853\" \/>\n\t<meta property=\"og:image:type\" content=\"image\/jpeg\" \/>\n<meta name=\"author\" content=\"Tibor atya\" \/>\n<meta name=\"twitter:card\" content=\"summary_large_image\" \/>\n<meta name=\"twitter:label1\" content=\"Szerz\u0151:\" \/>\n\t<meta name=\"twitter:data1\" content=\"Tibor atya\" \/>\n\t<meta name=\"twitter:label2\" content=\"Becs\u00fclt olvas\u00e1si id\u0151\" \/>\n\t<meta name=\"twitter:data2\" content=\"1 perc\" \/>\n<script type=\"application\/ld+json\" class=\"yoast-schema-graph\">{\"@context\":\"https:\\\/\\\/schema.org\",\"@graph\":[{\"@type\":\"Article\",\"@id\":\"https:\\\/\\\/stuttgarti-katolikusok.de\\\/index.php\\\/2021-marcius-22-es-28-kozott\\\/#article\",\"isPartOf\":{\"@id\":\"https:\\\/\\\/stuttgarti-katolikusok.de\\\/index.php\\\/2021-marcius-22-es-28-kozott\\\/\"},\"author\":{\"name\":\"Tibor atya\",\"@id\":\"https:\\\/\\\/stuttgarti-katolikusok.de\\\/#\\\/schema\\\/person\\\/75908d6f8fdc03a57889d27209df7795\"},\"headline\":\"2021 m\u00e1rcius 22 \u00e9s 28 k\u00f6z\u00f6tt\",\"datePublished\":\"2021-03-22T23:43:23+00:00\",\"dateModified\":\"2021-03-23T00:13:30+00:00\",\"mainEntityOfPage\":{\"@id\":\"https:\\\/\\\/stuttgarti-katolikusok.de\\\/index.php\\\/2021-marcius-22-es-28-kozott\\\/\"},\"wordCount\":284,\"image\":{\"@id\":\"https:\\\/\\\/stuttgarti-katolikusok.de\\\/index.php\\\/2021-marcius-22-es-28-kozott\\\/#primaryimage\"},\"thumbnailUrl\":\"https:\\\/\\\/stuttgarti-katolikusok.de\\\/wp-content\\\/uploads\\\/2021\\\/03\\\/palm-sunday-4903117-1280.jpg\",\"articleSection\":[\"Progamel\u0151zetes\"],\"inLanguage\":\"hu\"},{\"@type\":\"WebPage\",\"@id\":\"https:\\\/\\\/stuttgarti-katolikusok.de\\\/index.php\\\/2021-marcius-22-es-28-kozott\\\/\",\"url\":\"https:\\\/\\\/stuttgarti-katolikusok.de\\\/index.php\\\/2021-marcius-22-es-28-kozott\\\/\",\"name\":\"2021 m\u00e1rcius 22 \u00e9s 28 k\u00f6z\u00f6tt - Stuttgarti Katolikusok\",\"isPartOf\":{\"@id\":\"https:\\\/\\\/stuttgarti-katolikusok.de\\\/#website\"},\"primaryImageOfPage\":{\"@id\":\"https:\\\/\\\/stuttgarti-katolikusok.de\\\/index.php\\\/2021-marcius-22-es-28-kozott\\\/#primaryimage\"},\"image\":{\"@id\":\"https:\\\/\\\/stuttgarti-katolikusok.de\\\/index.php\\\/2021-marcius-22-es-28-kozott\\\/#primaryimage\"},\"thumbnailUrl\":\"https:\\\/\\\/stuttgarti-katolikusok.de\\\/wp-content\\\/uploads\\\/2021\\\/03\\\/palm-sunday-4903117-1280.jpg\",\"datePublished\":\"2021-03-22T23:43:23+00:00\",\"dateModified\":\"2021-03-23T00:13:30+00:00\",\"author\":{\"@id\":\"https:\\\/\\\/stuttgarti-katolikusok.de\\\/#\\\/schema\\\/person\\\/75908d6f8fdc03a57889d27209df7795\"},\"breadcrumb\":{\"@id\":\"https:\\\/\\\/stuttgarti-katolikusok.de\\\/index.php\\\/2021-marcius-22-es-28-kozott\\\/#breadcrumb\"},\"inLanguage\":\"hu\",\"potentialAction\":[{\"@type\":\"ReadAction\",\"target\":[\"https:\\\/\\\/stuttgarti-katolikusok.de\\\/index.php\\\/2021-marcius-22-es-28-kozott\\\/\"]}]},{\"@type\":\"ImageObject\",\"inLanguage\":\"hu\",\"@id\":\"https:\\\/\\\/stuttgarti-katolikusok.de\\\/index.php\\\/2021-marcius-22-es-28-kozott\\\/#primaryimage\",\"url\":\"https:\\\/\\\/stuttgarti-katolikusok.de\\\/wp-content\\\/uploads\\\/2021\\\/03\\\/palm-sunday-4903117-1280.jpg\",\"contentUrl\":\"https:\\\/\\\/stuttgarti-katolikusok.de\\\/wp-content\\\/uploads\\\/2021\\\/03\\\/palm-sunday-4903117-1280.jpg\",\"width\":1280,\"height\":853},{\"@type\":\"BreadcrumbList\",\"@id\":\"https:\\\/\\\/stuttgarti-katolikusok.de\\\/index.php\\\/2021-marcius-22-es-28-kozott\\\/#breadcrumb\",\"itemListElement\":[{\"@type\":\"ListItem\",\"position\":1,\"name\":\"Kezd\u0151lap\",\"item\":\"https:\\\/\\\/stuttgarti-katolikusok.de\\\/\"},{\"@type\":\"ListItem\",\"position\":2,\"name\":\"2021 m\u00e1rcius 22 \u00e9s 28 k\u00f6z\u00f6tt\"}]},{\"@type\":\"WebSite\",\"@id\":\"https:\\\/\\\/stuttgarti-katolikusok.de\\\/#website\",\"url\":\"https:\\\/\\\/stuttgarti-katolikusok.de\\\/\",\"name\":\"Stuttgarti Katolikusok\",\"description\":\"\",\"potentialAction\":[{\"@type\":\"SearchAction\",\"target\":{\"@type\":\"EntryPoint\",\"urlTemplate\":\"https:\\\/\\\/stuttgarti-katolikusok.de\\\/?s={search_term_string}\"},\"query-input\":{\"@type\":\"PropertyValueSpecification\",\"valueRequired\":true,\"valueName\":\"search_term_string\"}}],\"inLanguage\":\"hu\"},{\"@type\":\"Person\",\"@id\":\"https:\\\/\\\/stuttgarti-katolikusok.de\\\/#\\\/schema\\\/person\\\/75908d6f8fdc03a57889d27209df7795\",\"name\":\"Tibor atya\",\"image\":{\"@type\":\"ImageObject\",\"inLanguage\":\"hu\",\"@id\":\"https:\\\/\\\/secure.gravatar.com\\\/avatar\\\/61d268e57d1f4525b111222e29d2d5a7f8c420fdbf231ba5566a8ceac74fa960?s=96&d=mm&r=g\",\"url\":\"https:\\\/\\\/secure.gravatar.com\\\/avatar\\\/61d268e57d1f4525b111222e29d2d5a7f8c420fdbf231ba5566a8ceac74fa960?s=96&d=mm&r=g\",\"contentUrl\":\"https:\\\/\\\/secure.gravatar.com\\\/avatar\\\/61d268e57d1f4525b111222e29d2d5a7f8c420fdbf231ba5566a8ceac74fa960?s=96&d=mm&r=g\",\"caption\":\"Tibor atya\"},\"url\":\"https:\\\/\\\/stuttgarti-katolikusok.de\\\/index.php\\\/author\\\/tibor-atya\\\/\"}]}<\/script>\n<!-- \/ Yoast SEO plugin. -->","yoast_head_json":{"title":"2021 m\u00e1rcius 22 \u00e9s 28 k\u00f6z\u00f6tt - Stuttgarti Katolikusok","robots":{"index":"index","follow":"follow","max-snippet":"max-snippet:-1","max-image-preview":"max-image-preview:large","max-video-preview":"max-video-preview:-1"},"canonical":"https:\/\/stuttgarti-katolikusok.de\/index.php\/2021-marcius-22-es-28-kozott\/","og_locale":"hu_HU","og_type":"article","og_title":"2021 m\u00e1rcius 22 \u00e9s 28 k\u00f6z\u00f6tt - Stuttgarti Katolikusok","og_description":"Programel\u0151zetes A jelenlegi egyh\u00e1zi rendelkez\u00e9sek \u00e9rtelm\u00e9ben csak a szentmise \u00a0\u00a0tarthat\u00f3 meg. Szentmis\u00e9n k\u00f6telez\u0151 a maszk haszn\u00e1lata, jelenl\u00e9ti lista n\u00e9vvel \u00e9s el\u00e9rhet\u0151s\u00e9ggel, kezek fert\u0151tlen\u00edt\u00e9se! \u00a0* M\u00e1rcius 24-\u00e9n, szerda, Weingarteni d\u00e9lut\u00e1n, a 14 Nothelfer Kapelle-ben 16.00 \u00f3rakor kereszt\u00fati \u00e1jtatoss\u00e1g. Nincs szentmise! \u00a0* M\u00e1rcius 25-\u00e9n, cs\u00fct\u00f6rt\u00f6k\u00f6n, Ulmi d\u00e9lut\u00e1n, 17.30 \u00f3rakor kereszt\u00fati \u00e1jtatoss\u00e1g, ezt k\u00f6vet\u0151en szentmise, Gy\u00fcm\u00f6lcsolt\u00f3 Boldogasszony \u00fcnnepe. \u00a0* M\u00e1rcius 26-\u00e1n, p\u00e9nteken, Stuttgarti d\u00e9lut\u00e1n, 17.30 \u00f3rakor kereszt\u00fati \u00e1jtatoss\u00e1g, ut\u00e1na szentmise, Gy\u00fcm\u00f6lcsolt\u00f3 Boldogasszony \u00fcnnepe. * M\u00e1rcius 27-\u00e9n, szombaton, Stuttgarti Csendes Napok 10.00 \u2013 15.00 \u00f3ra k\u00f6z\u00f6tt Reutlingenben 16.30 \u00f3rakor\u00a0szentmise. * M\u00e1rcius 28-\u00e1n, Vir\u00e1gvas\u00e1rnap, B\u00f6blingenben 9.30 \u00f3rakor szentmise, Stuttgartban 12.00 \u00f3rakor szentmise, Heilbronnban 15.30 \u00f3rakor szentmise. * Minden helyen mindenkit szeretettel v\u00e1r a k\u00f6z\u00f6ss\u00e9g \u00e9s Tibor atya!\u00a0 * * Bens\u0151s\u00e9ges nagyb\u00f6jti napokat, j\u00f3 munk\u00e1t, tartalmas besz\u00e9lget\u00e9seket \u00e9s \u00f6r\u00f6mteli tal\u00e1lkoz\u00e1sokat k\u00edv\u00e1nunk minden Kedves H\u00edv\u00fcnknek! * Dsida Jen\u0151 \u2013 Zar\u00e1ndok\u00faton Lassan h\u00fasv\u00e9t het\u00e9be fordulunk. Krisztus m\u00e1r indul a K\u00e1lv\u00e1ri\u00e1ra. Zar\u00e1ndok\u00fatban piros bogy\u00f3 \u00e9s f\u00e1jdalom minden\u00fctt terem. Korb\u00e1cs\u00fct\u00e9ssel ezer keresztet hajszoltak m\u00e1r velem a hegyre, ott \u00e1llnak mereven a l\u00e1ngos \u00e9jszak\u00e1ban s m\u00e9gsem akarnak r\u00e1juk fesz\u00edteni. Tegnap a pacsirt\u00e1k is hazaj\u00f6ttek. El\u00e9g volt m\u00e1r a szenved\u00e9s. Az \u00e9let lassan f\u00f6l\u00e9m takarja a cs\u00f6ndes napok s\u00e1tor\u00e1t. (K\u00e9p forr\u00e1sa: Pixabay.com)","og_url":"https:\/\/stuttgarti-katolikusok.de\/index.php\/2021-marcius-22-es-28-kozott\/","og_site_name":"Stuttgarti Katolikusok","article_published_time":"2021-03-22T23:43:23+00:00","article_modified_time":"2021-03-23T00:13:30+00:00","og_image":[{"width":1280,"height":853,"url":"https:\/\/stuttgarti-katolikusok.de\/wp-content\/uploads\/2021\/03\/palm-sunday-4903117-1280.jpg","type":"image\/jpeg"}],"author":"Tibor atya","twitter_card":"summary_large_image","twitter_misc":{"Szerz\u0151:":"Tibor atya","Becs\u00fclt olvas\u00e1si id\u0151":"1 perc"},"schema":{"@context":"https:\/\/schema.org","@graph":[{"@type":"Article","@id":"https:\/\/stuttgarti-katolikusok.de\/index.php\/2021-marcius-22-es-28-kozott\/#article","isPartOf":{"@id":"https:\/\/stuttgarti-katolikusok.de\/index.php\/2021-marcius-22-es-28-kozott\/"},"author":{"name":"Tibor atya","@id":"https:\/\/stuttgarti-katolikusok.de\/#\/schema\/person\/75908d6f8fdc03a57889d27209df7795"},"headline":"2021 m\u00e1rcius 22 \u00e9s 28 k\u00f6z\u00f6tt","datePublished":"2021-03-22T23:43:23+00:00","dateModified":"2021-03-23T00:13:30+00:00","mainEntityOfPage":{"@id":"https:\/\/stuttgarti-katolikusok.de\/index.php\/2021-marcius-22-es-28-kozott\/"},"wordCount":284,"image":{"@id":"https:\/\/stuttgarti-katolikusok.de\/index.php\/2021-marcius-22-es-28-kozott\/#primaryimage"},"thumbnailUrl":"https:\/\/stuttgarti-katolikusok.de\/wp-content\/uploads\/2021\/03\/palm-sunday-4903117-1280.jpg","articleSection":["Progamel\u0151zetes"],"inLanguage":"hu"},{"@type":"WebPage","@id":"https:\/\/stuttgarti-katolikusok.de\/index.php\/2021-marcius-22-es-28-kozott\/","url":"https:\/\/stuttgarti-katolikusok.de\/index.php\/2021-marcius-22-es-28-kozott\/","name":"2021 m\u00e1rcius 22 \u00e9s 28 k\u00f6z\u00f6tt - Stuttgarti Katolikusok","isPartOf":{"@id":"https:\/\/stuttgarti-katolikusok.de\/#website"},"primaryImageOfPage":{"@id":"https:\/\/stuttgarti-katolikusok.de\/index.php\/2021-marcius-22-es-28-kozott\/#primaryimage"},"image":{"@id":"https:\/\/stuttgarti-katolikusok.de\/index.php\/2021-marcius-22-es-28-kozott\/#primaryimage"},"thumbnailUrl":"https:\/\/stuttgarti-katolikusok.de\/wp-content\/uploads\/2021\/03\/palm-sunday-4903117-1280.jpg","datePublished":"2021-03-22T23:43:23+00:00","dateModified":"2021-03-23T00:13:30+00:00","author":{"@id":"https:\/\/stuttgarti-katolikusok.de\/#\/schema\/person\/75908d6f8fdc03a57889d27209df7795"},"breadcrumb":{"@id":"https:\/\/stuttgarti-katolikusok.de\/index.php\/2021-marcius-22-es-28-kozott\/#breadcrumb"},"inLanguage":"hu","potentialAction":[{"@type":"ReadAction","target":["https:\/\/stuttgarti-katolikusok.de\/index.php\/2021-marcius-22-es-28-kozott\/"]}]},{"@type":"ImageObject","inLanguage":"hu","@id":"https:\/\/stuttgarti-katolikusok.de\/index.php\/2021-marcius-22-es-28-kozott\/#primaryimage","url":"https:\/\/stuttgarti-katolikusok.de\/wp-content\/uploads\/2021\/03\/palm-sunday-4903117-1280.jpg","contentUrl":"https:\/\/stuttgarti-katolikusok.de\/wp-content\/uploads\/2021\/03\/palm-sunday-4903117-1280.jpg","width":1280,"height":853},{"@type":"BreadcrumbList","@id":"https:\/\/stuttgarti-katolikusok.de\/index.php\/2021-marcius-22-es-28-kozott\/#breadcrumb","itemListElement":[{"@type":"ListItem","position":1,"name":"Kezd\u0151lap","item":"https:\/\/stuttgarti-katolikusok.de\/"},{"@type":"ListItem","position":2,"name":"2021 m\u00e1rcius 22 \u00e9s 28 k\u00f6z\u00f6tt"}]},{"@type":"WebSite","@id":"https:\/\/stuttgarti-katolikusok.de\/#website","url":"https:\/\/stuttgarti-katolikusok.de\/","name":"Stuttgarti Katolikusok","description":"","potentialAction":[{"@type":"SearchAction","target":{"@type":"EntryPoint","urlTemplate":"https:\/\/stuttgarti-katolikusok.de\/?s={search_term_string}"},"query-input":{"@type":"PropertyValueSpecification","valueRequired":true,"valueName":"search_term_string"}}],"inLanguage":"hu"},{"@type":"Person","@id":"https:\/\/stuttgarti-katolikusok.de\/#\/schema\/person\/75908d6f8fdc03a57889d27209df7795","name":"Tibor atya","image":{"@type":"ImageObject","inLanguage":"hu","@id":"https:\/\/secure.gravatar.com\/avatar\/61d268e57d1f4525b111222e29d2d5a7f8c420fdbf231ba5566a8ceac74fa960?s=96&d=mm&r=g","url":"https:\/\/secure.gravatar.com\/avatar\/61d268e57d1f4525b111222e29d2d5a7f8c420fdbf231ba5566a8ceac74fa960?s=96&d=mm&r=g","contentUrl":"https:\/\/secure.gravatar.com\/avatar\/61d268e57d1f4525b111222e29d2d5a7f8c420fdbf231ba5566a8ceac74fa960?s=96&d=mm&r=g","caption":"Tibor atya"},"url":"https:\/\/stuttgarti-katolikusok.de\/index.php\/author\/tibor-atya\/"}]}},"_links":{"self":[{"href":"https:\/\/stuttgarti-katolikusok.de\/index.php\/wp-json\/wp\/v2\/posts\/21478","targetHints":{"allow":["GET"]}}],"collection":[{"href":"https:\/\/stuttgarti-katolikusok.de\/index.php\/wp-json\/wp\/v2\/posts"}],"about":[{"href":"https:\/\/stuttgarti-katolikusok.de\/index.php\/wp-json\/wp\/v2\/types\/post"}],"author":[{"embeddable":true,"href":"https:\/\/stuttgarti-katolikusok.de\/index.php\/wp-json\/wp\/v2\/users\/3"}],"replies":[{"embeddable":true,"href":"https:\/\/stuttgarti-katolikusok.de\/index.php\/wp-json\/wp\/v2\/comments?post=21478"}],"version-history":[{"count":2,"href":"https:\/\/stuttgarti-katolikusok.de\/index.php\/wp-json\/wp\/v2\/posts\/21478\/revisions"}],"predecessor-version":[{"id":21500,"href":"https:\/\/stuttgarti-katolikusok.de\/index.php\/wp-json\/wp\/v2\/posts\/21478\/revisions\/21500"}],"wp:featuredmedia":[{"embeddable":true,"href":"https:\/\/stuttgarti-katolikusok.de\/index.php\/wp-json\/wp\/v2\/media\/21480"}],"wp:attachment":[{"href":"https:\/\/stuttgarti-katolikusok.de\/index.php\/wp-json\/wp\/v2\/media?parent=21478"}],"wp:term":[{"taxonomy":"category","embeddable":true,"href":"https:\/\/stuttgarti-katolikusok.de\/index.php\/wp-json\/wp\/v2\/categories?post=21478"},{"taxonomy":"post_tag","embeddable":true,"href":"https:\/\/stuttgarti-katolikusok.de\/index.php\/wp-json\/wp\/v2\/tags?post=21478"}],"curies":[{"name":"wp","href":"https:\/\/api.w.org\/{rel}","templated":true}]}}