{"id":21465,"date":"2021-03-14T20:37:01","date_gmt":"2021-03-14T20:37:01","guid":{"rendered":"https:\/\/gracious-dewdney.138-201-221-2.plesk.page\/?p=21465"},"modified":"2021-05-11T14:32:47","modified_gmt":"2021-05-11T14:32:47","slug":"nagybojt-4-vasarnapja","status":"publish","type":"post","link":"https:\/\/stuttgarti-katolikusok.de\/index.php\/nagybojt-4-vasarnapja\/","title":{"rendered":"Nagyb\u00f6jt 4. vas\u00e1rnapja"},"content":{"rendered":"<p><span style=\"color: #800080;\">Kezd\u0151\u00e9nek:<\/span><br \/>\n\u00d6rvendezz, Isten n\u00e9pe! Gy\u0171ljetek \u00f6ssze mind, akiknek kedves az \u00dar \u00fcgye. Sz\u00edvb\u0151l \u00f6r\u00fcljetek, akik azel\u0151tt szomorkodtatok. Vigasztal\u00f3djatok meg, mint a gyermek megnyugszik anyja kebel\u00e9n. (V\u00f6. Iz 66,10-11)<\/p>\n<p><span style=\"color: #800080;\">K\u00f6ny\u00f6rg\u00e9s:<\/span><br \/>\nIsten\u00fcnk, Te szent Fiad \u00e1ltal csod\u00e1latos m\u00f3don magadhoz b\u00e9k\u00edtetted az emberis\u00e9get. Engedd, k\u00e9r\u00fcnk, hogy kereszt\u00e9ny n\u00e9ped k\u00e9szs\u00e9ges \u00f6n\u00e1tad\u00e1ssal \u00e9s \u00e9l\u0151 hittel k\u00e9sz\u00fclj\u00f6n a k\u00f6zelg\u0151 \u00fcnnepekre. A mi Urunk, J\u00e9zus Krisztus, a Te Fiad \u00e1ltal, aki Veled \u00e9l \u00e9s uralkodik a Szentl\u00e9lekkel egys\u00e9gben, Isten mind\u00f6r\u00f6kk\u00f6n \u00f6r\u00f6kk\u00e9.<\/p>\n<p><span style=\"color: #800080;\">OLVASM\u00c1NY a Kr\u00f3nik\u00e1k m\u00e1sodik k\u00f6nyv\u00e9b\u0151l (<em>2Kr\u00f3n 36,14-16.19-23)<\/em><\/span><br \/>\nCidkij\u00e1nak, Juda utols\u00f3 kir\u00e1ly\u00e1nak napjaiban nemcsak a n\u00e9p, hanem a papok \u00f6sszes el\u00f6lj\u00e1r\u00f3i is sok-sok h\u0171tlens\u00e9get k\u00f6vettek el, ut\u00e1nozva a nemzetek valamennyi iszonyatos dolg\u00e1t. Megszents\u00e9gtelen\u00edtett\u00e9k az \u00dar templom\u00e1t, amelyet pedig \u0151 tett szentt\u00e9 Jeruzs\u00e1lemben. Az \u00dar, aty\u00e1ik Istene, k\u00f6vetei \u00e1ltal m\u00e9g j\u00f3kor \u00e9s ism\u00e9telten elk\u00fcldte hozz\u00e1juk figyelmeztet\u00e9seit. K\u00edm\u00e9lni akarta n\u00e9p\u00e9t \u00e9s a maga lak\u00f3hely\u00e9t. De \u0151k kig\u00fanyolt\u00e1k Isten k\u00f6veteit, megvetett\u00e9k \u00fczeneteit, \u00e9s kinevett\u00e9k pr\u00f3f\u00e9t\u00e1it. V\u00e9g\u00fcl az \u00dar haragja visszavonhatatlanul n\u00e9p\u00e9re z\u00fadult.<br \/>\nEllens\u00e9geik a templomot felgy\u00fajtott\u00e1k, Jeruzs\u00e1lem falait lerombolt\u00e1k, valamennyi palot\u00e1j\u00e1t \u00e9s minden dr\u00e1gas\u00e1g\u00e1t elhamvasztott\u00e1k, \u00e9s teljesen elpuszt\u00edtott\u00e1k. Aki a kardt\u00f3l megmenek\u00fclt, az fogs\u00e1gba ker\u00fclt Babilonba. Szolg\u00e1i lettek a kir\u00e1lynak \u00e9s ut\u00f3dainak, m\u00edg uralomra nem jutott a perzsa kir\u00e1lys\u00e1g. \u00cdgy teljesedett be az \u00darnak Jeremi\u00e1s pr\u00f3f\u00e9ta \u00e1ltal mondott szava: Pusztas\u00e1g lesz az orsz\u00e1g \u00e9s nyugodni fog hetven esztendeig, m\u00edg e nyugalom \u00e1ltal el\u00e9gt\u00e9telt nem szolg\u00e1ltat a megszents\u00e9gtelen\u00edtett szombatok\u00e9rt.<br \/>\nAz \u00dar teljes\u00edteni akarta Jeremi\u00e1s pr\u00f3f\u00e9ta \u00e1ltal mondott szav\u00e1t. Az\u00e9rt K\u00fcrosznak, a perzs\u00e1k kir\u00e1ly\u00e1nak els\u0151 \u00e9v\u00e9ben f\u00f6l\u00e9bresztette K\u00fcrosznak, a perzs\u00e1k kir\u00e1ly\u00e1nak lelk\u00e9t. \u0150 a k\u00f6vetkez\u0151 felh\u00edv\u00e1st int\u00e9zte eg\u00e9sz birodalm\u00e1hoz, m\u00e9gpedig \u00edr\u00e1sban is: \u201e\u00cdgy sz\u00f3l K\u00fcrosz, a perzsa kir\u00e1ly: Az \u00dar, az \u00e9g Istene nekem adta a f\u00f6ld minden orsz\u00e1g\u00e1t. \u0150 megparancsolta, hogy templomot \u00e9p\u00edtsek neki a Jud\u00e1ban fekv\u0151 Jeruzs\u00e1lemben. Aki k\u00f6z\u00fcletek az \u0151 n\u00e9p\u00e9hez tartozik, legyen azzal az \u0151 Istene, \u00e9s t\u00e9rjen haza.\u201d<br \/>\nEz az Isten ig\u00e9je.<\/p>\n<p><span style=\"color: #800080;\">V\u00c1LASZOS ZSOLT\u00c1R (<em>Zsolt 136,1-2.3.4-5.6)<\/em><\/span><br \/>\nV\u00e1lasz:\u00a0<strong>Ragadjon \u00ednyem<u>hez<\/u>\u00a0a nyelvem, * ha nem eml\u00e9kezem meg r\u00f3<u>lad<\/u>.<\/strong>\u00a04g. t\u00f3nus.<br \/>\nEl\u0151\u00e9nekes: Babilon foly\u00f3i mellett \u00fcl<u>t\u00fcnk<\/u>\u00a0\u00e9s s\u00edrtunk, * Sion v\u00e1ros\u00e1ra eml\u00e9kez<u>t\u00fcnk<\/u>.<br \/>\nH\u00e1rf\u00e1inkat f\u0171zf\u00e1kra\u00a0<u>f\u00fcg<\/u>gesztett\u00fck, * azon a f\u00f6l<u>d\u00f6n<\/u>.<br \/>\nH\u00edvek:\u00a0<strong>Ragadjon \u00ednyem<u>hez<\/u>\u00a0a nyelvem, * ha nem eml\u00e9kezem meg r\u00f3<u>lad<\/u>.<\/strong><br \/>\nE: Mert akik elhur<u>col<\/u>tak minket, * dalt akartak hallani t\u0151<u>l\u00fcnk<\/u>.<br \/>\nElnyom\u00f3ink \u00f6r\u00f6m\u00e9neket k\u00f6ve<u>tel<\/u>tek t\u0151l\u00fcnk: * \u201eDaloljatok nek\u00fcnk Sion dalai<u>b\u00f3l<\/u>!\u201d<br \/>\nH:\u00a0<strong>Ragadjon \u00ednyem<u>hez<\/u>\u00a0a nyelvem, * ha nem eml\u00e9kezem meg r\u00f3<u>lad<\/u>.<\/strong><br \/>\nE: Hogyan dalolhatn\u00e1nk az \u00dar\u00a0<u>\u00e9<\/u>nekeit * az idegen f\u00f6l<u>d\u00f6n<\/u>?<br \/>\nHa elfeledn\u00e9lek t\u00e9ged,\u00a0<u>Je<\/u>ruzs\u00e1lem, * sz\u00e1radjon el a jobb ke<u>zem<\/u>!<br \/>\nH:\u00a0<strong>Ragadjon \u00ednyem<u>hez<\/u>\u00a0a nyelvem, * ha nem eml\u00e9kezem meg r\u00f3<u>lad<\/u>.<\/strong><br \/>\nE: Ragadjon \u00ednyem<u>hez<\/u>\u00a0a nyelvem, * ha nem eml\u00e9kezem meg r\u00f3<u>lad<\/u>.<br \/>\nHa nem Jeruzs\u00e1<u>le<\/u>met tartom * legf\u0151bb \u00f6r\u00f6m\u00f6m<u>nek<\/u>.<br \/>\nH:\u00a0<strong>Ragadjon \u00ednyem<u>hez<\/u>\u00a0a nyelvem, * ha nem eml\u00e9kezem meg r\u00f3<u>lad<\/u>.<\/strong><\/p>\n<p><span style=\"color: #800080;\">SZENTLECKE Szent P\u00e1l apostolnak az efezusiakhoz \u00edrt level\u00e9b\u0151l (<em>Ef 2,4-10)<\/em><\/span><br \/>\nTestv\u00e9reim! A v\u00e9gtelen\u00fcl irgalmas Isten azzal mutatta meg nagy szeretet\u00e9t ir\u00e1ntunk, hogy Krisztussal \u00e9letre keltett minket is, b\u0171neink miatt halottakat. \u00cdgy kegyelm\u00e9b\u0151l kapt\u00e1tok az \u00fcdv\u00f6ss\u00e9get. Felt\u00e1masztott minket, \u00e9s Krisztus J\u00e9zusban a mennyeiek k\u00f6z\u00e9 helyezett, hogy az elj\u00f6vend\u0151 korokban J\u00e9zus Krisztusban kinyilv\u00e1n\u00edtsa kegyelm\u00e9nek t\u00fal\u00e1rad\u00f3 b\u0151s\u00e9g\u00e9t, ir\u00e1ntunk val\u00f3 j\u00f3s\u00e1g\u00e1b\u00f3l.<br \/>\nKegyelemb\u0151l r\u00e9szes\u00fcltetek az \u00fcdv\u00f6ss\u00e9gben, a hit \u00e1ltal. Ez teh\u00e1t nem a magatok \u00e9rdeme, hanem Isten aj\u00e1nd\u00e9ka. Nem tetteiteknek k\u00f6sz\u00f6nhetitek, hogy senki se dicsekedhess\u00e9k. Az \u0151 alkot\u00e1sa vagyunk: Krisztus J\u00e9zusban j\u00f3tettekre teremtett minket; ezeket Isten el\u0151re elrendelte, hogy benn\u00fck \u00e9lj\u00fcnk.<br \/>\nEz az Isten ig\u00e9je.<\/p>\n<p><span style=\"color: #800080;\">EVANG\u00c9LIUM EL\u0150TTI VERS<\/span><br \/>\nIsten \u00fagy szerette a vil\u00e1got, hogy egysz\u00fcl\u00f6tt Fi\u00e1t\u00a0<u>ad<\/u>ta \u00e9rte, * hogy \u00f6r\u00f6kk\u00e9 \u00e9ljen minden \u0151<u>ben<\/u>ne h\u00edv\u0151. Jn 3,16 \u2013 1 D<sup><small>2<\/small><\/sup>\u00a0t\u00f3nus.<\/p>\n<p><span style=\"color: #800080;\">\u2020 EVANG\u00c9LIUM Szent J\u00e1nos k\u00f6nyv\u00e9b\u0151l (<em>Jn 3,14-21)<\/em><\/span><br \/>\nAbban az id\u0151ben J\u00e9zus ezt mondta Nikod\u00e9musnak: \u201eAhogy M\u00f3zes f\u00f6lemelte a k\u00edgy\u00f3t a puszt\u00e1ban, \u00fagy fogj\u00e1k f\u00f6lemelni az Emberfi\u00e1t is, hogy aki hisz benne, el ne vesszen, hanem \u00f6r\u00f6kk\u00e9 \u00e9ljen. Mert \u00fagy szerette Isten a vil\u00e1got, hogy egysz\u00fcl\u00f6tt Fi\u00e1t adta oda, hogy aki benne hisz, el ne vesszen, hanem \u00f6r\u00f6k \u00e9lete legyen. Isten nem az\u00e9rt k\u00fcldte Fi\u00e1t a vil\u00e1gba, hogy el\u00edt\u00e9lje a vil\u00e1got, hanem hogy \u00e1ltala \u00fcdv\u00f6z\u00fclj\u00f6n a vil\u00e1g. Aki hisz benne, az nem esik \u00edt\u00e9let al\u00e1, de aki nem hisz, az m\u00e1r \u00edt\u00e9letet vont mag\u00e1ra, mert nem hitt Isten egysz\u00fcl\u00f6tt Fi\u00e1ban.<br \/>\nAz \u00edt\u00e9let ez: A vil\u00e1goss\u00e1g a vil\u00e1gba j\u00f6tt, de az emberek jobban szerett\u00e9k a s\u00f6t\u00e9ts\u00e9get, mint a vil\u00e1goss\u00e1got, mert tetteik gonoszak voltak. Mert mindenki, aki gonoszat tesz, gy\u0171l\u00f6li a vil\u00e1goss\u00e1got, \u00e9s nem megy a vil\u00e1goss\u00e1gra, nehogy napvil\u00e1gra ker\u00fcljenek tettei. Aki azonban az igazs\u00e1got cselekszi, a vil\u00e1goss\u00e1gra megy, hadd nyilv\u00e1nuljanak ki tettei, hogy Isten szerint cselekedte azokat.\u201d<br \/>\nEzek az evang\u00e9lium ig\u00e9i.<\/p>\n<p><span style=\"color: #800080;\">EGYETEMES K\u00d6NY\u00d6RG\u00c9SEK<\/span><br \/>\nPap: K\u00e9rj\u00fck, testv\u00e9reim, Isten kegyelm\u00e9t, hogy felhagyjunk a s\u00f6t\u00e9ts\u00e9g cselekedeteivel, \u00e9s mindenkor az igazs\u00e1g f\u00e9ny\u00e9ben j\u00e1rjunk!<br \/>\nLektor:<br \/>\n1. Engedd, Urunk, hogy h\u00edveid j\u00f3 cselekedetekkel tan\u00fas\u00edts\u00e1k, hogy \u0151k a vil\u00e1goss\u00e1g fiai!<br \/>\nH\u00edvek: K\u00e9r\u00fcnk T\u00e9ged, hallgass meg minket!<br \/>\n2. Add, hogy Szentaty\u00e1nk, Ferenc p\u00e1pa \u00e9s p\u00fcsp\u00f6keink tan\u00edt\u00e1sa a vil\u00e1goss\u00e1g \u00fatj\u00e1n vezesse Egyh\u00e1zadat!<br \/>\nH\u00edvek: K\u00e9r\u00fcnk T\u00e9ged, hallgass meg minket!<br \/>\n3. Add, hogy a nemzetek akaratod szerint igazs\u00e1gos b\u00e9k\u00e9ben \u00e9ljenek!<br \/>\nH\u00edvek: K\u00e9r\u00fcnk T\u00e9ged, hallgass meg minket!<br \/>\n4. Add, hogy a nagyb\u00f6jti b\u0171nb\u00e1natban megtisztuljunk b\u0171neinkt\u0151l, \u00e9s minden tett\u00fcnket a szeretet ir\u00e1ny\u00edtsa!<br \/>\nH\u00edvek: K\u00e9r\u00fcnk T\u00e9ged, hallgass meg minket!<br \/>\n5. Egyes\u00edtsd pl\u00e9b\u00e1ni\u00e1nk b\u0171nb\u00e1natban meg\u00fajult n\u00e9p\u00e9t a szentmise\u00e1ldozat szeretetk\u00f6z\u00f6ss\u00e9g\u00e9ben!<br \/>\nH\u00edvek: K\u00e9r\u00fcnk T\u00e9ged, hallgass meg minket!<br \/>\nPap: Mennyei Aty\u00e1nk! Seg\u00edts minket kegyelmeddel, hogy a nagyb\u00f6jti b\u0171nb\u00e1natban teljesen megtisztuljunk, \u00e9s a vil\u00e1goss\u00e1g fiai lehess\u00fcnk! Krisztus, a mi Urunk \u00e1ltal.<br \/>\nH\u00edvek: \u00c1men.<\/p>\n<p><span style=\"color: #800080;\">Felaj\u00e1nl\u00f3 k\u00f6ny\u00f6rg\u00e9s:<\/span><br \/>\n\u00d6r\u00f6mmel aj\u00e1nljuk fel neked, Isten\u00fcnk, \u00e1ldozatunkat, hogy az \u00f6r\u00f6k \u00e9let kenyere legyen bel\u0151le. K\u00e9rve k\u00e9r\u00fcnk, seg\u00edts, hogy h\u00edv\u0151 tisztelettel vegy\u00fck k\u00f6r\u00fcl, \u00e9s m\u00e9lt\u00f3k\u00e9ppen mutassuk be a vil\u00e1g \u00fcdv\u00f6ss\u00e9g\u00e9re. Krisztus, a mi Urunk \u00e1ltal.<\/p>\n<p><span style=\"color: #800080;\">Pref\u00e1ci\u00f3:<\/span><br \/>\n<em>a vakon sz\u00fcletettr\u0151l<\/em><br \/>\nAz \u00dar legyen veletek.<br \/>\nH.: \u00c9s a te lelkeddel.<br \/>\nEmelj\u00fck f\u00f6l sz\u00edv\u00fcnket.<br \/>\nH.: F\u00f6lemelt\u00fck az \u00darhoz.<br \/>\nAdjunk h\u00e1l\u00e1t Urunknak, Isten\u00fcnknek.<br \/>\nH.: M\u00e9lt\u00f3 \u00e9s igazs\u00e1gos.<br \/>\n(Mert) Val\u00f3ban m\u00e9lt\u00f3 \u00e9s igazs\u00e1gos, ill\u0151 \u00e9s \u00fcdv\u00f6s, hogy mindig \u00e9s minden\u00fctt h\u00e1l\u00e1t adjunk n\u00e9ked, mi Urunk, szents\u00e9ges Aty\u00e1nk, mindenhat\u00f3 \u00f6r\u00f6k Isten: Krisztus, a mi Urunk \u00e1ltal.<br \/>\nAz emberis\u00e9g a s\u00f6t\u00e9tben t\u00e9velygett, de \u0151 a hit vil\u00e1goss\u00e1g\u00e1ra vezette megtestes\u00fcl\u00e9s\u00e9nek titka \u00e1ltal, \u00e9s akiket az \u0151sb\u0171n sz\u00fclet\u00e9s\u00fckt\u0151l szolgas\u00e1gra vetett, \u2013 a keresztv\u00edz \u00c1Ltal Isten gyermekeiv\u00e9 fogadta.<br \/>\nAz \u00e9g \u00e9s a f\u00f6ld ez\u00e9rt \u00e9nekli n\u00e9ked az im\u00e1d\u00e1s \u00faj \u00e9nek\u00e9t, \u00e9s mi is, az angyalok sereg\u00e9vel egy\u00fctt \u2013 hangos sz\u00f3val HIRdetj\u00fck \u00e9s v\u00e9g n\u00e9lk\u00fcl mondjuk: (zengj\u00fck:)<\/p>\n<p><span style=\"color: #800080;\">\u00c1ldoz\u00e1si \u00e9nek:<\/span><br \/>\n<em>Ha a vakon sz\u00fcletettr\u0151l sz\u00f3l\u00f3 Evang\u00e9liumot olvastuk:<\/em><br \/>\nAz \u00dar megkente szememet; elmentem, megmostam, \u00edme l\u00e1tok \u00e9s hiszek Istenben. (V\u00f6. Jn 9,11)<\/p>\n<p><em>vagy ha az Evang\u00e9lium a t\u00e9kozl\u00f3 fi\u00far\u00f3l sz\u00f3lt:<\/em><br \/>\n\u00d6r\u00fcln\u00f6d kell, fiam, mert testv\u00e9red halott volt, \u00e9s \u00e9letre kelt, elveszett \u00e9s hazaker\u00fclt. (Lk 15,32)<\/p>\n<p><em>vagy ha m\u00e1sr\u00f3l sz\u00f3lt az Evang\u00e9lium:<\/em><br \/>\nA szent v\u00e1ros szil\u00e1rdan \u00e1ll: biztos v\u00e9delmet ny\u00fajt mindenkinek. Oda vonulnak az \u00dar v\u00e1lasztottai, hogy magasztalj\u00e1k az \u00dar nev\u00e9t. (Zsolt 121,3-4)<\/p>\n<p><span style=\"color: #800080;\">\u00c1ldoz\u00e1s ut\u00e1ni k\u00f6ny\u00f6rg\u00e9s:<\/span><br \/>\nIsten\u00fcnk, Te megvil\u00e1gos\u00edtasz minden embert, aki a vil\u00e1gra sz\u00fcletik. K\u00e9r\u00fcnk, ragyogja be sz\u00edv\u00fcnket kegyelmed f\u00e9nye, hogy mindig \u00fagy gondolkodjunk, ahogy Hozz\u00e1d m\u00e9lt\u00f3, f\u00f6ls\u00e9gednek kedves, \u00e9s \u0151szint\u00e9n szeress\u00fcnk T\u00e9ged. Krisztus, a mi Urunk \u00e1ltal.<\/p>\n","protected":false},"excerpt":{"rendered":"<p>Kezd\u0151\u00e9nek: \u00d6rvendezz, Isten n\u00e9pe! Gy\u0171ljetek \u00f6ssze mind, akiknek kedves az \u00dar \u00fcgye. Sz\u00edvb\u0151l \u00f6r\u00fcljetek, akik azel\u0151tt szomorkodtatok. Vigasztal\u00f3djatok meg, mint a gyermek megnyugszik anyja kebel\u00e9n. (V\u00f6. Iz 66,10-11) K\u00f6ny\u00f6rg\u00e9s: Isten\u00fcnk, Te szent Fiad \u00e1ltal csod\u00e1latos m\u00f3don magadhoz b\u00e9k\u00edtetted az emberis\u00e9get. Engedd, k\u00e9r\u00fcnk, hogy kereszt\u00e9ny n\u00e9ped k\u00e9szs\u00e9ges \u00f6n\u00e1tad\u00e1ssal \u00e9s \u00e9l\u0151 hittel k\u00e9sz\u00fclj\u00f6n a k\u00f6zelg\u0151 \u00fcnnepekre. A mi Urunk, J\u00e9zus Krisztus, a Te Fiad \u00e1ltal, aki Veled \u00e9l \u00e9s uralkodik a Szentl\u00e9lekkel egys\u00e9gben, Isten mind\u00f6r\u00f6kk\u00f6n \u00f6r\u00f6kk\u00e9. OLVASM\u00c1NY a Kr\u00f3nik\u00e1k m\u00e1sodik k\u00f6nyv\u00e9b\u0151l (2Kr\u00f3n 36,14-16.19-23) Cidkij\u00e1nak, Juda utols\u00f3 kir\u00e1ly\u00e1nak napjaiban nemcsak a n\u00e9p, hanem a papok \u00f6sszes el\u00f6lj\u00e1r\u00f3i is sok-sok h\u0171tlens\u00e9get k\u00f6vettek el, ut\u00e1nozva a nemzetek valamennyi iszonyatos dolg\u00e1t. Megszents\u00e9gtelen\u00edtett\u00e9k az \u00dar templom\u00e1t, amelyet pedig \u0151 tett szentt\u00e9 Jeruzs\u00e1lemben. Az \u00dar, aty\u00e1ik Istene, k\u00f6vetei \u00e1ltal m\u00e9g j\u00f3kor \u00e9s ism\u00e9telten elk\u00fcldte hozz\u00e1juk figyelmeztet\u00e9seit. K\u00edm\u00e9lni akarta n\u00e9p\u00e9t \u00e9s a maga lak\u00f3hely\u00e9t. De \u0151k kig\u00fanyolt\u00e1k Isten k\u00f6veteit, megvetett\u00e9k \u00fczeneteit, \u00e9s kinevett\u00e9k pr\u00f3f\u00e9t\u00e1it. V\u00e9g\u00fcl az \u00dar haragja visszavonhatatlanul n\u00e9p\u00e9re z\u00fadult. Ellens\u00e9geik a templomot felgy\u00fajtott\u00e1k, Jeruzs\u00e1lem falait lerombolt\u00e1k, valamennyi palot\u00e1j\u00e1t \u00e9s minden dr\u00e1gas\u00e1g\u00e1t elhamvasztott\u00e1k, \u00e9s teljesen elpuszt\u00edtott\u00e1k. Aki a kardt\u00f3l megmenek\u00fclt, az fogs\u00e1gba ker\u00fclt Babilonba. Szolg\u00e1i lettek a kir\u00e1lynak \u00e9s ut\u00f3dainak, m\u00edg uralomra nem jutott a perzsa kir\u00e1lys\u00e1g. \u00cdgy teljesedett be az \u00darnak Jeremi\u00e1s pr\u00f3f\u00e9ta \u00e1ltal mondott szava: Pusztas\u00e1g lesz az orsz\u00e1g \u00e9s nyugodni fog hetven esztendeig, m\u00edg e nyugalom \u00e1ltal el\u00e9gt\u00e9telt nem szolg\u00e1ltat a megszents\u00e9gtelen\u00edtett szombatok\u00e9rt. Az \u00dar teljes\u00edteni akarta Jeremi\u00e1s pr\u00f3f\u00e9ta \u00e1ltal mondott szav\u00e1t. Az\u00e9rt K\u00fcrosznak, a perzs\u00e1k kir\u00e1ly\u00e1nak els\u0151 \u00e9v\u00e9ben f\u00f6l\u00e9bresztette K\u00fcrosznak, a perzs\u00e1k kir\u00e1ly\u00e1nak lelk\u00e9t. \u0150 a k\u00f6vetkez\u0151 felh\u00edv\u00e1st int\u00e9zte eg\u00e9sz birodalm\u00e1hoz, m\u00e9gpedig \u00edr\u00e1sban is: \u201e\u00cdgy sz\u00f3l K\u00fcrosz, a perzsa kir\u00e1ly: Az \u00dar, az \u00e9g Istene nekem adta a f\u00f6ld minden orsz\u00e1g\u00e1t. \u0150 megparancsolta, hogy templomot \u00e9p\u00edtsek neki a Jud\u00e1ban fekv\u0151 Jeruzs\u00e1lemben. Aki k\u00f6z\u00fcletek az \u0151 n\u00e9p\u00e9hez tartozik, legyen azzal az \u0151 Istene, \u00e9s t\u00e9rjen haza.\u201d Ez az Isten ig\u00e9je. V\u00c1LASZOS ZSOLT\u00c1R (Zsolt 136,1-2.3.4-5.6) V\u00e1lasz:\u00a0Ragadjon&#8230; <\/p>\n<p><a class=\"readmore\" href=\"https:\/\/stuttgarti-katolikusok.de\/index.php\/nagybojt-4-vasarnapja\/\">R\u00e9szletek<\/a><\/p>\n","protected":false},"author":3,"featured_media":21407,"comment_status":"closed","ping_status":"closed","sticky":false,"template":"","format":"standard","meta":{"footnotes":""},"categories":[63],"tags":[],"class_list":["post-21465","post","type-post","status-publish","format-standard","has-post-thumbnail","hentry","category-vasarnapi-gondolatok"],"yoast_head":"<!-- This site is optimized with the Yoast SEO plugin v27.3 - https:\/\/yoast.com\/product\/yoast-seo-wordpress\/ -->\n<title>Nagyb\u00f6jt 4. vas\u00e1rnapja - Stuttgarti Katolikusok<\/title>\n<meta name=\"robots\" content=\"index, follow, max-snippet:-1, max-image-preview:large, max-video-preview:-1\" \/>\n<link rel=\"canonical\" href=\"https:\/\/stuttgarti-katolikusok.de\/index.php\/nagybojt-4-vasarnapja\/\" \/>\n<meta property=\"og:locale\" content=\"hu_HU\" \/>\n<meta property=\"og:type\" content=\"article\" \/>\n<meta property=\"og:title\" content=\"Nagyb\u00f6jt 4. vas\u00e1rnapja - Stuttgarti Katolikusok\" \/>\n<meta property=\"og:description\" content=\"Kezd\u0151\u00e9nek: \u00d6rvendezz, Isten n\u00e9pe! Gy\u0171ljetek \u00f6ssze mind, akiknek kedves az \u00dar \u00fcgye. Sz\u00edvb\u0151l \u00f6r\u00fcljetek, akik azel\u0151tt szomorkodtatok. Vigasztal\u00f3djatok meg, mint a gyermek megnyugszik anyja kebel\u00e9n. (V\u00f6. Iz 66,10-11) K\u00f6ny\u00f6rg\u00e9s: Isten\u00fcnk, Te szent Fiad \u00e1ltal csod\u00e1latos m\u00f3don magadhoz b\u00e9k\u00edtetted az emberis\u00e9get. Engedd, k\u00e9r\u00fcnk, hogy kereszt\u00e9ny n\u00e9ped k\u00e9szs\u00e9ges \u00f6n\u00e1tad\u00e1ssal \u00e9s \u00e9l\u0151 hittel k\u00e9sz\u00fclj\u00f6n a k\u00f6zelg\u0151 \u00fcnnepekre. A mi Urunk, J\u00e9zus Krisztus, a Te Fiad \u00e1ltal, aki Veled \u00e9l \u00e9s uralkodik a Szentl\u00e9lekkel egys\u00e9gben, Isten mind\u00f6r\u00f6kk\u00f6n \u00f6r\u00f6kk\u00e9. OLVASM\u00c1NY a Kr\u00f3nik\u00e1k m\u00e1sodik k\u00f6nyv\u00e9b\u0151l (2Kr\u00f3n 36,14-16.19-23) Cidkij\u00e1nak, Juda utols\u00f3 kir\u00e1ly\u00e1nak napjaiban nemcsak a n\u00e9p, hanem a papok \u00f6sszes el\u00f6lj\u00e1r\u00f3i is sok-sok h\u0171tlens\u00e9get k\u00f6vettek el, ut\u00e1nozva a nemzetek valamennyi iszonyatos dolg\u00e1t. Megszents\u00e9gtelen\u00edtett\u00e9k az \u00dar templom\u00e1t, amelyet pedig \u0151 tett szentt\u00e9 Jeruzs\u00e1lemben. Az \u00dar, aty\u00e1ik Istene, k\u00f6vetei \u00e1ltal m\u00e9g j\u00f3kor \u00e9s ism\u00e9telten elk\u00fcldte hozz\u00e1juk figyelmeztet\u00e9seit. K\u00edm\u00e9lni akarta n\u00e9p\u00e9t \u00e9s a maga lak\u00f3hely\u00e9t. De \u0151k kig\u00fanyolt\u00e1k Isten k\u00f6veteit, megvetett\u00e9k \u00fczeneteit, \u00e9s kinevett\u00e9k pr\u00f3f\u00e9t\u00e1it. V\u00e9g\u00fcl az \u00dar haragja visszavonhatatlanul n\u00e9p\u00e9re z\u00fadult. Ellens\u00e9geik a templomot felgy\u00fajtott\u00e1k, Jeruzs\u00e1lem falait lerombolt\u00e1k, valamennyi palot\u00e1j\u00e1t \u00e9s minden dr\u00e1gas\u00e1g\u00e1t elhamvasztott\u00e1k, \u00e9s teljesen elpuszt\u00edtott\u00e1k. Aki a kardt\u00f3l megmenek\u00fclt, az fogs\u00e1gba ker\u00fclt Babilonba. Szolg\u00e1i lettek a kir\u00e1lynak \u00e9s ut\u00f3dainak, m\u00edg uralomra nem jutott a perzsa kir\u00e1lys\u00e1g. \u00cdgy teljesedett be az \u00darnak Jeremi\u00e1s pr\u00f3f\u00e9ta \u00e1ltal mondott szava: Pusztas\u00e1g lesz az orsz\u00e1g \u00e9s nyugodni fog hetven esztendeig, m\u00edg e nyugalom \u00e1ltal el\u00e9gt\u00e9telt nem szolg\u00e1ltat a megszents\u00e9gtelen\u00edtett szombatok\u00e9rt. Az \u00dar teljes\u00edteni akarta Jeremi\u00e1s pr\u00f3f\u00e9ta \u00e1ltal mondott szav\u00e1t. Az\u00e9rt K\u00fcrosznak, a perzs\u00e1k kir\u00e1ly\u00e1nak els\u0151 \u00e9v\u00e9ben f\u00f6l\u00e9bresztette K\u00fcrosznak, a perzs\u00e1k kir\u00e1ly\u00e1nak lelk\u00e9t. \u0150 a k\u00f6vetkez\u0151 felh\u00edv\u00e1st int\u00e9zte eg\u00e9sz birodalm\u00e1hoz, m\u00e9gpedig \u00edr\u00e1sban is: \u201e\u00cdgy sz\u00f3l K\u00fcrosz, a perzsa kir\u00e1ly: Az \u00dar, az \u00e9g Istene nekem adta a f\u00f6ld minden orsz\u00e1g\u00e1t. \u0150 megparancsolta, hogy templomot \u00e9p\u00edtsek neki a Jud\u00e1ban fekv\u0151 Jeruzs\u00e1lemben. Aki k\u00f6z\u00fcletek az \u0151 n\u00e9p\u00e9hez tartozik, legyen azzal az \u0151 Istene, \u00e9s t\u00e9rjen haza.\u201d Ez az Isten ig\u00e9je. V\u00c1LASZOS ZSOLT\u00c1R (Zsolt 136,1-2.3.4-5.6) V\u00e1lasz:\u00a0Ragadjon... R\u00e9szletek\" \/>\n<meta property=\"og:url\" content=\"https:\/\/stuttgarti-katolikusok.de\/index.php\/nagybojt-4-vasarnapja\/\" \/>\n<meta property=\"og:site_name\" content=\"Stuttgarti Katolikusok\" \/>\n<meta property=\"article:published_time\" content=\"2021-03-14T20:37:01+00:00\" \/>\n<meta property=\"article:modified_time\" content=\"2021-05-11T14:32:47+00:00\" \/>\n<meta property=\"og:image\" content=\"https:\/\/stuttgarti-katolikusok.de\/wp-content\/uploads\/2021\/03\/church-window-2294959-1280-1.jpg\" \/>\n\t<meta property=\"og:image:width\" content=\"1280\" \/>\n\t<meta property=\"og:image:height\" content=\"765\" \/>\n\t<meta property=\"og:image:type\" content=\"image\/jpeg\" \/>\n<meta name=\"author\" content=\"Tibor atya\" \/>\n<meta name=\"twitter:card\" content=\"summary_large_image\" \/>\n<meta name=\"twitter:label1\" content=\"Szerz\u0151:\" \/>\n\t<meta name=\"twitter:data1\" content=\"Tibor atya\" \/>\n\t<meta name=\"twitter:label2\" content=\"Becs\u00fclt olvas\u00e1si id\u0151\" \/>\n\t<meta name=\"twitter:data2\" content=\"8 perc\" \/>\n<script type=\"application\/ld+json\" class=\"yoast-schema-graph\">{\"@context\":\"https:\\\/\\\/schema.org\",\"@graph\":[{\"@type\":\"Article\",\"@id\":\"https:\\\/\\\/stuttgarti-katolikusok.de\\\/index.php\\\/nagybojt-4-vasarnapja\\\/#article\",\"isPartOf\":{\"@id\":\"https:\\\/\\\/stuttgarti-katolikusok.de\\\/index.php\\\/nagybojt-4-vasarnapja\\\/\"},\"author\":{\"name\":\"Tibor atya\",\"@id\":\"https:\\\/\\\/stuttgarti-katolikusok.de\\\/#\\\/schema\\\/person\\\/75908d6f8fdc03a57889d27209df7795\"},\"headline\":\"Nagyb\u00f6jt 4. vas\u00e1rnapja\",\"datePublished\":\"2021-03-14T20:37:01+00:00\",\"dateModified\":\"2021-05-11T14:32:47+00:00\",\"mainEntityOfPage\":{\"@id\":\"https:\\\/\\\/stuttgarti-katolikusok.de\\\/index.php\\\/nagybojt-4-vasarnapja\\\/\"},\"wordCount\":1631,\"image\":{\"@id\":\"https:\\\/\\\/stuttgarti-katolikusok.de\\\/index.php\\\/nagybojt-4-vasarnapja\\\/#primaryimage\"},\"thumbnailUrl\":\"https:\\\/\\\/stuttgarti-katolikusok.de\\\/wp-content\\\/uploads\\\/2021\\\/03\\\/church-window-2294959-1280-1.jpg\",\"articleSection\":[\"Vas\u00e1rnapi gondolatok\"],\"inLanguage\":\"hu\"},{\"@type\":\"WebPage\",\"@id\":\"https:\\\/\\\/stuttgarti-katolikusok.de\\\/index.php\\\/nagybojt-4-vasarnapja\\\/\",\"url\":\"https:\\\/\\\/stuttgarti-katolikusok.de\\\/index.php\\\/nagybojt-4-vasarnapja\\\/\",\"name\":\"Nagyb\u00f6jt 4. vas\u00e1rnapja - Stuttgarti Katolikusok\",\"isPartOf\":{\"@id\":\"https:\\\/\\\/stuttgarti-katolikusok.de\\\/#website\"},\"primaryImageOfPage\":{\"@id\":\"https:\\\/\\\/stuttgarti-katolikusok.de\\\/index.php\\\/nagybojt-4-vasarnapja\\\/#primaryimage\"},\"image\":{\"@id\":\"https:\\\/\\\/stuttgarti-katolikusok.de\\\/index.php\\\/nagybojt-4-vasarnapja\\\/#primaryimage\"},\"thumbnailUrl\":\"https:\\\/\\\/stuttgarti-katolikusok.de\\\/wp-content\\\/uploads\\\/2021\\\/03\\\/church-window-2294959-1280-1.jpg\",\"datePublished\":\"2021-03-14T20:37:01+00:00\",\"dateModified\":\"2021-05-11T14:32:47+00:00\",\"author\":{\"@id\":\"https:\\\/\\\/stuttgarti-katolikusok.de\\\/#\\\/schema\\\/person\\\/75908d6f8fdc03a57889d27209df7795\"},\"breadcrumb\":{\"@id\":\"https:\\\/\\\/stuttgarti-katolikusok.de\\\/index.php\\\/nagybojt-4-vasarnapja\\\/#breadcrumb\"},\"inLanguage\":\"hu\",\"potentialAction\":[{\"@type\":\"ReadAction\",\"target\":[\"https:\\\/\\\/stuttgarti-katolikusok.de\\\/index.php\\\/nagybojt-4-vasarnapja\\\/\"]}]},{\"@type\":\"ImageObject\",\"inLanguage\":\"hu\",\"@id\":\"https:\\\/\\\/stuttgarti-katolikusok.de\\\/index.php\\\/nagybojt-4-vasarnapja\\\/#primaryimage\",\"url\":\"https:\\\/\\\/stuttgarti-katolikusok.de\\\/wp-content\\\/uploads\\\/2021\\\/03\\\/church-window-2294959-1280-1.jpg\",\"contentUrl\":\"https:\\\/\\\/stuttgarti-katolikusok.de\\\/wp-content\\\/uploads\\\/2021\\\/03\\\/church-window-2294959-1280-1.jpg\",\"width\":1280,\"height\":765},{\"@type\":\"BreadcrumbList\",\"@id\":\"https:\\\/\\\/stuttgarti-katolikusok.de\\\/index.php\\\/nagybojt-4-vasarnapja\\\/#breadcrumb\",\"itemListElement\":[{\"@type\":\"ListItem\",\"position\":1,\"name\":\"Kezd\u0151lap\",\"item\":\"https:\\\/\\\/stuttgarti-katolikusok.de\\\/\"},{\"@type\":\"ListItem\",\"position\":2,\"name\":\"Nagyb\u00f6jt 4. vas\u00e1rnapja\"}]},{\"@type\":\"WebSite\",\"@id\":\"https:\\\/\\\/stuttgarti-katolikusok.de\\\/#website\",\"url\":\"https:\\\/\\\/stuttgarti-katolikusok.de\\\/\",\"name\":\"Stuttgarti Katolikusok\",\"description\":\"\",\"potentialAction\":[{\"@type\":\"SearchAction\",\"target\":{\"@type\":\"EntryPoint\",\"urlTemplate\":\"https:\\\/\\\/stuttgarti-katolikusok.de\\\/?s={search_term_string}\"},\"query-input\":{\"@type\":\"PropertyValueSpecification\",\"valueRequired\":true,\"valueName\":\"search_term_string\"}}],\"inLanguage\":\"hu\"},{\"@type\":\"Person\",\"@id\":\"https:\\\/\\\/stuttgarti-katolikusok.de\\\/#\\\/schema\\\/person\\\/75908d6f8fdc03a57889d27209df7795\",\"name\":\"Tibor atya\",\"image\":{\"@type\":\"ImageObject\",\"inLanguage\":\"hu\",\"@id\":\"https:\\\/\\\/secure.gravatar.com\\\/avatar\\\/61d268e57d1f4525b111222e29d2d5a7f8c420fdbf231ba5566a8ceac74fa960?s=96&d=mm&r=g\",\"url\":\"https:\\\/\\\/secure.gravatar.com\\\/avatar\\\/61d268e57d1f4525b111222e29d2d5a7f8c420fdbf231ba5566a8ceac74fa960?s=96&d=mm&r=g\",\"contentUrl\":\"https:\\\/\\\/secure.gravatar.com\\\/avatar\\\/61d268e57d1f4525b111222e29d2d5a7f8c420fdbf231ba5566a8ceac74fa960?s=96&d=mm&r=g\",\"caption\":\"Tibor atya\"},\"url\":\"https:\\\/\\\/stuttgarti-katolikusok.de\\\/index.php\\\/author\\\/tibor-atya\\\/\"}]}<\/script>\n<!-- \/ Yoast SEO plugin. -->","yoast_head_json":{"title":"Nagyb\u00f6jt 4. vas\u00e1rnapja - Stuttgarti Katolikusok","robots":{"index":"index","follow":"follow","max-snippet":"max-snippet:-1","max-image-preview":"max-image-preview:large","max-video-preview":"max-video-preview:-1"},"canonical":"https:\/\/stuttgarti-katolikusok.de\/index.php\/nagybojt-4-vasarnapja\/","og_locale":"hu_HU","og_type":"article","og_title":"Nagyb\u00f6jt 4. vas\u00e1rnapja - Stuttgarti Katolikusok","og_description":"Kezd\u0151\u00e9nek: \u00d6rvendezz, Isten n\u00e9pe! Gy\u0171ljetek \u00f6ssze mind, akiknek kedves az \u00dar \u00fcgye. Sz\u00edvb\u0151l \u00f6r\u00fcljetek, akik azel\u0151tt szomorkodtatok. Vigasztal\u00f3djatok meg, mint a gyermek megnyugszik anyja kebel\u00e9n. (V\u00f6. Iz 66,10-11) K\u00f6ny\u00f6rg\u00e9s: Isten\u00fcnk, Te szent Fiad \u00e1ltal csod\u00e1latos m\u00f3don magadhoz b\u00e9k\u00edtetted az emberis\u00e9get. Engedd, k\u00e9r\u00fcnk, hogy kereszt\u00e9ny n\u00e9ped k\u00e9szs\u00e9ges \u00f6n\u00e1tad\u00e1ssal \u00e9s \u00e9l\u0151 hittel k\u00e9sz\u00fclj\u00f6n a k\u00f6zelg\u0151 \u00fcnnepekre. A mi Urunk, J\u00e9zus Krisztus, a Te Fiad \u00e1ltal, aki Veled \u00e9l \u00e9s uralkodik a Szentl\u00e9lekkel egys\u00e9gben, Isten mind\u00f6r\u00f6kk\u00f6n \u00f6r\u00f6kk\u00e9. OLVASM\u00c1NY a Kr\u00f3nik\u00e1k m\u00e1sodik k\u00f6nyv\u00e9b\u0151l (2Kr\u00f3n 36,14-16.19-23) Cidkij\u00e1nak, Juda utols\u00f3 kir\u00e1ly\u00e1nak napjaiban nemcsak a n\u00e9p, hanem a papok \u00f6sszes el\u00f6lj\u00e1r\u00f3i is sok-sok h\u0171tlens\u00e9get k\u00f6vettek el, ut\u00e1nozva a nemzetek valamennyi iszonyatos dolg\u00e1t. Megszents\u00e9gtelen\u00edtett\u00e9k az \u00dar templom\u00e1t, amelyet pedig \u0151 tett szentt\u00e9 Jeruzs\u00e1lemben. Az \u00dar, aty\u00e1ik Istene, k\u00f6vetei \u00e1ltal m\u00e9g j\u00f3kor \u00e9s ism\u00e9telten elk\u00fcldte hozz\u00e1juk figyelmeztet\u00e9seit. K\u00edm\u00e9lni akarta n\u00e9p\u00e9t \u00e9s a maga lak\u00f3hely\u00e9t. De \u0151k kig\u00fanyolt\u00e1k Isten k\u00f6veteit, megvetett\u00e9k \u00fczeneteit, \u00e9s kinevett\u00e9k pr\u00f3f\u00e9t\u00e1it. V\u00e9g\u00fcl az \u00dar haragja visszavonhatatlanul n\u00e9p\u00e9re z\u00fadult. Ellens\u00e9geik a templomot felgy\u00fajtott\u00e1k, Jeruzs\u00e1lem falait lerombolt\u00e1k, valamennyi palot\u00e1j\u00e1t \u00e9s minden dr\u00e1gas\u00e1g\u00e1t elhamvasztott\u00e1k, \u00e9s teljesen elpuszt\u00edtott\u00e1k. Aki a kardt\u00f3l megmenek\u00fclt, az fogs\u00e1gba ker\u00fclt Babilonba. Szolg\u00e1i lettek a kir\u00e1lynak \u00e9s ut\u00f3dainak, m\u00edg uralomra nem jutott a perzsa kir\u00e1lys\u00e1g. \u00cdgy teljesedett be az \u00darnak Jeremi\u00e1s pr\u00f3f\u00e9ta \u00e1ltal mondott szava: Pusztas\u00e1g lesz az orsz\u00e1g \u00e9s nyugodni fog hetven esztendeig, m\u00edg e nyugalom \u00e1ltal el\u00e9gt\u00e9telt nem szolg\u00e1ltat a megszents\u00e9gtelen\u00edtett szombatok\u00e9rt. Az \u00dar teljes\u00edteni akarta Jeremi\u00e1s pr\u00f3f\u00e9ta \u00e1ltal mondott szav\u00e1t. Az\u00e9rt K\u00fcrosznak, a perzs\u00e1k kir\u00e1ly\u00e1nak els\u0151 \u00e9v\u00e9ben f\u00f6l\u00e9bresztette K\u00fcrosznak, a perzs\u00e1k kir\u00e1ly\u00e1nak lelk\u00e9t. \u0150 a k\u00f6vetkez\u0151 felh\u00edv\u00e1st int\u00e9zte eg\u00e9sz birodalm\u00e1hoz, m\u00e9gpedig \u00edr\u00e1sban is: \u201e\u00cdgy sz\u00f3l K\u00fcrosz, a perzsa kir\u00e1ly: Az \u00dar, az \u00e9g Istene nekem adta a f\u00f6ld minden orsz\u00e1g\u00e1t. \u0150 megparancsolta, hogy templomot \u00e9p\u00edtsek neki a Jud\u00e1ban fekv\u0151 Jeruzs\u00e1lemben. Aki k\u00f6z\u00fcletek az \u0151 n\u00e9p\u00e9hez tartozik, legyen azzal az \u0151 Istene, \u00e9s t\u00e9rjen haza.\u201d Ez az Isten ig\u00e9je. V\u00c1LASZOS ZSOLT\u00c1R (Zsolt 136,1-2.3.4-5.6) V\u00e1lasz:\u00a0Ragadjon... R\u00e9szletek","og_url":"https:\/\/stuttgarti-katolikusok.de\/index.php\/nagybojt-4-vasarnapja\/","og_site_name":"Stuttgarti Katolikusok","article_published_time":"2021-03-14T20:37:01+00:00","article_modified_time":"2021-05-11T14:32:47+00:00","og_image":[{"width":1280,"height":765,"url":"https:\/\/stuttgarti-katolikusok.de\/wp-content\/uploads\/2021\/03\/church-window-2294959-1280-1.jpg","type":"image\/jpeg"}],"author":"Tibor atya","twitter_card":"summary_large_image","twitter_misc":{"Szerz\u0151:":"Tibor atya","Becs\u00fclt olvas\u00e1si id\u0151":"8 perc"},"schema":{"@context":"https:\/\/schema.org","@graph":[{"@type":"Article","@id":"https:\/\/stuttgarti-katolikusok.de\/index.php\/nagybojt-4-vasarnapja\/#article","isPartOf":{"@id":"https:\/\/stuttgarti-katolikusok.de\/index.php\/nagybojt-4-vasarnapja\/"},"author":{"name":"Tibor atya","@id":"https:\/\/stuttgarti-katolikusok.de\/#\/schema\/person\/75908d6f8fdc03a57889d27209df7795"},"headline":"Nagyb\u00f6jt 4. vas\u00e1rnapja","datePublished":"2021-03-14T20:37:01+00:00","dateModified":"2021-05-11T14:32:47+00:00","mainEntityOfPage":{"@id":"https:\/\/stuttgarti-katolikusok.de\/index.php\/nagybojt-4-vasarnapja\/"},"wordCount":1631,"image":{"@id":"https:\/\/stuttgarti-katolikusok.de\/index.php\/nagybojt-4-vasarnapja\/#primaryimage"},"thumbnailUrl":"https:\/\/stuttgarti-katolikusok.de\/wp-content\/uploads\/2021\/03\/church-window-2294959-1280-1.jpg","articleSection":["Vas\u00e1rnapi gondolatok"],"inLanguage":"hu"},{"@type":"WebPage","@id":"https:\/\/stuttgarti-katolikusok.de\/index.php\/nagybojt-4-vasarnapja\/","url":"https:\/\/stuttgarti-katolikusok.de\/index.php\/nagybojt-4-vasarnapja\/","name":"Nagyb\u00f6jt 4. vas\u00e1rnapja - Stuttgarti Katolikusok","isPartOf":{"@id":"https:\/\/stuttgarti-katolikusok.de\/#website"},"primaryImageOfPage":{"@id":"https:\/\/stuttgarti-katolikusok.de\/index.php\/nagybojt-4-vasarnapja\/#primaryimage"},"image":{"@id":"https:\/\/stuttgarti-katolikusok.de\/index.php\/nagybojt-4-vasarnapja\/#primaryimage"},"thumbnailUrl":"https:\/\/stuttgarti-katolikusok.de\/wp-content\/uploads\/2021\/03\/church-window-2294959-1280-1.jpg","datePublished":"2021-03-14T20:37:01+00:00","dateModified":"2021-05-11T14:32:47+00:00","author":{"@id":"https:\/\/stuttgarti-katolikusok.de\/#\/schema\/person\/75908d6f8fdc03a57889d27209df7795"},"breadcrumb":{"@id":"https:\/\/stuttgarti-katolikusok.de\/index.php\/nagybojt-4-vasarnapja\/#breadcrumb"},"inLanguage":"hu","potentialAction":[{"@type":"ReadAction","target":["https:\/\/stuttgarti-katolikusok.de\/index.php\/nagybojt-4-vasarnapja\/"]}]},{"@type":"ImageObject","inLanguage":"hu","@id":"https:\/\/stuttgarti-katolikusok.de\/index.php\/nagybojt-4-vasarnapja\/#primaryimage","url":"https:\/\/stuttgarti-katolikusok.de\/wp-content\/uploads\/2021\/03\/church-window-2294959-1280-1.jpg","contentUrl":"https:\/\/stuttgarti-katolikusok.de\/wp-content\/uploads\/2021\/03\/church-window-2294959-1280-1.jpg","width":1280,"height":765},{"@type":"BreadcrumbList","@id":"https:\/\/stuttgarti-katolikusok.de\/index.php\/nagybojt-4-vasarnapja\/#breadcrumb","itemListElement":[{"@type":"ListItem","position":1,"name":"Kezd\u0151lap","item":"https:\/\/stuttgarti-katolikusok.de\/"},{"@type":"ListItem","position":2,"name":"Nagyb\u00f6jt 4. vas\u00e1rnapja"}]},{"@type":"WebSite","@id":"https:\/\/stuttgarti-katolikusok.de\/#website","url":"https:\/\/stuttgarti-katolikusok.de\/","name":"Stuttgarti Katolikusok","description":"","potentialAction":[{"@type":"SearchAction","target":{"@type":"EntryPoint","urlTemplate":"https:\/\/stuttgarti-katolikusok.de\/?s={search_term_string}"},"query-input":{"@type":"PropertyValueSpecification","valueRequired":true,"valueName":"search_term_string"}}],"inLanguage":"hu"},{"@type":"Person","@id":"https:\/\/stuttgarti-katolikusok.de\/#\/schema\/person\/75908d6f8fdc03a57889d27209df7795","name":"Tibor atya","image":{"@type":"ImageObject","inLanguage":"hu","@id":"https:\/\/secure.gravatar.com\/avatar\/61d268e57d1f4525b111222e29d2d5a7f8c420fdbf231ba5566a8ceac74fa960?s=96&d=mm&r=g","url":"https:\/\/secure.gravatar.com\/avatar\/61d268e57d1f4525b111222e29d2d5a7f8c420fdbf231ba5566a8ceac74fa960?s=96&d=mm&r=g","contentUrl":"https:\/\/secure.gravatar.com\/avatar\/61d268e57d1f4525b111222e29d2d5a7f8c420fdbf231ba5566a8ceac74fa960?s=96&d=mm&r=g","caption":"Tibor atya"},"url":"https:\/\/stuttgarti-katolikusok.de\/index.php\/author\/tibor-atya\/"}]}},"_links":{"self":[{"href":"https:\/\/stuttgarti-katolikusok.de\/index.php\/wp-json\/wp\/v2\/posts\/21465","targetHints":{"allow":["GET"]}}],"collection":[{"href":"https:\/\/stuttgarti-katolikusok.de\/index.php\/wp-json\/wp\/v2\/posts"}],"about":[{"href":"https:\/\/stuttgarti-katolikusok.de\/index.php\/wp-json\/wp\/v2\/types\/post"}],"author":[{"embeddable":true,"href":"https:\/\/stuttgarti-katolikusok.de\/index.php\/wp-json\/wp\/v2\/users\/3"}],"replies":[{"embeddable":true,"href":"https:\/\/stuttgarti-katolikusok.de\/index.php\/wp-json\/wp\/v2\/comments?post=21465"}],"version-history":[{"count":1,"href":"https:\/\/stuttgarti-katolikusok.de\/index.php\/wp-json\/wp\/v2\/posts\/21465\/revisions"}],"predecessor-version":[{"id":21466,"href":"https:\/\/stuttgarti-katolikusok.de\/index.php\/wp-json\/wp\/v2\/posts\/21465\/revisions\/21466"}],"wp:featuredmedia":[{"embeddable":true,"href":"https:\/\/stuttgarti-katolikusok.de\/index.php\/wp-json\/wp\/v2\/media\/21407"}],"wp:attachment":[{"href":"https:\/\/stuttgarti-katolikusok.de\/index.php\/wp-json\/wp\/v2\/media?parent=21465"}],"wp:term":[{"taxonomy":"category","embeddable":true,"href":"https:\/\/stuttgarti-katolikusok.de\/index.php\/wp-json\/wp\/v2\/categories?post=21465"},{"taxonomy":"post_tag","embeddable":true,"href":"https:\/\/stuttgarti-katolikusok.de\/index.php\/wp-json\/wp\/v2\/tags?post=21465"}],"curies":[{"name":"wp","href":"https:\/\/api.w.org\/{rel}","templated":true}]}}