{"id":21460,"date":"2021-03-20T20:28:45","date_gmt":"2021-03-20T20:28:45","guid":{"rendered":"https:\/\/gracious-dewdney.138-201-221-2.plesk.page\/?p=21460"},"modified":"2021-03-22T20:29:42","modified_gmt":"2021-03-22T20:29:42","slug":"nagybojt-5-vasarnapja-2","status":"publish","type":"post","link":"https:\/\/stuttgarti-katolikusok.de\/index.php\/nagybojt-5-vasarnapja-2\/","title":{"rendered":"Nagyb\u00f6jt 5. vas\u00e1rnapja"},"content":{"rendered":"<p><span style=\"color: #800080;\"><em><strong>Kezd\u0151\u00e9nek:<\/strong><\/em><\/span><br \/>\n<em>Szolg\u00e1ltass nekem igazs\u00e1got, Istenem, az istentelen n\u00e9ppel szemben v\u00e9dd \u00fcgyemet, ments meg a gonosz \u00e9s \u00e1lnok emberekt\u0151l, mert te vagy az \u00e9n megment\u0151 Istenem. (Zsolt 42,1-2)<\/em><\/p>\n<p><em><strong><span style=\"color: #800080;\">K\u00f6ny\u00f6rg\u00e9s:<\/span><\/strong><\/em><br \/>\nUrunk, Isten\u00fcnk, seg\u00edts minket, hogy \u00e9let\u00fcnkben az a f\u00e1radhatatlan szeretet vezessen, amellyel Krisztus szerette a vil\u00e1got, \u00e9s hal\u00e1lra adta \u00e9rt\u00fcnk \u00f6nmag\u00e1t. Aki veled \u00e9l \u00e9s uralkodik a Szentl\u00e9lekkel egys\u00e9gben, Isten mind\u00f6r\u00f6kk\u00f6n \u00f6r\u00f6kk\u00e9.<\/p>\n<p><span style=\"color: #800080;\"><em><strong>OLVASM\u00c1NY Jeremi\u00e1s pr\u00f3f\u00e9ta k\u00f6nyv\u00e9b\u0151l<\/strong><\/em><\/span>\u00a0<em>(Jer 31,31-34)<\/em><br \/>\n\u201e\u00cdme, napok j\u00f6nnek \u2013 mondja az \u00dar \u2013, amikor \u00faj sz\u00f6vets\u00e9get k\u00f6t\u00f6k Izrael h\u00e1z\u00e1val \u00e9s Juda h\u00e1z\u00e1val. De nem olyan sz\u00f6vets\u00e9get, mint amilyet aty\u00e1ikkal k\u00f6t\u00f6ttem azon a napon, amikor k\u00e9zen fogva kivezettem \u0151ket Egyiptom f\u00f6ldj\u00e9r\u0151l. Azt a sz\u00f6vets\u00e9gemet ugyanis megszegt\u00e9k, pedig Uruk voltam \u2013 mondja az \u00dar.<br \/>\nEz lesz az a sz\u00f6vets\u00e9g, amelyet majd Izrael h\u00e1z\u00e1val k\u00f6t\u00f6k, ha el\u00e9rkeznek azok a napok \u2013 mondja az \u00dar: Bensej\u00fckbe adom t\u00f6rv\u00e9nyemet, \u00e9s a sz\u00edv\u00fckbe \u00edrom. Isten\u00fck leszek, \u0151k meg az \u00e9n n\u00e9pem lesznek. T\u00f6bb\u00e9 nem lesz sz\u00fcks\u00e9g arra, hogy az egyik ember a m\u00e1sikat, testv\u00e9r a testv\u00e9r\u00e9t \u00edgy tan\u00edtsa: \u00bbIsmerd meg az Urat,\u00ab mert mindny\u00e1jan ismerni fognak a legkisebbt\u0151l a legnagyobbig \u2013 mondja az \u00dar \u2013, mivel megbocs\u00e1tom gonoszs\u00e1gaikat, \u00e9s v\u00e9tkeikre t\u00f6bb\u00e9 nem eml\u00e9kezem.\u201d<br \/>\nEz az Isten ig\u00e9je.<\/p>\n<p><span style=\"color: #800080;\"><em><strong>V\u00c1LASZOS ZSOLT\u00c1R<\/strong><\/em><\/span><br \/>\n<em>V\u00e1lasz:<\/em>\u00a0<span style=\"color: #800080;\"><strong>Istenem,\u00a0<u>k\u00e9r<\/u>lek T\u00e9ged, * teremts bennem\u00a0<u>tisz<\/u>ta sz\u00edvet.<\/strong><\/span>\u00a0\u2013 1 D<sup><small>2<\/small><\/sup>\u00a0t\u00f3nus.<br \/>\n<em>El\u0151\u00e9nekes:<\/em> K\u00f6ny\u00f6r\u00fclj rajtam, Is<u>te<\/u>nem, \u2020 mivel irgalmas \u00e9s\u00a0<u>j\u00f3<\/u>s\u00e1gos vagy, * t\u00f6r\u00f6ld el gonoszs\u00e1gomat m\u00e9rhetetlen\u00a0<u>ir<\/u>galmaddal.<br \/>\nMosd le\u00a0<u>b\u0171<\/u>n\u00f6met teljesen, * \u00e9s v\u00e9tkemt\u0151l tisz<u>t\u00edts<\/u>\u00a0meg engem.<br \/>\n<em>H\u00edvek:<\/em> <span style=\"color: #800080;\"><strong>Istenem<\/strong>, <strong><u>k\u00e9r<\/u>lek T\u00e9ged, * teremts bennem\u00a0<u>tisz<\/u>ta sz\u00edvet.<\/strong><\/span><br \/>\n<em>E:<\/em> Tiszta sz\u00edvet teremts\u00a0<u>ben<\/u>nem, Istenem, * az er\u0151s lelket \u00e9leszd fel\u00a0<u>\u00faj<\/u>ra bennem.<br \/>\nNe tasz\u00edts el\u00a0<u>sz\u00ed<\/u>ned el\u0151l, * \u00e9s szent lelkedet ne\u00a0<u>vond<\/u>\u00a0meg t\u0151lem.<br \/>\n<em>H\u00edvek:<\/em>\u00a0<span style=\"color: #800080;\"><strong>Istenem,\u00a0<u>k\u00e9r<\/u>lek T\u00e9ged, * teremts bennem\u00a0<u>tisz<\/u>ta sz\u00edvet.<\/strong><\/span><br \/>\n<em>E:<\/em> \u00dcdv\u00f6ss\u00e9ged \u00f6r\u00f6m\u00e9t\u00a0<u>add<\/u>\u00a0meg \u00fajra, * a k\u00e9szs\u00e9ges lelk\u00fcletet er\u0151<u>s\u00edtsd<\/u>\u00a0meg bennem.<br \/>\nMegtan\u00edtom utaidat a\u00a0<u>v\u00e9t<\/u>keseknek, * \u00e9s a b\u0171n\u00f6s\u00f6k\u00a0<u>hoz<\/u>z\u00e1d t\u00e9rnek.<br \/>\n<em>H\u00edvek:<\/em>\u00a0<span style=\"color: #800080;\"><strong>Istenem,\u00a0<u>k\u00e9r<\/u>lek T\u00e9ged, * teremts bennem\u00a0<u>tisz<\/u>ta sz\u00edvet.<\/strong><\/span><br \/>\n<em>(Zsolt 50,3-4.12-13.14-15)<\/em><\/p>\n<p><em><strong><span style=\"color: #800080;\">SZENTLECKE a Zsid\u00f3khoz \u00edrt lev\u00e9lb\u0151l<\/span> <\/strong>(Zsid 5,7-9)<\/em><br \/>\nTestv\u00e9reim! J\u00e9zus f\u00f6ldi \u00e9let\u00e9ben hangosan ki\u00e1ltozva, k\u00f6nnyek k\u00f6z\u00f6tt im\u00e1dkozott, \u00e9s k\u00f6ny\u00f6rg\u00f6tt ahhoz, aki meg tudta menteni a hal\u00e1lt\u00f3l. H\u00f3dolat\u00e1\u00e9rt meghallgat\u00e1sra tal\u00e1lt. Annak ellen\u00e9re, hogy \u0151 volt a Fi\u00fa, a szenved\u00e9sb\u0151l tanulta meg az engedelmess\u00e9get. M\u0171ve befejezt\u00e9vel pedig \u00f6r\u00f6k \u00fcdv\u00f6ss\u00e9get szerzett azoknak, akik engedelmeskednek neki.<br \/>\nEz az Isten ig\u00e9je.<\/p>\n<p><span style=\"color: #800080;\"><em><strong>EVANG\u00c9LIUM EL\u0150TTI VERS\u00a0 <\/strong><span style=\"color: #000000;\">(Jn 12,20-33)<\/span><\/em><\/span><br \/>\nJ\u00e9zus mond<u>ja<\/u>: \u2020 \u201eAki n\u00e9kem szolg\u00e1l, az\u00a0<u>en<\/u>gem k\u00f6vessen, * \u00e9s ahol \u00e9n vagyok, ott lesz\u00a0<u>az<\/u> \u00e9n szolg\u00e1m.\u201d <em>(Jn 12,26 \u2013 1 D<sup><small>2<\/small><\/sup> t\u00f3nus)<\/em><\/p>\n<p><span style=\"color: #800080;\"><em><strong>EVANG\u00c9LIUM Szent J\u00e1nos k\u00f6nyv\u00e9b\u0151l\u00a0<\/strong><\/em><\/span><br \/>\nAbban az id\u0151ben: Azok k\u00f6z\u00f6tt, akik felzar\u00e1ndokoltak, hogy az \u00fcnnepen im\u00e1dj\u00e1k Istent, volt n\u00e9h\u00e1ny g\u00f6r\u00f6g is. Ezek odamentek F\u00fcl\u00f6ph\u00f6z, aki a galileai Betszaid\u00e1b\u00f3l sz\u00e1rmazott, \u00e9s k\u00e9rt\u00e9k: \u201eUram, l\u00e1tni szeretn\u00e9nk J\u00e9zust.\u201d F\u00fcl\u00f6p elment \u00e9s sz\u00f3lt Andr\u00e1snak. Azt\u00e1n Andr\u00e1s \u00e9s F\u00fcl\u00f6p elmentek, \u00e9s megmondt\u00e1k J\u00e9zusnak. J\u00e9zus ezt v\u00e1laszolta: \u201eElj\u00f6tt az \u00f3ra, hogy megdics\u0151\u00fclj\u00f6n az Emberfia. Bizony, bizony, mondom nektek: ha a b\u00fazaszem nem hull a f\u00f6ldbe, \u00e9s el nem hal, egyed\u00fcl marad, ha azonban elhal, sok gy\u00fcm\u00f6lcs\u00f6t hoz. Aki szereti \u00e9let\u00e9t, elvesz\u00edti azt, de aki gy\u0171l\u00f6li \u00e9let\u00e9t ebben a vil\u00e1gban, az megmenti azt az \u00f6r\u00f6k \u00e9letre. Aki nekem szolg\u00e1l, k\u00f6vessen engem, \u00e9s ahol \u00e9n vagyok, ott lesz a szolg\u00e1m is. Aki nekem szolg\u00e1l, azt becs\u00fclni fogja az Atya. Most megrend\u00fclt a lelkem. Mit is mondjak? Aty\u00e1m, szabad\u00edts meg ett\u0151l az \u00f3r\u00e1t\u00f3l? De hiszen \u00e9ppen ez\u00e9rt az \u00f3r\u00e1\u00e9rt j\u00f6ttem. Aty\u00e1m, dics\u0151\u00edtsd meg nevedet!\u201d<br \/>\nErre hang hallatszott az \u00e9gb\u0151l: \u201eMegdics\u0151\u00edtettem, \u00e9s ism\u00e9t megdics\u0151\u00edtem.\u201d A t\u00f6meg, amely ott \u00e1llt, ennek hallat\u00e1ra azt gondolta, hogy mennyd\u00f6rg\u00f6tt. M\u00e1sok \u00edgy v\u00e9lekedtek: \u201eAngyal besz\u00e9lt vele.\u201d J\u00e9zus megmagyar\u00e1zta nekik: \u201eNem miattam hallatszott ez a hang, hanem miattatok. \u00cdt\u00e9let van most a vil\u00e1gon. Most vetik ki ennek a vil\u00e1gnak a fejedelm\u00e9t. \u00c9n pedig, ha majd f\u00f6lmagasztalnak a f\u00f6ldr\u0151l, mindenkit magamhoz vonzok.\u201d Ezt az\u00e9rt mondta, hogy jelezze: milyen hal\u00e1llal fog meghalni.<br \/>\nEzek az evang\u00e9lium ig\u00e9i.<\/p>\n<p><span style=\"color: #800080;\"><em><strong>EGYETEMES K\u00d6NY\u00d6RG\u00c9SEK<\/strong><\/em><\/span><br \/>\nPap: Im\u00e1dkozzunk, testv\u00e9reim, hogy Megv\u00e1lt\u00f3nk k\u00ednszenved\u00e9se adjon er\u0151t nek\u00fcnk is a szenved\u00e9sek t\u00fcrelmes elvisel\u00e9s\u00e9re!<br \/>\nLektor:<br \/>\n1. Add, Urunk, hogy n\u00e9ped \u00fagy szeresse f\u00f6ldi \u00e9let\u00e9t, hogy el ne vesz\u00edtse az \u00f6r\u00f6k \u00e9letet!<br \/>\nH\u00edvek: \u00c9n Uram, Istenem, * csak Benned rem\u00e9lek.<br \/>\n2. Add, hogy Egyh\u00e1zad p\u00e1sztorai \u00e9let\u00fck p\u00e9ld\u00e1j\u00e1val is tan\u00edts\u00e1k az \u00e1ldozatv\u00e1llal\u00e1s sz\u00fcks\u00e9gess\u00e9g\u00e9t!<br \/>\nH\u00edvek: K\u00e9r\u00fcnk T\u00e9ged, hallgass meg minket!<br \/>\n3. Add, hogy az \u00e1llamok vezet\u0151i \u00f6nzetlen\u00fcl szolg\u00e1lj\u00e1k a n\u00e9pek j\u00f3l\u00e9t\u00e9t!<br \/>\nH\u00edvek: K\u00e9r\u00fcnk T\u00e9ged, hallgass meg minket!<br \/>\n4. Add, hogy beteg \u00e9s szenved\u0151 testv\u00e9reink megv\u00e1lt\u00f3 szeretetedb\u0151l mer\u00edtsenek er\u0151t!<br \/>\nH\u00edvek: K\u00e9r\u00fcnk T\u00e9ged, hallgass meg minket!<br \/>\n5. Add, hogy ne rettegj\u00fcnk a hal\u00e1lt\u00f3l, hanem megl\u00e1ssuk benne \u00f6r\u00f6k \u00e9let\u00fcnk kezdet\u00e9t!<br \/>\nH\u00edvek: K\u00e9r\u00fcnk T\u00e9ged, hallgass meg minket!<br \/>\nPap: Urunk \u00e9s Megv\u00e1lt\u00f3nk! F\u00f6ldi \u00e9letedben magad is megtapasztaltad az emberi szenved\u00e9seket. Er\u0151s\u00edts minket neh\u00e9z \u00f3r\u00e1inkban, hogy a szenved\u00e9s \u00fcdv\u00f6ss\u00e9g\u00fcnkre v\u00e1lj\u00e9k. Aki \u00e9lsz \u00e9s uralkodol mind\u00f6r\u00f6kk\u00f6n- \u00f6r\u00f6kk\u00e9.<br \/>\nH\u00edvek: \u00c1men.<\/p>\n<p><span style=\"color: #800080;\"><em><strong>Felaj\u00e1nl\u00f3 k\u00f6ny\u00f6rg\u00e9s:<\/strong><\/em><\/span><br \/>\nHallgass meg minket, mindenhat\u00f3 Isten\u00fcnk, \u00e9s add, hogy h\u00edveidet tiszt\u00edtsa meg ennek az \u00e1ldozatnak az ereje, miut\u00e1n a kereszt\u00e9ny hit tan\u00edt\u00e1s\u00e1ban r\u00e9szes\u00fcltek. Krisztus, a mi Urunk \u00e1ltal.<\/p>\n<p><span style=\"color: #800080;\"><em><strong>Pref\u00e1ci\u00f3:<\/strong><\/em><\/span><br \/>\n<em>Ha az Evang\u00e9lium L\u00e1z\u00e1r felt\u00e1maszt\u00e1s\u00e1r\u00f3l sz\u00f3lt, a k\u00f6vetkez\u0151 saj\u00e1t pref\u00e1ci\u00f3t kell venni:<\/em><br \/>\nAz \u00dar legyen veletek.<br \/>\nH.: \u00c9s a te lelkeddel.<br \/>\nEmelj\u00fck f\u00f6l sz\u00edv\u00fcnket.<br \/>\nH.: F\u00f6lemelt\u00fck az \u00darhoz.<br \/>\nAdjunk h\u00e1l\u00e1t Urunknak, Isten\u00fcnknek,<br \/>\nH.: M\u00e9lt\u00f3 \u00e9s igazs\u00e1gos.<br \/>\n(Mert) Val\u00f3ban m\u00e9lt\u00f3 \u00e9s igazs\u00e1gos, ill\u0151 \u00e9s \u00fcdv\u00f6s, hogy mindig \u00e9s minden\u00fctt h\u00e1l\u00e1t adjunk n\u00e9ked, mi Urunk, szents\u00e9ges Aty\u00e1nk, mindenhat\u00f3 \u00f6r\u00f6k Isten: Krisztus, a mi Urunk \u00e1ltal.<br \/>\n(\u0150) Mint val\u00f3s\u00e1gos ember, megsiratta bar\u00e1tj\u00e1t, L\u00e1z\u00e1rt, \u2013 mint \u00f6r\u00f6k ISten felt\u00e1masztotta \u0151t a s\u00edrb\u00f3l. Az eg\u00e9sz emberis\u00e9get is megsz\u00e1nta \u2013 \u00e9s h\u00fasv\u00e9ti szents\u00e9gei \u00c1Ltal, \u00faj \u00e9letre t\u00e1masztott minket.<br \/>\nA te F\u00f6ls\u00e9gedet \u00e1ltala im\u00e1dj\u00e1k az angyalok, kik sz\u00fcnet n\u00e9lk\u00fcl \u00f6rvendeznek sz\u00edned el\u0151tt. Add, k\u00e9r\u00fcnk, hogy az \u0151 szavukkal a mi\u00e9nk is eljusson hozz\u00e1d, \u2013 mid\u0151n vel\u00fck EGY\u00fctt ujjongva mondjuk: (zengj\u00fck:)<\/p>\n<p><span style=\"color: #800080;\"><em><strong>\u00c1ldoz\u00e1si \u00e9nek:<\/strong><\/em><\/span><br \/>\n<em>Ha a L\u00e1z\u00e1rr\u00f3l sz\u00f3l\u00f3 evang\u00e9liumot olvastuk:<\/em><br \/>\nAz, aki \u00fagy \u00e9l, hogy hisz bennem, nem hal meg \u00f6r\u00f6kre \u2013 mondja az \u00dar. (Jn 11,26)<\/p>\n<p><em>vagy ha az Evang\u00e9lium a h\u00e1zass\u00e1gt\u00f6r\u0151 n\u0151r\u0151l sz\u00f3lt:<\/em><br \/>\nAsszony, senki sem \u00edt\u00e9lt el? Senki sem, Uram! \u00c9n sem \u00edt\u00e9llek el. Menj, de t\u00f6bb\u00e9 ne v\u00e9tkezz\u00e9l! (Jn 8,10-11)<\/p>\n<p><em>vagy ha m\u00e1sr\u00f3l sz\u00f3lt az Evang\u00e9lium:<\/em><br \/>\nBizony, bizony, mondom nektek: ha a b\u00fazaszem nem hull a f\u00f6ldbe, \u00e9s nem hal el, egymaga marad, de ha elhal, sok term\u00e9st hoz. (Jn 12,24-25)<\/p>\n<p><span style=\"color: #800080;\"><em><strong>\u00c1ldoz\u00e1s ut\u00e1ni k\u00f6ny\u00f6rg\u00e9s:<\/strong><\/em><\/span><br \/>\nK\u00e9r\u00fcnk, mindenhat\u00f3 Isten\u00fcnk, add, hogy mindig \u00e9l\u0151 tagjai maradjunk szent Fiadnak, akinek test\u00e9t \u00e9s v\u00e9r\u00e9t magunkhoz vett\u00fck. Aki \u00e9l \u00e9s uralkodik mind\u00f6r\u00f6kk\u00f6n \u00f6r\u00f6kk\u00e9.<\/p>\n<p><em>(K\u00e9p forr\u00e1sa: pixabay.com)<\/em><\/p>\n","protected":false},"excerpt":{"rendered":"<p>Kezd\u0151\u00e9nek: Szolg\u00e1ltass nekem igazs\u00e1got, Istenem, az istentelen n\u00e9ppel szemben v\u00e9dd \u00fcgyemet, ments meg a gonosz \u00e9s \u00e1lnok emberekt\u0151l, mert te vagy az \u00e9n megment\u0151 Istenem. (Zsolt 42,1-2) K\u00f6ny\u00f6rg\u00e9s: Urunk, Isten\u00fcnk, seg\u00edts minket, hogy \u00e9let\u00fcnkben az a f\u00e1radhatatlan szeretet vezessen, amellyel Krisztus szerette a vil\u00e1got, \u00e9s hal\u00e1lra adta \u00e9rt\u00fcnk \u00f6nmag\u00e1t. Aki veled \u00e9l \u00e9s uralkodik a Szentl\u00e9lekkel egys\u00e9gben, Isten mind\u00f6r\u00f6kk\u00f6n \u00f6r\u00f6kk\u00e9. OLVASM\u00c1NY Jeremi\u00e1s pr\u00f3f\u00e9ta k\u00f6nyv\u00e9b\u0151l\u00a0(Jer 31,31-34) \u201e\u00cdme, napok j\u00f6nnek \u2013 mondja az \u00dar \u2013, amikor \u00faj sz\u00f6vets\u00e9get k\u00f6t\u00f6k Izrael h\u00e1z\u00e1val \u00e9s Juda h\u00e1z\u00e1val. De nem olyan sz\u00f6vets\u00e9get, mint amilyet aty\u00e1ikkal k\u00f6t\u00f6ttem azon a napon, amikor k\u00e9zen fogva kivezettem \u0151ket Egyiptom f\u00f6ldj\u00e9r\u0151l. Azt a sz\u00f6vets\u00e9gemet ugyanis megszegt\u00e9k, pedig Uruk voltam \u2013 mondja az \u00dar. Ez lesz az a sz\u00f6vets\u00e9g, amelyet majd Izrael h\u00e1z\u00e1val k\u00f6t\u00f6k, ha el\u00e9rkeznek azok a napok \u2013 mondja az \u00dar: Bensej\u00fckbe adom t\u00f6rv\u00e9nyemet, \u00e9s a sz\u00edv\u00fckbe \u00edrom. Isten\u00fck leszek, \u0151k meg az \u00e9n n\u00e9pem lesznek. T\u00f6bb\u00e9 nem lesz sz\u00fcks\u00e9g arra, hogy az egyik ember a m\u00e1sikat, testv\u00e9r a testv\u00e9r\u00e9t \u00edgy tan\u00edtsa: \u00bbIsmerd meg az Urat,\u00ab mert mindny\u00e1jan ismerni fognak a legkisebbt\u0151l a legnagyobbig \u2013 mondja az \u00dar \u2013, mivel megbocs\u00e1tom gonoszs\u00e1gaikat, \u00e9s v\u00e9tkeikre t\u00f6bb\u00e9 nem eml\u00e9kezem.\u201d Ez az Isten ig\u00e9je. V\u00c1LASZOS ZSOLT\u00c1R V\u00e1lasz:\u00a0Istenem,\u00a0k\u00e9rlek T\u00e9ged, * teremts bennem\u00a0tiszta sz\u00edvet.\u00a0\u2013 1 D2\u00a0t\u00f3nus. El\u0151\u00e9nekes: K\u00f6ny\u00f6r\u00fclj rajtam, Istenem, \u2020 mivel irgalmas \u00e9s\u00a0j\u00f3s\u00e1gos vagy, * t\u00f6r\u00f6ld el gonoszs\u00e1gomat m\u00e9rhetetlen\u00a0irgalmaddal. Mosd le\u00a0b\u0171n\u00f6met teljesen, * \u00e9s v\u00e9tkemt\u0151l tiszt\u00edts\u00a0meg engem. H\u00edvek: Istenem, k\u00e9rlek T\u00e9ged, * teremts bennem\u00a0tiszta sz\u00edvet. E: Tiszta sz\u00edvet teremts\u00a0bennem, Istenem, * az er\u0151s lelket \u00e9leszd fel\u00a0\u00fajra bennem. Ne tasz\u00edts el\u00a0sz\u00edned el\u0151l, * \u00e9s szent lelkedet ne\u00a0vond\u00a0meg t\u0151lem. H\u00edvek:\u00a0Istenem,\u00a0k\u00e9rlek T\u00e9ged, * teremts bennem\u00a0tiszta sz\u00edvet. E: \u00dcdv\u00f6ss\u00e9ged \u00f6r\u00f6m\u00e9t\u00a0add\u00a0meg \u00fajra, * a k\u00e9szs\u00e9ges lelk\u00fcletet er\u0151s\u00edtsd\u00a0meg bennem. Megtan\u00edtom utaidat a\u00a0v\u00e9tkeseknek, * \u00e9s a b\u0171n\u00f6s\u00f6k\u00a0hozz\u00e1d t\u00e9rnek. H\u00edvek:\u00a0Istenem,\u00a0k\u00e9rlek T\u00e9ged, * teremts bennem\u00a0tiszta sz\u00edvet. (Zsolt 50,3-4.12-13.14-15) SZENTLECKE a Zsid\u00f3khoz \u00edrt lev\u00e9lb\u0151l (Zsid 5,7-9) Testv\u00e9reim! J\u00e9zus f\u00f6ldi \u00e9let\u00e9ben hangosan ki\u00e1ltozva, k\u00f6nnyek k\u00f6z\u00f6tt&#8230; <\/p>\n<p><a class=\"readmore\" href=\"https:\/\/stuttgarti-katolikusok.de\/index.php\/nagybojt-5-vasarnapja-2\/\">R\u00e9szletek<\/a><\/p>\n","protected":false},"author":3,"featured_media":21461,"comment_status":"closed","ping_status":"closed","sticky":false,"template":"","format":"standard","meta":{"footnotes":""},"categories":[63],"tags":[],"class_list":["post-21460","post","type-post","status-publish","format-standard","has-post-thumbnail","hentry","category-vasarnapi-gondolatok"],"yoast_head":"<!-- This site is optimized with the Yoast SEO plugin v27.3 - https:\/\/yoast.com\/product\/yoast-seo-wordpress\/ -->\n<title>Nagyb\u00f6jt 5. vas\u00e1rnapja - Stuttgarti Katolikusok<\/title>\n<meta name=\"robots\" content=\"index, follow, max-snippet:-1, max-image-preview:large, max-video-preview:-1\" \/>\n<link rel=\"canonical\" href=\"https:\/\/stuttgarti-katolikusok.de\/index.php\/nagybojt-5-vasarnapja-2\/\" \/>\n<meta property=\"og:locale\" content=\"hu_HU\" \/>\n<meta property=\"og:type\" content=\"article\" \/>\n<meta property=\"og:title\" content=\"Nagyb\u00f6jt 5. vas\u00e1rnapja - Stuttgarti Katolikusok\" \/>\n<meta property=\"og:description\" content=\"Kezd\u0151\u00e9nek: Szolg\u00e1ltass nekem igazs\u00e1got, Istenem, az istentelen n\u00e9ppel szemben v\u00e9dd \u00fcgyemet, ments meg a gonosz \u00e9s \u00e1lnok emberekt\u0151l, mert te vagy az \u00e9n megment\u0151 Istenem. (Zsolt 42,1-2) K\u00f6ny\u00f6rg\u00e9s: Urunk, Isten\u00fcnk, seg\u00edts minket, hogy \u00e9let\u00fcnkben az a f\u00e1radhatatlan szeretet vezessen, amellyel Krisztus szerette a vil\u00e1got, \u00e9s hal\u00e1lra adta \u00e9rt\u00fcnk \u00f6nmag\u00e1t. Aki veled \u00e9l \u00e9s uralkodik a Szentl\u00e9lekkel egys\u00e9gben, Isten mind\u00f6r\u00f6kk\u00f6n \u00f6r\u00f6kk\u00e9. OLVASM\u00c1NY Jeremi\u00e1s pr\u00f3f\u00e9ta k\u00f6nyv\u00e9b\u0151l\u00a0(Jer 31,31-34) \u201e\u00cdme, napok j\u00f6nnek \u2013 mondja az \u00dar \u2013, amikor \u00faj sz\u00f6vets\u00e9get k\u00f6t\u00f6k Izrael h\u00e1z\u00e1val \u00e9s Juda h\u00e1z\u00e1val. De nem olyan sz\u00f6vets\u00e9get, mint amilyet aty\u00e1ikkal k\u00f6t\u00f6ttem azon a napon, amikor k\u00e9zen fogva kivezettem \u0151ket Egyiptom f\u00f6ldj\u00e9r\u0151l. Azt a sz\u00f6vets\u00e9gemet ugyanis megszegt\u00e9k, pedig Uruk voltam \u2013 mondja az \u00dar. Ez lesz az a sz\u00f6vets\u00e9g, amelyet majd Izrael h\u00e1z\u00e1val k\u00f6t\u00f6k, ha el\u00e9rkeznek azok a napok \u2013 mondja az \u00dar: Bensej\u00fckbe adom t\u00f6rv\u00e9nyemet, \u00e9s a sz\u00edv\u00fckbe \u00edrom. Isten\u00fck leszek, \u0151k meg az \u00e9n n\u00e9pem lesznek. T\u00f6bb\u00e9 nem lesz sz\u00fcks\u00e9g arra, hogy az egyik ember a m\u00e1sikat, testv\u00e9r a testv\u00e9r\u00e9t \u00edgy tan\u00edtsa: \u00bbIsmerd meg az Urat,\u00ab mert mindny\u00e1jan ismerni fognak a legkisebbt\u0151l a legnagyobbig \u2013 mondja az \u00dar \u2013, mivel megbocs\u00e1tom gonoszs\u00e1gaikat, \u00e9s v\u00e9tkeikre t\u00f6bb\u00e9 nem eml\u00e9kezem.\u201d Ez az Isten ig\u00e9je. V\u00c1LASZOS ZSOLT\u00c1R V\u00e1lasz:\u00a0Istenem,\u00a0k\u00e9rlek T\u00e9ged, * teremts bennem\u00a0tiszta sz\u00edvet.\u00a0\u2013 1 D2\u00a0t\u00f3nus. El\u0151\u00e9nekes: K\u00f6ny\u00f6r\u00fclj rajtam, Istenem, \u2020 mivel irgalmas \u00e9s\u00a0j\u00f3s\u00e1gos vagy, * t\u00f6r\u00f6ld el gonoszs\u00e1gomat m\u00e9rhetetlen\u00a0irgalmaddal. Mosd le\u00a0b\u0171n\u00f6met teljesen, * \u00e9s v\u00e9tkemt\u0151l tiszt\u00edts\u00a0meg engem. H\u00edvek: Istenem, k\u00e9rlek T\u00e9ged, * teremts bennem\u00a0tiszta sz\u00edvet. E: Tiszta sz\u00edvet teremts\u00a0bennem, Istenem, * az er\u0151s lelket \u00e9leszd fel\u00a0\u00fajra bennem. Ne tasz\u00edts el\u00a0sz\u00edned el\u0151l, * \u00e9s szent lelkedet ne\u00a0vond\u00a0meg t\u0151lem. H\u00edvek:\u00a0Istenem,\u00a0k\u00e9rlek T\u00e9ged, * teremts bennem\u00a0tiszta sz\u00edvet. E: \u00dcdv\u00f6ss\u00e9ged \u00f6r\u00f6m\u00e9t\u00a0add\u00a0meg \u00fajra, * a k\u00e9szs\u00e9ges lelk\u00fcletet er\u0151s\u00edtsd\u00a0meg bennem. Megtan\u00edtom utaidat a\u00a0v\u00e9tkeseknek, * \u00e9s a b\u0171n\u00f6s\u00f6k\u00a0hozz\u00e1d t\u00e9rnek. H\u00edvek:\u00a0Istenem,\u00a0k\u00e9rlek T\u00e9ged, * teremts bennem\u00a0tiszta sz\u00edvet. (Zsolt 50,3-4.12-13.14-15) SZENTLECKE a Zsid\u00f3khoz \u00edrt lev\u00e9lb\u0151l (Zsid 5,7-9) Testv\u00e9reim! J\u00e9zus f\u00f6ldi \u00e9let\u00e9ben hangosan ki\u00e1ltozva, k\u00f6nnyek k\u00f6z\u00f6tt... R\u00e9szletek\" \/>\n<meta property=\"og:url\" content=\"https:\/\/stuttgarti-katolikusok.de\/index.php\/nagybojt-5-vasarnapja-2\/\" \/>\n<meta property=\"og:site_name\" content=\"Stuttgarti Katolikusok\" \/>\n<meta property=\"article:published_time\" content=\"2021-03-20T20:28:45+00:00\" \/>\n<meta property=\"article:modified_time\" content=\"2021-03-22T20:29:42+00:00\" \/>\n<meta property=\"og:image\" content=\"https:\/\/stuttgarti-katolikusok.de\/wp-content\/uploads\/2021\/03\/passion-3807311-1280.jpg\" \/>\n\t<meta property=\"og:image:width\" content=\"1280\" \/>\n\t<meta property=\"og:image:height\" content=\"963\" \/>\n\t<meta property=\"og:image:type\" content=\"image\/jpeg\" \/>\n<meta name=\"author\" content=\"Tibor atya\" \/>\n<meta name=\"twitter:card\" content=\"summary_large_image\" \/>\n<meta name=\"twitter:label1\" content=\"Szerz\u0151:\" \/>\n\t<meta name=\"twitter:data1\" content=\"Tibor atya\" \/>\n\t<meta name=\"twitter:label2\" content=\"Becs\u00fclt olvas\u00e1si id\u0151\" \/>\n\t<meta name=\"twitter:data2\" content=\"7 perc\" \/>\n<script type=\"application\/ld+json\" class=\"yoast-schema-graph\">{\"@context\":\"https:\\\/\\\/schema.org\",\"@graph\":[{\"@type\":\"Article\",\"@id\":\"https:\\\/\\\/stuttgarti-katolikusok.de\\\/index.php\\\/nagybojt-5-vasarnapja-2\\\/#article\",\"isPartOf\":{\"@id\":\"https:\\\/\\\/stuttgarti-katolikusok.de\\\/index.php\\\/nagybojt-5-vasarnapja-2\\\/\"},\"author\":{\"name\":\"Tibor atya\",\"@id\":\"https:\\\/\\\/stuttgarti-katolikusok.de\\\/#\\\/schema\\\/person\\\/75908d6f8fdc03a57889d27209df7795\"},\"headline\":\"Nagyb\u00f6jt 5. vas\u00e1rnapja\",\"datePublished\":\"2021-03-20T20:28:45+00:00\",\"dateModified\":\"2021-03-22T20:29:42+00:00\",\"mainEntityOfPage\":{\"@id\":\"https:\\\/\\\/stuttgarti-katolikusok.de\\\/index.php\\\/nagybojt-5-vasarnapja-2\\\/\"},\"wordCount\":1477,\"image\":{\"@id\":\"https:\\\/\\\/stuttgarti-katolikusok.de\\\/index.php\\\/nagybojt-5-vasarnapja-2\\\/#primaryimage\"},\"thumbnailUrl\":\"https:\\\/\\\/stuttgarti-katolikusok.de\\\/wp-content\\\/uploads\\\/2021\\\/03\\\/passion-3807311-1280.jpg\",\"articleSection\":[\"Vas\u00e1rnapi gondolatok\"],\"inLanguage\":\"hu\"},{\"@type\":\"WebPage\",\"@id\":\"https:\\\/\\\/stuttgarti-katolikusok.de\\\/index.php\\\/nagybojt-5-vasarnapja-2\\\/\",\"url\":\"https:\\\/\\\/stuttgarti-katolikusok.de\\\/index.php\\\/nagybojt-5-vasarnapja-2\\\/\",\"name\":\"Nagyb\u00f6jt 5. vas\u00e1rnapja - Stuttgarti Katolikusok\",\"isPartOf\":{\"@id\":\"https:\\\/\\\/stuttgarti-katolikusok.de\\\/#website\"},\"primaryImageOfPage\":{\"@id\":\"https:\\\/\\\/stuttgarti-katolikusok.de\\\/index.php\\\/nagybojt-5-vasarnapja-2\\\/#primaryimage\"},\"image\":{\"@id\":\"https:\\\/\\\/stuttgarti-katolikusok.de\\\/index.php\\\/nagybojt-5-vasarnapja-2\\\/#primaryimage\"},\"thumbnailUrl\":\"https:\\\/\\\/stuttgarti-katolikusok.de\\\/wp-content\\\/uploads\\\/2021\\\/03\\\/passion-3807311-1280.jpg\",\"datePublished\":\"2021-03-20T20:28:45+00:00\",\"dateModified\":\"2021-03-22T20:29:42+00:00\",\"author\":{\"@id\":\"https:\\\/\\\/stuttgarti-katolikusok.de\\\/#\\\/schema\\\/person\\\/75908d6f8fdc03a57889d27209df7795\"},\"breadcrumb\":{\"@id\":\"https:\\\/\\\/stuttgarti-katolikusok.de\\\/index.php\\\/nagybojt-5-vasarnapja-2\\\/#breadcrumb\"},\"inLanguage\":\"hu\",\"potentialAction\":[{\"@type\":\"ReadAction\",\"target\":[\"https:\\\/\\\/stuttgarti-katolikusok.de\\\/index.php\\\/nagybojt-5-vasarnapja-2\\\/\"]}]},{\"@type\":\"ImageObject\",\"inLanguage\":\"hu\",\"@id\":\"https:\\\/\\\/stuttgarti-katolikusok.de\\\/index.php\\\/nagybojt-5-vasarnapja-2\\\/#primaryimage\",\"url\":\"https:\\\/\\\/stuttgarti-katolikusok.de\\\/wp-content\\\/uploads\\\/2021\\\/03\\\/passion-3807311-1280.jpg\",\"contentUrl\":\"https:\\\/\\\/stuttgarti-katolikusok.de\\\/wp-content\\\/uploads\\\/2021\\\/03\\\/passion-3807311-1280.jpg\",\"width\":1280,\"height\":963},{\"@type\":\"BreadcrumbList\",\"@id\":\"https:\\\/\\\/stuttgarti-katolikusok.de\\\/index.php\\\/nagybojt-5-vasarnapja-2\\\/#breadcrumb\",\"itemListElement\":[{\"@type\":\"ListItem\",\"position\":1,\"name\":\"Kezd\u0151lap\",\"item\":\"https:\\\/\\\/stuttgarti-katolikusok.de\\\/\"},{\"@type\":\"ListItem\",\"position\":2,\"name\":\"Nagyb\u00f6jt 5. vas\u00e1rnapja\"}]},{\"@type\":\"WebSite\",\"@id\":\"https:\\\/\\\/stuttgarti-katolikusok.de\\\/#website\",\"url\":\"https:\\\/\\\/stuttgarti-katolikusok.de\\\/\",\"name\":\"Stuttgarti Katolikusok\",\"description\":\"\",\"potentialAction\":[{\"@type\":\"SearchAction\",\"target\":{\"@type\":\"EntryPoint\",\"urlTemplate\":\"https:\\\/\\\/stuttgarti-katolikusok.de\\\/?s={search_term_string}\"},\"query-input\":{\"@type\":\"PropertyValueSpecification\",\"valueRequired\":true,\"valueName\":\"search_term_string\"}}],\"inLanguage\":\"hu\"},{\"@type\":\"Person\",\"@id\":\"https:\\\/\\\/stuttgarti-katolikusok.de\\\/#\\\/schema\\\/person\\\/75908d6f8fdc03a57889d27209df7795\",\"name\":\"Tibor atya\",\"image\":{\"@type\":\"ImageObject\",\"inLanguage\":\"hu\",\"@id\":\"https:\\\/\\\/secure.gravatar.com\\\/avatar\\\/61d268e57d1f4525b111222e29d2d5a7f8c420fdbf231ba5566a8ceac74fa960?s=96&d=mm&r=g\",\"url\":\"https:\\\/\\\/secure.gravatar.com\\\/avatar\\\/61d268e57d1f4525b111222e29d2d5a7f8c420fdbf231ba5566a8ceac74fa960?s=96&d=mm&r=g\",\"contentUrl\":\"https:\\\/\\\/secure.gravatar.com\\\/avatar\\\/61d268e57d1f4525b111222e29d2d5a7f8c420fdbf231ba5566a8ceac74fa960?s=96&d=mm&r=g\",\"caption\":\"Tibor atya\"},\"url\":\"https:\\\/\\\/stuttgarti-katolikusok.de\\\/index.php\\\/author\\\/tibor-atya\\\/\"}]}<\/script>\n<!-- \/ Yoast SEO plugin. -->","yoast_head_json":{"title":"Nagyb\u00f6jt 5. vas\u00e1rnapja - Stuttgarti Katolikusok","robots":{"index":"index","follow":"follow","max-snippet":"max-snippet:-1","max-image-preview":"max-image-preview:large","max-video-preview":"max-video-preview:-1"},"canonical":"https:\/\/stuttgarti-katolikusok.de\/index.php\/nagybojt-5-vasarnapja-2\/","og_locale":"hu_HU","og_type":"article","og_title":"Nagyb\u00f6jt 5. vas\u00e1rnapja - Stuttgarti Katolikusok","og_description":"Kezd\u0151\u00e9nek: Szolg\u00e1ltass nekem igazs\u00e1got, Istenem, az istentelen n\u00e9ppel szemben v\u00e9dd \u00fcgyemet, ments meg a gonosz \u00e9s \u00e1lnok emberekt\u0151l, mert te vagy az \u00e9n megment\u0151 Istenem. (Zsolt 42,1-2) K\u00f6ny\u00f6rg\u00e9s: Urunk, Isten\u00fcnk, seg\u00edts minket, hogy \u00e9let\u00fcnkben az a f\u00e1radhatatlan szeretet vezessen, amellyel Krisztus szerette a vil\u00e1got, \u00e9s hal\u00e1lra adta \u00e9rt\u00fcnk \u00f6nmag\u00e1t. Aki veled \u00e9l \u00e9s uralkodik a Szentl\u00e9lekkel egys\u00e9gben, Isten mind\u00f6r\u00f6kk\u00f6n \u00f6r\u00f6kk\u00e9. OLVASM\u00c1NY Jeremi\u00e1s pr\u00f3f\u00e9ta k\u00f6nyv\u00e9b\u0151l\u00a0(Jer 31,31-34) \u201e\u00cdme, napok j\u00f6nnek \u2013 mondja az \u00dar \u2013, amikor \u00faj sz\u00f6vets\u00e9get k\u00f6t\u00f6k Izrael h\u00e1z\u00e1val \u00e9s Juda h\u00e1z\u00e1val. De nem olyan sz\u00f6vets\u00e9get, mint amilyet aty\u00e1ikkal k\u00f6t\u00f6ttem azon a napon, amikor k\u00e9zen fogva kivezettem \u0151ket Egyiptom f\u00f6ldj\u00e9r\u0151l. Azt a sz\u00f6vets\u00e9gemet ugyanis megszegt\u00e9k, pedig Uruk voltam \u2013 mondja az \u00dar. Ez lesz az a sz\u00f6vets\u00e9g, amelyet majd Izrael h\u00e1z\u00e1val k\u00f6t\u00f6k, ha el\u00e9rkeznek azok a napok \u2013 mondja az \u00dar: Bensej\u00fckbe adom t\u00f6rv\u00e9nyemet, \u00e9s a sz\u00edv\u00fckbe \u00edrom. Isten\u00fck leszek, \u0151k meg az \u00e9n n\u00e9pem lesznek. T\u00f6bb\u00e9 nem lesz sz\u00fcks\u00e9g arra, hogy az egyik ember a m\u00e1sikat, testv\u00e9r a testv\u00e9r\u00e9t \u00edgy tan\u00edtsa: \u00bbIsmerd meg az Urat,\u00ab mert mindny\u00e1jan ismerni fognak a legkisebbt\u0151l a legnagyobbig \u2013 mondja az \u00dar \u2013, mivel megbocs\u00e1tom gonoszs\u00e1gaikat, \u00e9s v\u00e9tkeikre t\u00f6bb\u00e9 nem eml\u00e9kezem.\u201d Ez az Isten ig\u00e9je. V\u00c1LASZOS ZSOLT\u00c1R V\u00e1lasz:\u00a0Istenem,\u00a0k\u00e9rlek T\u00e9ged, * teremts bennem\u00a0tiszta sz\u00edvet.\u00a0\u2013 1 D2\u00a0t\u00f3nus. El\u0151\u00e9nekes: K\u00f6ny\u00f6r\u00fclj rajtam, Istenem, \u2020 mivel irgalmas \u00e9s\u00a0j\u00f3s\u00e1gos vagy, * t\u00f6r\u00f6ld el gonoszs\u00e1gomat m\u00e9rhetetlen\u00a0irgalmaddal. Mosd le\u00a0b\u0171n\u00f6met teljesen, * \u00e9s v\u00e9tkemt\u0151l tiszt\u00edts\u00a0meg engem. H\u00edvek: Istenem, k\u00e9rlek T\u00e9ged, * teremts bennem\u00a0tiszta sz\u00edvet. E: Tiszta sz\u00edvet teremts\u00a0bennem, Istenem, * az er\u0151s lelket \u00e9leszd fel\u00a0\u00fajra bennem. Ne tasz\u00edts el\u00a0sz\u00edned el\u0151l, * \u00e9s szent lelkedet ne\u00a0vond\u00a0meg t\u0151lem. H\u00edvek:\u00a0Istenem,\u00a0k\u00e9rlek T\u00e9ged, * teremts bennem\u00a0tiszta sz\u00edvet. E: \u00dcdv\u00f6ss\u00e9ged \u00f6r\u00f6m\u00e9t\u00a0add\u00a0meg \u00fajra, * a k\u00e9szs\u00e9ges lelk\u00fcletet er\u0151s\u00edtsd\u00a0meg bennem. Megtan\u00edtom utaidat a\u00a0v\u00e9tkeseknek, * \u00e9s a b\u0171n\u00f6s\u00f6k\u00a0hozz\u00e1d t\u00e9rnek. H\u00edvek:\u00a0Istenem,\u00a0k\u00e9rlek T\u00e9ged, * teremts bennem\u00a0tiszta sz\u00edvet. (Zsolt 50,3-4.12-13.14-15) SZENTLECKE a Zsid\u00f3khoz \u00edrt lev\u00e9lb\u0151l (Zsid 5,7-9) Testv\u00e9reim! J\u00e9zus f\u00f6ldi \u00e9let\u00e9ben hangosan ki\u00e1ltozva, k\u00f6nnyek k\u00f6z\u00f6tt... R\u00e9szletek","og_url":"https:\/\/stuttgarti-katolikusok.de\/index.php\/nagybojt-5-vasarnapja-2\/","og_site_name":"Stuttgarti Katolikusok","article_published_time":"2021-03-20T20:28:45+00:00","article_modified_time":"2021-03-22T20:29:42+00:00","og_image":[{"width":1280,"height":963,"url":"https:\/\/stuttgarti-katolikusok.de\/wp-content\/uploads\/2021\/03\/passion-3807311-1280.jpg","type":"image\/jpeg"}],"author":"Tibor atya","twitter_card":"summary_large_image","twitter_misc":{"Szerz\u0151:":"Tibor atya","Becs\u00fclt olvas\u00e1si id\u0151":"7 perc"},"schema":{"@context":"https:\/\/schema.org","@graph":[{"@type":"Article","@id":"https:\/\/stuttgarti-katolikusok.de\/index.php\/nagybojt-5-vasarnapja-2\/#article","isPartOf":{"@id":"https:\/\/stuttgarti-katolikusok.de\/index.php\/nagybojt-5-vasarnapja-2\/"},"author":{"name":"Tibor atya","@id":"https:\/\/stuttgarti-katolikusok.de\/#\/schema\/person\/75908d6f8fdc03a57889d27209df7795"},"headline":"Nagyb\u00f6jt 5. vas\u00e1rnapja","datePublished":"2021-03-20T20:28:45+00:00","dateModified":"2021-03-22T20:29:42+00:00","mainEntityOfPage":{"@id":"https:\/\/stuttgarti-katolikusok.de\/index.php\/nagybojt-5-vasarnapja-2\/"},"wordCount":1477,"image":{"@id":"https:\/\/stuttgarti-katolikusok.de\/index.php\/nagybojt-5-vasarnapja-2\/#primaryimage"},"thumbnailUrl":"https:\/\/stuttgarti-katolikusok.de\/wp-content\/uploads\/2021\/03\/passion-3807311-1280.jpg","articleSection":["Vas\u00e1rnapi gondolatok"],"inLanguage":"hu"},{"@type":"WebPage","@id":"https:\/\/stuttgarti-katolikusok.de\/index.php\/nagybojt-5-vasarnapja-2\/","url":"https:\/\/stuttgarti-katolikusok.de\/index.php\/nagybojt-5-vasarnapja-2\/","name":"Nagyb\u00f6jt 5. vas\u00e1rnapja - Stuttgarti Katolikusok","isPartOf":{"@id":"https:\/\/stuttgarti-katolikusok.de\/#website"},"primaryImageOfPage":{"@id":"https:\/\/stuttgarti-katolikusok.de\/index.php\/nagybojt-5-vasarnapja-2\/#primaryimage"},"image":{"@id":"https:\/\/stuttgarti-katolikusok.de\/index.php\/nagybojt-5-vasarnapja-2\/#primaryimage"},"thumbnailUrl":"https:\/\/stuttgarti-katolikusok.de\/wp-content\/uploads\/2021\/03\/passion-3807311-1280.jpg","datePublished":"2021-03-20T20:28:45+00:00","dateModified":"2021-03-22T20:29:42+00:00","author":{"@id":"https:\/\/stuttgarti-katolikusok.de\/#\/schema\/person\/75908d6f8fdc03a57889d27209df7795"},"breadcrumb":{"@id":"https:\/\/stuttgarti-katolikusok.de\/index.php\/nagybojt-5-vasarnapja-2\/#breadcrumb"},"inLanguage":"hu","potentialAction":[{"@type":"ReadAction","target":["https:\/\/stuttgarti-katolikusok.de\/index.php\/nagybojt-5-vasarnapja-2\/"]}]},{"@type":"ImageObject","inLanguage":"hu","@id":"https:\/\/stuttgarti-katolikusok.de\/index.php\/nagybojt-5-vasarnapja-2\/#primaryimage","url":"https:\/\/stuttgarti-katolikusok.de\/wp-content\/uploads\/2021\/03\/passion-3807311-1280.jpg","contentUrl":"https:\/\/stuttgarti-katolikusok.de\/wp-content\/uploads\/2021\/03\/passion-3807311-1280.jpg","width":1280,"height":963},{"@type":"BreadcrumbList","@id":"https:\/\/stuttgarti-katolikusok.de\/index.php\/nagybojt-5-vasarnapja-2\/#breadcrumb","itemListElement":[{"@type":"ListItem","position":1,"name":"Kezd\u0151lap","item":"https:\/\/stuttgarti-katolikusok.de\/"},{"@type":"ListItem","position":2,"name":"Nagyb\u00f6jt 5. vas\u00e1rnapja"}]},{"@type":"WebSite","@id":"https:\/\/stuttgarti-katolikusok.de\/#website","url":"https:\/\/stuttgarti-katolikusok.de\/","name":"Stuttgarti Katolikusok","description":"","potentialAction":[{"@type":"SearchAction","target":{"@type":"EntryPoint","urlTemplate":"https:\/\/stuttgarti-katolikusok.de\/?s={search_term_string}"},"query-input":{"@type":"PropertyValueSpecification","valueRequired":true,"valueName":"search_term_string"}}],"inLanguage":"hu"},{"@type":"Person","@id":"https:\/\/stuttgarti-katolikusok.de\/#\/schema\/person\/75908d6f8fdc03a57889d27209df7795","name":"Tibor atya","image":{"@type":"ImageObject","inLanguage":"hu","@id":"https:\/\/secure.gravatar.com\/avatar\/61d268e57d1f4525b111222e29d2d5a7f8c420fdbf231ba5566a8ceac74fa960?s=96&d=mm&r=g","url":"https:\/\/secure.gravatar.com\/avatar\/61d268e57d1f4525b111222e29d2d5a7f8c420fdbf231ba5566a8ceac74fa960?s=96&d=mm&r=g","contentUrl":"https:\/\/secure.gravatar.com\/avatar\/61d268e57d1f4525b111222e29d2d5a7f8c420fdbf231ba5566a8ceac74fa960?s=96&d=mm&r=g","caption":"Tibor atya"},"url":"https:\/\/stuttgarti-katolikusok.de\/index.php\/author\/tibor-atya\/"}]}},"_links":{"self":[{"href":"https:\/\/stuttgarti-katolikusok.de\/index.php\/wp-json\/wp\/v2\/posts\/21460","targetHints":{"allow":["GET"]}}],"collection":[{"href":"https:\/\/stuttgarti-katolikusok.de\/index.php\/wp-json\/wp\/v2\/posts"}],"about":[{"href":"https:\/\/stuttgarti-katolikusok.de\/index.php\/wp-json\/wp\/v2\/types\/post"}],"author":[{"embeddable":true,"href":"https:\/\/stuttgarti-katolikusok.de\/index.php\/wp-json\/wp\/v2\/users\/3"}],"replies":[{"embeddable":true,"href":"https:\/\/stuttgarti-katolikusok.de\/index.php\/wp-json\/wp\/v2\/comments?post=21460"}],"version-history":[{"count":1,"href":"https:\/\/stuttgarti-katolikusok.de\/index.php\/wp-json\/wp\/v2\/posts\/21460\/revisions"}],"predecessor-version":[{"id":21462,"href":"https:\/\/stuttgarti-katolikusok.de\/index.php\/wp-json\/wp\/v2\/posts\/21460\/revisions\/21462"}],"wp:featuredmedia":[{"embeddable":true,"href":"https:\/\/stuttgarti-katolikusok.de\/index.php\/wp-json\/wp\/v2\/media\/21461"}],"wp:attachment":[{"href":"https:\/\/stuttgarti-katolikusok.de\/index.php\/wp-json\/wp\/v2\/media?parent=21460"}],"wp:term":[{"taxonomy":"category","embeddable":true,"href":"https:\/\/stuttgarti-katolikusok.de\/index.php\/wp-json\/wp\/v2\/categories?post=21460"},{"taxonomy":"post_tag","embeddable":true,"href":"https:\/\/stuttgarti-katolikusok.de\/index.php\/wp-json\/wp\/v2\/tags?post=21460"}],"curies":[{"name":"wp","href":"https:\/\/api.w.org\/{rel}","templated":true}]}}