{"id":21358,"date":"2021-03-08T20:08:54","date_gmt":"2021-03-08T20:08:54","guid":{"rendered":"https:\/\/gracious-dewdney.138-201-221-2.plesk.page\/?p=21358"},"modified":"2021-03-09T10:50:40","modified_gmt":"2021-03-09T10:50:40","slug":"2021-marcius-8-es-14-kozott","status":"publish","type":"post","link":"https:\/\/stuttgarti-katolikusok.de\/index.php\/2021-marcius-8-es-14-kozott\/","title":{"rendered":"2021 M\u00c1RCIUS 8 \u00e9s 14 k\u00f6z\u00f6tt"},"content":{"rendered":"<p><span style=\"color: #800080;\"><strong>Programel\u0151zetes<\/strong><\/span><\/p>\n<p><span style=\"color: #800080;\"><em>A jelenlegi egyh\u00e1zi rendelkez\u00e9sek \u00e9rtelm\u00e9ben csak a szentmise \u00a0\u00a0tarthat\u00f3 meg. <\/em><\/span><\/p>\n<p><span style=\"color: #800080;\"><em>Szentmis\u00e9n k\u00f6telez\u0151 a maszk haszn\u00e1lata, jelenl\u00e9ti lista n\u00e9vvel \u00e9s el\u00e9rhet\u0151s\u00e9ggel, kezek fert\u0151tlen\u00edt\u00e9se!<\/em><\/span><\/p>\n<p style=\"text-align: center;\"><span style=\"color: #800080;\"><em>\u00a0<\/em><strong>*<\/strong><\/span><\/p>\n<p><strong>M\u00e1rcius 10-\u00e9n<\/strong><em>,<\/em> szerda<em>, <\/em><strong>Weingarteni d\u00e9lut\u00e1n<\/strong><em>, a <\/em><em>14 Nothelfer Kapelle<\/em><em>-ben <\/em>16.00 \u00f3rakor <em>kereszt\u00fati \u00e1jtatoss\u00e1g. <\/em><em>Nincs <\/em><em>szentmise<\/em><em>!<\/em><\/p>\n<p style=\"text-align: center;\"><span style=\"color: #800080;\"><em>\u00a0<\/em><em><strong>*<\/strong><\/em><\/span><\/p>\n<p><strong>M\u00e1rcius 11-\u00e9n<\/strong><em>, <\/em>cs\u00fct\u00f6rt\u00f6k\u00f6n<em>, <\/em><strong>Ulmi d\u00e9lut\u00e1n<\/strong><em>, <\/em>18.00 \u00f3rakor <em>kereszt\u00fati \u00e1jtatoss\u00e1g. <\/em>Nincs <em>szentmise!<\/em><\/p>\n<p style=\"text-align: center;\"><em>\u00a0<\/em><span style=\"color: #800080;\"><em><strong>*<\/strong><\/em><\/span><\/p>\n<p><strong>M\u00e1rcius 12-\u00e9n<\/strong><em><strong>, <\/strong><\/em><em>p<\/em>\u00e9nteken<em>, <\/em><strong>Stuttgarti d\u00e9lut\u00e1n<\/strong><em><strong>, <\/strong><\/em>17.30 \u00f3rakor<em> kereszt\u00fati \u00e1jtatoss\u00e1g. <\/em>Nincs<em> s<\/em><em>zentmise!<\/em><\/p>\n<p style=\"text-align: center;\"><span style=\"color: #800080;\"><em><strong>*<\/strong><\/em><\/span><\/p>\n<p><strong>M\u00e1rcius 13-\u00e1n<\/strong><em>,<\/em> szombaton<em>,<\/em><strong> Biberachban <\/strong>16.30 \u00f3rakor<em>\u00a0szentmise<\/em><em>.<\/em><\/p>\n<p style=\"text-align: center;\"><span style=\"color: #800080;\"><em><strong>*<\/strong><\/em><\/span><\/p>\n<p><strong>M\u00e1rcius 14-\u00e9n<\/strong><em><strong>,<\/strong><\/em> <span style=\"color: #800080;\"><em><strong>Nagyb\u00f6jt 4. vas\u00e1rnapja<\/strong><\/em><\/span><em>,\u00a0<\/em><strong>Nemzeti \u00dcnnep,<\/strong><\/p>\n<p><strong>Weingartenben <\/strong>11.00 \u00f3rakor <em>szentmise <\/em><em>a <\/em><em>Heilig Geist Kirche-<\/em><em>ben<\/em><em>,<\/em><\/p>\n<p><strong>Ulmban <\/strong>15.00 \u00f3rakor <em>szentmise,<\/em> ezt k\u00f6vet\u0151en r\u00f6vid<em> \u00fcnnepi m\u0171sor,<\/em><\/p>\n<p><em><strong>S<\/strong><\/em><strong>tuttgartban <\/strong>15.00 \u00f3rakor <em>\u00f6kumenikus istentisztelet <\/em><em>a <\/em><em>Luther Kirche<\/em><em>-ben, <\/em>ut\u00e1na r\u00f6vid<em> \u00fcnnepi m\u0171sor.<\/em><\/p>\n<p style=\"text-align: center;\"><em>\u00a0<\/em><span style=\"color: #800080;\"><em><strong>*<\/strong><\/em><\/span><\/p>\n<p>Minden helyen mindenkit szeretettel v\u00e1r a k\u00f6z\u00f6ss\u00e9g \u00e9s Tibor atya!<\/p>\n<p style=\"text-align: center;\"><span style=\"color: #800080;\"><strong>\u00a0<\/strong><strong>*<\/strong><\/span><\/p>\n<p><a href=\"https:\/\/stuttgarti-katolikusok.de\/wp-content\/uploads\/2021\/03\/jesus-4434873-1280.jpg\"><img loading=\"lazy\" decoding=\"async\" class=\"alignnone size-full wp-image-21359\" src=\"https:\/\/stuttgarti-katolikusok.de\/wp-content\/uploads\/2021\/03\/jesus-4434873-1280.jpg\" alt=\"\" width=\"1280\" height=\"853\" srcset=\"https:\/\/stuttgarti-katolikusok.de\/wp-content\/uploads\/2021\/03\/jesus-4434873-1280.jpg 1280w, https:\/\/stuttgarti-katolikusok.de\/wp-content\/uploads\/2021\/03\/jesus-4434873-1280-300x200.jpg 300w, https:\/\/stuttgarti-katolikusok.de\/wp-content\/uploads\/2021\/03\/jesus-4434873-1280-1024x682.jpg 1024w, https:\/\/stuttgarti-katolikusok.de\/wp-content\/uploads\/2021\/03\/jesus-4434873-1280-420x280.jpg 420w, https:\/\/stuttgarti-katolikusok.de\/wp-content\/uploads\/2021\/03\/jesus-4434873-1280-690x460.jpg 690w\" sizes=\"auto, (max-width: 1280px) 100vw, 1280px\" \/><\/a><\/p>\n<p style=\"text-align: center;\"><span style=\"color: #800080;\"><em><strong>*<\/strong><\/em><\/span><\/p>\n<p><span style=\"color: #800080;\"><em><strong>Bens\u0151s\u00e9ges nagyb\u00f6jti napokat, j\u00f3 munk\u00e1t, tartalmas besz\u00e9lget\u00e9seket \u00e9s \u00f6r\u00f6mteli tal\u00e1lkoz\u00e1sokat k\u00edv\u00e1nunk minden Kedves H\u00edv\u00fcnknek!<\/strong><\/em><\/span><\/p>\n<p style=\"text-align: center;\"><span style=\"color: #800080;\"><em><strong>*<\/strong><\/em><\/span><\/p>\n<p><strong>\u201eA kereszttel Isten t\u00fall\u00e9p a szavakon: a kereszt az a szeretet, amely nem magyar\u00e1zhat\u00f3. Ezt akkor \u00e9rthetj\u00fck meg, ha engedj\u00fck, hogy Isten \u0151r\u00fclten szeressen. A kereszt beteljes\u00edti \u00e9s meghaladja a szavakat.\u201d <\/strong>(Gaetano Piccolo SJ, 1973 &#8211; )<\/p>\n<p><em>(K\u00e9p forr\u00e1sa: Pixabay)<\/em><\/p>\n","protected":false},"excerpt":{"rendered":"<p>Programel\u0151zetes A jelenlegi egyh\u00e1zi rendelkez\u00e9sek \u00e9rtelm\u00e9ben csak a szentmise \u00a0\u00a0tarthat\u00f3 meg. Szentmis\u00e9n k\u00f6telez\u0151 a maszk haszn\u00e1lata, jelenl\u00e9ti lista n\u00e9vvel \u00e9s el\u00e9rhet\u0151s\u00e9ggel, kezek fert\u0151tlen\u00edt\u00e9se! \u00a0* M\u00e1rcius 10-\u00e9n, szerda, Weingarteni d\u00e9lut\u00e1n, a 14 Nothelfer Kapelle-ben 16.00 \u00f3rakor kereszt\u00fati \u00e1jtatoss\u00e1g. Nincs szentmise! \u00a0* M\u00e1rcius 11-\u00e9n, cs\u00fct\u00f6rt\u00f6k\u00f6n, Ulmi d\u00e9lut\u00e1n, 18.00 \u00f3rakor kereszt\u00fati \u00e1jtatoss\u00e1g. Nincs szentmise! \u00a0* M\u00e1rcius 12-\u00e9n, p\u00e9nteken, Stuttgarti d\u00e9lut\u00e1n, 17.30 \u00f3rakor kereszt\u00fati \u00e1jtatoss\u00e1g. Nincs szentmise! * M\u00e1rcius 13-\u00e1n, szombaton, Biberachban 16.30 \u00f3rakor\u00a0szentmise. * M\u00e1rcius 14-\u00e9n, Nagyb\u00f6jt 4. vas\u00e1rnapja,\u00a0Nemzeti \u00dcnnep, Weingartenben 11.00 \u00f3rakor szentmise a Heilig Geist Kirche-ben, Ulmban 15.00 \u00f3rakor szentmise, ezt k\u00f6vet\u0151en r\u00f6vid \u00fcnnepi m\u0171sor, Stuttgartban 15.00 \u00f3rakor \u00f6kumenikus istentisztelet a Luther Kirche-ben, ut\u00e1na r\u00f6vid \u00fcnnepi m\u0171sor. \u00a0* Minden helyen mindenkit szeretettel v\u00e1r a k\u00f6z\u00f6ss\u00e9g \u00e9s Tibor atya! \u00a0* * Bens\u0151s\u00e9ges nagyb\u00f6jti napokat, j\u00f3 munk\u00e1t, tartalmas besz\u00e9lget\u00e9seket \u00e9s \u00f6r\u00f6mteli tal\u00e1lkoz\u00e1sokat k\u00edv\u00e1nunk minden Kedves H\u00edv\u00fcnknek! * \u201eA kereszttel Isten t\u00fall\u00e9p a szavakon: a kereszt az a szeretet, amely nem magyar\u00e1zhat\u00f3. Ezt akkor \u00e9rthetj\u00fck meg, ha engedj\u00fck, hogy Isten \u0151r\u00fclten szeressen. A kereszt beteljes\u00edti \u00e9s meghaladja a szavakat.\u201d (Gaetano Piccolo SJ, 1973 &#8211; ) (K\u00e9p forr\u00e1sa: Pixabay)<\/p>\n","protected":false},"author":3,"featured_media":21407,"comment_status":"closed","ping_status":"closed","sticky":false,"template":"","format":"standard","meta":{"footnotes":""},"categories":[37],"tags":[],"class_list":["post-21358","post","type-post","status-publish","format-standard","has-post-thumbnail","hentry","category-progamelozetes"],"yoast_head":"<!-- This site is optimized with the Yoast SEO plugin v27.3 - https:\/\/yoast.com\/product\/yoast-seo-wordpress\/ -->\n<title>2021 M\u00c1RCIUS 8 \u00e9s 14 k\u00f6z\u00f6tt - Stuttgarti Katolikusok<\/title>\n<meta name=\"robots\" content=\"index, follow, max-snippet:-1, max-image-preview:large, max-video-preview:-1\" \/>\n<link rel=\"canonical\" href=\"https:\/\/stuttgarti-katolikusok.de\/index.php\/2021-marcius-8-es-14-kozott\/\" \/>\n<meta property=\"og:locale\" content=\"hu_HU\" \/>\n<meta property=\"og:type\" content=\"article\" \/>\n<meta property=\"og:title\" content=\"2021 M\u00c1RCIUS 8 \u00e9s 14 k\u00f6z\u00f6tt - Stuttgarti Katolikusok\" \/>\n<meta property=\"og:description\" content=\"Programel\u0151zetes A jelenlegi egyh\u00e1zi rendelkez\u00e9sek \u00e9rtelm\u00e9ben csak a szentmise \u00a0\u00a0tarthat\u00f3 meg. Szentmis\u00e9n k\u00f6telez\u0151 a maszk haszn\u00e1lata, jelenl\u00e9ti lista n\u00e9vvel \u00e9s el\u00e9rhet\u0151s\u00e9ggel, kezek fert\u0151tlen\u00edt\u00e9se! \u00a0* M\u00e1rcius 10-\u00e9n, szerda, Weingarteni d\u00e9lut\u00e1n, a 14 Nothelfer Kapelle-ben 16.00 \u00f3rakor kereszt\u00fati \u00e1jtatoss\u00e1g. Nincs szentmise! \u00a0* M\u00e1rcius 11-\u00e9n, cs\u00fct\u00f6rt\u00f6k\u00f6n, Ulmi d\u00e9lut\u00e1n, 18.00 \u00f3rakor kereszt\u00fati \u00e1jtatoss\u00e1g. Nincs szentmise! \u00a0* M\u00e1rcius 12-\u00e9n, p\u00e9nteken, Stuttgarti d\u00e9lut\u00e1n, 17.30 \u00f3rakor kereszt\u00fati \u00e1jtatoss\u00e1g. Nincs szentmise! * M\u00e1rcius 13-\u00e1n, szombaton, Biberachban 16.30 \u00f3rakor\u00a0szentmise. * M\u00e1rcius 14-\u00e9n, Nagyb\u00f6jt 4. vas\u00e1rnapja,\u00a0Nemzeti \u00dcnnep, Weingartenben 11.00 \u00f3rakor szentmise a Heilig Geist Kirche-ben, Ulmban 15.00 \u00f3rakor szentmise, ezt k\u00f6vet\u0151en r\u00f6vid \u00fcnnepi m\u0171sor, Stuttgartban 15.00 \u00f3rakor \u00f6kumenikus istentisztelet a Luther Kirche-ben, ut\u00e1na r\u00f6vid \u00fcnnepi m\u0171sor. \u00a0* Minden helyen mindenkit szeretettel v\u00e1r a k\u00f6z\u00f6ss\u00e9g \u00e9s Tibor atya! \u00a0* * Bens\u0151s\u00e9ges nagyb\u00f6jti napokat, j\u00f3 munk\u00e1t, tartalmas besz\u00e9lget\u00e9seket \u00e9s \u00f6r\u00f6mteli tal\u00e1lkoz\u00e1sokat k\u00edv\u00e1nunk minden Kedves H\u00edv\u00fcnknek! * \u201eA kereszttel Isten t\u00fall\u00e9p a szavakon: a kereszt az a szeretet, amely nem magyar\u00e1zhat\u00f3. Ezt akkor \u00e9rthetj\u00fck meg, ha engedj\u00fck, hogy Isten \u0151r\u00fclten szeressen. A kereszt beteljes\u00edti \u00e9s meghaladja a szavakat.\u201d (Gaetano Piccolo SJ, 1973 &#8211; ) (K\u00e9p forr\u00e1sa: Pixabay)\" \/>\n<meta property=\"og:url\" content=\"https:\/\/stuttgarti-katolikusok.de\/index.php\/2021-marcius-8-es-14-kozott\/\" \/>\n<meta property=\"og:site_name\" content=\"Stuttgarti Katolikusok\" \/>\n<meta property=\"article:published_time\" content=\"2021-03-08T20:08:54+00:00\" \/>\n<meta property=\"article:modified_time\" content=\"2021-03-09T10:50:40+00:00\" \/>\n<meta property=\"og:image\" content=\"https:\/\/stuttgarti-katolikusok.de\/wp-content\/uploads\/2021\/03\/church-window-2294959-1280-1.jpg\" \/>\n\t<meta property=\"og:image:width\" content=\"1280\" \/>\n\t<meta property=\"og:image:height\" content=\"765\" \/>\n\t<meta property=\"og:image:type\" content=\"image\/jpeg\" \/>\n<meta name=\"author\" content=\"Tibor atya\" \/>\n<meta name=\"twitter:card\" content=\"summary_large_image\" \/>\n<meta name=\"twitter:label1\" content=\"Szerz\u0151:\" \/>\n\t<meta name=\"twitter:data1\" content=\"Tibor atya\" \/>\n\t<meta name=\"twitter:label2\" content=\"Becs\u00fclt olvas\u00e1si id\u0151\" \/>\n\t<meta name=\"twitter:data2\" content=\"1 perc\" \/>\n<script type=\"application\/ld+json\" class=\"yoast-schema-graph\">{\"@context\":\"https:\\\/\\\/schema.org\",\"@graph\":[{\"@type\":\"Article\",\"@id\":\"https:\\\/\\\/stuttgarti-katolikusok.de\\\/index.php\\\/2021-marcius-8-es-14-kozott\\\/#article\",\"isPartOf\":{\"@id\":\"https:\\\/\\\/stuttgarti-katolikusok.de\\\/index.php\\\/2021-marcius-8-es-14-kozott\\\/\"},\"author\":{\"name\":\"Tibor atya\",\"@id\":\"https:\\\/\\\/stuttgarti-katolikusok.de\\\/#\\\/schema\\\/person\\\/75908d6f8fdc03a57889d27209df7795\"},\"headline\":\"2021 M\u00c1RCIUS 8 \u00e9s 14 k\u00f6z\u00f6tt\",\"datePublished\":\"2021-03-08T20:08:54+00:00\",\"dateModified\":\"2021-03-09T10:50:40+00:00\",\"mainEntityOfPage\":{\"@id\":\"https:\\\/\\\/stuttgarti-katolikusok.de\\\/index.php\\\/2021-marcius-8-es-14-kozott\\\/\"},\"wordCount\":244,\"image\":{\"@id\":\"https:\\\/\\\/stuttgarti-katolikusok.de\\\/index.php\\\/2021-marcius-8-es-14-kozott\\\/#primaryimage\"},\"thumbnailUrl\":\"https:\\\/\\\/stuttgarti-katolikusok.de\\\/wp-content\\\/uploads\\\/2021\\\/03\\\/church-window-2294959-1280-1.jpg\",\"articleSection\":[\"Progamel\u0151zetes\"],\"inLanguage\":\"hu\"},{\"@type\":\"WebPage\",\"@id\":\"https:\\\/\\\/stuttgarti-katolikusok.de\\\/index.php\\\/2021-marcius-8-es-14-kozott\\\/\",\"url\":\"https:\\\/\\\/stuttgarti-katolikusok.de\\\/index.php\\\/2021-marcius-8-es-14-kozott\\\/\",\"name\":\"2021 M\u00c1RCIUS 8 \u00e9s 14 k\u00f6z\u00f6tt - Stuttgarti Katolikusok\",\"isPartOf\":{\"@id\":\"https:\\\/\\\/stuttgarti-katolikusok.de\\\/#website\"},\"primaryImageOfPage\":{\"@id\":\"https:\\\/\\\/stuttgarti-katolikusok.de\\\/index.php\\\/2021-marcius-8-es-14-kozott\\\/#primaryimage\"},\"image\":{\"@id\":\"https:\\\/\\\/stuttgarti-katolikusok.de\\\/index.php\\\/2021-marcius-8-es-14-kozott\\\/#primaryimage\"},\"thumbnailUrl\":\"https:\\\/\\\/stuttgarti-katolikusok.de\\\/wp-content\\\/uploads\\\/2021\\\/03\\\/church-window-2294959-1280-1.jpg\",\"datePublished\":\"2021-03-08T20:08:54+00:00\",\"dateModified\":\"2021-03-09T10:50:40+00:00\",\"author\":{\"@id\":\"https:\\\/\\\/stuttgarti-katolikusok.de\\\/#\\\/schema\\\/person\\\/75908d6f8fdc03a57889d27209df7795\"},\"breadcrumb\":{\"@id\":\"https:\\\/\\\/stuttgarti-katolikusok.de\\\/index.php\\\/2021-marcius-8-es-14-kozott\\\/#breadcrumb\"},\"inLanguage\":\"hu\",\"potentialAction\":[{\"@type\":\"ReadAction\",\"target\":[\"https:\\\/\\\/stuttgarti-katolikusok.de\\\/index.php\\\/2021-marcius-8-es-14-kozott\\\/\"]}]},{\"@type\":\"ImageObject\",\"inLanguage\":\"hu\",\"@id\":\"https:\\\/\\\/stuttgarti-katolikusok.de\\\/index.php\\\/2021-marcius-8-es-14-kozott\\\/#primaryimage\",\"url\":\"https:\\\/\\\/stuttgarti-katolikusok.de\\\/wp-content\\\/uploads\\\/2021\\\/03\\\/church-window-2294959-1280-1.jpg\",\"contentUrl\":\"https:\\\/\\\/stuttgarti-katolikusok.de\\\/wp-content\\\/uploads\\\/2021\\\/03\\\/church-window-2294959-1280-1.jpg\",\"width\":1280,\"height\":765},{\"@type\":\"BreadcrumbList\",\"@id\":\"https:\\\/\\\/stuttgarti-katolikusok.de\\\/index.php\\\/2021-marcius-8-es-14-kozott\\\/#breadcrumb\",\"itemListElement\":[{\"@type\":\"ListItem\",\"position\":1,\"name\":\"Kezd\u0151lap\",\"item\":\"https:\\\/\\\/stuttgarti-katolikusok.de\\\/\"},{\"@type\":\"ListItem\",\"position\":2,\"name\":\"2021 M\u00c1RCIUS 8 \u00e9s 14 k\u00f6z\u00f6tt\"}]},{\"@type\":\"WebSite\",\"@id\":\"https:\\\/\\\/stuttgarti-katolikusok.de\\\/#website\",\"url\":\"https:\\\/\\\/stuttgarti-katolikusok.de\\\/\",\"name\":\"Stuttgarti Katolikusok\",\"description\":\"\",\"potentialAction\":[{\"@type\":\"SearchAction\",\"target\":{\"@type\":\"EntryPoint\",\"urlTemplate\":\"https:\\\/\\\/stuttgarti-katolikusok.de\\\/?s={search_term_string}\"},\"query-input\":{\"@type\":\"PropertyValueSpecification\",\"valueRequired\":true,\"valueName\":\"search_term_string\"}}],\"inLanguage\":\"hu\"},{\"@type\":\"Person\",\"@id\":\"https:\\\/\\\/stuttgarti-katolikusok.de\\\/#\\\/schema\\\/person\\\/75908d6f8fdc03a57889d27209df7795\",\"name\":\"Tibor atya\",\"image\":{\"@type\":\"ImageObject\",\"inLanguage\":\"hu\",\"@id\":\"https:\\\/\\\/secure.gravatar.com\\\/avatar\\\/61d268e57d1f4525b111222e29d2d5a7f8c420fdbf231ba5566a8ceac74fa960?s=96&d=mm&r=g\",\"url\":\"https:\\\/\\\/secure.gravatar.com\\\/avatar\\\/61d268e57d1f4525b111222e29d2d5a7f8c420fdbf231ba5566a8ceac74fa960?s=96&d=mm&r=g\",\"contentUrl\":\"https:\\\/\\\/secure.gravatar.com\\\/avatar\\\/61d268e57d1f4525b111222e29d2d5a7f8c420fdbf231ba5566a8ceac74fa960?s=96&d=mm&r=g\",\"caption\":\"Tibor atya\"},\"url\":\"https:\\\/\\\/stuttgarti-katolikusok.de\\\/index.php\\\/author\\\/tibor-atya\\\/\"}]}<\/script>\n<!-- \/ Yoast SEO plugin. -->","yoast_head_json":{"title":"2021 M\u00c1RCIUS 8 \u00e9s 14 k\u00f6z\u00f6tt - Stuttgarti Katolikusok","robots":{"index":"index","follow":"follow","max-snippet":"max-snippet:-1","max-image-preview":"max-image-preview:large","max-video-preview":"max-video-preview:-1"},"canonical":"https:\/\/stuttgarti-katolikusok.de\/index.php\/2021-marcius-8-es-14-kozott\/","og_locale":"hu_HU","og_type":"article","og_title":"2021 M\u00c1RCIUS 8 \u00e9s 14 k\u00f6z\u00f6tt - Stuttgarti Katolikusok","og_description":"Programel\u0151zetes A jelenlegi egyh\u00e1zi rendelkez\u00e9sek \u00e9rtelm\u00e9ben csak a szentmise \u00a0\u00a0tarthat\u00f3 meg. Szentmis\u00e9n k\u00f6telez\u0151 a maszk haszn\u00e1lata, jelenl\u00e9ti lista n\u00e9vvel \u00e9s el\u00e9rhet\u0151s\u00e9ggel, kezek fert\u0151tlen\u00edt\u00e9se! \u00a0* M\u00e1rcius 10-\u00e9n, szerda, Weingarteni d\u00e9lut\u00e1n, a 14 Nothelfer Kapelle-ben 16.00 \u00f3rakor kereszt\u00fati \u00e1jtatoss\u00e1g. Nincs szentmise! \u00a0* M\u00e1rcius 11-\u00e9n, cs\u00fct\u00f6rt\u00f6k\u00f6n, Ulmi d\u00e9lut\u00e1n, 18.00 \u00f3rakor kereszt\u00fati \u00e1jtatoss\u00e1g. Nincs szentmise! \u00a0* M\u00e1rcius 12-\u00e9n, p\u00e9nteken, Stuttgarti d\u00e9lut\u00e1n, 17.30 \u00f3rakor kereszt\u00fati \u00e1jtatoss\u00e1g. Nincs szentmise! * M\u00e1rcius 13-\u00e1n, szombaton, Biberachban 16.30 \u00f3rakor\u00a0szentmise. * M\u00e1rcius 14-\u00e9n, Nagyb\u00f6jt 4. vas\u00e1rnapja,\u00a0Nemzeti \u00dcnnep, Weingartenben 11.00 \u00f3rakor szentmise a Heilig Geist Kirche-ben, Ulmban 15.00 \u00f3rakor szentmise, ezt k\u00f6vet\u0151en r\u00f6vid \u00fcnnepi m\u0171sor, Stuttgartban 15.00 \u00f3rakor \u00f6kumenikus istentisztelet a Luther Kirche-ben, ut\u00e1na r\u00f6vid \u00fcnnepi m\u0171sor. \u00a0* Minden helyen mindenkit szeretettel v\u00e1r a k\u00f6z\u00f6ss\u00e9g \u00e9s Tibor atya! \u00a0* * Bens\u0151s\u00e9ges nagyb\u00f6jti napokat, j\u00f3 munk\u00e1t, tartalmas besz\u00e9lget\u00e9seket \u00e9s \u00f6r\u00f6mteli tal\u00e1lkoz\u00e1sokat k\u00edv\u00e1nunk minden Kedves H\u00edv\u00fcnknek! * \u201eA kereszttel Isten t\u00fall\u00e9p a szavakon: a kereszt az a szeretet, amely nem magyar\u00e1zhat\u00f3. Ezt akkor \u00e9rthetj\u00fck meg, ha engedj\u00fck, hogy Isten \u0151r\u00fclten szeressen. A kereszt beteljes\u00edti \u00e9s meghaladja a szavakat.\u201d (Gaetano Piccolo SJ, 1973 &#8211; ) (K\u00e9p forr\u00e1sa: Pixabay)","og_url":"https:\/\/stuttgarti-katolikusok.de\/index.php\/2021-marcius-8-es-14-kozott\/","og_site_name":"Stuttgarti Katolikusok","article_published_time":"2021-03-08T20:08:54+00:00","article_modified_time":"2021-03-09T10:50:40+00:00","og_image":[{"width":1280,"height":765,"url":"https:\/\/stuttgarti-katolikusok.de\/wp-content\/uploads\/2021\/03\/church-window-2294959-1280-1.jpg","type":"image\/jpeg"}],"author":"Tibor atya","twitter_card":"summary_large_image","twitter_misc":{"Szerz\u0151:":"Tibor atya","Becs\u00fclt olvas\u00e1si id\u0151":"1 perc"},"schema":{"@context":"https:\/\/schema.org","@graph":[{"@type":"Article","@id":"https:\/\/stuttgarti-katolikusok.de\/index.php\/2021-marcius-8-es-14-kozott\/#article","isPartOf":{"@id":"https:\/\/stuttgarti-katolikusok.de\/index.php\/2021-marcius-8-es-14-kozott\/"},"author":{"name":"Tibor atya","@id":"https:\/\/stuttgarti-katolikusok.de\/#\/schema\/person\/75908d6f8fdc03a57889d27209df7795"},"headline":"2021 M\u00c1RCIUS 8 \u00e9s 14 k\u00f6z\u00f6tt","datePublished":"2021-03-08T20:08:54+00:00","dateModified":"2021-03-09T10:50:40+00:00","mainEntityOfPage":{"@id":"https:\/\/stuttgarti-katolikusok.de\/index.php\/2021-marcius-8-es-14-kozott\/"},"wordCount":244,"image":{"@id":"https:\/\/stuttgarti-katolikusok.de\/index.php\/2021-marcius-8-es-14-kozott\/#primaryimage"},"thumbnailUrl":"https:\/\/stuttgarti-katolikusok.de\/wp-content\/uploads\/2021\/03\/church-window-2294959-1280-1.jpg","articleSection":["Progamel\u0151zetes"],"inLanguage":"hu"},{"@type":"WebPage","@id":"https:\/\/stuttgarti-katolikusok.de\/index.php\/2021-marcius-8-es-14-kozott\/","url":"https:\/\/stuttgarti-katolikusok.de\/index.php\/2021-marcius-8-es-14-kozott\/","name":"2021 M\u00c1RCIUS 8 \u00e9s 14 k\u00f6z\u00f6tt - Stuttgarti Katolikusok","isPartOf":{"@id":"https:\/\/stuttgarti-katolikusok.de\/#website"},"primaryImageOfPage":{"@id":"https:\/\/stuttgarti-katolikusok.de\/index.php\/2021-marcius-8-es-14-kozott\/#primaryimage"},"image":{"@id":"https:\/\/stuttgarti-katolikusok.de\/index.php\/2021-marcius-8-es-14-kozott\/#primaryimage"},"thumbnailUrl":"https:\/\/stuttgarti-katolikusok.de\/wp-content\/uploads\/2021\/03\/church-window-2294959-1280-1.jpg","datePublished":"2021-03-08T20:08:54+00:00","dateModified":"2021-03-09T10:50:40+00:00","author":{"@id":"https:\/\/stuttgarti-katolikusok.de\/#\/schema\/person\/75908d6f8fdc03a57889d27209df7795"},"breadcrumb":{"@id":"https:\/\/stuttgarti-katolikusok.de\/index.php\/2021-marcius-8-es-14-kozott\/#breadcrumb"},"inLanguage":"hu","potentialAction":[{"@type":"ReadAction","target":["https:\/\/stuttgarti-katolikusok.de\/index.php\/2021-marcius-8-es-14-kozott\/"]}]},{"@type":"ImageObject","inLanguage":"hu","@id":"https:\/\/stuttgarti-katolikusok.de\/index.php\/2021-marcius-8-es-14-kozott\/#primaryimage","url":"https:\/\/stuttgarti-katolikusok.de\/wp-content\/uploads\/2021\/03\/church-window-2294959-1280-1.jpg","contentUrl":"https:\/\/stuttgarti-katolikusok.de\/wp-content\/uploads\/2021\/03\/church-window-2294959-1280-1.jpg","width":1280,"height":765},{"@type":"BreadcrumbList","@id":"https:\/\/stuttgarti-katolikusok.de\/index.php\/2021-marcius-8-es-14-kozott\/#breadcrumb","itemListElement":[{"@type":"ListItem","position":1,"name":"Kezd\u0151lap","item":"https:\/\/stuttgarti-katolikusok.de\/"},{"@type":"ListItem","position":2,"name":"2021 M\u00c1RCIUS 8 \u00e9s 14 k\u00f6z\u00f6tt"}]},{"@type":"WebSite","@id":"https:\/\/stuttgarti-katolikusok.de\/#website","url":"https:\/\/stuttgarti-katolikusok.de\/","name":"Stuttgarti Katolikusok","description":"","potentialAction":[{"@type":"SearchAction","target":{"@type":"EntryPoint","urlTemplate":"https:\/\/stuttgarti-katolikusok.de\/?s={search_term_string}"},"query-input":{"@type":"PropertyValueSpecification","valueRequired":true,"valueName":"search_term_string"}}],"inLanguage":"hu"},{"@type":"Person","@id":"https:\/\/stuttgarti-katolikusok.de\/#\/schema\/person\/75908d6f8fdc03a57889d27209df7795","name":"Tibor atya","image":{"@type":"ImageObject","inLanguage":"hu","@id":"https:\/\/secure.gravatar.com\/avatar\/61d268e57d1f4525b111222e29d2d5a7f8c420fdbf231ba5566a8ceac74fa960?s=96&d=mm&r=g","url":"https:\/\/secure.gravatar.com\/avatar\/61d268e57d1f4525b111222e29d2d5a7f8c420fdbf231ba5566a8ceac74fa960?s=96&d=mm&r=g","contentUrl":"https:\/\/secure.gravatar.com\/avatar\/61d268e57d1f4525b111222e29d2d5a7f8c420fdbf231ba5566a8ceac74fa960?s=96&d=mm&r=g","caption":"Tibor atya"},"url":"https:\/\/stuttgarti-katolikusok.de\/index.php\/author\/tibor-atya\/"}]}},"_links":{"self":[{"href":"https:\/\/stuttgarti-katolikusok.de\/index.php\/wp-json\/wp\/v2\/posts\/21358","targetHints":{"allow":["GET"]}}],"collection":[{"href":"https:\/\/stuttgarti-katolikusok.de\/index.php\/wp-json\/wp\/v2\/posts"}],"about":[{"href":"https:\/\/stuttgarti-katolikusok.de\/index.php\/wp-json\/wp\/v2\/types\/post"}],"author":[{"embeddable":true,"href":"https:\/\/stuttgarti-katolikusok.de\/index.php\/wp-json\/wp\/v2\/users\/3"}],"replies":[{"embeddable":true,"href":"https:\/\/stuttgarti-katolikusok.de\/index.php\/wp-json\/wp\/v2\/comments?post=21358"}],"version-history":[{"count":9,"href":"https:\/\/stuttgarti-katolikusok.de\/index.php\/wp-json\/wp\/v2\/posts\/21358\/revisions"}],"predecessor-version":[{"id":21408,"href":"https:\/\/stuttgarti-katolikusok.de\/index.php\/wp-json\/wp\/v2\/posts\/21358\/revisions\/21408"}],"wp:featuredmedia":[{"embeddable":true,"href":"https:\/\/stuttgarti-katolikusok.de\/index.php\/wp-json\/wp\/v2\/media\/21407"}],"wp:attachment":[{"href":"https:\/\/stuttgarti-katolikusok.de\/index.php\/wp-json\/wp\/v2\/media?parent=21358"}],"wp:term":[{"taxonomy":"category","embeddable":true,"href":"https:\/\/stuttgarti-katolikusok.de\/index.php\/wp-json\/wp\/v2\/categories?post=21358"},{"taxonomy":"post_tag","embeddable":true,"href":"https:\/\/stuttgarti-katolikusok.de\/index.php\/wp-json\/wp\/v2\/tags?post=21358"}],"curies":[{"name":"wp","href":"https:\/\/api.w.org\/{rel}","templated":true}]}}