{"id":21175,"date":"2021-02-08T21:47:58","date_gmt":"2021-02-08T21:47:58","guid":{"rendered":"https:\/\/gracious-dewdney.138-201-221-2.plesk.page\/?p=21175"},"modified":"2021-02-08T22:15:41","modified_gmt":"2021-02-08T22:15:41","slug":"februar-8-es-14-kozott","status":"publish","type":"post","link":"https:\/\/stuttgarti-katolikusok.de\/index.php\/februar-8-es-14-kozott\/","title":{"rendered":"2021 febru\u00e1r 8 \u00e9s 14 k\u00f6z\u00f6tt"},"content":{"rendered":"<p><span style=\"color: #008000;\"><strong>Programel\u0151zetes<\/strong><\/span><\/p>\n<p><span style=\"color: #008000;\"><em>A jelenlegi egyh\u00e1zi rendelkez\u00e9sek \u00e9rtelm\u00e9ben csak a szentmise \u00a0\u00a0tarthat\u00f3 meg. <\/em><\/span><\/p>\n<p><span style=\"color: #008000;\"><em>Szentmis\u00e9n k\u00f6telez\u0151 a maszk haszn\u00e1lata, jelenl\u00e9ti lista n\u00e9vvel \u00e9s el\u00e9rhet\u0151s\u00e9ggel, kezek fert\u0151tlen\u00edt\u00e9se!<\/em><\/span><\/p>\n<p style=\"text-align: center;\"><span style=\"color: #008000;\"><em>\u00a0<\/em>*<\/span><\/p>\n<p><em><strong>Febru\u00e1r 10-\u00e9n<\/strong><\/em><em>, szerd\u00e1n,\u00a0<strong>Weingarteni d\u00e9lut\u00e1n<\/strong>, a\u00a0<\/em><em>14 Nothelfer Kapelle<\/em><em>-ben 18.00 \u00f3rakor r\u00f3zsaf\u00fcz\u00e9rt<\/em><em> im\u00e1dkozunk.<\/em><\/p>\n<p style=\"text-align: center;\"><span style=\"color: #008000;\">*<\/span><\/p>\n<p><em><strong>Febru\u00e1r 11-\u00e9n<\/strong><\/em><em>, cs\u00fct\u00f6rt\u00f6k\u00f6n,\u00a0<strong>Ulmi d\u00e9lut\u00e1n<\/strong>, 18.00 \u00f3rakor <\/em><em>r\u00f3zsaf\u00fcz\u00e9rt im\u00e1dkozunk.<\/em><\/p>\n<p style=\"text-align: center;\"><span style=\"color: #008000;\">*<\/span><\/p>\n<p><em><strong>Febru\u00e1r 12-\u00e9n, <\/strong><\/em><em>p\u00e9nteken, <strong>Stuttgarti d\u00e9lut\u00e1n, <\/strong>18.00 \u00f3rakor <\/em><em>szentmise, <\/em><em>el\u0151tte <\/em><em>r\u00f3zsaf\u00fcz\u00e9rt <\/em><em>im\u00e1dkozunk.<\/em><\/p>\n<p style=\"text-align: center;\"><span style=\"color: #008000;\"><em><strong>*<\/strong><\/em><\/span><\/p>\n<p><em><strong>Febru\u00e1r 13-\u00e1n<\/strong><\/em><em>, szombaton,<strong> Biberachban <\/strong><\/em><em>16.30 \u00f3rakor<\/em><em>\u00a0szentmise <\/em><em>a <\/em><em>Dreifaltigkeitskirche<\/em><em>-ben (Mittelbergstra\u00dfe 29).<\/em><\/p>\n<p style=\"text-align: center;\"><em>\u00a0<\/em><span style=\"color: #008000;\"><em><strong>*<\/strong><\/em><\/span><\/p>\n<p><em><strong>Febru\u00e1r 14-\u00e9n,<\/strong><\/em> <span style=\"color: #008000;\"><em><strong>\u00c9vk\u00f6zi 6. vas\u00e1rnap<\/strong><\/em><\/span><em>,<\/em><\/p>\n<p><em><strong>Weingartenben <\/strong><\/em><em>11.00 \u00f3rakor <\/em><em>szentmise<\/em><em> a Heilig Geist Kirche-ben,<\/em><\/p>\n<p><em><strong>Ulmban <\/strong><\/em><em>15.00 \u00f3rakor <\/em><em>szentmise.<\/em><\/p>\n<p style=\"text-align: center;\"><span style=\"color: #008000;\"><em><strong>*<\/strong><\/em><\/span><\/p>\n<p>Minden helyen mindenkit szeretettel v\u00e1r a k\u00f6z\u00f6ss\u00e9g \u00e9s Tibor atya!<\/p>\n<p style=\"text-align: center;\"><strong>\u00a0<a href=\"https:\/\/stuttgarti-katolikusok.de\/wp-content\/uploads\/2021\/02\/ketsegbeeses.jpg\"><img loading=\"lazy\" decoding=\"async\" class=\"alignnone size-full wp-image-21176\" src=\"https:\/\/stuttgarti-katolikusok.de\/wp-content\/uploads\/2021\/02\/ketsegbeeses.jpg\" alt=\"\" width=\"1280\" height=\"721\" srcset=\"https:\/\/stuttgarti-katolikusok.de\/wp-content\/uploads\/2021\/02\/ketsegbeeses.jpg 1280w, https:\/\/stuttgarti-katolikusok.de\/wp-content\/uploads\/2021\/02\/ketsegbeeses-300x169.jpg 300w, https:\/\/stuttgarti-katolikusok.de\/wp-content\/uploads\/2021\/02\/ketsegbeeses-1024x577.jpg 1024w\" sizes=\"auto, (max-width: 1280px) 100vw, 1280px\" \/><\/a><\/strong><\/p>\n<p style=\"text-align: center;\"><span style=\"color: #008000;\"><strong>*<\/strong><\/span><\/p>\n<p><span style=\"color: #008000;\"><em><strong>Bens\u0151s\u00e9ges \u00e9s kellemes farsangi napokat, j\u00f3 tal\u00e1lkoz\u00e1sokat \u00e9s sok \u00f6r\u00f6met k\u00edv\u00e1nok minden kedves H\u00edvemnek.<\/strong><\/em><\/span><\/p>\n<p style=\"text-align: center;\"><span style=\"color: #008000;\"><em><strong>*<\/strong><\/em><\/span><\/p>\n<p><em><strong>\u00a0<\/strong><\/em><em><strong>\u201eA testi betegs\u00e9gekre ott vannak a gy\u00f3gyszerek, de a mag\u00e1nyt, k\u00e9ts\u00e9gbees\u00e9st \u00e9s rem\u00e9nytelens\u00e9get egyed\u00fcl a szeretet k\u00e9pes meggy\u00f3gy\u00edtani. Sokan vannak a vil\u00e1gban, akik egy darabka keny\u00e9rre \u00e9heznek, de m\u00e9g t\u00f6bben olyanok, akik csak egy kis szeretetre.\u201d (<\/strong><\/em><em>Kalkuttai Szent Ter\u00e9z, 1910 &#8211; 1997)<\/em><\/p>\n<p>(K\u00e9pek forr\u00e1sa: pixabay.com)<\/p>\n","protected":false},"excerpt":{"rendered":"<p>Programel\u0151zetes A jelenlegi egyh\u00e1zi rendelkez\u00e9sek \u00e9rtelm\u00e9ben csak a szentmise \u00a0\u00a0tarthat\u00f3 meg. Szentmis\u00e9n k\u00f6telez\u0151 a maszk haszn\u00e1lata, jelenl\u00e9ti lista n\u00e9vvel \u00e9s el\u00e9rhet\u0151s\u00e9ggel, kezek fert\u0151tlen\u00edt\u00e9se! \u00a0* Febru\u00e1r 10-\u00e9n, szerd\u00e1n,\u00a0Weingarteni d\u00e9lut\u00e1n, a\u00a014 Nothelfer Kapelle-ben 18.00 \u00f3rakor r\u00f3zsaf\u00fcz\u00e9rt im\u00e1dkozunk. * Febru\u00e1r 11-\u00e9n, cs\u00fct\u00f6rt\u00f6k\u00f6n,\u00a0Ulmi d\u00e9lut\u00e1n, 18.00 \u00f3rakor r\u00f3zsaf\u00fcz\u00e9rt im\u00e1dkozunk. * Febru\u00e1r 12-\u00e9n, p\u00e9nteken, Stuttgarti d\u00e9lut\u00e1n, 18.00 \u00f3rakor szentmise, el\u0151tte r\u00f3zsaf\u00fcz\u00e9rt im\u00e1dkozunk. * Febru\u00e1r 13-\u00e1n, szombaton, Biberachban 16.30 \u00f3rakor\u00a0szentmise a Dreifaltigkeitskirche-ben (Mittelbergstra\u00dfe 29). \u00a0* Febru\u00e1r 14-\u00e9n, \u00c9vk\u00f6zi 6. vas\u00e1rnap, Weingartenben 11.00 \u00f3rakor szentmise a Heilig Geist Kirche-ben, Ulmban 15.00 \u00f3rakor szentmise. * Minden helyen mindenkit szeretettel v\u00e1r a k\u00f6z\u00f6ss\u00e9g \u00e9s Tibor atya! \u00a0 * Bens\u0151s\u00e9ges \u00e9s kellemes farsangi napokat, j\u00f3 tal\u00e1lkoz\u00e1sokat \u00e9s sok \u00f6r\u00f6met k\u00edv\u00e1nok minden kedves H\u00edvemnek. * \u00a0\u201eA testi betegs\u00e9gekre ott vannak a gy\u00f3gyszerek, de a mag\u00e1nyt, k\u00e9ts\u00e9gbees\u00e9st \u00e9s rem\u00e9nytelens\u00e9get egyed\u00fcl a szeretet k\u00e9pes meggy\u00f3gy\u00edtani. Sokan vannak a vil\u00e1gban, akik egy darabka keny\u00e9rre \u00e9heznek, de m\u00e9g t\u00f6bben olyanok, akik csak egy kis szeretetre.\u201d (Kalkuttai Szent Ter\u00e9z, 1910 &#8211; 1997) (K\u00e9pek forr\u00e1sa: pixabay.com)<\/p>\n","protected":false},"author":3,"featured_media":21177,"comment_status":"closed","ping_status":"closed","sticky":false,"template":"","format":"standard","meta":{"footnotes":""},"categories":[37],"tags":[],"class_list":["post-21175","post","type-post","status-publish","format-standard","has-post-thumbnail","hentry","category-progamelozetes"],"yoast_head":"<!-- This site is optimized with the Yoast SEO plugin v27.3 - https:\/\/yoast.com\/product\/yoast-seo-wordpress\/ -->\n<title>2021 febru\u00e1r 8 \u00e9s 14 k\u00f6z\u00f6tt - Stuttgarti Katolikusok<\/title>\n<meta name=\"robots\" content=\"index, follow, max-snippet:-1, max-image-preview:large, max-video-preview:-1\" \/>\n<link rel=\"canonical\" href=\"https:\/\/stuttgarti-katolikusok.de\/index.php\/februar-8-es-14-kozott\/\" \/>\n<meta property=\"og:locale\" content=\"hu_HU\" \/>\n<meta property=\"og:type\" content=\"article\" \/>\n<meta property=\"og:title\" content=\"2021 febru\u00e1r 8 \u00e9s 14 k\u00f6z\u00f6tt - Stuttgarti Katolikusok\" \/>\n<meta property=\"og:description\" content=\"Programel\u0151zetes A jelenlegi egyh\u00e1zi rendelkez\u00e9sek \u00e9rtelm\u00e9ben csak a szentmise \u00a0\u00a0tarthat\u00f3 meg. Szentmis\u00e9n k\u00f6telez\u0151 a maszk haszn\u00e1lata, jelenl\u00e9ti lista n\u00e9vvel \u00e9s el\u00e9rhet\u0151s\u00e9ggel, kezek fert\u0151tlen\u00edt\u00e9se! \u00a0* Febru\u00e1r 10-\u00e9n, szerd\u00e1n,\u00a0Weingarteni d\u00e9lut\u00e1n, a\u00a014 Nothelfer Kapelle-ben 18.00 \u00f3rakor r\u00f3zsaf\u00fcz\u00e9rt im\u00e1dkozunk. * Febru\u00e1r 11-\u00e9n, cs\u00fct\u00f6rt\u00f6k\u00f6n,\u00a0Ulmi d\u00e9lut\u00e1n, 18.00 \u00f3rakor r\u00f3zsaf\u00fcz\u00e9rt im\u00e1dkozunk. * Febru\u00e1r 12-\u00e9n, p\u00e9nteken, Stuttgarti d\u00e9lut\u00e1n, 18.00 \u00f3rakor szentmise, el\u0151tte r\u00f3zsaf\u00fcz\u00e9rt im\u00e1dkozunk. * Febru\u00e1r 13-\u00e1n, szombaton, Biberachban 16.30 \u00f3rakor\u00a0szentmise a Dreifaltigkeitskirche-ben (Mittelbergstra\u00dfe 29). \u00a0* Febru\u00e1r 14-\u00e9n, \u00c9vk\u00f6zi 6. vas\u00e1rnap, Weingartenben 11.00 \u00f3rakor szentmise a Heilig Geist Kirche-ben, Ulmban 15.00 \u00f3rakor szentmise. * Minden helyen mindenkit szeretettel v\u00e1r a k\u00f6z\u00f6ss\u00e9g \u00e9s Tibor atya! \u00a0 * Bens\u0151s\u00e9ges \u00e9s kellemes farsangi napokat, j\u00f3 tal\u00e1lkoz\u00e1sokat \u00e9s sok \u00f6r\u00f6met k\u00edv\u00e1nok minden kedves H\u00edvemnek. * \u00a0\u201eA testi betegs\u00e9gekre ott vannak a gy\u00f3gyszerek, de a mag\u00e1nyt, k\u00e9ts\u00e9gbees\u00e9st \u00e9s rem\u00e9nytelens\u00e9get egyed\u00fcl a szeretet k\u00e9pes meggy\u00f3gy\u00edtani. Sokan vannak a vil\u00e1gban, akik egy darabka keny\u00e9rre \u00e9heznek, de m\u00e9g t\u00f6bben olyanok, akik csak egy kis szeretetre.\u201d (Kalkuttai Szent Ter\u00e9z, 1910 &#8211; 1997) (K\u00e9pek forr\u00e1sa: pixabay.com)\" \/>\n<meta property=\"og:url\" content=\"https:\/\/stuttgarti-katolikusok.de\/index.php\/februar-8-es-14-kozott\/\" \/>\n<meta property=\"og:site_name\" content=\"Stuttgarti Katolikusok\" \/>\n<meta property=\"article:published_time\" content=\"2021-02-08T21:47:58+00:00\" \/>\n<meta property=\"article:modified_time\" content=\"2021-02-08T22:15:41+00:00\" \/>\n<meta property=\"og:image\" content=\"https:\/\/stuttgarti-katolikusok.de\/wp-content\/uploads\/2021\/02\/kovek.jpg\" \/>\n\t<meta property=\"og:image:width\" content=\"1280\" \/>\n\t<meta property=\"og:image:height\" content=\"955\" \/>\n\t<meta property=\"og:image:type\" content=\"image\/jpeg\" \/>\n<meta name=\"author\" content=\"Tibor atya\" \/>\n<meta name=\"twitter:card\" content=\"summary_large_image\" \/>\n<meta name=\"twitter:label1\" content=\"Szerz\u0151:\" \/>\n\t<meta name=\"twitter:data1\" content=\"Tibor atya\" \/>\n\t<meta name=\"twitter:label2\" content=\"Becs\u00fclt olvas\u00e1si id\u0151\" \/>\n\t<meta name=\"twitter:data2\" content=\"1 perc\" \/>\n<script type=\"application\/ld+json\" class=\"yoast-schema-graph\">{\"@context\":\"https:\\\/\\\/schema.org\",\"@graph\":[{\"@type\":\"Article\",\"@id\":\"https:\\\/\\\/stuttgarti-katolikusok.de\\\/index.php\\\/februar-8-es-14-kozott\\\/#article\",\"isPartOf\":{\"@id\":\"https:\\\/\\\/stuttgarti-katolikusok.de\\\/index.php\\\/februar-8-es-14-kozott\\\/\"},\"author\":{\"name\":\"Tibor atya\",\"@id\":\"https:\\\/\\\/stuttgarti-katolikusok.de\\\/#\\\/schema\\\/person\\\/75908d6f8fdc03a57889d27209df7795\"},\"headline\":\"2021 febru\u00e1r 8 \u00e9s 14 k\u00f6z\u00f6tt\",\"datePublished\":\"2021-02-08T21:47:58+00:00\",\"dateModified\":\"2021-02-08T22:15:41+00:00\",\"mainEntityOfPage\":{\"@id\":\"https:\\\/\\\/stuttgarti-katolikusok.de\\\/index.php\\\/februar-8-es-14-kozott\\\/\"},\"wordCount\":235,\"image\":{\"@id\":\"https:\\\/\\\/stuttgarti-katolikusok.de\\\/index.php\\\/februar-8-es-14-kozott\\\/#primaryimage\"},\"thumbnailUrl\":\"https:\\\/\\\/stuttgarti-katolikusok.de\\\/wp-content\\\/uploads\\\/2021\\\/02\\\/kovek.jpg\",\"articleSection\":[\"Progamel\u0151zetes\"],\"inLanguage\":\"hu\"},{\"@type\":\"WebPage\",\"@id\":\"https:\\\/\\\/stuttgarti-katolikusok.de\\\/index.php\\\/februar-8-es-14-kozott\\\/\",\"url\":\"https:\\\/\\\/stuttgarti-katolikusok.de\\\/index.php\\\/februar-8-es-14-kozott\\\/\",\"name\":\"2021 febru\u00e1r 8 \u00e9s 14 k\u00f6z\u00f6tt - Stuttgarti Katolikusok\",\"isPartOf\":{\"@id\":\"https:\\\/\\\/stuttgarti-katolikusok.de\\\/#website\"},\"primaryImageOfPage\":{\"@id\":\"https:\\\/\\\/stuttgarti-katolikusok.de\\\/index.php\\\/februar-8-es-14-kozott\\\/#primaryimage\"},\"image\":{\"@id\":\"https:\\\/\\\/stuttgarti-katolikusok.de\\\/index.php\\\/februar-8-es-14-kozott\\\/#primaryimage\"},\"thumbnailUrl\":\"https:\\\/\\\/stuttgarti-katolikusok.de\\\/wp-content\\\/uploads\\\/2021\\\/02\\\/kovek.jpg\",\"datePublished\":\"2021-02-08T21:47:58+00:00\",\"dateModified\":\"2021-02-08T22:15:41+00:00\",\"author\":{\"@id\":\"https:\\\/\\\/stuttgarti-katolikusok.de\\\/#\\\/schema\\\/person\\\/75908d6f8fdc03a57889d27209df7795\"},\"breadcrumb\":{\"@id\":\"https:\\\/\\\/stuttgarti-katolikusok.de\\\/index.php\\\/februar-8-es-14-kozott\\\/#breadcrumb\"},\"inLanguage\":\"hu\",\"potentialAction\":[{\"@type\":\"ReadAction\",\"target\":[\"https:\\\/\\\/stuttgarti-katolikusok.de\\\/index.php\\\/februar-8-es-14-kozott\\\/\"]}]},{\"@type\":\"ImageObject\",\"inLanguage\":\"hu\",\"@id\":\"https:\\\/\\\/stuttgarti-katolikusok.de\\\/index.php\\\/februar-8-es-14-kozott\\\/#primaryimage\",\"url\":\"https:\\\/\\\/stuttgarti-katolikusok.de\\\/wp-content\\\/uploads\\\/2021\\\/02\\\/kovek.jpg\",\"contentUrl\":\"https:\\\/\\\/stuttgarti-katolikusok.de\\\/wp-content\\\/uploads\\\/2021\\\/02\\\/kovek.jpg\",\"width\":1280,\"height\":955},{\"@type\":\"BreadcrumbList\",\"@id\":\"https:\\\/\\\/stuttgarti-katolikusok.de\\\/index.php\\\/februar-8-es-14-kozott\\\/#breadcrumb\",\"itemListElement\":[{\"@type\":\"ListItem\",\"position\":1,\"name\":\"Kezd\u0151lap\",\"item\":\"https:\\\/\\\/stuttgarti-katolikusok.de\\\/\"},{\"@type\":\"ListItem\",\"position\":2,\"name\":\"2021 febru\u00e1r 8 \u00e9s 14 k\u00f6z\u00f6tt\"}]},{\"@type\":\"WebSite\",\"@id\":\"https:\\\/\\\/stuttgarti-katolikusok.de\\\/#website\",\"url\":\"https:\\\/\\\/stuttgarti-katolikusok.de\\\/\",\"name\":\"Stuttgarti Katolikusok\",\"description\":\"\",\"potentialAction\":[{\"@type\":\"SearchAction\",\"target\":{\"@type\":\"EntryPoint\",\"urlTemplate\":\"https:\\\/\\\/stuttgarti-katolikusok.de\\\/?s={search_term_string}\"},\"query-input\":{\"@type\":\"PropertyValueSpecification\",\"valueRequired\":true,\"valueName\":\"search_term_string\"}}],\"inLanguage\":\"hu\"},{\"@type\":\"Person\",\"@id\":\"https:\\\/\\\/stuttgarti-katolikusok.de\\\/#\\\/schema\\\/person\\\/75908d6f8fdc03a57889d27209df7795\",\"name\":\"Tibor atya\",\"image\":{\"@type\":\"ImageObject\",\"inLanguage\":\"hu\",\"@id\":\"https:\\\/\\\/secure.gravatar.com\\\/avatar\\\/61d268e57d1f4525b111222e29d2d5a7f8c420fdbf231ba5566a8ceac74fa960?s=96&d=mm&r=g\",\"url\":\"https:\\\/\\\/secure.gravatar.com\\\/avatar\\\/61d268e57d1f4525b111222e29d2d5a7f8c420fdbf231ba5566a8ceac74fa960?s=96&d=mm&r=g\",\"contentUrl\":\"https:\\\/\\\/secure.gravatar.com\\\/avatar\\\/61d268e57d1f4525b111222e29d2d5a7f8c420fdbf231ba5566a8ceac74fa960?s=96&d=mm&r=g\",\"caption\":\"Tibor atya\"},\"url\":\"https:\\\/\\\/stuttgarti-katolikusok.de\\\/index.php\\\/author\\\/tibor-atya\\\/\"}]}<\/script>\n<!-- \/ Yoast SEO plugin. -->","yoast_head_json":{"title":"2021 febru\u00e1r 8 \u00e9s 14 k\u00f6z\u00f6tt - Stuttgarti Katolikusok","robots":{"index":"index","follow":"follow","max-snippet":"max-snippet:-1","max-image-preview":"max-image-preview:large","max-video-preview":"max-video-preview:-1"},"canonical":"https:\/\/stuttgarti-katolikusok.de\/index.php\/februar-8-es-14-kozott\/","og_locale":"hu_HU","og_type":"article","og_title":"2021 febru\u00e1r 8 \u00e9s 14 k\u00f6z\u00f6tt - Stuttgarti Katolikusok","og_description":"Programel\u0151zetes A jelenlegi egyh\u00e1zi rendelkez\u00e9sek \u00e9rtelm\u00e9ben csak a szentmise \u00a0\u00a0tarthat\u00f3 meg. Szentmis\u00e9n k\u00f6telez\u0151 a maszk haszn\u00e1lata, jelenl\u00e9ti lista n\u00e9vvel \u00e9s el\u00e9rhet\u0151s\u00e9ggel, kezek fert\u0151tlen\u00edt\u00e9se! \u00a0* Febru\u00e1r 10-\u00e9n, szerd\u00e1n,\u00a0Weingarteni d\u00e9lut\u00e1n, a\u00a014 Nothelfer Kapelle-ben 18.00 \u00f3rakor r\u00f3zsaf\u00fcz\u00e9rt im\u00e1dkozunk. * Febru\u00e1r 11-\u00e9n, cs\u00fct\u00f6rt\u00f6k\u00f6n,\u00a0Ulmi d\u00e9lut\u00e1n, 18.00 \u00f3rakor r\u00f3zsaf\u00fcz\u00e9rt im\u00e1dkozunk. * Febru\u00e1r 12-\u00e9n, p\u00e9nteken, Stuttgarti d\u00e9lut\u00e1n, 18.00 \u00f3rakor szentmise, el\u0151tte r\u00f3zsaf\u00fcz\u00e9rt im\u00e1dkozunk. * Febru\u00e1r 13-\u00e1n, szombaton, Biberachban 16.30 \u00f3rakor\u00a0szentmise a Dreifaltigkeitskirche-ben (Mittelbergstra\u00dfe 29). \u00a0* Febru\u00e1r 14-\u00e9n, \u00c9vk\u00f6zi 6. vas\u00e1rnap, Weingartenben 11.00 \u00f3rakor szentmise a Heilig Geist Kirche-ben, Ulmban 15.00 \u00f3rakor szentmise. * Minden helyen mindenkit szeretettel v\u00e1r a k\u00f6z\u00f6ss\u00e9g \u00e9s Tibor atya! \u00a0 * Bens\u0151s\u00e9ges \u00e9s kellemes farsangi napokat, j\u00f3 tal\u00e1lkoz\u00e1sokat \u00e9s sok \u00f6r\u00f6met k\u00edv\u00e1nok minden kedves H\u00edvemnek. * \u00a0\u201eA testi betegs\u00e9gekre ott vannak a gy\u00f3gyszerek, de a mag\u00e1nyt, k\u00e9ts\u00e9gbees\u00e9st \u00e9s rem\u00e9nytelens\u00e9get egyed\u00fcl a szeretet k\u00e9pes meggy\u00f3gy\u00edtani. Sokan vannak a vil\u00e1gban, akik egy darabka keny\u00e9rre \u00e9heznek, de m\u00e9g t\u00f6bben olyanok, akik csak egy kis szeretetre.\u201d (Kalkuttai Szent Ter\u00e9z, 1910 &#8211; 1997) (K\u00e9pek forr\u00e1sa: pixabay.com)","og_url":"https:\/\/stuttgarti-katolikusok.de\/index.php\/februar-8-es-14-kozott\/","og_site_name":"Stuttgarti Katolikusok","article_published_time":"2021-02-08T21:47:58+00:00","article_modified_time":"2021-02-08T22:15:41+00:00","og_image":[{"width":1280,"height":955,"url":"https:\/\/stuttgarti-katolikusok.de\/wp-content\/uploads\/2021\/02\/kovek.jpg","type":"image\/jpeg"}],"author":"Tibor atya","twitter_card":"summary_large_image","twitter_misc":{"Szerz\u0151:":"Tibor atya","Becs\u00fclt olvas\u00e1si id\u0151":"1 perc"},"schema":{"@context":"https:\/\/schema.org","@graph":[{"@type":"Article","@id":"https:\/\/stuttgarti-katolikusok.de\/index.php\/februar-8-es-14-kozott\/#article","isPartOf":{"@id":"https:\/\/stuttgarti-katolikusok.de\/index.php\/februar-8-es-14-kozott\/"},"author":{"name":"Tibor atya","@id":"https:\/\/stuttgarti-katolikusok.de\/#\/schema\/person\/75908d6f8fdc03a57889d27209df7795"},"headline":"2021 febru\u00e1r 8 \u00e9s 14 k\u00f6z\u00f6tt","datePublished":"2021-02-08T21:47:58+00:00","dateModified":"2021-02-08T22:15:41+00:00","mainEntityOfPage":{"@id":"https:\/\/stuttgarti-katolikusok.de\/index.php\/februar-8-es-14-kozott\/"},"wordCount":235,"image":{"@id":"https:\/\/stuttgarti-katolikusok.de\/index.php\/februar-8-es-14-kozott\/#primaryimage"},"thumbnailUrl":"https:\/\/stuttgarti-katolikusok.de\/wp-content\/uploads\/2021\/02\/kovek.jpg","articleSection":["Progamel\u0151zetes"],"inLanguage":"hu"},{"@type":"WebPage","@id":"https:\/\/stuttgarti-katolikusok.de\/index.php\/februar-8-es-14-kozott\/","url":"https:\/\/stuttgarti-katolikusok.de\/index.php\/februar-8-es-14-kozott\/","name":"2021 febru\u00e1r 8 \u00e9s 14 k\u00f6z\u00f6tt - Stuttgarti Katolikusok","isPartOf":{"@id":"https:\/\/stuttgarti-katolikusok.de\/#website"},"primaryImageOfPage":{"@id":"https:\/\/stuttgarti-katolikusok.de\/index.php\/februar-8-es-14-kozott\/#primaryimage"},"image":{"@id":"https:\/\/stuttgarti-katolikusok.de\/index.php\/februar-8-es-14-kozott\/#primaryimage"},"thumbnailUrl":"https:\/\/stuttgarti-katolikusok.de\/wp-content\/uploads\/2021\/02\/kovek.jpg","datePublished":"2021-02-08T21:47:58+00:00","dateModified":"2021-02-08T22:15:41+00:00","author":{"@id":"https:\/\/stuttgarti-katolikusok.de\/#\/schema\/person\/75908d6f8fdc03a57889d27209df7795"},"breadcrumb":{"@id":"https:\/\/stuttgarti-katolikusok.de\/index.php\/februar-8-es-14-kozott\/#breadcrumb"},"inLanguage":"hu","potentialAction":[{"@type":"ReadAction","target":["https:\/\/stuttgarti-katolikusok.de\/index.php\/februar-8-es-14-kozott\/"]}]},{"@type":"ImageObject","inLanguage":"hu","@id":"https:\/\/stuttgarti-katolikusok.de\/index.php\/februar-8-es-14-kozott\/#primaryimage","url":"https:\/\/stuttgarti-katolikusok.de\/wp-content\/uploads\/2021\/02\/kovek.jpg","contentUrl":"https:\/\/stuttgarti-katolikusok.de\/wp-content\/uploads\/2021\/02\/kovek.jpg","width":1280,"height":955},{"@type":"BreadcrumbList","@id":"https:\/\/stuttgarti-katolikusok.de\/index.php\/februar-8-es-14-kozott\/#breadcrumb","itemListElement":[{"@type":"ListItem","position":1,"name":"Kezd\u0151lap","item":"https:\/\/stuttgarti-katolikusok.de\/"},{"@type":"ListItem","position":2,"name":"2021 febru\u00e1r 8 \u00e9s 14 k\u00f6z\u00f6tt"}]},{"@type":"WebSite","@id":"https:\/\/stuttgarti-katolikusok.de\/#website","url":"https:\/\/stuttgarti-katolikusok.de\/","name":"Stuttgarti Katolikusok","description":"","potentialAction":[{"@type":"SearchAction","target":{"@type":"EntryPoint","urlTemplate":"https:\/\/stuttgarti-katolikusok.de\/?s={search_term_string}"},"query-input":{"@type":"PropertyValueSpecification","valueRequired":true,"valueName":"search_term_string"}}],"inLanguage":"hu"},{"@type":"Person","@id":"https:\/\/stuttgarti-katolikusok.de\/#\/schema\/person\/75908d6f8fdc03a57889d27209df7795","name":"Tibor atya","image":{"@type":"ImageObject","inLanguage":"hu","@id":"https:\/\/secure.gravatar.com\/avatar\/61d268e57d1f4525b111222e29d2d5a7f8c420fdbf231ba5566a8ceac74fa960?s=96&d=mm&r=g","url":"https:\/\/secure.gravatar.com\/avatar\/61d268e57d1f4525b111222e29d2d5a7f8c420fdbf231ba5566a8ceac74fa960?s=96&d=mm&r=g","contentUrl":"https:\/\/secure.gravatar.com\/avatar\/61d268e57d1f4525b111222e29d2d5a7f8c420fdbf231ba5566a8ceac74fa960?s=96&d=mm&r=g","caption":"Tibor atya"},"url":"https:\/\/stuttgarti-katolikusok.de\/index.php\/author\/tibor-atya\/"}]}},"_links":{"self":[{"href":"https:\/\/stuttgarti-katolikusok.de\/index.php\/wp-json\/wp\/v2\/posts\/21175","targetHints":{"allow":["GET"]}}],"collection":[{"href":"https:\/\/stuttgarti-katolikusok.de\/index.php\/wp-json\/wp\/v2\/posts"}],"about":[{"href":"https:\/\/stuttgarti-katolikusok.de\/index.php\/wp-json\/wp\/v2\/types\/post"}],"author":[{"embeddable":true,"href":"https:\/\/stuttgarti-katolikusok.de\/index.php\/wp-json\/wp\/v2\/users\/3"}],"replies":[{"embeddable":true,"href":"https:\/\/stuttgarti-katolikusok.de\/index.php\/wp-json\/wp\/v2\/comments?post=21175"}],"version-history":[{"count":7,"href":"https:\/\/stuttgarti-katolikusok.de\/index.php\/wp-json\/wp\/v2\/posts\/21175\/revisions"}],"predecessor-version":[{"id":21198,"href":"https:\/\/stuttgarti-katolikusok.de\/index.php\/wp-json\/wp\/v2\/posts\/21175\/revisions\/21198"}],"wp:featuredmedia":[{"embeddable":true,"href":"https:\/\/stuttgarti-katolikusok.de\/index.php\/wp-json\/wp\/v2\/media\/21177"}],"wp:attachment":[{"href":"https:\/\/stuttgarti-katolikusok.de\/index.php\/wp-json\/wp\/v2\/media?parent=21175"}],"wp:term":[{"taxonomy":"category","embeddable":true,"href":"https:\/\/stuttgarti-katolikusok.de\/index.php\/wp-json\/wp\/v2\/categories?post=21175"},{"taxonomy":"post_tag","embeddable":true,"href":"https:\/\/stuttgarti-katolikusok.de\/index.php\/wp-json\/wp\/v2\/tags?post=21175"}],"curies":[{"name":"wp","href":"https:\/\/api.w.org\/{rel}","templated":true}]}}