{"id":21108,"date":"2021-02-02T00:22:40","date_gmt":"2021-02-02T00:22:40","guid":{"rendered":"https:\/\/gracious-dewdney.138-201-221-2.plesk.page\/?p=21108"},"modified":"2021-02-02T00:24:08","modified_gmt":"2021-02-02T00:24:08","slug":"2021-februar-1-es-7-kozott","status":"publish","type":"post","link":"https:\/\/stuttgarti-katolikusok.de\/index.php\/2021-februar-1-es-7-kozott\/","title":{"rendered":"2021 febru\u00e1r 1 \u00e9s 7 k\u00f6z\u00f6tt"},"content":{"rendered":"<p><span style=\"color: #008000;\"><strong>Programel\u0151zetes<\/strong><\/span><\/p>\n<p><span style=\"color: #008000;\"><em>A jelenlegi egyh\u00e1zi rendelkez\u00e9sek \u00e9rtelm\u00e9ben csak a szentmise \u00a0\u00a0tarthat\u00f3 meg. <\/em><\/span><\/p>\n<p><span style=\"color: #008000;\"><em>Szentmis\u00e9n k\u00f6telez\u0151 a maszk haszn\u00e1lata, jelenl\u00e9ti lista n\u00e9vvel \u00e9s el\u00e9rhet\u0151s\u00e9ggel, kezek fert\u0151tlen\u00edt\u00e9se!<\/em><\/span><\/p>\n<p style=\"text-align: center;\"><span style=\"color: #008000;\">*<\/span><\/p>\n<p><em><strong>Febru\u00e1r 3-\u00e1n<\/strong><\/em><em>, szerd\u00e1n, <strong>Weingarteni d\u00e9lut\u00e1n<\/strong>, a <\/em><em>14 Nothelfer Kapelle<\/em><em>-ben 18.00 \u00f3rakor <\/em><em>szentmise<\/em><em>, el\u0151tte r\u00f3zsaf\u00fcz\u00e9rt im\u00e1dkozunk. Gyertyaszentel\u0151 Boldogasszony \u00fcnnepe, szentmise v\u00e9gezt\u00e9vel Bal\u00e1zs-\u00e1ld\u00e1s.<\/em><\/p>\n<p style=\"text-align: center;\"><span style=\"color: #008000;\"><em><strong>*<\/strong><\/em><\/span><\/p>\n<p><em><strong>Febru\u00e1r 4-\u00e9n<\/strong><\/em><em>, cs\u00fct\u00f6rt\u00f6k\u00f6n, <strong>Ulmi d\u00e9lut\u00e1n<\/strong>, 18.00 \u00f3rakor <\/em><em>szentmise<\/em><em>, el\u0151tte r\u00f3zsaf\u00fcz\u00e9rt im\u00e1dkozunk. Gyertyaszentel\u0151 Boldogasszony \u00fcnnepe, szentmise v\u00e9gezt\u00e9vel Bal\u00e1zs-\u00e1ld\u00e1s.<\/em><\/p>\n<p style=\"text-align: center;\"><span style=\"color: #008000;\"><em>\u00a0<\/em><em><strong>*<\/strong><\/em><\/span><\/p>\n<p><em>\u00a0<\/em><em><strong>Febru\u00e1r 5-\u00e9n, <\/strong><\/em><em>p\u00e9nteken, <strong>Stuttgarti d\u00e9lut\u00e1n, <\/strong>18.00 \u00f3rakor <\/em><em>szentmise, <\/em><em>ut\u00e1na <\/em><em>Bibliak\u00f6r<\/em><em>.<\/em> <em>El\u0151tte <\/em><em>r\u00f3zsaf\u00fcz\u00e9rt <\/em><em>im\u00e1dkozunk. Gyertyaszentel\u0151 Boldogasszony \u00fcnnepe, szentmise v\u00e9gezt\u00e9vel Bal\u00e1zs-\u00e1ld\u00e1s \u00e9s imak\u00f6r. <\/em><\/p>\n<p style=\"text-align: center;\"><span style=\"color: #008000;\"><em>\u00a0<\/em><em><strong>*<\/strong><\/em><\/span><\/p>\n<p><em><strong>Febru\u00e1r 6-\u00e1n<\/strong><\/em><em>, szombaton,<strong> Balingenben <\/strong><\/em><em>16.00 \u00f3rakor<\/em><em>\u00a0b\u00facs\u00fas-szentmise., <\/em><em>Boldog Magyar P\u00e1l, a k\u00f6z\u00f6ss\u00e9g v\u00e9d\u0151szentje.<\/em><\/p>\n<p style=\"text-align: center;\"><span style=\"color: #008000;\"><em><strong>*<\/strong><\/em><\/span><\/p>\n<p><em><strong>Febru\u00e1r 7-\u00e9n,<\/strong><\/em> <span style=\"color: #008000;\"><em><strong>\u00c9vk\u00f6zi 5. vas\u00e1rnap<\/strong><\/em><\/span><em>,<\/em><\/p>\n<p><em><strong>Schw\u00e4bisch-Gm\u00fcndben <\/strong><\/em><em>9.30 \u00f3rakor <\/em><em>szentmise<\/em><em>,<\/em><\/p>\n<p><em><strong>Stuttgartban <\/strong><\/em><em>15.00 \u00f3rakor <\/em><em>gyermek-szentmise.<\/em><\/p>\n<p style=\"text-align: center;\"><span style=\"color: #008000;\"><em><strong>*<\/strong><\/em><\/span><\/p>\n<p><em>\u00a0<\/em>Minden helyen mindenkit szeretettel v\u00e1r a k\u00f6z\u00f6ss\u00e9g \u00e9s Tibor atya!<\/p>\n<p style=\"text-align: center;\"><strong> <a href=\"https:\/\/stuttgarti-katolikusok.de\/wp-content\/uploads\/2021\/02\/holzfigur-980784-1280.jpg\"><img loading=\"lazy\" decoding=\"async\" class=\"alignnone size-full wp-image-21109\" src=\"https:\/\/stuttgarti-katolikusok.de\/wp-content\/uploads\/2021\/02\/holzfigur-980784-1280.jpg\" alt=\"\" width=\"1280\" height=\"876\" srcset=\"https:\/\/stuttgarti-katolikusok.de\/wp-content\/uploads\/2021\/02\/holzfigur-980784-1280.jpg 1280w, https:\/\/stuttgarti-katolikusok.de\/wp-content\/uploads\/2021\/02\/holzfigur-980784-1280-300x205.jpg 300w, https:\/\/stuttgarti-katolikusok.de\/wp-content\/uploads\/2021\/02\/holzfigur-980784-1280-1024x701.jpg 1024w\" sizes=\"auto, (max-width: 1280px) 100vw, 1280px\" \/><\/a><\/strong><\/p>\n<p><span style=\"color: #008000;\"><em><strong>Bens\u0151s\u00e9ges \u00e9s kellemes farsangi napokat, j\u00f3 tal\u00e1lkoz\u00e1sokat \u00e9s sok \u00f6r\u00f6met k\u00edv\u00e1nok minden kedves H\u00edvemnek.<\/strong><\/em><\/span><\/p>\n<p style=\"text-align: center;\"><span style=\"color: #008000;\"><em><strong>*<\/strong><\/em><\/span><\/p>\n<p><em><strong>\u201eAz emberi l\u00e9ny ugyanis el tud viselni egy h\u00e9t szomjaz\u00e1st, k\u00e9t h\u00e9t \u00e9hez\u00e9st, \u00e9s ak\u00e1r \u00e9vekig elviseli, hogy nincs fed\u00e9l a feje f\u00f6l\u00f6tt, de a mag\u00e1nyt nem viseli el. Minden k\u00edn \u00e9s minden szenved\u00e9s k\u00f6z\u00fcl a mag\u00e1ny a legrosszabb.\u201d (<\/strong><\/em><em>Paulo Coelho, brazil \u00edr\u00f3, 1947 &#8211; )<\/em><\/p>\n<p><em>(K\u00e9p forr\u00e1sa: pixabay.com)<\/em><\/p>\n","protected":false},"excerpt":{"rendered":"<p>Programel\u0151zetes A jelenlegi egyh\u00e1zi rendelkez\u00e9sek \u00e9rtelm\u00e9ben csak a szentmise \u00a0\u00a0tarthat\u00f3 meg. Szentmis\u00e9n k\u00f6telez\u0151 a maszk haszn\u00e1lata, jelenl\u00e9ti lista n\u00e9vvel \u00e9s el\u00e9rhet\u0151s\u00e9ggel, kezek fert\u0151tlen\u00edt\u00e9se! * Febru\u00e1r 3-\u00e1n, szerd\u00e1n, Weingarteni d\u00e9lut\u00e1n, a 14 Nothelfer Kapelle-ben 18.00 \u00f3rakor szentmise, el\u0151tte r\u00f3zsaf\u00fcz\u00e9rt im\u00e1dkozunk. Gyertyaszentel\u0151 Boldogasszony \u00fcnnepe, szentmise v\u00e9gezt\u00e9vel Bal\u00e1zs-\u00e1ld\u00e1s. * Febru\u00e1r 4-\u00e9n, cs\u00fct\u00f6rt\u00f6k\u00f6n, Ulmi d\u00e9lut\u00e1n, 18.00 \u00f3rakor szentmise, el\u0151tte r\u00f3zsaf\u00fcz\u00e9rt im\u00e1dkozunk. Gyertyaszentel\u0151 Boldogasszony \u00fcnnepe, szentmise v\u00e9gezt\u00e9vel Bal\u00e1zs-\u00e1ld\u00e1s. \u00a0* \u00a0Febru\u00e1r 5-\u00e9n, p\u00e9nteken, Stuttgarti d\u00e9lut\u00e1n, 18.00 \u00f3rakor szentmise, ut\u00e1na Bibliak\u00f6r. El\u0151tte r\u00f3zsaf\u00fcz\u00e9rt im\u00e1dkozunk. Gyertyaszentel\u0151 Boldogasszony \u00fcnnepe, szentmise v\u00e9gezt\u00e9vel Bal\u00e1zs-\u00e1ld\u00e1s \u00e9s imak\u00f6r. \u00a0* Febru\u00e1r 6-\u00e1n, szombaton, Balingenben 16.00 \u00f3rakor\u00a0b\u00facs\u00fas-szentmise., Boldog Magyar P\u00e1l, a k\u00f6z\u00f6ss\u00e9g v\u00e9d\u0151szentje. * Febru\u00e1r 7-\u00e9n, \u00c9vk\u00f6zi 5. vas\u00e1rnap, Schw\u00e4bisch-Gm\u00fcndben 9.30 \u00f3rakor szentmise, Stuttgartban 15.00 \u00f3rakor gyermek-szentmise. * \u00a0Minden helyen mindenkit szeretettel v\u00e1r a k\u00f6z\u00f6ss\u00e9g \u00e9s Tibor atya! Bens\u0151s\u00e9ges \u00e9s kellemes farsangi napokat, j\u00f3 tal\u00e1lkoz\u00e1sokat \u00e9s sok \u00f6r\u00f6met k\u00edv\u00e1nok minden kedves H\u00edvemnek. * \u201eAz emberi l\u00e9ny ugyanis el tud viselni egy h\u00e9t szomjaz\u00e1st, k\u00e9t h\u00e9t \u00e9hez\u00e9st, \u00e9s ak\u00e1r \u00e9vekig elviseli, hogy nincs fed\u00e9l a feje f\u00f6l\u00f6tt, de a mag\u00e1nyt nem viseli el. Minden k\u00edn \u00e9s minden szenved\u00e9s k\u00f6z\u00fcl a mag\u00e1ny a legrosszabb.\u201d (Paulo Coelho, brazil \u00edr\u00f3, 1947 &#8211; ) (K\u00e9p forr\u00e1sa: pixabay.com)<\/p>\n","protected":false},"author":3,"featured_media":21110,"comment_status":"closed","ping_status":"closed","sticky":false,"template":"","format":"standard","meta":{"footnotes":""},"categories":[37],"tags":[],"class_list":["post-21108","post","type-post","status-publish","format-standard","has-post-thumbnail","hentry","category-progamelozetes"],"yoast_head":"<!-- This site is optimized with the Yoast SEO plugin v27.3 - https:\/\/yoast.com\/product\/yoast-seo-wordpress\/ -->\n<title>2021 febru\u00e1r 1 \u00e9s 7 k\u00f6z\u00f6tt - Stuttgarti Katolikusok<\/title>\n<meta name=\"robots\" content=\"index, follow, max-snippet:-1, max-image-preview:large, max-video-preview:-1\" \/>\n<link rel=\"canonical\" href=\"https:\/\/stuttgarti-katolikusok.de\/index.php\/2021-februar-1-es-7-kozott\/\" \/>\n<meta property=\"og:locale\" content=\"hu_HU\" \/>\n<meta property=\"og:type\" content=\"article\" \/>\n<meta property=\"og:title\" content=\"2021 febru\u00e1r 1 \u00e9s 7 k\u00f6z\u00f6tt - Stuttgarti Katolikusok\" \/>\n<meta property=\"og:description\" content=\"Programel\u0151zetes A jelenlegi egyh\u00e1zi rendelkez\u00e9sek \u00e9rtelm\u00e9ben csak a szentmise \u00a0\u00a0tarthat\u00f3 meg. Szentmis\u00e9n k\u00f6telez\u0151 a maszk haszn\u00e1lata, jelenl\u00e9ti lista n\u00e9vvel \u00e9s el\u00e9rhet\u0151s\u00e9ggel, kezek fert\u0151tlen\u00edt\u00e9se! * Febru\u00e1r 3-\u00e1n, szerd\u00e1n, Weingarteni d\u00e9lut\u00e1n, a 14 Nothelfer Kapelle-ben 18.00 \u00f3rakor szentmise, el\u0151tte r\u00f3zsaf\u00fcz\u00e9rt im\u00e1dkozunk. Gyertyaszentel\u0151 Boldogasszony \u00fcnnepe, szentmise v\u00e9gezt\u00e9vel Bal\u00e1zs-\u00e1ld\u00e1s. * Febru\u00e1r 4-\u00e9n, cs\u00fct\u00f6rt\u00f6k\u00f6n, Ulmi d\u00e9lut\u00e1n, 18.00 \u00f3rakor szentmise, el\u0151tte r\u00f3zsaf\u00fcz\u00e9rt im\u00e1dkozunk. Gyertyaszentel\u0151 Boldogasszony \u00fcnnepe, szentmise v\u00e9gezt\u00e9vel Bal\u00e1zs-\u00e1ld\u00e1s. \u00a0* \u00a0Febru\u00e1r 5-\u00e9n, p\u00e9nteken, Stuttgarti d\u00e9lut\u00e1n, 18.00 \u00f3rakor szentmise, ut\u00e1na Bibliak\u00f6r. El\u0151tte r\u00f3zsaf\u00fcz\u00e9rt im\u00e1dkozunk. Gyertyaszentel\u0151 Boldogasszony \u00fcnnepe, szentmise v\u00e9gezt\u00e9vel Bal\u00e1zs-\u00e1ld\u00e1s \u00e9s imak\u00f6r. \u00a0* Febru\u00e1r 6-\u00e1n, szombaton, Balingenben 16.00 \u00f3rakor\u00a0b\u00facs\u00fas-szentmise., Boldog Magyar P\u00e1l, a k\u00f6z\u00f6ss\u00e9g v\u00e9d\u0151szentje. * Febru\u00e1r 7-\u00e9n, \u00c9vk\u00f6zi 5. vas\u00e1rnap, Schw\u00e4bisch-Gm\u00fcndben 9.30 \u00f3rakor szentmise, Stuttgartban 15.00 \u00f3rakor gyermek-szentmise. * \u00a0Minden helyen mindenkit szeretettel v\u00e1r a k\u00f6z\u00f6ss\u00e9g \u00e9s Tibor atya! Bens\u0151s\u00e9ges \u00e9s kellemes farsangi napokat, j\u00f3 tal\u00e1lkoz\u00e1sokat \u00e9s sok \u00f6r\u00f6met k\u00edv\u00e1nok minden kedves H\u00edvemnek. * \u201eAz emberi l\u00e9ny ugyanis el tud viselni egy h\u00e9t szomjaz\u00e1st, k\u00e9t h\u00e9t \u00e9hez\u00e9st, \u00e9s ak\u00e1r \u00e9vekig elviseli, hogy nincs fed\u00e9l a feje f\u00f6l\u00f6tt, de a mag\u00e1nyt nem viseli el. Minden k\u00edn \u00e9s minden szenved\u00e9s k\u00f6z\u00fcl a mag\u00e1ny a legrosszabb.\u201d (Paulo Coelho, brazil \u00edr\u00f3, 1947 &#8211; ) (K\u00e9p forr\u00e1sa: pixabay.com)\" \/>\n<meta property=\"og:url\" content=\"https:\/\/stuttgarti-katolikusok.de\/index.php\/2021-februar-1-es-7-kozott\/\" \/>\n<meta property=\"og:site_name\" content=\"Stuttgarti Katolikusok\" \/>\n<meta property=\"article:published_time\" content=\"2021-02-02T00:22:40+00:00\" \/>\n<meta property=\"article:modified_time\" content=\"2021-02-02T00:24:08+00:00\" \/>\n<meta property=\"og:image\" content=\"https:\/\/stuttgarti-katolikusok.de\/wp-content\/uploads\/2021\/02\/group-of-people-3524374-1280.jpg\" \/>\n\t<meta property=\"og:image:width\" content=\"1280\" \/>\n\t<meta property=\"og:image:height\" content=\"789\" \/>\n\t<meta property=\"og:image:type\" content=\"image\/jpeg\" \/>\n<meta name=\"author\" content=\"Tibor atya\" \/>\n<meta name=\"twitter:card\" content=\"summary_large_image\" \/>\n<meta name=\"twitter:label1\" content=\"Szerz\u0151:\" \/>\n\t<meta name=\"twitter:data1\" content=\"Tibor atya\" \/>\n\t<meta name=\"twitter:label2\" content=\"Becs\u00fclt olvas\u00e1si id\u0151\" \/>\n\t<meta name=\"twitter:data2\" content=\"1 perc\" \/>\n<script type=\"application\/ld+json\" class=\"yoast-schema-graph\">{\"@context\":\"https:\\\/\\\/schema.org\",\"@graph\":[{\"@type\":\"Article\",\"@id\":\"https:\\\/\\\/stuttgarti-katolikusok.de\\\/index.php\\\/2021-februar-1-es-7-kozott\\\/#article\",\"isPartOf\":{\"@id\":\"https:\\\/\\\/stuttgarti-katolikusok.de\\\/index.php\\\/2021-februar-1-es-7-kozott\\\/\"},\"author\":{\"name\":\"Tibor atya\",\"@id\":\"https:\\\/\\\/stuttgarti-katolikusok.de\\\/#\\\/schema\\\/person\\\/75908d6f8fdc03a57889d27209df7795\"},\"headline\":\"2021 febru\u00e1r 1 \u00e9s 7 k\u00f6z\u00f6tt\",\"datePublished\":\"2021-02-02T00:22:40+00:00\",\"dateModified\":\"2021-02-02T00:24:08+00:00\",\"mainEntityOfPage\":{\"@id\":\"https:\\\/\\\/stuttgarti-katolikusok.de\\\/index.php\\\/2021-februar-1-es-7-kozott\\\/\"},\"wordCount\":291,\"image\":{\"@id\":\"https:\\\/\\\/stuttgarti-katolikusok.de\\\/index.php\\\/2021-februar-1-es-7-kozott\\\/#primaryimage\"},\"thumbnailUrl\":\"https:\\\/\\\/stuttgarti-katolikusok.de\\\/wp-content\\\/uploads\\\/2021\\\/02\\\/group-of-people-3524374-1280.jpg\",\"articleSection\":[\"Progamel\u0151zetes\"],\"inLanguage\":\"hu\"},{\"@type\":\"WebPage\",\"@id\":\"https:\\\/\\\/stuttgarti-katolikusok.de\\\/index.php\\\/2021-februar-1-es-7-kozott\\\/\",\"url\":\"https:\\\/\\\/stuttgarti-katolikusok.de\\\/index.php\\\/2021-februar-1-es-7-kozott\\\/\",\"name\":\"2021 febru\u00e1r 1 \u00e9s 7 k\u00f6z\u00f6tt - Stuttgarti Katolikusok\",\"isPartOf\":{\"@id\":\"https:\\\/\\\/stuttgarti-katolikusok.de\\\/#website\"},\"primaryImageOfPage\":{\"@id\":\"https:\\\/\\\/stuttgarti-katolikusok.de\\\/index.php\\\/2021-februar-1-es-7-kozott\\\/#primaryimage\"},\"image\":{\"@id\":\"https:\\\/\\\/stuttgarti-katolikusok.de\\\/index.php\\\/2021-februar-1-es-7-kozott\\\/#primaryimage\"},\"thumbnailUrl\":\"https:\\\/\\\/stuttgarti-katolikusok.de\\\/wp-content\\\/uploads\\\/2021\\\/02\\\/group-of-people-3524374-1280.jpg\",\"datePublished\":\"2021-02-02T00:22:40+00:00\",\"dateModified\":\"2021-02-02T00:24:08+00:00\",\"author\":{\"@id\":\"https:\\\/\\\/stuttgarti-katolikusok.de\\\/#\\\/schema\\\/person\\\/75908d6f8fdc03a57889d27209df7795\"},\"breadcrumb\":{\"@id\":\"https:\\\/\\\/stuttgarti-katolikusok.de\\\/index.php\\\/2021-februar-1-es-7-kozott\\\/#breadcrumb\"},\"inLanguage\":\"hu\",\"potentialAction\":[{\"@type\":\"ReadAction\",\"target\":[\"https:\\\/\\\/stuttgarti-katolikusok.de\\\/index.php\\\/2021-februar-1-es-7-kozott\\\/\"]}]},{\"@type\":\"ImageObject\",\"inLanguage\":\"hu\",\"@id\":\"https:\\\/\\\/stuttgarti-katolikusok.de\\\/index.php\\\/2021-februar-1-es-7-kozott\\\/#primaryimage\",\"url\":\"https:\\\/\\\/stuttgarti-katolikusok.de\\\/wp-content\\\/uploads\\\/2021\\\/02\\\/group-of-people-3524374-1280.jpg\",\"contentUrl\":\"https:\\\/\\\/stuttgarti-katolikusok.de\\\/wp-content\\\/uploads\\\/2021\\\/02\\\/group-of-people-3524374-1280.jpg\",\"width\":1280,\"height\":789},{\"@type\":\"BreadcrumbList\",\"@id\":\"https:\\\/\\\/stuttgarti-katolikusok.de\\\/index.php\\\/2021-februar-1-es-7-kozott\\\/#breadcrumb\",\"itemListElement\":[{\"@type\":\"ListItem\",\"position\":1,\"name\":\"Kezd\u0151lap\",\"item\":\"https:\\\/\\\/stuttgarti-katolikusok.de\\\/\"},{\"@type\":\"ListItem\",\"position\":2,\"name\":\"2021 febru\u00e1r 1 \u00e9s 7 k\u00f6z\u00f6tt\"}]},{\"@type\":\"WebSite\",\"@id\":\"https:\\\/\\\/stuttgarti-katolikusok.de\\\/#website\",\"url\":\"https:\\\/\\\/stuttgarti-katolikusok.de\\\/\",\"name\":\"Stuttgarti Katolikusok\",\"description\":\"\",\"potentialAction\":[{\"@type\":\"SearchAction\",\"target\":{\"@type\":\"EntryPoint\",\"urlTemplate\":\"https:\\\/\\\/stuttgarti-katolikusok.de\\\/?s={search_term_string}\"},\"query-input\":{\"@type\":\"PropertyValueSpecification\",\"valueRequired\":true,\"valueName\":\"search_term_string\"}}],\"inLanguage\":\"hu\"},{\"@type\":\"Person\",\"@id\":\"https:\\\/\\\/stuttgarti-katolikusok.de\\\/#\\\/schema\\\/person\\\/75908d6f8fdc03a57889d27209df7795\",\"name\":\"Tibor atya\",\"image\":{\"@type\":\"ImageObject\",\"inLanguage\":\"hu\",\"@id\":\"https:\\\/\\\/secure.gravatar.com\\\/avatar\\\/61d268e57d1f4525b111222e29d2d5a7f8c420fdbf231ba5566a8ceac74fa960?s=96&d=mm&r=g\",\"url\":\"https:\\\/\\\/secure.gravatar.com\\\/avatar\\\/61d268e57d1f4525b111222e29d2d5a7f8c420fdbf231ba5566a8ceac74fa960?s=96&d=mm&r=g\",\"contentUrl\":\"https:\\\/\\\/secure.gravatar.com\\\/avatar\\\/61d268e57d1f4525b111222e29d2d5a7f8c420fdbf231ba5566a8ceac74fa960?s=96&d=mm&r=g\",\"caption\":\"Tibor atya\"},\"url\":\"https:\\\/\\\/stuttgarti-katolikusok.de\\\/index.php\\\/author\\\/tibor-atya\\\/\"}]}<\/script>\n<!-- \/ Yoast SEO plugin. -->","yoast_head_json":{"title":"2021 febru\u00e1r 1 \u00e9s 7 k\u00f6z\u00f6tt - Stuttgarti Katolikusok","robots":{"index":"index","follow":"follow","max-snippet":"max-snippet:-1","max-image-preview":"max-image-preview:large","max-video-preview":"max-video-preview:-1"},"canonical":"https:\/\/stuttgarti-katolikusok.de\/index.php\/2021-februar-1-es-7-kozott\/","og_locale":"hu_HU","og_type":"article","og_title":"2021 febru\u00e1r 1 \u00e9s 7 k\u00f6z\u00f6tt - Stuttgarti Katolikusok","og_description":"Programel\u0151zetes A jelenlegi egyh\u00e1zi rendelkez\u00e9sek \u00e9rtelm\u00e9ben csak a szentmise \u00a0\u00a0tarthat\u00f3 meg. Szentmis\u00e9n k\u00f6telez\u0151 a maszk haszn\u00e1lata, jelenl\u00e9ti lista n\u00e9vvel \u00e9s el\u00e9rhet\u0151s\u00e9ggel, kezek fert\u0151tlen\u00edt\u00e9se! * Febru\u00e1r 3-\u00e1n, szerd\u00e1n, Weingarteni d\u00e9lut\u00e1n, a 14 Nothelfer Kapelle-ben 18.00 \u00f3rakor szentmise, el\u0151tte r\u00f3zsaf\u00fcz\u00e9rt im\u00e1dkozunk. Gyertyaszentel\u0151 Boldogasszony \u00fcnnepe, szentmise v\u00e9gezt\u00e9vel Bal\u00e1zs-\u00e1ld\u00e1s. * Febru\u00e1r 4-\u00e9n, cs\u00fct\u00f6rt\u00f6k\u00f6n, Ulmi d\u00e9lut\u00e1n, 18.00 \u00f3rakor szentmise, el\u0151tte r\u00f3zsaf\u00fcz\u00e9rt im\u00e1dkozunk. Gyertyaszentel\u0151 Boldogasszony \u00fcnnepe, szentmise v\u00e9gezt\u00e9vel Bal\u00e1zs-\u00e1ld\u00e1s. \u00a0* \u00a0Febru\u00e1r 5-\u00e9n, p\u00e9nteken, Stuttgarti d\u00e9lut\u00e1n, 18.00 \u00f3rakor szentmise, ut\u00e1na Bibliak\u00f6r. El\u0151tte r\u00f3zsaf\u00fcz\u00e9rt im\u00e1dkozunk. Gyertyaszentel\u0151 Boldogasszony \u00fcnnepe, szentmise v\u00e9gezt\u00e9vel Bal\u00e1zs-\u00e1ld\u00e1s \u00e9s imak\u00f6r. \u00a0* Febru\u00e1r 6-\u00e1n, szombaton, Balingenben 16.00 \u00f3rakor\u00a0b\u00facs\u00fas-szentmise., Boldog Magyar P\u00e1l, a k\u00f6z\u00f6ss\u00e9g v\u00e9d\u0151szentje. * Febru\u00e1r 7-\u00e9n, \u00c9vk\u00f6zi 5. vas\u00e1rnap, Schw\u00e4bisch-Gm\u00fcndben 9.30 \u00f3rakor szentmise, Stuttgartban 15.00 \u00f3rakor gyermek-szentmise. * \u00a0Minden helyen mindenkit szeretettel v\u00e1r a k\u00f6z\u00f6ss\u00e9g \u00e9s Tibor atya! Bens\u0151s\u00e9ges \u00e9s kellemes farsangi napokat, j\u00f3 tal\u00e1lkoz\u00e1sokat \u00e9s sok \u00f6r\u00f6met k\u00edv\u00e1nok minden kedves H\u00edvemnek. * \u201eAz emberi l\u00e9ny ugyanis el tud viselni egy h\u00e9t szomjaz\u00e1st, k\u00e9t h\u00e9t \u00e9hez\u00e9st, \u00e9s ak\u00e1r \u00e9vekig elviseli, hogy nincs fed\u00e9l a feje f\u00f6l\u00f6tt, de a mag\u00e1nyt nem viseli el. Minden k\u00edn \u00e9s minden szenved\u00e9s k\u00f6z\u00fcl a mag\u00e1ny a legrosszabb.\u201d (Paulo Coelho, brazil \u00edr\u00f3, 1947 &#8211; ) (K\u00e9p forr\u00e1sa: pixabay.com)","og_url":"https:\/\/stuttgarti-katolikusok.de\/index.php\/2021-februar-1-es-7-kozott\/","og_site_name":"Stuttgarti Katolikusok","article_published_time":"2021-02-02T00:22:40+00:00","article_modified_time":"2021-02-02T00:24:08+00:00","og_image":[{"width":1280,"height":789,"url":"https:\/\/stuttgarti-katolikusok.de\/wp-content\/uploads\/2021\/02\/group-of-people-3524374-1280.jpg","type":"image\/jpeg"}],"author":"Tibor atya","twitter_card":"summary_large_image","twitter_misc":{"Szerz\u0151:":"Tibor atya","Becs\u00fclt olvas\u00e1si id\u0151":"1 perc"},"schema":{"@context":"https:\/\/schema.org","@graph":[{"@type":"Article","@id":"https:\/\/stuttgarti-katolikusok.de\/index.php\/2021-februar-1-es-7-kozott\/#article","isPartOf":{"@id":"https:\/\/stuttgarti-katolikusok.de\/index.php\/2021-februar-1-es-7-kozott\/"},"author":{"name":"Tibor atya","@id":"https:\/\/stuttgarti-katolikusok.de\/#\/schema\/person\/75908d6f8fdc03a57889d27209df7795"},"headline":"2021 febru\u00e1r 1 \u00e9s 7 k\u00f6z\u00f6tt","datePublished":"2021-02-02T00:22:40+00:00","dateModified":"2021-02-02T00:24:08+00:00","mainEntityOfPage":{"@id":"https:\/\/stuttgarti-katolikusok.de\/index.php\/2021-februar-1-es-7-kozott\/"},"wordCount":291,"image":{"@id":"https:\/\/stuttgarti-katolikusok.de\/index.php\/2021-februar-1-es-7-kozott\/#primaryimage"},"thumbnailUrl":"https:\/\/stuttgarti-katolikusok.de\/wp-content\/uploads\/2021\/02\/group-of-people-3524374-1280.jpg","articleSection":["Progamel\u0151zetes"],"inLanguage":"hu"},{"@type":"WebPage","@id":"https:\/\/stuttgarti-katolikusok.de\/index.php\/2021-februar-1-es-7-kozott\/","url":"https:\/\/stuttgarti-katolikusok.de\/index.php\/2021-februar-1-es-7-kozott\/","name":"2021 febru\u00e1r 1 \u00e9s 7 k\u00f6z\u00f6tt - Stuttgarti Katolikusok","isPartOf":{"@id":"https:\/\/stuttgarti-katolikusok.de\/#website"},"primaryImageOfPage":{"@id":"https:\/\/stuttgarti-katolikusok.de\/index.php\/2021-februar-1-es-7-kozott\/#primaryimage"},"image":{"@id":"https:\/\/stuttgarti-katolikusok.de\/index.php\/2021-februar-1-es-7-kozott\/#primaryimage"},"thumbnailUrl":"https:\/\/stuttgarti-katolikusok.de\/wp-content\/uploads\/2021\/02\/group-of-people-3524374-1280.jpg","datePublished":"2021-02-02T00:22:40+00:00","dateModified":"2021-02-02T00:24:08+00:00","author":{"@id":"https:\/\/stuttgarti-katolikusok.de\/#\/schema\/person\/75908d6f8fdc03a57889d27209df7795"},"breadcrumb":{"@id":"https:\/\/stuttgarti-katolikusok.de\/index.php\/2021-februar-1-es-7-kozott\/#breadcrumb"},"inLanguage":"hu","potentialAction":[{"@type":"ReadAction","target":["https:\/\/stuttgarti-katolikusok.de\/index.php\/2021-februar-1-es-7-kozott\/"]}]},{"@type":"ImageObject","inLanguage":"hu","@id":"https:\/\/stuttgarti-katolikusok.de\/index.php\/2021-februar-1-es-7-kozott\/#primaryimage","url":"https:\/\/stuttgarti-katolikusok.de\/wp-content\/uploads\/2021\/02\/group-of-people-3524374-1280.jpg","contentUrl":"https:\/\/stuttgarti-katolikusok.de\/wp-content\/uploads\/2021\/02\/group-of-people-3524374-1280.jpg","width":1280,"height":789},{"@type":"BreadcrumbList","@id":"https:\/\/stuttgarti-katolikusok.de\/index.php\/2021-februar-1-es-7-kozott\/#breadcrumb","itemListElement":[{"@type":"ListItem","position":1,"name":"Kezd\u0151lap","item":"https:\/\/stuttgarti-katolikusok.de\/"},{"@type":"ListItem","position":2,"name":"2021 febru\u00e1r 1 \u00e9s 7 k\u00f6z\u00f6tt"}]},{"@type":"WebSite","@id":"https:\/\/stuttgarti-katolikusok.de\/#website","url":"https:\/\/stuttgarti-katolikusok.de\/","name":"Stuttgarti Katolikusok","description":"","potentialAction":[{"@type":"SearchAction","target":{"@type":"EntryPoint","urlTemplate":"https:\/\/stuttgarti-katolikusok.de\/?s={search_term_string}"},"query-input":{"@type":"PropertyValueSpecification","valueRequired":true,"valueName":"search_term_string"}}],"inLanguage":"hu"},{"@type":"Person","@id":"https:\/\/stuttgarti-katolikusok.de\/#\/schema\/person\/75908d6f8fdc03a57889d27209df7795","name":"Tibor atya","image":{"@type":"ImageObject","inLanguage":"hu","@id":"https:\/\/secure.gravatar.com\/avatar\/61d268e57d1f4525b111222e29d2d5a7f8c420fdbf231ba5566a8ceac74fa960?s=96&d=mm&r=g","url":"https:\/\/secure.gravatar.com\/avatar\/61d268e57d1f4525b111222e29d2d5a7f8c420fdbf231ba5566a8ceac74fa960?s=96&d=mm&r=g","contentUrl":"https:\/\/secure.gravatar.com\/avatar\/61d268e57d1f4525b111222e29d2d5a7f8c420fdbf231ba5566a8ceac74fa960?s=96&d=mm&r=g","caption":"Tibor atya"},"url":"https:\/\/stuttgarti-katolikusok.de\/index.php\/author\/tibor-atya\/"}]}},"_links":{"self":[{"href":"https:\/\/stuttgarti-katolikusok.de\/index.php\/wp-json\/wp\/v2\/posts\/21108","targetHints":{"allow":["GET"]}}],"collection":[{"href":"https:\/\/stuttgarti-katolikusok.de\/index.php\/wp-json\/wp\/v2\/posts"}],"about":[{"href":"https:\/\/stuttgarti-katolikusok.de\/index.php\/wp-json\/wp\/v2\/types\/post"}],"author":[{"embeddable":true,"href":"https:\/\/stuttgarti-katolikusok.de\/index.php\/wp-json\/wp\/v2\/users\/3"}],"replies":[{"embeddable":true,"href":"https:\/\/stuttgarti-katolikusok.de\/index.php\/wp-json\/wp\/v2\/comments?post=21108"}],"version-history":[{"count":2,"href":"https:\/\/stuttgarti-katolikusok.de\/index.php\/wp-json\/wp\/v2\/posts\/21108\/revisions"}],"predecessor-version":[{"id":21113,"href":"https:\/\/stuttgarti-katolikusok.de\/index.php\/wp-json\/wp\/v2\/posts\/21108\/revisions\/21113"}],"wp:featuredmedia":[{"embeddable":true,"href":"https:\/\/stuttgarti-katolikusok.de\/index.php\/wp-json\/wp\/v2\/media\/21110"}],"wp:attachment":[{"href":"https:\/\/stuttgarti-katolikusok.de\/index.php\/wp-json\/wp\/v2\/media?parent=21108"}],"wp:term":[{"taxonomy":"category","embeddable":true,"href":"https:\/\/stuttgarti-katolikusok.de\/index.php\/wp-json\/wp\/v2\/categories?post=21108"},{"taxonomy":"post_tag","embeddable":true,"href":"https:\/\/stuttgarti-katolikusok.de\/index.php\/wp-json\/wp\/v2\/tags?post=21108"}],"curies":[{"name":"wp","href":"https:\/\/api.w.org\/{rel}","templated":true}]}}