{"id":21102,"date":"2021-02-01T22:32:42","date_gmt":"2021-02-01T22:32:42","guid":{"rendered":"https:\/\/gracious-dewdney.138-201-221-2.plesk.page\/?p=21102"},"modified":"2021-02-01T22:32:42","modified_gmt":"2021-02-01T22:32:42","slug":"stuttgarti-virtualis-balunk-hanganyaga","status":"publish","type":"post","link":"https:\/\/stuttgarti-katolikusok.de\/index.php\/stuttgarti-virtualis-balunk-hanganyaga\/","title":{"rendered":"Stuttgarti Virtu\u00e1lis B\u00e1lunk hanganyaga"},"content":{"rendered":"<p><a href=\"https:\/\/stuttgarti-katolikusok.de\/wp-content\/uploads\/2021\/02\/radio-hello.jpg\"><img loading=\"lazy\" decoding=\"async\" class=\"alignnone size-full wp-image-21104\" src=\"https:\/\/stuttgarti-katolikusok.de\/wp-content\/uploads\/2021\/02\/radio-hello.jpg\" alt=\"\" width=\"300\" height=\"168\" \/><\/a><\/p>\n<p>Hallgasd \u00fajra a 46. Stuttgarti Magyar Katolikus Virtu\u00e1lis J\u00f3t\u00e9konys\u00e1gi\u00a0 B\u00e1l hanganyag\u00e1t.<\/p>\n<p>K\u00f6sz\u00f6net a Hell\u00f3 R\u00e1di\u00f3 munkat\u00e1rsainak \u00f6nzetlen seg\u00edts\u00e9g\u00fck\u00e9rt \u00e9s a rendelkez\u00e9s\u00fcnkre bocs\u00e1jtott hanganyag\u00e9rt. Isten fizesse!<\/p>\n<p>A lenti linkre kattintva \u00fajra hallgathatod az elhangzott riportokat.<\/p>\n<p><a href=\"https:\/\/youtu.be\/xNvCSV_wLGk?t=482\">46. Stuttgarti Magyar Katolikus Virtu\u00e1lis J\u00f3t\u00e9konys\u00e1gi B\u00e1l<\/a><\/p>\n","protected":false},"excerpt":{"rendered":"<p>Hallgasd \u00fajra a 46. Stuttgarti Magyar Katolikus Virtu\u00e1lis J\u00f3t\u00e9konys\u00e1gi\u00a0 B\u00e1l hanganyag\u00e1t. K\u00f6sz\u00f6net a Hell\u00f3 R\u00e1di\u00f3 munkat\u00e1rsainak \u00f6nzetlen seg\u00edts\u00e9g\u00fck\u00e9rt \u00e9s a rendelkez\u00e9s\u00fcnkre bocs\u00e1jtott hanganyag\u00e9rt. Isten fizesse! A lenti linkre kattintva \u00fajra hallgathatod az elhangzott riportokat. 46. Stuttgarti Magyar Katolikus Virtu\u00e1lis J\u00f3t\u00e9konys\u00e1gi B\u00e1l<\/p>\n","protected":false},"author":3,"featured_media":21010,"comment_status":"closed","ping_status":"closed","sticky":false,"template":"","format":"standard","meta":{"footnotes":""},"categories":[1],"tags":[],"class_list":["post-21102","post","type-post","status-publish","format-standard","has-post-thumbnail","hentry","category-valogatott"],"yoast_head":"<!-- This site is optimized with the Yoast SEO plugin v27.3 - https:\/\/yoast.com\/product\/yoast-seo-wordpress\/ -->\n<title>Stuttgarti Virtu\u00e1lis B\u00e1lunk hanganyaga - Stuttgarti Katolikusok<\/title>\n<meta name=\"robots\" content=\"index, follow, max-snippet:-1, max-image-preview:large, max-video-preview:-1\" \/>\n<link rel=\"canonical\" href=\"https:\/\/stuttgarti-katolikusok.de\/index.php\/stuttgarti-virtualis-balunk-hanganyaga\/\" \/>\n<meta property=\"og:locale\" content=\"hu_HU\" \/>\n<meta property=\"og:type\" content=\"article\" \/>\n<meta property=\"og:title\" content=\"Stuttgarti Virtu\u00e1lis B\u00e1lunk hanganyaga - Stuttgarti Katolikusok\" \/>\n<meta property=\"og:description\" content=\"Hallgasd \u00fajra a 46. Stuttgarti Magyar Katolikus Virtu\u00e1lis J\u00f3t\u00e9konys\u00e1gi\u00a0 B\u00e1l hanganyag\u00e1t. K\u00f6sz\u00f6net a Hell\u00f3 R\u00e1di\u00f3 munkat\u00e1rsainak \u00f6nzetlen seg\u00edts\u00e9g\u00fck\u00e9rt \u00e9s a rendelkez\u00e9s\u00fcnkre bocs\u00e1jtott hanganyag\u00e9rt. Isten fizesse! A lenti linkre kattintva \u00fajra hallgathatod az elhangzott riportokat. 46. Stuttgarti Magyar Katolikus Virtu\u00e1lis J\u00f3t\u00e9konys\u00e1gi B\u00e1l\" \/>\n<meta property=\"og:url\" content=\"https:\/\/stuttgarti-katolikusok.de\/index.php\/stuttgarti-virtualis-balunk-hanganyaga\/\" \/>\n<meta property=\"og:site_name\" content=\"Stuttgarti Katolikusok\" \/>\n<meta property=\"article:published_time\" content=\"2021-02-01T22:32:42+00:00\" \/>\n<meta property=\"og:image\" content=\"https:\/\/stuttgarti-katolikusok.de\/wp-content\/uploads\/2021\/01\/magyar-bal.jpg\" \/>\n\t<meta property=\"og:image:width\" content=\"640\" \/>\n\t<meta property=\"og:image:height\" content=\"388\" \/>\n\t<meta property=\"og:image:type\" content=\"image\/jpeg\" \/>\n<meta name=\"author\" content=\"Tibor atya\" \/>\n<meta name=\"twitter:card\" content=\"summary_large_image\" \/>\n<meta name=\"twitter:label1\" content=\"Szerz\u0151:\" \/>\n\t<meta name=\"twitter:data1\" content=\"Tibor atya\" \/>\n<script type=\"application\/ld+json\" class=\"yoast-schema-graph\">{\"@context\":\"https:\\\/\\\/schema.org\",\"@graph\":[{\"@type\":\"Article\",\"@id\":\"https:\\\/\\\/stuttgarti-katolikusok.de\\\/index.php\\\/stuttgarti-virtualis-balunk-hanganyaga\\\/#article\",\"isPartOf\":{\"@id\":\"https:\\\/\\\/stuttgarti-katolikusok.de\\\/index.php\\\/stuttgarti-virtualis-balunk-hanganyaga\\\/\"},\"author\":{\"name\":\"Tibor atya\",\"@id\":\"https:\\\/\\\/stuttgarti-katolikusok.de\\\/#\\\/schema\\\/person\\\/75908d6f8fdc03a57889d27209df7795\"},\"headline\":\"Stuttgarti Virtu\u00e1lis B\u00e1lunk hanganyaga\",\"datePublished\":\"2021-02-01T22:32:42+00:00\",\"mainEntityOfPage\":{\"@id\":\"https:\\\/\\\/stuttgarti-katolikusok.de\\\/index.php\\\/stuttgarti-virtualis-balunk-hanganyaga\\\/\"},\"wordCount\":68,\"image\":{\"@id\":\"https:\\\/\\\/stuttgarti-katolikusok.de\\\/index.php\\\/stuttgarti-virtualis-balunk-hanganyaga\\\/#primaryimage\"},\"thumbnailUrl\":\"https:\\\/\\\/stuttgarti-katolikusok.de\\\/wp-content\\\/uploads\\\/2021\\\/01\\\/magyar-bal.jpg\",\"articleSection\":[\"V\u00e1logatott \u00edr\u00e1sok\"],\"inLanguage\":\"hu\"},{\"@type\":\"WebPage\",\"@id\":\"https:\\\/\\\/stuttgarti-katolikusok.de\\\/index.php\\\/stuttgarti-virtualis-balunk-hanganyaga\\\/\",\"url\":\"https:\\\/\\\/stuttgarti-katolikusok.de\\\/index.php\\\/stuttgarti-virtualis-balunk-hanganyaga\\\/\",\"name\":\"Stuttgarti Virtu\u00e1lis B\u00e1lunk hanganyaga - Stuttgarti Katolikusok\",\"isPartOf\":{\"@id\":\"https:\\\/\\\/stuttgarti-katolikusok.de\\\/#website\"},\"primaryImageOfPage\":{\"@id\":\"https:\\\/\\\/stuttgarti-katolikusok.de\\\/index.php\\\/stuttgarti-virtualis-balunk-hanganyaga\\\/#primaryimage\"},\"image\":{\"@id\":\"https:\\\/\\\/stuttgarti-katolikusok.de\\\/index.php\\\/stuttgarti-virtualis-balunk-hanganyaga\\\/#primaryimage\"},\"thumbnailUrl\":\"https:\\\/\\\/stuttgarti-katolikusok.de\\\/wp-content\\\/uploads\\\/2021\\\/01\\\/magyar-bal.jpg\",\"datePublished\":\"2021-02-01T22:32:42+00:00\",\"author\":{\"@id\":\"https:\\\/\\\/stuttgarti-katolikusok.de\\\/#\\\/schema\\\/person\\\/75908d6f8fdc03a57889d27209df7795\"},\"breadcrumb\":{\"@id\":\"https:\\\/\\\/stuttgarti-katolikusok.de\\\/index.php\\\/stuttgarti-virtualis-balunk-hanganyaga\\\/#breadcrumb\"},\"inLanguage\":\"hu\",\"potentialAction\":[{\"@type\":\"ReadAction\",\"target\":[\"https:\\\/\\\/stuttgarti-katolikusok.de\\\/index.php\\\/stuttgarti-virtualis-balunk-hanganyaga\\\/\"]}]},{\"@type\":\"ImageObject\",\"inLanguage\":\"hu\",\"@id\":\"https:\\\/\\\/stuttgarti-katolikusok.de\\\/index.php\\\/stuttgarti-virtualis-balunk-hanganyaga\\\/#primaryimage\",\"url\":\"https:\\\/\\\/stuttgarti-katolikusok.de\\\/wp-content\\\/uploads\\\/2021\\\/01\\\/magyar-bal.jpg\",\"contentUrl\":\"https:\\\/\\\/stuttgarti-katolikusok.de\\\/wp-content\\\/uploads\\\/2021\\\/01\\\/magyar-bal.jpg\",\"width\":640,\"height\":388},{\"@type\":\"BreadcrumbList\",\"@id\":\"https:\\\/\\\/stuttgarti-katolikusok.de\\\/index.php\\\/stuttgarti-virtualis-balunk-hanganyaga\\\/#breadcrumb\",\"itemListElement\":[{\"@type\":\"ListItem\",\"position\":1,\"name\":\"Kezd\u0151lap\",\"item\":\"https:\\\/\\\/stuttgarti-katolikusok.de\\\/\"},{\"@type\":\"ListItem\",\"position\":2,\"name\":\"Stuttgarti Virtu\u00e1lis B\u00e1lunk hanganyaga\"}]},{\"@type\":\"WebSite\",\"@id\":\"https:\\\/\\\/stuttgarti-katolikusok.de\\\/#website\",\"url\":\"https:\\\/\\\/stuttgarti-katolikusok.de\\\/\",\"name\":\"Stuttgarti Katolikusok\",\"description\":\"\",\"potentialAction\":[{\"@type\":\"SearchAction\",\"target\":{\"@type\":\"EntryPoint\",\"urlTemplate\":\"https:\\\/\\\/stuttgarti-katolikusok.de\\\/?s={search_term_string}\"},\"query-input\":{\"@type\":\"PropertyValueSpecification\",\"valueRequired\":true,\"valueName\":\"search_term_string\"}}],\"inLanguage\":\"hu\"},{\"@type\":\"Person\",\"@id\":\"https:\\\/\\\/stuttgarti-katolikusok.de\\\/#\\\/schema\\\/person\\\/75908d6f8fdc03a57889d27209df7795\",\"name\":\"Tibor atya\",\"image\":{\"@type\":\"ImageObject\",\"inLanguage\":\"hu\",\"@id\":\"https:\\\/\\\/secure.gravatar.com\\\/avatar\\\/61d268e57d1f4525b111222e29d2d5a7f8c420fdbf231ba5566a8ceac74fa960?s=96&d=mm&r=g\",\"url\":\"https:\\\/\\\/secure.gravatar.com\\\/avatar\\\/61d268e57d1f4525b111222e29d2d5a7f8c420fdbf231ba5566a8ceac74fa960?s=96&d=mm&r=g\",\"contentUrl\":\"https:\\\/\\\/secure.gravatar.com\\\/avatar\\\/61d268e57d1f4525b111222e29d2d5a7f8c420fdbf231ba5566a8ceac74fa960?s=96&d=mm&r=g\",\"caption\":\"Tibor atya\"},\"url\":\"https:\\\/\\\/stuttgarti-katolikusok.de\\\/index.php\\\/author\\\/tibor-atya\\\/\"}]}<\/script>\n<!-- \/ Yoast SEO plugin. -->","yoast_head_json":{"title":"Stuttgarti Virtu\u00e1lis B\u00e1lunk hanganyaga - Stuttgarti Katolikusok","robots":{"index":"index","follow":"follow","max-snippet":"max-snippet:-1","max-image-preview":"max-image-preview:large","max-video-preview":"max-video-preview:-1"},"canonical":"https:\/\/stuttgarti-katolikusok.de\/index.php\/stuttgarti-virtualis-balunk-hanganyaga\/","og_locale":"hu_HU","og_type":"article","og_title":"Stuttgarti Virtu\u00e1lis B\u00e1lunk hanganyaga - Stuttgarti Katolikusok","og_description":"Hallgasd \u00fajra a 46. Stuttgarti Magyar Katolikus Virtu\u00e1lis J\u00f3t\u00e9konys\u00e1gi\u00a0 B\u00e1l hanganyag\u00e1t. K\u00f6sz\u00f6net a Hell\u00f3 R\u00e1di\u00f3 munkat\u00e1rsainak \u00f6nzetlen seg\u00edts\u00e9g\u00fck\u00e9rt \u00e9s a rendelkez\u00e9s\u00fcnkre bocs\u00e1jtott hanganyag\u00e9rt. Isten fizesse! A lenti linkre kattintva \u00fajra hallgathatod az elhangzott riportokat. 46. Stuttgarti Magyar Katolikus Virtu\u00e1lis J\u00f3t\u00e9konys\u00e1gi B\u00e1l","og_url":"https:\/\/stuttgarti-katolikusok.de\/index.php\/stuttgarti-virtualis-balunk-hanganyaga\/","og_site_name":"Stuttgarti Katolikusok","article_published_time":"2021-02-01T22:32:42+00:00","og_image":[{"width":640,"height":388,"url":"https:\/\/stuttgarti-katolikusok.de\/wp-content\/uploads\/2021\/01\/magyar-bal.jpg","type":"image\/jpeg"}],"author":"Tibor atya","twitter_card":"summary_large_image","twitter_misc":{"Szerz\u0151:":"Tibor atya"},"schema":{"@context":"https:\/\/schema.org","@graph":[{"@type":"Article","@id":"https:\/\/stuttgarti-katolikusok.de\/index.php\/stuttgarti-virtualis-balunk-hanganyaga\/#article","isPartOf":{"@id":"https:\/\/stuttgarti-katolikusok.de\/index.php\/stuttgarti-virtualis-balunk-hanganyaga\/"},"author":{"name":"Tibor atya","@id":"https:\/\/stuttgarti-katolikusok.de\/#\/schema\/person\/75908d6f8fdc03a57889d27209df7795"},"headline":"Stuttgarti Virtu\u00e1lis B\u00e1lunk hanganyaga","datePublished":"2021-02-01T22:32:42+00:00","mainEntityOfPage":{"@id":"https:\/\/stuttgarti-katolikusok.de\/index.php\/stuttgarti-virtualis-balunk-hanganyaga\/"},"wordCount":68,"image":{"@id":"https:\/\/stuttgarti-katolikusok.de\/index.php\/stuttgarti-virtualis-balunk-hanganyaga\/#primaryimage"},"thumbnailUrl":"https:\/\/stuttgarti-katolikusok.de\/wp-content\/uploads\/2021\/01\/magyar-bal.jpg","articleSection":["V\u00e1logatott \u00edr\u00e1sok"],"inLanguage":"hu"},{"@type":"WebPage","@id":"https:\/\/stuttgarti-katolikusok.de\/index.php\/stuttgarti-virtualis-balunk-hanganyaga\/","url":"https:\/\/stuttgarti-katolikusok.de\/index.php\/stuttgarti-virtualis-balunk-hanganyaga\/","name":"Stuttgarti Virtu\u00e1lis B\u00e1lunk hanganyaga - Stuttgarti Katolikusok","isPartOf":{"@id":"https:\/\/stuttgarti-katolikusok.de\/#website"},"primaryImageOfPage":{"@id":"https:\/\/stuttgarti-katolikusok.de\/index.php\/stuttgarti-virtualis-balunk-hanganyaga\/#primaryimage"},"image":{"@id":"https:\/\/stuttgarti-katolikusok.de\/index.php\/stuttgarti-virtualis-balunk-hanganyaga\/#primaryimage"},"thumbnailUrl":"https:\/\/stuttgarti-katolikusok.de\/wp-content\/uploads\/2021\/01\/magyar-bal.jpg","datePublished":"2021-02-01T22:32:42+00:00","author":{"@id":"https:\/\/stuttgarti-katolikusok.de\/#\/schema\/person\/75908d6f8fdc03a57889d27209df7795"},"breadcrumb":{"@id":"https:\/\/stuttgarti-katolikusok.de\/index.php\/stuttgarti-virtualis-balunk-hanganyaga\/#breadcrumb"},"inLanguage":"hu","potentialAction":[{"@type":"ReadAction","target":["https:\/\/stuttgarti-katolikusok.de\/index.php\/stuttgarti-virtualis-balunk-hanganyaga\/"]}]},{"@type":"ImageObject","inLanguage":"hu","@id":"https:\/\/stuttgarti-katolikusok.de\/index.php\/stuttgarti-virtualis-balunk-hanganyaga\/#primaryimage","url":"https:\/\/stuttgarti-katolikusok.de\/wp-content\/uploads\/2021\/01\/magyar-bal.jpg","contentUrl":"https:\/\/stuttgarti-katolikusok.de\/wp-content\/uploads\/2021\/01\/magyar-bal.jpg","width":640,"height":388},{"@type":"BreadcrumbList","@id":"https:\/\/stuttgarti-katolikusok.de\/index.php\/stuttgarti-virtualis-balunk-hanganyaga\/#breadcrumb","itemListElement":[{"@type":"ListItem","position":1,"name":"Kezd\u0151lap","item":"https:\/\/stuttgarti-katolikusok.de\/"},{"@type":"ListItem","position":2,"name":"Stuttgarti Virtu\u00e1lis B\u00e1lunk hanganyaga"}]},{"@type":"WebSite","@id":"https:\/\/stuttgarti-katolikusok.de\/#website","url":"https:\/\/stuttgarti-katolikusok.de\/","name":"Stuttgarti Katolikusok","description":"","potentialAction":[{"@type":"SearchAction","target":{"@type":"EntryPoint","urlTemplate":"https:\/\/stuttgarti-katolikusok.de\/?s={search_term_string}"},"query-input":{"@type":"PropertyValueSpecification","valueRequired":true,"valueName":"search_term_string"}}],"inLanguage":"hu"},{"@type":"Person","@id":"https:\/\/stuttgarti-katolikusok.de\/#\/schema\/person\/75908d6f8fdc03a57889d27209df7795","name":"Tibor atya","image":{"@type":"ImageObject","inLanguage":"hu","@id":"https:\/\/secure.gravatar.com\/avatar\/61d268e57d1f4525b111222e29d2d5a7f8c420fdbf231ba5566a8ceac74fa960?s=96&d=mm&r=g","url":"https:\/\/secure.gravatar.com\/avatar\/61d268e57d1f4525b111222e29d2d5a7f8c420fdbf231ba5566a8ceac74fa960?s=96&d=mm&r=g","contentUrl":"https:\/\/secure.gravatar.com\/avatar\/61d268e57d1f4525b111222e29d2d5a7f8c420fdbf231ba5566a8ceac74fa960?s=96&d=mm&r=g","caption":"Tibor atya"},"url":"https:\/\/stuttgarti-katolikusok.de\/index.php\/author\/tibor-atya\/"}]}},"_links":{"self":[{"href":"https:\/\/stuttgarti-katolikusok.de\/index.php\/wp-json\/wp\/v2\/posts\/21102","targetHints":{"allow":["GET"]}}],"collection":[{"href":"https:\/\/stuttgarti-katolikusok.de\/index.php\/wp-json\/wp\/v2\/posts"}],"about":[{"href":"https:\/\/stuttgarti-katolikusok.de\/index.php\/wp-json\/wp\/v2\/types\/post"}],"author":[{"embeddable":true,"href":"https:\/\/stuttgarti-katolikusok.de\/index.php\/wp-json\/wp\/v2\/users\/3"}],"replies":[{"embeddable":true,"href":"https:\/\/stuttgarti-katolikusok.de\/index.php\/wp-json\/wp\/v2\/comments?post=21102"}],"version-history":[{"count":4,"href":"https:\/\/stuttgarti-katolikusok.de\/index.php\/wp-json\/wp\/v2\/posts\/21102\/revisions"}],"predecessor-version":[{"id":21107,"href":"https:\/\/stuttgarti-katolikusok.de\/index.php\/wp-json\/wp\/v2\/posts\/21102\/revisions\/21107"}],"wp:featuredmedia":[{"embeddable":true,"href":"https:\/\/stuttgarti-katolikusok.de\/index.php\/wp-json\/wp\/v2\/media\/21010"}],"wp:attachment":[{"href":"https:\/\/stuttgarti-katolikusok.de\/index.php\/wp-json\/wp\/v2\/media?parent=21102"}],"wp:term":[{"taxonomy":"category","embeddable":true,"href":"https:\/\/stuttgarti-katolikusok.de\/index.php\/wp-json\/wp\/v2\/categories?post=21102"},{"taxonomy":"post_tag","embeddable":true,"href":"https:\/\/stuttgarti-katolikusok.de\/index.php\/wp-json\/wp\/v2\/tags?post=21102"}],"curies":[{"name":"wp","href":"https:\/\/api.w.org\/{rel}","templated":true}]}}