{"id":21095,"date":"2021-01-28T20:03:07","date_gmt":"2021-01-28T20:03:07","guid":{"rendered":"https:\/\/gracious-dewdney.138-201-221-2.plesk.page\/?p=21095"},"modified":"2021-01-28T20:07:23","modified_gmt":"2021-01-28T20:07:23","slug":"bali-meghivo-es-programunk","status":"publish","type":"post","link":"https:\/\/stuttgarti-katolikusok.de\/index.php\/bali-meghivo-es-programunk\/","title":{"rendered":"B\u00e1li megh\u00edv\u00f3 \u00e9s programunk"},"content":{"rendered":"<p><span style=\"color: #ff6600;\"><strong><em>Megh\u00edv\u00f3 a 46-ik Stuttgarti Magyar Katolikus Virtu\u00e1lis J\u00f3t\u00e9konys\u00e1gi B\u00e1lra<\/em><\/strong><\/span><\/p>\n<p>A b\u00e1l t\u00f6rt\u00e9net\u00e9ben el\u0151sz\u00f6r nem foghatunk szem\u00e9lyesen kezet.<\/p>\n<p>Nek\u00fcnk, a rendez\u0151bizotts\u00e1gnak, a Stuttgarti Szent Gell\u00e9rt Katolikus Egyh\u00e1zk\u00f6zs\u00e9gnek, a nyugati diaszp\u00f3r\u00e1ban \u00e9l\u0151 magyaroknak jutott e nemes feladat, hogy el\u0151sz\u00f6r innen, kintr\u0151l egyes\u00edteni tudjuk, ha r\u00f6vid id\u0151re is, hat\u00e1rok n\u00e9lk\u00fcl a K\u00e1rp\u00e1t medenc\u00e9ben \u00e9s a nagyvil\u00e1gban sz\u00e9tsz\u00f3rt Magyars\u00e1got!<\/p>\n<p>K\u00e9r\u00fcnk benneteket szombaton, a b\u00e1l napj\u00e1n, ossz\u00e1tok meg a k\u00f6z\u00f6ss\u00e9gi oldalakon a tavaly, vagy r\u00e9gebben k\u00e9sz\u00fclt felv\u00e9teleiteket, hogy ilyen form\u00e1ban is min\u00e9l t\u00f6bben k\u00e9sz\u00fclj\u00fcnk idei b\u00e1lunkra.<\/p>\n<p>Janu\u00e1r 30-\u00e1n, szombaton este, virtu\u00e1lisan fogjuk meg egym\u00e1s kez\u00e9t a 19.00 \u00f3rakor kezd\u0151d\u0151, els\u0151 n\u00e9metorsz\u00e1gi magyar &#8222;Hell\u00f3&#8221; online r\u00e1di\u00f3n k\u00f6zvet\u00edtett b\u00e1lunkon. Ne eresz\u00fck el soha!<\/p>\n<p>A Hell\u00f3 R\u00e1di\u00f3 el\u00e9rhet\u0151s\u00e9ge: <em><u><a href=\"http:\/\/www.radiohello.de\">www.radiohello.de<\/a><\/u><\/em><\/p>\n<p>J\u00f3 sz\u00f3rakoz\u00e1st!<\/p>\n<p><em>Szegi Oszk\u00e1r &#8211; a b\u00e1l f\u0151szervez\u0151je<\/em><\/p>\n<p><span style=\"color: #ff6600;\"><strong><em>Felh\u00edv\u00e1s<\/em><\/strong><\/span><\/p>\n<p>2021. janu\u00e1r 30-\u00e1n, 19.00 \u00f3rakor kezd\u0151dik a R\u00e1di\u00f3 Hell\u00f3n, a n\u00e9metorsz\u00e1gi magyar online r\u00e1di\u00f3ban, a 46. Stuttgarti Magyar Katolikus J\u00f3t\u00e9konys\u00e1gi B\u00e1l.<\/p>\n<p>Szeretettel h\u00edvunk Eur\u00f3pa leghallgatottabb online magyar b\u00e1lj\u00e1ra!<\/p>\n<p>Interakt\u00edv hozz\u00e1sz\u00f3l\u00e1saitokb\u00f3l tudjuk majd, hogy \u00fajra egy\u00fctt dobban a sz\u00edv\u00fcnk, hogy \u00fajra egy\u00fctt b\u00e1lozunk!<\/p>\n<p><span style=\"color: #ff6600;\"><strong><em>Program:<\/em><\/strong><\/span><\/p>\n<p><strong><em>\u00a0<\/em><\/strong><span style=\"color: #ff6600;\"><strong>19.00 &#8211; 21.00 \u00f3ra:<\/strong><\/span><\/p>\n<p>A Stuttgarti Magyar Katolikus J\u00f3t\u00e9konys\u00e1gi B\u00e1lon megszokott n\u00e9pi- \u00e9s b\u00e1li zen\u00e9k mellett:<\/p>\n<ul>\n<li>A hagyom\u00e1nyokhoz h\u0171en a Stuttgarti Magyar Katolikus Egyh\u00e1zk\u00f6zs\u00e9g vezet\u0151je, Merl\u00e1s Tibor atya k\u00f6sz\u00f6nt benneteket.<\/li>\n<li>\u0150t, Dr. Izs\u00e1k Andr\u00e1s F\u0151konzul k\u00f6vet, aki Magyarorsz\u00e1g Stuttgarti F\u0151konzul\u00e1tus\u00e1nak k\u00e9pviselet\u00e9ben k\u00f6sz\u00f6nti a b\u00e1loz\u00f3kat, \u00e9s szervez\u0151ket.<\/li>\n<\/ul>\n<p>A tov\u00e1bbiakban riportokat hallhattok mindazokkal, akik hossz\u00fa-hossz\u00fa \u00e9ve dolgoznak a b\u00e1l magyar k\u00f6z\u00f6ss\u00e9g\u00e9\u00e9rt, s akik ebben az \u00e9vben is kutatt\u00e1k annak lehet\u0151s\u00e9g\u00e9t, hogy egy\u00fctt b\u00e1lozzunk! Megtal\u00e1lt\u00e1k!<\/p>\n<ul>\n<li>Szegi Oszk\u00e1r \u2013 a Stuttgarti Magyar Katolikus J\u00f3t\u00e9konys\u00e1gi B\u00e1l f\u0151szervez\u0151je<\/li>\n<li>Merl\u00e1s Tibor atya &#8211; a Stuttgarti Magyar Katolikus Egyh\u00e1zk\u00f6zs\u00e9g vezet\u0151je, a Magyar Katolikus J\u00f3t\u00e9konys\u00e1gi B\u00e1l egyik szervez\u0151je<\/li>\n<li>Tempfli Imre atya &#8211; a Stuttgarti Magyar Katolikus Egyh\u00e1zk\u00f6zs\u00e9g kor\u00e1bbi vezet\u0151je \u00e9s a b\u00e1li szervez\u0151bizotts\u00e1g volt tagja<\/li>\n<li>Tepper J\u00e1nos \u2013 a Stuttgarti Magyar Katolikus J\u00f3t\u00e9konys\u00e1gi B\u00e1l szervez\u0151je, zenei vezet\u0151je<\/li>\n<li>Jablonkay Lydia \u2013 A Stuttgarti Magyar Katolikus J\u00f3t\u00e9konys\u00e1gi B\u00e1l szervez\u0151je, programfelel\u0151se<\/li>\n<li>Jablonkay Lydia \u2013 Stuttgarti Magyar &#8211; 81. sz. Dob\u00f3 Istv\u00e1n cserk\u00e9szcsapat vezet\u0151je, akik b\u00e1l rendszeres fell\u00e9p\u0151i<\/li>\n<li>Hr\u00faz D\u00e9nes &#8211; a b\u00e1lon rendszeresen a n\u00e9pzen\u00e9t biztos\u00edt\u00f3 magyarorsz\u00e1gi D\u0171v\u0151 zenekar vezet\u0151je<\/li>\n<li>Kem\u00e9ny J\u00f3zsef \u2013 a stuttgarti Cs\u00f6b\u00f6rcs\u00f6k magyar n\u00e9pt\u00e1ncegy\u00fcttes vezet\u0151je<\/li>\n<li>Thorsten Fuchs &#8211; a b\u00e1l nyit\u00f3t\u00e1nc\u00e1t el\u0151ad\u00f3 schorndorfi t\u00e1ncegy\u00fcttes vezet\u0151je<\/li>\n<li>Mag Ferenc \u2013 a b\u00e1l vend\u00e9ge \u00e9s t\u00e1mogat\u00f3ja<\/li>\n<\/ul>\n<p><span style=\"color: #ff6600;\"><strong>21.00 &#8211; 24.00 \u00f3ra:<\/strong><\/span><\/p>\n<p>A megszokott b\u00e1li zen\u00e9k, valamint a R\u00e1di\u00f3 Hell\u00f3 k\u00e9t munkat\u00e1rsa, Petruska Imola \u00e9s Kis Zolt\u00e1n sz\u00f3rakoztat\u00f3 inform\u00e1ci\u00f3inak seg\u00edts\u00e9g\u00e9vel teremtj\u00fck meg Nektek a b\u00e1l hangulat\u00e1t.<\/p>\n<p><span style=\"color: #ff6600;\"><strong>\u00c9jf\u00e9lkor (24.00 \u00f3ra)<\/strong><\/span> &#8211; Meghallgatjuk egy\u00fctt a magyar himnuszt<\/p>\n<a href=\"https:\/\/stuttgarti-katolikusok.de\/wp-content\/uploads\/2021\/01\/Flyer-Magyar-Bal-2021.pdf\" class=\"pdfemb-viewer\" style=\"\" data-width=\"max\" data-height=\"max\" data-toolbar=\"bottom\" data-toolbar-fixed=\"off\">Flyer Magyar B\u00e1l 2021<\/a>\n","protected":false},"excerpt":{"rendered":"<p>Megh\u00edv\u00f3 a 46-ik Stuttgarti Magyar Katolikus Virtu\u00e1lis J\u00f3t\u00e9konys\u00e1gi B\u00e1lra A b\u00e1l t\u00f6rt\u00e9net\u00e9ben el\u0151sz\u00f6r nem foghatunk szem\u00e9lyesen kezet. Nek\u00fcnk, a rendez\u0151bizotts\u00e1gnak, a Stuttgarti Szent Gell\u00e9rt Katolikus Egyh\u00e1zk\u00f6zs\u00e9gnek, a nyugati diaszp\u00f3r\u00e1ban \u00e9l\u0151 magyaroknak jutott e nemes feladat, hogy el\u0151sz\u00f6r innen, kintr\u0151l egyes\u00edteni tudjuk, ha r\u00f6vid id\u0151re is, hat\u00e1rok n\u00e9lk\u00fcl a K\u00e1rp\u00e1t medenc\u00e9ben \u00e9s a nagyvil\u00e1gban sz\u00e9tsz\u00f3rt Magyars\u00e1got! K\u00e9r\u00fcnk benneteket szombaton, a b\u00e1l napj\u00e1n, ossz\u00e1tok meg a k\u00f6z\u00f6ss\u00e9gi oldalakon a tavaly, vagy r\u00e9gebben k\u00e9sz\u00fclt felv\u00e9teleiteket, hogy ilyen form\u00e1ban is min\u00e9l t\u00f6bben k\u00e9sz\u00fclj\u00fcnk idei b\u00e1lunkra. Janu\u00e1r 30-\u00e1n, szombaton este, virtu\u00e1lisan fogjuk meg egym\u00e1s kez\u00e9t a 19.00 \u00f3rakor kezd\u0151d\u0151, els\u0151 n\u00e9metorsz\u00e1gi magyar &#8222;Hell\u00f3&#8221; online r\u00e1di\u00f3n k\u00f6zvet\u00edtett b\u00e1lunkon. Ne eresz\u00fck el soha! A Hell\u00f3 R\u00e1di\u00f3 el\u00e9rhet\u0151s\u00e9ge: www.radiohello.de J\u00f3 sz\u00f3rakoz\u00e1st! Szegi Oszk\u00e1r &#8211; a b\u00e1l f\u0151szervez\u0151je Felh\u00edv\u00e1s 2021. janu\u00e1r 30-\u00e1n, 19.00 \u00f3rakor kezd\u0151dik a R\u00e1di\u00f3 Hell\u00f3n, a n\u00e9metorsz\u00e1gi magyar online r\u00e1di\u00f3ban, a 46. Stuttgarti Magyar Katolikus J\u00f3t\u00e9konys\u00e1gi B\u00e1l. Szeretettel h\u00edvunk Eur\u00f3pa leghallgatottabb online magyar b\u00e1lj\u00e1ra! Interakt\u00edv hozz\u00e1sz\u00f3l\u00e1saitokb\u00f3l tudjuk majd, hogy \u00fajra egy\u00fctt dobban a sz\u00edv\u00fcnk, hogy \u00fajra egy\u00fctt b\u00e1lozunk! Program: \u00a019.00 &#8211; 21.00 \u00f3ra: A Stuttgarti Magyar Katolikus J\u00f3t\u00e9konys\u00e1gi B\u00e1lon megszokott n\u00e9pi- \u00e9s b\u00e1li zen\u00e9k mellett: A hagyom\u00e1nyokhoz h\u0171en a Stuttgarti Magyar Katolikus Egyh\u00e1zk\u00f6zs\u00e9g vezet\u0151je, Merl\u00e1s Tibor atya k\u00f6sz\u00f6nt benneteket. \u0150t, Dr. Izs\u00e1k Andr\u00e1s F\u0151konzul k\u00f6vet, aki Magyarorsz\u00e1g Stuttgarti F\u0151konzul\u00e1tus\u00e1nak k\u00e9pviselet\u00e9ben k\u00f6sz\u00f6nti a b\u00e1loz\u00f3kat, \u00e9s szervez\u0151ket. A tov\u00e1bbiakban riportokat hallhattok mindazokkal, akik hossz\u00fa-hossz\u00fa \u00e9ve dolgoznak a b\u00e1l magyar k\u00f6z\u00f6ss\u00e9g\u00e9\u00e9rt, s akik ebben az \u00e9vben is kutatt\u00e1k annak lehet\u0151s\u00e9g\u00e9t, hogy egy\u00fctt b\u00e1lozzunk! Megtal\u00e1lt\u00e1k! Szegi Oszk\u00e1r \u2013 a Stuttgarti Magyar Katolikus J\u00f3t\u00e9konys\u00e1gi B\u00e1l f\u0151szervez\u0151je Merl\u00e1s Tibor atya &#8211; a Stuttgarti Magyar Katolikus Egyh\u00e1zk\u00f6zs\u00e9g vezet\u0151je, a Magyar Katolikus J\u00f3t\u00e9konys\u00e1gi B\u00e1l egyik szervez\u0151je Tempfli Imre atya &#8211; a Stuttgarti Magyar Katolikus Egyh\u00e1zk\u00f6zs\u00e9g kor\u00e1bbi vezet\u0151je \u00e9s a b\u00e1li szervez\u0151bizotts\u00e1g volt tagja Tepper J\u00e1nos \u2013 a Stuttgarti Magyar Katolikus J\u00f3t\u00e9konys\u00e1gi B\u00e1l szervez\u0151je, zenei vezet\u0151je Jablonkay Lydia \u2013 A Stuttgarti Magyar Katolikus J\u00f3t\u00e9konys\u00e1gi B\u00e1l&#8230; <\/p>\n<p><a class=\"readmore\" href=\"https:\/\/stuttgarti-katolikusok.de\/index.php\/bali-meghivo-es-programunk\/\">R\u00e9szletek<\/a><\/p>\n","protected":false},"author":3,"featured_media":8587,"comment_status":"closed","ping_status":"closed","sticky":false,"template":"","format":"standard","meta":{"footnotes":""},"categories":[1],"tags":[],"class_list":["post-21095","post","type-post","status-publish","format-standard","has-post-thumbnail","hentry","category-valogatott"],"yoast_head":"<!-- This site is optimized with the Yoast SEO plugin v27.3 - https:\/\/yoast.com\/product\/yoast-seo-wordpress\/ -->\n<title>B\u00e1li megh\u00edv\u00f3 \u00e9s programunk - Stuttgarti Katolikusok<\/title>\n<meta name=\"robots\" content=\"index, follow, max-snippet:-1, max-image-preview:large, max-video-preview:-1\" \/>\n<link rel=\"canonical\" href=\"https:\/\/stuttgarti-katolikusok.de\/index.php\/bali-meghivo-es-programunk\/\" \/>\n<meta property=\"og:locale\" content=\"hu_HU\" \/>\n<meta property=\"og:type\" content=\"article\" \/>\n<meta property=\"og:title\" content=\"B\u00e1li megh\u00edv\u00f3 \u00e9s programunk - Stuttgarti Katolikusok\" \/>\n<meta property=\"og:description\" content=\"Megh\u00edv\u00f3 a 46-ik Stuttgarti Magyar Katolikus Virtu\u00e1lis J\u00f3t\u00e9konys\u00e1gi B\u00e1lra A b\u00e1l t\u00f6rt\u00e9net\u00e9ben el\u0151sz\u00f6r nem foghatunk szem\u00e9lyesen kezet. Nek\u00fcnk, a rendez\u0151bizotts\u00e1gnak, a Stuttgarti Szent Gell\u00e9rt Katolikus Egyh\u00e1zk\u00f6zs\u00e9gnek, a nyugati diaszp\u00f3r\u00e1ban \u00e9l\u0151 magyaroknak jutott e nemes feladat, hogy el\u0151sz\u00f6r innen, kintr\u0151l egyes\u00edteni tudjuk, ha r\u00f6vid id\u0151re is, hat\u00e1rok n\u00e9lk\u00fcl a K\u00e1rp\u00e1t medenc\u00e9ben \u00e9s a nagyvil\u00e1gban sz\u00e9tsz\u00f3rt Magyars\u00e1got! K\u00e9r\u00fcnk benneteket szombaton, a b\u00e1l napj\u00e1n, ossz\u00e1tok meg a k\u00f6z\u00f6ss\u00e9gi oldalakon a tavaly, vagy r\u00e9gebben k\u00e9sz\u00fclt felv\u00e9teleiteket, hogy ilyen form\u00e1ban is min\u00e9l t\u00f6bben k\u00e9sz\u00fclj\u00fcnk idei b\u00e1lunkra. Janu\u00e1r 30-\u00e1n, szombaton este, virtu\u00e1lisan fogjuk meg egym\u00e1s kez\u00e9t a 19.00 \u00f3rakor kezd\u0151d\u0151, els\u0151 n\u00e9metorsz\u00e1gi magyar &#8222;Hell\u00f3&#8221; online r\u00e1di\u00f3n k\u00f6zvet\u00edtett b\u00e1lunkon. Ne eresz\u00fck el soha! A Hell\u00f3 R\u00e1di\u00f3 el\u00e9rhet\u0151s\u00e9ge: www.radiohello.de J\u00f3 sz\u00f3rakoz\u00e1st! Szegi Oszk\u00e1r &#8211; a b\u00e1l f\u0151szervez\u0151je Felh\u00edv\u00e1s 2021. janu\u00e1r 30-\u00e1n, 19.00 \u00f3rakor kezd\u0151dik a R\u00e1di\u00f3 Hell\u00f3n, a n\u00e9metorsz\u00e1gi magyar online r\u00e1di\u00f3ban, a 46. Stuttgarti Magyar Katolikus J\u00f3t\u00e9konys\u00e1gi B\u00e1l. Szeretettel h\u00edvunk Eur\u00f3pa leghallgatottabb online magyar b\u00e1lj\u00e1ra! Interakt\u00edv hozz\u00e1sz\u00f3l\u00e1saitokb\u00f3l tudjuk majd, hogy \u00fajra egy\u00fctt dobban a sz\u00edv\u00fcnk, hogy \u00fajra egy\u00fctt b\u00e1lozunk! Program: \u00a019.00 &#8211; 21.00 \u00f3ra: A Stuttgarti Magyar Katolikus J\u00f3t\u00e9konys\u00e1gi B\u00e1lon megszokott n\u00e9pi- \u00e9s b\u00e1li zen\u00e9k mellett: A hagyom\u00e1nyokhoz h\u0171en a Stuttgarti Magyar Katolikus Egyh\u00e1zk\u00f6zs\u00e9g vezet\u0151je, Merl\u00e1s Tibor atya k\u00f6sz\u00f6nt benneteket. \u0150t, Dr. Izs\u00e1k Andr\u00e1s F\u0151konzul k\u00f6vet, aki Magyarorsz\u00e1g Stuttgarti F\u0151konzul\u00e1tus\u00e1nak k\u00e9pviselet\u00e9ben k\u00f6sz\u00f6nti a b\u00e1loz\u00f3kat, \u00e9s szervez\u0151ket. A tov\u00e1bbiakban riportokat hallhattok mindazokkal, akik hossz\u00fa-hossz\u00fa \u00e9ve dolgoznak a b\u00e1l magyar k\u00f6z\u00f6ss\u00e9g\u00e9\u00e9rt, s akik ebben az \u00e9vben is kutatt\u00e1k annak lehet\u0151s\u00e9g\u00e9t, hogy egy\u00fctt b\u00e1lozzunk! Megtal\u00e1lt\u00e1k! Szegi Oszk\u00e1r \u2013 a Stuttgarti Magyar Katolikus J\u00f3t\u00e9konys\u00e1gi B\u00e1l f\u0151szervez\u0151je Merl\u00e1s Tibor atya &#8211; a Stuttgarti Magyar Katolikus Egyh\u00e1zk\u00f6zs\u00e9g vezet\u0151je, a Magyar Katolikus J\u00f3t\u00e9konys\u00e1gi B\u00e1l egyik szervez\u0151je Tempfli Imre atya &#8211; a Stuttgarti Magyar Katolikus Egyh\u00e1zk\u00f6zs\u00e9g kor\u00e1bbi vezet\u0151je \u00e9s a b\u00e1li szervez\u0151bizotts\u00e1g volt tagja Tepper J\u00e1nos \u2013 a Stuttgarti Magyar Katolikus J\u00f3t\u00e9konys\u00e1gi B\u00e1l szervez\u0151je, zenei vezet\u0151je Jablonkay Lydia \u2013 A Stuttgarti Magyar Katolikus J\u00f3t\u00e9konys\u00e1gi B\u00e1l... R\u00e9szletek\" \/>\n<meta property=\"og:url\" content=\"https:\/\/stuttgarti-katolikusok.de\/index.php\/bali-meghivo-es-programunk\/\" \/>\n<meta property=\"og:site_name\" content=\"Stuttgarti Katolikusok\" \/>\n<meta property=\"article:published_time\" content=\"2021-01-28T20:03:07+00:00\" \/>\n<meta property=\"article:modified_time\" content=\"2021-01-28T20:07:23+00:00\" \/>\n<meta property=\"og:image\" content=\"https:\/\/stuttgarti-katolikusok.de\/wp-content\/uploads\/2016\/01\/stmb-2015-2.jpg\" \/>\n\t<meta property=\"og:image:width\" content=\"784\" \/>\n\t<meta property=\"og:image:height\" content=\"523\" \/>\n\t<meta property=\"og:image:type\" content=\"image\/jpeg\" \/>\n<meta name=\"author\" content=\"Tibor atya\" \/>\n<meta name=\"twitter:card\" content=\"summary_large_image\" \/>\n<meta name=\"twitter:label1\" content=\"Szerz\u0151:\" \/>\n\t<meta name=\"twitter:data1\" content=\"Tibor atya\" \/>\n\t<meta name=\"twitter:label2\" content=\"Becs\u00fclt olvas\u00e1si id\u0151\" \/>\n\t<meta name=\"twitter:data2\" content=\"3 perc\" \/>\n<script type=\"application\/ld+json\" class=\"yoast-schema-graph\">{\"@context\":\"https:\\\/\\\/schema.org\",\"@graph\":[{\"@type\":\"Article\",\"@id\":\"https:\\\/\\\/stuttgarti-katolikusok.de\\\/index.php\\\/bali-meghivo-es-programunk\\\/#article\",\"isPartOf\":{\"@id\":\"https:\\\/\\\/stuttgarti-katolikusok.de\\\/index.php\\\/bali-meghivo-es-programunk\\\/\"},\"author\":{\"name\":\"Tibor atya\",\"@id\":\"https:\\\/\\\/stuttgarti-katolikusok.de\\\/#\\\/schema\\\/person\\\/75908d6f8fdc03a57889d27209df7795\"},\"headline\":\"B\u00e1li megh\u00edv\u00f3 \u00e9s programunk\",\"datePublished\":\"2021-01-28T20:03:07+00:00\",\"dateModified\":\"2021-01-28T20:07:23+00:00\",\"mainEntityOfPage\":{\"@id\":\"https:\\\/\\\/stuttgarti-katolikusok.de\\\/index.php\\\/bali-meghivo-es-programunk\\\/\"},\"wordCount\":648,\"image\":{\"@id\":\"https:\\\/\\\/stuttgarti-katolikusok.de\\\/index.php\\\/bali-meghivo-es-programunk\\\/#primaryimage\"},\"thumbnailUrl\":\"https:\\\/\\\/stuttgarti-katolikusok.de\\\/wp-content\\\/uploads\\\/2016\\\/01\\\/stmb-2015-2.jpg\",\"articleSection\":[\"V\u00e1logatott \u00edr\u00e1sok\"],\"inLanguage\":\"hu\"},{\"@type\":\"WebPage\",\"@id\":\"https:\\\/\\\/stuttgarti-katolikusok.de\\\/index.php\\\/bali-meghivo-es-programunk\\\/\",\"url\":\"https:\\\/\\\/stuttgarti-katolikusok.de\\\/index.php\\\/bali-meghivo-es-programunk\\\/\",\"name\":\"B\u00e1li megh\u00edv\u00f3 \u00e9s programunk - Stuttgarti Katolikusok\",\"isPartOf\":{\"@id\":\"https:\\\/\\\/stuttgarti-katolikusok.de\\\/#website\"},\"primaryImageOfPage\":{\"@id\":\"https:\\\/\\\/stuttgarti-katolikusok.de\\\/index.php\\\/bali-meghivo-es-programunk\\\/#primaryimage\"},\"image\":{\"@id\":\"https:\\\/\\\/stuttgarti-katolikusok.de\\\/index.php\\\/bali-meghivo-es-programunk\\\/#primaryimage\"},\"thumbnailUrl\":\"https:\\\/\\\/stuttgarti-katolikusok.de\\\/wp-content\\\/uploads\\\/2016\\\/01\\\/stmb-2015-2.jpg\",\"datePublished\":\"2021-01-28T20:03:07+00:00\",\"dateModified\":\"2021-01-28T20:07:23+00:00\",\"author\":{\"@id\":\"https:\\\/\\\/stuttgarti-katolikusok.de\\\/#\\\/schema\\\/person\\\/75908d6f8fdc03a57889d27209df7795\"},\"breadcrumb\":{\"@id\":\"https:\\\/\\\/stuttgarti-katolikusok.de\\\/index.php\\\/bali-meghivo-es-programunk\\\/#breadcrumb\"},\"inLanguage\":\"hu\",\"potentialAction\":[{\"@type\":\"ReadAction\",\"target\":[\"https:\\\/\\\/stuttgarti-katolikusok.de\\\/index.php\\\/bali-meghivo-es-programunk\\\/\"]}]},{\"@type\":\"ImageObject\",\"inLanguage\":\"hu\",\"@id\":\"https:\\\/\\\/stuttgarti-katolikusok.de\\\/index.php\\\/bali-meghivo-es-programunk\\\/#primaryimage\",\"url\":\"https:\\\/\\\/stuttgarti-katolikusok.de\\\/wp-content\\\/uploads\\\/2016\\\/01\\\/stmb-2015-2.jpg\",\"contentUrl\":\"https:\\\/\\\/stuttgarti-katolikusok.de\\\/wp-content\\\/uploads\\\/2016\\\/01\\\/stmb-2015-2.jpg\",\"width\":784,\"height\":523},{\"@type\":\"BreadcrumbList\",\"@id\":\"https:\\\/\\\/stuttgarti-katolikusok.de\\\/index.php\\\/bali-meghivo-es-programunk\\\/#breadcrumb\",\"itemListElement\":[{\"@type\":\"ListItem\",\"position\":1,\"name\":\"Kezd\u0151lap\",\"item\":\"https:\\\/\\\/stuttgarti-katolikusok.de\\\/\"},{\"@type\":\"ListItem\",\"position\":2,\"name\":\"B\u00e1li megh\u00edv\u00f3 \u00e9s programunk\"}]},{\"@type\":\"WebSite\",\"@id\":\"https:\\\/\\\/stuttgarti-katolikusok.de\\\/#website\",\"url\":\"https:\\\/\\\/stuttgarti-katolikusok.de\\\/\",\"name\":\"Stuttgarti Katolikusok\",\"description\":\"\",\"potentialAction\":[{\"@type\":\"SearchAction\",\"target\":{\"@type\":\"EntryPoint\",\"urlTemplate\":\"https:\\\/\\\/stuttgarti-katolikusok.de\\\/?s={search_term_string}\"},\"query-input\":{\"@type\":\"PropertyValueSpecification\",\"valueRequired\":true,\"valueName\":\"search_term_string\"}}],\"inLanguage\":\"hu\"},{\"@type\":\"Person\",\"@id\":\"https:\\\/\\\/stuttgarti-katolikusok.de\\\/#\\\/schema\\\/person\\\/75908d6f8fdc03a57889d27209df7795\",\"name\":\"Tibor atya\",\"image\":{\"@type\":\"ImageObject\",\"inLanguage\":\"hu\",\"@id\":\"https:\\\/\\\/secure.gravatar.com\\\/avatar\\\/61d268e57d1f4525b111222e29d2d5a7f8c420fdbf231ba5566a8ceac74fa960?s=96&d=mm&r=g\",\"url\":\"https:\\\/\\\/secure.gravatar.com\\\/avatar\\\/61d268e57d1f4525b111222e29d2d5a7f8c420fdbf231ba5566a8ceac74fa960?s=96&d=mm&r=g\",\"contentUrl\":\"https:\\\/\\\/secure.gravatar.com\\\/avatar\\\/61d268e57d1f4525b111222e29d2d5a7f8c420fdbf231ba5566a8ceac74fa960?s=96&d=mm&r=g\",\"caption\":\"Tibor atya\"},\"url\":\"https:\\\/\\\/stuttgarti-katolikusok.de\\\/index.php\\\/author\\\/tibor-atya\\\/\"}]}<\/script>\n<!-- \/ Yoast SEO plugin. -->","yoast_head_json":{"title":"B\u00e1li megh\u00edv\u00f3 \u00e9s programunk - Stuttgarti Katolikusok","robots":{"index":"index","follow":"follow","max-snippet":"max-snippet:-1","max-image-preview":"max-image-preview:large","max-video-preview":"max-video-preview:-1"},"canonical":"https:\/\/stuttgarti-katolikusok.de\/index.php\/bali-meghivo-es-programunk\/","og_locale":"hu_HU","og_type":"article","og_title":"B\u00e1li megh\u00edv\u00f3 \u00e9s programunk - Stuttgarti Katolikusok","og_description":"Megh\u00edv\u00f3 a 46-ik Stuttgarti Magyar Katolikus Virtu\u00e1lis J\u00f3t\u00e9konys\u00e1gi B\u00e1lra A b\u00e1l t\u00f6rt\u00e9net\u00e9ben el\u0151sz\u00f6r nem foghatunk szem\u00e9lyesen kezet. Nek\u00fcnk, a rendez\u0151bizotts\u00e1gnak, a Stuttgarti Szent Gell\u00e9rt Katolikus Egyh\u00e1zk\u00f6zs\u00e9gnek, a nyugati diaszp\u00f3r\u00e1ban \u00e9l\u0151 magyaroknak jutott e nemes feladat, hogy el\u0151sz\u00f6r innen, kintr\u0151l egyes\u00edteni tudjuk, ha r\u00f6vid id\u0151re is, hat\u00e1rok n\u00e9lk\u00fcl a K\u00e1rp\u00e1t medenc\u00e9ben \u00e9s a nagyvil\u00e1gban sz\u00e9tsz\u00f3rt Magyars\u00e1got! K\u00e9r\u00fcnk benneteket szombaton, a b\u00e1l napj\u00e1n, ossz\u00e1tok meg a k\u00f6z\u00f6ss\u00e9gi oldalakon a tavaly, vagy r\u00e9gebben k\u00e9sz\u00fclt felv\u00e9teleiteket, hogy ilyen form\u00e1ban is min\u00e9l t\u00f6bben k\u00e9sz\u00fclj\u00fcnk idei b\u00e1lunkra. Janu\u00e1r 30-\u00e1n, szombaton este, virtu\u00e1lisan fogjuk meg egym\u00e1s kez\u00e9t a 19.00 \u00f3rakor kezd\u0151d\u0151, els\u0151 n\u00e9metorsz\u00e1gi magyar &#8222;Hell\u00f3&#8221; online r\u00e1di\u00f3n k\u00f6zvet\u00edtett b\u00e1lunkon. Ne eresz\u00fck el soha! A Hell\u00f3 R\u00e1di\u00f3 el\u00e9rhet\u0151s\u00e9ge: www.radiohello.de J\u00f3 sz\u00f3rakoz\u00e1st! Szegi Oszk\u00e1r &#8211; a b\u00e1l f\u0151szervez\u0151je Felh\u00edv\u00e1s 2021. janu\u00e1r 30-\u00e1n, 19.00 \u00f3rakor kezd\u0151dik a R\u00e1di\u00f3 Hell\u00f3n, a n\u00e9metorsz\u00e1gi magyar online r\u00e1di\u00f3ban, a 46. Stuttgarti Magyar Katolikus J\u00f3t\u00e9konys\u00e1gi B\u00e1l. Szeretettel h\u00edvunk Eur\u00f3pa leghallgatottabb online magyar b\u00e1lj\u00e1ra! Interakt\u00edv hozz\u00e1sz\u00f3l\u00e1saitokb\u00f3l tudjuk majd, hogy \u00fajra egy\u00fctt dobban a sz\u00edv\u00fcnk, hogy \u00fajra egy\u00fctt b\u00e1lozunk! Program: \u00a019.00 &#8211; 21.00 \u00f3ra: A Stuttgarti Magyar Katolikus J\u00f3t\u00e9konys\u00e1gi B\u00e1lon megszokott n\u00e9pi- \u00e9s b\u00e1li zen\u00e9k mellett: A hagyom\u00e1nyokhoz h\u0171en a Stuttgarti Magyar Katolikus Egyh\u00e1zk\u00f6zs\u00e9g vezet\u0151je, Merl\u00e1s Tibor atya k\u00f6sz\u00f6nt benneteket. \u0150t, Dr. Izs\u00e1k Andr\u00e1s F\u0151konzul k\u00f6vet, aki Magyarorsz\u00e1g Stuttgarti F\u0151konzul\u00e1tus\u00e1nak k\u00e9pviselet\u00e9ben k\u00f6sz\u00f6nti a b\u00e1loz\u00f3kat, \u00e9s szervez\u0151ket. A tov\u00e1bbiakban riportokat hallhattok mindazokkal, akik hossz\u00fa-hossz\u00fa \u00e9ve dolgoznak a b\u00e1l magyar k\u00f6z\u00f6ss\u00e9g\u00e9\u00e9rt, s akik ebben az \u00e9vben is kutatt\u00e1k annak lehet\u0151s\u00e9g\u00e9t, hogy egy\u00fctt b\u00e1lozzunk! Megtal\u00e1lt\u00e1k! Szegi Oszk\u00e1r \u2013 a Stuttgarti Magyar Katolikus J\u00f3t\u00e9konys\u00e1gi B\u00e1l f\u0151szervez\u0151je Merl\u00e1s Tibor atya &#8211; a Stuttgarti Magyar Katolikus Egyh\u00e1zk\u00f6zs\u00e9g vezet\u0151je, a Magyar Katolikus J\u00f3t\u00e9konys\u00e1gi B\u00e1l egyik szervez\u0151je Tempfli Imre atya &#8211; a Stuttgarti Magyar Katolikus Egyh\u00e1zk\u00f6zs\u00e9g kor\u00e1bbi vezet\u0151je \u00e9s a b\u00e1li szervez\u0151bizotts\u00e1g volt tagja Tepper J\u00e1nos \u2013 a Stuttgarti Magyar Katolikus J\u00f3t\u00e9konys\u00e1gi B\u00e1l szervez\u0151je, zenei vezet\u0151je Jablonkay Lydia \u2013 A Stuttgarti Magyar Katolikus J\u00f3t\u00e9konys\u00e1gi B\u00e1l... R\u00e9szletek","og_url":"https:\/\/stuttgarti-katolikusok.de\/index.php\/bali-meghivo-es-programunk\/","og_site_name":"Stuttgarti Katolikusok","article_published_time":"2021-01-28T20:03:07+00:00","article_modified_time":"2021-01-28T20:07:23+00:00","og_image":[{"width":784,"height":523,"url":"https:\/\/stuttgarti-katolikusok.de\/wp-content\/uploads\/2016\/01\/stmb-2015-2.jpg","type":"image\/jpeg"}],"author":"Tibor atya","twitter_card":"summary_large_image","twitter_misc":{"Szerz\u0151:":"Tibor atya","Becs\u00fclt olvas\u00e1si id\u0151":"3 perc"},"schema":{"@context":"https:\/\/schema.org","@graph":[{"@type":"Article","@id":"https:\/\/stuttgarti-katolikusok.de\/index.php\/bali-meghivo-es-programunk\/#article","isPartOf":{"@id":"https:\/\/stuttgarti-katolikusok.de\/index.php\/bali-meghivo-es-programunk\/"},"author":{"name":"Tibor atya","@id":"https:\/\/stuttgarti-katolikusok.de\/#\/schema\/person\/75908d6f8fdc03a57889d27209df7795"},"headline":"B\u00e1li megh\u00edv\u00f3 \u00e9s programunk","datePublished":"2021-01-28T20:03:07+00:00","dateModified":"2021-01-28T20:07:23+00:00","mainEntityOfPage":{"@id":"https:\/\/stuttgarti-katolikusok.de\/index.php\/bali-meghivo-es-programunk\/"},"wordCount":648,"image":{"@id":"https:\/\/stuttgarti-katolikusok.de\/index.php\/bali-meghivo-es-programunk\/#primaryimage"},"thumbnailUrl":"https:\/\/stuttgarti-katolikusok.de\/wp-content\/uploads\/2016\/01\/stmb-2015-2.jpg","articleSection":["V\u00e1logatott \u00edr\u00e1sok"],"inLanguage":"hu"},{"@type":"WebPage","@id":"https:\/\/stuttgarti-katolikusok.de\/index.php\/bali-meghivo-es-programunk\/","url":"https:\/\/stuttgarti-katolikusok.de\/index.php\/bali-meghivo-es-programunk\/","name":"B\u00e1li megh\u00edv\u00f3 \u00e9s programunk - Stuttgarti Katolikusok","isPartOf":{"@id":"https:\/\/stuttgarti-katolikusok.de\/#website"},"primaryImageOfPage":{"@id":"https:\/\/stuttgarti-katolikusok.de\/index.php\/bali-meghivo-es-programunk\/#primaryimage"},"image":{"@id":"https:\/\/stuttgarti-katolikusok.de\/index.php\/bali-meghivo-es-programunk\/#primaryimage"},"thumbnailUrl":"https:\/\/stuttgarti-katolikusok.de\/wp-content\/uploads\/2016\/01\/stmb-2015-2.jpg","datePublished":"2021-01-28T20:03:07+00:00","dateModified":"2021-01-28T20:07:23+00:00","author":{"@id":"https:\/\/stuttgarti-katolikusok.de\/#\/schema\/person\/75908d6f8fdc03a57889d27209df7795"},"breadcrumb":{"@id":"https:\/\/stuttgarti-katolikusok.de\/index.php\/bali-meghivo-es-programunk\/#breadcrumb"},"inLanguage":"hu","potentialAction":[{"@type":"ReadAction","target":["https:\/\/stuttgarti-katolikusok.de\/index.php\/bali-meghivo-es-programunk\/"]}]},{"@type":"ImageObject","inLanguage":"hu","@id":"https:\/\/stuttgarti-katolikusok.de\/index.php\/bali-meghivo-es-programunk\/#primaryimage","url":"https:\/\/stuttgarti-katolikusok.de\/wp-content\/uploads\/2016\/01\/stmb-2015-2.jpg","contentUrl":"https:\/\/stuttgarti-katolikusok.de\/wp-content\/uploads\/2016\/01\/stmb-2015-2.jpg","width":784,"height":523},{"@type":"BreadcrumbList","@id":"https:\/\/stuttgarti-katolikusok.de\/index.php\/bali-meghivo-es-programunk\/#breadcrumb","itemListElement":[{"@type":"ListItem","position":1,"name":"Kezd\u0151lap","item":"https:\/\/stuttgarti-katolikusok.de\/"},{"@type":"ListItem","position":2,"name":"B\u00e1li megh\u00edv\u00f3 \u00e9s programunk"}]},{"@type":"WebSite","@id":"https:\/\/stuttgarti-katolikusok.de\/#website","url":"https:\/\/stuttgarti-katolikusok.de\/","name":"Stuttgarti Katolikusok","description":"","potentialAction":[{"@type":"SearchAction","target":{"@type":"EntryPoint","urlTemplate":"https:\/\/stuttgarti-katolikusok.de\/?s={search_term_string}"},"query-input":{"@type":"PropertyValueSpecification","valueRequired":true,"valueName":"search_term_string"}}],"inLanguage":"hu"},{"@type":"Person","@id":"https:\/\/stuttgarti-katolikusok.de\/#\/schema\/person\/75908d6f8fdc03a57889d27209df7795","name":"Tibor atya","image":{"@type":"ImageObject","inLanguage":"hu","@id":"https:\/\/secure.gravatar.com\/avatar\/61d268e57d1f4525b111222e29d2d5a7f8c420fdbf231ba5566a8ceac74fa960?s=96&d=mm&r=g","url":"https:\/\/secure.gravatar.com\/avatar\/61d268e57d1f4525b111222e29d2d5a7f8c420fdbf231ba5566a8ceac74fa960?s=96&d=mm&r=g","contentUrl":"https:\/\/secure.gravatar.com\/avatar\/61d268e57d1f4525b111222e29d2d5a7f8c420fdbf231ba5566a8ceac74fa960?s=96&d=mm&r=g","caption":"Tibor atya"},"url":"https:\/\/stuttgarti-katolikusok.de\/index.php\/author\/tibor-atya\/"}]}},"_links":{"self":[{"href":"https:\/\/stuttgarti-katolikusok.de\/index.php\/wp-json\/wp\/v2\/posts\/21095","targetHints":{"allow":["GET"]}}],"collection":[{"href":"https:\/\/stuttgarti-katolikusok.de\/index.php\/wp-json\/wp\/v2\/posts"}],"about":[{"href":"https:\/\/stuttgarti-katolikusok.de\/index.php\/wp-json\/wp\/v2\/types\/post"}],"author":[{"embeddable":true,"href":"https:\/\/stuttgarti-katolikusok.de\/index.php\/wp-json\/wp\/v2\/users\/3"}],"replies":[{"embeddable":true,"href":"https:\/\/stuttgarti-katolikusok.de\/index.php\/wp-json\/wp\/v2\/comments?post=21095"}],"version-history":[{"count":3,"href":"https:\/\/stuttgarti-katolikusok.de\/index.php\/wp-json\/wp\/v2\/posts\/21095\/revisions"}],"predecessor-version":[{"id":21100,"href":"https:\/\/stuttgarti-katolikusok.de\/index.php\/wp-json\/wp\/v2\/posts\/21095\/revisions\/21100"}],"wp:featuredmedia":[{"embeddable":true,"href":"https:\/\/stuttgarti-katolikusok.de\/index.php\/wp-json\/wp\/v2\/media\/8587"}],"wp:attachment":[{"href":"https:\/\/stuttgarti-katolikusok.de\/index.php\/wp-json\/wp\/v2\/media?parent=21095"}],"wp:term":[{"taxonomy":"category","embeddable":true,"href":"https:\/\/stuttgarti-katolikusok.de\/index.php\/wp-json\/wp\/v2\/categories?post=21095"},{"taxonomy":"post_tag","embeddable":true,"href":"https:\/\/stuttgarti-katolikusok.de\/index.php\/wp-json\/wp\/v2\/tags?post=21095"}],"curies":[{"name":"wp","href":"https:\/\/api.w.org\/{rel}","templated":true}]}}