{"id":20977,"date":"2021-01-12T00:36:38","date_gmt":"2021-01-12T00:36:38","guid":{"rendered":"https:\/\/gracious-dewdney.138-201-221-2.plesk.page\/?p=20977"},"modified":"2021-01-12T00:38:50","modified_gmt":"2021-01-12T00:38:50","slug":"januar-11-es-17-kozott","status":"publish","type":"post","link":"https:\/\/stuttgarti-katolikusok.de\/index.php\/januar-11-es-17-kozott\/","title":{"rendered":"2021 janu\u00e1r 11 \u00e9s 17 k\u00f6z\u00f6tt"},"content":{"rendered":"<p><span style=\"color: #008000;\"><strong>Programel\u0151zetes<\/strong><\/span><\/p>\n<p><span style=\"color: #008000;\"><em>A jelenlegi egyh\u00e1zi rendelkez\u00e9sek \u00e9rtelm\u00e9ben csak a szentmise \u00a0\u00a0tarthat\u00f3 meg. <\/em><\/span><\/p>\n<p><span style=\"color: #008000;\"><em>Szentmis\u00e9n k\u00f6telez\u0151 a maszk haszn\u00e1lata, jelenl\u00e9ti lista n\u00e9vvel \u00e9s el\u00e9rhet\u0151s\u00e9ggel, kezek fert\u0151tlen\u00edt\u00e9se!<\/em><\/span><\/p>\n<p style=\"text-align: center;\"><em>\u00a0<\/em><span style=\"color: #008000;\"><strong>*<\/strong><\/span><\/p>\n<p><em><strong>Janu\u00e1r 15-\u00e9n, <\/strong><\/em><em>p\u00e9nteken, <strong>Stuttgarti d\u00e9lut\u00e1n, <\/strong>18 \u00f3rakor <\/em><em>szentmise, <\/em><em>el\u0151tte <\/em><em>r\u00f3zsaf\u00fcz\u00e9rt <\/em><em>im\u00e1dkozunk. <\/em><\/p>\n<p style=\"text-align: center;\"><em>\u00a0<\/em><span style=\"color: #008000;\"><em><strong>*<\/strong><\/em><\/span><\/p>\n<p><em><strong>Janu\u00e1r 16-\u00e1n<\/strong><\/em><em>, szombaton,<strong> Heidenheimban <\/strong><\/em><em>az\u00a0\u00d6kumenikus K\u00f6zpontban <\/em><em>(Hans-Thoma Strasse 50.)<\/em> <em>15.30 \u00f3rakor<\/em><em>\u00a0szentmise.<\/em><\/p>\n<p style=\"text-align: center;\"><em>\u00a0<\/em><span style=\"color: #008000;\"><em>*<\/em><\/span><\/p>\n<p><em><strong>Janu\u00e1r 17-\u00e9n,<\/strong><\/em> <span style=\"color: #008000;\"><em><strong>\u00c9vk\u00f6zi 2. vas\u00e1rnap<\/strong><\/em><\/span><em>,<\/em><\/p>\n<p><em><strong>Ludwigsburgban <\/strong><\/em><em>9.30 \u00f3rakor <\/em><em>szentmise<\/em><em>,<\/em><\/p>\n<p><em><strong>Stuttgartban<\/strong><\/em><em> 12.00 \u00f3rakor <\/em><em>szentmise,<\/em><\/p>\n<p><em><strong>Eislingenben <\/strong><\/em><em>15.00 \u00f3rakor <\/em><em>szentmise.<\/em><\/p>\n<p style=\"text-align: center;\"><em>\u00a0<\/em><span style=\"color: #008000;\"><em>*<\/em><\/span><\/p>\n<p>Minden helyen mindenkit szeretettel v\u00e1r a k\u00f6z\u00f6ss\u00e9g \u00e9s Tibor atya!<\/p>\n<p><a href=\"https:\/\/stuttgarti-katolikusok.de\/wp-content\/uploads\/2021\/01\/ulm.jpeg\"><img loading=\"lazy\" decoding=\"async\" class=\"alignnone size-full wp-image-20979\" src=\"https:\/\/stuttgarti-katolikusok.de\/wp-content\/uploads\/2021\/01\/ulm.jpeg\" alt=\"\" width=\"1501\" height=\"1332\" srcset=\"https:\/\/stuttgarti-katolikusok.de\/wp-content\/uploads\/2021\/01\/ulm.jpeg 1501w, https:\/\/stuttgarti-katolikusok.de\/wp-content\/uploads\/2021\/01\/ulm-300x266.jpeg 300w, https:\/\/stuttgarti-katolikusok.de\/wp-content\/uploads\/2021\/01\/ulm-1024x909.jpeg 1024w\" sizes=\"auto, (max-width: 1501px) 100vw, 1501px\" \/><\/a><\/p>\n<p><em><strong>Bens\u0151s\u00e9ges \u00e9s kellemes \u00faj\u00e9vi napokat, j\u00f3 tal\u00e1lkoz\u00e1sokat \u00e9s sok \u00f6r\u00f6met k\u00edv\u00e1nok minden kedves H\u00edvemnek.<\/strong><\/em><\/p>\n<p style=\"text-align: center;\"><span style=\"color: #008000;\"><em><strong>*<\/strong><\/em><\/span><\/p>\n<p><strong><em>&#8222;Az ismeretlen id\u0151v<\/em><\/strong><strong><em>el, esem\u00e9nyekkel, feladatokkal, sorssal \u00e1llunk szemben. Nem tudjuk, hogy a j\u00f6v<\/em><\/strong><strong><em>\u0151\u030b<\/em><\/strong><strong><em> k\u00f6d<\/em><\/strong><strong><em>\u00e9ben elrejtett napok mit hoznak magukkal. (&#8230;) A f\u00f6l<\/em><\/strong><strong><em>di dolgok arculat\u00e1t a muland\u00f3s\u00e1g \u00fagy em\u00e9szti, mint moly a ruh\u00e1t \u00e9s rozsda a vasat. Az emberi v\u00e1llalkoz\u00e1sok is azt igazolj\u00e1k napro\u0301l-napra, amit m\u00e1r a kir\u00e1lyi zsolt\u00e1ros megtapasztalt: \u201eHa az U\u0301r nem \u00e9p\u00edti a h\u00e1zat, hi\u00e1ba f\u00e1radnak, akik \u00e9p\u00edtik azt.\u201d (Zsolt 126,1) Ez\u00e9rt mi vess\u00fck<\/em><\/strong><strong><em> bizalmunkat az Istenbe, \u00e9s a jelenval\u00f3\u0301 gondokat az o\u030b<\/em><\/strong><strong><em> mindenhat\u00f3\u0301 seg\u00edts\u00e9g\u00e9ben b\u00edzva vegy\u00fck<\/em><\/strong><strong><em> magunkra hittel \u00e9s jo\u0301 rem\u00e9nys\u00e9ggel.&#8221;<\/em><\/strong> <em>(M<\/em><em>\u00e1<\/em><em>rton <\/em><em>\u00c1<\/em><em>ron &#8211; \u00daj\u00e9vi k\u00f6r<\/em><em>lev\u00e9l 1948)<\/em><\/p>\n","protected":false},"excerpt":{"rendered":"<p>Programel\u0151zetes A jelenlegi egyh\u00e1zi rendelkez\u00e9sek \u00e9rtelm\u00e9ben csak a szentmise \u00a0\u00a0tarthat\u00f3 meg. Szentmis\u00e9n k\u00f6telez\u0151 a maszk haszn\u00e1lata, jelenl\u00e9ti lista n\u00e9vvel \u00e9s el\u00e9rhet\u0151s\u00e9ggel, kezek fert\u0151tlen\u00edt\u00e9se! \u00a0* Janu\u00e1r 15-\u00e9n, p\u00e9nteken, Stuttgarti d\u00e9lut\u00e1n, 18 \u00f3rakor szentmise, el\u0151tte r\u00f3zsaf\u00fcz\u00e9rt im\u00e1dkozunk. \u00a0* Janu\u00e1r 16-\u00e1n, szombaton, Heidenheimban az\u00a0\u00d6kumenikus K\u00f6zpontban (Hans-Thoma Strasse 50.) 15.30 \u00f3rakor\u00a0szentmise. \u00a0* Janu\u00e1r 17-\u00e9n, \u00c9vk\u00f6zi 2. vas\u00e1rnap, Ludwigsburgban 9.30 \u00f3rakor szentmise, Stuttgartban 12.00 \u00f3rakor szentmise, Eislingenben 15.00 \u00f3rakor szentmise. \u00a0* Minden helyen mindenkit szeretettel v\u00e1r a k\u00f6z\u00f6ss\u00e9g \u00e9s Tibor atya! Bens\u0151s\u00e9ges \u00e9s kellemes \u00faj\u00e9vi napokat, j\u00f3 tal\u00e1lkoz\u00e1sokat \u00e9s sok \u00f6r\u00f6met k\u00edv\u00e1nok minden kedves H\u00edvemnek. * &#8222;Az ismeretlen id\u0151vel, esem\u00e9nyekkel, feladatokkal, sorssal \u00e1llunk szemben. Nem tudjuk, hogy a j\u00f6v\u0151\u030b k\u00f6d\u00e9ben elrejtett napok mit hoznak magukkal. (&#8230;) A f\u00f6ldi dolgok arculat\u00e1t a muland\u00f3s\u00e1g \u00fagy em\u00e9szti, mint moly a ruh\u00e1t \u00e9s rozsda a vasat. Az emberi v\u00e1llalkoz\u00e1sok is azt igazolj\u00e1k napro\u0301l-napra, amit m\u00e1r a kir\u00e1lyi zsolt\u00e1ros megtapasztalt: \u201eHa az U\u0301r nem \u00e9p\u00edti a h\u00e1zat, hi\u00e1ba f\u00e1radnak, akik \u00e9p\u00edtik azt.\u201d (Zsolt 126,1) Ez\u00e9rt mi vess\u00fck bizalmunkat az Istenbe, \u00e9s a jelenval\u00f3\u0301 gondokat az o\u030b mindenhat\u00f3\u0301 seg\u00edts\u00e9g\u00e9ben b\u00edzva vegy\u00fck magunkra hittel \u00e9s jo\u0301 rem\u00e9nys\u00e9ggel.&#8221; (M\u00e1rton \u00c1ron &#8211; \u00daj\u00e9vi k\u00f6rlev\u00e9l 1948)<\/p>\n","protected":false},"author":3,"featured_media":20978,"comment_status":"closed","ping_status":"closed","sticky":false,"template":"","format":"standard","meta":{"footnotes":""},"categories":[37],"tags":[],"class_list":["post-20977","post","type-post","status-publish","format-standard","has-post-thumbnail","hentry","category-progamelozetes"],"yoast_head":"<!-- This site is optimized with the Yoast SEO plugin v27.3 - https:\/\/yoast.com\/product\/yoast-seo-wordpress\/ -->\n<title>2021 janu\u00e1r 11 \u00e9s 17 k\u00f6z\u00f6tt - Stuttgarti Katolikusok<\/title>\n<meta name=\"robots\" content=\"index, follow, max-snippet:-1, max-image-preview:large, max-video-preview:-1\" \/>\n<link rel=\"canonical\" href=\"https:\/\/stuttgarti-katolikusok.de\/index.php\/januar-11-es-17-kozott\/\" \/>\n<meta property=\"og:locale\" content=\"hu_HU\" \/>\n<meta property=\"og:type\" content=\"article\" \/>\n<meta property=\"og:title\" content=\"2021 janu\u00e1r 11 \u00e9s 17 k\u00f6z\u00f6tt - Stuttgarti Katolikusok\" \/>\n<meta property=\"og:description\" content=\"Programel\u0151zetes A jelenlegi egyh\u00e1zi rendelkez\u00e9sek \u00e9rtelm\u00e9ben csak a szentmise \u00a0\u00a0tarthat\u00f3 meg. Szentmis\u00e9n k\u00f6telez\u0151 a maszk haszn\u00e1lata, jelenl\u00e9ti lista n\u00e9vvel \u00e9s el\u00e9rhet\u0151s\u00e9ggel, kezek fert\u0151tlen\u00edt\u00e9se! \u00a0* Janu\u00e1r 15-\u00e9n, p\u00e9nteken, Stuttgarti d\u00e9lut\u00e1n, 18 \u00f3rakor szentmise, el\u0151tte r\u00f3zsaf\u00fcz\u00e9rt im\u00e1dkozunk. \u00a0* Janu\u00e1r 16-\u00e1n, szombaton, Heidenheimban az\u00a0\u00d6kumenikus K\u00f6zpontban (Hans-Thoma Strasse 50.) 15.30 \u00f3rakor\u00a0szentmise. \u00a0* Janu\u00e1r 17-\u00e9n, \u00c9vk\u00f6zi 2. vas\u00e1rnap, Ludwigsburgban 9.30 \u00f3rakor szentmise, Stuttgartban 12.00 \u00f3rakor szentmise, Eislingenben 15.00 \u00f3rakor szentmise. \u00a0* Minden helyen mindenkit szeretettel v\u00e1r a k\u00f6z\u00f6ss\u00e9g \u00e9s Tibor atya! Bens\u0151s\u00e9ges \u00e9s kellemes \u00faj\u00e9vi napokat, j\u00f3 tal\u00e1lkoz\u00e1sokat \u00e9s sok \u00f6r\u00f6met k\u00edv\u00e1nok minden kedves H\u00edvemnek. * &#8222;Az ismeretlen id\u0151vel, esem\u00e9nyekkel, feladatokkal, sorssal \u00e1llunk szemben. Nem tudjuk, hogy a j\u00f6v\u0151\u030b k\u00f6d\u00e9ben elrejtett napok mit hoznak magukkal. (&#8230;) A f\u00f6ldi dolgok arculat\u00e1t a muland\u00f3s\u00e1g \u00fagy em\u00e9szti, mint moly a ruh\u00e1t \u00e9s rozsda a vasat. Az emberi v\u00e1llalkoz\u00e1sok is azt igazolj\u00e1k napro\u0301l-napra, amit m\u00e1r a kir\u00e1lyi zsolt\u00e1ros megtapasztalt: \u201eHa az U\u0301r nem \u00e9p\u00edti a h\u00e1zat, hi\u00e1ba f\u00e1radnak, akik \u00e9p\u00edtik azt.\u201d (Zsolt 126,1) Ez\u00e9rt mi vess\u00fck bizalmunkat az Istenbe, \u00e9s a jelenval\u00f3\u0301 gondokat az o\u030b mindenhat\u00f3\u0301 seg\u00edts\u00e9g\u00e9ben b\u00edzva vegy\u00fck magunkra hittel \u00e9s jo\u0301 rem\u00e9nys\u00e9ggel.&#8221; (M\u00e1rton \u00c1ron &#8211; \u00daj\u00e9vi k\u00f6rlev\u00e9l 1948)\" \/>\n<meta property=\"og:url\" content=\"https:\/\/stuttgarti-katolikusok.de\/index.php\/januar-11-es-17-kozott\/\" \/>\n<meta property=\"og:site_name\" content=\"Stuttgarti Katolikusok\" \/>\n<meta property=\"article:published_time\" content=\"2021-01-12T00:36:38+00:00\" \/>\n<meta property=\"article:modified_time\" content=\"2021-01-12T00:38:50+00:00\" \/>\n<meta property=\"og:image\" content=\"https:\/\/stuttgarti-katolikusok.de\/wp-content\/uploads\/2021\/01\/biberach.jpeg\" \/>\n\t<meta property=\"og:image:width\" content=\"1512\" \/>\n\t<meta property=\"og:image:height\" content=\"1168\" \/>\n\t<meta property=\"og:image:type\" content=\"image\/jpeg\" \/>\n<meta name=\"author\" content=\"Tibor atya\" \/>\n<meta name=\"twitter:card\" content=\"summary_large_image\" \/>\n<meta name=\"twitter:label1\" content=\"Szerz\u0151:\" \/>\n\t<meta name=\"twitter:data1\" content=\"Tibor atya\" \/>\n\t<meta name=\"twitter:label2\" content=\"Becs\u00fclt olvas\u00e1si id\u0151\" \/>\n\t<meta name=\"twitter:data2\" content=\"1 perc\" \/>\n<script type=\"application\/ld+json\" class=\"yoast-schema-graph\">{\"@context\":\"https:\\\/\\\/schema.org\",\"@graph\":[{\"@type\":\"Article\",\"@id\":\"https:\\\/\\\/stuttgarti-katolikusok.de\\\/index.php\\\/januar-11-es-17-kozott\\\/#article\",\"isPartOf\":{\"@id\":\"https:\\\/\\\/stuttgarti-katolikusok.de\\\/index.php\\\/januar-11-es-17-kozott\\\/\"},\"author\":{\"name\":\"Tibor atya\",\"@id\":\"https:\\\/\\\/stuttgarti-katolikusok.de\\\/#\\\/schema\\\/person\\\/75908d6f8fdc03a57889d27209df7795\"},\"headline\":\"2021 janu\u00e1r 11 \u00e9s 17 k\u00f6z\u00f6tt\",\"datePublished\":\"2021-01-12T00:36:38+00:00\",\"dateModified\":\"2021-01-12T00:38:50+00:00\",\"mainEntityOfPage\":{\"@id\":\"https:\\\/\\\/stuttgarti-katolikusok.de\\\/index.php\\\/januar-11-es-17-kozott\\\/\"},\"wordCount\":259,\"image\":{\"@id\":\"https:\\\/\\\/stuttgarti-katolikusok.de\\\/index.php\\\/januar-11-es-17-kozott\\\/#primaryimage\"},\"thumbnailUrl\":\"https:\\\/\\\/stuttgarti-katolikusok.de\\\/wp-content\\\/uploads\\\/2021\\\/01\\\/biberach.jpeg\",\"articleSection\":[\"Progamel\u0151zetes\"],\"inLanguage\":\"hu\"},{\"@type\":\"WebPage\",\"@id\":\"https:\\\/\\\/stuttgarti-katolikusok.de\\\/index.php\\\/januar-11-es-17-kozott\\\/\",\"url\":\"https:\\\/\\\/stuttgarti-katolikusok.de\\\/index.php\\\/januar-11-es-17-kozott\\\/\",\"name\":\"2021 janu\u00e1r 11 \u00e9s 17 k\u00f6z\u00f6tt - Stuttgarti Katolikusok\",\"isPartOf\":{\"@id\":\"https:\\\/\\\/stuttgarti-katolikusok.de\\\/#website\"},\"primaryImageOfPage\":{\"@id\":\"https:\\\/\\\/stuttgarti-katolikusok.de\\\/index.php\\\/januar-11-es-17-kozott\\\/#primaryimage\"},\"image\":{\"@id\":\"https:\\\/\\\/stuttgarti-katolikusok.de\\\/index.php\\\/januar-11-es-17-kozott\\\/#primaryimage\"},\"thumbnailUrl\":\"https:\\\/\\\/stuttgarti-katolikusok.de\\\/wp-content\\\/uploads\\\/2021\\\/01\\\/biberach.jpeg\",\"datePublished\":\"2021-01-12T00:36:38+00:00\",\"dateModified\":\"2021-01-12T00:38:50+00:00\",\"author\":{\"@id\":\"https:\\\/\\\/stuttgarti-katolikusok.de\\\/#\\\/schema\\\/person\\\/75908d6f8fdc03a57889d27209df7795\"},\"breadcrumb\":{\"@id\":\"https:\\\/\\\/stuttgarti-katolikusok.de\\\/index.php\\\/januar-11-es-17-kozott\\\/#breadcrumb\"},\"inLanguage\":\"hu\",\"potentialAction\":[{\"@type\":\"ReadAction\",\"target\":[\"https:\\\/\\\/stuttgarti-katolikusok.de\\\/index.php\\\/januar-11-es-17-kozott\\\/\"]}]},{\"@type\":\"ImageObject\",\"inLanguage\":\"hu\",\"@id\":\"https:\\\/\\\/stuttgarti-katolikusok.de\\\/index.php\\\/januar-11-es-17-kozott\\\/#primaryimage\",\"url\":\"https:\\\/\\\/stuttgarti-katolikusok.de\\\/wp-content\\\/uploads\\\/2021\\\/01\\\/biberach.jpeg\",\"contentUrl\":\"https:\\\/\\\/stuttgarti-katolikusok.de\\\/wp-content\\\/uploads\\\/2021\\\/01\\\/biberach.jpeg\",\"width\":1512,\"height\":1168},{\"@type\":\"BreadcrumbList\",\"@id\":\"https:\\\/\\\/stuttgarti-katolikusok.de\\\/index.php\\\/januar-11-es-17-kozott\\\/#breadcrumb\",\"itemListElement\":[{\"@type\":\"ListItem\",\"position\":1,\"name\":\"Kezd\u0151lap\",\"item\":\"https:\\\/\\\/stuttgarti-katolikusok.de\\\/\"},{\"@type\":\"ListItem\",\"position\":2,\"name\":\"2021 janu\u00e1r 11 \u00e9s 17 k\u00f6z\u00f6tt\"}]},{\"@type\":\"WebSite\",\"@id\":\"https:\\\/\\\/stuttgarti-katolikusok.de\\\/#website\",\"url\":\"https:\\\/\\\/stuttgarti-katolikusok.de\\\/\",\"name\":\"Stuttgarti Katolikusok\",\"description\":\"\",\"potentialAction\":[{\"@type\":\"SearchAction\",\"target\":{\"@type\":\"EntryPoint\",\"urlTemplate\":\"https:\\\/\\\/stuttgarti-katolikusok.de\\\/?s={search_term_string}\"},\"query-input\":{\"@type\":\"PropertyValueSpecification\",\"valueRequired\":true,\"valueName\":\"search_term_string\"}}],\"inLanguage\":\"hu\"},{\"@type\":\"Person\",\"@id\":\"https:\\\/\\\/stuttgarti-katolikusok.de\\\/#\\\/schema\\\/person\\\/75908d6f8fdc03a57889d27209df7795\",\"name\":\"Tibor atya\",\"image\":{\"@type\":\"ImageObject\",\"inLanguage\":\"hu\",\"@id\":\"https:\\\/\\\/secure.gravatar.com\\\/avatar\\\/61d268e57d1f4525b111222e29d2d5a7f8c420fdbf231ba5566a8ceac74fa960?s=96&d=mm&r=g\",\"url\":\"https:\\\/\\\/secure.gravatar.com\\\/avatar\\\/61d268e57d1f4525b111222e29d2d5a7f8c420fdbf231ba5566a8ceac74fa960?s=96&d=mm&r=g\",\"contentUrl\":\"https:\\\/\\\/secure.gravatar.com\\\/avatar\\\/61d268e57d1f4525b111222e29d2d5a7f8c420fdbf231ba5566a8ceac74fa960?s=96&d=mm&r=g\",\"caption\":\"Tibor atya\"},\"url\":\"https:\\\/\\\/stuttgarti-katolikusok.de\\\/index.php\\\/author\\\/tibor-atya\\\/\"}]}<\/script>\n<!-- \/ Yoast SEO plugin. -->","yoast_head_json":{"title":"2021 janu\u00e1r 11 \u00e9s 17 k\u00f6z\u00f6tt - Stuttgarti Katolikusok","robots":{"index":"index","follow":"follow","max-snippet":"max-snippet:-1","max-image-preview":"max-image-preview:large","max-video-preview":"max-video-preview:-1"},"canonical":"https:\/\/stuttgarti-katolikusok.de\/index.php\/januar-11-es-17-kozott\/","og_locale":"hu_HU","og_type":"article","og_title":"2021 janu\u00e1r 11 \u00e9s 17 k\u00f6z\u00f6tt - Stuttgarti Katolikusok","og_description":"Programel\u0151zetes A jelenlegi egyh\u00e1zi rendelkez\u00e9sek \u00e9rtelm\u00e9ben csak a szentmise \u00a0\u00a0tarthat\u00f3 meg. Szentmis\u00e9n k\u00f6telez\u0151 a maszk haszn\u00e1lata, jelenl\u00e9ti lista n\u00e9vvel \u00e9s el\u00e9rhet\u0151s\u00e9ggel, kezek fert\u0151tlen\u00edt\u00e9se! \u00a0* Janu\u00e1r 15-\u00e9n, p\u00e9nteken, Stuttgarti d\u00e9lut\u00e1n, 18 \u00f3rakor szentmise, el\u0151tte r\u00f3zsaf\u00fcz\u00e9rt im\u00e1dkozunk. \u00a0* Janu\u00e1r 16-\u00e1n, szombaton, Heidenheimban az\u00a0\u00d6kumenikus K\u00f6zpontban (Hans-Thoma Strasse 50.) 15.30 \u00f3rakor\u00a0szentmise. \u00a0* Janu\u00e1r 17-\u00e9n, \u00c9vk\u00f6zi 2. vas\u00e1rnap, Ludwigsburgban 9.30 \u00f3rakor szentmise, Stuttgartban 12.00 \u00f3rakor szentmise, Eislingenben 15.00 \u00f3rakor szentmise. \u00a0* Minden helyen mindenkit szeretettel v\u00e1r a k\u00f6z\u00f6ss\u00e9g \u00e9s Tibor atya! Bens\u0151s\u00e9ges \u00e9s kellemes \u00faj\u00e9vi napokat, j\u00f3 tal\u00e1lkoz\u00e1sokat \u00e9s sok \u00f6r\u00f6met k\u00edv\u00e1nok minden kedves H\u00edvemnek. * &#8222;Az ismeretlen id\u0151vel, esem\u00e9nyekkel, feladatokkal, sorssal \u00e1llunk szemben. Nem tudjuk, hogy a j\u00f6v\u0151\u030b k\u00f6d\u00e9ben elrejtett napok mit hoznak magukkal. (&#8230;) A f\u00f6ldi dolgok arculat\u00e1t a muland\u00f3s\u00e1g \u00fagy em\u00e9szti, mint moly a ruh\u00e1t \u00e9s rozsda a vasat. Az emberi v\u00e1llalkoz\u00e1sok is azt igazolj\u00e1k napro\u0301l-napra, amit m\u00e1r a kir\u00e1lyi zsolt\u00e1ros megtapasztalt: \u201eHa az U\u0301r nem \u00e9p\u00edti a h\u00e1zat, hi\u00e1ba f\u00e1radnak, akik \u00e9p\u00edtik azt.\u201d (Zsolt 126,1) Ez\u00e9rt mi vess\u00fck bizalmunkat az Istenbe, \u00e9s a jelenval\u00f3\u0301 gondokat az o\u030b mindenhat\u00f3\u0301 seg\u00edts\u00e9g\u00e9ben b\u00edzva vegy\u00fck magunkra hittel \u00e9s jo\u0301 rem\u00e9nys\u00e9ggel.&#8221; (M\u00e1rton \u00c1ron &#8211; \u00daj\u00e9vi k\u00f6rlev\u00e9l 1948)","og_url":"https:\/\/stuttgarti-katolikusok.de\/index.php\/januar-11-es-17-kozott\/","og_site_name":"Stuttgarti Katolikusok","article_published_time":"2021-01-12T00:36:38+00:00","article_modified_time":"2021-01-12T00:38:50+00:00","og_image":[{"width":1512,"height":1168,"url":"https:\/\/stuttgarti-katolikusok.de\/wp-content\/uploads\/2021\/01\/biberach.jpeg","type":"image\/jpeg"}],"author":"Tibor atya","twitter_card":"summary_large_image","twitter_misc":{"Szerz\u0151:":"Tibor atya","Becs\u00fclt olvas\u00e1si id\u0151":"1 perc"},"schema":{"@context":"https:\/\/schema.org","@graph":[{"@type":"Article","@id":"https:\/\/stuttgarti-katolikusok.de\/index.php\/januar-11-es-17-kozott\/#article","isPartOf":{"@id":"https:\/\/stuttgarti-katolikusok.de\/index.php\/januar-11-es-17-kozott\/"},"author":{"name":"Tibor atya","@id":"https:\/\/stuttgarti-katolikusok.de\/#\/schema\/person\/75908d6f8fdc03a57889d27209df7795"},"headline":"2021 janu\u00e1r 11 \u00e9s 17 k\u00f6z\u00f6tt","datePublished":"2021-01-12T00:36:38+00:00","dateModified":"2021-01-12T00:38:50+00:00","mainEntityOfPage":{"@id":"https:\/\/stuttgarti-katolikusok.de\/index.php\/januar-11-es-17-kozott\/"},"wordCount":259,"image":{"@id":"https:\/\/stuttgarti-katolikusok.de\/index.php\/januar-11-es-17-kozott\/#primaryimage"},"thumbnailUrl":"https:\/\/stuttgarti-katolikusok.de\/wp-content\/uploads\/2021\/01\/biberach.jpeg","articleSection":["Progamel\u0151zetes"],"inLanguage":"hu"},{"@type":"WebPage","@id":"https:\/\/stuttgarti-katolikusok.de\/index.php\/januar-11-es-17-kozott\/","url":"https:\/\/stuttgarti-katolikusok.de\/index.php\/januar-11-es-17-kozott\/","name":"2021 janu\u00e1r 11 \u00e9s 17 k\u00f6z\u00f6tt - Stuttgarti Katolikusok","isPartOf":{"@id":"https:\/\/stuttgarti-katolikusok.de\/#website"},"primaryImageOfPage":{"@id":"https:\/\/stuttgarti-katolikusok.de\/index.php\/januar-11-es-17-kozott\/#primaryimage"},"image":{"@id":"https:\/\/stuttgarti-katolikusok.de\/index.php\/januar-11-es-17-kozott\/#primaryimage"},"thumbnailUrl":"https:\/\/stuttgarti-katolikusok.de\/wp-content\/uploads\/2021\/01\/biberach.jpeg","datePublished":"2021-01-12T00:36:38+00:00","dateModified":"2021-01-12T00:38:50+00:00","author":{"@id":"https:\/\/stuttgarti-katolikusok.de\/#\/schema\/person\/75908d6f8fdc03a57889d27209df7795"},"breadcrumb":{"@id":"https:\/\/stuttgarti-katolikusok.de\/index.php\/januar-11-es-17-kozott\/#breadcrumb"},"inLanguage":"hu","potentialAction":[{"@type":"ReadAction","target":["https:\/\/stuttgarti-katolikusok.de\/index.php\/januar-11-es-17-kozott\/"]}]},{"@type":"ImageObject","inLanguage":"hu","@id":"https:\/\/stuttgarti-katolikusok.de\/index.php\/januar-11-es-17-kozott\/#primaryimage","url":"https:\/\/stuttgarti-katolikusok.de\/wp-content\/uploads\/2021\/01\/biberach.jpeg","contentUrl":"https:\/\/stuttgarti-katolikusok.de\/wp-content\/uploads\/2021\/01\/biberach.jpeg","width":1512,"height":1168},{"@type":"BreadcrumbList","@id":"https:\/\/stuttgarti-katolikusok.de\/index.php\/januar-11-es-17-kozott\/#breadcrumb","itemListElement":[{"@type":"ListItem","position":1,"name":"Kezd\u0151lap","item":"https:\/\/stuttgarti-katolikusok.de\/"},{"@type":"ListItem","position":2,"name":"2021 janu\u00e1r 11 \u00e9s 17 k\u00f6z\u00f6tt"}]},{"@type":"WebSite","@id":"https:\/\/stuttgarti-katolikusok.de\/#website","url":"https:\/\/stuttgarti-katolikusok.de\/","name":"Stuttgarti Katolikusok","description":"","potentialAction":[{"@type":"SearchAction","target":{"@type":"EntryPoint","urlTemplate":"https:\/\/stuttgarti-katolikusok.de\/?s={search_term_string}"},"query-input":{"@type":"PropertyValueSpecification","valueRequired":true,"valueName":"search_term_string"}}],"inLanguage":"hu"},{"@type":"Person","@id":"https:\/\/stuttgarti-katolikusok.de\/#\/schema\/person\/75908d6f8fdc03a57889d27209df7795","name":"Tibor atya","image":{"@type":"ImageObject","inLanguage":"hu","@id":"https:\/\/secure.gravatar.com\/avatar\/61d268e57d1f4525b111222e29d2d5a7f8c420fdbf231ba5566a8ceac74fa960?s=96&d=mm&r=g","url":"https:\/\/secure.gravatar.com\/avatar\/61d268e57d1f4525b111222e29d2d5a7f8c420fdbf231ba5566a8ceac74fa960?s=96&d=mm&r=g","contentUrl":"https:\/\/secure.gravatar.com\/avatar\/61d268e57d1f4525b111222e29d2d5a7f8c420fdbf231ba5566a8ceac74fa960?s=96&d=mm&r=g","caption":"Tibor atya"},"url":"https:\/\/stuttgarti-katolikusok.de\/index.php\/author\/tibor-atya\/"}]}},"_links":{"self":[{"href":"https:\/\/stuttgarti-katolikusok.de\/index.php\/wp-json\/wp\/v2\/posts\/20977","targetHints":{"allow":["GET"]}}],"collection":[{"href":"https:\/\/stuttgarti-katolikusok.de\/index.php\/wp-json\/wp\/v2\/posts"}],"about":[{"href":"https:\/\/stuttgarti-katolikusok.de\/index.php\/wp-json\/wp\/v2\/types\/post"}],"author":[{"embeddable":true,"href":"https:\/\/stuttgarti-katolikusok.de\/index.php\/wp-json\/wp\/v2\/users\/3"}],"replies":[{"embeddable":true,"href":"https:\/\/stuttgarti-katolikusok.de\/index.php\/wp-json\/wp\/v2\/comments?post=20977"}],"version-history":[{"count":3,"href":"https:\/\/stuttgarti-katolikusok.de\/index.php\/wp-json\/wp\/v2\/posts\/20977\/revisions"}],"predecessor-version":[{"id":20985,"href":"https:\/\/stuttgarti-katolikusok.de\/index.php\/wp-json\/wp\/v2\/posts\/20977\/revisions\/20985"}],"wp:featuredmedia":[{"embeddable":true,"href":"https:\/\/stuttgarti-katolikusok.de\/index.php\/wp-json\/wp\/v2\/media\/20978"}],"wp:attachment":[{"href":"https:\/\/stuttgarti-katolikusok.de\/index.php\/wp-json\/wp\/v2\/media?parent=20977"}],"wp:term":[{"taxonomy":"category","embeddable":true,"href":"https:\/\/stuttgarti-katolikusok.de\/index.php\/wp-json\/wp\/v2\/categories?post=20977"},{"taxonomy":"post_tag","embeddable":true,"href":"https:\/\/stuttgarti-katolikusok.de\/index.php\/wp-json\/wp\/v2\/tags?post=20977"}],"curies":[{"name":"wp","href":"https:\/\/api.w.org\/{rel}","templated":true}]}}