{"id":20824,"date":"2020-12-21T22:57:33","date_gmt":"2020-12-21T22:57:33","guid":{"rendered":"https:\/\/gracious-dewdney.138-201-221-2.plesk.page\/?p=20824"},"modified":"2020-12-28T19:06:40","modified_gmt":"2020-12-28T19:06:40","slug":"2020-december-21-es-2021-januar-3-kozott","status":"publish","type":"post","link":"https:\/\/stuttgarti-katolikusok.de\/index.php\/2020-december-21-es-2021-januar-3-kozott\/","title":{"rendered":"2020 december 21 \u00e9s 2021 janu\u00e1r 3 k\u00f6z\u00f6tt"},"content":{"rendered":"<p><span style=\"color: #ff9900;\"><strong>Programel\u0151zetes<\/strong><\/span><\/p>\n<p><span style=\"color: #ff9900;\"><em>A jelenlegi egyh\u00e1zi rendelkez\u00e9sek \u00e9rtelm\u00e9ben csak szentmise tarthat\u00f3!\u00a0\u00a0 <\/em><\/span><\/p>\n<p><span style=\"color: #ff9900;\"><em>Szentmis\u00e9n k\u00f6telez\u0151 a maszk haszn\u00e1lata, jelenl\u00e9ti lista n\u00e9vvel \u00e9s el\u00e9rhet\u0151s\u00e9ggel, kezek fert\u0151tlen\u00edt\u00e9se!<\/em><\/span><\/p>\n<p style=\"text-align: center;\"><em>\u00a0<\/em><strong>*<\/strong><\/p>\n<p><strong>December 24-\u00e9n,\u00a0<\/strong>cs\u00fct\u00f6rt\u00f6k,\u00a0<em>Szenteste,<\/em><\/p>\n<p><strong>Stuttgartban <\/strong>17.00 \u00f3rakor <em>Kar\u00e1csonyi istentisztelet<\/em> <em>(Christmette),<\/em><\/p>\n<p>19.00 \u00f3rakor <em>\u00c9jf\u00e9li szentmise,<\/em><\/p>\n<p><strong>Weingartenben<\/strong>\u00a019.00 \u00f3r\u00e1t\u00f3l a Heilig Geist Kirche-ben\u00a0<em>\u00c9jf\u00e9li szentmise.<\/em><\/p>\n<p style=\"text-align: center;\"><em>\u00a0<\/em><em>*<\/em><\/p>\n<p><strong>December 25-\u00e9n,\u00a0<\/strong>p\u00e9ntek,\u00a0<em>Kar\u00e1csony \u00fcnnepe,<\/em><\/p>\n<p><strong>B\u00f6blingenben<\/strong>, 9.30 \u00f3rakor\u00a0<em>\u00fcnnepi szentmise<\/em>,<\/p>\n<p><strong>Weingartenben\u00a0<\/strong>11.00 \u00f3rakor a Marienkirche-ben\u00a0<em>\u00fcnnepi szentmise,<\/em><\/p>\n<p><strong>Stuttgartban\u00a0<\/strong>12.00 \u00f3rakor\u00a0<em>\u00fcnnepi szentmise,<\/em><\/p>\n<p><strong>Ulmban<\/strong>\u00a015.00 \u00f3rakor\u00a0<em>\u00fcnnepi szentmise,<\/em><\/p>\n<p><strong>Stuttgartban\u00a0<\/strong>18.00 \u00f3rakor\u00a0<em>\u00fcnnepi szentmise.<\/em><\/p>\n<p style=\"text-align: center;\"><em>\u00a0<\/em><em>*<\/em><\/p>\n<p><strong>December 26-\u00e1n<\/strong>, szombat,\u00a0<em>Kar\u00e1csony 2. napja,<\/em><\/p>\n<p><strong>Schw\u00e4bisch-Gm\u00fcndben\u00a0<\/strong>9.30 \u00f3rakor\u00a0<em>\u00fcnnepi szentmise<\/em>,<\/p>\n<p><strong>Stuttgartban\u00a0<\/strong>12.00 \u00f3rakor\u00a0<em>\u00fcnnepi szentmise,<\/em><\/p>\n<p><strong>Ulmban <\/strong>15.00 \u00f3rakor <em>\u00fcnnepi szentmise.<\/em><\/p>\n<p style=\"text-align: center;\"><em>*<\/em><\/p>\n<p><strong>December 27-\u00e9n, <\/strong>vas\u00e1rnap, <em>\u00a0Kar\u00e1csony 3. napja \u2013 Szent Csal\u00e1d \u00fcnnepe<\/em><\/p>\n<p><strong>Biberachban<\/strong> 10.00 \u00f3rakor <em>\u00fcnnepi szentmise,<\/em><\/p>\n<p><strong>Eislingenben <\/strong>15.00 \u00f3rakor <em>\u00fcnnepi szentmise,<\/em><\/p>\n<p><strong>Stuttgartban <\/strong>18.00 \u00f3rakor <em>\u00fcnnepi szentmise.<\/em><strong> \u00a0<\/strong><\/p>\n<p style=\"text-align: center;\"><strong>*\u00a0<\/strong><\/p>\n<p><strong>December 31-\u00e9n<\/strong>, cs\u00fct\u00f6rt\u00f6k\u00f6n,\u00a0<em>Szilveszter \u00fcnnep\u00e9n,<\/em><\/p>\n<p><strong>Weingartenben<\/strong>\u00a015.00 \u00f3rakor\u00a0<em>\u00e9vv\u00e9gi h\u00e1laad\u00f3 szentmise<\/em>\u00a0a 14 Nothelfer Kapelle-ben,<\/p>\n<p><strong>Stuttgartban\u00a0<\/strong>18.00 \u00f3rakor \u00e9<em>vv\u00e9gi h\u00e1laad\u00f3 szentmise<\/em>.<\/p>\n<p style=\"text-align: center;\"><strong>*<\/strong><\/p>\n<p><strong>2021. <\/strong><strong>janu\u00e1r 1-j\u00e9n, <\/strong>p\u00e9nteken, Sz\u0171z M\u00e1ria, Isten anyja f\u0151\u00fcnnep,<\/p>\n<p><strong>Stuttgartban <\/strong>12.00 \u00f3rakor <em>\u00fcnnepi szentmise.<\/em><\/p>\n<p style=\"text-align: center;\"><em>\u00a0<\/em><em>*\u00a0<\/em><\/p>\n<p style=\"text-align: left;\"><strong>2021. <\/strong><strong>janu\u00e1r 2-\u00e1n<\/strong>,\u00a0szombaton,<\/p>\n<p><strong>Balingenben<\/strong><strong>\u00a0<\/strong>16.00 \u00f3rakor <em>szentmise<\/em>.<\/p>\n<p style=\"text-align: center;\">*<\/p>\n<p><strong>2021. j<\/strong><strong>anu\u00e1r 3-\u00e1n,\u00a0<\/strong>vas\u00e1rnap, Urunk megkeresztelked\u00e9s\u00e9nek \u00fcnnepe,<\/p>\n<p><strong>Schw\u00e4bisch-Gm\u00fcndben\u00a0<\/strong>9.30. \u00f3rakor<strong>\u00a0<\/strong><em>szentmise<\/em>,<\/p>\n<p><strong>Stuttgartban<\/strong>\u00a015.00 \u00f3rakor\u00a0<em>szentmise<\/em>.<\/p>\n<p style=\"text-align: center;\"><strong>\u00a0 \u00a0 \u00a0 \u00a0 \u00a0 \u00a0*<\/strong><\/p>\n<p>Minden helyen mindenkit szeretettel v\u00e1r a k\u00f6z\u00f6ss\u00e9g, Imre atya \u00e9s Tibor atya!<\/p>\n<p><a href=\"https:\/\/stuttgarti-katolikusok.de\/wp-content\/uploads\/2020\/12\/eislingen.jpeg\"><img loading=\"lazy\" decoding=\"async\" class=\"alignnone size-full wp-image-20826\" src=\"https:\/\/stuttgarti-katolikusok.de\/wp-content\/uploads\/2020\/12\/eislingen.jpeg\" alt=\"\" width=\"1245\" height=\"931\" srcset=\"https:\/\/stuttgarti-katolikusok.de\/wp-content\/uploads\/2020\/12\/eislingen.jpeg 1245w, https:\/\/stuttgarti-katolikusok.de\/wp-content\/uploads\/2020\/12\/eislingen-300x224.jpeg 300w, https:\/\/stuttgarti-katolikusok.de\/wp-content\/uploads\/2020\/12\/eislingen-1024x766.jpeg 1024w, https:\/\/stuttgarti-katolikusok.de\/wp-content\/uploads\/2020\/12\/eislingen-164x124.jpeg 164w\" sizes=\"auto, (max-width: 1245px) 100vw, 1245px\" \/><\/a><\/p>\n<p><span style=\"color: #ff6600;\">Juh\u00e1sz Gyula: Kar\u00e1csony fel\u00e9<\/span><\/p>\n<p><span style=\"color: #ff6600;\">Sz\u00e9p T\u00fcnd\u00e9rorsz\u00e1g t\u00e1mad f\u00f6l sz\u00edvemben<\/span><br \/>\n<span style=\"color: #ff6600;\">Ilyenkor decemberben.<\/span><br \/>\n<span style=\"color: #ff6600;\">A szeretetnek csillag\u00e1ra n\u00e9zek,<\/span><br \/>\n<span style=\"color: #ff6600;\">Megsz\u00e1ll egy titkos, gy\u00f6ny\u00f6r\u0171 ig\u00e9zet,<\/span><br \/>\n<span style=\"color: #ff6600;\">Ilyenkor decemberben.<\/span><\/p>\n<p><span style=\"color: #ff6600;\">\u2026Bizalmas sz\u00edvvel j\u00e1rom a vil\u00e1got,<\/span><br \/>\n<span style=\"color: #ff6600;\">S amit az \u00e9let v\u00e1gott,<\/span><br \/>\n<span style=\"color: #ff6600;\">Behegesztem a sebet a sz\u00edvemben,<\/span><br \/>\n<span style=\"color: #ff6600;\">\u00c9s hiszek \u00fajra \u00e9gi szeretetben,<\/span><br \/>\n<span style=\"color: #ff6600;\">Ilyenkor decemberben.<\/span><\/p>\n<p><span style=\"color: #ff6600;\">\u2026\u00c9s valahol csak k\u00e9tked\u0151 besz\u00e9det<\/span><br \/>\n<span style=\"color: #ff6600;\">Hallok, szomor\u00fan n\u00e9zek,<\/span><br \/>\n<span style=\"color: #ff6600;\">A kis J\u00e9zuska itt van a k\u00f6zelben,<\/span><br \/>\n<span style=\"color: #ff6600;\">Legy\u00fcnk h\u00e1t jobbak, s higgy\u00fcnk rend\u00fcletlen,<\/span><br \/>\n<span style=\"color: #ff6600;\">S ne csak \u00edgy decemberben.<\/span><\/p>\n<p style=\"text-align: center;\"><span style=\"color: #ff6600;\">*<\/span><\/p>\n<p><span style=\"color: #ff9900;\"><em>\u201eNem szabad hagyni, hogy az \u00fcnnepb\u0151l kikopjon a l\u00e9nyeg, az arra jellemz\u0151 miszt\u00e9rium, amikor a sz\u00fcrke h\u00e9tk\u00f6znapokb\u00f3l valami olyan bels\u0151 dimenzi\u00f3ba ker\u00fcl\u00fcnk, ahol mindannyian ugyanannak a szents\u00e9gnek r\u00e9szesei\u00e9v\u00e9 v\u00e1lunk. Ha ilyen nincsen, akkor nagyon kifakul, materializ\u00e1l\u00f3dik, elsz\u00fcrk\u00fcl a kar\u00e1csony:\u201d<\/em><\/span> (Bagdy Em\u0151ke \u2013 klinikai szakpszichol\u00f3gus \u2013 1941-)<\/p>\n<p style=\"text-align: center;\"><strong>*<\/strong><\/p>\n<p><em>Szeretetteljes Kar\u00e1csonyt, \u00e9s \u00e1ldott, b\u00e9k\u00e9s, boldog, rem\u00e9nyteli \u00faj \u00e9vet k\u00edv\u00e1nok minden kedves H\u00edvemnek!<\/em><\/p>\n<p><em>Lelkip\u00e1sztori szeretettel,<\/em><\/p>\n<p><em>Tibor atya<\/em><\/p>\n<p><em>Stuttgart, 2020 Kar\u00e1csony\u00e1n<\/em><\/p>\n","protected":false},"excerpt":{"rendered":"<p>Programel\u0151zetes A jelenlegi egyh\u00e1zi rendelkez\u00e9sek \u00e9rtelm\u00e9ben csak szentmise tarthat\u00f3!\u00a0\u00a0 Szentmis\u00e9n k\u00f6telez\u0151 a maszk haszn\u00e1lata, jelenl\u00e9ti lista n\u00e9vvel \u00e9s el\u00e9rhet\u0151s\u00e9ggel, kezek fert\u0151tlen\u00edt\u00e9se! \u00a0* December 24-\u00e9n,\u00a0cs\u00fct\u00f6rt\u00f6k,\u00a0Szenteste, Stuttgartban 17.00 \u00f3rakor Kar\u00e1csonyi istentisztelet (Christmette), 19.00 \u00f3rakor \u00c9jf\u00e9li szentmise, Weingartenben\u00a019.00 \u00f3r\u00e1t\u00f3l a Heilig Geist Kirche-ben\u00a0\u00c9jf\u00e9li szentmise. \u00a0* December 25-\u00e9n,\u00a0p\u00e9ntek,\u00a0Kar\u00e1csony \u00fcnnepe, B\u00f6blingenben, 9.30 \u00f3rakor\u00a0\u00fcnnepi szentmise, Weingartenben\u00a011.00 \u00f3rakor a Marienkirche-ben\u00a0\u00fcnnepi szentmise, Stuttgartban\u00a012.00 \u00f3rakor\u00a0\u00fcnnepi szentmise, Ulmban\u00a015.00 \u00f3rakor\u00a0\u00fcnnepi szentmise, Stuttgartban\u00a018.00 \u00f3rakor\u00a0\u00fcnnepi szentmise. \u00a0* December 26-\u00e1n, szombat,\u00a0Kar\u00e1csony 2. napja, Schw\u00e4bisch-Gm\u00fcndben\u00a09.30 \u00f3rakor\u00a0\u00fcnnepi szentmise, Stuttgartban\u00a012.00 \u00f3rakor\u00a0\u00fcnnepi szentmise, Ulmban 15.00 \u00f3rakor \u00fcnnepi szentmise. * December 27-\u00e9n, vas\u00e1rnap, \u00a0Kar\u00e1csony 3. napja \u2013 Szent Csal\u00e1d \u00fcnnepe Biberachban 10.00 \u00f3rakor \u00fcnnepi szentmise, Eislingenben 15.00 \u00f3rakor \u00fcnnepi szentmise, Stuttgartban 18.00 \u00f3rakor \u00fcnnepi szentmise. \u00a0 *\u00a0 December 31-\u00e9n, cs\u00fct\u00f6rt\u00f6k\u00f6n,\u00a0Szilveszter \u00fcnnep\u00e9n, Weingartenben\u00a015.00 \u00f3rakor\u00a0\u00e9vv\u00e9gi h\u00e1laad\u00f3 szentmise\u00a0a 14 Nothelfer Kapelle-ben, Stuttgartban\u00a018.00 \u00f3rakor \u00e9vv\u00e9gi h\u00e1laad\u00f3 szentmise. * 2021. janu\u00e1r 1-j\u00e9n, p\u00e9nteken, Sz\u0171z M\u00e1ria, Isten anyja f\u0151\u00fcnnep, Stuttgartban 12.00 \u00f3rakor \u00fcnnepi szentmise. \u00a0*\u00a0 2021. janu\u00e1r 2-\u00e1n,\u00a0szombaton, Balingenben\u00a016.00 \u00f3rakor szentmise. * 2021. janu\u00e1r 3-\u00e1n,\u00a0vas\u00e1rnap, Urunk megkeresztelked\u00e9s\u00e9nek \u00fcnnepe, Schw\u00e4bisch-Gm\u00fcndben\u00a09.30. \u00f3rakor\u00a0szentmise, Stuttgartban\u00a015.00 \u00f3rakor\u00a0szentmise. \u00a0 \u00a0 \u00a0 \u00a0 \u00a0 \u00a0* Minden helyen mindenkit szeretettel v\u00e1r a k\u00f6z\u00f6ss\u00e9g, Imre atya \u00e9s Tibor atya! Juh\u00e1sz Gyula: Kar\u00e1csony fel\u00e9 Sz\u00e9p T\u00fcnd\u00e9rorsz\u00e1g t\u00e1mad f\u00f6l sz\u00edvemben Ilyenkor decemberben. A szeretetnek csillag\u00e1ra n\u00e9zek, Megsz\u00e1ll egy titkos, gy\u00f6ny\u00f6r\u0171 ig\u00e9zet, Ilyenkor decemberben. \u2026Bizalmas sz\u00edvvel j\u00e1rom a vil\u00e1got, S amit az \u00e9let v\u00e1gott, Behegesztem a sebet a sz\u00edvemben, \u00c9s hiszek \u00fajra \u00e9gi szeretetben, Ilyenkor decemberben. \u2026\u00c9s valahol csak k\u00e9tked\u0151 besz\u00e9det Hallok, szomor\u00fan n\u00e9zek, A kis J\u00e9zuska itt van a k\u00f6zelben, Legy\u00fcnk h\u00e1t jobbak, s higgy\u00fcnk rend\u00fcletlen, S ne csak \u00edgy decemberben. * \u201eNem szabad hagyni, hogy az \u00fcnnepb\u0151l kikopjon a l\u00e9nyeg, az arra jellemz\u0151 miszt\u00e9rium, amikor a sz\u00fcrke h\u00e9tk\u00f6znapokb\u00f3l valami olyan bels\u0151 dimenzi\u00f3ba ker\u00fcl\u00fcnk, ahol mindannyian ugyanannak a szents\u00e9gnek r\u00e9szesei\u00e9v\u00e9 v\u00e1lunk. Ha ilyen nincsen, akkor nagyon kifakul, materializ\u00e1l\u00f3dik, elsz\u00fcrk\u00fcl a kar\u00e1csony:\u201d (Bagdy Em\u0151ke \u2013 klinikai szakpszichol\u00f3gus \u2013 1941-) * Szeretetteljes Kar\u00e1csonyt, \u00e9s \u00e1ldott, b\u00e9k\u00e9s, boldog, rem\u00e9nyteli&#8230; <\/p>\n<p><a class=\"readmore\" href=\"https:\/\/stuttgarti-katolikusok.de\/index.php\/2020-december-21-es-2021-januar-3-kozott\/\">R\u00e9szletek<\/a><\/p>\n","protected":false},"author":3,"featured_media":20825,"comment_status":"closed","ping_status":"closed","sticky":false,"template":"","format":"standard","meta":{"footnotes":""},"categories":[37],"tags":[],"class_list":["post-20824","post","type-post","status-publish","format-standard","has-post-thumbnail","hentry","category-progamelozetes"],"yoast_head":"<!-- This site is optimized with the Yoast SEO plugin v27.3 - https:\/\/yoast.com\/product\/yoast-seo-wordpress\/ -->\n<title>2020 december 21 \u00e9s 2021 janu\u00e1r 3 k\u00f6z\u00f6tt - Stuttgarti Katolikusok<\/title>\n<meta name=\"robots\" content=\"index, follow, max-snippet:-1, max-image-preview:large, max-video-preview:-1\" \/>\n<link rel=\"canonical\" href=\"https:\/\/stuttgarti-katolikusok.de\/index.php\/2020-december-21-es-2021-januar-3-kozott\/\" \/>\n<meta property=\"og:locale\" content=\"hu_HU\" \/>\n<meta property=\"og:type\" content=\"article\" \/>\n<meta property=\"og:title\" content=\"2020 december 21 \u00e9s 2021 janu\u00e1r 3 k\u00f6z\u00f6tt - Stuttgarti Katolikusok\" \/>\n<meta property=\"og:description\" content=\"Programel\u0151zetes A jelenlegi egyh\u00e1zi rendelkez\u00e9sek \u00e9rtelm\u00e9ben csak szentmise tarthat\u00f3!\u00a0\u00a0 Szentmis\u00e9n k\u00f6telez\u0151 a maszk haszn\u00e1lata, jelenl\u00e9ti lista n\u00e9vvel \u00e9s el\u00e9rhet\u0151s\u00e9ggel, kezek fert\u0151tlen\u00edt\u00e9se! \u00a0* December 24-\u00e9n,\u00a0cs\u00fct\u00f6rt\u00f6k,\u00a0Szenteste, Stuttgartban 17.00 \u00f3rakor Kar\u00e1csonyi istentisztelet (Christmette), 19.00 \u00f3rakor \u00c9jf\u00e9li szentmise, Weingartenben\u00a019.00 \u00f3r\u00e1t\u00f3l a Heilig Geist Kirche-ben\u00a0\u00c9jf\u00e9li szentmise. \u00a0* December 25-\u00e9n,\u00a0p\u00e9ntek,\u00a0Kar\u00e1csony \u00fcnnepe, B\u00f6blingenben, 9.30 \u00f3rakor\u00a0\u00fcnnepi szentmise, Weingartenben\u00a011.00 \u00f3rakor a Marienkirche-ben\u00a0\u00fcnnepi szentmise, Stuttgartban\u00a012.00 \u00f3rakor\u00a0\u00fcnnepi szentmise, Ulmban\u00a015.00 \u00f3rakor\u00a0\u00fcnnepi szentmise, Stuttgartban\u00a018.00 \u00f3rakor\u00a0\u00fcnnepi szentmise. \u00a0* December 26-\u00e1n, szombat,\u00a0Kar\u00e1csony 2. napja, Schw\u00e4bisch-Gm\u00fcndben\u00a09.30 \u00f3rakor\u00a0\u00fcnnepi szentmise, Stuttgartban\u00a012.00 \u00f3rakor\u00a0\u00fcnnepi szentmise, Ulmban 15.00 \u00f3rakor \u00fcnnepi szentmise. * December 27-\u00e9n, vas\u00e1rnap, \u00a0Kar\u00e1csony 3. napja \u2013 Szent Csal\u00e1d \u00fcnnepe Biberachban 10.00 \u00f3rakor \u00fcnnepi szentmise, Eislingenben 15.00 \u00f3rakor \u00fcnnepi szentmise, Stuttgartban 18.00 \u00f3rakor \u00fcnnepi szentmise. \u00a0 *\u00a0 December 31-\u00e9n, cs\u00fct\u00f6rt\u00f6k\u00f6n,\u00a0Szilveszter \u00fcnnep\u00e9n, Weingartenben\u00a015.00 \u00f3rakor\u00a0\u00e9vv\u00e9gi h\u00e1laad\u00f3 szentmise\u00a0a 14 Nothelfer Kapelle-ben, Stuttgartban\u00a018.00 \u00f3rakor \u00e9vv\u00e9gi h\u00e1laad\u00f3 szentmise. * 2021. janu\u00e1r 1-j\u00e9n, p\u00e9nteken, Sz\u0171z M\u00e1ria, Isten anyja f\u0151\u00fcnnep, Stuttgartban 12.00 \u00f3rakor \u00fcnnepi szentmise. \u00a0*\u00a0 2021. janu\u00e1r 2-\u00e1n,\u00a0szombaton, Balingenben\u00a016.00 \u00f3rakor szentmise. * 2021. janu\u00e1r 3-\u00e1n,\u00a0vas\u00e1rnap, Urunk megkeresztelked\u00e9s\u00e9nek \u00fcnnepe, Schw\u00e4bisch-Gm\u00fcndben\u00a09.30. \u00f3rakor\u00a0szentmise, Stuttgartban\u00a015.00 \u00f3rakor\u00a0szentmise. \u00a0 \u00a0 \u00a0 \u00a0 \u00a0 \u00a0* Minden helyen mindenkit szeretettel v\u00e1r a k\u00f6z\u00f6ss\u00e9g, Imre atya \u00e9s Tibor atya! Juh\u00e1sz Gyula: Kar\u00e1csony fel\u00e9 Sz\u00e9p T\u00fcnd\u00e9rorsz\u00e1g t\u00e1mad f\u00f6l sz\u00edvemben Ilyenkor decemberben. A szeretetnek csillag\u00e1ra n\u00e9zek, Megsz\u00e1ll egy titkos, gy\u00f6ny\u00f6r\u0171 ig\u00e9zet, Ilyenkor decemberben. \u2026Bizalmas sz\u00edvvel j\u00e1rom a vil\u00e1got, S amit az \u00e9let v\u00e1gott, Behegesztem a sebet a sz\u00edvemben, \u00c9s hiszek \u00fajra \u00e9gi szeretetben, Ilyenkor decemberben. \u2026\u00c9s valahol csak k\u00e9tked\u0151 besz\u00e9det Hallok, szomor\u00fan n\u00e9zek, A kis J\u00e9zuska itt van a k\u00f6zelben, Legy\u00fcnk h\u00e1t jobbak, s higgy\u00fcnk rend\u00fcletlen, S ne csak \u00edgy decemberben. * \u201eNem szabad hagyni, hogy az \u00fcnnepb\u0151l kikopjon a l\u00e9nyeg, az arra jellemz\u0151 miszt\u00e9rium, amikor a sz\u00fcrke h\u00e9tk\u00f6znapokb\u00f3l valami olyan bels\u0151 dimenzi\u00f3ba ker\u00fcl\u00fcnk, ahol mindannyian ugyanannak a szents\u00e9gnek r\u00e9szesei\u00e9v\u00e9 v\u00e1lunk. Ha ilyen nincsen, akkor nagyon kifakul, materializ\u00e1l\u00f3dik, elsz\u00fcrk\u00fcl a kar\u00e1csony:\u201d (Bagdy Em\u0151ke \u2013 klinikai szakpszichol\u00f3gus \u2013 1941-) * Szeretetteljes Kar\u00e1csonyt, \u00e9s \u00e1ldott, b\u00e9k\u00e9s, boldog, rem\u00e9nyteli... R\u00e9szletek\" \/>\n<meta property=\"og:url\" content=\"https:\/\/stuttgarti-katolikusok.de\/index.php\/2020-december-21-es-2021-januar-3-kozott\/\" \/>\n<meta property=\"og:site_name\" content=\"Stuttgarti Katolikusok\" \/>\n<meta property=\"article:published_time\" content=\"2020-12-21T22:57:33+00:00\" \/>\n<meta property=\"article:modified_time\" content=\"2020-12-28T19:06:40+00:00\" \/>\n<meta property=\"og:image\" content=\"https:\/\/stuttgarti-katolikusok.de\/wp-content\/uploads\/2020\/12\/betlehemludwigsburg.jpeg\" \/>\n\t<meta property=\"og:image:width\" content=\"1510\" \/>\n\t<meta property=\"og:image:height\" content=\"1038\" \/>\n\t<meta property=\"og:image:type\" content=\"image\/jpeg\" \/>\n<meta name=\"author\" content=\"Tibor atya\" \/>\n<meta name=\"twitter:card\" content=\"summary_large_image\" \/>\n<meta name=\"twitter:label1\" content=\"Szerz\u0151:\" \/>\n\t<meta name=\"twitter:data1\" content=\"Tibor atya\" \/>\n\t<meta name=\"twitter:label2\" content=\"Becs\u00fclt olvas\u00e1si id\u0151\" \/>\n\t<meta name=\"twitter:data2\" content=\"2 perc\" \/>\n<script type=\"application\/ld+json\" class=\"yoast-schema-graph\">{\"@context\":\"https:\\\/\\\/schema.org\",\"@graph\":[{\"@type\":\"Article\",\"@id\":\"https:\\\/\\\/stuttgarti-katolikusok.de\\\/index.php\\\/2020-december-21-es-2021-januar-3-kozott\\\/#article\",\"isPartOf\":{\"@id\":\"https:\\\/\\\/stuttgarti-katolikusok.de\\\/index.php\\\/2020-december-21-es-2021-januar-3-kozott\\\/\"},\"author\":{\"name\":\"Tibor atya\",\"@id\":\"https:\\\/\\\/stuttgarti-katolikusok.de\\\/#\\\/schema\\\/person\\\/75908d6f8fdc03a57889d27209df7795\"},\"headline\":\"2020 december 21 \u00e9s 2021 janu\u00e1r 3 k\u00f6z\u00f6tt\",\"datePublished\":\"2020-12-21T22:57:33+00:00\",\"dateModified\":\"2020-12-28T19:06:40+00:00\",\"mainEntityOfPage\":{\"@id\":\"https:\\\/\\\/stuttgarti-katolikusok.de\\\/index.php\\\/2020-december-21-es-2021-januar-3-kozott\\\/\"},\"wordCount\":432,\"image\":{\"@id\":\"https:\\\/\\\/stuttgarti-katolikusok.de\\\/index.php\\\/2020-december-21-es-2021-januar-3-kozott\\\/#primaryimage\"},\"thumbnailUrl\":\"https:\\\/\\\/stuttgarti-katolikusok.de\\\/wp-content\\\/uploads\\\/2020\\\/12\\\/betlehemludwigsburg.jpeg\",\"articleSection\":[\"Progamel\u0151zetes\"],\"inLanguage\":\"hu\"},{\"@type\":\"WebPage\",\"@id\":\"https:\\\/\\\/stuttgarti-katolikusok.de\\\/index.php\\\/2020-december-21-es-2021-januar-3-kozott\\\/\",\"url\":\"https:\\\/\\\/stuttgarti-katolikusok.de\\\/index.php\\\/2020-december-21-es-2021-januar-3-kozott\\\/\",\"name\":\"2020 december 21 \u00e9s 2021 janu\u00e1r 3 k\u00f6z\u00f6tt - Stuttgarti Katolikusok\",\"isPartOf\":{\"@id\":\"https:\\\/\\\/stuttgarti-katolikusok.de\\\/#website\"},\"primaryImageOfPage\":{\"@id\":\"https:\\\/\\\/stuttgarti-katolikusok.de\\\/index.php\\\/2020-december-21-es-2021-januar-3-kozott\\\/#primaryimage\"},\"image\":{\"@id\":\"https:\\\/\\\/stuttgarti-katolikusok.de\\\/index.php\\\/2020-december-21-es-2021-januar-3-kozott\\\/#primaryimage\"},\"thumbnailUrl\":\"https:\\\/\\\/stuttgarti-katolikusok.de\\\/wp-content\\\/uploads\\\/2020\\\/12\\\/betlehemludwigsburg.jpeg\",\"datePublished\":\"2020-12-21T22:57:33+00:00\",\"dateModified\":\"2020-12-28T19:06:40+00:00\",\"author\":{\"@id\":\"https:\\\/\\\/stuttgarti-katolikusok.de\\\/#\\\/schema\\\/person\\\/75908d6f8fdc03a57889d27209df7795\"},\"breadcrumb\":{\"@id\":\"https:\\\/\\\/stuttgarti-katolikusok.de\\\/index.php\\\/2020-december-21-es-2021-januar-3-kozott\\\/#breadcrumb\"},\"inLanguage\":\"hu\",\"potentialAction\":[{\"@type\":\"ReadAction\",\"target\":[\"https:\\\/\\\/stuttgarti-katolikusok.de\\\/index.php\\\/2020-december-21-es-2021-januar-3-kozott\\\/\"]}]},{\"@type\":\"ImageObject\",\"inLanguage\":\"hu\",\"@id\":\"https:\\\/\\\/stuttgarti-katolikusok.de\\\/index.php\\\/2020-december-21-es-2021-januar-3-kozott\\\/#primaryimage\",\"url\":\"https:\\\/\\\/stuttgarti-katolikusok.de\\\/wp-content\\\/uploads\\\/2020\\\/12\\\/betlehemludwigsburg.jpeg\",\"contentUrl\":\"https:\\\/\\\/stuttgarti-katolikusok.de\\\/wp-content\\\/uploads\\\/2020\\\/12\\\/betlehemludwigsburg.jpeg\",\"width\":1510,\"height\":1038},{\"@type\":\"BreadcrumbList\",\"@id\":\"https:\\\/\\\/stuttgarti-katolikusok.de\\\/index.php\\\/2020-december-21-es-2021-januar-3-kozott\\\/#breadcrumb\",\"itemListElement\":[{\"@type\":\"ListItem\",\"position\":1,\"name\":\"Kezd\u0151lap\",\"item\":\"https:\\\/\\\/stuttgarti-katolikusok.de\\\/\"},{\"@type\":\"ListItem\",\"position\":2,\"name\":\"2020 december 21 \u00e9s 2021 janu\u00e1r 3 k\u00f6z\u00f6tt\"}]},{\"@type\":\"WebSite\",\"@id\":\"https:\\\/\\\/stuttgarti-katolikusok.de\\\/#website\",\"url\":\"https:\\\/\\\/stuttgarti-katolikusok.de\\\/\",\"name\":\"Stuttgarti Katolikusok\",\"description\":\"\",\"potentialAction\":[{\"@type\":\"SearchAction\",\"target\":{\"@type\":\"EntryPoint\",\"urlTemplate\":\"https:\\\/\\\/stuttgarti-katolikusok.de\\\/?s={search_term_string}\"},\"query-input\":{\"@type\":\"PropertyValueSpecification\",\"valueRequired\":true,\"valueName\":\"search_term_string\"}}],\"inLanguage\":\"hu\"},{\"@type\":\"Person\",\"@id\":\"https:\\\/\\\/stuttgarti-katolikusok.de\\\/#\\\/schema\\\/person\\\/75908d6f8fdc03a57889d27209df7795\",\"name\":\"Tibor atya\",\"image\":{\"@type\":\"ImageObject\",\"inLanguage\":\"hu\",\"@id\":\"https:\\\/\\\/secure.gravatar.com\\\/avatar\\\/61d268e57d1f4525b111222e29d2d5a7f8c420fdbf231ba5566a8ceac74fa960?s=96&d=mm&r=g\",\"url\":\"https:\\\/\\\/secure.gravatar.com\\\/avatar\\\/61d268e57d1f4525b111222e29d2d5a7f8c420fdbf231ba5566a8ceac74fa960?s=96&d=mm&r=g\",\"contentUrl\":\"https:\\\/\\\/secure.gravatar.com\\\/avatar\\\/61d268e57d1f4525b111222e29d2d5a7f8c420fdbf231ba5566a8ceac74fa960?s=96&d=mm&r=g\",\"caption\":\"Tibor atya\"},\"url\":\"https:\\\/\\\/stuttgarti-katolikusok.de\\\/index.php\\\/author\\\/tibor-atya\\\/\"}]}<\/script>\n<!-- \/ Yoast SEO plugin. -->","yoast_head_json":{"title":"2020 december 21 \u00e9s 2021 janu\u00e1r 3 k\u00f6z\u00f6tt - Stuttgarti Katolikusok","robots":{"index":"index","follow":"follow","max-snippet":"max-snippet:-1","max-image-preview":"max-image-preview:large","max-video-preview":"max-video-preview:-1"},"canonical":"https:\/\/stuttgarti-katolikusok.de\/index.php\/2020-december-21-es-2021-januar-3-kozott\/","og_locale":"hu_HU","og_type":"article","og_title":"2020 december 21 \u00e9s 2021 janu\u00e1r 3 k\u00f6z\u00f6tt - Stuttgarti Katolikusok","og_description":"Programel\u0151zetes A jelenlegi egyh\u00e1zi rendelkez\u00e9sek \u00e9rtelm\u00e9ben csak szentmise tarthat\u00f3!\u00a0\u00a0 Szentmis\u00e9n k\u00f6telez\u0151 a maszk haszn\u00e1lata, jelenl\u00e9ti lista n\u00e9vvel \u00e9s el\u00e9rhet\u0151s\u00e9ggel, kezek fert\u0151tlen\u00edt\u00e9se! \u00a0* December 24-\u00e9n,\u00a0cs\u00fct\u00f6rt\u00f6k,\u00a0Szenteste, Stuttgartban 17.00 \u00f3rakor Kar\u00e1csonyi istentisztelet (Christmette), 19.00 \u00f3rakor \u00c9jf\u00e9li szentmise, Weingartenben\u00a019.00 \u00f3r\u00e1t\u00f3l a Heilig Geist Kirche-ben\u00a0\u00c9jf\u00e9li szentmise. \u00a0* December 25-\u00e9n,\u00a0p\u00e9ntek,\u00a0Kar\u00e1csony \u00fcnnepe, B\u00f6blingenben, 9.30 \u00f3rakor\u00a0\u00fcnnepi szentmise, Weingartenben\u00a011.00 \u00f3rakor a Marienkirche-ben\u00a0\u00fcnnepi szentmise, Stuttgartban\u00a012.00 \u00f3rakor\u00a0\u00fcnnepi szentmise, Ulmban\u00a015.00 \u00f3rakor\u00a0\u00fcnnepi szentmise, Stuttgartban\u00a018.00 \u00f3rakor\u00a0\u00fcnnepi szentmise. \u00a0* December 26-\u00e1n, szombat,\u00a0Kar\u00e1csony 2. napja, Schw\u00e4bisch-Gm\u00fcndben\u00a09.30 \u00f3rakor\u00a0\u00fcnnepi szentmise, Stuttgartban\u00a012.00 \u00f3rakor\u00a0\u00fcnnepi szentmise, Ulmban 15.00 \u00f3rakor \u00fcnnepi szentmise. * December 27-\u00e9n, vas\u00e1rnap, \u00a0Kar\u00e1csony 3. napja \u2013 Szent Csal\u00e1d \u00fcnnepe Biberachban 10.00 \u00f3rakor \u00fcnnepi szentmise, Eislingenben 15.00 \u00f3rakor \u00fcnnepi szentmise, Stuttgartban 18.00 \u00f3rakor \u00fcnnepi szentmise. \u00a0 *\u00a0 December 31-\u00e9n, cs\u00fct\u00f6rt\u00f6k\u00f6n,\u00a0Szilveszter \u00fcnnep\u00e9n, Weingartenben\u00a015.00 \u00f3rakor\u00a0\u00e9vv\u00e9gi h\u00e1laad\u00f3 szentmise\u00a0a 14 Nothelfer Kapelle-ben, Stuttgartban\u00a018.00 \u00f3rakor \u00e9vv\u00e9gi h\u00e1laad\u00f3 szentmise. * 2021. janu\u00e1r 1-j\u00e9n, p\u00e9nteken, Sz\u0171z M\u00e1ria, Isten anyja f\u0151\u00fcnnep, Stuttgartban 12.00 \u00f3rakor \u00fcnnepi szentmise. \u00a0*\u00a0 2021. janu\u00e1r 2-\u00e1n,\u00a0szombaton, Balingenben\u00a016.00 \u00f3rakor szentmise. * 2021. janu\u00e1r 3-\u00e1n,\u00a0vas\u00e1rnap, Urunk megkeresztelked\u00e9s\u00e9nek \u00fcnnepe, Schw\u00e4bisch-Gm\u00fcndben\u00a09.30. \u00f3rakor\u00a0szentmise, Stuttgartban\u00a015.00 \u00f3rakor\u00a0szentmise. \u00a0 \u00a0 \u00a0 \u00a0 \u00a0 \u00a0* Minden helyen mindenkit szeretettel v\u00e1r a k\u00f6z\u00f6ss\u00e9g, Imre atya \u00e9s Tibor atya! Juh\u00e1sz Gyula: Kar\u00e1csony fel\u00e9 Sz\u00e9p T\u00fcnd\u00e9rorsz\u00e1g t\u00e1mad f\u00f6l sz\u00edvemben Ilyenkor decemberben. A szeretetnek csillag\u00e1ra n\u00e9zek, Megsz\u00e1ll egy titkos, gy\u00f6ny\u00f6r\u0171 ig\u00e9zet, Ilyenkor decemberben. \u2026Bizalmas sz\u00edvvel j\u00e1rom a vil\u00e1got, S amit az \u00e9let v\u00e1gott, Behegesztem a sebet a sz\u00edvemben, \u00c9s hiszek \u00fajra \u00e9gi szeretetben, Ilyenkor decemberben. \u2026\u00c9s valahol csak k\u00e9tked\u0151 besz\u00e9det Hallok, szomor\u00fan n\u00e9zek, A kis J\u00e9zuska itt van a k\u00f6zelben, Legy\u00fcnk h\u00e1t jobbak, s higgy\u00fcnk rend\u00fcletlen, S ne csak \u00edgy decemberben. * \u201eNem szabad hagyni, hogy az \u00fcnnepb\u0151l kikopjon a l\u00e9nyeg, az arra jellemz\u0151 miszt\u00e9rium, amikor a sz\u00fcrke h\u00e9tk\u00f6znapokb\u00f3l valami olyan bels\u0151 dimenzi\u00f3ba ker\u00fcl\u00fcnk, ahol mindannyian ugyanannak a szents\u00e9gnek r\u00e9szesei\u00e9v\u00e9 v\u00e1lunk. Ha ilyen nincsen, akkor nagyon kifakul, materializ\u00e1l\u00f3dik, elsz\u00fcrk\u00fcl a kar\u00e1csony:\u201d (Bagdy Em\u0151ke \u2013 klinikai szakpszichol\u00f3gus \u2013 1941-) * Szeretetteljes Kar\u00e1csonyt, \u00e9s \u00e1ldott, b\u00e9k\u00e9s, boldog, rem\u00e9nyteli... R\u00e9szletek","og_url":"https:\/\/stuttgarti-katolikusok.de\/index.php\/2020-december-21-es-2021-januar-3-kozott\/","og_site_name":"Stuttgarti Katolikusok","article_published_time":"2020-12-21T22:57:33+00:00","article_modified_time":"2020-12-28T19:06:40+00:00","og_image":[{"width":1510,"height":1038,"url":"https:\/\/stuttgarti-katolikusok.de\/wp-content\/uploads\/2020\/12\/betlehemludwigsburg.jpeg","type":"image\/jpeg"}],"author":"Tibor atya","twitter_card":"summary_large_image","twitter_misc":{"Szerz\u0151:":"Tibor atya","Becs\u00fclt olvas\u00e1si id\u0151":"2 perc"},"schema":{"@context":"https:\/\/schema.org","@graph":[{"@type":"Article","@id":"https:\/\/stuttgarti-katolikusok.de\/index.php\/2020-december-21-es-2021-januar-3-kozott\/#article","isPartOf":{"@id":"https:\/\/stuttgarti-katolikusok.de\/index.php\/2020-december-21-es-2021-januar-3-kozott\/"},"author":{"name":"Tibor atya","@id":"https:\/\/stuttgarti-katolikusok.de\/#\/schema\/person\/75908d6f8fdc03a57889d27209df7795"},"headline":"2020 december 21 \u00e9s 2021 janu\u00e1r 3 k\u00f6z\u00f6tt","datePublished":"2020-12-21T22:57:33+00:00","dateModified":"2020-12-28T19:06:40+00:00","mainEntityOfPage":{"@id":"https:\/\/stuttgarti-katolikusok.de\/index.php\/2020-december-21-es-2021-januar-3-kozott\/"},"wordCount":432,"image":{"@id":"https:\/\/stuttgarti-katolikusok.de\/index.php\/2020-december-21-es-2021-januar-3-kozott\/#primaryimage"},"thumbnailUrl":"https:\/\/stuttgarti-katolikusok.de\/wp-content\/uploads\/2020\/12\/betlehemludwigsburg.jpeg","articleSection":["Progamel\u0151zetes"],"inLanguage":"hu"},{"@type":"WebPage","@id":"https:\/\/stuttgarti-katolikusok.de\/index.php\/2020-december-21-es-2021-januar-3-kozott\/","url":"https:\/\/stuttgarti-katolikusok.de\/index.php\/2020-december-21-es-2021-januar-3-kozott\/","name":"2020 december 21 \u00e9s 2021 janu\u00e1r 3 k\u00f6z\u00f6tt - Stuttgarti Katolikusok","isPartOf":{"@id":"https:\/\/stuttgarti-katolikusok.de\/#website"},"primaryImageOfPage":{"@id":"https:\/\/stuttgarti-katolikusok.de\/index.php\/2020-december-21-es-2021-januar-3-kozott\/#primaryimage"},"image":{"@id":"https:\/\/stuttgarti-katolikusok.de\/index.php\/2020-december-21-es-2021-januar-3-kozott\/#primaryimage"},"thumbnailUrl":"https:\/\/stuttgarti-katolikusok.de\/wp-content\/uploads\/2020\/12\/betlehemludwigsburg.jpeg","datePublished":"2020-12-21T22:57:33+00:00","dateModified":"2020-12-28T19:06:40+00:00","author":{"@id":"https:\/\/stuttgarti-katolikusok.de\/#\/schema\/person\/75908d6f8fdc03a57889d27209df7795"},"breadcrumb":{"@id":"https:\/\/stuttgarti-katolikusok.de\/index.php\/2020-december-21-es-2021-januar-3-kozott\/#breadcrumb"},"inLanguage":"hu","potentialAction":[{"@type":"ReadAction","target":["https:\/\/stuttgarti-katolikusok.de\/index.php\/2020-december-21-es-2021-januar-3-kozott\/"]}]},{"@type":"ImageObject","inLanguage":"hu","@id":"https:\/\/stuttgarti-katolikusok.de\/index.php\/2020-december-21-es-2021-januar-3-kozott\/#primaryimage","url":"https:\/\/stuttgarti-katolikusok.de\/wp-content\/uploads\/2020\/12\/betlehemludwigsburg.jpeg","contentUrl":"https:\/\/stuttgarti-katolikusok.de\/wp-content\/uploads\/2020\/12\/betlehemludwigsburg.jpeg","width":1510,"height":1038},{"@type":"BreadcrumbList","@id":"https:\/\/stuttgarti-katolikusok.de\/index.php\/2020-december-21-es-2021-januar-3-kozott\/#breadcrumb","itemListElement":[{"@type":"ListItem","position":1,"name":"Kezd\u0151lap","item":"https:\/\/stuttgarti-katolikusok.de\/"},{"@type":"ListItem","position":2,"name":"2020 december 21 \u00e9s 2021 janu\u00e1r 3 k\u00f6z\u00f6tt"}]},{"@type":"WebSite","@id":"https:\/\/stuttgarti-katolikusok.de\/#website","url":"https:\/\/stuttgarti-katolikusok.de\/","name":"Stuttgarti Katolikusok","description":"","potentialAction":[{"@type":"SearchAction","target":{"@type":"EntryPoint","urlTemplate":"https:\/\/stuttgarti-katolikusok.de\/?s={search_term_string}"},"query-input":{"@type":"PropertyValueSpecification","valueRequired":true,"valueName":"search_term_string"}}],"inLanguage":"hu"},{"@type":"Person","@id":"https:\/\/stuttgarti-katolikusok.de\/#\/schema\/person\/75908d6f8fdc03a57889d27209df7795","name":"Tibor atya","image":{"@type":"ImageObject","inLanguage":"hu","@id":"https:\/\/secure.gravatar.com\/avatar\/61d268e57d1f4525b111222e29d2d5a7f8c420fdbf231ba5566a8ceac74fa960?s=96&d=mm&r=g","url":"https:\/\/secure.gravatar.com\/avatar\/61d268e57d1f4525b111222e29d2d5a7f8c420fdbf231ba5566a8ceac74fa960?s=96&d=mm&r=g","contentUrl":"https:\/\/secure.gravatar.com\/avatar\/61d268e57d1f4525b111222e29d2d5a7f8c420fdbf231ba5566a8ceac74fa960?s=96&d=mm&r=g","caption":"Tibor atya"},"url":"https:\/\/stuttgarti-katolikusok.de\/index.php\/author\/tibor-atya\/"}]}},"_links":{"self":[{"href":"https:\/\/stuttgarti-katolikusok.de\/index.php\/wp-json\/wp\/v2\/posts\/20824","targetHints":{"allow":["GET"]}}],"collection":[{"href":"https:\/\/stuttgarti-katolikusok.de\/index.php\/wp-json\/wp\/v2\/posts"}],"about":[{"href":"https:\/\/stuttgarti-katolikusok.de\/index.php\/wp-json\/wp\/v2\/types\/post"}],"author":[{"embeddable":true,"href":"https:\/\/stuttgarti-katolikusok.de\/index.php\/wp-json\/wp\/v2\/users\/3"}],"replies":[{"embeddable":true,"href":"https:\/\/stuttgarti-katolikusok.de\/index.php\/wp-json\/wp\/v2\/comments?post=20824"}],"version-history":[{"count":4,"href":"https:\/\/stuttgarti-katolikusok.de\/index.php\/wp-json\/wp\/v2\/posts\/20824\/revisions"}],"predecessor-version":[{"id":20893,"href":"https:\/\/stuttgarti-katolikusok.de\/index.php\/wp-json\/wp\/v2\/posts\/20824\/revisions\/20893"}],"wp:featuredmedia":[{"embeddable":true,"href":"https:\/\/stuttgarti-katolikusok.de\/index.php\/wp-json\/wp\/v2\/media\/20825"}],"wp:attachment":[{"href":"https:\/\/stuttgarti-katolikusok.de\/index.php\/wp-json\/wp\/v2\/media?parent=20824"}],"wp:term":[{"taxonomy":"category","embeddable":true,"href":"https:\/\/stuttgarti-katolikusok.de\/index.php\/wp-json\/wp\/v2\/categories?post=20824"},{"taxonomy":"post_tag","embeddable":true,"href":"https:\/\/stuttgarti-katolikusok.de\/index.php\/wp-json\/wp\/v2\/tags?post=20824"}],"curies":[{"name":"wp","href":"https:\/\/api.w.org\/{rel}","templated":true}]}}