{"id":20728,"date":"2020-12-14T19:41:25","date_gmt":"2020-12-14T19:41:25","guid":{"rendered":"https:\/\/gracious-dewdney.138-201-221-2.plesk.page\/?p=20728"},"modified":"2020-12-15T10:37:10","modified_gmt":"2020-12-15T10:37:10","slug":"december-14-es-20-kozott","status":"publish","type":"post","link":"https:\/\/stuttgarti-katolikusok.de\/index.php\/december-14-es-20-kozott\/","title":{"rendered":"December 14 \u00e9s 20 k\u00f6z\u00f6tt"},"content":{"rendered":"<p><span style=\"color: #800080;\"><strong>Programel\u0151zetes <\/strong><\/span><\/p>\n<p><span style=\"color: #800080;\"><em>A jelenlegi egyh\u00e1zi rendelkez\u00e9sek \u00e9rtelm\u00e9ben a szentmise ut\u00e1ni \u00e1g\u00e1p\u00e9 elmarad!\u00a0\u00a0 <\/em><\/span><\/p>\n<p><span style=\"color: #800080;\"><em>Szentmis\u00e9n k\u00f6telez\u0151 a maszk haszn\u00e1lata, jelenl\u00e9ti lista n\u00e9vvel \u00e9s el\u00e9rhet\u0151s\u00e9ggel, kezek fert\u0151tlen\u00edt\u00e9se!<\/em><\/span><\/p>\n<p style=\"text-align: center;\"><span style=\"color: #800080;\"><strong>*<\/strong><\/span><\/p>\n<p><strong>December 17-\u00e9n<\/strong>, cs\u00fct\u00f6rt\u00f6k\u00f6n, <strong>Ulmi d\u00e9lut\u00e1n<\/strong>. 18.00 \u00f3rakor <em>szentmise, <\/em>el\u0151tte <em>r\u00f3zsaf\u00fcz\u00e9rt im\u00e1dkozunk<\/em>.<\/p>\n<p style=\"text-align: center;\"><strong>\u00a0<\/strong><span style=\"color: #800080;\"><strong>*<\/strong><\/span><\/p>\n<p><strong>December 18-\u00e1n,<\/strong>\u00a0p\u00e9nteken, <strong>Stuttgartban <\/strong><\/p>\n<p>8.00 \u00f3rakor\u00a0<em>r\u00f3r\u00e1t\u00e9-szentmise,<\/em><\/p>\n<p>17.00 \u00f3rakor\u00a0<em>kar\u00e1csonyfa \u00e1ll\u00edt\u00e1s.<\/em><\/p>\n<p style=\"text-align: center;\"><span style=\"color: #800080;\"><em><strong>*<\/strong><\/em><\/span><\/p>\n<p><em><strong>December 19-\u00e9n, <\/strong><\/em><em>szombaton, <\/em><\/p>\n<p><em><strong>Weingartenben <\/strong><\/em><em>a <\/em><em>14 Nothelfer Kapelle-<\/em><em>ben 7.00 \u00f3rakor <\/em><em>r\u00f3r\u00e1t\u00e9-szentmise.<\/em><\/p>\n<p><em><strong>Heidenheimban <\/strong><\/em><em>15.30 \u00f3rakor <\/em><em>szentmise.<\/em><\/p>\n<p style=\"text-align: center;\"><span style=\"color: #800080;\">*<\/span><\/p>\n<p><em><strong>December 20-\u00e1n,<\/strong><\/em> <span style=\"color: #800080;\"><em>Advent IV. vas\u00e1rnapj\u00e1n<\/em><\/span><em>,<\/em><em style=\"color: #800080; text-align: center;\">\u00a0<\/em><\/p>\n<p><em><strong>Ludwigsburgban <\/strong><\/em><em>9.30 \u00f3rakor <\/em><em>szentmise<\/em><em>, keret\u00e9ben 4<\/em><em>. adventi gyertya meggy\u00fajt\u00e1sa.<\/em><\/p>\n<p><em><strong>Stuttgartban <\/strong><\/em><em>12.00 \u00f3rakor szentmise, keret\u00e9ben 4. <\/em><em>adventi gyertya meggy\u00fajt\u00e1sa. <\/em><em>Szentmise ut\u00e1n <\/em><em>Cserk\u00e9sz-advent.<\/em><\/p>\n<p><em><strong>Eislingenben<\/strong><\/em><em> 15.00 \u00f3rakor<\/em><em> szentmise, <\/em><em>keret\u00e9ben <\/em><em>4. adventi gyertya meggy\u00fajt\u00e1sa. \u00a0<\/em><em>Szentmise ut\u00e1n <\/em><em>Cserk\u00e9sz-advent.<\/em><\/p>\n<p style=\"text-align: center;\"><span style=\"color: #800080;\"><em>\u00a0<\/em><em>*<\/em><\/span><\/p>\n<p><em>\u00a0<\/em>Minden helyen mindenkit szeretettel v\u00e1r a k\u00f6z\u00f6ss\u00e9g \u00e9s Tibor atya!<\/p>\n<p><a href=\"https:\/\/stuttgarti-katolikusok.de\/wp-content\/uploads\/2020\/12\/advent3.jpg\"><img loading=\"lazy\" decoding=\"async\" class=\"alignnone size-full wp-image-20729\" src=\"https:\/\/stuttgarti-katolikusok.de\/wp-content\/uploads\/2020\/12\/advent3.jpg\" alt=\"\" width=\"640\" height=\"405\" srcset=\"https:\/\/stuttgarti-katolikusok.de\/wp-content\/uploads\/2020\/12\/advent3.jpg 640w, https:\/\/stuttgarti-katolikusok.de\/wp-content\/uploads\/2020\/12\/advent3-300x190.jpg 300w\" sizes=\"auto, (max-width: 640px) 100vw, 640px\" \/><\/a><\/p>\n<p><em><strong>Bens\u0151s\u00e9ges adventi napokat, j\u00f3 tal\u00e1lkoz\u00e1sokat \u00e9s sok \u00f6r\u00f6met k\u00edv\u00e1nunk minden Kedves H\u00edv\u00fcnknek!<\/strong><\/em><\/p>\n<p style=\"text-align: center;\"><span style=\"color: #800080;\"><em><strong>*<\/strong><\/em><\/span><\/p>\n<p><span style=\"color: #800080;\"><em>\u201eN\u00e9ha azt hiszem, a szeretetre v\u00e1rok. Val\u00f3sz\u00edn<\/em><em>\u0171<\/em><em>leg csillap\u00edthatatlan ez az \u00e9hs\u00e9g: aki egyszer belek\u00f3stolt, holt\u00e1ig \u00edzlelni szeretn\u00e9. K\u00f6zben m\u00e1r megtudtam, hogy szeretetet kapni nem lehet; mindig csak adni kell, ez a m\u00f3dja. Megtudtam azt is, hogy semmi nem nehezebb, mint a szeretetet kifejezni.\u201d <\/em><\/span><em>(M\u00e1rai S\u00e1ndor \u2013 1900-1989, \u00edr\u00f3, k\u00f6lt<\/em><em>\u0151)<\/em><\/p>\n<p><span style=\"color: #ccffcc;\"><em>(K\u00e9p forr\u00e1sa: Pixabay.com)<\/em><\/span><\/p>\n","protected":false},"excerpt":{"rendered":"<p>Programel\u0151zetes A jelenlegi egyh\u00e1zi rendelkez\u00e9sek \u00e9rtelm\u00e9ben a szentmise ut\u00e1ni \u00e1g\u00e1p\u00e9 elmarad!\u00a0\u00a0 Szentmis\u00e9n k\u00f6telez\u0151 a maszk haszn\u00e1lata, jelenl\u00e9ti lista n\u00e9vvel \u00e9s el\u00e9rhet\u0151s\u00e9ggel, kezek fert\u0151tlen\u00edt\u00e9se! * December 17-\u00e9n, cs\u00fct\u00f6rt\u00f6k\u00f6n, Ulmi d\u00e9lut\u00e1n. 18.00 \u00f3rakor szentmise, el\u0151tte r\u00f3zsaf\u00fcz\u00e9rt im\u00e1dkozunk. \u00a0* December 18-\u00e1n,\u00a0p\u00e9nteken, Stuttgartban 8.00 \u00f3rakor\u00a0r\u00f3r\u00e1t\u00e9-szentmise, 17.00 \u00f3rakor\u00a0kar\u00e1csonyfa \u00e1ll\u00edt\u00e1s. * December 19-\u00e9n, szombaton, Weingartenben a 14 Nothelfer Kapelle-ben 7.00 \u00f3rakor r\u00f3r\u00e1t\u00e9-szentmise. Heidenheimban 15.30 \u00f3rakor szentmise. * December 20-\u00e1n, Advent IV. vas\u00e1rnapj\u00e1n,\u00a0 Ludwigsburgban 9.30 \u00f3rakor szentmise, keret\u00e9ben 4. adventi gyertya meggy\u00fajt\u00e1sa. Stuttgartban 12.00 \u00f3rakor szentmise, keret\u00e9ben 4. adventi gyertya meggy\u00fajt\u00e1sa. Szentmise ut\u00e1n Cserk\u00e9sz-advent. Eislingenben 15.00 \u00f3rakor szentmise, keret\u00e9ben 4. adventi gyertya meggy\u00fajt\u00e1sa. \u00a0Szentmise ut\u00e1n Cserk\u00e9sz-advent. \u00a0* \u00a0Minden helyen mindenkit szeretettel v\u00e1r a k\u00f6z\u00f6ss\u00e9g \u00e9s Tibor atya! Bens\u0151s\u00e9ges adventi napokat, j\u00f3 tal\u00e1lkoz\u00e1sokat \u00e9s sok \u00f6r\u00f6met k\u00edv\u00e1nunk minden Kedves H\u00edv\u00fcnknek! * \u201eN\u00e9ha azt hiszem, a szeretetre v\u00e1rok. Val\u00f3sz\u00edn\u0171leg csillap\u00edthatatlan ez az \u00e9hs\u00e9g: aki egyszer belek\u00f3stolt, holt\u00e1ig \u00edzlelni szeretn\u00e9. K\u00f6zben m\u00e1r megtudtam, hogy szeretetet kapni nem lehet; mindig csak adni kell, ez a m\u00f3dja. Megtudtam azt is, hogy semmi nem nehezebb, mint a szeretetet kifejezni.\u201d (M\u00e1rai S\u00e1ndor \u2013 1900-1989, \u00edr\u00f3, k\u00f6lt\u0151) (K\u00e9p forr\u00e1sa: Pixabay.com)<\/p>\n","protected":false},"author":3,"featured_media":20730,"comment_status":"closed","ping_status":"closed","sticky":false,"template":"","format":"standard","meta":{"footnotes":""},"categories":[37],"tags":[],"class_list":["post-20728","post","type-post","status-publish","format-standard","has-post-thumbnail","hentry","category-progamelozetes"],"yoast_head":"<!-- This site is optimized with the Yoast SEO plugin v27.3 - https:\/\/yoast.com\/product\/yoast-seo-wordpress\/ -->\n<title>December 14 \u00e9s 20 k\u00f6z\u00f6tt - Stuttgarti Katolikusok<\/title>\n<meta name=\"robots\" content=\"index, follow, max-snippet:-1, max-image-preview:large, max-video-preview:-1\" \/>\n<link rel=\"canonical\" href=\"https:\/\/stuttgarti-katolikusok.de\/index.php\/december-14-es-20-kozott\/\" \/>\n<meta property=\"og:locale\" content=\"hu_HU\" \/>\n<meta property=\"og:type\" content=\"article\" \/>\n<meta property=\"og:title\" content=\"December 14 \u00e9s 20 k\u00f6z\u00f6tt - Stuttgarti Katolikusok\" \/>\n<meta property=\"og:description\" content=\"Programel\u0151zetes A jelenlegi egyh\u00e1zi rendelkez\u00e9sek \u00e9rtelm\u00e9ben a szentmise ut\u00e1ni \u00e1g\u00e1p\u00e9 elmarad!\u00a0\u00a0 Szentmis\u00e9n k\u00f6telez\u0151 a maszk haszn\u00e1lata, jelenl\u00e9ti lista n\u00e9vvel \u00e9s el\u00e9rhet\u0151s\u00e9ggel, kezek fert\u0151tlen\u00edt\u00e9se! * December 17-\u00e9n, cs\u00fct\u00f6rt\u00f6k\u00f6n, Ulmi d\u00e9lut\u00e1n. 18.00 \u00f3rakor szentmise, el\u0151tte r\u00f3zsaf\u00fcz\u00e9rt im\u00e1dkozunk. \u00a0* December 18-\u00e1n,\u00a0p\u00e9nteken, Stuttgartban 8.00 \u00f3rakor\u00a0r\u00f3r\u00e1t\u00e9-szentmise, 17.00 \u00f3rakor\u00a0kar\u00e1csonyfa \u00e1ll\u00edt\u00e1s. * December 19-\u00e9n, szombaton, Weingartenben a 14 Nothelfer Kapelle-ben 7.00 \u00f3rakor r\u00f3r\u00e1t\u00e9-szentmise. Heidenheimban 15.30 \u00f3rakor szentmise. * December 20-\u00e1n, Advent IV. vas\u00e1rnapj\u00e1n,\u00a0 Ludwigsburgban 9.30 \u00f3rakor szentmise, keret\u00e9ben 4. adventi gyertya meggy\u00fajt\u00e1sa. Stuttgartban 12.00 \u00f3rakor szentmise, keret\u00e9ben 4. adventi gyertya meggy\u00fajt\u00e1sa. Szentmise ut\u00e1n Cserk\u00e9sz-advent. Eislingenben 15.00 \u00f3rakor szentmise, keret\u00e9ben 4. adventi gyertya meggy\u00fajt\u00e1sa. \u00a0Szentmise ut\u00e1n Cserk\u00e9sz-advent. \u00a0* \u00a0Minden helyen mindenkit szeretettel v\u00e1r a k\u00f6z\u00f6ss\u00e9g \u00e9s Tibor atya! Bens\u0151s\u00e9ges adventi napokat, j\u00f3 tal\u00e1lkoz\u00e1sokat \u00e9s sok \u00f6r\u00f6met k\u00edv\u00e1nunk minden Kedves H\u00edv\u00fcnknek! * \u201eN\u00e9ha azt hiszem, a szeretetre v\u00e1rok. Val\u00f3sz\u00edn\u0171leg csillap\u00edthatatlan ez az \u00e9hs\u00e9g: aki egyszer belek\u00f3stolt, holt\u00e1ig \u00edzlelni szeretn\u00e9. K\u00f6zben m\u00e1r megtudtam, hogy szeretetet kapni nem lehet; mindig csak adni kell, ez a m\u00f3dja. Megtudtam azt is, hogy semmi nem nehezebb, mint a szeretetet kifejezni.\u201d (M\u00e1rai S\u00e1ndor \u2013 1900-1989, \u00edr\u00f3, k\u00f6lt\u0151) (K\u00e9p forr\u00e1sa: Pixabay.com)\" \/>\n<meta property=\"og:url\" content=\"https:\/\/stuttgarti-katolikusok.de\/index.php\/december-14-es-20-kozott\/\" \/>\n<meta property=\"og:site_name\" content=\"Stuttgarti Katolikusok\" \/>\n<meta property=\"article:published_time\" content=\"2020-12-14T19:41:25+00:00\" \/>\n<meta property=\"article:modified_time\" content=\"2020-12-15T10:37:10+00:00\" \/>\n<meta property=\"og:image\" content=\"https:\/\/stuttgarti-katolikusok.de\/wp-content\/uploads\/2020\/12\/ajandek.jpg\" \/>\n\t<meta property=\"og:image:width\" content=\"640\" \/>\n\t<meta property=\"og:image:height\" content=\"355\" \/>\n\t<meta property=\"og:image:type\" content=\"image\/jpeg\" \/>\n<meta name=\"author\" content=\"Tibor atya\" \/>\n<meta name=\"twitter:card\" content=\"summary_large_image\" \/>\n<meta name=\"twitter:label1\" content=\"Szerz\u0151:\" \/>\n\t<meta name=\"twitter:data1\" content=\"Tibor atya\" \/>\n\t<meta name=\"twitter:label2\" content=\"Becs\u00fclt olvas\u00e1si id\u0151\" \/>\n\t<meta name=\"twitter:data2\" content=\"1 perc\" \/>\n<script type=\"application\/ld+json\" class=\"yoast-schema-graph\">{\"@context\":\"https:\\\/\\\/schema.org\",\"@graph\":[{\"@type\":\"Article\",\"@id\":\"https:\\\/\\\/stuttgarti-katolikusok.de\\\/index.php\\\/december-14-es-20-kozott\\\/#article\",\"isPartOf\":{\"@id\":\"https:\\\/\\\/stuttgarti-katolikusok.de\\\/index.php\\\/december-14-es-20-kozott\\\/\"},\"author\":{\"name\":\"Tibor atya\",\"@id\":\"https:\\\/\\\/stuttgarti-katolikusok.de\\\/#\\\/schema\\\/person\\\/75908d6f8fdc03a57889d27209df7795\"},\"headline\":\"December 14 \u00e9s 20 k\u00f6z\u00f6tt\",\"datePublished\":\"2020-12-14T19:41:25+00:00\",\"dateModified\":\"2020-12-15T10:37:10+00:00\",\"mainEntityOfPage\":{\"@id\":\"https:\\\/\\\/stuttgarti-katolikusok.de\\\/index.php\\\/december-14-es-20-kozott\\\/\"},\"wordCount\":253,\"image\":{\"@id\":\"https:\\\/\\\/stuttgarti-katolikusok.de\\\/index.php\\\/december-14-es-20-kozott\\\/#primaryimage\"},\"thumbnailUrl\":\"https:\\\/\\\/stuttgarti-katolikusok.de\\\/wp-content\\\/uploads\\\/2020\\\/12\\\/ajandek.jpg\",\"articleSection\":[\"Progamel\u0151zetes\"],\"inLanguage\":\"hu\"},{\"@type\":\"WebPage\",\"@id\":\"https:\\\/\\\/stuttgarti-katolikusok.de\\\/index.php\\\/december-14-es-20-kozott\\\/\",\"url\":\"https:\\\/\\\/stuttgarti-katolikusok.de\\\/index.php\\\/december-14-es-20-kozott\\\/\",\"name\":\"December 14 \u00e9s 20 k\u00f6z\u00f6tt - Stuttgarti Katolikusok\",\"isPartOf\":{\"@id\":\"https:\\\/\\\/stuttgarti-katolikusok.de\\\/#website\"},\"primaryImageOfPage\":{\"@id\":\"https:\\\/\\\/stuttgarti-katolikusok.de\\\/index.php\\\/december-14-es-20-kozott\\\/#primaryimage\"},\"image\":{\"@id\":\"https:\\\/\\\/stuttgarti-katolikusok.de\\\/index.php\\\/december-14-es-20-kozott\\\/#primaryimage\"},\"thumbnailUrl\":\"https:\\\/\\\/stuttgarti-katolikusok.de\\\/wp-content\\\/uploads\\\/2020\\\/12\\\/ajandek.jpg\",\"datePublished\":\"2020-12-14T19:41:25+00:00\",\"dateModified\":\"2020-12-15T10:37:10+00:00\",\"author\":{\"@id\":\"https:\\\/\\\/stuttgarti-katolikusok.de\\\/#\\\/schema\\\/person\\\/75908d6f8fdc03a57889d27209df7795\"},\"breadcrumb\":{\"@id\":\"https:\\\/\\\/stuttgarti-katolikusok.de\\\/index.php\\\/december-14-es-20-kozott\\\/#breadcrumb\"},\"inLanguage\":\"hu\",\"potentialAction\":[{\"@type\":\"ReadAction\",\"target\":[\"https:\\\/\\\/stuttgarti-katolikusok.de\\\/index.php\\\/december-14-es-20-kozott\\\/\"]}]},{\"@type\":\"ImageObject\",\"inLanguage\":\"hu\",\"@id\":\"https:\\\/\\\/stuttgarti-katolikusok.de\\\/index.php\\\/december-14-es-20-kozott\\\/#primaryimage\",\"url\":\"https:\\\/\\\/stuttgarti-katolikusok.de\\\/wp-content\\\/uploads\\\/2020\\\/12\\\/ajandek.jpg\",\"contentUrl\":\"https:\\\/\\\/stuttgarti-katolikusok.de\\\/wp-content\\\/uploads\\\/2020\\\/12\\\/ajandek.jpg\",\"width\":640,\"height\":355},{\"@type\":\"BreadcrumbList\",\"@id\":\"https:\\\/\\\/stuttgarti-katolikusok.de\\\/index.php\\\/december-14-es-20-kozott\\\/#breadcrumb\",\"itemListElement\":[{\"@type\":\"ListItem\",\"position\":1,\"name\":\"Kezd\u0151lap\",\"item\":\"https:\\\/\\\/stuttgarti-katolikusok.de\\\/\"},{\"@type\":\"ListItem\",\"position\":2,\"name\":\"December 14 \u00e9s 20 k\u00f6z\u00f6tt\"}]},{\"@type\":\"WebSite\",\"@id\":\"https:\\\/\\\/stuttgarti-katolikusok.de\\\/#website\",\"url\":\"https:\\\/\\\/stuttgarti-katolikusok.de\\\/\",\"name\":\"Stuttgarti Katolikusok\",\"description\":\"\",\"potentialAction\":[{\"@type\":\"SearchAction\",\"target\":{\"@type\":\"EntryPoint\",\"urlTemplate\":\"https:\\\/\\\/stuttgarti-katolikusok.de\\\/?s={search_term_string}\"},\"query-input\":{\"@type\":\"PropertyValueSpecification\",\"valueRequired\":true,\"valueName\":\"search_term_string\"}}],\"inLanguage\":\"hu\"},{\"@type\":\"Person\",\"@id\":\"https:\\\/\\\/stuttgarti-katolikusok.de\\\/#\\\/schema\\\/person\\\/75908d6f8fdc03a57889d27209df7795\",\"name\":\"Tibor atya\",\"image\":{\"@type\":\"ImageObject\",\"inLanguage\":\"hu\",\"@id\":\"https:\\\/\\\/secure.gravatar.com\\\/avatar\\\/61d268e57d1f4525b111222e29d2d5a7f8c420fdbf231ba5566a8ceac74fa960?s=96&d=mm&r=g\",\"url\":\"https:\\\/\\\/secure.gravatar.com\\\/avatar\\\/61d268e57d1f4525b111222e29d2d5a7f8c420fdbf231ba5566a8ceac74fa960?s=96&d=mm&r=g\",\"contentUrl\":\"https:\\\/\\\/secure.gravatar.com\\\/avatar\\\/61d268e57d1f4525b111222e29d2d5a7f8c420fdbf231ba5566a8ceac74fa960?s=96&d=mm&r=g\",\"caption\":\"Tibor atya\"},\"url\":\"https:\\\/\\\/stuttgarti-katolikusok.de\\\/index.php\\\/author\\\/tibor-atya\\\/\"}]}<\/script>\n<!-- \/ Yoast SEO plugin. -->","yoast_head_json":{"title":"December 14 \u00e9s 20 k\u00f6z\u00f6tt - Stuttgarti Katolikusok","robots":{"index":"index","follow":"follow","max-snippet":"max-snippet:-1","max-image-preview":"max-image-preview:large","max-video-preview":"max-video-preview:-1"},"canonical":"https:\/\/stuttgarti-katolikusok.de\/index.php\/december-14-es-20-kozott\/","og_locale":"hu_HU","og_type":"article","og_title":"December 14 \u00e9s 20 k\u00f6z\u00f6tt - Stuttgarti Katolikusok","og_description":"Programel\u0151zetes A jelenlegi egyh\u00e1zi rendelkez\u00e9sek \u00e9rtelm\u00e9ben a szentmise ut\u00e1ni \u00e1g\u00e1p\u00e9 elmarad!\u00a0\u00a0 Szentmis\u00e9n k\u00f6telez\u0151 a maszk haszn\u00e1lata, jelenl\u00e9ti lista n\u00e9vvel \u00e9s el\u00e9rhet\u0151s\u00e9ggel, kezek fert\u0151tlen\u00edt\u00e9se! * December 17-\u00e9n, cs\u00fct\u00f6rt\u00f6k\u00f6n, Ulmi d\u00e9lut\u00e1n. 18.00 \u00f3rakor szentmise, el\u0151tte r\u00f3zsaf\u00fcz\u00e9rt im\u00e1dkozunk. \u00a0* December 18-\u00e1n,\u00a0p\u00e9nteken, Stuttgartban 8.00 \u00f3rakor\u00a0r\u00f3r\u00e1t\u00e9-szentmise, 17.00 \u00f3rakor\u00a0kar\u00e1csonyfa \u00e1ll\u00edt\u00e1s. * December 19-\u00e9n, szombaton, Weingartenben a 14 Nothelfer Kapelle-ben 7.00 \u00f3rakor r\u00f3r\u00e1t\u00e9-szentmise. Heidenheimban 15.30 \u00f3rakor szentmise. * December 20-\u00e1n, Advent IV. vas\u00e1rnapj\u00e1n,\u00a0 Ludwigsburgban 9.30 \u00f3rakor szentmise, keret\u00e9ben 4. adventi gyertya meggy\u00fajt\u00e1sa. Stuttgartban 12.00 \u00f3rakor szentmise, keret\u00e9ben 4. adventi gyertya meggy\u00fajt\u00e1sa. Szentmise ut\u00e1n Cserk\u00e9sz-advent. Eislingenben 15.00 \u00f3rakor szentmise, keret\u00e9ben 4. adventi gyertya meggy\u00fajt\u00e1sa. \u00a0Szentmise ut\u00e1n Cserk\u00e9sz-advent. \u00a0* \u00a0Minden helyen mindenkit szeretettel v\u00e1r a k\u00f6z\u00f6ss\u00e9g \u00e9s Tibor atya! Bens\u0151s\u00e9ges adventi napokat, j\u00f3 tal\u00e1lkoz\u00e1sokat \u00e9s sok \u00f6r\u00f6met k\u00edv\u00e1nunk minden Kedves H\u00edv\u00fcnknek! * \u201eN\u00e9ha azt hiszem, a szeretetre v\u00e1rok. Val\u00f3sz\u00edn\u0171leg csillap\u00edthatatlan ez az \u00e9hs\u00e9g: aki egyszer belek\u00f3stolt, holt\u00e1ig \u00edzlelni szeretn\u00e9. K\u00f6zben m\u00e1r megtudtam, hogy szeretetet kapni nem lehet; mindig csak adni kell, ez a m\u00f3dja. Megtudtam azt is, hogy semmi nem nehezebb, mint a szeretetet kifejezni.\u201d (M\u00e1rai S\u00e1ndor \u2013 1900-1989, \u00edr\u00f3, k\u00f6lt\u0151) (K\u00e9p forr\u00e1sa: Pixabay.com)","og_url":"https:\/\/stuttgarti-katolikusok.de\/index.php\/december-14-es-20-kozott\/","og_site_name":"Stuttgarti Katolikusok","article_published_time":"2020-12-14T19:41:25+00:00","article_modified_time":"2020-12-15T10:37:10+00:00","og_image":[{"width":640,"height":355,"url":"https:\/\/stuttgarti-katolikusok.de\/wp-content\/uploads\/2020\/12\/ajandek.jpg","type":"image\/jpeg"}],"author":"Tibor atya","twitter_card":"summary_large_image","twitter_misc":{"Szerz\u0151:":"Tibor atya","Becs\u00fclt olvas\u00e1si id\u0151":"1 perc"},"schema":{"@context":"https:\/\/schema.org","@graph":[{"@type":"Article","@id":"https:\/\/stuttgarti-katolikusok.de\/index.php\/december-14-es-20-kozott\/#article","isPartOf":{"@id":"https:\/\/stuttgarti-katolikusok.de\/index.php\/december-14-es-20-kozott\/"},"author":{"name":"Tibor atya","@id":"https:\/\/stuttgarti-katolikusok.de\/#\/schema\/person\/75908d6f8fdc03a57889d27209df7795"},"headline":"December 14 \u00e9s 20 k\u00f6z\u00f6tt","datePublished":"2020-12-14T19:41:25+00:00","dateModified":"2020-12-15T10:37:10+00:00","mainEntityOfPage":{"@id":"https:\/\/stuttgarti-katolikusok.de\/index.php\/december-14-es-20-kozott\/"},"wordCount":253,"image":{"@id":"https:\/\/stuttgarti-katolikusok.de\/index.php\/december-14-es-20-kozott\/#primaryimage"},"thumbnailUrl":"https:\/\/stuttgarti-katolikusok.de\/wp-content\/uploads\/2020\/12\/ajandek.jpg","articleSection":["Progamel\u0151zetes"],"inLanguage":"hu"},{"@type":"WebPage","@id":"https:\/\/stuttgarti-katolikusok.de\/index.php\/december-14-es-20-kozott\/","url":"https:\/\/stuttgarti-katolikusok.de\/index.php\/december-14-es-20-kozott\/","name":"December 14 \u00e9s 20 k\u00f6z\u00f6tt - Stuttgarti Katolikusok","isPartOf":{"@id":"https:\/\/stuttgarti-katolikusok.de\/#website"},"primaryImageOfPage":{"@id":"https:\/\/stuttgarti-katolikusok.de\/index.php\/december-14-es-20-kozott\/#primaryimage"},"image":{"@id":"https:\/\/stuttgarti-katolikusok.de\/index.php\/december-14-es-20-kozott\/#primaryimage"},"thumbnailUrl":"https:\/\/stuttgarti-katolikusok.de\/wp-content\/uploads\/2020\/12\/ajandek.jpg","datePublished":"2020-12-14T19:41:25+00:00","dateModified":"2020-12-15T10:37:10+00:00","author":{"@id":"https:\/\/stuttgarti-katolikusok.de\/#\/schema\/person\/75908d6f8fdc03a57889d27209df7795"},"breadcrumb":{"@id":"https:\/\/stuttgarti-katolikusok.de\/index.php\/december-14-es-20-kozott\/#breadcrumb"},"inLanguage":"hu","potentialAction":[{"@type":"ReadAction","target":["https:\/\/stuttgarti-katolikusok.de\/index.php\/december-14-es-20-kozott\/"]}]},{"@type":"ImageObject","inLanguage":"hu","@id":"https:\/\/stuttgarti-katolikusok.de\/index.php\/december-14-es-20-kozott\/#primaryimage","url":"https:\/\/stuttgarti-katolikusok.de\/wp-content\/uploads\/2020\/12\/ajandek.jpg","contentUrl":"https:\/\/stuttgarti-katolikusok.de\/wp-content\/uploads\/2020\/12\/ajandek.jpg","width":640,"height":355},{"@type":"BreadcrumbList","@id":"https:\/\/stuttgarti-katolikusok.de\/index.php\/december-14-es-20-kozott\/#breadcrumb","itemListElement":[{"@type":"ListItem","position":1,"name":"Kezd\u0151lap","item":"https:\/\/stuttgarti-katolikusok.de\/"},{"@type":"ListItem","position":2,"name":"December 14 \u00e9s 20 k\u00f6z\u00f6tt"}]},{"@type":"WebSite","@id":"https:\/\/stuttgarti-katolikusok.de\/#website","url":"https:\/\/stuttgarti-katolikusok.de\/","name":"Stuttgarti Katolikusok","description":"","potentialAction":[{"@type":"SearchAction","target":{"@type":"EntryPoint","urlTemplate":"https:\/\/stuttgarti-katolikusok.de\/?s={search_term_string}"},"query-input":{"@type":"PropertyValueSpecification","valueRequired":true,"valueName":"search_term_string"}}],"inLanguage":"hu"},{"@type":"Person","@id":"https:\/\/stuttgarti-katolikusok.de\/#\/schema\/person\/75908d6f8fdc03a57889d27209df7795","name":"Tibor atya","image":{"@type":"ImageObject","inLanguage":"hu","@id":"https:\/\/secure.gravatar.com\/avatar\/61d268e57d1f4525b111222e29d2d5a7f8c420fdbf231ba5566a8ceac74fa960?s=96&d=mm&r=g","url":"https:\/\/secure.gravatar.com\/avatar\/61d268e57d1f4525b111222e29d2d5a7f8c420fdbf231ba5566a8ceac74fa960?s=96&d=mm&r=g","contentUrl":"https:\/\/secure.gravatar.com\/avatar\/61d268e57d1f4525b111222e29d2d5a7f8c420fdbf231ba5566a8ceac74fa960?s=96&d=mm&r=g","caption":"Tibor atya"},"url":"https:\/\/stuttgarti-katolikusok.de\/index.php\/author\/tibor-atya\/"}]}},"_links":{"self":[{"href":"https:\/\/stuttgarti-katolikusok.de\/index.php\/wp-json\/wp\/v2\/posts\/20728","targetHints":{"allow":["GET"]}}],"collection":[{"href":"https:\/\/stuttgarti-katolikusok.de\/index.php\/wp-json\/wp\/v2\/posts"}],"about":[{"href":"https:\/\/stuttgarti-katolikusok.de\/index.php\/wp-json\/wp\/v2\/types\/post"}],"author":[{"embeddable":true,"href":"https:\/\/stuttgarti-katolikusok.de\/index.php\/wp-json\/wp\/v2\/users\/3"}],"replies":[{"embeddable":true,"href":"https:\/\/stuttgarti-katolikusok.de\/index.php\/wp-json\/wp\/v2\/comments?post=20728"}],"version-history":[{"count":4,"href":"https:\/\/stuttgarti-katolikusok.de\/index.php\/wp-json\/wp\/v2\/posts\/20728\/revisions"}],"predecessor-version":[{"id":20759,"href":"https:\/\/stuttgarti-katolikusok.de\/index.php\/wp-json\/wp\/v2\/posts\/20728\/revisions\/20759"}],"wp:featuredmedia":[{"embeddable":true,"href":"https:\/\/stuttgarti-katolikusok.de\/index.php\/wp-json\/wp\/v2\/media\/20730"}],"wp:attachment":[{"href":"https:\/\/stuttgarti-katolikusok.de\/index.php\/wp-json\/wp\/v2\/media?parent=20728"}],"wp:term":[{"taxonomy":"category","embeddable":true,"href":"https:\/\/stuttgarti-katolikusok.de\/index.php\/wp-json\/wp\/v2\/categories?post=20728"},{"taxonomy":"post_tag","embeddable":true,"href":"https:\/\/stuttgarti-katolikusok.de\/index.php\/wp-json\/wp\/v2\/tags?post=20728"}],"curies":[{"name":"wp","href":"https:\/\/api.w.org\/{rel}","templated":true}]}}