{"id":20641,"date":"2020-11-30T21:00:17","date_gmt":"2020-11-30T21:00:17","guid":{"rendered":"https:\/\/gracious-dewdney.138-201-221-2.plesk.page\/?p=20641"},"modified":"2020-12-08T00:36:10","modified_gmt":"2020-12-08T00:36:10","slug":"november-30-es-december-6-kozott","status":"publish","type":"post","link":"https:\/\/stuttgarti-katolikusok.de\/index.php\/november-30-es-december-6-kozott\/","title":{"rendered":"November 30 \u00e9s december 6 k\u00f6z\u00f6tt"},"content":{"rendered":"<p><span style=\"color: #800080;\"><strong>Programel\u0151zetes<\/strong><\/span><\/p>\n<p><span style=\"color: #800080;\"><em>A jelenlegi egyh\u00e1zi rendelkez\u00e9sek \u00e9rtelm\u00e9ben a szentmise ut\u00e1ni \u00e1g\u00e1p\u00e9 elmarad!\u00a0\u00a0 <\/em><\/span><\/p>\n<p><span style=\"color: #800080;\"><em>Szentmis\u00e9n k\u00f6telez\u0151 a maszk haszn\u00e1lata, jelenl\u00e9ti lista n\u00e9vvel \u00e9s el\u00e9rhet\u0151s\u00e9ggel, kezek fert\u0151tlen\u00edt\u00e9se!<\/em><\/span><\/p>\n<p style=\"text-align: center;\"><span style=\"color: #800080;\"><em>\u00a0<\/em><strong>*<\/strong><\/span><\/p>\n<p><strong>December 3-\u00e1n<\/strong>, cs\u00fct\u00f6rt\u00f6k\u00f6n, <strong>Ulmi d\u00e9lut\u00e1n<\/strong>. 18.00 \u00f3rakor <em>szentmise<\/em>, el\u00e9tte <em>r\u00f3zsaf\u00fcz\u00e9rt im\u00e1dkozunk<\/em>.<\/p>\n<p style=\"text-align: center;\"><span style=\"color: #800080;\"><strong>*<\/strong><\/span><\/p>\n<p><strong>December 4-\u00e9n,<\/strong>\u00a0p\u00e9nteken, <strong>Stuttgartban <\/strong>8.00 \u00f3rakor\u00a0<em>r\u00f3r\u00e1t\u00e9-szentmise. <\/em><\/p>\n<p style=\"text-align: center;\"><span style=\"color: #800080;\"><em><strong>*<\/strong><\/em><\/span><\/p>\n<p><em><strong>December 5-\u00e9n, <\/strong><\/em><em>szombaton, <\/em><\/p>\n<p><em><strong>Weingartenben <\/strong><\/em><em>a <\/em><em>14 Nothelfer Kapelle-<\/em><em>ben 7.00 \u00f3rakor <\/em><em>r\u00f3r\u00e1t\u00e9-szentmise.<\/em><\/p>\n<p><em><strong>Balingenben <\/strong><\/em><em>17.00 \u00f3rakor <\/em><em>szentmise.<\/em><\/p>\n<p style=\"text-align: center;\"><em>\u00a0<\/em><span style=\"color: #800080;\"><em><strong>*<\/strong><\/em><\/span><\/p>\n<p><em><strong>December 6-\u00e1n,<\/strong><\/em> <em>Advent II. vas\u00e1rnapj\u00e1n<\/em><em>,<\/em><\/p>\n<p><em><strong>Schw\u00e4bisch Gm\u00fcndben <\/strong><\/em><em>9.30 \u00f3rakor <\/em><em>szentmise<\/em><em>, keret\u00e9ben 2. adventi gyertya meggy\u00fajt\u00e1sa..<\/em><\/p>\n<p><em><strong>Stuttgartban<\/strong> 15.00 \u00f3rakor <\/em><em>gyermek-mise, adventi gyertya gy\u00fajt\u00e1s. <\/em><em>\u00a0<\/em><\/p>\n<p style=\"text-align: center;\"><em>\u00a0<\/em><span style=\"color: #800080;\"><em>*<\/em><\/span><\/p>\n<p>Minden helyen mindenkit szeretettel v\u00e1r a k\u00f6z\u00f6ss\u00e9g \u00e9s Tibor atya!<\/p>\n<p><a href=\"https:\/\/stuttgarti-katolikusok.de\/wp-content\/uploads\/2020\/11\/advent1.jpg\"><img loading=\"lazy\" decoding=\"async\" class=\"alignnone size-full wp-image-20642\" src=\"https:\/\/stuttgarti-katolikusok.de\/wp-content\/uploads\/2020\/11\/advent1.jpg\" alt=\"\" width=\"640\" height=\"397\" srcset=\"https:\/\/stuttgarti-katolikusok.de\/wp-content\/uploads\/2020\/11\/advent1.jpg 640w, https:\/\/stuttgarti-katolikusok.de\/wp-content\/uploads\/2020\/11\/advent1-300x186.jpg 300w\" sizes=\"auto, (max-width: 640px) 100vw, 640px\" \/><\/a><\/p>\n<p><em><strong>Bens\u0151s\u00e9ges adventi napokat, j\u00f3 tal\u00e1lkoz\u00e1sokat \u00e9s sok \u00f6r\u00f6met k\u00edv\u00e1nunk minden Kedves H\u00edv\u00fcnknek!<\/strong><\/em><\/p>\n<p style=\"text-align: center;\"><span style=\"color: #800080;\"><em><strong>*<\/strong><\/em><\/span><\/p>\n<p style=\"text-align: center;\"><span style=\"color: #800080;\">&#8222;J\u00e9zusunk, adj er\u0151t, hogy \u00e9kesen j\u00e1rjunk<\/span><\/p>\n<p style=\"text-align: center;\"><span style=\"color: #800080;\">Illend\u0151 ruh\u00e1ban, m\u00e9lt\u00f3k\u00e9ppen v\u00e1rjunk<\/span><\/p>\n<p style=\"text-align: center;\"><span style=\"color: #800080;\">Add, hogy ker\u00fclgess\u00fck a b\u0171nt, s\u00f6t\u00e9ts\u00e9get<\/span><\/p>\n<p style=\"text-align: center;\"><span style=\"color: #800080;\">S ama jobb haz\u00e1ban megl\u00e1thassunk T\u00e9ged.&#8221;<\/span><\/p>\n<p style=\"text-align: center;\"><em>(M\u00e9cs L\u00e1szl\u00f3-Adventkor)<\/em><\/p>\n","protected":false},"excerpt":{"rendered":"<p>Programel\u0151zetes A jelenlegi egyh\u00e1zi rendelkez\u00e9sek \u00e9rtelm\u00e9ben a szentmise ut\u00e1ni \u00e1g\u00e1p\u00e9 elmarad!\u00a0\u00a0 Szentmis\u00e9n k\u00f6telez\u0151 a maszk haszn\u00e1lata, jelenl\u00e9ti lista n\u00e9vvel \u00e9s el\u00e9rhet\u0151s\u00e9ggel, kezek fert\u0151tlen\u00edt\u00e9se! \u00a0* December 3-\u00e1n, cs\u00fct\u00f6rt\u00f6k\u00f6n, Ulmi d\u00e9lut\u00e1n. 18.00 \u00f3rakor szentmise, el\u00e9tte r\u00f3zsaf\u00fcz\u00e9rt im\u00e1dkozunk. * December 4-\u00e9n,\u00a0p\u00e9nteken, Stuttgartban 8.00 \u00f3rakor\u00a0r\u00f3r\u00e1t\u00e9-szentmise. * December 5-\u00e9n, szombaton, Weingartenben a 14 Nothelfer Kapelle-ben 7.00 \u00f3rakor r\u00f3r\u00e1t\u00e9-szentmise. Balingenben 17.00 \u00f3rakor szentmise. \u00a0* December 6-\u00e1n, Advent II. vas\u00e1rnapj\u00e1n, Schw\u00e4bisch Gm\u00fcndben 9.30 \u00f3rakor szentmise, keret\u00e9ben 2. adventi gyertya meggy\u00fajt\u00e1sa.. Stuttgartban 15.00 \u00f3rakor gyermek-mise, adventi gyertya gy\u00fajt\u00e1s. \u00a0 \u00a0* Minden helyen mindenkit szeretettel v\u00e1r a k\u00f6z\u00f6ss\u00e9g \u00e9s Tibor atya! Bens\u0151s\u00e9ges adventi napokat, j\u00f3 tal\u00e1lkoz\u00e1sokat \u00e9s sok \u00f6r\u00f6met k\u00edv\u00e1nunk minden Kedves H\u00edv\u00fcnknek! * &#8222;J\u00e9zusunk, adj er\u0151t, hogy \u00e9kesen j\u00e1rjunk Illend\u0151 ruh\u00e1ban, m\u00e9lt\u00f3k\u00e9ppen v\u00e1rjunk Add, hogy ker\u00fclgess\u00fck a b\u0171nt, s\u00f6t\u00e9ts\u00e9get S ama jobb haz\u00e1ban megl\u00e1thassunk T\u00e9ged.&#8221; (M\u00e9cs L\u00e1szl\u00f3-Adventkor)<\/p>\n","protected":false},"author":3,"featured_media":20643,"comment_status":"closed","ping_status":"closed","sticky":false,"template":"","format":"standard","meta":{"footnotes":""},"categories":[37],"tags":[],"class_list":["post-20641","post","type-post","status-publish","format-standard","has-post-thumbnail","hentry","category-progamelozetes"],"yoast_head":"<!-- This site is optimized with the Yoast SEO plugin v27.3 - https:\/\/yoast.com\/product\/yoast-seo-wordpress\/ -->\n<title>November 30 \u00e9s december 6 k\u00f6z\u00f6tt - Stuttgarti Katolikusok<\/title>\n<meta name=\"robots\" content=\"index, follow, max-snippet:-1, max-image-preview:large, max-video-preview:-1\" \/>\n<link rel=\"canonical\" href=\"https:\/\/stuttgarti-katolikusok.de\/index.php\/november-30-es-december-6-kozott\/\" \/>\n<meta property=\"og:locale\" content=\"hu_HU\" \/>\n<meta property=\"og:type\" content=\"article\" \/>\n<meta property=\"og:title\" content=\"November 30 \u00e9s december 6 k\u00f6z\u00f6tt - Stuttgarti Katolikusok\" \/>\n<meta property=\"og:description\" content=\"Programel\u0151zetes A jelenlegi egyh\u00e1zi rendelkez\u00e9sek \u00e9rtelm\u00e9ben a szentmise ut\u00e1ni \u00e1g\u00e1p\u00e9 elmarad!\u00a0\u00a0 Szentmis\u00e9n k\u00f6telez\u0151 a maszk haszn\u00e1lata, jelenl\u00e9ti lista n\u00e9vvel \u00e9s el\u00e9rhet\u0151s\u00e9ggel, kezek fert\u0151tlen\u00edt\u00e9se! \u00a0* December 3-\u00e1n, cs\u00fct\u00f6rt\u00f6k\u00f6n, Ulmi d\u00e9lut\u00e1n. 18.00 \u00f3rakor szentmise, el\u00e9tte r\u00f3zsaf\u00fcz\u00e9rt im\u00e1dkozunk. * December 4-\u00e9n,\u00a0p\u00e9nteken, Stuttgartban 8.00 \u00f3rakor\u00a0r\u00f3r\u00e1t\u00e9-szentmise. * December 5-\u00e9n, szombaton, Weingartenben a 14 Nothelfer Kapelle-ben 7.00 \u00f3rakor r\u00f3r\u00e1t\u00e9-szentmise. Balingenben 17.00 \u00f3rakor szentmise. \u00a0* December 6-\u00e1n, Advent II. vas\u00e1rnapj\u00e1n, Schw\u00e4bisch Gm\u00fcndben 9.30 \u00f3rakor szentmise, keret\u00e9ben 2. adventi gyertya meggy\u00fajt\u00e1sa.. Stuttgartban 15.00 \u00f3rakor gyermek-mise, adventi gyertya gy\u00fajt\u00e1s. \u00a0 \u00a0* Minden helyen mindenkit szeretettel v\u00e1r a k\u00f6z\u00f6ss\u00e9g \u00e9s Tibor atya! Bens\u0151s\u00e9ges adventi napokat, j\u00f3 tal\u00e1lkoz\u00e1sokat \u00e9s sok \u00f6r\u00f6met k\u00edv\u00e1nunk minden Kedves H\u00edv\u00fcnknek! * &#8222;J\u00e9zusunk, adj er\u0151t, hogy \u00e9kesen j\u00e1rjunk Illend\u0151 ruh\u00e1ban, m\u00e9lt\u00f3k\u00e9ppen v\u00e1rjunk Add, hogy ker\u00fclgess\u00fck a b\u0171nt, s\u00f6t\u00e9ts\u00e9get S ama jobb haz\u00e1ban megl\u00e1thassunk T\u00e9ged.&#8221; (M\u00e9cs L\u00e1szl\u00f3-Adventkor)\" \/>\n<meta property=\"og:url\" content=\"https:\/\/stuttgarti-katolikusok.de\/index.php\/november-30-es-december-6-kozott\/\" \/>\n<meta property=\"og:site_name\" content=\"Stuttgarti Katolikusok\" \/>\n<meta property=\"article:published_time\" content=\"2020-11-30T21:00:17+00:00\" \/>\n<meta property=\"article:modified_time\" content=\"2020-12-08T00:36:10+00:00\" \/>\n<meta property=\"og:image\" content=\"https:\/\/stuttgarti-katolikusok.de\/wp-content\/uploads\/2020\/11\/advent.jpeg\" \/>\n\t<meta property=\"og:image:width\" content=\"1479\" \/>\n\t<meta property=\"og:image:height\" content=\"982\" \/>\n\t<meta property=\"og:image:type\" content=\"image\/jpeg\" \/>\n<meta name=\"author\" content=\"Tibor atya\" \/>\n<meta name=\"twitter:card\" content=\"summary_large_image\" \/>\n<meta name=\"twitter:label1\" content=\"Szerz\u0151:\" \/>\n\t<meta name=\"twitter:data1\" content=\"Tibor atya\" \/>\n\t<meta name=\"twitter:label2\" content=\"Becs\u00fclt olvas\u00e1si id\u0151\" \/>\n\t<meta name=\"twitter:data2\" content=\"1 perc\" \/>\n<script type=\"application\/ld+json\" class=\"yoast-schema-graph\">{\"@context\":\"https:\\\/\\\/schema.org\",\"@graph\":[{\"@type\":\"Article\",\"@id\":\"https:\\\/\\\/stuttgarti-katolikusok.de\\\/index.php\\\/november-30-es-december-6-kozott\\\/#article\",\"isPartOf\":{\"@id\":\"https:\\\/\\\/stuttgarti-katolikusok.de\\\/index.php\\\/november-30-es-december-6-kozott\\\/\"},\"author\":{\"name\":\"Tibor atya\",\"@id\":\"https:\\\/\\\/stuttgarti-katolikusok.de\\\/#\\\/schema\\\/person\\\/75908d6f8fdc03a57889d27209df7795\"},\"headline\":\"November 30 \u00e9s december 6 k\u00f6z\u00f6tt\",\"datePublished\":\"2020-11-30T21:00:17+00:00\",\"dateModified\":\"2020-12-08T00:36:10+00:00\",\"mainEntityOfPage\":{\"@id\":\"https:\\\/\\\/stuttgarti-katolikusok.de\\\/index.php\\\/november-30-es-december-6-kozott\\\/\"},\"wordCount\":204,\"image\":{\"@id\":\"https:\\\/\\\/stuttgarti-katolikusok.de\\\/index.php\\\/november-30-es-december-6-kozott\\\/#primaryimage\"},\"thumbnailUrl\":\"https:\\\/\\\/stuttgarti-katolikusok.de\\\/wp-content\\\/uploads\\\/2020\\\/11\\\/advent.jpeg\",\"articleSection\":[\"Progamel\u0151zetes\"],\"inLanguage\":\"hu\"},{\"@type\":\"WebPage\",\"@id\":\"https:\\\/\\\/stuttgarti-katolikusok.de\\\/index.php\\\/november-30-es-december-6-kozott\\\/\",\"url\":\"https:\\\/\\\/stuttgarti-katolikusok.de\\\/index.php\\\/november-30-es-december-6-kozott\\\/\",\"name\":\"November 30 \u00e9s december 6 k\u00f6z\u00f6tt - Stuttgarti Katolikusok\",\"isPartOf\":{\"@id\":\"https:\\\/\\\/stuttgarti-katolikusok.de\\\/#website\"},\"primaryImageOfPage\":{\"@id\":\"https:\\\/\\\/stuttgarti-katolikusok.de\\\/index.php\\\/november-30-es-december-6-kozott\\\/#primaryimage\"},\"image\":{\"@id\":\"https:\\\/\\\/stuttgarti-katolikusok.de\\\/index.php\\\/november-30-es-december-6-kozott\\\/#primaryimage\"},\"thumbnailUrl\":\"https:\\\/\\\/stuttgarti-katolikusok.de\\\/wp-content\\\/uploads\\\/2020\\\/11\\\/advent.jpeg\",\"datePublished\":\"2020-11-30T21:00:17+00:00\",\"dateModified\":\"2020-12-08T00:36:10+00:00\",\"author\":{\"@id\":\"https:\\\/\\\/stuttgarti-katolikusok.de\\\/#\\\/schema\\\/person\\\/75908d6f8fdc03a57889d27209df7795\"},\"breadcrumb\":{\"@id\":\"https:\\\/\\\/stuttgarti-katolikusok.de\\\/index.php\\\/november-30-es-december-6-kozott\\\/#breadcrumb\"},\"inLanguage\":\"hu\",\"potentialAction\":[{\"@type\":\"ReadAction\",\"target\":[\"https:\\\/\\\/stuttgarti-katolikusok.de\\\/index.php\\\/november-30-es-december-6-kozott\\\/\"]}]},{\"@type\":\"ImageObject\",\"inLanguage\":\"hu\",\"@id\":\"https:\\\/\\\/stuttgarti-katolikusok.de\\\/index.php\\\/november-30-es-december-6-kozott\\\/#primaryimage\",\"url\":\"https:\\\/\\\/stuttgarti-katolikusok.de\\\/wp-content\\\/uploads\\\/2020\\\/11\\\/advent.jpeg\",\"contentUrl\":\"https:\\\/\\\/stuttgarti-katolikusok.de\\\/wp-content\\\/uploads\\\/2020\\\/11\\\/advent.jpeg\",\"width\":1479,\"height\":982},{\"@type\":\"BreadcrumbList\",\"@id\":\"https:\\\/\\\/stuttgarti-katolikusok.de\\\/index.php\\\/november-30-es-december-6-kozott\\\/#breadcrumb\",\"itemListElement\":[{\"@type\":\"ListItem\",\"position\":1,\"name\":\"Kezd\u0151lap\",\"item\":\"https:\\\/\\\/stuttgarti-katolikusok.de\\\/\"},{\"@type\":\"ListItem\",\"position\":2,\"name\":\"November 30 \u00e9s december 6 k\u00f6z\u00f6tt\"}]},{\"@type\":\"WebSite\",\"@id\":\"https:\\\/\\\/stuttgarti-katolikusok.de\\\/#website\",\"url\":\"https:\\\/\\\/stuttgarti-katolikusok.de\\\/\",\"name\":\"Stuttgarti Katolikusok\",\"description\":\"\",\"potentialAction\":[{\"@type\":\"SearchAction\",\"target\":{\"@type\":\"EntryPoint\",\"urlTemplate\":\"https:\\\/\\\/stuttgarti-katolikusok.de\\\/?s={search_term_string}\"},\"query-input\":{\"@type\":\"PropertyValueSpecification\",\"valueRequired\":true,\"valueName\":\"search_term_string\"}}],\"inLanguage\":\"hu\"},{\"@type\":\"Person\",\"@id\":\"https:\\\/\\\/stuttgarti-katolikusok.de\\\/#\\\/schema\\\/person\\\/75908d6f8fdc03a57889d27209df7795\",\"name\":\"Tibor atya\",\"image\":{\"@type\":\"ImageObject\",\"inLanguage\":\"hu\",\"@id\":\"https:\\\/\\\/secure.gravatar.com\\\/avatar\\\/61d268e57d1f4525b111222e29d2d5a7f8c420fdbf231ba5566a8ceac74fa960?s=96&d=mm&r=g\",\"url\":\"https:\\\/\\\/secure.gravatar.com\\\/avatar\\\/61d268e57d1f4525b111222e29d2d5a7f8c420fdbf231ba5566a8ceac74fa960?s=96&d=mm&r=g\",\"contentUrl\":\"https:\\\/\\\/secure.gravatar.com\\\/avatar\\\/61d268e57d1f4525b111222e29d2d5a7f8c420fdbf231ba5566a8ceac74fa960?s=96&d=mm&r=g\",\"caption\":\"Tibor atya\"},\"url\":\"https:\\\/\\\/stuttgarti-katolikusok.de\\\/index.php\\\/author\\\/tibor-atya\\\/\"}]}<\/script>\n<!-- \/ Yoast SEO plugin. -->","yoast_head_json":{"title":"November 30 \u00e9s december 6 k\u00f6z\u00f6tt - Stuttgarti Katolikusok","robots":{"index":"index","follow":"follow","max-snippet":"max-snippet:-1","max-image-preview":"max-image-preview:large","max-video-preview":"max-video-preview:-1"},"canonical":"https:\/\/stuttgarti-katolikusok.de\/index.php\/november-30-es-december-6-kozott\/","og_locale":"hu_HU","og_type":"article","og_title":"November 30 \u00e9s december 6 k\u00f6z\u00f6tt - Stuttgarti Katolikusok","og_description":"Programel\u0151zetes A jelenlegi egyh\u00e1zi rendelkez\u00e9sek \u00e9rtelm\u00e9ben a szentmise ut\u00e1ni \u00e1g\u00e1p\u00e9 elmarad!\u00a0\u00a0 Szentmis\u00e9n k\u00f6telez\u0151 a maszk haszn\u00e1lata, jelenl\u00e9ti lista n\u00e9vvel \u00e9s el\u00e9rhet\u0151s\u00e9ggel, kezek fert\u0151tlen\u00edt\u00e9se! \u00a0* December 3-\u00e1n, cs\u00fct\u00f6rt\u00f6k\u00f6n, Ulmi d\u00e9lut\u00e1n. 18.00 \u00f3rakor szentmise, el\u00e9tte r\u00f3zsaf\u00fcz\u00e9rt im\u00e1dkozunk. * December 4-\u00e9n,\u00a0p\u00e9nteken, Stuttgartban 8.00 \u00f3rakor\u00a0r\u00f3r\u00e1t\u00e9-szentmise. * December 5-\u00e9n, szombaton, Weingartenben a 14 Nothelfer Kapelle-ben 7.00 \u00f3rakor r\u00f3r\u00e1t\u00e9-szentmise. Balingenben 17.00 \u00f3rakor szentmise. \u00a0* December 6-\u00e1n, Advent II. vas\u00e1rnapj\u00e1n, Schw\u00e4bisch Gm\u00fcndben 9.30 \u00f3rakor szentmise, keret\u00e9ben 2. adventi gyertya meggy\u00fajt\u00e1sa.. Stuttgartban 15.00 \u00f3rakor gyermek-mise, adventi gyertya gy\u00fajt\u00e1s. \u00a0 \u00a0* Minden helyen mindenkit szeretettel v\u00e1r a k\u00f6z\u00f6ss\u00e9g \u00e9s Tibor atya! Bens\u0151s\u00e9ges adventi napokat, j\u00f3 tal\u00e1lkoz\u00e1sokat \u00e9s sok \u00f6r\u00f6met k\u00edv\u00e1nunk minden Kedves H\u00edv\u00fcnknek! * &#8222;J\u00e9zusunk, adj er\u0151t, hogy \u00e9kesen j\u00e1rjunk Illend\u0151 ruh\u00e1ban, m\u00e9lt\u00f3k\u00e9ppen v\u00e1rjunk Add, hogy ker\u00fclgess\u00fck a b\u0171nt, s\u00f6t\u00e9ts\u00e9get S ama jobb haz\u00e1ban megl\u00e1thassunk T\u00e9ged.&#8221; (M\u00e9cs L\u00e1szl\u00f3-Adventkor)","og_url":"https:\/\/stuttgarti-katolikusok.de\/index.php\/november-30-es-december-6-kozott\/","og_site_name":"Stuttgarti Katolikusok","article_published_time":"2020-11-30T21:00:17+00:00","article_modified_time":"2020-12-08T00:36:10+00:00","og_image":[{"width":1479,"height":982,"url":"https:\/\/stuttgarti-katolikusok.de\/wp-content\/uploads\/2020\/11\/advent.jpeg","type":"image\/jpeg"}],"author":"Tibor atya","twitter_card":"summary_large_image","twitter_misc":{"Szerz\u0151:":"Tibor atya","Becs\u00fclt olvas\u00e1si id\u0151":"1 perc"},"schema":{"@context":"https:\/\/schema.org","@graph":[{"@type":"Article","@id":"https:\/\/stuttgarti-katolikusok.de\/index.php\/november-30-es-december-6-kozott\/#article","isPartOf":{"@id":"https:\/\/stuttgarti-katolikusok.de\/index.php\/november-30-es-december-6-kozott\/"},"author":{"name":"Tibor atya","@id":"https:\/\/stuttgarti-katolikusok.de\/#\/schema\/person\/75908d6f8fdc03a57889d27209df7795"},"headline":"November 30 \u00e9s december 6 k\u00f6z\u00f6tt","datePublished":"2020-11-30T21:00:17+00:00","dateModified":"2020-12-08T00:36:10+00:00","mainEntityOfPage":{"@id":"https:\/\/stuttgarti-katolikusok.de\/index.php\/november-30-es-december-6-kozott\/"},"wordCount":204,"image":{"@id":"https:\/\/stuttgarti-katolikusok.de\/index.php\/november-30-es-december-6-kozott\/#primaryimage"},"thumbnailUrl":"https:\/\/stuttgarti-katolikusok.de\/wp-content\/uploads\/2020\/11\/advent.jpeg","articleSection":["Progamel\u0151zetes"],"inLanguage":"hu"},{"@type":"WebPage","@id":"https:\/\/stuttgarti-katolikusok.de\/index.php\/november-30-es-december-6-kozott\/","url":"https:\/\/stuttgarti-katolikusok.de\/index.php\/november-30-es-december-6-kozott\/","name":"November 30 \u00e9s december 6 k\u00f6z\u00f6tt - Stuttgarti Katolikusok","isPartOf":{"@id":"https:\/\/stuttgarti-katolikusok.de\/#website"},"primaryImageOfPage":{"@id":"https:\/\/stuttgarti-katolikusok.de\/index.php\/november-30-es-december-6-kozott\/#primaryimage"},"image":{"@id":"https:\/\/stuttgarti-katolikusok.de\/index.php\/november-30-es-december-6-kozott\/#primaryimage"},"thumbnailUrl":"https:\/\/stuttgarti-katolikusok.de\/wp-content\/uploads\/2020\/11\/advent.jpeg","datePublished":"2020-11-30T21:00:17+00:00","dateModified":"2020-12-08T00:36:10+00:00","author":{"@id":"https:\/\/stuttgarti-katolikusok.de\/#\/schema\/person\/75908d6f8fdc03a57889d27209df7795"},"breadcrumb":{"@id":"https:\/\/stuttgarti-katolikusok.de\/index.php\/november-30-es-december-6-kozott\/#breadcrumb"},"inLanguage":"hu","potentialAction":[{"@type":"ReadAction","target":["https:\/\/stuttgarti-katolikusok.de\/index.php\/november-30-es-december-6-kozott\/"]}]},{"@type":"ImageObject","inLanguage":"hu","@id":"https:\/\/stuttgarti-katolikusok.de\/index.php\/november-30-es-december-6-kozott\/#primaryimage","url":"https:\/\/stuttgarti-katolikusok.de\/wp-content\/uploads\/2020\/11\/advent.jpeg","contentUrl":"https:\/\/stuttgarti-katolikusok.de\/wp-content\/uploads\/2020\/11\/advent.jpeg","width":1479,"height":982},{"@type":"BreadcrumbList","@id":"https:\/\/stuttgarti-katolikusok.de\/index.php\/november-30-es-december-6-kozott\/#breadcrumb","itemListElement":[{"@type":"ListItem","position":1,"name":"Kezd\u0151lap","item":"https:\/\/stuttgarti-katolikusok.de\/"},{"@type":"ListItem","position":2,"name":"November 30 \u00e9s december 6 k\u00f6z\u00f6tt"}]},{"@type":"WebSite","@id":"https:\/\/stuttgarti-katolikusok.de\/#website","url":"https:\/\/stuttgarti-katolikusok.de\/","name":"Stuttgarti Katolikusok","description":"","potentialAction":[{"@type":"SearchAction","target":{"@type":"EntryPoint","urlTemplate":"https:\/\/stuttgarti-katolikusok.de\/?s={search_term_string}"},"query-input":{"@type":"PropertyValueSpecification","valueRequired":true,"valueName":"search_term_string"}}],"inLanguage":"hu"},{"@type":"Person","@id":"https:\/\/stuttgarti-katolikusok.de\/#\/schema\/person\/75908d6f8fdc03a57889d27209df7795","name":"Tibor atya","image":{"@type":"ImageObject","inLanguage":"hu","@id":"https:\/\/secure.gravatar.com\/avatar\/61d268e57d1f4525b111222e29d2d5a7f8c420fdbf231ba5566a8ceac74fa960?s=96&d=mm&r=g","url":"https:\/\/secure.gravatar.com\/avatar\/61d268e57d1f4525b111222e29d2d5a7f8c420fdbf231ba5566a8ceac74fa960?s=96&d=mm&r=g","contentUrl":"https:\/\/secure.gravatar.com\/avatar\/61d268e57d1f4525b111222e29d2d5a7f8c420fdbf231ba5566a8ceac74fa960?s=96&d=mm&r=g","caption":"Tibor atya"},"url":"https:\/\/stuttgarti-katolikusok.de\/index.php\/author\/tibor-atya\/"}]}},"_links":{"self":[{"href":"https:\/\/stuttgarti-katolikusok.de\/index.php\/wp-json\/wp\/v2\/posts\/20641","targetHints":{"allow":["GET"]}}],"collection":[{"href":"https:\/\/stuttgarti-katolikusok.de\/index.php\/wp-json\/wp\/v2\/posts"}],"about":[{"href":"https:\/\/stuttgarti-katolikusok.de\/index.php\/wp-json\/wp\/v2\/types\/post"}],"author":[{"embeddable":true,"href":"https:\/\/stuttgarti-katolikusok.de\/index.php\/wp-json\/wp\/v2\/users\/3"}],"replies":[{"embeddable":true,"href":"https:\/\/stuttgarti-katolikusok.de\/index.php\/wp-json\/wp\/v2\/comments?post=20641"}],"version-history":[{"count":3,"href":"https:\/\/stuttgarti-katolikusok.de\/index.php\/wp-json\/wp\/v2\/posts\/20641\/revisions"}],"predecessor-version":[{"id":20677,"href":"https:\/\/stuttgarti-katolikusok.de\/index.php\/wp-json\/wp\/v2\/posts\/20641\/revisions\/20677"}],"wp:featuredmedia":[{"embeddable":true,"href":"https:\/\/stuttgarti-katolikusok.de\/index.php\/wp-json\/wp\/v2\/media\/20643"}],"wp:attachment":[{"href":"https:\/\/stuttgarti-katolikusok.de\/index.php\/wp-json\/wp\/v2\/media?parent=20641"}],"wp:term":[{"taxonomy":"category","embeddable":true,"href":"https:\/\/stuttgarti-katolikusok.de\/index.php\/wp-json\/wp\/v2\/categories?post=20641"},{"taxonomy":"post_tag","embeddable":true,"href":"https:\/\/stuttgarti-katolikusok.de\/index.php\/wp-json\/wp\/v2\/tags?post=20641"}],"curies":[{"name":"wp","href":"https:\/\/api.w.org\/{rel}","templated":true}]}}