{"id":20553,"date":"2020-11-18T22:22:13","date_gmt":"2020-11-18T22:22:13","guid":{"rendered":"https:\/\/gracious-dewdney.138-201-221-2.plesk.page\/?p=20553"},"modified":"2020-11-18T22:34:10","modified_gmt":"2020-11-18T22:34:10","slug":"cselekedjunk-egyutt","status":"publish","type":"post","link":"https:\/\/stuttgarti-katolikusok.de\/index.php\/cselekedjunk-egyutt\/","title":{"rendered":"Cselekedj\u00fcnk egy\u00fctt!"},"content":{"rendered":"<p>R\u00f6vid vide\u00f3t tett k\u00f6zz\u00e9 Egyh\u00e1zmegy\u00e9nk honlapj\u00e1n, amelynek elk\u00e9sz\u00edt\u00e9s\u00e9hez mi is hozz\u00e1j\u00e1rultunk.<\/p>\n<p>K\u00f6sz\u00f6net Kov\u00e1cs Mikl\u00f3snak \u00e9s D\u00e1vid Ferencnek a k\u00f6zrem\u0171k\u00f6d\u00e9s\u00e9rt.<\/p>\n<p>Fogadj\u00e1tok szeretettel!<\/p>\n<p><a href=\"https:\/\/www.youtube.com\/watch?v=xXGs-sRSYk4\">Cselekedj\u00fcnk egy\u00fctt!<\/a><\/p>\n<p>Tibor atya<\/p>\n","protected":false},"excerpt":{"rendered":"<p>R\u00f6vid vide\u00f3t tett k\u00f6zz\u00e9 Egyh\u00e1zmegy\u00e9nk honlapj\u00e1n, amelynek elk\u00e9sz\u00edt\u00e9s\u00e9hez mi is hozz\u00e1j\u00e1rultunk. K\u00f6sz\u00f6net Kov\u00e1cs Mikl\u00f3snak \u00e9s D\u00e1vid Ferencnek a k\u00f6zrem\u0171k\u00f6d\u00e9s\u00e9rt. Fogadj\u00e1tok szeretettel! Cselekedj\u00fcnk egy\u00fctt! Tibor atya<\/p>\n","protected":false},"author":3,"featured_media":20554,"comment_status":"closed","ping_status":"closed","sticky":false,"template":"","format":"standard","meta":{"footnotes":""},"categories":[5],"tags":[],"class_list":["post-20553","post","type-post","status-publish","format-standard","has-post-thumbnail","hentry","category-hirek"],"yoast_head":"<!-- This site is optimized with the Yoast SEO plugin v27.3 - https:\/\/yoast.com\/product\/yoast-seo-wordpress\/ -->\n<title>Cselekedj\u00fcnk egy\u00fctt! - Stuttgarti Katolikusok<\/title>\n<meta name=\"robots\" content=\"index, follow, max-snippet:-1, max-image-preview:large, max-video-preview:-1\" \/>\n<link rel=\"canonical\" href=\"https:\/\/stuttgarti-katolikusok.de\/index.php\/cselekedjunk-egyutt\/\" \/>\n<meta property=\"og:locale\" content=\"hu_HU\" \/>\n<meta property=\"og:type\" content=\"article\" \/>\n<meta property=\"og:title\" content=\"Cselekedj\u00fcnk egy\u00fctt! - Stuttgarti Katolikusok\" \/>\n<meta property=\"og:description\" content=\"R\u00f6vid vide\u00f3t tett k\u00f6zz\u00e9 Egyh\u00e1zmegy\u00e9nk honlapj\u00e1n, amelynek elk\u00e9sz\u00edt\u00e9s\u00e9hez mi is hozz\u00e1j\u00e1rultunk. K\u00f6sz\u00f6net Kov\u00e1cs Mikl\u00f3snak \u00e9s D\u00e1vid Ferencnek a k\u00f6zrem\u0171k\u00f6d\u00e9s\u00e9rt. Fogadj\u00e1tok szeretettel! Cselekedj\u00fcnk egy\u00fctt! Tibor atya\" \/>\n<meta property=\"og:url\" content=\"https:\/\/stuttgarti-katolikusok.de\/index.php\/cselekedjunk-egyutt\/\" \/>\n<meta property=\"og:site_name\" content=\"Stuttgarti Katolikusok\" \/>\n<meta property=\"article:published_time\" content=\"2020-11-18T22:22:13+00:00\" \/>\n<meta property=\"article:modified_time\" content=\"2020-11-18T22:34:10+00:00\" \/>\n<meta property=\"og:image\" content=\"https:\/\/stuttgarti-katolikusok.de\/wp-content\/uploads\/2020\/11\/stg.jpg\" \/>\n\t<meta property=\"og:image:width\" content=\"1870\" \/>\n\t<meta property=\"og:image:height\" content=\"1070\" \/>\n\t<meta property=\"og:image:type\" content=\"image\/jpeg\" \/>\n<meta name=\"author\" content=\"Tibor atya\" \/>\n<meta name=\"twitter:card\" content=\"summary_large_image\" \/>\n<meta name=\"twitter:label1\" content=\"Szerz\u0151:\" \/>\n\t<meta name=\"twitter:data1\" content=\"Tibor atya\" \/>\n<script type=\"application\/ld+json\" class=\"yoast-schema-graph\">{\"@context\":\"https:\\\/\\\/schema.org\",\"@graph\":[{\"@type\":\"Article\",\"@id\":\"https:\\\/\\\/stuttgarti-katolikusok.de\\\/index.php\\\/cselekedjunk-egyutt\\\/#article\",\"isPartOf\":{\"@id\":\"https:\\\/\\\/stuttgarti-katolikusok.de\\\/index.php\\\/cselekedjunk-egyutt\\\/\"},\"author\":{\"name\":\"Tibor atya\",\"@id\":\"https:\\\/\\\/stuttgarti-katolikusok.de\\\/#\\\/schema\\\/person\\\/75908d6f8fdc03a57889d27209df7795\"},\"headline\":\"Cselekedj\u00fcnk egy\u00fctt!\",\"datePublished\":\"2020-11-18T22:22:13+00:00\",\"dateModified\":\"2020-11-18T22:34:10+00:00\",\"mainEntityOfPage\":{\"@id\":\"https:\\\/\\\/stuttgarti-katolikusok.de\\\/index.php\\\/cselekedjunk-egyutt\\\/\"},\"wordCount\":54,\"image\":{\"@id\":\"https:\\\/\\\/stuttgarti-katolikusok.de\\\/index.php\\\/cselekedjunk-egyutt\\\/#primaryimage\"},\"thumbnailUrl\":\"https:\\\/\\\/stuttgarti-katolikusok.de\\\/wp-content\\\/uploads\\\/2020\\\/11\\\/stg.jpg\",\"articleSection\":[\"H\u00edrek\"],\"inLanguage\":\"hu\"},{\"@type\":\"WebPage\",\"@id\":\"https:\\\/\\\/stuttgarti-katolikusok.de\\\/index.php\\\/cselekedjunk-egyutt\\\/\",\"url\":\"https:\\\/\\\/stuttgarti-katolikusok.de\\\/index.php\\\/cselekedjunk-egyutt\\\/\",\"name\":\"Cselekedj\u00fcnk egy\u00fctt! - Stuttgarti Katolikusok\",\"isPartOf\":{\"@id\":\"https:\\\/\\\/stuttgarti-katolikusok.de\\\/#website\"},\"primaryImageOfPage\":{\"@id\":\"https:\\\/\\\/stuttgarti-katolikusok.de\\\/index.php\\\/cselekedjunk-egyutt\\\/#primaryimage\"},\"image\":{\"@id\":\"https:\\\/\\\/stuttgarti-katolikusok.de\\\/index.php\\\/cselekedjunk-egyutt\\\/#primaryimage\"},\"thumbnailUrl\":\"https:\\\/\\\/stuttgarti-katolikusok.de\\\/wp-content\\\/uploads\\\/2020\\\/11\\\/stg.jpg\",\"datePublished\":\"2020-11-18T22:22:13+00:00\",\"dateModified\":\"2020-11-18T22:34:10+00:00\",\"author\":{\"@id\":\"https:\\\/\\\/stuttgarti-katolikusok.de\\\/#\\\/schema\\\/person\\\/75908d6f8fdc03a57889d27209df7795\"},\"breadcrumb\":{\"@id\":\"https:\\\/\\\/stuttgarti-katolikusok.de\\\/index.php\\\/cselekedjunk-egyutt\\\/#breadcrumb\"},\"inLanguage\":\"hu\",\"potentialAction\":[{\"@type\":\"ReadAction\",\"target\":[\"https:\\\/\\\/stuttgarti-katolikusok.de\\\/index.php\\\/cselekedjunk-egyutt\\\/\"]}]},{\"@type\":\"ImageObject\",\"inLanguage\":\"hu\",\"@id\":\"https:\\\/\\\/stuttgarti-katolikusok.de\\\/index.php\\\/cselekedjunk-egyutt\\\/#primaryimage\",\"url\":\"https:\\\/\\\/stuttgarti-katolikusok.de\\\/wp-content\\\/uploads\\\/2020\\\/11\\\/stg.jpg\",\"contentUrl\":\"https:\\\/\\\/stuttgarti-katolikusok.de\\\/wp-content\\\/uploads\\\/2020\\\/11\\\/stg.jpg\",\"width\":1870,\"height\":1070},{\"@type\":\"BreadcrumbList\",\"@id\":\"https:\\\/\\\/stuttgarti-katolikusok.de\\\/index.php\\\/cselekedjunk-egyutt\\\/#breadcrumb\",\"itemListElement\":[{\"@type\":\"ListItem\",\"position\":1,\"name\":\"Kezd\u0151lap\",\"item\":\"https:\\\/\\\/stuttgarti-katolikusok.de\\\/\"},{\"@type\":\"ListItem\",\"position\":2,\"name\":\"Cselekedj\u00fcnk egy\u00fctt!\"}]},{\"@type\":\"WebSite\",\"@id\":\"https:\\\/\\\/stuttgarti-katolikusok.de\\\/#website\",\"url\":\"https:\\\/\\\/stuttgarti-katolikusok.de\\\/\",\"name\":\"Stuttgarti Katolikusok\",\"description\":\"\",\"potentialAction\":[{\"@type\":\"SearchAction\",\"target\":{\"@type\":\"EntryPoint\",\"urlTemplate\":\"https:\\\/\\\/stuttgarti-katolikusok.de\\\/?s={search_term_string}\"},\"query-input\":{\"@type\":\"PropertyValueSpecification\",\"valueRequired\":true,\"valueName\":\"search_term_string\"}}],\"inLanguage\":\"hu\"},{\"@type\":\"Person\",\"@id\":\"https:\\\/\\\/stuttgarti-katolikusok.de\\\/#\\\/schema\\\/person\\\/75908d6f8fdc03a57889d27209df7795\",\"name\":\"Tibor atya\",\"image\":{\"@type\":\"ImageObject\",\"inLanguage\":\"hu\",\"@id\":\"https:\\\/\\\/secure.gravatar.com\\\/avatar\\\/61d268e57d1f4525b111222e29d2d5a7f8c420fdbf231ba5566a8ceac74fa960?s=96&d=mm&r=g\",\"url\":\"https:\\\/\\\/secure.gravatar.com\\\/avatar\\\/61d268e57d1f4525b111222e29d2d5a7f8c420fdbf231ba5566a8ceac74fa960?s=96&d=mm&r=g\",\"contentUrl\":\"https:\\\/\\\/secure.gravatar.com\\\/avatar\\\/61d268e57d1f4525b111222e29d2d5a7f8c420fdbf231ba5566a8ceac74fa960?s=96&d=mm&r=g\",\"caption\":\"Tibor atya\"},\"url\":\"https:\\\/\\\/stuttgarti-katolikusok.de\\\/index.php\\\/author\\\/tibor-atya\\\/\"}]}<\/script>\n<!-- \/ Yoast SEO plugin. -->","yoast_head_json":{"title":"Cselekedj\u00fcnk egy\u00fctt! - Stuttgarti Katolikusok","robots":{"index":"index","follow":"follow","max-snippet":"max-snippet:-1","max-image-preview":"max-image-preview:large","max-video-preview":"max-video-preview:-1"},"canonical":"https:\/\/stuttgarti-katolikusok.de\/index.php\/cselekedjunk-egyutt\/","og_locale":"hu_HU","og_type":"article","og_title":"Cselekedj\u00fcnk egy\u00fctt! - Stuttgarti Katolikusok","og_description":"R\u00f6vid vide\u00f3t tett k\u00f6zz\u00e9 Egyh\u00e1zmegy\u00e9nk honlapj\u00e1n, amelynek elk\u00e9sz\u00edt\u00e9s\u00e9hez mi is hozz\u00e1j\u00e1rultunk. K\u00f6sz\u00f6net Kov\u00e1cs Mikl\u00f3snak \u00e9s D\u00e1vid Ferencnek a k\u00f6zrem\u0171k\u00f6d\u00e9s\u00e9rt. Fogadj\u00e1tok szeretettel! Cselekedj\u00fcnk egy\u00fctt! Tibor atya","og_url":"https:\/\/stuttgarti-katolikusok.de\/index.php\/cselekedjunk-egyutt\/","og_site_name":"Stuttgarti Katolikusok","article_published_time":"2020-11-18T22:22:13+00:00","article_modified_time":"2020-11-18T22:34:10+00:00","og_image":[{"width":1870,"height":1070,"url":"https:\/\/stuttgarti-katolikusok.de\/wp-content\/uploads\/2020\/11\/stg.jpg","type":"image\/jpeg"}],"author":"Tibor atya","twitter_card":"summary_large_image","twitter_misc":{"Szerz\u0151:":"Tibor atya"},"schema":{"@context":"https:\/\/schema.org","@graph":[{"@type":"Article","@id":"https:\/\/stuttgarti-katolikusok.de\/index.php\/cselekedjunk-egyutt\/#article","isPartOf":{"@id":"https:\/\/stuttgarti-katolikusok.de\/index.php\/cselekedjunk-egyutt\/"},"author":{"name":"Tibor atya","@id":"https:\/\/stuttgarti-katolikusok.de\/#\/schema\/person\/75908d6f8fdc03a57889d27209df7795"},"headline":"Cselekedj\u00fcnk egy\u00fctt!","datePublished":"2020-11-18T22:22:13+00:00","dateModified":"2020-11-18T22:34:10+00:00","mainEntityOfPage":{"@id":"https:\/\/stuttgarti-katolikusok.de\/index.php\/cselekedjunk-egyutt\/"},"wordCount":54,"image":{"@id":"https:\/\/stuttgarti-katolikusok.de\/index.php\/cselekedjunk-egyutt\/#primaryimage"},"thumbnailUrl":"https:\/\/stuttgarti-katolikusok.de\/wp-content\/uploads\/2020\/11\/stg.jpg","articleSection":["H\u00edrek"],"inLanguage":"hu"},{"@type":"WebPage","@id":"https:\/\/stuttgarti-katolikusok.de\/index.php\/cselekedjunk-egyutt\/","url":"https:\/\/stuttgarti-katolikusok.de\/index.php\/cselekedjunk-egyutt\/","name":"Cselekedj\u00fcnk egy\u00fctt! - Stuttgarti Katolikusok","isPartOf":{"@id":"https:\/\/stuttgarti-katolikusok.de\/#website"},"primaryImageOfPage":{"@id":"https:\/\/stuttgarti-katolikusok.de\/index.php\/cselekedjunk-egyutt\/#primaryimage"},"image":{"@id":"https:\/\/stuttgarti-katolikusok.de\/index.php\/cselekedjunk-egyutt\/#primaryimage"},"thumbnailUrl":"https:\/\/stuttgarti-katolikusok.de\/wp-content\/uploads\/2020\/11\/stg.jpg","datePublished":"2020-11-18T22:22:13+00:00","dateModified":"2020-11-18T22:34:10+00:00","author":{"@id":"https:\/\/stuttgarti-katolikusok.de\/#\/schema\/person\/75908d6f8fdc03a57889d27209df7795"},"breadcrumb":{"@id":"https:\/\/stuttgarti-katolikusok.de\/index.php\/cselekedjunk-egyutt\/#breadcrumb"},"inLanguage":"hu","potentialAction":[{"@type":"ReadAction","target":["https:\/\/stuttgarti-katolikusok.de\/index.php\/cselekedjunk-egyutt\/"]}]},{"@type":"ImageObject","inLanguage":"hu","@id":"https:\/\/stuttgarti-katolikusok.de\/index.php\/cselekedjunk-egyutt\/#primaryimage","url":"https:\/\/stuttgarti-katolikusok.de\/wp-content\/uploads\/2020\/11\/stg.jpg","contentUrl":"https:\/\/stuttgarti-katolikusok.de\/wp-content\/uploads\/2020\/11\/stg.jpg","width":1870,"height":1070},{"@type":"BreadcrumbList","@id":"https:\/\/stuttgarti-katolikusok.de\/index.php\/cselekedjunk-egyutt\/#breadcrumb","itemListElement":[{"@type":"ListItem","position":1,"name":"Kezd\u0151lap","item":"https:\/\/stuttgarti-katolikusok.de\/"},{"@type":"ListItem","position":2,"name":"Cselekedj\u00fcnk egy\u00fctt!"}]},{"@type":"WebSite","@id":"https:\/\/stuttgarti-katolikusok.de\/#website","url":"https:\/\/stuttgarti-katolikusok.de\/","name":"Stuttgarti Katolikusok","description":"","potentialAction":[{"@type":"SearchAction","target":{"@type":"EntryPoint","urlTemplate":"https:\/\/stuttgarti-katolikusok.de\/?s={search_term_string}"},"query-input":{"@type":"PropertyValueSpecification","valueRequired":true,"valueName":"search_term_string"}}],"inLanguage":"hu"},{"@type":"Person","@id":"https:\/\/stuttgarti-katolikusok.de\/#\/schema\/person\/75908d6f8fdc03a57889d27209df7795","name":"Tibor atya","image":{"@type":"ImageObject","inLanguage":"hu","@id":"https:\/\/secure.gravatar.com\/avatar\/61d268e57d1f4525b111222e29d2d5a7f8c420fdbf231ba5566a8ceac74fa960?s=96&d=mm&r=g","url":"https:\/\/secure.gravatar.com\/avatar\/61d268e57d1f4525b111222e29d2d5a7f8c420fdbf231ba5566a8ceac74fa960?s=96&d=mm&r=g","contentUrl":"https:\/\/secure.gravatar.com\/avatar\/61d268e57d1f4525b111222e29d2d5a7f8c420fdbf231ba5566a8ceac74fa960?s=96&d=mm&r=g","caption":"Tibor atya"},"url":"https:\/\/stuttgarti-katolikusok.de\/index.php\/author\/tibor-atya\/"}]}},"_links":{"self":[{"href":"https:\/\/stuttgarti-katolikusok.de\/index.php\/wp-json\/wp\/v2\/posts\/20553","targetHints":{"allow":["GET"]}}],"collection":[{"href":"https:\/\/stuttgarti-katolikusok.de\/index.php\/wp-json\/wp\/v2\/posts"}],"about":[{"href":"https:\/\/stuttgarti-katolikusok.de\/index.php\/wp-json\/wp\/v2\/types\/post"}],"author":[{"embeddable":true,"href":"https:\/\/stuttgarti-katolikusok.de\/index.php\/wp-json\/wp\/v2\/users\/3"}],"replies":[{"embeddable":true,"href":"https:\/\/stuttgarti-katolikusok.de\/index.php\/wp-json\/wp\/v2\/comments?post=20553"}],"version-history":[{"count":6,"href":"https:\/\/stuttgarti-katolikusok.de\/index.php\/wp-json\/wp\/v2\/posts\/20553\/revisions"}],"predecessor-version":[{"id":20564,"href":"https:\/\/stuttgarti-katolikusok.de\/index.php\/wp-json\/wp\/v2\/posts\/20553\/revisions\/20564"}],"wp:featuredmedia":[{"embeddable":true,"href":"https:\/\/stuttgarti-katolikusok.de\/index.php\/wp-json\/wp\/v2\/media\/20554"}],"wp:attachment":[{"href":"https:\/\/stuttgarti-katolikusok.de\/index.php\/wp-json\/wp\/v2\/media?parent=20553"}],"wp:term":[{"taxonomy":"category","embeddable":true,"href":"https:\/\/stuttgarti-katolikusok.de\/index.php\/wp-json\/wp\/v2\/categories?post=20553"},{"taxonomy":"post_tag","embeddable":true,"href":"https:\/\/stuttgarti-katolikusok.de\/index.php\/wp-json\/wp\/v2\/tags?post=20553"}],"curies":[{"name":"wp","href":"https:\/\/api.w.org\/{rel}","templated":true}]}}