{"id":20534,"date":"2020-11-15T12:27:21","date_gmt":"2020-11-15T12:27:21","guid":{"rendered":"https:\/\/gracious-dewdney.138-201-221-2.plesk.page\/?p=20534"},"modified":"2020-11-16T22:49:07","modified_gmt":"2020-11-16T22:49:07","slug":"evkozi-33-vasarnap","status":"publish","type":"post","link":"https:\/\/stuttgarti-katolikusok.de\/index.php\/evkozi-33-vasarnap\/","title":{"rendered":"\u00c9vk\u00f6zi 33. vas\u00e1rnap"},"content":{"rendered":"<p><span style=\"color: #ff0000;\"><strong>OLVASM\u00c1NY\u00a0<\/strong>P\u00e9ld 31, 10-13. 19-20. 30-31<\/span><\/p>\n<p><em>\u00a0\u00a0\u00a0 A P\u00e9ldabesz\u00e9dek k\u00f6nyve v\u00e9gig az igazi b\u00f6lcsess\u00e9gr\u0151l besz\u00e9l. A v\u00e9g\u00e9n ezt a b\u00f6lcsess\u00e9get \u00f6sszefoglalja \u00e9s megszem\u00e9lyes\u00edti a j\u00f3 feles\u00e9g alakj\u00e1ban. Megvannak benne a sz\u00e9p emberi tulajdons\u00e1gok: a munkaszeretet, okoss\u00e1g, \u00e1ldozatk\u00e9szs\u00e9g, megfontolts\u00e1g \u00e9s h\u0171s\u00e9g. Nem a hi\u00fas\u00e1g kiel\u00e9g\u00edt\u00e9s\u00e9ben keresi \u00e9lete c\u00e9lj\u00e1t, hanem Isten akarat\u00e1nak megtev\u00e9s\u00e9ben.<\/em><\/p>\n<p><strong>OLVASM\u00c1NY a P\u00e9ldabesz\u00e9dek k\u00f6nyv\u00e9b\u0151l<\/strong><\/p>\n<p><em>\u00a0\u00a0\u00a0 A der\u00e9k asszony mindent beszerez \u00fcgyes k\u00e9zzel.<\/em><\/p>\n<p>Der\u00e9k asszonyt ki tal\u00e1l?<br \/>\n\u00c9rt\u00e9ke a gy\u00f6ngy\u00e9t messze meghaladja.<br \/>\nF\u00e9rje eg\u00e9sz sz\u00edv\u00e9vel r\u00e1hagyatkozik,<br \/>\n\u00e9s nem j\u00e1r rosszul vele.<br \/>\nMindig jav\u00e1ra van, sohasem k\u00e1r\u00e1ra,<br \/>\n\u00e9let\u00e9nek minden napj\u00e1n.<br \/>\nEl\u0151teremti a gyapj\u00fat \u00e9s a kendert,<br \/>\n\u00e9s mindent beszerez \u00fcgyes k\u00e9zzel.<br \/>\nKiny\u00fajtja karj\u00e1t a guzsaly ut\u00e1n,<br \/>\n\u00e9s kez\u00e9vel megfogja az ors\u00f3t.<br \/>\nKiterjeszti kez\u00e9t az elnyomott f\u00f6l\u00e9,<br \/>\na sz\u0171k\u00f6lk\u00f6d\u0151nek meg karj\u00e1t ny\u00fajtja.<br \/>\nCsalfa dolog a b\u00e1j, a sz\u00e9ps\u00e9g muland\u00f3,<br \/>\nde az istenf\u00e9l\u0151 asszony dics\u00e9retet \u00e9rdemel.<br \/>\nMagasztalj\u00e1tok keze munk\u00e1j\u00e1\u00e9rt,<br \/>\n\u00e9s a v\u00e1roskapukn\u00e1l dics\u00e9rj\u00e9tek tetteit.<\/p>\n<p>Ez az Isten ig\u00e9je.<\/p>\n<p><span style=\"color: #ff0000;\"><strong>V\u00c1LASZOS ZSOLT\u00c1R<\/strong>\u00a0127, 1-2. 3. 4-5\u00a0\u00a0\u00a0 6. t\u00f3nus.<\/span><br \/>\n<span style=\"color: #ff0000;\">V\u00e1lasz:<\/span>\u00a0Boldog az az ember, * aki f\u00e9li az Istent.\u00a0V\u00f6. 1 a. vers.<\/p>\n<p><span style=\"color: #ff0000;\">El\u0151\u00e9nekes:<\/span>\u00a0Boldog mindaz, aki f\u00e9li az Urat, * aki az \u0151 \u00fatjain j\u00e1r.<br \/>\nKezed munk\u00e1j\u00e1b\u00f3l \u00e9lhetsz, * boldog leszel, \u00e9s j\u00f3l megy sorod.<br \/>\n<span style=\"color: #ff0000;\">H\u00edvek:<\/span>\u00a0Boldog az az ember, * aki f\u00e9li az Istent.<\/p>\n<p><span style=\"color: #ff0000;\">E:<\/span>\u00a0Feles\u00e9ged olyan, mint a term\u0151 sz\u0151l\u0151t\u0151, * a te h\u00e1zad bensej\u00e9ben.<br \/>\nFiaid olyanok, mint az olajfacsemet\u00e9k, * \u00fagy veszik k\u00f6r\u00fcl asztalodat.<br \/>\n<span style=\"color: #ff0000;\">H:<\/span>\u00a0Boldog az az ember, * aki f\u00e9li az Istent.<\/p>\n<p><span style=\"color: #ff0000;\">E:<\/span>\u00a0\u00cdme, ilyen \u00e1ld\u00e1sban r\u00e9szes\u00fcl az az ember,* aki f\u00e9li az Urat.<br \/>\n\u00c1ldjon meg az \u00dar Sionb\u00f3l, * hogy l\u00e1sd Jeruzs\u00e1lem j\u00f3l\u00e9t\u00e9t \u00e9leted minden napj\u00e1n.<br \/>\n<span style=\"color: #ff0000;\">H:<\/span>\u00a0Boldog az az ember, * aki f\u00e9li az Istent.<\/p>\n<p><span style=\"color: #ff0000;\"><strong>SZENTLECKE\u00a0<\/strong>1 Tessz 5, 1-6<\/span><br \/>\n<em><br \/>\nAz \u00dar napja Krisztus m\u00e1sodik e j\u00f6vetele, illetve az \u00edt\u00e9let napja Erre mindig k\u00e9szen kell lenn; mert \u00fagy \u00e9rkezik, mint \u00e9jjel a tolvaj. Az &#8221;\u00e9jjel&#8221; sz\u00f3r\u00f3l az apostolnak esz\u00e9be jut hogy mi m\u00e1r nem vagyunk a s\u00f6t\u00e9ts\u00e9g gyermekei, hanem a vil\u00e1goss\u00e1g\u00e9. Krisztus felv\u00e9rtezett benn\u00fcnket kell\u0151 tud\u00e1ssal \u00e9s kegyelemmel hogy megtal\u00e1ljuk az \u00e9let \u00e9rtelm\u00e9t \u00e9s mindig k\u00e9szen \u00e1lljunk a sz\u00e1mad\u00e1sra.<\/em><\/p>\n<p><strong>SZENTLECKE Szent P\u00e1l apostolnak a tesszaloniki h\u00edvekhez \u00edrt els\u0151 level\u00e9b\u0151l<\/strong><\/p>\n<p><em>\u00a0\u00a0\u00a0 Ne lepjen meg titeket az a nap, mint a tolvaj!<\/em><\/p>\n<p>Testv\u00e9reim! Ami az \u00dar elj\u00f6vetel\u00e9nek idej\u00e9t \u00e9s \u00f3r\u00e1j\u00e1t illeti, arr\u00f3l nem sz\u00fcks\u00e9ges \u00edrnom. Hiszen j\u00f3l tudj\u00e1tok ti is, hogy az \u00dar napja \u00fagy \u00e9rkezik el, mint \u00e9jjel a tolvaj. Amikor azt mondogatj\u00e1k: ,,B\u00e9ke \u00e9s biztons\u00e1g&#8221;, akkor \u00e9ri \u0151ket hirtelen a pusztul\u00e1s, ak\u00e1rcsak a v\u00e1rand\u00f3s asszonyt a f\u00e1jdalom. \u00c9s nem lesz menekv\u00e9s sz\u00e1mukra!<br \/>\nDe ti, testv\u00e9rek, nem j\u00e1rtok s\u00f6t\u00e9ts\u00e9gben, hogy az a nap tolvaj m\u00f3dj\u00e1ra meglephetne titeket. Hiszen mindny\u00e1jan a vil\u00e1goss\u00e1g \u00e9s a nappal fiai vagytok.<br \/>\nNem vagyunk az \u00e9jszak\u00e1\u00e9, sem a s\u00f6t\u00e9ts\u00e9g\u00e9. Ne aludjunk h\u00e1t, mint a t\u00f6bbiek, hanem legy\u00fcnk \u00e9berek \u00e9s j\u00f3zanok!<\/p>\n<p>Ez az Isten ig\u00e9je.<\/p>\n<p><span style=\"color: #ff0000;\"><strong>ALLELUJA<\/strong><\/span><\/p>\n<p>Alleluja.\u00a0<span style=\"color: #ff0000;\">2. sz\u00e1m.<\/span><br \/>\nMaradjatok bennem \u00e9s \u00e9n bennetek maradok, mondja a mi Urunk, * aki bennem marad, az b\u0151 term\u00e9st hoz.\u00a0<span style=\"color: #ff0000;\">Jn 15, 4a \u00e9s 5b. \u2013 2. t\u00f3nus.<\/span><br \/>\nAlleluja.<\/p>\n<p><span style=\"color: #ff0000;\"><strong>EVANG\u00c9LIUM\u00a0<\/strong>Mt 25, 14-30<\/span><\/p>\n<p><em>\u00a0\u00a0\u00a0 Az embernek vannak term\u00e9szetes \u00e9s kegyelmi adotts\u00e1gai, s azokat kamatoztatni kell. Nem egyforma m\u00e9rt\u00e9kkel kaptuk \u0151ket \u00e9s ez\u00e9rt az a fontos, hogy a meglev\u0151ket hogyan haszn\u00e1ljuk fel. Az \u00e9letnek van hat\u00e1rozott c\u00e9lja: az embernek Isten gyermek\u00e9v\u00e9 kell \u00e1talakulnia. A baj azokn\u00e1l van, akik el\u00e1ss\u00e1k a kapott talentumot \u00e9s megfeledkeznek emberi k\u00fcldet\u00e9s\u00fckr\u0151l. Az \u00fcdv\u00f6ss\u00e9gben t\u00f6bbet kapunk, mint amit ki\u00e9rdemelt\u00fcnk, a k\u00e1rhozatban pedig azt is elvesz\u00edtj\u00fck, amink volt. Akik \u00fagy \u00e9rzik, hogy \u0151k csak a bajok visel\u00e9s\u00e9t kapt\u00e1k feladatuk \u0151ket is vigasztalhatja a tudat hogy nekik azt kell kamatoztatniok. A kegyelmet megkapj\u00e1k a t\u00fcrelemhez \u00e9s az \u00e1ldozat v\u00e1llal\u00e1s\u00e1hoz.<\/em><\/p>\n<p><strong>+ EVANG\u00c9LIUM Szent M\u00e1t\u00e9 k\u00f6nyv\u00e9b\u0151l<\/strong><br \/>\n<em><br \/>\nMivel a kev\u00e9sben h\u0171 volt\u00e1l, menj be Urad \u00f6r\u00f6m\u00e9be!<\/em><\/p>\n<p>Abban az id\u0151ben J\u00e9zus a k\u00f6vetkez\u0151 p\u00e9ldabesz\u00e9det mondta tan\u00edtv\u00e1nyainak:<br \/>\nEgy ember egyszer idegenbe k\u00e9sz\u00fclt, ez\u00e9rt \u00f6sszeh\u00edvta szolg\u00e1it, \u00e9s r\u00e1juk b\u00edzta vagyon\u00e1t. Az egyiknek \u00f6t talentumot adott, a m\u00e1siknak kett\u0151t, a harmadiknak pedig egyet, kinek-kinek r\u00e1termetts\u00e9ge szerint, azt\u00e1n \u00fatra kelt. Aki \u00f6t talentumot kapott, menten elkezdett vele kereskedni, \u00e9s m\u00e1sik \u00f6t\u00f6t nyert rajta. Ugyan\u00edgy az is, aki kett\u0151t kapott: m\u00e1sik kett\u0151t szerzett. Az pedig, aki csak egyet kapott, elment, \u00e1sott egy g\u00f6dr\u00f6t, \u00e9s elrejtette a f\u00f6ldbe ur\u00e1nak ez\u00fcstj\u00e9t.<\/p>\n<p>Hossz\u00fa id\u0151 eltelt\u00e9vel megj\u00f6tt a szolg\u00e1k ura, \u00e9s sz\u00e1mad\u00e1st tartott vel\u00fck. J\u00f6tt az, aki \u00f6t talentumot kapott: hozott m\u00e1sik \u00f6t\u00f6t is, \u00e9s \u00edgy sz\u00f3lt: ,,Uram, \u00f6t talentumot adt\u00e1l nekem, n\u00e9zd, m\u00e1sik \u00f6t\u00f6t nyertem rajta.&#8221; Az \u00far \u00edgy v\u00e1laszolt: ,,J\u00f3l van, te der\u00e9k \u00e9s h\u0171s\u00e9ges szolga! A kev\u00e9sben h\u0171 volt\u00e1l, sokat b\u00edzok r\u00e1d: Menj be urad \u00f6r\u00f6m\u00e9be!&#8221; J\u00f6tt az is, aki k\u00e9t talentumot kapott, \u00e9s \u00edgy sz\u00f3lt: ,,Uram, k\u00e9t talentumot adt\u00e1l nekem, n\u00e9zd, m\u00e1sik kett\u0151t nyertem rajta.&#8221; Az \u00far \u00edgy v\u00e1laszolt: ,&#8221;J\u00f3l van, te der\u00e9k \u00e9s h\u0171s\u00e9ges szolga? A kev\u00e9sben h\u0171 volt\u00e1l, sokat b\u00edzok r\u00e1d: Menj be urad \u00f6r\u00f6m\u00e9be!&#8221;<\/p>\n<p>V\u00e9g\u00fcl j\u00f6tt az is, aki csak egy talentumot kapott. \u00cdgy sz\u00f3lt: ,,Uram? Tudtam, hogy kem\u00e9ny ember vagy, ott is aratsz, ahov\u00e1 nem vetett\u00e9l, \u00e9s onnan is sz\u00fcretelsz, ahov\u00e1 nem \u00fcltett\u00e9l. F\u00e9lelmemben elmentem h\u00e1t \u00e9s el\u00e1stam a f\u00f6ldbe a talentumodat. N\u00e9zd, ami a tied, visszaadom neked?&#8221; V\u00e1laszul az \u00far ezt mondta neki: ,,Te gonosz \u00e9s lusta szolga? Ha tudtad, hogy aratok ott is, ahov\u00e1 nem vetettem, \u00e9s sz\u00fcretelek onnan is, ahov\u00e1 nem \u00fcltettem, ez\u00fcstjeimet a p\u00e9nzv\u00e1lt\u00f3knak kellett volna adnod, hogy ha megj\u00f6v\u00f6k, kamatostul kapjam vissza? Vegy\u00e9tek csak el t\u0151le a talentumot \u00e9s adj\u00e1tok oda annak, akinek t\u00edz talentuma van? Mert akinek van, annak m\u00e9g adnak, hogy b\u0151velkedj\u00e9k; \u00e9s akinek nincs, att\u00f3l m\u00e9g azt is elveszik, amije van? Ezt a hasznavehetetlen szolg\u00e1t pedig vess\u00e9tek ki a k\u00fcls\u0151 s\u00f6t\u00e9ts\u00e9gre? Ott s\u00edr\u00e1s lesz \u00e9s fogcsikorgat\u00e1s?&#8221;<\/p>\n<p>Ezek az evang\u00e9lium ig\u00e9i.<\/p>\n<p><span style=\"color: #ff0000;\"><strong>Egyetemes k\u00f6ny\u00f6rg\u00e9sek \u00c9vk\u00f6zi 33. vas\u00e1rnapra<\/strong><\/span><\/p>\n<p><span style=\"color: #ff0000;\">Pap:<\/span>\u00a0\u00a0\u00a0 Im\u00e1dkozzunk, testv\u00e9reim, mennyei Aty\u00e1nkhoz, aki egykor megjutalmazza h\u0171s\u00e9ges szolg\u00e1latunkat!<\/p>\n<p><span style=\"color: #ff0000;\">Lektor:<\/span><br \/>\n1.\u00a0\u00a0\u00a0 Add, Urunk, hogy akik a papi \u00e9s szerzetesi hivat\u00e1s talentum\u00e1t megkapt\u00e1k, azt h\u0171s\u00e9gesen kamatoztass\u00e1k.<br \/>\n<span style=\"color: #ff0000;\">\u00a0H\u00edvek:<\/span>\u00a0K\u00e9r\u00fcnk t\u00e9ged, hallgass meg minket!<\/p>\n<p>2.\u00a0\u00a0\u00a0 Add, Urunk, hogy a n\u00e9pek vezet\u0151i az emberis\u00e9g jav\u00e1ra haszn\u00e1lj\u00e1k a rendelkez\u00e9s\u00fckre \u00e1ll\u00f3 nagy lehet\u0151s\u00e9geket!<br \/>\n<span style=\"color: #ff0000;\">H\u00edvek:<\/span>\u00a0K\u00e9r\u00fcnk t\u00e9ged . . .<\/p>\n<p>3.\u00a0\u00a0\u00a0 Add, Urunk, hogy t\u0151led kapott adotts\u00e1gainkat j\u00f3l felhaszn\u00e1ljuk magunk \u00e9s embert\u00e1rsaink jav\u00e1ra!<br \/>\n<span style=\"color: #ff0000;\">H\u00edvek:<\/span>\u00a0K\u00e9r\u00fcnk t\u00e9ged . . .<\/p>\n<p>4.\u00a0\u00a0\u00a0 Add, Urunk, hogy az ifj\u00fas\u00e1g szorgalmas tanul\u00e1ssal \u00e9s c\u00e9ltudatos \u00f6nnevel\u00e9ssel k\u00e9sz\u00fclj\u00f6n \u00e9lethivat\u00e1s\u00e1ra!<br \/>\n<span style=\"color: #ff0000;\">H\u00edvek:<\/span>\u00a0K\u00e9r\u00fcnk t\u00e9ged . . .<\/p>\n<p>5.\u00a0\u00a0\u00a0 Add, Urunk, hogy egyh\u00e1zk\u00f6zs\u00e9g\u00fcnk minden tagja egykor nyugodtan adhasson sz\u00e1mot kegyelmi aj\u00e1nd\u00e9kaidr\u00f3l!<br \/>\n<span style=\"color: #ff0000;\">H\u00edvek:<\/span>\u00a0K\u00e9r\u00fcnk t\u00e9ged . . .<\/p>\n<p><span style=\"color: #ff0000;\">Pap:\u00a0\u00a0<\/span>\u00a0 Mennyei Aty\u00e1nk! Te mindny\u00e1junkt\u00f3l sz\u00e1mon k\u00e9red talentumainkat. Seg\u00edts, hogy aj\u00e1nd\u00e9kaidat j\u00f3l felhaszn\u00e1lva, sz\u00e1mad\u00e1sunk ut\u00e1n bel\u00e9phess\u00fcnk orsz\u00e1god \u00f6r\u00f6m\u00e9be. Krisztus, a mi Urunk \u00e1ltal.<br \/>\n<span style=\"color: #ff0000;\">H\u00edvek:\u00a0<\/span>\u00a0\u00a0 \u00c1men.<\/p>\n<p style=\"text-align: center;\">*<\/p>\n<p><strong>Im\u00e1ds\u00e1g:<\/strong><\/p>\n<p>Engesztel\u0151 im\u00e1ds\u00e1g a k\u00e1romkod\u00e1sok \u00e9s az istentelen besz\u00e9dek bocs\u00e1nat\u00e1\u00e9rt<\/p>\n<p>\u00c1ldott legyen az Isten!<br \/>\n\u00c1ldott legyen szent neve!<br \/>\n\u00c1ldott legyen J\u00e9zus Krisztus, val\u00f3s\u00e1gos Isten \u00e9s val\u00f3s\u00e1gos ember!<br \/>\n\u00c1ldott legyen J\u00e9zus neve!<br \/>\n\u00c1ldott legyen szents\u00e9ges Sz\u00edve!<br \/>\n\u00c1ldott legyen dr\u00e1ga szent V\u00e9re!<br \/>\n\u00c1ldott legyen J\u00e9zus a legm\u00e9lt\u00f3s\u00e1gosabb Olt\u00e1riszents\u00e9gben!<br \/>\n\u00c1ldott legyen a vigasztal\u00f3 Szentl\u00e9lek!<br \/>\n\u00c1ldott legyen Isten f\u00f6ls\u00e9ges Anyja, M\u00e1ria!<br \/>\n\u00c1ldott legyen szent \u00e9s szepl\u0151telen fogantat\u00e1sa!<br \/>\n\u00c1ldott legyen dics\u0151s\u00e9ges mennybev\u00e9tele!<br \/>\n\u00c1ldott legyen Sz\u0171z M\u00e1ria szent neve!<br \/>\n\u00c1ldott legyen Szent J\u00f3zsef, M\u00e1ria tisztas\u00e1gos jegyese!<br \/>\n\u00c1ldott legyen Isten az \u0151 angyalaiban \u00e9s szentjeiben!<br \/>\n\u00c1men.<\/p>\n<p style=\"text-align: center;\">*<\/p>\n<p><a href=\"https:\/\/stuttgarti-katolikusok.de\/wp-content\/uploads\/2016\/11\/szent-erzsebet.jpg\"><img loading=\"lazy\" decoding=\"async\" class=\"alignnone size-full wp-image-10297\" src=\"https:\/\/stuttgarti-katolikusok.de\/wp-content\/uploads\/2016\/11\/szent-erzsebet.jpg\" alt=\"\" width=\"1280\" height=\"720\" srcset=\"https:\/\/stuttgarti-katolikusok.de\/wp-content\/uploads\/2016\/11\/szent-erzsebet.jpg 1280w, https:\/\/stuttgarti-katolikusok.de\/wp-content\/uploads\/2016\/11\/szent-erzsebet-300x169.jpg 300w, https:\/\/stuttgarti-katolikusok.de\/wp-content\/uploads\/2016\/11\/szent-erzsebet-1024x576.jpg 1024w\" sizes=\"auto, (max-width: 1280px) 100vw, 1280px\" \/><\/a><\/p>\n<p>Szent <span style=\"color: #000000;\">Erzs\u00e9bet!<\/span><br \/>\nTe Krisztus szem\u00e9vel n\u00e9zt\u00e9l,<br \/>\nKrisztus kez\u00e9vel adt\u00e1l,<br \/>\nKrisztus sz\u00edv\u00e9vel szerett\u00e9l\u2026<br \/>\nSeg\u00edts, hogy mi is<br \/>\nKrisztus szem\u00e9vel l\u00e1ssunk,<br \/>\nKrisztus kez\u00e9vel adjunk,<br \/>\nAz \u0150 szeretet\u00e9vel szeress\u00fcnk.<br \/>\nRem\u00e9l\u00fcnk benned,<br \/>\nB\u00edzunk benned,<br \/>\nIsten munkat\u00e1rs\u00e1t l\u00e1tjuk benned,<br \/>\nKrisztus szem\u00e9vel n\u00e9z\u0151,<br \/>\nKrisztus kez\u00e9vel ad\u00f3,<br \/>\nKrisztus sz\u00edv\u00e9vel szeret\u0151<br \/>\nSzent Erzs\u00e9bet!<\/p>\n<p>\u00c1men.<\/p>\n","protected":false},"excerpt":{"rendered":"<p>OLVASM\u00c1NY\u00a0P\u00e9ld 31, 10-13. 19-20. 30-31 \u00a0\u00a0\u00a0 A P\u00e9ldabesz\u00e9dek k\u00f6nyve v\u00e9gig az igazi b\u00f6lcsess\u00e9gr\u0151l besz\u00e9l. A v\u00e9g\u00e9n ezt a b\u00f6lcsess\u00e9get \u00f6sszefoglalja \u00e9s megszem\u00e9lyes\u00edti a j\u00f3 feles\u00e9g alakj\u00e1ban. Megvannak benne a sz\u00e9p emberi tulajdons\u00e1gok: a munkaszeretet, okoss\u00e1g, \u00e1ldozatk\u00e9szs\u00e9g, megfontolts\u00e1g \u00e9s h\u0171s\u00e9g. Nem a hi\u00fas\u00e1g kiel\u00e9g\u00edt\u00e9s\u00e9ben keresi \u00e9lete c\u00e9lj\u00e1t, hanem Isten akarat\u00e1nak megtev\u00e9s\u00e9ben. OLVASM\u00c1NY a P\u00e9ldabesz\u00e9dek k\u00f6nyv\u00e9b\u0151l \u00a0\u00a0\u00a0 A der\u00e9k asszony mindent beszerez \u00fcgyes k\u00e9zzel. Der\u00e9k asszonyt ki tal\u00e1l? \u00c9rt\u00e9ke a gy\u00f6ngy\u00e9t messze meghaladja. F\u00e9rje eg\u00e9sz sz\u00edv\u00e9vel r\u00e1hagyatkozik, \u00e9s nem j\u00e1r rosszul vele. Mindig jav\u00e1ra van, sohasem k\u00e1r\u00e1ra, \u00e9let\u00e9nek minden napj\u00e1n. El\u0151teremti a gyapj\u00fat \u00e9s a kendert, \u00e9s mindent beszerez \u00fcgyes k\u00e9zzel. Kiny\u00fajtja karj\u00e1t a guzsaly ut\u00e1n, \u00e9s kez\u00e9vel megfogja az ors\u00f3t. Kiterjeszti kez\u00e9t az elnyomott f\u00f6l\u00e9, a sz\u0171k\u00f6lk\u00f6d\u0151nek meg karj\u00e1t ny\u00fajtja. Csalfa dolog a b\u00e1j, a sz\u00e9ps\u00e9g muland\u00f3, de az istenf\u00e9l\u0151 asszony dics\u00e9retet \u00e9rdemel. Magasztalj\u00e1tok keze munk\u00e1j\u00e1\u00e9rt, \u00e9s a v\u00e1roskapukn\u00e1l dics\u00e9rj\u00e9tek tetteit. Ez az Isten ig\u00e9je. V\u00c1LASZOS ZSOLT\u00c1R\u00a0127, 1-2. 3. 4-5\u00a0\u00a0\u00a0 6. t\u00f3nus. V\u00e1lasz:\u00a0Boldog az az ember, * aki f\u00e9li az Istent.\u00a0V\u00f6. 1 a. vers. El\u0151\u00e9nekes:\u00a0Boldog mindaz, aki f\u00e9li az Urat, * aki az \u0151 \u00fatjain j\u00e1r. Kezed munk\u00e1j\u00e1b\u00f3l \u00e9lhetsz, * boldog leszel, \u00e9s j\u00f3l megy sorod. H\u00edvek:\u00a0Boldog az az ember, * aki f\u00e9li az Istent. E:\u00a0Feles\u00e9ged olyan, mint a term\u0151 sz\u0151l\u0151t\u0151, * a te h\u00e1zad bensej\u00e9ben. Fiaid olyanok, mint az olajfacsemet\u00e9k, * \u00fagy veszik k\u00f6r\u00fcl asztalodat. H:\u00a0Boldog az az ember, * aki f\u00e9li az Istent. E:\u00a0\u00cdme, ilyen \u00e1ld\u00e1sban r\u00e9szes\u00fcl az az ember,* aki f\u00e9li az Urat. \u00c1ldjon meg az \u00dar Sionb\u00f3l, * hogy l\u00e1sd Jeruzs\u00e1lem j\u00f3l\u00e9t\u00e9t \u00e9leted minden napj\u00e1n. H:\u00a0Boldog az az ember, * aki f\u00e9li az Istent. SZENTLECKE\u00a01 Tessz 5, 1-6 Az \u00dar napja Krisztus m\u00e1sodik e j\u00f6vetele, illetve az \u00edt\u00e9let napja Erre mindig k\u00e9szen kell lenn; mert \u00fagy \u00e9rkezik, mint \u00e9jjel a tolvaj. Az &#8221;\u00e9jjel&#8221; sz\u00f3r\u00f3l az apostolnak esz\u00e9be jut hogy mi m\u00e1r nem vagyunk a s\u00f6t\u00e9ts\u00e9g gyermekei, hanem&#8230; <\/p>\n<p><a class=\"readmore\" href=\"https:\/\/stuttgarti-katolikusok.de\/index.php\/evkozi-33-vasarnap\/\">R\u00e9szletek<\/a><\/p>\n","protected":false},"author":3,"featured_media":20535,"comment_status":"closed","ping_status":"closed","sticky":false,"template":"","format":"standard","meta":{"footnotes":""},"categories":[63],"tags":[],"class_list":["post-20534","post","type-post","status-publish","format-standard","has-post-thumbnail","hentry","category-vasarnapi-gondolatok"],"yoast_head":"<!-- This site is optimized with the Yoast SEO plugin v27.3 - https:\/\/yoast.com\/product\/yoast-seo-wordpress\/ -->\n<title>\u00c9vk\u00f6zi 33. vas\u00e1rnap - Stuttgarti Katolikusok<\/title>\n<meta name=\"robots\" content=\"index, follow, max-snippet:-1, max-image-preview:large, max-video-preview:-1\" \/>\n<link rel=\"canonical\" href=\"https:\/\/stuttgarti-katolikusok.de\/index.php\/evkozi-33-vasarnap\/\" \/>\n<meta property=\"og:locale\" content=\"hu_HU\" \/>\n<meta property=\"og:type\" content=\"article\" \/>\n<meta property=\"og:title\" content=\"\u00c9vk\u00f6zi 33. vas\u00e1rnap - Stuttgarti Katolikusok\" \/>\n<meta property=\"og:description\" content=\"OLVASM\u00c1NY\u00a0P\u00e9ld 31, 10-13. 19-20. 30-31 \u00a0\u00a0\u00a0 A P\u00e9ldabesz\u00e9dek k\u00f6nyve v\u00e9gig az igazi b\u00f6lcsess\u00e9gr\u0151l besz\u00e9l. A v\u00e9g\u00e9n ezt a b\u00f6lcsess\u00e9get \u00f6sszefoglalja \u00e9s megszem\u00e9lyes\u00edti a j\u00f3 feles\u00e9g alakj\u00e1ban. Megvannak benne a sz\u00e9p emberi tulajdons\u00e1gok: a munkaszeretet, okoss\u00e1g, \u00e1ldozatk\u00e9szs\u00e9g, megfontolts\u00e1g \u00e9s h\u0171s\u00e9g. Nem a hi\u00fas\u00e1g kiel\u00e9g\u00edt\u00e9s\u00e9ben keresi \u00e9lete c\u00e9lj\u00e1t, hanem Isten akarat\u00e1nak megtev\u00e9s\u00e9ben. OLVASM\u00c1NY a P\u00e9ldabesz\u00e9dek k\u00f6nyv\u00e9b\u0151l \u00a0\u00a0\u00a0 A der\u00e9k asszony mindent beszerez \u00fcgyes k\u00e9zzel. Der\u00e9k asszonyt ki tal\u00e1l? \u00c9rt\u00e9ke a gy\u00f6ngy\u00e9t messze meghaladja. F\u00e9rje eg\u00e9sz sz\u00edv\u00e9vel r\u00e1hagyatkozik, \u00e9s nem j\u00e1r rosszul vele. Mindig jav\u00e1ra van, sohasem k\u00e1r\u00e1ra, \u00e9let\u00e9nek minden napj\u00e1n. El\u0151teremti a gyapj\u00fat \u00e9s a kendert, \u00e9s mindent beszerez \u00fcgyes k\u00e9zzel. Kiny\u00fajtja karj\u00e1t a guzsaly ut\u00e1n, \u00e9s kez\u00e9vel megfogja az ors\u00f3t. Kiterjeszti kez\u00e9t az elnyomott f\u00f6l\u00e9, a sz\u0171k\u00f6lk\u00f6d\u0151nek meg karj\u00e1t ny\u00fajtja. Csalfa dolog a b\u00e1j, a sz\u00e9ps\u00e9g muland\u00f3, de az istenf\u00e9l\u0151 asszony dics\u00e9retet \u00e9rdemel. Magasztalj\u00e1tok keze munk\u00e1j\u00e1\u00e9rt, \u00e9s a v\u00e1roskapukn\u00e1l dics\u00e9rj\u00e9tek tetteit. Ez az Isten ig\u00e9je. V\u00c1LASZOS ZSOLT\u00c1R\u00a0127, 1-2. 3. 4-5\u00a0\u00a0\u00a0 6. t\u00f3nus. V\u00e1lasz:\u00a0Boldog az az ember, * aki f\u00e9li az Istent.\u00a0V\u00f6. 1 a. vers. El\u0151\u00e9nekes:\u00a0Boldog mindaz, aki f\u00e9li az Urat, * aki az \u0151 \u00fatjain j\u00e1r. Kezed munk\u00e1j\u00e1b\u00f3l \u00e9lhetsz, * boldog leszel, \u00e9s j\u00f3l megy sorod. H\u00edvek:\u00a0Boldog az az ember, * aki f\u00e9li az Istent. E:\u00a0Feles\u00e9ged olyan, mint a term\u0151 sz\u0151l\u0151t\u0151, * a te h\u00e1zad bensej\u00e9ben. Fiaid olyanok, mint az olajfacsemet\u00e9k, * \u00fagy veszik k\u00f6r\u00fcl asztalodat. H:\u00a0Boldog az az ember, * aki f\u00e9li az Istent. E:\u00a0\u00cdme, ilyen \u00e1ld\u00e1sban r\u00e9szes\u00fcl az az ember,* aki f\u00e9li az Urat. \u00c1ldjon meg az \u00dar Sionb\u00f3l, * hogy l\u00e1sd Jeruzs\u00e1lem j\u00f3l\u00e9t\u00e9t \u00e9leted minden napj\u00e1n. H:\u00a0Boldog az az ember, * aki f\u00e9li az Istent. SZENTLECKE\u00a01 Tessz 5, 1-6 Az \u00dar napja Krisztus m\u00e1sodik e j\u00f6vetele, illetve az \u00edt\u00e9let napja Erre mindig k\u00e9szen kell lenn; mert \u00fagy \u00e9rkezik, mint \u00e9jjel a tolvaj. Az &#8221;\u00e9jjel&#8221; sz\u00f3r\u00f3l az apostolnak esz\u00e9be jut hogy mi m\u00e1r nem vagyunk a s\u00f6t\u00e9ts\u00e9g gyermekei, hanem... R\u00e9szletek\" \/>\n<meta property=\"og:url\" content=\"https:\/\/stuttgarti-katolikusok.de\/index.php\/evkozi-33-vasarnap\/\" \/>\n<meta property=\"og:site_name\" content=\"Stuttgarti Katolikusok\" \/>\n<meta property=\"article:published_time\" content=\"2020-11-15T12:27:21+00:00\" \/>\n<meta property=\"article:modified_time\" content=\"2020-11-16T22:49:07+00:00\" \/>\n<meta property=\"og:image\" content=\"https:\/\/stuttgarti-katolikusok.de\/wp-content\/uploads\/2020\/11\/kincsek.jpg\" \/>\n\t<meta property=\"og:image:width\" content=\"640\" \/>\n\t<meta property=\"og:image:height\" content=\"426\" \/>\n\t<meta property=\"og:image:type\" content=\"image\/jpeg\" \/>\n<meta name=\"author\" content=\"Tibor atya\" \/>\n<meta name=\"twitter:card\" content=\"summary_large_image\" \/>\n<meta name=\"twitter:label1\" content=\"Szerz\u0151:\" \/>\n\t<meta name=\"twitter:data1\" content=\"Tibor atya\" \/>\n\t<meta name=\"twitter:label2\" content=\"Becs\u00fclt olvas\u00e1si id\u0151\" \/>\n\t<meta name=\"twitter:data2\" content=\"8 perc\" \/>\n<script type=\"application\/ld+json\" class=\"yoast-schema-graph\">{\"@context\":\"https:\\\/\\\/schema.org\",\"@graph\":[{\"@type\":\"Article\",\"@id\":\"https:\\\/\\\/stuttgarti-katolikusok.de\\\/index.php\\\/evkozi-33-vasarnap\\\/#article\",\"isPartOf\":{\"@id\":\"https:\\\/\\\/stuttgarti-katolikusok.de\\\/index.php\\\/evkozi-33-vasarnap\\\/\"},\"author\":{\"name\":\"Tibor atya\",\"@id\":\"https:\\\/\\\/stuttgarti-katolikusok.de\\\/#\\\/schema\\\/person\\\/75908d6f8fdc03a57889d27209df7795\"},\"headline\":\"\u00c9vk\u00f6zi 33. vas\u00e1rnap\",\"datePublished\":\"2020-11-15T12:27:21+00:00\",\"dateModified\":\"2020-11-16T22:49:07+00:00\",\"mainEntityOfPage\":{\"@id\":\"https:\\\/\\\/stuttgarti-katolikusok.de\\\/index.php\\\/evkozi-33-vasarnap\\\/\"},\"wordCount\":1652,\"image\":{\"@id\":\"https:\\\/\\\/stuttgarti-katolikusok.de\\\/index.php\\\/evkozi-33-vasarnap\\\/#primaryimage\"},\"thumbnailUrl\":\"https:\\\/\\\/stuttgarti-katolikusok.de\\\/wp-content\\\/uploads\\\/2020\\\/11\\\/kincsek.jpg\",\"articleSection\":[\"Vas\u00e1rnapi gondolatok\"],\"inLanguage\":\"hu\"},{\"@type\":\"WebPage\",\"@id\":\"https:\\\/\\\/stuttgarti-katolikusok.de\\\/index.php\\\/evkozi-33-vasarnap\\\/\",\"url\":\"https:\\\/\\\/stuttgarti-katolikusok.de\\\/index.php\\\/evkozi-33-vasarnap\\\/\",\"name\":\"\u00c9vk\u00f6zi 33. vas\u00e1rnap - Stuttgarti Katolikusok\",\"isPartOf\":{\"@id\":\"https:\\\/\\\/stuttgarti-katolikusok.de\\\/#website\"},\"primaryImageOfPage\":{\"@id\":\"https:\\\/\\\/stuttgarti-katolikusok.de\\\/index.php\\\/evkozi-33-vasarnap\\\/#primaryimage\"},\"image\":{\"@id\":\"https:\\\/\\\/stuttgarti-katolikusok.de\\\/index.php\\\/evkozi-33-vasarnap\\\/#primaryimage\"},\"thumbnailUrl\":\"https:\\\/\\\/stuttgarti-katolikusok.de\\\/wp-content\\\/uploads\\\/2020\\\/11\\\/kincsek.jpg\",\"datePublished\":\"2020-11-15T12:27:21+00:00\",\"dateModified\":\"2020-11-16T22:49:07+00:00\",\"author\":{\"@id\":\"https:\\\/\\\/stuttgarti-katolikusok.de\\\/#\\\/schema\\\/person\\\/75908d6f8fdc03a57889d27209df7795\"},\"breadcrumb\":{\"@id\":\"https:\\\/\\\/stuttgarti-katolikusok.de\\\/index.php\\\/evkozi-33-vasarnap\\\/#breadcrumb\"},\"inLanguage\":\"hu\",\"potentialAction\":[{\"@type\":\"ReadAction\",\"target\":[\"https:\\\/\\\/stuttgarti-katolikusok.de\\\/index.php\\\/evkozi-33-vasarnap\\\/\"]}]},{\"@type\":\"ImageObject\",\"inLanguage\":\"hu\",\"@id\":\"https:\\\/\\\/stuttgarti-katolikusok.de\\\/index.php\\\/evkozi-33-vasarnap\\\/#primaryimage\",\"url\":\"https:\\\/\\\/stuttgarti-katolikusok.de\\\/wp-content\\\/uploads\\\/2020\\\/11\\\/kincsek.jpg\",\"contentUrl\":\"https:\\\/\\\/stuttgarti-katolikusok.de\\\/wp-content\\\/uploads\\\/2020\\\/11\\\/kincsek.jpg\",\"width\":640,\"height\":426},{\"@type\":\"BreadcrumbList\",\"@id\":\"https:\\\/\\\/stuttgarti-katolikusok.de\\\/index.php\\\/evkozi-33-vasarnap\\\/#breadcrumb\",\"itemListElement\":[{\"@type\":\"ListItem\",\"position\":1,\"name\":\"Kezd\u0151lap\",\"item\":\"https:\\\/\\\/stuttgarti-katolikusok.de\\\/\"},{\"@type\":\"ListItem\",\"position\":2,\"name\":\"\u00c9vk\u00f6zi 33. vas\u00e1rnap\"}]},{\"@type\":\"WebSite\",\"@id\":\"https:\\\/\\\/stuttgarti-katolikusok.de\\\/#website\",\"url\":\"https:\\\/\\\/stuttgarti-katolikusok.de\\\/\",\"name\":\"Stuttgarti Katolikusok\",\"description\":\"\",\"potentialAction\":[{\"@type\":\"SearchAction\",\"target\":{\"@type\":\"EntryPoint\",\"urlTemplate\":\"https:\\\/\\\/stuttgarti-katolikusok.de\\\/?s={search_term_string}\"},\"query-input\":{\"@type\":\"PropertyValueSpecification\",\"valueRequired\":true,\"valueName\":\"search_term_string\"}}],\"inLanguage\":\"hu\"},{\"@type\":\"Person\",\"@id\":\"https:\\\/\\\/stuttgarti-katolikusok.de\\\/#\\\/schema\\\/person\\\/75908d6f8fdc03a57889d27209df7795\",\"name\":\"Tibor atya\",\"image\":{\"@type\":\"ImageObject\",\"inLanguage\":\"hu\",\"@id\":\"https:\\\/\\\/secure.gravatar.com\\\/avatar\\\/61d268e57d1f4525b111222e29d2d5a7f8c420fdbf231ba5566a8ceac74fa960?s=96&d=mm&r=g\",\"url\":\"https:\\\/\\\/secure.gravatar.com\\\/avatar\\\/61d268e57d1f4525b111222e29d2d5a7f8c420fdbf231ba5566a8ceac74fa960?s=96&d=mm&r=g\",\"contentUrl\":\"https:\\\/\\\/secure.gravatar.com\\\/avatar\\\/61d268e57d1f4525b111222e29d2d5a7f8c420fdbf231ba5566a8ceac74fa960?s=96&d=mm&r=g\",\"caption\":\"Tibor atya\"},\"url\":\"https:\\\/\\\/stuttgarti-katolikusok.de\\\/index.php\\\/author\\\/tibor-atya\\\/\"}]}<\/script>\n<!-- \/ Yoast SEO plugin. -->","yoast_head_json":{"title":"\u00c9vk\u00f6zi 33. vas\u00e1rnap - Stuttgarti Katolikusok","robots":{"index":"index","follow":"follow","max-snippet":"max-snippet:-1","max-image-preview":"max-image-preview:large","max-video-preview":"max-video-preview:-1"},"canonical":"https:\/\/stuttgarti-katolikusok.de\/index.php\/evkozi-33-vasarnap\/","og_locale":"hu_HU","og_type":"article","og_title":"\u00c9vk\u00f6zi 33. vas\u00e1rnap - Stuttgarti Katolikusok","og_description":"OLVASM\u00c1NY\u00a0P\u00e9ld 31, 10-13. 19-20. 30-31 \u00a0\u00a0\u00a0 A P\u00e9ldabesz\u00e9dek k\u00f6nyve v\u00e9gig az igazi b\u00f6lcsess\u00e9gr\u0151l besz\u00e9l. A v\u00e9g\u00e9n ezt a b\u00f6lcsess\u00e9get \u00f6sszefoglalja \u00e9s megszem\u00e9lyes\u00edti a j\u00f3 feles\u00e9g alakj\u00e1ban. Megvannak benne a sz\u00e9p emberi tulajdons\u00e1gok: a munkaszeretet, okoss\u00e1g, \u00e1ldozatk\u00e9szs\u00e9g, megfontolts\u00e1g \u00e9s h\u0171s\u00e9g. Nem a hi\u00fas\u00e1g kiel\u00e9g\u00edt\u00e9s\u00e9ben keresi \u00e9lete c\u00e9lj\u00e1t, hanem Isten akarat\u00e1nak megtev\u00e9s\u00e9ben. OLVASM\u00c1NY a P\u00e9ldabesz\u00e9dek k\u00f6nyv\u00e9b\u0151l \u00a0\u00a0\u00a0 A der\u00e9k asszony mindent beszerez \u00fcgyes k\u00e9zzel. Der\u00e9k asszonyt ki tal\u00e1l? \u00c9rt\u00e9ke a gy\u00f6ngy\u00e9t messze meghaladja. F\u00e9rje eg\u00e9sz sz\u00edv\u00e9vel r\u00e1hagyatkozik, \u00e9s nem j\u00e1r rosszul vele. Mindig jav\u00e1ra van, sohasem k\u00e1r\u00e1ra, \u00e9let\u00e9nek minden napj\u00e1n. El\u0151teremti a gyapj\u00fat \u00e9s a kendert, \u00e9s mindent beszerez \u00fcgyes k\u00e9zzel. Kiny\u00fajtja karj\u00e1t a guzsaly ut\u00e1n, \u00e9s kez\u00e9vel megfogja az ors\u00f3t. Kiterjeszti kez\u00e9t az elnyomott f\u00f6l\u00e9, a sz\u0171k\u00f6lk\u00f6d\u0151nek meg karj\u00e1t ny\u00fajtja. Csalfa dolog a b\u00e1j, a sz\u00e9ps\u00e9g muland\u00f3, de az istenf\u00e9l\u0151 asszony dics\u00e9retet \u00e9rdemel. Magasztalj\u00e1tok keze munk\u00e1j\u00e1\u00e9rt, \u00e9s a v\u00e1roskapukn\u00e1l dics\u00e9rj\u00e9tek tetteit. Ez az Isten ig\u00e9je. V\u00c1LASZOS ZSOLT\u00c1R\u00a0127, 1-2. 3. 4-5\u00a0\u00a0\u00a0 6. t\u00f3nus. V\u00e1lasz:\u00a0Boldog az az ember, * aki f\u00e9li az Istent.\u00a0V\u00f6. 1 a. vers. El\u0151\u00e9nekes:\u00a0Boldog mindaz, aki f\u00e9li az Urat, * aki az \u0151 \u00fatjain j\u00e1r. Kezed munk\u00e1j\u00e1b\u00f3l \u00e9lhetsz, * boldog leszel, \u00e9s j\u00f3l megy sorod. H\u00edvek:\u00a0Boldog az az ember, * aki f\u00e9li az Istent. E:\u00a0Feles\u00e9ged olyan, mint a term\u0151 sz\u0151l\u0151t\u0151, * a te h\u00e1zad bensej\u00e9ben. Fiaid olyanok, mint az olajfacsemet\u00e9k, * \u00fagy veszik k\u00f6r\u00fcl asztalodat. H:\u00a0Boldog az az ember, * aki f\u00e9li az Istent. E:\u00a0\u00cdme, ilyen \u00e1ld\u00e1sban r\u00e9szes\u00fcl az az ember,* aki f\u00e9li az Urat. \u00c1ldjon meg az \u00dar Sionb\u00f3l, * hogy l\u00e1sd Jeruzs\u00e1lem j\u00f3l\u00e9t\u00e9t \u00e9leted minden napj\u00e1n. H:\u00a0Boldog az az ember, * aki f\u00e9li az Istent. SZENTLECKE\u00a01 Tessz 5, 1-6 Az \u00dar napja Krisztus m\u00e1sodik e j\u00f6vetele, illetve az \u00edt\u00e9let napja Erre mindig k\u00e9szen kell lenn; mert \u00fagy \u00e9rkezik, mint \u00e9jjel a tolvaj. Az &#8221;\u00e9jjel&#8221; sz\u00f3r\u00f3l az apostolnak esz\u00e9be jut hogy mi m\u00e1r nem vagyunk a s\u00f6t\u00e9ts\u00e9g gyermekei, hanem... R\u00e9szletek","og_url":"https:\/\/stuttgarti-katolikusok.de\/index.php\/evkozi-33-vasarnap\/","og_site_name":"Stuttgarti Katolikusok","article_published_time":"2020-11-15T12:27:21+00:00","article_modified_time":"2020-11-16T22:49:07+00:00","og_image":[{"width":640,"height":426,"url":"https:\/\/stuttgarti-katolikusok.de\/wp-content\/uploads\/2020\/11\/kincsek.jpg","type":"image\/jpeg"}],"author":"Tibor atya","twitter_card":"summary_large_image","twitter_misc":{"Szerz\u0151:":"Tibor atya","Becs\u00fclt olvas\u00e1si id\u0151":"8 perc"},"schema":{"@context":"https:\/\/schema.org","@graph":[{"@type":"Article","@id":"https:\/\/stuttgarti-katolikusok.de\/index.php\/evkozi-33-vasarnap\/#article","isPartOf":{"@id":"https:\/\/stuttgarti-katolikusok.de\/index.php\/evkozi-33-vasarnap\/"},"author":{"name":"Tibor atya","@id":"https:\/\/stuttgarti-katolikusok.de\/#\/schema\/person\/75908d6f8fdc03a57889d27209df7795"},"headline":"\u00c9vk\u00f6zi 33. vas\u00e1rnap","datePublished":"2020-11-15T12:27:21+00:00","dateModified":"2020-11-16T22:49:07+00:00","mainEntityOfPage":{"@id":"https:\/\/stuttgarti-katolikusok.de\/index.php\/evkozi-33-vasarnap\/"},"wordCount":1652,"image":{"@id":"https:\/\/stuttgarti-katolikusok.de\/index.php\/evkozi-33-vasarnap\/#primaryimage"},"thumbnailUrl":"https:\/\/stuttgarti-katolikusok.de\/wp-content\/uploads\/2020\/11\/kincsek.jpg","articleSection":["Vas\u00e1rnapi gondolatok"],"inLanguage":"hu"},{"@type":"WebPage","@id":"https:\/\/stuttgarti-katolikusok.de\/index.php\/evkozi-33-vasarnap\/","url":"https:\/\/stuttgarti-katolikusok.de\/index.php\/evkozi-33-vasarnap\/","name":"\u00c9vk\u00f6zi 33. vas\u00e1rnap - Stuttgarti Katolikusok","isPartOf":{"@id":"https:\/\/stuttgarti-katolikusok.de\/#website"},"primaryImageOfPage":{"@id":"https:\/\/stuttgarti-katolikusok.de\/index.php\/evkozi-33-vasarnap\/#primaryimage"},"image":{"@id":"https:\/\/stuttgarti-katolikusok.de\/index.php\/evkozi-33-vasarnap\/#primaryimage"},"thumbnailUrl":"https:\/\/stuttgarti-katolikusok.de\/wp-content\/uploads\/2020\/11\/kincsek.jpg","datePublished":"2020-11-15T12:27:21+00:00","dateModified":"2020-11-16T22:49:07+00:00","author":{"@id":"https:\/\/stuttgarti-katolikusok.de\/#\/schema\/person\/75908d6f8fdc03a57889d27209df7795"},"breadcrumb":{"@id":"https:\/\/stuttgarti-katolikusok.de\/index.php\/evkozi-33-vasarnap\/#breadcrumb"},"inLanguage":"hu","potentialAction":[{"@type":"ReadAction","target":["https:\/\/stuttgarti-katolikusok.de\/index.php\/evkozi-33-vasarnap\/"]}]},{"@type":"ImageObject","inLanguage":"hu","@id":"https:\/\/stuttgarti-katolikusok.de\/index.php\/evkozi-33-vasarnap\/#primaryimage","url":"https:\/\/stuttgarti-katolikusok.de\/wp-content\/uploads\/2020\/11\/kincsek.jpg","contentUrl":"https:\/\/stuttgarti-katolikusok.de\/wp-content\/uploads\/2020\/11\/kincsek.jpg","width":640,"height":426},{"@type":"BreadcrumbList","@id":"https:\/\/stuttgarti-katolikusok.de\/index.php\/evkozi-33-vasarnap\/#breadcrumb","itemListElement":[{"@type":"ListItem","position":1,"name":"Kezd\u0151lap","item":"https:\/\/stuttgarti-katolikusok.de\/"},{"@type":"ListItem","position":2,"name":"\u00c9vk\u00f6zi 33. vas\u00e1rnap"}]},{"@type":"WebSite","@id":"https:\/\/stuttgarti-katolikusok.de\/#website","url":"https:\/\/stuttgarti-katolikusok.de\/","name":"Stuttgarti Katolikusok","description":"","potentialAction":[{"@type":"SearchAction","target":{"@type":"EntryPoint","urlTemplate":"https:\/\/stuttgarti-katolikusok.de\/?s={search_term_string}"},"query-input":{"@type":"PropertyValueSpecification","valueRequired":true,"valueName":"search_term_string"}}],"inLanguage":"hu"},{"@type":"Person","@id":"https:\/\/stuttgarti-katolikusok.de\/#\/schema\/person\/75908d6f8fdc03a57889d27209df7795","name":"Tibor atya","image":{"@type":"ImageObject","inLanguage":"hu","@id":"https:\/\/secure.gravatar.com\/avatar\/61d268e57d1f4525b111222e29d2d5a7f8c420fdbf231ba5566a8ceac74fa960?s=96&d=mm&r=g","url":"https:\/\/secure.gravatar.com\/avatar\/61d268e57d1f4525b111222e29d2d5a7f8c420fdbf231ba5566a8ceac74fa960?s=96&d=mm&r=g","contentUrl":"https:\/\/secure.gravatar.com\/avatar\/61d268e57d1f4525b111222e29d2d5a7f8c420fdbf231ba5566a8ceac74fa960?s=96&d=mm&r=g","caption":"Tibor atya"},"url":"https:\/\/stuttgarti-katolikusok.de\/index.php\/author\/tibor-atya\/"}]}},"_links":{"self":[{"href":"https:\/\/stuttgarti-katolikusok.de\/index.php\/wp-json\/wp\/v2\/posts\/20534","targetHints":{"allow":["GET"]}}],"collection":[{"href":"https:\/\/stuttgarti-katolikusok.de\/index.php\/wp-json\/wp\/v2\/posts"}],"about":[{"href":"https:\/\/stuttgarti-katolikusok.de\/index.php\/wp-json\/wp\/v2\/types\/post"}],"author":[{"embeddable":true,"href":"https:\/\/stuttgarti-katolikusok.de\/index.php\/wp-json\/wp\/v2\/users\/3"}],"replies":[{"embeddable":true,"href":"https:\/\/stuttgarti-katolikusok.de\/index.php\/wp-json\/wp\/v2\/comments?post=20534"}],"version-history":[{"count":3,"href":"https:\/\/stuttgarti-katolikusok.de\/index.php\/wp-json\/wp\/v2\/posts\/20534\/revisions"}],"predecessor-version":[{"id":20540,"href":"https:\/\/stuttgarti-katolikusok.de\/index.php\/wp-json\/wp\/v2\/posts\/20534\/revisions\/20540"}],"wp:featuredmedia":[{"embeddable":true,"href":"https:\/\/stuttgarti-katolikusok.de\/index.php\/wp-json\/wp\/v2\/media\/20535"}],"wp:attachment":[{"href":"https:\/\/stuttgarti-katolikusok.de\/index.php\/wp-json\/wp\/v2\/media?parent=20534"}],"wp:term":[{"taxonomy":"category","embeddable":true,"href":"https:\/\/stuttgarti-katolikusok.de\/index.php\/wp-json\/wp\/v2\/categories?post=20534"},{"taxonomy":"post_tag","embeddable":true,"href":"https:\/\/stuttgarti-katolikusok.de\/index.php\/wp-json\/wp\/v2\/tags?post=20534"}],"curies":[{"name":"wp","href":"https:\/\/api.w.org\/{rel}","templated":true}]}}