{"id":20428,"date":"2020-11-02T13:38:42","date_gmt":"2020-11-02T13:38:42","guid":{"rendered":"https:\/\/gracious-dewdney.138-201-221-2.plesk.page\/?p=20428"},"modified":"2020-11-02T22:40:53","modified_gmt":"2020-11-02T22:40:53","slug":"november-2-es-7-kozott","status":"publish","type":"post","link":"https:\/\/stuttgarti-katolikusok.de\/index.php\/november-2-es-7-kozott\/","title":{"rendered":"November 2 \u00e9s 8 k\u00f6z\u00f6tt"},"content":{"rendered":"<p><strong>Programel\u0151zetes<\/strong><\/p>\n<p><span style=\"color: #ff6600;\"><em>A jelenlegi egyh\u00e1zi rendelkez\u00e9sek \u00e9rtelm\u00e9ben a szentmise ut\u00e1ni \u00e1g\u00e1p\u00e9 elmarad!\u00a0\u00a0 <\/em><\/span><\/p>\n<p><span style=\"color: #ff6600;\"><em>Szentmis\u00e9n k\u00f6telez\u0151 a maszk haszn\u00e1lata, jelenl\u00e9ti lista n\u00e9vvel \u00e9s el\u00e9rhet\u0151s\u00e9ggel, kezek fert\u0151tlen\u00edt\u00e9se!<\/em><\/span><\/p>\n<p style=\"text-align: center;\">*<\/p>\n<p><strong>November 4-\u00e9n, <\/strong>szerd\u00e1n, <strong>Weingarteni d\u00e9lut\u00e1n. <\/strong>A <em>14 Nothelfer Kapelle<\/em>-ben18 \u00f3rakor szentmise, keret\u00e9ben <em>Besz\u00e9lget\u00e9sek a Katekizmusr\u00f3l<\/em>. El\u0151tte <em>r\u00f3zsaf\u00fcz\u00e9rt im\u00e1dkozunk<\/em>.<\/p>\n<p style=\"text-align: center;\"><em>*<\/em><\/p>\n<p><strong>November 5-\u00e9n<\/strong>, cs\u00fct\u00f6rt\u00f6k\u00f6n, <strong>Ulmi d\u00e9lut\u00e1n<\/strong>. 18.00 \u00f3rakor szentmise, el\u0151tte r\u00f3zsaf\u00fcz\u00e9rt im\u00e1dkozunk. Szentmise keret\u00e9ben <em>Besz\u00e9lget\u00e9sek a Katekizmusr\u00f3l.<\/em><\/p>\n<p style=\"text-align: center;\">*<\/p>\n<p><strong>November 6-\u00e1n,<\/strong>\u00a0p\u00e9nteken, <strong>Stuttgartban<\/strong><\/p>\n<p>16.00 \u00f3rakor <em>Bar\u00e1ts\u00e1gklub<\/em>. Sajnos a k\u00f6z\u00f6ss\u00e9gi terem konyh\u00e1j\u00e1t egyel\u0151re m\u00e9g nem tudjuk haszn\u00e1lni,<\/p>\n<p>18.00 \u00f3rakor\u00a0<em>szentmise, <\/em><em>keret\u00e9ben <\/em><em>Besz\u00e9lget\u00e9sek a Katekizmusr\u00f3l. <\/em><em>Szentmise ut\u00e1n <\/em><em>imak\u00f6r.<\/em><\/p>\n<p style=\"text-align: center;\"><em>*<\/em><\/p>\n<p><em><strong>November 7-\u00e9n,<\/strong><\/em><em> szombaton, <strong>Balingenben <\/strong>17.00 \u00f3rakor szentmise.<\/em><\/p>\n<p style=\"text-align: center;\"><em>\u00a0<\/em><em>*<\/em><\/p>\n<p><em><strong>November 8-\u00e1n<\/strong><\/em><em>, \u00c9vk\u00f6zi 32. vas\u00e1rnap,<\/em><\/p>\n<p><em><strong>Weingartenben, <\/strong><\/em><em>Marienkirche-ben 11<\/em><em>.00 \u00f3rakor <\/em><em><strong>Szent Imre b\u00facs\u00fas szentmise<\/strong><\/em><em>,<\/em><\/p>\n<p><em><strong>Ulmban <\/strong><\/em><em>15.00 \u00f3rakor szentmise. <\/em><\/p>\n<p style=\"text-align: center;\">*<\/p>\n<p>Minden helyen mindenkit szeretettel v\u00e1r a k\u00f6z\u00f6ss\u00e9g \u00e9s Tibor atya!<\/p>\n<p><em><strong>Bens\u0151s\u00e9ges \u0151szi napokat, j\u00f3 munk\u00e1t, tartalmas besz\u00e9lget\u00e9seket \u00e9s \u00f6r\u00f6mteli tal\u00e1lkoz\u00e1sokat k\u00edv\u00e1nunk minden Kedves H\u00edv\u00fcnknek!<\/strong><\/em><\/p>\n<p style=\"text-align: center;\"><em><strong><a href=\"https:\/\/stuttgarti-katolikusok.de\/wp-content\/uploads\/2020\/11\/thmerton.jpeg\"><img loading=\"lazy\" decoding=\"async\" class=\"alignnone size-full wp-image-20429\" src=\"https:\/\/stuttgarti-katolikusok.de\/wp-content\/uploads\/2020\/11\/thmerton.jpeg\" alt=\"\" width=\"951\" height=\"1031\" srcset=\"https:\/\/stuttgarti-katolikusok.de\/wp-content\/uploads\/2020\/11\/thmerton.jpeg 951w, https:\/\/stuttgarti-katolikusok.de\/wp-content\/uploads\/2020\/11\/thmerton-277x300.jpeg 277w, https:\/\/stuttgarti-katolikusok.de\/wp-content\/uploads\/2020\/11\/thmerton-945x1024.jpeg 945w\" sizes=\"auto, (max-width: 951px) 100vw, 951px\" \/><\/a><\/strong><\/em><\/p>\n<p><strong>\u201eA szent semmi m\u00e1s nem akar lenni, csak az isteni akarat puszta eszk\u00f6ze. Egyszer\u0171en ablak, amelyen kereszt\u00fcl Isten kegyelme a vil\u00e1gra ragyog.\u201d <\/strong><em>(Thomas Merton \u2013 1915-1968 \u2013 trappista szerzetes, lelkis\u00e9gi \u00edr\u00f3, k\u00f6lt\u0151)<\/em><\/p>\n<p><em>(Fot\u00f3: Pixabay)<\/em><\/p>\n","protected":false},"excerpt":{"rendered":"<p>Programel\u0151zetes A jelenlegi egyh\u00e1zi rendelkez\u00e9sek \u00e9rtelm\u00e9ben a szentmise ut\u00e1ni \u00e1g\u00e1p\u00e9 elmarad!\u00a0\u00a0 Szentmis\u00e9n k\u00f6telez\u0151 a maszk haszn\u00e1lata, jelenl\u00e9ti lista n\u00e9vvel \u00e9s el\u00e9rhet\u0151s\u00e9ggel, kezek fert\u0151tlen\u00edt\u00e9se! * November 4-\u00e9n, szerd\u00e1n, Weingarteni d\u00e9lut\u00e1n. A 14 Nothelfer Kapelle-ben18 \u00f3rakor szentmise, keret\u00e9ben Besz\u00e9lget\u00e9sek a Katekizmusr\u00f3l. El\u0151tte r\u00f3zsaf\u00fcz\u00e9rt im\u00e1dkozunk. * November 5-\u00e9n, cs\u00fct\u00f6rt\u00f6k\u00f6n, Ulmi d\u00e9lut\u00e1n. 18.00 \u00f3rakor szentmise, el\u0151tte r\u00f3zsaf\u00fcz\u00e9rt im\u00e1dkozunk. Szentmise keret\u00e9ben Besz\u00e9lget\u00e9sek a Katekizmusr\u00f3l. * November 6-\u00e1n,\u00a0p\u00e9nteken, Stuttgartban 16.00 \u00f3rakor Bar\u00e1ts\u00e1gklub. Sajnos a k\u00f6z\u00f6ss\u00e9gi terem konyh\u00e1j\u00e1t egyel\u0151re m\u00e9g nem tudjuk haszn\u00e1lni, 18.00 \u00f3rakor\u00a0szentmise, keret\u00e9ben Besz\u00e9lget\u00e9sek a Katekizmusr\u00f3l. Szentmise ut\u00e1n imak\u00f6r. * November 7-\u00e9n, szombaton, Balingenben 17.00 \u00f3rakor szentmise. \u00a0* November 8-\u00e1n, \u00c9vk\u00f6zi 32. vas\u00e1rnap, Weingartenben, Marienkirche-ben 11.00 \u00f3rakor Szent Imre b\u00facs\u00fas szentmise, Ulmban 15.00 \u00f3rakor szentmise. * Minden helyen mindenkit szeretettel v\u00e1r a k\u00f6z\u00f6ss\u00e9g \u00e9s Tibor atya! Bens\u0151s\u00e9ges \u0151szi napokat, j\u00f3 munk\u00e1t, tartalmas besz\u00e9lget\u00e9seket \u00e9s \u00f6r\u00f6mteli tal\u00e1lkoz\u00e1sokat k\u00edv\u00e1nunk minden Kedves H\u00edv\u00fcnknek! \u201eA szent semmi m\u00e1s nem akar lenni, csak az isteni akarat puszta eszk\u00f6ze. Egyszer\u0171en ablak, amelyen kereszt\u00fcl Isten kegyelme a vil\u00e1gra ragyog.\u201d (Thomas Merton \u2013 1915-1968 \u2013 trappista szerzetes, lelkis\u00e9gi \u00edr\u00f3, k\u00f6lt\u0151) (Fot\u00f3: Pixabay)<\/p>\n","protected":false},"author":3,"featured_media":20430,"comment_status":"closed","ping_status":"closed","sticky":false,"template":"","format":"standard","meta":{"footnotes":""},"categories":[37],"tags":[],"class_list":["post-20428","post","type-post","status-publish","format-standard","has-post-thumbnail","hentry","category-progamelozetes"],"yoast_head":"<!-- This site is optimized with the Yoast SEO plugin v27.3 - https:\/\/yoast.com\/product\/yoast-seo-wordpress\/ -->\n<title>November 2 \u00e9s 8 k\u00f6z\u00f6tt - Stuttgarti Katolikusok<\/title>\n<meta name=\"robots\" content=\"index, follow, max-snippet:-1, max-image-preview:large, max-video-preview:-1\" \/>\n<link rel=\"canonical\" href=\"https:\/\/stuttgarti-katolikusok.de\/index.php\/november-2-es-7-kozott\/\" \/>\n<meta property=\"og:locale\" content=\"hu_HU\" \/>\n<meta property=\"og:type\" content=\"article\" \/>\n<meta property=\"og:title\" content=\"November 2 \u00e9s 8 k\u00f6z\u00f6tt - Stuttgarti Katolikusok\" \/>\n<meta property=\"og:description\" content=\"Programel\u0151zetes A jelenlegi egyh\u00e1zi rendelkez\u00e9sek \u00e9rtelm\u00e9ben a szentmise ut\u00e1ni \u00e1g\u00e1p\u00e9 elmarad!\u00a0\u00a0 Szentmis\u00e9n k\u00f6telez\u0151 a maszk haszn\u00e1lata, jelenl\u00e9ti lista n\u00e9vvel \u00e9s el\u00e9rhet\u0151s\u00e9ggel, kezek fert\u0151tlen\u00edt\u00e9se! * November 4-\u00e9n, szerd\u00e1n, Weingarteni d\u00e9lut\u00e1n. A 14 Nothelfer Kapelle-ben18 \u00f3rakor szentmise, keret\u00e9ben Besz\u00e9lget\u00e9sek a Katekizmusr\u00f3l. El\u0151tte r\u00f3zsaf\u00fcz\u00e9rt im\u00e1dkozunk. * November 5-\u00e9n, cs\u00fct\u00f6rt\u00f6k\u00f6n, Ulmi d\u00e9lut\u00e1n. 18.00 \u00f3rakor szentmise, el\u0151tte r\u00f3zsaf\u00fcz\u00e9rt im\u00e1dkozunk. Szentmise keret\u00e9ben Besz\u00e9lget\u00e9sek a Katekizmusr\u00f3l. * November 6-\u00e1n,\u00a0p\u00e9nteken, Stuttgartban 16.00 \u00f3rakor Bar\u00e1ts\u00e1gklub. Sajnos a k\u00f6z\u00f6ss\u00e9gi terem konyh\u00e1j\u00e1t egyel\u0151re m\u00e9g nem tudjuk haszn\u00e1lni, 18.00 \u00f3rakor\u00a0szentmise, keret\u00e9ben Besz\u00e9lget\u00e9sek a Katekizmusr\u00f3l. Szentmise ut\u00e1n imak\u00f6r. * November 7-\u00e9n, szombaton, Balingenben 17.00 \u00f3rakor szentmise. \u00a0* November 8-\u00e1n, \u00c9vk\u00f6zi 32. vas\u00e1rnap, Weingartenben, Marienkirche-ben 11.00 \u00f3rakor Szent Imre b\u00facs\u00fas szentmise, Ulmban 15.00 \u00f3rakor szentmise. * Minden helyen mindenkit szeretettel v\u00e1r a k\u00f6z\u00f6ss\u00e9g \u00e9s Tibor atya! Bens\u0151s\u00e9ges \u0151szi napokat, j\u00f3 munk\u00e1t, tartalmas besz\u00e9lget\u00e9seket \u00e9s \u00f6r\u00f6mteli tal\u00e1lkoz\u00e1sokat k\u00edv\u00e1nunk minden Kedves H\u00edv\u00fcnknek! \u201eA szent semmi m\u00e1s nem akar lenni, csak az isteni akarat puszta eszk\u00f6ze. Egyszer\u0171en ablak, amelyen kereszt\u00fcl Isten kegyelme a vil\u00e1gra ragyog.\u201d (Thomas Merton \u2013 1915-1968 \u2013 trappista szerzetes, lelkis\u00e9gi \u00edr\u00f3, k\u00f6lt\u0151) (Fot\u00f3: Pixabay)\" \/>\n<meta property=\"og:url\" content=\"https:\/\/stuttgarti-katolikusok.de\/index.php\/november-2-es-7-kozott\/\" \/>\n<meta property=\"og:site_name\" content=\"Stuttgarti Katolikusok\" \/>\n<meta property=\"article:published_time\" content=\"2020-11-02T13:38:42+00:00\" \/>\n<meta property=\"article:modified_time\" content=\"2020-11-02T22:40:53+00:00\" \/>\n<meta property=\"og:image\" content=\"https:\/\/stuttgarti-katolikusok.de\/wp-content\/uploads\/2020\/11\/ablak-szentek.jpg\" \/>\n\t<meta property=\"og:image:width\" content=\"640\" \/>\n\t<meta property=\"og:image:height\" content=\"396\" \/>\n\t<meta property=\"og:image:type\" content=\"image\/jpeg\" \/>\n<meta name=\"author\" content=\"Tibor atya\" \/>\n<meta name=\"twitter:card\" content=\"summary_large_image\" \/>\n<meta name=\"twitter:label1\" content=\"Szerz\u0151:\" \/>\n\t<meta name=\"twitter:data1\" content=\"Tibor atya\" \/>\n\t<meta name=\"twitter:label2\" content=\"Becs\u00fclt olvas\u00e1si id\u0151\" \/>\n\t<meta name=\"twitter:data2\" content=\"1 perc\" \/>\n<script type=\"application\/ld+json\" class=\"yoast-schema-graph\">{\"@context\":\"https:\\\/\\\/schema.org\",\"@graph\":[{\"@type\":\"Article\",\"@id\":\"https:\\\/\\\/stuttgarti-katolikusok.de\\\/index.php\\\/november-2-es-7-kozott\\\/#article\",\"isPartOf\":{\"@id\":\"https:\\\/\\\/stuttgarti-katolikusok.de\\\/index.php\\\/november-2-es-7-kozott\\\/\"},\"author\":{\"name\":\"Tibor atya\",\"@id\":\"https:\\\/\\\/stuttgarti-katolikusok.de\\\/#\\\/schema\\\/person\\\/75908d6f8fdc03a57889d27209df7795\"},\"headline\":\"November 2 \u00e9s 8 k\u00f6z\u00f6tt\",\"datePublished\":\"2020-11-02T13:38:42+00:00\",\"dateModified\":\"2020-11-02T22:40:53+00:00\",\"mainEntityOfPage\":{\"@id\":\"https:\\\/\\\/stuttgarti-katolikusok.de\\\/index.php\\\/november-2-es-7-kozott\\\/\"},\"wordCount\":254,\"image\":{\"@id\":\"https:\\\/\\\/stuttgarti-katolikusok.de\\\/index.php\\\/november-2-es-7-kozott\\\/#primaryimage\"},\"thumbnailUrl\":\"https:\\\/\\\/stuttgarti-katolikusok.de\\\/wp-content\\\/uploads\\\/2020\\\/11\\\/ablak-szentek.jpg\",\"articleSection\":[\"Progamel\u0151zetes\"],\"inLanguage\":\"hu\"},{\"@type\":\"WebPage\",\"@id\":\"https:\\\/\\\/stuttgarti-katolikusok.de\\\/index.php\\\/november-2-es-7-kozott\\\/\",\"url\":\"https:\\\/\\\/stuttgarti-katolikusok.de\\\/index.php\\\/november-2-es-7-kozott\\\/\",\"name\":\"November 2 \u00e9s 8 k\u00f6z\u00f6tt - Stuttgarti Katolikusok\",\"isPartOf\":{\"@id\":\"https:\\\/\\\/stuttgarti-katolikusok.de\\\/#website\"},\"primaryImageOfPage\":{\"@id\":\"https:\\\/\\\/stuttgarti-katolikusok.de\\\/index.php\\\/november-2-es-7-kozott\\\/#primaryimage\"},\"image\":{\"@id\":\"https:\\\/\\\/stuttgarti-katolikusok.de\\\/index.php\\\/november-2-es-7-kozott\\\/#primaryimage\"},\"thumbnailUrl\":\"https:\\\/\\\/stuttgarti-katolikusok.de\\\/wp-content\\\/uploads\\\/2020\\\/11\\\/ablak-szentek.jpg\",\"datePublished\":\"2020-11-02T13:38:42+00:00\",\"dateModified\":\"2020-11-02T22:40:53+00:00\",\"author\":{\"@id\":\"https:\\\/\\\/stuttgarti-katolikusok.de\\\/#\\\/schema\\\/person\\\/75908d6f8fdc03a57889d27209df7795\"},\"breadcrumb\":{\"@id\":\"https:\\\/\\\/stuttgarti-katolikusok.de\\\/index.php\\\/november-2-es-7-kozott\\\/#breadcrumb\"},\"inLanguage\":\"hu\",\"potentialAction\":[{\"@type\":\"ReadAction\",\"target\":[\"https:\\\/\\\/stuttgarti-katolikusok.de\\\/index.php\\\/november-2-es-7-kozott\\\/\"]}]},{\"@type\":\"ImageObject\",\"inLanguage\":\"hu\",\"@id\":\"https:\\\/\\\/stuttgarti-katolikusok.de\\\/index.php\\\/november-2-es-7-kozott\\\/#primaryimage\",\"url\":\"https:\\\/\\\/stuttgarti-katolikusok.de\\\/wp-content\\\/uploads\\\/2020\\\/11\\\/ablak-szentek.jpg\",\"contentUrl\":\"https:\\\/\\\/stuttgarti-katolikusok.de\\\/wp-content\\\/uploads\\\/2020\\\/11\\\/ablak-szentek.jpg\",\"width\":640,\"height\":396},{\"@type\":\"BreadcrumbList\",\"@id\":\"https:\\\/\\\/stuttgarti-katolikusok.de\\\/index.php\\\/november-2-es-7-kozott\\\/#breadcrumb\",\"itemListElement\":[{\"@type\":\"ListItem\",\"position\":1,\"name\":\"Kezd\u0151lap\",\"item\":\"https:\\\/\\\/stuttgarti-katolikusok.de\\\/\"},{\"@type\":\"ListItem\",\"position\":2,\"name\":\"November 2 \u00e9s 8 k\u00f6z\u00f6tt\"}]},{\"@type\":\"WebSite\",\"@id\":\"https:\\\/\\\/stuttgarti-katolikusok.de\\\/#website\",\"url\":\"https:\\\/\\\/stuttgarti-katolikusok.de\\\/\",\"name\":\"Stuttgarti Katolikusok\",\"description\":\"\",\"potentialAction\":[{\"@type\":\"SearchAction\",\"target\":{\"@type\":\"EntryPoint\",\"urlTemplate\":\"https:\\\/\\\/stuttgarti-katolikusok.de\\\/?s={search_term_string}\"},\"query-input\":{\"@type\":\"PropertyValueSpecification\",\"valueRequired\":true,\"valueName\":\"search_term_string\"}}],\"inLanguage\":\"hu\"},{\"@type\":\"Person\",\"@id\":\"https:\\\/\\\/stuttgarti-katolikusok.de\\\/#\\\/schema\\\/person\\\/75908d6f8fdc03a57889d27209df7795\",\"name\":\"Tibor atya\",\"image\":{\"@type\":\"ImageObject\",\"inLanguage\":\"hu\",\"@id\":\"https:\\\/\\\/secure.gravatar.com\\\/avatar\\\/61d268e57d1f4525b111222e29d2d5a7f8c420fdbf231ba5566a8ceac74fa960?s=96&d=mm&r=g\",\"url\":\"https:\\\/\\\/secure.gravatar.com\\\/avatar\\\/61d268e57d1f4525b111222e29d2d5a7f8c420fdbf231ba5566a8ceac74fa960?s=96&d=mm&r=g\",\"contentUrl\":\"https:\\\/\\\/secure.gravatar.com\\\/avatar\\\/61d268e57d1f4525b111222e29d2d5a7f8c420fdbf231ba5566a8ceac74fa960?s=96&d=mm&r=g\",\"caption\":\"Tibor atya\"},\"url\":\"https:\\\/\\\/stuttgarti-katolikusok.de\\\/index.php\\\/author\\\/tibor-atya\\\/\"}]}<\/script>\n<!-- \/ Yoast SEO plugin. -->","yoast_head_json":{"title":"November 2 \u00e9s 8 k\u00f6z\u00f6tt - Stuttgarti Katolikusok","robots":{"index":"index","follow":"follow","max-snippet":"max-snippet:-1","max-image-preview":"max-image-preview:large","max-video-preview":"max-video-preview:-1"},"canonical":"https:\/\/stuttgarti-katolikusok.de\/index.php\/november-2-es-7-kozott\/","og_locale":"hu_HU","og_type":"article","og_title":"November 2 \u00e9s 8 k\u00f6z\u00f6tt - Stuttgarti Katolikusok","og_description":"Programel\u0151zetes A jelenlegi egyh\u00e1zi rendelkez\u00e9sek \u00e9rtelm\u00e9ben a szentmise ut\u00e1ni \u00e1g\u00e1p\u00e9 elmarad!\u00a0\u00a0 Szentmis\u00e9n k\u00f6telez\u0151 a maszk haszn\u00e1lata, jelenl\u00e9ti lista n\u00e9vvel \u00e9s el\u00e9rhet\u0151s\u00e9ggel, kezek fert\u0151tlen\u00edt\u00e9se! * November 4-\u00e9n, szerd\u00e1n, Weingarteni d\u00e9lut\u00e1n. A 14 Nothelfer Kapelle-ben18 \u00f3rakor szentmise, keret\u00e9ben Besz\u00e9lget\u00e9sek a Katekizmusr\u00f3l. El\u0151tte r\u00f3zsaf\u00fcz\u00e9rt im\u00e1dkozunk. * November 5-\u00e9n, cs\u00fct\u00f6rt\u00f6k\u00f6n, Ulmi d\u00e9lut\u00e1n. 18.00 \u00f3rakor szentmise, el\u0151tte r\u00f3zsaf\u00fcz\u00e9rt im\u00e1dkozunk. Szentmise keret\u00e9ben Besz\u00e9lget\u00e9sek a Katekizmusr\u00f3l. * November 6-\u00e1n,\u00a0p\u00e9nteken, Stuttgartban 16.00 \u00f3rakor Bar\u00e1ts\u00e1gklub. Sajnos a k\u00f6z\u00f6ss\u00e9gi terem konyh\u00e1j\u00e1t egyel\u0151re m\u00e9g nem tudjuk haszn\u00e1lni, 18.00 \u00f3rakor\u00a0szentmise, keret\u00e9ben Besz\u00e9lget\u00e9sek a Katekizmusr\u00f3l. Szentmise ut\u00e1n imak\u00f6r. * November 7-\u00e9n, szombaton, Balingenben 17.00 \u00f3rakor szentmise. \u00a0* November 8-\u00e1n, \u00c9vk\u00f6zi 32. vas\u00e1rnap, Weingartenben, Marienkirche-ben 11.00 \u00f3rakor Szent Imre b\u00facs\u00fas szentmise, Ulmban 15.00 \u00f3rakor szentmise. * Minden helyen mindenkit szeretettel v\u00e1r a k\u00f6z\u00f6ss\u00e9g \u00e9s Tibor atya! Bens\u0151s\u00e9ges \u0151szi napokat, j\u00f3 munk\u00e1t, tartalmas besz\u00e9lget\u00e9seket \u00e9s \u00f6r\u00f6mteli tal\u00e1lkoz\u00e1sokat k\u00edv\u00e1nunk minden Kedves H\u00edv\u00fcnknek! \u201eA szent semmi m\u00e1s nem akar lenni, csak az isteni akarat puszta eszk\u00f6ze. Egyszer\u0171en ablak, amelyen kereszt\u00fcl Isten kegyelme a vil\u00e1gra ragyog.\u201d (Thomas Merton \u2013 1915-1968 \u2013 trappista szerzetes, lelkis\u00e9gi \u00edr\u00f3, k\u00f6lt\u0151) (Fot\u00f3: Pixabay)","og_url":"https:\/\/stuttgarti-katolikusok.de\/index.php\/november-2-es-7-kozott\/","og_site_name":"Stuttgarti Katolikusok","article_published_time":"2020-11-02T13:38:42+00:00","article_modified_time":"2020-11-02T22:40:53+00:00","og_image":[{"width":640,"height":396,"url":"https:\/\/stuttgarti-katolikusok.de\/wp-content\/uploads\/2020\/11\/ablak-szentek.jpg","type":"image\/jpeg"}],"author":"Tibor atya","twitter_card":"summary_large_image","twitter_misc":{"Szerz\u0151:":"Tibor atya","Becs\u00fclt olvas\u00e1si id\u0151":"1 perc"},"schema":{"@context":"https:\/\/schema.org","@graph":[{"@type":"Article","@id":"https:\/\/stuttgarti-katolikusok.de\/index.php\/november-2-es-7-kozott\/#article","isPartOf":{"@id":"https:\/\/stuttgarti-katolikusok.de\/index.php\/november-2-es-7-kozott\/"},"author":{"name":"Tibor atya","@id":"https:\/\/stuttgarti-katolikusok.de\/#\/schema\/person\/75908d6f8fdc03a57889d27209df7795"},"headline":"November 2 \u00e9s 8 k\u00f6z\u00f6tt","datePublished":"2020-11-02T13:38:42+00:00","dateModified":"2020-11-02T22:40:53+00:00","mainEntityOfPage":{"@id":"https:\/\/stuttgarti-katolikusok.de\/index.php\/november-2-es-7-kozott\/"},"wordCount":254,"image":{"@id":"https:\/\/stuttgarti-katolikusok.de\/index.php\/november-2-es-7-kozott\/#primaryimage"},"thumbnailUrl":"https:\/\/stuttgarti-katolikusok.de\/wp-content\/uploads\/2020\/11\/ablak-szentek.jpg","articleSection":["Progamel\u0151zetes"],"inLanguage":"hu"},{"@type":"WebPage","@id":"https:\/\/stuttgarti-katolikusok.de\/index.php\/november-2-es-7-kozott\/","url":"https:\/\/stuttgarti-katolikusok.de\/index.php\/november-2-es-7-kozott\/","name":"November 2 \u00e9s 8 k\u00f6z\u00f6tt - Stuttgarti Katolikusok","isPartOf":{"@id":"https:\/\/stuttgarti-katolikusok.de\/#website"},"primaryImageOfPage":{"@id":"https:\/\/stuttgarti-katolikusok.de\/index.php\/november-2-es-7-kozott\/#primaryimage"},"image":{"@id":"https:\/\/stuttgarti-katolikusok.de\/index.php\/november-2-es-7-kozott\/#primaryimage"},"thumbnailUrl":"https:\/\/stuttgarti-katolikusok.de\/wp-content\/uploads\/2020\/11\/ablak-szentek.jpg","datePublished":"2020-11-02T13:38:42+00:00","dateModified":"2020-11-02T22:40:53+00:00","author":{"@id":"https:\/\/stuttgarti-katolikusok.de\/#\/schema\/person\/75908d6f8fdc03a57889d27209df7795"},"breadcrumb":{"@id":"https:\/\/stuttgarti-katolikusok.de\/index.php\/november-2-es-7-kozott\/#breadcrumb"},"inLanguage":"hu","potentialAction":[{"@type":"ReadAction","target":["https:\/\/stuttgarti-katolikusok.de\/index.php\/november-2-es-7-kozott\/"]}]},{"@type":"ImageObject","inLanguage":"hu","@id":"https:\/\/stuttgarti-katolikusok.de\/index.php\/november-2-es-7-kozott\/#primaryimage","url":"https:\/\/stuttgarti-katolikusok.de\/wp-content\/uploads\/2020\/11\/ablak-szentek.jpg","contentUrl":"https:\/\/stuttgarti-katolikusok.de\/wp-content\/uploads\/2020\/11\/ablak-szentek.jpg","width":640,"height":396},{"@type":"BreadcrumbList","@id":"https:\/\/stuttgarti-katolikusok.de\/index.php\/november-2-es-7-kozott\/#breadcrumb","itemListElement":[{"@type":"ListItem","position":1,"name":"Kezd\u0151lap","item":"https:\/\/stuttgarti-katolikusok.de\/"},{"@type":"ListItem","position":2,"name":"November 2 \u00e9s 8 k\u00f6z\u00f6tt"}]},{"@type":"WebSite","@id":"https:\/\/stuttgarti-katolikusok.de\/#website","url":"https:\/\/stuttgarti-katolikusok.de\/","name":"Stuttgarti Katolikusok","description":"","potentialAction":[{"@type":"SearchAction","target":{"@type":"EntryPoint","urlTemplate":"https:\/\/stuttgarti-katolikusok.de\/?s={search_term_string}"},"query-input":{"@type":"PropertyValueSpecification","valueRequired":true,"valueName":"search_term_string"}}],"inLanguage":"hu"},{"@type":"Person","@id":"https:\/\/stuttgarti-katolikusok.de\/#\/schema\/person\/75908d6f8fdc03a57889d27209df7795","name":"Tibor atya","image":{"@type":"ImageObject","inLanguage":"hu","@id":"https:\/\/secure.gravatar.com\/avatar\/61d268e57d1f4525b111222e29d2d5a7f8c420fdbf231ba5566a8ceac74fa960?s=96&d=mm&r=g","url":"https:\/\/secure.gravatar.com\/avatar\/61d268e57d1f4525b111222e29d2d5a7f8c420fdbf231ba5566a8ceac74fa960?s=96&d=mm&r=g","contentUrl":"https:\/\/secure.gravatar.com\/avatar\/61d268e57d1f4525b111222e29d2d5a7f8c420fdbf231ba5566a8ceac74fa960?s=96&d=mm&r=g","caption":"Tibor atya"},"url":"https:\/\/stuttgarti-katolikusok.de\/index.php\/author\/tibor-atya\/"}]}},"_links":{"self":[{"href":"https:\/\/stuttgarti-katolikusok.de\/index.php\/wp-json\/wp\/v2\/posts\/20428","targetHints":{"allow":["GET"]}}],"collection":[{"href":"https:\/\/stuttgarti-katolikusok.de\/index.php\/wp-json\/wp\/v2\/posts"}],"about":[{"href":"https:\/\/stuttgarti-katolikusok.de\/index.php\/wp-json\/wp\/v2\/types\/post"}],"author":[{"embeddable":true,"href":"https:\/\/stuttgarti-katolikusok.de\/index.php\/wp-json\/wp\/v2\/users\/3"}],"replies":[{"embeddable":true,"href":"https:\/\/stuttgarti-katolikusok.de\/index.php\/wp-json\/wp\/v2\/comments?post=20428"}],"version-history":[{"count":6,"href":"https:\/\/stuttgarti-katolikusok.de\/index.php\/wp-json\/wp\/v2\/posts\/20428\/revisions"}],"predecessor-version":[{"id":20462,"href":"https:\/\/stuttgarti-katolikusok.de\/index.php\/wp-json\/wp\/v2\/posts\/20428\/revisions\/20462"}],"wp:featuredmedia":[{"embeddable":true,"href":"https:\/\/stuttgarti-katolikusok.de\/index.php\/wp-json\/wp\/v2\/media\/20430"}],"wp:attachment":[{"href":"https:\/\/stuttgarti-katolikusok.de\/index.php\/wp-json\/wp\/v2\/media?parent=20428"}],"wp:term":[{"taxonomy":"category","embeddable":true,"href":"https:\/\/stuttgarti-katolikusok.de\/index.php\/wp-json\/wp\/v2\/categories?post=20428"},{"taxonomy":"post_tag","embeddable":true,"href":"https:\/\/stuttgarti-katolikusok.de\/index.php\/wp-json\/wp\/v2\/tags?post=20428"}],"curies":[{"name":"wp","href":"https:\/\/api.w.org\/{rel}","templated":true}]}}