{"id":20368,"date":"2020-10-24T10:12:45","date_gmt":"2020-10-24T10:12:45","guid":{"rendered":"https:\/\/gracious-dewdney.138-201-221-2.plesk.page\/?p=20368"},"modified":"2020-10-24T10:16:30","modified_gmt":"2020-10-24T10:16:30","slug":"evkozi-30-vasarnap-a-ev","status":"publish","type":"post","link":"https:\/\/stuttgarti-katolikusok.de\/index.php\/evkozi-30-vasarnap-a-ev\/","title":{"rendered":"\u00c9vk\u00f6zi 30. vas\u00e1rnap &#8211; A \u00e9v"},"content":{"rendered":"<p style=\"text-align: center;\"><span style=\"color: #008000;\"><strong>2020. okt\u00f3ber 25. \u00c9VK\u00d6ZI 30. vas\u00e1rnap<\/strong><\/span><\/p>\n<p><span style=\"color: #008000;\"><strong>A Paps\u00e1g vas\u00e1rnapja<\/strong><\/span><\/p>\n<p>Az isten- \u00e9s emberszeretet szoros kapcsolatban van egym\u00e1ssal. Aki meg\u00edzlelte az Isten megismer\u00e9s\u00e9nek \u00e9s szeretet\u00e9nek \u00f6r\u00f6m\u00e9t, ind\u00edt\u00e1st \u00e9rez arra, hogy ezt az \u00f6r\u00f6m\u00e9t megossza embert\u00e1rsaival. Az Istent\u0151l kapott szeretetet tov\u00e1bb akarja adni m\u00e1soknak. Az els\u0151 kereszt\u00e9nyek \u00e9let\u00e9ben a k\u00edv\u00fcl\u00e1ll\u00f3k megcsod\u00e1lt\u00e1k, hogy hit\u00fck milyen sz\u00e9pen megmutatkozik az egym\u00e1s ir\u00e1nt val\u00f3 magatart\u00e1sukban.<\/p>\n<p><strong><span style=\"color: #ff0000;\">KEZD\u0150\u00c9NEK<\/span>\u00a0<\/strong><em>Zsolt\u00a0104, 3 \u20134<\/em><\/p>\n<p>Az Urat keres\u0151 sz\u00edvek \u00f6rvendezzenek!\u00a0Keress\u00e9tek az Urat \u00e9s hatalmas erej\u00e9t, keress\u00e9tek az \u0151 arc\u00e1t mindig!<\/p>\n<p><span style=\"color: #ff0000;\"><strong>OLVASM\u00c1NY<\/strong><\/span>\u00a0<em>Kiv 22, 20\u201326<\/em><\/p>\n<p>Isten\u00a0a mi\u00a0Teremt\u0151nk \u00e9s Aty\u00e1nk, akinek engedelmess\u00e9ggel tartozunk. Az Isten ir\u00e1nti tiszteletet \u00e9s engedelmess\u00e9get els\u0151sorban a felebar\u00e1ti szeretet megtart\u00e1s\u00e1val lehet igazolni. Ennek viszont egyik legszebb megnyilatkoz\u00e1si form\u00e1ja a r\u00e1szorul\u00f3k:\u00a0a gyeng\u00e9k \u00e9s a szeg\u00e9nyek t\u00e1mogat\u00e1sa. Az irgalmass\u00e1g testi \u00e9s lelki cselekedet\u00e9nek gyakorl\u00e1sa mindig fontos feladata volt a kereszt\u00e9ny embernek.<\/p>\n<p><span style=\"color: #ff0000;\"><strong>V\u00c1LASZOS ZSOLT\u00c1R<\/strong><\/span>\u00a0<em>17. Zsolt\u00e1r<\/em><\/p>\n<p><strong>V\u00e1lasz: Szeretlek, Uram,\u00a0<u>I<\/u>stenem,\u00a0*\u00a0\u00e9n er<u>\u0151<\/u>ss\u00e9gem.<\/strong><\/p>\n<p><span style=\"color: #ff0000;\"><strong>SZENTLECKE<\/strong><\/span>\u00a0<em>1 Tessz 1, 5c\u201310<\/em><\/p>\n<p>A tesszaloniki h\u00edvek j\u00f3l tett\u00e9k, hogy Krisztushoz csatlakoztak. Ezzel az \u00e9letet \u00e9s az \u00fcdv\u00f6ss\u00e9get v\u00e1lasztott\u00e1k. Isten ugyanis, aki Krisztust felt\u00e1masztotta \u00e9s megdics\u0151\u00edtette, a benne h\u00edv\u0151knek is megadja a felt\u00e1mad\u00e1st \u00e9s dics\u0151s\u00e9ges \u00f6r\u00f6k \u00e9letet.<\/p>\n<p><span style=\"color: #ff0000;\"><strong>ALLELUJA<\/strong><\/span><em>\u00a0Jn\u00a014, 23<\/em><\/p>\n<p>J\u00e9zus mondja:\u00a0Aki szeret engem, megfogadja szavamat, * Aty\u00e1m is szeretni fogja, \u00e9s hozz\u00e1 k\u00f6lt\u00f6z\u00fcnk.<\/p>\n<p><span style=\"color: #ff0000;\"><strong>EVANG\u00c9LIUM<\/strong><\/span>\u00a0<em>Mt 22, 10\u201340<\/em><\/p>\n<p>Az \u00edr\u00e1stud\u00f3k J\u00e9zus kor\u00e1ban is sokat vitatkoztak arr\u00f3l, hogy a t\u00f6rv\u00e9nyben szerepl\u0151 248 buzd\u00edt\u00f3 \u00e9s 365 tilt\u00f3 parancs k\u00f6z\u00fcl melyik a legfontosabb. J\u00e9zusnak is feltett\u00e9k a k\u00e9rd\u00e9st. \u0150 hat\u00e1rozottan \u00e9s egy\u00e9rtelm\u0171en ezt v\u00e1laszolta: Szeresd Uradat, Istenedet \u00e9s szeresd felebar\u00e1todat. A Szent\u00edr\u00e1s arr\u00f3l is tan\u00faskodik, hogy az istenszeretet l\u00e9nyege: tegy\u00fck meg Isten akarat\u00e1t. A felebar\u00e1ti szeretet legf\u0151bb jellemz\u0151i pedig: a tisztelet, a j\u00f3akarat, a seg\u00edt\u0151k\u00e9szs\u00e9g \u00e9s a t\u00fcrelem.<\/p>\n<p><span style=\"color: #008000;\"><strong>AZ EUCHARISZTI\u00c1HOZ<\/strong><\/span><\/p>\n<p>Minden szentmis\u00e9n k\u00e9rdezz\u00fck meg magunkt\u00f3l:\u00a0tudatosan t\u00f6rekszem\u2013e arra, hogy embert\u00e1rsainkban Krisztust l\u00e1ssam \u00e9s szolg\u00e1ljam. Ez a felt\u00e9tele annak, hogy nyugodt lelkiismerettel j\u00e1rulhassak az \u00dar asztal\u00e1hoz.<\/p>\n<p>Nem m\u00e9lt\u00f3 J\u00e9zus bar\u00e1ts\u00e1g\u00e1ra, aki k\u00f6z\u00f6mb\u00f6s m\u00e1sok sorsa ir\u00e1nt, vagy len\u00e9z\u00e9st, irigys\u00e9get \u00e9s haragot t\u00e1pl\u00e1l sz\u00edv\u00e9ben.<\/p>\n<p><span style=\"color: #008000;\"><strong>A PAPS\u00c1G VAS\u00c1RNAPJA<\/strong><\/span><\/p>\n<p><em>Az egyh\u00e1zi rend szents\u00e9ge<\/em><\/p>\n<p>(1) A pap az Egyh\u00e1z \u00fcdv\u00f6z\u00edt\u0151 miszt\u00e9rium\u00e1nak r\u00e9sze, saj\u00e1tos megh\u00edv\u00e1s\u00e1t \u00e9s szolg\u00e1lat\u00e1t az Egyh\u00e1zban kapja, az Egyh\u00e1zban \u00e9li, az Egyh\u00e1z jav\u00e1ra.<\/p>\n<p>(2) A pap testv\u00e9re azoknak, akikkel egy\u00fctt osztozik az istengyermeks\u00e9g m\u00e9lt\u00f3s\u00e1g\u00e1ban, Krisztus k\u00f6vet\u00e9s\u00e9ben, a Szentl\u00e9lek \u00e1ltali f\u00f6lken\u00e9sben Istennek az er\u00e9nyes \u00e9lettel val\u00f3 megdics\u0151\u00edt\u00e9s\u00e9re, az \u00e9letszents\u00e9gre sz\u00f3l\u00f3 megh\u00edv\u00e1sban.<\/p>\n<p>(3) A pap k\u00fcldet\u00e9se saj\u00e1tos r\u00e9szesed\u00e9s Krisztus \u00e9s az eg\u00e9sz Egyh\u00e1z k\u00fcldet\u00e9s\u00e9ben: a tan\u00edt\u00f3i\u00a0<em>(pr\u00f3f\u00e9tai, mart\u00fcria)<\/em>, a megszentel\u0151i\u00a0<em>(papi, liturgia)<\/em>\u00a0\u00e9s a kir\u00e1lyi\u00a0<em>(p\u00e1sztori, diak\u00f3nia)<\/em>\u00a0k\u00fcldet\u00e9sben, amely \u00e1ltal kommunio \u00e9p\u00fcl a Szenth\u00e1roms\u00e1g egy Istennel \u00e9s az Egyh\u00e1z tagjai, valamint minden ember k\u00f6z\u00f6tt.<\/p>\n<p><span style=\"color: #008000;\"><strong><em>IM\u00c1DS\u00c1G A PAPOK\u00c9RT<\/em><\/strong><\/span><\/p>\n<p>M\u00e1ria, J\u00e9zus Anyja \u00e9s a papok Anyja, engedd, hogy\u00a0\u00edgy sz\u00f3l\u00edtsunk t\u00e9ged, hogy \u00fcnnepelhess\u00fck anyas\u00e1godat,\u00a0s Fiad \u00e9s fiaid paps\u00e1g\u00e1t szeml\u00e9lhess\u00fck n\u00e1lad,\u00a0Istennek szent anyja!<\/p>\n<p>Krisztus Anyja, aki a Szentl\u00e9lek f\u00f6lken\u00e9se \u00e1ltal a pap Messi\u00e1snak embertestet adt\u00e1l, hogy \u00fcdv\u00f6z\u00edtse a szeg\u00e9nyeket \u00e9s a megt\u00f6rtsz\u00edv\u0171eket; \u0151rizd meg sz\u00edvedben \u00e9s Egyh\u00e1zadban a papokat, Megv\u00e1lt\u00f3nknak Anyja!<\/p>\n<p>Hitnek Anyja, aki elk\u00eds\u00e9rted a templomba az Emberfi\u00e1t, hogy beteljes\u00edtse az aty\u00e1knak adott \u00edg\u00e9reteket; aj\u00e1nld az Aty\u00e1nak az \u0151 dics\u0151s\u00e9g\u00e9re Fiadnak papjait,\u00a0Sz\u00f6vets\u00e9g Szent Szekr\u00e9nye!<\/p>\n<p>Egyh\u00e1znak Anyja, aki az utols\u00f3 vacsora term\u00e9ben\u00a0a tan\u00edtv\u00e1nyok k\u00f6z\u00f6tt az \u00faj n\u00e9p\u00e9rt \u00e9s p\u00e1sztorai\u00e9rt im\u00e1dkozt\u00e1l; eszk\u00f6z\u00f6ld ki a papoknak az aj\u00e1nd\u00e9kok teljess\u00e9g\u00e9t, Apostolok Kir\u00e1lyn\u0151je!<\/p>\n<p>J\u00e9zus Krisztus Anyja, ki Fiad mellett \u00e1llt\u00e1l \u00e9lte kezdet\u00e9n \u00e9s k\u00fcldet\u00e9s\u00e9ben, kerested \u0151t, a Mestert a sokas\u00e1gban, mellette \u00e1llt\u00e1l, amikor felmagasztalt\u00e1k a f\u00f6ldr\u0151l, s odaadta mag\u00e1t egyetlen \u00e9s \u00f6r\u00f6k \u00e1ldozatul; aki fiadk\u00e9nt kaptad meg J\u00e1nost, fogadd el az \u00f6r\u00f6kt\u0151l fogva megh\u00edvottakat, oltalmazd n\u00f6veked\u00e9s\u00fcket, k\u00eds\u00e9rd \u00e9let\u00fckben \u00e9s szolg\u00e1latukban a te fiaidat, Papok \u00c9desanyja! \u00c1men.<\/p>\n<p><span style=\"color: #008000;\"><strong><em>OKT\u00d3BER: A R\u00d3ZSAF\u00dcZ\u00c9R H\u00d3NAPJA<\/em><\/strong><\/span><\/p>\n<p>A\u00a0r\u00f3zsaf\u00fcz\u00e9r, amellett hogy im\u00e1ds\u00e1g a b\u00e9k\u00e9\u00e9rt, mindig a csal\u00e1d im\u00e1ds\u00e1ga is, \u00e9s im\u00e1ds\u00e1g a csal\u00e1d\u00e9rt is. Kor\u00e1bban k\u00fcl\u00f6n\u00f6sen is kedves im\u00e1ds\u00e1ga volt a kereszt\u00e9ny csal\u00e1doknak, \u00e9s bizonyosan \u00e1polta benn\u00fck a k\u00f6z\u00f6ss\u00e9get. Nem szabadna elvesz\u00edten\u00fcnk ezt a dr\u00e1ga \u00f6r\u00f6ks\u00e9get. Vissza kell t\u00e9rn\u00fcnk a csal\u00e1dban \u00e9s a csal\u00e1dok\u00e9rt v\u00e9gzett im\u00e1ds\u00e1ghoz, felhaszn\u00e1lva a r\u00f3zsaf\u00fcz\u00e9rt is.<\/p>\n<p><em>Szent II. J\u00e1nos P\u00e1l p\u00e1pa<\/em><\/p>\n<p>(<em>fr. Kiss Barnab\u00e1s ofm, Detroit)<\/em><\/p>\n","protected":false},"excerpt":{"rendered":"<p>2020. okt\u00f3ber 25. \u00c9VK\u00d6ZI 30. vas\u00e1rnap A Paps\u00e1g vas\u00e1rnapja Az isten- \u00e9s emberszeretet szoros kapcsolatban van egym\u00e1ssal. Aki meg\u00edzlelte az Isten megismer\u00e9s\u00e9nek \u00e9s szeretet\u00e9nek \u00f6r\u00f6m\u00e9t, ind\u00edt\u00e1st \u00e9rez arra, hogy ezt az \u00f6r\u00f6m\u00e9t megossza embert\u00e1rsaival. Az Istent\u0151l kapott szeretetet tov\u00e1bb akarja adni m\u00e1soknak. Az els\u0151 kereszt\u00e9nyek \u00e9let\u00e9ben a k\u00edv\u00fcl\u00e1ll\u00f3k megcsod\u00e1lt\u00e1k, hogy hit\u00fck milyen sz\u00e9pen megmutatkozik az egym\u00e1s ir\u00e1nt val\u00f3 magatart\u00e1sukban. KEZD\u0150\u00c9NEK\u00a0Zsolt\u00a0104, 3 \u20134 Az Urat keres\u0151 sz\u00edvek \u00f6rvendezzenek!\u00a0Keress\u00e9tek az Urat \u00e9s hatalmas erej\u00e9t, keress\u00e9tek az \u0151 arc\u00e1t mindig! OLVASM\u00c1NY\u00a0Kiv 22, 20\u201326 Isten\u00a0a mi\u00a0Teremt\u0151nk \u00e9s Aty\u00e1nk, akinek engedelmess\u00e9ggel tartozunk. Az Isten ir\u00e1nti tiszteletet \u00e9s engedelmess\u00e9get els\u0151sorban a felebar\u00e1ti szeretet megtart\u00e1s\u00e1val lehet igazolni. Ennek viszont egyik legszebb megnyilatkoz\u00e1si form\u00e1ja a r\u00e1szorul\u00f3k:\u00a0a gyeng\u00e9k \u00e9s a szeg\u00e9nyek t\u00e1mogat\u00e1sa. Az irgalmass\u00e1g testi \u00e9s lelki cselekedet\u00e9nek gyakorl\u00e1sa mindig fontos feladata volt a kereszt\u00e9ny embernek. V\u00c1LASZOS ZSOLT\u00c1R\u00a017. Zsolt\u00e1r V\u00e1lasz: Szeretlek, Uram,\u00a0Istenem,\u00a0*\u00a0\u00e9n er\u0151ss\u00e9gem. SZENTLECKE\u00a01 Tessz 1, 5c\u201310 A tesszaloniki h\u00edvek j\u00f3l tett\u00e9k, hogy Krisztushoz csatlakoztak. Ezzel az \u00e9letet \u00e9s az \u00fcdv\u00f6ss\u00e9get v\u00e1lasztott\u00e1k. Isten ugyanis, aki Krisztust felt\u00e1masztotta \u00e9s megdics\u0151\u00edtette, a benne h\u00edv\u0151knek is megadja a felt\u00e1mad\u00e1st \u00e9s dics\u0151s\u00e9ges \u00f6r\u00f6k \u00e9letet. ALLELUJA\u00a0Jn\u00a014, 23 J\u00e9zus mondja:\u00a0Aki szeret engem, megfogadja szavamat, * Aty\u00e1m is szeretni fogja, \u00e9s hozz\u00e1 k\u00f6lt\u00f6z\u00fcnk. EVANG\u00c9LIUM\u00a0Mt 22, 10\u201340 Az \u00edr\u00e1stud\u00f3k J\u00e9zus kor\u00e1ban is sokat vitatkoztak arr\u00f3l, hogy a t\u00f6rv\u00e9nyben szerepl\u0151 248 buzd\u00edt\u00f3 \u00e9s 365 tilt\u00f3 parancs k\u00f6z\u00fcl melyik a legfontosabb. J\u00e9zusnak is feltett\u00e9k a k\u00e9rd\u00e9st. \u0150 hat\u00e1rozottan \u00e9s egy\u00e9rtelm\u0171en ezt v\u00e1laszolta: Szeresd Uradat, Istenedet \u00e9s szeresd felebar\u00e1todat. A Szent\u00edr\u00e1s arr\u00f3l is tan\u00faskodik, hogy az istenszeretet l\u00e9nyege: tegy\u00fck meg Isten akarat\u00e1t. A felebar\u00e1ti szeretet legf\u0151bb jellemz\u0151i pedig: a tisztelet, a j\u00f3akarat, a seg\u00edt\u0151k\u00e9szs\u00e9g \u00e9s a t\u00fcrelem. AZ EUCHARISZTI\u00c1HOZ Minden szentmis\u00e9n k\u00e9rdezz\u00fck meg magunkt\u00f3l:\u00a0tudatosan t\u00f6rekszem\u2013e arra, hogy embert\u00e1rsainkban Krisztust l\u00e1ssam \u00e9s szolg\u00e1ljam. Ez a felt\u00e9tele annak, hogy nyugodt lelkiismerettel j\u00e1rulhassak az \u00dar asztal\u00e1hoz. Nem m\u00e9lt\u00f3 J\u00e9zus bar\u00e1ts\u00e1g\u00e1ra, aki k\u00f6z\u00f6mb\u00f6s m\u00e1sok sorsa ir\u00e1nt, vagy len\u00e9z\u00e9st, irigys\u00e9get \u00e9s haragot t\u00e1pl\u00e1l sz\u00edv\u00e9ben. A&#8230; <\/p>\n<p><a class=\"readmore\" href=\"https:\/\/stuttgarti-katolikusok.de\/index.php\/evkozi-30-vasarnap-a-ev\/\">R\u00e9szletek<\/a><\/p>\n","protected":false},"author":3,"featured_media":20369,"comment_status":"closed","ping_status":"closed","sticky":false,"template":"","format":"standard","meta":{"footnotes":""},"categories":[63],"tags":[],"class_list":["post-20368","post","type-post","status-publish","format-standard","has-post-thumbnail","hentry","category-vasarnapi-gondolatok"],"yoast_head":"<!-- This site is optimized with the Yoast SEO plugin v27.3 - https:\/\/yoast.com\/product\/yoast-seo-wordpress\/ -->\n<title>\u00c9vk\u00f6zi 30. vas\u00e1rnap - A \u00e9v - Stuttgarti Katolikusok<\/title>\n<meta name=\"robots\" content=\"index, follow, max-snippet:-1, max-image-preview:large, max-video-preview:-1\" \/>\n<link rel=\"canonical\" href=\"https:\/\/stuttgarti-katolikusok.de\/index.php\/evkozi-30-vasarnap-a-ev\/\" \/>\n<meta property=\"og:locale\" content=\"hu_HU\" \/>\n<meta property=\"og:type\" content=\"article\" \/>\n<meta property=\"og:title\" content=\"\u00c9vk\u00f6zi 30. vas\u00e1rnap - A \u00e9v - Stuttgarti Katolikusok\" \/>\n<meta property=\"og:description\" content=\"2020. okt\u00f3ber 25. \u00c9VK\u00d6ZI 30. vas\u00e1rnap A Paps\u00e1g vas\u00e1rnapja Az isten- \u00e9s emberszeretet szoros kapcsolatban van egym\u00e1ssal. Aki meg\u00edzlelte az Isten megismer\u00e9s\u00e9nek \u00e9s szeretet\u00e9nek \u00f6r\u00f6m\u00e9t, ind\u00edt\u00e1st \u00e9rez arra, hogy ezt az \u00f6r\u00f6m\u00e9t megossza embert\u00e1rsaival. Az Istent\u0151l kapott szeretetet tov\u00e1bb akarja adni m\u00e1soknak. Az els\u0151 kereszt\u00e9nyek \u00e9let\u00e9ben a k\u00edv\u00fcl\u00e1ll\u00f3k megcsod\u00e1lt\u00e1k, hogy hit\u00fck milyen sz\u00e9pen megmutatkozik az egym\u00e1s ir\u00e1nt val\u00f3 magatart\u00e1sukban. KEZD\u0150\u00c9NEK\u00a0Zsolt\u00a0104, 3 \u20134 Az Urat keres\u0151 sz\u00edvek \u00f6rvendezzenek!\u00a0Keress\u00e9tek az Urat \u00e9s hatalmas erej\u00e9t, keress\u00e9tek az \u0151 arc\u00e1t mindig! OLVASM\u00c1NY\u00a0Kiv 22, 20\u201326 Isten\u00a0a mi\u00a0Teremt\u0151nk \u00e9s Aty\u00e1nk, akinek engedelmess\u00e9ggel tartozunk. Az Isten ir\u00e1nti tiszteletet \u00e9s engedelmess\u00e9get els\u0151sorban a felebar\u00e1ti szeretet megtart\u00e1s\u00e1val lehet igazolni. Ennek viszont egyik legszebb megnyilatkoz\u00e1si form\u00e1ja a r\u00e1szorul\u00f3k:\u00a0a gyeng\u00e9k \u00e9s a szeg\u00e9nyek t\u00e1mogat\u00e1sa. Az irgalmass\u00e1g testi \u00e9s lelki cselekedet\u00e9nek gyakorl\u00e1sa mindig fontos feladata volt a kereszt\u00e9ny embernek. V\u00c1LASZOS ZSOLT\u00c1R\u00a017. Zsolt\u00e1r V\u00e1lasz: Szeretlek, Uram,\u00a0Istenem,\u00a0*\u00a0\u00e9n er\u0151ss\u00e9gem. SZENTLECKE\u00a01 Tessz 1, 5c\u201310 A tesszaloniki h\u00edvek j\u00f3l tett\u00e9k, hogy Krisztushoz csatlakoztak. Ezzel az \u00e9letet \u00e9s az \u00fcdv\u00f6ss\u00e9get v\u00e1lasztott\u00e1k. Isten ugyanis, aki Krisztust felt\u00e1masztotta \u00e9s megdics\u0151\u00edtette, a benne h\u00edv\u0151knek is megadja a felt\u00e1mad\u00e1st \u00e9s dics\u0151s\u00e9ges \u00f6r\u00f6k \u00e9letet. ALLELUJA\u00a0Jn\u00a014, 23 J\u00e9zus mondja:\u00a0Aki szeret engem, megfogadja szavamat, * Aty\u00e1m is szeretni fogja, \u00e9s hozz\u00e1 k\u00f6lt\u00f6z\u00fcnk. EVANG\u00c9LIUM\u00a0Mt 22, 10\u201340 Az \u00edr\u00e1stud\u00f3k J\u00e9zus kor\u00e1ban is sokat vitatkoztak arr\u00f3l, hogy a t\u00f6rv\u00e9nyben szerepl\u0151 248 buzd\u00edt\u00f3 \u00e9s 365 tilt\u00f3 parancs k\u00f6z\u00fcl melyik a legfontosabb. J\u00e9zusnak is feltett\u00e9k a k\u00e9rd\u00e9st. \u0150 hat\u00e1rozottan \u00e9s egy\u00e9rtelm\u0171en ezt v\u00e1laszolta: Szeresd Uradat, Istenedet \u00e9s szeresd felebar\u00e1todat. A Szent\u00edr\u00e1s arr\u00f3l is tan\u00faskodik, hogy az istenszeretet l\u00e9nyege: tegy\u00fck meg Isten akarat\u00e1t. A felebar\u00e1ti szeretet legf\u0151bb jellemz\u0151i pedig: a tisztelet, a j\u00f3akarat, a seg\u00edt\u0151k\u00e9szs\u00e9g \u00e9s a t\u00fcrelem. AZ EUCHARISZTI\u00c1HOZ Minden szentmis\u00e9n k\u00e9rdezz\u00fck meg magunkt\u00f3l:\u00a0tudatosan t\u00f6rekszem\u2013e arra, hogy embert\u00e1rsainkban Krisztust l\u00e1ssam \u00e9s szolg\u00e1ljam. Ez a felt\u00e9tele annak, hogy nyugodt lelkiismerettel j\u00e1rulhassak az \u00dar asztal\u00e1hoz. Nem m\u00e9lt\u00f3 J\u00e9zus bar\u00e1ts\u00e1g\u00e1ra, aki k\u00f6z\u00f6mb\u00f6s m\u00e1sok sorsa ir\u00e1nt, vagy len\u00e9z\u00e9st, irigys\u00e9get \u00e9s haragot t\u00e1pl\u00e1l sz\u00edv\u00e9ben. A... R\u00e9szletek\" \/>\n<meta property=\"og:url\" content=\"https:\/\/stuttgarti-katolikusok.de\/index.php\/evkozi-30-vasarnap-a-ev\/\" \/>\n<meta property=\"og:site_name\" content=\"Stuttgarti Katolikusok\" \/>\n<meta property=\"article:published_time\" content=\"2020-10-24T10:12:45+00:00\" \/>\n<meta property=\"article:modified_time\" content=\"2020-10-24T10:16:30+00:00\" \/>\n<meta property=\"og:image\" content=\"https:\/\/stuttgarti-katolikusok.de\/wp-content\/uploads\/2020\/10\/szeretet.jpg\" \/>\n\t<meta property=\"og:image:width\" content=\"640\" \/>\n\t<meta property=\"og:image:height\" content=\"426\" \/>\n\t<meta property=\"og:image:type\" content=\"image\/jpeg\" \/>\n<meta name=\"author\" content=\"Tibor atya\" \/>\n<meta name=\"twitter:card\" content=\"summary_large_image\" \/>\n<meta name=\"twitter:label1\" content=\"Szerz\u0151:\" \/>\n\t<meta name=\"twitter:data1\" content=\"Tibor atya\" \/>\n\t<meta name=\"twitter:label2\" content=\"Becs\u00fclt olvas\u00e1si id\u0151\" \/>\n\t<meta name=\"twitter:data2\" content=\"5 perc\" \/>\n<script type=\"application\/ld+json\" class=\"yoast-schema-graph\">{\"@context\":\"https:\\\/\\\/schema.org\",\"@graph\":[{\"@type\":\"Article\",\"@id\":\"https:\\\/\\\/stuttgarti-katolikusok.de\\\/index.php\\\/evkozi-30-vasarnap-a-ev\\\/#article\",\"isPartOf\":{\"@id\":\"https:\\\/\\\/stuttgarti-katolikusok.de\\\/index.php\\\/evkozi-30-vasarnap-a-ev\\\/\"},\"author\":{\"name\":\"Tibor atya\",\"@id\":\"https:\\\/\\\/stuttgarti-katolikusok.de\\\/#\\\/schema\\\/person\\\/75908d6f8fdc03a57889d27209df7795\"},\"headline\":\"\u00c9vk\u00f6zi 30. vas\u00e1rnap &#8211; A \u00e9v\",\"datePublished\":\"2020-10-24T10:12:45+00:00\",\"dateModified\":\"2020-10-24T10:16:30+00:00\",\"mainEntityOfPage\":{\"@id\":\"https:\\\/\\\/stuttgarti-katolikusok.de\\\/index.php\\\/evkozi-30-vasarnap-a-ev\\\/\"},\"wordCount\":984,\"image\":{\"@id\":\"https:\\\/\\\/stuttgarti-katolikusok.de\\\/index.php\\\/evkozi-30-vasarnap-a-ev\\\/#primaryimage\"},\"thumbnailUrl\":\"https:\\\/\\\/stuttgarti-katolikusok.de\\\/wp-content\\\/uploads\\\/2020\\\/10\\\/szeretet.jpg\",\"articleSection\":[\"Vas\u00e1rnapi gondolatok\"],\"inLanguage\":\"hu\"},{\"@type\":\"WebPage\",\"@id\":\"https:\\\/\\\/stuttgarti-katolikusok.de\\\/index.php\\\/evkozi-30-vasarnap-a-ev\\\/\",\"url\":\"https:\\\/\\\/stuttgarti-katolikusok.de\\\/index.php\\\/evkozi-30-vasarnap-a-ev\\\/\",\"name\":\"\u00c9vk\u00f6zi 30. vas\u00e1rnap - A \u00e9v - Stuttgarti Katolikusok\",\"isPartOf\":{\"@id\":\"https:\\\/\\\/stuttgarti-katolikusok.de\\\/#website\"},\"primaryImageOfPage\":{\"@id\":\"https:\\\/\\\/stuttgarti-katolikusok.de\\\/index.php\\\/evkozi-30-vasarnap-a-ev\\\/#primaryimage\"},\"image\":{\"@id\":\"https:\\\/\\\/stuttgarti-katolikusok.de\\\/index.php\\\/evkozi-30-vasarnap-a-ev\\\/#primaryimage\"},\"thumbnailUrl\":\"https:\\\/\\\/stuttgarti-katolikusok.de\\\/wp-content\\\/uploads\\\/2020\\\/10\\\/szeretet.jpg\",\"datePublished\":\"2020-10-24T10:12:45+00:00\",\"dateModified\":\"2020-10-24T10:16:30+00:00\",\"author\":{\"@id\":\"https:\\\/\\\/stuttgarti-katolikusok.de\\\/#\\\/schema\\\/person\\\/75908d6f8fdc03a57889d27209df7795\"},\"breadcrumb\":{\"@id\":\"https:\\\/\\\/stuttgarti-katolikusok.de\\\/index.php\\\/evkozi-30-vasarnap-a-ev\\\/#breadcrumb\"},\"inLanguage\":\"hu\",\"potentialAction\":[{\"@type\":\"ReadAction\",\"target\":[\"https:\\\/\\\/stuttgarti-katolikusok.de\\\/index.php\\\/evkozi-30-vasarnap-a-ev\\\/\"]}]},{\"@type\":\"ImageObject\",\"inLanguage\":\"hu\",\"@id\":\"https:\\\/\\\/stuttgarti-katolikusok.de\\\/index.php\\\/evkozi-30-vasarnap-a-ev\\\/#primaryimage\",\"url\":\"https:\\\/\\\/stuttgarti-katolikusok.de\\\/wp-content\\\/uploads\\\/2020\\\/10\\\/szeretet.jpg\",\"contentUrl\":\"https:\\\/\\\/stuttgarti-katolikusok.de\\\/wp-content\\\/uploads\\\/2020\\\/10\\\/szeretet.jpg\",\"width\":640,\"height\":426},{\"@type\":\"BreadcrumbList\",\"@id\":\"https:\\\/\\\/stuttgarti-katolikusok.de\\\/index.php\\\/evkozi-30-vasarnap-a-ev\\\/#breadcrumb\",\"itemListElement\":[{\"@type\":\"ListItem\",\"position\":1,\"name\":\"Kezd\u0151lap\",\"item\":\"https:\\\/\\\/stuttgarti-katolikusok.de\\\/\"},{\"@type\":\"ListItem\",\"position\":2,\"name\":\"\u00c9vk\u00f6zi 30. vas\u00e1rnap &#8211; A \u00e9v\"}]},{\"@type\":\"WebSite\",\"@id\":\"https:\\\/\\\/stuttgarti-katolikusok.de\\\/#website\",\"url\":\"https:\\\/\\\/stuttgarti-katolikusok.de\\\/\",\"name\":\"Stuttgarti Katolikusok\",\"description\":\"\",\"potentialAction\":[{\"@type\":\"SearchAction\",\"target\":{\"@type\":\"EntryPoint\",\"urlTemplate\":\"https:\\\/\\\/stuttgarti-katolikusok.de\\\/?s={search_term_string}\"},\"query-input\":{\"@type\":\"PropertyValueSpecification\",\"valueRequired\":true,\"valueName\":\"search_term_string\"}}],\"inLanguage\":\"hu\"},{\"@type\":\"Person\",\"@id\":\"https:\\\/\\\/stuttgarti-katolikusok.de\\\/#\\\/schema\\\/person\\\/75908d6f8fdc03a57889d27209df7795\",\"name\":\"Tibor atya\",\"image\":{\"@type\":\"ImageObject\",\"inLanguage\":\"hu\",\"@id\":\"https:\\\/\\\/secure.gravatar.com\\\/avatar\\\/61d268e57d1f4525b111222e29d2d5a7f8c420fdbf231ba5566a8ceac74fa960?s=96&d=mm&r=g\",\"url\":\"https:\\\/\\\/secure.gravatar.com\\\/avatar\\\/61d268e57d1f4525b111222e29d2d5a7f8c420fdbf231ba5566a8ceac74fa960?s=96&d=mm&r=g\",\"contentUrl\":\"https:\\\/\\\/secure.gravatar.com\\\/avatar\\\/61d268e57d1f4525b111222e29d2d5a7f8c420fdbf231ba5566a8ceac74fa960?s=96&d=mm&r=g\",\"caption\":\"Tibor atya\"},\"url\":\"https:\\\/\\\/stuttgarti-katolikusok.de\\\/index.php\\\/author\\\/tibor-atya\\\/\"}]}<\/script>\n<!-- \/ Yoast SEO plugin. -->","yoast_head_json":{"title":"\u00c9vk\u00f6zi 30. vas\u00e1rnap - A \u00e9v - Stuttgarti Katolikusok","robots":{"index":"index","follow":"follow","max-snippet":"max-snippet:-1","max-image-preview":"max-image-preview:large","max-video-preview":"max-video-preview:-1"},"canonical":"https:\/\/stuttgarti-katolikusok.de\/index.php\/evkozi-30-vasarnap-a-ev\/","og_locale":"hu_HU","og_type":"article","og_title":"\u00c9vk\u00f6zi 30. vas\u00e1rnap - A \u00e9v - Stuttgarti Katolikusok","og_description":"2020. okt\u00f3ber 25. \u00c9VK\u00d6ZI 30. vas\u00e1rnap A Paps\u00e1g vas\u00e1rnapja Az isten- \u00e9s emberszeretet szoros kapcsolatban van egym\u00e1ssal. Aki meg\u00edzlelte az Isten megismer\u00e9s\u00e9nek \u00e9s szeretet\u00e9nek \u00f6r\u00f6m\u00e9t, ind\u00edt\u00e1st \u00e9rez arra, hogy ezt az \u00f6r\u00f6m\u00e9t megossza embert\u00e1rsaival. Az Istent\u0151l kapott szeretetet tov\u00e1bb akarja adni m\u00e1soknak. Az els\u0151 kereszt\u00e9nyek \u00e9let\u00e9ben a k\u00edv\u00fcl\u00e1ll\u00f3k megcsod\u00e1lt\u00e1k, hogy hit\u00fck milyen sz\u00e9pen megmutatkozik az egym\u00e1s ir\u00e1nt val\u00f3 magatart\u00e1sukban. KEZD\u0150\u00c9NEK\u00a0Zsolt\u00a0104, 3 \u20134 Az Urat keres\u0151 sz\u00edvek \u00f6rvendezzenek!\u00a0Keress\u00e9tek az Urat \u00e9s hatalmas erej\u00e9t, keress\u00e9tek az \u0151 arc\u00e1t mindig! OLVASM\u00c1NY\u00a0Kiv 22, 20\u201326 Isten\u00a0a mi\u00a0Teremt\u0151nk \u00e9s Aty\u00e1nk, akinek engedelmess\u00e9ggel tartozunk. Az Isten ir\u00e1nti tiszteletet \u00e9s engedelmess\u00e9get els\u0151sorban a felebar\u00e1ti szeretet megtart\u00e1s\u00e1val lehet igazolni. Ennek viszont egyik legszebb megnyilatkoz\u00e1si form\u00e1ja a r\u00e1szorul\u00f3k:\u00a0a gyeng\u00e9k \u00e9s a szeg\u00e9nyek t\u00e1mogat\u00e1sa. Az irgalmass\u00e1g testi \u00e9s lelki cselekedet\u00e9nek gyakorl\u00e1sa mindig fontos feladata volt a kereszt\u00e9ny embernek. V\u00c1LASZOS ZSOLT\u00c1R\u00a017. Zsolt\u00e1r V\u00e1lasz: Szeretlek, Uram,\u00a0Istenem,\u00a0*\u00a0\u00e9n er\u0151ss\u00e9gem. SZENTLECKE\u00a01 Tessz 1, 5c\u201310 A tesszaloniki h\u00edvek j\u00f3l tett\u00e9k, hogy Krisztushoz csatlakoztak. Ezzel az \u00e9letet \u00e9s az \u00fcdv\u00f6ss\u00e9get v\u00e1lasztott\u00e1k. Isten ugyanis, aki Krisztust felt\u00e1masztotta \u00e9s megdics\u0151\u00edtette, a benne h\u00edv\u0151knek is megadja a felt\u00e1mad\u00e1st \u00e9s dics\u0151s\u00e9ges \u00f6r\u00f6k \u00e9letet. ALLELUJA\u00a0Jn\u00a014, 23 J\u00e9zus mondja:\u00a0Aki szeret engem, megfogadja szavamat, * Aty\u00e1m is szeretni fogja, \u00e9s hozz\u00e1 k\u00f6lt\u00f6z\u00fcnk. EVANG\u00c9LIUM\u00a0Mt 22, 10\u201340 Az \u00edr\u00e1stud\u00f3k J\u00e9zus kor\u00e1ban is sokat vitatkoztak arr\u00f3l, hogy a t\u00f6rv\u00e9nyben szerepl\u0151 248 buzd\u00edt\u00f3 \u00e9s 365 tilt\u00f3 parancs k\u00f6z\u00fcl melyik a legfontosabb. J\u00e9zusnak is feltett\u00e9k a k\u00e9rd\u00e9st. \u0150 hat\u00e1rozottan \u00e9s egy\u00e9rtelm\u0171en ezt v\u00e1laszolta: Szeresd Uradat, Istenedet \u00e9s szeresd felebar\u00e1todat. A Szent\u00edr\u00e1s arr\u00f3l is tan\u00faskodik, hogy az istenszeretet l\u00e9nyege: tegy\u00fck meg Isten akarat\u00e1t. A felebar\u00e1ti szeretet legf\u0151bb jellemz\u0151i pedig: a tisztelet, a j\u00f3akarat, a seg\u00edt\u0151k\u00e9szs\u00e9g \u00e9s a t\u00fcrelem. AZ EUCHARISZTI\u00c1HOZ Minden szentmis\u00e9n k\u00e9rdezz\u00fck meg magunkt\u00f3l:\u00a0tudatosan t\u00f6rekszem\u2013e arra, hogy embert\u00e1rsainkban Krisztust l\u00e1ssam \u00e9s szolg\u00e1ljam. Ez a felt\u00e9tele annak, hogy nyugodt lelkiismerettel j\u00e1rulhassak az \u00dar asztal\u00e1hoz. Nem m\u00e9lt\u00f3 J\u00e9zus bar\u00e1ts\u00e1g\u00e1ra, aki k\u00f6z\u00f6mb\u00f6s m\u00e1sok sorsa ir\u00e1nt, vagy len\u00e9z\u00e9st, irigys\u00e9get \u00e9s haragot t\u00e1pl\u00e1l sz\u00edv\u00e9ben. A... R\u00e9szletek","og_url":"https:\/\/stuttgarti-katolikusok.de\/index.php\/evkozi-30-vasarnap-a-ev\/","og_site_name":"Stuttgarti Katolikusok","article_published_time":"2020-10-24T10:12:45+00:00","article_modified_time":"2020-10-24T10:16:30+00:00","og_image":[{"width":640,"height":426,"url":"https:\/\/stuttgarti-katolikusok.de\/wp-content\/uploads\/2020\/10\/szeretet.jpg","type":"image\/jpeg"}],"author":"Tibor atya","twitter_card":"summary_large_image","twitter_misc":{"Szerz\u0151:":"Tibor atya","Becs\u00fclt olvas\u00e1si id\u0151":"5 perc"},"schema":{"@context":"https:\/\/schema.org","@graph":[{"@type":"Article","@id":"https:\/\/stuttgarti-katolikusok.de\/index.php\/evkozi-30-vasarnap-a-ev\/#article","isPartOf":{"@id":"https:\/\/stuttgarti-katolikusok.de\/index.php\/evkozi-30-vasarnap-a-ev\/"},"author":{"name":"Tibor atya","@id":"https:\/\/stuttgarti-katolikusok.de\/#\/schema\/person\/75908d6f8fdc03a57889d27209df7795"},"headline":"\u00c9vk\u00f6zi 30. vas\u00e1rnap &#8211; A \u00e9v","datePublished":"2020-10-24T10:12:45+00:00","dateModified":"2020-10-24T10:16:30+00:00","mainEntityOfPage":{"@id":"https:\/\/stuttgarti-katolikusok.de\/index.php\/evkozi-30-vasarnap-a-ev\/"},"wordCount":984,"image":{"@id":"https:\/\/stuttgarti-katolikusok.de\/index.php\/evkozi-30-vasarnap-a-ev\/#primaryimage"},"thumbnailUrl":"https:\/\/stuttgarti-katolikusok.de\/wp-content\/uploads\/2020\/10\/szeretet.jpg","articleSection":["Vas\u00e1rnapi gondolatok"],"inLanguage":"hu"},{"@type":"WebPage","@id":"https:\/\/stuttgarti-katolikusok.de\/index.php\/evkozi-30-vasarnap-a-ev\/","url":"https:\/\/stuttgarti-katolikusok.de\/index.php\/evkozi-30-vasarnap-a-ev\/","name":"\u00c9vk\u00f6zi 30. vas\u00e1rnap - A \u00e9v - Stuttgarti Katolikusok","isPartOf":{"@id":"https:\/\/stuttgarti-katolikusok.de\/#website"},"primaryImageOfPage":{"@id":"https:\/\/stuttgarti-katolikusok.de\/index.php\/evkozi-30-vasarnap-a-ev\/#primaryimage"},"image":{"@id":"https:\/\/stuttgarti-katolikusok.de\/index.php\/evkozi-30-vasarnap-a-ev\/#primaryimage"},"thumbnailUrl":"https:\/\/stuttgarti-katolikusok.de\/wp-content\/uploads\/2020\/10\/szeretet.jpg","datePublished":"2020-10-24T10:12:45+00:00","dateModified":"2020-10-24T10:16:30+00:00","author":{"@id":"https:\/\/stuttgarti-katolikusok.de\/#\/schema\/person\/75908d6f8fdc03a57889d27209df7795"},"breadcrumb":{"@id":"https:\/\/stuttgarti-katolikusok.de\/index.php\/evkozi-30-vasarnap-a-ev\/#breadcrumb"},"inLanguage":"hu","potentialAction":[{"@type":"ReadAction","target":["https:\/\/stuttgarti-katolikusok.de\/index.php\/evkozi-30-vasarnap-a-ev\/"]}]},{"@type":"ImageObject","inLanguage":"hu","@id":"https:\/\/stuttgarti-katolikusok.de\/index.php\/evkozi-30-vasarnap-a-ev\/#primaryimage","url":"https:\/\/stuttgarti-katolikusok.de\/wp-content\/uploads\/2020\/10\/szeretet.jpg","contentUrl":"https:\/\/stuttgarti-katolikusok.de\/wp-content\/uploads\/2020\/10\/szeretet.jpg","width":640,"height":426},{"@type":"BreadcrumbList","@id":"https:\/\/stuttgarti-katolikusok.de\/index.php\/evkozi-30-vasarnap-a-ev\/#breadcrumb","itemListElement":[{"@type":"ListItem","position":1,"name":"Kezd\u0151lap","item":"https:\/\/stuttgarti-katolikusok.de\/"},{"@type":"ListItem","position":2,"name":"\u00c9vk\u00f6zi 30. vas\u00e1rnap &#8211; A \u00e9v"}]},{"@type":"WebSite","@id":"https:\/\/stuttgarti-katolikusok.de\/#website","url":"https:\/\/stuttgarti-katolikusok.de\/","name":"Stuttgarti Katolikusok","description":"","potentialAction":[{"@type":"SearchAction","target":{"@type":"EntryPoint","urlTemplate":"https:\/\/stuttgarti-katolikusok.de\/?s={search_term_string}"},"query-input":{"@type":"PropertyValueSpecification","valueRequired":true,"valueName":"search_term_string"}}],"inLanguage":"hu"},{"@type":"Person","@id":"https:\/\/stuttgarti-katolikusok.de\/#\/schema\/person\/75908d6f8fdc03a57889d27209df7795","name":"Tibor atya","image":{"@type":"ImageObject","inLanguage":"hu","@id":"https:\/\/secure.gravatar.com\/avatar\/61d268e57d1f4525b111222e29d2d5a7f8c420fdbf231ba5566a8ceac74fa960?s=96&d=mm&r=g","url":"https:\/\/secure.gravatar.com\/avatar\/61d268e57d1f4525b111222e29d2d5a7f8c420fdbf231ba5566a8ceac74fa960?s=96&d=mm&r=g","contentUrl":"https:\/\/secure.gravatar.com\/avatar\/61d268e57d1f4525b111222e29d2d5a7f8c420fdbf231ba5566a8ceac74fa960?s=96&d=mm&r=g","caption":"Tibor atya"},"url":"https:\/\/stuttgarti-katolikusok.de\/index.php\/author\/tibor-atya\/"}]}},"_links":{"self":[{"href":"https:\/\/stuttgarti-katolikusok.de\/index.php\/wp-json\/wp\/v2\/posts\/20368","targetHints":{"allow":["GET"]}}],"collection":[{"href":"https:\/\/stuttgarti-katolikusok.de\/index.php\/wp-json\/wp\/v2\/posts"}],"about":[{"href":"https:\/\/stuttgarti-katolikusok.de\/index.php\/wp-json\/wp\/v2\/types\/post"}],"author":[{"embeddable":true,"href":"https:\/\/stuttgarti-katolikusok.de\/index.php\/wp-json\/wp\/v2\/users\/3"}],"replies":[{"embeddable":true,"href":"https:\/\/stuttgarti-katolikusok.de\/index.php\/wp-json\/wp\/v2\/comments?post=20368"}],"version-history":[{"count":5,"href":"https:\/\/stuttgarti-katolikusok.de\/index.php\/wp-json\/wp\/v2\/posts\/20368\/revisions"}],"predecessor-version":[{"id":20376,"href":"https:\/\/stuttgarti-katolikusok.de\/index.php\/wp-json\/wp\/v2\/posts\/20368\/revisions\/20376"}],"wp:featuredmedia":[{"embeddable":true,"href":"https:\/\/stuttgarti-katolikusok.de\/index.php\/wp-json\/wp\/v2\/media\/20369"}],"wp:attachment":[{"href":"https:\/\/stuttgarti-katolikusok.de\/index.php\/wp-json\/wp\/v2\/media?parent=20368"}],"wp:term":[{"taxonomy":"category","embeddable":true,"href":"https:\/\/stuttgarti-katolikusok.de\/index.php\/wp-json\/wp\/v2\/categories?post=20368"},{"taxonomy":"post_tag","embeddable":true,"href":"https:\/\/stuttgarti-katolikusok.de\/index.php\/wp-json\/wp\/v2\/tags?post=20368"}],"curies":[{"name":"wp","href":"https:\/\/api.w.org\/{rel}","templated":true}]}}