{"id":20316,"date":"2020-10-19T15:51:57","date_gmt":"2020-10-19T15:51:57","guid":{"rendered":"https:\/\/gracious-dewdney.138-201-221-2.plesk.page\/?p=20316"},"modified":"2020-10-20T20:37:32","modified_gmt":"2020-10-20T20:37:32","slug":"oktober-19-es-25-kozott","status":"publish","type":"post","link":"https:\/\/stuttgarti-katolikusok.de\/index.php\/oktober-19-es-25-kozott\/","title":{"rendered":"Okt\u00f3ber 19 \u00e9s 25 k\u00f6z\u00f6tt"},"content":{"rendered":"<p><strong>Programel\u0151zetes<\/strong><\/p>\n<p><span style=\"color: #ff6600;\"><strong><em>A jelenlegi egyh\u00e1zi rendelkez\u00e9sek \u00e9rtelm\u00e9ben a szentmise ut\u00e1ni \u00e1g\u00e1p\u00e9 elmarad!<\/em><\/strong><\/span><\/p>\n<p><span style=\"color: #ff6600;\"><strong><em>Ne feledj\u00fck, okt\u00f3ber 25-\u00e9n kezdet\u00e9t veszi a t\u00e9li id\u0151sz\u00e1m\u00edt\u00e1s!!!<\/em><\/strong><\/span><\/p>\n<p style=\"text-align: center;\">*<\/p>\n<p style=\"text-align: left;\"><strong>Okt\u00f3ber 21-\u00e9n, <\/strong>szerd\u00e1n, <strong>Weingarteni d\u00e9lut\u00e1n<\/strong>, a <em>14 Kapelle<\/em>-ben 18 \u00f3rakor szentmise, el\u0151tte r\u00f3zsaf\u00fcz\u00e9rt im\u00e1dkozunk.<\/p>\n<p style=\"text-align: center;\"><em>*<\/em><\/p>\n<p style=\"text-align: left;\"><strong>Okt\u00f3ber 22-\u00e9n<\/strong>, cs\u00fct\u00f6rt\u00f6k\u00f6n, <strong>Ulmi d\u00e9lut\u00e1n<\/strong>, 18.00 \u00f3rakor r\u00f3zsaf\u00fcz\u00e9rt im\u00e1dkozunk. <em>Nincs szentmise!!!<\/em>.<\/p>\n<p style=\"text-align: center;\">*<\/p>\n<p style=\"text-align: left;\"><strong>Okt\u00f3ber 23-\u00e1n,<\/strong>\u00a0p\u00e9nteken, <strong>Stuttgartban<\/strong><\/p>\n<p>16.00 \u00f3rakor <em>Bar\u00e1ts\u00e1gklub<\/em>. Sajnos a k\u00f6z\u00f6ss\u00e9gi terem konyh\u00e1j\u00e1t egyel\u0151re m\u00e9g nem tudjuk haszn\u00e1lni,<\/p>\n<p>18.00 \u00f3rakor\u00a0<em>okt\u00f3beri \u00e1jtatoss\u00e1g,\u00a0<\/em>majd\u00a0<em>szentmise.<\/em><\/p>\n<p style=\"text-align: center;\"><em>*<\/em><\/p>\n<p><em><strong>Okt\u00f3ber 24-\u00e9n, <\/strong><\/em><em>szombaton,<strong> Reutlingenben <\/strong>16.30 \u00f3rakor <\/em><em>szentmise<\/em><em>.<\/em><\/p>\n<p style=\"text-align: center;\"><em>*<\/em><\/p>\n<p><em><strong>Okt\u00f3ber 25-\u00e9n<\/strong><\/em><em>, \u00e9vk\u00f6zi 30. vas\u00e1rnap,<\/em><\/p>\n<p><em><strong>B\u00f6blingenben <\/strong><\/em><em>9.30 \u00f3rakor <\/em><em>szentmise<\/em><em>,<\/em><\/p>\n<p><em><strong>Heilbronnban <\/strong><\/em><em>15.30 \u00f3rakor <\/em><em>szentmise.<\/em><\/p>\n<p style=\"text-align: center;\">*<\/p>\n<p>Minden helyen mindenkit szeretettel v\u00e1r a k\u00f6z\u00f6ss\u00e9g \u00e9s Tibor atya!<\/p>\n<p><em><strong>Bens\u0151s\u00e9ges \u0151szi napokat, j\u00f3 munk\u00e1t, tartalmas besz\u00e9lget\u00e9seket \u00e9s \u00f6r\u00f6mteli tal\u00e1lkoz\u00e1sokat k\u00edv\u00e1nunk minden Kedves H\u00edv\u00fcnknek!<\/strong><\/em><\/p>\n<p style=\"text-align: center;\"><em><strong>*<\/strong><\/em><\/p>\n<p><em>\u201eCsak az k\u00e9pes a m\u00e1sok \u00e9let\u00e9\u00e9rt \u00f6nmag\u00e1t m\u00e9lyen \u00e9s \u00e1lland\u00f3an odaadni, aki a saj\u00e1t \u00e9letakarat\u00e1\u00e9rt val\u00f3 odaad\u00e1sban az esem\u00e9nyekt\u0151l val\u00f3 bels\u0151 szabads\u00e1got megtapasztalta.\u201d<\/em><\/p>\n<p><em>(Albert Schweitzer \u2013 1875-1965)<\/em><\/p>\n<p><em>(K\u00e9p forr\u00e1sa: Pixabay.com)<\/em><\/p>\n","protected":false},"excerpt":{"rendered":"<p>Programel\u0151zetes A jelenlegi egyh\u00e1zi rendelkez\u00e9sek \u00e9rtelm\u00e9ben a szentmise ut\u00e1ni \u00e1g\u00e1p\u00e9 elmarad! Ne feledj\u00fck, okt\u00f3ber 25-\u00e9n kezdet\u00e9t veszi a t\u00e9li id\u0151sz\u00e1m\u00edt\u00e1s!!! * Okt\u00f3ber 21-\u00e9n, szerd\u00e1n, Weingarteni d\u00e9lut\u00e1n, a 14 Kapelle-ben 18 \u00f3rakor szentmise, el\u0151tte r\u00f3zsaf\u00fcz\u00e9rt im\u00e1dkozunk. * Okt\u00f3ber 22-\u00e9n, cs\u00fct\u00f6rt\u00f6k\u00f6n, Ulmi d\u00e9lut\u00e1n, 18.00 \u00f3rakor r\u00f3zsaf\u00fcz\u00e9rt im\u00e1dkozunk. Nincs szentmise!!!. * Okt\u00f3ber 23-\u00e1n,\u00a0p\u00e9nteken, Stuttgartban 16.00 \u00f3rakor Bar\u00e1ts\u00e1gklub. Sajnos a k\u00f6z\u00f6ss\u00e9gi terem konyh\u00e1j\u00e1t egyel\u0151re m\u00e9g nem tudjuk haszn\u00e1lni, 18.00 \u00f3rakor\u00a0okt\u00f3beri \u00e1jtatoss\u00e1g,\u00a0majd\u00a0szentmise. * Okt\u00f3ber 24-\u00e9n, szombaton, Reutlingenben 16.30 \u00f3rakor szentmise. * Okt\u00f3ber 25-\u00e9n, \u00e9vk\u00f6zi 30. vas\u00e1rnap, B\u00f6blingenben 9.30 \u00f3rakor szentmise, Heilbronnban 15.30 \u00f3rakor szentmise. * Minden helyen mindenkit szeretettel v\u00e1r a k\u00f6z\u00f6ss\u00e9g \u00e9s Tibor atya! Bens\u0151s\u00e9ges \u0151szi napokat, j\u00f3 munk\u00e1t, tartalmas besz\u00e9lget\u00e9seket \u00e9s \u00f6r\u00f6mteli tal\u00e1lkoz\u00e1sokat k\u00edv\u00e1nunk minden Kedves H\u00edv\u00fcnknek! * \u201eCsak az k\u00e9pes a m\u00e1sok \u00e9let\u00e9\u00e9rt \u00f6nmag\u00e1t m\u00e9lyen \u00e9s \u00e1lland\u00f3an odaadni, aki a saj\u00e1t \u00e9letakarat\u00e1\u00e9rt val\u00f3 odaad\u00e1sban az esem\u00e9nyekt\u0151l val\u00f3 bels\u0151 szabads\u00e1got megtapasztalta.\u201d (Albert Schweitzer \u2013 1875-1965) (K\u00e9p forr\u00e1sa: Pixabay.com)<\/p>\n","protected":false},"author":3,"featured_media":20305,"comment_status":"closed","ping_status":"closed","sticky":false,"template":"","format":"standard","meta":{"footnotes":""},"categories":[37],"tags":[],"class_list":["post-20316","post","type-post","status-publish","format-standard","has-post-thumbnail","hentry","category-progamelozetes"],"yoast_head":"<!-- This site is optimized with the Yoast SEO plugin v27.3 - https:\/\/yoast.com\/product\/yoast-seo-wordpress\/ -->\n<title>Okt\u00f3ber 19 \u00e9s 25 k\u00f6z\u00f6tt - Stuttgarti Katolikusok<\/title>\n<meta name=\"robots\" content=\"index, follow, max-snippet:-1, max-image-preview:large, max-video-preview:-1\" \/>\n<link rel=\"canonical\" href=\"https:\/\/stuttgarti-katolikusok.de\/index.php\/oktober-19-es-25-kozott\/\" \/>\n<meta property=\"og:locale\" content=\"hu_HU\" \/>\n<meta property=\"og:type\" content=\"article\" \/>\n<meta property=\"og:title\" content=\"Okt\u00f3ber 19 \u00e9s 25 k\u00f6z\u00f6tt - Stuttgarti Katolikusok\" \/>\n<meta property=\"og:description\" content=\"Programel\u0151zetes A jelenlegi egyh\u00e1zi rendelkez\u00e9sek \u00e9rtelm\u00e9ben a szentmise ut\u00e1ni \u00e1g\u00e1p\u00e9 elmarad! Ne feledj\u00fck, okt\u00f3ber 25-\u00e9n kezdet\u00e9t veszi a t\u00e9li id\u0151sz\u00e1m\u00edt\u00e1s!!! * Okt\u00f3ber 21-\u00e9n, szerd\u00e1n, Weingarteni d\u00e9lut\u00e1n, a 14 Kapelle-ben 18 \u00f3rakor szentmise, el\u0151tte r\u00f3zsaf\u00fcz\u00e9rt im\u00e1dkozunk. * Okt\u00f3ber 22-\u00e9n, cs\u00fct\u00f6rt\u00f6k\u00f6n, Ulmi d\u00e9lut\u00e1n, 18.00 \u00f3rakor r\u00f3zsaf\u00fcz\u00e9rt im\u00e1dkozunk. Nincs szentmise!!!. * Okt\u00f3ber 23-\u00e1n,\u00a0p\u00e9nteken, Stuttgartban 16.00 \u00f3rakor Bar\u00e1ts\u00e1gklub. Sajnos a k\u00f6z\u00f6ss\u00e9gi terem konyh\u00e1j\u00e1t egyel\u0151re m\u00e9g nem tudjuk haszn\u00e1lni, 18.00 \u00f3rakor\u00a0okt\u00f3beri \u00e1jtatoss\u00e1g,\u00a0majd\u00a0szentmise. * Okt\u00f3ber 24-\u00e9n, szombaton, Reutlingenben 16.30 \u00f3rakor szentmise. * Okt\u00f3ber 25-\u00e9n, \u00e9vk\u00f6zi 30. vas\u00e1rnap, B\u00f6blingenben 9.30 \u00f3rakor szentmise, Heilbronnban 15.30 \u00f3rakor szentmise. * Minden helyen mindenkit szeretettel v\u00e1r a k\u00f6z\u00f6ss\u00e9g \u00e9s Tibor atya! Bens\u0151s\u00e9ges \u0151szi napokat, j\u00f3 munk\u00e1t, tartalmas besz\u00e9lget\u00e9seket \u00e9s \u00f6r\u00f6mteli tal\u00e1lkoz\u00e1sokat k\u00edv\u00e1nunk minden Kedves H\u00edv\u00fcnknek! * \u201eCsak az k\u00e9pes a m\u00e1sok \u00e9let\u00e9\u00e9rt \u00f6nmag\u00e1t m\u00e9lyen \u00e9s \u00e1lland\u00f3an odaadni, aki a saj\u00e1t \u00e9letakarat\u00e1\u00e9rt val\u00f3 odaad\u00e1sban az esem\u00e9nyekt\u0151l val\u00f3 bels\u0151 szabads\u00e1got megtapasztalta.\u201d (Albert Schweitzer \u2013 1875-1965) (K\u00e9p forr\u00e1sa: Pixabay.com)\" \/>\n<meta property=\"og:url\" content=\"https:\/\/stuttgarti-katolikusok.de\/index.php\/oktober-19-es-25-kozott\/\" \/>\n<meta property=\"og:site_name\" content=\"Stuttgarti Katolikusok\" \/>\n<meta property=\"article:published_time\" content=\"2020-10-19T15:51:57+00:00\" \/>\n<meta property=\"article:modified_time\" content=\"2020-10-20T20:37:32+00:00\" \/>\n<meta property=\"og:image\" content=\"https:\/\/stuttgarti-katolikusok.de\/wp-content\/uploads\/2020\/10\/hands-1797401-640.jpg\" \/>\n\t<meta property=\"og:image:width\" content=\"640\" \/>\n\t<meta property=\"og:image:height\" content=\"426\" \/>\n\t<meta property=\"og:image:type\" content=\"image\/jpeg\" \/>\n<meta name=\"author\" content=\"Tibor atya\" \/>\n<meta name=\"twitter:card\" content=\"summary_large_image\" \/>\n<meta name=\"twitter:label1\" content=\"Szerz\u0151:\" \/>\n\t<meta name=\"twitter:data1\" content=\"Tibor atya\" \/>\n\t<meta name=\"twitter:label2\" content=\"Becs\u00fclt olvas\u00e1si id\u0151\" \/>\n\t<meta name=\"twitter:data2\" content=\"1 perc\" \/>\n<script type=\"application\/ld+json\" class=\"yoast-schema-graph\">{\"@context\":\"https:\\\/\\\/schema.org\",\"@graph\":[{\"@type\":\"Article\",\"@id\":\"https:\\\/\\\/stuttgarti-katolikusok.de\\\/index.php\\\/oktober-19-es-25-kozott\\\/#article\",\"isPartOf\":{\"@id\":\"https:\\\/\\\/stuttgarti-katolikusok.de\\\/index.php\\\/oktober-19-es-25-kozott\\\/\"},\"author\":{\"name\":\"Tibor atya\",\"@id\":\"https:\\\/\\\/stuttgarti-katolikusok.de\\\/#\\\/schema\\\/person\\\/75908d6f8fdc03a57889d27209df7795\"},\"headline\":\"Okt\u00f3ber 19 \u00e9s 25 k\u00f6z\u00f6tt\",\"datePublished\":\"2020-10-19T15:51:57+00:00\",\"dateModified\":\"2020-10-20T20:37:32+00:00\",\"mainEntityOfPage\":{\"@id\":\"https:\\\/\\\/stuttgarti-katolikusok.de\\\/index.php\\\/oktober-19-es-25-kozott\\\/\"},\"wordCount\":228,\"image\":{\"@id\":\"https:\\\/\\\/stuttgarti-katolikusok.de\\\/index.php\\\/oktober-19-es-25-kozott\\\/#primaryimage\"},\"thumbnailUrl\":\"https:\\\/\\\/stuttgarti-katolikusok.de\\\/wp-content\\\/uploads\\\/2020\\\/10\\\/hands-1797401-640.jpg\",\"articleSection\":[\"Progamel\u0151zetes\"],\"inLanguage\":\"hu\"},{\"@type\":\"WebPage\",\"@id\":\"https:\\\/\\\/stuttgarti-katolikusok.de\\\/index.php\\\/oktober-19-es-25-kozott\\\/\",\"url\":\"https:\\\/\\\/stuttgarti-katolikusok.de\\\/index.php\\\/oktober-19-es-25-kozott\\\/\",\"name\":\"Okt\u00f3ber 19 \u00e9s 25 k\u00f6z\u00f6tt - Stuttgarti Katolikusok\",\"isPartOf\":{\"@id\":\"https:\\\/\\\/stuttgarti-katolikusok.de\\\/#website\"},\"primaryImageOfPage\":{\"@id\":\"https:\\\/\\\/stuttgarti-katolikusok.de\\\/index.php\\\/oktober-19-es-25-kozott\\\/#primaryimage\"},\"image\":{\"@id\":\"https:\\\/\\\/stuttgarti-katolikusok.de\\\/index.php\\\/oktober-19-es-25-kozott\\\/#primaryimage\"},\"thumbnailUrl\":\"https:\\\/\\\/stuttgarti-katolikusok.de\\\/wp-content\\\/uploads\\\/2020\\\/10\\\/hands-1797401-640.jpg\",\"datePublished\":\"2020-10-19T15:51:57+00:00\",\"dateModified\":\"2020-10-20T20:37:32+00:00\",\"author\":{\"@id\":\"https:\\\/\\\/stuttgarti-katolikusok.de\\\/#\\\/schema\\\/person\\\/75908d6f8fdc03a57889d27209df7795\"},\"breadcrumb\":{\"@id\":\"https:\\\/\\\/stuttgarti-katolikusok.de\\\/index.php\\\/oktober-19-es-25-kozott\\\/#breadcrumb\"},\"inLanguage\":\"hu\",\"potentialAction\":[{\"@type\":\"ReadAction\",\"target\":[\"https:\\\/\\\/stuttgarti-katolikusok.de\\\/index.php\\\/oktober-19-es-25-kozott\\\/\"]}]},{\"@type\":\"ImageObject\",\"inLanguage\":\"hu\",\"@id\":\"https:\\\/\\\/stuttgarti-katolikusok.de\\\/index.php\\\/oktober-19-es-25-kozott\\\/#primaryimage\",\"url\":\"https:\\\/\\\/stuttgarti-katolikusok.de\\\/wp-content\\\/uploads\\\/2020\\\/10\\\/hands-1797401-640.jpg\",\"contentUrl\":\"https:\\\/\\\/stuttgarti-katolikusok.de\\\/wp-content\\\/uploads\\\/2020\\\/10\\\/hands-1797401-640.jpg\",\"width\":640,\"height\":426},{\"@type\":\"BreadcrumbList\",\"@id\":\"https:\\\/\\\/stuttgarti-katolikusok.de\\\/index.php\\\/oktober-19-es-25-kozott\\\/#breadcrumb\",\"itemListElement\":[{\"@type\":\"ListItem\",\"position\":1,\"name\":\"Kezd\u0151lap\",\"item\":\"https:\\\/\\\/stuttgarti-katolikusok.de\\\/\"},{\"@type\":\"ListItem\",\"position\":2,\"name\":\"Okt\u00f3ber 19 \u00e9s 25 k\u00f6z\u00f6tt\"}]},{\"@type\":\"WebSite\",\"@id\":\"https:\\\/\\\/stuttgarti-katolikusok.de\\\/#website\",\"url\":\"https:\\\/\\\/stuttgarti-katolikusok.de\\\/\",\"name\":\"Stuttgarti Katolikusok\",\"description\":\"\",\"potentialAction\":[{\"@type\":\"SearchAction\",\"target\":{\"@type\":\"EntryPoint\",\"urlTemplate\":\"https:\\\/\\\/stuttgarti-katolikusok.de\\\/?s={search_term_string}\"},\"query-input\":{\"@type\":\"PropertyValueSpecification\",\"valueRequired\":true,\"valueName\":\"search_term_string\"}}],\"inLanguage\":\"hu\"},{\"@type\":\"Person\",\"@id\":\"https:\\\/\\\/stuttgarti-katolikusok.de\\\/#\\\/schema\\\/person\\\/75908d6f8fdc03a57889d27209df7795\",\"name\":\"Tibor atya\",\"image\":{\"@type\":\"ImageObject\",\"inLanguage\":\"hu\",\"@id\":\"https:\\\/\\\/secure.gravatar.com\\\/avatar\\\/61d268e57d1f4525b111222e29d2d5a7f8c420fdbf231ba5566a8ceac74fa960?s=96&d=mm&r=g\",\"url\":\"https:\\\/\\\/secure.gravatar.com\\\/avatar\\\/61d268e57d1f4525b111222e29d2d5a7f8c420fdbf231ba5566a8ceac74fa960?s=96&d=mm&r=g\",\"contentUrl\":\"https:\\\/\\\/secure.gravatar.com\\\/avatar\\\/61d268e57d1f4525b111222e29d2d5a7f8c420fdbf231ba5566a8ceac74fa960?s=96&d=mm&r=g\",\"caption\":\"Tibor atya\"},\"url\":\"https:\\\/\\\/stuttgarti-katolikusok.de\\\/index.php\\\/author\\\/tibor-atya\\\/\"}]}<\/script>\n<!-- \/ Yoast SEO plugin. -->","yoast_head_json":{"title":"Okt\u00f3ber 19 \u00e9s 25 k\u00f6z\u00f6tt - Stuttgarti Katolikusok","robots":{"index":"index","follow":"follow","max-snippet":"max-snippet:-1","max-image-preview":"max-image-preview:large","max-video-preview":"max-video-preview:-1"},"canonical":"https:\/\/stuttgarti-katolikusok.de\/index.php\/oktober-19-es-25-kozott\/","og_locale":"hu_HU","og_type":"article","og_title":"Okt\u00f3ber 19 \u00e9s 25 k\u00f6z\u00f6tt - Stuttgarti Katolikusok","og_description":"Programel\u0151zetes A jelenlegi egyh\u00e1zi rendelkez\u00e9sek \u00e9rtelm\u00e9ben a szentmise ut\u00e1ni \u00e1g\u00e1p\u00e9 elmarad! Ne feledj\u00fck, okt\u00f3ber 25-\u00e9n kezdet\u00e9t veszi a t\u00e9li id\u0151sz\u00e1m\u00edt\u00e1s!!! * Okt\u00f3ber 21-\u00e9n, szerd\u00e1n, Weingarteni d\u00e9lut\u00e1n, a 14 Kapelle-ben 18 \u00f3rakor szentmise, el\u0151tte r\u00f3zsaf\u00fcz\u00e9rt im\u00e1dkozunk. * Okt\u00f3ber 22-\u00e9n, cs\u00fct\u00f6rt\u00f6k\u00f6n, Ulmi d\u00e9lut\u00e1n, 18.00 \u00f3rakor r\u00f3zsaf\u00fcz\u00e9rt im\u00e1dkozunk. Nincs szentmise!!!. * Okt\u00f3ber 23-\u00e1n,\u00a0p\u00e9nteken, Stuttgartban 16.00 \u00f3rakor Bar\u00e1ts\u00e1gklub. Sajnos a k\u00f6z\u00f6ss\u00e9gi terem konyh\u00e1j\u00e1t egyel\u0151re m\u00e9g nem tudjuk haszn\u00e1lni, 18.00 \u00f3rakor\u00a0okt\u00f3beri \u00e1jtatoss\u00e1g,\u00a0majd\u00a0szentmise. * Okt\u00f3ber 24-\u00e9n, szombaton, Reutlingenben 16.30 \u00f3rakor szentmise. * Okt\u00f3ber 25-\u00e9n, \u00e9vk\u00f6zi 30. vas\u00e1rnap, B\u00f6blingenben 9.30 \u00f3rakor szentmise, Heilbronnban 15.30 \u00f3rakor szentmise. * Minden helyen mindenkit szeretettel v\u00e1r a k\u00f6z\u00f6ss\u00e9g \u00e9s Tibor atya! Bens\u0151s\u00e9ges \u0151szi napokat, j\u00f3 munk\u00e1t, tartalmas besz\u00e9lget\u00e9seket \u00e9s \u00f6r\u00f6mteli tal\u00e1lkoz\u00e1sokat k\u00edv\u00e1nunk minden Kedves H\u00edv\u00fcnknek! * \u201eCsak az k\u00e9pes a m\u00e1sok \u00e9let\u00e9\u00e9rt \u00f6nmag\u00e1t m\u00e9lyen \u00e9s \u00e1lland\u00f3an odaadni, aki a saj\u00e1t \u00e9letakarat\u00e1\u00e9rt val\u00f3 odaad\u00e1sban az esem\u00e9nyekt\u0151l val\u00f3 bels\u0151 szabads\u00e1got megtapasztalta.\u201d (Albert Schweitzer \u2013 1875-1965) (K\u00e9p forr\u00e1sa: Pixabay.com)","og_url":"https:\/\/stuttgarti-katolikusok.de\/index.php\/oktober-19-es-25-kozott\/","og_site_name":"Stuttgarti Katolikusok","article_published_time":"2020-10-19T15:51:57+00:00","article_modified_time":"2020-10-20T20:37:32+00:00","og_image":[{"width":640,"height":426,"url":"https:\/\/stuttgarti-katolikusok.de\/wp-content\/uploads\/2020\/10\/hands-1797401-640.jpg","type":"image\/jpeg"}],"author":"Tibor atya","twitter_card":"summary_large_image","twitter_misc":{"Szerz\u0151:":"Tibor atya","Becs\u00fclt olvas\u00e1si id\u0151":"1 perc"},"schema":{"@context":"https:\/\/schema.org","@graph":[{"@type":"Article","@id":"https:\/\/stuttgarti-katolikusok.de\/index.php\/oktober-19-es-25-kozott\/#article","isPartOf":{"@id":"https:\/\/stuttgarti-katolikusok.de\/index.php\/oktober-19-es-25-kozott\/"},"author":{"name":"Tibor atya","@id":"https:\/\/stuttgarti-katolikusok.de\/#\/schema\/person\/75908d6f8fdc03a57889d27209df7795"},"headline":"Okt\u00f3ber 19 \u00e9s 25 k\u00f6z\u00f6tt","datePublished":"2020-10-19T15:51:57+00:00","dateModified":"2020-10-20T20:37:32+00:00","mainEntityOfPage":{"@id":"https:\/\/stuttgarti-katolikusok.de\/index.php\/oktober-19-es-25-kozott\/"},"wordCount":228,"image":{"@id":"https:\/\/stuttgarti-katolikusok.de\/index.php\/oktober-19-es-25-kozott\/#primaryimage"},"thumbnailUrl":"https:\/\/stuttgarti-katolikusok.de\/wp-content\/uploads\/2020\/10\/hands-1797401-640.jpg","articleSection":["Progamel\u0151zetes"],"inLanguage":"hu"},{"@type":"WebPage","@id":"https:\/\/stuttgarti-katolikusok.de\/index.php\/oktober-19-es-25-kozott\/","url":"https:\/\/stuttgarti-katolikusok.de\/index.php\/oktober-19-es-25-kozott\/","name":"Okt\u00f3ber 19 \u00e9s 25 k\u00f6z\u00f6tt - Stuttgarti Katolikusok","isPartOf":{"@id":"https:\/\/stuttgarti-katolikusok.de\/#website"},"primaryImageOfPage":{"@id":"https:\/\/stuttgarti-katolikusok.de\/index.php\/oktober-19-es-25-kozott\/#primaryimage"},"image":{"@id":"https:\/\/stuttgarti-katolikusok.de\/index.php\/oktober-19-es-25-kozott\/#primaryimage"},"thumbnailUrl":"https:\/\/stuttgarti-katolikusok.de\/wp-content\/uploads\/2020\/10\/hands-1797401-640.jpg","datePublished":"2020-10-19T15:51:57+00:00","dateModified":"2020-10-20T20:37:32+00:00","author":{"@id":"https:\/\/stuttgarti-katolikusok.de\/#\/schema\/person\/75908d6f8fdc03a57889d27209df7795"},"breadcrumb":{"@id":"https:\/\/stuttgarti-katolikusok.de\/index.php\/oktober-19-es-25-kozott\/#breadcrumb"},"inLanguage":"hu","potentialAction":[{"@type":"ReadAction","target":["https:\/\/stuttgarti-katolikusok.de\/index.php\/oktober-19-es-25-kozott\/"]}]},{"@type":"ImageObject","inLanguage":"hu","@id":"https:\/\/stuttgarti-katolikusok.de\/index.php\/oktober-19-es-25-kozott\/#primaryimage","url":"https:\/\/stuttgarti-katolikusok.de\/wp-content\/uploads\/2020\/10\/hands-1797401-640.jpg","contentUrl":"https:\/\/stuttgarti-katolikusok.de\/wp-content\/uploads\/2020\/10\/hands-1797401-640.jpg","width":640,"height":426},{"@type":"BreadcrumbList","@id":"https:\/\/stuttgarti-katolikusok.de\/index.php\/oktober-19-es-25-kozott\/#breadcrumb","itemListElement":[{"@type":"ListItem","position":1,"name":"Kezd\u0151lap","item":"https:\/\/stuttgarti-katolikusok.de\/"},{"@type":"ListItem","position":2,"name":"Okt\u00f3ber 19 \u00e9s 25 k\u00f6z\u00f6tt"}]},{"@type":"WebSite","@id":"https:\/\/stuttgarti-katolikusok.de\/#website","url":"https:\/\/stuttgarti-katolikusok.de\/","name":"Stuttgarti Katolikusok","description":"","potentialAction":[{"@type":"SearchAction","target":{"@type":"EntryPoint","urlTemplate":"https:\/\/stuttgarti-katolikusok.de\/?s={search_term_string}"},"query-input":{"@type":"PropertyValueSpecification","valueRequired":true,"valueName":"search_term_string"}}],"inLanguage":"hu"},{"@type":"Person","@id":"https:\/\/stuttgarti-katolikusok.de\/#\/schema\/person\/75908d6f8fdc03a57889d27209df7795","name":"Tibor atya","image":{"@type":"ImageObject","inLanguage":"hu","@id":"https:\/\/secure.gravatar.com\/avatar\/61d268e57d1f4525b111222e29d2d5a7f8c420fdbf231ba5566a8ceac74fa960?s=96&d=mm&r=g","url":"https:\/\/secure.gravatar.com\/avatar\/61d268e57d1f4525b111222e29d2d5a7f8c420fdbf231ba5566a8ceac74fa960?s=96&d=mm&r=g","contentUrl":"https:\/\/secure.gravatar.com\/avatar\/61d268e57d1f4525b111222e29d2d5a7f8c420fdbf231ba5566a8ceac74fa960?s=96&d=mm&r=g","caption":"Tibor atya"},"url":"https:\/\/stuttgarti-katolikusok.de\/index.php\/author\/tibor-atya\/"}]}},"_links":{"self":[{"href":"https:\/\/stuttgarti-katolikusok.de\/index.php\/wp-json\/wp\/v2\/posts\/20316","targetHints":{"allow":["GET"]}}],"collection":[{"href":"https:\/\/stuttgarti-katolikusok.de\/index.php\/wp-json\/wp\/v2\/posts"}],"about":[{"href":"https:\/\/stuttgarti-katolikusok.de\/index.php\/wp-json\/wp\/v2\/types\/post"}],"author":[{"embeddable":true,"href":"https:\/\/stuttgarti-katolikusok.de\/index.php\/wp-json\/wp\/v2\/users\/3"}],"replies":[{"embeddable":true,"href":"https:\/\/stuttgarti-katolikusok.de\/index.php\/wp-json\/wp\/v2\/comments?post=20316"}],"version-history":[{"count":5,"href":"https:\/\/stuttgarti-katolikusok.de\/index.php\/wp-json\/wp\/v2\/posts\/20316\/revisions"}],"predecessor-version":[{"id":20356,"href":"https:\/\/stuttgarti-katolikusok.de\/index.php\/wp-json\/wp\/v2\/posts\/20316\/revisions\/20356"}],"wp:featuredmedia":[{"embeddable":true,"href":"https:\/\/stuttgarti-katolikusok.de\/index.php\/wp-json\/wp\/v2\/media\/20305"}],"wp:attachment":[{"href":"https:\/\/stuttgarti-katolikusok.de\/index.php\/wp-json\/wp\/v2\/media?parent=20316"}],"wp:term":[{"taxonomy":"category","embeddable":true,"href":"https:\/\/stuttgarti-katolikusok.de\/index.php\/wp-json\/wp\/v2\/categories?post=20316"},{"taxonomy":"post_tag","embeddable":true,"href":"https:\/\/stuttgarti-katolikusok.de\/index.php\/wp-json\/wp\/v2\/tags?post=20316"}],"curies":[{"name":"wp","href":"https:\/\/api.w.org\/{rel}","templated":true}]}}