{"id":20244,"date":"2020-10-05T16:04:15","date_gmt":"2020-10-05T16:04:15","guid":{"rendered":"https:\/\/gracious-dewdney.138-201-221-2.plesk.page\/?p=20244"},"modified":"2020-10-05T16:05:18","modified_gmt":"2020-10-05T16:05:18","slug":"evkozi-27-vasarnap","status":"publish","type":"post","link":"https:\/\/stuttgarti-katolikusok.de\/index.php\/evkozi-27-vasarnap\/","title":{"rendered":"\u00c9vk\u00f6zi 27. vas\u00e1rnap"},"content":{"rendered":"<p><span style=\"color: #ff0000;\"><strong>OLVASM\u00c1NY\u00a0<\/strong>Iz 5, 1-7<\/span><\/p>\n<p><em>\u00a0\u00a0\u00a0 A pr\u00f3f\u00e9ta sz\u00f3haszn\u00e1lat\u00e1ban a v\u00e1lasztott n\u00e9p az a sz\u0151l\u0151, amelyre Isten aj\u00e1nd\u00e9kait pazarolta. T\u00f6rt\u00e9net\u00e9t \u00fcdvt\u00f6rt\u00e9nett\u00e9 tette, haz\u00e1t adott, kinyilatkoztat\u00e1st \u00e9s t\u00f6rv\u00e9nyt, v\u00e9delmezte \u0151ket \u00e9s j\u00f6v\u0151t \u00edg\u00e9rt. Ennek ellen\u00e9re meghonosodott benne a gaz, az igazs\u00e1gtalans\u00e1g, a vissza\u00e9l\u00e9s \u00e9s a hitetlens\u00e9g. Isten idej\u00e9ben, figyelmeztet a megt\u00e9r\u00e9sre, de tud \u00edt\u00e9letet is tartani.<\/em><\/p>\n<p><strong><br \/>\nOLVASM\u00c1NY Izaj\u00e1s pr\u00f3f\u00e9ta k\u00f6nyv\u00e9b\u0151l<\/strong><br \/>\n<em><br \/>\nA Seregek Ur\u00e1nak sz\u0151l\u0151je Izrael h\u00e1za.<\/em><\/p>\n<p>Hadd zengjem el bar\u00e1tomnak<br \/>\naz \u0151 sz\u0151l\u0151je ir\u00e1nt \u00e9rzett szerelmes \u00e9nek\u00e9t.<\/p>\n<p>A bar\u00e1tomnak volt egy sz\u0151l\u0151skertje,<br \/>\nterm\u00e9keny domboldalon.<br \/>\nFel\u00e1sta f\u00f6ldj\u00e9t, a k\u00f6veket kiszedte bel\u0151le<br \/>\n\u00e9s nemes sz\u0151l\u0151fajt\u00e1kkal \u00fcltette be.<br \/>\nA k\u00f6z\u00e9pre tornyot \u00e9p\u00edtett,<br \/>\nsajt\u00f3t is v\u00e1gott benne.<br \/>\nAzt\u00e1n v\u00e1rta, hogy sz\u0151l\u0151t teremjen,<br \/>\nde csak vadsz\u0151l\u0151t hozott.<br \/>\nMost h\u00e1t, Jeruzs\u00e1lem lak\u00f3i<br \/>\n\u00e9s ti, Juda f\u00e9rfiai:<br \/>\nTegyetek igazs\u00e1got k\u00f6ztem \u00e9s sz\u0151l\u0151m k\u00f6z\u00f6tt!<br \/>\nMit kellett volna m\u00e9g tennem sz\u0151l\u0151mmel,<br \/>\nmit nem tettem meg vele?<br \/>\nAzt v\u00e1rtam, hogy sz\u0151l\u0151t teremjen,<br \/>\nh\u00e1t mi\u00e9rt hozott csak vadsz\u0151l\u0151t?<br \/>\nMost ez\u00e9rt tudtotokra adom,<br \/>\nmit fogok tenni sz\u0151l\u0151mmel:<br \/>\nLebontom s\u00f6v\u00e9ny\u00e9t, hadd legelj\u00e9k le,<br \/>\nlerombolom fal\u00e1t, hadd taposs\u00e1k \u00f6ssze.<br \/>\nParlagg\u00e1 teszem:<br \/>\nNem metszik \u00e9s nem kap\u00e1lj\u00e1k meg,<br \/>\nhadd verje f\u00f6l a boz\u00f3t \u00e9s a gaz.<br \/>\n\u00c9s megparancsolom a felh\u0151knek:<br \/>\nne hullassanak r\u00e1 es\u0151t.<br \/>\nIgen, a Seregek Ur\u00e1nak sz\u0151l\u0151je Izrael h\u00e1za,<br \/>\n\u00e9s Juda n\u00e9pe az \u0151 d\u00e9delgetett \u00fcltetv\u00e9nye.<br \/>\nAzt v\u00e1rta, hogy igaz tetteket vigyenek v\u00e9gbe,<br \/>\n\u00e9s l\u00e1m, gaztetteket k\u00f6vetnek el.<br \/>\nAzt v\u00e1rta, hogy igazs\u00e1g terem n\u00e1luk,<br \/>\nde csak jajki\u00e1lt\u00e1s hallik \u00e9s siralom.<\/p>\n<p>Ez az Isten ig\u00e9je.<\/p>\n<p><strong><span style=\"color: #ff0000;\">V\u00c1LASZOS ZSOLT\u00c1R<\/span>\u00a0<\/strong><span style=\"color: #ff0000;\">79, 9 \u00e9s 12. 13-14. 15-16. 19-20\u00a0\u00a0\u00a0 4g. t\u00f3nus.<\/span><br \/>\n<span style=\"color: #ff0000;\">V\u00e1lasz:<\/span>\u00a0Isten kedves sz\u0151l\u0151je * az \u0151 v\u00e1lasztott n\u00e9pe.\u00a0<span style=\"color: #ff0000;\">V\u00f6. Iz 5, 7a.<\/span><\/p>\n<p><span style=\"color: #ff0000;\">El\u0151\u00e9nekes:\u00a0<\/span>Egyiptomb\u00f3l telep\u00edtetted \u00e1t sz\u0151l\u0151det, * n\u00e9peket \u0171zt\u00e9l el, hogy el\u00fcltethesd.<br \/>\nInd\u00e1i a tengerig el\u00e9rtek, * hajt\u00e1sai pedig a Folyamig.<br \/>\n<span style=\"color: #ff0000;\">H\u00edvek:<\/span>\u00a0Isten kedves sz\u0151l\u0151je * az \u0151 v\u00e1lasztott n\u00e9pe.<\/p>\n<p><span style=\"color: #ff0000;\">E:<\/span>\u00a0Mi\u00e9rt romboltad le falait, * hogy az arra j\u00e1r\u00f3k mind lesz\u00fcretelj\u00e9k?<br \/>\nElpuszt\u00edtotta az erdei vadkan, * a mag\u00e1nyos vad lelegelte.<br \/>\n<span style=\"color: #ff0000;\">H:<\/span>\u00a0Isten kedves sz\u0151l\u0151je * az \u0151 v\u00e1lasztott n\u00e9pe.<\/p>\n<p><span style=\"color: #ff0000;\">E:\u00a0<\/span>Seregek Ura, fordulj hozz\u00e1nk, + tekints le az \u00e9gb\u0151l, * l\u00e1sd \u00e9s l\u00e1togasd meg ezt a sz\u0151l\u0151t!<br \/>\nV\u00e9dd meg, amit jobbod \u00fcltetett, * \u00e9s az emberfi\u00e1t, akit magadnak meger\u0151s\u00edtett\u00e9l.<br \/>\n<span style=\"color: #ff0000;\">H:<\/span>\u00a0Isten kedves sz\u0151l\u0151je * az \u0151 v\u00e1lasztott n\u00e9pe.<\/p>\n<p><span style=\"color: #ff0000;\">E:<\/span>\u00a0Nem hagyunk el t\u00f6bb\u00e9, \u00e9ltess m\u00e9g benn\u00fcnket, * \u00e9s mi seg\u00edts\u00e9g\u00fcl h\u00edvjuk nevedet.<br \/>\nSeregek Ura, Istene, t\u00e9r\u00edts meg minket, * ragyogtasd r\u00e1nk arcodat, \u00e9s szabadok lesz\u00fcnk.<br \/>\n<span style=\"color: #ff0000;\">H:<\/span>\u00a0Isten kedves sz\u0151l\u0151je * az \u0151 v\u00e1lasztott n\u00e9pe.<\/p>\n<p><span style=\"color: #ff0000;\"><strong>SZENTLECKE\u00a0<\/strong>Fil 4, 6-9<\/span><\/p>\n<p><em>\u00a0\u00a0\u00a0 Az apostoli buzd\u00edt\u00e1s megkap\u00f3 p\u00e9ld\u00e1ja \u00e1ll el\u0151tt\u00fcnk. A h\u00edv\u0151 ember \u00e9lete is tele van gonddal, bajjal, de tudja, hogy a mindenhat\u00f3 Isten el\u00e9 terjesztheti k\u00e9r\u00e9seit \u00e9s r\u00e1b\u00edzhatja sors\u00e1t. Isten tal\u00e1n nem veszi le v\u00e1llunkr\u00f3l a terhet, de sz\u00edv\u00fcnkbe adja b\u00e9k\u00e9j\u00e9t, amely fel\u00fclm\u00fal minden \u00e9rtelmet. \u00c9rezteti vel\u00fcnk, hogy \u0151 mindenhat\u00f3 \u00e9s javunkat akarja. Ilyen lelk\u00fclettel lehet gyakorolni az er\u00e9nyeket, az igazs\u00e1goss\u00e1got, a t\u00fcrelmet, az egy\u00fctt\u00e9rz\u00e9st, a szolg\u00e1latk\u00e9szs\u00e9get.<\/em><\/p>\n<p><strong>SZENTLECKE Szent P\u00e1l apostolnak a filippiekhez \u00edrt level\u00e9b\u0151l<\/strong><\/p>\n<p><em>\u00a0\u00a0\u00a0 Amit tanultatok, v\u00e1lts\u00e1tok tettekre, \u00e9s veletek lesz a b\u00e9ke Istene!<\/em><\/p>\n<p>Testv\u00e9reim! Ne agg\u00f3djatok semmi\u00e9rt, hanem minden im\u00e1ds\u00e1gotokban \u00e9s k\u00f6ny\u00f6rg\u00e9setekben terjessz\u00e9tek k\u00e9r\u00e9seteket h\u00e1laad\u00e1ssal egy\u00fctt az \u00dar el\u00e9. Akkor Isten b\u00e9k\u00e9je, amely minden \u00e9rtelmet meghalad, meg\u0151rzi sz\u00edveteket \u00e9s \u00e9rtelmeteket Krisztus J\u00e9zusban.<br \/>\nEgy\u00e9bk\u00e9nt, testv\u00e9reim, arra ir\u00e1nyuljanak gondolataitok, ami igaz, tisztess\u00e9ges \u00e9s igazs\u00e1gos, arra, ami \u00e1rtatlan, kedves, dics\u00e9retre m\u00e9lt\u00f3, ami er\u00e9nyes \u00e9s magasztos. Amit tanultatok \u00e9s elfogadtatok, amit hallottatok \u00e9s p\u00e9ld\u00e1mon l\u00e1ttatok, azt v\u00e1lts\u00e1tok is tettekre, \u00e9s veletek lesz a b\u00e9ke Istene!<\/p>\n<p>Ez az Isten ig\u00e9je.<\/p>\n<p><span style=\"color: #ff0000;\"><strong>ALLELUJA<\/strong><\/span><\/p>\n<p>Alleluja. <span style=\"color: #ff0000;\">6. sz\u00e1m.<\/span><br \/>\n\u00c9n v\u00e1lasztottalak titeket a vil\u00e1gb\u00f3l, + hogy menjetek \u00e9s gy\u00fcm\u00f6lcs\u00f6t teremjetek, * \u00e9s gy\u00fcm\u00f6lcs\u00f6t\u00f6k maradand\u00f3 legyen, mondja az \u00dar.<span style=\"color: #ff0000;\">\u00a0Jn 15, 16 \u2013 6. t\u00f3nus.<\/span><br \/>\nAlleluja.<\/p>\n<p><span style=\"color: #ff0000;\"><strong>EVANG\u00c9LIUM\u00a0<\/strong>Mt 21, 33-43<\/span><\/p>\n<p><em>\u00a0\u00a0\u00a0 J\u00e9zus is sz\u0151l\u0151h\u00f6z hasonl\u00edtja az Isten orsz\u00e1g\u00e1t. El\u0151legezi a bizalmat, r\u00e1nk b\u00edzza kegyelmi javait, de elv\u00e1rja, hogy kamatoztassuk er\u0151inket. A p\u00e9ldabesz\u00e9d t\u00f6rt\u00e9neti c\u00e9lz\u00e1s a pr\u00f3f\u00e9t\u00e1k \u00fcld\u00f6z\u00e9s\u00e9re \u00e9s J\u00e9zus keresztre fesz\u00edt\u00e9s\u00e9re. Isten terve azonban az emberek ellen\u00e1ll\u00e1sa ellen\u00e9re megval\u00f3sul. Tal\u00e1l olyanokat, akik megteszik akarat\u00e1t \u00e9s megdics\u0151\u00edtik \u0151t \u00e9let\u00fckkel, s v\u00e9g\u00fcl \u0151 fog \u00edt\u00e9letet tartani mindenki f\u00f6l\u00f6tt.<br \/>\n<\/em><br \/>\n<strong>+ EVANG\u00c9LIUM Szent M\u00e1t\u00e9 k\u00f6nyv\u00e9b\u0151l<\/strong><br \/>\n<em><br \/>\nM\u00e1s munk\u00e1soknak adja b\u00e9rbe sz\u0151l\u0151skertj\u00e9t.<\/em><\/p>\n<p>Abban az id\u0151ben J\u00e9zus ezt mondta a f\u0151papoknak \u00e9s a n\u00e9p v\u00e9neinek:<br \/>\nHallgassatok meg egy m\u00e1sik p\u00e9ldabesz\u00e9det! Volt egy gazdaember, aki sz\u0151l\u0151t telep\u00edtett, beker\u00edtette s\u00f6v\u00e9nnyel, bel\u00fcl pedig (a szikl\u00e1ba) tapos\u00f3g\u00f6dr\u00f6t v\u00e1gott, \u00e9s \u0151rtornyot \u00e9p\u00edtett. Azt\u00e1n r\u00e1b\u00edzta a sz\u0151l\u0151t a munk\u00e1sokra, \u00e9s elutazott. Amikor elj\u00f6tt a sz\u00fcret ideje, elk\u00fcldte szolg\u00e1it a sz\u0151l\u0151munk\u00e1sokhoz, hogy a term\u00e9st \u00e1tvegy\u00e9k. \u00c1m a sz\u0151l\u0151munk\u00e1sok megragadt\u00e1k a szolg\u00e1it, s az egyiket \u00f6sszevert\u00e9k, a m\u00e1sikat meg\u00f6lt\u00e9k, a harmadikat pedig megk\u00f6vezt\u00e9k. Erre m\u00e1s szolg\u00e1kat k\u00fcld\u00f6tt, t\u00f6bbet, mint el\u0151sz\u00f6r, de ezekkel is ugyan\u00fagy b\u00e1ntak. V\u00e9g\u00fcl a fi\u00e1t k\u00fcldte le hozz\u00e1juk, mondv\u00e1n: ,,A fiamat csak megbecs\u00fclik!&#8221; Mikor azonban a sz\u0151l\u0151munk\u00e1sok megl\u00e1tt\u00e1k a fi\u00fat, \u00edgy sz\u00f3ltak egym\u00e1shoz: ,,Ez itt az \u00f6r\u00f6k\u00f6s! Gyertek, \u00f6lj\u00fck meg, \u00e9s mi\u00e9nk lesz az \u00f6r\u00f6ks\u00e9ge!&#8221; Meg is ragadt\u00e1k \u0151t, kidobt\u00e1k a sz\u0151l\u0151b\u0151l, \u00e9s meg\u00f6lt\u00e9k.<\/p>\n<p>Amikor megj\u00f6n a sz\u0151l\u0151skert ura, ugyan mit tesz majd ezekkel a sz\u0151l\u0151munk\u00e1sokkal?<br \/>\nEzt v\u00e1laszolt\u00e1k: ,,Gonoszul elb\u00e1nik a gonoszokkal, a sz\u0151l\u0151t pedig m\u00e1s munk\u00e1sokra b\u00edzza, akik idej\u00e9ben \u00e1tadj\u00e1k neki a term\u00e9st.&#8221;<br \/>\nJ\u00e9zus \u00edgy folytatta: ,,Nem olvast\u00e1tok soha az \u00cdr\u00e1sokban:<br \/>\nA k\u0151, melyet az \u00e9p\u00edt\u0151k elvetettek,<br \/>\nm\u00e9gis szegletk\u0151v\u00e9 lett,<br \/>\naz \u00dar tette azz\u00e1,<br \/>\n\u00e9s szem\u00fcnkben csod\u00e1latos ez!<br \/>\nEz\u00e9rt mondom nektek: Az Isten orsz\u00e1g\u00e1t elveszik t\u0151letek, \u00e9s olyan n\u00e9pnek adj\u00e1k, amely majd megtermi annak gy\u00fcm\u00f6lcs\u00e9t.&#8221;<\/p>\n<p>Ezek az evang\u00e9lium ig\u00e9i.<\/p>\n<p><span style=\"color: #ff0000;\"><strong>Egyetemes k\u00f6ny\u00f6rg\u00e9sek \u00c9vk\u00f6zi 27. vas\u00e1rnapra<\/strong><\/span><\/p>\n<p><span style=\"color: #ff0000;\">Pap:\u00a0\u00a0<\/span>\u00a0\u00a0Testv\u00e9reim! Isten sz\u0151l\u0151munk\u00e1sai vagyunk, \u00e9s az \u0151 akarat\u00e1t kell k\u00f6vetn\u00fcnk. K\u00e9rj\u00fck ehhez kegyelmi seg\u00edts\u00e9g\u00e9t!<\/p>\n<p><span style=\"color: #ff0000;\">Lektor:<\/span><br \/>\n1.\u00a0\u00a0\u00a0 Add meg, Urunk, f\u0151p\u00e1sztorainknak \u00e9s papjainknak, hogy h\u0171s\u00e9gesen k\u00f6zvet\u00edts\u00e9k sz\u00e1munkra szent akaratodat!<br \/>\n<span style=\"color: #ff0000;\">\u00a0H\u00edvek:<\/span>\u00a0K\u00e9r\u00fcnk t\u00e9ged, hallgass meg minket!<\/p>\n<p>2.\u00a0\u00a0\u00a0 Adj k\u00e9szs\u00e9ges lelk\u00fcletet h\u00edveidnek, hogy engedelmesen hallgassanak egyh\u00e1zi el\u00f6lj\u00e1r\u00f3ik szav\u00e1ra!<br \/>\n<span style=\"color: #ff0000;\">H\u00edvek:<\/span>\u00a0K\u00e9r\u00fcnk t\u00e9ged . . .<\/p>\n<p>3.\u00a0\u00a0\u00a0 Add, hogy az \u00e1llamf\u00e9rfiak egyet\u00e9rt\u00e9sben munk\u00e1lkodjanak Egyh\u00e1zaddal a vil\u00e1g b\u00e9k\u00e9j\u00e9\u00e9rt \u00e9s a n\u00e9pek szabads\u00e1g\u00e1\u00e9rt!<br \/>\n<span style=\"color: #ff0000;\">H\u00edvek:<\/span>\u00a0K\u00e9r\u00fcnk t\u00e9ged . . .<\/p>\n<p>4.\u00a0\u00a0\u00a0 Add, hogy azok is eljussanak az igazs\u00e1g ismeret\u00e9re, akik m\u00e9g nem hisznek Krisztusban!<br \/>\n<span style=\"color: #ff0000;\">H\u00edvek:\u00a0<\/span>K\u00e9r\u00fcnk t\u00e9ged . . .<\/p>\n<p>5.\u00a0\u00a0\u00a0 Add, hogy mindig azt cselekedj\u00fck, ami kedves el\u0151tted, \u00e9s \u00edgy b\u00e9ke lakj\u00e9k csal\u00e1djainkban \u00e9s egyh\u00e1zk\u00f6zs\u00e9g\u00fcnkben!<br \/>\n<span style=\"color: #ff0000;\">H\u00edvek:<\/span>\u00a0K\u00e9r\u00fcnk t\u00e9ged . . .<\/p>\n<p><span style=\"color: #ff0000;\">Pap:\u00a0<\/span>\u00a0\u00a0\u00a0Mennyei Aty\u00e1nk! Nyisd meg sz\u00edv\u00fcnket, hogy hozz\u00e1nk k\u00fcld\u00f6tt szent Fiadat sz\u00edvesen fogadjuk, \u00e9s \u00e9let\u00fcnket az \u0151 tan\u00edt\u00e1sa szerint alak\u00edtsuk. Aki \u00e9l \u00e9s uralkodik mind\u00f6r\u00f6kk\u00f6n-\u00f6r\u00f6kk\u00e9.<br \/>\n<span style=\"color: #ff0000;\">H\u00edvek:<\/span>\u00a0\u00a0\u00a0 \u00c1men.<\/p>\n<p style=\"text-align: center;\"><span style=\"color: #008000;\">*<\/span><\/p>\n<p class=\"rtecenter\" style=\"text-align: center;\"><span style=\"color: #ff0000;\"><strong>SZ\u0170Z M\u00c1RIA, MAGYAROK NAGYASSZONYA<\/strong><\/span><\/p>\n<p class=\"rtecenter\" style=\"text-align: center;\"><a href=\"https:\/\/stuttgarti-katolikusok.de\/wp-content\/uploads\/2020\/10\/magyarok-nagyasszonya-custom.jpg\"><img loading=\"lazy\" decoding=\"async\" class=\"alignnone size-medium wp-image-20225\" src=\"https:\/\/stuttgarti-katolikusok.de\/wp-content\/uploads\/2020\/10\/magyarok-nagyasszonya-custom-300x199.jpg\" alt=\"\" width=\"300\" height=\"199\" srcset=\"https:\/\/stuttgarti-katolikusok.de\/wp-content\/uploads\/2020\/10\/magyarok-nagyasszonya-custom-300x199.jpg 300w, https:\/\/stuttgarti-katolikusok.de\/wp-content\/uploads\/2020\/10\/magyarok-nagyasszonya-custom-420x280.jpg 420w, https:\/\/stuttgarti-katolikusok.de\/wp-content\/uploads\/2020\/10\/magyarok-nagyasszonya-custom-690x460.jpg 690w, https:\/\/stuttgarti-katolikusok.de\/wp-content\/uploads\/2020\/10\/magyarok-nagyasszonya-custom.jpg 982w\" sizes=\"auto, (max-width: 300px) 100vw, 300px\" \/><\/a><\/p>\n<p class=\"rtejustify\">Az \u00fcnnep t\u00f6rt\u00e9nete a magyar Millenniumhoz kapcsol\u00f3dik, amikor Vaszary Kolos b\u00edboros, hercegpr\u00edm\u00e1s, esztergomi \u00e9rsek\u00a0k\u00e9r\u00e9s\u00e9re XIII. Le\u00f3 p\u00e1pa enged\u00e9lyezte a Magyarok Nagyasszonya \u00fcnnepl\u00e9s\u00e9t, melyet az okt\u00f3ber 2-i vas\u00e1rnapra tettek, k\u00e9s\u0151bb X Piusz p\u00e1pa okt\u00f3ber 8.-ra helyezte \u00e1t, majd szeptember 12-\u00e9n \u00fcnnepelt\u00e9k. 1984-t\u0151l \u00fajra visszaker\u00fclt okt\u00f3ber 8.-ra.<\/p>\n<p class=\"rtejustify\">Szent Istv\u00e1n hal\u00e1la el\u0151tt Sz\u0171z M\u00e1ria oltalm\u00e1ba aj\u00e1nlotta koron\u00e1j\u00e1t \u00e9s orsz\u00e1g\u00e1t. Felaj\u00e1nl\u00e1sa \u00f3ta a Magyarok Nagyasszonyak\u00e9nt is tisztelj\u00fck a Sz\u0171zany\u00e1t.<\/p>\n<p class=\"rtejustify\">A felaj\u00e1nl\u00e1s 1038-ban t\u00f6rt\u00e9nt, Nagyboldogasszony \u00fcnnep\u00e9n. A Hartwik-legenda szerint a szent kir\u00e1ly szem\u00e9t \u00e9s kez\u00e9t a csillagok fel\u00e9 emelve \u00edgy ki\u00e1ltott f\u00f6l: \u201eMennyek Kir\u00e1lyn\u00e9ja, a vil\u00e1g dics\u0151s\u00e9ges meg\u00faj\u00edt\u00f3ja, a Te oltalmadba, a Te legmagasabb k\u00f6ny\u00f6rg\u00e9sedbe aj\u00e1nlom a szent egyh\u00e1zat p\u00fcsp\u00f6keivel \u00e9s paps\u00e1g\u00e1val, az orsz\u00e1got el\u0151kel\u0151ivel \u00e9s n\u00e9p\u00e9vel, mindny\u00e1junknak b\u00facs\u00fat mondva, a Te kezeidbe aj\u00e1nlom lelkemet.\u201d<\/p>\n<p class=\"rtejustify\">Magyarok Nagyasszonya tisztelete Szent L\u00e1szl\u00f3 kir\u00e1ly uralkod\u00e1sa idej\u00e9n \u00faj vir\u00e1gz\u00e1sba borult. K\u00e9s\u0151bb a tat\u00e1rokkal \u00e9s a t\u00f6r\u00f6k\u00f6kkel szemben is J\u00e9zus \u00e9s M\u00e1ria nev\u00e9t ki\u00e1ltva harcoltak a magyarok. I. Lip\u00f3t a t\u00f6r\u00f6k al\u00f3li f\u00f6lszabadul\u00e1s eml\u00e9k\u00e9re, h\u00e1l\u00e1ja jel\u00e9\u00fcl megism\u00e9telte az orsz\u00e1g f\u00f6laj\u00e1nl\u00e1s\u00e1t M\u00e1ri\u00e1nak a 17. sz\u00e1zad v\u00e9g\u00e9n. Buda 1686. \u00e9vi visszav\u00e9telekor \u00e9s a t\u00f6r\u00f6k ki\u0171z\u00e9sekor XI. Ince p\u00e1pa \u00fczenete volt a jelsz\u00f3: &#8222;A Boldogs\u00e1gos Sz\u0171z ad seg\u00edts\u00e9get!&#8221; Latinul:\u00a0B\u00a0eata\u00a0V\u00a0irgo\u00a0D\u00a0abit\u00a0A\u00a0uxilium! (A kezd\u0151bet\u0171k Buda nev\u00e9t adj\u00e1k ki.) A mecsetk\u00e9nt haszn\u00e1lt budav\u00e1ri Nagyboldogasszony-templomban a magyar gy\u0151zelem ut\u00e1n leomlott a fal, amelyet &#8211; v\u00e9delm\u00fcl &#8211; a Sz\u0171z M\u00e1ria szobra el\u00e9 emeltek. \u00cdgy jelent meg a Szent Sz\u0171z diadalmas alakja. M\u00e1ty\u00e1s kir\u00e1lyt\u00f3l kezdve eg\u00e9szen 1849-ig majdnem kiv\u00e9tel n\u00e9lk\u00fcl a Patrona Hungariae k\u00e9p\u00e9vel \u00e9kesek a magyar f\u00e9mp\u00e9nzek. Ezeket &#8222;m\u00e1ri\u00e1soknak&#8221; h\u00edvt\u00e1k.\u00a0 A magyar hadilobog\u00f3kon a D\u00f3zsa Gy\u00f6rgyre b\u00edzott keresztes hadj\u00e1ratb\u00f3l maradt r\u00e1nk el\u0151sz\u00f6r M\u00e1ria alakja. II. R\u00e1k\u00f3czi Ferenc, a &#8222;nagys\u00e1gos fejedelem&#8221; z\u00e1szl\u00f3i k\u00f6z\u00fcl kett\u0151n is ott l\u00e1thatt\u00e1k a Nagyasszonyt, de a hadbavonult f\u0151rendek is ilyen lobog\u00f3k alatt harcoltak a t\u00f6r\u00f6k\u00f6k, majd a &#8222;n\u00e9metek&#8221; ellen. Az 1848\/49-es csat\u00e1kban Patrona Hungariae z\u00e1szl\u00f3i lobogtak, s\u0151t m\u00e9g a kiegyez\u00e9s ut\u00e1n is t\u00f6bb gyalogs\u00e1gi ezredn\u00e9l is megmaradtak.<\/p>\n<p class=\"rtejustify\">Vaszary Kolos b\u00edboros k\u00e9r\u00e9s\u00e9re a Szentsz\u00e9k is elismerte a M\u00e1ria-tisztelet nemzeti jelleg\u00e9t. Mintegy kilenc \u00e9vsz\u00e1zados t\u00f6retlen hagyom\u00e1nyt szentes\u00edtett XIII. Le\u00f3, amikor 1896-ban k\u00fcl\u00f6n \u00fcnnepet enged\u00e9lyezett okt\u00f3ber m\u00e1sodik vas\u00e1rnapj\u00e1ra. Ezt Szent X. Piusz helyezte okt\u00f3ber 8-ra. 1980. okt\u00f3ber 8-\u00e1n II. J\u00e1nos P\u00e1l p\u00e1pa k\u00e1poln\u00e1t szentelt a Magyarok Nagyasszonya tisztelet\u00e9re a Szent P\u00e9ter-bazilika altemplom\u00e1ban.<\/p>\n<p class=\"rtejustify\">A Patrona Hungariae saj\u00e1tos ikonogr\u00e1fi\u00e1ja a Napba \u00f6lt\u00f6z\u00f6tt Asszony \u00e1br\u00e1zol\u00e1s\u00e1b\u00f3l bontakozott ki: a Sz\u0171zanya fej\u00e9re a tizenk\u00e9t csillag\u00fa korona helyett a magyar Szent Korona ker\u00fclt, a karj\u00e1n \u00fcl\u0151 kis J\u00e9zus kez\u00e9be az orsz\u00e1galma, M\u00e1ria m\u00e1sik kez\u00e9be pedig az orsz\u00e1g jogara.<\/p>\n<p class=\"rtejustify\">Mi magyarok els\u0151k\u00e9nt, de nem egyed\u00fcl tisztelj\u00fck Nagyasszonyunknak, azaz nemzeti Patr\u00f3n\u00e1nknak a Boldogs\u00e1gos Sz\u0171z M\u00e1ri\u00e1t. Hogy csak n\u00e9h\u00e1ny m\u00e1s orsz\u00e1got eml\u00edts\u00fcnk: Bajororsz\u00e1gban 1620-ban, a feh\u00e9rhegyi csata ut\u00e1n kezdt\u00e9k nemzeti Patr\u00f3nak\u00e9nt tisztelni M\u00e1ri\u00e1t, s 1916-t\u00f3l \u00fcnneplik. Franciaorsz\u00e1got XIII. Lajos kir\u00e1ly aj\u00e1nlotta M\u00e1ri\u00e1nak 1638- ban, \u00e9s Nagyboldogasszony napj\u00e1n eml\u00e9keznek r\u00e1. Ausztri\u00e1t III. Ferdin\u00e1nd aj\u00e1nlotta f\u00f6l M\u00e1ri\u00e1nak, 1647-ben; \u0151k december 8-\u00e1n \u00fcnneplik. Lengyelorsz\u00e1g Kir\u00e1lyn\u0151j\u00e9v\u00e9 J\u00e1nos K\u00e1zm\u00e9r kir\u00e1ly nyilv\u00e1n\u00edtotta a Sz\u0171zany\u00e1t 1656-ban. 1754-ben a Mexik\u00f3i Alkir\u00e1lys\u00e1got, 1821-ben Mexik\u00f3t, 1910-ben eg\u00e9sz Latin-Amerik\u00e1t a Sz\u0171zanya oltalma al\u00e1 helyezt\u00e9k. XIII. Le\u00f3 adta j\u00f3v\u00e1hagy\u00e1s\u00e1t ahhoz, hogy a Sz\u0171zany\u00e1t Katal\u00f3nia \u00e9s D\u00e9l-\u00c1zsia Patr\u00f3n\u00e1jak\u00e9nt tisztelj\u00e9k, valamint, hogy az angol p\u00fcsp\u00f6k\u00f6k 1893-ban f\u00f6laj\u00e1nlj\u00e1k Angli\u00e1t, melyet att\u00f3l fogva M\u00e1ria hozom\u00e1ny\u00e1nak tartanak.<\/p>\n<p><em>(K\u00e9p forr\u00e1sa: Pixabay \u00e9s Katolikus.ma)<\/em><\/p>\n","protected":false},"excerpt":{"rendered":"<p>OLVASM\u00c1NY\u00a0Iz 5, 1-7 \u00a0\u00a0\u00a0 A pr\u00f3f\u00e9ta sz\u00f3haszn\u00e1lat\u00e1ban a v\u00e1lasztott n\u00e9p az a sz\u0151l\u0151, amelyre Isten aj\u00e1nd\u00e9kait pazarolta. T\u00f6rt\u00e9net\u00e9t \u00fcdvt\u00f6rt\u00e9nett\u00e9 tette, haz\u00e1t adott, kinyilatkoztat\u00e1st \u00e9s t\u00f6rv\u00e9nyt, v\u00e9delmezte \u0151ket \u00e9s j\u00f6v\u0151t \u00edg\u00e9rt. Ennek ellen\u00e9re meghonosodott benne a gaz, az igazs\u00e1gtalans\u00e1g, a vissza\u00e9l\u00e9s \u00e9s a hitetlens\u00e9g. Isten idej\u00e9ben, figyelmeztet a megt\u00e9r\u00e9sre, de tud \u00edt\u00e9letet is tartani. OLVASM\u00c1NY Izaj\u00e1s pr\u00f3f\u00e9ta k\u00f6nyv\u00e9b\u0151l A Seregek Ur\u00e1nak sz\u0151l\u0151je Izrael h\u00e1za. Hadd zengjem el bar\u00e1tomnak az \u0151 sz\u0151l\u0151je ir\u00e1nt \u00e9rzett szerelmes \u00e9nek\u00e9t. A bar\u00e1tomnak volt egy sz\u0151l\u0151skertje, term\u00e9keny domboldalon. Fel\u00e1sta f\u00f6ldj\u00e9t, a k\u00f6veket kiszedte bel\u0151le \u00e9s nemes sz\u0151l\u0151fajt\u00e1kkal \u00fcltette be. A k\u00f6z\u00e9pre tornyot \u00e9p\u00edtett, sajt\u00f3t is v\u00e1gott benne. Azt\u00e1n v\u00e1rta, hogy sz\u0151l\u0151t teremjen, de csak vadsz\u0151l\u0151t hozott. Most h\u00e1t, Jeruzs\u00e1lem lak\u00f3i \u00e9s ti, Juda f\u00e9rfiai: Tegyetek igazs\u00e1got k\u00f6ztem \u00e9s sz\u0151l\u0151m k\u00f6z\u00f6tt! Mit kellett volna m\u00e9g tennem sz\u0151l\u0151mmel, mit nem tettem meg vele? Azt v\u00e1rtam, hogy sz\u0151l\u0151t teremjen, h\u00e1t mi\u00e9rt hozott csak vadsz\u0151l\u0151t? Most ez\u00e9rt tudtotokra adom, mit fogok tenni sz\u0151l\u0151mmel: Lebontom s\u00f6v\u00e9ny\u00e9t, hadd legelj\u00e9k le, lerombolom fal\u00e1t, hadd taposs\u00e1k \u00f6ssze. Parlagg\u00e1 teszem: Nem metszik \u00e9s nem kap\u00e1lj\u00e1k meg, hadd verje f\u00f6l a boz\u00f3t \u00e9s a gaz. \u00c9s megparancsolom a felh\u0151knek: ne hullassanak r\u00e1 es\u0151t. Igen, a Seregek Ur\u00e1nak sz\u0151l\u0151je Izrael h\u00e1za, \u00e9s Juda n\u00e9pe az \u0151 d\u00e9delgetett \u00fcltetv\u00e9nye. Azt v\u00e1rta, hogy igaz tetteket vigyenek v\u00e9gbe, \u00e9s l\u00e1m, gaztetteket k\u00f6vetnek el. Azt v\u00e1rta, hogy igazs\u00e1g terem n\u00e1luk, de csak jajki\u00e1lt\u00e1s hallik \u00e9s siralom. Ez az Isten ig\u00e9je. V\u00c1LASZOS ZSOLT\u00c1R\u00a079, 9 \u00e9s 12. 13-14. 15-16. 19-20\u00a0\u00a0\u00a0 4g. t\u00f3nus. V\u00e1lasz:\u00a0Isten kedves sz\u0151l\u0151je * az \u0151 v\u00e1lasztott n\u00e9pe.\u00a0V\u00f6. Iz 5, 7a. El\u0151\u00e9nekes:\u00a0Egyiptomb\u00f3l telep\u00edtetted \u00e1t sz\u0151l\u0151det, * n\u00e9peket \u0171zt\u00e9l el, hogy el\u00fcltethesd. Ind\u00e1i a tengerig el\u00e9rtek, * hajt\u00e1sai pedig a Folyamig. H\u00edvek:\u00a0Isten kedves sz\u0151l\u0151je * az \u0151 v\u00e1lasztott n\u00e9pe. E:\u00a0Mi\u00e9rt romboltad le falait, * hogy az arra j\u00e1r\u00f3k mind lesz\u00fcretelj\u00e9k? Elpuszt\u00edtotta az erdei vadkan, * a mag\u00e1nyos vad lelegelte. H:\u00a0Isten kedves sz\u0151l\u0151je *&#8230; <\/p>\n<p><a class=\"readmore\" href=\"https:\/\/stuttgarti-katolikusok.de\/index.php\/evkozi-27-vasarnap\/\">R\u00e9szletek<\/a><\/p>\n","protected":false},"author":3,"featured_media":20245,"comment_status":"closed","ping_status":"closed","sticky":false,"template":"","format":"standard","meta":{"footnotes":""},"categories":[63],"tags":[],"class_list":["post-20244","post","type-post","status-publish","format-standard","has-post-thumbnail","hentry","category-vasarnapi-gondolatok"],"yoast_head":"<!-- This site is optimized with the Yoast SEO plugin v27.3 - https:\/\/yoast.com\/product\/yoast-seo-wordpress\/ -->\n<title>\u00c9vk\u00f6zi 27. vas\u00e1rnap - Stuttgarti Katolikusok<\/title>\n<meta name=\"robots\" content=\"index, follow, max-snippet:-1, max-image-preview:large, max-video-preview:-1\" \/>\n<link rel=\"canonical\" href=\"https:\/\/stuttgarti-katolikusok.de\/index.php\/evkozi-27-vasarnap\/\" \/>\n<meta property=\"og:locale\" content=\"hu_HU\" \/>\n<meta property=\"og:type\" content=\"article\" \/>\n<meta property=\"og:title\" content=\"\u00c9vk\u00f6zi 27. vas\u00e1rnap - Stuttgarti Katolikusok\" \/>\n<meta property=\"og:description\" content=\"OLVASM\u00c1NY\u00a0Iz 5, 1-7 \u00a0\u00a0\u00a0 A pr\u00f3f\u00e9ta sz\u00f3haszn\u00e1lat\u00e1ban a v\u00e1lasztott n\u00e9p az a sz\u0151l\u0151, amelyre Isten aj\u00e1nd\u00e9kait pazarolta. T\u00f6rt\u00e9net\u00e9t \u00fcdvt\u00f6rt\u00e9nett\u00e9 tette, haz\u00e1t adott, kinyilatkoztat\u00e1st \u00e9s t\u00f6rv\u00e9nyt, v\u00e9delmezte \u0151ket \u00e9s j\u00f6v\u0151t \u00edg\u00e9rt. Ennek ellen\u00e9re meghonosodott benne a gaz, az igazs\u00e1gtalans\u00e1g, a vissza\u00e9l\u00e9s \u00e9s a hitetlens\u00e9g. Isten idej\u00e9ben, figyelmeztet a megt\u00e9r\u00e9sre, de tud \u00edt\u00e9letet is tartani. OLVASM\u00c1NY Izaj\u00e1s pr\u00f3f\u00e9ta k\u00f6nyv\u00e9b\u0151l A Seregek Ur\u00e1nak sz\u0151l\u0151je Izrael h\u00e1za. Hadd zengjem el bar\u00e1tomnak az \u0151 sz\u0151l\u0151je ir\u00e1nt \u00e9rzett szerelmes \u00e9nek\u00e9t. A bar\u00e1tomnak volt egy sz\u0151l\u0151skertje, term\u00e9keny domboldalon. Fel\u00e1sta f\u00f6ldj\u00e9t, a k\u00f6veket kiszedte bel\u0151le \u00e9s nemes sz\u0151l\u0151fajt\u00e1kkal \u00fcltette be. A k\u00f6z\u00e9pre tornyot \u00e9p\u00edtett, sajt\u00f3t is v\u00e1gott benne. Azt\u00e1n v\u00e1rta, hogy sz\u0151l\u0151t teremjen, de csak vadsz\u0151l\u0151t hozott. Most h\u00e1t, Jeruzs\u00e1lem lak\u00f3i \u00e9s ti, Juda f\u00e9rfiai: Tegyetek igazs\u00e1got k\u00f6ztem \u00e9s sz\u0151l\u0151m k\u00f6z\u00f6tt! Mit kellett volna m\u00e9g tennem sz\u0151l\u0151mmel, mit nem tettem meg vele? Azt v\u00e1rtam, hogy sz\u0151l\u0151t teremjen, h\u00e1t mi\u00e9rt hozott csak vadsz\u0151l\u0151t? Most ez\u00e9rt tudtotokra adom, mit fogok tenni sz\u0151l\u0151mmel: Lebontom s\u00f6v\u00e9ny\u00e9t, hadd legelj\u00e9k le, lerombolom fal\u00e1t, hadd taposs\u00e1k \u00f6ssze. Parlagg\u00e1 teszem: Nem metszik \u00e9s nem kap\u00e1lj\u00e1k meg, hadd verje f\u00f6l a boz\u00f3t \u00e9s a gaz. \u00c9s megparancsolom a felh\u0151knek: ne hullassanak r\u00e1 es\u0151t. Igen, a Seregek Ur\u00e1nak sz\u0151l\u0151je Izrael h\u00e1za, \u00e9s Juda n\u00e9pe az \u0151 d\u00e9delgetett \u00fcltetv\u00e9nye. Azt v\u00e1rta, hogy igaz tetteket vigyenek v\u00e9gbe, \u00e9s l\u00e1m, gaztetteket k\u00f6vetnek el. Azt v\u00e1rta, hogy igazs\u00e1g terem n\u00e1luk, de csak jajki\u00e1lt\u00e1s hallik \u00e9s siralom. Ez az Isten ig\u00e9je. V\u00c1LASZOS ZSOLT\u00c1R\u00a079, 9 \u00e9s 12. 13-14. 15-16. 19-20\u00a0\u00a0\u00a0 4g. t\u00f3nus. V\u00e1lasz:\u00a0Isten kedves sz\u0151l\u0151je * az \u0151 v\u00e1lasztott n\u00e9pe.\u00a0V\u00f6. Iz 5, 7a. El\u0151\u00e9nekes:\u00a0Egyiptomb\u00f3l telep\u00edtetted \u00e1t sz\u0151l\u0151det, * n\u00e9peket \u0171zt\u00e9l el, hogy el\u00fcltethesd. Ind\u00e1i a tengerig el\u00e9rtek, * hajt\u00e1sai pedig a Folyamig. H\u00edvek:\u00a0Isten kedves sz\u0151l\u0151je * az \u0151 v\u00e1lasztott n\u00e9pe. E:\u00a0Mi\u00e9rt romboltad le falait, * hogy az arra j\u00e1r\u00f3k mind lesz\u00fcretelj\u00e9k? Elpuszt\u00edtotta az erdei vadkan, * a mag\u00e1nyos vad lelegelte. H:\u00a0Isten kedves sz\u0151l\u0151je *... R\u00e9szletek\" \/>\n<meta property=\"og:url\" content=\"https:\/\/stuttgarti-katolikusok.de\/index.php\/evkozi-27-vasarnap\/\" \/>\n<meta property=\"og:site_name\" content=\"Stuttgarti Katolikusok\" \/>\n<meta property=\"article:published_time\" content=\"2020-10-05T16:04:15+00:00\" \/>\n<meta property=\"article:modified_time\" content=\"2020-10-05T16:05:18+00:00\" \/>\n<meta property=\"og:image\" content=\"https:\/\/stuttgarti-katolikusok.de\/wp-content\/uploads\/2020\/10\/szuret.jpg\" \/>\n\t<meta property=\"og:image:width\" content=\"640\" \/>\n\t<meta property=\"og:image:height\" content=\"426\" \/>\n\t<meta property=\"og:image:type\" content=\"image\/jpeg\" \/>\n<meta name=\"author\" content=\"Tibor atya\" \/>\n<meta name=\"twitter:card\" content=\"summary_large_image\" \/>\n<meta name=\"twitter:label1\" content=\"Szerz\u0151:\" \/>\n\t<meta name=\"twitter:data1\" content=\"Tibor atya\" \/>\n\t<meta name=\"twitter:label2\" content=\"Becs\u00fclt olvas\u00e1si id\u0151\" \/>\n\t<meta name=\"twitter:data2\" content=\"12 perc\" \/>\n<script type=\"application\/ld+json\" class=\"yoast-schema-graph\">{\"@context\":\"https:\\\/\\\/schema.org\",\"@graph\":[{\"@type\":\"Article\",\"@id\":\"https:\\\/\\\/stuttgarti-katolikusok.de\\\/index.php\\\/evkozi-27-vasarnap\\\/#article\",\"isPartOf\":{\"@id\":\"https:\\\/\\\/stuttgarti-katolikusok.de\\\/index.php\\\/evkozi-27-vasarnap\\\/\"},\"author\":{\"name\":\"Tibor atya\",\"@id\":\"https:\\\/\\\/stuttgarti-katolikusok.de\\\/#\\\/schema\\\/person\\\/75908d6f8fdc03a57889d27209df7795\"},\"headline\":\"\u00c9vk\u00f6zi 27. vas\u00e1rnap\",\"datePublished\":\"2020-10-05T16:04:15+00:00\",\"dateModified\":\"2020-10-05T16:05:18+00:00\",\"mainEntityOfPage\":{\"@id\":\"https:\\\/\\\/stuttgarti-katolikusok.de\\\/index.php\\\/evkozi-27-vasarnap\\\/\"},\"wordCount\":2337,\"image\":{\"@id\":\"https:\\\/\\\/stuttgarti-katolikusok.de\\\/index.php\\\/evkozi-27-vasarnap\\\/#primaryimage\"},\"thumbnailUrl\":\"https:\\\/\\\/stuttgarti-katolikusok.de\\\/wp-content\\\/uploads\\\/2020\\\/10\\\/szuret.jpg\",\"articleSection\":[\"Vas\u00e1rnapi gondolatok\"],\"inLanguage\":\"hu\"},{\"@type\":\"WebPage\",\"@id\":\"https:\\\/\\\/stuttgarti-katolikusok.de\\\/index.php\\\/evkozi-27-vasarnap\\\/\",\"url\":\"https:\\\/\\\/stuttgarti-katolikusok.de\\\/index.php\\\/evkozi-27-vasarnap\\\/\",\"name\":\"\u00c9vk\u00f6zi 27. vas\u00e1rnap - Stuttgarti Katolikusok\",\"isPartOf\":{\"@id\":\"https:\\\/\\\/stuttgarti-katolikusok.de\\\/#website\"},\"primaryImageOfPage\":{\"@id\":\"https:\\\/\\\/stuttgarti-katolikusok.de\\\/index.php\\\/evkozi-27-vasarnap\\\/#primaryimage\"},\"image\":{\"@id\":\"https:\\\/\\\/stuttgarti-katolikusok.de\\\/index.php\\\/evkozi-27-vasarnap\\\/#primaryimage\"},\"thumbnailUrl\":\"https:\\\/\\\/stuttgarti-katolikusok.de\\\/wp-content\\\/uploads\\\/2020\\\/10\\\/szuret.jpg\",\"datePublished\":\"2020-10-05T16:04:15+00:00\",\"dateModified\":\"2020-10-05T16:05:18+00:00\",\"author\":{\"@id\":\"https:\\\/\\\/stuttgarti-katolikusok.de\\\/#\\\/schema\\\/person\\\/75908d6f8fdc03a57889d27209df7795\"},\"breadcrumb\":{\"@id\":\"https:\\\/\\\/stuttgarti-katolikusok.de\\\/index.php\\\/evkozi-27-vasarnap\\\/#breadcrumb\"},\"inLanguage\":\"hu\",\"potentialAction\":[{\"@type\":\"ReadAction\",\"target\":[\"https:\\\/\\\/stuttgarti-katolikusok.de\\\/index.php\\\/evkozi-27-vasarnap\\\/\"]}]},{\"@type\":\"ImageObject\",\"inLanguage\":\"hu\",\"@id\":\"https:\\\/\\\/stuttgarti-katolikusok.de\\\/index.php\\\/evkozi-27-vasarnap\\\/#primaryimage\",\"url\":\"https:\\\/\\\/stuttgarti-katolikusok.de\\\/wp-content\\\/uploads\\\/2020\\\/10\\\/szuret.jpg\",\"contentUrl\":\"https:\\\/\\\/stuttgarti-katolikusok.de\\\/wp-content\\\/uploads\\\/2020\\\/10\\\/szuret.jpg\",\"width\":640,\"height\":426},{\"@type\":\"BreadcrumbList\",\"@id\":\"https:\\\/\\\/stuttgarti-katolikusok.de\\\/index.php\\\/evkozi-27-vasarnap\\\/#breadcrumb\",\"itemListElement\":[{\"@type\":\"ListItem\",\"position\":1,\"name\":\"Kezd\u0151lap\",\"item\":\"https:\\\/\\\/stuttgarti-katolikusok.de\\\/\"},{\"@type\":\"ListItem\",\"position\":2,\"name\":\"\u00c9vk\u00f6zi 27. vas\u00e1rnap\"}]},{\"@type\":\"WebSite\",\"@id\":\"https:\\\/\\\/stuttgarti-katolikusok.de\\\/#website\",\"url\":\"https:\\\/\\\/stuttgarti-katolikusok.de\\\/\",\"name\":\"Stuttgarti Katolikusok\",\"description\":\"\",\"potentialAction\":[{\"@type\":\"SearchAction\",\"target\":{\"@type\":\"EntryPoint\",\"urlTemplate\":\"https:\\\/\\\/stuttgarti-katolikusok.de\\\/?s={search_term_string}\"},\"query-input\":{\"@type\":\"PropertyValueSpecification\",\"valueRequired\":true,\"valueName\":\"search_term_string\"}}],\"inLanguage\":\"hu\"},{\"@type\":\"Person\",\"@id\":\"https:\\\/\\\/stuttgarti-katolikusok.de\\\/#\\\/schema\\\/person\\\/75908d6f8fdc03a57889d27209df7795\",\"name\":\"Tibor atya\",\"image\":{\"@type\":\"ImageObject\",\"inLanguage\":\"hu\",\"@id\":\"https:\\\/\\\/secure.gravatar.com\\\/avatar\\\/61d268e57d1f4525b111222e29d2d5a7f8c420fdbf231ba5566a8ceac74fa960?s=96&d=mm&r=g\",\"url\":\"https:\\\/\\\/secure.gravatar.com\\\/avatar\\\/61d268e57d1f4525b111222e29d2d5a7f8c420fdbf231ba5566a8ceac74fa960?s=96&d=mm&r=g\",\"contentUrl\":\"https:\\\/\\\/secure.gravatar.com\\\/avatar\\\/61d268e57d1f4525b111222e29d2d5a7f8c420fdbf231ba5566a8ceac74fa960?s=96&d=mm&r=g\",\"caption\":\"Tibor atya\"},\"url\":\"https:\\\/\\\/stuttgarti-katolikusok.de\\\/index.php\\\/author\\\/tibor-atya\\\/\"}]}<\/script>\n<!-- \/ Yoast SEO plugin. -->","yoast_head_json":{"title":"\u00c9vk\u00f6zi 27. vas\u00e1rnap - Stuttgarti Katolikusok","robots":{"index":"index","follow":"follow","max-snippet":"max-snippet:-1","max-image-preview":"max-image-preview:large","max-video-preview":"max-video-preview:-1"},"canonical":"https:\/\/stuttgarti-katolikusok.de\/index.php\/evkozi-27-vasarnap\/","og_locale":"hu_HU","og_type":"article","og_title":"\u00c9vk\u00f6zi 27. vas\u00e1rnap - Stuttgarti Katolikusok","og_description":"OLVASM\u00c1NY\u00a0Iz 5, 1-7 \u00a0\u00a0\u00a0 A pr\u00f3f\u00e9ta sz\u00f3haszn\u00e1lat\u00e1ban a v\u00e1lasztott n\u00e9p az a sz\u0151l\u0151, amelyre Isten aj\u00e1nd\u00e9kait pazarolta. T\u00f6rt\u00e9net\u00e9t \u00fcdvt\u00f6rt\u00e9nett\u00e9 tette, haz\u00e1t adott, kinyilatkoztat\u00e1st \u00e9s t\u00f6rv\u00e9nyt, v\u00e9delmezte \u0151ket \u00e9s j\u00f6v\u0151t \u00edg\u00e9rt. Ennek ellen\u00e9re meghonosodott benne a gaz, az igazs\u00e1gtalans\u00e1g, a vissza\u00e9l\u00e9s \u00e9s a hitetlens\u00e9g. Isten idej\u00e9ben, figyelmeztet a megt\u00e9r\u00e9sre, de tud \u00edt\u00e9letet is tartani. OLVASM\u00c1NY Izaj\u00e1s pr\u00f3f\u00e9ta k\u00f6nyv\u00e9b\u0151l A Seregek Ur\u00e1nak sz\u0151l\u0151je Izrael h\u00e1za. Hadd zengjem el bar\u00e1tomnak az \u0151 sz\u0151l\u0151je ir\u00e1nt \u00e9rzett szerelmes \u00e9nek\u00e9t. A bar\u00e1tomnak volt egy sz\u0151l\u0151skertje, term\u00e9keny domboldalon. Fel\u00e1sta f\u00f6ldj\u00e9t, a k\u00f6veket kiszedte bel\u0151le \u00e9s nemes sz\u0151l\u0151fajt\u00e1kkal \u00fcltette be. A k\u00f6z\u00e9pre tornyot \u00e9p\u00edtett, sajt\u00f3t is v\u00e1gott benne. Azt\u00e1n v\u00e1rta, hogy sz\u0151l\u0151t teremjen, de csak vadsz\u0151l\u0151t hozott. Most h\u00e1t, Jeruzs\u00e1lem lak\u00f3i \u00e9s ti, Juda f\u00e9rfiai: Tegyetek igazs\u00e1got k\u00f6ztem \u00e9s sz\u0151l\u0151m k\u00f6z\u00f6tt! Mit kellett volna m\u00e9g tennem sz\u0151l\u0151mmel, mit nem tettem meg vele? Azt v\u00e1rtam, hogy sz\u0151l\u0151t teremjen, h\u00e1t mi\u00e9rt hozott csak vadsz\u0151l\u0151t? Most ez\u00e9rt tudtotokra adom, mit fogok tenni sz\u0151l\u0151mmel: Lebontom s\u00f6v\u00e9ny\u00e9t, hadd legelj\u00e9k le, lerombolom fal\u00e1t, hadd taposs\u00e1k \u00f6ssze. Parlagg\u00e1 teszem: Nem metszik \u00e9s nem kap\u00e1lj\u00e1k meg, hadd verje f\u00f6l a boz\u00f3t \u00e9s a gaz. \u00c9s megparancsolom a felh\u0151knek: ne hullassanak r\u00e1 es\u0151t. Igen, a Seregek Ur\u00e1nak sz\u0151l\u0151je Izrael h\u00e1za, \u00e9s Juda n\u00e9pe az \u0151 d\u00e9delgetett \u00fcltetv\u00e9nye. Azt v\u00e1rta, hogy igaz tetteket vigyenek v\u00e9gbe, \u00e9s l\u00e1m, gaztetteket k\u00f6vetnek el. Azt v\u00e1rta, hogy igazs\u00e1g terem n\u00e1luk, de csak jajki\u00e1lt\u00e1s hallik \u00e9s siralom. Ez az Isten ig\u00e9je. V\u00c1LASZOS ZSOLT\u00c1R\u00a079, 9 \u00e9s 12. 13-14. 15-16. 19-20\u00a0\u00a0\u00a0 4g. t\u00f3nus. V\u00e1lasz:\u00a0Isten kedves sz\u0151l\u0151je * az \u0151 v\u00e1lasztott n\u00e9pe.\u00a0V\u00f6. Iz 5, 7a. El\u0151\u00e9nekes:\u00a0Egyiptomb\u00f3l telep\u00edtetted \u00e1t sz\u0151l\u0151det, * n\u00e9peket \u0171zt\u00e9l el, hogy el\u00fcltethesd. Ind\u00e1i a tengerig el\u00e9rtek, * hajt\u00e1sai pedig a Folyamig. H\u00edvek:\u00a0Isten kedves sz\u0151l\u0151je * az \u0151 v\u00e1lasztott n\u00e9pe. E:\u00a0Mi\u00e9rt romboltad le falait, * hogy az arra j\u00e1r\u00f3k mind lesz\u00fcretelj\u00e9k? Elpuszt\u00edtotta az erdei vadkan, * a mag\u00e1nyos vad lelegelte. H:\u00a0Isten kedves sz\u0151l\u0151je *... R\u00e9szletek","og_url":"https:\/\/stuttgarti-katolikusok.de\/index.php\/evkozi-27-vasarnap\/","og_site_name":"Stuttgarti Katolikusok","article_published_time":"2020-10-05T16:04:15+00:00","article_modified_time":"2020-10-05T16:05:18+00:00","og_image":[{"width":640,"height":426,"url":"https:\/\/stuttgarti-katolikusok.de\/wp-content\/uploads\/2020\/10\/szuret.jpg","type":"image\/jpeg"}],"author":"Tibor atya","twitter_card":"summary_large_image","twitter_misc":{"Szerz\u0151:":"Tibor atya","Becs\u00fclt olvas\u00e1si id\u0151":"12 perc"},"schema":{"@context":"https:\/\/schema.org","@graph":[{"@type":"Article","@id":"https:\/\/stuttgarti-katolikusok.de\/index.php\/evkozi-27-vasarnap\/#article","isPartOf":{"@id":"https:\/\/stuttgarti-katolikusok.de\/index.php\/evkozi-27-vasarnap\/"},"author":{"name":"Tibor atya","@id":"https:\/\/stuttgarti-katolikusok.de\/#\/schema\/person\/75908d6f8fdc03a57889d27209df7795"},"headline":"\u00c9vk\u00f6zi 27. vas\u00e1rnap","datePublished":"2020-10-05T16:04:15+00:00","dateModified":"2020-10-05T16:05:18+00:00","mainEntityOfPage":{"@id":"https:\/\/stuttgarti-katolikusok.de\/index.php\/evkozi-27-vasarnap\/"},"wordCount":2337,"image":{"@id":"https:\/\/stuttgarti-katolikusok.de\/index.php\/evkozi-27-vasarnap\/#primaryimage"},"thumbnailUrl":"https:\/\/stuttgarti-katolikusok.de\/wp-content\/uploads\/2020\/10\/szuret.jpg","articleSection":["Vas\u00e1rnapi gondolatok"],"inLanguage":"hu"},{"@type":"WebPage","@id":"https:\/\/stuttgarti-katolikusok.de\/index.php\/evkozi-27-vasarnap\/","url":"https:\/\/stuttgarti-katolikusok.de\/index.php\/evkozi-27-vasarnap\/","name":"\u00c9vk\u00f6zi 27. vas\u00e1rnap - Stuttgarti Katolikusok","isPartOf":{"@id":"https:\/\/stuttgarti-katolikusok.de\/#website"},"primaryImageOfPage":{"@id":"https:\/\/stuttgarti-katolikusok.de\/index.php\/evkozi-27-vasarnap\/#primaryimage"},"image":{"@id":"https:\/\/stuttgarti-katolikusok.de\/index.php\/evkozi-27-vasarnap\/#primaryimage"},"thumbnailUrl":"https:\/\/stuttgarti-katolikusok.de\/wp-content\/uploads\/2020\/10\/szuret.jpg","datePublished":"2020-10-05T16:04:15+00:00","dateModified":"2020-10-05T16:05:18+00:00","author":{"@id":"https:\/\/stuttgarti-katolikusok.de\/#\/schema\/person\/75908d6f8fdc03a57889d27209df7795"},"breadcrumb":{"@id":"https:\/\/stuttgarti-katolikusok.de\/index.php\/evkozi-27-vasarnap\/#breadcrumb"},"inLanguage":"hu","potentialAction":[{"@type":"ReadAction","target":["https:\/\/stuttgarti-katolikusok.de\/index.php\/evkozi-27-vasarnap\/"]}]},{"@type":"ImageObject","inLanguage":"hu","@id":"https:\/\/stuttgarti-katolikusok.de\/index.php\/evkozi-27-vasarnap\/#primaryimage","url":"https:\/\/stuttgarti-katolikusok.de\/wp-content\/uploads\/2020\/10\/szuret.jpg","contentUrl":"https:\/\/stuttgarti-katolikusok.de\/wp-content\/uploads\/2020\/10\/szuret.jpg","width":640,"height":426},{"@type":"BreadcrumbList","@id":"https:\/\/stuttgarti-katolikusok.de\/index.php\/evkozi-27-vasarnap\/#breadcrumb","itemListElement":[{"@type":"ListItem","position":1,"name":"Kezd\u0151lap","item":"https:\/\/stuttgarti-katolikusok.de\/"},{"@type":"ListItem","position":2,"name":"\u00c9vk\u00f6zi 27. vas\u00e1rnap"}]},{"@type":"WebSite","@id":"https:\/\/stuttgarti-katolikusok.de\/#website","url":"https:\/\/stuttgarti-katolikusok.de\/","name":"Stuttgarti Katolikusok","description":"","potentialAction":[{"@type":"SearchAction","target":{"@type":"EntryPoint","urlTemplate":"https:\/\/stuttgarti-katolikusok.de\/?s={search_term_string}"},"query-input":{"@type":"PropertyValueSpecification","valueRequired":true,"valueName":"search_term_string"}}],"inLanguage":"hu"},{"@type":"Person","@id":"https:\/\/stuttgarti-katolikusok.de\/#\/schema\/person\/75908d6f8fdc03a57889d27209df7795","name":"Tibor atya","image":{"@type":"ImageObject","inLanguage":"hu","@id":"https:\/\/secure.gravatar.com\/avatar\/61d268e57d1f4525b111222e29d2d5a7f8c420fdbf231ba5566a8ceac74fa960?s=96&d=mm&r=g","url":"https:\/\/secure.gravatar.com\/avatar\/61d268e57d1f4525b111222e29d2d5a7f8c420fdbf231ba5566a8ceac74fa960?s=96&d=mm&r=g","contentUrl":"https:\/\/secure.gravatar.com\/avatar\/61d268e57d1f4525b111222e29d2d5a7f8c420fdbf231ba5566a8ceac74fa960?s=96&d=mm&r=g","caption":"Tibor atya"},"url":"https:\/\/stuttgarti-katolikusok.de\/index.php\/author\/tibor-atya\/"}]}},"_links":{"self":[{"href":"https:\/\/stuttgarti-katolikusok.de\/index.php\/wp-json\/wp\/v2\/posts\/20244","targetHints":{"allow":["GET"]}}],"collection":[{"href":"https:\/\/stuttgarti-katolikusok.de\/index.php\/wp-json\/wp\/v2\/posts"}],"about":[{"href":"https:\/\/stuttgarti-katolikusok.de\/index.php\/wp-json\/wp\/v2\/types\/post"}],"author":[{"embeddable":true,"href":"https:\/\/stuttgarti-katolikusok.de\/index.php\/wp-json\/wp\/v2\/users\/3"}],"replies":[{"embeddable":true,"href":"https:\/\/stuttgarti-katolikusok.de\/index.php\/wp-json\/wp\/v2\/comments?post=20244"}],"version-history":[{"count":2,"href":"https:\/\/stuttgarti-katolikusok.de\/index.php\/wp-json\/wp\/v2\/posts\/20244\/revisions"}],"predecessor-version":[{"id":20248,"href":"https:\/\/stuttgarti-katolikusok.de\/index.php\/wp-json\/wp\/v2\/posts\/20244\/revisions\/20248"}],"wp:featuredmedia":[{"embeddable":true,"href":"https:\/\/stuttgarti-katolikusok.de\/index.php\/wp-json\/wp\/v2\/media\/20245"}],"wp:attachment":[{"href":"https:\/\/stuttgarti-katolikusok.de\/index.php\/wp-json\/wp\/v2\/media?parent=20244"}],"wp:term":[{"taxonomy":"category","embeddable":true,"href":"https:\/\/stuttgarti-katolikusok.de\/index.php\/wp-json\/wp\/v2\/categories?post=20244"},{"taxonomy":"post_tag","embeddable":true,"href":"https:\/\/stuttgarti-katolikusok.de\/index.php\/wp-json\/wp\/v2\/tags?post=20244"}],"curies":[{"name":"wp","href":"https:\/\/api.w.org\/{rel}","templated":true}]}}