{"id":20155,"date":"2020-09-24T20:39:42","date_gmt":"2020-09-24T20:39:42","guid":{"rendered":"https:\/\/gracious-dewdney.138-201-221-2.plesk.page\/?p=20155"},"modified":"2020-09-30T08:45:31","modified_gmt":"2020-09-30T08:45:31","slug":"bucsus-szentmise-stuttgartban-szent-gellert-unnepen","status":"publish","type":"post","link":"https:\/\/stuttgarti-katolikusok.de\/index.php\/bucsus-szentmise-stuttgartban-szent-gellert-unnepen\/","title":{"rendered":"B\u00facs\u00fas szentmise Stuttgartban Szent Gell\u00e9rt \u00fcnnep\u00e9n"},"content":{"rendered":"<p>Vas\u00e1rnap, szeptember 20-\u00e1n, \u00fcnnep\u00e9lyes b\u00facs\u00fas szentmise keret\u00e9ben eml\u00e9kezt\u00fcnk meg Egyh\u00e1zk\u00f6zs\u00e9g\u00fcnk v\u00e9d\u0151szentj\u00e9r\u0151l, Szent Gell\u00e9rt v\u00e1rtan\u00fa p\u00fcsp\u00f6kr\u0151l. A szentmis\u00e9n Imre atya aj\u00e1nd\u00e9kozott meg gondolataival.<\/p>\n<p>Egyh\u00e1zk\u00f6zs\u00e9g\u00fcnk, mint minden m\u00e1s k\u00f6z\u00f6ss\u00e9g, tavasz \u00f3ta neh\u00e9z kih\u00edv\u00e1sokkal szembes\u00fclt. A v\u00edrus-j\u00e1rv\u00e1ny miatt kezdetben online szentmise k\u00f6zvet\u00edt\u00e9sek voltak, b\u00e1r ennek is nagyon \u00f6r\u00fclt\u00fcnk.\u00a0 Azt\u00e1n rendhagy\u00f3 szentmis\u00e9k k\u00f6vetkeztek, amelyre h\u00edveink korl\u00e1tozott sz\u00e1mban j\u00f6hetnek, s csak a kijel\u00f6lt helyeket foglalhatj\u00e1k el. Nem tarthattuk meg rendezv\u00e9nyeinket, k\u00f6reink \u00e9s klubjaink tev\u00e9kenys\u00e9ge sz\u00fcnetel, a mise ut\u00e1ni szeretetlakom\u00e1r\u00f3l is le kellett mondanunk.<\/p>\n<p>A jelenlegi helyzet ellenben nem t\u00f6rte meg hit\u00fcnket, lelkesed\u00e9s\u00fcnket, hiszen sz\u00fcl\u0151f\u00f6ld\u00fcnkr\u0151l m\u00e1r megedz\u0151dve \u00e9rkezt\u00fcnk v\u00e1lasztott haz\u00e1nkba. Otthon sokunknak minden nap meg kellett k\u00fczdeni hit\u00e9rt, anyanyelv\u00e9rt.<\/p>\n<p>A vas\u00e1rnapi b\u00facs\u00fas mis\u00e9nket nem k\u00f6vette a m\u00e1r megszokott k\u00f6z\u00f6s eb\u00e9d, k\u00e1v\u00e9 \u00e9s s\u00fctem\u00e9ny, elmaradt az ezt k\u00f6vet\u0151 kultur\u00e1lis rendezv\u00e9ny is. Ennek ellen\u00e9re nagyon j\u00f3 \u00e9rz\u00e9s volt \u00fajb\u00f3l tal\u00e1lkozni, egym\u00e1sra mosolyogni, egy\u00fctt lenni a szentmis\u00e9ben \u00e9s azt k\u00f6vet\u0151en is.<\/p>\n<p>Lelkiaty\u00e1k \u00e9s az Egyh\u00e1ztan\u00e1cs tan\u00e1cs\u00e1ra a templomban \u00fajb\u00f3l helyet kapott az Egyh\u00e1zk\u00f6zs\u00e9g 70 \u00e9ves t\u00f6rt\u00e9net\u00e9t \u00edr\u00e1sokban \u00e9s k\u00e9pekben bemutat\u00f3 ki\u00e1ll\u00edt\u00e1s. \u00cdgy tett\u00fck \u00fcnnep\u00e9lyesebb\u00e9 b\u00facs\u00fas mis\u00e9nket.<\/p>\n<p>Az \u00fcnnepi szentmise kezdet\u00e9n Tibor atya k\u00f6sz\u00f6nt\u00f6tte a megjelenteket. K\u00fcl\u00f6n \u00f6r\u00f6m\u00fcnkre szolg\u00e1lt, hogy els\u0151 alkalommal k\u00f6sz\u00f6nthett\u00fck k\u00f6r\u00fcnkben Dr. Izs\u00e1k Andr\u00e1s f\u0151konzult, tov\u00e1bb\u00e1 helyettes\u00e9t, Dr. Kov\u00e1cs Rita helyettes konzul asszonyt, Dr. Horv\u00e1th D\u00e1niel vezet\u0151 konzult \u00e9s Dr. B. Szab\u00f3 Dezs\u0151, Magyar Kultur\u00e1lis Int\u00e9zet vezet\u0151j\u00e9t \u00e9s feles\u00e9g\u00e9t, Altb\u00e4cker Edit asszonyt.<\/p>\n<p>Lektoraink, T\u00f3th M\u00e1rta, Kind Ang\u00e9la \u00e9s Huber Ilona olvast\u00e1k fel nek\u00fcnk az olvasm\u00e1nyt, szentleck\u00e9t \u00e9s a k\u00f6ny\u00f6rg\u00e9seket.<\/p>\n<p>A Gloria cantus k\u00f3rus tagjai Andree Brigitta orgonist\u00e1nk vezet\u00e9s\u00e9vel lelkesen k\u00e9sz\u00fcltek \u00e9s \u00e9nek\u00fckkel sz\u00ednes\u00edtett\u00e9k a szentmis\u00e9t. Obo\u00e1n Mokbel-Nyeste Lilla \u00e9s git\u00e1ron Sauerwein Tibor k\u00eds\u00e9rte \u0151ket.<\/p>\n<p style=\"text-align: center;\"><a href=\"https:\/\/stuttgarti-katolikusok.de\/wp-content\/uploads\/2020\/09\/ti.jpg\"><img loading=\"lazy\" decoding=\"async\" class=\"alignnone size-medium wp-image-20156\" src=\"https:\/\/stuttgarti-katolikusok.de\/wp-content\/uploads\/2020\/09\/ti-300x204.jpg\" alt=\"\" width=\"300\" height=\"204\" srcset=\"https:\/\/stuttgarti-katolikusok.de\/wp-content\/uploads\/2020\/09\/ti-300x204.jpg 300w, https:\/\/stuttgarti-katolikusok.de\/wp-content\/uploads\/2020\/09\/ti.jpg 938w\" sizes=\"auto, (max-width: 300px) 100vw, 300px\" \/><\/a><\/p>\n<p>Imre atya pr\u00e9dik\u00e1ci\u00f3j\u00e1ban t\u00f6bbek k\u00f6z\u00f6tt Szent Gell\u00e9rt \u00e9letp\u00e9ld\u00e1j\u00e1ra h\u00edvta fel a figyelm\u00fcnket, akinek az \u00e1lma, hogy a Szentf\u00f6ldre eljusson, nem teljes\u00fclt, de Gell\u00e9rt p\u00fcsp\u00f6k elfogadta Isten akarat\u00e1t, aki m\u00e1s utat k\u00e9sz\u00edtett sz\u00e1m\u00e1ra. \u00cdgy azt\u00e1n \u00e9lete v\u00e9g\u00e9ig Magyarorsz\u00e1gon maradt, Szent Istv\u00e1n fi\u00e1nak, Imr\u00e9nek a tan\u00edt\u00f3ja lett \u00e9s a kereszt\u00e9nys\u00e9g terjeszt\u00e9s\u00e9n f\u00e1radozott.<\/p>\n<p>Mindennapi nyugtalans\u00e1gainkon, gondjainkon, f\u00e9lelmeinken legjobban Szent Gell\u00e9rt szavai seg\u00edtenek \u00e1t, aki azt mondta: \u201eK\u00f6vesd az Isten \u00fatj\u00e1t \u00e9s a r\u00f3lad k\u00e9sz\u00edtett \u00e1lm\u00e1t val\u00f3s\u00edtsd meg!\u201d<\/p>\n<p>Imre atya a Zsid\u00f3knak \u00edrt lev\u00e9lb\u0151l id\u00e9zett, amelyben Szent P\u00e1l apostol h\u00edveinek Isten ig\u00e9j\u00e9t vitte el azzal az \u00edg\u00e9rettel, hogy \u201eNem t\u00e1vozom el t\u0151led, s nem hagylak magadra. Ez\u00e9rt bizalommal mondhatjuk:<\/p>\n<p style=\"text-align: center;\"><strong><em>Az \u00dar oltalmaz engem, nem f\u00e9lek.<\/em><\/strong><\/p>\n<p style=\"text-align: center;\"><strong><em>Ember mit \u00e1rthat \u00e9nnekem?<\/em>\u201d<\/strong><\/p>\n<p>Mint h\u00edv\u0151 kereszt\u00e9nyeknek, a jelenlegi helyzetben h\u00e1rom t\u00e9nyez\u0151 ad nek\u00fcnk er\u0151t \u00e9s kitart\u00e1st, hogy helyt \u00e1lljunk a mindennapokban: Isten, csal\u00e1d \u00e9s egyh\u00e1zk\u00f6zs\u00e9g\u00fcnk.<\/p>\n<p>Szentmis\u00e9nk v\u00e9g\u00e9n egy-egy gyerty\u00e1val kedveskedtek egyh\u00e1ztan\u00e1csosaink, Brune Marietta \u00e9s T\u00f3th Tibor Imre aty\u00e1nak, Tibor aty\u00e1nak \u00e9s Josef Laupheimer n\u00e9met lelk\u00e9sznek, a Bruder Klaus templom pl\u00e9b\u00e1nos\u00e1nak, aki az\u00e9rt j\u00f6tt k\u00f6r\u00fcnkbe, hogy k\u00f6sz\u00f6ntse a k\u00f6z\u00f6ss\u00e9get b\u00facs\u00fa \u00fcnnepe alkalm\u00e1b\u00f3l. Szavai \u00f6r\u00f6met \u00e9s lelkesed\u00e9st sug\u00e1roztak, melyekkel az \u00f6sszefog\u00e1s sz\u00fcks\u00e9gess\u00e9g\u00e9t hangs\u00falyozta.<\/p>\n<p style=\"text-align: center;\"><a href=\"https:\/\/stuttgarti-katolikusok.de\/wp-content\/uploads\/2020\/09\/jl.jpg\"><img loading=\"lazy\" decoding=\"async\" class=\"alignnone size-medium wp-image-20157\" src=\"https:\/\/stuttgarti-katolikusok.de\/wp-content\/uploads\/2020\/09\/jl-300x207.jpg\" alt=\"\" width=\"300\" height=\"207\" srcset=\"https:\/\/stuttgarti-katolikusok.de\/wp-content\/uploads\/2020\/09\/jl-300x207.jpg 300w, https:\/\/stuttgarti-katolikusok.de\/wp-content\/uploads\/2020\/09\/jl.jpg 987w\" sizes=\"auto, (max-width: 300px) 100vw, 300px\" \/><\/a><\/p>\n<p>A gyerty\u00e1k \u00f6nt\u00e9se Hanna d\u00e9ltiroli szerzetes n\u0151v\u00e9r munk\u00e1j\u00e1t dics\u00e9ri, d\u00edsz\u00edt\u00e9s\u00fck\u00e9rt pedig Benedek Annik\u00f3nak mondunk k\u00f6sz\u00f6netet.<\/p>\n<p>H\u00e1l\u00e1s k\u00f6sz\u00f6net Imre aty\u00e1nak a sz\u00e9p szentbesz\u00e9d\u00e9rt, az egyh\u00e1ztan\u00e1cs tagjainak \u00e9s minden \u00f6nk\u00e9ntes seg\u00edt\u0151nek a b\u00facs\u00fas szentmise megszervez\u00e9s\u00e9\u00e9rt, a ministr\u00e1nsoknak a szolg\u00e1lat\u00e9rt \u00e9s a k\u00f3rusnak az \u00e9nekek\u00e9rt.<\/p>\n<p>Adja a J\u00f3isten, hogy m\u00e9g sokszor egy\u00fctt \u00fcnnepelhess\u00fck ezt a napot!<\/p>\n<p><em>D\u00e1vid Melinda<\/em><\/p>\n","protected":false},"excerpt":{"rendered":"<p>Vas\u00e1rnap, szeptember 20-\u00e1n, \u00fcnnep\u00e9lyes b\u00facs\u00fas szentmise keret\u00e9ben eml\u00e9kezt\u00fcnk meg Egyh\u00e1zk\u00f6zs\u00e9g\u00fcnk v\u00e9d\u0151szentj\u00e9r\u0151l, Szent Gell\u00e9rt v\u00e1rtan\u00fa p\u00fcsp\u00f6kr\u0151l. A szentmis\u00e9n Imre atya aj\u00e1nd\u00e9kozott meg gondolataival. Egyh\u00e1zk\u00f6zs\u00e9g\u00fcnk, mint minden m\u00e1s k\u00f6z\u00f6ss\u00e9g, tavasz \u00f3ta neh\u00e9z kih\u00edv\u00e1sokkal szembes\u00fclt. A v\u00edrus-j\u00e1rv\u00e1ny miatt kezdetben online szentmise k\u00f6zvet\u00edt\u00e9sek voltak, b\u00e1r ennek is nagyon \u00f6r\u00fclt\u00fcnk.\u00a0 Azt\u00e1n rendhagy\u00f3 szentmis\u00e9k k\u00f6vetkeztek, amelyre h\u00edveink korl\u00e1tozott sz\u00e1mban j\u00f6hetnek, s csak a kijel\u00f6lt helyeket foglalhatj\u00e1k el. Nem tarthattuk meg rendezv\u00e9nyeinket, k\u00f6reink \u00e9s klubjaink tev\u00e9kenys\u00e9ge sz\u00fcnetel, a mise ut\u00e1ni szeretetlakom\u00e1r\u00f3l is le kellett mondanunk. A jelenlegi helyzet ellenben nem t\u00f6rte meg hit\u00fcnket, lelkesed\u00e9s\u00fcnket, hiszen sz\u00fcl\u0151f\u00f6ld\u00fcnkr\u0151l m\u00e1r megedz\u0151dve \u00e9rkezt\u00fcnk v\u00e1lasztott haz\u00e1nkba. Otthon sokunknak minden nap meg kellett k\u00fczdeni hit\u00e9rt, anyanyelv\u00e9rt. A vas\u00e1rnapi b\u00facs\u00fas mis\u00e9nket nem k\u00f6vette a m\u00e1r megszokott k\u00f6z\u00f6s eb\u00e9d, k\u00e1v\u00e9 \u00e9s s\u00fctem\u00e9ny, elmaradt az ezt k\u00f6vet\u0151 kultur\u00e1lis rendezv\u00e9ny is. Ennek ellen\u00e9re nagyon j\u00f3 \u00e9rz\u00e9s volt \u00fajb\u00f3l tal\u00e1lkozni, egym\u00e1sra mosolyogni, egy\u00fctt lenni a szentmis\u00e9ben \u00e9s azt k\u00f6vet\u0151en is. Lelkiaty\u00e1k \u00e9s az Egyh\u00e1ztan\u00e1cs tan\u00e1cs\u00e1ra a templomban \u00fajb\u00f3l helyet kapott az Egyh\u00e1zk\u00f6zs\u00e9g 70 \u00e9ves t\u00f6rt\u00e9net\u00e9t \u00edr\u00e1sokban \u00e9s k\u00e9pekben bemutat\u00f3 ki\u00e1ll\u00edt\u00e1s. \u00cdgy tett\u00fck \u00fcnnep\u00e9lyesebb\u00e9 b\u00facs\u00fas mis\u00e9nket. Az \u00fcnnepi szentmise kezdet\u00e9n Tibor atya k\u00f6sz\u00f6nt\u00f6tte a megjelenteket. K\u00fcl\u00f6n \u00f6r\u00f6m\u00fcnkre szolg\u00e1lt, hogy els\u0151 alkalommal k\u00f6sz\u00f6nthett\u00fck k\u00f6r\u00fcnkben Dr. Izs\u00e1k Andr\u00e1s f\u0151konzult, tov\u00e1bb\u00e1 helyettes\u00e9t, Dr. Kov\u00e1cs Rita helyettes konzul asszonyt, Dr. Horv\u00e1th D\u00e1niel vezet\u0151 konzult \u00e9s Dr. B. Szab\u00f3 Dezs\u0151, Magyar Kultur\u00e1lis Int\u00e9zet vezet\u0151j\u00e9t \u00e9s feles\u00e9g\u00e9t, Altb\u00e4cker Edit asszonyt. Lektoraink, T\u00f3th M\u00e1rta, Kind Ang\u00e9la \u00e9s Huber Ilona olvast\u00e1k fel nek\u00fcnk az olvasm\u00e1nyt, szentleck\u00e9t \u00e9s a k\u00f6ny\u00f6rg\u00e9seket. A Gloria cantus k\u00f3rus tagjai Andree Brigitta orgonist\u00e1nk vezet\u00e9s\u00e9vel lelkesen k\u00e9sz\u00fcltek \u00e9s \u00e9nek\u00fckkel sz\u00ednes\u00edtett\u00e9k a szentmis\u00e9t. Obo\u00e1n Mokbel-Nyeste Lilla \u00e9s git\u00e1ron Sauerwein Tibor k\u00eds\u00e9rte \u0151ket. Imre atya pr\u00e9dik\u00e1ci\u00f3j\u00e1ban t\u00f6bbek k\u00f6z\u00f6tt Szent Gell\u00e9rt \u00e9letp\u00e9ld\u00e1j\u00e1ra h\u00edvta fel a figyelm\u00fcnket, akinek az \u00e1lma, hogy a Szentf\u00f6ldre eljusson, nem teljes\u00fclt, de Gell\u00e9rt p\u00fcsp\u00f6k elfogadta Isten akarat\u00e1t, aki m\u00e1s utat k\u00e9sz\u00edtett sz\u00e1m\u00e1ra. \u00cdgy azt\u00e1n \u00e9lete v\u00e9g\u00e9ig Magyarorsz\u00e1gon maradt, Szent Istv\u00e1n fi\u00e1nak, Imr\u00e9nek a&#8230; <\/p>\n<p><a class=\"readmore\" href=\"https:\/\/stuttgarti-katolikusok.de\/index.php\/bucsus-szentmise-stuttgartban-szent-gellert-unnepen\/\">R\u00e9szletek<\/a><\/p>\n","protected":false},"author":3,"featured_media":20158,"comment_status":"closed","ping_status":"closed","sticky":false,"template":"","format":"standard","meta":{"footnotes":""},"categories":[28],"tags":[],"class_list":["post-20155","post","type-post","status-publish","format-standard","has-post-thumbnail","hentry","category-olvasoink-irjak"],"yoast_head":"<!-- This site is optimized with the Yoast SEO plugin v27.3 - https:\/\/yoast.com\/product\/yoast-seo-wordpress\/ -->\n<title>B\u00facs\u00fas szentmise Stuttgartban Szent Gell\u00e9rt \u00fcnnep\u00e9n - Stuttgarti Katolikusok<\/title>\n<meta name=\"robots\" content=\"index, follow, max-snippet:-1, max-image-preview:large, max-video-preview:-1\" \/>\n<link rel=\"canonical\" href=\"https:\/\/stuttgarti-katolikusok.de\/index.php\/bucsus-szentmise-stuttgartban-szent-gellert-unnepen\/\" \/>\n<meta property=\"og:locale\" content=\"hu_HU\" \/>\n<meta property=\"og:type\" content=\"article\" \/>\n<meta property=\"og:title\" content=\"B\u00facs\u00fas szentmise Stuttgartban Szent Gell\u00e9rt \u00fcnnep\u00e9n - Stuttgarti Katolikusok\" \/>\n<meta property=\"og:description\" content=\"Vas\u00e1rnap, szeptember 20-\u00e1n, \u00fcnnep\u00e9lyes b\u00facs\u00fas szentmise keret\u00e9ben eml\u00e9kezt\u00fcnk meg Egyh\u00e1zk\u00f6zs\u00e9g\u00fcnk v\u00e9d\u0151szentj\u00e9r\u0151l, Szent Gell\u00e9rt v\u00e1rtan\u00fa p\u00fcsp\u00f6kr\u0151l. A szentmis\u00e9n Imre atya aj\u00e1nd\u00e9kozott meg gondolataival. Egyh\u00e1zk\u00f6zs\u00e9g\u00fcnk, mint minden m\u00e1s k\u00f6z\u00f6ss\u00e9g, tavasz \u00f3ta neh\u00e9z kih\u00edv\u00e1sokkal szembes\u00fclt. A v\u00edrus-j\u00e1rv\u00e1ny miatt kezdetben online szentmise k\u00f6zvet\u00edt\u00e9sek voltak, b\u00e1r ennek is nagyon \u00f6r\u00fclt\u00fcnk.\u00a0 Azt\u00e1n rendhagy\u00f3 szentmis\u00e9k k\u00f6vetkeztek, amelyre h\u00edveink korl\u00e1tozott sz\u00e1mban j\u00f6hetnek, s csak a kijel\u00f6lt helyeket foglalhatj\u00e1k el. Nem tarthattuk meg rendezv\u00e9nyeinket, k\u00f6reink \u00e9s klubjaink tev\u00e9kenys\u00e9ge sz\u00fcnetel, a mise ut\u00e1ni szeretetlakom\u00e1r\u00f3l is le kellett mondanunk. A jelenlegi helyzet ellenben nem t\u00f6rte meg hit\u00fcnket, lelkesed\u00e9s\u00fcnket, hiszen sz\u00fcl\u0151f\u00f6ld\u00fcnkr\u0151l m\u00e1r megedz\u0151dve \u00e9rkezt\u00fcnk v\u00e1lasztott haz\u00e1nkba. Otthon sokunknak minden nap meg kellett k\u00fczdeni hit\u00e9rt, anyanyelv\u00e9rt. A vas\u00e1rnapi b\u00facs\u00fas mis\u00e9nket nem k\u00f6vette a m\u00e1r megszokott k\u00f6z\u00f6s eb\u00e9d, k\u00e1v\u00e9 \u00e9s s\u00fctem\u00e9ny, elmaradt az ezt k\u00f6vet\u0151 kultur\u00e1lis rendezv\u00e9ny is. Ennek ellen\u00e9re nagyon j\u00f3 \u00e9rz\u00e9s volt \u00fajb\u00f3l tal\u00e1lkozni, egym\u00e1sra mosolyogni, egy\u00fctt lenni a szentmis\u00e9ben \u00e9s azt k\u00f6vet\u0151en is. Lelkiaty\u00e1k \u00e9s az Egyh\u00e1ztan\u00e1cs tan\u00e1cs\u00e1ra a templomban \u00fajb\u00f3l helyet kapott az Egyh\u00e1zk\u00f6zs\u00e9g 70 \u00e9ves t\u00f6rt\u00e9net\u00e9t \u00edr\u00e1sokban \u00e9s k\u00e9pekben bemutat\u00f3 ki\u00e1ll\u00edt\u00e1s. \u00cdgy tett\u00fck \u00fcnnep\u00e9lyesebb\u00e9 b\u00facs\u00fas mis\u00e9nket. Az \u00fcnnepi szentmise kezdet\u00e9n Tibor atya k\u00f6sz\u00f6nt\u00f6tte a megjelenteket. K\u00fcl\u00f6n \u00f6r\u00f6m\u00fcnkre szolg\u00e1lt, hogy els\u0151 alkalommal k\u00f6sz\u00f6nthett\u00fck k\u00f6r\u00fcnkben Dr. Izs\u00e1k Andr\u00e1s f\u0151konzult, tov\u00e1bb\u00e1 helyettes\u00e9t, Dr. Kov\u00e1cs Rita helyettes konzul asszonyt, Dr. Horv\u00e1th D\u00e1niel vezet\u0151 konzult \u00e9s Dr. B. Szab\u00f3 Dezs\u0151, Magyar Kultur\u00e1lis Int\u00e9zet vezet\u0151j\u00e9t \u00e9s feles\u00e9g\u00e9t, Altb\u00e4cker Edit asszonyt. Lektoraink, T\u00f3th M\u00e1rta, Kind Ang\u00e9la \u00e9s Huber Ilona olvast\u00e1k fel nek\u00fcnk az olvasm\u00e1nyt, szentleck\u00e9t \u00e9s a k\u00f6ny\u00f6rg\u00e9seket. A Gloria cantus k\u00f3rus tagjai Andree Brigitta orgonist\u00e1nk vezet\u00e9s\u00e9vel lelkesen k\u00e9sz\u00fcltek \u00e9s \u00e9nek\u00fckkel sz\u00ednes\u00edtett\u00e9k a szentmis\u00e9t. Obo\u00e1n Mokbel-Nyeste Lilla \u00e9s git\u00e1ron Sauerwein Tibor k\u00eds\u00e9rte \u0151ket. Imre atya pr\u00e9dik\u00e1ci\u00f3j\u00e1ban t\u00f6bbek k\u00f6z\u00f6tt Szent Gell\u00e9rt \u00e9letp\u00e9ld\u00e1j\u00e1ra h\u00edvta fel a figyelm\u00fcnket, akinek az \u00e1lma, hogy a Szentf\u00f6ldre eljusson, nem teljes\u00fclt, de Gell\u00e9rt p\u00fcsp\u00f6k elfogadta Isten akarat\u00e1t, aki m\u00e1s utat k\u00e9sz\u00edtett sz\u00e1m\u00e1ra. \u00cdgy azt\u00e1n \u00e9lete v\u00e9g\u00e9ig Magyarorsz\u00e1gon maradt, Szent Istv\u00e1n fi\u00e1nak, Imr\u00e9nek a... R\u00e9szletek\" \/>\n<meta property=\"og:url\" content=\"https:\/\/stuttgarti-katolikusok.de\/index.php\/bucsus-szentmise-stuttgartban-szent-gellert-unnepen\/\" \/>\n<meta property=\"og:site_name\" content=\"Stuttgarti Katolikusok\" \/>\n<meta property=\"article:published_time\" content=\"2020-09-24T20:39:42+00:00\" \/>\n<meta property=\"article:modified_time\" content=\"2020-09-30T08:45:31+00:00\" \/>\n<meta property=\"og:image\" content=\"https:\/\/stuttgarti-katolikusok.de\/wp-content\/uploads\/2020\/09\/szt-gellert.jpg\" \/>\n\t<meta property=\"og:image:width\" content=\"931\" \/>\n\t<meta property=\"og:image:height\" content=\"465\" \/>\n\t<meta property=\"og:image:type\" content=\"image\/jpeg\" \/>\n<meta name=\"author\" content=\"Tibor atya\" \/>\n<meta name=\"twitter:card\" content=\"summary_large_image\" \/>\n<meta name=\"twitter:label1\" content=\"Szerz\u0151:\" \/>\n\t<meta name=\"twitter:data1\" content=\"Tibor atya\" \/>\n\t<meta name=\"twitter:label2\" content=\"Becs\u00fclt olvas\u00e1si id\u0151\" \/>\n\t<meta name=\"twitter:data2\" content=\"4 perc\" \/>\n<script type=\"application\/ld+json\" class=\"yoast-schema-graph\">{\"@context\":\"https:\\\/\\\/schema.org\",\"@graph\":[{\"@type\":\"Article\",\"@id\":\"https:\\\/\\\/stuttgarti-katolikusok.de\\\/index.php\\\/bucsus-szentmise-stuttgartban-szent-gellert-unnepen\\\/#article\",\"isPartOf\":{\"@id\":\"https:\\\/\\\/stuttgarti-katolikusok.de\\\/index.php\\\/bucsus-szentmise-stuttgartban-szent-gellert-unnepen\\\/\"},\"author\":{\"name\":\"Tibor atya\",\"@id\":\"https:\\\/\\\/stuttgarti-katolikusok.de\\\/#\\\/schema\\\/person\\\/75908d6f8fdc03a57889d27209df7795\"},\"headline\":\"B\u00facs\u00fas szentmise Stuttgartban Szent Gell\u00e9rt \u00fcnnep\u00e9n\",\"datePublished\":\"2020-09-24T20:39:42+00:00\",\"dateModified\":\"2020-09-30T08:45:31+00:00\",\"mainEntityOfPage\":{\"@id\":\"https:\\\/\\\/stuttgarti-katolikusok.de\\\/index.php\\\/bucsus-szentmise-stuttgartban-szent-gellert-unnepen\\\/\"},\"wordCount\":836,\"image\":{\"@id\":\"https:\\\/\\\/stuttgarti-katolikusok.de\\\/index.php\\\/bucsus-szentmise-stuttgartban-szent-gellert-unnepen\\\/#primaryimage\"},\"thumbnailUrl\":\"https:\\\/\\\/stuttgarti-katolikusok.de\\\/wp-content\\\/uploads\\\/2020\\\/09\\\/szt-gellert.jpg\",\"articleSection\":[\"Olvas\u00f3ink \u00edrj\u00e1k\"],\"inLanguage\":\"hu\"},{\"@type\":\"WebPage\",\"@id\":\"https:\\\/\\\/stuttgarti-katolikusok.de\\\/index.php\\\/bucsus-szentmise-stuttgartban-szent-gellert-unnepen\\\/\",\"url\":\"https:\\\/\\\/stuttgarti-katolikusok.de\\\/index.php\\\/bucsus-szentmise-stuttgartban-szent-gellert-unnepen\\\/\",\"name\":\"B\u00facs\u00fas szentmise Stuttgartban Szent Gell\u00e9rt \u00fcnnep\u00e9n - Stuttgarti Katolikusok\",\"isPartOf\":{\"@id\":\"https:\\\/\\\/stuttgarti-katolikusok.de\\\/#website\"},\"primaryImageOfPage\":{\"@id\":\"https:\\\/\\\/stuttgarti-katolikusok.de\\\/index.php\\\/bucsus-szentmise-stuttgartban-szent-gellert-unnepen\\\/#primaryimage\"},\"image\":{\"@id\":\"https:\\\/\\\/stuttgarti-katolikusok.de\\\/index.php\\\/bucsus-szentmise-stuttgartban-szent-gellert-unnepen\\\/#primaryimage\"},\"thumbnailUrl\":\"https:\\\/\\\/stuttgarti-katolikusok.de\\\/wp-content\\\/uploads\\\/2020\\\/09\\\/szt-gellert.jpg\",\"datePublished\":\"2020-09-24T20:39:42+00:00\",\"dateModified\":\"2020-09-30T08:45:31+00:00\",\"author\":{\"@id\":\"https:\\\/\\\/stuttgarti-katolikusok.de\\\/#\\\/schema\\\/person\\\/75908d6f8fdc03a57889d27209df7795\"},\"breadcrumb\":{\"@id\":\"https:\\\/\\\/stuttgarti-katolikusok.de\\\/index.php\\\/bucsus-szentmise-stuttgartban-szent-gellert-unnepen\\\/#breadcrumb\"},\"inLanguage\":\"hu\",\"potentialAction\":[{\"@type\":\"ReadAction\",\"target\":[\"https:\\\/\\\/stuttgarti-katolikusok.de\\\/index.php\\\/bucsus-szentmise-stuttgartban-szent-gellert-unnepen\\\/\"]}]},{\"@type\":\"ImageObject\",\"inLanguage\":\"hu\",\"@id\":\"https:\\\/\\\/stuttgarti-katolikusok.de\\\/index.php\\\/bucsus-szentmise-stuttgartban-szent-gellert-unnepen\\\/#primaryimage\",\"url\":\"https:\\\/\\\/stuttgarti-katolikusok.de\\\/wp-content\\\/uploads\\\/2020\\\/09\\\/szt-gellert.jpg\",\"contentUrl\":\"https:\\\/\\\/stuttgarti-katolikusok.de\\\/wp-content\\\/uploads\\\/2020\\\/09\\\/szt-gellert.jpg\",\"width\":931,\"height\":465},{\"@type\":\"BreadcrumbList\",\"@id\":\"https:\\\/\\\/stuttgarti-katolikusok.de\\\/index.php\\\/bucsus-szentmise-stuttgartban-szent-gellert-unnepen\\\/#breadcrumb\",\"itemListElement\":[{\"@type\":\"ListItem\",\"position\":1,\"name\":\"Kezd\u0151lap\",\"item\":\"https:\\\/\\\/stuttgarti-katolikusok.de\\\/\"},{\"@type\":\"ListItem\",\"position\":2,\"name\":\"B\u00facs\u00fas szentmise Stuttgartban Szent Gell\u00e9rt \u00fcnnep\u00e9n\"}]},{\"@type\":\"WebSite\",\"@id\":\"https:\\\/\\\/stuttgarti-katolikusok.de\\\/#website\",\"url\":\"https:\\\/\\\/stuttgarti-katolikusok.de\\\/\",\"name\":\"Stuttgarti Katolikusok\",\"description\":\"\",\"potentialAction\":[{\"@type\":\"SearchAction\",\"target\":{\"@type\":\"EntryPoint\",\"urlTemplate\":\"https:\\\/\\\/stuttgarti-katolikusok.de\\\/?s={search_term_string}\"},\"query-input\":{\"@type\":\"PropertyValueSpecification\",\"valueRequired\":true,\"valueName\":\"search_term_string\"}}],\"inLanguage\":\"hu\"},{\"@type\":\"Person\",\"@id\":\"https:\\\/\\\/stuttgarti-katolikusok.de\\\/#\\\/schema\\\/person\\\/75908d6f8fdc03a57889d27209df7795\",\"name\":\"Tibor atya\",\"image\":{\"@type\":\"ImageObject\",\"inLanguage\":\"hu\",\"@id\":\"https:\\\/\\\/secure.gravatar.com\\\/avatar\\\/61d268e57d1f4525b111222e29d2d5a7f8c420fdbf231ba5566a8ceac74fa960?s=96&d=mm&r=g\",\"url\":\"https:\\\/\\\/secure.gravatar.com\\\/avatar\\\/61d268e57d1f4525b111222e29d2d5a7f8c420fdbf231ba5566a8ceac74fa960?s=96&d=mm&r=g\",\"contentUrl\":\"https:\\\/\\\/secure.gravatar.com\\\/avatar\\\/61d268e57d1f4525b111222e29d2d5a7f8c420fdbf231ba5566a8ceac74fa960?s=96&d=mm&r=g\",\"caption\":\"Tibor atya\"},\"url\":\"https:\\\/\\\/stuttgarti-katolikusok.de\\\/index.php\\\/author\\\/tibor-atya\\\/\"}]}<\/script>\n<!-- \/ Yoast SEO plugin. -->","yoast_head_json":{"title":"B\u00facs\u00fas szentmise Stuttgartban Szent Gell\u00e9rt \u00fcnnep\u00e9n - Stuttgarti Katolikusok","robots":{"index":"index","follow":"follow","max-snippet":"max-snippet:-1","max-image-preview":"max-image-preview:large","max-video-preview":"max-video-preview:-1"},"canonical":"https:\/\/stuttgarti-katolikusok.de\/index.php\/bucsus-szentmise-stuttgartban-szent-gellert-unnepen\/","og_locale":"hu_HU","og_type":"article","og_title":"B\u00facs\u00fas szentmise Stuttgartban Szent Gell\u00e9rt \u00fcnnep\u00e9n - Stuttgarti Katolikusok","og_description":"Vas\u00e1rnap, szeptember 20-\u00e1n, \u00fcnnep\u00e9lyes b\u00facs\u00fas szentmise keret\u00e9ben eml\u00e9kezt\u00fcnk meg Egyh\u00e1zk\u00f6zs\u00e9g\u00fcnk v\u00e9d\u0151szentj\u00e9r\u0151l, Szent Gell\u00e9rt v\u00e1rtan\u00fa p\u00fcsp\u00f6kr\u0151l. A szentmis\u00e9n Imre atya aj\u00e1nd\u00e9kozott meg gondolataival. Egyh\u00e1zk\u00f6zs\u00e9g\u00fcnk, mint minden m\u00e1s k\u00f6z\u00f6ss\u00e9g, tavasz \u00f3ta neh\u00e9z kih\u00edv\u00e1sokkal szembes\u00fclt. A v\u00edrus-j\u00e1rv\u00e1ny miatt kezdetben online szentmise k\u00f6zvet\u00edt\u00e9sek voltak, b\u00e1r ennek is nagyon \u00f6r\u00fclt\u00fcnk.\u00a0 Azt\u00e1n rendhagy\u00f3 szentmis\u00e9k k\u00f6vetkeztek, amelyre h\u00edveink korl\u00e1tozott sz\u00e1mban j\u00f6hetnek, s csak a kijel\u00f6lt helyeket foglalhatj\u00e1k el. Nem tarthattuk meg rendezv\u00e9nyeinket, k\u00f6reink \u00e9s klubjaink tev\u00e9kenys\u00e9ge sz\u00fcnetel, a mise ut\u00e1ni szeretetlakom\u00e1r\u00f3l is le kellett mondanunk. A jelenlegi helyzet ellenben nem t\u00f6rte meg hit\u00fcnket, lelkesed\u00e9s\u00fcnket, hiszen sz\u00fcl\u0151f\u00f6ld\u00fcnkr\u0151l m\u00e1r megedz\u0151dve \u00e9rkezt\u00fcnk v\u00e1lasztott haz\u00e1nkba. Otthon sokunknak minden nap meg kellett k\u00fczdeni hit\u00e9rt, anyanyelv\u00e9rt. A vas\u00e1rnapi b\u00facs\u00fas mis\u00e9nket nem k\u00f6vette a m\u00e1r megszokott k\u00f6z\u00f6s eb\u00e9d, k\u00e1v\u00e9 \u00e9s s\u00fctem\u00e9ny, elmaradt az ezt k\u00f6vet\u0151 kultur\u00e1lis rendezv\u00e9ny is. Ennek ellen\u00e9re nagyon j\u00f3 \u00e9rz\u00e9s volt \u00fajb\u00f3l tal\u00e1lkozni, egym\u00e1sra mosolyogni, egy\u00fctt lenni a szentmis\u00e9ben \u00e9s azt k\u00f6vet\u0151en is. Lelkiaty\u00e1k \u00e9s az Egyh\u00e1ztan\u00e1cs tan\u00e1cs\u00e1ra a templomban \u00fajb\u00f3l helyet kapott az Egyh\u00e1zk\u00f6zs\u00e9g 70 \u00e9ves t\u00f6rt\u00e9net\u00e9t \u00edr\u00e1sokban \u00e9s k\u00e9pekben bemutat\u00f3 ki\u00e1ll\u00edt\u00e1s. \u00cdgy tett\u00fck \u00fcnnep\u00e9lyesebb\u00e9 b\u00facs\u00fas mis\u00e9nket. Az \u00fcnnepi szentmise kezdet\u00e9n Tibor atya k\u00f6sz\u00f6nt\u00f6tte a megjelenteket. K\u00fcl\u00f6n \u00f6r\u00f6m\u00fcnkre szolg\u00e1lt, hogy els\u0151 alkalommal k\u00f6sz\u00f6nthett\u00fck k\u00f6r\u00fcnkben Dr. Izs\u00e1k Andr\u00e1s f\u0151konzult, tov\u00e1bb\u00e1 helyettes\u00e9t, Dr. Kov\u00e1cs Rita helyettes konzul asszonyt, Dr. Horv\u00e1th D\u00e1niel vezet\u0151 konzult \u00e9s Dr. B. Szab\u00f3 Dezs\u0151, Magyar Kultur\u00e1lis Int\u00e9zet vezet\u0151j\u00e9t \u00e9s feles\u00e9g\u00e9t, Altb\u00e4cker Edit asszonyt. Lektoraink, T\u00f3th M\u00e1rta, Kind Ang\u00e9la \u00e9s Huber Ilona olvast\u00e1k fel nek\u00fcnk az olvasm\u00e1nyt, szentleck\u00e9t \u00e9s a k\u00f6ny\u00f6rg\u00e9seket. A Gloria cantus k\u00f3rus tagjai Andree Brigitta orgonist\u00e1nk vezet\u00e9s\u00e9vel lelkesen k\u00e9sz\u00fcltek \u00e9s \u00e9nek\u00fckkel sz\u00ednes\u00edtett\u00e9k a szentmis\u00e9t. Obo\u00e1n Mokbel-Nyeste Lilla \u00e9s git\u00e1ron Sauerwein Tibor k\u00eds\u00e9rte \u0151ket. Imre atya pr\u00e9dik\u00e1ci\u00f3j\u00e1ban t\u00f6bbek k\u00f6z\u00f6tt Szent Gell\u00e9rt \u00e9letp\u00e9ld\u00e1j\u00e1ra h\u00edvta fel a figyelm\u00fcnket, akinek az \u00e1lma, hogy a Szentf\u00f6ldre eljusson, nem teljes\u00fclt, de Gell\u00e9rt p\u00fcsp\u00f6k elfogadta Isten akarat\u00e1t, aki m\u00e1s utat k\u00e9sz\u00edtett sz\u00e1m\u00e1ra. \u00cdgy azt\u00e1n \u00e9lete v\u00e9g\u00e9ig Magyarorsz\u00e1gon maradt, Szent Istv\u00e1n fi\u00e1nak, Imr\u00e9nek a... R\u00e9szletek","og_url":"https:\/\/stuttgarti-katolikusok.de\/index.php\/bucsus-szentmise-stuttgartban-szent-gellert-unnepen\/","og_site_name":"Stuttgarti Katolikusok","article_published_time":"2020-09-24T20:39:42+00:00","article_modified_time":"2020-09-30T08:45:31+00:00","og_image":[{"width":931,"height":465,"url":"https:\/\/stuttgarti-katolikusok.de\/wp-content\/uploads\/2020\/09\/szt-gellert.jpg","type":"image\/jpeg"}],"author":"Tibor atya","twitter_card":"summary_large_image","twitter_misc":{"Szerz\u0151:":"Tibor atya","Becs\u00fclt olvas\u00e1si id\u0151":"4 perc"},"schema":{"@context":"https:\/\/schema.org","@graph":[{"@type":"Article","@id":"https:\/\/stuttgarti-katolikusok.de\/index.php\/bucsus-szentmise-stuttgartban-szent-gellert-unnepen\/#article","isPartOf":{"@id":"https:\/\/stuttgarti-katolikusok.de\/index.php\/bucsus-szentmise-stuttgartban-szent-gellert-unnepen\/"},"author":{"name":"Tibor atya","@id":"https:\/\/stuttgarti-katolikusok.de\/#\/schema\/person\/75908d6f8fdc03a57889d27209df7795"},"headline":"B\u00facs\u00fas szentmise Stuttgartban Szent Gell\u00e9rt \u00fcnnep\u00e9n","datePublished":"2020-09-24T20:39:42+00:00","dateModified":"2020-09-30T08:45:31+00:00","mainEntityOfPage":{"@id":"https:\/\/stuttgarti-katolikusok.de\/index.php\/bucsus-szentmise-stuttgartban-szent-gellert-unnepen\/"},"wordCount":836,"image":{"@id":"https:\/\/stuttgarti-katolikusok.de\/index.php\/bucsus-szentmise-stuttgartban-szent-gellert-unnepen\/#primaryimage"},"thumbnailUrl":"https:\/\/stuttgarti-katolikusok.de\/wp-content\/uploads\/2020\/09\/szt-gellert.jpg","articleSection":["Olvas\u00f3ink \u00edrj\u00e1k"],"inLanguage":"hu"},{"@type":"WebPage","@id":"https:\/\/stuttgarti-katolikusok.de\/index.php\/bucsus-szentmise-stuttgartban-szent-gellert-unnepen\/","url":"https:\/\/stuttgarti-katolikusok.de\/index.php\/bucsus-szentmise-stuttgartban-szent-gellert-unnepen\/","name":"B\u00facs\u00fas szentmise Stuttgartban Szent Gell\u00e9rt \u00fcnnep\u00e9n - Stuttgarti Katolikusok","isPartOf":{"@id":"https:\/\/stuttgarti-katolikusok.de\/#website"},"primaryImageOfPage":{"@id":"https:\/\/stuttgarti-katolikusok.de\/index.php\/bucsus-szentmise-stuttgartban-szent-gellert-unnepen\/#primaryimage"},"image":{"@id":"https:\/\/stuttgarti-katolikusok.de\/index.php\/bucsus-szentmise-stuttgartban-szent-gellert-unnepen\/#primaryimage"},"thumbnailUrl":"https:\/\/stuttgarti-katolikusok.de\/wp-content\/uploads\/2020\/09\/szt-gellert.jpg","datePublished":"2020-09-24T20:39:42+00:00","dateModified":"2020-09-30T08:45:31+00:00","author":{"@id":"https:\/\/stuttgarti-katolikusok.de\/#\/schema\/person\/75908d6f8fdc03a57889d27209df7795"},"breadcrumb":{"@id":"https:\/\/stuttgarti-katolikusok.de\/index.php\/bucsus-szentmise-stuttgartban-szent-gellert-unnepen\/#breadcrumb"},"inLanguage":"hu","potentialAction":[{"@type":"ReadAction","target":["https:\/\/stuttgarti-katolikusok.de\/index.php\/bucsus-szentmise-stuttgartban-szent-gellert-unnepen\/"]}]},{"@type":"ImageObject","inLanguage":"hu","@id":"https:\/\/stuttgarti-katolikusok.de\/index.php\/bucsus-szentmise-stuttgartban-szent-gellert-unnepen\/#primaryimage","url":"https:\/\/stuttgarti-katolikusok.de\/wp-content\/uploads\/2020\/09\/szt-gellert.jpg","contentUrl":"https:\/\/stuttgarti-katolikusok.de\/wp-content\/uploads\/2020\/09\/szt-gellert.jpg","width":931,"height":465},{"@type":"BreadcrumbList","@id":"https:\/\/stuttgarti-katolikusok.de\/index.php\/bucsus-szentmise-stuttgartban-szent-gellert-unnepen\/#breadcrumb","itemListElement":[{"@type":"ListItem","position":1,"name":"Kezd\u0151lap","item":"https:\/\/stuttgarti-katolikusok.de\/"},{"@type":"ListItem","position":2,"name":"B\u00facs\u00fas szentmise Stuttgartban Szent Gell\u00e9rt \u00fcnnep\u00e9n"}]},{"@type":"WebSite","@id":"https:\/\/stuttgarti-katolikusok.de\/#website","url":"https:\/\/stuttgarti-katolikusok.de\/","name":"Stuttgarti Katolikusok","description":"","potentialAction":[{"@type":"SearchAction","target":{"@type":"EntryPoint","urlTemplate":"https:\/\/stuttgarti-katolikusok.de\/?s={search_term_string}"},"query-input":{"@type":"PropertyValueSpecification","valueRequired":true,"valueName":"search_term_string"}}],"inLanguage":"hu"},{"@type":"Person","@id":"https:\/\/stuttgarti-katolikusok.de\/#\/schema\/person\/75908d6f8fdc03a57889d27209df7795","name":"Tibor atya","image":{"@type":"ImageObject","inLanguage":"hu","@id":"https:\/\/secure.gravatar.com\/avatar\/61d268e57d1f4525b111222e29d2d5a7f8c420fdbf231ba5566a8ceac74fa960?s=96&d=mm&r=g","url":"https:\/\/secure.gravatar.com\/avatar\/61d268e57d1f4525b111222e29d2d5a7f8c420fdbf231ba5566a8ceac74fa960?s=96&d=mm&r=g","contentUrl":"https:\/\/secure.gravatar.com\/avatar\/61d268e57d1f4525b111222e29d2d5a7f8c420fdbf231ba5566a8ceac74fa960?s=96&d=mm&r=g","caption":"Tibor atya"},"url":"https:\/\/stuttgarti-katolikusok.de\/index.php\/author\/tibor-atya\/"}]}},"_links":{"self":[{"href":"https:\/\/stuttgarti-katolikusok.de\/index.php\/wp-json\/wp\/v2\/posts\/20155","targetHints":{"allow":["GET"]}}],"collection":[{"href":"https:\/\/stuttgarti-katolikusok.de\/index.php\/wp-json\/wp\/v2\/posts"}],"about":[{"href":"https:\/\/stuttgarti-katolikusok.de\/index.php\/wp-json\/wp\/v2\/types\/post"}],"author":[{"embeddable":true,"href":"https:\/\/stuttgarti-katolikusok.de\/index.php\/wp-json\/wp\/v2\/users\/3"}],"replies":[{"embeddable":true,"href":"https:\/\/stuttgarti-katolikusok.de\/index.php\/wp-json\/wp\/v2\/comments?post=20155"}],"version-history":[{"count":2,"href":"https:\/\/stuttgarti-katolikusok.de\/index.php\/wp-json\/wp\/v2\/posts\/20155\/revisions"}],"predecessor-version":[{"id":20196,"href":"https:\/\/stuttgarti-katolikusok.de\/index.php\/wp-json\/wp\/v2\/posts\/20155\/revisions\/20196"}],"wp:featuredmedia":[{"embeddable":true,"href":"https:\/\/stuttgarti-katolikusok.de\/index.php\/wp-json\/wp\/v2\/media\/20158"}],"wp:attachment":[{"href":"https:\/\/stuttgarti-katolikusok.de\/index.php\/wp-json\/wp\/v2\/media?parent=20155"}],"wp:term":[{"taxonomy":"category","embeddable":true,"href":"https:\/\/stuttgarti-katolikusok.de\/index.php\/wp-json\/wp\/v2\/categories?post=20155"},{"taxonomy":"post_tag","embeddable":true,"href":"https:\/\/stuttgarti-katolikusok.de\/index.php\/wp-json\/wp\/v2\/tags?post=20155"}],"curies":[{"name":"wp","href":"https:\/\/api.w.org\/{rel}","templated":true}]}}