{"id":20150,"date":"2020-09-24T10:25:45","date_gmt":"2020-09-24T10:25:45","guid":{"rendered":"https:\/\/gracious-dewdney.138-201-221-2.plesk.page\/?p=20150"},"modified":"2020-09-26T22:58:58","modified_gmt":"2020-09-26T22:58:58","slug":"az-istenbe-vetett-hit-a-koronavirus-alatt","status":"publish","type":"post","link":"https:\/\/stuttgarti-katolikusok.de\/index.php\/az-istenbe-vetett-hit-a-koronavirus-alatt\/","title":{"rendered":"Az Istenbe vetett hit a koronav\u00edrus alatt"},"content":{"rendered":"<p style=\"text-align: center;\"><span style=\"color: #ff6600;\">F\u0151p\u00e1sztori lev\u00e9l a Rottenburg-Stuttgarti egyh\u00e1zmegye pl\u00e9b\u00e1ni\u00e1ihoz a koronav\u00edrus-j\u00e1rv\u00e1nyr\u00f3l <\/span><br \/>\n<span style=\"color: #ff6600;\">Az \u00e9v 25. vas\u00e1rnapja: 2020. szeptember 20. Dr. Gebhard F\u00fcrst p\u00fcsp\u00f6k<\/span><\/p>\n<p style=\"text-align: center;\"><em><strong><span style=\"color: #ff6600;\">Az Istenben vetett hit a koronav\u00edrus alatt<\/span> <\/strong><\/em><\/p>\n<p style=\"text-align: center;\"><a href=\"https:\/\/stuttgarti-katolikusok.de\/wp-content\/uploads\/2020\/07\/furst2.jpg\"><img loading=\"lazy\" decoding=\"async\" class=\"alignnone size-medium wp-image-19884\" src=\"https:\/\/stuttgarti-katolikusok.de\/wp-content\/uploads\/2020\/07\/furst2-300x169.jpg\" alt=\"\" width=\"300\" height=\"169\" srcset=\"https:\/\/stuttgarti-katolikusok.de\/wp-content\/uploads\/2020\/07\/furst2-300x169.jpg 300w, https:\/\/stuttgarti-katolikusok.de\/wp-content\/uploads\/2020\/07\/furst2-1024x576.jpg 1024w, https:\/\/stuttgarti-katolikusok.de\/wp-content\/uploads\/2020\/07\/furst2-518x294.jpg 518w, https:\/\/stuttgarti-katolikusok.de\/wp-content\/uploads\/2020\/07\/furst2.jpg 1280w\" sizes=\"auto, (max-width: 300px) 100vw, 300px\" \/><\/a><\/p>\n<p style=\"text-align: left;\">Kedves testv\u00e9reim!<\/p>\n<p>Egy h\u00e9ttel a vak\u00e1ci\u00f3 v\u00e9ge \u00e9s az iskolakezd\u00e9s ut\u00e1n szeretn\u00e9k ma hozz\u00e1tok sz\u00f3lni. A koronav\u00edrus v\u00e1ls\u00e1ga tov\u00e1bbra is szorongat benn\u00fcnket, \u00e9s komoly hat\u00e1ssal van mindennapjainkra. Ez \u00e9v m\u00e1rciusa \u00f3ta vil\u00e1gszerte mindenkit s\u00falyosan \u00e9rinti a j\u00e1rv\u00e1ny. Mindannyian nagy \u00e1ldozatokat kell hoznunk napjainkban. Le kell mondanunk szeretett tev\u00e9kenys\u00e9geinkr\u0151l, \u00e1t kell alak\u00edtanunk h\u00e9tk\u00f6znapjainkat, meg kell v\u00e1ltoztatnunk \u00e9letvitel\u00fcnket, szigor\u00fa korl\u00e1toz\u00e1sokat kell betartanunk templomba j\u00e1r\u00e1s \u00e9s istentiszteletek sor\u00e1n. Visszatekintve mindenekel\u0151tt szeretn\u00e9m kifejezni h\u00e1l\u00e1s k\u00f6sz\u00f6netemet nektek, kedves testv\u00e9reim. A legt\u00f6bb ember az elm\u00falt id\u0151szakban igen felel\u0151ss\u00e9gteljesen viselkedett, \u00edgy egyh\u00e1zmegy\u00e9nkben is. \u00cdgy minden testi \u00e9s lelki terhel\u00e9s ellen\u00e9re viszonylag j\u00f3l \u00e1t\u00e9lt\u00fck a s\u00falyos v\u00e1ls\u00e1got a m\u00e1s orsz\u00e1gokban tapasztalhat\u00f3 helyzetekhez k\u00e9pest. \u00c1m a neh\u00e9z id\u0151knek m\u00e9g nincs v\u00e9ge. A koronav\u00edrus \u00e1ltal oly s\u00falyosan \u00e9rintett h\u00e9tk\u00f6znapok k\u00f6z\u00f6s \u00e1t\u00e9l\u00e9se mindannyiunk sz\u00e1m\u00e1ra megmutatja, mennyire fontos az egy\u00fcttl\u00e9t. A higi\u00e9niai okokb\u00f3l sz\u00fcks\u00e9ges t\u00e1vols\u00e1gtart\u00e1s mindeddig nem vezetett oda, hogy emberk\u00e9nt is elt\u00e1volodjunk egym\u00e1st\u00f3l. \u00c9pp ellenkez\u0151leg: Az embert\u00e1rsaink helyzeteire \u00e9s ig\u00e9nyeire val\u00f3 odafigyel\u00e9s, sorsuk ir\u00e1nti aggodalom \u00e9s a k\u00f6lcs\u00f6n\u00f6s seg\u00edteni akar\u00e1s sok helyen megn\u00f6vekedett. A higi\u00e9niai okokb\u00f3l bevezetett t\u00e1vols\u00e1gtart\u00e1s gyakran k\u00f6zelebb vitte egym\u00e1shoz az embereket. A s\u00falyosan beteg \u00e9s haldokl\u00f3 embert\u00e1rsaink f\u00e1jdalmas tapasztalatai mindannyiunkat m\u00e9lyen megr\u00e1ztak. J\u00f3istennek h\u00e1la, a rokonok, gondoz\u00f3k, orvosok \u00e9s bar\u00e1tok, de egyh\u00e1zi dolgoz\u00f3k is, p\u00e9ld\u00e1ul lelk\u00e9szek, diak\u00f3nusok, lelkip\u00e1sztori \u00e9s k\u00f6z\u00f6ss\u00e9gi tisztvisel\u0151k \u00e9s k\u00fcl\u00f6n\u00f6sen sok \u00f6nk\u00e9ntes kereszt\u00e9ny gondoskodott a r\u00e1szorul\u00f3 emberekr\u0151l. Amit a k\u00f6lcs\u00f6n\u00f6s t\u00e1mogat\u00e1s \u00f6tletess\u00e9g\u00e9ben l\u00e1ttam, hallottam \u00e9s tapasztaltam, vigaszt \u00e9s rem\u00e9nyt adott sz\u00e1momra minden szenved\u00e9s ellen\u00e9re. Az egyh\u00e1z az elk\u00f6telezett helyiek r\u00e9v\u00e9n v\u00e9gig az emberek mellett \u00e1llt. Kedves testv\u00e9reim! A koronav\u00edrus hat\u00e1sait l\u00e1tva sok h\u00edv\u0151 neh\u00e9z sz\u00edvvel k\u00e9rdi: Mi\u00e9rt kellett mindennek \u00edgy t\u00f6rt\u00e9nnie? Elfelejtette Isten teremt\u00e9s\u00e9t, elfelejtette teremtm\u00e9nyeit, minket, embereket?<\/p>\n<p style=\"text-align: left;\">Kedves hittestv\u00e9reim! Nem k\u00f6nny\u0171 megv\u00e1laszolni ezeket a s\u00fcrget\u0151 k\u00e9rd\u00e9seket. De seg\u00edts\u00e9g\u00fcnkre j\u00f6het a szent\u00edr\u00e1s. A Biblia szinte minden\u00fctt az emberek Istennel val\u00f3 tapasztalatait hirdeti. Ezekben a t\u00f6rt\u00e9netekben nemcsak a boldogs\u00e1g \u00e9s az \u00fcdv\u00f6ss\u00e9g, hanem a nyomor \u00e9s a boldogtalans\u00e1g is jelen van minden\u00fctt. H\u00e1bor\u00fa \u00e9s visz\u00e1ly, k\u00e9ts\u00e9gbees\u00e9s \u00e9s tehetetlens\u00e9g jelenik meg, az ember f\u00e1jdalmas tapasztalata, hogy t\u00e1vol ker\u00fclt Istent\u0151l. De a bibliai t\u00f6rt\u00e9netek a k\u00f6vetkez\u0151kr\u0151l is tan\u00faskodnak: B\u00e1rmi t\u00f6rt\u00e9nj\u00e9k, az ember nem mondtak le Istennel val\u00f3 kapcsolat\u00e1r\u00e1r\u00f3l. Nem utols\u00f3sorban J\u00e9zus Istenhez val\u00f3 k\u00f6zels\u00e9ge, majd a t\u0151le val\u00f3 elt\u00e1volod\u00e1sa lehet r\u00e1nk megr\u00e1z\u00f3 hat\u00e1ssal. A n\u00e1z\u00e1reti J\u00e9zus, a j\u00f3 \u00e9s igazs\u00e1gos, teljes er\u0151vel \u00e9li meg az Istent\u0151l val\u00f3 elt\u00e1volod\u00e1s pillanatait passi\u00f3ja sor\u00e1n \u00e9s a kereszten. Szenved\u00e9se bizony\u00e1ra nem b\u00fcntet\u00e9s volt. Felki\u00e1lt\u00e1sa a keresztre fesz\u00edt\u00e9s alatt nem a semmibe sz\u00f3l. Azt k\u00e9rdi ISTENT\u0150L: \u201eMi\u00e9rt hagyt\u00e1l el ENGEM?\u201c Legnagyobb szenved\u00e9se sor\u00e1n sem adja fel Istenhez val\u00f3 viszony\u00e1t. \u2013 Tudjuk, mi t\u00f6rt\u00e9nt: Felt\u00e1mad\u00e1s, \u00faj \u00e9let &#8230;<\/p>\n<p style=\"text-align: left;\">Kedves testv\u00e9reim! Legyen p\u00e9ldak\u00e9p\u00fcnk a n\u00e1z\u00e1reti J\u00e9zust, Bibli\u00e1ban szerepl\u0151 emberek, akik a bajba sem fordulnak el Istent\u0151l. Annak ellen\u00e9re, hogy nem \u00e9rtj\u00fck, mi\u00e9rt kellett megt\u00f6rt\u00e9nnie mindannak, amit \u00e1t\u00e9l\u00fcnk, amit tapasztalunk, maradjunk tov\u00e1bbra is kapcsolatban Istennel. Ne adjuk fel az Istenhez f\u0171z\u0151d\u0151 viszonyunkat! Forduljunk Istenhez f\u00e1jdalmainkkal tal\u00e1n szemreh\u00e1ny\u00f3 tapasztalatainkkal. Az ima felemel benn\u00fcnket!<\/p>\n<p style=\"text-align: left;\">K\u00fcl\u00f6n\u00f6sen az \u00d3sz\u00f6vets\u00e9g zsolt\u00e1rainak, im\u00e1ds\u00e1gos \u00e9nekeinek olvas\u00e1s sor\u00e1n tapasztalhatjuk meg, hogy k\u00f6sz\u00f6ntik, dics\u00e9rik, k\u00e9rdezik a m\u00e9lyen h\u00edv\u0151k Istent, de v\u00e1dolj\u00e1k is, ha \u00fagy \u00e9lik meg, elt\u00e1volodtak t\u0151le. A zsolt\u00e1r az ima iskol\u00e1ja a nagy sz\u00fcks\u00e9gben. A bibliai emberekhez hasonl\u00f3an nek\u00fcnk sem szabad feladni az Istenhez f\u0171z\u0151 \u00e9l\u0151 kapcsolatot; \u0151rizz\u00fck meg az\u00e1ltal, hogy nem felejtj\u00fck el Istent, hogy Istenhez sz\u00f3lunk, im\u00e1dkozunk. Van m\u00e9g egy tov\u00e1bbi dimenzi\u00f3ja az Istennel val\u00f3 kapcsolatunk meg\u0151rz\u00e9s\u00e9nek. Nem vesz\u00edthetj\u00fck el a hozz\u00e1 f\u0171z\u0151 kapcsolatot, ha m\u00e1sokkal \u00e9reztetj\u00fck k\u00f6zels\u00e9g\u00fcnket, \u00e9s nem hagyjuk \u0151ket egyed\u00fcl. Ahol a feleibar\u00e1taim \u00e1ltalam \u00e9s szeretetteljes cselekedeteimen kereszt\u00fcl tapasztalj\u00e1k Isten gy\u00f3gy\u00edt\u00f3 k\u00f6zels\u00e9g\u00e9t, ott Isten mindig jelen lesz. Ily m\u00f3don Isten tan\u00fai lesz\u00fcnk cselekedeteinkben \u00e9s felebar\u00e1taink szeretet\u00e9ben. Honnan mer\u00edts\u00fcnk er\u0151t felebar\u00e1taink szeretet\u00e9re \u00e9s \u00f6nzetlen seg\u00edt\u00e9s\u00fckre? Ez az er\u0151 az Istenhez f\u0171z\u0151, im\u00e1ban rejl\u0151 \u00e9l\u0151 kapcsolatunkb\u00f3l fakad. De ugyanakkor az eucharisztia \u00fcnnep\u00e9b\u0151l is er\u0151t mer\u00edthet\u00fcnk! Kedves testv\u00e9reim, egyh\u00e1zunk p\u00e9ld\u00e1tlanul neh\u00e9z id\u0151ket \u00e9l \u00e1t. Egyh\u00e1zi gy\u00fclekezeteink \u00e9s tal\u00e1lkoz\u00e1saink k\u00fcl\u00f6n\u00f6sen megszenvedik ezeket az id\u0151ket. K\u00fcl\u00f6n\u00f6sen vonatkozik ez a vas\u00e1rnapi eucharisztia \u00fcnnep\u00e9re. A mai napig csak korl\u00e1tozott sz\u00e1m\u00fa h\u00edv\u0151vel \u00e9s neh\u00e9z k\u00f6r\u00fclm\u00e9nyek k\u00f6z\u00f6tt \u00fcnnepelhet\u00fcnk. \u00d6r\u00fcl\u00f6k, hogy ti, kedves testv\u00e9reim, elj\u00f6ttek ma meg\u00fcnnepelni a vas\u00e1rnapi szentmis\u00e9t. \u00cdgy tesztek tan\u00fabizonys\u00e1got hitetekr\u0151l. Egyh\u00e1zunkba vetett hitetekr\u0151l. Az eucharisztia \u00fcnnepe nem ak\u00e1rmilyen \u00f6sszegy\u0171l\u00e9s. \u00c9s egyben elt\u00e9r a t\u00f6bbi istentisztelett\u0151l, b\u00e1rmennyire is fontosak legyenek azok. Csak Isten Ig\u00e9j\u00e9nek \u00fcnnep\u00e9t eml\u00edtem \u00farvacsora v\u00e9tel\u00e9vel. \u2013 Az euchariszti\u00e1ban, a szentmis\u00e9ben J\u00e9zus Krisztus hal\u00e1l\u00e1t \u00e9s felt\u00e1mad\u00e1s\u00e1t \u00fcnnepelj\u00fck. Az Isten \u00e1ltal kezdem\u00e9nyezett, szent gy\u00fclekez\u00e9s: liturgikus \u00fcnneps\u00e9g a szent jel\u00e9ben. Benne v\u00e1lik jelenval\u00f3v\u00e1 Isten ir\u00e1ntunk val\u00f3 szeretete. E \u00fcnnep k\u00fcl\u00f6n\u00f6sen a n\u00e1z\u00e1reti J\u00e9zus ir\u00e1ntunk tan\u00fas\u00edtott odaad\u00f3 szeretet\u00e9nek szents\u00e9gi \u00fcnnepe. Meg\u00fcnnepl\u00e9se sor\u00e1n mindny\u00e1junkat, h\u00edv\u0151ket itt \u00e9s ma befogad az \u00e9l\u0151, cselekv\u0151 Krisztus.<\/p>\n<p style=\"text-align: left;\">Ez\u00e9rt, kedves testv\u00e9reim, \u00f6r\u00fcl\u00f6k \u00e9s h\u00e1l\u00e1s vagyok, hogy Isten n\u00e9pek\u00e9nt J\u00e9zus eml\u00e9k\u00e9t \u00fcnnepelj\u00fck. Bel\u0151le mer\u00edt\u00fcnk er\u0151t, hogy J\u00e9zus szellem\u00e9ben seg\u00edts\u00fcnk minden szenved\u0151n ezen neh\u00e9z id\u0151kben. Mi\u00e9rt jutottam el ma erre a pontra a mai lev\u00e9lben? Kedves testv\u00e9reim, att\u00f3l tartok, hogy egyh\u00e1zunkban a jelenlegi vil\u00e1gj\u00e1rv\u00e1ny idej\u00e9n az eucharisztia m\u00e9ly rejt\u00e9lye eleny\u00e9szhet vagy ak\u00e1r el is t\u0171nhet. Azok, akik semmibe veszik az Euchariszti\u00e1t, elvesz\u00edtik vele az \u00e9letet ad\u00f3 kapcsolatot. Vigy\u00e1zzunk h\u00e1t arra, hogy ne pazaroljuk el hit\u00fcnk \u00e9s egyh\u00e1zunk, s\u0151t vall\u00e1si \u00e9s szem\u00e9lyes cselekedeteink eucharisztikus forr\u00e1s\u00e1t, k\u00fcl\u00f6n\u00f6sen ezekben a neh\u00e9z id\u0151kben.<\/p>\n<p>Ha elvesz\u00edtj\u00fck az Euchariszti\u00e1t, akkor a szeretethez sz\u00fcks\u00e9ges er\u0151nk legf\u0151bb forr\u00e1s\u00e1t vesz\u00edtj\u00fck el.1 Hisz az eucharisztia \u00fcnnep\u00e9n J\u00e9zus<\/p>\n<p>1 A Szent Liturgi\u00e1r\u00f3l sz\u00f3l\u00f3, \u00fcnnep\u00e9lyesen kihirdetett konstit\u00faci\u00f3j\u00e1ban a m\u00e1sodik Vatik\u00e1ni Zsinat a k\u00f6vetkez\u0151ket tan\u00edtja: A liturgia, az Eucharisztia minden egyh\u00e1zi tev\u00e9kenys\u00e9g eredete, k\u00f6z\u00e9ppontja \u00e9s egyben c\u00e9lja. (v\u00f6. Sacrosanctum concilium 10. cikk, Lumen Gentium 11. cikk) Krisztus lelke elevenedik meg k\u00f6z\u00f6tt\u00fcnk. Krisztus arra sarkall benn\u00fcnket, hogy szellem\u00e9ben \u00fagy szeress\u00fck felebar\u00e1tunkat, mint \u00f6nmagunkat, \u00e9s ma \u00fagy szeress\u00fck \u0151t, mint J\u00e9zus szerette az embereket. Legyetek \u00e1ldottak!<\/p>\n<p style=\"text-align: left;\">Rottenburg, a Szent Kereszt magasztal\u00e1s\u00e1nak \u00fcnnep\u00e9n 2020. szeptember 14.<\/p>\n<p><em><strong>Dr. Gebhard F\u00fcrst p\u00fcsp\u00f6k<\/strong><\/em><\/p>\n","protected":false},"excerpt":{"rendered":"<p>F\u0151p\u00e1sztori lev\u00e9l a Rottenburg-Stuttgarti egyh\u00e1zmegye pl\u00e9b\u00e1ni\u00e1ihoz a koronav\u00edrus-j\u00e1rv\u00e1nyr\u00f3l Az \u00e9v 25. vas\u00e1rnapja: 2020. szeptember 20. Dr. Gebhard F\u00fcrst p\u00fcsp\u00f6k Az Istenben vetett hit a koronav\u00edrus alatt Kedves testv\u00e9reim! Egy h\u00e9ttel a vak\u00e1ci\u00f3 v\u00e9ge \u00e9s az iskolakezd\u00e9s ut\u00e1n szeretn\u00e9k ma hozz\u00e1tok sz\u00f3lni. A koronav\u00edrus v\u00e1ls\u00e1ga tov\u00e1bbra is szorongat benn\u00fcnket, \u00e9s komoly hat\u00e1ssal van mindennapjainkra. Ez \u00e9v m\u00e1rciusa \u00f3ta vil\u00e1gszerte mindenkit s\u00falyosan \u00e9rinti a j\u00e1rv\u00e1ny. Mindannyian nagy \u00e1ldozatokat kell hoznunk napjainkban. Le kell mondanunk szeretett tev\u00e9kenys\u00e9geinkr\u0151l, \u00e1t kell alak\u00edtanunk h\u00e9tk\u00f6znapjainkat, meg kell v\u00e1ltoztatnunk \u00e9letvitel\u00fcnket, szigor\u00fa korl\u00e1toz\u00e1sokat kell betartanunk templomba j\u00e1r\u00e1s \u00e9s istentiszteletek sor\u00e1n. Visszatekintve mindenekel\u0151tt szeretn\u00e9m kifejezni h\u00e1l\u00e1s k\u00f6sz\u00f6netemet nektek, kedves testv\u00e9reim. A legt\u00f6bb ember az elm\u00falt id\u0151szakban igen felel\u0151ss\u00e9gteljesen viselkedett, \u00edgy egyh\u00e1zmegy\u00e9nkben is. \u00cdgy minden testi \u00e9s lelki terhel\u00e9s ellen\u00e9re viszonylag j\u00f3l \u00e1t\u00e9lt\u00fck a s\u00falyos v\u00e1ls\u00e1got a m\u00e1s orsz\u00e1gokban tapasztalhat\u00f3 helyzetekhez k\u00e9pest. \u00c1m a neh\u00e9z id\u0151knek m\u00e9g nincs v\u00e9ge. A koronav\u00edrus \u00e1ltal oly s\u00falyosan \u00e9rintett h\u00e9tk\u00f6znapok k\u00f6z\u00f6s \u00e1t\u00e9l\u00e9se mindannyiunk sz\u00e1m\u00e1ra megmutatja, mennyire fontos az egy\u00fcttl\u00e9t. A higi\u00e9niai okokb\u00f3l sz\u00fcks\u00e9ges t\u00e1vols\u00e1gtart\u00e1s mindeddig nem vezetett oda, hogy emberk\u00e9nt is elt\u00e1volodjunk egym\u00e1st\u00f3l. \u00c9pp ellenkez\u0151leg: Az embert\u00e1rsaink helyzeteire \u00e9s ig\u00e9nyeire val\u00f3 odafigyel\u00e9s, sorsuk ir\u00e1nti aggodalom \u00e9s a k\u00f6lcs\u00f6n\u00f6s seg\u00edteni akar\u00e1s sok helyen megn\u00f6vekedett. A higi\u00e9niai okokb\u00f3l bevezetett t\u00e1vols\u00e1gtart\u00e1s gyakran k\u00f6zelebb vitte egym\u00e1shoz az embereket. A s\u00falyosan beteg \u00e9s haldokl\u00f3 embert\u00e1rsaink f\u00e1jdalmas tapasztalatai mindannyiunkat m\u00e9lyen megr\u00e1ztak. J\u00f3istennek h\u00e1la, a rokonok, gondoz\u00f3k, orvosok \u00e9s bar\u00e1tok, de egyh\u00e1zi dolgoz\u00f3k is, p\u00e9ld\u00e1ul lelk\u00e9szek, diak\u00f3nusok, lelkip\u00e1sztori \u00e9s k\u00f6z\u00f6ss\u00e9gi tisztvisel\u0151k \u00e9s k\u00fcl\u00f6n\u00f6sen sok \u00f6nk\u00e9ntes kereszt\u00e9ny gondoskodott a r\u00e1szorul\u00f3 emberekr\u0151l. Amit a k\u00f6lcs\u00f6n\u00f6s t\u00e1mogat\u00e1s \u00f6tletess\u00e9g\u00e9ben l\u00e1ttam, hallottam \u00e9s tapasztaltam, vigaszt \u00e9s rem\u00e9nyt adott sz\u00e1momra minden szenved\u00e9s ellen\u00e9re. Az egyh\u00e1z az elk\u00f6telezett helyiek r\u00e9v\u00e9n v\u00e9gig az emberek mellett \u00e1llt. Kedves testv\u00e9reim! A koronav\u00edrus hat\u00e1sait l\u00e1tva sok h\u00edv\u0151 neh\u00e9z sz\u00edvvel k\u00e9rdi: Mi\u00e9rt kellett mindennek \u00edgy t\u00f6rt\u00e9nnie? Elfelejtette Isten teremt\u00e9s\u00e9t, elfelejtette teremtm\u00e9nyeit, minket, embereket? Kedves hittestv\u00e9reim! Nem k\u00f6nny\u0171 megv\u00e1laszolni ezeket a s\u00fcrget\u0151 k\u00e9rd\u00e9seket. De seg\u00edts\u00e9g\u00fcnkre&#8230; <\/p>\n<p><a class=\"readmore\" href=\"https:\/\/stuttgarti-katolikusok.de\/index.php\/az-istenbe-vetett-hit-a-koronavirus-alatt\/\">R\u00e9szletek<\/a><\/p>\n","protected":false},"author":3,"featured_media":20162,"comment_status":"closed","ping_status":"closed","sticky":false,"template":"","format":"standard","meta":{"footnotes":""},"categories":[5],"tags":[],"class_list":["post-20150","post","type-post","status-publish","format-standard","has-post-thumbnail","hentry","category-hirek"],"yoast_head":"<!-- This site is optimized with the Yoast SEO plugin v27.3 - https:\/\/yoast.com\/product\/yoast-seo-wordpress\/ -->\n<title>Az Istenbe vetett hit a koronav\u00edrus alatt - Stuttgarti Katolikusok<\/title>\n<meta name=\"robots\" content=\"index, follow, max-snippet:-1, max-image-preview:large, max-video-preview:-1\" \/>\n<link rel=\"canonical\" href=\"https:\/\/stuttgarti-katolikusok.de\/index.php\/az-istenbe-vetett-hit-a-koronavirus-alatt\/\" \/>\n<meta property=\"og:locale\" content=\"hu_HU\" \/>\n<meta property=\"og:type\" content=\"article\" \/>\n<meta property=\"og:title\" content=\"Az Istenbe vetett hit a koronav\u00edrus alatt - Stuttgarti Katolikusok\" \/>\n<meta property=\"og:description\" content=\"F\u0151p\u00e1sztori lev\u00e9l a Rottenburg-Stuttgarti egyh\u00e1zmegye pl\u00e9b\u00e1ni\u00e1ihoz a koronav\u00edrus-j\u00e1rv\u00e1nyr\u00f3l Az \u00e9v 25. vas\u00e1rnapja: 2020. szeptember 20. Dr. Gebhard F\u00fcrst p\u00fcsp\u00f6k Az Istenben vetett hit a koronav\u00edrus alatt Kedves testv\u00e9reim! Egy h\u00e9ttel a vak\u00e1ci\u00f3 v\u00e9ge \u00e9s az iskolakezd\u00e9s ut\u00e1n szeretn\u00e9k ma hozz\u00e1tok sz\u00f3lni. A koronav\u00edrus v\u00e1ls\u00e1ga tov\u00e1bbra is szorongat benn\u00fcnket, \u00e9s komoly hat\u00e1ssal van mindennapjainkra. Ez \u00e9v m\u00e1rciusa \u00f3ta vil\u00e1gszerte mindenkit s\u00falyosan \u00e9rinti a j\u00e1rv\u00e1ny. Mindannyian nagy \u00e1ldozatokat kell hoznunk napjainkban. Le kell mondanunk szeretett tev\u00e9kenys\u00e9geinkr\u0151l, \u00e1t kell alak\u00edtanunk h\u00e9tk\u00f6znapjainkat, meg kell v\u00e1ltoztatnunk \u00e9letvitel\u00fcnket, szigor\u00fa korl\u00e1toz\u00e1sokat kell betartanunk templomba j\u00e1r\u00e1s \u00e9s istentiszteletek sor\u00e1n. Visszatekintve mindenekel\u0151tt szeretn\u00e9m kifejezni h\u00e1l\u00e1s k\u00f6sz\u00f6netemet nektek, kedves testv\u00e9reim. A legt\u00f6bb ember az elm\u00falt id\u0151szakban igen felel\u0151ss\u00e9gteljesen viselkedett, \u00edgy egyh\u00e1zmegy\u00e9nkben is. \u00cdgy minden testi \u00e9s lelki terhel\u00e9s ellen\u00e9re viszonylag j\u00f3l \u00e1t\u00e9lt\u00fck a s\u00falyos v\u00e1ls\u00e1got a m\u00e1s orsz\u00e1gokban tapasztalhat\u00f3 helyzetekhez k\u00e9pest. \u00c1m a neh\u00e9z id\u0151knek m\u00e9g nincs v\u00e9ge. A koronav\u00edrus \u00e1ltal oly s\u00falyosan \u00e9rintett h\u00e9tk\u00f6znapok k\u00f6z\u00f6s \u00e1t\u00e9l\u00e9se mindannyiunk sz\u00e1m\u00e1ra megmutatja, mennyire fontos az egy\u00fcttl\u00e9t. A higi\u00e9niai okokb\u00f3l sz\u00fcks\u00e9ges t\u00e1vols\u00e1gtart\u00e1s mindeddig nem vezetett oda, hogy emberk\u00e9nt is elt\u00e1volodjunk egym\u00e1st\u00f3l. \u00c9pp ellenkez\u0151leg: Az embert\u00e1rsaink helyzeteire \u00e9s ig\u00e9nyeire val\u00f3 odafigyel\u00e9s, sorsuk ir\u00e1nti aggodalom \u00e9s a k\u00f6lcs\u00f6n\u00f6s seg\u00edteni akar\u00e1s sok helyen megn\u00f6vekedett. A higi\u00e9niai okokb\u00f3l bevezetett t\u00e1vols\u00e1gtart\u00e1s gyakran k\u00f6zelebb vitte egym\u00e1shoz az embereket. A s\u00falyosan beteg \u00e9s haldokl\u00f3 embert\u00e1rsaink f\u00e1jdalmas tapasztalatai mindannyiunkat m\u00e9lyen megr\u00e1ztak. J\u00f3istennek h\u00e1la, a rokonok, gondoz\u00f3k, orvosok \u00e9s bar\u00e1tok, de egyh\u00e1zi dolgoz\u00f3k is, p\u00e9ld\u00e1ul lelk\u00e9szek, diak\u00f3nusok, lelkip\u00e1sztori \u00e9s k\u00f6z\u00f6ss\u00e9gi tisztvisel\u0151k \u00e9s k\u00fcl\u00f6n\u00f6sen sok \u00f6nk\u00e9ntes kereszt\u00e9ny gondoskodott a r\u00e1szorul\u00f3 emberekr\u0151l. Amit a k\u00f6lcs\u00f6n\u00f6s t\u00e1mogat\u00e1s \u00f6tletess\u00e9g\u00e9ben l\u00e1ttam, hallottam \u00e9s tapasztaltam, vigaszt \u00e9s rem\u00e9nyt adott sz\u00e1momra minden szenved\u00e9s ellen\u00e9re. Az egyh\u00e1z az elk\u00f6telezett helyiek r\u00e9v\u00e9n v\u00e9gig az emberek mellett \u00e1llt. Kedves testv\u00e9reim! A koronav\u00edrus hat\u00e1sait l\u00e1tva sok h\u00edv\u0151 neh\u00e9z sz\u00edvvel k\u00e9rdi: Mi\u00e9rt kellett mindennek \u00edgy t\u00f6rt\u00e9nnie? Elfelejtette Isten teremt\u00e9s\u00e9t, elfelejtette teremtm\u00e9nyeit, minket, embereket? Kedves hittestv\u00e9reim! Nem k\u00f6nny\u0171 megv\u00e1laszolni ezeket a s\u00fcrget\u0151 k\u00e9rd\u00e9seket. De seg\u00edts\u00e9g\u00fcnkre... R\u00e9szletek\" \/>\n<meta property=\"og:url\" content=\"https:\/\/stuttgarti-katolikusok.de\/index.php\/az-istenbe-vetett-hit-a-koronavirus-alatt\/\" \/>\n<meta property=\"og:site_name\" content=\"Stuttgarti Katolikusok\" \/>\n<meta property=\"article:published_time\" content=\"2020-09-24T10:25:45+00:00\" \/>\n<meta property=\"article:modified_time\" content=\"2020-09-26T22:58:58+00:00\" \/>\n<meta property=\"og:image\" content=\"https:\/\/stuttgarti-katolikusok.de\/wp-content\/uploads\/2020\/09\/corona-5174671_640.jpg\" \/>\n\t<meta property=\"og:image:width\" content=\"640\" \/>\n\t<meta property=\"og:image:height\" content=\"427\" \/>\n\t<meta property=\"og:image:type\" content=\"image\/jpeg\" \/>\n<meta name=\"author\" content=\"Tibor atya\" \/>\n<meta name=\"twitter:card\" content=\"summary_large_image\" \/>\n<meta name=\"twitter:label1\" content=\"Szerz\u0151:\" \/>\n\t<meta name=\"twitter:data1\" content=\"Tibor atya\" \/>\n\t<meta name=\"twitter:label2\" content=\"Becs\u00fclt olvas\u00e1si id\u0151\" \/>\n\t<meta name=\"twitter:data2\" content=\"7 perc\" \/>\n<script type=\"application\/ld+json\" class=\"yoast-schema-graph\">{\"@context\":\"https:\\\/\\\/schema.org\",\"@graph\":[{\"@type\":\"Article\",\"@id\":\"https:\\\/\\\/stuttgarti-katolikusok.de\\\/index.php\\\/az-istenbe-vetett-hit-a-koronavirus-alatt\\\/#article\",\"isPartOf\":{\"@id\":\"https:\\\/\\\/stuttgarti-katolikusok.de\\\/index.php\\\/az-istenbe-vetett-hit-a-koronavirus-alatt\\\/\"},\"author\":{\"name\":\"Tibor atya\",\"@id\":\"https:\\\/\\\/stuttgarti-katolikusok.de\\\/#\\\/schema\\\/person\\\/75908d6f8fdc03a57889d27209df7795\"},\"headline\":\"Az Istenbe vetett hit a koronav\u00edrus alatt\",\"datePublished\":\"2020-09-24T10:25:45+00:00\",\"dateModified\":\"2020-09-26T22:58:58+00:00\",\"mainEntityOfPage\":{\"@id\":\"https:\\\/\\\/stuttgarti-katolikusok.de\\\/index.php\\\/az-istenbe-vetett-hit-a-koronavirus-alatt\\\/\"},\"wordCount\":1491,\"image\":{\"@id\":\"https:\\\/\\\/stuttgarti-katolikusok.de\\\/index.php\\\/az-istenbe-vetett-hit-a-koronavirus-alatt\\\/#primaryimage\"},\"thumbnailUrl\":\"https:\\\/\\\/stuttgarti-katolikusok.de\\\/wp-content\\\/uploads\\\/2020\\\/09\\\/corona-5174671_640.jpg\",\"articleSection\":[\"H\u00edrek\"],\"inLanguage\":\"hu\"},{\"@type\":\"WebPage\",\"@id\":\"https:\\\/\\\/stuttgarti-katolikusok.de\\\/index.php\\\/az-istenbe-vetett-hit-a-koronavirus-alatt\\\/\",\"url\":\"https:\\\/\\\/stuttgarti-katolikusok.de\\\/index.php\\\/az-istenbe-vetett-hit-a-koronavirus-alatt\\\/\",\"name\":\"Az Istenbe vetett hit a koronav\u00edrus alatt - Stuttgarti Katolikusok\",\"isPartOf\":{\"@id\":\"https:\\\/\\\/stuttgarti-katolikusok.de\\\/#website\"},\"primaryImageOfPage\":{\"@id\":\"https:\\\/\\\/stuttgarti-katolikusok.de\\\/index.php\\\/az-istenbe-vetett-hit-a-koronavirus-alatt\\\/#primaryimage\"},\"image\":{\"@id\":\"https:\\\/\\\/stuttgarti-katolikusok.de\\\/index.php\\\/az-istenbe-vetett-hit-a-koronavirus-alatt\\\/#primaryimage\"},\"thumbnailUrl\":\"https:\\\/\\\/stuttgarti-katolikusok.de\\\/wp-content\\\/uploads\\\/2020\\\/09\\\/corona-5174671_640.jpg\",\"datePublished\":\"2020-09-24T10:25:45+00:00\",\"dateModified\":\"2020-09-26T22:58:58+00:00\",\"author\":{\"@id\":\"https:\\\/\\\/stuttgarti-katolikusok.de\\\/#\\\/schema\\\/person\\\/75908d6f8fdc03a57889d27209df7795\"},\"breadcrumb\":{\"@id\":\"https:\\\/\\\/stuttgarti-katolikusok.de\\\/index.php\\\/az-istenbe-vetett-hit-a-koronavirus-alatt\\\/#breadcrumb\"},\"inLanguage\":\"hu\",\"potentialAction\":[{\"@type\":\"ReadAction\",\"target\":[\"https:\\\/\\\/stuttgarti-katolikusok.de\\\/index.php\\\/az-istenbe-vetett-hit-a-koronavirus-alatt\\\/\"]}]},{\"@type\":\"ImageObject\",\"inLanguage\":\"hu\",\"@id\":\"https:\\\/\\\/stuttgarti-katolikusok.de\\\/index.php\\\/az-istenbe-vetett-hit-a-koronavirus-alatt\\\/#primaryimage\",\"url\":\"https:\\\/\\\/stuttgarti-katolikusok.de\\\/wp-content\\\/uploads\\\/2020\\\/09\\\/corona-5174671_640.jpg\",\"contentUrl\":\"https:\\\/\\\/stuttgarti-katolikusok.de\\\/wp-content\\\/uploads\\\/2020\\\/09\\\/corona-5174671_640.jpg\",\"width\":640,\"height\":427},{\"@type\":\"BreadcrumbList\",\"@id\":\"https:\\\/\\\/stuttgarti-katolikusok.de\\\/index.php\\\/az-istenbe-vetett-hit-a-koronavirus-alatt\\\/#breadcrumb\",\"itemListElement\":[{\"@type\":\"ListItem\",\"position\":1,\"name\":\"Kezd\u0151lap\",\"item\":\"https:\\\/\\\/stuttgarti-katolikusok.de\\\/\"},{\"@type\":\"ListItem\",\"position\":2,\"name\":\"Az Istenbe vetett hit a koronav\u00edrus alatt\"}]},{\"@type\":\"WebSite\",\"@id\":\"https:\\\/\\\/stuttgarti-katolikusok.de\\\/#website\",\"url\":\"https:\\\/\\\/stuttgarti-katolikusok.de\\\/\",\"name\":\"Stuttgarti Katolikusok\",\"description\":\"\",\"potentialAction\":[{\"@type\":\"SearchAction\",\"target\":{\"@type\":\"EntryPoint\",\"urlTemplate\":\"https:\\\/\\\/stuttgarti-katolikusok.de\\\/?s={search_term_string}\"},\"query-input\":{\"@type\":\"PropertyValueSpecification\",\"valueRequired\":true,\"valueName\":\"search_term_string\"}}],\"inLanguage\":\"hu\"},{\"@type\":\"Person\",\"@id\":\"https:\\\/\\\/stuttgarti-katolikusok.de\\\/#\\\/schema\\\/person\\\/75908d6f8fdc03a57889d27209df7795\",\"name\":\"Tibor atya\",\"image\":{\"@type\":\"ImageObject\",\"inLanguage\":\"hu\",\"@id\":\"https:\\\/\\\/secure.gravatar.com\\\/avatar\\\/61d268e57d1f4525b111222e29d2d5a7f8c420fdbf231ba5566a8ceac74fa960?s=96&d=mm&r=g\",\"url\":\"https:\\\/\\\/secure.gravatar.com\\\/avatar\\\/61d268e57d1f4525b111222e29d2d5a7f8c420fdbf231ba5566a8ceac74fa960?s=96&d=mm&r=g\",\"contentUrl\":\"https:\\\/\\\/secure.gravatar.com\\\/avatar\\\/61d268e57d1f4525b111222e29d2d5a7f8c420fdbf231ba5566a8ceac74fa960?s=96&d=mm&r=g\",\"caption\":\"Tibor atya\"},\"url\":\"https:\\\/\\\/stuttgarti-katolikusok.de\\\/index.php\\\/author\\\/tibor-atya\\\/\"}]}<\/script>\n<!-- \/ Yoast SEO plugin. -->","yoast_head_json":{"title":"Az Istenbe vetett hit a koronav\u00edrus alatt - Stuttgarti Katolikusok","robots":{"index":"index","follow":"follow","max-snippet":"max-snippet:-1","max-image-preview":"max-image-preview:large","max-video-preview":"max-video-preview:-1"},"canonical":"https:\/\/stuttgarti-katolikusok.de\/index.php\/az-istenbe-vetett-hit-a-koronavirus-alatt\/","og_locale":"hu_HU","og_type":"article","og_title":"Az Istenbe vetett hit a koronav\u00edrus alatt - Stuttgarti Katolikusok","og_description":"F\u0151p\u00e1sztori lev\u00e9l a Rottenburg-Stuttgarti egyh\u00e1zmegye pl\u00e9b\u00e1ni\u00e1ihoz a koronav\u00edrus-j\u00e1rv\u00e1nyr\u00f3l Az \u00e9v 25. vas\u00e1rnapja: 2020. szeptember 20. Dr. Gebhard F\u00fcrst p\u00fcsp\u00f6k Az Istenben vetett hit a koronav\u00edrus alatt Kedves testv\u00e9reim! Egy h\u00e9ttel a vak\u00e1ci\u00f3 v\u00e9ge \u00e9s az iskolakezd\u00e9s ut\u00e1n szeretn\u00e9k ma hozz\u00e1tok sz\u00f3lni. A koronav\u00edrus v\u00e1ls\u00e1ga tov\u00e1bbra is szorongat benn\u00fcnket, \u00e9s komoly hat\u00e1ssal van mindennapjainkra. Ez \u00e9v m\u00e1rciusa \u00f3ta vil\u00e1gszerte mindenkit s\u00falyosan \u00e9rinti a j\u00e1rv\u00e1ny. Mindannyian nagy \u00e1ldozatokat kell hoznunk napjainkban. Le kell mondanunk szeretett tev\u00e9kenys\u00e9geinkr\u0151l, \u00e1t kell alak\u00edtanunk h\u00e9tk\u00f6znapjainkat, meg kell v\u00e1ltoztatnunk \u00e9letvitel\u00fcnket, szigor\u00fa korl\u00e1toz\u00e1sokat kell betartanunk templomba j\u00e1r\u00e1s \u00e9s istentiszteletek sor\u00e1n. Visszatekintve mindenekel\u0151tt szeretn\u00e9m kifejezni h\u00e1l\u00e1s k\u00f6sz\u00f6netemet nektek, kedves testv\u00e9reim. A legt\u00f6bb ember az elm\u00falt id\u0151szakban igen felel\u0151ss\u00e9gteljesen viselkedett, \u00edgy egyh\u00e1zmegy\u00e9nkben is. \u00cdgy minden testi \u00e9s lelki terhel\u00e9s ellen\u00e9re viszonylag j\u00f3l \u00e1t\u00e9lt\u00fck a s\u00falyos v\u00e1ls\u00e1got a m\u00e1s orsz\u00e1gokban tapasztalhat\u00f3 helyzetekhez k\u00e9pest. \u00c1m a neh\u00e9z id\u0151knek m\u00e9g nincs v\u00e9ge. A koronav\u00edrus \u00e1ltal oly s\u00falyosan \u00e9rintett h\u00e9tk\u00f6znapok k\u00f6z\u00f6s \u00e1t\u00e9l\u00e9se mindannyiunk sz\u00e1m\u00e1ra megmutatja, mennyire fontos az egy\u00fcttl\u00e9t. A higi\u00e9niai okokb\u00f3l sz\u00fcks\u00e9ges t\u00e1vols\u00e1gtart\u00e1s mindeddig nem vezetett oda, hogy emberk\u00e9nt is elt\u00e1volodjunk egym\u00e1st\u00f3l. \u00c9pp ellenkez\u0151leg: Az embert\u00e1rsaink helyzeteire \u00e9s ig\u00e9nyeire val\u00f3 odafigyel\u00e9s, sorsuk ir\u00e1nti aggodalom \u00e9s a k\u00f6lcs\u00f6n\u00f6s seg\u00edteni akar\u00e1s sok helyen megn\u00f6vekedett. A higi\u00e9niai okokb\u00f3l bevezetett t\u00e1vols\u00e1gtart\u00e1s gyakran k\u00f6zelebb vitte egym\u00e1shoz az embereket. A s\u00falyosan beteg \u00e9s haldokl\u00f3 embert\u00e1rsaink f\u00e1jdalmas tapasztalatai mindannyiunkat m\u00e9lyen megr\u00e1ztak. J\u00f3istennek h\u00e1la, a rokonok, gondoz\u00f3k, orvosok \u00e9s bar\u00e1tok, de egyh\u00e1zi dolgoz\u00f3k is, p\u00e9ld\u00e1ul lelk\u00e9szek, diak\u00f3nusok, lelkip\u00e1sztori \u00e9s k\u00f6z\u00f6ss\u00e9gi tisztvisel\u0151k \u00e9s k\u00fcl\u00f6n\u00f6sen sok \u00f6nk\u00e9ntes kereszt\u00e9ny gondoskodott a r\u00e1szorul\u00f3 emberekr\u0151l. Amit a k\u00f6lcs\u00f6n\u00f6s t\u00e1mogat\u00e1s \u00f6tletess\u00e9g\u00e9ben l\u00e1ttam, hallottam \u00e9s tapasztaltam, vigaszt \u00e9s rem\u00e9nyt adott sz\u00e1momra minden szenved\u00e9s ellen\u00e9re. Az egyh\u00e1z az elk\u00f6telezett helyiek r\u00e9v\u00e9n v\u00e9gig az emberek mellett \u00e1llt. Kedves testv\u00e9reim! A koronav\u00edrus hat\u00e1sait l\u00e1tva sok h\u00edv\u0151 neh\u00e9z sz\u00edvvel k\u00e9rdi: Mi\u00e9rt kellett mindennek \u00edgy t\u00f6rt\u00e9nnie? Elfelejtette Isten teremt\u00e9s\u00e9t, elfelejtette teremtm\u00e9nyeit, minket, embereket? Kedves hittestv\u00e9reim! Nem k\u00f6nny\u0171 megv\u00e1laszolni ezeket a s\u00fcrget\u0151 k\u00e9rd\u00e9seket. De seg\u00edts\u00e9g\u00fcnkre... R\u00e9szletek","og_url":"https:\/\/stuttgarti-katolikusok.de\/index.php\/az-istenbe-vetett-hit-a-koronavirus-alatt\/","og_site_name":"Stuttgarti Katolikusok","article_published_time":"2020-09-24T10:25:45+00:00","article_modified_time":"2020-09-26T22:58:58+00:00","og_image":[{"width":640,"height":427,"url":"https:\/\/stuttgarti-katolikusok.de\/wp-content\/uploads\/2020\/09\/corona-5174671_640.jpg","type":"image\/jpeg"}],"author":"Tibor atya","twitter_card":"summary_large_image","twitter_misc":{"Szerz\u0151:":"Tibor atya","Becs\u00fclt olvas\u00e1si id\u0151":"7 perc"},"schema":{"@context":"https:\/\/schema.org","@graph":[{"@type":"Article","@id":"https:\/\/stuttgarti-katolikusok.de\/index.php\/az-istenbe-vetett-hit-a-koronavirus-alatt\/#article","isPartOf":{"@id":"https:\/\/stuttgarti-katolikusok.de\/index.php\/az-istenbe-vetett-hit-a-koronavirus-alatt\/"},"author":{"name":"Tibor atya","@id":"https:\/\/stuttgarti-katolikusok.de\/#\/schema\/person\/75908d6f8fdc03a57889d27209df7795"},"headline":"Az Istenbe vetett hit a koronav\u00edrus alatt","datePublished":"2020-09-24T10:25:45+00:00","dateModified":"2020-09-26T22:58:58+00:00","mainEntityOfPage":{"@id":"https:\/\/stuttgarti-katolikusok.de\/index.php\/az-istenbe-vetett-hit-a-koronavirus-alatt\/"},"wordCount":1491,"image":{"@id":"https:\/\/stuttgarti-katolikusok.de\/index.php\/az-istenbe-vetett-hit-a-koronavirus-alatt\/#primaryimage"},"thumbnailUrl":"https:\/\/stuttgarti-katolikusok.de\/wp-content\/uploads\/2020\/09\/corona-5174671_640.jpg","articleSection":["H\u00edrek"],"inLanguage":"hu"},{"@type":"WebPage","@id":"https:\/\/stuttgarti-katolikusok.de\/index.php\/az-istenbe-vetett-hit-a-koronavirus-alatt\/","url":"https:\/\/stuttgarti-katolikusok.de\/index.php\/az-istenbe-vetett-hit-a-koronavirus-alatt\/","name":"Az Istenbe vetett hit a koronav\u00edrus alatt - Stuttgarti Katolikusok","isPartOf":{"@id":"https:\/\/stuttgarti-katolikusok.de\/#website"},"primaryImageOfPage":{"@id":"https:\/\/stuttgarti-katolikusok.de\/index.php\/az-istenbe-vetett-hit-a-koronavirus-alatt\/#primaryimage"},"image":{"@id":"https:\/\/stuttgarti-katolikusok.de\/index.php\/az-istenbe-vetett-hit-a-koronavirus-alatt\/#primaryimage"},"thumbnailUrl":"https:\/\/stuttgarti-katolikusok.de\/wp-content\/uploads\/2020\/09\/corona-5174671_640.jpg","datePublished":"2020-09-24T10:25:45+00:00","dateModified":"2020-09-26T22:58:58+00:00","author":{"@id":"https:\/\/stuttgarti-katolikusok.de\/#\/schema\/person\/75908d6f8fdc03a57889d27209df7795"},"breadcrumb":{"@id":"https:\/\/stuttgarti-katolikusok.de\/index.php\/az-istenbe-vetett-hit-a-koronavirus-alatt\/#breadcrumb"},"inLanguage":"hu","potentialAction":[{"@type":"ReadAction","target":["https:\/\/stuttgarti-katolikusok.de\/index.php\/az-istenbe-vetett-hit-a-koronavirus-alatt\/"]}]},{"@type":"ImageObject","inLanguage":"hu","@id":"https:\/\/stuttgarti-katolikusok.de\/index.php\/az-istenbe-vetett-hit-a-koronavirus-alatt\/#primaryimage","url":"https:\/\/stuttgarti-katolikusok.de\/wp-content\/uploads\/2020\/09\/corona-5174671_640.jpg","contentUrl":"https:\/\/stuttgarti-katolikusok.de\/wp-content\/uploads\/2020\/09\/corona-5174671_640.jpg","width":640,"height":427},{"@type":"BreadcrumbList","@id":"https:\/\/stuttgarti-katolikusok.de\/index.php\/az-istenbe-vetett-hit-a-koronavirus-alatt\/#breadcrumb","itemListElement":[{"@type":"ListItem","position":1,"name":"Kezd\u0151lap","item":"https:\/\/stuttgarti-katolikusok.de\/"},{"@type":"ListItem","position":2,"name":"Az Istenbe vetett hit a koronav\u00edrus alatt"}]},{"@type":"WebSite","@id":"https:\/\/stuttgarti-katolikusok.de\/#website","url":"https:\/\/stuttgarti-katolikusok.de\/","name":"Stuttgarti Katolikusok","description":"","potentialAction":[{"@type":"SearchAction","target":{"@type":"EntryPoint","urlTemplate":"https:\/\/stuttgarti-katolikusok.de\/?s={search_term_string}"},"query-input":{"@type":"PropertyValueSpecification","valueRequired":true,"valueName":"search_term_string"}}],"inLanguage":"hu"},{"@type":"Person","@id":"https:\/\/stuttgarti-katolikusok.de\/#\/schema\/person\/75908d6f8fdc03a57889d27209df7795","name":"Tibor atya","image":{"@type":"ImageObject","inLanguage":"hu","@id":"https:\/\/secure.gravatar.com\/avatar\/61d268e57d1f4525b111222e29d2d5a7f8c420fdbf231ba5566a8ceac74fa960?s=96&d=mm&r=g","url":"https:\/\/secure.gravatar.com\/avatar\/61d268e57d1f4525b111222e29d2d5a7f8c420fdbf231ba5566a8ceac74fa960?s=96&d=mm&r=g","contentUrl":"https:\/\/secure.gravatar.com\/avatar\/61d268e57d1f4525b111222e29d2d5a7f8c420fdbf231ba5566a8ceac74fa960?s=96&d=mm&r=g","caption":"Tibor atya"},"url":"https:\/\/stuttgarti-katolikusok.de\/index.php\/author\/tibor-atya\/"}]}},"_links":{"self":[{"href":"https:\/\/stuttgarti-katolikusok.de\/index.php\/wp-json\/wp\/v2\/posts\/20150","targetHints":{"allow":["GET"]}}],"collection":[{"href":"https:\/\/stuttgarti-katolikusok.de\/index.php\/wp-json\/wp\/v2\/posts"}],"about":[{"href":"https:\/\/stuttgarti-katolikusok.de\/index.php\/wp-json\/wp\/v2\/types\/post"}],"author":[{"embeddable":true,"href":"https:\/\/stuttgarti-katolikusok.de\/index.php\/wp-json\/wp\/v2\/users\/3"}],"replies":[{"embeddable":true,"href":"https:\/\/stuttgarti-katolikusok.de\/index.php\/wp-json\/wp\/v2\/comments?post=20150"}],"version-history":[{"count":3,"href":"https:\/\/stuttgarti-katolikusok.de\/index.php\/wp-json\/wp\/v2\/posts\/20150\/revisions"}],"predecessor-version":[{"id":20153,"href":"https:\/\/stuttgarti-katolikusok.de\/index.php\/wp-json\/wp\/v2\/posts\/20150\/revisions\/20153"}],"wp:featuredmedia":[{"embeddable":true,"href":"https:\/\/stuttgarti-katolikusok.de\/index.php\/wp-json\/wp\/v2\/media\/20162"}],"wp:attachment":[{"href":"https:\/\/stuttgarti-katolikusok.de\/index.php\/wp-json\/wp\/v2\/media?parent=20150"}],"wp:term":[{"taxonomy":"category","embeddable":true,"href":"https:\/\/stuttgarti-katolikusok.de\/index.php\/wp-json\/wp\/v2\/categories?post=20150"},{"taxonomy":"post_tag","embeddable":true,"href":"https:\/\/stuttgarti-katolikusok.de\/index.php\/wp-json\/wp\/v2\/tags?post=20150"}],"curies":[{"name":"wp","href":"https:\/\/api.w.org\/{rel}","templated":true}]}}