{"id":20071,"date":"2020-09-14T23:04:55","date_gmt":"2020-09-14T23:04:55","guid":{"rendered":"https:\/\/gracious-dewdney.138-201-221-2.plesk.page\/?p=20071"},"modified":"2020-09-14T23:04:55","modified_gmt":"2020-09-14T23:04:55","slug":"szeptember-7-es-20-kozott","status":"publish","type":"post","link":"https:\/\/stuttgarti-katolikusok.de\/index.php\/szeptember-7-es-20-kozott\/","title":{"rendered":"Szeptember 7 \u00e9s 20 k\u00f6z\u00f6tt"},"content":{"rendered":"<p><strong>Programel\u0151zetes<\/strong><\/p>\n<p><span style=\"color: #ff6600;\"><em>A jelenlegi egyh\u00e1zi rendelkez\u00e9sek \u00e9rtelm\u00e9ben a szentmise ut\u00e1ni \u00e1g\u00e1p\u00e9 valamint egy\u00e9b rendezv\u00e9nyek elmaradnak! Csak a szentmis\u00e9ket tarthatjuk meg!<\/em><\/span><\/p>\n<p style=\"text-align: center;\"><span style=\"color: #ff6600;\">*<\/span><\/p>\n<p><strong>Szeptember 17-\u00e9n<\/strong>, cs\u00fct\u00f6rt\u00f6k\u00f6n,<\/p>\n<p><strong>Weingarteni d\u00e9lut\u00e1n<\/strong>. 18.00 \u00f3rakor szentmise a <em>14 Nothelfer Kapelle<\/em>-ben, el\u0151tte r\u00f3zsaf\u00fcz\u00e9rt im\u00e1dkozunk. Szentmise keret\u00e9ben <em>Besz\u00e9lget\u00e9sek a Katekizmusr\u00f3l.<\/em><\/p>\n<p style=\"text-align: center;\">*<\/p>\n<p><strong>Szeptember 18-\u00e9n,<\/strong>\u00a0p\u00e9nteken,<\/p>\n<p><strong>Stuttgartban\u00a0<\/strong>18.00 \u00f3rakor\u00a0<em>r\u00f3zsaf\u00fcz\u00e9r im\u00e1ds\u00e1g,\u00a0<\/em>majd\u00a0<em>szentmise. <\/em><em>Ezt k\u00f6vet\u0151en Misszi\u00f3nk\u00a0 70 \u00e9v\u00e9t bemutat\u00f3 ki\u00e1ll\u00edt\u00e1st tekinthetj\u00fck meg ism\u00e9telten!<\/em><\/p>\n<p style=\"text-align: center;\"><em>\u00a0<\/em><em>*<\/em><\/p>\n<p><em>\u00a0<\/em><em><strong>Szeptember 20-\u00e1n<\/strong><\/em><em>, \u00e9vk\u00f6zi 25. vas\u00e1rnap,<\/em><\/p>\n<p><em><strong>Ludwigsburgban <\/strong><\/em><em>9.30 \u00f3rakor szentmise,<\/em><\/p>\n<p><em><strong>Stuttgartban <\/strong><\/em><em>12.00 \u00f3rakor szentmise &#8211; <\/em><em><strong>Szent Gell\u00e9rt p\u00fcsp\u00f6k \u00e9s v\u00e9rtan\u00fa eml\u00e9k\u00fcnnepe<\/strong><\/em><em>. Tempfli Imre atya l\u00e1togat el hozz\u00e1nk, s aj\u00e1nd\u00e9koz meg gondolataival.<\/em><\/p>\n<p><em><strong>Eislingenben <\/strong><\/em><em>15.00 \u00f3rakor szentmise. <\/em><\/p>\n<p style=\"text-align: center;\">*<\/p>\n<p>Minden helyen mindenkit szeretettel v\u00e1r a k\u00f6z\u00f6ss\u00e9g \u00e9s Tibor atya!<\/p>\n<p style=\"text-align: center;\">*<\/p>\n<p><strong>Sz\u00e9p Velence, \u0151si v\u00e1ros,<\/strong><\/p>\n<p><strong>zengj az \u00darnak \u00e9neket.<\/strong><\/p>\n<p><strong>Er\u00e9nyekben kiv\u00e1lts\u00e1gos,<\/strong><\/p>\n<p><strong>Gondvisel\u00e9s van veled,<\/strong><\/p>\n<p><strong>mert Gell\u00e9rtet a j\u00f3s\u00e1gos<\/strong><\/p>\n<p><strong>Isten adta teneked.<\/strong><\/p>\n<p><strong>\u00a0<\/strong><\/p>\n<p><strong>S \u0151, az Isten v\u00e1lasztottja,<\/strong><\/p>\n<p><strong>n\u00e9ki adja \u00f6nmag\u00e1t.<\/strong><\/p>\n<p><strong>Lelke \u00fcdve lesz a gondja,<\/strong><\/p>\n<p><strong>v\u00e1llalv\u00e1n a Regul\u00e1t,<\/strong><\/p>\n<p><strong>f\u00f6ldi p\u00e1lya nem marasztja,<\/strong><\/p>\n<p><strong>Krisztus \u00fatj\u00e1n megy tov\u00e1bb.<\/strong><\/p>\n<p><strong>\u00a0<\/strong><\/p>\n<p><strong>\u0150t e honban tiszteletben<\/strong><\/p>\n<p><strong>r\u00e9szes\u00edtik, mint aty\u00e1t.<\/strong><\/p>\n<p><strong>Hitet pl\u00e1nt\u00e1l, \u00e9s a mennyben<\/strong><\/p>\n<p><strong>sokszorozza j\u00f3k had\u00e1t,<\/strong><\/p>\n<p><strong>templomot rak, s mindenekben<\/strong><\/p>\n<p><strong>csod\u00e1lj\u00e1k al\u00e1zat\u00e1t.<\/strong><\/p>\n<p><strong>\u00a0<\/strong><\/p>\n<p><strong>Legyen \u00e1ld\u00e1s \u00e9s im\u00e1dat<\/strong><\/p>\n<p><strong>H\u00e1roms\u00e1g-egy Istennek,<\/strong><\/p>\n<p><strong>az Aty\u00e1nak \u00e9s Fi\u00fanak<\/strong><\/p>\n<p><strong>s vel\u00fck a Szentl\u00e9leknek,<\/strong><\/p>\n<p><strong>ki a k\u00fczd\u0151knek er\u0151t ad,<\/strong><\/p>\n<p><strong>hogy gy\u0151zelmet nyerjenek. \u00c1men.<\/strong><\/p>\n<p><strong>\u00a0<\/strong>(Himnusz Szent Gell\u00e9rt \u00fcnnep\u00e9re)<\/p>\n<p style=\"text-align: center;\">*<\/p>\n<p><strong><em>Bens\u0151s\u00e9ges \u0151szi napokat, j\u00f3 munk\u00e1t, tartalmas besz\u00e9lget\u00e9seket \u00e9s \u00f6r\u00f6mteli tal\u00e1lkoz\u00e1sokat k\u00edv\u00e1nunk minden Kedves H\u00edv\u00fcnknek!<\/em><\/strong><\/p>\n<p>&nbsp;<\/p>\n","protected":false},"excerpt":{"rendered":"<p>Programel\u0151zetes A jelenlegi egyh\u00e1zi rendelkez\u00e9sek \u00e9rtelm\u00e9ben a szentmise ut\u00e1ni \u00e1g\u00e1p\u00e9 valamint egy\u00e9b rendezv\u00e9nyek elmaradnak! Csak a szentmis\u00e9ket tarthatjuk meg! * Szeptember 17-\u00e9n, cs\u00fct\u00f6rt\u00f6k\u00f6n, Weingarteni d\u00e9lut\u00e1n. 18.00 \u00f3rakor szentmise a 14 Nothelfer Kapelle-ben, el\u0151tte r\u00f3zsaf\u00fcz\u00e9rt im\u00e1dkozunk. Szentmise keret\u00e9ben Besz\u00e9lget\u00e9sek a Katekizmusr\u00f3l. * Szeptember 18-\u00e9n,\u00a0p\u00e9nteken, Stuttgartban\u00a018.00 \u00f3rakor\u00a0r\u00f3zsaf\u00fcz\u00e9r im\u00e1ds\u00e1g,\u00a0majd\u00a0szentmise. Ezt k\u00f6vet\u0151en Misszi\u00f3nk\u00a0 70 \u00e9v\u00e9t bemutat\u00f3 ki\u00e1ll\u00edt\u00e1st tekinthetj\u00fck meg ism\u00e9telten! \u00a0* \u00a0Szeptember 20-\u00e1n, \u00e9vk\u00f6zi 25. vas\u00e1rnap, Ludwigsburgban 9.30 \u00f3rakor szentmise, Stuttgartban 12.00 \u00f3rakor szentmise &#8211; Szent Gell\u00e9rt p\u00fcsp\u00f6k \u00e9s v\u00e9rtan\u00fa eml\u00e9k\u00fcnnepe. Tempfli Imre atya l\u00e1togat el hozz\u00e1nk, s aj\u00e1nd\u00e9koz meg gondolataival. Eislingenben 15.00 \u00f3rakor szentmise. * Minden helyen mindenkit szeretettel v\u00e1r a k\u00f6z\u00f6ss\u00e9g \u00e9s Tibor atya! * Sz\u00e9p Velence, \u0151si v\u00e1ros, zengj az \u00darnak \u00e9neket. Er\u00e9nyekben kiv\u00e1lts\u00e1gos, Gondvisel\u00e9s van veled, mert Gell\u00e9rtet a j\u00f3s\u00e1gos Isten adta teneked. \u00a0 S \u0151, az Isten v\u00e1lasztottja, n\u00e9ki adja \u00f6nmag\u00e1t. Lelke \u00fcdve lesz a gondja, v\u00e1llalv\u00e1n a Regul\u00e1t, f\u00f6ldi p\u00e1lya nem marasztja, Krisztus \u00fatj\u00e1n megy tov\u00e1bb. \u00a0 \u0150t e honban tiszteletben r\u00e9szes\u00edtik, mint aty\u00e1t. Hitet pl\u00e1nt\u00e1l, \u00e9s a mennyben sokszorozza j\u00f3k had\u00e1t, templomot rak, s mindenekben csod\u00e1lj\u00e1k al\u00e1zat\u00e1t. \u00a0 Legyen \u00e1ld\u00e1s \u00e9s im\u00e1dat H\u00e1roms\u00e1g-egy Istennek, az Aty\u00e1nak \u00e9s Fi\u00fanak s vel\u00fck a Szentl\u00e9leknek, ki a k\u00fczd\u0151knek er\u0151t ad, hogy gy\u0151zelmet nyerjenek. \u00c1men. \u00a0(Himnusz Szent Gell\u00e9rt \u00fcnnep\u00e9re) * Bens\u0151s\u00e9ges \u0151szi napokat, j\u00f3 munk\u00e1t, tartalmas besz\u00e9lget\u00e9seket \u00e9s \u00f6r\u00f6mteli tal\u00e1lkoz\u00e1sokat k\u00edv\u00e1nunk minden Kedves H\u00edv\u00fcnknek! &nbsp;<\/p>\n","protected":false},"author":3,"featured_media":20072,"comment_status":"closed","ping_status":"closed","sticky":false,"template":"","format":"standard","meta":{"footnotes":""},"categories":[37],"tags":[],"class_list":["post-20071","post","type-post","status-publish","format-standard","has-post-thumbnail","hentry","category-progamelozetes"],"yoast_head":"<!-- This site is optimized with the Yoast SEO plugin v27.3 - https:\/\/yoast.com\/product\/yoast-seo-wordpress\/ -->\n<title>Szeptember 7 \u00e9s 20 k\u00f6z\u00f6tt - Stuttgarti Katolikusok<\/title>\n<meta name=\"robots\" content=\"index, follow, max-snippet:-1, max-image-preview:large, max-video-preview:-1\" \/>\n<link rel=\"canonical\" href=\"https:\/\/stuttgarti-katolikusok.de\/index.php\/szeptember-7-es-20-kozott\/\" \/>\n<meta property=\"og:locale\" content=\"hu_HU\" \/>\n<meta property=\"og:type\" content=\"article\" \/>\n<meta property=\"og:title\" content=\"Szeptember 7 \u00e9s 20 k\u00f6z\u00f6tt - Stuttgarti Katolikusok\" \/>\n<meta property=\"og:description\" content=\"Programel\u0151zetes A jelenlegi egyh\u00e1zi rendelkez\u00e9sek \u00e9rtelm\u00e9ben a szentmise ut\u00e1ni \u00e1g\u00e1p\u00e9 valamint egy\u00e9b rendezv\u00e9nyek elmaradnak! Csak a szentmis\u00e9ket tarthatjuk meg! * Szeptember 17-\u00e9n, cs\u00fct\u00f6rt\u00f6k\u00f6n, Weingarteni d\u00e9lut\u00e1n. 18.00 \u00f3rakor szentmise a 14 Nothelfer Kapelle-ben, el\u0151tte r\u00f3zsaf\u00fcz\u00e9rt im\u00e1dkozunk. Szentmise keret\u00e9ben Besz\u00e9lget\u00e9sek a Katekizmusr\u00f3l. * Szeptember 18-\u00e9n,\u00a0p\u00e9nteken, Stuttgartban\u00a018.00 \u00f3rakor\u00a0r\u00f3zsaf\u00fcz\u00e9r im\u00e1ds\u00e1g,\u00a0majd\u00a0szentmise. Ezt k\u00f6vet\u0151en Misszi\u00f3nk\u00a0 70 \u00e9v\u00e9t bemutat\u00f3 ki\u00e1ll\u00edt\u00e1st tekinthetj\u00fck meg ism\u00e9telten! \u00a0* \u00a0Szeptember 20-\u00e1n, \u00e9vk\u00f6zi 25. vas\u00e1rnap, Ludwigsburgban 9.30 \u00f3rakor szentmise, Stuttgartban 12.00 \u00f3rakor szentmise &#8211; Szent Gell\u00e9rt p\u00fcsp\u00f6k \u00e9s v\u00e9rtan\u00fa eml\u00e9k\u00fcnnepe. Tempfli Imre atya l\u00e1togat el hozz\u00e1nk, s aj\u00e1nd\u00e9koz meg gondolataival. Eislingenben 15.00 \u00f3rakor szentmise. * Minden helyen mindenkit szeretettel v\u00e1r a k\u00f6z\u00f6ss\u00e9g \u00e9s Tibor atya! * Sz\u00e9p Velence, \u0151si v\u00e1ros, zengj az \u00darnak \u00e9neket. Er\u00e9nyekben kiv\u00e1lts\u00e1gos, Gondvisel\u00e9s van veled, mert Gell\u00e9rtet a j\u00f3s\u00e1gos Isten adta teneked. \u00a0 S \u0151, az Isten v\u00e1lasztottja, n\u00e9ki adja \u00f6nmag\u00e1t. Lelke \u00fcdve lesz a gondja, v\u00e1llalv\u00e1n a Regul\u00e1t, f\u00f6ldi p\u00e1lya nem marasztja, Krisztus \u00fatj\u00e1n megy tov\u00e1bb. \u00a0 \u0150t e honban tiszteletben r\u00e9szes\u00edtik, mint aty\u00e1t. Hitet pl\u00e1nt\u00e1l, \u00e9s a mennyben sokszorozza j\u00f3k had\u00e1t, templomot rak, s mindenekben csod\u00e1lj\u00e1k al\u00e1zat\u00e1t. \u00a0 Legyen \u00e1ld\u00e1s \u00e9s im\u00e1dat H\u00e1roms\u00e1g-egy Istennek, az Aty\u00e1nak \u00e9s Fi\u00fanak s vel\u00fck a Szentl\u00e9leknek, ki a k\u00fczd\u0151knek er\u0151t ad, hogy gy\u0151zelmet nyerjenek. \u00c1men. \u00a0(Himnusz Szent Gell\u00e9rt \u00fcnnep\u00e9re) * Bens\u0151s\u00e9ges \u0151szi napokat, j\u00f3 munk\u00e1t, tartalmas besz\u00e9lget\u00e9seket \u00e9s \u00f6r\u00f6mteli tal\u00e1lkoz\u00e1sokat k\u00edv\u00e1nunk minden Kedves H\u00edv\u00fcnknek! &nbsp;\" \/>\n<meta property=\"og:url\" content=\"https:\/\/stuttgarti-katolikusok.de\/index.php\/szeptember-7-es-20-kozott\/\" \/>\n<meta property=\"og:site_name\" content=\"Stuttgarti Katolikusok\" \/>\n<meta property=\"article:published_time\" content=\"2020-09-14T23:04:55+00:00\" \/>\n<meta property=\"og:image\" content=\"https:\/\/stuttgarti-katolikusok.de\/wp-content\/uploads\/2020\/09\/szent-gellert.jpeg\" \/>\n\t<meta property=\"og:image:width\" content=\"640\" \/>\n\t<meta property=\"og:image:height\" content=\"333\" \/>\n\t<meta property=\"og:image:type\" content=\"image\/jpeg\" \/>\n<meta name=\"author\" content=\"Tibor atya\" \/>\n<meta name=\"twitter:card\" content=\"summary_large_image\" \/>\n<meta name=\"twitter:label1\" content=\"Szerz\u0151:\" \/>\n\t<meta name=\"twitter:data1\" content=\"Tibor atya\" \/>\n\t<meta name=\"twitter:label2\" content=\"Becs\u00fclt olvas\u00e1si id\u0151\" \/>\n\t<meta name=\"twitter:data2\" content=\"2 perc\" \/>\n<script type=\"application\/ld+json\" class=\"yoast-schema-graph\">{\"@context\":\"https:\\\/\\\/schema.org\",\"@graph\":[{\"@type\":\"Article\",\"@id\":\"https:\\\/\\\/stuttgarti-katolikusok.de\\\/index.php\\\/szeptember-7-es-20-kozott\\\/#article\",\"isPartOf\":{\"@id\":\"https:\\\/\\\/stuttgarti-katolikusok.de\\\/index.php\\\/szeptember-7-es-20-kozott\\\/\"},\"author\":{\"name\":\"Tibor atya\",\"@id\":\"https:\\\/\\\/stuttgarti-katolikusok.de\\\/#\\\/schema\\\/person\\\/75908d6f8fdc03a57889d27209df7795\"},\"headline\":\"Szeptember 7 \u00e9s 20 k\u00f6z\u00f6tt\",\"datePublished\":\"2020-09-14T23:04:55+00:00\",\"mainEntityOfPage\":{\"@id\":\"https:\\\/\\\/stuttgarti-katolikusok.de\\\/index.php\\\/szeptember-7-es-20-kozott\\\/\"},\"wordCount\":320,\"image\":{\"@id\":\"https:\\\/\\\/stuttgarti-katolikusok.de\\\/index.php\\\/szeptember-7-es-20-kozott\\\/#primaryimage\"},\"thumbnailUrl\":\"https:\\\/\\\/stuttgarti-katolikusok.de\\\/wp-content\\\/uploads\\\/2020\\\/09\\\/szent-gellert.jpeg\",\"articleSection\":[\"Progamel\u0151zetes\"],\"inLanguage\":\"hu\"},{\"@type\":\"WebPage\",\"@id\":\"https:\\\/\\\/stuttgarti-katolikusok.de\\\/index.php\\\/szeptember-7-es-20-kozott\\\/\",\"url\":\"https:\\\/\\\/stuttgarti-katolikusok.de\\\/index.php\\\/szeptember-7-es-20-kozott\\\/\",\"name\":\"Szeptember 7 \u00e9s 20 k\u00f6z\u00f6tt - Stuttgarti Katolikusok\",\"isPartOf\":{\"@id\":\"https:\\\/\\\/stuttgarti-katolikusok.de\\\/#website\"},\"primaryImageOfPage\":{\"@id\":\"https:\\\/\\\/stuttgarti-katolikusok.de\\\/index.php\\\/szeptember-7-es-20-kozott\\\/#primaryimage\"},\"image\":{\"@id\":\"https:\\\/\\\/stuttgarti-katolikusok.de\\\/index.php\\\/szeptember-7-es-20-kozott\\\/#primaryimage\"},\"thumbnailUrl\":\"https:\\\/\\\/stuttgarti-katolikusok.de\\\/wp-content\\\/uploads\\\/2020\\\/09\\\/szent-gellert.jpeg\",\"datePublished\":\"2020-09-14T23:04:55+00:00\",\"author\":{\"@id\":\"https:\\\/\\\/stuttgarti-katolikusok.de\\\/#\\\/schema\\\/person\\\/75908d6f8fdc03a57889d27209df7795\"},\"breadcrumb\":{\"@id\":\"https:\\\/\\\/stuttgarti-katolikusok.de\\\/index.php\\\/szeptember-7-es-20-kozott\\\/#breadcrumb\"},\"inLanguage\":\"hu\",\"potentialAction\":[{\"@type\":\"ReadAction\",\"target\":[\"https:\\\/\\\/stuttgarti-katolikusok.de\\\/index.php\\\/szeptember-7-es-20-kozott\\\/\"]}]},{\"@type\":\"ImageObject\",\"inLanguage\":\"hu\",\"@id\":\"https:\\\/\\\/stuttgarti-katolikusok.de\\\/index.php\\\/szeptember-7-es-20-kozott\\\/#primaryimage\",\"url\":\"https:\\\/\\\/stuttgarti-katolikusok.de\\\/wp-content\\\/uploads\\\/2020\\\/09\\\/szent-gellert.jpeg\",\"contentUrl\":\"https:\\\/\\\/stuttgarti-katolikusok.de\\\/wp-content\\\/uploads\\\/2020\\\/09\\\/szent-gellert.jpeg\",\"width\":640,\"height\":333},{\"@type\":\"BreadcrumbList\",\"@id\":\"https:\\\/\\\/stuttgarti-katolikusok.de\\\/index.php\\\/szeptember-7-es-20-kozott\\\/#breadcrumb\",\"itemListElement\":[{\"@type\":\"ListItem\",\"position\":1,\"name\":\"Kezd\u0151lap\",\"item\":\"https:\\\/\\\/stuttgarti-katolikusok.de\\\/\"},{\"@type\":\"ListItem\",\"position\":2,\"name\":\"Szeptember 7 \u00e9s 20 k\u00f6z\u00f6tt\"}]},{\"@type\":\"WebSite\",\"@id\":\"https:\\\/\\\/stuttgarti-katolikusok.de\\\/#website\",\"url\":\"https:\\\/\\\/stuttgarti-katolikusok.de\\\/\",\"name\":\"Stuttgarti Katolikusok\",\"description\":\"\",\"potentialAction\":[{\"@type\":\"SearchAction\",\"target\":{\"@type\":\"EntryPoint\",\"urlTemplate\":\"https:\\\/\\\/stuttgarti-katolikusok.de\\\/?s={search_term_string}\"},\"query-input\":{\"@type\":\"PropertyValueSpecification\",\"valueRequired\":true,\"valueName\":\"search_term_string\"}}],\"inLanguage\":\"hu\"},{\"@type\":\"Person\",\"@id\":\"https:\\\/\\\/stuttgarti-katolikusok.de\\\/#\\\/schema\\\/person\\\/75908d6f8fdc03a57889d27209df7795\",\"name\":\"Tibor atya\",\"image\":{\"@type\":\"ImageObject\",\"inLanguage\":\"hu\",\"@id\":\"https:\\\/\\\/secure.gravatar.com\\\/avatar\\\/61d268e57d1f4525b111222e29d2d5a7f8c420fdbf231ba5566a8ceac74fa960?s=96&d=mm&r=g\",\"url\":\"https:\\\/\\\/secure.gravatar.com\\\/avatar\\\/61d268e57d1f4525b111222e29d2d5a7f8c420fdbf231ba5566a8ceac74fa960?s=96&d=mm&r=g\",\"contentUrl\":\"https:\\\/\\\/secure.gravatar.com\\\/avatar\\\/61d268e57d1f4525b111222e29d2d5a7f8c420fdbf231ba5566a8ceac74fa960?s=96&d=mm&r=g\",\"caption\":\"Tibor atya\"},\"url\":\"https:\\\/\\\/stuttgarti-katolikusok.de\\\/index.php\\\/author\\\/tibor-atya\\\/\"}]}<\/script>\n<!-- \/ Yoast SEO plugin. -->","yoast_head_json":{"title":"Szeptember 7 \u00e9s 20 k\u00f6z\u00f6tt - Stuttgarti Katolikusok","robots":{"index":"index","follow":"follow","max-snippet":"max-snippet:-1","max-image-preview":"max-image-preview:large","max-video-preview":"max-video-preview:-1"},"canonical":"https:\/\/stuttgarti-katolikusok.de\/index.php\/szeptember-7-es-20-kozott\/","og_locale":"hu_HU","og_type":"article","og_title":"Szeptember 7 \u00e9s 20 k\u00f6z\u00f6tt - Stuttgarti Katolikusok","og_description":"Programel\u0151zetes A jelenlegi egyh\u00e1zi rendelkez\u00e9sek \u00e9rtelm\u00e9ben a szentmise ut\u00e1ni \u00e1g\u00e1p\u00e9 valamint egy\u00e9b rendezv\u00e9nyek elmaradnak! Csak a szentmis\u00e9ket tarthatjuk meg! * Szeptember 17-\u00e9n, cs\u00fct\u00f6rt\u00f6k\u00f6n, Weingarteni d\u00e9lut\u00e1n. 18.00 \u00f3rakor szentmise a 14 Nothelfer Kapelle-ben, el\u0151tte r\u00f3zsaf\u00fcz\u00e9rt im\u00e1dkozunk. Szentmise keret\u00e9ben Besz\u00e9lget\u00e9sek a Katekizmusr\u00f3l. * Szeptember 18-\u00e9n,\u00a0p\u00e9nteken, Stuttgartban\u00a018.00 \u00f3rakor\u00a0r\u00f3zsaf\u00fcz\u00e9r im\u00e1ds\u00e1g,\u00a0majd\u00a0szentmise. Ezt k\u00f6vet\u0151en Misszi\u00f3nk\u00a0 70 \u00e9v\u00e9t bemutat\u00f3 ki\u00e1ll\u00edt\u00e1st tekinthetj\u00fck meg ism\u00e9telten! \u00a0* \u00a0Szeptember 20-\u00e1n, \u00e9vk\u00f6zi 25. vas\u00e1rnap, Ludwigsburgban 9.30 \u00f3rakor szentmise, Stuttgartban 12.00 \u00f3rakor szentmise &#8211; Szent Gell\u00e9rt p\u00fcsp\u00f6k \u00e9s v\u00e9rtan\u00fa eml\u00e9k\u00fcnnepe. Tempfli Imre atya l\u00e1togat el hozz\u00e1nk, s aj\u00e1nd\u00e9koz meg gondolataival. Eislingenben 15.00 \u00f3rakor szentmise. * Minden helyen mindenkit szeretettel v\u00e1r a k\u00f6z\u00f6ss\u00e9g \u00e9s Tibor atya! * Sz\u00e9p Velence, \u0151si v\u00e1ros, zengj az \u00darnak \u00e9neket. Er\u00e9nyekben kiv\u00e1lts\u00e1gos, Gondvisel\u00e9s van veled, mert Gell\u00e9rtet a j\u00f3s\u00e1gos Isten adta teneked. \u00a0 S \u0151, az Isten v\u00e1lasztottja, n\u00e9ki adja \u00f6nmag\u00e1t. Lelke \u00fcdve lesz a gondja, v\u00e1llalv\u00e1n a Regul\u00e1t, f\u00f6ldi p\u00e1lya nem marasztja, Krisztus \u00fatj\u00e1n megy tov\u00e1bb. \u00a0 \u0150t e honban tiszteletben r\u00e9szes\u00edtik, mint aty\u00e1t. Hitet pl\u00e1nt\u00e1l, \u00e9s a mennyben sokszorozza j\u00f3k had\u00e1t, templomot rak, s mindenekben csod\u00e1lj\u00e1k al\u00e1zat\u00e1t. \u00a0 Legyen \u00e1ld\u00e1s \u00e9s im\u00e1dat H\u00e1roms\u00e1g-egy Istennek, az Aty\u00e1nak \u00e9s Fi\u00fanak s vel\u00fck a Szentl\u00e9leknek, ki a k\u00fczd\u0151knek er\u0151t ad, hogy gy\u0151zelmet nyerjenek. \u00c1men. \u00a0(Himnusz Szent Gell\u00e9rt \u00fcnnep\u00e9re) * Bens\u0151s\u00e9ges \u0151szi napokat, j\u00f3 munk\u00e1t, tartalmas besz\u00e9lget\u00e9seket \u00e9s \u00f6r\u00f6mteli tal\u00e1lkoz\u00e1sokat k\u00edv\u00e1nunk minden Kedves H\u00edv\u00fcnknek! &nbsp;","og_url":"https:\/\/stuttgarti-katolikusok.de\/index.php\/szeptember-7-es-20-kozott\/","og_site_name":"Stuttgarti Katolikusok","article_published_time":"2020-09-14T23:04:55+00:00","og_image":[{"width":640,"height":333,"url":"https:\/\/stuttgarti-katolikusok.de\/wp-content\/uploads\/2020\/09\/szent-gellert.jpeg","type":"image\/jpeg"}],"author":"Tibor atya","twitter_card":"summary_large_image","twitter_misc":{"Szerz\u0151:":"Tibor atya","Becs\u00fclt olvas\u00e1si id\u0151":"2 perc"},"schema":{"@context":"https:\/\/schema.org","@graph":[{"@type":"Article","@id":"https:\/\/stuttgarti-katolikusok.de\/index.php\/szeptember-7-es-20-kozott\/#article","isPartOf":{"@id":"https:\/\/stuttgarti-katolikusok.de\/index.php\/szeptember-7-es-20-kozott\/"},"author":{"name":"Tibor atya","@id":"https:\/\/stuttgarti-katolikusok.de\/#\/schema\/person\/75908d6f8fdc03a57889d27209df7795"},"headline":"Szeptember 7 \u00e9s 20 k\u00f6z\u00f6tt","datePublished":"2020-09-14T23:04:55+00:00","mainEntityOfPage":{"@id":"https:\/\/stuttgarti-katolikusok.de\/index.php\/szeptember-7-es-20-kozott\/"},"wordCount":320,"image":{"@id":"https:\/\/stuttgarti-katolikusok.de\/index.php\/szeptember-7-es-20-kozott\/#primaryimage"},"thumbnailUrl":"https:\/\/stuttgarti-katolikusok.de\/wp-content\/uploads\/2020\/09\/szent-gellert.jpeg","articleSection":["Progamel\u0151zetes"],"inLanguage":"hu"},{"@type":"WebPage","@id":"https:\/\/stuttgarti-katolikusok.de\/index.php\/szeptember-7-es-20-kozott\/","url":"https:\/\/stuttgarti-katolikusok.de\/index.php\/szeptember-7-es-20-kozott\/","name":"Szeptember 7 \u00e9s 20 k\u00f6z\u00f6tt - Stuttgarti Katolikusok","isPartOf":{"@id":"https:\/\/stuttgarti-katolikusok.de\/#website"},"primaryImageOfPage":{"@id":"https:\/\/stuttgarti-katolikusok.de\/index.php\/szeptember-7-es-20-kozott\/#primaryimage"},"image":{"@id":"https:\/\/stuttgarti-katolikusok.de\/index.php\/szeptember-7-es-20-kozott\/#primaryimage"},"thumbnailUrl":"https:\/\/stuttgarti-katolikusok.de\/wp-content\/uploads\/2020\/09\/szent-gellert.jpeg","datePublished":"2020-09-14T23:04:55+00:00","author":{"@id":"https:\/\/stuttgarti-katolikusok.de\/#\/schema\/person\/75908d6f8fdc03a57889d27209df7795"},"breadcrumb":{"@id":"https:\/\/stuttgarti-katolikusok.de\/index.php\/szeptember-7-es-20-kozott\/#breadcrumb"},"inLanguage":"hu","potentialAction":[{"@type":"ReadAction","target":["https:\/\/stuttgarti-katolikusok.de\/index.php\/szeptember-7-es-20-kozott\/"]}]},{"@type":"ImageObject","inLanguage":"hu","@id":"https:\/\/stuttgarti-katolikusok.de\/index.php\/szeptember-7-es-20-kozott\/#primaryimage","url":"https:\/\/stuttgarti-katolikusok.de\/wp-content\/uploads\/2020\/09\/szent-gellert.jpeg","contentUrl":"https:\/\/stuttgarti-katolikusok.de\/wp-content\/uploads\/2020\/09\/szent-gellert.jpeg","width":640,"height":333},{"@type":"BreadcrumbList","@id":"https:\/\/stuttgarti-katolikusok.de\/index.php\/szeptember-7-es-20-kozott\/#breadcrumb","itemListElement":[{"@type":"ListItem","position":1,"name":"Kezd\u0151lap","item":"https:\/\/stuttgarti-katolikusok.de\/"},{"@type":"ListItem","position":2,"name":"Szeptember 7 \u00e9s 20 k\u00f6z\u00f6tt"}]},{"@type":"WebSite","@id":"https:\/\/stuttgarti-katolikusok.de\/#website","url":"https:\/\/stuttgarti-katolikusok.de\/","name":"Stuttgarti Katolikusok","description":"","potentialAction":[{"@type":"SearchAction","target":{"@type":"EntryPoint","urlTemplate":"https:\/\/stuttgarti-katolikusok.de\/?s={search_term_string}"},"query-input":{"@type":"PropertyValueSpecification","valueRequired":true,"valueName":"search_term_string"}}],"inLanguage":"hu"},{"@type":"Person","@id":"https:\/\/stuttgarti-katolikusok.de\/#\/schema\/person\/75908d6f8fdc03a57889d27209df7795","name":"Tibor atya","image":{"@type":"ImageObject","inLanguage":"hu","@id":"https:\/\/secure.gravatar.com\/avatar\/61d268e57d1f4525b111222e29d2d5a7f8c420fdbf231ba5566a8ceac74fa960?s=96&d=mm&r=g","url":"https:\/\/secure.gravatar.com\/avatar\/61d268e57d1f4525b111222e29d2d5a7f8c420fdbf231ba5566a8ceac74fa960?s=96&d=mm&r=g","contentUrl":"https:\/\/secure.gravatar.com\/avatar\/61d268e57d1f4525b111222e29d2d5a7f8c420fdbf231ba5566a8ceac74fa960?s=96&d=mm&r=g","caption":"Tibor atya"},"url":"https:\/\/stuttgarti-katolikusok.de\/index.php\/author\/tibor-atya\/"}]}},"_links":{"self":[{"href":"https:\/\/stuttgarti-katolikusok.de\/index.php\/wp-json\/wp\/v2\/posts\/20071","targetHints":{"allow":["GET"]}}],"collection":[{"href":"https:\/\/stuttgarti-katolikusok.de\/index.php\/wp-json\/wp\/v2\/posts"}],"about":[{"href":"https:\/\/stuttgarti-katolikusok.de\/index.php\/wp-json\/wp\/v2\/types\/post"}],"author":[{"embeddable":true,"href":"https:\/\/stuttgarti-katolikusok.de\/index.php\/wp-json\/wp\/v2\/users\/3"}],"replies":[{"embeddable":true,"href":"https:\/\/stuttgarti-katolikusok.de\/index.php\/wp-json\/wp\/v2\/comments?post=20071"}],"version-history":[{"count":1,"href":"https:\/\/stuttgarti-katolikusok.de\/index.php\/wp-json\/wp\/v2\/posts\/20071\/revisions"}],"predecessor-version":[{"id":20073,"href":"https:\/\/stuttgarti-katolikusok.de\/index.php\/wp-json\/wp\/v2\/posts\/20071\/revisions\/20073"}],"wp:featuredmedia":[{"embeddable":true,"href":"https:\/\/stuttgarti-katolikusok.de\/index.php\/wp-json\/wp\/v2\/media\/20072"}],"wp:attachment":[{"href":"https:\/\/stuttgarti-katolikusok.de\/index.php\/wp-json\/wp\/v2\/media?parent=20071"}],"wp:term":[{"taxonomy":"category","embeddable":true,"href":"https:\/\/stuttgarti-katolikusok.de\/index.php\/wp-json\/wp\/v2\/categories?post=20071"},{"taxonomy":"post_tag","embeddable":true,"href":"https:\/\/stuttgarti-katolikusok.de\/index.php\/wp-json\/wp\/v2\/tags?post=20071"}],"curies":[{"name":"wp","href":"https:\/\/api.w.org\/{rel}","templated":true}]}}