{"id":20067,"date":"2020-09-12T11:16:37","date_gmt":"2020-09-12T11:16:37","guid":{"rendered":"https:\/\/gracious-dewdney.138-201-221-2.plesk.page\/?p=20067"},"modified":"2020-09-12T11:16:37","modified_gmt":"2020-09-12T11:16:37","slug":"evkozi-24-vasarnap","status":"publish","type":"post","link":"https:\/\/stuttgarti-katolikusok.de\/index.php\/evkozi-24-vasarnap\/","title":{"rendered":"\u00c9vk\u00f6zi 24. vas\u00e1rnap"},"content":{"rendered":"<p><span style=\"color: #008000;\"><strong>2020. szeptember 13. &#8211; \u00c9vk\u00f6zi 24. vas\u00e1rnap<\/strong><\/span><\/p>\n<p><span style=\"color: #ff6600;\"><strong>OLVASM\u00c1NY\u00a0<\/strong>Sir 27, 30 \u2013 28, 7<\/span><\/p>\n<p><em>\u00a0\u00a0\u00a0 A t\u00fcrelem \u00e9s a megbocs\u00e1t\u00e1s gondolata m\u00e1r a r\u00e9gi sz\u00f6vets\u00e9gben is k\u00f6vetelm\u00e9ny volt, legal\u00e1bb n\u00e9p\u00fck keret\u00e9n bel\u00fcl. A megokol\u00e1s az, hogy Isten megk\u00edv\u00e1nja \u00e9s mi magunk is r\u00e1szorulunk az \u0151 irgalm\u00e1ra. M\u00e1rpedig hogyan k\u00e9rhetne valaki megbocs\u00e1t\u00e1st Istent\u0151l, ha \u0151 maga nem tud megbocs\u00e1tani. V\u00e9g\u00fcl gondolni kell arra, hogy egyszer mi magunk is Isten \u00edt\u00e9l\u0151sz\u00e9ke el\u00e9 ker\u00fcl\u00fcnk.<\/em><\/p>\n<p><span style=\"color: #000000;\"><strong>OLVASM\u00c1NY Sir\u00e1k fia k\u00f6nyv\u00e9b\u0151l<\/strong><\/span><\/p>\n<p><em>\u00a0\u00a0\u00a0 Bocs\u00e1sd meg a m\u00e1sik embernek, ha v\u00e9tett, im\u00e1dkozz\u00e1l, \u00e9s neked is megbocs\u00e1tj\u00e1k v\u00e9tked.<\/em><\/p>\n<p>A d\u00fch \u00e9s a harag egyar\u00e1nt ut\u00e1latos,<br \/>\ncsak az ragaszkodik hozz\u00e1, aki b\u0171n\u00f6s.<\/p>\n<p>Aki bossz\u00fat \u00e1ll, azon bossz\u00fat \u00e1ll az \u00dar is,<br \/>\nkem\u00e9ny sz\u00e1mad\u00e1st tart vele b\u0171nei\u00e9rt.<br \/>\nBocs\u00e1ss meg a m\u00e1sik embernek, ha v\u00e9tett,<br \/>\nim\u00e1dkozz\u00e1l, \u00e9s neked is megbocs\u00e1tj\u00e1k v\u00e9tked.<br \/>\nAki m\u00e1s emberre konokul haragszik,<br \/>\nhogy keres Istenn\u00e9l gy\u00f3gyul\u00e1st mag\u00e1nak?<br \/>\nAki nem k\u00f6ny\u00f6r\u00fcl meg embert\u00e1rs\u00e1n,<br \/>\na saj\u00e1t b\u0171nei\u00e9rt hogyan im\u00e1dkozik?<br \/>\nJ\u00f3llehet \u0151 csak ember, kitart a haragban,<br \/>\n\u00e9s ugyanakkor bocs\u00e1natot k\u00e9r Istent\u0151l?!<br \/>\n\u2013 h\u00e1t az \u0151 b\u0171nei\u00e9rt ki ad el\u00e9gt\u00e9telt?<br \/>\nGondolja v\u00e9gs\u0151 dolgokra, hagyd a gy\u0171l\u00f6lk\u00f6d\u00e9st,<br \/>\ngondolj hal\u00e1lodra, s tartsd meg a parancsokat.<\/p>\n<p>Gondolj a t\u00f6rv\u00e9nyre, ne gy\u0171l\u00f6ld embert\u00e1rsadat,<br \/>\ngondolj az Istennel k\u00f6t\u00f6tt sz\u00f6vets\u00e9gre, s n\u00e9zd el a s\u00e9rt\u00e9st.<\/p>\n<p>Ez az Isten ig\u00e9je.<\/p>\n<p><span style=\"color: #ff6600;\"><strong>V\u00c1LASZOS ZSOLT\u00c1R\u00a0<\/strong>102, 1-2. 3-4. 9-10. 11-12\u00a0\u00a0\u00a0 11. t\u00f3nus.<\/span><br \/>\nV\u00e1lasz:\u00a0Irgalmas a mi Urunk, Isten\u00fcnk: * k\u00f6ny\u00f6r\u00fcletre hajlik sz\u00edve.\u00a0V\u00f6. 8a. vers.<\/p>\n<p>El\u0151\u00e9nekes:\u00a0\u00c1ldjad, lelkem, az Urat, * eg\u00e9sz bens\u0151m az \u0151 szent nev\u00e9t \u00e1ldj a.<br \/>\n\u00c1ldjad, lelkem, az Urat, * \u00e9s ne feledd, hogy hozz\u00e1d milyen j\u00f3 volt.<br \/>\nH\u00edvek:\u00a0Irgalmas a mi Urunk, Isten\u00fcnk: * k\u00f6ny\u00f6r\u00fcletre hajlik sz\u00edve.<\/p>\n<p>E:\u00a0Megbocs\u00e1tja minden v\u00e9tked, * meggy\u00f3gy\u00edtja minden gyenges\u00e9ged.<br \/>\nA pusztul\u00e1st\u00f3l megmenti \u00e9leted, * kegyelm\u00e9ben \u00e9s irgalm\u00e1ban meg is koron\u00e1zza.<br \/>\nH:\u00a0Irgalmas a mi Urunk, Isten\u00fcnk: * k\u00f6ny\u00f6r\u00fcletre hajlik sz\u00edve.<\/p>\n<p>E:\u00a0Irgalmas \u00e9s kegyes a mi Isten\u00fcnk: * nagy irgalm\u00fa \u00e9s hosszan t\u0171r\u0151.<br \/>\nNem b\u0171neink szerint b\u00e1nik vel\u00fcnk, * \u00e9s nem gonoszs\u00e1gunk szerint fizet vissza nek\u00fcnk.<br \/>\nH:\u00a0Irgalmas a mi Urunk, Isten\u00fcnk: * k\u00f6ny\u00f6r\u00fcletre hajlik sz\u00edve.<\/p>\n<p>E:\u00a0Amilyen messze van napkelett\u0151l a napnyugat, * b\u0171neinket olyan messze dobja t\u0151l\u00fcnk.<br \/>\nAhogyan az atya megk\u00f6ny\u00f6r\u00fcl fiain, * \u00fagy k\u00f6ny\u00f6r\u00fcl meg az \u00dar az istenf\u00e9l\u0151n.<br \/>\nH:\u00a0Irgalmas a mi Urunk, Isten\u00fcnk: * k\u00f6ny\u00f6r\u00fcletre hajlik sz\u00edve.<\/p>\n<p><span style=\"color: #ff6600;\"><strong>SZENTLECKE\u00a0<\/strong>R\u00f3m 14, 7-9<\/span><\/p>\n<p><em>\u00a0\u00a0\u00a0 A r\u00f3mai egyh\u00e1zban voltak felvil\u00e1gosultak, akik pl. tudt\u00e1k, hogy olyan \u00f3sz\u00f6vets\u00e9gi el\u0151\u00edr\u00e1sok nem k\u00f6telezik \u0151ket, mint amilyenek az \u00e9telek megk\u00fcl\u00f6nb\u00f6ztet\u00e9s\u00e9re vonatkoznak. M\u00e1sok agg\u00e1lyosak maradtak. Ez\u00e9rt az apostol aj\u00e1nlja, hogy legyenek tekintettel egym\u00e1s meggy\u0151z\u0151d\u00e9s\u00e9re, \u00e9s a szeretet alapj\u00e1n ker\u00fclj\u00e9k a megbotr\u00e1nkoztat\u00e1st. Hiszen a k\u00f6z\u00f6ss\u00e9g tagjai nem f\u00fcggetlenek egym\u00e1st\u00f3l: Krisztusban \u00f6sszetartoznak, a kereszts\u00e9gben az \u0151 test\u00e9nek tagjai lettek.<\/em><\/p>\n<p><span style=\"color: #000000;\"><strong>SZENTLECKE Szent P\u00e1l apostolnak a r\u00f3maiakhoz \u00edrt Level\u00e9b\u0151l<\/strong><\/span><\/p>\n<p><em>\u00a0\u00a0\u00a0 Ak\u00e1r \u00e9l\u00fcnk, ak\u00e1r halunk, mindig az \u00dar\u00e9i vagyunk.<\/em><\/p>\n<p>Testv\u00e9reim! Egyik\u00fcnk sem \u00e9l csak \u00f6nmag\u00e1nak, \u00e9s egyik\u00fcnk sem hal meg csak \u00f6nmag\u00e1nak. Am\u00edg \u00e9l\u00fcnk, Istennek \u00e9l\u00fcnk, \u00e9s ha meghalunk, Istennek halunk meg. Teh\u00e1t ak\u00e1r \u00e9l\u00fcnk, ak\u00e1r meghalunk, mindig az \u00dar\u00e9i vagyunk. Krisztus ugyanis az\u00e9rt halt meg \u00e9s az\u00e9rt t\u00e1madt fel, hogy mind a holtaknak, mind az \u00e9l\u0151knek Ura legyen.<\/p>\n<p>Ez az Isten ig\u00e9je.<\/p>\n<p><span style=\"color: #ff6600;\"><strong>ALLELUJA<\/strong><\/span><\/p>\n<p>Alleluja.\u00a04. sz\u00e1m.<br \/>\nJ\u00e9zus mondja: + ,,\u00daj parancsot adok nektek, * szeress\u00e9tek egym\u00e1st, amint \u00e9n szeretlek titeket.&#8221;\u00a0Jn 13, 34 \u2013 4g. t\u00f3nus.<br \/>\nAlleluja.<\/p>\n<p><span style=\"color: #ff6600;\"><strong>EVANG\u00c9LIUM<\/strong>\u00a0Mt 18, 21-35<\/span><\/p>\n<p><em>\u00a0\u00a0\u00a0 Akik a r\u00e9gi t\u00f6rv\u00e9nyen nevel\u0151dtek, azoknak az igazs\u00e1goss\u00e1g m\u00e9rt\u00e9ke a szemet szem\u00e9rt elv volt. Krisztus ellenben azt aj\u00e1nlja, hogy az \u0151 k\u00f6vet\u0151je legyen mindig k\u00e9sz a megbocs\u00e1t\u00e1sra. P\u00e9ter ennek a m\u00e9rt\u00e9k\u00e9t akarja tiszt\u00e1zni. J\u00e9zus ellenben nem m\u00e9rt\u00e9ket \u00e1ll\u00edt fel, hanem a szeretet t\u00falcsordul\u00e1s\u00e1t aj\u00e1nlja. A p\u00e9ldabesz\u00e9d megvil\u00e1g\u00edtja, hogy Istennel szemben mindig t\u00f6bb az elsz\u00e1molni val\u00f3nk, mint az emberekkel szemben, s \u0151 majd olyan m\u00e9rt\u00e9kkel m\u00e9r nek\u00fcnk, ahogy mi m\u00e9rt\u00fcnk m\u00e1soknak. J\u00e9zus azonban ezzel nem, f\u00fcggeszti fel az igazs\u00e1goss\u00e1g k\u00f6vetelm\u00e9nyeit, hanem ink\u00e1bb arra c\u00e9loz, hogy egy\u00e1ltal\u00e1n ne k\u00f6vess\u00fcnk el igazs\u00e1gtalans\u00e1got, \u00e9s a jogok \u00e9rv\u00e9nyes\u00edt\u00e9s\u00e9ben sem szabad a szeretetr\u0151l megfeledkezni.<\/em><\/p>\n<p><strong>+ EVANG\u00c9LIUM Szent M\u00e1t\u00e9 k\u00f6nyv\u00e9b\u0151l<\/strong><\/p>\n<p><em>\u00a0\u00a0\u00a0 Nem mondom, hogy h\u00e9tszer bocs\u00e1ss meg, hanem hetvenszer h\u00e9tszer.<\/em><\/p>\n<p>Abban az id\u0151ben:<br \/>\nP\u00e9ter odament J\u00e9zushoz, \u00e9s megk\u00e9rdezte: ,,Uram, ha testv\u00e9rem v\u00e9tkezik ellenem, h\u00e1nyszor kell megbocs\u00e1tanom neki? Tal\u00e1n h\u00e9tszer?&#8221; J\u00e9zus \u00edgy felelt: ,,Nem mondom, hogy h\u00e9tszer, hanem hetvenszer h\u00e9tszer!<br \/>\nA mennyek orsz\u00e1ga olyan, mint amikor egy kir\u00e1ly el akart sz\u00e1molni szolg\u00e1ival. Amikor elkezdte, odahozt\u00e1k egyik ad\u00f3s\u00e1t, aki t\u00edzezer talentummal tartozott. Mivel nem volt mib\u0151l megfizetnie, az \u00far megparancsolta, hogy adj\u00e1k el \u0151t, a feles\u00e9g\u00e9t, a gyermekeit, \u00e9s minden\u00e9t, amije csak van, \u00e9s \u00edgy t\u00f6rlessze ad\u00f3ss\u00e1g\u00e1t. De a szolga leborult el\u0151tte \u00e9s \u00fagy k\u00e9rlelte: L\u00e9gy t\u00fcrelmes ir\u00e1ntam, mindent megfizetek! Az \u00far sz\u00edve megesett a szolg\u00e1n: szabadon bocs\u00e1totta \u0151t, s\u0151t m\u00e9g az ad\u00f3ss\u00e1g\u00e1t is elengedte.<\/p>\n<p>A szolga kiment, \u00e9s tal\u00e1lkozott egyik szolgat\u00e1rs\u00e1val, aki neki sz\u00e1z d\u00e9n\u00e1rral tartozott. Elkapta \u00e9s fojtogatni kezdte: \u00bbAdd meg, amivel tartozol!\u00ab Szolgat\u00e1rsa t\u00e9rdrehullott el\u0151tte \u00e9s k\u00e9rlelte: L\u00e9gy t\u00fcrelmes ir\u00e1ntam, mindent megfizetek!\u00ab De \u0151 nem engedett, hanem ment \u00e9s b\u00f6rt\u00f6nbe vetette, m\u00edg meg nem fizeti tartoz\u00e1s\u00e1t.<br \/>\nSzolgat\u00e1rsai l\u00e1tt\u00e1k a t\u00f6rt\u00e9nteket. Elmentek \u00e9s elbesz\u00e9lt\u00e9k uruknak. Az \u00far akkor mag\u00e1hoz hivatta \u0151t, \u00e9s \u00edgy sz\u00f3lt hozz\u00e1: \u00bbTe gonosz szolga! Amikor k\u00e9rlelt\u00e9l, \u00e9n minden tartoz\u00e1sodat elengedtem neked. Nem kellett volna neked is megk\u00f6ny\u00f6r\u00fcln\u00f6d szolgat\u00e1rsadon, mint ahogy \u00e9n megk\u00f6ny\u00f6r\u00fcltem rajtad?\u00ab \u00c9s az \u00far nagy haraggal \u00e1tadta \u0151t az \u0151r\u00f6knek, m\u00edg meg nem fizet mindent, amivel tartozik.<\/p>\n<p>Az \u00e9n mennyei Aty\u00e1m is \u00edgy tesz veletek, ha tiszta sz\u00edvb\u0151l meg nem bocs\u00e1t mindegyiktek a testv\u00e9r\u00e9nek.&#8221;<\/p>\n<p>Ezek az evang\u00e9lium ig\u00e9i.<\/p>\n<p><span style=\"color: #ff6600;\"><strong>Egyetemes k\u00f6ny\u00f6rg\u00e9sek \u00c9vk\u00f6zi 24. vas\u00e1rnapra<\/strong><\/span><\/p>\n<p>Pap:\u00a0\u00a0\u00a0\u00a0Testv\u00e9reim! Isten szent Fia megbocs\u00e1t\u00e1st \u00e9s irgalmat hozott a f\u00f6ldre. K\u00e9rj\u00fck t\u0151le, hogy p\u00e9ld\u00e1j\u00e1ra mi is meg tudjunk bocs\u00e1tani.<\/p>\n<p>Lektor:<br \/>\n1.\u00a0\u00a0\u00a0 Hogy az Egyh\u00e1z p\u00e1sztorai mindenkor a megbocs\u00e1t\u00e1s \u00e9s irgalom \u00f6r\u00f6mh\u00edr\u00e9t hirdess\u00e9k a vil\u00e1gnak!<br \/>\nH\u00edvek:\u00a0K\u00e9r\u00fcnk t\u00e9ged, hallgass meg minket!<\/p>\n<p>2.\u00a0\u00a0\u00a0 Hogy az emberis\u00e9g nagy csal\u00e1dj\u00e1ban megsz\u0171nj\u00e9k a visz\u00e1lykod\u00e1s \u00e9s a bossz\u00fa\u00e1ll\u00e1s!<br \/>\nH\u00edvek:\u00a0K\u00e9r\u00fcnk t\u00e9ged . . .<\/p>\n<p>3.\u00a0\u00a0\u00a0 Hogy \u00f6nmagunkat legy\u0151zve sz\u00edvb\u0151l meg tudjunk bocs\u00e1tani az ellen\u00fcnk v\u00e9tkez\u0151knek!<br \/>\nH\u00edvek:\u00a0K\u00e9r\u00fcnk t\u00e9ged . . .<\/p>\n<p>4.\u00a0\u00a0\u00a0 Hogy ne verjen benn\u00fcnk gy\u00f6keret a s\u00e9rt\u0151d\u00f6tts\u00e9g, a harag \u00e9s a megtorl\u00e1s szelleme!<br \/>\nH\u00edvek:\u00a0K\u00e9r\u00fcnk t\u00e9ged . . .<\/p>\n<p>5.\u00a0\u00a0\u00a0 Hogy megbocs\u00e1t\u00f3 szeretet\u00fcnkkel mi is m\u00e9lt\u00f3k lehess\u00fcnk a te irgalmadra!<br \/>\nH\u00edvek:\u00a0K\u00e9r\u00fcnk t\u00e9ged . . .<\/p>\n<p>Pap:\u00a0\u00a0\u00a0\u00a0Irgalmas Isten\u00fcnk! Seg\u00edts minket, hogy szeretetben \u00e9s b\u00e9kess\u00e9gben \u00e9lve a f\u00f6ld\u00f6n, hal\u00e1lunkban is a tieid maradjunk! Krisztus, a mi Urunk \u00e1ltal.<br \/>\nH\u00edvek:\u00a0\u00a0\u00a0\u00a0\u00c1men.<\/p>\n<p style=\"text-align: center;\">*<\/p>\n<p>Szeptember 14. &#8211; Szent Kereszt felmagasztal\u00e1s\u00e1nak \u00fcnnepe<\/p>\n<h4 class=\"lead\"><span style=\"color: #800080;\">Szeptember 14-\u00e9n, a Szent Kereszt felmagasztal\u00e1s\u00e1nak \u00fcnnep\u00e9n k\u00e9t t\u00f6rt\u00e9nelmi esem\u00e9nyre, Krisztus keresztj\u00e9nek megtal\u00e1l\u00e1s\u00e1ra, valamint visszaszerz\u00e9s\u00e9re eml\u00e9kezik az Egyh\u00e1z.<\/span><\/h4>\n<div class=\"contentsav\"><a href=\"https:\/\/www.magyarkurir.hu\/kepek\/hirek\/34116\/fokep\/kep.jpg\" rel=\"lightbox\"><img decoding=\"async\" class=\"kep_balra aligncenter\" src=\"https:\/\/www.magyarkurir.hu\/kepek\/hirek\/34116\/fokep\/k1.jpg\" border=\"0\" \/><\/a><\/p>\n<p class=\"alapkizart\" style=\"text-align: left;\" align=\"center\">A Szent Kereszt felmagasztal\u00e1s\u00e1nak \u00fcnnepe 335. szeptember 13-\u00e1ra ny\u00falik vissza, amikor Jeruzs\u00e1lemben felszentelt\u00e9k a bazilik\u00e1t, amelyet Nagy Konstantin cs\u00e1sz\u00e1r emeltetett Krisztus s\u00edrja f\u00f6l\u00e9. A Szent Keresztet Nagy Konstantin cs\u00e1sz\u00e1r \u00e9desanyja, Szent Ilona tal\u00e1lta meg Jeruzs\u00e1lemben. A Keresztet szeptember 14-\u00e9n \u00fcnnep\u00e9lyesen felmutatt\u00e1k az \u00f6sszegy\u0171lt n\u00e9pnek. Innen az elnevez\u00e9s: Szent Kereszt felmagasztal\u00e1sa.<\/p>\n<p class=\"alapkizart\" style=\"text-align: left;\" align=\"center\">Az erekly\u00e9t, amelyet k\u00e9s\u0151bb elraboltak a perzs\u00e1k, H\u00e9rakleiosz cs\u00e1sz\u00e1r 630 k\u00f6r\u00fcl szerezte vissza \u00e9s vitte \u0151rz\u00e9si hely\u00e9re \u2013 a legenda szerint mez\u00edtl\u00e1b, szeg\u00e9nyes ruh\u00e1ban, a saj\u00e1t v\u00e1ll\u00e1n.<\/p>\n<p class=\"alap\" align=\"center\">*<\/p>\n<p class=\"alapkizart\" style=\"text-align: left;\" align=\"center\">Az egyh\u00e1z minden \u00e9vben meg\u00fcli a Kereszt felemel\u00e9s\u00e9nek \u00e9s felmagasztal\u00e1s\u00e1nak \u00fcnnep\u00e9t. Felemeli a Keresztet, hogy r\u00e1tekints\u00fcnk, \u00e9s tudatoss\u00e1 legyen, mit v\u00e1llalt \u00e9rt\u00fcnk J\u00e9zus, \u00e9s milyen \u00faton kell haladnia minden kereszt\u00e9nynek.<\/p>\n<p class=\"alapkizart\" style=\"text-align: left;\" align=\"center\">A kereszt \u00f3sz\u00f6vets\u00e9gi el\u0151k\u00e9pe a M\u00f3zes \u00e1ltal p\u00f3zn\u00e1ra t\u0171z\u00f6tt r\u00e9zk\u00edgy\u00f3:\u00a0aki hittel \u00e9s b\u0171nb\u00e1nattal tekintett a k\u00edgy\u00f3ra, megmenek\u00fclt a mar\u00e1s\u00e1t\u00f3l. E r\u00e9zk\u00edgy\u00f3t J\u00e9zus is eml\u00edti Nikod\u00e9musnak mint kereszthal\u00e1la el\u0151k\u00e9p\u00e9t.<\/p>\n<p class=\"alapkizart\" style=\"text-align: left;\" align=\"center\">A kereszt hit\u00fcnk k\u00f6zponti jelk\u00e9pe \u00e9s tartalma. \u00c1ltala nyert\u00fck el megv\u00e1lt\u00e1sunkat, a kereszt \u00fatj\u00e1n mutatta meg Isten ir\u00e1ntunk val\u00f3 v\u00e9gtelen szeretet\u00e9t. Titk\u00e1t Krisztus felt\u00e1mad\u00e1sa t\u00e1rja fel. J\u00e9zus Krisztus megfesz\u00edt\u00e9se el\u0151tt a kereszt a legnagyobb tehetetlens\u00e9g \u00e9s sz\u00e9gyen jele volt; \u00e1m felt\u00e1mad\u00e1s\u00e1val a rem\u00e9ny, a gy\u0151zelem \u00e9s a szeretet jel\u00e9v\u00e9 v\u00e1lt. A kereszt az \u00f3kori \u00e9s kora k\u00f6z\u00e9pkori kereszt\u00e9ny hitvil\u00e1gban \u00e9s m\u0171v\u00e9szetben gy\u0151zelmi jel, az \u00fcdv\u00f6ss\u00e9g f\u00e1ja, amelyen Krisztus kir\u00e1lly\u00e1 dics\u0151\u00fcl.<\/p>\n<p><em>(Forr\u00e1s: Magyar Kur\u00edr)<\/em><\/p>\n<\/div>\n","protected":false},"excerpt":{"rendered":"<p>2020. szeptember 13. &#8211; \u00c9vk\u00f6zi 24. vas\u00e1rnap OLVASM\u00c1NY\u00a0Sir 27, 30 \u2013 28, 7 \u00a0\u00a0\u00a0 A t\u00fcrelem \u00e9s a megbocs\u00e1t\u00e1s gondolata m\u00e1r a r\u00e9gi sz\u00f6vets\u00e9gben is k\u00f6vetelm\u00e9ny volt, legal\u00e1bb n\u00e9p\u00fck keret\u00e9n bel\u00fcl. A megokol\u00e1s az, hogy Isten megk\u00edv\u00e1nja \u00e9s mi magunk is r\u00e1szorulunk az \u0151 irgalm\u00e1ra. M\u00e1rpedig hogyan k\u00e9rhetne valaki megbocs\u00e1t\u00e1st Istent\u0151l, ha \u0151 maga nem tud megbocs\u00e1tani. V\u00e9g\u00fcl gondolni kell arra, hogy egyszer mi magunk is Isten \u00edt\u00e9l\u0151sz\u00e9ke el\u00e9 ker\u00fcl\u00fcnk. OLVASM\u00c1NY Sir\u00e1k fia k\u00f6nyv\u00e9b\u0151l \u00a0\u00a0\u00a0 Bocs\u00e1sd meg a m\u00e1sik embernek, ha v\u00e9tett, im\u00e1dkozz\u00e1l, \u00e9s neked is megbocs\u00e1tj\u00e1k v\u00e9tked. A d\u00fch \u00e9s a harag egyar\u00e1nt ut\u00e1latos, csak az ragaszkodik hozz\u00e1, aki b\u0171n\u00f6s. Aki bossz\u00fat \u00e1ll, azon bossz\u00fat \u00e1ll az \u00dar is, kem\u00e9ny sz\u00e1mad\u00e1st tart vele b\u0171nei\u00e9rt. Bocs\u00e1ss meg a m\u00e1sik embernek, ha v\u00e9tett, im\u00e1dkozz\u00e1l, \u00e9s neked is megbocs\u00e1tj\u00e1k v\u00e9tked. Aki m\u00e1s emberre konokul haragszik, hogy keres Istenn\u00e9l gy\u00f3gyul\u00e1st mag\u00e1nak? Aki nem k\u00f6ny\u00f6r\u00fcl meg embert\u00e1rs\u00e1n, a saj\u00e1t b\u0171nei\u00e9rt hogyan im\u00e1dkozik? J\u00f3llehet \u0151 csak ember, kitart a haragban, \u00e9s ugyanakkor bocs\u00e1natot k\u00e9r Istent\u0151l?! \u2013 h\u00e1t az \u0151 b\u0171nei\u00e9rt ki ad el\u00e9gt\u00e9telt? Gondolja v\u00e9gs\u0151 dolgokra, hagyd a gy\u0171l\u00f6lk\u00f6d\u00e9st, gondolj hal\u00e1lodra, s tartsd meg a parancsokat. Gondolj a t\u00f6rv\u00e9nyre, ne gy\u0171l\u00f6ld embert\u00e1rsadat, gondolj az Istennel k\u00f6t\u00f6tt sz\u00f6vets\u00e9gre, s n\u00e9zd el a s\u00e9rt\u00e9st. Ez az Isten ig\u00e9je. V\u00c1LASZOS ZSOLT\u00c1R\u00a0102, 1-2. 3-4. 9-10. 11-12\u00a0\u00a0\u00a0 11. t\u00f3nus. V\u00e1lasz:\u00a0Irgalmas a mi Urunk, Isten\u00fcnk: * k\u00f6ny\u00f6r\u00fcletre hajlik sz\u00edve.\u00a0V\u00f6. 8a. vers. El\u0151\u00e9nekes:\u00a0\u00c1ldjad, lelkem, az Urat, * eg\u00e9sz bens\u0151m az \u0151 szent nev\u00e9t \u00e1ldj a. \u00c1ldjad, lelkem, az Urat, * \u00e9s ne feledd, hogy hozz\u00e1d milyen j\u00f3 volt. H\u00edvek:\u00a0Irgalmas a mi Urunk, Isten\u00fcnk: * k\u00f6ny\u00f6r\u00fcletre hajlik sz\u00edve. E:\u00a0Megbocs\u00e1tja minden v\u00e9tked, * meggy\u00f3gy\u00edtja minden gyenges\u00e9ged. A pusztul\u00e1st\u00f3l megmenti \u00e9leted, * kegyelm\u00e9ben \u00e9s irgalm\u00e1ban meg is koron\u00e1zza. H:\u00a0Irgalmas a mi Urunk, Isten\u00fcnk: * k\u00f6ny\u00f6r\u00fcletre hajlik sz\u00edve. E:\u00a0Irgalmas \u00e9s kegyes a mi Isten\u00fcnk: * nagy irgalm\u00fa \u00e9s hosszan t\u0171r\u0151. Nem b\u0171neink szerint b\u00e1nik vel\u00fcnk, *&#8230; <\/p>\n<p><a class=\"readmore\" href=\"https:\/\/stuttgarti-katolikusok.de\/index.php\/evkozi-24-vasarnap\/\">R\u00e9szletek<\/a><\/p>\n","protected":false},"author":3,"featured_media":20068,"comment_status":"closed","ping_status":"closed","sticky":false,"template":"","format":"standard","meta":{"footnotes":""},"categories":[63],"tags":[],"class_list":["post-20067","post","type-post","status-publish","format-standard","has-post-thumbnail","hentry","category-vasarnapi-gondolatok"],"yoast_head":"<!-- This site is optimized with the Yoast SEO plugin v27.3 - https:\/\/yoast.com\/product\/yoast-seo-wordpress\/ -->\n<title>\u00c9vk\u00f6zi 24. vas\u00e1rnap - Stuttgarti Katolikusok<\/title>\n<meta name=\"robots\" content=\"index, follow, max-snippet:-1, max-image-preview:large, max-video-preview:-1\" \/>\n<link rel=\"canonical\" href=\"https:\/\/stuttgarti-katolikusok.de\/index.php\/evkozi-24-vasarnap\/\" \/>\n<meta property=\"og:locale\" content=\"hu_HU\" \/>\n<meta property=\"og:type\" content=\"article\" \/>\n<meta property=\"og:title\" content=\"\u00c9vk\u00f6zi 24. vas\u00e1rnap - Stuttgarti Katolikusok\" \/>\n<meta property=\"og:description\" content=\"2020. szeptember 13. &#8211; \u00c9vk\u00f6zi 24. vas\u00e1rnap OLVASM\u00c1NY\u00a0Sir 27, 30 \u2013 28, 7 \u00a0\u00a0\u00a0 A t\u00fcrelem \u00e9s a megbocs\u00e1t\u00e1s gondolata m\u00e1r a r\u00e9gi sz\u00f6vets\u00e9gben is k\u00f6vetelm\u00e9ny volt, legal\u00e1bb n\u00e9p\u00fck keret\u00e9n bel\u00fcl. A megokol\u00e1s az, hogy Isten megk\u00edv\u00e1nja \u00e9s mi magunk is r\u00e1szorulunk az \u0151 irgalm\u00e1ra. M\u00e1rpedig hogyan k\u00e9rhetne valaki megbocs\u00e1t\u00e1st Istent\u0151l, ha \u0151 maga nem tud megbocs\u00e1tani. V\u00e9g\u00fcl gondolni kell arra, hogy egyszer mi magunk is Isten \u00edt\u00e9l\u0151sz\u00e9ke el\u00e9 ker\u00fcl\u00fcnk. OLVASM\u00c1NY Sir\u00e1k fia k\u00f6nyv\u00e9b\u0151l \u00a0\u00a0\u00a0 Bocs\u00e1sd meg a m\u00e1sik embernek, ha v\u00e9tett, im\u00e1dkozz\u00e1l, \u00e9s neked is megbocs\u00e1tj\u00e1k v\u00e9tked. A d\u00fch \u00e9s a harag egyar\u00e1nt ut\u00e1latos, csak az ragaszkodik hozz\u00e1, aki b\u0171n\u00f6s. Aki bossz\u00fat \u00e1ll, azon bossz\u00fat \u00e1ll az \u00dar is, kem\u00e9ny sz\u00e1mad\u00e1st tart vele b\u0171nei\u00e9rt. Bocs\u00e1ss meg a m\u00e1sik embernek, ha v\u00e9tett, im\u00e1dkozz\u00e1l, \u00e9s neked is megbocs\u00e1tj\u00e1k v\u00e9tked. Aki m\u00e1s emberre konokul haragszik, hogy keres Istenn\u00e9l gy\u00f3gyul\u00e1st mag\u00e1nak? Aki nem k\u00f6ny\u00f6r\u00fcl meg embert\u00e1rs\u00e1n, a saj\u00e1t b\u0171nei\u00e9rt hogyan im\u00e1dkozik? J\u00f3llehet \u0151 csak ember, kitart a haragban, \u00e9s ugyanakkor bocs\u00e1natot k\u00e9r Istent\u0151l?! \u2013 h\u00e1t az \u0151 b\u0171nei\u00e9rt ki ad el\u00e9gt\u00e9telt? Gondolja v\u00e9gs\u0151 dolgokra, hagyd a gy\u0171l\u00f6lk\u00f6d\u00e9st, gondolj hal\u00e1lodra, s tartsd meg a parancsokat. Gondolj a t\u00f6rv\u00e9nyre, ne gy\u0171l\u00f6ld embert\u00e1rsadat, gondolj az Istennel k\u00f6t\u00f6tt sz\u00f6vets\u00e9gre, s n\u00e9zd el a s\u00e9rt\u00e9st. Ez az Isten ig\u00e9je. V\u00c1LASZOS ZSOLT\u00c1R\u00a0102, 1-2. 3-4. 9-10. 11-12\u00a0\u00a0\u00a0 11. t\u00f3nus. V\u00e1lasz:\u00a0Irgalmas a mi Urunk, Isten\u00fcnk: * k\u00f6ny\u00f6r\u00fcletre hajlik sz\u00edve.\u00a0V\u00f6. 8a. vers. El\u0151\u00e9nekes:\u00a0\u00c1ldjad, lelkem, az Urat, * eg\u00e9sz bens\u0151m az \u0151 szent nev\u00e9t \u00e1ldj a. \u00c1ldjad, lelkem, az Urat, * \u00e9s ne feledd, hogy hozz\u00e1d milyen j\u00f3 volt. H\u00edvek:\u00a0Irgalmas a mi Urunk, Isten\u00fcnk: * k\u00f6ny\u00f6r\u00fcletre hajlik sz\u00edve. E:\u00a0Megbocs\u00e1tja minden v\u00e9tked, * meggy\u00f3gy\u00edtja minden gyenges\u00e9ged. A pusztul\u00e1st\u00f3l megmenti \u00e9leted, * kegyelm\u00e9ben \u00e9s irgalm\u00e1ban meg is koron\u00e1zza. H:\u00a0Irgalmas a mi Urunk, Isten\u00fcnk: * k\u00f6ny\u00f6r\u00fcletre hajlik sz\u00edve. E:\u00a0Irgalmas \u00e9s kegyes a mi Isten\u00fcnk: * nagy irgalm\u00fa \u00e9s hosszan t\u0171r\u0151. Nem b\u0171neink szerint b\u00e1nik vel\u00fcnk, *... R\u00e9szletek\" \/>\n<meta property=\"og:url\" content=\"https:\/\/stuttgarti-katolikusok.de\/index.php\/evkozi-24-vasarnap\/\" \/>\n<meta property=\"og:site_name\" content=\"Stuttgarti Katolikusok\" \/>\n<meta property=\"article:published_time\" content=\"2020-09-12T11:16:37+00:00\" \/>\n<meta property=\"og:image\" content=\"https:\/\/stuttgarti-katolikusok.de\/wp-content\/uploads\/2020\/09\/megbocsatas.jpg\" \/>\n\t<meta property=\"og:image:width\" content=\"639\" \/>\n\t<meta property=\"og:image:height\" content=\"379\" \/>\n\t<meta property=\"og:image:type\" content=\"image\/jpeg\" \/>\n<meta name=\"author\" content=\"Tibor atya\" \/>\n<meta name=\"twitter:card\" content=\"summary_large_image\" \/>\n<meta name=\"twitter:label1\" content=\"Szerz\u0151:\" \/>\n\t<meta name=\"twitter:data1\" content=\"Tibor atya\" \/>\n\t<meta name=\"twitter:label2\" content=\"Becs\u00fclt olvas\u00e1si id\u0151\" \/>\n\t<meta name=\"twitter:data2\" content=\"9 perc\" \/>\n<script type=\"application\/ld+json\" class=\"yoast-schema-graph\">{\"@context\":\"https:\\\/\\\/schema.org\",\"@graph\":[{\"@type\":\"Article\",\"@id\":\"https:\\\/\\\/stuttgarti-katolikusok.de\\\/index.php\\\/evkozi-24-vasarnap\\\/#article\",\"isPartOf\":{\"@id\":\"https:\\\/\\\/stuttgarti-katolikusok.de\\\/index.php\\\/evkozi-24-vasarnap\\\/\"},\"author\":{\"name\":\"Tibor atya\",\"@id\":\"https:\\\/\\\/stuttgarti-katolikusok.de\\\/#\\\/schema\\\/person\\\/75908d6f8fdc03a57889d27209df7795\"},\"headline\":\"\u00c9vk\u00f6zi 24. vas\u00e1rnap\",\"datePublished\":\"2020-09-12T11:16:37+00:00\",\"mainEntityOfPage\":{\"@id\":\"https:\\\/\\\/stuttgarti-katolikusok.de\\\/index.php\\\/evkozi-24-vasarnap\\\/\"},\"wordCount\":1799,\"image\":{\"@id\":\"https:\\\/\\\/stuttgarti-katolikusok.de\\\/index.php\\\/evkozi-24-vasarnap\\\/#primaryimage\"},\"thumbnailUrl\":\"https:\\\/\\\/stuttgarti-katolikusok.de\\\/wp-content\\\/uploads\\\/2020\\\/09\\\/megbocsatas.jpg\",\"articleSection\":[\"Vas\u00e1rnapi gondolatok\"],\"inLanguage\":\"hu\"},{\"@type\":\"WebPage\",\"@id\":\"https:\\\/\\\/stuttgarti-katolikusok.de\\\/index.php\\\/evkozi-24-vasarnap\\\/\",\"url\":\"https:\\\/\\\/stuttgarti-katolikusok.de\\\/index.php\\\/evkozi-24-vasarnap\\\/\",\"name\":\"\u00c9vk\u00f6zi 24. vas\u00e1rnap - Stuttgarti Katolikusok\",\"isPartOf\":{\"@id\":\"https:\\\/\\\/stuttgarti-katolikusok.de\\\/#website\"},\"primaryImageOfPage\":{\"@id\":\"https:\\\/\\\/stuttgarti-katolikusok.de\\\/index.php\\\/evkozi-24-vasarnap\\\/#primaryimage\"},\"image\":{\"@id\":\"https:\\\/\\\/stuttgarti-katolikusok.de\\\/index.php\\\/evkozi-24-vasarnap\\\/#primaryimage\"},\"thumbnailUrl\":\"https:\\\/\\\/stuttgarti-katolikusok.de\\\/wp-content\\\/uploads\\\/2020\\\/09\\\/megbocsatas.jpg\",\"datePublished\":\"2020-09-12T11:16:37+00:00\",\"author\":{\"@id\":\"https:\\\/\\\/stuttgarti-katolikusok.de\\\/#\\\/schema\\\/person\\\/75908d6f8fdc03a57889d27209df7795\"},\"breadcrumb\":{\"@id\":\"https:\\\/\\\/stuttgarti-katolikusok.de\\\/index.php\\\/evkozi-24-vasarnap\\\/#breadcrumb\"},\"inLanguage\":\"hu\",\"potentialAction\":[{\"@type\":\"ReadAction\",\"target\":[\"https:\\\/\\\/stuttgarti-katolikusok.de\\\/index.php\\\/evkozi-24-vasarnap\\\/\"]}]},{\"@type\":\"ImageObject\",\"inLanguage\":\"hu\",\"@id\":\"https:\\\/\\\/stuttgarti-katolikusok.de\\\/index.php\\\/evkozi-24-vasarnap\\\/#primaryimage\",\"url\":\"https:\\\/\\\/stuttgarti-katolikusok.de\\\/wp-content\\\/uploads\\\/2020\\\/09\\\/megbocsatas.jpg\",\"contentUrl\":\"https:\\\/\\\/stuttgarti-katolikusok.de\\\/wp-content\\\/uploads\\\/2020\\\/09\\\/megbocsatas.jpg\",\"width\":639,\"height\":379},{\"@type\":\"BreadcrumbList\",\"@id\":\"https:\\\/\\\/stuttgarti-katolikusok.de\\\/index.php\\\/evkozi-24-vasarnap\\\/#breadcrumb\",\"itemListElement\":[{\"@type\":\"ListItem\",\"position\":1,\"name\":\"Kezd\u0151lap\",\"item\":\"https:\\\/\\\/stuttgarti-katolikusok.de\\\/\"},{\"@type\":\"ListItem\",\"position\":2,\"name\":\"\u00c9vk\u00f6zi 24. vas\u00e1rnap\"}]},{\"@type\":\"WebSite\",\"@id\":\"https:\\\/\\\/stuttgarti-katolikusok.de\\\/#website\",\"url\":\"https:\\\/\\\/stuttgarti-katolikusok.de\\\/\",\"name\":\"Stuttgarti Katolikusok\",\"description\":\"\",\"potentialAction\":[{\"@type\":\"SearchAction\",\"target\":{\"@type\":\"EntryPoint\",\"urlTemplate\":\"https:\\\/\\\/stuttgarti-katolikusok.de\\\/?s={search_term_string}\"},\"query-input\":{\"@type\":\"PropertyValueSpecification\",\"valueRequired\":true,\"valueName\":\"search_term_string\"}}],\"inLanguage\":\"hu\"},{\"@type\":\"Person\",\"@id\":\"https:\\\/\\\/stuttgarti-katolikusok.de\\\/#\\\/schema\\\/person\\\/75908d6f8fdc03a57889d27209df7795\",\"name\":\"Tibor atya\",\"image\":{\"@type\":\"ImageObject\",\"inLanguage\":\"hu\",\"@id\":\"https:\\\/\\\/secure.gravatar.com\\\/avatar\\\/61d268e57d1f4525b111222e29d2d5a7f8c420fdbf231ba5566a8ceac74fa960?s=96&d=mm&r=g\",\"url\":\"https:\\\/\\\/secure.gravatar.com\\\/avatar\\\/61d268e57d1f4525b111222e29d2d5a7f8c420fdbf231ba5566a8ceac74fa960?s=96&d=mm&r=g\",\"contentUrl\":\"https:\\\/\\\/secure.gravatar.com\\\/avatar\\\/61d268e57d1f4525b111222e29d2d5a7f8c420fdbf231ba5566a8ceac74fa960?s=96&d=mm&r=g\",\"caption\":\"Tibor atya\"},\"url\":\"https:\\\/\\\/stuttgarti-katolikusok.de\\\/index.php\\\/author\\\/tibor-atya\\\/\"}]}<\/script>\n<!-- \/ Yoast SEO plugin. -->","yoast_head_json":{"title":"\u00c9vk\u00f6zi 24. vas\u00e1rnap - Stuttgarti Katolikusok","robots":{"index":"index","follow":"follow","max-snippet":"max-snippet:-1","max-image-preview":"max-image-preview:large","max-video-preview":"max-video-preview:-1"},"canonical":"https:\/\/stuttgarti-katolikusok.de\/index.php\/evkozi-24-vasarnap\/","og_locale":"hu_HU","og_type":"article","og_title":"\u00c9vk\u00f6zi 24. vas\u00e1rnap - Stuttgarti Katolikusok","og_description":"2020. szeptember 13. &#8211; \u00c9vk\u00f6zi 24. vas\u00e1rnap OLVASM\u00c1NY\u00a0Sir 27, 30 \u2013 28, 7 \u00a0\u00a0\u00a0 A t\u00fcrelem \u00e9s a megbocs\u00e1t\u00e1s gondolata m\u00e1r a r\u00e9gi sz\u00f6vets\u00e9gben is k\u00f6vetelm\u00e9ny volt, legal\u00e1bb n\u00e9p\u00fck keret\u00e9n bel\u00fcl. A megokol\u00e1s az, hogy Isten megk\u00edv\u00e1nja \u00e9s mi magunk is r\u00e1szorulunk az \u0151 irgalm\u00e1ra. M\u00e1rpedig hogyan k\u00e9rhetne valaki megbocs\u00e1t\u00e1st Istent\u0151l, ha \u0151 maga nem tud megbocs\u00e1tani. V\u00e9g\u00fcl gondolni kell arra, hogy egyszer mi magunk is Isten \u00edt\u00e9l\u0151sz\u00e9ke el\u00e9 ker\u00fcl\u00fcnk. OLVASM\u00c1NY Sir\u00e1k fia k\u00f6nyv\u00e9b\u0151l \u00a0\u00a0\u00a0 Bocs\u00e1sd meg a m\u00e1sik embernek, ha v\u00e9tett, im\u00e1dkozz\u00e1l, \u00e9s neked is megbocs\u00e1tj\u00e1k v\u00e9tked. A d\u00fch \u00e9s a harag egyar\u00e1nt ut\u00e1latos, csak az ragaszkodik hozz\u00e1, aki b\u0171n\u00f6s. Aki bossz\u00fat \u00e1ll, azon bossz\u00fat \u00e1ll az \u00dar is, kem\u00e9ny sz\u00e1mad\u00e1st tart vele b\u0171nei\u00e9rt. Bocs\u00e1ss meg a m\u00e1sik embernek, ha v\u00e9tett, im\u00e1dkozz\u00e1l, \u00e9s neked is megbocs\u00e1tj\u00e1k v\u00e9tked. Aki m\u00e1s emberre konokul haragszik, hogy keres Istenn\u00e9l gy\u00f3gyul\u00e1st mag\u00e1nak? Aki nem k\u00f6ny\u00f6r\u00fcl meg embert\u00e1rs\u00e1n, a saj\u00e1t b\u0171nei\u00e9rt hogyan im\u00e1dkozik? J\u00f3llehet \u0151 csak ember, kitart a haragban, \u00e9s ugyanakkor bocs\u00e1natot k\u00e9r Istent\u0151l?! \u2013 h\u00e1t az \u0151 b\u0171nei\u00e9rt ki ad el\u00e9gt\u00e9telt? Gondolja v\u00e9gs\u0151 dolgokra, hagyd a gy\u0171l\u00f6lk\u00f6d\u00e9st, gondolj hal\u00e1lodra, s tartsd meg a parancsokat. Gondolj a t\u00f6rv\u00e9nyre, ne gy\u0171l\u00f6ld embert\u00e1rsadat, gondolj az Istennel k\u00f6t\u00f6tt sz\u00f6vets\u00e9gre, s n\u00e9zd el a s\u00e9rt\u00e9st. Ez az Isten ig\u00e9je. V\u00c1LASZOS ZSOLT\u00c1R\u00a0102, 1-2. 3-4. 9-10. 11-12\u00a0\u00a0\u00a0 11. t\u00f3nus. V\u00e1lasz:\u00a0Irgalmas a mi Urunk, Isten\u00fcnk: * k\u00f6ny\u00f6r\u00fcletre hajlik sz\u00edve.\u00a0V\u00f6. 8a. vers. El\u0151\u00e9nekes:\u00a0\u00c1ldjad, lelkem, az Urat, * eg\u00e9sz bens\u0151m az \u0151 szent nev\u00e9t \u00e1ldj a. \u00c1ldjad, lelkem, az Urat, * \u00e9s ne feledd, hogy hozz\u00e1d milyen j\u00f3 volt. H\u00edvek:\u00a0Irgalmas a mi Urunk, Isten\u00fcnk: * k\u00f6ny\u00f6r\u00fcletre hajlik sz\u00edve. E:\u00a0Megbocs\u00e1tja minden v\u00e9tked, * meggy\u00f3gy\u00edtja minden gyenges\u00e9ged. A pusztul\u00e1st\u00f3l megmenti \u00e9leted, * kegyelm\u00e9ben \u00e9s irgalm\u00e1ban meg is koron\u00e1zza. H:\u00a0Irgalmas a mi Urunk, Isten\u00fcnk: * k\u00f6ny\u00f6r\u00fcletre hajlik sz\u00edve. E:\u00a0Irgalmas \u00e9s kegyes a mi Isten\u00fcnk: * nagy irgalm\u00fa \u00e9s hosszan t\u0171r\u0151. Nem b\u0171neink szerint b\u00e1nik vel\u00fcnk, *... R\u00e9szletek","og_url":"https:\/\/stuttgarti-katolikusok.de\/index.php\/evkozi-24-vasarnap\/","og_site_name":"Stuttgarti Katolikusok","article_published_time":"2020-09-12T11:16:37+00:00","og_image":[{"width":639,"height":379,"url":"https:\/\/stuttgarti-katolikusok.de\/wp-content\/uploads\/2020\/09\/megbocsatas.jpg","type":"image\/jpeg"}],"author":"Tibor atya","twitter_card":"summary_large_image","twitter_misc":{"Szerz\u0151:":"Tibor atya","Becs\u00fclt olvas\u00e1si id\u0151":"9 perc"},"schema":{"@context":"https:\/\/schema.org","@graph":[{"@type":"Article","@id":"https:\/\/stuttgarti-katolikusok.de\/index.php\/evkozi-24-vasarnap\/#article","isPartOf":{"@id":"https:\/\/stuttgarti-katolikusok.de\/index.php\/evkozi-24-vasarnap\/"},"author":{"name":"Tibor atya","@id":"https:\/\/stuttgarti-katolikusok.de\/#\/schema\/person\/75908d6f8fdc03a57889d27209df7795"},"headline":"\u00c9vk\u00f6zi 24. vas\u00e1rnap","datePublished":"2020-09-12T11:16:37+00:00","mainEntityOfPage":{"@id":"https:\/\/stuttgarti-katolikusok.de\/index.php\/evkozi-24-vasarnap\/"},"wordCount":1799,"image":{"@id":"https:\/\/stuttgarti-katolikusok.de\/index.php\/evkozi-24-vasarnap\/#primaryimage"},"thumbnailUrl":"https:\/\/stuttgarti-katolikusok.de\/wp-content\/uploads\/2020\/09\/megbocsatas.jpg","articleSection":["Vas\u00e1rnapi gondolatok"],"inLanguage":"hu"},{"@type":"WebPage","@id":"https:\/\/stuttgarti-katolikusok.de\/index.php\/evkozi-24-vasarnap\/","url":"https:\/\/stuttgarti-katolikusok.de\/index.php\/evkozi-24-vasarnap\/","name":"\u00c9vk\u00f6zi 24. vas\u00e1rnap - Stuttgarti Katolikusok","isPartOf":{"@id":"https:\/\/stuttgarti-katolikusok.de\/#website"},"primaryImageOfPage":{"@id":"https:\/\/stuttgarti-katolikusok.de\/index.php\/evkozi-24-vasarnap\/#primaryimage"},"image":{"@id":"https:\/\/stuttgarti-katolikusok.de\/index.php\/evkozi-24-vasarnap\/#primaryimage"},"thumbnailUrl":"https:\/\/stuttgarti-katolikusok.de\/wp-content\/uploads\/2020\/09\/megbocsatas.jpg","datePublished":"2020-09-12T11:16:37+00:00","author":{"@id":"https:\/\/stuttgarti-katolikusok.de\/#\/schema\/person\/75908d6f8fdc03a57889d27209df7795"},"breadcrumb":{"@id":"https:\/\/stuttgarti-katolikusok.de\/index.php\/evkozi-24-vasarnap\/#breadcrumb"},"inLanguage":"hu","potentialAction":[{"@type":"ReadAction","target":["https:\/\/stuttgarti-katolikusok.de\/index.php\/evkozi-24-vasarnap\/"]}]},{"@type":"ImageObject","inLanguage":"hu","@id":"https:\/\/stuttgarti-katolikusok.de\/index.php\/evkozi-24-vasarnap\/#primaryimage","url":"https:\/\/stuttgarti-katolikusok.de\/wp-content\/uploads\/2020\/09\/megbocsatas.jpg","contentUrl":"https:\/\/stuttgarti-katolikusok.de\/wp-content\/uploads\/2020\/09\/megbocsatas.jpg","width":639,"height":379},{"@type":"BreadcrumbList","@id":"https:\/\/stuttgarti-katolikusok.de\/index.php\/evkozi-24-vasarnap\/#breadcrumb","itemListElement":[{"@type":"ListItem","position":1,"name":"Kezd\u0151lap","item":"https:\/\/stuttgarti-katolikusok.de\/"},{"@type":"ListItem","position":2,"name":"\u00c9vk\u00f6zi 24. vas\u00e1rnap"}]},{"@type":"WebSite","@id":"https:\/\/stuttgarti-katolikusok.de\/#website","url":"https:\/\/stuttgarti-katolikusok.de\/","name":"Stuttgarti Katolikusok","description":"","potentialAction":[{"@type":"SearchAction","target":{"@type":"EntryPoint","urlTemplate":"https:\/\/stuttgarti-katolikusok.de\/?s={search_term_string}"},"query-input":{"@type":"PropertyValueSpecification","valueRequired":true,"valueName":"search_term_string"}}],"inLanguage":"hu"},{"@type":"Person","@id":"https:\/\/stuttgarti-katolikusok.de\/#\/schema\/person\/75908d6f8fdc03a57889d27209df7795","name":"Tibor atya","image":{"@type":"ImageObject","inLanguage":"hu","@id":"https:\/\/secure.gravatar.com\/avatar\/61d268e57d1f4525b111222e29d2d5a7f8c420fdbf231ba5566a8ceac74fa960?s=96&d=mm&r=g","url":"https:\/\/secure.gravatar.com\/avatar\/61d268e57d1f4525b111222e29d2d5a7f8c420fdbf231ba5566a8ceac74fa960?s=96&d=mm&r=g","contentUrl":"https:\/\/secure.gravatar.com\/avatar\/61d268e57d1f4525b111222e29d2d5a7f8c420fdbf231ba5566a8ceac74fa960?s=96&d=mm&r=g","caption":"Tibor atya"},"url":"https:\/\/stuttgarti-katolikusok.de\/index.php\/author\/tibor-atya\/"}]}},"_links":{"self":[{"href":"https:\/\/stuttgarti-katolikusok.de\/index.php\/wp-json\/wp\/v2\/posts\/20067","targetHints":{"allow":["GET"]}}],"collection":[{"href":"https:\/\/stuttgarti-katolikusok.de\/index.php\/wp-json\/wp\/v2\/posts"}],"about":[{"href":"https:\/\/stuttgarti-katolikusok.de\/index.php\/wp-json\/wp\/v2\/types\/post"}],"author":[{"embeddable":true,"href":"https:\/\/stuttgarti-katolikusok.de\/index.php\/wp-json\/wp\/v2\/users\/3"}],"replies":[{"embeddable":true,"href":"https:\/\/stuttgarti-katolikusok.de\/index.php\/wp-json\/wp\/v2\/comments?post=20067"}],"version-history":[{"count":2,"href":"https:\/\/stuttgarti-katolikusok.de\/index.php\/wp-json\/wp\/v2\/posts\/20067\/revisions"}],"predecessor-version":[{"id":20070,"href":"https:\/\/stuttgarti-katolikusok.de\/index.php\/wp-json\/wp\/v2\/posts\/20067\/revisions\/20070"}],"wp:featuredmedia":[{"embeddable":true,"href":"https:\/\/stuttgarti-katolikusok.de\/index.php\/wp-json\/wp\/v2\/media\/20068"}],"wp:attachment":[{"href":"https:\/\/stuttgarti-katolikusok.de\/index.php\/wp-json\/wp\/v2\/media?parent=20067"}],"wp:term":[{"taxonomy":"category","embeddable":true,"href":"https:\/\/stuttgarti-katolikusok.de\/index.php\/wp-json\/wp\/v2\/categories?post=20067"},{"taxonomy":"post_tag","embeddable":true,"href":"https:\/\/stuttgarti-katolikusok.de\/index.php\/wp-json\/wp\/v2\/tags?post=20067"}],"curies":[{"name":"wp","href":"https:\/\/api.w.org\/{rel}","templated":true}]}}