{"id":19946,"date":"2020-09-02T16:09:48","date_gmt":"2020-09-02T16:09:48","guid":{"rendered":"https:\/\/gracious-dewdney.138-201-221-2.plesk.page\/?p=19946"},"modified":"2020-09-02T16:09:48","modified_gmt":"2020-09-02T16:09:48","slug":"szeptember-1-es-6-kozott","status":"publish","type":"post","link":"https:\/\/stuttgarti-katolikusok.de\/index.php\/szeptember-1-es-6-kozott\/","title":{"rendered":"Szeptember 1 \u00e9s 6 k\u00f6z\u00f6tt"},"content":{"rendered":"<p><strong>Programel\u0151zetes<\/strong><\/p>\n<p><span style=\"color: #ff6600;\"><em>A jelenlegi egyh\u00e1zi rendelkez\u00e9sek \u00e9rtelm\u00e9ben a szentmise ut\u00e1ni \u00e1g\u00e1p\u00e9 valamint egy\u00e9b rendezv\u00e9nyek elmaradnak! Csak a szentmis\u00e9ket tarthatjuk meg!<\/em><\/span><\/p>\n<p style=\"text-align: center;\"><a href=\"https:\/\/stuttgarti-katolikusok.de\/wp-content\/uploads\/2020\/09\/osz-e1599062973437.jpeg\"><img loading=\"lazy\" decoding=\"async\" class=\"alignnone size-medium wp-image-19948\" src=\"https:\/\/stuttgarti-katolikusok.de\/wp-content\/uploads\/2020\/09\/osz-e1599062973437-300x225.jpeg\" alt=\"\" width=\"300\" height=\"225\" srcset=\"https:\/\/stuttgarti-katolikusok.de\/wp-content\/uploads\/2020\/09\/osz-e1599062973437-300x225.jpeg 300w, https:\/\/stuttgarti-katolikusok.de\/wp-content\/uploads\/2020\/09\/osz-e1599062973437-1024x768.jpeg 1024w, https:\/\/stuttgarti-katolikusok.de\/wp-content\/uploads\/2020\/09\/osz-e1599062973437-164x124.jpeg 164w, https:\/\/stuttgarti-katolikusok.de\/wp-content\/uploads\/2020\/09\/osz-e1599062973437.jpeg 1600w\" sizes=\"auto, (max-width: 300px) 100vw, 300px\" \/><\/a><\/p>\n<p><strong>Szeptember 3-\u00e1n<\/strong>, cs\u00fct\u00f6rt\u00f6k\u00f6n,<\/p>\n<p><strong>Ulmi d\u00e9lut\u00e1n<\/strong>. 18.00 \u00f3rakor szentmise, el\u0151tte r\u00f3zsaf\u00fcz\u00e9rt im\u00e1dkozunk. Ezt k\u00f6vet\u0151en pedig a jelenl\u00e9v\u0151kkel egy\u00fctt visszatekint\u00fcnk az elm\u00falt h\u00f3napok t\u00f6rt\u00e9n\u00e9seire.<\/p>\n<p style=\"text-align: center;\">*<\/p>\n<p><strong>Szeptember 4-\u00e9n,<\/strong>\u00a0p\u00e9nteken,<\/p>\n<p><strong>Stuttgartban\u00a0<\/strong>18.00 \u00f3rakor\u00a0<em>J\u00e9zus Sz\u00edve \u00e1jtatoss\u00e1g,\u00a0<\/em>majd\u00a0<em>szentmise. <\/em><em>Ezt k\u00f6vet\u0151en pedig a jelenl\u00e9v\u0151kkel egy\u00fctt visszatekint\u00fcnk az elm\u00falt h\u00f3napok t\u00f6rt\u00e9n\u00e9seire.<\/em><\/p>\n<p style=\"text-align: center;\"><em>\u00a0<\/em><em>*<\/em><\/p>\n<p><em>\u00a0<\/em><em><strong>Szeptember 5-\u00e9n<\/strong><\/em><em>, szombaton, <\/em><em><strong>Balingenben <\/strong><\/em><em>17.00 \u00f3rakor szentmise.<\/em><\/p>\n<p style=\"text-align: center;\"><em>\u00a0<\/em><em>*<\/em><\/p>\n<p><em><strong>Szeptember 6-\u00e1n<\/strong><\/em><em>, \u00e9vk\u00f6zi 23. vas\u00e1rnap,<\/em><\/p>\n<p><em><strong>Schw\u00e4bisch-Gm\u00fcndben <\/strong><\/em><em>9.30 \u00f3rakor szentmise,<\/em><\/p>\n<p><em><strong>Stuttgartban <\/strong><\/em><em>15.00 \u00f3rakor szentmise. <\/em><\/p>\n<p style=\"text-align: center;\">*<\/p>\n<p>Minden helyen mindenkit szeretettel v\u00e1r a k\u00f6z\u00f6ss\u00e9g \u00e9s Tibor atya!<\/p>\n<p style=\"text-align: center;\">*<\/p>\n<ol>\n<li><span style=\"color: #ff0000;\">\u00d3, alkot\u00f3 L\u00e9lek, j\u00f6vel, <\/span><br \/>\n<span style=\"color: #ff0000;\">\u00e9s sz\u00edv\u00fcnk, lelk\u00fcnk t\u00f6ltsed el!<\/span><br \/>\n<span style=\"color: #ff0000;\">Te alkot\u00e1d a sz\u00edveket,<\/span><br \/>\n<span style=\"color: #ff0000;\">hozd nekik b\u0151 kegyelmedet!<\/span><\/li>\n<li><span style=\"color: #ff0000;\">Kit \u00fagy h\u00edvunk, V\u00edgasztal\u00f3,<\/span><br \/>\n<span style=\"color: #ff0000;\">kit \u00e1d nek\u00fcnk az Alkot\u00f3,<\/span><br \/>\n<span style=\"color: #ff0000;\">te, \u00e9l\u0151 forr\u00e1s, \u00e9gi l\u00e1ng,<\/span><br \/>\n<span style=\"color: #ff0000;\">szent kenet, \u00e9gb\u0151l sz\u00e1llj le r\u00e1nk!<\/span><\/li>\n<li><span style=\"color: #ff0000;\">Te, h\u00e9t aj\u00e1ndok k\u00fatfeje,<\/span><br \/>\n<span style=\"color: #ff0000;\">Aty\u00e1nk kegyelmes jobb keze,<\/span><br \/>\n<span style=\"color: #ff0000;\">az \u00dar er\u0151s \u00edg\u00e9rete,<\/span><br \/>\n<span style=\"color: #ff0000;\">sugalmas ajkak ihlete.<\/span><\/li>\n<li><span style=\"color: #ff0000;\">Gy\u00fajtsd meg szem\u00fcnknek f\u00e9nyedet,<\/span><br \/>\n<span style=\"color: #ff0000;\">\u00e9s sz\u00e1llj sz\u00edv\u00fcnkbe, Szeretet!<\/span><br \/>\n<span style=\"color: #ff0000;\">Ha test\u00fcnk gyarl\u00f3, s lankadunk,<\/span><br \/>\n<span style=\"color: #ff0000;\">l\u00e9gy mindig \u00e9ber gy\u00e1molunk!<\/span><\/li>\n<li><span style=\"color: #ff0000;\">\u0170zd messze t\u0151l\u00fcnk ellen\u00fcnk,<\/span><br \/>\n<span style=\"color: #ff0000;\">Szent b\u00e9kess\u00e9ged add nek\u00fcnk!<\/span><br \/>\n<span style=\"color: #ff0000;\">Te j\u00e1rj, Vez\u00e9r, utunk el\u0151tt,<\/span><br \/>\n<span style=\"color: #ff0000;\">vesz\u00e9lyt\u0151l v\u00e9djen szent er\u0151d!<\/span><\/li>\n<li><span style=\"color: #ff0000;\">Add, ismerj\u00fck meg az Aty\u00e1t<\/span><br \/>\n<span style=\"color: #ff0000;\">te\u00e1ltalad, \u00e9s egy Fi\u00e1t,<\/span><br \/>\n<span style=\"color: #ff0000;\">\u00e9s kettej\u00fcknek Lelke, te,<\/span><br \/>\n<span style=\"color: #ff0000;\">\u00f6r\u00f6kre l\u00e9gy lelk\u00fcnk hite!<\/span><\/li>\n<li><span style=\"color: #ff0000;\">Az Istent \u00e1ldjuk, j\u00f3 Aty\u00e1t,<\/span><br \/>\n<span style=\"color: #ff0000;\">s ki felkelt s\u00edrb\u00f3l, szent Fi\u00e1t,<\/span><br \/>\n<span style=\"color: #ff0000;\">s a Lelket, sz\u00edv\u00fcnk vigasz\u00e1t,<\/span><br \/>\n<span style=\"color: #ff0000;\">most \u00e9s \u00f6r\u00f6k id\u0151k\u00f6n \u00e1t!<\/span><\/li>\n<\/ol>\n<p>&nbsp;<\/p>\n","protected":false},"excerpt":{"rendered":"<p>Programel\u0151zetes A jelenlegi egyh\u00e1zi rendelkez\u00e9sek \u00e9rtelm\u00e9ben a szentmise ut\u00e1ni \u00e1g\u00e1p\u00e9 valamint egy\u00e9b rendezv\u00e9nyek elmaradnak! Csak a szentmis\u00e9ket tarthatjuk meg! Szeptember 3-\u00e1n, cs\u00fct\u00f6rt\u00f6k\u00f6n, Ulmi d\u00e9lut\u00e1n. 18.00 \u00f3rakor szentmise, el\u0151tte r\u00f3zsaf\u00fcz\u00e9rt im\u00e1dkozunk. Ezt k\u00f6vet\u0151en pedig a jelenl\u00e9v\u0151kkel egy\u00fctt visszatekint\u00fcnk az elm\u00falt h\u00f3napok t\u00f6rt\u00e9n\u00e9seire. * Szeptember 4-\u00e9n,\u00a0p\u00e9nteken, Stuttgartban\u00a018.00 \u00f3rakor\u00a0J\u00e9zus Sz\u00edve \u00e1jtatoss\u00e1g,\u00a0majd\u00a0szentmise. Ezt k\u00f6vet\u0151en pedig a jelenl\u00e9v\u0151kkel egy\u00fctt visszatekint\u00fcnk az elm\u00falt h\u00f3napok t\u00f6rt\u00e9n\u00e9seire. \u00a0* \u00a0Szeptember 5-\u00e9n, szombaton, Balingenben 17.00 \u00f3rakor szentmise. \u00a0* Szeptember 6-\u00e1n, \u00e9vk\u00f6zi 23. vas\u00e1rnap, Schw\u00e4bisch-Gm\u00fcndben 9.30 \u00f3rakor szentmise, Stuttgartban 15.00 \u00f3rakor szentmise. * Minden helyen mindenkit szeretettel v\u00e1r a k\u00f6z\u00f6ss\u00e9g \u00e9s Tibor atya! * \u00d3, alkot\u00f3 L\u00e9lek, j\u00f6vel, \u00e9s sz\u00edv\u00fcnk, lelk\u00fcnk t\u00f6ltsed el! Te alkot\u00e1d a sz\u00edveket, hozd nekik b\u0151 kegyelmedet! Kit \u00fagy h\u00edvunk, V\u00edgasztal\u00f3, kit \u00e1d nek\u00fcnk az Alkot\u00f3, te, \u00e9l\u0151 forr\u00e1s, \u00e9gi l\u00e1ng, szent kenet, \u00e9gb\u0151l sz\u00e1llj le r\u00e1nk! Te, h\u00e9t aj\u00e1ndok k\u00fatfeje, Aty\u00e1nk kegyelmes jobb keze, az \u00dar er\u0151s \u00edg\u00e9rete, sugalmas ajkak ihlete. Gy\u00fajtsd meg szem\u00fcnknek f\u00e9nyedet, \u00e9s sz\u00e1llj sz\u00edv\u00fcnkbe, Szeretet! Ha test\u00fcnk gyarl\u00f3, s lankadunk, l\u00e9gy mindig \u00e9ber gy\u00e1molunk! \u0170zd messze t\u0151l\u00fcnk ellen\u00fcnk, Szent b\u00e9kess\u00e9ged add nek\u00fcnk! Te j\u00e1rj, Vez\u00e9r, utunk el\u0151tt, vesz\u00e9lyt\u0151l v\u00e9djen szent er\u0151d! Add, ismerj\u00fck meg az Aty\u00e1t te\u00e1ltalad, \u00e9s egy Fi\u00e1t, \u00e9s kettej\u00fcknek Lelke, te, \u00f6r\u00f6kre l\u00e9gy lelk\u00fcnk hite! Az Istent \u00e1ldjuk, j\u00f3 Aty\u00e1t, s ki felkelt s\u00edrb\u00f3l, szent Fi\u00e1t, s a Lelket, sz\u00edv\u00fcnk vigasz\u00e1t, most \u00e9s \u00f6r\u00f6k id\u0151k\u00f6n \u00e1t! &nbsp;<\/p>\n","protected":false},"author":3,"featured_media":19947,"comment_status":"closed","ping_status":"closed","sticky":false,"template":"","format":"standard","meta":{"footnotes":""},"categories":[37],"tags":[],"class_list":["post-19946","post","type-post","status-publish","format-standard","has-post-thumbnail","hentry","category-progamelozetes"],"yoast_head":"<!-- This site is optimized with the Yoast SEO plugin v27.3 - https:\/\/yoast.com\/product\/yoast-seo-wordpress\/ -->\n<title>Szeptember 1 \u00e9s 6 k\u00f6z\u00f6tt - Stuttgarti Katolikusok<\/title>\n<meta name=\"robots\" content=\"index, follow, max-snippet:-1, max-image-preview:large, max-video-preview:-1\" \/>\n<link rel=\"canonical\" href=\"https:\/\/stuttgarti-katolikusok.de\/index.php\/szeptember-1-es-6-kozott\/\" \/>\n<meta property=\"og:locale\" content=\"hu_HU\" \/>\n<meta property=\"og:type\" content=\"article\" \/>\n<meta property=\"og:title\" content=\"Szeptember 1 \u00e9s 6 k\u00f6z\u00f6tt - Stuttgarti Katolikusok\" \/>\n<meta property=\"og:description\" content=\"Programel\u0151zetes A jelenlegi egyh\u00e1zi rendelkez\u00e9sek \u00e9rtelm\u00e9ben a szentmise ut\u00e1ni \u00e1g\u00e1p\u00e9 valamint egy\u00e9b rendezv\u00e9nyek elmaradnak! Csak a szentmis\u00e9ket tarthatjuk meg! Szeptember 3-\u00e1n, cs\u00fct\u00f6rt\u00f6k\u00f6n, Ulmi d\u00e9lut\u00e1n. 18.00 \u00f3rakor szentmise, el\u0151tte r\u00f3zsaf\u00fcz\u00e9rt im\u00e1dkozunk. Ezt k\u00f6vet\u0151en pedig a jelenl\u00e9v\u0151kkel egy\u00fctt visszatekint\u00fcnk az elm\u00falt h\u00f3napok t\u00f6rt\u00e9n\u00e9seire. * Szeptember 4-\u00e9n,\u00a0p\u00e9nteken, Stuttgartban\u00a018.00 \u00f3rakor\u00a0J\u00e9zus Sz\u00edve \u00e1jtatoss\u00e1g,\u00a0majd\u00a0szentmise. Ezt k\u00f6vet\u0151en pedig a jelenl\u00e9v\u0151kkel egy\u00fctt visszatekint\u00fcnk az elm\u00falt h\u00f3napok t\u00f6rt\u00e9n\u00e9seire. \u00a0* \u00a0Szeptember 5-\u00e9n, szombaton, Balingenben 17.00 \u00f3rakor szentmise. \u00a0* Szeptember 6-\u00e1n, \u00e9vk\u00f6zi 23. vas\u00e1rnap, Schw\u00e4bisch-Gm\u00fcndben 9.30 \u00f3rakor szentmise, Stuttgartban 15.00 \u00f3rakor szentmise. * Minden helyen mindenkit szeretettel v\u00e1r a k\u00f6z\u00f6ss\u00e9g \u00e9s Tibor atya! * \u00d3, alkot\u00f3 L\u00e9lek, j\u00f6vel, \u00e9s sz\u00edv\u00fcnk, lelk\u00fcnk t\u00f6ltsed el! Te alkot\u00e1d a sz\u00edveket, hozd nekik b\u0151 kegyelmedet! Kit \u00fagy h\u00edvunk, V\u00edgasztal\u00f3, kit \u00e1d nek\u00fcnk az Alkot\u00f3, te, \u00e9l\u0151 forr\u00e1s, \u00e9gi l\u00e1ng, szent kenet, \u00e9gb\u0151l sz\u00e1llj le r\u00e1nk! Te, h\u00e9t aj\u00e1ndok k\u00fatfeje, Aty\u00e1nk kegyelmes jobb keze, az \u00dar er\u0151s \u00edg\u00e9rete, sugalmas ajkak ihlete. Gy\u00fajtsd meg szem\u00fcnknek f\u00e9nyedet, \u00e9s sz\u00e1llj sz\u00edv\u00fcnkbe, Szeretet! Ha test\u00fcnk gyarl\u00f3, s lankadunk, l\u00e9gy mindig \u00e9ber gy\u00e1molunk! \u0170zd messze t\u0151l\u00fcnk ellen\u00fcnk, Szent b\u00e9kess\u00e9ged add nek\u00fcnk! Te j\u00e1rj, Vez\u00e9r, utunk el\u0151tt, vesz\u00e9lyt\u0151l v\u00e9djen szent er\u0151d! Add, ismerj\u00fck meg az Aty\u00e1t te\u00e1ltalad, \u00e9s egy Fi\u00e1t, \u00e9s kettej\u00fcknek Lelke, te, \u00f6r\u00f6kre l\u00e9gy lelk\u00fcnk hite! Az Istent \u00e1ldjuk, j\u00f3 Aty\u00e1t, s ki felkelt s\u00edrb\u00f3l, szent Fi\u00e1t, s a Lelket, sz\u00edv\u00fcnk vigasz\u00e1t, most \u00e9s \u00f6r\u00f6k id\u0151k\u00f6n \u00e1t! &nbsp;\" \/>\n<meta property=\"og:url\" content=\"https:\/\/stuttgarti-katolikusok.de\/index.php\/szeptember-1-es-6-kozott\/\" \/>\n<meta property=\"og:site_name\" content=\"Stuttgarti Katolikusok\" \/>\n<meta property=\"article:published_time\" content=\"2020-09-02T16:09:48+00:00\" \/>\n<meta property=\"og:image\" content=\"https:\/\/stuttgarti-katolikusok.de\/wp-content\/uploads\/2020\/09\/szentlelek.jpg\" \/>\n\t<meta property=\"og:image:width\" content=\"1205\" \/>\n\t<meta property=\"og:image:height\" content=\"904\" \/>\n\t<meta property=\"og:image:type\" content=\"image\/jpeg\" \/>\n<meta name=\"author\" content=\"Tibor atya\" \/>\n<meta name=\"twitter:card\" content=\"summary_large_image\" \/>\n<meta name=\"twitter:label1\" content=\"Szerz\u0151:\" \/>\n\t<meta name=\"twitter:data1\" content=\"Tibor atya\" \/>\n\t<meta name=\"twitter:label2\" content=\"Becs\u00fclt olvas\u00e1si id\u0151\" \/>\n\t<meta name=\"twitter:data2\" content=\"2 perc\" \/>\n<script type=\"application\/ld+json\" class=\"yoast-schema-graph\">{\"@context\":\"https:\\\/\\\/schema.org\",\"@graph\":[{\"@type\":\"Article\",\"@id\":\"https:\\\/\\\/stuttgarti-katolikusok.de\\\/index.php\\\/szeptember-1-es-6-kozott\\\/#article\",\"isPartOf\":{\"@id\":\"https:\\\/\\\/stuttgarti-katolikusok.de\\\/index.php\\\/szeptember-1-es-6-kozott\\\/\"},\"author\":{\"name\":\"Tibor atya\",\"@id\":\"https:\\\/\\\/stuttgarti-katolikusok.de\\\/#\\\/schema\\\/person\\\/75908d6f8fdc03a57889d27209df7795\"},\"headline\":\"Szeptember 1 \u00e9s 6 k\u00f6z\u00f6tt\",\"datePublished\":\"2020-09-02T16:09:48+00:00\",\"mainEntityOfPage\":{\"@id\":\"https:\\\/\\\/stuttgarti-katolikusok.de\\\/index.php\\\/szeptember-1-es-6-kozott\\\/\"},\"wordCount\":336,\"image\":{\"@id\":\"https:\\\/\\\/stuttgarti-katolikusok.de\\\/index.php\\\/szeptember-1-es-6-kozott\\\/#primaryimage\"},\"thumbnailUrl\":\"https:\\\/\\\/stuttgarti-katolikusok.de\\\/wp-content\\\/uploads\\\/2020\\\/09\\\/szentlelek.jpg\",\"articleSection\":[\"Progamel\u0151zetes\"],\"inLanguage\":\"hu\"},{\"@type\":\"WebPage\",\"@id\":\"https:\\\/\\\/stuttgarti-katolikusok.de\\\/index.php\\\/szeptember-1-es-6-kozott\\\/\",\"url\":\"https:\\\/\\\/stuttgarti-katolikusok.de\\\/index.php\\\/szeptember-1-es-6-kozott\\\/\",\"name\":\"Szeptember 1 \u00e9s 6 k\u00f6z\u00f6tt - Stuttgarti Katolikusok\",\"isPartOf\":{\"@id\":\"https:\\\/\\\/stuttgarti-katolikusok.de\\\/#website\"},\"primaryImageOfPage\":{\"@id\":\"https:\\\/\\\/stuttgarti-katolikusok.de\\\/index.php\\\/szeptember-1-es-6-kozott\\\/#primaryimage\"},\"image\":{\"@id\":\"https:\\\/\\\/stuttgarti-katolikusok.de\\\/index.php\\\/szeptember-1-es-6-kozott\\\/#primaryimage\"},\"thumbnailUrl\":\"https:\\\/\\\/stuttgarti-katolikusok.de\\\/wp-content\\\/uploads\\\/2020\\\/09\\\/szentlelek.jpg\",\"datePublished\":\"2020-09-02T16:09:48+00:00\",\"author\":{\"@id\":\"https:\\\/\\\/stuttgarti-katolikusok.de\\\/#\\\/schema\\\/person\\\/75908d6f8fdc03a57889d27209df7795\"},\"breadcrumb\":{\"@id\":\"https:\\\/\\\/stuttgarti-katolikusok.de\\\/index.php\\\/szeptember-1-es-6-kozott\\\/#breadcrumb\"},\"inLanguage\":\"hu\",\"potentialAction\":[{\"@type\":\"ReadAction\",\"target\":[\"https:\\\/\\\/stuttgarti-katolikusok.de\\\/index.php\\\/szeptember-1-es-6-kozott\\\/\"]}]},{\"@type\":\"ImageObject\",\"inLanguage\":\"hu\",\"@id\":\"https:\\\/\\\/stuttgarti-katolikusok.de\\\/index.php\\\/szeptember-1-es-6-kozott\\\/#primaryimage\",\"url\":\"https:\\\/\\\/stuttgarti-katolikusok.de\\\/wp-content\\\/uploads\\\/2020\\\/09\\\/szentlelek.jpg\",\"contentUrl\":\"https:\\\/\\\/stuttgarti-katolikusok.de\\\/wp-content\\\/uploads\\\/2020\\\/09\\\/szentlelek.jpg\",\"width\":1205,\"height\":904},{\"@type\":\"BreadcrumbList\",\"@id\":\"https:\\\/\\\/stuttgarti-katolikusok.de\\\/index.php\\\/szeptember-1-es-6-kozott\\\/#breadcrumb\",\"itemListElement\":[{\"@type\":\"ListItem\",\"position\":1,\"name\":\"Kezd\u0151lap\",\"item\":\"https:\\\/\\\/stuttgarti-katolikusok.de\\\/\"},{\"@type\":\"ListItem\",\"position\":2,\"name\":\"Szeptember 1 \u00e9s 6 k\u00f6z\u00f6tt\"}]},{\"@type\":\"WebSite\",\"@id\":\"https:\\\/\\\/stuttgarti-katolikusok.de\\\/#website\",\"url\":\"https:\\\/\\\/stuttgarti-katolikusok.de\\\/\",\"name\":\"Stuttgarti Katolikusok\",\"description\":\"\",\"potentialAction\":[{\"@type\":\"SearchAction\",\"target\":{\"@type\":\"EntryPoint\",\"urlTemplate\":\"https:\\\/\\\/stuttgarti-katolikusok.de\\\/?s={search_term_string}\"},\"query-input\":{\"@type\":\"PropertyValueSpecification\",\"valueRequired\":true,\"valueName\":\"search_term_string\"}}],\"inLanguage\":\"hu\"},{\"@type\":\"Person\",\"@id\":\"https:\\\/\\\/stuttgarti-katolikusok.de\\\/#\\\/schema\\\/person\\\/75908d6f8fdc03a57889d27209df7795\",\"name\":\"Tibor atya\",\"image\":{\"@type\":\"ImageObject\",\"inLanguage\":\"hu\",\"@id\":\"https:\\\/\\\/secure.gravatar.com\\\/avatar\\\/61d268e57d1f4525b111222e29d2d5a7f8c420fdbf231ba5566a8ceac74fa960?s=96&d=mm&r=g\",\"url\":\"https:\\\/\\\/secure.gravatar.com\\\/avatar\\\/61d268e57d1f4525b111222e29d2d5a7f8c420fdbf231ba5566a8ceac74fa960?s=96&d=mm&r=g\",\"contentUrl\":\"https:\\\/\\\/secure.gravatar.com\\\/avatar\\\/61d268e57d1f4525b111222e29d2d5a7f8c420fdbf231ba5566a8ceac74fa960?s=96&d=mm&r=g\",\"caption\":\"Tibor atya\"},\"url\":\"https:\\\/\\\/stuttgarti-katolikusok.de\\\/index.php\\\/author\\\/tibor-atya\\\/\"}]}<\/script>\n<!-- \/ Yoast SEO plugin. -->","yoast_head_json":{"title":"Szeptember 1 \u00e9s 6 k\u00f6z\u00f6tt - Stuttgarti Katolikusok","robots":{"index":"index","follow":"follow","max-snippet":"max-snippet:-1","max-image-preview":"max-image-preview:large","max-video-preview":"max-video-preview:-1"},"canonical":"https:\/\/stuttgarti-katolikusok.de\/index.php\/szeptember-1-es-6-kozott\/","og_locale":"hu_HU","og_type":"article","og_title":"Szeptember 1 \u00e9s 6 k\u00f6z\u00f6tt - Stuttgarti Katolikusok","og_description":"Programel\u0151zetes A jelenlegi egyh\u00e1zi rendelkez\u00e9sek \u00e9rtelm\u00e9ben a szentmise ut\u00e1ni \u00e1g\u00e1p\u00e9 valamint egy\u00e9b rendezv\u00e9nyek elmaradnak! Csak a szentmis\u00e9ket tarthatjuk meg! Szeptember 3-\u00e1n, cs\u00fct\u00f6rt\u00f6k\u00f6n, Ulmi d\u00e9lut\u00e1n. 18.00 \u00f3rakor szentmise, el\u0151tte r\u00f3zsaf\u00fcz\u00e9rt im\u00e1dkozunk. Ezt k\u00f6vet\u0151en pedig a jelenl\u00e9v\u0151kkel egy\u00fctt visszatekint\u00fcnk az elm\u00falt h\u00f3napok t\u00f6rt\u00e9n\u00e9seire. * Szeptember 4-\u00e9n,\u00a0p\u00e9nteken, Stuttgartban\u00a018.00 \u00f3rakor\u00a0J\u00e9zus Sz\u00edve \u00e1jtatoss\u00e1g,\u00a0majd\u00a0szentmise. Ezt k\u00f6vet\u0151en pedig a jelenl\u00e9v\u0151kkel egy\u00fctt visszatekint\u00fcnk az elm\u00falt h\u00f3napok t\u00f6rt\u00e9n\u00e9seire. \u00a0* \u00a0Szeptember 5-\u00e9n, szombaton, Balingenben 17.00 \u00f3rakor szentmise. \u00a0* Szeptember 6-\u00e1n, \u00e9vk\u00f6zi 23. vas\u00e1rnap, Schw\u00e4bisch-Gm\u00fcndben 9.30 \u00f3rakor szentmise, Stuttgartban 15.00 \u00f3rakor szentmise. * Minden helyen mindenkit szeretettel v\u00e1r a k\u00f6z\u00f6ss\u00e9g \u00e9s Tibor atya! * \u00d3, alkot\u00f3 L\u00e9lek, j\u00f6vel, \u00e9s sz\u00edv\u00fcnk, lelk\u00fcnk t\u00f6ltsed el! Te alkot\u00e1d a sz\u00edveket, hozd nekik b\u0151 kegyelmedet! Kit \u00fagy h\u00edvunk, V\u00edgasztal\u00f3, kit \u00e1d nek\u00fcnk az Alkot\u00f3, te, \u00e9l\u0151 forr\u00e1s, \u00e9gi l\u00e1ng, szent kenet, \u00e9gb\u0151l sz\u00e1llj le r\u00e1nk! Te, h\u00e9t aj\u00e1ndok k\u00fatfeje, Aty\u00e1nk kegyelmes jobb keze, az \u00dar er\u0151s \u00edg\u00e9rete, sugalmas ajkak ihlete. Gy\u00fajtsd meg szem\u00fcnknek f\u00e9nyedet, \u00e9s sz\u00e1llj sz\u00edv\u00fcnkbe, Szeretet! Ha test\u00fcnk gyarl\u00f3, s lankadunk, l\u00e9gy mindig \u00e9ber gy\u00e1molunk! \u0170zd messze t\u0151l\u00fcnk ellen\u00fcnk, Szent b\u00e9kess\u00e9ged add nek\u00fcnk! Te j\u00e1rj, Vez\u00e9r, utunk el\u0151tt, vesz\u00e9lyt\u0151l v\u00e9djen szent er\u0151d! Add, ismerj\u00fck meg az Aty\u00e1t te\u00e1ltalad, \u00e9s egy Fi\u00e1t, \u00e9s kettej\u00fcknek Lelke, te, \u00f6r\u00f6kre l\u00e9gy lelk\u00fcnk hite! Az Istent \u00e1ldjuk, j\u00f3 Aty\u00e1t, s ki felkelt s\u00edrb\u00f3l, szent Fi\u00e1t, s a Lelket, sz\u00edv\u00fcnk vigasz\u00e1t, most \u00e9s \u00f6r\u00f6k id\u0151k\u00f6n \u00e1t! &nbsp;","og_url":"https:\/\/stuttgarti-katolikusok.de\/index.php\/szeptember-1-es-6-kozott\/","og_site_name":"Stuttgarti Katolikusok","article_published_time":"2020-09-02T16:09:48+00:00","og_image":[{"width":1205,"height":904,"url":"https:\/\/stuttgarti-katolikusok.de\/wp-content\/uploads\/2020\/09\/szentlelek.jpg","type":"image\/jpeg"}],"author":"Tibor atya","twitter_card":"summary_large_image","twitter_misc":{"Szerz\u0151:":"Tibor atya","Becs\u00fclt olvas\u00e1si id\u0151":"2 perc"},"schema":{"@context":"https:\/\/schema.org","@graph":[{"@type":"Article","@id":"https:\/\/stuttgarti-katolikusok.de\/index.php\/szeptember-1-es-6-kozott\/#article","isPartOf":{"@id":"https:\/\/stuttgarti-katolikusok.de\/index.php\/szeptember-1-es-6-kozott\/"},"author":{"name":"Tibor atya","@id":"https:\/\/stuttgarti-katolikusok.de\/#\/schema\/person\/75908d6f8fdc03a57889d27209df7795"},"headline":"Szeptember 1 \u00e9s 6 k\u00f6z\u00f6tt","datePublished":"2020-09-02T16:09:48+00:00","mainEntityOfPage":{"@id":"https:\/\/stuttgarti-katolikusok.de\/index.php\/szeptember-1-es-6-kozott\/"},"wordCount":336,"image":{"@id":"https:\/\/stuttgarti-katolikusok.de\/index.php\/szeptember-1-es-6-kozott\/#primaryimage"},"thumbnailUrl":"https:\/\/stuttgarti-katolikusok.de\/wp-content\/uploads\/2020\/09\/szentlelek.jpg","articleSection":["Progamel\u0151zetes"],"inLanguage":"hu"},{"@type":"WebPage","@id":"https:\/\/stuttgarti-katolikusok.de\/index.php\/szeptember-1-es-6-kozott\/","url":"https:\/\/stuttgarti-katolikusok.de\/index.php\/szeptember-1-es-6-kozott\/","name":"Szeptember 1 \u00e9s 6 k\u00f6z\u00f6tt - Stuttgarti Katolikusok","isPartOf":{"@id":"https:\/\/stuttgarti-katolikusok.de\/#website"},"primaryImageOfPage":{"@id":"https:\/\/stuttgarti-katolikusok.de\/index.php\/szeptember-1-es-6-kozott\/#primaryimage"},"image":{"@id":"https:\/\/stuttgarti-katolikusok.de\/index.php\/szeptember-1-es-6-kozott\/#primaryimage"},"thumbnailUrl":"https:\/\/stuttgarti-katolikusok.de\/wp-content\/uploads\/2020\/09\/szentlelek.jpg","datePublished":"2020-09-02T16:09:48+00:00","author":{"@id":"https:\/\/stuttgarti-katolikusok.de\/#\/schema\/person\/75908d6f8fdc03a57889d27209df7795"},"breadcrumb":{"@id":"https:\/\/stuttgarti-katolikusok.de\/index.php\/szeptember-1-es-6-kozott\/#breadcrumb"},"inLanguage":"hu","potentialAction":[{"@type":"ReadAction","target":["https:\/\/stuttgarti-katolikusok.de\/index.php\/szeptember-1-es-6-kozott\/"]}]},{"@type":"ImageObject","inLanguage":"hu","@id":"https:\/\/stuttgarti-katolikusok.de\/index.php\/szeptember-1-es-6-kozott\/#primaryimage","url":"https:\/\/stuttgarti-katolikusok.de\/wp-content\/uploads\/2020\/09\/szentlelek.jpg","contentUrl":"https:\/\/stuttgarti-katolikusok.de\/wp-content\/uploads\/2020\/09\/szentlelek.jpg","width":1205,"height":904},{"@type":"BreadcrumbList","@id":"https:\/\/stuttgarti-katolikusok.de\/index.php\/szeptember-1-es-6-kozott\/#breadcrumb","itemListElement":[{"@type":"ListItem","position":1,"name":"Kezd\u0151lap","item":"https:\/\/stuttgarti-katolikusok.de\/"},{"@type":"ListItem","position":2,"name":"Szeptember 1 \u00e9s 6 k\u00f6z\u00f6tt"}]},{"@type":"WebSite","@id":"https:\/\/stuttgarti-katolikusok.de\/#website","url":"https:\/\/stuttgarti-katolikusok.de\/","name":"Stuttgarti Katolikusok","description":"","potentialAction":[{"@type":"SearchAction","target":{"@type":"EntryPoint","urlTemplate":"https:\/\/stuttgarti-katolikusok.de\/?s={search_term_string}"},"query-input":{"@type":"PropertyValueSpecification","valueRequired":true,"valueName":"search_term_string"}}],"inLanguage":"hu"},{"@type":"Person","@id":"https:\/\/stuttgarti-katolikusok.de\/#\/schema\/person\/75908d6f8fdc03a57889d27209df7795","name":"Tibor atya","image":{"@type":"ImageObject","inLanguage":"hu","@id":"https:\/\/secure.gravatar.com\/avatar\/61d268e57d1f4525b111222e29d2d5a7f8c420fdbf231ba5566a8ceac74fa960?s=96&d=mm&r=g","url":"https:\/\/secure.gravatar.com\/avatar\/61d268e57d1f4525b111222e29d2d5a7f8c420fdbf231ba5566a8ceac74fa960?s=96&d=mm&r=g","contentUrl":"https:\/\/secure.gravatar.com\/avatar\/61d268e57d1f4525b111222e29d2d5a7f8c420fdbf231ba5566a8ceac74fa960?s=96&d=mm&r=g","caption":"Tibor atya"},"url":"https:\/\/stuttgarti-katolikusok.de\/index.php\/author\/tibor-atya\/"}]}},"_links":{"self":[{"href":"https:\/\/stuttgarti-katolikusok.de\/index.php\/wp-json\/wp\/v2\/posts\/19946","targetHints":{"allow":["GET"]}}],"collection":[{"href":"https:\/\/stuttgarti-katolikusok.de\/index.php\/wp-json\/wp\/v2\/posts"}],"about":[{"href":"https:\/\/stuttgarti-katolikusok.de\/index.php\/wp-json\/wp\/v2\/types\/post"}],"author":[{"embeddable":true,"href":"https:\/\/stuttgarti-katolikusok.de\/index.php\/wp-json\/wp\/v2\/users\/3"}],"replies":[{"embeddable":true,"href":"https:\/\/stuttgarti-katolikusok.de\/index.php\/wp-json\/wp\/v2\/comments?post=19946"}],"version-history":[{"count":2,"href":"https:\/\/stuttgarti-katolikusok.de\/index.php\/wp-json\/wp\/v2\/posts\/19946\/revisions"}],"predecessor-version":[{"id":19970,"href":"https:\/\/stuttgarti-katolikusok.de\/index.php\/wp-json\/wp\/v2\/posts\/19946\/revisions\/19970"}],"wp:featuredmedia":[{"embeddable":true,"href":"https:\/\/stuttgarti-katolikusok.de\/index.php\/wp-json\/wp\/v2\/media\/19947"}],"wp:attachment":[{"href":"https:\/\/stuttgarti-katolikusok.de\/index.php\/wp-json\/wp\/v2\/media?parent=19946"}],"wp:term":[{"taxonomy":"category","embeddable":true,"href":"https:\/\/stuttgarti-katolikusok.de\/index.php\/wp-json\/wp\/v2\/categories?post=19946"},{"taxonomy":"post_tag","embeddable":true,"href":"https:\/\/stuttgarti-katolikusok.de\/index.php\/wp-json\/wp\/v2\/tags?post=19946"}],"curies":[{"name":"wp","href":"https:\/\/api.w.org\/{rel}","templated":true}]}}