{"id":19927,"date":"2020-07-14T13:42:24","date_gmt":"2020-07-14T13:42:24","guid":{"rendered":"https:\/\/gracious-dewdney.138-201-221-2.plesk.page\/?p=19927"},"modified":"2020-07-14T13:49:50","modified_gmt":"2020-07-14T13:49:50","slug":"dr-horvath-diana-kincseket-talalni","status":"publish","type":"post","link":"https:\/\/stuttgarti-katolikusok.de\/index.php\/dr-horvath-diana-kincseket-talalni\/","title":{"rendered":"Dr. Horv\u00e1th Diana: Kincseket tal\u00e1lni"},"content":{"rendered":"<p><strong>Kincseket tal\u00e1lni&#8230;<\/strong><\/p>\n<p>\u00dcres utc\u00e1k, gy\u00e1rak, c\u00e9gek, iskol\u00e1k, boltok, sz\u00ednh\u00e1zak, s\u0151t m\u00e9g a templomok is z\u00e1rva\u2026 Ha valaki \u00edgy kezdene egy filmet, az a sci-fi kateg\u00f3ri\u00e1ban kasszasiker lenne.<\/p>\n<p>M\u00e1rpedig ez nem film, hanem m\u00e1rcius k\u00f6zepe \u00f3ta majdnem \u00e1lland\u00f3an \u00e9s vil\u00e1gszerte val\u00f3s\u00e1gg\u00e1 v\u00e1lt. Be kellett z\u00e1rk\u00f3znunk! Ker\u00fcln\u00fcnk kellett az egym\u00e1ssal val\u00f3 tal\u00e1lkoz\u00e1st! M\u00e9g a h\u00fasv\u00e9ti \u00fcnnepeket sem tudtuk k\u00f6z\u00f6ss\u00e9gben \u00fcnnepelni, ami m\u00e9g soha nem fordult el\u0151 a kereszt\u00e9nys\u00e9g t\u00f6rt\u00e9nelm\u00e9ben. Nem is besz\u00e9lve arr\u00f3l, ami minket, stuttgarti h\u00edveket ugyanolyan keser\u0171en \u00e9rintett: a megszokott \u00e9ves nagyzar\u00e1ndoklatunk &#8211; id\u00e9n Compostel\u00e1ba ment\u00fcnk volna &#8211; elmaradt&#8230;<\/p>\n<p>\u201eDe ahol egy ajt\u00f3 bez\u00e1rkozik, ott Isten kinyit egy ablakot\u201d \u2013 mondja egy okos kereszt\u00e9ny k\u00f6zmond\u00e1s. Compostela helyett j\u00fanius 1-j\u00e9n a n\u00e9met Camin\u00f3 Winnendenb\u0151l Esslingenbe vezet\u0151 szakasz\u00e1r j\u00e1rtuk be, Szentjakab nyom\u00e1n! Majd j\u00falius 4-\u00e9n Szent M\u00e1rton nyom\u00e1t is bej\u00e1rtunk gyalog, ugyancsak 22 km-t t\u00e9ve meg Herrenbergb\u0151l B\u00f6blingenig. V\u00e9g\u00fcl j\u00falius 11-\u00e9n, m\u00falt szombaton, m\u00e9g a 2010 \u00f3ta hagyom\u00e1nyos bicaj-zarit is megtudtuk tartani.<\/p>\n<p>Boldogan k\u00e9sz\u00fcltem p\u00e9ntek este, de mikor szombat reggel kor\u00e1n kin\u00e9ztem az ablakon, azt hittem rosszul l\u00e1tok: es\u0151 \u00e9s 13 \u00b0&#8230; \u0150szint\u00e9n megmondva, egy kicsit beijedtem. Mi lesz most? Ki fog egy\u00e1ltal\u00e1n j\u00f6nni? Induljak egy\u00e1ltal\u00e1n \u00fatnak? De az \u00c9va \u00e1ltal l\u00e9trehozott \u00a0WhatsApp-csoport t\u00f6bbi r\u00e9sztvev\u0151it\u0151l egyre m\u00e1sra j\u00f6ttek a b\u00e1tor\u00edt\u00f3 h\u00edrek: egyesek az S-Bahnb\u00f3l k\u00fcldtek k\u00e9pek, hogy l\u00e1ssuk: elindultak; m\u00e1sok egy ut\u00e1nfut\u00f3val indultak \u00fatnak, telerakva biciklivel; Imre atya azt \u00edrta: besz\u00e9lt Szent P\u00e9terrel, aki azt \u00fczente a csapatnak, hogy csak a b\u00e1tors\u00e1gunkat akarja pr\u00f3b\u00e1ra tenni, ne rezelj\u00fcnk be&#8230; Erre m\u00e1r \u00e9n sem hagytam magam: el indultam a Plochingen-i \u00e1llom\u00e1sra, ahol 9 \u00f3rakor volt a tal\u00e1lka. M\u00e1r majdnem mindenki ott volt. Ott a gyalogzarir\u00f3l m\u00e1r ismert \u201ecsigacsapat\u201d (ezuttal hatan k\u00e9pviseltett\u00e9k magukat: Gr\u00e9ti, Anika, Patri, R\u00e9ka, No\u00e9mi \u00e9s Emese), \u00e9s ott volt szinte mind a 19 feln\u0151tt. Az indul\u00e1sn\u00e1l, ahogyan azt m\u00e9g nagymam\u00e1mt\u00f3l tanultam, ezt mondtam magamban: \u201eSzent Krist\u00f3f, az utasok v\u00e9d\u0151szentje, l\u00e9gy vel\u00fcnk!\u201d Azt\u00e1n hamarosan neki is is indultunk az \u00fatnak a megszokott libasorban, egym\u00e1s ut\u00e1n. Mi az, hogy megszokott? Azoknak akik voltak m\u00e1r vel\u00fcnk megszokott volt, de az \u00fajaknak, k\u00fcl\u00f6n\u00f6sen az \u201eegyiknek\u201d, akinek hozz\u00e1 m\u00e9g \u00faj biciklije is volt, olyannyira fogott a f\u00e9ke, hogy m\u00e1r az \u00fat elej\u00e9n v\u00e1gott egy el\u0151re-\u201eszalt\u00f3t\u201d, de h\u00e1la Istennek komolyabb baj nem lett, \u00fagyhogy a kezdeti ijedelem ut\u00e1n tov\u00e1bb tudtunk karik\u00e1zni \u00fatic\u00e9l\u00fcnk, G\u00f6ppingen fel\u00e9.<\/p>\n<p>Mondanom sem kell, hogy egy csepp es\u0151 nem esett, s\u0151t, lassan feloszl\u00f3dtak a felh\u0151k \u00e9s nagyon kellemes, t\u00f6k\u00e9letes bicaj-zari-id\u0151 lett, mik\u00f6zben lassan a Fils foly\u00f3 v\u00f6lgy\u00e9n kereszt\u00fcl egym\u00e1ssal mellett besz\u00e9lgetve is egym\u00e1sra vigy\u00e1zva bicajoztunk. Sajnos a cseresznye \u00e9r\u00e9s ideje m\u00e1r lej\u00e1rt, az alm\u00e1k pedig m\u00e9g z\u00f6ldek \u00e9s v\u00e1sottak, \u00fagyhogy az \u00fat k\u00f6zben tartott sz\u00fcnetekben nem tudtunk csenni, \u00edgy csak az otthonr\u00f3l hozott finoms\u00e1gokkal kellett be\u00e9rn\u00fcnk.<\/p>\n<p>F\u00e9l 12-re meg\u00e9rkezt\u00fcnk a G\u00f6ppingen el\u0151tti Faurndauba, ahol \u00fatunk egyenesen a h\u00edres Stiftskirch\u00e9-hez vezetett, amelynek alapjai a karoling id\u0151kb\u0151l, pontosabban 875-b\u0151l sz\u00e1rmaznak. Bement\u00fck \u00e9s be\u00fclt\u00fcnk a padokban. A fiatalok az els\u0151 padba \u00fcltek, mi h\u00e1tr\u00e1bb, \u00e9s Imre atya tartott nek\u00fcnk egy kis templom-ismertet\u0151t. Tette a l\u00e1nyoknak a hittan-k\u00e9rd\u00e9seket, mi pedig h\u00e1tul \u00fagy tett\u00fcnk, mintha mindent tudn\u00e1nk, \u00e9s csak nagy b\u00f6lcsen hallgattunk, mert nem akartunk \u201ek\u00f6zbev\u00e1gni\u201d, a v\u00e9g\u00e9n azonban \u00f6rvendt\u00fcnk, hogy Imre atya nem minket k\u00e9rdezett&#8230; Azonban mind h\u00e1l\u00e1sak voltunk, hogy ilyen nagyszer\u0171 alkalmunk van felfriss\u00edteni a r\u00e9ges-r\u00e9gi hittan\u00f3r\u00e1k anyag\u00e1t, illetve \u00faj inform\u00e1ci\u00f3kat megtudni a hitr\u0151l, a templomr\u00f3l \u00e9s a m\u0171v\u00e9szetr\u0151l. T\u00f6bbek k\u00f6z\u00f6tt hallottunk, hogy mi\u00e9rt voltak kifestve a r\u00e9gi templomok: r\u00e9gebben ugyanis az emberek nem tudtak olvasni, \u00fagy hogy a Bibli\u00e1t a falra festett\u00e9k, hogy mindenki \u201eolvashasson\u201d bel\u0151le. \u00c9rdekes, ma m\u00e1r mind tudunk olvasni, de nem biztos, hogy jobban ismerj\u00fck az Istent, mint a r\u00e9gi korok emberei&#8230;<\/p>\n<p>A gyerekek ut\u00e1n mi is odamer\u00e9szkedt\u00fcnk a szent\u00e9lybe, ahol m\u00e9g j\u00f3l kivehet\u0151k az eredeti, b\u00e1r megkopott festm\u00e9nyek, k\u00f6z\u00e9pen az \u00darral, k\u00e9t oldalt Sz\u0171z M\u00e1ri\u00e1val \u00e9s a szentekkel&#8230; \u00c9s kivel tal\u00e1lkoztunk baloldalt fent? Szent Krist\u00f3ffal! Reggel m\u00e9g, mikor \u201esz\u00f3l\u00edtottam\u201d,\u00a0 nem is gondoltam, hogy napk\u00f6zben \u00edgy visszak\u00f6sz\u00f6n nekem. V\u00e9g\u00fcl azt\u00e1n elim\u00e1dkoztuk az egyh\u00e1zk\u00f6zs\u00e9g\u00fcnk jubileumi\u00a0 im\u00e1j\u00e1t, amelyet Imre atya fogalmazott \u00e9s nek\u00fcnk egy lapon elhozott, \u00e9s ut\u00e1na lassan kiment\u00fcnk a kolostor-templom kis kertj\u00e9be, ahol kipakoltunk finoms\u00e1gainkat. Olyan kellemes volt a t\u00e1rsas\u00e1g, olyan \u00e9l\u00e9nkek \u00e9s szem\u00e9lyesek a \u00a0besz\u00e9lget\u00e9sek, hogy \u00e9szre sem vett\u00fcnk, hogy egy eg\u00e9sz \u00f3r\u00e1t elt\u00f6lt\u00f6tt\u00fcnk ott. A m\u00e1s zar\u00e1ndoklatok alkalm\u00e1b\u00f3l m\u00e1r k\u00f6zismert \u201eporl\u00f3s\u201d sem hi\u00e1nyzott, de ezuttal nem, nem az Erika, hanem az Istv\u00e1n kemenc\u00e9j\u00e9b\u0151l \u2013 \u00e9s meg kell mondanunk, hogy sokkal oml\u00f3sabb \u00a0form\u00e1j\u00e1ban, ami\u00e9rt azt\u00e1n nagyon hamar el is fogyott!<\/p>\n<p>Lassan tov\u00e1bbindultunk G\u00f6ppingen k\u00f6zpontj\u00e1ban, amely szombat d\u00e9lut\u00e1n l\u00e9v\u00e9n telis tele volt emberekkel. Szabolcsnak k\u00f6sz\u00f6nhet\u0151en m\u00e9gis tal\u00e1ltunk egy fagyiz\u00f3t, ahol \u2013 otthoni szok\u00e1s szerint \u2013 \u00f6sszeh\u00faztunk hat asztalt, zabr\u00e1ltunk hozz\u00e1juk vagy 20 sz\u00e9ket, \u00e9s v\u00e9g\u00fcl is \u00a025-en le tudtunk \u00fclni, \u00e9s f\u00e1radtan \u00e9lvezhett\u00fck a finom fagyinkat illetve s\u00f6r\u00fcnket, amelyeket (azt mondta, b\u00e1r ne j\u00f6tt volna az id\u00e9n!) r\u00e9gi szok\u00e1s szerint Imre atya spendirozott! Kicsit k\u00e9s\u0151n vett\u00fcnk \u00e9szre, hogy le\u00e9getett benn\u00fcnket a nap, de megmentett minket az a \u201eb\u00e1r\u00e1nyka\u201d, aki legmesszebbr\u0151l j\u00f6tt \u00e9s a legkisebb biciklivel, viszont jobban volt felszerelkezve mindannyiunkn\u00e1l: Zoli, aki egyed\u00fcl hozott napkr\u00e9met \u00e9s mindannyiunknak adott bel\u0151le egy k\u00f6rt.<\/p>\n<p>Az els\u0151 23 km ut\u00e1n itt b\u00facs\u00faztunk azokt\u00f3l a zari-t\u00e1rsainkt\u00f3l, akik vonattal mentek vissza Plochingenbe. Mi, a t\u00f6bbiek biciklivel indultunk vissza ugyanazon az \u00faton.<\/p>\n<p>Most m\u00e1r az\u00e9rt t\u00f6bb apr\u00f3 sz\u00fcnetet tartottunk, mint ide fel\u00e9. Az egyik helyen, ahol m\u00e1r d\u00e9lel\u0151tt is meg\u00e1lltunk, mit ad Isten: kint voltak a b\u00e1r\u00e1nyok is. Erika, mert kedveli \u0151ket, m\u00e1r ki is v\u00e1lasztott k\u00f6z\u00fcl\u00fck kett\u0151t, hogy hazavigye, de akkor kapott \u00e9szbe, hogy ennek m\u00e9g sem lesz j\u00f3 v\u00e9ge: f\u00e9rje, Georg ugyanis csak a tepsiben szereti \u0151ket! Igy Erika neh\u00e9z sz\u00edvvel m\u00e9gis csak otthagyta a barik\u00e1kat.<\/p>\n<p>Ahogy teltek a kilom\u00e9terek, \u00fagy n\u0151tt lassan de biztosan a f\u00e1radts\u00e1g, \u00e9n pedig csak csod\u00e1lkozva n\u00e9ztem, hogyan tekeri el\u0151ttem Gr\u00e9ti \u00e9s Anika a csiga-csapatb\u00f3l, akik visszaj\u00f6ttek vel\u00fck. Hol \u00fclve, hol \u00e1llva tekert\u00e9k, de tekert\u00e9k, tekert\u00e9k a kis biciklij\u00fcket. Itt-ott seg\u00edtett nekik\u00a0 Imre atya is, hol az egyiket, hol a m\u00e1sikat tolva kicsit h\u00e1tulr\u00f3l, mire Gr\u00e9ti \u00e9desapja, Rabih \u00a0csak ennyit jegyzett meg mosolyogva: \u201cNicht schummeln! \u2013 Nem csalunk!\u201d<\/p>\n<p>D\u00e9lut\u00e1n 4 k\u00f6r\u00fcl \u00e9rkezt\u00fcnk vissza Plochingenbe, ahol neh\u00e9z sz\u00edvvel, de lassan elb\u00facs\u00faztunk egym\u00e1st\u00f3l. A 50 kilom\u00e9teren kereszt\u00fcl felszedett port ler\u00e1ztuk ugyan magunkr\u00f3l, az ugyancsak 50 km-en kereszt\u00fcl gy\u00fcjt\u00f6tt kincseket viszont most is magunkban \u0151rizz\u00fck. Rem\u00e9lem, m\u00e9g nagyon sok\u00e1ig!<\/p>\n<p>Ez a h\u00e1rom \u201ckis-zar\u00e1ndoklat\u201d, amelyiken az id\u00e9n r\u00e9szt vettem: a Szent-Jakab, a Szent-M\u00e1rton \u00e9s a Szent-Krist\u00f3f, sok er\u0151t adott nekem a neh\u00e9z h\u00f3napok ut\u00e1n. Szerintem a legt\u00f6bb zar\u00e1ndokt\u00e1rsammal is \u00edgy t\u00f6rt\u00e9nt.<\/p>\n<p>M\u00e9g csak annyit befejez\u00e9s\u00fcl: a k\u00e9t gyalog-zarin k\u00e9rdeztem egy p\u00e1rat, hogy j\u00f6nnek-e a bicaj-zarira is? A v\u00e1lasz egyesek r\u00e9sz\u00e9r\u0151l ez volt: \u201eNem tudok j\u00f6nni, mert nem tudok biciklizni.\u201d Nekik legyen mondva: Van egy \u00e9vetek megtanulni biciklizni, ne hagyj\u00e1tok ki ezt a lehet\u0151s\u00e9get, sose tudni, milyen kincseket lehet tal\u00e1lni \u00fatk\u00f6zben, egym\u00e1sban, magunkban \u2013 \u00e9s Isten sz\u00e9p term\u00e9szet\u00e9ben!<\/p>\n<p>&nbsp;<\/p>\n<p><em>Dr. Horv\u00e1th Diana<br \/>\n<\/em><\/p>\n<p>&nbsp;<\/p>\n<p>PS! Pap L\u00f3r\u00e1nt r\u00f6vid filmj\u00e9t is fogadj\u00e1tok szeretettel<\/p>\n<div class=\"brlbs-cmpnt-container brlbs-cmpnt-content-blocker brlbs-cmpnt-with-individual-styles\" data-borlabs-cookie-content-blocker-id=\"youtube-content-blocker\" data-borlabs-cookie-content=\"PGlmcmFtZSB0aXRsZT0iQmljYWp6YXJpIC0gUGxvY2hpbmdlbiAtIEfDtnBwaW5nZW4iIHdpZHRoPSI5NDAiIGhlaWdodD0iNTI5IiBzcmM9Imh0dHBzOi8vd3d3LnlvdXR1YmUtbm9jb29raWUuY29tL2VtYmVkL3MzOGdSaWxuN3kwP2ZlYXR1cmU9b2VtYmVkIiBmcmFtZWJvcmRlcj0iMCIgYWxsb3c9ImFjY2VsZXJvbWV0ZXI7IGF1dG9wbGF5OyBlbmNyeXB0ZWQtbWVkaWE7IGd5cm9zY29wZTsgcGljdHVyZS1pbi1waWN0dXJlIiBhbGxvd2Z1bGxzY3JlZW4+PC9pZnJhbWU+\">\n<div class=\"brlbs-cmpnt-cb-preset-c brlbs-cmpnt-cb-youtube\">\n<div class=\"brlbs-cmpnt-cb-thumbnail\" style=\"background-image: url('https:\/\/stuttgarti-katolikusok.de\/wp-content\/uploads\/borlabs-cookie\/1\/yt_s38gRiln7y0_hqdefault.jpg')\"><\/div>\n<div class=\"brlbs-cmpnt-cb-main\">\n<div class=\"brlbs-cmpnt-cb-play-button\"><\/div>\n<div class=\"brlbs-cmpnt-cb-content\">\n<p class=\"brlbs-cmpnt-cb-description\">You are currently viewing a placeholder content from <strong>YouTube<\/strong>. To access the actual content, click the button below. Please note that doing so will share data with third-party providers.<\/p>\n<p> <a class=\"brlbs-cmpnt-cb-provider-toggle\" href=\"#\" data-borlabs-cookie-show-provider-information role=\"button\">More Information<\/a> <\/div>\n<div class=\"brlbs-cmpnt-cb-buttons\"> <a class=\"brlbs-cmpnt-cb-btn\" href=\"#\" data-borlabs-cookie-unblock role=\"button\">Unblock content<\/a> <a class=\"brlbs-cmpnt-cb-btn\" href=\"#\" data-borlabs-cookie-accept-service role=\"button\" style=\"display: inherit\">Accept required service and unblock content<\/a> <\/div><\/div><\/div>\n<\/div>\n","protected":false},"excerpt":{"rendered":"<p>Kincseket tal\u00e1lni&#8230; \u00dcres utc\u00e1k, gy\u00e1rak, c\u00e9gek, iskol\u00e1k, boltok, sz\u00ednh\u00e1zak, s\u0151t m\u00e9g a templomok is z\u00e1rva\u2026 Ha valaki \u00edgy kezdene egy filmet, az a sci-fi kateg\u00f3ri\u00e1ban kasszasiker lenne. M\u00e1rpedig ez nem film, hanem m\u00e1rcius k\u00f6zepe \u00f3ta majdnem \u00e1lland\u00f3an \u00e9s vil\u00e1gszerte val\u00f3s\u00e1gg\u00e1 v\u00e1lt. Be kellett z\u00e1rk\u00f3znunk! Ker\u00fcln\u00fcnk kellett az egym\u00e1ssal val\u00f3 tal\u00e1lkoz\u00e1st! M\u00e9g a h\u00fasv\u00e9ti \u00fcnnepeket sem tudtuk k\u00f6z\u00f6ss\u00e9gben \u00fcnnepelni, ami m\u00e9g soha nem fordult el\u0151 a kereszt\u00e9nys\u00e9g t\u00f6rt\u00e9nelm\u00e9ben. Nem is besz\u00e9lve arr\u00f3l, ami minket, stuttgarti h\u00edveket ugyanolyan keser\u0171en \u00e9rintett: a megszokott \u00e9ves nagyzar\u00e1ndoklatunk &#8211; id\u00e9n Compostel\u00e1ba ment\u00fcnk volna &#8211; elmaradt&#8230; \u201eDe ahol egy ajt\u00f3 bez\u00e1rkozik, ott Isten kinyit egy ablakot\u201d \u2013 mondja egy okos kereszt\u00e9ny k\u00f6zmond\u00e1s. Compostela helyett j\u00fanius 1-j\u00e9n a n\u00e9met Camin\u00f3 Winnendenb\u0151l Esslingenbe vezet\u0151 szakasz\u00e1r j\u00e1rtuk be, Szentjakab nyom\u00e1n! Majd j\u00falius 4-\u00e9n Szent M\u00e1rton nyom\u00e1t is bej\u00e1rtunk gyalog, ugyancsak 22 km-t t\u00e9ve meg Herrenbergb\u0151l B\u00f6blingenig. V\u00e9g\u00fcl j\u00falius 11-\u00e9n, m\u00falt szombaton, m\u00e9g a 2010 \u00f3ta hagyom\u00e1nyos bicaj-zarit is megtudtuk tartani. Boldogan k\u00e9sz\u00fcltem p\u00e9ntek este, de mikor szombat reggel kor\u00e1n kin\u00e9ztem az ablakon, azt hittem rosszul l\u00e1tok: es\u0151 \u00e9s 13 \u00b0&#8230; \u0150szint\u00e9n megmondva, egy kicsit beijedtem. Mi lesz most? Ki fog egy\u00e1ltal\u00e1n j\u00f6nni? Induljak egy\u00e1ltal\u00e1n \u00fatnak? De az \u00c9va \u00e1ltal l\u00e9trehozott \u00a0WhatsApp-csoport t\u00f6bbi r\u00e9sztvev\u0151it\u0151l egyre m\u00e1sra j\u00f6ttek a b\u00e1tor\u00edt\u00f3 h\u00edrek: egyesek az S-Bahnb\u00f3l k\u00fcldtek k\u00e9pek, hogy l\u00e1ssuk: elindultak; m\u00e1sok egy ut\u00e1nfut\u00f3val indultak \u00fatnak, telerakva biciklivel; Imre atya azt \u00edrta: besz\u00e9lt Szent P\u00e9terrel, aki azt \u00fczente a csapatnak, hogy csak a b\u00e1tors\u00e1gunkat akarja pr\u00f3b\u00e1ra tenni, ne rezelj\u00fcnk be&#8230; Erre m\u00e1r \u00e9n sem hagytam magam: el indultam a Plochingen-i \u00e1llom\u00e1sra, ahol 9 \u00f3rakor volt a tal\u00e1lka. M\u00e1r majdnem mindenki ott volt. Ott a gyalogzarir\u00f3l m\u00e1r ismert \u201ecsigacsapat\u201d (ezuttal hatan k\u00e9pviseltett\u00e9k magukat: Gr\u00e9ti, Anika, Patri, R\u00e9ka, No\u00e9mi \u00e9s Emese), \u00e9s ott volt szinte mind a 19 feln\u0151tt. Az indul\u00e1sn\u00e1l, ahogyan azt m\u00e9g nagymam\u00e1mt\u00f3l tanultam, ezt mondtam magamban: \u201eSzent Krist\u00f3f, az utasok v\u00e9d\u0151szentje, l\u00e9gy vel\u00fcnk!\u201d&#8230; <\/p>\n<p><a class=\"readmore\" href=\"https:\/\/stuttgarti-katolikusok.de\/index.php\/dr-horvath-diana-kincseket-talalni\/\">R\u00e9szletek<\/a><\/p>\n","protected":false},"author":3,"featured_media":19928,"comment_status":"closed","ping_status":"closed","sticky":false,"template":"","format":"standard","meta":{"footnotes":""},"categories":[28],"tags":[],"class_list":["post-19927","post","type-post","status-publish","format-standard","has-post-thumbnail","hentry","category-olvasoink-irjak"],"yoast_head":"<!-- This site is optimized with the Yoast SEO plugin v27.3 - https:\/\/yoast.com\/product\/yoast-seo-wordpress\/ -->\n<title>Dr. Horv\u00e1th Diana: Kincseket tal\u00e1lni - Stuttgarti Katolikusok<\/title>\n<meta name=\"robots\" content=\"index, follow, max-snippet:-1, max-image-preview:large, max-video-preview:-1\" \/>\n<link rel=\"canonical\" href=\"https:\/\/stuttgarti-katolikusok.de\/index.php\/dr-horvath-diana-kincseket-talalni\/\" \/>\n<meta property=\"og:locale\" content=\"hu_HU\" \/>\n<meta property=\"og:type\" content=\"article\" \/>\n<meta property=\"og:title\" content=\"Dr. Horv\u00e1th Diana: Kincseket tal\u00e1lni - Stuttgarti Katolikusok\" \/>\n<meta property=\"og:description\" content=\"Kincseket tal\u00e1lni&#8230; \u00dcres utc\u00e1k, gy\u00e1rak, c\u00e9gek, iskol\u00e1k, boltok, sz\u00ednh\u00e1zak, s\u0151t m\u00e9g a templomok is z\u00e1rva\u2026 Ha valaki \u00edgy kezdene egy filmet, az a sci-fi kateg\u00f3ri\u00e1ban kasszasiker lenne. M\u00e1rpedig ez nem film, hanem m\u00e1rcius k\u00f6zepe \u00f3ta majdnem \u00e1lland\u00f3an \u00e9s vil\u00e1gszerte val\u00f3s\u00e1gg\u00e1 v\u00e1lt. Be kellett z\u00e1rk\u00f3znunk! Ker\u00fcln\u00fcnk kellett az egym\u00e1ssal val\u00f3 tal\u00e1lkoz\u00e1st! M\u00e9g a h\u00fasv\u00e9ti \u00fcnnepeket sem tudtuk k\u00f6z\u00f6ss\u00e9gben \u00fcnnepelni, ami m\u00e9g soha nem fordult el\u0151 a kereszt\u00e9nys\u00e9g t\u00f6rt\u00e9nelm\u00e9ben. Nem is besz\u00e9lve arr\u00f3l, ami minket, stuttgarti h\u00edveket ugyanolyan keser\u0171en \u00e9rintett: a megszokott \u00e9ves nagyzar\u00e1ndoklatunk &#8211; id\u00e9n Compostel\u00e1ba ment\u00fcnk volna &#8211; elmaradt&#8230; \u201eDe ahol egy ajt\u00f3 bez\u00e1rkozik, ott Isten kinyit egy ablakot\u201d \u2013 mondja egy okos kereszt\u00e9ny k\u00f6zmond\u00e1s. Compostela helyett j\u00fanius 1-j\u00e9n a n\u00e9met Camin\u00f3 Winnendenb\u0151l Esslingenbe vezet\u0151 szakasz\u00e1r j\u00e1rtuk be, Szentjakab nyom\u00e1n! Majd j\u00falius 4-\u00e9n Szent M\u00e1rton nyom\u00e1t is bej\u00e1rtunk gyalog, ugyancsak 22 km-t t\u00e9ve meg Herrenbergb\u0151l B\u00f6blingenig. V\u00e9g\u00fcl j\u00falius 11-\u00e9n, m\u00falt szombaton, m\u00e9g a 2010 \u00f3ta hagyom\u00e1nyos bicaj-zarit is megtudtuk tartani. Boldogan k\u00e9sz\u00fcltem p\u00e9ntek este, de mikor szombat reggel kor\u00e1n kin\u00e9ztem az ablakon, azt hittem rosszul l\u00e1tok: es\u0151 \u00e9s 13 \u00b0&#8230; \u0150szint\u00e9n megmondva, egy kicsit beijedtem. Mi lesz most? Ki fog egy\u00e1ltal\u00e1n j\u00f6nni? Induljak egy\u00e1ltal\u00e1n \u00fatnak? De az \u00c9va \u00e1ltal l\u00e9trehozott \u00a0WhatsApp-csoport t\u00f6bbi r\u00e9sztvev\u0151it\u0151l egyre m\u00e1sra j\u00f6ttek a b\u00e1tor\u00edt\u00f3 h\u00edrek: egyesek az S-Bahnb\u00f3l k\u00fcldtek k\u00e9pek, hogy l\u00e1ssuk: elindultak; m\u00e1sok egy ut\u00e1nfut\u00f3val indultak \u00fatnak, telerakva biciklivel; Imre atya azt \u00edrta: besz\u00e9lt Szent P\u00e9terrel, aki azt \u00fczente a csapatnak, hogy csak a b\u00e1tors\u00e1gunkat akarja pr\u00f3b\u00e1ra tenni, ne rezelj\u00fcnk be&#8230; Erre m\u00e1r \u00e9n sem hagytam magam: el indultam a Plochingen-i \u00e1llom\u00e1sra, ahol 9 \u00f3rakor volt a tal\u00e1lka. M\u00e1r majdnem mindenki ott volt. Ott a gyalogzarir\u00f3l m\u00e1r ismert \u201ecsigacsapat\u201d (ezuttal hatan k\u00e9pviseltett\u00e9k magukat: Gr\u00e9ti, Anika, Patri, R\u00e9ka, No\u00e9mi \u00e9s Emese), \u00e9s ott volt szinte mind a 19 feln\u0151tt. Az indul\u00e1sn\u00e1l, ahogyan azt m\u00e9g nagymam\u00e1mt\u00f3l tanultam, ezt mondtam magamban: \u201eSzent Krist\u00f3f, az utasok v\u00e9d\u0151szentje, l\u00e9gy vel\u00fcnk!\u201d... R\u00e9szletek\" \/>\n<meta property=\"og:url\" content=\"https:\/\/stuttgarti-katolikusok.de\/index.php\/dr-horvath-diana-kincseket-talalni\/\" \/>\n<meta property=\"og:site_name\" content=\"Stuttgarti Katolikusok\" \/>\n<meta property=\"article:published_time\" content=\"2020-07-14T13:42:24+00:00\" \/>\n<meta property=\"article:modified_time\" content=\"2020-07-14T13:49:50+00:00\" \/>\n<meta property=\"og:image\" content=\"https:\/\/stuttgarti-katolikusok.de\/wp-content\/uploads\/2020\/07\/bicajzari.jpg\" \/>\n\t<meta property=\"og:image:width\" content=\"663\" \/>\n\t<meta property=\"og:image:height\" content=\"372\" \/>\n\t<meta property=\"og:image:type\" content=\"image\/jpeg\" \/>\n<meta name=\"author\" content=\"Tibor atya\" \/>\n<meta name=\"twitter:card\" content=\"summary_large_image\" \/>\n<meta name=\"twitter:label1\" content=\"Szerz\u0151:\" \/>\n\t<meta name=\"twitter:data1\" content=\"Tibor atya\" \/>\n\t<meta name=\"twitter:label2\" content=\"Becs\u00fclt olvas\u00e1si id\u0151\" \/>\n\t<meta name=\"twitter:data2\" content=\"8 perc\" \/>\n<script type=\"application\/ld+json\" class=\"yoast-schema-graph\">{\"@context\":\"https:\\\/\\\/schema.org\",\"@graph\":[{\"@type\":\"Article\",\"@id\":\"https:\\\/\\\/stuttgarti-katolikusok.de\\\/index.php\\\/dr-horvath-diana-kincseket-talalni\\\/#article\",\"isPartOf\":{\"@id\":\"https:\\\/\\\/stuttgarti-katolikusok.de\\\/index.php\\\/dr-horvath-diana-kincseket-talalni\\\/\"},\"author\":{\"name\":\"Tibor atya\",\"@id\":\"https:\\\/\\\/stuttgarti-katolikusok.de\\\/#\\\/schema\\\/person\\\/75908d6f8fdc03a57889d27209df7795\"},\"headline\":\"Dr. Horv\u00e1th Diana: Kincseket tal\u00e1lni\",\"datePublished\":\"2020-07-14T13:42:24+00:00\",\"dateModified\":\"2020-07-14T13:49:50+00:00\",\"mainEntityOfPage\":{\"@id\":\"https:\\\/\\\/stuttgarti-katolikusok.de\\\/index.php\\\/dr-horvath-diana-kincseket-talalni\\\/\"},\"wordCount\":1562,\"image\":{\"@id\":\"https:\\\/\\\/stuttgarti-katolikusok.de\\\/index.php\\\/dr-horvath-diana-kincseket-talalni\\\/#primaryimage\"},\"thumbnailUrl\":\"https:\\\/\\\/stuttgarti-katolikusok.de\\\/wp-content\\\/uploads\\\/2020\\\/07\\\/bicajzari.jpg\",\"articleSection\":[\"Olvas\u00f3ink \u00edrj\u00e1k\"],\"inLanguage\":\"hu\"},{\"@type\":\"WebPage\",\"@id\":\"https:\\\/\\\/stuttgarti-katolikusok.de\\\/index.php\\\/dr-horvath-diana-kincseket-talalni\\\/\",\"url\":\"https:\\\/\\\/stuttgarti-katolikusok.de\\\/index.php\\\/dr-horvath-diana-kincseket-talalni\\\/\",\"name\":\"Dr. Horv\u00e1th Diana: Kincseket tal\u00e1lni - Stuttgarti Katolikusok\",\"isPartOf\":{\"@id\":\"https:\\\/\\\/stuttgarti-katolikusok.de\\\/#website\"},\"primaryImageOfPage\":{\"@id\":\"https:\\\/\\\/stuttgarti-katolikusok.de\\\/index.php\\\/dr-horvath-diana-kincseket-talalni\\\/#primaryimage\"},\"image\":{\"@id\":\"https:\\\/\\\/stuttgarti-katolikusok.de\\\/index.php\\\/dr-horvath-diana-kincseket-talalni\\\/#primaryimage\"},\"thumbnailUrl\":\"https:\\\/\\\/stuttgarti-katolikusok.de\\\/wp-content\\\/uploads\\\/2020\\\/07\\\/bicajzari.jpg\",\"datePublished\":\"2020-07-14T13:42:24+00:00\",\"dateModified\":\"2020-07-14T13:49:50+00:00\",\"author\":{\"@id\":\"https:\\\/\\\/stuttgarti-katolikusok.de\\\/#\\\/schema\\\/person\\\/75908d6f8fdc03a57889d27209df7795\"},\"breadcrumb\":{\"@id\":\"https:\\\/\\\/stuttgarti-katolikusok.de\\\/index.php\\\/dr-horvath-diana-kincseket-talalni\\\/#breadcrumb\"},\"inLanguage\":\"hu\",\"potentialAction\":[{\"@type\":\"ReadAction\",\"target\":[\"https:\\\/\\\/stuttgarti-katolikusok.de\\\/index.php\\\/dr-horvath-diana-kincseket-talalni\\\/\"]}]},{\"@type\":\"ImageObject\",\"inLanguage\":\"hu\",\"@id\":\"https:\\\/\\\/stuttgarti-katolikusok.de\\\/index.php\\\/dr-horvath-diana-kincseket-talalni\\\/#primaryimage\",\"url\":\"https:\\\/\\\/stuttgarti-katolikusok.de\\\/wp-content\\\/uploads\\\/2020\\\/07\\\/bicajzari.jpg\",\"contentUrl\":\"https:\\\/\\\/stuttgarti-katolikusok.de\\\/wp-content\\\/uploads\\\/2020\\\/07\\\/bicajzari.jpg\",\"width\":663,\"height\":372},{\"@type\":\"BreadcrumbList\",\"@id\":\"https:\\\/\\\/stuttgarti-katolikusok.de\\\/index.php\\\/dr-horvath-diana-kincseket-talalni\\\/#breadcrumb\",\"itemListElement\":[{\"@type\":\"ListItem\",\"position\":1,\"name\":\"Kezd\u0151lap\",\"item\":\"https:\\\/\\\/stuttgarti-katolikusok.de\\\/\"},{\"@type\":\"ListItem\",\"position\":2,\"name\":\"Dr. Horv\u00e1th Diana: Kincseket tal\u00e1lni\"}]},{\"@type\":\"WebSite\",\"@id\":\"https:\\\/\\\/stuttgarti-katolikusok.de\\\/#website\",\"url\":\"https:\\\/\\\/stuttgarti-katolikusok.de\\\/\",\"name\":\"Stuttgarti Katolikusok\",\"description\":\"\",\"potentialAction\":[{\"@type\":\"SearchAction\",\"target\":{\"@type\":\"EntryPoint\",\"urlTemplate\":\"https:\\\/\\\/stuttgarti-katolikusok.de\\\/?s={search_term_string}\"},\"query-input\":{\"@type\":\"PropertyValueSpecification\",\"valueRequired\":true,\"valueName\":\"search_term_string\"}}],\"inLanguage\":\"hu\"},{\"@type\":\"Person\",\"@id\":\"https:\\\/\\\/stuttgarti-katolikusok.de\\\/#\\\/schema\\\/person\\\/75908d6f8fdc03a57889d27209df7795\",\"name\":\"Tibor atya\",\"image\":{\"@type\":\"ImageObject\",\"inLanguage\":\"hu\",\"@id\":\"https:\\\/\\\/secure.gravatar.com\\\/avatar\\\/61d268e57d1f4525b111222e29d2d5a7f8c420fdbf231ba5566a8ceac74fa960?s=96&d=mm&r=g\",\"url\":\"https:\\\/\\\/secure.gravatar.com\\\/avatar\\\/61d268e57d1f4525b111222e29d2d5a7f8c420fdbf231ba5566a8ceac74fa960?s=96&d=mm&r=g\",\"contentUrl\":\"https:\\\/\\\/secure.gravatar.com\\\/avatar\\\/61d268e57d1f4525b111222e29d2d5a7f8c420fdbf231ba5566a8ceac74fa960?s=96&d=mm&r=g\",\"caption\":\"Tibor atya\"},\"url\":\"https:\\\/\\\/stuttgarti-katolikusok.de\\\/index.php\\\/author\\\/tibor-atya\\\/\"}]}<\/script>\n<!-- \/ Yoast SEO plugin. -->","yoast_head_json":{"title":"Dr. Horv\u00e1th Diana: Kincseket tal\u00e1lni - Stuttgarti Katolikusok","robots":{"index":"index","follow":"follow","max-snippet":"max-snippet:-1","max-image-preview":"max-image-preview:large","max-video-preview":"max-video-preview:-1"},"canonical":"https:\/\/stuttgarti-katolikusok.de\/index.php\/dr-horvath-diana-kincseket-talalni\/","og_locale":"hu_HU","og_type":"article","og_title":"Dr. Horv\u00e1th Diana: Kincseket tal\u00e1lni - Stuttgarti Katolikusok","og_description":"Kincseket tal\u00e1lni&#8230; \u00dcres utc\u00e1k, gy\u00e1rak, c\u00e9gek, iskol\u00e1k, boltok, sz\u00ednh\u00e1zak, s\u0151t m\u00e9g a templomok is z\u00e1rva\u2026 Ha valaki \u00edgy kezdene egy filmet, az a sci-fi kateg\u00f3ri\u00e1ban kasszasiker lenne. M\u00e1rpedig ez nem film, hanem m\u00e1rcius k\u00f6zepe \u00f3ta majdnem \u00e1lland\u00f3an \u00e9s vil\u00e1gszerte val\u00f3s\u00e1gg\u00e1 v\u00e1lt. Be kellett z\u00e1rk\u00f3znunk! Ker\u00fcln\u00fcnk kellett az egym\u00e1ssal val\u00f3 tal\u00e1lkoz\u00e1st! M\u00e9g a h\u00fasv\u00e9ti \u00fcnnepeket sem tudtuk k\u00f6z\u00f6ss\u00e9gben \u00fcnnepelni, ami m\u00e9g soha nem fordult el\u0151 a kereszt\u00e9nys\u00e9g t\u00f6rt\u00e9nelm\u00e9ben. Nem is besz\u00e9lve arr\u00f3l, ami minket, stuttgarti h\u00edveket ugyanolyan keser\u0171en \u00e9rintett: a megszokott \u00e9ves nagyzar\u00e1ndoklatunk &#8211; id\u00e9n Compostel\u00e1ba ment\u00fcnk volna &#8211; elmaradt&#8230; \u201eDe ahol egy ajt\u00f3 bez\u00e1rkozik, ott Isten kinyit egy ablakot\u201d \u2013 mondja egy okos kereszt\u00e9ny k\u00f6zmond\u00e1s. Compostela helyett j\u00fanius 1-j\u00e9n a n\u00e9met Camin\u00f3 Winnendenb\u0151l Esslingenbe vezet\u0151 szakasz\u00e1r j\u00e1rtuk be, Szentjakab nyom\u00e1n! Majd j\u00falius 4-\u00e9n Szent M\u00e1rton nyom\u00e1t is bej\u00e1rtunk gyalog, ugyancsak 22 km-t t\u00e9ve meg Herrenbergb\u0151l B\u00f6blingenig. V\u00e9g\u00fcl j\u00falius 11-\u00e9n, m\u00falt szombaton, m\u00e9g a 2010 \u00f3ta hagyom\u00e1nyos bicaj-zarit is megtudtuk tartani. Boldogan k\u00e9sz\u00fcltem p\u00e9ntek este, de mikor szombat reggel kor\u00e1n kin\u00e9ztem az ablakon, azt hittem rosszul l\u00e1tok: es\u0151 \u00e9s 13 \u00b0&#8230; \u0150szint\u00e9n megmondva, egy kicsit beijedtem. Mi lesz most? Ki fog egy\u00e1ltal\u00e1n j\u00f6nni? Induljak egy\u00e1ltal\u00e1n \u00fatnak? De az \u00c9va \u00e1ltal l\u00e9trehozott \u00a0WhatsApp-csoport t\u00f6bbi r\u00e9sztvev\u0151it\u0151l egyre m\u00e1sra j\u00f6ttek a b\u00e1tor\u00edt\u00f3 h\u00edrek: egyesek az S-Bahnb\u00f3l k\u00fcldtek k\u00e9pek, hogy l\u00e1ssuk: elindultak; m\u00e1sok egy ut\u00e1nfut\u00f3val indultak \u00fatnak, telerakva biciklivel; Imre atya azt \u00edrta: besz\u00e9lt Szent P\u00e9terrel, aki azt \u00fczente a csapatnak, hogy csak a b\u00e1tors\u00e1gunkat akarja pr\u00f3b\u00e1ra tenni, ne rezelj\u00fcnk be&#8230; Erre m\u00e1r \u00e9n sem hagytam magam: el indultam a Plochingen-i \u00e1llom\u00e1sra, ahol 9 \u00f3rakor volt a tal\u00e1lka. M\u00e1r majdnem mindenki ott volt. Ott a gyalogzarir\u00f3l m\u00e1r ismert \u201ecsigacsapat\u201d (ezuttal hatan k\u00e9pviseltett\u00e9k magukat: Gr\u00e9ti, Anika, Patri, R\u00e9ka, No\u00e9mi \u00e9s Emese), \u00e9s ott volt szinte mind a 19 feln\u0151tt. Az indul\u00e1sn\u00e1l, ahogyan azt m\u00e9g nagymam\u00e1mt\u00f3l tanultam, ezt mondtam magamban: \u201eSzent Krist\u00f3f, az utasok v\u00e9d\u0151szentje, l\u00e9gy vel\u00fcnk!\u201d... R\u00e9szletek","og_url":"https:\/\/stuttgarti-katolikusok.de\/index.php\/dr-horvath-diana-kincseket-talalni\/","og_site_name":"Stuttgarti Katolikusok","article_published_time":"2020-07-14T13:42:24+00:00","article_modified_time":"2020-07-14T13:49:50+00:00","og_image":[{"width":663,"height":372,"url":"https:\/\/stuttgarti-katolikusok.de\/wp-content\/uploads\/2020\/07\/bicajzari.jpg","type":"image\/jpeg"}],"author":"Tibor atya","twitter_card":"summary_large_image","twitter_misc":{"Szerz\u0151:":"Tibor atya","Becs\u00fclt olvas\u00e1si id\u0151":"8 perc"},"schema":{"@context":"https:\/\/schema.org","@graph":[{"@type":"Article","@id":"https:\/\/stuttgarti-katolikusok.de\/index.php\/dr-horvath-diana-kincseket-talalni\/#article","isPartOf":{"@id":"https:\/\/stuttgarti-katolikusok.de\/index.php\/dr-horvath-diana-kincseket-talalni\/"},"author":{"name":"Tibor atya","@id":"https:\/\/stuttgarti-katolikusok.de\/#\/schema\/person\/75908d6f8fdc03a57889d27209df7795"},"headline":"Dr. Horv\u00e1th Diana: Kincseket tal\u00e1lni","datePublished":"2020-07-14T13:42:24+00:00","dateModified":"2020-07-14T13:49:50+00:00","mainEntityOfPage":{"@id":"https:\/\/stuttgarti-katolikusok.de\/index.php\/dr-horvath-diana-kincseket-talalni\/"},"wordCount":1562,"image":{"@id":"https:\/\/stuttgarti-katolikusok.de\/index.php\/dr-horvath-diana-kincseket-talalni\/#primaryimage"},"thumbnailUrl":"https:\/\/stuttgarti-katolikusok.de\/wp-content\/uploads\/2020\/07\/bicajzari.jpg","articleSection":["Olvas\u00f3ink \u00edrj\u00e1k"],"inLanguage":"hu"},{"@type":"WebPage","@id":"https:\/\/stuttgarti-katolikusok.de\/index.php\/dr-horvath-diana-kincseket-talalni\/","url":"https:\/\/stuttgarti-katolikusok.de\/index.php\/dr-horvath-diana-kincseket-talalni\/","name":"Dr. Horv\u00e1th Diana: Kincseket tal\u00e1lni - Stuttgarti Katolikusok","isPartOf":{"@id":"https:\/\/stuttgarti-katolikusok.de\/#website"},"primaryImageOfPage":{"@id":"https:\/\/stuttgarti-katolikusok.de\/index.php\/dr-horvath-diana-kincseket-talalni\/#primaryimage"},"image":{"@id":"https:\/\/stuttgarti-katolikusok.de\/index.php\/dr-horvath-diana-kincseket-talalni\/#primaryimage"},"thumbnailUrl":"https:\/\/stuttgarti-katolikusok.de\/wp-content\/uploads\/2020\/07\/bicajzari.jpg","datePublished":"2020-07-14T13:42:24+00:00","dateModified":"2020-07-14T13:49:50+00:00","author":{"@id":"https:\/\/stuttgarti-katolikusok.de\/#\/schema\/person\/75908d6f8fdc03a57889d27209df7795"},"breadcrumb":{"@id":"https:\/\/stuttgarti-katolikusok.de\/index.php\/dr-horvath-diana-kincseket-talalni\/#breadcrumb"},"inLanguage":"hu","potentialAction":[{"@type":"ReadAction","target":["https:\/\/stuttgarti-katolikusok.de\/index.php\/dr-horvath-diana-kincseket-talalni\/"]}]},{"@type":"ImageObject","inLanguage":"hu","@id":"https:\/\/stuttgarti-katolikusok.de\/index.php\/dr-horvath-diana-kincseket-talalni\/#primaryimage","url":"https:\/\/stuttgarti-katolikusok.de\/wp-content\/uploads\/2020\/07\/bicajzari.jpg","contentUrl":"https:\/\/stuttgarti-katolikusok.de\/wp-content\/uploads\/2020\/07\/bicajzari.jpg","width":663,"height":372},{"@type":"BreadcrumbList","@id":"https:\/\/stuttgarti-katolikusok.de\/index.php\/dr-horvath-diana-kincseket-talalni\/#breadcrumb","itemListElement":[{"@type":"ListItem","position":1,"name":"Kezd\u0151lap","item":"https:\/\/stuttgarti-katolikusok.de\/"},{"@type":"ListItem","position":2,"name":"Dr. Horv\u00e1th Diana: Kincseket tal\u00e1lni"}]},{"@type":"WebSite","@id":"https:\/\/stuttgarti-katolikusok.de\/#website","url":"https:\/\/stuttgarti-katolikusok.de\/","name":"Stuttgarti Katolikusok","description":"","potentialAction":[{"@type":"SearchAction","target":{"@type":"EntryPoint","urlTemplate":"https:\/\/stuttgarti-katolikusok.de\/?s={search_term_string}"},"query-input":{"@type":"PropertyValueSpecification","valueRequired":true,"valueName":"search_term_string"}}],"inLanguage":"hu"},{"@type":"Person","@id":"https:\/\/stuttgarti-katolikusok.de\/#\/schema\/person\/75908d6f8fdc03a57889d27209df7795","name":"Tibor atya","image":{"@type":"ImageObject","inLanguage":"hu","@id":"https:\/\/secure.gravatar.com\/avatar\/61d268e57d1f4525b111222e29d2d5a7f8c420fdbf231ba5566a8ceac74fa960?s=96&d=mm&r=g","url":"https:\/\/secure.gravatar.com\/avatar\/61d268e57d1f4525b111222e29d2d5a7f8c420fdbf231ba5566a8ceac74fa960?s=96&d=mm&r=g","contentUrl":"https:\/\/secure.gravatar.com\/avatar\/61d268e57d1f4525b111222e29d2d5a7f8c420fdbf231ba5566a8ceac74fa960?s=96&d=mm&r=g","caption":"Tibor atya"},"url":"https:\/\/stuttgarti-katolikusok.de\/index.php\/author\/tibor-atya\/"}]}},"_links":{"self":[{"href":"https:\/\/stuttgarti-katolikusok.de\/index.php\/wp-json\/wp\/v2\/posts\/19927","targetHints":{"allow":["GET"]}}],"collection":[{"href":"https:\/\/stuttgarti-katolikusok.de\/index.php\/wp-json\/wp\/v2\/posts"}],"about":[{"href":"https:\/\/stuttgarti-katolikusok.de\/index.php\/wp-json\/wp\/v2\/types\/post"}],"author":[{"embeddable":true,"href":"https:\/\/stuttgarti-katolikusok.de\/index.php\/wp-json\/wp\/v2\/users\/3"}],"replies":[{"embeddable":true,"href":"https:\/\/stuttgarti-katolikusok.de\/index.php\/wp-json\/wp\/v2\/comments?post=19927"}],"version-history":[{"count":2,"href":"https:\/\/stuttgarti-katolikusok.de\/index.php\/wp-json\/wp\/v2\/posts\/19927\/revisions"}],"predecessor-version":[{"id":19930,"href":"https:\/\/stuttgarti-katolikusok.de\/index.php\/wp-json\/wp\/v2\/posts\/19927\/revisions\/19930"}],"wp:featuredmedia":[{"embeddable":true,"href":"https:\/\/stuttgarti-katolikusok.de\/index.php\/wp-json\/wp\/v2\/media\/19928"}],"wp:attachment":[{"href":"https:\/\/stuttgarti-katolikusok.de\/index.php\/wp-json\/wp\/v2\/media?parent=19927"}],"wp:term":[{"taxonomy":"category","embeddable":true,"href":"https:\/\/stuttgarti-katolikusok.de\/index.php\/wp-json\/wp\/v2\/categories?post=19927"},{"taxonomy":"post_tag","embeddable":true,"href":"https:\/\/stuttgarti-katolikusok.de\/index.php\/wp-json\/wp\/v2\/tags?post=19927"}],"curies":[{"name":"wp","href":"https:\/\/api.w.org\/{rel}","templated":true}]}}