{"id":19912,"date":"2020-07-08T04:42:45","date_gmt":"2020-07-08T04:42:45","guid":{"rendered":"https:\/\/gracious-dewdney.138-201-221-2.plesk.page\/?p=19912"},"modified":"2020-07-08T12:15:23","modified_gmt":"2020-07-08T12:15:23","slug":"schultheis-eva-szeljegyzet-egy-zarandoklat-margojara","status":"publish","type":"post","link":"https:\/\/stuttgarti-katolikusok.de\/index.php\/schultheis-eva-szeljegyzet-egy-zarandoklat-margojara\/","title":{"rendered":"Schultheis \u00c9va: Sz\u00e9ljegyzet egy zar\u00e1ndoklat marg\u00f3j\u00e1ra"},"content":{"rendered":"<p><span style=\"color: #000000;\"><strong>Sz\u00e9ljegyzet egy zar\u00e1ndoklat marg\u00f3j\u00e1ra<\/strong><\/span><\/p>\n<p><span style=\"color: #000000;\">&#8222;<em>Mi indulunk \u00a0s eg\u00e9sz \u00faton zeng az \u00e9nek\u00fcnk..<\/em>.&#8221;<\/span><\/p>\n<p>Szombat reggeli pillanatk\u00e9p. K\u00fcl\u00f6n\u00f6s \u00e9rz\u00e9s, izgalom \u00e9s \u00f6r\u00f6m egyvelege. Ez az els\u0151 alkalom, hogy r\u00e1sz\u00e1nom magam egy eg\u00e9sznapos zar\u00e1ndoklatra.\u00a0 A vonat indul\u00e1sa el\u0151tt p\u00e1r perccel h\u00edrek \u00f6z\u00f6nlenek a telefonomra. A csoport tagjai folyamatosan azon \u00e9lcel\u0151dnek, hogy mennyi finoms\u00e1g nem ker\u00fcl be ez\u00fattal a tariszny\u00e1ba, nem lesz porl\u00f3s, ki tudja, tal\u00e1n pog\u00e1csa sem. A hat\u00e1rtalan\u00a0j\u00f3kedv m\u00e1ris mindent p\u00f3tolni l\u00e1tszik. J\u00f3 tudnom, r\u00e1m is nagyon v\u00e1r valaki. V\u00e9g\u00fcl egy kisv\u00e1ros \u00e1llom\u00e1s\u00e1n \u00f6sszefutnak nem csak az utak, de az \u00e9rkez\u0151k is. Mosolyg\u00f3s emberek, feln\u0151ttek \u00e9s gyerekek, a viszontl\u00e1t\u00e1s \u00f6r\u00f6m\u00e9t\u0151l\u00a0t\u00falcsordulva\u00a0legsz\u00edvesebben egym\u00e1s nyak\u00e1ba boruln\u00e1nak \u00fcdv\u00f6zl\u00e9sk\u00e9nt. Azonban az aktu\u00e1lis szab\u00e1lyokhoz igazodva egyed\u00fcl a nevet\u00e9s marad, a k\u00f6ny\u00f6k\u00f6k \u00f6sszed\u00f6rg\u00f6l\u00e9se. Egym\u00e1s tekintet\u00e9ben felfedezz\u00fck a r\u00e9gi j\u00f3bar\u00e1tot&#8230;<\/p>\n<p>Ver\u0151f\u00e9nyes naps\u00fct\u00e9sben l\u00e1mp\u00e1sok n\u00e9lk\u00fcl indulunk el Szent M\u00e1rton \u00fatj\u00e1n. K\u00f6vetj\u00fck a hit \u00f6sv\u00e9ny\u00e9nek kiakn\u00e1zatlan lehet\u0151s\u00e9geit. Az id\u0151 nem t\u0171nik el, \u00e1tl\u00e9nyeg\u00fcl, minden\u00a0megtett l\u00e9p\u00e9ssel k\u00f6zelebb ker\u00fcl ahhoz az elhat\u00e1roz\u00e1shoz, amely az els\u0151 peregrinusokat is elind\u00edtotta a szeretet \u00e9s a szenved\u00e9s \u00fatj\u00e1n. A k\u00f6zel 23 km-es \u00fatszakasz bevezet\u0151 gondolatait lelkiaty\u00e1nk t\u00f6bbs\u00edk\u00fa sz\u00e1nd\u00e9kban fogalmazza meg: az \u00dar J\u00e9zus\u00a0 nyom\u00e1n felfedezni ezt a csod\u00e1latos vil\u00e1got, felfedezni egym\u00e1st, hordozni egym\u00e1st besz\u00e9lget\u00e9sben, \u00e9rt\u00e9ssel, szavakkal, t\u00e1mogat\u00e1ssal. Sz\u00e1nd\u00e9kunk b\u00e1rmi lehet, egyetlen bels\u0151 k\u00e9r\u00e9s vagy k\u00edv\u00e1ns\u00e1g, amelyet mindenki saj\u00e1t mag\u00e1ban fogalmaz meg.<\/p>\n<p>A &#8222;csigacsapat&#8221; m\u00e9g dalra fakad, megny\u00edlik \u00e9s megszentel\u0151dik a t\u00e9r. L\u00e1tunk modern templomot, ahol a szent\u00e9lyben elhelyezett sz\u00ednes \u00fcvegt\u00e1bl\u00e1k giottoi finoms\u00e1ggal form\u00e1zz\u00e1k meg a szentek arcait. Meredek l\u00e9pcs\u0151k\u00f6n \u00e1t haladva r\u00e1csod\u00e1lkozunk Herrenberg k\u00f6z\u00e9pkori b\u00e1j\u00e1ra, a hely szelleme megnyitja\u00a0sz\u00e1mukra a t\u00f6rt\u00e9nelem kapuit. A kil\u00e1t\u00f3ban j\u00f3kedvvel b\u00e1m\u00e9szkodunk \u00e9s csever\u00e9sz\u00fcnk. Miel\u0151tt az erd\u0151 s\u0171r\u0171j\u00e9ben\u00a0az els\u0151 igaz\u00e1n hossz\u00fa szakasznak nekifogunk, uzsonn\u00e1sdobozok nyilnak, azt\u00e1n m\u00e1r csak a v\u00e9gtelen \u00fat&#8230;<\/p>\n<p>Emberi sorsok, r\u00e9gi\u00a0eml\u00e9kek, bar\u00e1ti sz\u00e1lak, meghitt besz\u00e9lget\u00e9sek, ismerked\u00e9s, gyerekzsivaj, kutyacsahol\u00e1s, megsz\u00e1ml\u00e1lhatatlan pillanatk\u00e9p, percek t\u00f6rt r\u00e9szei sz\u00ednes sziv\u00e1rv\u00e1ny\u00edvk\u00e9nt\u00a0fesz\u00fclnek, mint erd\u0151 m\u00e9ly\u00e9n a l\u00e1bunk alatt eltaposott tavalyi avar, az es\u0151 \u00e1ztatta meredek, t\u00f3cs\u00e1s \u00f6sv\u00e9nyek ingov\u00e1nyai, sz\u00edvdobog\u00e1sunk, bels\u0151 lelki \u00e9bred\u00e9sek, a szemben\u00e9z\u00e9s \u00f6nmagunkkal.<\/p>\n<p>D\u00e9lid\u0151ben a kibontott tariszny\u00e1kban finoms\u00e1gok lapulnak, hazai kis\u00fcstit k\u00edn\u00e1lnak\u00a0a f\u00e9rfiak, szalonn\u00e1t, s\u00fctem\u00e9nyt \u00e9s \u00e9dess\u00e9get a h\u00f6lgyek.<\/p>\n<p>Felkerekedve \u00e9s tov\u00e1bbhaladva\u00a0nemcsak kid\u0151lt f\u00e1kat l\u00e1tunk, de id\u0151vel dacol\u00f3 \u00f3ri\u00e1sokat is, b\u00fazat\u00e1bl\u00e1t, t\u00e1voli falvak sziluetj\u00e9t, legel\u0151k b\u00e1rsony\u00e1t, birkany\u00e1jat. Tikkadtan \u00e9s a f\u00e1radts\u00e1g els\u0151 jeleivel Mauren k\u00f6z\u00e9pkori templom\u00e1nak v\u00e9n f\u0171zf\u00e1ja alatt \u00e1rny\u00e9kra lel\u00fcnk. Valamennyi rejtett \u00e9dess\u00e9g, m\u00e9g az utols\u00f3 szem cseresznye\u00a0 is gazd\u00e1ra tal\u00e1l. A gyerekcsapat lelkesed\u00e9se m\u00e9g t\u00f6retlen, h\u00e1tizs\u00e1kunk egyre k\u00f6nnyebb, viz\u00fcnk langyos, l\u00e1bunk elnehez\u00fcl.<\/p>\n<p>V\u00e9gc\u00e9lunk\u00a0az alig 5 km-re fekv\u0151 B\u00f6blingen. M\u00e1r nincs sok h\u00e1tra, m\u00e9gis most j\u00f6tt el az id\u0151,\u00a0 hogy hordozzuk egym\u00e1st, m\u00e9g visz ugyan az akarat, de fogyt\u00e1n az er\u0151. Az apr\u00f3k egyre cs\u00fcggedtebben v\u00e1rj\u00e1k az \u00e9rkez\u00e9s boldog pillanat\u00e1t. \u00c9n mindek\u00f6zben saj\u00e1t otthonomr\u00f3l elm\u00e9lkedem, egy k\u00f6zel nyolcvan \u00e9ve v\u00e9rz\u0151 sz\u00edv\u0171 v\u00e1rosr\u00f3l, amely b\u00e1r \u00a0k\u00fcls\u0151 hegeit gy\u00f3gy\u00edtani l\u00e1tszik, a h\u00e1bor\u00faban elszenvedett bels\u0151 sebeket m\u00e9gsem feledheti el. A t\u00f3 melletti tiszt\u00e1son \u00f6ssze\u00e9rnek a lelkek, a kezek \u00e9s a l\u00e1bak, v\u00e9gre pihen\u00e9s, v\u00e9gre fagylalt, alig 8oo m\u00e9terrel a c\u00e9l el\u0151tt \u00fajra\u00e9led er\u0151.<\/p>\n<p>Szent Bonif\u00e1c templom\u00e1t sajnos m\u00e1r nem csod\u00e1lhatjuk meg bel\u00fclr\u0151l, pedig az apszis k\u00fcl\u00f6nleges mozaikja, a f\u00f6ldgoly\u00f3n tr\u00f3nol\u00f3 Krisztus, k\u00f6r\u00f6tte a szent\u00edr\u00e1s legfontosabb mondat\u00e1val meg\u00e9rn\u00e9 a l\u00e1tv\u00e1nyt: \u201e<em>\u00c9n\u00a0vagyok\u00a0az\u00a0\u00fat, az\u00a0igazs\u00e1<\/em><em>g<\/em><em>\u00a0\u00e9s az\u00a0\u00e9let. \u2013 Senki sem juthat el az Aty\u00e1hoz, csak \u00e1ltalam<\/em>.\u201c (<em>J\u00e1n. 14,6)\u00a0<\/em>\u00a0A templom m\u00f6g\u00f6tti k\u00f6rt\u00e9r m\u00e1r a Szent M\u00e1rton \u00fat v\u00e9g\u00e9t jelzi. Csapatunk z\u00e1r\u00f3im\u00e1t mond.<\/p>\n<p>Az \u00fat l\u00e9p\u00e9sei sz\u00edv\u00fcnkben is megtett l\u00e9p\u00e9sek, a J\u00f3isten szeret\u0151 \u00f6lel\u00e9se, egy csod\u00e1s kegyelmi aj\u00e1nd\u00e9k, melynek v\u00e9g\u00e9n maga a Teremt\u0151 fogad minket t\u00e1rt karokkal.<\/p>\n<p><em>&#8222;Mert h\u0171s\u00e9ges vagy Isten, \u00f6r\u00f6k Isten\u00fcnk!&#8221;<\/em><\/p>\n<p>K\u00f6sz\u00f6nettel a szervez\u0151knek, kicsiknek \u00e9s nagyoknak egyar\u00e1nt, akik j\u00falius els\u0151 szombatj\u00e1n velem egy\u00fctt v\u00e9gigj\u00e1rt\u00e1k Szent M\u00e1rton \u00fatj\u00e1t!<\/p>\n<p><em>Schultheis \u00c9va\u00a0<\/em><\/p>\n<p><em><span style=\"color: #000000;\">Fogadj\u00e1tok szeretettel D\u00e1vid Ferenc k\u00e9sz\u00edtette k\u00e9peket!<\/span><\/em><\/p>\n                    <div class=\"flicgal-gallery-wrapper gallery-19916\">\n                                                    <h3 class=\"flicgal-title\">Szent M\u00e1rton zar\u00e1ndoklat &#8211; 2020<\/h3>\n                                                <div class=\"flicgal-gallery-container-wrapper\">\n                            <div class=\"flicgal-spinner-wrapper\">\n                                <div class=\"flicgal-loading-img\"><img decoding=\"async\" src=\"https:\/\/stuttgarti-katolikusok.de\/wp-content\/plugins\/flickr-album-gallery\/img\/loading.gif\" \/><\/div>\n                            <\/div>\n                            <div class=\"flicgal-gallery-container\"><\/div>\n                        <\/div>\n                        <!-- Blueimp gallery -->\n                        <div id=\"blueimp-gallery-19916\" class=\"blueimp-gallery blueimp-gallery-controls\">\n                            <div class=\"slides\"><\/div>\n                            <h3 class=\"title\"><\/h3>\n                            <a class=\"prev\">\u2039<\/a>\n                            <a class=\"next\">\u203a<\/a>\n                            <a class=\"close\">\u00d7<\/a>\n                            <a class=\"play-pause\"><\/a>\n                            <ol class=\"indicator\"><\/ol>\n                        <\/div>\n                    <\/div>\n                    \n            \n<p>&nbsp;<\/p>\n","protected":false},"excerpt":{"rendered":"<p>Sz\u00e9ljegyzet egy zar\u00e1ndoklat marg\u00f3j\u00e1ra &#8222;Mi indulunk \u00a0s eg\u00e9sz \u00faton zeng az \u00e9nek\u00fcnk&#8230;&#8221; Szombat reggeli pillanatk\u00e9p. K\u00fcl\u00f6n\u00f6s \u00e9rz\u00e9s, izgalom \u00e9s \u00f6r\u00f6m egyvelege. Ez az els\u0151 alkalom, hogy r\u00e1sz\u00e1nom magam egy eg\u00e9sznapos zar\u00e1ndoklatra.\u00a0 A vonat indul\u00e1sa el\u0151tt p\u00e1r perccel h\u00edrek \u00f6z\u00f6nlenek a telefonomra. A csoport tagjai folyamatosan azon \u00e9lcel\u0151dnek, hogy mennyi finoms\u00e1g nem ker\u00fcl be ez\u00fattal a tariszny\u00e1ba, nem lesz porl\u00f3s, ki tudja, tal\u00e1n pog\u00e1csa sem. A hat\u00e1rtalan\u00a0j\u00f3kedv m\u00e1ris mindent p\u00f3tolni l\u00e1tszik. J\u00f3 tudnom, r\u00e1m is nagyon v\u00e1r valaki. V\u00e9g\u00fcl egy kisv\u00e1ros \u00e1llom\u00e1s\u00e1n \u00f6sszefutnak nem csak az utak, de az \u00e9rkez\u0151k is. Mosolyg\u00f3s emberek, feln\u0151ttek \u00e9s gyerekek, a viszontl\u00e1t\u00e1s \u00f6r\u00f6m\u00e9t\u0151l\u00a0t\u00falcsordulva\u00a0legsz\u00edvesebben egym\u00e1s nyak\u00e1ba boruln\u00e1nak \u00fcdv\u00f6zl\u00e9sk\u00e9nt. Azonban az aktu\u00e1lis szab\u00e1lyokhoz igazodva egyed\u00fcl a nevet\u00e9s marad, a k\u00f6ny\u00f6k\u00f6k \u00f6sszed\u00f6rg\u00f6l\u00e9se. Egym\u00e1s tekintet\u00e9ben felfedezz\u00fck a r\u00e9gi j\u00f3bar\u00e1tot&#8230; Ver\u0151f\u00e9nyes naps\u00fct\u00e9sben l\u00e1mp\u00e1sok n\u00e9lk\u00fcl indulunk el Szent M\u00e1rton \u00fatj\u00e1n. K\u00f6vetj\u00fck a hit \u00f6sv\u00e9ny\u00e9nek kiakn\u00e1zatlan lehet\u0151s\u00e9geit. Az id\u0151 nem t\u0171nik el, \u00e1tl\u00e9nyeg\u00fcl, minden\u00a0megtett l\u00e9p\u00e9ssel k\u00f6zelebb ker\u00fcl ahhoz az elhat\u00e1roz\u00e1shoz, amely az els\u0151 peregrinusokat is elind\u00edtotta a szeretet \u00e9s a szenved\u00e9s \u00fatj\u00e1n. A k\u00f6zel 23 km-es \u00fatszakasz bevezet\u0151 gondolatait lelkiaty\u00e1nk t\u00f6bbs\u00edk\u00fa sz\u00e1nd\u00e9kban fogalmazza meg: az \u00dar J\u00e9zus\u00a0 nyom\u00e1n felfedezni ezt a csod\u00e1latos vil\u00e1got, felfedezni egym\u00e1st, hordozni egym\u00e1st besz\u00e9lget\u00e9sben, \u00e9rt\u00e9ssel, szavakkal, t\u00e1mogat\u00e1ssal. Sz\u00e1nd\u00e9kunk b\u00e1rmi lehet, egyetlen bels\u0151 k\u00e9r\u00e9s vagy k\u00edv\u00e1ns\u00e1g, amelyet mindenki saj\u00e1t mag\u00e1ban fogalmaz meg. A &#8222;csigacsapat&#8221; m\u00e9g dalra fakad, megny\u00edlik \u00e9s megszentel\u0151dik a t\u00e9r. L\u00e1tunk modern templomot, ahol a szent\u00e9lyben elhelyezett sz\u00ednes \u00fcvegt\u00e1bl\u00e1k giottoi finoms\u00e1ggal form\u00e1zz\u00e1k meg a szentek arcait. Meredek l\u00e9pcs\u0151k\u00f6n \u00e1t haladva r\u00e1csod\u00e1lkozunk Herrenberg k\u00f6z\u00e9pkori b\u00e1j\u00e1ra, a hely szelleme megnyitja\u00a0sz\u00e1mukra a t\u00f6rt\u00e9nelem kapuit. A kil\u00e1t\u00f3ban j\u00f3kedvvel b\u00e1m\u00e9szkodunk \u00e9s csever\u00e9sz\u00fcnk. Miel\u0151tt az erd\u0151 s\u0171r\u0171j\u00e9ben\u00a0az els\u0151 igaz\u00e1n hossz\u00fa szakasznak nekifogunk, uzsonn\u00e1sdobozok nyilnak, azt\u00e1n m\u00e1r csak a v\u00e9gtelen \u00fat&#8230; Emberi sorsok, r\u00e9gi\u00a0eml\u00e9kek, bar\u00e1ti sz\u00e1lak, meghitt besz\u00e9lget\u00e9sek, ismerked\u00e9s, gyerekzsivaj, kutyacsahol\u00e1s, megsz\u00e1ml\u00e1lhatatlan pillanatk\u00e9p, percek t\u00f6rt r\u00e9szei sz\u00ednes sziv\u00e1rv\u00e1ny\u00edvk\u00e9nt\u00a0fesz\u00fclnek, mint erd\u0151 m\u00e9ly\u00e9n a l\u00e1bunk alatt eltaposott tavalyi avar, az es\u0151 \u00e1ztatta meredek, t\u00f3cs\u00e1s \u00f6sv\u00e9nyek ingov\u00e1nyai,&#8230; <\/p>\n<p><a class=\"readmore\" href=\"https:\/\/stuttgarti-katolikusok.de\/?fa_gallery=19916\">R\u00e9szletek<\/a><\/p>\n","protected":false},"author":3,"featured_media":19913,"comment_status":"closed","ping_status":"closed","sticky":false,"template":"","format":"standard","meta":{"footnotes":""},"categories":[28],"tags":[],"class_list":["post-19912","post","type-post","status-publish","format-standard","has-post-thumbnail","hentry","category-olvasoink-irjak"],"yoast_head":"<!-- This site is optimized with the Yoast SEO plugin v27.3 - https:\/\/yoast.com\/product\/yoast-seo-wordpress\/ -->\n<title>Schultheis \u00c9va: Sz\u00e9ljegyzet egy zar\u00e1ndoklat marg\u00f3j\u00e1ra - Stuttgarti Katolikusok<\/title>\n<meta name=\"robots\" content=\"index, follow, max-snippet:-1, max-image-preview:large, max-video-preview:-1\" \/>\n<link rel=\"canonical\" href=\"https:\/\/stuttgarti-katolikusok.de\/index.php\/schultheis-eva-szeljegyzet-egy-zarandoklat-margojara\/\" \/>\n<meta property=\"og:locale\" content=\"hu_HU\" \/>\n<meta property=\"og:type\" content=\"article\" \/>\n<meta property=\"og:title\" content=\"Schultheis \u00c9va: Sz\u00e9ljegyzet egy zar\u00e1ndoklat marg\u00f3j\u00e1ra - Stuttgarti Katolikusok\" \/>\n<meta property=\"og:description\" content=\"Sz\u00e9ljegyzet egy zar\u00e1ndoklat marg\u00f3j\u00e1ra &#8222;Mi indulunk \u00a0s eg\u00e9sz \u00faton zeng az \u00e9nek\u00fcnk...&#8221; Szombat reggeli pillanatk\u00e9p. K\u00fcl\u00f6n\u00f6s \u00e9rz\u00e9s, izgalom \u00e9s \u00f6r\u00f6m egyvelege. Ez az els\u0151 alkalom, hogy r\u00e1sz\u00e1nom magam egy eg\u00e9sznapos zar\u00e1ndoklatra.\u00a0 A vonat indul\u00e1sa el\u0151tt p\u00e1r perccel h\u00edrek \u00f6z\u00f6nlenek a telefonomra. A csoport tagjai folyamatosan azon \u00e9lcel\u0151dnek, hogy mennyi finoms\u00e1g nem ker\u00fcl be ez\u00fattal a tariszny\u00e1ba, nem lesz porl\u00f3s, ki tudja, tal\u00e1n pog\u00e1csa sem. A hat\u00e1rtalan\u00a0j\u00f3kedv m\u00e1ris mindent p\u00f3tolni l\u00e1tszik. J\u00f3 tudnom, r\u00e1m is nagyon v\u00e1r valaki. V\u00e9g\u00fcl egy kisv\u00e1ros \u00e1llom\u00e1s\u00e1n \u00f6sszefutnak nem csak az utak, de az \u00e9rkez\u0151k is. Mosolyg\u00f3s emberek, feln\u0151ttek \u00e9s gyerekek, a viszontl\u00e1t\u00e1s \u00f6r\u00f6m\u00e9t\u0151l\u00a0t\u00falcsordulva\u00a0legsz\u00edvesebben egym\u00e1s nyak\u00e1ba boruln\u00e1nak \u00fcdv\u00f6zl\u00e9sk\u00e9nt. Azonban az aktu\u00e1lis szab\u00e1lyokhoz igazodva egyed\u00fcl a nevet\u00e9s marad, a k\u00f6ny\u00f6k\u00f6k \u00f6sszed\u00f6rg\u00f6l\u00e9se. Egym\u00e1s tekintet\u00e9ben felfedezz\u00fck a r\u00e9gi j\u00f3bar\u00e1tot&#8230; Ver\u0151f\u00e9nyes naps\u00fct\u00e9sben l\u00e1mp\u00e1sok n\u00e9lk\u00fcl indulunk el Szent M\u00e1rton \u00fatj\u00e1n. K\u00f6vetj\u00fck a hit \u00f6sv\u00e9ny\u00e9nek kiakn\u00e1zatlan lehet\u0151s\u00e9geit. Az id\u0151 nem t\u0171nik el, \u00e1tl\u00e9nyeg\u00fcl, minden\u00a0megtett l\u00e9p\u00e9ssel k\u00f6zelebb ker\u00fcl ahhoz az elhat\u00e1roz\u00e1shoz, amely az els\u0151 peregrinusokat is elind\u00edtotta a szeretet \u00e9s a szenved\u00e9s \u00fatj\u00e1n. A k\u00f6zel 23 km-es \u00fatszakasz bevezet\u0151 gondolatait lelkiaty\u00e1nk t\u00f6bbs\u00edk\u00fa sz\u00e1nd\u00e9kban fogalmazza meg: az \u00dar J\u00e9zus\u00a0 nyom\u00e1n felfedezni ezt a csod\u00e1latos vil\u00e1got, felfedezni egym\u00e1st, hordozni egym\u00e1st besz\u00e9lget\u00e9sben, \u00e9rt\u00e9ssel, szavakkal, t\u00e1mogat\u00e1ssal. Sz\u00e1nd\u00e9kunk b\u00e1rmi lehet, egyetlen bels\u0151 k\u00e9r\u00e9s vagy k\u00edv\u00e1ns\u00e1g, amelyet mindenki saj\u00e1t mag\u00e1ban fogalmaz meg. A &#8222;csigacsapat&#8221; m\u00e9g dalra fakad, megny\u00edlik \u00e9s megszentel\u0151dik a t\u00e9r. L\u00e1tunk modern templomot, ahol a szent\u00e9lyben elhelyezett sz\u00ednes \u00fcvegt\u00e1bl\u00e1k giottoi finoms\u00e1ggal form\u00e1zz\u00e1k meg a szentek arcait. Meredek l\u00e9pcs\u0151k\u00f6n \u00e1t haladva r\u00e1csod\u00e1lkozunk Herrenberg k\u00f6z\u00e9pkori b\u00e1j\u00e1ra, a hely szelleme megnyitja\u00a0sz\u00e1mukra a t\u00f6rt\u00e9nelem kapuit. A kil\u00e1t\u00f3ban j\u00f3kedvvel b\u00e1m\u00e9szkodunk \u00e9s csever\u00e9sz\u00fcnk. Miel\u0151tt az erd\u0151 s\u0171r\u0171j\u00e9ben\u00a0az els\u0151 igaz\u00e1n hossz\u00fa szakasznak nekifogunk, uzsonn\u00e1sdobozok nyilnak, azt\u00e1n m\u00e1r csak a v\u00e9gtelen \u00fat&#8230; Emberi sorsok, r\u00e9gi\u00a0eml\u00e9kek, bar\u00e1ti sz\u00e1lak, meghitt besz\u00e9lget\u00e9sek, ismerked\u00e9s, gyerekzsivaj, kutyacsahol\u00e1s, megsz\u00e1ml\u00e1lhatatlan pillanatk\u00e9p, percek t\u00f6rt r\u00e9szei sz\u00ednes sziv\u00e1rv\u00e1ny\u00edvk\u00e9nt\u00a0fesz\u00fclnek, mint erd\u0151 m\u00e9ly\u00e9n a l\u00e1bunk alatt eltaposott tavalyi avar, az es\u0151 \u00e1ztatta meredek, t\u00f3cs\u00e1s \u00f6sv\u00e9nyek ingov\u00e1nyai,... R\u00e9szletek\" \/>\n<meta property=\"og:url\" content=\"https:\/\/stuttgarti-katolikusok.de\/index.php\/schultheis-eva-szeljegyzet-egy-zarandoklat-margojara\/\" \/>\n<meta property=\"og:site_name\" content=\"Stuttgarti Katolikusok\" \/>\n<meta property=\"article:published_time\" content=\"2020-07-08T04:42:45+00:00\" \/>\n<meta property=\"article:modified_time\" content=\"2020-07-08T12:15:23+00:00\" \/>\n<meta property=\"og:image\" content=\"https:\/\/stuttgarti-katolikusok.de\/wp-content\/uploads\/2020\/07\/kollazs.jpg\" \/>\n\t<meta property=\"og:image:width\" content=\"1500\" \/>\n\t<meta property=\"og:image:height\" content=\"1200\" \/>\n\t<meta property=\"og:image:type\" content=\"image\/jpeg\" \/>\n<meta name=\"author\" content=\"Tibor atya\" \/>\n<meta name=\"twitter:card\" content=\"summary_large_image\" \/>\n<meta name=\"twitter:label1\" content=\"Szerz\u0151:\" \/>\n\t<meta name=\"twitter:data1\" content=\"Tibor atya\" \/>\n\t<meta name=\"twitter:label2\" content=\"Becs\u00fclt olvas\u00e1si id\u0151\" \/>\n\t<meta name=\"twitter:data2\" content=\"5 perc\" \/>\n<script type=\"application\/ld+json\" class=\"yoast-schema-graph\">{\"@context\":\"https:\\\/\\\/schema.org\",\"@graph\":[{\"@type\":\"Article\",\"@id\":\"https:\\\/\\\/stuttgarti-katolikusok.de\\\/index.php\\\/schultheis-eva-szeljegyzet-egy-zarandoklat-margojara\\\/#article\",\"isPartOf\":{\"@id\":\"https:\\\/\\\/stuttgarti-katolikusok.de\\\/index.php\\\/schultheis-eva-szeljegyzet-egy-zarandoklat-margojara\\\/\"},\"author\":{\"name\":\"Tibor atya\",\"@id\":\"https:\\\/\\\/stuttgarti-katolikusok.de\\\/#\\\/schema\\\/person\\\/75908d6f8fdc03a57889d27209df7795\"},\"headline\":\"Schultheis \u00c9va: Sz\u00e9ljegyzet egy zar\u00e1ndoklat marg\u00f3j\u00e1ra\",\"datePublished\":\"2020-07-08T04:42:45+00:00\",\"dateModified\":\"2020-07-08T12:15:23+00:00\",\"mainEntityOfPage\":{\"@id\":\"https:\\\/\\\/stuttgarti-katolikusok.de\\\/index.php\\\/schultheis-eva-szeljegyzet-egy-zarandoklat-margojara\\\/\"},\"wordCount\":962,\"image\":{\"@id\":\"https:\\\/\\\/stuttgarti-katolikusok.de\\\/index.php\\\/schultheis-eva-szeljegyzet-egy-zarandoklat-margojara\\\/#primaryimage\"},\"thumbnailUrl\":\"https:\\\/\\\/stuttgarti-katolikusok.de\\\/wp-content\\\/uploads\\\/2020\\\/07\\\/kollazs.jpg\",\"articleSection\":[\"Olvas\u00f3ink \u00edrj\u00e1k\"],\"inLanguage\":\"hu\"},{\"@type\":\"WebPage\",\"@id\":\"https:\\\/\\\/stuttgarti-katolikusok.de\\\/index.php\\\/schultheis-eva-szeljegyzet-egy-zarandoklat-margojara\\\/\",\"url\":\"https:\\\/\\\/stuttgarti-katolikusok.de\\\/index.php\\\/schultheis-eva-szeljegyzet-egy-zarandoklat-margojara\\\/\",\"name\":\"Schultheis \u00c9va: Sz\u00e9ljegyzet egy zar\u00e1ndoklat marg\u00f3j\u00e1ra - Stuttgarti Katolikusok\",\"isPartOf\":{\"@id\":\"https:\\\/\\\/stuttgarti-katolikusok.de\\\/#website\"},\"primaryImageOfPage\":{\"@id\":\"https:\\\/\\\/stuttgarti-katolikusok.de\\\/index.php\\\/schultheis-eva-szeljegyzet-egy-zarandoklat-margojara\\\/#primaryimage\"},\"image\":{\"@id\":\"https:\\\/\\\/stuttgarti-katolikusok.de\\\/index.php\\\/schultheis-eva-szeljegyzet-egy-zarandoklat-margojara\\\/#primaryimage\"},\"thumbnailUrl\":\"https:\\\/\\\/stuttgarti-katolikusok.de\\\/wp-content\\\/uploads\\\/2020\\\/07\\\/kollazs.jpg\",\"datePublished\":\"2020-07-08T04:42:45+00:00\",\"dateModified\":\"2020-07-08T12:15:23+00:00\",\"author\":{\"@id\":\"https:\\\/\\\/stuttgarti-katolikusok.de\\\/#\\\/schema\\\/person\\\/75908d6f8fdc03a57889d27209df7795\"},\"breadcrumb\":{\"@id\":\"https:\\\/\\\/stuttgarti-katolikusok.de\\\/index.php\\\/schultheis-eva-szeljegyzet-egy-zarandoklat-margojara\\\/#breadcrumb\"},\"inLanguage\":\"hu\",\"potentialAction\":[{\"@type\":\"ReadAction\",\"target\":[\"https:\\\/\\\/stuttgarti-katolikusok.de\\\/index.php\\\/schultheis-eva-szeljegyzet-egy-zarandoklat-margojara\\\/\"]}]},{\"@type\":\"ImageObject\",\"inLanguage\":\"hu\",\"@id\":\"https:\\\/\\\/stuttgarti-katolikusok.de\\\/index.php\\\/schultheis-eva-szeljegyzet-egy-zarandoklat-margojara\\\/#primaryimage\",\"url\":\"https:\\\/\\\/stuttgarti-katolikusok.de\\\/wp-content\\\/uploads\\\/2020\\\/07\\\/kollazs.jpg\",\"contentUrl\":\"https:\\\/\\\/stuttgarti-katolikusok.de\\\/wp-content\\\/uploads\\\/2020\\\/07\\\/kollazs.jpg\",\"width\":1500,\"height\":1200},{\"@type\":\"BreadcrumbList\",\"@id\":\"https:\\\/\\\/stuttgarti-katolikusok.de\\\/index.php\\\/schultheis-eva-szeljegyzet-egy-zarandoklat-margojara\\\/#breadcrumb\",\"itemListElement\":[{\"@type\":\"ListItem\",\"position\":1,\"name\":\"Kezd\u0151lap\",\"item\":\"https:\\\/\\\/stuttgarti-katolikusok.de\\\/\"},{\"@type\":\"ListItem\",\"position\":2,\"name\":\"Schultheis \u00c9va: Sz\u00e9ljegyzet egy zar\u00e1ndoklat marg\u00f3j\u00e1ra\"}]},{\"@type\":\"WebSite\",\"@id\":\"https:\\\/\\\/stuttgarti-katolikusok.de\\\/#website\",\"url\":\"https:\\\/\\\/stuttgarti-katolikusok.de\\\/\",\"name\":\"Stuttgarti Katolikusok\",\"description\":\"\",\"potentialAction\":[{\"@type\":\"SearchAction\",\"target\":{\"@type\":\"EntryPoint\",\"urlTemplate\":\"https:\\\/\\\/stuttgarti-katolikusok.de\\\/?s={search_term_string}\"},\"query-input\":{\"@type\":\"PropertyValueSpecification\",\"valueRequired\":true,\"valueName\":\"search_term_string\"}}],\"inLanguage\":\"hu\"},{\"@type\":\"Person\",\"@id\":\"https:\\\/\\\/stuttgarti-katolikusok.de\\\/#\\\/schema\\\/person\\\/75908d6f8fdc03a57889d27209df7795\",\"name\":\"Tibor atya\",\"image\":{\"@type\":\"ImageObject\",\"inLanguage\":\"hu\",\"@id\":\"https:\\\/\\\/secure.gravatar.com\\\/avatar\\\/61d268e57d1f4525b111222e29d2d5a7f8c420fdbf231ba5566a8ceac74fa960?s=96&d=mm&r=g\",\"url\":\"https:\\\/\\\/secure.gravatar.com\\\/avatar\\\/61d268e57d1f4525b111222e29d2d5a7f8c420fdbf231ba5566a8ceac74fa960?s=96&d=mm&r=g\",\"contentUrl\":\"https:\\\/\\\/secure.gravatar.com\\\/avatar\\\/61d268e57d1f4525b111222e29d2d5a7f8c420fdbf231ba5566a8ceac74fa960?s=96&d=mm&r=g\",\"caption\":\"Tibor atya\"},\"url\":\"https:\\\/\\\/stuttgarti-katolikusok.de\\\/index.php\\\/author\\\/tibor-atya\\\/\"}]}<\/script>\n<!-- \/ Yoast SEO plugin. -->","yoast_head_json":{"title":"Schultheis \u00c9va: Sz\u00e9ljegyzet egy zar\u00e1ndoklat marg\u00f3j\u00e1ra - Stuttgarti Katolikusok","robots":{"index":"index","follow":"follow","max-snippet":"max-snippet:-1","max-image-preview":"max-image-preview:large","max-video-preview":"max-video-preview:-1"},"canonical":"https:\/\/stuttgarti-katolikusok.de\/index.php\/schultheis-eva-szeljegyzet-egy-zarandoklat-margojara\/","og_locale":"hu_HU","og_type":"article","og_title":"Schultheis \u00c9va: Sz\u00e9ljegyzet egy zar\u00e1ndoklat marg\u00f3j\u00e1ra - Stuttgarti Katolikusok","og_description":"Sz\u00e9ljegyzet egy zar\u00e1ndoklat marg\u00f3j\u00e1ra &#8222;Mi indulunk \u00a0s eg\u00e9sz \u00faton zeng az \u00e9nek\u00fcnk...&#8221; Szombat reggeli pillanatk\u00e9p. K\u00fcl\u00f6n\u00f6s \u00e9rz\u00e9s, izgalom \u00e9s \u00f6r\u00f6m egyvelege. Ez az els\u0151 alkalom, hogy r\u00e1sz\u00e1nom magam egy eg\u00e9sznapos zar\u00e1ndoklatra.\u00a0 A vonat indul\u00e1sa el\u0151tt p\u00e1r perccel h\u00edrek \u00f6z\u00f6nlenek a telefonomra. A csoport tagjai folyamatosan azon \u00e9lcel\u0151dnek, hogy mennyi finoms\u00e1g nem ker\u00fcl be ez\u00fattal a tariszny\u00e1ba, nem lesz porl\u00f3s, ki tudja, tal\u00e1n pog\u00e1csa sem. A hat\u00e1rtalan\u00a0j\u00f3kedv m\u00e1ris mindent p\u00f3tolni l\u00e1tszik. J\u00f3 tudnom, r\u00e1m is nagyon v\u00e1r valaki. V\u00e9g\u00fcl egy kisv\u00e1ros \u00e1llom\u00e1s\u00e1n \u00f6sszefutnak nem csak az utak, de az \u00e9rkez\u0151k is. Mosolyg\u00f3s emberek, feln\u0151ttek \u00e9s gyerekek, a viszontl\u00e1t\u00e1s \u00f6r\u00f6m\u00e9t\u0151l\u00a0t\u00falcsordulva\u00a0legsz\u00edvesebben egym\u00e1s nyak\u00e1ba boruln\u00e1nak \u00fcdv\u00f6zl\u00e9sk\u00e9nt. Azonban az aktu\u00e1lis szab\u00e1lyokhoz igazodva egyed\u00fcl a nevet\u00e9s marad, a k\u00f6ny\u00f6k\u00f6k \u00f6sszed\u00f6rg\u00f6l\u00e9se. Egym\u00e1s tekintet\u00e9ben felfedezz\u00fck a r\u00e9gi j\u00f3bar\u00e1tot&#8230; Ver\u0151f\u00e9nyes naps\u00fct\u00e9sben l\u00e1mp\u00e1sok n\u00e9lk\u00fcl indulunk el Szent M\u00e1rton \u00fatj\u00e1n. K\u00f6vetj\u00fck a hit \u00f6sv\u00e9ny\u00e9nek kiakn\u00e1zatlan lehet\u0151s\u00e9geit. Az id\u0151 nem t\u0171nik el, \u00e1tl\u00e9nyeg\u00fcl, minden\u00a0megtett l\u00e9p\u00e9ssel k\u00f6zelebb ker\u00fcl ahhoz az elhat\u00e1roz\u00e1shoz, amely az els\u0151 peregrinusokat is elind\u00edtotta a szeretet \u00e9s a szenved\u00e9s \u00fatj\u00e1n. A k\u00f6zel 23 km-es \u00fatszakasz bevezet\u0151 gondolatait lelkiaty\u00e1nk t\u00f6bbs\u00edk\u00fa sz\u00e1nd\u00e9kban fogalmazza meg: az \u00dar J\u00e9zus\u00a0 nyom\u00e1n felfedezni ezt a csod\u00e1latos vil\u00e1got, felfedezni egym\u00e1st, hordozni egym\u00e1st besz\u00e9lget\u00e9sben, \u00e9rt\u00e9ssel, szavakkal, t\u00e1mogat\u00e1ssal. Sz\u00e1nd\u00e9kunk b\u00e1rmi lehet, egyetlen bels\u0151 k\u00e9r\u00e9s vagy k\u00edv\u00e1ns\u00e1g, amelyet mindenki saj\u00e1t mag\u00e1ban fogalmaz meg. A &#8222;csigacsapat&#8221; m\u00e9g dalra fakad, megny\u00edlik \u00e9s megszentel\u0151dik a t\u00e9r. L\u00e1tunk modern templomot, ahol a szent\u00e9lyben elhelyezett sz\u00ednes \u00fcvegt\u00e1bl\u00e1k giottoi finoms\u00e1ggal form\u00e1zz\u00e1k meg a szentek arcait. Meredek l\u00e9pcs\u0151k\u00f6n \u00e1t haladva r\u00e1csod\u00e1lkozunk Herrenberg k\u00f6z\u00e9pkori b\u00e1j\u00e1ra, a hely szelleme megnyitja\u00a0sz\u00e1mukra a t\u00f6rt\u00e9nelem kapuit. A kil\u00e1t\u00f3ban j\u00f3kedvvel b\u00e1m\u00e9szkodunk \u00e9s csever\u00e9sz\u00fcnk. Miel\u0151tt az erd\u0151 s\u0171r\u0171j\u00e9ben\u00a0az els\u0151 igaz\u00e1n hossz\u00fa szakasznak nekifogunk, uzsonn\u00e1sdobozok nyilnak, azt\u00e1n m\u00e1r csak a v\u00e9gtelen \u00fat&#8230; Emberi sorsok, r\u00e9gi\u00a0eml\u00e9kek, bar\u00e1ti sz\u00e1lak, meghitt besz\u00e9lget\u00e9sek, ismerked\u00e9s, gyerekzsivaj, kutyacsahol\u00e1s, megsz\u00e1ml\u00e1lhatatlan pillanatk\u00e9p, percek t\u00f6rt r\u00e9szei sz\u00ednes sziv\u00e1rv\u00e1ny\u00edvk\u00e9nt\u00a0fesz\u00fclnek, mint erd\u0151 m\u00e9ly\u00e9n a l\u00e1bunk alatt eltaposott tavalyi avar, az es\u0151 \u00e1ztatta meredek, t\u00f3cs\u00e1s \u00f6sv\u00e9nyek ingov\u00e1nyai,... R\u00e9szletek","og_url":"https:\/\/stuttgarti-katolikusok.de\/index.php\/schultheis-eva-szeljegyzet-egy-zarandoklat-margojara\/","og_site_name":"Stuttgarti Katolikusok","article_published_time":"2020-07-08T04:42:45+00:00","article_modified_time":"2020-07-08T12:15:23+00:00","og_image":[{"width":1500,"height":1200,"url":"https:\/\/stuttgarti-katolikusok.de\/wp-content\/uploads\/2020\/07\/kollazs.jpg","type":"image\/jpeg"}],"author":"Tibor atya","twitter_card":"summary_large_image","twitter_misc":{"Szerz\u0151:":"Tibor atya","Becs\u00fclt olvas\u00e1si id\u0151":"5 perc"},"schema":{"@context":"https:\/\/schema.org","@graph":[{"@type":"Article","@id":"https:\/\/stuttgarti-katolikusok.de\/index.php\/schultheis-eva-szeljegyzet-egy-zarandoklat-margojara\/#article","isPartOf":{"@id":"https:\/\/stuttgarti-katolikusok.de\/index.php\/schultheis-eva-szeljegyzet-egy-zarandoklat-margojara\/"},"author":{"name":"Tibor atya","@id":"https:\/\/stuttgarti-katolikusok.de\/#\/schema\/person\/75908d6f8fdc03a57889d27209df7795"},"headline":"Schultheis \u00c9va: Sz\u00e9ljegyzet egy zar\u00e1ndoklat marg\u00f3j\u00e1ra","datePublished":"2020-07-08T04:42:45+00:00","dateModified":"2020-07-08T12:15:23+00:00","mainEntityOfPage":{"@id":"https:\/\/stuttgarti-katolikusok.de\/index.php\/schultheis-eva-szeljegyzet-egy-zarandoklat-margojara\/"},"wordCount":962,"image":{"@id":"https:\/\/stuttgarti-katolikusok.de\/index.php\/schultheis-eva-szeljegyzet-egy-zarandoklat-margojara\/#primaryimage"},"thumbnailUrl":"https:\/\/stuttgarti-katolikusok.de\/wp-content\/uploads\/2020\/07\/kollazs.jpg","articleSection":["Olvas\u00f3ink \u00edrj\u00e1k"],"inLanguage":"hu"},{"@type":"WebPage","@id":"https:\/\/stuttgarti-katolikusok.de\/index.php\/schultheis-eva-szeljegyzet-egy-zarandoklat-margojara\/","url":"https:\/\/stuttgarti-katolikusok.de\/index.php\/schultheis-eva-szeljegyzet-egy-zarandoklat-margojara\/","name":"Schultheis \u00c9va: Sz\u00e9ljegyzet egy zar\u00e1ndoklat marg\u00f3j\u00e1ra - Stuttgarti Katolikusok","isPartOf":{"@id":"https:\/\/stuttgarti-katolikusok.de\/#website"},"primaryImageOfPage":{"@id":"https:\/\/stuttgarti-katolikusok.de\/index.php\/schultheis-eva-szeljegyzet-egy-zarandoklat-margojara\/#primaryimage"},"image":{"@id":"https:\/\/stuttgarti-katolikusok.de\/index.php\/schultheis-eva-szeljegyzet-egy-zarandoklat-margojara\/#primaryimage"},"thumbnailUrl":"https:\/\/stuttgarti-katolikusok.de\/wp-content\/uploads\/2020\/07\/kollazs.jpg","datePublished":"2020-07-08T04:42:45+00:00","dateModified":"2020-07-08T12:15:23+00:00","author":{"@id":"https:\/\/stuttgarti-katolikusok.de\/#\/schema\/person\/75908d6f8fdc03a57889d27209df7795"},"breadcrumb":{"@id":"https:\/\/stuttgarti-katolikusok.de\/index.php\/schultheis-eva-szeljegyzet-egy-zarandoklat-margojara\/#breadcrumb"},"inLanguage":"hu","potentialAction":[{"@type":"ReadAction","target":["https:\/\/stuttgarti-katolikusok.de\/index.php\/schultheis-eva-szeljegyzet-egy-zarandoklat-margojara\/"]}]},{"@type":"ImageObject","inLanguage":"hu","@id":"https:\/\/stuttgarti-katolikusok.de\/index.php\/schultheis-eva-szeljegyzet-egy-zarandoklat-margojara\/#primaryimage","url":"https:\/\/stuttgarti-katolikusok.de\/wp-content\/uploads\/2020\/07\/kollazs.jpg","contentUrl":"https:\/\/stuttgarti-katolikusok.de\/wp-content\/uploads\/2020\/07\/kollazs.jpg","width":1500,"height":1200},{"@type":"BreadcrumbList","@id":"https:\/\/stuttgarti-katolikusok.de\/index.php\/schultheis-eva-szeljegyzet-egy-zarandoklat-margojara\/#breadcrumb","itemListElement":[{"@type":"ListItem","position":1,"name":"Kezd\u0151lap","item":"https:\/\/stuttgarti-katolikusok.de\/"},{"@type":"ListItem","position":2,"name":"Schultheis \u00c9va: Sz\u00e9ljegyzet egy zar\u00e1ndoklat marg\u00f3j\u00e1ra"}]},{"@type":"WebSite","@id":"https:\/\/stuttgarti-katolikusok.de\/#website","url":"https:\/\/stuttgarti-katolikusok.de\/","name":"Stuttgarti Katolikusok","description":"","potentialAction":[{"@type":"SearchAction","target":{"@type":"EntryPoint","urlTemplate":"https:\/\/stuttgarti-katolikusok.de\/?s={search_term_string}"},"query-input":{"@type":"PropertyValueSpecification","valueRequired":true,"valueName":"search_term_string"}}],"inLanguage":"hu"},{"@type":"Person","@id":"https:\/\/stuttgarti-katolikusok.de\/#\/schema\/person\/75908d6f8fdc03a57889d27209df7795","name":"Tibor atya","image":{"@type":"ImageObject","inLanguage":"hu","@id":"https:\/\/secure.gravatar.com\/avatar\/61d268e57d1f4525b111222e29d2d5a7f8c420fdbf231ba5566a8ceac74fa960?s=96&d=mm&r=g","url":"https:\/\/secure.gravatar.com\/avatar\/61d268e57d1f4525b111222e29d2d5a7f8c420fdbf231ba5566a8ceac74fa960?s=96&d=mm&r=g","contentUrl":"https:\/\/secure.gravatar.com\/avatar\/61d268e57d1f4525b111222e29d2d5a7f8c420fdbf231ba5566a8ceac74fa960?s=96&d=mm&r=g","caption":"Tibor atya"},"url":"https:\/\/stuttgarti-katolikusok.de\/index.php\/author\/tibor-atya\/"}]}},"_links":{"self":[{"href":"https:\/\/stuttgarti-katolikusok.de\/index.php\/wp-json\/wp\/v2\/posts\/19912","targetHints":{"allow":["GET"]}}],"collection":[{"href":"https:\/\/stuttgarti-katolikusok.de\/index.php\/wp-json\/wp\/v2\/posts"}],"about":[{"href":"https:\/\/stuttgarti-katolikusok.de\/index.php\/wp-json\/wp\/v2\/types\/post"}],"author":[{"embeddable":true,"href":"https:\/\/stuttgarti-katolikusok.de\/index.php\/wp-json\/wp\/v2\/users\/3"}],"replies":[{"embeddable":true,"href":"https:\/\/stuttgarti-katolikusok.de\/index.php\/wp-json\/wp\/v2\/comments?post=19912"}],"version-history":[{"count":5,"href":"https:\/\/stuttgarti-katolikusok.de\/index.php\/wp-json\/wp\/v2\/posts\/19912\/revisions"}],"predecessor-version":[{"id":19922,"href":"https:\/\/stuttgarti-katolikusok.de\/index.php\/wp-json\/wp\/v2\/posts\/19912\/revisions\/19922"}],"wp:featuredmedia":[{"embeddable":true,"href":"https:\/\/stuttgarti-katolikusok.de\/index.php\/wp-json\/wp\/v2\/media\/19913"}],"wp:attachment":[{"href":"https:\/\/stuttgarti-katolikusok.de\/index.php\/wp-json\/wp\/v2\/media?parent=19912"}],"wp:term":[{"taxonomy":"category","embeddable":true,"href":"https:\/\/stuttgarti-katolikusok.de\/index.php\/wp-json\/wp\/v2\/categories?post=19912"},{"taxonomy":"post_tag","embeddable":true,"href":"https:\/\/stuttgarti-katolikusok.de\/index.php\/wp-json\/wp\/v2\/tags?post=19912"}],"curies":[{"name":"wp","href":"https:\/\/api.w.org\/{rel}","templated":true}]}}