{"id":19865,"date":"2020-07-04T04:01:49","date_gmt":"2020-07-04T04:01:49","guid":{"rendered":"https:\/\/gracious-dewdney.138-201-221-2.plesk.page\/?p=19865"},"modified":"2020-07-04T04:05:25","modified_gmt":"2020-07-04T04:05:25","slug":"evkozi-14-vasarnapra-2","status":"publish","type":"post","link":"https:\/\/stuttgarti-katolikusok.de\/index.php\/evkozi-14-vasarnapra-2\/","title":{"rendered":"\u00c9vk\u00f6zi 14. vas\u00e1rnapra"},"content":{"rendered":"<ol start=\"2020\">\n<li>j\u00falius 5.<\/li>\n<\/ol>\n<p><strong>\u00c9VK\u00d6ZI 14. VAS\u00c1RNAP<\/strong><\/p>\n<p><strong>J\u00falius: J\u00e9zus Szent V\u00e9re h\u00f3napja<\/strong><\/p>\n<p>&nbsp;<\/p>\n<p><em>\u201eAz \u00dar az engedelmeseket az igazs\u00e1g \u00fatj\u00e1n vezeti; az al\u00e1zatosakat megtan\u00edtja \u00f6sv\u00e9nyeire.\u201d<\/em> (Zsolt 25, 9) Az al\u00e1zatoss\u00e1g gyakorl\u00e1s\u00e1ra J\u00e9zus ad nek\u00fcnk p\u00e9ld\u00e1t. <em>\u201e\u0150 az Istennel val\u00f3 egyenl\u0151s\u00e9get nem tartotta olyan dolognak, amelyhez felt\u00e9tlen\u00fcl ragaszkodj\u00e9k.\u201d<\/em> (Fil 2, 6)<\/p>\n<p><strong>KEZD\u0150\u00c9NEK<\/strong>\u00a0\u00a0\u00a0\u00a0\u00a0\u00a0\u00a0\u00a0\u00a0\u00a0\u00a0\u00a0\u00a0\u00a0\u00a0\u00a0\u00a0\u00a0\u00a0\u00a0\u00a0\u00a0\u00a0\u00a0\u00a0\u00a0\u00a0\u00a0\u00a0\u00a0\u00a0\u00a0\u00a0\u00a0\u00a0\u00a0\u00a0\u00a0\u00a0\u00a0\u00a0\u00a0\u00a0\u00a0\u00a0\u00a0\u00a0\u00a0\u00a0\u00a0 \u00a0\u00a0\u00a0\u00a0\u00a0\u00a0\u00a0\u00a0\u00a0\u00a0\u00a0\u00a0\u00a0\u00a0\u00a0\u00a0\u00a0\u00a0\u00a0\u00a0\u00a0\u00a0\u00a0\u00a0\u00a0\u00a0\u00a0\u00a0\u00a0\u00a0\u00a0\u00a0\u00a0\u00a0\u00a0\u00a0\u00a0\u00a0\u00a0\u00a0\u00a0 <em>Zsolt 47, 10\u201311 <\/em><\/p>\n<p>J\u00f3s\u00e1godr\u00f3l elm\u00e9lked\u00fcnk, Isten\u00fcnk, templomod belsej\u00e9ben. Isten\u00fcnk, mik\u00e9nt m\u00e1r neved is, \u00fagy f\u00f6ls\u00e9ged is bet\u00f6lt minden f\u00f6ldhat\u00e1rt; jobbod telve igazs\u00e1ggal.<\/p>\n<p><strong>OLVASM\u00c1NY<\/strong>\u00a0\u00a0\u00a0\u00a0\u00a0\u00a0\u00a0\u00a0\u00a0\u00a0\u00a0\u00a0\u00a0\u00a0\u00a0\u00a0\u00a0\u00a0\u00a0\u00a0\u00a0\u00a0\u00a0\u00a0\u00a0\u00a0\u00a0\u00a0\u00a0\u00a0\u00a0\u00a0\u00a0\u00a0\u00a0\u00a0\u00a0\u00a0\u00a0\u00a0\u00a0\u00a0\u00a0\u00a0\u00a0\u00a0\u00a0\u00a0\u00a0 \u00a0\u00a0\u00a0\u00a0\u00a0\u00a0\u00a0\u00a0\u00a0\u00a0\u00a0\u00a0\u00a0\u00a0\u00a0\u00a0\u00a0\u00a0\u00a0\u00a0\u00a0\u00a0\u00a0\u00a0\u00a0\u00a0\u00a0\u00a0\u00a0\u00a0\u00a0\u00a0\u00a0\u00a0\u00a0\u00a0\u00a0\u00a0\u00a0\u00a0\u00a0\u00a0 <em>Zak 9, 9\u201310<\/em><\/p>\n<p>A v\u00e1lasztott n\u00e9p f\u00e9nyes uralkod\u00f3t, dics\u0151 hadvez\u00e9rt v\u00e1rt az Elj\u00f6vend\u0151ben, aki szabadul\u00e1st, j\u00f3ll\u00e9tet \u00e9s gondtalan \u00e9letet biztos\u00edt n\u00e9p\u00e9nek. J\u00e9zus, az igazi Messi\u00e1s szeg\u00e9nys\u00e9gben \u00e9s egyszer\u0171s\u00e9gben \u00e9rkezett. De nagyobb aj\u00e1nd\u00e9kokat hozott, mint amit v\u00e1rtak t\u0151le: b\u0171nt\u0151l val\u00f3 szabadul\u00e1st, lelki b\u00e9k\u00e9t \u00e9s \u00f6r\u00f6k \u00fcdv\u00f6ss\u00e9get. S mindezt nem csup\u00e1n egy n\u00e9pnek, hanem az eg\u00e9sz emberis\u00e9gnek!<\/p>\n<p>&nbsp;<\/p>\n<p><strong>V\u00c1LASZOS ZSOLT\u00c1R<\/strong>\u00a0\u00a0\u00a0\u00a0\u00a0\u00a0\u00a0\u00a0\u00a0\u00a0\u00a0\u00a0\u00a0\u00a0\u00a0\u00a0\u00a0\u00a0\u00a0\u00a0\u00a0\u00a0\u00a0 <em>\u00a0\u00a0\u00a0\u00a0\u00a0\u00a0\u00a0\u00a0\u00a0\u00a0\u00a0\u00a0\u00a0\u00a0\u00a0\u00a0\u00a0\u00a0\u00a0\u00a0\u00a0\u00a0\u00a0\u00a0\u00a0\u00a0\u00a0\u00a0\u00a0\u00a0\u00a0\u00a0\u00a0\u00a0\u00a0\u00a0\u00a0\u00a0\u00a0\u00a0\u00a0\u00a0\u00a0\u00a0\u00a0\u00a0\u00a0\u00a0\u00a0\u00a0\u00a0\u00a0\u00a0 \u00a0144. Zsolt\u00e1r<\/em><\/p>\n<p><strong>V\u00e1lasz: Istenem \u00e9s kir\u00e1lyom, magasztallak t<u>\u00e9<\/u>ged: *<\/strong><\/p>\n<p><strong>\u00a0szent nevedet \u00e1ldom <u>\u00f6<\/u>r\u00f6kk\u00f6n<\/strong><strong>&#8211;<\/strong><strong>\u00f6r\u00f6kk\u00e9.<\/strong><\/p>\n<p>&nbsp;<\/p>\n<p><strong>SZENTLECKE<\/strong>\u00a0\u00a0\u00a0\u00a0\u00a0\u00a0\u00a0\u00a0\u00a0\u00a0\u00a0\u00a0\u00a0\u00a0\u00a0\u00a0\u00a0\u00a0\u00a0\u00a0\u00a0\u00a0\u00a0\u00a0\u00a0\u00a0\u00a0\u00a0\u00a0\u00a0\u00a0\u00a0\u00a0\u00a0\u00a0\u00a0\u00a0\u00a0\u00a0\u00a0\u00a0\u00a0 \u00a0\u00a0\u00a0\u00a0\u00a0\u00a0\u00a0\u00a0\u00a0\u00a0\u00a0\u00a0\u00a0\u00a0\u00a0\u00a0\u00a0\u00a0\u00a0\u00a0\u00a0\u00a0\u00a0\u00a0\u00a0\u00a0\u00a0\u00a0\u00a0\u00a0\u00a0\u00a0\u00a0\u00a0\u00a0\u00a0\u00a0\u00a0\u00a0\u00a0\u00a0\u00a0\u00a0\u00a0\u00a0\u00a0\u00a0\u00a0\u00a0 <em>R\u00f3m 8, 9 11<\/em><em>\u201313<\/em><\/p>\n<p>A Szentl\u00e9lek m\u0171k\u00f6d\u00f6tt k\u00f6zre Krisztus megtestes\u00fcl\u00e9s\u00e9n\u00e9l \u00e9s felt\u00e1mad\u00e1s\u00e1n\u00e1l. Megvan a hatalma, hogy benn\u00fcnket is lelki emberr\u00e9 tegyen. Ennek felt\u00e9tele azonban az, hogy ne a test v\u00e1gyait, hanem a L\u00e9lek ind\u00edt\u00e1sait k\u00f6vess\u00fck.<\/p>\n<p><strong>ALLELUJA<\/strong>\u00a0\u00a0\u00a0\u00a0\u00a0\u00a0\u00a0\u00a0\u00a0\u00a0\u00a0\u00a0\u00a0\u00a0\u00a0\u00a0\u00a0\u00a0\u00a0\u00a0\u00a0\u00a0\u00a0\u00a0\u00a0\u00a0\u00a0\u00a0\u00a0\u00a0\u00a0\u00a0\u00a0\u00a0\u00a0\u00a0\u00a0\u00a0\u00a0\u00a0\u00a0\u00a0\u00a0\u00a0\u00a0\u00a0\u00a0\u00a0\u00a0\u00a0\u00a0 \u00a0\u00a0\u00a0\u00a0\u00a0\u00a0\u00a0\u00a0\u00a0\u00a0\u00a0\u00a0\u00a0\u00a0\u00a0\u00a0\u00a0\u00a0\u00a0\u00a0\u00a0\u00a0\u00a0\u00a0\u00a0\u00a0\u00a0\u00a0\u00a0\u00a0\u00a0\u00a0\u00a0\u00a0\u00a0\u00a0\u00a0\u00a0\u00a0\u00a0\u00a0\u00a0\u00a0\u00a0\u00a0\u00a0 <em>Mt 11, 25<\/em><\/p>\n<p>\u00c1ldalak t\u00e9ged, Aty\u00e1m, mennynek \u00e9s f\u00f6ldnek Istene, * mert felt\u00e1rtad a kicsinyeknek orsz\u00e1god titkait.<\/p>\n<p><strong>EVANG\u00c9LIUM<\/strong>\u00a0\u00a0\u00a0\u00a0\u00a0\u00a0\u00a0\u00a0\u00a0\u00a0\u00a0\u00a0\u00a0\u00a0\u00a0\u00a0\u00a0\u00a0\u00a0\u00a0\u00a0\u00a0\u00a0\u00a0\u00a0\u00a0\u00a0\u00a0\u00a0\u00a0\u00a0\u00a0\u00a0\u00a0\u00a0\u00a0\u00a0\u00a0\u00a0\u00a0\u00a0\u00a0\u00a0\u00a0\u00a0 \u00a0\u00a0\u00a0\u00a0\u00a0\u00a0\u00a0\u00a0\u00a0\u00a0\u00a0\u00a0\u00a0\u00a0\u00a0\u00a0\u00a0\u00a0\u00a0\u00a0\u00a0\u00a0\u00a0\u00a0\u00a0\u00a0\u00a0\u00a0\u00a0\u00a0\u00a0\u00a0\u00a0\u00a0\u00a0\u00a0\u00a0\u00a0\u00a0\u00a0\u00a0\u00a0\u00a0\u00a0 <em>Mt 11, 25\u201330<\/em><\/p>\n<p>J\u00e9zus nemcsak tan\u00edt\u00e1s\u00e1val, hanem szent \u00e9s p\u00e9ldamutat\u00f3 \u00e9let\u00e9vel is bizony\u00edtotta: \u0151 az Isten egysz\u00fcl\u00f6tt Fia. Ez\u00e9rt b\u00edzhatunk benne, hogy megbocs\u00e1tja b\u0171neinket \u00e9s \u00f6r\u00f6k \u00e9letet ad majd nek\u00fcnk. De lelkier\u0151t is rem\u00e9lhet\u00fcnk t\u0151le az \u00e9let terheinek \u00e9s keresztjeinek hordoz\u00e1s\u00e1hoz.<\/p>\n<p><strong>AZ EUCHARISZTI\u00c1HOZ<\/strong><\/p>\n<p>J\u00e9zus a gazdagokat \u00e9s szeg\u00e9nyeket, a b\u00f6lcseket \u00e9s egyszer\u0171eket egyar\u00e1nt h\u00edvja asztal\u00e1hoz, \u00e9s felaj\u00e1nlja nekik az \u00e9let kenyer\u00e9t. Ez a keny\u00e9r enyh\u00fcl\u00e9st ad a f\u00e1radtaknak, v\u00edgaszt ad a szenved\u0151knek \u00e9s er\u0151t ad az igaz kereszt\u00e9ny \u00e9letre t\u00f6rekv\u0151knek.<\/p>\n<p><strong>ELM\u00c9LKED\u00c9S<\/strong><\/p>\n<p>A kereszt\u00e9ny ember \u00e9let\u00e9ben az \u00f6r\u00f6mnek kell az uralkod\u00f3 \u00e9rz\u00e9snek lennie. Az\u00e9rt, mert a kereszt\u00e9ny ember \u00e9let\u00e9nek kezd\u0151 szava: a megv\u00e1lt\u00e1s, \u2013 \u00e9s v\u00e9gs\u0151 szava a felt\u00e1mad\u00e1s.<\/p>\n<p>A kereszt\u00e9ny ember szeretete t\u00f6bb \u00e9s m\u00e1s, mint a tiszt\u00e1n csak emberi szeretet. Ez krisztusi szeretet, amely Krisztust viszi az emberek k\u00f6z\u00e9, vagyis a megv\u00e1lt\u00e1st \u00e9s a felt\u00e1mad\u00e1st.<\/p>\n<p>J\u00c9ZUS SZENT V\u00c9R\u00c9NEK LIT\u00c1NI\u00c1JA<\/p>\n<p>A kinyilatkoztatott Szent\u00edr\u00e1sban a v\u00e9r szorosan kapcsol\u00f3dik az \u00e9lethez \u00e9s ellent\u00e9t\u00e9hez a hal\u00e1lhoz, a kivonul\u00e1shoz \u00e9s a h\u00fasv\u00e9thoz, a paps\u00e1ghoz \u00e9s a kultikus \u00e1ldozatokhoz, a megv\u00e1lt\u00e1shoz \u00e9s a sz\u00f6vets\u00e9ghez.<\/p>\n<p>A megv\u00e1lt\u00f3 v\u00e9r eml\u00e9kezete k\u00f6zponti helyet foglal el az Egyh\u00e1z kultikus \u00fcnnepl\u00e9s\u00e9ben, els\u0151sorban az Euchariszti\u00e1ban, de jelent\u0151s\u00e9get tulajdon\u00edt az egyes liturgikus id\u0151kben is. Egyes vid\u00e9keken j\u00falius elsej\u00e9n \u00fcnneplik a szent v\u00e9r \u00fcnnep\u00e9t, \u00e9s itt kapcsol\u00f3dik a n\u00e9pi j\u00e1mbors\u00e1g megnyilv\u00e1nul\u00e1sa is \u00e1jtatoss\u00e1gok alakj\u00e1ban. Ennek egyik form\u00e1ja a J\u00e9zus Szent V\u00e9r\u00e9nek lit\u00e1ni\u00e1ja, amelyet jelenlegi rendj\u00e9ben XXIII. J\u00e1nos p\u00e1pa 1960. febru\u00e1r 24-\u00e9n hagyott j\u00f3v\u00e1. Ez egy olyan vez\u00e9rfonal, amely az \u00fcdvt\u00f6rt\u00e9neti vonatkoz\u00e1sokat nyilv\u00e1nval\u00f3v\u00e1 teszi, \u00e9s sz\u00e1mos biblikus r\u00e9szlettel \u00e9s hivatkoz\u00e1ssal is tal\u00e1lkozhatunk.<\/p>\n<p>Krisztus V\u00e9re, az \u00f6r\u00f6k \u00e9let z\u00e1loga, \u2013 <em>\u00fcdv\u00f6z\u00edts minket!<\/em><\/p>\n<p>&nbsp;<\/p>\n<p>SZENT BENEDEK AP\u00c1T<\/p>\n<p>J\u00falius 11-\u00e9n \u00fcnnepelj\u00fck a nyugati szerzetess\u00e9g atyj\u00e1t, Szent Benedek ap\u00e1tot, aki a kereszt\u00e9ny Eur\u00f3pa arculat\u00e1nak kialak\u00edt\u00e1s\u00e1ban egyik legnagyobb hat\u00e1s\u00fa egy\u00e9nis\u00e9g. 547-ben halt meg. VI. P\u00e1l p\u00e1pa Eur\u00f3pa v\u00e9d\u0151szentj\u00e9v\u00e9 jel\u00f6lte ki. Regul\u00e1j\u00e1t ma is sok ezren k\u00f6vetik, a benc\u00e9s szerzetesrendiek, a ciszterciek, stb. Im\u00e1ds\u00e1g \u00e9s munka (Ora et labora), szeml\u00e9l\u0151d\u00e9s \u00e9s tev\u00e9kenys\u00e9g egy\u00fcttesen adj\u00e1k az Egyh\u00e1z \u00e9let\u00e9nek egyens\u00faly\u00e1t.<\/p>\n<p>&nbsp;<\/p>\n<p>N\u00c9H\u00c1NY GONDOLAT AZ IM\u00c1DS\u00c1GR\u00d3L<\/p>\n<p>N\u00e9h\u00e1ny gondolat az im\u00e1ds\u00e1gr\u00f3l, amelyet als\u00f3s \u00e9s fels\u0151s gimnazist\u00e1k osztottak meg vel\u00fcnk<\/p>\n<p>1\/ \u201eSzerintem a legt\u00f6bb gyereket \u00e9rdekel Isten, \u00e9s sz\u00edvesen im\u00e1dkozik. Sokszor gondolj\u00e1k, hogy im\u00e1dkozni ciki, \u00e9s ez\u00e9rt \u00fagy tesznek, mintha \u0151k nem im\u00e1dkozn\u00e1nak, \u00e9s azt mondj\u00e1k: \u201e\u00e1, \u00e9n nem im\u00e1dkozom, \u00e9s templomba se j\u00e1rok\u201d. De azt gondolom, hogy m\u00e9giscsak ezt teszik, csak nem akarj\u00e1k mutatni\u201d.<\/p>\n<p>2\/ \u201eGyakran im\u00e1dkozom \u00e9jszaka, k\u00fcl\u00f6n\u00f6sen egy neh\u00e9z nap ut\u00e1n, de megpr\u00f3b\u00e1lok minden este im\u00e1dkozni, ha k\u00e9sz vagyok a h\u00e1zi feladatokkal, vagy ha egy kicsit laz\u00edtani akarok. N\u00e9ha az iskol\u00e1ban is im\u00e1dkozom, ha rossz a hangulatom, vagy ha mag\u00e1nyosnak \u00e9rzem magam, \u00e9s sz\u00fcks\u00e9gem van arra, hogy valakivel besz\u00e9lhessek, nem csak a bar\u00e1tokkal, tan\u00e1rokkal vagy a testv\u00e9reimmel, vagy ilyesmi. Ilyenkor sz\u00fcks\u00e9gem van egy kis sz\u00fcnetre, \u00e9s tudatos\u00edtanom kell, hagy Isten itt van velem.\u201d<\/p>\n<p>3\/ \u201e\u00c9n nagyon sok k\u00fcl\u00f6nb\u00f6z\u0151 helyzetben im\u00e1dkozom \u2013 amikor csak J\u00e9zusra gondolok. Sokszor, mikor mag\u00e1nyos vagyok, vagy nyomott a hangulatom, arra k\u00e9rem, hogy seg\u00edtsen, m\u00e1skor mg, ha j\u00f3 napom volt, meg akarom k\u00f6sz\u00f6nni neki. Akkor is im\u00e1dkozom, ha azt hallom, hogy valakivel, vagy valakikkel valami rossz t\u00f6rt\u00e9nt. Megk\u00f6sz\u00f6n\u00f6m Istennek, hogy nem velem t\u00f6rt\u00e9nt, \u00e9s arra k\u00e9rem, hogy seg\u00edtsen azoknak, akikkel t\u00f6rt\u00e9nt.\u201d [..]\n<p>8\/ \u201eAz im\u00e1ds\u00e1g Isten munk\u00e1j\u00e1nak v\u00e9gz\u00e9se.\u201d<\/p>\n<p><em>Dolores Ready: Im\u00e1ds\u00e1g (munkaf\u00fczet \u00e9s tan\u00e1ri k\u00e9zik\u00f6nyv)<\/em><\/p>\n<p><em>\u00a0<\/em><\/p>\n<p>LETETT\u00c9K A MINDSZENTY J\u00d3ZSEF M\u00daZEUM \u00c9S ZAR\u00c1NDOKK\u00d6ZPONT ALAPK\u00d6V\u00c9T ZALAEGERSZEGEN<\/p>\n<p>A Mindszenty J\u00f3zsef M\u00fazeum \u00e9s Zar\u00e1ndokk\u00f6zpont, r\u00f6videbb nev\u00e9n Mindszentyneum alapk\u00f6v\u00e9t j\u00falius 2-\u00e1n tett\u00e9k le Zalaegerszegen.<\/p>\n<p>A Mindszentyneum f\u0151 ki\u00e1ll\u00edt\u00e1sa Mindszenty J\u00f3zsef \u00e9rsek, hercegpr\u00edm\u00e1s \u00e9let\u00fatj\u00e1t mutatja majd be, aki huszon\u00f6t \u00e9ven \u00e1t szolg\u00e1lt pl\u00e9b\u00e1nosk\u00e9nt a v\u00e1rosban. Az int\u00e9zm\u00e9nyben a 20. sz\u00e1zadi kommunista diktat\u00fara vall\u00e1s\u00fcld\u00f6z\u00e9ssel foglalkoz\u00f3 t\u00e1rlata kap helyet k\u00fcl\u00f6n szinten. Az \u00fcnneps\u00e9gen r\u00e9szt vett Semj\u00e9n Zsolt minisztereln\u00f6khelyettes; Erd\u0151 P\u00e9ter b\u00edboros, esztergombudapesti \u00e9rsek \u2013 aki meg\u00e1ldotta az \u00e9p\u00fclet alapk\u00f6v\u00e9t \u2013, valamint Udvardy Gy\u00f6rgy veszpr\u00e9mi \u00e9rsek, p\u00e9csi apostoli korm\u00e1nyz\u00f3 \u00e9s Sz\u00e9kely J\u00e1nos szombathelyi megy\u00e9sp\u00fcsp\u00f6k.<\/p>\n<p>Kiemelt \u00e1llami beruh\u00e1z\u00e1sk\u00e9nt, 8,3 milli\u00e1rdos korm\u00e1nyzati t\u00e1mogat\u00e1ssal \u00e9p\u00fclhet meg a zalai megyesz\u00e9khelyen a Modern V\u00e1rosok Program keret\u00e9ben a Mindszentyneum. A m\u00fazeum \u00fcnnep\u00e9lyes alapk\u0151let\u00e9tel\u00e9t megel\u0151z\u0151en P\u00e9ntek Imre Isten foglya: Mindszenty J\u00f3zsef monol\u00f3gja. 1948. december 26-i letart\u00f3ztat\u00e1sa el\u0151tt \u00e9s ut\u00e1n c\u00edm\u0171 m\u0171v\u00e9b\u0151l hangzottak el r\u00e9szletek.<\/p>\n<p><em>\u201eUram, a leck\u00e9t kor\u00e1n feladtad,<\/em><\/p>\n<p><em>gyermek im\u00e1im sz\u00e1lltak hozz\u00e1d,<\/em><\/p>\n<p><em>ap\u00e1m s any\u00e1m megmutatta,<\/em><\/p>\n<p><em>merre is rejlik a mennyorsz\u00e1g.<\/em><\/p>\n<p><em>Szolg\u00e1lni h\u00edvt\u00e1l a sz\u00edvemben,<\/em><\/p>\n<p><em>h\u00edven k\u00f6vettem atyai sz\u00f3dat,<\/em><\/p>\n<p><em>minden k\u00f6r\u00fclm\u00e9nyek k\u00f6z\u00f6tt<\/em><\/p>\n<p><em>makacsul megmaradni j\u00f3nak.<\/em><\/p>\n<p><em>K\u00e1pl\u00e1n lettem, majd hittan\u00e1r<\/em><\/p>\n<p><em>Egerszeg kedves v\u00e1ros\u00e1ban,<\/em><\/p>\n<p><em>ig\u00e9d hirdettem, k\u00f6z- \u00e9s vas\u00e1rnap,<\/em><\/p>\n<p><em>amerre \u00e9n nyomodban j\u00e1rtam.<\/em><\/p>\n<p><em>R\u00e1nk t\u00f6rt a r\u00e9mes h\u00e1bor\u00fa,<\/em><\/p>\n<p><em>sz\u00e9thullt a r\u00e9gi Magyarorsz\u00e1g,<\/em><\/p>\n<p><em>az \u00e1tkozott v\u00f6r\u00f6s diktat\u00fara<\/em><\/p>\n<p><em>megpecs\u00e9telte v\u00e9gleg a sors\u00e1t.\u201d<\/em><\/p>\n<p>\u201eMindszenty J\u00f3zsef a 20. sz\u00e1zadi t\u00f6rt\u00e9nelem egyik legnagyobb hat\u00e1s\u00fa alakja. Az egyetlen olyan Zalaegerszeghez k\u00f6thet\u0151 szem\u00e9lyis\u00e9g, akit eg\u00e9sz Eur\u00f3p\u00e1ban ismernek \u00e9s elismernek\u201d \u2013 mondta k\u00f6sz\u00f6nt\u0151j\u00e9ben Balaicz Zolt\u00e1n. A megyei jog\u00fa v\u00e1ros polg\u00e1rmestere felid\u00e9zte a hercegpr\u00edm\u00e1s \u00e9let\u00faj\u00e1t, benne azt a negyed \u00e9vsz\u00e1zadot, amelyet \u00e9p\u00edt\u0151 tev\u00e9kenys\u00e9ggel, a szeg\u00e9nyek t\u00e1mogat\u00e1s\u00e1val t\u00f6lt\u00f6tt a v\u00e1rosban.<\/p>\n<p>Mindszenty J\u00f3zsef 1917-ben \u00e9rkezett hitoktat\u00f3nak Zalaegerszegre, 1919-t\u0151l a v\u00e1ros pl\u00e9b\u00e1nosa volt huszon\u00f6t \u00e9ven \u00e1t, amikor veszpr\u00e9mi p\u00fcsp\u00f6kk\u00e9 szentelt\u00e9k. Az 1938-as Nemzetk\u00f6zi Eucharisztikus Kongresszuson fot\u00f3n \u00f6r\u00f6k\u00edtett\u00e9k meg, ahogy zalai pl\u00e9b\u00e1nosk\u00e9nt gy\u00f3ntat a H\u0151s\u00f6k ter\u00e9n.<\/p>\n<p>Balaicz Zolt\u00e1n kiemelte, Mindszenty templomot, iskol\u00e1kat \u00e9p\u00edttetett, szeretetotthont alap\u00edtott, hitbuzgalmi egyes\u00fcleteket szervezett Zala megy\u00e9ben. Saj\u00e1t hetilapj\u00e1ban, a Zalamegyei \u00dajs\u00e1gban ny\u00edltan szembefordult a hatalom t\u00falkap\u00e1saival. K\u00e1rolyi Mih\u00e1ly minisztereln\u00f6ks\u00e9ge idej\u00e9n letart\u00f3ztatt\u00e1k, a Tan\u00e1csk\u00f6zt\u00e1rsas\u00e1g alatt intern\u00e1lt\u00e1k. A komm\u00fcn buk\u00e1sa ut\u00e1n t\u00e9rt vissza Zalaegerszegre.<\/p>\n<p>Balaicz Zolt\u00e1n besz\u00e9d\u00e9ben kit\u00e9rt arra is, hogy 1944 november\u00e9ben m\u00e1r veszpr\u00e9mi p\u00fcsp\u00f6k volt Mindszenty, amikor a nyilasok letart\u00f3ztatt\u00e1k, Sopronk\u0151hid\u00e1ra hurcolt\u00e1k, majd h\u00e1zi \u0151rizetbe helyezt\u00e9k. 1945 tavasz\u00e1n, amikor a szovjet csapatok el\u00e9rt\u00e9k Sopront, visszat\u00e9rt Veszpr\u00e9mbe. Mindszenty \u00e9lesen b\u00edr\u00e1lta, hogy idegen csapatok sz\u00e1llt\u00e1k meg Magyarorsz\u00e1got \u00e9s korl\u00e1tozt\u00e1k a vall\u00e1sszabads\u00e1got, illetve\u00a0 a katolikus sajt\u00f3 m\u0171k\u00f6d\u00e9s\u00e9t.<\/p>\n<ol start=\"1945\">\n<li>okt\u00f3ber 7-\u00e9n XII. Piusz p\u00e1pa esztergomi \u00e9rsekk\u00e9 nevezte ki. Mindszenty egyre gyakrabban \u00f6sszet\u0171z\u00e9sbe ker\u00fclt a korm\u00e1nnyal, p\u00e9ld\u00e1ul a hitoktat\u00e1s fakultat\u00edvv\u00e1 t\u00e9tele kapcs\u00e1n, majd az iskol\u00e1k \u00e1llamos\u00edt\u00e1sa miatt. Hossz\u00fa lej\u00e1rat\u00f3 sajt\u00f3hadj\u00e1rat ut\u00e1n, 1948. december 26-\u00e1n a R\u00e1kosi-rendszer bossz\u00faszomjas \u00c1llamv\u00e9delmi Hat\u00f3s\u00e1ga \u0151rizetbe vette Mindszenty b\u00edborost haza\u00e1rul\u00e1s, a demokratikus \u00e1llamrend \u00e9s a k\u00f6zt\u00e1rsas\u00e1g megd\u00f6nt\u00e9s\u00e9re ir\u00e1nyul\u00f3 szervezked\u00e9s, k\u00e9mked\u00e9s \u00e9s valuta\u00fcz\u00e9rked\u00e9s v\u00e1dj\u00e1val. A koncepci\u00f3s pere v\u00e9g\u00e9n \u00e9letfogytiglani b\u00f6rt\u00f6nre \u00edt\u00e9lt\u00e9k. Az 1956-os forradalom napjaiban szabad\u00edtott\u00e1k ki. A szovjet csapatok intervenci\u00f3ja el\u0151l az amerikai k\u00f6vets\u00e9gre menek\u00fclt, ahol tizen\u00f6t \u00e9vnyi bez\u00e1rts\u00e1g v\u00e1rt r\u00e1.<\/li>\n<\/ol>\n<p>1971 szeptember\u00e9ben hagyta el Magyarorsz\u00e1got a Vatik\u00e1n, a magyar korm\u00e1ny \u00e9s az USA meg\u00e1llapod\u00e1s\u00e1nak \u00e9rtelm\u00e9ben. B\u00e9csben a P\u00e1zm\u00e1neumban lelt mened\u00e9ket. Innen utazott a vil\u00e1gban \u00e9l\u0151 magyar k\u00f6z\u00f6ss\u00e9gekhez, hogy lelkip\u00e1sztori munk\u00e1j\u00e1t v\u00e9gezze.<\/p>\n<p>Mindszenty 1975. m\u00e1jus 6-\u00e1n B\u00e9csben hunyt el, v\u00e9gakarat\u00e1nak megfelel\u0151en Mariazellben temett\u00e9k el ideiglenesen. Hamvait 1991-ben hozt\u00e1k Magyarorsz\u00e1gra, v\u00e9gs\u0151 nyughely\u00e9re, az esztergomi bazilika pr\u00edm\u00e1si s\u00edrk\u00e1poln\u00e1j\u00e1ba. \u00c9letm\u0171v\u00e9nek elismer\u00e9sek\u00e9nt a s\u00edrj\u00e1n ez a felirat \u00e1ll: Fidelissimus in tribulatione pastor (Az \u00fcld\u00f6ztet\u00e9s idej\u00e9n a legh\u0171s\u00e9gesebb p\u00e1sztor).<\/p>\n<p>Zalaegerszeg polg\u00e1rmestere rem\u00e9ny\u00e9t fejezte ki, hogy j\u00f6v\u0151re, a budapesti Nemzetk\u00f6zi Eucharisztikus Kongresszus idej\u00e9re lez\u00e1rul Mindszenty boldogg\u00e1avat\u00e1si elj\u00e1r\u00e1sa, amely 1994-ben kezd\u0151d\u00f6tt. 2012-ben Mindszenty teljes jogi, erk\u00f6lcsi \u00e9s politikai rehabilit\u00e1l\u00e1s\u00e1ra sor ker\u00fclt, Erd\u0151 P\u00e9ter b\u00edboros k\u00e9r\u00e9s\u00e9re. A Szentek \u00dcgyei Kongreg\u00e1ci\u00f3j\u00e1nak tavaly febru\u00e1ri dekr\u00e9tuma elismerte Isten Szolg\u00e1ja, Mindszenty J\u00f3zsef, a R\u00f3mai Szentegyh\u00e1z b\u00edborosa, esztergomi \u00e9rsek, Magyarorsz\u00e1g pr\u00edm\u00e1sa h\u0151sies er\u00e9nyeit, ami fontos l\u00e9p\u00e9s a boldogg\u00e1 avat\u00e1sa fel\u00e9.<\/p>\n<p>\u201eMindszenty harcolt, hogy meg\u0151rizhess\u00fck alap\u00e9rt\u00e9keinket\u201d \u2013 fogalmazott a hercegpr\u00edm\u00e1s k\u00fczdelm\u00e9t m\u00e9ltat\u00f3 besz\u00e9d\u00e9ben Vigh L\u00e1szl\u00f3. A t\u00e9rs\u00e9g orsz\u00e1ggy\u0171l\u00e9si k\u00e9pvisel\u0151je szerint az olyan szem\u00e9lyis\u00e9geknek k\u00f6sz\u00f6nhetj\u00fck azt, hogy a magyars\u00e1g megmaradhatott Eur\u00f3pa k\u00f6zep\u00e9n a vil\u00e1gh\u00e1bor\u00fak, Trianon puszt\u00edt\u00e1sa k\u00f6zepette, mint a hercegpr\u00edm\u00e1s.<\/p>\n<p>\u201eMindszenty J\u00f3zsef \u00e9let\u00fatja erk\u00f6lcsi ir\u00e1nyt\u0171 volt, \u00e9s az ma is\u201d \u2013 mondta Semj\u00e9n Zsolt. A minisztereln\u00f6khelyettes hozz\u00e1tette, a hercegpr\u00edm\u00e1s elutas\u00edtotta a faji \u00e9s az oszt\u00e1lyalap\u00fa szocializmust is, mert mind a nemzeti-szocialista, mint a kommunista rendszer a gy\u0171l\u00f6letre \u00e9p\u00edtett, m\u00edg Mindszenty a szeretetre. Felid\u00e9zte, hogy a hercegpr\u00edm\u00e1s el\u00edt\u00e9lte a zsid\u00f3k, a sv\u00e1bok \u00fcld\u00f6z\u00e9s\u00e9t, ki\u00e1llt a d\u00e9lvid\u00e9ki \u00e9s felvid\u00e9ki magyars\u00e1g mellett is. A sz\u00f3nok kit\u00e9rt arra, hogy a kereszt\u00e9nys\u00e9g nem megfojtja, hanem meger\u0151s\u00edti a nemzeti l\u00e9t\u00fcnket. Semj\u00e9n Zsolt szerint Mindszenty \u00e9let\u00fatja is ezt a gondolatot er\u0151s\u00edtheti meg, hogy Isten az \u00e9gi mellett egy f\u00f6ldi haz\u00e1t is adott. A hercegpr\u00edm\u00e1s tudat\u00e1ban volt annak, hogy tagja az Egyh\u00e1znak \u00e9s polg\u00e1ra a haz\u00e1nak, \u00e9let\u00fatja ez\u00e9rt is p\u00e9lda\u00e9rt\u00e9k\u0171 sz\u00e1munkra. A minisztereln\u00f6khelyettes szerint ebben az identit\u00e1sban er\u0151s\u00edthet meg benn\u00fcnket Szent Istv\u00e1n \u00f6r\u00f6ks\u00e9ge, kereszt\u00e9nys\u00e9g\u00fcnk \u00e9s magyars\u00e1gunk.<\/p>\n<p>Az \u00fcnneps\u00e9g az id\u0151kapszula elhelyez\u00e9s\u00e9vel \u00e9s a m\u00fazeum alapk\u0151let\u00e9tel\u00e9vel z\u00e1rult. Az id\u0151kapszul\u00e1ban egy r\u00f3zsaf\u00fcz\u00e9rt, a m\u00fazeum alaprajz\u00e1t, apr\u00f3p\u00e9nzt, a megyei napilap aznapi sz\u00e1m\u00e1t, egy millenniumi eml\u00e9k\u00e9rmet \u00e9s egy keresztet helyeztek el. Erd\u0151 P\u00e9ter meg\u00e1ldotta a kapszul\u00e1t \u00e9s a Mindszentyneum alapk\u00f6v\u00e9t.<\/p>\n<p>A m\u00fazeum nemcsak a 20. sz\u00e1zad egyik legnagyobb hat\u00e1s\u00fa egyh\u00e1zi szem\u00e9lyis\u00e9g\u00e9nek \u00e1ll\u00edt eml\u00e9ket, innen indul majd a Mindszenty-\u00fat is. Zalaegerszeg a Cs\u00edksomly\u00f3t\u00f3l Mariazellig tart\u00f3 M\u00e1ria-zar\u00e1ndok\u00fatnak is fontos \u00e1llom\u00e1sa \u00e9s egyik region\u00e1lis k\u00f6zpontja lesz.<\/p>\n<p><em>Forr\u00e1s: S. Csilla \/ Magyar Kur\u00edr<\/em><\/p>\n<p><em>\u00a0<\/em><\/p>\n<p>IMA MINDSZENTY ATYA<\/p>\n<p>SZENTT\u00c9 AVAT\u00c1S\u00c1\u00c9RT<\/p>\n<p>Mennyei Aty\u00e1nk, al\u00e1zatosan k\u00e9r\u00fcnk, dics\u0151\u00edtsd meg Mindszenty b\u00edborost szentjeid dics\u0151s\u00e9g\u00e9vel. M\u00e9lt\u00f3 a dics\u0151s\u00e9gre \u00e9s az Egyh\u00e1z dics\u00e9ret\u00e9re, mert amikor szenvedett, Te volt\u00e1l a rem\u00e9nye; amikor megpr\u00f3b\u00e1ltatott, olyan volt, mint a sz\u00ednarany a t\u00fczes kemenc\u00e9ben, \u00e9s Te elfogadtad eg\u00e9szen el\u00e9g\u0151 \u00e1ldozatnak. Dics\u0151\u00edtsd meg, hogy \u00e9rte dics\u00e9rj\u00fcnk \u00e9s \u00e1ldjunk T\u00e9ged, Szent Fiaddal \u00e9s a Szentl\u00e9lekkel egy\u00fctt, \u00e9s k\u00f6vess\u00fck a p\u00e9ld\u00e1j\u00e1t: amint \u0151t, benn\u00fcnket se tudjon senki \u00e9s semmi elszak\u00edtani szeretetedt\u0151l. Amen.<\/p>\n<p><em>\u00a0\u00a0\u00a0\u00a0\u00a0\u00a0\u00a0\u00a0 \u2013 P. F\u00fcz\u00e9r Juli\u00e1n OFM, New Brunswick, N.J., USA<\/em><\/p>\n<p>&nbsp;<\/p>\n<p>&nbsp;<\/p>\n<p><em>\u201eNem k<\/em><em>\u00f6telez\u0151 m\u00e1soknak j\u00f3t tenni. De ha j\u00f3t teszel, az a j\u00f3 valahogy visszajut hozz\u00e1d.\u201d<\/em><\/p>\n","protected":false},"excerpt":{"rendered":"<p>j\u00falius 5. \u00c9VK\u00d6ZI 14. VAS\u00c1RNAP J\u00falius: J\u00e9zus Szent V\u00e9re h\u00f3napja &nbsp; \u201eAz \u00dar az engedelmeseket az igazs\u00e1g \u00fatj\u00e1n vezeti; az al\u00e1zatosakat megtan\u00edtja \u00f6sv\u00e9nyeire.\u201d (Zsolt 25, 9) Az al\u00e1zatoss\u00e1g gyakorl\u00e1s\u00e1ra J\u00e9zus ad nek\u00fcnk p\u00e9ld\u00e1t. \u201e\u0150 az Istennel val\u00f3 egyenl\u0151s\u00e9get nem tartotta olyan dolognak, amelyhez felt\u00e9tlen\u00fcl ragaszkodj\u00e9k.\u201d (Fil 2, 6) KEZD\u0150\u00c9NEK\u00a0\u00a0\u00a0\u00a0\u00a0\u00a0\u00a0\u00a0\u00a0\u00a0\u00a0\u00a0\u00a0\u00a0\u00a0\u00a0\u00a0\u00a0\u00a0\u00a0\u00a0\u00a0\u00a0\u00a0\u00a0\u00a0\u00a0\u00a0\u00a0\u00a0\u00a0\u00a0\u00a0\u00a0\u00a0\u00a0\u00a0\u00a0\u00a0\u00a0\u00a0\u00a0\u00a0\u00a0\u00a0\u00a0\u00a0\u00a0\u00a0\u00a0 \u00a0\u00a0\u00a0\u00a0\u00a0\u00a0\u00a0\u00a0\u00a0\u00a0\u00a0\u00a0\u00a0\u00a0\u00a0\u00a0\u00a0\u00a0\u00a0\u00a0\u00a0\u00a0\u00a0\u00a0\u00a0\u00a0\u00a0\u00a0\u00a0\u00a0\u00a0\u00a0\u00a0\u00a0\u00a0\u00a0\u00a0\u00a0\u00a0\u00a0\u00a0 Zsolt 47, 10\u201311 J\u00f3s\u00e1godr\u00f3l elm\u00e9lked\u00fcnk, Isten\u00fcnk, templomod belsej\u00e9ben. Isten\u00fcnk, mik\u00e9nt m\u00e1r neved is, \u00fagy f\u00f6ls\u00e9ged is bet\u00f6lt minden f\u00f6ldhat\u00e1rt; jobbod telve igazs\u00e1ggal. OLVASM\u00c1NY\u00a0\u00a0\u00a0\u00a0\u00a0\u00a0\u00a0\u00a0\u00a0\u00a0\u00a0\u00a0\u00a0\u00a0\u00a0\u00a0\u00a0\u00a0\u00a0\u00a0\u00a0\u00a0\u00a0\u00a0\u00a0\u00a0\u00a0\u00a0\u00a0\u00a0\u00a0\u00a0\u00a0\u00a0\u00a0\u00a0\u00a0\u00a0\u00a0\u00a0\u00a0\u00a0\u00a0\u00a0\u00a0\u00a0\u00a0\u00a0\u00a0 \u00a0\u00a0\u00a0\u00a0\u00a0\u00a0\u00a0\u00a0\u00a0\u00a0\u00a0\u00a0\u00a0\u00a0\u00a0\u00a0\u00a0\u00a0\u00a0\u00a0\u00a0\u00a0\u00a0\u00a0\u00a0\u00a0\u00a0\u00a0\u00a0\u00a0\u00a0\u00a0\u00a0\u00a0\u00a0\u00a0\u00a0\u00a0\u00a0\u00a0\u00a0\u00a0 Zak 9, 9\u201310 A v\u00e1lasztott n\u00e9p f\u00e9nyes uralkod\u00f3t, dics\u0151 hadvez\u00e9rt v\u00e1rt az Elj\u00f6vend\u0151ben, aki szabadul\u00e1st, j\u00f3ll\u00e9tet \u00e9s gondtalan \u00e9letet biztos\u00edt n\u00e9p\u00e9nek. J\u00e9zus, az igazi Messi\u00e1s szeg\u00e9nys\u00e9gben \u00e9s egyszer\u0171s\u00e9gben \u00e9rkezett. De nagyobb aj\u00e1nd\u00e9kokat hozott, mint amit v\u00e1rtak t\u0151le: b\u0171nt\u0151l val\u00f3 szabadul\u00e1st, lelki b\u00e9k\u00e9t \u00e9s \u00f6r\u00f6k \u00fcdv\u00f6ss\u00e9get. S mindezt nem csup\u00e1n egy n\u00e9pnek, hanem az eg\u00e9sz emberis\u00e9gnek! &nbsp; V\u00c1LASZOS ZSOLT\u00c1R\u00a0\u00a0\u00a0\u00a0\u00a0\u00a0\u00a0\u00a0\u00a0\u00a0\u00a0\u00a0\u00a0\u00a0\u00a0\u00a0\u00a0\u00a0\u00a0\u00a0\u00a0\u00a0\u00a0 \u00a0\u00a0\u00a0\u00a0\u00a0\u00a0\u00a0\u00a0\u00a0\u00a0\u00a0\u00a0\u00a0\u00a0\u00a0\u00a0\u00a0\u00a0\u00a0\u00a0\u00a0\u00a0\u00a0\u00a0\u00a0\u00a0\u00a0\u00a0\u00a0\u00a0\u00a0\u00a0\u00a0\u00a0\u00a0\u00a0\u00a0\u00a0\u00a0\u00a0\u00a0\u00a0\u00a0\u00a0\u00a0\u00a0\u00a0\u00a0\u00a0\u00a0\u00a0\u00a0\u00a0 \u00a0144. Zsolt\u00e1r V\u00e1lasz: Istenem \u00e9s kir\u00e1lyom, magasztallak t\u00e9ged: * \u00a0szent nevedet \u00e1ldom \u00f6r\u00f6kk\u00f6n&#8211;\u00f6r\u00f6kk\u00e9. &nbsp; SZENTLECKE\u00a0\u00a0\u00a0\u00a0\u00a0\u00a0\u00a0\u00a0\u00a0\u00a0\u00a0\u00a0\u00a0\u00a0\u00a0\u00a0\u00a0\u00a0\u00a0\u00a0\u00a0\u00a0\u00a0\u00a0\u00a0\u00a0\u00a0\u00a0\u00a0\u00a0\u00a0\u00a0\u00a0\u00a0\u00a0\u00a0\u00a0\u00a0\u00a0\u00a0\u00a0\u00a0 \u00a0\u00a0\u00a0\u00a0\u00a0\u00a0\u00a0\u00a0\u00a0\u00a0\u00a0\u00a0\u00a0\u00a0\u00a0\u00a0\u00a0\u00a0\u00a0\u00a0\u00a0\u00a0\u00a0\u00a0\u00a0\u00a0\u00a0\u00a0\u00a0\u00a0\u00a0\u00a0\u00a0\u00a0\u00a0\u00a0\u00a0\u00a0\u00a0\u00a0\u00a0\u00a0\u00a0\u00a0\u00a0\u00a0\u00a0\u00a0\u00a0 R\u00f3m 8, 9 11\u201313 A Szentl\u00e9lek m\u0171k\u00f6d\u00f6tt k\u00f6zre Krisztus megtestes\u00fcl\u00e9s\u00e9n\u00e9l \u00e9s felt\u00e1mad\u00e1s\u00e1n\u00e1l. Megvan a hatalma, hogy benn\u00fcnket is lelki emberr\u00e9 tegyen. Ennek felt\u00e9tele azonban az, hogy ne a test v\u00e1gyait, hanem a L\u00e9lek ind\u00edt\u00e1sait k\u00f6vess\u00fck. ALLELUJA\u00a0\u00a0\u00a0\u00a0\u00a0\u00a0\u00a0\u00a0\u00a0\u00a0\u00a0\u00a0\u00a0\u00a0\u00a0\u00a0\u00a0\u00a0\u00a0\u00a0\u00a0\u00a0\u00a0\u00a0\u00a0\u00a0\u00a0\u00a0\u00a0\u00a0\u00a0\u00a0\u00a0\u00a0\u00a0\u00a0\u00a0\u00a0\u00a0\u00a0\u00a0\u00a0\u00a0\u00a0\u00a0\u00a0\u00a0\u00a0\u00a0\u00a0\u00a0 \u00a0\u00a0\u00a0\u00a0\u00a0\u00a0\u00a0\u00a0\u00a0\u00a0\u00a0\u00a0\u00a0\u00a0\u00a0\u00a0\u00a0\u00a0\u00a0\u00a0\u00a0\u00a0\u00a0\u00a0\u00a0\u00a0\u00a0\u00a0\u00a0\u00a0\u00a0\u00a0\u00a0\u00a0\u00a0\u00a0\u00a0\u00a0\u00a0\u00a0\u00a0\u00a0\u00a0\u00a0\u00a0\u00a0 Mt 11, 25 \u00c1ldalak t\u00e9ged, Aty\u00e1m, mennynek \u00e9s f\u00f6ldnek Istene, * mert felt\u00e1rtad a kicsinyeknek orsz\u00e1god titkait. EVANG\u00c9LIUM\u00a0\u00a0\u00a0\u00a0\u00a0\u00a0\u00a0\u00a0\u00a0\u00a0\u00a0\u00a0\u00a0\u00a0\u00a0\u00a0\u00a0\u00a0\u00a0\u00a0\u00a0\u00a0\u00a0\u00a0\u00a0\u00a0\u00a0\u00a0\u00a0\u00a0\u00a0\u00a0\u00a0\u00a0\u00a0\u00a0\u00a0\u00a0\u00a0\u00a0\u00a0\u00a0\u00a0\u00a0\u00a0 \u00a0\u00a0\u00a0\u00a0\u00a0\u00a0\u00a0\u00a0\u00a0\u00a0\u00a0\u00a0\u00a0\u00a0\u00a0\u00a0\u00a0\u00a0\u00a0\u00a0\u00a0\u00a0\u00a0\u00a0\u00a0\u00a0\u00a0\u00a0\u00a0\u00a0\u00a0\u00a0\u00a0\u00a0\u00a0\u00a0\u00a0\u00a0\u00a0\u00a0\u00a0\u00a0\u00a0\u00a0 Mt 11, 25\u201330 J\u00e9zus nemcsak tan\u00edt\u00e1s\u00e1val, hanem szent \u00e9s p\u00e9ldamutat\u00f3 \u00e9let\u00e9vel is bizony\u00edtotta: \u0151 az Isten egysz\u00fcl\u00f6tt Fia. Ez\u00e9rt b\u00edzhatunk benne, hogy megbocs\u00e1tja b\u0171neinket \u00e9s \u00f6r\u00f6k \u00e9letet ad majd nek\u00fcnk. De lelkier\u0151t is rem\u00e9lhet\u00fcnk t\u0151le az \u00e9let terheinek \u00e9s keresztjeinek hordoz\u00e1s\u00e1hoz. AZ EUCHARISZTI\u00c1HOZ J\u00e9zus a gazdagokat \u00e9s szeg\u00e9nyeket, a b\u00f6lcseket \u00e9s egyszer\u0171eket egyar\u00e1nt h\u00edvja asztal\u00e1hoz, \u00e9s felaj\u00e1nlja nekik az \u00e9let kenyer\u00e9t. Ez a keny\u00e9r enyh\u00fcl\u00e9st ad a f\u00e1radtaknak, v\u00edgaszt ad a szenved\u0151knek \u00e9s er\u0151t ad az igaz kereszt\u00e9ny \u00e9letre t\u00f6rekv\u0151knek. ELM\u00c9LKED\u00c9S A kereszt\u00e9ny ember \u00e9let\u00e9ben az \u00f6r\u00f6mnek kell az uralkod\u00f3 \u00e9rz\u00e9snek lennie. Az\u00e9rt, mert a&#8230; <\/p>\n<p><a class=\"readmore\" href=\"https:\/\/stuttgarti-katolikusok.de\/index.php\/evkozi-14-vasarnapra-2\/\">R\u00e9szletek<\/a><\/p>\n","protected":false},"author":3,"featured_media":19866,"comment_status":"closed","ping_status":"closed","sticky":false,"template":"","format":"standard","meta":{"footnotes":""},"categories":[63],"tags":[],"class_list":["post-19865","post","type-post","status-publish","format-standard","has-post-thumbnail","hentry","category-vasarnapi-gondolatok"],"yoast_head":"<!-- This site is optimized with the Yoast SEO plugin v27.3 - https:\/\/yoast.com\/product\/yoast-seo-wordpress\/ -->\n<title>\u00c9vk\u00f6zi 14. vas\u00e1rnapra - Stuttgarti Katolikusok<\/title>\n<meta name=\"robots\" content=\"index, follow, max-snippet:-1, max-image-preview:large, max-video-preview:-1\" \/>\n<link rel=\"canonical\" href=\"https:\/\/stuttgarti-katolikusok.de\/index.php\/evkozi-14-vasarnapra-2\/\" \/>\n<meta property=\"og:locale\" content=\"hu_HU\" \/>\n<meta property=\"og:type\" content=\"article\" \/>\n<meta property=\"og:title\" content=\"\u00c9vk\u00f6zi 14. vas\u00e1rnapra - Stuttgarti Katolikusok\" \/>\n<meta property=\"og:description\" content=\"j\u00falius 5. \u00c9VK\u00d6ZI 14. VAS\u00c1RNAP J\u00falius: J\u00e9zus Szent V\u00e9re h\u00f3napja &nbsp; \u201eAz \u00dar az engedelmeseket az igazs\u00e1g \u00fatj\u00e1n vezeti; az al\u00e1zatosakat megtan\u00edtja \u00f6sv\u00e9nyeire.\u201d (Zsolt 25, 9) Az al\u00e1zatoss\u00e1g gyakorl\u00e1s\u00e1ra J\u00e9zus ad nek\u00fcnk p\u00e9ld\u00e1t. \u201e\u0150 az Istennel val\u00f3 egyenl\u0151s\u00e9get nem tartotta olyan dolognak, amelyhez felt\u00e9tlen\u00fcl ragaszkodj\u00e9k.\u201d (Fil 2, 6) KEZD\u0150\u00c9NEK\u00a0\u00a0\u00a0\u00a0\u00a0\u00a0\u00a0\u00a0\u00a0\u00a0\u00a0\u00a0\u00a0\u00a0\u00a0\u00a0\u00a0\u00a0\u00a0\u00a0\u00a0\u00a0\u00a0\u00a0\u00a0\u00a0\u00a0\u00a0\u00a0\u00a0\u00a0\u00a0\u00a0\u00a0\u00a0\u00a0\u00a0\u00a0\u00a0\u00a0\u00a0\u00a0\u00a0\u00a0\u00a0\u00a0\u00a0\u00a0\u00a0\u00a0 \u00a0\u00a0\u00a0\u00a0\u00a0\u00a0\u00a0\u00a0\u00a0\u00a0\u00a0\u00a0\u00a0\u00a0\u00a0\u00a0\u00a0\u00a0\u00a0\u00a0\u00a0\u00a0\u00a0\u00a0\u00a0\u00a0\u00a0\u00a0\u00a0\u00a0\u00a0\u00a0\u00a0\u00a0\u00a0\u00a0\u00a0\u00a0\u00a0\u00a0\u00a0 Zsolt 47, 10\u201311 J\u00f3s\u00e1godr\u00f3l elm\u00e9lked\u00fcnk, Isten\u00fcnk, templomod belsej\u00e9ben. Isten\u00fcnk, mik\u00e9nt m\u00e1r neved is, \u00fagy f\u00f6ls\u00e9ged is bet\u00f6lt minden f\u00f6ldhat\u00e1rt; jobbod telve igazs\u00e1ggal. OLVASM\u00c1NY\u00a0\u00a0\u00a0\u00a0\u00a0\u00a0\u00a0\u00a0\u00a0\u00a0\u00a0\u00a0\u00a0\u00a0\u00a0\u00a0\u00a0\u00a0\u00a0\u00a0\u00a0\u00a0\u00a0\u00a0\u00a0\u00a0\u00a0\u00a0\u00a0\u00a0\u00a0\u00a0\u00a0\u00a0\u00a0\u00a0\u00a0\u00a0\u00a0\u00a0\u00a0\u00a0\u00a0\u00a0\u00a0\u00a0\u00a0\u00a0\u00a0 \u00a0\u00a0\u00a0\u00a0\u00a0\u00a0\u00a0\u00a0\u00a0\u00a0\u00a0\u00a0\u00a0\u00a0\u00a0\u00a0\u00a0\u00a0\u00a0\u00a0\u00a0\u00a0\u00a0\u00a0\u00a0\u00a0\u00a0\u00a0\u00a0\u00a0\u00a0\u00a0\u00a0\u00a0\u00a0\u00a0\u00a0\u00a0\u00a0\u00a0\u00a0\u00a0 Zak 9, 9\u201310 A v\u00e1lasztott n\u00e9p f\u00e9nyes uralkod\u00f3t, dics\u0151 hadvez\u00e9rt v\u00e1rt az Elj\u00f6vend\u0151ben, aki szabadul\u00e1st, j\u00f3ll\u00e9tet \u00e9s gondtalan \u00e9letet biztos\u00edt n\u00e9p\u00e9nek. J\u00e9zus, az igazi Messi\u00e1s szeg\u00e9nys\u00e9gben \u00e9s egyszer\u0171s\u00e9gben \u00e9rkezett. De nagyobb aj\u00e1nd\u00e9kokat hozott, mint amit v\u00e1rtak t\u0151le: b\u0171nt\u0151l val\u00f3 szabadul\u00e1st, lelki b\u00e9k\u00e9t \u00e9s \u00f6r\u00f6k \u00fcdv\u00f6ss\u00e9get. S mindezt nem csup\u00e1n egy n\u00e9pnek, hanem az eg\u00e9sz emberis\u00e9gnek! &nbsp; V\u00c1LASZOS ZSOLT\u00c1R\u00a0\u00a0\u00a0\u00a0\u00a0\u00a0\u00a0\u00a0\u00a0\u00a0\u00a0\u00a0\u00a0\u00a0\u00a0\u00a0\u00a0\u00a0\u00a0\u00a0\u00a0\u00a0\u00a0 \u00a0\u00a0\u00a0\u00a0\u00a0\u00a0\u00a0\u00a0\u00a0\u00a0\u00a0\u00a0\u00a0\u00a0\u00a0\u00a0\u00a0\u00a0\u00a0\u00a0\u00a0\u00a0\u00a0\u00a0\u00a0\u00a0\u00a0\u00a0\u00a0\u00a0\u00a0\u00a0\u00a0\u00a0\u00a0\u00a0\u00a0\u00a0\u00a0\u00a0\u00a0\u00a0\u00a0\u00a0\u00a0\u00a0\u00a0\u00a0\u00a0\u00a0\u00a0\u00a0\u00a0 \u00a0144. Zsolt\u00e1r V\u00e1lasz: Istenem \u00e9s kir\u00e1lyom, magasztallak t\u00e9ged: * \u00a0szent nevedet \u00e1ldom \u00f6r\u00f6kk\u00f6n&#8211;\u00f6r\u00f6kk\u00e9. &nbsp; SZENTLECKE\u00a0\u00a0\u00a0\u00a0\u00a0\u00a0\u00a0\u00a0\u00a0\u00a0\u00a0\u00a0\u00a0\u00a0\u00a0\u00a0\u00a0\u00a0\u00a0\u00a0\u00a0\u00a0\u00a0\u00a0\u00a0\u00a0\u00a0\u00a0\u00a0\u00a0\u00a0\u00a0\u00a0\u00a0\u00a0\u00a0\u00a0\u00a0\u00a0\u00a0\u00a0\u00a0 \u00a0\u00a0\u00a0\u00a0\u00a0\u00a0\u00a0\u00a0\u00a0\u00a0\u00a0\u00a0\u00a0\u00a0\u00a0\u00a0\u00a0\u00a0\u00a0\u00a0\u00a0\u00a0\u00a0\u00a0\u00a0\u00a0\u00a0\u00a0\u00a0\u00a0\u00a0\u00a0\u00a0\u00a0\u00a0\u00a0\u00a0\u00a0\u00a0\u00a0\u00a0\u00a0\u00a0\u00a0\u00a0\u00a0\u00a0\u00a0\u00a0 R\u00f3m 8, 9 11\u201313 A Szentl\u00e9lek m\u0171k\u00f6d\u00f6tt k\u00f6zre Krisztus megtestes\u00fcl\u00e9s\u00e9n\u00e9l \u00e9s felt\u00e1mad\u00e1s\u00e1n\u00e1l. Megvan a hatalma, hogy benn\u00fcnket is lelki emberr\u00e9 tegyen. Ennek felt\u00e9tele azonban az, hogy ne a test v\u00e1gyait, hanem a L\u00e9lek ind\u00edt\u00e1sait k\u00f6vess\u00fck. ALLELUJA\u00a0\u00a0\u00a0\u00a0\u00a0\u00a0\u00a0\u00a0\u00a0\u00a0\u00a0\u00a0\u00a0\u00a0\u00a0\u00a0\u00a0\u00a0\u00a0\u00a0\u00a0\u00a0\u00a0\u00a0\u00a0\u00a0\u00a0\u00a0\u00a0\u00a0\u00a0\u00a0\u00a0\u00a0\u00a0\u00a0\u00a0\u00a0\u00a0\u00a0\u00a0\u00a0\u00a0\u00a0\u00a0\u00a0\u00a0\u00a0\u00a0\u00a0\u00a0 \u00a0\u00a0\u00a0\u00a0\u00a0\u00a0\u00a0\u00a0\u00a0\u00a0\u00a0\u00a0\u00a0\u00a0\u00a0\u00a0\u00a0\u00a0\u00a0\u00a0\u00a0\u00a0\u00a0\u00a0\u00a0\u00a0\u00a0\u00a0\u00a0\u00a0\u00a0\u00a0\u00a0\u00a0\u00a0\u00a0\u00a0\u00a0\u00a0\u00a0\u00a0\u00a0\u00a0\u00a0\u00a0\u00a0 Mt 11, 25 \u00c1ldalak t\u00e9ged, Aty\u00e1m, mennynek \u00e9s f\u00f6ldnek Istene, * mert felt\u00e1rtad a kicsinyeknek orsz\u00e1god titkait. EVANG\u00c9LIUM\u00a0\u00a0\u00a0\u00a0\u00a0\u00a0\u00a0\u00a0\u00a0\u00a0\u00a0\u00a0\u00a0\u00a0\u00a0\u00a0\u00a0\u00a0\u00a0\u00a0\u00a0\u00a0\u00a0\u00a0\u00a0\u00a0\u00a0\u00a0\u00a0\u00a0\u00a0\u00a0\u00a0\u00a0\u00a0\u00a0\u00a0\u00a0\u00a0\u00a0\u00a0\u00a0\u00a0\u00a0\u00a0 \u00a0\u00a0\u00a0\u00a0\u00a0\u00a0\u00a0\u00a0\u00a0\u00a0\u00a0\u00a0\u00a0\u00a0\u00a0\u00a0\u00a0\u00a0\u00a0\u00a0\u00a0\u00a0\u00a0\u00a0\u00a0\u00a0\u00a0\u00a0\u00a0\u00a0\u00a0\u00a0\u00a0\u00a0\u00a0\u00a0\u00a0\u00a0\u00a0\u00a0\u00a0\u00a0\u00a0\u00a0 Mt 11, 25\u201330 J\u00e9zus nemcsak tan\u00edt\u00e1s\u00e1val, hanem szent \u00e9s p\u00e9ldamutat\u00f3 \u00e9let\u00e9vel is bizony\u00edtotta: \u0151 az Isten egysz\u00fcl\u00f6tt Fia. Ez\u00e9rt b\u00edzhatunk benne, hogy megbocs\u00e1tja b\u0171neinket \u00e9s \u00f6r\u00f6k \u00e9letet ad majd nek\u00fcnk. De lelkier\u0151t is rem\u00e9lhet\u00fcnk t\u0151le az \u00e9let terheinek \u00e9s keresztjeinek hordoz\u00e1s\u00e1hoz. AZ EUCHARISZTI\u00c1HOZ J\u00e9zus a gazdagokat \u00e9s szeg\u00e9nyeket, a b\u00f6lcseket \u00e9s egyszer\u0171eket egyar\u00e1nt h\u00edvja asztal\u00e1hoz, \u00e9s felaj\u00e1nlja nekik az \u00e9let kenyer\u00e9t. Ez a keny\u00e9r enyh\u00fcl\u00e9st ad a f\u00e1radtaknak, v\u00edgaszt ad a szenved\u0151knek \u00e9s er\u0151t ad az igaz kereszt\u00e9ny \u00e9letre t\u00f6rekv\u0151knek. ELM\u00c9LKED\u00c9S A kereszt\u00e9ny ember \u00e9let\u00e9ben az \u00f6r\u00f6mnek kell az uralkod\u00f3 \u00e9rz\u00e9snek lennie. Az\u00e9rt, mert a... R\u00e9szletek\" \/>\n<meta property=\"og:url\" content=\"https:\/\/stuttgarti-katolikusok.de\/index.php\/evkozi-14-vasarnapra-2\/\" \/>\n<meta property=\"og:site_name\" content=\"Stuttgarti Katolikusok\" \/>\n<meta property=\"article:published_time\" content=\"2020-07-04T04:01:49+00:00\" \/>\n<meta property=\"article:modified_time\" content=\"2020-07-04T04:05:25+00:00\" \/>\n<meta property=\"og:image\" content=\"https:\/\/stuttgarti-katolikusok.de\/wp-content\/uploads\/2020\/07\/tegyjot.jpg\" \/>\n\t<meta property=\"og:image:width\" content=\"658\" \/>\n\t<meta property=\"og:image:height\" content=\"494\" \/>\n\t<meta property=\"og:image:type\" content=\"image\/jpeg\" \/>\n<meta name=\"author\" content=\"Tibor atya\" \/>\n<meta name=\"twitter:card\" content=\"summary_large_image\" \/>\n<meta name=\"twitter:label1\" content=\"Szerz\u0151:\" \/>\n\t<meta name=\"twitter:data1\" content=\"Tibor atya\" \/>\n\t<meta name=\"twitter:label2\" content=\"Becs\u00fclt olvas\u00e1si id\u0151\" \/>\n\t<meta name=\"twitter:data2\" content=\"13 perc\" \/>\n<script type=\"application\/ld+json\" class=\"yoast-schema-graph\">{\"@context\":\"https:\\\/\\\/schema.org\",\"@graph\":[{\"@type\":\"Article\",\"@id\":\"https:\\\/\\\/stuttgarti-katolikusok.de\\\/index.php\\\/evkozi-14-vasarnapra-2\\\/#article\",\"isPartOf\":{\"@id\":\"https:\\\/\\\/stuttgarti-katolikusok.de\\\/index.php\\\/evkozi-14-vasarnapra-2\\\/\"},\"author\":{\"name\":\"Tibor atya\",\"@id\":\"https:\\\/\\\/stuttgarti-katolikusok.de\\\/#\\\/schema\\\/person\\\/75908d6f8fdc03a57889d27209df7795\"},\"headline\":\"\u00c9vk\u00f6zi 14. vas\u00e1rnapra\",\"datePublished\":\"2020-07-04T04:01:49+00:00\",\"dateModified\":\"2020-07-04T04:05:25+00:00\",\"mainEntityOfPage\":{\"@id\":\"https:\\\/\\\/stuttgarti-katolikusok.de\\\/index.php\\\/evkozi-14-vasarnapra-2\\\/\"},\"wordCount\":2611,\"image\":{\"@id\":\"https:\\\/\\\/stuttgarti-katolikusok.de\\\/index.php\\\/evkozi-14-vasarnapra-2\\\/#primaryimage\"},\"thumbnailUrl\":\"https:\\\/\\\/stuttgarti-katolikusok.de\\\/wp-content\\\/uploads\\\/2020\\\/07\\\/tegyjot.jpg\",\"articleSection\":[\"Vas\u00e1rnapi gondolatok\"],\"inLanguage\":\"hu\"},{\"@type\":\"WebPage\",\"@id\":\"https:\\\/\\\/stuttgarti-katolikusok.de\\\/index.php\\\/evkozi-14-vasarnapra-2\\\/\",\"url\":\"https:\\\/\\\/stuttgarti-katolikusok.de\\\/index.php\\\/evkozi-14-vasarnapra-2\\\/\",\"name\":\"\u00c9vk\u00f6zi 14. vas\u00e1rnapra - Stuttgarti Katolikusok\",\"isPartOf\":{\"@id\":\"https:\\\/\\\/stuttgarti-katolikusok.de\\\/#website\"},\"primaryImageOfPage\":{\"@id\":\"https:\\\/\\\/stuttgarti-katolikusok.de\\\/index.php\\\/evkozi-14-vasarnapra-2\\\/#primaryimage\"},\"image\":{\"@id\":\"https:\\\/\\\/stuttgarti-katolikusok.de\\\/index.php\\\/evkozi-14-vasarnapra-2\\\/#primaryimage\"},\"thumbnailUrl\":\"https:\\\/\\\/stuttgarti-katolikusok.de\\\/wp-content\\\/uploads\\\/2020\\\/07\\\/tegyjot.jpg\",\"datePublished\":\"2020-07-04T04:01:49+00:00\",\"dateModified\":\"2020-07-04T04:05:25+00:00\",\"author\":{\"@id\":\"https:\\\/\\\/stuttgarti-katolikusok.de\\\/#\\\/schema\\\/person\\\/75908d6f8fdc03a57889d27209df7795\"},\"breadcrumb\":{\"@id\":\"https:\\\/\\\/stuttgarti-katolikusok.de\\\/index.php\\\/evkozi-14-vasarnapra-2\\\/#breadcrumb\"},\"inLanguage\":\"hu\",\"potentialAction\":[{\"@type\":\"ReadAction\",\"target\":[\"https:\\\/\\\/stuttgarti-katolikusok.de\\\/index.php\\\/evkozi-14-vasarnapra-2\\\/\"]}]},{\"@type\":\"ImageObject\",\"inLanguage\":\"hu\",\"@id\":\"https:\\\/\\\/stuttgarti-katolikusok.de\\\/index.php\\\/evkozi-14-vasarnapra-2\\\/#primaryimage\",\"url\":\"https:\\\/\\\/stuttgarti-katolikusok.de\\\/wp-content\\\/uploads\\\/2020\\\/07\\\/tegyjot.jpg\",\"contentUrl\":\"https:\\\/\\\/stuttgarti-katolikusok.de\\\/wp-content\\\/uploads\\\/2020\\\/07\\\/tegyjot.jpg\",\"width\":658,\"height\":494},{\"@type\":\"BreadcrumbList\",\"@id\":\"https:\\\/\\\/stuttgarti-katolikusok.de\\\/index.php\\\/evkozi-14-vasarnapra-2\\\/#breadcrumb\",\"itemListElement\":[{\"@type\":\"ListItem\",\"position\":1,\"name\":\"Kezd\u0151lap\",\"item\":\"https:\\\/\\\/stuttgarti-katolikusok.de\\\/\"},{\"@type\":\"ListItem\",\"position\":2,\"name\":\"\u00c9vk\u00f6zi 14. vas\u00e1rnapra\"}]},{\"@type\":\"WebSite\",\"@id\":\"https:\\\/\\\/stuttgarti-katolikusok.de\\\/#website\",\"url\":\"https:\\\/\\\/stuttgarti-katolikusok.de\\\/\",\"name\":\"Stuttgarti Katolikusok\",\"description\":\"\",\"potentialAction\":[{\"@type\":\"SearchAction\",\"target\":{\"@type\":\"EntryPoint\",\"urlTemplate\":\"https:\\\/\\\/stuttgarti-katolikusok.de\\\/?s={search_term_string}\"},\"query-input\":{\"@type\":\"PropertyValueSpecification\",\"valueRequired\":true,\"valueName\":\"search_term_string\"}}],\"inLanguage\":\"hu\"},{\"@type\":\"Person\",\"@id\":\"https:\\\/\\\/stuttgarti-katolikusok.de\\\/#\\\/schema\\\/person\\\/75908d6f8fdc03a57889d27209df7795\",\"name\":\"Tibor atya\",\"image\":{\"@type\":\"ImageObject\",\"inLanguage\":\"hu\",\"@id\":\"https:\\\/\\\/secure.gravatar.com\\\/avatar\\\/61d268e57d1f4525b111222e29d2d5a7f8c420fdbf231ba5566a8ceac74fa960?s=96&d=mm&r=g\",\"url\":\"https:\\\/\\\/secure.gravatar.com\\\/avatar\\\/61d268e57d1f4525b111222e29d2d5a7f8c420fdbf231ba5566a8ceac74fa960?s=96&d=mm&r=g\",\"contentUrl\":\"https:\\\/\\\/secure.gravatar.com\\\/avatar\\\/61d268e57d1f4525b111222e29d2d5a7f8c420fdbf231ba5566a8ceac74fa960?s=96&d=mm&r=g\",\"caption\":\"Tibor atya\"},\"url\":\"https:\\\/\\\/stuttgarti-katolikusok.de\\\/index.php\\\/author\\\/tibor-atya\\\/\"}]}<\/script>\n<!-- \/ Yoast SEO plugin. -->","yoast_head_json":{"title":"\u00c9vk\u00f6zi 14. vas\u00e1rnapra - Stuttgarti Katolikusok","robots":{"index":"index","follow":"follow","max-snippet":"max-snippet:-1","max-image-preview":"max-image-preview:large","max-video-preview":"max-video-preview:-1"},"canonical":"https:\/\/stuttgarti-katolikusok.de\/index.php\/evkozi-14-vasarnapra-2\/","og_locale":"hu_HU","og_type":"article","og_title":"\u00c9vk\u00f6zi 14. vas\u00e1rnapra - Stuttgarti Katolikusok","og_description":"j\u00falius 5. \u00c9VK\u00d6ZI 14. VAS\u00c1RNAP J\u00falius: J\u00e9zus Szent V\u00e9re h\u00f3napja &nbsp; \u201eAz \u00dar az engedelmeseket az igazs\u00e1g \u00fatj\u00e1n vezeti; az al\u00e1zatosakat megtan\u00edtja \u00f6sv\u00e9nyeire.\u201d (Zsolt 25, 9) Az al\u00e1zatoss\u00e1g gyakorl\u00e1s\u00e1ra J\u00e9zus ad nek\u00fcnk p\u00e9ld\u00e1t. \u201e\u0150 az Istennel val\u00f3 egyenl\u0151s\u00e9get nem tartotta olyan dolognak, amelyhez felt\u00e9tlen\u00fcl ragaszkodj\u00e9k.\u201d (Fil 2, 6) KEZD\u0150\u00c9NEK\u00a0\u00a0\u00a0\u00a0\u00a0\u00a0\u00a0\u00a0\u00a0\u00a0\u00a0\u00a0\u00a0\u00a0\u00a0\u00a0\u00a0\u00a0\u00a0\u00a0\u00a0\u00a0\u00a0\u00a0\u00a0\u00a0\u00a0\u00a0\u00a0\u00a0\u00a0\u00a0\u00a0\u00a0\u00a0\u00a0\u00a0\u00a0\u00a0\u00a0\u00a0\u00a0\u00a0\u00a0\u00a0\u00a0\u00a0\u00a0\u00a0\u00a0 \u00a0\u00a0\u00a0\u00a0\u00a0\u00a0\u00a0\u00a0\u00a0\u00a0\u00a0\u00a0\u00a0\u00a0\u00a0\u00a0\u00a0\u00a0\u00a0\u00a0\u00a0\u00a0\u00a0\u00a0\u00a0\u00a0\u00a0\u00a0\u00a0\u00a0\u00a0\u00a0\u00a0\u00a0\u00a0\u00a0\u00a0\u00a0\u00a0\u00a0\u00a0 Zsolt 47, 10\u201311 J\u00f3s\u00e1godr\u00f3l elm\u00e9lked\u00fcnk, Isten\u00fcnk, templomod belsej\u00e9ben. Isten\u00fcnk, mik\u00e9nt m\u00e1r neved is, \u00fagy f\u00f6ls\u00e9ged is bet\u00f6lt minden f\u00f6ldhat\u00e1rt; jobbod telve igazs\u00e1ggal. OLVASM\u00c1NY\u00a0\u00a0\u00a0\u00a0\u00a0\u00a0\u00a0\u00a0\u00a0\u00a0\u00a0\u00a0\u00a0\u00a0\u00a0\u00a0\u00a0\u00a0\u00a0\u00a0\u00a0\u00a0\u00a0\u00a0\u00a0\u00a0\u00a0\u00a0\u00a0\u00a0\u00a0\u00a0\u00a0\u00a0\u00a0\u00a0\u00a0\u00a0\u00a0\u00a0\u00a0\u00a0\u00a0\u00a0\u00a0\u00a0\u00a0\u00a0\u00a0 \u00a0\u00a0\u00a0\u00a0\u00a0\u00a0\u00a0\u00a0\u00a0\u00a0\u00a0\u00a0\u00a0\u00a0\u00a0\u00a0\u00a0\u00a0\u00a0\u00a0\u00a0\u00a0\u00a0\u00a0\u00a0\u00a0\u00a0\u00a0\u00a0\u00a0\u00a0\u00a0\u00a0\u00a0\u00a0\u00a0\u00a0\u00a0\u00a0\u00a0\u00a0\u00a0 Zak 9, 9\u201310 A v\u00e1lasztott n\u00e9p f\u00e9nyes uralkod\u00f3t, dics\u0151 hadvez\u00e9rt v\u00e1rt az Elj\u00f6vend\u0151ben, aki szabadul\u00e1st, j\u00f3ll\u00e9tet \u00e9s gondtalan \u00e9letet biztos\u00edt n\u00e9p\u00e9nek. J\u00e9zus, az igazi Messi\u00e1s szeg\u00e9nys\u00e9gben \u00e9s egyszer\u0171s\u00e9gben \u00e9rkezett. De nagyobb aj\u00e1nd\u00e9kokat hozott, mint amit v\u00e1rtak t\u0151le: b\u0171nt\u0151l val\u00f3 szabadul\u00e1st, lelki b\u00e9k\u00e9t \u00e9s \u00f6r\u00f6k \u00fcdv\u00f6ss\u00e9get. S mindezt nem csup\u00e1n egy n\u00e9pnek, hanem az eg\u00e9sz emberis\u00e9gnek! &nbsp; V\u00c1LASZOS ZSOLT\u00c1R\u00a0\u00a0\u00a0\u00a0\u00a0\u00a0\u00a0\u00a0\u00a0\u00a0\u00a0\u00a0\u00a0\u00a0\u00a0\u00a0\u00a0\u00a0\u00a0\u00a0\u00a0\u00a0\u00a0 \u00a0\u00a0\u00a0\u00a0\u00a0\u00a0\u00a0\u00a0\u00a0\u00a0\u00a0\u00a0\u00a0\u00a0\u00a0\u00a0\u00a0\u00a0\u00a0\u00a0\u00a0\u00a0\u00a0\u00a0\u00a0\u00a0\u00a0\u00a0\u00a0\u00a0\u00a0\u00a0\u00a0\u00a0\u00a0\u00a0\u00a0\u00a0\u00a0\u00a0\u00a0\u00a0\u00a0\u00a0\u00a0\u00a0\u00a0\u00a0\u00a0\u00a0\u00a0\u00a0\u00a0 \u00a0144. Zsolt\u00e1r V\u00e1lasz: Istenem \u00e9s kir\u00e1lyom, magasztallak t\u00e9ged: * \u00a0szent nevedet \u00e1ldom \u00f6r\u00f6kk\u00f6n&#8211;\u00f6r\u00f6kk\u00e9. &nbsp; SZENTLECKE\u00a0\u00a0\u00a0\u00a0\u00a0\u00a0\u00a0\u00a0\u00a0\u00a0\u00a0\u00a0\u00a0\u00a0\u00a0\u00a0\u00a0\u00a0\u00a0\u00a0\u00a0\u00a0\u00a0\u00a0\u00a0\u00a0\u00a0\u00a0\u00a0\u00a0\u00a0\u00a0\u00a0\u00a0\u00a0\u00a0\u00a0\u00a0\u00a0\u00a0\u00a0\u00a0 \u00a0\u00a0\u00a0\u00a0\u00a0\u00a0\u00a0\u00a0\u00a0\u00a0\u00a0\u00a0\u00a0\u00a0\u00a0\u00a0\u00a0\u00a0\u00a0\u00a0\u00a0\u00a0\u00a0\u00a0\u00a0\u00a0\u00a0\u00a0\u00a0\u00a0\u00a0\u00a0\u00a0\u00a0\u00a0\u00a0\u00a0\u00a0\u00a0\u00a0\u00a0\u00a0\u00a0\u00a0\u00a0\u00a0\u00a0\u00a0\u00a0 R\u00f3m 8, 9 11\u201313 A Szentl\u00e9lek m\u0171k\u00f6d\u00f6tt k\u00f6zre Krisztus megtestes\u00fcl\u00e9s\u00e9n\u00e9l \u00e9s felt\u00e1mad\u00e1s\u00e1n\u00e1l. Megvan a hatalma, hogy benn\u00fcnket is lelki emberr\u00e9 tegyen. Ennek felt\u00e9tele azonban az, hogy ne a test v\u00e1gyait, hanem a L\u00e9lek ind\u00edt\u00e1sait k\u00f6vess\u00fck. ALLELUJA\u00a0\u00a0\u00a0\u00a0\u00a0\u00a0\u00a0\u00a0\u00a0\u00a0\u00a0\u00a0\u00a0\u00a0\u00a0\u00a0\u00a0\u00a0\u00a0\u00a0\u00a0\u00a0\u00a0\u00a0\u00a0\u00a0\u00a0\u00a0\u00a0\u00a0\u00a0\u00a0\u00a0\u00a0\u00a0\u00a0\u00a0\u00a0\u00a0\u00a0\u00a0\u00a0\u00a0\u00a0\u00a0\u00a0\u00a0\u00a0\u00a0\u00a0\u00a0 \u00a0\u00a0\u00a0\u00a0\u00a0\u00a0\u00a0\u00a0\u00a0\u00a0\u00a0\u00a0\u00a0\u00a0\u00a0\u00a0\u00a0\u00a0\u00a0\u00a0\u00a0\u00a0\u00a0\u00a0\u00a0\u00a0\u00a0\u00a0\u00a0\u00a0\u00a0\u00a0\u00a0\u00a0\u00a0\u00a0\u00a0\u00a0\u00a0\u00a0\u00a0\u00a0\u00a0\u00a0\u00a0\u00a0 Mt 11, 25 \u00c1ldalak t\u00e9ged, Aty\u00e1m, mennynek \u00e9s f\u00f6ldnek Istene, * mert felt\u00e1rtad a kicsinyeknek orsz\u00e1god titkait. EVANG\u00c9LIUM\u00a0\u00a0\u00a0\u00a0\u00a0\u00a0\u00a0\u00a0\u00a0\u00a0\u00a0\u00a0\u00a0\u00a0\u00a0\u00a0\u00a0\u00a0\u00a0\u00a0\u00a0\u00a0\u00a0\u00a0\u00a0\u00a0\u00a0\u00a0\u00a0\u00a0\u00a0\u00a0\u00a0\u00a0\u00a0\u00a0\u00a0\u00a0\u00a0\u00a0\u00a0\u00a0\u00a0\u00a0\u00a0 \u00a0\u00a0\u00a0\u00a0\u00a0\u00a0\u00a0\u00a0\u00a0\u00a0\u00a0\u00a0\u00a0\u00a0\u00a0\u00a0\u00a0\u00a0\u00a0\u00a0\u00a0\u00a0\u00a0\u00a0\u00a0\u00a0\u00a0\u00a0\u00a0\u00a0\u00a0\u00a0\u00a0\u00a0\u00a0\u00a0\u00a0\u00a0\u00a0\u00a0\u00a0\u00a0\u00a0\u00a0 Mt 11, 25\u201330 J\u00e9zus nemcsak tan\u00edt\u00e1s\u00e1val, hanem szent \u00e9s p\u00e9ldamutat\u00f3 \u00e9let\u00e9vel is bizony\u00edtotta: \u0151 az Isten egysz\u00fcl\u00f6tt Fia. Ez\u00e9rt b\u00edzhatunk benne, hogy megbocs\u00e1tja b\u0171neinket \u00e9s \u00f6r\u00f6k \u00e9letet ad majd nek\u00fcnk. De lelkier\u0151t is rem\u00e9lhet\u00fcnk t\u0151le az \u00e9let terheinek \u00e9s keresztjeinek hordoz\u00e1s\u00e1hoz. AZ EUCHARISZTI\u00c1HOZ J\u00e9zus a gazdagokat \u00e9s szeg\u00e9nyeket, a b\u00f6lcseket \u00e9s egyszer\u0171eket egyar\u00e1nt h\u00edvja asztal\u00e1hoz, \u00e9s felaj\u00e1nlja nekik az \u00e9let kenyer\u00e9t. Ez a keny\u00e9r enyh\u00fcl\u00e9st ad a f\u00e1radtaknak, v\u00edgaszt ad a szenved\u0151knek \u00e9s er\u0151t ad az igaz kereszt\u00e9ny \u00e9letre t\u00f6rekv\u0151knek. ELM\u00c9LKED\u00c9S A kereszt\u00e9ny ember \u00e9let\u00e9ben az \u00f6r\u00f6mnek kell az uralkod\u00f3 \u00e9rz\u00e9snek lennie. Az\u00e9rt, mert a... R\u00e9szletek","og_url":"https:\/\/stuttgarti-katolikusok.de\/index.php\/evkozi-14-vasarnapra-2\/","og_site_name":"Stuttgarti Katolikusok","article_published_time":"2020-07-04T04:01:49+00:00","article_modified_time":"2020-07-04T04:05:25+00:00","og_image":[{"width":658,"height":494,"url":"https:\/\/stuttgarti-katolikusok.de\/wp-content\/uploads\/2020\/07\/tegyjot.jpg","type":"image\/jpeg"}],"author":"Tibor atya","twitter_card":"summary_large_image","twitter_misc":{"Szerz\u0151:":"Tibor atya","Becs\u00fclt olvas\u00e1si id\u0151":"13 perc"},"schema":{"@context":"https:\/\/schema.org","@graph":[{"@type":"Article","@id":"https:\/\/stuttgarti-katolikusok.de\/index.php\/evkozi-14-vasarnapra-2\/#article","isPartOf":{"@id":"https:\/\/stuttgarti-katolikusok.de\/index.php\/evkozi-14-vasarnapra-2\/"},"author":{"name":"Tibor atya","@id":"https:\/\/stuttgarti-katolikusok.de\/#\/schema\/person\/75908d6f8fdc03a57889d27209df7795"},"headline":"\u00c9vk\u00f6zi 14. vas\u00e1rnapra","datePublished":"2020-07-04T04:01:49+00:00","dateModified":"2020-07-04T04:05:25+00:00","mainEntityOfPage":{"@id":"https:\/\/stuttgarti-katolikusok.de\/index.php\/evkozi-14-vasarnapra-2\/"},"wordCount":2611,"image":{"@id":"https:\/\/stuttgarti-katolikusok.de\/index.php\/evkozi-14-vasarnapra-2\/#primaryimage"},"thumbnailUrl":"https:\/\/stuttgarti-katolikusok.de\/wp-content\/uploads\/2020\/07\/tegyjot.jpg","articleSection":["Vas\u00e1rnapi gondolatok"],"inLanguage":"hu"},{"@type":"WebPage","@id":"https:\/\/stuttgarti-katolikusok.de\/index.php\/evkozi-14-vasarnapra-2\/","url":"https:\/\/stuttgarti-katolikusok.de\/index.php\/evkozi-14-vasarnapra-2\/","name":"\u00c9vk\u00f6zi 14. vas\u00e1rnapra - Stuttgarti Katolikusok","isPartOf":{"@id":"https:\/\/stuttgarti-katolikusok.de\/#website"},"primaryImageOfPage":{"@id":"https:\/\/stuttgarti-katolikusok.de\/index.php\/evkozi-14-vasarnapra-2\/#primaryimage"},"image":{"@id":"https:\/\/stuttgarti-katolikusok.de\/index.php\/evkozi-14-vasarnapra-2\/#primaryimage"},"thumbnailUrl":"https:\/\/stuttgarti-katolikusok.de\/wp-content\/uploads\/2020\/07\/tegyjot.jpg","datePublished":"2020-07-04T04:01:49+00:00","dateModified":"2020-07-04T04:05:25+00:00","author":{"@id":"https:\/\/stuttgarti-katolikusok.de\/#\/schema\/person\/75908d6f8fdc03a57889d27209df7795"},"breadcrumb":{"@id":"https:\/\/stuttgarti-katolikusok.de\/index.php\/evkozi-14-vasarnapra-2\/#breadcrumb"},"inLanguage":"hu","potentialAction":[{"@type":"ReadAction","target":["https:\/\/stuttgarti-katolikusok.de\/index.php\/evkozi-14-vasarnapra-2\/"]}]},{"@type":"ImageObject","inLanguage":"hu","@id":"https:\/\/stuttgarti-katolikusok.de\/index.php\/evkozi-14-vasarnapra-2\/#primaryimage","url":"https:\/\/stuttgarti-katolikusok.de\/wp-content\/uploads\/2020\/07\/tegyjot.jpg","contentUrl":"https:\/\/stuttgarti-katolikusok.de\/wp-content\/uploads\/2020\/07\/tegyjot.jpg","width":658,"height":494},{"@type":"BreadcrumbList","@id":"https:\/\/stuttgarti-katolikusok.de\/index.php\/evkozi-14-vasarnapra-2\/#breadcrumb","itemListElement":[{"@type":"ListItem","position":1,"name":"Kezd\u0151lap","item":"https:\/\/stuttgarti-katolikusok.de\/"},{"@type":"ListItem","position":2,"name":"\u00c9vk\u00f6zi 14. vas\u00e1rnapra"}]},{"@type":"WebSite","@id":"https:\/\/stuttgarti-katolikusok.de\/#website","url":"https:\/\/stuttgarti-katolikusok.de\/","name":"Stuttgarti Katolikusok","description":"","potentialAction":[{"@type":"SearchAction","target":{"@type":"EntryPoint","urlTemplate":"https:\/\/stuttgarti-katolikusok.de\/?s={search_term_string}"},"query-input":{"@type":"PropertyValueSpecification","valueRequired":true,"valueName":"search_term_string"}}],"inLanguage":"hu"},{"@type":"Person","@id":"https:\/\/stuttgarti-katolikusok.de\/#\/schema\/person\/75908d6f8fdc03a57889d27209df7795","name":"Tibor atya","image":{"@type":"ImageObject","inLanguage":"hu","@id":"https:\/\/secure.gravatar.com\/avatar\/61d268e57d1f4525b111222e29d2d5a7f8c420fdbf231ba5566a8ceac74fa960?s=96&d=mm&r=g","url":"https:\/\/secure.gravatar.com\/avatar\/61d268e57d1f4525b111222e29d2d5a7f8c420fdbf231ba5566a8ceac74fa960?s=96&d=mm&r=g","contentUrl":"https:\/\/secure.gravatar.com\/avatar\/61d268e57d1f4525b111222e29d2d5a7f8c420fdbf231ba5566a8ceac74fa960?s=96&d=mm&r=g","caption":"Tibor atya"},"url":"https:\/\/stuttgarti-katolikusok.de\/index.php\/author\/tibor-atya\/"}]}},"_links":{"self":[{"href":"https:\/\/stuttgarti-katolikusok.de\/index.php\/wp-json\/wp\/v2\/posts\/19865","targetHints":{"allow":["GET"]}}],"collection":[{"href":"https:\/\/stuttgarti-katolikusok.de\/index.php\/wp-json\/wp\/v2\/posts"}],"about":[{"href":"https:\/\/stuttgarti-katolikusok.de\/index.php\/wp-json\/wp\/v2\/types\/post"}],"author":[{"embeddable":true,"href":"https:\/\/stuttgarti-katolikusok.de\/index.php\/wp-json\/wp\/v2\/users\/3"}],"replies":[{"embeddable":true,"href":"https:\/\/stuttgarti-katolikusok.de\/index.php\/wp-json\/wp\/v2\/comments?post=19865"}],"version-history":[{"count":1,"href":"https:\/\/stuttgarti-katolikusok.de\/index.php\/wp-json\/wp\/v2\/posts\/19865\/revisions"}],"predecessor-version":[{"id":19867,"href":"https:\/\/stuttgarti-katolikusok.de\/index.php\/wp-json\/wp\/v2\/posts\/19865\/revisions\/19867"}],"wp:featuredmedia":[{"embeddable":true,"href":"https:\/\/stuttgarti-katolikusok.de\/index.php\/wp-json\/wp\/v2\/media\/19866"}],"wp:attachment":[{"href":"https:\/\/stuttgarti-katolikusok.de\/index.php\/wp-json\/wp\/v2\/media?parent=19865"}],"wp:term":[{"taxonomy":"category","embeddable":true,"href":"https:\/\/stuttgarti-katolikusok.de\/index.php\/wp-json\/wp\/v2\/categories?post=19865"},{"taxonomy":"post_tag","embeddable":true,"href":"https:\/\/stuttgarti-katolikusok.de\/index.php\/wp-json\/wp\/v2\/tags?post=19865"}],"curies":[{"name":"wp","href":"https:\/\/api.w.org\/{rel}","templated":true}]}}