{"id":19789,"date":"2020-06-20T05:02:43","date_gmt":"2020-06-20T05:02:43","guid":{"rendered":"https:\/\/gracious-dewdney.138-201-221-2.plesk.page\/?p=19789"},"modified":"2020-06-21T21:03:23","modified_gmt":"2020-06-21T21:03:23","slug":"evkozi-12-vasarnapra","status":"publish","type":"post","link":"https:\/\/stuttgarti-katolikusok.de\/index.php\/evkozi-12-vasarnapra\/","title":{"rendered":"\u00c9vk\u00f6zi 12. vas\u00e1rnapra"},"content":{"rendered":"<p><strong>2020. j\u00fanius 21.<\/strong><\/p>\n<p><strong>\u00c9VK\u00d6ZI 12. VAS\u00c1RNAP<\/strong><\/p>\n<p><strong>Ap\u00e1k napja<\/strong><\/p>\n<p>&nbsp;<\/p>\n<p>Isten nagy \u00e9s felfoghatatlan titok. Itt \u00e9l k\u00f6z\u00f6tt\u00fcnk. Benne \u00e9l\u00fcnk, mozgunk \u00e9s vagyunk. M\u00e9gis folyamatosan keresn\u00fcnk kell \u0151t. \u0150 ugyanis azoknak nyilatkoztatja ki mag\u00e1t, akik nyugtalanok addig, m\u00edg \u0151t meg nem tal\u00e1lj\u00e1k.<\/p>\n<p><strong>KEZD\u0150\u00c9NEK<\/strong>\u00a0\u00a0\u00a0\u00a0\u00a0\u00a0\u00a0\u00a0\u00a0\u00a0\u00a0\u00a0\u00a0\u00a0\u00a0\u00a0\u00a0\u00a0\u00a0\u00a0\u00a0\u00a0\u00a0\u00a0\u00a0\u00a0\u00a0\u00a0\u00a0\u00a0\u00a0\u00a0\u00a0\u00a0\u00a0\u00a0\u00a0\u00a0\u00a0\u00a0\u00a0\u00a0\u00a0\u00a0\u00a0\u00a0\u00a0\u00a0\u00a0\u00a0\u00a0\u00a0\u00a0\u00a0\u00a0 <em>Z<\/em><em>solt 27, 8\u20139<\/em><\/p>\n<p>N\u00e9p\u00e9nek er\u0151ss\u00e9ge az \u00dar. F\u00f6lkentj\u00e9nek szabadul\u00e1sa \u00e9s mened\u00e9ke. Szabad\u00edtsd meg, Uram, n\u00e9ped, \u00e1ldd meg a te \u00f6r\u00f6ks\u00e9ged, l\u00e9gy p\u00e1sztora \u00e9s te vezesd mind\u00f6r\u00f6kk\u00e9!<\/p>\n<p><strong>OLVASM\u00c1NY<\/strong>\u00a0\u00a0\u00a0 \u00a0\u00a0\u00a0\u00a0\u00a0\u00a0\u00a0\u00a0\u00a0\u00a0\u00a0\u00a0\u00a0\u00a0\u00a0\u00a0\u00a0\u00a0\u00a0\u00a0\u00a0\u00a0\u00a0\u00a0\u00a0\u00a0\u00a0\u00a0\u00a0\u00a0\u00a0\u00a0\u00a0\u00a0\u00a0\u00a0\u00a0\u00a0\u00a0\u00a0\u00a0\u00a0\u00a0<em>Jer 2<\/em><em>0, <\/em><em>1<\/em><em>0\u201313<\/em><\/p>\n<p>Isten \u00fcgy\u00e9nek k\u00e9pviselete sok \u00e1ldozatot k\u00edv\u00e1n. Az emberek ugyanis nem sz\u00edvesen hallgatj\u00e1k a pr\u00f3f\u00e9t\u00e1k intelmeit, figyelmeztet\u00e9seit. Isten azonban \u00f6v\u00e9i mellett \u00e1ll: er\u0151t, \u00e1llhatatoss\u00e1got \u00e9s vigasztal\u00e1st ad nekik. Ez minket is bizalommal t\u00f6lthet el, amikor m\u00e1sok \u00e9rtetlens\u00e9ge \u00e9s ellenszenve miatt megk\u00f6rny\u00e9kez a kishit\u0171s\u00e9g k\u00eds\u00e9rt\u00e9se.<\/p>\n<p><strong>V\u00c1LASZOS ZSOLT\u00c1R<\/strong>\u00a0\u00a0\u00a0\u00a0\u00a0\u00a0\u00a0\u00a0\u00a0\u00a0\u00a0\u00a0\u00a0\u00a0\u00a0\u00a0\u00a0\u00a0\u00a0\u00a0\u00a0\u00a0\u00a0\u00a0\u00a0\u00a0\u00a0\u00a0\u00a0\u00a0\u00a0\u00a0\u00a0\u00a0\u00a0\u00a0\u00a0\u00a0\u00a0\u00a0\u00a0\u00a0\u00a0 <em>68. Zsolt\u00e1r<\/em><\/p>\n<p><strong>V\u00e1lasz<\/strong><strong>: U<\/strong><strong>ram, hallgass meg <u>e<\/u>ngem, <\/strong><strong>*<\/strong><\/p>\n<p><strong>\u00a0 nagy irgalmass\u00e1g<u>o<\/u>d szerint.<\/strong><\/p>\n<p><strong>SZENTLECKE<\/strong>\u00a0\u00a0 \u00a0\u00a0\u00a0\u00a0\u00a0\u00a0\u00a0\u00a0\u00a0\u00a0\u00a0\u00a0\u00a0\u00a0\u00a0\u00a0\u00a0\u00a0\u00a0\u00a0\u00a0\u00a0\u00a0\u00a0\u00a0\u00a0\u00a0\u00a0\u00a0\u00a0\u00a0\u00a0\u00a0\u00a0\u00a0\u00a0\u00a0\u00a0\u00a0\u00a0\u00a0\u00a0\u00a0\u00a0<em>R\u00f3m 5, 12<\/em><em>\u201315<\/em><\/p>\n<p>Az irgalmas Isten szeretetb\u0151l megh\u00edvta az embert az \u00f6r\u00f6k boldogs\u00e1gba. Ezt a terv\u00e9t m\u00e9g a b\u0171n \u00e9s a nyom\u00e1ban j\u00e1r\u00f3 hal\u00e1l sem tudta meghi\u00fas\u00edtani. Ahol ugyanis elhatalmasodott a b\u0171n, ott m\u00e9g b\u0151s\u00e9gesebben ki\u00e1radt Isten szeretete. Krisztusnak a kereszthal\u00e1lig val\u00f3 engedelmess\u00e9ge megszerezte sz\u00e1munkra a megv\u00e1lt\u00e1st \u00e9s az \u00f6r\u00f6k \u00e9letet.<\/p>\n<p><strong>ALLELUJA\u00a0\u00a0\u00a0\u00a0\u00a0\u00a0\u00a0\u00a0\u00a0\u00a0\u00a0\u00a0\u00a0\u00a0\u00a0\u00a0\u00a0\u00a0\u00a0\u00a0\u00a0\u00a0\u00a0\u00a0\u00a0\u00a0\u00a0\u00a0\u00a0\u00a0\u00a0\u00a0\u00a0\u00a0\u00a0\u00a0\u00a0\u00a0\u00a0\u00a0\u00a0\u00a0\u00a0\u00a0\u00a0\u00a0\u00a0\u00a0\u00a0\u00a0\u00a0 <\/strong><em>Jn 15, 26b \u00e9s 27a<\/em><\/p>\n<p>\u201eAz igazs\u00e1g Lelke majd tan\u00fas\u00e1got tesz r\u00f3lam\u201d, mondja az \u00dar, * \u201e\u00e9s ti is tan\u00fas\u00e1got tesztek r\u00f3lam.\u201d<\/p>\n<p><strong>EVANG\u00c9LIUM<\/strong>\u00a0\u00a0\u00a0\u00a0\u00a0\u00a0\u00a0\u00a0\u00a0\u00a0\u00a0\u00a0\u00a0\u00a0\u00a0\u00a0\u00a0\u00a0\u00a0\u00a0\u00a0\u00a0\u00a0\u00a0\u00a0\u00a0\u00a0\u00a0\u00a0\u00a0\u00a0\u00a0\u00a0\u00a0\u00a0\u00a0\u00a0\u00a0\u00a0\u00a0\u00a0\u00a0\u00a0\u00a0\u00a0 <em>Mt 1<\/em><em>0<\/em><em>, 26\u201333<\/em><\/p>\n<p>Az \u00fcdv\u00f6ss\u00e9gt\u00f6rt\u00e9net a j\u00f3 \u00e9s a rossz \u00e1lland\u00f3 k\u00fczdelme. Ett\u0151l a Krisztus-k\u00f6vet\u0151k sem mentesek. De az \u00dar b\u00e1tor\u00edtja h\u00edveit: \u201eNe f\u00e9ljetek!\u201d Szeretetet\u00e9vel megf\u00e9kezi a b\u0171n hatalm\u00e1t, \u00e9s megjutalmazza azokat, akik h\u0171s\u00e9gben szolg\u00e1lj\u00e1k \u0151t, \u00e9s j\u00f3 meg rossz napjaikban egyar\u00e1nt tan\u00faskodnak gondvisel\u0151 j\u00f3s\u00e1g\u00e1r\u00f3l.<\/p>\n<p><strong>K\u00c9R\u00c9SEK<\/strong><\/p>\n<p>Add, Urunk, hogy az Egyh\u00e1z b\u00e1tran hirdesse az evang\u00e9liumot az eg\u00e9sz vil\u00e1g el\u0151tt&#8230; \u00e9s hogy h\u00edveid szavukkal \u00e9s \u00e9let\u00fckkel tegyenek tan\u00fas\u00e1got az emberek el\u0151tt!<\/p>\n<p><strong>AZ EUCHARISZTI\u00c1HOZ<\/strong><\/p>\n<p>Adjuk tov\u00e1bb, amit az \u00dart\u00f3l hallottunk, adjuk tov\u00e1bb, amit az \u00dart\u00f3l kaptunk. Ez az igazi h\u00e1laad\u00e1s. Ezzel csatlakozunk J\u00e9zus h\u00e1laad\u00e1s\u00e1hoz!<\/p>\n<p><strong>\u00c1LDOZ\u00c1SI \u00c9NEK<\/strong>\u00a0\u00a0\u00a0\u00a0\u00a0\u00a0\u00a0\u00a0\u00a0\u00a0\u00a0\u00a0\u00a0\u00a0\u00a0\u00a0\u00a0\u00a0\u00a0\u00a0\u00a0\u00a0\u00a0\u00a0\u00a0\u00a0\u00a0\u00a0\u00a0\u00a0\u00a0\u00a0\u00a0\u00a0\u00a0\u00a0\u00a0\u00a0\u00a0\u00a0\u00a0\u00a0\u00a0\u00a0\u00a0\u00a0\u00a0 <em>Z<\/em><em>solt 144, 15<\/em><\/p>\n<p>Mindenek szeme b\u00edz\u00f3n r\u00e1d tekint, Urunk, \u00e9s te enni\u00fck adsz kell\u0151 id\u0151ben.<\/p>\n<p><strong>V<\/strong><strong>agy<\/strong><strong>:\u00a0\u00a0\u00a0\u00a0\u00a0\u00a0\u00a0\u00a0\u00a0\u00a0\u00a0\u00a0\u00a0\u00a0\u00a0\u00a0\u00a0\u00a0\u00a0\u00a0\u00a0\u00a0\u00a0\u00a0\u00a0\u00a0\u00a0\u00a0\u00a0\u00a0\u00a0\u00a0\u00a0\u00a0\u00a0\u00a0\u00a0\u00a0\u00a0\u00a0\u00a0\u00a0\u00a0\u00a0\u00a0\u00a0\u00a0\u00a0\u00a0\u00a0\u00a0\u00a0\u00a0\u00a0\u00a0\u00a0\u00a0\u00a0 <\/strong>\u00a0<em>J<\/em><em>n 1<\/em><em>0, 11. 15<\/em><\/p>\n<p>\u00c9n vagyok a j\u00f3 P\u00e1sztor, \u00e9letemet adom a juhok\u00e9rt \u2013mondja az \u00dar.<\/p>\n<p>IM\u00c1DS\u00c1G AZ \u00c9DESAP\u00c1K\u00c9RT<\/p>\n<p>Mennyei Aty\u00e1nk! Te vagy minden ember irgalmas, szeret\u0151 Atyja. \u00d6r\u00f6m\u00f6det leled gyermekeidben. Nem el\u00edt\u00e9lni, hanem f\u00f6lemelni akarsz minket. H\u00e1l\u00e1t adunk az \u00e9desap\u00e1k\u00e9rt, akik azt a k\u00fcldet\u00e9st kapt\u00e1k, hogy a Te atyai j\u00f3s\u00e1god, b\u00f6lcsess\u00e9ged, gondvisel\u00e9sed k\u00f6vetei \u00e9s megval\u00f3s\u00edt\u00f3i legyenek gyermekeik fel\u00e9. H\u00e1l\u00e1t adunk minden f\u00e1radoz\u00e1suk\u00e9rt, szeretet\u00fck\u00e9rt. Seg\u00edtsd Urunk az \u00e9desap\u00e1kat!<\/p>\n<p>Adj nekik er\u0151s \u00e9s m\u00e9ly hitet, hogy a Te Forr\u00e1sodb\u00f3l mer\u00edtve tudjanak mindig f\u00e9nyt, \u00f6r\u00f6met vinni a feles\u00e9g\u00fck, a csal\u00e1djuk \u00e9let\u00e9be! Adj nekik nagy sz\u00edvet, hogy h\u0171s\u00e9gesen egy \u00e9leten \u00e1t szeretni \u00e9s tisztelni tudj\u00e1k feles\u00e9g\u00fcket, \u00e9s igyekezzenek \u0151t boldogg\u00e1 tenni. Add meg nekik a kegyelmet, hogy viszonz\u00e1sul \u0151k is megkapj\u00e1k feles\u00e9g\u00fck \u00e9s gyermekeik tisztelet\u00e9t \u00e9s szeretet\u00e9t. Adj nekik b\u00f6lcsess\u00e9get, t\u00fcrelmet, hogy gyermekeikre kell\u0151 id\u0151t szenteljenek, tud\u00e1sukkal, hit\u00fckkel, hazaszeretet\u00fckkel, becs\u00fcletess\u00e9g\u00fckkel \u00e9letre sz\u00f3l\u00f3 p\u00e9lda lehessenek a sz\u00e1mukra.<\/p>\n<p>Adj nekik kitart\u00e1st a munk\u00e1ban, nagylelk\u0171s\u00e9get a k\u00f6z\u00f6ss\u00e9g\u00e9rt v\u00e9gzett szolg\u00e1latokban, b\u00e1tors\u00e1got a hiteles \u00e9rt\u00e9kek\u00e9rt val\u00f3 ki\u00e1ll\u00e1sban \u00e9s k\u00fczdelemben.<\/p>\n<p>Szent J\u00f3zsef, a szent csal\u00e1d h\u0171s\u00e9ges \u0151re, l\u00e9gy oltalmaz\u00f3ja az \u00e9desap\u00e1knak! Boldogs\u00e1gos Sz\u0171z M\u00e1ria, Magyarorsz\u00e1g Nagyasszonya, a Te p\u00e1rtfog\u00e1sodba aj\u00e1nljuk az \u00e9desap\u00e1kat, seg\u00edtsd \u0151ket, hogy csal\u00e1djaink szikl\u00e1i, er\u0151forr\u00e1sai lehessenek, \u00c1men.<\/p>\n<p><em>Dr. Sz\u00e9kely J\u00e1nos szombathelyi megy\u00e9sp\u00fcsp\u00f6k <\/em><\/p>\n<p>&nbsp;<\/p>\n<p>EGY GONDOLAT<\/p>\n<p>J\u00f3zsef az \u00e1cs: Isten titkainak \u0151riz\u0151je. Isten arra h\u00edvta J\u00f3zsefet, hogy t\u00e1rsa legyen M\u00e1ri\u00e1nak a hit \u00fatj\u00e1n.<\/p>\n<p>Ha valaki, \u00fagy \u0151 igaz\u00e1n meg\u00e9rdemli az \u201e\u00e9desapa\u201d nevet. Mert puszt\u00e1n emberi szemmel is az apas\u00e1g sokkal ink\u00e1bb felel\u0151ss\u00e9gv\u00e1llal\u00e1st jelent, mint \u00e9letad\u00e1st.\u00a0 \u00a0\u00a0\u00a0\u00a0<em>J. W.<\/em><\/p>\n<p>&nbsp;<\/p>\n<p><em>A CSAL<\/em><em>\u00c1DAPA IM\u00c1JA<\/em><\/p>\n<p>Szent J\u00f3zsef, mint csal\u00e1dapa szer\u00e9nyen, de bizalommal emelem fel\u00e9d tekintetemet. Tudom, milyen m\u00e9lt\u00f3s\u00e1gra h\u00edvott meg az \u00dar az apas\u00e1g \u00e1ltal, de tudat\u00e1ban vagyok sok-r\u00e9t\u0171 gy\u00f6nges\u00e9geimnek \u00e9s korl\u00e1tolts\u00e1gomnak is a felada-tok el\u0151tt, amelyeket ez a hivat\u00e1s helyez v\u00e1llamra.<\/p>\n<p>Te nevel\u0151apa volt\u00e1l, \u00e9s minden apa v\u00e9d\u0151szentje vagy. A Mennyei Atya, akit\u0151l minden atyas\u00e1g sz\u00e1rmazik, r\u00e1d b\u00edzta egysz\u00fcl\u00f6tt Fi\u00e1t, \u00e9s \u00f6nmaga helyettes\u00e9v\u00e9 \u00e1ll\u00edtott J\u00e9zus mell\u00e9. Te ezt a m\u00e9lt\u00f3s\u00e1got \u00fagy gyakoroltad, hogy J\u00e9zus b\u00fcszk\u00e9n mondhatott atyj\u00e1nak, amit az \u0151 boldogs\u00e1gos anyja, Sz\u0171z M\u00e1ria is elismert.<\/p>\n<p>Hathat\u00f3s szavaddal l\u00e9gy k\u00f6zbenj\u00e1r\u00f3m J\u00e9zusn\u00e1l, hogy kegyelm\u00e9nek seg\u00edts\u00e9g\u00e9vel a Mennyei Atya m\u00e9lt\u00f3 helyettese lehessek gyermekeim \u00e9s anyjuk mellett, hogy hozz\u00e1d hasonl\u00f3an Isten \u00e9l\u0151 k\u00e9pe \u00e9s jelenl\u00e9te legyek a csal\u00e1dban \u00e9s a t\u00e1rsadalomban. Amen.<\/p>\n<p>&nbsp;<\/p>\n<p><strong>A<\/strong><strong>z \u00dar \u00e1ldja, v\u00e9dje \u00e9s \u0151rizze<\/strong><\/p>\n<p><strong>\u00a0az \u00e9desap\u00e1kat<\/strong><strong>!<\/strong><\/p>\n<p>KERESZTEL\u0150 SZENT J\u00c1NOS<\/p>\n<p>SZ\u00dcLET\u00c9SE<\/p>\n<p>J\u00fanius 24-\u00e9n \u00fcnnepelj\u00fck ezt a sz\u00e9p napot. A legszentebb Istenanya ut\u00e1n mindj\u00e1rt Keresztel\u0151 Szent J\u00e1nos\u00e9 az els\u0151 hely a vil\u00e1g megv\u00e1lt\u00e1s\u00e1nak t\u00f6rt\u00e9net\u00e9ben. Az \u0151 nagys\u00e1ga az Istenember visszavert f\u00e9nye, mert k\u00f6zvetlen\u00fcl el\u0151tte j\u00e1rt, \u00e9s az utat k\u00e9sz\u00edtette sz\u00e1m\u00e1ra. Sz\u00fclet\u00e9s\u00e9t angyal hirdette, \u00e9s Krisztus m\u00e1r anyja m\u00e9h\u00e9ben megszentelte J\u00e1nost \u00e1ldott l\u00e1togat\u00e1s\u00e1val. B\u0171nb\u00e1natot hirdet, s az a m\u00e9lt\u00f3s\u00e1g \u00e9ri, hogy \u0151 mutatja be Krisztust a vil\u00e1gnak: \u00cdme, az Isten B\u00e1r\u00e1nya! M\u00edg a t\u00f6bbi szentnek csak hal\u00e1la (vagyis mennyei sz\u00fclet\u00e9se) napj\u00e1t \u00fcnnepelj\u00fck, J\u00e1nosnak f\u00f6ldi sz\u00fclet\u00e9snapj\u00e1t is teljes liturgikus f\u00e9nnyel \u00fclj\u00fck, \u00e9pp\u00fagy, mint a Megv\u00e1lt\u00f3\u00e9t \u00e9s M\u00e1ri\u00e1\u00e9t. \u00dcnnep\u00e9n sokfel\u00e9 t\u00fczet gy\u00fajtanak, minthogy maga Krisztus mondta r\u00f3la: J\u00e1nos vil\u00e1g\u00edt\u00f3 f\u00e1klya volt.<\/p>\n<p>&nbsp;<\/p>\n<p>SZENT KIR\u00c1LYUNKRA, L\u00c1SZL\u00d3RA EML\u00c9KEZ\u00dcNK LITURGIKUS \u00dcNNEP\u00c9N, J\u00daNIUS 27-\u00c9N<\/p>\n<p>A K\u00e9pes kr\u00f3nika szerint 1077-ben, \u201eamikor a magyarok meghallott\u00e1k, hogy Magnus (G\u00e9za) kir\u00e1ly meghalt, eg\u00e9sz sokas\u00e1guk \u00f6ccs\u00e9hez, L\u00e1szl\u00f3hoz gy\u0171lt, \u00e9s egy \u00e9rtelemmel, k\u00f6z\u00f6s sz\u00f3val \u00e9s egyet\u00e9rt\u0151 akarattal \u0151t v\u00e1lasztott\u00e1k az orsz\u00e1g korm\u00e1nyz\u00e1s\u00e1ra, vagyis helyesebben buzg\u00f3 \u00e9s \u00e1llhatatos k\u00e9r\u00e9ssel r\u00e1k\u00e9nyszer\u00edtett\u00e9k. Mindny\u00e1jan tudt\u00e1k ugyanis, hogy f\u00f6l van ruh\u00e1zva a t\u00f6k\u00e9letes virtusokkal, hite szerint katolikus, kiv\u00e1ltk\u00e9ppen kegyes, b\u0151kez\u0171 adakoz\u00f3, szeretettel teljes. \u00dagy ragyogott f\u00f6l, mint k\u00f6d k\u00f6zepette a hajnali csillag, mely el\u0171zi a hom\u00e1lyt; \u00e9s mik\u00e9ppen a telihold vil\u00e1gol a maga napjaiban, vagy amik\u00e9ppen a nap ragyog: f\u00e9ny lett n\u00e9p\u00e9nek k\u00f6zepette.\u201d<\/p>\n<p>&nbsp;<\/p>\n<p>IM\u00c1DS\u00c1G SZENT L\u00c1SZL\u00d3 KIR\u00c1LYHOZ<\/p>\n<p>\u00dcdv\u00f6z l\u00e9gy, j\u00f3s\u00e1gos kir\u00e1ly, minden dics\u00e9retre m\u00e9lt\u00f3 Szent L\u00e1szl\u00f3! Dics\u0151s\u00e9g\u00fcnk vagy, kegyes \u00e9s hatalmas p\u00e1rtfog\u00f3nk, j\u00f3s\u00e1gos v\u00e9delmez\u0151nk! L\u00e1szl\u00f3, az \u00darnak hitvall\u00f3ja, tedd er\u0151ss\u00e9 n\u00e9pedet k\u00f6zbenj\u00e1r\u00e1soddal, hogy boldogs\u00e1godnak kegyelme megenyh\u00edtsen minket, akiket a b\u0171n\u00f6k s\u00falya nyom, \u00e9s \u00edgy a te vez\u00e9rleted alatt az \u00f6r\u00f6k jutalmat elnyerhess\u00fck. Szent L\u00e1szl\u00f3 kir\u00e1ly, n\u00e9pednek szil\u00e1rd rem\u00e9nys\u00e9ge, tekints a t\u00e9ged keres\u0151 nemzet \u00e1h\u00edtat\u00e1ra \u00e9s j\u00e1rj k\u00f6zben \u00e9rt\u00fcnk, mindny\u00e1junk \u00fcdv\u00f6ss\u00e9g\u00e9re.<\/p>\n<p>&nbsp;<\/p>\n<p>KERESZT\u00c9NYK\u00c9NT A DEPRESSZI\u00d3 ELLEN?<\/p>\n<p>A depresszi\u00f3 betegs\u00e9g, \u00e9s az, hogy kereszt\u00e9ny vagy, nem jelenti azt, hogy te soha nem fogsz ebben a betegs\u00e9gben szenvedni. Jean-Fran\u00e7ois Catalan jezsuita pszichol\u00f3gust k\u00e9rdezte az Aleteia katolikus port\u00e1l.<\/p>\n<p>A k\u00e9rd\u00e9sre, hogy vajon norm\u00e1lis jelens\u00e9g-e, ha valaki megk\u00e9rd\u0151jelezi a hit\u00e9t, amikor depresszi\u00f3t\u00f3l szenved, a jezsuita szerzetes azt v\u00e1laszolta, sok nagy szent \u00e9lt \u00e1t lelkileg neh\u00e9z, embert pr\u00f3b\u00e1l\u00f3 id\u0151szakokat, \u201es\u00f6t\u00e9t \u00e9jszak\u00e1kat\u201d. A szentek is megtapasztalt\u00e1k a szomor\u00fas\u00e1got, \u00e9letunts\u00e1got; id\u0151nk\u00e9nt a teljes k\u00e9ts\u00e9gbees\u00e9s sz\u00e9l\u00e9re is eljutottak. Liguori Szent Alfonz m\u00e1sokat vigasztalt, de k\u00f6zben saj\u00e1t maga s\u00f6t\u00e9ts\u00e9gben \u00e9lte le \u00e9lete j\u00f3 r\u00e9sz\u00e9t, csak\u00fagy, mint a szent ars-i pl\u00e9b\u00e1nos. Kis Szent Ter\u00e9z is megtapasztalta, hogy mintha egy fal v\u00e1lasztan\u00e1 el a mennyek orsz\u00e1g\u00e1t\u00f3l; m\u00e1r nem volt biztos sem Isten, sem a mennyorsz\u00e1g l\u00e9tez\u00e9s\u00e9ben. M\u00e9gis t\u00faljutott ezen a szakaszon, mint ahogy a t\u00f6bbi szent is \u2013 szeretettel, a hit erej\u00e9vel.<\/p>\n<p>Amikor depresszi\u00f3t \u00e9lsz \u00e1t, akkor is r\u00e1b\u00edzhatod magad Istenre. A betegs\u00e9g \u00e9rzete abban a pillanatban megv\u00e1ltozik, megreped a fal, m\u00e9gha nem is t\u0171nik el a szenved\u00e9s \u00e9s a mag\u00e1ny.<\/p>\n<p>K\u00e9tf\u00e9le mozg\u00e1s van: egyr\u00e9szt te megteszel mindent, ami t\u0151led telik, m\u00e9gha kev\u00e9snek is t\u0171nik a szemedben (beveszed a gy\u00f3gyszereidet, elm\u00e9sz az orvosodhoz vagy a terapeut\u00e1dhoz, megpr\u00f3b\u00e1lod fenntartani vagy meg\u00faj\u00edtani a bar\u00e1ti kapcsolataidat) \u2013 m\u00e1sr\u00e9szt pedig sz\u00e1m\u00edthatsz Isten kegyelm\u00e9re, hogy meg\u0151riz t\u00e9ged a k\u00e9ts\u00e9gbees\u00e9st\u0151l.<\/p>\n<p>A jezsuita pszichol\u00f3gus elismerte, sz\u00e1munkra, h\u00e9tk\u00f6znapi emberek sz\u00e1m\u00e1ra n\u00e9ha nagyon t\u00e1volinak t\u0171nik a szentek p\u00e9ld\u00e1ja; mi sokszor az \u00e9jszak\u00e1n\u00e1l is nagyobb s\u00f6t\u00e9ts\u00e9gben \u00e9l\u00fcnk. Azonban a szentekhez hasonl\u00f3an mi is \u00e1t\u00e9lj\u00fck, hogy minden kereszt\u00e9ny \u00e9let bizonyos \u00e9rtelemben k\u00fczdelem: k\u00fczdelem a k\u00e9ts\u00e9gbees\u00e9s ellen, az \u00f6nmagunkba val\u00f3 bez\u00e1rk\u00f3z\u00e1s ellen, az \u00f6nz\u00e9s\u00fcnk, a rem\u00e9nyvesztetts\u00e9g\u00fcnk ellen. Mindannyian, mindennap megk\u00fczd\u00fcnk mindezzel. Megvan a saj\u00e1t szem\u00e9lyes harcunk a puszt\u00edt\u00e1s er\u0151i ellen, amelyek a val\u00f3di, a hiteles \u00e9let \u00fatj\u00e1ban \u00e1llnak; ezek lehetnek biol\u00f3giai (betegs\u00e9gek), pszichol\u00f3giai (b\u00e1rmilyen idegi alap\u00fa folyamat, szem\u00e9lyes konfliktus, frusztr\u00e1ci\u00f3) vagy spiritu\u00e1lis eredet\u0171ek.<\/p>\n<p>Az emberi l\u00e9lekben van k\u00eds\u00e9rt\u00e9s, ellen\u00e1ll\u00e1s, b\u0171n. Nem maradhatunk n\u00e9m\u00e1k a s\u00e1t\u00e1n t\u00e9nyked\u00e9sei l\u00e1tt\u00e1n, aki azt akarja, hogy elbotoljunk, hogy ne jussunk k\u00f6zelebb Istenhez. \u0150 hasznot tud h\u00fazni a depresszi\u00f3nkb\u00f3l, a megpr\u00f3b\u00e1ltat\u00e1sainkb\u00f3l.<\/p>\n<p>Felmer\u00fclt a k\u00e9rd\u00e9s az interj\u00fa sor\u00e1n, hogy lehet-e b\u0171nnek tekinteni a depresszi\u00f3t \u2013 amire egy\u00e9rtelm\u0171 nem volt a v\u00e1lasz. A depresszi\u00f3 betegs\u00e9g, amit al\u00e1zattal is viselhetsz. Amikor a legm\u00e9lyebbre \u00e9rsz, \u00e9s elvesztetted a t\u00e1j\u00e9koz\u00f3d\u00e1si pontokat, \u00e9s f\u00e1jdalmasan megtapasztalod, hogy nincs kihez fordulj, akkor r\u00e1d\u00f6bbensz, hogy nem vagy mindenhat\u00f3, \u00e9s nem tudod megmenteni magad. De m\u00e9g akkor is, a legs\u00f6t\u00e9tebb pillanatban is szabad vagy: szabadon d\u00f6nthetsz, hogy a depresszi\u00f3dat al\u00e1zattal vagy felh\u00e1borod\u00e1ssal \u00e9led meg. Minden lelki \u00e9let kezdete a megt\u00e9r\u00e9s, a megt\u00e9r\u00e9s kezdete viszont csak egy n\u00e9z\u0151pontv\u00e1lt\u00e1s: megv\u00e1ltoztatjuk a perspekt\u00edv\u00e1t, \u00e9s Istenre tekint\u00fcnk, visszat\u00e9r\u00fcnk Hozz\u00e1. Ez a fordulat d\u00f6nt\u00e9s \u00e9s k\u00fczdelem eredm\u00e9nye.<\/p>\n<p><em>Forr\u00e1s: Aleteia.org \/ Magyar Kur\u00edr (vn)<\/em><\/p>\n<p>&nbsp;<\/p>\n<p><strong>\u00a0<\/strong><strong>SZIKLAHIT\u0170 L\u00c1SZL\u00d3<\/strong><strong>, <\/strong><strong>ki nem ismersz f\u00e9lelmet,<\/strong><\/p>\n<p><strong>\u00a0L\u00e9gy ereje, pajzsa gyenge sz\u00edv\u0171 n\u00e9pednek<\/strong><strong>:<\/strong><\/p>\n<p><strong>\u00a0Ingadoz\u00f3 lelkek, sok csap\u00e1ssal vertek,<\/strong><\/p>\n<p><strong>\u00a0T<\/strong><strong>\u0151led k\u00e9rnek v\u00e9delmet<\/strong><strong>. \u00a0\u00a0\u00a0\u00a0\u00a0\u00a0\u00a0\u00a0\u00a0<em>Cantus Catholici <\/em><\/strong><strong><em>\u2013<\/em><\/strong><strong><em> Harangi L\u00e1szl\u00f3<\/em><\/strong><\/p>\n<p>&nbsp;<\/p>\n","protected":false},"excerpt":{"rendered":"<p>2020. j\u00fanius 21. \u00c9VK\u00d6ZI 12. VAS\u00c1RNAP Ap\u00e1k napja &nbsp; Isten nagy \u00e9s felfoghatatlan titok. Itt \u00e9l k\u00f6z\u00f6tt\u00fcnk. Benne \u00e9l\u00fcnk, mozgunk \u00e9s vagyunk. M\u00e9gis folyamatosan keresn\u00fcnk kell \u0151t. \u0150 ugyanis azoknak nyilatkoztatja ki mag\u00e1t, akik nyugtalanok addig, m\u00edg \u0151t meg nem tal\u00e1lj\u00e1k. KEZD\u0150\u00c9NEK\u00a0\u00a0\u00a0\u00a0\u00a0\u00a0\u00a0\u00a0\u00a0\u00a0\u00a0\u00a0\u00a0\u00a0\u00a0\u00a0\u00a0\u00a0\u00a0\u00a0\u00a0\u00a0\u00a0\u00a0\u00a0\u00a0\u00a0\u00a0\u00a0\u00a0\u00a0\u00a0\u00a0\u00a0\u00a0\u00a0\u00a0\u00a0\u00a0\u00a0\u00a0\u00a0\u00a0\u00a0\u00a0\u00a0\u00a0\u00a0\u00a0\u00a0\u00a0\u00a0\u00a0\u00a0\u00a0 Zsolt 27, 8\u20139 N\u00e9p\u00e9nek er\u0151ss\u00e9ge az \u00dar. F\u00f6lkentj\u00e9nek szabadul\u00e1sa \u00e9s mened\u00e9ke. Szabad\u00edtsd meg, Uram, n\u00e9ped, \u00e1ldd meg a te \u00f6r\u00f6ks\u00e9ged, l\u00e9gy p\u00e1sztora \u00e9s te vezesd mind\u00f6r\u00f6kk\u00e9! OLVASM\u00c1NY\u00a0\u00a0\u00a0 \u00a0\u00a0\u00a0\u00a0\u00a0\u00a0\u00a0\u00a0\u00a0\u00a0\u00a0\u00a0\u00a0\u00a0\u00a0\u00a0\u00a0\u00a0\u00a0\u00a0\u00a0\u00a0\u00a0\u00a0\u00a0\u00a0\u00a0\u00a0\u00a0\u00a0\u00a0\u00a0\u00a0\u00a0\u00a0\u00a0\u00a0\u00a0\u00a0\u00a0\u00a0\u00a0\u00a0Jer 20, 10\u201313 Isten \u00fcgy\u00e9nek k\u00e9pviselete sok \u00e1ldozatot k\u00edv\u00e1n. Az emberek ugyanis nem sz\u00edvesen hallgatj\u00e1k a pr\u00f3f\u00e9t\u00e1k intelmeit, figyelmeztet\u00e9seit. Isten azonban \u00f6v\u00e9i mellett \u00e1ll: er\u0151t, \u00e1llhatatoss\u00e1got \u00e9s vigasztal\u00e1st ad nekik. Ez minket is bizalommal t\u00f6lthet el, amikor m\u00e1sok \u00e9rtetlens\u00e9ge \u00e9s ellenszenve miatt megk\u00f6rny\u00e9kez a kishit\u0171s\u00e9g k\u00eds\u00e9rt\u00e9se. V\u00c1LASZOS ZSOLT\u00c1R\u00a0\u00a0\u00a0\u00a0\u00a0\u00a0\u00a0\u00a0\u00a0\u00a0\u00a0\u00a0\u00a0\u00a0\u00a0\u00a0\u00a0\u00a0\u00a0\u00a0\u00a0\u00a0\u00a0\u00a0\u00a0\u00a0\u00a0\u00a0\u00a0\u00a0\u00a0\u00a0\u00a0\u00a0\u00a0\u00a0\u00a0\u00a0\u00a0\u00a0\u00a0\u00a0\u00a0 68. Zsolt\u00e1r V\u00e1lasz: Uram, hallgass meg engem, * \u00a0 nagy irgalmass\u00e1god szerint. SZENTLECKE\u00a0\u00a0 \u00a0\u00a0\u00a0\u00a0\u00a0\u00a0\u00a0\u00a0\u00a0\u00a0\u00a0\u00a0\u00a0\u00a0\u00a0\u00a0\u00a0\u00a0\u00a0\u00a0\u00a0\u00a0\u00a0\u00a0\u00a0\u00a0\u00a0\u00a0\u00a0\u00a0\u00a0\u00a0\u00a0\u00a0\u00a0\u00a0\u00a0\u00a0\u00a0\u00a0\u00a0\u00a0\u00a0\u00a0R\u00f3m 5, 12\u201315 Az irgalmas Isten szeretetb\u0151l megh\u00edvta az embert az \u00f6r\u00f6k boldogs\u00e1gba. Ezt a terv\u00e9t m\u00e9g a b\u0171n \u00e9s a nyom\u00e1ban j\u00e1r\u00f3 hal\u00e1l sem tudta meghi\u00fas\u00edtani. Ahol ugyanis elhatalmasodott a b\u0171n, ott m\u00e9g b\u0151s\u00e9gesebben ki\u00e1radt Isten szeretete. Krisztusnak a kereszthal\u00e1lig val\u00f3 engedelmess\u00e9ge megszerezte sz\u00e1munkra a megv\u00e1lt\u00e1st \u00e9s az \u00f6r\u00f6k \u00e9letet. ALLELUJA\u00a0\u00a0\u00a0\u00a0\u00a0\u00a0\u00a0\u00a0\u00a0\u00a0\u00a0\u00a0\u00a0\u00a0\u00a0\u00a0\u00a0\u00a0\u00a0\u00a0\u00a0\u00a0\u00a0\u00a0\u00a0\u00a0\u00a0\u00a0\u00a0\u00a0\u00a0\u00a0\u00a0\u00a0\u00a0\u00a0\u00a0\u00a0\u00a0\u00a0\u00a0\u00a0\u00a0\u00a0\u00a0\u00a0\u00a0\u00a0\u00a0\u00a0\u00a0 Jn 15, 26b \u00e9s 27a \u201eAz igazs\u00e1g Lelke majd tan\u00fas\u00e1got tesz r\u00f3lam\u201d, mondja az \u00dar, * \u201e\u00e9s ti is tan\u00fas\u00e1got tesztek r\u00f3lam.\u201d EVANG\u00c9LIUM\u00a0\u00a0\u00a0\u00a0\u00a0\u00a0\u00a0\u00a0\u00a0\u00a0\u00a0\u00a0\u00a0\u00a0\u00a0\u00a0\u00a0\u00a0\u00a0\u00a0\u00a0\u00a0\u00a0\u00a0\u00a0\u00a0\u00a0\u00a0\u00a0\u00a0\u00a0\u00a0\u00a0\u00a0\u00a0\u00a0\u00a0\u00a0\u00a0\u00a0\u00a0\u00a0\u00a0\u00a0\u00a0 Mt 10, 26\u201333 Az \u00fcdv\u00f6ss\u00e9gt\u00f6rt\u00e9net a j\u00f3 \u00e9s a rossz \u00e1lland\u00f3 k\u00fczdelme. Ett\u0151l a Krisztus-k\u00f6vet\u0151k sem mentesek. De az \u00dar b\u00e1tor\u00edtja h\u00edveit: \u201eNe f\u00e9ljetek!\u201d Szeretetet\u00e9vel megf\u00e9kezi a b\u0171n hatalm\u00e1t, \u00e9s megjutalmazza azokat, akik h\u0171s\u00e9gben szolg\u00e1lj\u00e1k \u0151t, \u00e9s j\u00f3 meg rossz napjaikban egyar\u00e1nt tan\u00faskodnak gondvisel\u0151 j\u00f3s\u00e1g\u00e1r\u00f3l. K\u00c9R\u00c9SEK Add, Urunk, hogy az Egyh\u00e1z b\u00e1tran hirdesse az evang\u00e9liumot az eg\u00e9sz vil\u00e1g el\u0151tt&#8230; \u00e9s hogy h\u00edveid szavukkal \u00e9s \u00e9let\u00fckkel tegyenek tan\u00fas\u00e1got az emberek el\u0151tt! AZ EUCHARISZTI\u00c1HOZ Adjuk tov\u00e1bb, amit az \u00dart\u00f3l hallottunk, adjuk tov\u00e1bb, amit az \u00dart\u00f3l kaptunk. Ez az igazi h\u00e1laad\u00e1s. Ezzel csatlakozunk J\u00e9zus h\u00e1laad\u00e1s\u00e1hoz! \u00c1LDOZ\u00c1SI \u00c9NEK\u00a0\u00a0\u00a0\u00a0\u00a0\u00a0\u00a0\u00a0\u00a0\u00a0\u00a0\u00a0\u00a0\u00a0\u00a0\u00a0\u00a0\u00a0\u00a0\u00a0\u00a0\u00a0\u00a0\u00a0\u00a0\u00a0\u00a0\u00a0\u00a0\u00a0\u00a0\u00a0\u00a0\u00a0\u00a0\u00a0\u00a0\u00a0\u00a0\u00a0\u00a0\u00a0\u00a0\u00a0\u00a0\u00a0\u00a0 Zsolt&#8230; <\/p>\n<p><a class=\"readmore\" href=\"https:\/\/stuttgarti-katolikusok.de\/index.php\/evkozi-12-vasarnapra\/\">R\u00e9szletek<\/a><\/p>\n","protected":false},"author":3,"featured_media":19790,"comment_status":"closed","ping_status":"closed","sticky":false,"template":"","format":"standard","meta":{"footnotes":""},"categories":[63],"tags":[],"class_list":["post-19789","post","type-post","status-publish","format-standard","has-post-thumbnail","hentry","category-vasarnapi-gondolatok"],"yoast_head":"<!-- This site is optimized with the Yoast SEO plugin v27.3 - https:\/\/yoast.com\/product\/yoast-seo-wordpress\/ -->\n<title>\u00c9vk\u00f6zi 12. vas\u00e1rnapra - Stuttgarti Katolikusok<\/title>\n<meta name=\"robots\" content=\"index, follow, max-snippet:-1, max-image-preview:large, max-video-preview:-1\" \/>\n<link rel=\"canonical\" href=\"https:\/\/stuttgarti-katolikusok.de\/index.php\/evkozi-12-vasarnapra\/\" \/>\n<meta property=\"og:locale\" content=\"hu_HU\" \/>\n<meta property=\"og:type\" content=\"article\" \/>\n<meta property=\"og:title\" content=\"\u00c9vk\u00f6zi 12. vas\u00e1rnapra - Stuttgarti Katolikusok\" \/>\n<meta property=\"og:description\" content=\"2020. j\u00fanius 21. \u00c9VK\u00d6ZI 12. VAS\u00c1RNAP Ap\u00e1k napja &nbsp; Isten nagy \u00e9s felfoghatatlan titok. Itt \u00e9l k\u00f6z\u00f6tt\u00fcnk. Benne \u00e9l\u00fcnk, mozgunk \u00e9s vagyunk. M\u00e9gis folyamatosan keresn\u00fcnk kell \u0151t. \u0150 ugyanis azoknak nyilatkoztatja ki mag\u00e1t, akik nyugtalanok addig, m\u00edg \u0151t meg nem tal\u00e1lj\u00e1k. KEZD\u0150\u00c9NEK\u00a0\u00a0\u00a0\u00a0\u00a0\u00a0\u00a0\u00a0\u00a0\u00a0\u00a0\u00a0\u00a0\u00a0\u00a0\u00a0\u00a0\u00a0\u00a0\u00a0\u00a0\u00a0\u00a0\u00a0\u00a0\u00a0\u00a0\u00a0\u00a0\u00a0\u00a0\u00a0\u00a0\u00a0\u00a0\u00a0\u00a0\u00a0\u00a0\u00a0\u00a0\u00a0\u00a0\u00a0\u00a0\u00a0\u00a0\u00a0\u00a0\u00a0\u00a0\u00a0\u00a0\u00a0\u00a0 Zsolt 27, 8\u20139 N\u00e9p\u00e9nek er\u0151ss\u00e9ge az \u00dar. F\u00f6lkentj\u00e9nek szabadul\u00e1sa \u00e9s mened\u00e9ke. Szabad\u00edtsd meg, Uram, n\u00e9ped, \u00e1ldd meg a te \u00f6r\u00f6ks\u00e9ged, l\u00e9gy p\u00e1sztora \u00e9s te vezesd mind\u00f6r\u00f6kk\u00e9! OLVASM\u00c1NY\u00a0\u00a0\u00a0 \u00a0\u00a0\u00a0\u00a0\u00a0\u00a0\u00a0\u00a0\u00a0\u00a0\u00a0\u00a0\u00a0\u00a0\u00a0\u00a0\u00a0\u00a0\u00a0\u00a0\u00a0\u00a0\u00a0\u00a0\u00a0\u00a0\u00a0\u00a0\u00a0\u00a0\u00a0\u00a0\u00a0\u00a0\u00a0\u00a0\u00a0\u00a0\u00a0\u00a0\u00a0\u00a0\u00a0Jer 20, 10\u201313 Isten \u00fcgy\u00e9nek k\u00e9pviselete sok \u00e1ldozatot k\u00edv\u00e1n. Az emberek ugyanis nem sz\u00edvesen hallgatj\u00e1k a pr\u00f3f\u00e9t\u00e1k intelmeit, figyelmeztet\u00e9seit. Isten azonban \u00f6v\u00e9i mellett \u00e1ll: er\u0151t, \u00e1llhatatoss\u00e1got \u00e9s vigasztal\u00e1st ad nekik. Ez minket is bizalommal t\u00f6lthet el, amikor m\u00e1sok \u00e9rtetlens\u00e9ge \u00e9s ellenszenve miatt megk\u00f6rny\u00e9kez a kishit\u0171s\u00e9g k\u00eds\u00e9rt\u00e9se. V\u00c1LASZOS ZSOLT\u00c1R\u00a0\u00a0\u00a0\u00a0\u00a0\u00a0\u00a0\u00a0\u00a0\u00a0\u00a0\u00a0\u00a0\u00a0\u00a0\u00a0\u00a0\u00a0\u00a0\u00a0\u00a0\u00a0\u00a0\u00a0\u00a0\u00a0\u00a0\u00a0\u00a0\u00a0\u00a0\u00a0\u00a0\u00a0\u00a0\u00a0\u00a0\u00a0\u00a0\u00a0\u00a0\u00a0\u00a0 68. Zsolt\u00e1r V\u00e1lasz: Uram, hallgass meg engem, * \u00a0 nagy irgalmass\u00e1god szerint. SZENTLECKE\u00a0\u00a0 \u00a0\u00a0\u00a0\u00a0\u00a0\u00a0\u00a0\u00a0\u00a0\u00a0\u00a0\u00a0\u00a0\u00a0\u00a0\u00a0\u00a0\u00a0\u00a0\u00a0\u00a0\u00a0\u00a0\u00a0\u00a0\u00a0\u00a0\u00a0\u00a0\u00a0\u00a0\u00a0\u00a0\u00a0\u00a0\u00a0\u00a0\u00a0\u00a0\u00a0\u00a0\u00a0\u00a0\u00a0R\u00f3m 5, 12\u201315 Az irgalmas Isten szeretetb\u0151l megh\u00edvta az embert az \u00f6r\u00f6k boldogs\u00e1gba. Ezt a terv\u00e9t m\u00e9g a b\u0171n \u00e9s a nyom\u00e1ban j\u00e1r\u00f3 hal\u00e1l sem tudta meghi\u00fas\u00edtani. Ahol ugyanis elhatalmasodott a b\u0171n, ott m\u00e9g b\u0151s\u00e9gesebben ki\u00e1radt Isten szeretete. Krisztusnak a kereszthal\u00e1lig val\u00f3 engedelmess\u00e9ge megszerezte sz\u00e1munkra a megv\u00e1lt\u00e1st \u00e9s az \u00f6r\u00f6k \u00e9letet. ALLELUJA\u00a0\u00a0\u00a0\u00a0\u00a0\u00a0\u00a0\u00a0\u00a0\u00a0\u00a0\u00a0\u00a0\u00a0\u00a0\u00a0\u00a0\u00a0\u00a0\u00a0\u00a0\u00a0\u00a0\u00a0\u00a0\u00a0\u00a0\u00a0\u00a0\u00a0\u00a0\u00a0\u00a0\u00a0\u00a0\u00a0\u00a0\u00a0\u00a0\u00a0\u00a0\u00a0\u00a0\u00a0\u00a0\u00a0\u00a0\u00a0\u00a0\u00a0\u00a0 Jn 15, 26b \u00e9s 27a \u201eAz igazs\u00e1g Lelke majd tan\u00fas\u00e1got tesz r\u00f3lam\u201d, mondja az \u00dar, * \u201e\u00e9s ti is tan\u00fas\u00e1got tesztek r\u00f3lam.\u201d EVANG\u00c9LIUM\u00a0\u00a0\u00a0\u00a0\u00a0\u00a0\u00a0\u00a0\u00a0\u00a0\u00a0\u00a0\u00a0\u00a0\u00a0\u00a0\u00a0\u00a0\u00a0\u00a0\u00a0\u00a0\u00a0\u00a0\u00a0\u00a0\u00a0\u00a0\u00a0\u00a0\u00a0\u00a0\u00a0\u00a0\u00a0\u00a0\u00a0\u00a0\u00a0\u00a0\u00a0\u00a0\u00a0\u00a0\u00a0 Mt 10, 26\u201333 Az \u00fcdv\u00f6ss\u00e9gt\u00f6rt\u00e9net a j\u00f3 \u00e9s a rossz \u00e1lland\u00f3 k\u00fczdelme. Ett\u0151l a Krisztus-k\u00f6vet\u0151k sem mentesek. De az \u00dar b\u00e1tor\u00edtja h\u00edveit: \u201eNe f\u00e9ljetek!\u201d Szeretetet\u00e9vel megf\u00e9kezi a b\u0171n hatalm\u00e1t, \u00e9s megjutalmazza azokat, akik h\u0171s\u00e9gben szolg\u00e1lj\u00e1k \u0151t, \u00e9s j\u00f3 meg rossz napjaikban egyar\u00e1nt tan\u00faskodnak gondvisel\u0151 j\u00f3s\u00e1g\u00e1r\u00f3l. K\u00c9R\u00c9SEK Add, Urunk, hogy az Egyh\u00e1z b\u00e1tran hirdesse az evang\u00e9liumot az eg\u00e9sz vil\u00e1g el\u0151tt&#8230; \u00e9s hogy h\u00edveid szavukkal \u00e9s \u00e9let\u00fckkel tegyenek tan\u00fas\u00e1got az emberek el\u0151tt! AZ EUCHARISZTI\u00c1HOZ Adjuk tov\u00e1bb, amit az \u00dart\u00f3l hallottunk, adjuk tov\u00e1bb, amit az \u00dart\u00f3l kaptunk. Ez az igazi h\u00e1laad\u00e1s. Ezzel csatlakozunk J\u00e9zus h\u00e1laad\u00e1s\u00e1hoz! \u00c1LDOZ\u00c1SI \u00c9NEK\u00a0\u00a0\u00a0\u00a0\u00a0\u00a0\u00a0\u00a0\u00a0\u00a0\u00a0\u00a0\u00a0\u00a0\u00a0\u00a0\u00a0\u00a0\u00a0\u00a0\u00a0\u00a0\u00a0\u00a0\u00a0\u00a0\u00a0\u00a0\u00a0\u00a0\u00a0\u00a0\u00a0\u00a0\u00a0\u00a0\u00a0\u00a0\u00a0\u00a0\u00a0\u00a0\u00a0\u00a0\u00a0\u00a0\u00a0 Zsolt... R\u00e9szletek\" \/>\n<meta property=\"og:url\" content=\"https:\/\/stuttgarti-katolikusok.de\/index.php\/evkozi-12-vasarnapra\/\" \/>\n<meta property=\"og:site_name\" content=\"Stuttgarti Katolikusok\" \/>\n<meta property=\"article:published_time\" content=\"2020-06-20T05:02:43+00:00\" \/>\n<meta property=\"article:modified_time\" content=\"2020-06-21T21:03:23+00:00\" \/>\n<meta property=\"og:image\" content=\"https:\/\/stuttgarti-katolikusok.de\/wp-content\/uploads\/2020\/06\/apa-lanya.jpg\" \/>\n\t<meta property=\"og:image:width\" content=\"960\" \/>\n\t<meta property=\"og:image:height\" content=\"639\" \/>\n\t<meta property=\"og:image:type\" content=\"image\/jpeg\" \/>\n<meta name=\"author\" content=\"Tibor atya\" \/>\n<meta name=\"twitter:card\" content=\"summary_large_image\" \/>\n<meta name=\"twitter:label1\" content=\"Szerz\u0151:\" \/>\n\t<meta name=\"twitter:data1\" content=\"Tibor atya\" \/>\n\t<meta name=\"twitter:label2\" content=\"Becs\u00fclt olvas\u00e1si id\u0151\" \/>\n\t<meta name=\"twitter:data2\" content=\"11 perc\" \/>\n<script type=\"application\/ld+json\" class=\"yoast-schema-graph\">{\"@context\":\"https:\\\/\\\/schema.org\",\"@graph\":[{\"@type\":\"Article\",\"@id\":\"https:\\\/\\\/stuttgarti-katolikusok.de\\\/index.php\\\/evkozi-12-vasarnapra\\\/#article\",\"isPartOf\":{\"@id\":\"https:\\\/\\\/stuttgarti-katolikusok.de\\\/index.php\\\/evkozi-12-vasarnapra\\\/\"},\"author\":{\"name\":\"Tibor atya\",\"@id\":\"https:\\\/\\\/stuttgarti-katolikusok.de\\\/#\\\/schema\\\/person\\\/75908d6f8fdc03a57889d27209df7795\"},\"headline\":\"\u00c9vk\u00f6zi 12. vas\u00e1rnapra\",\"datePublished\":\"2020-06-20T05:02:43+00:00\",\"dateModified\":\"2020-06-21T21:03:23+00:00\",\"mainEntityOfPage\":{\"@id\":\"https:\\\/\\\/stuttgarti-katolikusok.de\\\/index.php\\\/evkozi-12-vasarnapra\\\/\"},\"wordCount\":2157,\"image\":{\"@id\":\"https:\\\/\\\/stuttgarti-katolikusok.de\\\/index.php\\\/evkozi-12-vasarnapra\\\/#primaryimage\"},\"thumbnailUrl\":\"https:\\\/\\\/stuttgarti-katolikusok.de\\\/wp-content\\\/uploads\\\/2020\\\/06\\\/apa-lanya.jpg\",\"articleSection\":[\"Vas\u00e1rnapi gondolatok\"],\"inLanguage\":\"hu\"},{\"@type\":\"WebPage\",\"@id\":\"https:\\\/\\\/stuttgarti-katolikusok.de\\\/index.php\\\/evkozi-12-vasarnapra\\\/\",\"url\":\"https:\\\/\\\/stuttgarti-katolikusok.de\\\/index.php\\\/evkozi-12-vasarnapra\\\/\",\"name\":\"\u00c9vk\u00f6zi 12. vas\u00e1rnapra - Stuttgarti Katolikusok\",\"isPartOf\":{\"@id\":\"https:\\\/\\\/stuttgarti-katolikusok.de\\\/#website\"},\"primaryImageOfPage\":{\"@id\":\"https:\\\/\\\/stuttgarti-katolikusok.de\\\/index.php\\\/evkozi-12-vasarnapra\\\/#primaryimage\"},\"image\":{\"@id\":\"https:\\\/\\\/stuttgarti-katolikusok.de\\\/index.php\\\/evkozi-12-vasarnapra\\\/#primaryimage\"},\"thumbnailUrl\":\"https:\\\/\\\/stuttgarti-katolikusok.de\\\/wp-content\\\/uploads\\\/2020\\\/06\\\/apa-lanya.jpg\",\"datePublished\":\"2020-06-20T05:02:43+00:00\",\"dateModified\":\"2020-06-21T21:03:23+00:00\",\"author\":{\"@id\":\"https:\\\/\\\/stuttgarti-katolikusok.de\\\/#\\\/schema\\\/person\\\/75908d6f8fdc03a57889d27209df7795\"},\"breadcrumb\":{\"@id\":\"https:\\\/\\\/stuttgarti-katolikusok.de\\\/index.php\\\/evkozi-12-vasarnapra\\\/#breadcrumb\"},\"inLanguage\":\"hu\",\"potentialAction\":[{\"@type\":\"ReadAction\",\"target\":[\"https:\\\/\\\/stuttgarti-katolikusok.de\\\/index.php\\\/evkozi-12-vasarnapra\\\/\"]}]},{\"@type\":\"ImageObject\",\"inLanguage\":\"hu\",\"@id\":\"https:\\\/\\\/stuttgarti-katolikusok.de\\\/index.php\\\/evkozi-12-vasarnapra\\\/#primaryimage\",\"url\":\"https:\\\/\\\/stuttgarti-katolikusok.de\\\/wp-content\\\/uploads\\\/2020\\\/06\\\/apa-lanya.jpg\",\"contentUrl\":\"https:\\\/\\\/stuttgarti-katolikusok.de\\\/wp-content\\\/uploads\\\/2020\\\/06\\\/apa-lanya.jpg\",\"width\":960,\"height\":639},{\"@type\":\"BreadcrumbList\",\"@id\":\"https:\\\/\\\/stuttgarti-katolikusok.de\\\/index.php\\\/evkozi-12-vasarnapra\\\/#breadcrumb\",\"itemListElement\":[{\"@type\":\"ListItem\",\"position\":1,\"name\":\"Kezd\u0151lap\",\"item\":\"https:\\\/\\\/stuttgarti-katolikusok.de\\\/\"},{\"@type\":\"ListItem\",\"position\":2,\"name\":\"\u00c9vk\u00f6zi 12. vas\u00e1rnapra\"}]},{\"@type\":\"WebSite\",\"@id\":\"https:\\\/\\\/stuttgarti-katolikusok.de\\\/#website\",\"url\":\"https:\\\/\\\/stuttgarti-katolikusok.de\\\/\",\"name\":\"Stuttgarti Katolikusok\",\"description\":\"\",\"potentialAction\":[{\"@type\":\"SearchAction\",\"target\":{\"@type\":\"EntryPoint\",\"urlTemplate\":\"https:\\\/\\\/stuttgarti-katolikusok.de\\\/?s={search_term_string}\"},\"query-input\":{\"@type\":\"PropertyValueSpecification\",\"valueRequired\":true,\"valueName\":\"search_term_string\"}}],\"inLanguage\":\"hu\"},{\"@type\":\"Person\",\"@id\":\"https:\\\/\\\/stuttgarti-katolikusok.de\\\/#\\\/schema\\\/person\\\/75908d6f8fdc03a57889d27209df7795\",\"name\":\"Tibor atya\",\"image\":{\"@type\":\"ImageObject\",\"inLanguage\":\"hu\",\"@id\":\"https:\\\/\\\/secure.gravatar.com\\\/avatar\\\/61d268e57d1f4525b111222e29d2d5a7f8c420fdbf231ba5566a8ceac74fa960?s=96&d=mm&r=g\",\"url\":\"https:\\\/\\\/secure.gravatar.com\\\/avatar\\\/61d268e57d1f4525b111222e29d2d5a7f8c420fdbf231ba5566a8ceac74fa960?s=96&d=mm&r=g\",\"contentUrl\":\"https:\\\/\\\/secure.gravatar.com\\\/avatar\\\/61d268e57d1f4525b111222e29d2d5a7f8c420fdbf231ba5566a8ceac74fa960?s=96&d=mm&r=g\",\"caption\":\"Tibor atya\"},\"url\":\"https:\\\/\\\/stuttgarti-katolikusok.de\\\/index.php\\\/author\\\/tibor-atya\\\/\"}]}<\/script>\n<!-- \/ Yoast SEO plugin. -->","yoast_head_json":{"title":"\u00c9vk\u00f6zi 12. vas\u00e1rnapra - Stuttgarti Katolikusok","robots":{"index":"index","follow":"follow","max-snippet":"max-snippet:-1","max-image-preview":"max-image-preview:large","max-video-preview":"max-video-preview:-1"},"canonical":"https:\/\/stuttgarti-katolikusok.de\/index.php\/evkozi-12-vasarnapra\/","og_locale":"hu_HU","og_type":"article","og_title":"\u00c9vk\u00f6zi 12. vas\u00e1rnapra - Stuttgarti Katolikusok","og_description":"2020. j\u00fanius 21. \u00c9VK\u00d6ZI 12. VAS\u00c1RNAP Ap\u00e1k napja &nbsp; Isten nagy \u00e9s felfoghatatlan titok. Itt \u00e9l k\u00f6z\u00f6tt\u00fcnk. Benne \u00e9l\u00fcnk, mozgunk \u00e9s vagyunk. M\u00e9gis folyamatosan keresn\u00fcnk kell \u0151t. \u0150 ugyanis azoknak nyilatkoztatja ki mag\u00e1t, akik nyugtalanok addig, m\u00edg \u0151t meg nem tal\u00e1lj\u00e1k. KEZD\u0150\u00c9NEK\u00a0\u00a0\u00a0\u00a0\u00a0\u00a0\u00a0\u00a0\u00a0\u00a0\u00a0\u00a0\u00a0\u00a0\u00a0\u00a0\u00a0\u00a0\u00a0\u00a0\u00a0\u00a0\u00a0\u00a0\u00a0\u00a0\u00a0\u00a0\u00a0\u00a0\u00a0\u00a0\u00a0\u00a0\u00a0\u00a0\u00a0\u00a0\u00a0\u00a0\u00a0\u00a0\u00a0\u00a0\u00a0\u00a0\u00a0\u00a0\u00a0\u00a0\u00a0\u00a0\u00a0\u00a0\u00a0 Zsolt 27, 8\u20139 N\u00e9p\u00e9nek er\u0151ss\u00e9ge az \u00dar. F\u00f6lkentj\u00e9nek szabadul\u00e1sa \u00e9s mened\u00e9ke. Szabad\u00edtsd meg, Uram, n\u00e9ped, \u00e1ldd meg a te \u00f6r\u00f6ks\u00e9ged, l\u00e9gy p\u00e1sztora \u00e9s te vezesd mind\u00f6r\u00f6kk\u00e9! OLVASM\u00c1NY\u00a0\u00a0\u00a0 \u00a0\u00a0\u00a0\u00a0\u00a0\u00a0\u00a0\u00a0\u00a0\u00a0\u00a0\u00a0\u00a0\u00a0\u00a0\u00a0\u00a0\u00a0\u00a0\u00a0\u00a0\u00a0\u00a0\u00a0\u00a0\u00a0\u00a0\u00a0\u00a0\u00a0\u00a0\u00a0\u00a0\u00a0\u00a0\u00a0\u00a0\u00a0\u00a0\u00a0\u00a0\u00a0\u00a0Jer 20, 10\u201313 Isten \u00fcgy\u00e9nek k\u00e9pviselete sok \u00e1ldozatot k\u00edv\u00e1n. Az emberek ugyanis nem sz\u00edvesen hallgatj\u00e1k a pr\u00f3f\u00e9t\u00e1k intelmeit, figyelmeztet\u00e9seit. Isten azonban \u00f6v\u00e9i mellett \u00e1ll: er\u0151t, \u00e1llhatatoss\u00e1got \u00e9s vigasztal\u00e1st ad nekik. Ez minket is bizalommal t\u00f6lthet el, amikor m\u00e1sok \u00e9rtetlens\u00e9ge \u00e9s ellenszenve miatt megk\u00f6rny\u00e9kez a kishit\u0171s\u00e9g k\u00eds\u00e9rt\u00e9se. V\u00c1LASZOS ZSOLT\u00c1R\u00a0\u00a0\u00a0\u00a0\u00a0\u00a0\u00a0\u00a0\u00a0\u00a0\u00a0\u00a0\u00a0\u00a0\u00a0\u00a0\u00a0\u00a0\u00a0\u00a0\u00a0\u00a0\u00a0\u00a0\u00a0\u00a0\u00a0\u00a0\u00a0\u00a0\u00a0\u00a0\u00a0\u00a0\u00a0\u00a0\u00a0\u00a0\u00a0\u00a0\u00a0\u00a0\u00a0 68. Zsolt\u00e1r V\u00e1lasz: Uram, hallgass meg engem, * \u00a0 nagy irgalmass\u00e1god szerint. SZENTLECKE\u00a0\u00a0 \u00a0\u00a0\u00a0\u00a0\u00a0\u00a0\u00a0\u00a0\u00a0\u00a0\u00a0\u00a0\u00a0\u00a0\u00a0\u00a0\u00a0\u00a0\u00a0\u00a0\u00a0\u00a0\u00a0\u00a0\u00a0\u00a0\u00a0\u00a0\u00a0\u00a0\u00a0\u00a0\u00a0\u00a0\u00a0\u00a0\u00a0\u00a0\u00a0\u00a0\u00a0\u00a0\u00a0\u00a0R\u00f3m 5, 12\u201315 Az irgalmas Isten szeretetb\u0151l megh\u00edvta az embert az \u00f6r\u00f6k boldogs\u00e1gba. Ezt a terv\u00e9t m\u00e9g a b\u0171n \u00e9s a nyom\u00e1ban j\u00e1r\u00f3 hal\u00e1l sem tudta meghi\u00fas\u00edtani. Ahol ugyanis elhatalmasodott a b\u0171n, ott m\u00e9g b\u0151s\u00e9gesebben ki\u00e1radt Isten szeretete. Krisztusnak a kereszthal\u00e1lig val\u00f3 engedelmess\u00e9ge megszerezte sz\u00e1munkra a megv\u00e1lt\u00e1st \u00e9s az \u00f6r\u00f6k \u00e9letet. ALLELUJA\u00a0\u00a0\u00a0\u00a0\u00a0\u00a0\u00a0\u00a0\u00a0\u00a0\u00a0\u00a0\u00a0\u00a0\u00a0\u00a0\u00a0\u00a0\u00a0\u00a0\u00a0\u00a0\u00a0\u00a0\u00a0\u00a0\u00a0\u00a0\u00a0\u00a0\u00a0\u00a0\u00a0\u00a0\u00a0\u00a0\u00a0\u00a0\u00a0\u00a0\u00a0\u00a0\u00a0\u00a0\u00a0\u00a0\u00a0\u00a0\u00a0\u00a0\u00a0 Jn 15, 26b \u00e9s 27a \u201eAz igazs\u00e1g Lelke majd tan\u00fas\u00e1got tesz r\u00f3lam\u201d, mondja az \u00dar, * \u201e\u00e9s ti is tan\u00fas\u00e1got tesztek r\u00f3lam.\u201d EVANG\u00c9LIUM\u00a0\u00a0\u00a0\u00a0\u00a0\u00a0\u00a0\u00a0\u00a0\u00a0\u00a0\u00a0\u00a0\u00a0\u00a0\u00a0\u00a0\u00a0\u00a0\u00a0\u00a0\u00a0\u00a0\u00a0\u00a0\u00a0\u00a0\u00a0\u00a0\u00a0\u00a0\u00a0\u00a0\u00a0\u00a0\u00a0\u00a0\u00a0\u00a0\u00a0\u00a0\u00a0\u00a0\u00a0\u00a0 Mt 10, 26\u201333 Az \u00fcdv\u00f6ss\u00e9gt\u00f6rt\u00e9net a j\u00f3 \u00e9s a rossz \u00e1lland\u00f3 k\u00fczdelme. Ett\u0151l a Krisztus-k\u00f6vet\u0151k sem mentesek. De az \u00dar b\u00e1tor\u00edtja h\u00edveit: \u201eNe f\u00e9ljetek!\u201d Szeretetet\u00e9vel megf\u00e9kezi a b\u0171n hatalm\u00e1t, \u00e9s megjutalmazza azokat, akik h\u0171s\u00e9gben szolg\u00e1lj\u00e1k \u0151t, \u00e9s j\u00f3 meg rossz napjaikban egyar\u00e1nt tan\u00faskodnak gondvisel\u0151 j\u00f3s\u00e1g\u00e1r\u00f3l. K\u00c9R\u00c9SEK Add, Urunk, hogy az Egyh\u00e1z b\u00e1tran hirdesse az evang\u00e9liumot az eg\u00e9sz vil\u00e1g el\u0151tt&#8230; \u00e9s hogy h\u00edveid szavukkal \u00e9s \u00e9let\u00fckkel tegyenek tan\u00fas\u00e1got az emberek el\u0151tt! AZ EUCHARISZTI\u00c1HOZ Adjuk tov\u00e1bb, amit az \u00dart\u00f3l hallottunk, adjuk tov\u00e1bb, amit az \u00dart\u00f3l kaptunk. Ez az igazi h\u00e1laad\u00e1s. Ezzel csatlakozunk J\u00e9zus h\u00e1laad\u00e1s\u00e1hoz! \u00c1LDOZ\u00c1SI \u00c9NEK\u00a0\u00a0\u00a0\u00a0\u00a0\u00a0\u00a0\u00a0\u00a0\u00a0\u00a0\u00a0\u00a0\u00a0\u00a0\u00a0\u00a0\u00a0\u00a0\u00a0\u00a0\u00a0\u00a0\u00a0\u00a0\u00a0\u00a0\u00a0\u00a0\u00a0\u00a0\u00a0\u00a0\u00a0\u00a0\u00a0\u00a0\u00a0\u00a0\u00a0\u00a0\u00a0\u00a0\u00a0\u00a0\u00a0\u00a0 Zsolt... R\u00e9szletek","og_url":"https:\/\/stuttgarti-katolikusok.de\/index.php\/evkozi-12-vasarnapra\/","og_site_name":"Stuttgarti Katolikusok","article_published_time":"2020-06-20T05:02:43+00:00","article_modified_time":"2020-06-21T21:03:23+00:00","og_image":[{"width":960,"height":639,"url":"https:\/\/stuttgarti-katolikusok.de\/wp-content\/uploads\/2020\/06\/apa-lanya.jpg","type":"image\/jpeg"}],"author":"Tibor atya","twitter_card":"summary_large_image","twitter_misc":{"Szerz\u0151:":"Tibor atya","Becs\u00fclt olvas\u00e1si id\u0151":"11 perc"},"schema":{"@context":"https:\/\/schema.org","@graph":[{"@type":"Article","@id":"https:\/\/stuttgarti-katolikusok.de\/index.php\/evkozi-12-vasarnapra\/#article","isPartOf":{"@id":"https:\/\/stuttgarti-katolikusok.de\/index.php\/evkozi-12-vasarnapra\/"},"author":{"name":"Tibor atya","@id":"https:\/\/stuttgarti-katolikusok.de\/#\/schema\/person\/75908d6f8fdc03a57889d27209df7795"},"headline":"\u00c9vk\u00f6zi 12. vas\u00e1rnapra","datePublished":"2020-06-20T05:02:43+00:00","dateModified":"2020-06-21T21:03:23+00:00","mainEntityOfPage":{"@id":"https:\/\/stuttgarti-katolikusok.de\/index.php\/evkozi-12-vasarnapra\/"},"wordCount":2157,"image":{"@id":"https:\/\/stuttgarti-katolikusok.de\/index.php\/evkozi-12-vasarnapra\/#primaryimage"},"thumbnailUrl":"https:\/\/stuttgarti-katolikusok.de\/wp-content\/uploads\/2020\/06\/apa-lanya.jpg","articleSection":["Vas\u00e1rnapi gondolatok"],"inLanguage":"hu"},{"@type":"WebPage","@id":"https:\/\/stuttgarti-katolikusok.de\/index.php\/evkozi-12-vasarnapra\/","url":"https:\/\/stuttgarti-katolikusok.de\/index.php\/evkozi-12-vasarnapra\/","name":"\u00c9vk\u00f6zi 12. vas\u00e1rnapra - Stuttgarti Katolikusok","isPartOf":{"@id":"https:\/\/stuttgarti-katolikusok.de\/#website"},"primaryImageOfPage":{"@id":"https:\/\/stuttgarti-katolikusok.de\/index.php\/evkozi-12-vasarnapra\/#primaryimage"},"image":{"@id":"https:\/\/stuttgarti-katolikusok.de\/index.php\/evkozi-12-vasarnapra\/#primaryimage"},"thumbnailUrl":"https:\/\/stuttgarti-katolikusok.de\/wp-content\/uploads\/2020\/06\/apa-lanya.jpg","datePublished":"2020-06-20T05:02:43+00:00","dateModified":"2020-06-21T21:03:23+00:00","author":{"@id":"https:\/\/stuttgarti-katolikusok.de\/#\/schema\/person\/75908d6f8fdc03a57889d27209df7795"},"breadcrumb":{"@id":"https:\/\/stuttgarti-katolikusok.de\/index.php\/evkozi-12-vasarnapra\/#breadcrumb"},"inLanguage":"hu","potentialAction":[{"@type":"ReadAction","target":["https:\/\/stuttgarti-katolikusok.de\/index.php\/evkozi-12-vasarnapra\/"]}]},{"@type":"ImageObject","inLanguage":"hu","@id":"https:\/\/stuttgarti-katolikusok.de\/index.php\/evkozi-12-vasarnapra\/#primaryimage","url":"https:\/\/stuttgarti-katolikusok.de\/wp-content\/uploads\/2020\/06\/apa-lanya.jpg","contentUrl":"https:\/\/stuttgarti-katolikusok.de\/wp-content\/uploads\/2020\/06\/apa-lanya.jpg","width":960,"height":639},{"@type":"BreadcrumbList","@id":"https:\/\/stuttgarti-katolikusok.de\/index.php\/evkozi-12-vasarnapra\/#breadcrumb","itemListElement":[{"@type":"ListItem","position":1,"name":"Kezd\u0151lap","item":"https:\/\/stuttgarti-katolikusok.de\/"},{"@type":"ListItem","position":2,"name":"\u00c9vk\u00f6zi 12. vas\u00e1rnapra"}]},{"@type":"WebSite","@id":"https:\/\/stuttgarti-katolikusok.de\/#website","url":"https:\/\/stuttgarti-katolikusok.de\/","name":"Stuttgarti Katolikusok","description":"","potentialAction":[{"@type":"SearchAction","target":{"@type":"EntryPoint","urlTemplate":"https:\/\/stuttgarti-katolikusok.de\/?s={search_term_string}"},"query-input":{"@type":"PropertyValueSpecification","valueRequired":true,"valueName":"search_term_string"}}],"inLanguage":"hu"},{"@type":"Person","@id":"https:\/\/stuttgarti-katolikusok.de\/#\/schema\/person\/75908d6f8fdc03a57889d27209df7795","name":"Tibor atya","image":{"@type":"ImageObject","inLanguage":"hu","@id":"https:\/\/secure.gravatar.com\/avatar\/61d268e57d1f4525b111222e29d2d5a7f8c420fdbf231ba5566a8ceac74fa960?s=96&d=mm&r=g","url":"https:\/\/secure.gravatar.com\/avatar\/61d268e57d1f4525b111222e29d2d5a7f8c420fdbf231ba5566a8ceac74fa960?s=96&d=mm&r=g","contentUrl":"https:\/\/secure.gravatar.com\/avatar\/61d268e57d1f4525b111222e29d2d5a7f8c420fdbf231ba5566a8ceac74fa960?s=96&d=mm&r=g","caption":"Tibor atya"},"url":"https:\/\/stuttgarti-katolikusok.de\/index.php\/author\/tibor-atya\/"}]}},"_links":{"self":[{"href":"https:\/\/stuttgarti-katolikusok.de\/index.php\/wp-json\/wp\/v2\/posts\/19789","targetHints":{"allow":["GET"]}}],"collection":[{"href":"https:\/\/stuttgarti-katolikusok.de\/index.php\/wp-json\/wp\/v2\/posts"}],"about":[{"href":"https:\/\/stuttgarti-katolikusok.de\/index.php\/wp-json\/wp\/v2\/types\/post"}],"author":[{"embeddable":true,"href":"https:\/\/stuttgarti-katolikusok.de\/index.php\/wp-json\/wp\/v2\/users\/3"}],"replies":[{"embeddable":true,"href":"https:\/\/stuttgarti-katolikusok.de\/index.php\/wp-json\/wp\/v2\/comments?post=19789"}],"version-history":[{"count":3,"href":"https:\/\/stuttgarti-katolikusok.de\/index.php\/wp-json\/wp\/v2\/posts\/19789\/revisions"}],"predecessor-version":[{"id":19833,"href":"https:\/\/stuttgarti-katolikusok.de\/index.php\/wp-json\/wp\/v2\/posts\/19789\/revisions\/19833"}],"wp:featuredmedia":[{"embeddable":true,"href":"https:\/\/stuttgarti-katolikusok.de\/index.php\/wp-json\/wp\/v2\/media\/19790"}],"wp:attachment":[{"href":"https:\/\/stuttgarti-katolikusok.de\/index.php\/wp-json\/wp\/v2\/media?parent=19789"}],"wp:term":[{"taxonomy":"category","embeddable":true,"href":"https:\/\/stuttgarti-katolikusok.de\/index.php\/wp-json\/wp\/v2\/categories?post=19789"},{"taxonomy":"post_tag","embeddable":true,"href":"https:\/\/stuttgarti-katolikusok.de\/index.php\/wp-json\/wp\/v2\/tags?post=19789"}],"curies":[{"name":"wp","href":"https:\/\/api.w.org\/{rel}","templated":true}]}}