{"id":19759,"date":"2020-06-15T07:03:40","date_gmt":"2020-06-15T07:03:40","guid":{"rendered":"https:\/\/gracious-dewdney.138-201-221-2.plesk.page\/?p=19759"},"modified":"2020-06-18T20:52:51","modified_gmt":"2020-06-18T20:52:51","slug":"junius-15-es-21-kozott","status":"publish","type":"post","link":"https:\/\/stuttgarti-katolikusok.de\/index.php\/junius-15-es-21-kozott\/","title":{"rendered":"J\u00fanius 15 \u00e9s 21 k\u00f6z\u00f6tt"},"content":{"rendered":"<p><strong>Programel\u0151zetes<\/strong><\/p>\n<p><strong>\u00a0<\/strong><\/p>\n<p><span style=\"color: #ff6600;\"><em>A jelenlegi egyh\u00e1zi rendelkez\u00e9sek \u00e9rtelm\u00e9ben a szentmise ut\u00e1ni \u00e1g\u00e1p\u00e9 valamint egy\u00e9b rendezv\u00e9nyek elmaradnak! Csak a szentmis\u00e9ket tarthatjuk meg! <\/em><\/span><\/p>\n<p><span style=\"color: #ff6600;\"><em>Ne feledj\u00e9tek: minden szentmis\u00e9re BE KELL JELENTKEZNETEK az Egyh\u00e1zk\u00f6zs\u00e9g Irod\u00e1j\u00e1n!<\/em><\/span><\/p>\n<p>&nbsp;<\/p>\n<p><strong>J\u00fanius 17-\u00e9n, <\/strong>szerd\u00e1n,<\/p>\n<p>Stuttgartban 10.15 \u00f3rakor <em>n\u00e9metnyelv\u0171<\/em> szentmise.<\/p>\n<p style=\"text-align: center;\">*<\/p>\n<p><strong>J\u00fanius 18-\u00e1n, <\/strong>cs\u00fct\u00f6rt\u00f6k\u00f6n,<\/p>\n<p><strong>Ulmi d\u00e9lut\u00e1n,<\/strong> 18.00 \u00f3rakor <em>szentmise<\/em>.<\/p>\n<p style=\"text-align: center;\">*<\/p>\n<p><strong>J\u00fanius 19-\u00e9n, <\/strong>p\u00e9nteken,<\/p>\n<p><strong>Stuttgartban <\/strong>18.00 \u00f3rakor <em>J\u00e9zus-Sz\u00edve-\u00e1jtatoss\u00e1g, <\/em>ut\u00e1na <em>szentmise<\/em>. 19.00 \u00f3r\u00e1t\u00f3l <em>Bibliak\u00f6r.<\/em><\/p>\n<p><strong>Weingarteni d\u00e9lut\u00e1n,<\/strong> a Nothelfer Kapelle-ben 18.00 \u00f3rakor <em>r\u00f3zsaf\u00fcz\u00e9r im\u00e1ds\u00e1g<\/em>, ut\u00e1na <em>szentmise<\/em>.<\/p>\n<p style=\"text-align: center;\">*<\/p>\n<p><strong>J\u00fanius 21-\u00e9n, <\/strong>\u00e9vk\u00f6zi 12. vas\u00e1rnap,<\/p>\n<p><strong>Ludwigsburgban<\/strong> <em>Szent L\u00e1szl\u00f3 kir\u00e1ly \u00fcnnepe: <\/em>templomb\u00facs\u00fa. 9.30 \u00f3rakor <em>szentmise<\/em>.<\/p>\n<p><strong>Stuttgartban<\/strong> 12.00 \u00f3rakor <em>szentmise.<\/em> Keret\u00e9ben <em>az \u00faj Egyh\u00e1ztan\u00e1cs esk\u00fct\u00e9tele.<\/em><\/p>\n<p style=\"text-align: center;\">*<\/p>\n<p>Minden helyen mindenkit szeretettel v\u00e1r a k\u00f6z\u00f6ss\u00e9g, Imre atya \u00e9s Tibor atya!<\/p>\n<p><em>\u00a0<\/em><\/p>\n<p><em>\u201eCsak mert a dolgok nem \u00fagy alakultak, ahogyan szeretted volna, nem azt jelenti, hogy nem \u00fagy t\u00f6rt\u00e9nt minden, ahogyan Isten tervezte.\u201d <\/em><strong>(Ismeretlen)<\/strong><\/p>\n<p><strong><em>\u00a0<\/em><\/strong><\/p>\n<p><strong><em>Sz\u00e9p napokat, j\u00f3 munk\u00e1t, tartalmas besz\u00e9lget\u00e9seket \u00e9s \u00f6r\u00f6mteli tal\u00e1lkoz\u00e1sokat k\u00edv\u00e1nunk minden Kedves H\u00edv\u00fcnknek!<\/em><\/strong><\/p>\n<p><em>\u00a0<\/em><\/p>\n","protected":false},"excerpt":{"rendered":"<p>Programel\u0151zetes \u00a0 A jelenlegi egyh\u00e1zi rendelkez\u00e9sek \u00e9rtelm\u00e9ben a szentmise ut\u00e1ni \u00e1g\u00e1p\u00e9 valamint egy\u00e9b rendezv\u00e9nyek elmaradnak! Csak a szentmis\u00e9ket tarthatjuk meg! Ne feledj\u00e9tek: minden szentmis\u00e9re BE KELL JELENTKEZNETEK az Egyh\u00e1zk\u00f6zs\u00e9g Irod\u00e1j\u00e1n! &nbsp; J\u00fanius 17-\u00e9n, szerd\u00e1n, Stuttgartban 10.15 \u00f3rakor n\u00e9metnyelv\u0171 szentmise. * J\u00fanius 18-\u00e1n, cs\u00fct\u00f6rt\u00f6k\u00f6n, Ulmi d\u00e9lut\u00e1n, 18.00 \u00f3rakor szentmise. * J\u00fanius 19-\u00e9n, p\u00e9nteken, Stuttgartban 18.00 \u00f3rakor J\u00e9zus-Sz\u00edve-\u00e1jtatoss\u00e1g, ut\u00e1na szentmise. 19.00 \u00f3r\u00e1t\u00f3l Bibliak\u00f6r. Weingarteni d\u00e9lut\u00e1n, a Nothelfer Kapelle-ben 18.00 \u00f3rakor r\u00f3zsaf\u00fcz\u00e9r im\u00e1ds\u00e1g, ut\u00e1na szentmise. * J\u00fanius 21-\u00e9n, \u00e9vk\u00f6zi 12. vas\u00e1rnap, Ludwigsburgban Szent L\u00e1szl\u00f3 kir\u00e1ly \u00fcnnepe: templomb\u00facs\u00fa. 9.30 \u00f3rakor szentmise. Stuttgartban 12.00 \u00f3rakor szentmise. Keret\u00e9ben az \u00faj Egyh\u00e1ztan\u00e1cs esk\u00fct\u00e9tele. * Minden helyen mindenkit szeretettel v\u00e1r a k\u00f6z\u00f6ss\u00e9g, Imre atya \u00e9s Tibor atya! \u00a0 \u201eCsak mert a dolgok nem \u00fagy alakultak, ahogyan szeretted volna, nem azt jelenti, hogy nem \u00fagy t\u00f6rt\u00e9nt minden, ahogyan Isten tervezte.\u201d (Ismeretlen) \u00a0 Sz\u00e9p napokat, j\u00f3 munk\u00e1t, tartalmas besz\u00e9lget\u00e9seket \u00e9s \u00f6r\u00f6mteli tal\u00e1lkoz\u00e1sokat k\u00edv\u00e1nunk minden Kedves H\u00edv\u00fcnknek! \u00a0<\/p>\n","protected":false},"author":3,"featured_media":19760,"comment_status":"closed","ping_status":"closed","sticky":false,"template":"","format":"standard","meta":{"footnotes":""},"categories":[37],"tags":[],"class_list":["post-19759","post","type-post","status-publish","format-standard","has-post-thumbnail","hentry","category-progamelozetes"],"yoast_head":"<!-- This site is optimized with the Yoast SEO plugin v27.3 - https:\/\/yoast.com\/product\/yoast-seo-wordpress\/ -->\n<title>J\u00fanius 15 \u00e9s 21 k\u00f6z\u00f6tt - Stuttgarti Katolikusok<\/title>\n<meta name=\"robots\" content=\"index, follow, max-snippet:-1, max-image-preview:large, max-video-preview:-1\" \/>\n<link rel=\"canonical\" href=\"https:\/\/stuttgarti-katolikusok.de\/index.php\/junius-15-es-21-kozott\/\" \/>\n<meta property=\"og:locale\" content=\"hu_HU\" \/>\n<meta property=\"og:type\" content=\"article\" \/>\n<meta property=\"og:title\" content=\"J\u00fanius 15 \u00e9s 21 k\u00f6z\u00f6tt - Stuttgarti Katolikusok\" \/>\n<meta property=\"og:description\" content=\"Programel\u0151zetes \u00a0 A jelenlegi egyh\u00e1zi rendelkez\u00e9sek \u00e9rtelm\u00e9ben a szentmise ut\u00e1ni \u00e1g\u00e1p\u00e9 valamint egy\u00e9b rendezv\u00e9nyek elmaradnak! Csak a szentmis\u00e9ket tarthatjuk meg! Ne feledj\u00e9tek: minden szentmis\u00e9re BE KELL JELENTKEZNETEK az Egyh\u00e1zk\u00f6zs\u00e9g Irod\u00e1j\u00e1n! &nbsp; J\u00fanius 17-\u00e9n, szerd\u00e1n, Stuttgartban 10.15 \u00f3rakor n\u00e9metnyelv\u0171 szentmise. * J\u00fanius 18-\u00e1n, cs\u00fct\u00f6rt\u00f6k\u00f6n, Ulmi d\u00e9lut\u00e1n, 18.00 \u00f3rakor szentmise. * J\u00fanius 19-\u00e9n, p\u00e9nteken, Stuttgartban 18.00 \u00f3rakor J\u00e9zus-Sz\u00edve-\u00e1jtatoss\u00e1g, ut\u00e1na szentmise. 19.00 \u00f3r\u00e1t\u00f3l Bibliak\u00f6r. Weingarteni d\u00e9lut\u00e1n, a Nothelfer Kapelle-ben 18.00 \u00f3rakor r\u00f3zsaf\u00fcz\u00e9r im\u00e1ds\u00e1g, ut\u00e1na szentmise. * J\u00fanius 21-\u00e9n, \u00e9vk\u00f6zi 12. vas\u00e1rnap, Ludwigsburgban Szent L\u00e1szl\u00f3 kir\u00e1ly \u00fcnnepe: templomb\u00facs\u00fa. 9.30 \u00f3rakor szentmise. Stuttgartban 12.00 \u00f3rakor szentmise. Keret\u00e9ben az \u00faj Egyh\u00e1ztan\u00e1cs esk\u00fct\u00e9tele. * Minden helyen mindenkit szeretettel v\u00e1r a k\u00f6z\u00f6ss\u00e9g, Imre atya \u00e9s Tibor atya! \u00a0 \u201eCsak mert a dolgok nem \u00fagy alakultak, ahogyan szeretted volna, nem azt jelenti, hogy nem \u00fagy t\u00f6rt\u00e9nt minden, ahogyan Isten tervezte.\u201d (Ismeretlen) \u00a0 Sz\u00e9p napokat, j\u00f3 munk\u00e1t, tartalmas besz\u00e9lget\u00e9seket \u00e9s \u00f6r\u00f6mteli tal\u00e1lkoz\u00e1sokat k\u00edv\u00e1nunk minden Kedves H\u00edv\u00fcnknek! \u00a0\" \/>\n<meta property=\"og:url\" content=\"https:\/\/stuttgarti-katolikusok.de\/index.php\/junius-15-es-21-kozott\/\" \/>\n<meta property=\"og:site_name\" content=\"Stuttgarti Katolikusok\" \/>\n<meta property=\"article:published_time\" content=\"2020-06-15T07:03:40+00:00\" \/>\n<meta property=\"article:modified_time\" content=\"2020-06-18T20:52:51+00:00\" \/>\n<meta property=\"og:image\" content=\"https:\/\/stuttgarti-katolikusok.de\/wp-content\/uploads\/2020\/06\/csakmertadolgok.jpg\" \/>\n\t<meta property=\"og:image:width\" content=\"1080\" \/>\n\t<meta property=\"og:image:height\" content=\"1080\" \/>\n\t<meta property=\"og:image:type\" content=\"image\/jpeg\" \/>\n<meta name=\"author\" content=\"Tibor atya\" \/>\n<meta name=\"twitter:card\" content=\"summary_large_image\" \/>\n<meta name=\"twitter:label1\" content=\"Szerz\u0151:\" \/>\n\t<meta name=\"twitter:data1\" content=\"Tibor atya\" \/>\n\t<meta name=\"twitter:label2\" content=\"Becs\u00fclt olvas\u00e1si id\u0151\" \/>\n\t<meta name=\"twitter:data2\" content=\"1 perc\" \/>\n<script type=\"application\/ld+json\" class=\"yoast-schema-graph\">{\"@context\":\"https:\\\/\\\/schema.org\",\"@graph\":[{\"@type\":\"Article\",\"@id\":\"https:\\\/\\\/stuttgarti-katolikusok.de\\\/index.php\\\/junius-15-es-21-kozott\\\/#article\",\"isPartOf\":{\"@id\":\"https:\\\/\\\/stuttgarti-katolikusok.de\\\/index.php\\\/junius-15-es-21-kozott\\\/\"},\"author\":{\"name\":\"Tibor atya\",\"@id\":\"https:\\\/\\\/stuttgarti-katolikusok.de\\\/#\\\/schema\\\/person\\\/75908d6f8fdc03a57889d27209df7795\"},\"headline\":\"J\u00fanius 15 \u00e9s 21 k\u00f6z\u00f6tt\",\"datePublished\":\"2020-06-15T07:03:40+00:00\",\"dateModified\":\"2020-06-18T20:52:51+00:00\",\"mainEntityOfPage\":{\"@id\":\"https:\\\/\\\/stuttgarti-katolikusok.de\\\/index.php\\\/junius-15-es-21-kozott\\\/\"},\"wordCount\":213,\"image\":{\"@id\":\"https:\\\/\\\/stuttgarti-katolikusok.de\\\/index.php\\\/junius-15-es-21-kozott\\\/#primaryimage\"},\"thumbnailUrl\":\"https:\\\/\\\/stuttgarti-katolikusok.de\\\/wp-content\\\/uploads\\\/2020\\\/06\\\/csakmertadolgok.jpg\",\"articleSection\":[\"Progamel\u0151zetes\"],\"inLanguage\":\"hu\"},{\"@type\":\"WebPage\",\"@id\":\"https:\\\/\\\/stuttgarti-katolikusok.de\\\/index.php\\\/junius-15-es-21-kozott\\\/\",\"url\":\"https:\\\/\\\/stuttgarti-katolikusok.de\\\/index.php\\\/junius-15-es-21-kozott\\\/\",\"name\":\"J\u00fanius 15 \u00e9s 21 k\u00f6z\u00f6tt - Stuttgarti Katolikusok\",\"isPartOf\":{\"@id\":\"https:\\\/\\\/stuttgarti-katolikusok.de\\\/#website\"},\"primaryImageOfPage\":{\"@id\":\"https:\\\/\\\/stuttgarti-katolikusok.de\\\/index.php\\\/junius-15-es-21-kozott\\\/#primaryimage\"},\"image\":{\"@id\":\"https:\\\/\\\/stuttgarti-katolikusok.de\\\/index.php\\\/junius-15-es-21-kozott\\\/#primaryimage\"},\"thumbnailUrl\":\"https:\\\/\\\/stuttgarti-katolikusok.de\\\/wp-content\\\/uploads\\\/2020\\\/06\\\/csakmertadolgok.jpg\",\"datePublished\":\"2020-06-15T07:03:40+00:00\",\"dateModified\":\"2020-06-18T20:52:51+00:00\",\"author\":{\"@id\":\"https:\\\/\\\/stuttgarti-katolikusok.de\\\/#\\\/schema\\\/person\\\/75908d6f8fdc03a57889d27209df7795\"},\"breadcrumb\":{\"@id\":\"https:\\\/\\\/stuttgarti-katolikusok.de\\\/index.php\\\/junius-15-es-21-kozott\\\/#breadcrumb\"},\"inLanguage\":\"hu\",\"potentialAction\":[{\"@type\":\"ReadAction\",\"target\":[\"https:\\\/\\\/stuttgarti-katolikusok.de\\\/index.php\\\/junius-15-es-21-kozott\\\/\"]}]},{\"@type\":\"ImageObject\",\"inLanguage\":\"hu\",\"@id\":\"https:\\\/\\\/stuttgarti-katolikusok.de\\\/index.php\\\/junius-15-es-21-kozott\\\/#primaryimage\",\"url\":\"https:\\\/\\\/stuttgarti-katolikusok.de\\\/wp-content\\\/uploads\\\/2020\\\/06\\\/csakmertadolgok.jpg\",\"contentUrl\":\"https:\\\/\\\/stuttgarti-katolikusok.de\\\/wp-content\\\/uploads\\\/2020\\\/06\\\/csakmertadolgok.jpg\",\"width\":1080,\"height\":1080},{\"@type\":\"BreadcrumbList\",\"@id\":\"https:\\\/\\\/stuttgarti-katolikusok.de\\\/index.php\\\/junius-15-es-21-kozott\\\/#breadcrumb\",\"itemListElement\":[{\"@type\":\"ListItem\",\"position\":1,\"name\":\"Kezd\u0151lap\",\"item\":\"https:\\\/\\\/stuttgarti-katolikusok.de\\\/\"},{\"@type\":\"ListItem\",\"position\":2,\"name\":\"J\u00fanius 15 \u00e9s 21 k\u00f6z\u00f6tt\"}]},{\"@type\":\"WebSite\",\"@id\":\"https:\\\/\\\/stuttgarti-katolikusok.de\\\/#website\",\"url\":\"https:\\\/\\\/stuttgarti-katolikusok.de\\\/\",\"name\":\"Stuttgarti Katolikusok\",\"description\":\"\",\"potentialAction\":[{\"@type\":\"SearchAction\",\"target\":{\"@type\":\"EntryPoint\",\"urlTemplate\":\"https:\\\/\\\/stuttgarti-katolikusok.de\\\/?s={search_term_string}\"},\"query-input\":{\"@type\":\"PropertyValueSpecification\",\"valueRequired\":true,\"valueName\":\"search_term_string\"}}],\"inLanguage\":\"hu\"},{\"@type\":\"Person\",\"@id\":\"https:\\\/\\\/stuttgarti-katolikusok.de\\\/#\\\/schema\\\/person\\\/75908d6f8fdc03a57889d27209df7795\",\"name\":\"Tibor atya\",\"image\":{\"@type\":\"ImageObject\",\"inLanguage\":\"hu\",\"@id\":\"https:\\\/\\\/secure.gravatar.com\\\/avatar\\\/61d268e57d1f4525b111222e29d2d5a7f8c420fdbf231ba5566a8ceac74fa960?s=96&d=mm&r=g\",\"url\":\"https:\\\/\\\/secure.gravatar.com\\\/avatar\\\/61d268e57d1f4525b111222e29d2d5a7f8c420fdbf231ba5566a8ceac74fa960?s=96&d=mm&r=g\",\"contentUrl\":\"https:\\\/\\\/secure.gravatar.com\\\/avatar\\\/61d268e57d1f4525b111222e29d2d5a7f8c420fdbf231ba5566a8ceac74fa960?s=96&d=mm&r=g\",\"caption\":\"Tibor atya\"},\"url\":\"https:\\\/\\\/stuttgarti-katolikusok.de\\\/index.php\\\/author\\\/tibor-atya\\\/\"}]}<\/script>\n<!-- \/ Yoast SEO plugin. -->","yoast_head_json":{"title":"J\u00fanius 15 \u00e9s 21 k\u00f6z\u00f6tt - Stuttgarti Katolikusok","robots":{"index":"index","follow":"follow","max-snippet":"max-snippet:-1","max-image-preview":"max-image-preview:large","max-video-preview":"max-video-preview:-1"},"canonical":"https:\/\/stuttgarti-katolikusok.de\/index.php\/junius-15-es-21-kozott\/","og_locale":"hu_HU","og_type":"article","og_title":"J\u00fanius 15 \u00e9s 21 k\u00f6z\u00f6tt - Stuttgarti Katolikusok","og_description":"Programel\u0151zetes \u00a0 A jelenlegi egyh\u00e1zi rendelkez\u00e9sek \u00e9rtelm\u00e9ben a szentmise ut\u00e1ni \u00e1g\u00e1p\u00e9 valamint egy\u00e9b rendezv\u00e9nyek elmaradnak! Csak a szentmis\u00e9ket tarthatjuk meg! Ne feledj\u00e9tek: minden szentmis\u00e9re BE KELL JELENTKEZNETEK az Egyh\u00e1zk\u00f6zs\u00e9g Irod\u00e1j\u00e1n! &nbsp; J\u00fanius 17-\u00e9n, szerd\u00e1n, Stuttgartban 10.15 \u00f3rakor n\u00e9metnyelv\u0171 szentmise. * J\u00fanius 18-\u00e1n, cs\u00fct\u00f6rt\u00f6k\u00f6n, Ulmi d\u00e9lut\u00e1n, 18.00 \u00f3rakor szentmise. * J\u00fanius 19-\u00e9n, p\u00e9nteken, Stuttgartban 18.00 \u00f3rakor J\u00e9zus-Sz\u00edve-\u00e1jtatoss\u00e1g, ut\u00e1na szentmise. 19.00 \u00f3r\u00e1t\u00f3l Bibliak\u00f6r. Weingarteni d\u00e9lut\u00e1n, a Nothelfer Kapelle-ben 18.00 \u00f3rakor r\u00f3zsaf\u00fcz\u00e9r im\u00e1ds\u00e1g, ut\u00e1na szentmise. * J\u00fanius 21-\u00e9n, \u00e9vk\u00f6zi 12. vas\u00e1rnap, Ludwigsburgban Szent L\u00e1szl\u00f3 kir\u00e1ly \u00fcnnepe: templomb\u00facs\u00fa. 9.30 \u00f3rakor szentmise. Stuttgartban 12.00 \u00f3rakor szentmise. Keret\u00e9ben az \u00faj Egyh\u00e1ztan\u00e1cs esk\u00fct\u00e9tele. * Minden helyen mindenkit szeretettel v\u00e1r a k\u00f6z\u00f6ss\u00e9g, Imre atya \u00e9s Tibor atya! \u00a0 \u201eCsak mert a dolgok nem \u00fagy alakultak, ahogyan szeretted volna, nem azt jelenti, hogy nem \u00fagy t\u00f6rt\u00e9nt minden, ahogyan Isten tervezte.\u201d (Ismeretlen) \u00a0 Sz\u00e9p napokat, j\u00f3 munk\u00e1t, tartalmas besz\u00e9lget\u00e9seket \u00e9s \u00f6r\u00f6mteli tal\u00e1lkoz\u00e1sokat k\u00edv\u00e1nunk minden Kedves H\u00edv\u00fcnknek! \u00a0","og_url":"https:\/\/stuttgarti-katolikusok.de\/index.php\/junius-15-es-21-kozott\/","og_site_name":"Stuttgarti Katolikusok","article_published_time":"2020-06-15T07:03:40+00:00","article_modified_time":"2020-06-18T20:52:51+00:00","og_image":[{"width":1080,"height":1080,"url":"https:\/\/stuttgarti-katolikusok.de\/wp-content\/uploads\/2020\/06\/csakmertadolgok.jpg","type":"image\/jpeg"}],"author":"Tibor atya","twitter_card":"summary_large_image","twitter_misc":{"Szerz\u0151:":"Tibor atya","Becs\u00fclt olvas\u00e1si id\u0151":"1 perc"},"schema":{"@context":"https:\/\/schema.org","@graph":[{"@type":"Article","@id":"https:\/\/stuttgarti-katolikusok.de\/index.php\/junius-15-es-21-kozott\/#article","isPartOf":{"@id":"https:\/\/stuttgarti-katolikusok.de\/index.php\/junius-15-es-21-kozott\/"},"author":{"name":"Tibor atya","@id":"https:\/\/stuttgarti-katolikusok.de\/#\/schema\/person\/75908d6f8fdc03a57889d27209df7795"},"headline":"J\u00fanius 15 \u00e9s 21 k\u00f6z\u00f6tt","datePublished":"2020-06-15T07:03:40+00:00","dateModified":"2020-06-18T20:52:51+00:00","mainEntityOfPage":{"@id":"https:\/\/stuttgarti-katolikusok.de\/index.php\/junius-15-es-21-kozott\/"},"wordCount":213,"image":{"@id":"https:\/\/stuttgarti-katolikusok.de\/index.php\/junius-15-es-21-kozott\/#primaryimage"},"thumbnailUrl":"https:\/\/stuttgarti-katolikusok.de\/wp-content\/uploads\/2020\/06\/csakmertadolgok.jpg","articleSection":["Progamel\u0151zetes"],"inLanguage":"hu"},{"@type":"WebPage","@id":"https:\/\/stuttgarti-katolikusok.de\/index.php\/junius-15-es-21-kozott\/","url":"https:\/\/stuttgarti-katolikusok.de\/index.php\/junius-15-es-21-kozott\/","name":"J\u00fanius 15 \u00e9s 21 k\u00f6z\u00f6tt - Stuttgarti Katolikusok","isPartOf":{"@id":"https:\/\/stuttgarti-katolikusok.de\/#website"},"primaryImageOfPage":{"@id":"https:\/\/stuttgarti-katolikusok.de\/index.php\/junius-15-es-21-kozott\/#primaryimage"},"image":{"@id":"https:\/\/stuttgarti-katolikusok.de\/index.php\/junius-15-es-21-kozott\/#primaryimage"},"thumbnailUrl":"https:\/\/stuttgarti-katolikusok.de\/wp-content\/uploads\/2020\/06\/csakmertadolgok.jpg","datePublished":"2020-06-15T07:03:40+00:00","dateModified":"2020-06-18T20:52:51+00:00","author":{"@id":"https:\/\/stuttgarti-katolikusok.de\/#\/schema\/person\/75908d6f8fdc03a57889d27209df7795"},"breadcrumb":{"@id":"https:\/\/stuttgarti-katolikusok.de\/index.php\/junius-15-es-21-kozott\/#breadcrumb"},"inLanguage":"hu","potentialAction":[{"@type":"ReadAction","target":["https:\/\/stuttgarti-katolikusok.de\/index.php\/junius-15-es-21-kozott\/"]}]},{"@type":"ImageObject","inLanguage":"hu","@id":"https:\/\/stuttgarti-katolikusok.de\/index.php\/junius-15-es-21-kozott\/#primaryimage","url":"https:\/\/stuttgarti-katolikusok.de\/wp-content\/uploads\/2020\/06\/csakmertadolgok.jpg","contentUrl":"https:\/\/stuttgarti-katolikusok.de\/wp-content\/uploads\/2020\/06\/csakmertadolgok.jpg","width":1080,"height":1080},{"@type":"BreadcrumbList","@id":"https:\/\/stuttgarti-katolikusok.de\/index.php\/junius-15-es-21-kozott\/#breadcrumb","itemListElement":[{"@type":"ListItem","position":1,"name":"Kezd\u0151lap","item":"https:\/\/stuttgarti-katolikusok.de\/"},{"@type":"ListItem","position":2,"name":"J\u00fanius 15 \u00e9s 21 k\u00f6z\u00f6tt"}]},{"@type":"WebSite","@id":"https:\/\/stuttgarti-katolikusok.de\/#website","url":"https:\/\/stuttgarti-katolikusok.de\/","name":"Stuttgarti Katolikusok","description":"","potentialAction":[{"@type":"SearchAction","target":{"@type":"EntryPoint","urlTemplate":"https:\/\/stuttgarti-katolikusok.de\/?s={search_term_string}"},"query-input":{"@type":"PropertyValueSpecification","valueRequired":true,"valueName":"search_term_string"}}],"inLanguage":"hu"},{"@type":"Person","@id":"https:\/\/stuttgarti-katolikusok.de\/#\/schema\/person\/75908d6f8fdc03a57889d27209df7795","name":"Tibor atya","image":{"@type":"ImageObject","inLanguage":"hu","@id":"https:\/\/secure.gravatar.com\/avatar\/61d268e57d1f4525b111222e29d2d5a7f8c420fdbf231ba5566a8ceac74fa960?s=96&d=mm&r=g","url":"https:\/\/secure.gravatar.com\/avatar\/61d268e57d1f4525b111222e29d2d5a7f8c420fdbf231ba5566a8ceac74fa960?s=96&d=mm&r=g","contentUrl":"https:\/\/secure.gravatar.com\/avatar\/61d268e57d1f4525b111222e29d2d5a7f8c420fdbf231ba5566a8ceac74fa960?s=96&d=mm&r=g","caption":"Tibor atya"},"url":"https:\/\/stuttgarti-katolikusok.de\/index.php\/author\/tibor-atya\/"}]}},"_links":{"self":[{"href":"https:\/\/stuttgarti-katolikusok.de\/index.php\/wp-json\/wp\/v2\/posts\/19759","targetHints":{"allow":["GET"]}}],"collection":[{"href":"https:\/\/stuttgarti-katolikusok.de\/index.php\/wp-json\/wp\/v2\/posts"}],"about":[{"href":"https:\/\/stuttgarti-katolikusok.de\/index.php\/wp-json\/wp\/v2\/types\/post"}],"author":[{"embeddable":true,"href":"https:\/\/stuttgarti-katolikusok.de\/index.php\/wp-json\/wp\/v2\/users\/3"}],"replies":[{"embeddable":true,"href":"https:\/\/stuttgarti-katolikusok.de\/index.php\/wp-json\/wp\/v2\/comments?post=19759"}],"version-history":[{"count":5,"href":"https:\/\/stuttgarti-katolikusok.de\/index.php\/wp-json\/wp\/v2\/posts\/19759\/revisions"}],"predecessor-version":[{"id":19786,"href":"https:\/\/stuttgarti-katolikusok.de\/index.php\/wp-json\/wp\/v2\/posts\/19759\/revisions\/19786"}],"wp:featuredmedia":[{"embeddable":true,"href":"https:\/\/stuttgarti-katolikusok.de\/index.php\/wp-json\/wp\/v2\/media\/19760"}],"wp:attachment":[{"href":"https:\/\/stuttgarti-katolikusok.de\/index.php\/wp-json\/wp\/v2\/media?parent=19759"}],"wp:term":[{"taxonomy":"category","embeddable":true,"href":"https:\/\/stuttgarti-katolikusok.de\/index.php\/wp-json\/wp\/v2\/categories?post=19759"},{"taxonomy":"post_tag","embeddable":true,"href":"https:\/\/stuttgarti-katolikusok.de\/index.php\/wp-json\/wp\/v2\/tags?post=19759"}],"curies":[{"name":"wp","href":"https:\/\/api.w.org\/{rel}","templated":true}]}}