{"id":19737,"date":"2020-06-09T15:41:21","date_gmt":"2020-06-09T15:41:21","guid":{"rendered":"https:\/\/gracious-dewdney.138-201-221-2.plesk.page\/?p=19737"},"modified":"2020-06-10T03:54:58","modified_gmt":"2020-06-10T03:54:58","slug":"koronavirus-csaladegyhaz","status":"publish","type":"post","link":"https:\/\/stuttgarti-katolikusok.de\/index.php\/koronavirus-csaladegyhaz\/","title":{"rendered":"Koronav\u00edrus &#8211; Csal\u00e1degyh\u00e1z"},"content":{"rendered":"<p><strong>Koronav\u00edrus \u2013 Csal\u00e1degyh\u00e1z<\/strong><\/p>\n<p>F\u00e9l\u00fatr\u00f3l visszan\u00e9zve ez a koronav\u00edrus j\u00e1rv\u00e1ny a vil\u00e1g szinte valamennyi orsz\u00e1g\u00e1t\u00a0 megt\u00e9p\u00e1zta. A korm\u00e1nyok az \u00f3ri\u00e1si kih\u00edv\u00e1sra el\u0151sz\u00f6r a nagyobb t\u00f6megeket megmozgat\u00f3 rendezv\u00e9nyek besz\u00fcntet\u00e9s\u00e9vel, az iskol\u00e1k bez\u00e1r\u00e1s\u00e1val, a kij\u00e1r\u00e1si tilalom bevezet\u00e9s\u00e9vel \u00e9s az emberek k\u00f6z\u00f6tti kapcsolatfelv\u00e9tel teljes vagy r\u00e9szleges megtilt\u00e1s\u00e1val reag\u00e1ltak. Majd igyekeztek az id\u0151k\u00f6zben akadoz\u00f3v\u00e1 v\u00e1l\u00f3 \u00e9lelmiszerell\u00e1t\u00e1st megszervezni. Azut\u00e1n az alapvet\u0151 gy\u00f3gyszerek \u00e9s a v\u00edrus elterjed\u00e9s\u00e9t megg\u00e1tol\u00f3 v\u00e9d\u0151maszkok illetve a v\u00edrusban megbeteged\u0151k megment\u00e9s\u00e9hez sz\u00fcks\u00e9ges l\u00e9legeztet\u0151g\u00e9pek beszerz\u00e9s\u00e9re helyezt\u00e9k a hangs\u00falyt. V\u00e9g\u00fcl a gazdas\u00e1gi \u00e9let megszil\u00e1rd\u00edt\u00e1sa fel\u00e9 fordult a figyelm\u00fck, ugyanis a j\u00e1rv\u00e1ny kit\u00f6r\u00e9se ut\u00e1n p\u00e1r h\u00e9ttel a p\u00e9nz\u00fcgyi piacok is l\u00e1tv\u00e1nyosan meginogtak. Ha bizonyos nagy nemzeti bankok nem avatkoznak be olyan hat\u00e1rozottan, akkor ma nemcsak a v\u00edrus puszt\u00edt\u00e1s\u00e1val \u00e9s a nagyon sok orsz\u00e1gba bevezetett kij\u00e1r\u00e1si tilalom katasztrof\u00e1lis t\u00e1rsadalmi \u00e9s gazdas\u00e1gi k\u00f6vetkezm\u00e9nyeivel, hanem egy vil\u00e1gm\u00e9ret\u0171 p\u00e9nz\u00fcgyi cs\u0151ddel is szembe kellene n\u00e9zn\u00fcnk. A gazdas\u00e1g hirtelen visszaes\u00e9s\u00e9nek szomor\u00fa k\u00f6vetkem\u00e9nyei egyes c\u00e9gek cs\u0151dbe men\u00e9se, a r\u00f6vid munkaid\u0151 bevezet\u00e9se, \u00e9s a munkahelyek nagy sz\u00e1m\u00e1nak a megsz\u0171n\u00e9se volt.<\/p>\n<p>Minden jel arra vall, hogy igazuk van azoknak, akik azt mondj\u00e1k: a j\u00e1rv\u00e1ny ut\u00e1n \u00fajra kell szervezni mindent! Hogy ez mikorra val\u00f3sul meg \u00e9s milyen \u00e1ldozatokra k\u00e9nyszer\u00edti m\u00e9g majd az embereket \u00e9s az orsz\u00e1gokat, azt m\u00e9g senki sem tudja felm\u00e9rni!<\/p>\n<p><strong>1. Az Egyh\u00e1z jelenlegi helyzete &#8211; <\/strong>A j\u00e1rv\u00e1ny a Katolikus Egyh\u00e1zat is nagyon neh\u00e9z helyzetbe hozta. F\u0151p\u00e1sztoraik \u2013 Eur\u00f3p\u00e1ban legal\u00e1bb is \u2013 egyr\u00e9szt k\u00f6vetni akart\u00e1k az \u00e1llami rendelkez\u00e9seket, m\u00e1sr\u00e9szt azonban tehetetlen\u00fcl el kellett t\u0171rni\u00fck, hogy ezek a rendelkez\u00e9sek az Egyh\u00e1z egyik\u00a0 legalapvet\u0151bb jog\u00e1t l\u00e1tsz\u00f3lag kikezdj\u00e9k: nevezetesen <em>a szabad vall\u00e1sgyakorlatot.<\/em> Most \u00edgy, a v\u00edrus lecseng\u00e9se k\u00f6zeledt\u00e9vel azzal a v\u00e1ddal kell majd szemben\u00e9zni\u00fck, hogy tal\u00e1n t\u00fal k\u00f6nnyen mondtak le err\u0151l a jogr\u00f3l az ateista, liber\u00e1lis vagy <em>\u201e\u00e9rt\u00e9ksemleges\u201d<\/em> \u00e1llamok \u00e9s korm\u00e1nyok jav\u00e1ra.<\/p>\n<p>Az minden esetre t\u00f6bb, mint meggondolkoztat\u00f3, hogy soha a t\u00f6rt\u00e9nelem folyam\u00e1n, m\u00e9g a nagy egyh\u00e1z\u00fcld\u00f6z\u00e9sek \u00e9s pestisek idej\u00e9n sem t\u00f6rt\u00e9nt meg, hogy a szentmis\u00e9ket az egyh\u00e1zi hat\u00f3s\u00e1gok betilts\u00e1k&#8230; Mint ahogyan az sem, hogy \u00edns\u00e9ges id\u0151kben, a h\u00edvek vigasztal\u00f3, \u00fatbaigaz\u00edt\u00f3, lelki sz\u00f3 n\u00e9lk\u00fcl maradtak, mint most ennek a nagy vil\u00e1gj\u00e1rv\u00e1nynak az idej\u00e9n. Hogy milyen torkot szorongat\u00f3 \u00e9rz\u00e9s volt ez, azt csak az tudja \u00e1t\u00e9rezni, aki l\u00e1tta, hogyan adta a Szent P\u00e9ter t\u00e9ren Ferenc p\u00e1pa az <em>urbi et orbi<\/em> \u00e1ld\u00e1st nagyb\u00f6jtben \u2013 egyed\u00fcl, a k\u00e9perny\u0151k m\u00e1sik v\u00e9g\u00e9n \u00fcl\u0151\u00a0 embernek, a messzi t\u00e1volb\u00f3l!<\/p>\n<p>Amikor a H\u00fasv\u00e9tot is z\u00e1rt ajt\u00f3k m\u00f6g\u00f6tt kellett \u00fcnnepeln\u00fcnk, mint valamikor az apostoloknak, sokunknak tal\u00e1n egyed\u00fcl \u00e9s mag\u00e1nyosan, \u00e9s telev\u00edzi\u00f3n vagy vide\u00f3n kereszt\u00fcl kellett k\u00f6vetn\u00fcnk a szertart\u00e1sokat, arra gondoltunk, noha tudtuk, hogy ez nem \u00edgy van: ez nem is igazi H\u00fasv\u00e9t!<\/p>\n<p>V\u00e9g\u00fcl csak fokozta lelki f\u00e1jdalmunkat az, amikor az erfurti katolikus teol\u00f3giai kar tagjai, majd nyomukban m\u00e1s modern teol\u00f3gusok is a n\u00e9p n\u00e9lk\u00fcl tartott szentmis\u00e9kkel kapcsolatban <em>&#8222;k\u00eds\u00e9rtet-mis\u00e9kr\u0151l&#8221;,<\/em> az Eukariszti\u00e1hoz val\u00f3 ragaszkod\u00e1ssal kapcsolatban pedig \u00fan. <em>&#8222;retrokatolicizmusr\u00f3l&#8221;<\/em> (maradi, \u00f3sdi, a r\u00e9gihez val\u00f3 babon\u00e1san ragaszkod\u00f3, azt visszas\u00edr\u00f3) besz\u00e9ltek.<\/p>\n<p>Ha nem is osztom Tom\u00e1s Halik (sz. 1948) pr\u00e1gai pap-szociol\u00f3gusnak a v\u00e9lem\u00e9ny\u00e9t, aki szerint \u2013 b\u00e1r \u0151 is tudta, hogy kicsit t\u00faloz! \u2013 a mai embert a templomok <em>\u201eegy halott Isten h\u0171v\u00f6s \u00e9s csod\u00e1latos s\u00edrk\u00f6veire eml\u00e9keztetik&#8221;<\/em>, ez alatt a koronav\u00edrus j\u00e1rv\u00e1ny ideje alatt m\u00e9gis egy\u00e9rtelm\u0171v\u00e9 v\u00e1lt sz\u00e1momra, hogy a kereszt\u00e9nys\u00e9g Eur\u00f3pa nyugati f\u00e9ltek\u00e9n t\u00e1rsadalomform\u00e1l\u00f3 jelent\u0151s\u00e9g\u00e9b\u0151l \u00f3ri\u00e1sit vesz\u00edtett; s\u0151t, napjainkban m\u00e1r egy\u00e1ltal\u00e1n nem <em>\u201esziszt\u00e9m-relev\u00e1ns\u201d <\/em>(\u00e9rtsd: a t\u00e1rsadalom zavartalan m\u0171k\u00f6d\u00e9s\u00e9hez nem sz\u00fcks\u00e9ges), kisebbs\u00e9gbe szorult &#8211; \u00e9s ezent\u00fal egyre nagyobb kisebbs\u00e9gben lesz!<\/p>\n<p>Azonban, mert hossz\u00fa papi \u00e9letem tapasztalataib\u00f3l azt is tudom, hogy minden rosszban van valami j\u00f3, meg azt\u00e1n azt is, <em>\u201e&#8230; hogy az Istent szeret\u0151knek minden javukra v\u00e1lik\u201d <\/em>(R\u00f3m 8,28), ebben a j\u00e1rv\u00e1nyban is t\u00f6bb j\u00f3t l\u00e1tok, mint els\u0151 l\u00e1t\u00e1sra azt gondolhatn\u00e1nk! \u00c9n most csak n\u00e9gyr\u0151l szeretn\u00e9k besz\u00e1molni, azzal a nem titkolt sz\u00e1nd\u00e9kkal, hogy a lajstromot m\u00e1sok majd m\u00e9g folytatni fogj\u00e1k!<\/p>\n<p><strong>1.1. Virtu\u00e1lis szentmis\u00e9k \u00e9s istentiszteletek &#8211; <\/strong>Az els\u0151 k\u00e9zenfekv\u0151 pozit\u00edvum, amire a koronav\u00edrus j\u00e1rv\u00e1ny r\u00e1ny\u00edtotta a figyelmemet: az igehirdet\u00e9s \u00faj m\u00f3dja. Mivel a templomokat z\u00e1rva kellett tartanunk \u00e9s a szentmis\u00e9n illetve m\u00e1s istentiszteleti cselekm\u00e9nyeinken k\u00f6z\u00f6ss\u00e9gben nem vehett\u00fcnk r\u00e9szt, az igehirdet\u00e9s <em>a vil\u00e1gh\u00e1l\u00f3ra<\/em> tev\u0151d\u00f6tt \u00e1t, virtu\u00e1liss\u00e1 lett, \u00e9s \u00edgy egy sokkal sz\u00e9lesebb r\u00e9teg\u00a0 sz\u00e1m\u00e1ra v\u00e1lt hozz\u00e1f\u00e9rhet\u0151v\u00e9. Igy, noha a felm\u00e9r\u00e9sek szerint a <em>\u201edigit\u00e1lis egyh\u00e1z\u201d<\/em> els\u0151sorban most is csak a k\u00f6z\u00f6ss\u00e9gek magj\u00e1t \u00e9rte el, akadtak azonban sz\u00e9p sz\u00e1mmal olyanok is (\u00e9rdekl\u0151d\u0151k, a hivatalos Egyh\u00e1zzal kapcsolatot alig tart\u00f3k, betegek, stb.), akik a vil\u00e1gh\u00e1l\u00f3n k\u00f6zvet\u00edtett <em>\u201evirtu\u00e1lis\u201d <\/em>szentmis\u00e9k, szents\u00e9gim\u00e1d\u00e1sok, k\u00f6z\u00f6s im\u00e1k stb. \u00e1ltal \u00fajra &#8211; \u00e9s \u00faj m\u00f3don teremtettek kapcsolatot a vall\u00e1ssal, az Egyh\u00e1zzal illetve egyh\u00e1zk\u00f6zs\u00e9geikkel.<\/p>\n<p>Nemcsak a Vatik\u00e1n fedezte fel a technika adta \u00faj lehet\u0151s\u00e9geket \u00e9s kapcsol\u00f3dott bele az akci\u00f3ba (a p\u00e1pa szentmis\u00e9j\u00e9t minden nap \u00e9l\u0151ben k\u00f6zvet\u00edtett\u00e9k!), de szinte minden egyh\u00e1zmegye \u00e9s mag\u00e1ra valamit is ad\u00f3 \u00e9s\u00a0 a megfelel\u0151 technikai adotts\u00e1gokkal rendelkez\u0151 pl\u00e9b\u00e1nia is felv\u00e9telr\u0151l vagy \u00e9l\u0151ben k\u00f6zvet\u00edtette szentmis\u00e9it.<\/p>\n<p>Azt lehet mondani, hogy a templomokban bez\u00e1r\u00e1s\u00e1val az Egyh\u00e1z az elm\u00falt hetekben nagyon kreat\u00edv lett, \u00e9s a lehet\u0151 legjobban haszn\u00e1lja ki az \u00faj helyzetet az igehirdet\u00e9sre \u00e9s az evangeliz\u00e1ci\u00f3ra.<\/p>\n<p><strong>1.2. Virtu\u00e1lis templom &#8211; <\/strong>A m\u00e1sodik \u00e9szrev\u00e9telem az volt, hogy noha az \u00e1llami-, \u00e9s nyomukban az egyh\u00e1zi hat\u00f3s\u00e1gok bez\u00e1rt\u00e1k a templomokat, a lelkip\u00e1sztoroknak r\u00f6vid id\u0151 alatt siker\u00fclt egy olyan <em>\u201evirtu\u00e1lis templomot\u201d<\/em> fel\u00e9p\u00edteni\u00fck, amelyben nem csak a szentmis\u00e9iket \u00fcnnepelhett\u00e9k, de egy\u00e9b istentiszteletet illetve k\u00f6z\u00f6ss\u00e9gi \u00e1jtatoss\u00e1got is tarthattak.<\/p>\n<p>Egyh\u00e1zmegy\u00e9k szerte \u00e9s sz\u00e1mtalan pl\u00e9b\u00e1ni\u00e1n minden reggel, d\u00e9lben \u00e9s este \u2013 k\u00fcl\u00f6n-k\u00fcl\u00f6n, de egyid\u0151ben \u2013 a j\u00e1rv\u00e1ny \u00e1ldozatai\u00e9rt \u00e9s megf\u00e9kez\u00e9s\u00e9\u00e9rt im\u00e1dkoztak. Minden napra \u00fan. liturgikus lapokat \u00e1ll\u00edtottak \u00f6ssze \u00e9s tett\u00e9k fel a honlapra illetve m\u00e1s k\u00f6z\u00f6ss\u00e9gi oldalakra, hogy bel\u0151le a h\u00edvek, b\u00e1rhol is \u00e9ljenek, egy\u00fctt \u00e9s egyszerre im\u00e1dkozhassanak. A vas\u00e1rnapokra az igeistentisztelet sz\u00f6veg\u00e9t is sz\u00e9t- illetve megosztott\u00e1k arra az esetre, ha valaki id\u0151 \u00e9s technikai eszk\u00f6z\u00f6k hi\u00e1ny\u00e1ban a k\u00f6zvet\u00edtett szentmis\u00e9ken nem vehet r\u00e9szt. Elm\u00e9lked\u00e9sek, szents\u00e9gim\u00e1d\u00e1si sz\u00f6vegek, keresztutak, im\u00e1k, k\u00f6ny\u00f6rg\u00e9sek, lit\u00e1ni\u00e1k, r\u00f3zsaf\u00fcz\u00e9r im\u00e1ds\u00e1g, stb. mind-mind azt c\u00e9lozt\u00e1k, hogy ebbe a virtu\u00e1lis templomba mindig be lehessen l\u00e9pni egy-egy ima idej\u00e9re.<\/p>\n<p>De ugyancsak ebben a templomban hetente biblik\u00f6rt vagy feln\u0151tt katek\u00e9zist,\u00a0\u00a0 keresztel\u00e9si- \u00e9s jegyesoktat\u00e1st tartottak. Ebben a templomban soha nem sz\u00fcnetelt az ima \u00e9s a k\u00e9pz\u00e9s!<\/p>\n<p><strong>1.3. Virtu\u00e1lis k\u00f6z\u00f6ss\u00e9g &#8211; <\/strong>A harmadik, ami nekem felt\u0171nt, hogy a j\u00e1rv\u00e1ny idej\u00e9n k\u00fcl\u00f6n\u00f6sen fontoss\u00e1 v\u00e1lt a kapcsolat tart\u00e1sa az egyh\u00e1zk\u00f6zs\u00e9g tagjaival. A kapcsolattart\u00e1s eszk\u00f6ze pedig a telefon volt. A telefonbesz\u00e9lget\u00e9sek \u00f6sszess\u00e9g\u00fckben sz\u00e1mosabbak voltak \u00e9s hosszabb ideig tartottak, mint a j\u00e1rv\u00e1ny el\u0151tt b\u00e1rmikor, hisz az embereket nem csak a v\u00edrusr\u00f3l sz\u00f3l\u00f3 \u00fajabb \u00e9s \u00fajabb inform\u00e1ci\u00f3k \u00e9rdekelt\u00e9k, semmint besz\u00e9lni akartak aggodalmaikr\u00f3l \u00e9s f\u00e9lelmeikr\u0151l, valamint \u00edgy akart\u00e1k tartani a kapcsolatot az egyh\u00e1zk\u00f6zs\u00e9g\u00fckkel. \u00dagy is mondhatn\u00e1nk, hogy a j\u00e1rv\u00e1ny ideje alatt a telefon egy szinte k\u00e9zzel foghat\u00f3 <em>\u201evirtu\u00e1lis k\u00f6z\u00f6ss\u00e9get\u201d<\/em> \u00e9p\u00edtett.<\/p>\n<p>Sok olyan egyh\u00e1zk\u00f6zs\u00e9gr\u0151l tudok, ahol ezekben a hetekben \u2013 Isten tudja mi\u00f3ta \u00fajra \u2013 egy <em>imacsoportot<\/em> hoztak l\u00e9tre, amelynek tagjai telefonon kereszt\u00fcl \u201etal\u00e1lkoztak\u201d rendszeresen egym\u00e1ssal, \u00e9s minden nap im\u00e1dkoztak a j\u00e1rv\u00e1ny betegei\u00e9rt illetve a j\u00e1rv\u00e1nyban elhunytak\u00e9rt, valamint kicser\u00e9lt\u00e9k gondolataikat minden egy\u00e9b fontos dologr\u00f3l.<\/p>\n<p>Nem egy egyh\u00e1zk\u00f6zs\u00e9gben szeretet-csoportok (n\u00e1lunk \u201e\u0151rangyalok\u201d) alakultak, amelynek tagjai rendszeresen felh\u00edvt\u00e1k vagy felkerest\u00e9k az egyh\u00e1zk\u00f6zs\u00e9g id\u0151sebb \u00a0tagjait, \u00e9s nem csak a j\u00e1rv\u00e1nyr\u00f3l \u00e9s a koronabetegs\u00e9gr\u0151l, hanem az egyh\u00e1zk\u00f6zs\u00e9g t\u00f6bbi tagjainak a sors\u00e1r\u00f3l is besz\u00e1moltak, \u00edgy k\u00f6tve \u00f6ssze \u0151ket a k\u00f6z\u00f6ss\u00e9ggel, amelyet az \u00f6regek m\u00e1r napok, hetek, h\u00f3napok \u00f3ta hi\u00e1nyoltak.<\/p>\n<p><strong>1.4. A csal\u00e1degyh\u00e1z &#8211; <\/strong>V\u00e9g\u00fcl, de nem utols\u00f3sorban a koronav\u00edrus j\u00e1rv\u00e1ny szerintem egy negyedik pozit\u00edvumot is eredm\u00e9nyezett, \u00e9s ez volt a legnagyobb: a <em>csal\u00e1degyh\u00e1z<\/em> meger\u0151s\u00f6d\u00e9se.<\/p>\n<p>A <em>csal\u00e1degyh\u00e1z<\/em> kifejez\u00e9st a Vatik\u00e1ni II. Zsinat (1963-1965) haszn\u00e1lta el\u0151sz\u00f6r, amikor arr\u00f3l sz\u00f3lt, hogy az egyh\u00e1z hit\u00e9nek a csal\u00e1dban val\u00f3 meg\u00e9l\u00e9se rendk\u00edv\u00fcl fontos, \u00e9s ezeket \u00edrta <em>\u201eEbben <\/em>a csal\u00e1di egyh\u00e1zban<em> a sz\u00fcl\u0151k legyenek gyermekeik els\u0151 hithirdet\u0151i szavukkal \u00e9s p\u00e9ld\u00e1jukkal\u201d<\/em> (Lumen Gentium 11). A kifejez\u00e9s tal\u00e1n feled\u00e9sbe is mer\u00fclt volna, ha Szent II. J\u00e1nos P\u00e1l p\u00e1pa (1978-2005) \u00fajra fel nem fedezi \u00e9s a <em>&#8222;Familiaris Consortio&#8221;<\/em> c\u00edm\u0171 apostoli \u00edr\u00e1s\u00e1ban meg nem magyar\u00e1zza. Itt ezeket \u00edrta: <em>\u201eA kereszt\u00e9ny csal\u00e1d mutatja \u00e9s val\u00f3s\u00edtja meg az egyh\u00e1zi k\u00f6z\u00f6ss\u00e9get <\/em>(\u00e9rtsd: egyh\u00e1zk\u00f6zs\u00e9g kicsiben!),<em> s ez\u00e9rt \u2019csal\u00e1di egyh\u00e1znak\u2019 lehet \u00e9s kell nevezn\u00fcnk\u201d<\/em> (FC 21). Majd al\u00e1bb \u00edgy folytatta: <em>\u201e&#8230; mik\u00e9nt a nagy Egyh\u00e1znak, \u00fagy a kis csal\u00e1di egyh\u00e1znak is sz\u00fcnet n\u00e9lk\u00fcl \u00e9s komolyan hallania kell az Evang\u00e9liumot. Innen sz\u00e1rmazik a csal\u00e1dnak az a k\u00f6telezetts\u00e9ge, hogy gondoskodnia kell az \u00e1lland\u00f3 hitoktat\u00e1sr\u00f3l.\u201d<\/em> (FC 51) XVI. Benedek p\u00e1pa (2005-2013) pedig ezeket \u00edrta a csal\u00e1degyh\u00e1zr\u00f3l: <em>&#8222;A csal\u00e1d, mint az \u00e9letnek \u00e9s a hitnek az els\u0151 iskol\u00e1ja \u00e9s, mint <\/em>csal\u00e1degyh\u00e1z<em>, arra hivatott, hogy a gyermekek \u00e9s az ifjak sz\u00e1mos nemzed\u00e9k\u00e9t emberi \u00e9s kereszt\u00e9nyi \u00e9rt\u00e9kekre nevelje, hogy \u00e9let\u00fck folyam\u00e1n \u2013 Krisztus p\u00e9ld\u00e1j\u00e1ra \u2013 harmonikus szem\u00e9lyis\u00e9gekk\u00e9 v\u00e1ljanak.\u201d <\/em><\/p>\n<p>Hogyan kapcsol\u00f3dnak a fentiek ehhez a H\u00fasv\u00e9thoz? \u00dagy, hogy szerintem ez a H\u00fasv\u00e9t es\u00e9ly volt arra, hogy a hitet elm\u00e9ly\u00edts\u00fck magunkban \u00e9s csal\u00e1djainkban! Mintha Isten azt szerette volna mindenkit\u0151l, hogy a H\u00fasv\u00e9tot a csal\u00e1dj\u00e1val t\u00f6ltse el. Ez alatt a <em>\u201ekarant\u00e9n-H\u00fasv\u00e9t\u201d<\/em> alatt, ahogyan p\u00e1ran nevezt\u00e9k, \u00f3ri\u00e1si lehet\u0151s\u00e9g k\u00edn\u00e1lkozott arra, hogy a csal\u00e1d kis <em>\u201ecsal\u00e1degyh\u00e1zz\u00e1\u201d,<\/em> <em>\u201eh\u00e1zi templomm\u00e1\u201d<\/em> alakuljon, amelyben a hitet meg\u00e9lik \u00e9s tov\u00e1bbadj\u00e1k.<\/p>\n<p>H\u00edveim besz\u00e1moltak arr\u00f3l, de tudom, m\u00e1sutt is sokan \u00edgy tettek, hogy kis h\u00e1zi olt\u00e1rokat (h\u00e1zi szent\u00e9ly, szent sarok, imasarok) \u00e1ll\u00edtottak fel. Ezek k\u00f6r\u00fcl azt\u00e1n naponta \u00f6sszegy\u0171lt a csal\u00e1d, \u00e9s vagy k\u00f6vette a szentmise-k\u00f6zvet\u00edt\u00e9st, vagy pedig a megadott im\u00e1kat illetve szertart\u00e1sokat v\u00e9gezte. \u00c9s ez a csal\u00e1ddal v\u00e9gzett k\u00f6z\u00f6s ima, mint vallott\u00e1k, \u00a0\u00faj, eleddig ismeretlen lelki \u00e9lm\u00e9ny volt sz\u00e1mukra. Felejthetetlen volt a k\u00e9perny\u0151n vagy a monitoron a szentmis\u00e9ket \u00fcnnepelni, ha kellett t\u00e9rdelve, ha kellett \u00e1llva, k\u00f6zben im\u00e1ds\u00e1got mondva, \u00e9nekelve vagy szent csendben \u00fclve. Nem egy helyen a csal\u00e1df\u0151 vette \u00e1t a pap szerep\u00e9t, a gyermekek \u00e9s fiatalok felv\u00e1ltva felolvastak a Szent\u00edr\u00e1sb\u00f3l, \u00a0az any\u00e1k kezdt\u00e9k az \u00e9nekeket, majd a v\u00e9g\u00e9n m\u00e9g sok\u00e1ig besz\u00e9lgettek a <em>\u201ecsal\u00e1degyh\u00e1zzal\u201d<\/em> kapcsolatos \u00e9lm\u00e9nyeikr\u0151l&#8230; Az elszigetelts\u00e9g \u00e9s a karant\u00e9n j\u00f3 alkalom volt arra \u00fajb\u00f3l felfedezni a csal\u00e1dban a hit gazdags\u00e1g\u00e1t \u00e9s aj\u00e1nd\u00e9k\u00e1t. Nem egyszer \u00e1t\u00e9rezt\u00e9k azt, amit Ferenc p\u00e1pa <em>Amoris Laetitia<\/em> c\u00edm\u0171 apostoli lev\u00e9l\u00e9ben \u00edrt: <em>&#8222;Az \u00dar a val\u00f3s\u00e1gos \u00e9s konkr\u00e9t csal\u00e1dban lakik, annak minden szenved\u00e9s\u00e9vel, k\u00fczdelm\u00e9vel, \u00f6r\u00f6m\u00e9vel \u00e9s mindennapos gondjaival egy\u00fctt.&#8221; <\/em>(315. p.) \u00c9rdekes, hogy a besz\u00e9lget\u00e9seket \u00e9s a gyermekekkel val\u00f3 j\u00e1t\u00e9kot is \u00fagy fogt\u00e1k fel, mint a m\u00e9ly, tartalmas, kereszt\u00e9ny \u00e9let apr\u00f3 jeleit, \u00e9s sokan megtapasztalt\u00e1k annak a j\u00e9zusi mond\u00e1snak az igaz\u00e1t: <em>&#8222;Ahol ugyanis ketten vagy h\u00e1rman \u00f6sszegy\u0171lnek a nevemben, ott vagyok k\u00f6z\u00f6tt\u00fck\u201d <\/em>(Mt 18,20).<\/p>\n<p><strong>2. A csal\u00e1degyh\u00e1z \u00e9s a csal\u00e1dliturgia &#8211; <\/strong>Most hadd szeml\u00e9ltessem a fentieket egy p\u00e1r besz\u00e1mol\u00f3r\u00e9szleten kereszt\u00fcl, amelyeket a h\u00edveink a \u201ekorona-H\u00fasv\u00e9ttal\u201d kapcsolatban \u00edrtak.<\/p>\n<p>Az els\u0151 besz\u00e1mol\u00f3b\u00f3l az der\u00fcl ki, hogy a gyermekek mennyire fog\u00e9konyak Isten, a hit, a szertart\u00e1sok \u00e9s a k\u00f6z\u00f6s ima ir\u00e1nt.<\/p>\n<p><em>\u201eMikor 2020. m\u00e1rcius 13-\u00e1n p\u00e9nteken bejelentett\u00e9k, hogy hat\u00e1rozatlan id\u0151re az iskol\u00e1k \u00e9s nagyobb int\u00e9zm\u00e9nyek bez\u00e1rnak, \u00e9s elkezd\u0151dtek a korl\u00e1toz\u00f3 int\u00e9zked\u00e9sek, kisl\u00e1nyunk [&#8230;] (\u00edgy sz\u00f3lt) : \u201eAnya, ez most nagyon komoly dolog, \u00fagy \u00e9rzem, nek\u00fcnk itthon minden nap mis\u00e9t kell rendezni \u00e9s im\u00e1dkozni a J\u00f3istenhez, hogy adjon er\u0151t Nek\u00fcnk \u00e9s t\u00fcrelmet\u201d (Ibolyka 7 \u00e9ves mind\u00f6ssze). A csal\u00e1di mis\u00e9n \u0151 v\u00e1llalta \u201eImre atya\u201d feladatait, \u00e9s eml\u00e9kei alapj\u00e1n a 25-30 perces kis szertart\u00e1s k\u00f6vetkez\u0151 k\u00e9ppen zajlott: Minden este hatkor (nem csak vas\u00e1rnapokn\u00e9nt) bement\u00fcnk a gondosan berendezett szob\u00e1ba, [&#8230;] meggy\u00fajtott mindenki a csal\u00e1db\u00f3l egy-egy team\u00e9csest. &#8211; Kezdt\u00fck a kedvenc nagyb\u00f6jti \u00e9nek\u00fcnkkel [&#8230;]. Mindenki sz\u00e9k\u00e9n volt egy-egy Szent\u00edr\u00e1s vagy gyerekimak\u00f6nyv [&#8230;]. Ibolyka mondott egy szabad im\u00e1t a csal\u00e1dunk\u00e9rt, bar\u00e1taink\u00e9rt mindig improviz\u00e1lva, majd felsz\u00f3l\u00edtott minket is, hogy k\u00f6sz\u00f6nj\u00fck meg az aj\u00e1nd\u00e9kokat \u00e9s k\u00e9rj\u00fcnk seg\u00edts\u00e9get a J\u00f3istent\u0151l. Ezut\u00e1n mindenki felolvasott a sz\u00e9k\u00e9re helyezett k\u00f6nyvb\u0151l p\u00e1r bejel\u00f6lt sort. Majd a v\u00e9g\u00e9n elmondtunk egy esti im\u00e1t k\u00e9z a k\u00e9zben. Miel\u0151tt a gyerty\u00e1kat elf\u00fajtuk, csak \u00fclt\u00fcnk sz\u00f3tlanul meghat\u00f3dva.\u201d <\/em>(Kocs\u00e1rdi \u00c1gnes: Csal\u00e1di szentmise Ibolyka vezet\u00e9s\u00e9vel)<\/p>\n<p>A m\u00e1sodik besz\u00e1mol\u00f3b\u00f3l azt lehetett lesz\u0171rni, hogy milyen fontos a sz\u00fcl\u0151k szerepe a szent cselekm\u00e9nyek el\u0151k\u00e9sz\u00edt\u00e9s\u00e9ben. Ha besz\u00e9lgetnek gyermekeikkel a hitigazs\u00e1gokr\u00f3l, ha r\u00e1ny\u00edtj\u00e1k szem\u00fcket, hogy milyen fontos lelki szempontb\u00f3l is az egy\u00fctt t\u00f6lt\u00f6tt id\u0151, akkor azok azt egy \u00e9letre magukkal vihetik.<\/p>\n<p><em>\u201c<\/em><em>Sokat besz\u00e9lgetek a gyerekeimmel, No\u00e9mival \u00e9s Patrici\u00e1val. Pr\u00f3b\u00e1lom elmagyar\u00e1zni nekik, mekkora \u00e9rt\u00e9k ez a rendelkez\u00e9s\u00fcnkre \u00e1ll\u00f3 rengeteg szabadid\u0151, mekkora lehet\u0151s\u00e9g rejlik benne. \u2013 (\u00cdgy) Az \u00fcnnepi el\u0151k\u00e9sz\u00fclet bens\u0151s\u00e9gesen telt. Azon kaptuk magunkat, ahhoz, hogy a h\u00fasv\u00e9ti vig\u00edlia m\u00e9lys\u00e9g\u00e9t megtapasztalhassuk, csak kett\u0151 dolog sz\u00fcks\u00e9ges: a v\u00e1gyakoz\u00e1s \u00e9s mi magunk. Az \u00f6sszez\u00e1rts\u00e1gban \u00e9s az egym\u00e1sra utalts\u00e1gban val\u00f3ban szembes\u00fclhet\u00fcnk a vel\u00fcnk \u00e9l\u0151 csal\u00e1dtagok keresztjeivel. Nem k\u00e9sz\u00fcl\u00fcnk sehova, nem magunkat szeml\u00e9lj\u00fck percekig a t\u00fck\u00f6rben. Sok minden \u00e1t\u00e9rt\u00e9kel\u0151dik ilyenkor.\u201c<\/em> (Brunne Gy\u00f6rgyi Marietta: Mag\u00e1nyos H\u00fasv\u00e9t)<\/p>\n<p>A harmadik besz\u00e1mol\u00f3t olvasva az lett egy\u00e9rtelm\u0171, hogy a k\u00f6z\u00f6s el\u0151k\u00e9sz\u00fcletek intenz\u00edvebb\u00e9 \u00e9s bens\u0151s\u00e9gesebb\u00e9 tett\u00e9k a H\u00fasv\u00e9tot, mint m\u00e1skor. \u00c9s \u00e1ltaluk k\u00f6zelebb ker\u00fclt a csal\u00e1d minden tagja hit\u00fcnk egyik legnagyobb titk\u00e1hoz, a felt\u00e1mad\u00e1shoz.<\/p>\n<p><em>\u201cA Nagyh\u00e9t szertart\u00e1sait otthonunkban meg\u00e9lni igazi lelki katarzis, \u00e9lm\u00e9ny volt. Kis csal\u00e1dunk k\u00f6vette az aty\u00e1k \u00e1ltal k\u00f6zreadott \u00fatmutat\u00f3t, napokra lebontva, s hol a k\u00f6zvet\u00edtett szentmis\u00e9khez csatlakoztunk, hol, azoknak hi\u00e1ny\u00e1ban, a napi ig\u00e9t felolvasva elm\u00e9lkedt\u00fcnk az aznapi esem\u00e9nyeken. Ennyire intenz\u00edv, bens\u0151s\u00e9ges h\u00fasv\u00e9ti k\u00e9sz\u00fclet\u00fcnk tal\u00e1n sosem volt! A h\u00e1zi olt\u00e1r k\u00f6zponti hely\u00e9n a Fesz\u00fclet, k\u00f6r\u00fcl\u00f6tte a gyerty\u00e1k, vir\u00e1gok, a Biblia \u00e9s a Hozsanna is k\u00e9zn\u00e9l. Egyed\u00fcl\u00e1ll\u00f3 lelki \u00e9lm\u00e9ny volt a Nagyp\u00e9nteken elv\u00e9gzett Csal\u00e1dok kereszt\u00fatja egy kinti K\u00e1lv\u00e1riahegyen. [&#8230;] Besz\u00e9lt\u00fcnk a Nagyh\u00e9t napjainak t\u00f6rt\u00e9n\u00e9seir\u0151l, felmer\u00fcl\u0151 k\u00e9rd\u00e9seket v\u00e1laszoltunk meg, verseket olvastunk, s l\u00e9p\u00e9sr\u0151l l\u00e9p\u00e9sre k\u00f6zelebb ker\u00fclt\u00fcnk a legnagyobb csod\u00e1hoz, a Felt\u00e1mad\u00e1shoz.\u201d<\/em> (Sz\u00e9kely Enik\u0151: Digit\u00e1lis H\u00fasv\u00e9t)<\/p>\n<p>A negyedik besz\u00e1mol\u00f3 az el\u0151k\u00e9sz\u00fclet p\u00e1r r\u00e9szlet\u00e9t is le\u00edrja. Nekem k\u00fcl\u00f6n\u00f6sen a k\u00f6z\u00f6s keny\u00e9rs\u00fct\u00e9s \u00e9s az utols\u00f3 vacsora meg\u00fcl\u00e9se tetszett!<\/p>\n<p><em>\u201eVir\u00e1gvas\u00e1rnap a nappali asztalunk olt\u00e1rr\u00e1 m\u00f3dosult. Imre atya \u00fatmutat\u00e1sait k\u00f6vetve \u00e9lt\u00fck meg a szent napokat. Szentmise k\u00f6zvet\u00edt\u00e9seket n\u00e9zt\u00fcnk, vagy magunk v\u00e9gezt\u00fck el a csal\u00e1di liturgi\u00e1t.<\/em> &#8211; <em>Az utols\u00f3 vacsora est\u00e9j\u00e9re lapos kenyeret s\u00fct\u00f6tt\u00fcnk, kehelybe bort \u00f6nt\u00f6tt\u00fcnk. L\u00e9lekemel\u0151 volt, mikor a csal\u00e1df\u0151 megt\u00f6rte a kenyeret \u00e9s a darabokat a csal\u00e1dtagoknak a k\u00f6vetkez\u0151\u00a0 szavakkal ny\u00fajtotta \u00e1t: \u201cSzeretet az Isten, aki szeretetben marad, Istenben marad \u00e9s Isten \u0151benne.\u201d A gyerty\u00e1k f\u00e9nye mellett kortyolt mindenki a borb\u00f3l, majd remeg\u0151, elcsukl\u00f3 hangon, olykor gomb\u00f3ccal a torkunkban hallgattuk a v\u00e9rrel verejt\u00e9kez\u0151 J\u00e9zus t\u00f6rt\u00e9net\u00e9t. &#8211; <\/em><em>M\u00e1snap d\u00e9lel\u0151tt Csisz\u00e9r L\u00e1szl\u00f3 dal\u00e1t hallgatva k\u00e9sz\u00fclnek a b\u00f6jti \u00e9tkek. \u201cOtt a Via Doloros\u00e1n, a szenved\u00e9snek \u00fatj\u00e1n,\u00a0\/ ott j\u00e1rt n\u00e9m\u00e1n, de gy\u0151ztesen a b\u00e1r\u00e1ny. \/ F\u00f6lvette a keresztet, szeretett T\u00e9ged s engem. \/ Ott a Via Doloros\u00e1n hordozta a mi b\u0171n\u00fcnket.\u201d &#8211; Nagyszombat kiv\u00e1lts\u00e1got tartogatott sz\u00e1munkra, ugyanis szentmis\u00e9re mehett\u00fcnk. [&#8230;] &#8211; H\u00fasv\u00e9tvas\u00e1rnap minden finoms\u00e1g a reggeliz\u0151 asztalra ker\u00fclt, egy\u00fctt alkottak a gyerekek gy\u00fcm\u00f6lcsb\u0151l, z\u00f6lds\u00e9gb\u0151l, toj\u00e1sb\u00f3l vir\u00e1gz\u00f3 mez\u0151t, tapsif\u00fcl\u0171 nyuszikat, repdes\u0151 pillang\u00f3kat. A szentmis\u00e9n a lelki \u00e1ldoz\u00e1s sor\u00e1n \u00e9rztem, hogy \u0150 \u00e9l, hisz k\u00e9zen fogott \u00e9s szorosan velem van. Gy\u00f6ny\u00f6rk\u00f6dve,\u00a0 tal\u00e1n kiss\u00e9 el\u00e9rz\u00e9keny\u00fclve n\u00e9zz\u00fck, hogy az asztaln\u00e1l m\u00e1r nyolcan \u00fcl\u00fcnk. Az id\u0151 mintha sz\u00e1rnyakon j\u00e1rna: udvarl\u00f3k eg\u00e9sz\u00edtik ki a csal\u00e1di k\u00f6rt. &#8211; Estefel\u00e9re a legkisebbek rem\u00e9nye oszlik, tal\u00e1n nincs is h\u00fasv\u00e9ti ny\u00fal? Biztos lehet, mert az \u00f6sszes csoki pereputty\u00e1t elrejtette kint a kertben! &#8211; Ebb\u0151l m\u00e1r csak a kis v\u00f6dr\u00f6s, nagy locsol\u00f3s, hideg vizes, sikongat\u00f3s H\u00fasv\u00e9th\u00e9tf\u0151 reggel t\u00e9r\u00edthetett magunkhoz.\u201d<\/em> (T\u00f3th M\u00e1rti: K\u00e9zen fogott)<\/p>\n<p>Az \u00f6t\u00f6dik besz\u00e1mol\u00f3b\u00f3l az el\u0151k\u00e9sz\u00fcletek \u00fajabb r\u00e9szleteit ismerhetj\u00fck meg: l\u00e1bmos\u00e1s, szent s\u00edr k\u00e9sz\u00edt\u00e9se, h\u00fasv\u00e9ti gyertya bark\u00e1csol\u00e1sa. \u00a0A z\u00e1r\u00f3mondat pedig, amelyben az anyuka azt \u00edrja: <em>\u201eBiztos vagyok benne, hogy ezt a H\u00fasv\u00e9tot (a gyermekek) nem fogj\u00e1k elfelejteni, \u00e9s hogy mindannyiunk hite, Isten-kapcsolata csak er\u0151sebb lett az egy\u00fctt meg\u00e9lt Szent H\u00e1romnap sor\u00e1n.\u201d<\/em> \u2013 ak\u00e1r az eg\u00e9sz egyh\u00e1zk\u00f6zs\u00e9g\u00fcnkre is \u00e9rv\u00e9nyesnek tal\u00e1lom.<\/p>\n<p><em>\u201cA karant\u00e9n idej\u00e9n siker\u00fclt egy itthoni menetrendet kialak\u00edtani, bele\u00e9rtve a k\u00f6z\u00f6s, online, vas\u00e1rnapi magyar misen\u00e9z\u00e9st. [&#8230;] Most v\u00e9gre J\u00e9zus \u00e1llt a k\u00f6z\u00e9ppontban \u00e9s csak r\u00e1 figyelt\u00fcnk a szent h\u00e1rom napon. &#8211; Nagycs\u00fct\u00f6rt\u00f6k\u00f6n p\u00e1szk\u00e1t s\u00fct\u00f6tt\u00fcnk a gyerekekkel. A karant\u00e9n \u00f3ta mi is csin\u00e1lunk kis olt\u00e1rt az online mis\u00e9khez. Az esti mise el\u0151tt erre ker\u00fclt a kereszt mellett a p\u00e1szka \u00e9s a bor is. A gyerekeknek nagy \u00e9lm\u00e9ny volt, amikor a csal\u00e1df\u0151 jelk\u00e9pesen megmosta a l\u00e1bunkat, \u00e9s megt\u00f6rte a p\u00e1szk\u00e1t. K\u00fcl\u00f6n\u00f6sen az els\u0151\u00e1ldoz\u00e1sra k\u00e9sz\u00fcl\u0151 fiam \u00e9lvezte, hogy b\u00e1r m\u00e9g nem volt els\u0151\u00e1ldoz\u00f3, \u00e9s ki tudja a jelenlegi helyzet miatt ez az \u00fcnnep meddig tol\u00f3dik, de most m\u00e9gis \u201c\u00e1ldozhatott\u201d vel\u00fcnk, s\u0151t m\u00e9g a borba is belem\u00e1rthatta az \u201costy\u00e1j\u00e1t.\u201d &#8211; Nagyp\u00e9nteken szent s\u00edrt k\u00e9sz\u00edtett\u00fcnk egy\u00fctt \u00e9s a d\u00e9lut\u00e1ni csal\u00e1di s\u00e9ta alkalm\u00e1val apr\u00f3 mezei sz\u00e1zszorsz\u00e9peket gy\u0171jt\u00f6tt\u00fcnk a s\u00edr k\u00f6r\u00e9. [&#8230;] Szint\u00e9n egy karant\u00e9n miatt felker\u00fclt youtube-vide\u00f3 seg\u00edts\u00e9g\u00e9vel egy nagyon sz\u00e9p, kifejezetten gyerekeknek sz\u00f3l\u00f3 keresztutat csin\u00e1lhattunk v\u00e9gig, majd a saj\u00e1t, csal\u00e1di kis keresztutunkat is elolvastuk egy\u00fctt. Az esti \u201ecsonkamise\u201c ut\u00e1n elhelyezt\u00fck a keresztet a szent s\u00edrban, majd egy\u00fctt virrasztottunk \u00e9s olvastunk a Bibli\u00e1b\u00f3l. &#8211; Szombat reggel h\u00fasv\u00e9ti gyerty\u00e1t bark\u00e1csoltunk. Ez eddig soha esz\u00fcnkbe sem jutott volna, de mindenkinek annyira tetszett, hogy elhat\u00e1rozzuk, hogy csal\u00e1di hagyom\u00e1nny\u00e1 tessz\u00fck \u00e9s v\u00edrust\u00f3l meg karant\u00e9nt\u00f3l f\u00fcggetlen\u00fcl, ezent\u00fal minden \u00e9vben a febru\u00e1rban megszentelt gyerty\u00e1b\u00f3l h\u00fasv\u00e9ti gyerty\u00e1t fogunk k\u00e9sz\u00edteni. A gyerekek alig v\u00e1rt\u00e1k az esti, felt\u00e1mad\u00e1si mis\u00e9t, amikor meggy\u00fajthattuk a gyerty\u00e1nkat \u00e9s a n\u00e9gy pici m\u00e9cses\u00fcnket a s\u00f6t\u00e9tben. A felt\u00e1mad\u00e1si mis\u00e9nek \u00edgy, itthoni k\u00f6r\u00fclm\u00e9nyek k\u00f6z\u00f6tt is k\u00fcl\u00f6nleges hangulata volt. Gyerty\u00e1ink f\u00e9ny\u00e9be n\u00e9zve, \u00e9rezhett\u00fck a felt\u00e1madt Krisztus jelenl\u00e9t\u00e9t. &#8211; K\u00fcl\u00f6n\u00f6sen b\u00fcszke voltam a gyerekekre, akik mindh\u00e1rom nap mis\u00e9j\u00e9n fegyelmezetten, odafigyel\u00e9ssel vettek r\u00e9szt, m\u00e9g akkor is, ha most nem a templom padj\u00e1ban, hanem a nappali kanap\u00e9j\u00e1n \u00fclt\u00fcnk. Biztos vagyok benne, hogy ezt a H\u00fasv\u00e9tot nem fogj\u00e1k elfelejteni, \u00e9s hogy mindannyiunk hite, Isten-kapcsolata csak er\u0151sebb lett az egy\u00fctt meg\u00e9lt Szent H\u00e1romnap sor\u00e1n.\u201d<\/em> (Megyeri Andrea: Ha Isten becsuk egy ajt\u00f3t, valahol m\u00e1shol kinyit egy ablakot &#8230; avagy H\u00fasv\u00e9t karant\u00e9n idej\u00e9n)<\/p>\n<p>***<\/p>\n<p>Nem tudom, hogy pontosan mire gondolt Hamburg \u00e9rseke, Stefan He\u00dfe, amikor ezt mondta az egyik vele k\u00e9sz\u00edtett interj\u00faban:<em> \u201eA koronav\u00edrus meg fogja v\u00e1ltoztatja az Egyh\u00e1zat.\u201c<\/em> Sokat sejtet viszont, hogy Romano Guardini (+1968) vall\u00e1sfiloz\u00f3fus egyik mondat\u00e1t id\u00e9zte: <em>\u201eAz Egyh\u00e1z a lelkekben \u00e9bred fel.\u201d<\/em><\/p>\n<p>Ha ez Egyh\u00e1z a koronav\u00edrus ut\u00e1n megv\u00e1ltozik, akkor ez szerintem abban fog megmutatkozni, hogy a lelkekben \u00e9bred fel er\u0151teljesebben, \u00e9s ennek k\u00f6vetkezt\u00e9ben a <em>\u201ecsal\u00e1degyh\u00e1z\u201d <\/em>a j\u00f6v\u0151ben majd nagyobb jelent\u0151s\u00e9gre tesz szert!<\/p>\n<p>Adja ezt nek\u00fcnk a j\u00f3 Isten!<\/p>\n<p><em>Imre atya<br \/>\n<\/em><\/p>\n<p><em>Stuttgart, 2020-06-09.<\/em><\/p>\n<p><span style=\"color: #ff6600;\"><em><strong>H\u00edveink h\u00e1zi olt\u00e1rai a &#8222;Korona-H\u00fasv\u00e9t&#8221; idej\u00e9n:<\/strong><\/em><\/span><\/p>\n                    <div class=\"flicgal-gallery-wrapper gallery-19747\">\n                                                    <h3 class=\"flicgal-title\">Karant\u00e9n-H\u00fasv\u00e9t 2020<\/h3>\n                                                <div class=\"flicgal-gallery-container-wrapper\">\n                            <div class=\"flicgal-spinner-wrapper\">\n                                <div class=\"flicgal-loading-img\"><img decoding=\"async\" src=\"https:\/\/stuttgarti-katolikusok.de\/wp-content\/plugins\/flickr-album-gallery\/img\/loading.gif\" \/><\/div>\n                            <\/div>\n                            <div class=\"flicgal-gallery-container\"><\/div>\n                        <\/div>\n                        <!-- Blueimp gallery -->\n                        <div id=\"blueimp-gallery-19747\" class=\"blueimp-gallery blueimp-gallery-controls\">\n                            <div class=\"slides\"><\/div>\n                            <h3 class=\"title\"><\/h3>\n                            <a class=\"prev\">\u2039<\/a>\n                            <a class=\"next\">\u203a<\/a>\n                            <a class=\"close\">\u00d7<\/a>\n                            <a class=\"play-pause\"><\/a>\n                            <ol class=\"indicator\"><\/ol>\n                        <\/div>\n                    <\/div>\n                    \n            \n","protected":false},"excerpt":{"rendered":"<p>Koronav\u00edrus \u2013 Csal\u00e1degyh\u00e1z F\u00e9l\u00fatr\u00f3l visszan\u00e9zve ez a koronav\u00edrus j\u00e1rv\u00e1ny a vil\u00e1g szinte valamennyi orsz\u00e1g\u00e1t\u00a0 megt\u00e9p\u00e1zta. A korm\u00e1nyok az \u00f3ri\u00e1si kih\u00edv\u00e1sra el\u0151sz\u00f6r a nagyobb t\u00f6megeket megmozgat\u00f3 rendezv\u00e9nyek besz\u00fcntet\u00e9s\u00e9vel, az iskol\u00e1k bez\u00e1r\u00e1s\u00e1val, a kij\u00e1r\u00e1si tilalom bevezet\u00e9s\u00e9vel \u00e9s az emberek k\u00f6z\u00f6tti kapcsolatfelv\u00e9tel teljes vagy r\u00e9szleges megtilt\u00e1s\u00e1val reag\u00e1ltak. Majd igyekeztek az id\u0151k\u00f6zben akadoz\u00f3v\u00e1 v\u00e1l\u00f3 \u00e9lelmiszerell\u00e1t\u00e1st megszervezni. Azut\u00e1n az alapvet\u0151 gy\u00f3gyszerek \u00e9s a v\u00edrus elterjed\u00e9s\u00e9t megg\u00e1tol\u00f3 v\u00e9d\u0151maszkok illetve a v\u00edrusban megbeteged\u0151k megment\u00e9s\u00e9hez sz\u00fcks\u00e9ges l\u00e9legeztet\u0151g\u00e9pek beszerz\u00e9s\u00e9re helyezt\u00e9k a hangs\u00falyt. V\u00e9g\u00fcl a gazdas\u00e1gi \u00e9let megszil\u00e1rd\u00edt\u00e1sa fel\u00e9 fordult a figyelm\u00fck, ugyanis a j\u00e1rv\u00e1ny kit\u00f6r\u00e9se ut\u00e1n p\u00e1r h\u00e9ttel a p\u00e9nz\u00fcgyi piacok is l\u00e1tv\u00e1nyosan meginogtak. Ha bizonyos nagy nemzeti bankok nem avatkoznak be olyan hat\u00e1rozottan, akkor ma nemcsak a v\u00edrus puszt\u00edt\u00e1s\u00e1val \u00e9s a nagyon sok orsz\u00e1gba bevezetett kij\u00e1r\u00e1si tilalom katasztrof\u00e1lis t\u00e1rsadalmi \u00e9s gazdas\u00e1gi k\u00f6vetkezm\u00e9nyeivel, hanem egy vil\u00e1gm\u00e9ret\u0171 p\u00e9nz\u00fcgyi cs\u0151ddel is szembe kellene n\u00e9zn\u00fcnk. A gazdas\u00e1g hirtelen visszaes\u00e9s\u00e9nek szomor\u00fa k\u00f6vetkem\u00e9nyei egyes c\u00e9gek cs\u0151dbe men\u00e9se, a r\u00f6vid munkaid\u0151 bevezet\u00e9se, \u00e9s a munkahelyek nagy sz\u00e1m\u00e1nak a megsz\u0171n\u00e9se volt. Minden jel arra vall, hogy igazuk van azoknak, akik azt mondj\u00e1k: a j\u00e1rv\u00e1ny ut\u00e1n \u00fajra kell szervezni mindent! Hogy ez mikorra val\u00f3sul meg \u00e9s milyen \u00e1ldozatokra k\u00e9nyszer\u00edti m\u00e9g majd az embereket \u00e9s az orsz\u00e1gokat, azt m\u00e9g senki sem tudja felm\u00e9rni! 1. Az Egyh\u00e1z jelenlegi helyzete &#8211; A j\u00e1rv\u00e1ny a Katolikus Egyh\u00e1zat is nagyon neh\u00e9z helyzetbe hozta. F\u0151p\u00e1sztoraik \u2013 Eur\u00f3p\u00e1ban legal\u00e1bb is \u2013 egyr\u00e9szt k\u00f6vetni akart\u00e1k az \u00e1llami rendelkez\u00e9seket, m\u00e1sr\u00e9szt azonban tehetetlen\u00fcl el kellett t\u0171rni\u00fck, hogy ezek a rendelkez\u00e9sek az Egyh\u00e1z egyik\u00a0 legalapvet\u0151bb jog\u00e1t l\u00e1tsz\u00f3lag kikezdj\u00e9k: nevezetesen a szabad vall\u00e1sgyakorlatot. Most \u00edgy, a v\u00edrus lecseng\u00e9se k\u00f6zeledt\u00e9vel azzal a v\u00e1ddal kell majd szemben\u00e9zni\u00fck, hogy tal\u00e1n t\u00fal k\u00f6nnyen mondtak le err\u0151l a jogr\u00f3l az ateista, liber\u00e1lis vagy \u201e\u00e9rt\u00e9ksemleges\u201d \u00e1llamok \u00e9s korm\u00e1nyok jav\u00e1ra. Az minden esetre t\u00f6bb, mint meggondolkoztat\u00f3, hogy soha a t\u00f6rt\u00e9nelem folyam\u00e1n, m\u00e9g a nagy egyh\u00e1z\u00fcld\u00f6z\u00e9sek \u00e9s pestisek idej\u00e9n sem t\u00f6rt\u00e9nt meg, hogy a szentmis\u00e9ket az egyh\u00e1zi&#8230; <\/p>\n<p><a class=\"readmore\" href=\"https:\/\/stuttgarti-katolikusok.de\/?fa_gallery=karanten-husvet-2020\">R\u00e9szletek<\/a><\/p>\n","protected":false},"author":3,"featured_media":19745,"comment_status":"closed","ping_status":"closed","sticky":false,"template":"","format":"standard","meta":{"footnotes":""},"categories":[24,39],"tags":[],"class_list":["post-19737","post","type-post","status-publish","format-standard","has-post-thumbnail","hentry","category-gondolatok","category-kepgaleria"],"yoast_head":"<!-- This site is optimized with the Yoast SEO plugin v27.3 - https:\/\/yoast.com\/product\/yoast-seo-wordpress\/ -->\n<title>Koronav\u00edrus - Csal\u00e1degyh\u00e1z - Stuttgarti Katolikusok<\/title>\n<meta name=\"robots\" content=\"index, follow, max-snippet:-1, max-image-preview:large, max-video-preview:-1\" \/>\n<link rel=\"canonical\" href=\"https:\/\/stuttgarti-katolikusok.de\/index.php\/koronavirus-csaladegyhaz\/\" \/>\n<meta property=\"og:locale\" content=\"hu_HU\" \/>\n<meta property=\"og:type\" content=\"article\" \/>\n<meta property=\"og:title\" content=\"Koronav\u00edrus - Csal\u00e1degyh\u00e1z - Stuttgarti Katolikusok\" \/>\n<meta property=\"og:description\" content=\"Koronav\u00edrus \u2013 Csal\u00e1degyh\u00e1z F\u00e9l\u00fatr\u00f3l visszan\u00e9zve ez a koronav\u00edrus j\u00e1rv\u00e1ny a vil\u00e1g szinte valamennyi orsz\u00e1g\u00e1t\u00a0 megt\u00e9p\u00e1zta. A korm\u00e1nyok az \u00f3ri\u00e1si kih\u00edv\u00e1sra el\u0151sz\u00f6r a nagyobb t\u00f6megeket megmozgat\u00f3 rendezv\u00e9nyek besz\u00fcntet\u00e9s\u00e9vel, az iskol\u00e1k bez\u00e1r\u00e1s\u00e1val, a kij\u00e1r\u00e1si tilalom bevezet\u00e9s\u00e9vel \u00e9s az emberek k\u00f6z\u00f6tti kapcsolatfelv\u00e9tel teljes vagy r\u00e9szleges megtilt\u00e1s\u00e1val reag\u00e1ltak. Majd igyekeztek az id\u0151k\u00f6zben akadoz\u00f3v\u00e1 v\u00e1l\u00f3 \u00e9lelmiszerell\u00e1t\u00e1st megszervezni. Azut\u00e1n az alapvet\u0151 gy\u00f3gyszerek \u00e9s a v\u00edrus elterjed\u00e9s\u00e9t megg\u00e1tol\u00f3 v\u00e9d\u0151maszkok illetve a v\u00edrusban megbeteged\u0151k megment\u00e9s\u00e9hez sz\u00fcks\u00e9ges l\u00e9legeztet\u0151g\u00e9pek beszerz\u00e9s\u00e9re helyezt\u00e9k a hangs\u00falyt. V\u00e9g\u00fcl a gazdas\u00e1gi \u00e9let megszil\u00e1rd\u00edt\u00e1sa fel\u00e9 fordult a figyelm\u00fck, ugyanis a j\u00e1rv\u00e1ny kit\u00f6r\u00e9se ut\u00e1n p\u00e1r h\u00e9ttel a p\u00e9nz\u00fcgyi piacok is l\u00e1tv\u00e1nyosan meginogtak. Ha bizonyos nagy nemzeti bankok nem avatkoznak be olyan hat\u00e1rozottan, akkor ma nemcsak a v\u00edrus puszt\u00edt\u00e1s\u00e1val \u00e9s a nagyon sok orsz\u00e1gba bevezetett kij\u00e1r\u00e1si tilalom katasztrof\u00e1lis t\u00e1rsadalmi \u00e9s gazdas\u00e1gi k\u00f6vetkezm\u00e9nyeivel, hanem egy vil\u00e1gm\u00e9ret\u0171 p\u00e9nz\u00fcgyi cs\u0151ddel is szembe kellene n\u00e9zn\u00fcnk. A gazdas\u00e1g hirtelen visszaes\u00e9s\u00e9nek szomor\u00fa k\u00f6vetkem\u00e9nyei egyes c\u00e9gek cs\u0151dbe men\u00e9se, a r\u00f6vid munkaid\u0151 bevezet\u00e9se, \u00e9s a munkahelyek nagy sz\u00e1m\u00e1nak a megsz\u0171n\u00e9se volt. Minden jel arra vall, hogy igazuk van azoknak, akik azt mondj\u00e1k: a j\u00e1rv\u00e1ny ut\u00e1n \u00fajra kell szervezni mindent! Hogy ez mikorra val\u00f3sul meg \u00e9s milyen \u00e1ldozatokra k\u00e9nyszer\u00edti m\u00e9g majd az embereket \u00e9s az orsz\u00e1gokat, azt m\u00e9g senki sem tudja felm\u00e9rni! 1. Az Egyh\u00e1z jelenlegi helyzete &#8211; A j\u00e1rv\u00e1ny a Katolikus Egyh\u00e1zat is nagyon neh\u00e9z helyzetbe hozta. F\u0151p\u00e1sztoraik \u2013 Eur\u00f3p\u00e1ban legal\u00e1bb is \u2013 egyr\u00e9szt k\u00f6vetni akart\u00e1k az \u00e1llami rendelkez\u00e9seket, m\u00e1sr\u00e9szt azonban tehetetlen\u00fcl el kellett t\u0171rni\u00fck, hogy ezek a rendelkez\u00e9sek az Egyh\u00e1z egyik\u00a0 legalapvet\u0151bb jog\u00e1t l\u00e1tsz\u00f3lag kikezdj\u00e9k: nevezetesen a szabad vall\u00e1sgyakorlatot. Most \u00edgy, a v\u00edrus lecseng\u00e9se k\u00f6zeledt\u00e9vel azzal a v\u00e1ddal kell majd szemben\u00e9zni\u00fck, hogy tal\u00e1n t\u00fal k\u00f6nnyen mondtak le err\u0151l a jogr\u00f3l az ateista, liber\u00e1lis vagy \u201e\u00e9rt\u00e9ksemleges\u201d \u00e1llamok \u00e9s korm\u00e1nyok jav\u00e1ra. Az minden esetre t\u00f6bb, mint meggondolkoztat\u00f3, hogy soha a t\u00f6rt\u00e9nelem folyam\u00e1n, m\u00e9g a nagy egyh\u00e1z\u00fcld\u00f6z\u00e9sek \u00e9s pestisek idej\u00e9n sem t\u00f6rt\u00e9nt meg, hogy a szentmis\u00e9ket az egyh\u00e1zi... R\u00e9szletek\" \/>\n<meta property=\"og:url\" content=\"https:\/\/stuttgarti-katolikusok.de\/index.php\/koronavirus-csaladegyhaz\/\" \/>\n<meta property=\"og:site_name\" content=\"Stuttgarti Katolikusok\" \/>\n<meta property=\"article:published_time\" content=\"2020-06-09T15:41:21+00:00\" \/>\n<meta property=\"article:modified_time\" content=\"2020-06-10T03:54:58+00:00\" \/>\n<meta property=\"og:image\" content=\"https:\/\/stuttgarti-katolikusok.de\/wp-content\/uploads\/2020\/06\/oltariszentsegnelkul.jpg\" \/>\n\t<meta property=\"og:image:width\" content=\"773\" \/>\n\t<meta property=\"og:image:height\" content=\"960\" \/>\n\t<meta property=\"og:image:type\" content=\"image\/jpeg\" \/>\n<meta name=\"author\" content=\"Tibor atya\" \/>\n<meta name=\"twitter:card\" content=\"summary_large_image\" \/>\n<meta name=\"twitter:label1\" content=\"Szerz\u0151:\" \/>\n\t<meta name=\"twitter:data1\" content=\"Tibor atya\" \/>\n\t<meta name=\"twitter:label2\" content=\"Becs\u00fclt olvas\u00e1si id\u0151\" \/>\n\t<meta name=\"twitter:data2\" content=\"21 perc\" \/>\n<script type=\"application\/ld+json\" class=\"yoast-schema-graph\">{\"@context\":\"https:\\\/\\\/schema.org\",\"@graph\":[{\"@type\":\"Article\",\"@id\":\"https:\\\/\\\/stuttgarti-katolikusok.de\\\/index.php\\\/koronavirus-csaladegyhaz\\\/#article\",\"isPartOf\":{\"@id\":\"https:\\\/\\\/stuttgarti-katolikusok.de\\\/index.php\\\/koronavirus-csaladegyhaz\\\/\"},\"author\":{\"name\":\"Tibor atya\",\"@id\":\"https:\\\/\\\/stuttgarti-katolikusok.de\\\/#\\\/schema\\\/person\\\/75908d6f8fdc03a57889d27209df7795\"},\"headline\":\"Koronav\u00edrus &#8211; Csal\u00e1degyh\u00e1z\",\"datePublished\":\"2020-06-09T15:41:21+00:00\",\"dateModified\":\"2020-06-10T03:54:58+00:00\",\"mainEntityOfPage\":{\"@id\":\"https:\\\/\\\/stuttgarti-katolikusok.de\\\/index.php\\\/koronavirus-csaladegyhaz\\\/\"},\"wordCount\":4276,\"image\":{\"@id\":\"https:\\\/\\\/stuttgarti-katolikusok.de\\\/index.php\\\/koronavirus-csaladegyhaz\\\/#primaryimage\"},\"thumbnailUrl\":\"https:\\\/\\\/stuttgarti-katolikusok.de\\\/wp-content\\\/uploads\\\/2020\\\/06\\\/oltariszentsegnelkul.jpg\",\"articleSection\":[\"Gondolatok\",\"K\u00e9pgal\u00e9ria\"],\"inLanguage\":\"hu\"},{\"@type\":\"WebPage\",\"@id\":\"https:\\\/\\\/stuttgarti-katolikusok.de\\\/index.php\\\/koronavirus-csaladegyhaz\\\/\",\"url\":\"https:\\\/\\\/stuttgarti-katolikusok.de\\\/index.php\\\/koronavirus-csaladegyhaz\\\/\",\"name\":\"Koronav\u00edrus - Csal\u00e1degyh\u00e1z - Stuttgarti Katolikusok\",\"isPartOf\":{\"@id\":\"https:\\\/\\\/stuttgarti-katolikusok.de\\\/#website\"},\"primaryImageOfPage\":{\"@id\":\"https:\\\/\\\/stuttgarti-katolikusok.de\\\/index.php\\\/koronavirus-csaladegyhaz\\\/#primaryimage\"},\"image\":{\"@id\":\"https:\\\/\\\/stuttgarti-katolikusok.de\\\/index.php\\\/koronavirus-csaladegyhaz\\\/#primaryimage\"},\"thumbnailUrl\":\"https:\\\/\\\/stuttgarti-katolikusok.de\\\/wp-content\\\/uploads\\\/2020\\\/06\\\/oltariszentsegnelkul.jpg\",\"datePublished\":\"2020-06-09T15:41:21+00:00\",\"dateModified\":\"2020-06-10T03:54:58+00:00\",\"author\":{\"@id\":\"https:\\\/\\\/stuttgarti-katolikusok.de\\\/#\\\/schema\\\/person\\\/75908d6f8fdc03a57889d27209df7795\"},\"breadcrumb\":{\"@id\":\"https:\\\/\\\/stuttgarti-katolikusok.de\\\/index.php\\\/koronavirus-csaladegyhaz\\\/#breadcrumb\"},\"inLanguage\":\"hu\",\"potentialAction\":[{\"@type\":\"ReadAction\",\"target\":[\"https:\\\/\\\/stuttgarti-katolikusok.de\\\/index.php\\\/koronavirus-csaladegyhaz\\\/\"]}]},{\"@type\":\"ImageObject\",\"inLanguage\":\"hu\",\"@id\":\"https:\\\/\\\/stuttgarti-katolikusok.de\\\/index.php\\\/koronavirus-csaladegyhaz\\\/#primaryimage\",\"url\":\"https:\\\/\\\/stuttgarti-katolikusok.de\\\/wp-content\\\/uploads\\\/2020\\\/06\\\/oltariszentsegnelkul.jpg\",\"contentUrl\":\"https:\\\/\\\/stuttgarti-katolikusok.de\\\/wp-content\\\/uploads\\\/2020\\\/06\\\/oltariszentsegnelkul.jpg\",\"width\":773,\"height\":960},{\"@type\":\"BreadcrumbList\",\"@id\":\"https:\\\/\\\/stuttgarti-katolikusok.de\\\/index.php\\\/koronavirus-csaladegyhaz\\\/#breadcrumb\",\"itemListElement\":[{\"@type\":\"ListItem\",\"position\":1,\"name\":\"Kezd\u0151lap\",\"item\":\"https:\\\/\\\/stuttgarti-katolikusok.de\\\/\"},{\"@type\":\"ListItem\",\"position\":2,\"name\":\"Koronav\u00edrus &#8211; Csal\u00e1degyh\u00e1z\"}]},{\"@type\":\"WebSite\",\"@id\":\"https:\\\/\\\/stuttgarti-katolikusok.de\\\/#website\",\"url\":\"https:\\\/\\\/stuttgarti-katolikusok.de\\\/\",\"name\":\"Stuttgarti Katolikusok\",\"description\":\"\",\"potentialAction\":[{\"@type\":\"SearchAction\",\"target\":{\"@type\":\"EntryPoint\",\"urlTemplate\":\"https:\\\/\\\/stuttgarti-katolikusok.de\\\/?s={search_term_string}\"},\"query-input\":{\"@type\":\"PropertyValueSpecification\",\"valueRequired\":true,\"valueName\":\"search_term_string\"}}],\"inLanguage\":\"hu\"},{\"@type\":\"Person\",\"@id\":\"https:\\\/\\\/stuttgarti-katolikusok.de\\\/#\\\/schema\\\/person\\\/75908d6f8fdc03a57889d27209df7795\",\"name\":\"Tibor atya\",\"image\":{\"@type\":\"ImageObject\",\"inLanguage\":\"hu\",\"@id\":\"https:\\\/\\\/secure.gravatar.com\\\/avatar\\\/61d268e57d1f4525b111222e29d2d5a7f8c420fdbf231ba5566a8ceac74fa960?s=96&d=mm&r=g\",\"url\":\"https:\\\/\\\/secure.gravatar.com\\\/avatar\\\/61d268e57d1f4525b111222e29d2d5a7f8c420fdbf231ba5566a8ceac74fa960?s=96&d=mm&r=g\",\"contentUrl\":\"https:\\\/\\\/secure.gravatar.com\\\/avatar\\\/61d268e57d1f4525b111222e29d2d5a7f8c420fdbf231ba5566a8ceac74fa960?s=96&d=mm&r=g\",\"caption\":\"Tibor atya\"},\"url\":\"https:\\\/\\\/stuttgarti-katolikusok.de\\\/index.php\\\/author\\\/tibor-atya\\\/\"}]}<\/script>\n<!-- \/ Yoast SEO plugin. -->","yoast_head_json":{"title":"Koronav\u00edrus - Csal\u00e1degyh\u00e1z - Stuttgarti Katolikusok","robots":{"index":"index","follow":"follow","max-snippet":"max-snippet:-1","max-image-preview":"max-image-preview:large","max-video-preview":"max-video-preview:-1"},"canonical":"https:\/\/stuttgarti-katolikusok.de\/index.php\/koronavirus-csaladegyhaz\/","og_locale":"hu_HU","og_type":"article","og_title":"Koronav\u00edrus - Csal\u00e1degyh\u00e1z - Stuttgarti Katolikusok","og_description":"Koronav\u00edrus \u2013 Csal\u00e1degyh\u00e1z F\u00e9l\u00fatr\u00f3l visszan\u00e9zve ez a koronav\u00edrus j\u00e1rv\u00e1ny a vil\u00e1g szinte valamennyi orsz\u00e1g\u00e1t\u00a0 megt\u00e9p\u00e1zta. A korm\u00e1nyok az \u00f3ri\u00e1si kih\u00edv\u00e1sra el\u0151sz\u00f6r a nagyobb t\u00f6megeket megmozgat\u00f3 rendezv\u00e9nyek besz\u00fcntet\u00e9s\u00e9vel, az iskol\u00e1k bez\u00e1r\u00e1s\u00e1val, a kij\u00e1r\u00e1si tilalom bevezet\u00e9s\u00e9vel \u00e9s az emberek k\u00f6z\u00f6tti kapcsolatfelv\u00e9tel teljes vagy r\u00e9szleges megtilt\u00e1s\u00e1val reag\u00e1ltak. Majd igyekeztek az id\u0151k\u00f6zben akadoz\u00f3v\u00e1 v\u00e1l\u00f3 \u00e9lelmiszerell\u00e1t\u00e1st megszervezni. Azut\u00e1n az alapvet\u0151 gy\u00f3gyszerek \u00e9s a v\u00edrus elterjed\u00e9s\u00e9t megg\u00e1tol\u00f3 v\u00e9d\u0151maszkok illetve a v\u00edrusban megbeteged\u0151k megment\u00e9s\u00e9hez sz\u00fcks\u00e9ges l\u00e9legeztet\u0151g\u00e9pek beszerz\u00e9s\u00e9re helyezt\u00e9k a hangs\u00falyt. V\u00e9g\u00fcl a gazdas\u00e1gi \u00e9let megszil\u00e1rd\u00edt\u00e1sa fel\u00e9 fordult a figyelm\u00fck, ugyanis a j\u00e1rv\u00e1ny kit\u00f6r\u00e9se ut\u00e1n p\u00e1r h\u00e9ttel a p\u00e9nz\u00fcgyi piacok is l\u00e1tv\u00e1nyosan meginogtak. Ha bizonyos nagy nemzeti bankok nem avatkoznak be olyan hat\u00e1rozottan, akkor ma nemcsak a v\u00edrus puszt\u00edt\u00e1s\u00e1val \u00e9s a nagyon sok orsz\u00e1gba bevezetett kij\u00e1r\u00e1si tilalom katasztrof\u00e1lis t\u00e1rsadalmi \u00e9s gazdas\u00e1gi k\u00f6vetkezm\u00e9nyeivel, hanem egy vil\u00e1gm\u00e9ret\u0171 p\u00e9nz\u00fcgyi cs\u0151ddel is szembe kellene n\u00e9zn\u00fcnk. A gazdas\u00e1g hirtelen visszaes\u00e9s\u00e9nek szomor\u00fa k\u00f6vetkem\u00e9nyei egyes c\u00e9gek cs\u0151dbe men\u00e9se, a r\u00f6vid munkaid\u0151 bevezet\u00e9se, \u00e9s a munkahelyek nagy sz\u00e1m\u00e1nak a megsz\u0171n\u00e9se volt. Minden jel arra vall, hogy igazuk van azoknak, akik azt mondj\u00e1k: a j\u00e1rv\u00e1ny ut\u00e1n \u00fajra kell szervezni mindent! Hogy ez mikorra val\u00f3sul meg \u00e9s milyen \u00e1ldozatokra k\u00e9nyszer\u00edti m\u00e9g majd az embereket \u00e9s az orsz\u00e1gokat, azt m\u00e9g senki sem tudja felm\u00e9rni! 1. Az Egyh\u00e1z jelenlegi helyzete &#8211; A j\u00e1rv\u00e1ny a Katolikus Egyh\u00e1zat is nagyon neh\u00e9z helyzetbe hozta. F\u0151p\u00e1sztoraik \u2013 Eur\u00f3p\u00e1ban legal\u00e1bb is \u2013 egyr\u00e9szt k\u00f6vetni akart\u00e1k az \u00e1llami rendelkez\u00e9seket, m\u00e1sr\u00e9szt azonban tehetetlen\u00fcl el kellett t\u0171rni\u00fck, hogy ezek a rendelkez\u00e9sek az Egyh\u00e1z egyik\u00a0 legalapvet\u0151bb jog\u00e1t l\u00e1tsz\u00f3lag kikezdj\u00e9k: nevezetesen a szabad vall\u00e1sgyakorlatot. Most \u00edgy, a v\u00edrus lecseng\u00e9se k\u00f6zeledt\u00e9vel azzal a v\u00e1ddal kell majd szemben\u00e9zni\u00fck, hogy tal\u00e1n t\u00fal k\u00f6nnyen mondtak le err\u0151l a jogr\u00f3l az ateista, liber\u00e1lis vagy \u201e\u00e9rt\u00e9ksemleges\u201d \u00e1llamok \u00e9s korm\u00e1nyok jav\u00e1ra. Az minden esetre t\u00f6bb, mint meggondolkoztat\u00f3, hogy soha a t\u00f6rt\u00e9nelem folyam\u00e1n, m\u00e9g a nagy egyh\u00e1z\u00fcld\u00f6z\u00e9sek \u00e9s pestisek idej\u00e9n sem t\u00f6rt\u00e9nt meg, hogy a szentmis\u00e9ket az egyh\u00e1zi... R\u00e9szletek","og_url":"https:\/\/stuttgarti-katolikusok.de\/index.php\/koronavirus-csaladegyhaz\/","og_site_name":"Stuttgarti Katolikusok","article_published_time":"2020-06-09T15:41:21+00:00","article_modified_time":"2020-06-10T03:54:58+00:00","og_image":[{"width":773,"height":960,"url":"https:\/\/stuttgarti-katolikusok.de\/wp-content\/uploads\/2020\/06\/oltariszentsegnelkul.jpg","type":"image\/jpeg"}],"author":"Tibor atya","twitter_card":"summary_large_image","twitter_misc":{"Szerz\u0151:":"Tibor atya","Becs\u00fclt olvas\u00e1si id\u0151":"21 perc"},"schema":{"@context":"https:\/\/schema.org","@graph":[{"@type":"Article","@id":"https:\/\/stuttgarti-katolikusok.de\/index.php\/koronavirus-csaladegyhaz\/#article","isPartOf":{"@id":"https:\/\/stuttgarti-katolikusok.de\/index.php\/koronavirus-csaladegyhaz\/"},"author":{"name":"Tibor atya","@id":"https:\/\/stuttgarti-katolikusok.de\/#\/schema\/person\/75908d6f8fdc03a57889d27209df7795"},"headline":"Koronav\u00edrus &#8211; Csal\u00e1degyh\u00e1z","datePublished":"2020-06-09T15:41:21+00:00","dateModified":"2020-06-10T03:54:58+00:00","mainEntityOfPage":{"@id":"https:\/\/stuttgarti-katolikusok.de\/index.php\/koronavirus-csaladegyhaz\/"},"wordCount":4276,"image":{"@id":"https:\/\/stuttgarti-katolikusok.de\/index.php\/koronavirus-csaladegyhaz\/#primaryimage"},"thumbnailUrl":"https:\/\/stuttgarti-katolikusok.de\/wp-content\/uploads\/2020\/06\/oltariszentsegnelkul.jpg","articleSection":["Gondolatok","K\u00e9pgal\u00e9ria"],"inLanguage":"hu"},{"@type":"WebPage","@id":"https:\/\/stuttgarti-katolikusok.de\/index.php\/koronavirus-csaladegyhaz\/","url":"https:\/\/stuttgarti-katolikusok.de\/index.php\/koronavirus-csaladegyhaz\/","name":"Koronav\u00edrus - Csal\u00e1degyh\u00e1z - Stuttgarti Katolikusok","isPartOf":{"@id":"https:\/\/stuttgarti-katolikusok.de\/#website"},"primaryImageOfPage":{"@id":"https:\/\/stuttgarti-katolikusok.de\/index.php\/koronavirus-csaladegyhaz\/#primaryimage"},"image":{"@id":"https:\/\/stuttgarti-katolikusok.de\/index.php\/koronavirus-csaladegyhaz\/#primaryimage"},"thumbnailUrl":"https:\/\/stuttgarti-katolikusok.de\/wp-content\/uploads\/2020\/06\/oltariszentsegnelkul.jpg","datePublished":"2020-06-09T15:41:21+00:00","dateModified":"2020-06-10T03:54:58+00:00","author":{"@id":"https:\/\/stuttgarti-katolikusok.de\/#\/schema\/person\/75908d6f8fdc03a57889d27209df7795"},"breadcrumb":{"@id":"https:\/\/stuttgarti-katolikusok.de\/index.php\/koronavirus-csaladegyhaz\/#breadcrumb"},"inLanguage":"hu","potentialAction":[{"@type":"ReadAction","target":["https:\/\/stuttgarti-katolikusok.de\/index.php\/koronavirus-csaladegyhaz\/"]}]},{"@type":"ImageObject","inLanguage":"hu","@id":"https:\/\/stuttgarti-katolikusok.de\/index.php\/koronavirus-csaladegyhaz\/#primaryimage","url":"https:\/\/stuttgarti-katolikusok.de\/wp-content\/uploads\/2020\/06\/oltariszentsegnelkul.jpg","contentUrl":"https:\/\/stuttgarti-katolikusok.de\/wp-content\/uploads\/2020\/06\/oltariszentsegnelkul.jpg","width":773,"height":960},{"@type":"BreadcrumbList","@id":"https:\/\/stuttgarti-katolikusok.de\/index.php\/koronavirus-csaladegyhaz\/#breadcrumb","itemListElement":[{"@type":"ListItem","position":1,"name":"Kezd\u0151lap","item":"https:\/\/stuttgarti-katolikusok.de\/"},{"@type":"ListItem","position":2,"name":"Koronav\u00edrus &#8211; Csal\u00e1degyh\u00e1z"}]},{"@type":"WebSite","@id":"https:\/\/stuttgarti-katolikusok.de\/#website","url":"https:\/\/stuttgarti-katolikusok.de\/","name":"Stuttgarti Katolikusok","description":"","potentialAction":[{"@type":"SearchAction","target":{"@type":"EntryPoint","urlTemplate":"https:\/\/stuttgarti-katolikusok.de\/?s={search_term_string}"},"query-input":{"@type":"PropertyValueSpecification","valueRequired":true,"valueName":"search_term_string"}}],"inLanguage":"hu"},{"@type":"Person","@id":"https:\/\/stuttgarti-katolikusok.de\/#\/schema\/person\/75908d6f8fdc03a57889d27209df7795","name":"Tibor atya","image":{"@type":"ImageObject","inLanguage":"hu","@id":"https:\/\/secure.gravatar.com\/avatar\/61d268e57d1f4525b111222e29d2d5a7f8c420fdbf231ba5566a8ceac74fa960?s=96&d=mm&r=g","url":"https:\/\/secure.gravatar.com\/avatar\/61d268e57d1f4525b111222e29d2d5a7f8c420fdbf231ba5566a8ceac74fa960?s=96&d=mm&r=g","contentUrl":"https:\/\/secure.gravatar.com\/avatar\/61d268e57d1f4525b111222e29d2d5a7f8c420fdbf231ba5566a8ceac74fa960?s=96&d=mm&r=g","caption":"Tibor atya"},"url":"https:\/\/stuttgarti-katolikusok.de\/index.php\/author\/tibor-atya\/"}]}},"_links":{"self":[{"href":"https:\/\/stuttgarti-katolikusok.de\/index.php\/wp-json\/wp\/v2\/posts\/19737","targetHints":{"allow":["GET"]}}],"collection":[{"href":"https:\/\/stuttgarti-katolikusok.de\/index.php\/wp-json\/wp\/v2\/posts"}],"about":[{"href":"https:\/\/stuttgarti-katolikusok.de\/index.php\/wp-json\/wp\/v2\/types\/post"}],"author":[{"embeddable":true,"href":"https:\/\/stuttgarti-katolikusok.de\/index.php\/wp-json\/wp\/v2\/users\/3"}],"replies":[{"embeddable":true,"href":"https:\/\/stuttgarti-katolikusok.de\/index.php\/wp-json\/wp\/v2\/comments?post=19737"}],"version-history":[{"count":5,"href":"https:\/\/stuttgarti-katolikusok.de\/index.php\/wp-json\/wp\/v2\/posts\/19737\/revisions"}],"predecessor-version":[{"id":19752,"href":"https:\/\/stuttgarti-katolikusok.de\/index.php\/wp-json\/wp\/v2\/posts\/19737\/revisions\/19752"}],"wp:featuredmedia":[{"embeddable":true,"href":"https:\/\/stuttgarti-katolikusok.de\/index.php\/wp-json\/wp\/v2\/media\/19745"}],"wp:attachment":[{"href":"https:\/\/stuttgarti-katolikusok.de\/index.php\/wp-json\/wp\/v2\/media?parent=19737"}],"wp:term":[{"taxonomy":"category","embeddable":true,"href":"https:\/\/stuttgarti-katolikusok.de\/index.php\/wp-json\/wp\/v2\/categories?post=19737"},{"taxonomy":"post_tag","embeddable":true,"href":"https:\/\/stuttgarti-katolikusok.de\/index.php\/wp-json\/wp\/v2\/tags?post=19737"}],"curies":[{"name":"wp","href":"https:\/\/api.w.org\/{rel}","templated":true}]}}