{"id":19696,"date":"2020-06-04T04:50:05","date_gmt":"2020-06-04T04:50:05","guid":{"rendered":"https:\/\/gracious-dewdney.138-201-221-2.plesk.page\/?p=19696"},"modified":"2020-06-05T04:31:03","modified_gmt":"2020-06-05T04:31:03","slug":"zarandokolni-es-egyutt-lenni","status":"publish","type":"post","link":"https:\/\/stuttgarti-katolikusok.de\/index.php\/zarandokolni-es-egyutt-lenni\/","title":{"rendered":"Sz\u00e9kely Enik\u0151: &#8222;Zar\u00e1ndokolni \u00e9s egy\u00fctt lenni&#8221;"},"content":{"rendered":"<p align=\"JUSTIFY\">\u201e<span style=\"font-family: Constantia, serif;\"><span style=\"font-size: medium;\"><b>Zar\u00e1ndokolni \u00e9s egy\u00fctt lenni<\/b><\/span><\/span><span style=\"font-family: Constantia, serif;\"><span style=\"font-size: medium;\"><b>\u201d<\/b><\/span><\/span><\/p>\n<p align=\"JUSTIFY\"><span style=\"font-family: Constantia, serif;\"><span style=\"font-size: medium;\">V\u00e1rakoz\u00e1ssal, zaklatott lelki\u00e1llapotban k\u00e9sz\u00fclt\u00fcnk az idei P\u00fcnk\u00f6sdre, tudva, hogy nem mehet\u00fcnk a cs\u00edksomly\u00f3i b\u00facs\u00fara. \u201eSz\u00edv\u00fcnkben zar\u00e1ndokoljunk!\u201d \u2013 sz\u00f3lt a felh\u00edv\u00e1s, mik\u00f6zben menni kellene, oly nagy a v\u00e1gyakoz\u00e1s. F\u00e1radjon a l\u00e1b, izzadjon az ember, im\u00e1dkozzon \u00e9s \u00e9nekeljen, s v\u00e9g\u00fcl meg\u00e9rkezzen. Haza \u00e9rkezzen! A l\u00e9lek v\u00e1gyait \u2013 sajnos \u2013 fel\u00fcl\u00edrta a t\u00f6rv\u00e9ny, \u00edgy csak az \u00e9l\u0151 k\u00f6zvet\u00edt\u00e9sen vehett\u00fcnk r\u00e9szt. <\/span><\/span><\/p>\n<p align=\"JUSTIFY\"><span style=\"font-family: Constantia, serif;\"><span style=\"font-size: medium;\">Az \u00fcnnepi szentmis\u00e9n Gergely \u00e9rsek atya minden k\u00e9rd\u00e9sre megadta a v\u00e1laszt: <\/span><\/span><span style=\"font-family: Constantia, serif;\"><span style=\"font-size: medium;\">\u201e<\/span><\/span><span style=\"font-family: Constantia, serif;\"><span style=\"font-size: medium;\">Honnan tudj\u00e1tok, hogy ez rossz? &#8230; A J\u00f3 Isten soha nem akar rosszat n\u00e9p\u00e9nek!<\/span><\/span><span style=\"font-family: Constantia, serif;\"><span style=\"font-size: medium;\"> \u201d<\/span><\/span><span style=\"font-family: Constantia, serif;\"><span style=\"font-size: medium;\"> Ez a meghat\u00f3 pr\u00e9dik\u00e1ci\u00f3 hull\u00e1mokban nyugtatta meg a sz\u00edvem, csendesedtek el k\u00e9rd\u00e9seim. <\/span><\/span><\/p>\n<p align=\"JUSTIFY\"><span style=\"font-family: Constantia, serif;\"><span style=\"font-size: medium;\">S hogy hogyan m\u0171k\u00f6dik a Gondvisel\u00e9s? Sz\u00e1munkra l\u00e1thatatlan sz\u00e1lakat mozgat meg, fon \u00f6ssze, s vezeti egym\u00e1shoz az embereket. A szentmise v\u00e9g\u00e9n \u00fczenetet kaptam Stuttgartb\u00f3l: \u201eTi nem j\u00f6szt\u00f6k h\u00e9tf\u0151n a zar\u00e1ndoklatra?<\/span><\/span><span style=\"font-family: Constantia, serif;\"><span style=\"font-size: medium;\">\u201d<\/span><\/span><span style=\"font-family: Constantia, serif;\"><span style=\"font-size: medium;\"> Nem voltam napirenden, \u00edgy semmilyen r\u00e9szletet nem tudtam a zar\u00e1ndoklatr\u00f3l, k\u00e9rtem az inform\u00e1ci\u00f3kat. Mivel a Santiago de Compostel\u00e1ba tervezett<\/span><\/span> <span style=\"font-family: Constantia, serif;\"><span style=\"font-size: medium;\">idei<\/span><\/span> <span style=\"font-family: Constantia, serif;\"><span style=\"font-size: medium;\">zar\u00e1ndok\u00fat sajnos elmaradt, ez\u00e9rt helyette a Szent Jakab \u00fat egyik n\u00e9metorsz\u00e1gi szakasz\u00e1t v\u00e1lasztott\u00e1k ki a szervez\u0151k. Winnendenb\u0151l indulva Endersbach, Stetten \u00e9rint\u00e9s\u00e9vel Esslingen volt a c\u00e9l, 23 km gyalogos \u00fat<\/span><\/span> <span style=\"font-family: Constantia, serif;\"><span style=\"font-size: medium;\">megt\u00e9tele.<\/span><\/span><\/p>\n<p align=\"JUSTIFY\"><span style=\"font-family: Constantia, serif;\"><span style=\"font-size: medium;\">Megkapva minden inform\u00e1ci\u00f3t, hirtelen el\u0151vettek a k\u00e9telyek, hogy mi ezt nem tudjuk v\u00e1llalni, mert elutazunk, mert nem tudunk r\u00e1 felk\u00e9sz\u00fclni, mert nem \u00e9r\u00fcnk oda, mert nem lesz kenyer\u00fcnk a szendvicsekhez&#8230;, megannyi ok, amit \u00fagy l\u00e1ttam, hogy nem lehet lek\u00fczdeni. Nem vettem \u00e9szre a t\u00e1lc\u00e1n felk\u00edn\u00e1lt lehet\u0151s\u00e9get: Cs\u00edksomly\u00f3 helyett Szent Jakab zar\u00e1ndoklat! De a j\u00f3 sz\u00e1nd\u00e9k\u00fa embereket sem olyan f\u00e1b\u00f3l faragt\u00e1k, hogy k\u00f6nnyen feladj\u00e1k, \u00edgy minden akad\u00e1lyt el lehetett h\u00e1r\u00edtani. A legjobban az \u00e9rintett meg, hogy a J\u00f3 Isten a mindennapi kenyer\u00fcnkr\u0151l is gondoskodott, Annik\u00f3 s\u00fct\u00f6tte a kenyeret nek\u00fcnk<\/span><\/span><span style=\"color: #339966;\"><span style=\"font-family: Constantia, serif;\"><span style=\"font-size: medium;\">&#8230;<\/span><\/span><\/span><\/p>\n<p align=\"JUSTIFY\"><span style=\"font-family: Constantia, serif;\"><span style=\"font-size: medium;\">Korai indul\u00e1sunk egy gy\u00f6ny\u00f6r\u0171 napfelkelt\u00e9vel aj\u00e1nd\u00e9kozott meg, eszembe juttatva a somly\u00f3i hagyom\u00e1nyos napban\u00e9z\u00e9st, s b\u00e1r t\u00e1vols\u00e1gban t\u00f6bb sz\u00e1z kilom\u00e9ter v\u00e1lasztott el otthonr\u00f3l, itt is ugyanaz a Nap ragyogott a l\u00e1that\u00e1ron. <\/span><\/span><\/p>\n<p align=\"JUSTIFY\"><span style=\"font-family: Constantia, serif;\"><span style=\"font-size: medium;\">Els\u0151 zar\u00e1ndoklatunk volt ez Imre aty\u00e1val \u00e9s a stuttgarti katolikus testv\u00e9reinkkel. Mik\u00f6zben megfogalmaztuk magunkban a sz\u00e1nd\u00e9kot, amelyet felaj\u00e1nlunk, k\u00edv\u00e1ncsian v\u00e1rtuk, hogy milyen is lesz.<\/span><\/span><\/p>\n<p align=\"JUSTIFY\"><span style=\"font-family: Constantia, serif;\"><span style=\"font-size: medium;\">Winnendenbe meg\u00e9rkezve csatlakoztunk a zar\u00e1ndolat r\u00e9sztvev\u0151ihez. Term\u00e9szetes betartva minden el\u0151\u00edr\u00e1st, elmaradt a megszokott \u00f6lel\u00e9s, puszi, de ragyogtak a szemek!<\/span><\/span><\/p>\n<p align=\"JUSTIFY\"><span style=\"font-family: Constantia, serif;\"><span style=\"font-size: medium;\">A zar\u00e1ndoklat szervez\u0151i: Annik\u00f3, Vili \u00e9s Csilla, Di\u00e1na, D\u00e9lia, Erika \u00e9s Georg pontosan elterveztek mindent, n\u00e9gy csoportra osztva a zar\u00e1ndokokat. A csoportok egym\u00e1s ut\u00e1n indultak, els\u0151 meg\u00e1ll\u00f3nk a winnendeni katolikus templom volt, ahol im\u00e1val ind\u00edtottuk a napot: Imre atya \u00e1ld\u00e1s\u00e1t adta a zar\u00e1ndokokra, r\u00f6viden v\u00e1zolta a zar\u00e1ndoklat l\u00e9nyeg\u00e9t,<\/span><\/span> <span style=\"font-family: Constantia, serif;\"><span style=\"font-size: medium;\">s k\u00e9rte, hogy aki m\u00e9g nem tette volna meg, aj\u00e1nlja fel a zar\u00e1ndoklat\u00e1t egy sz\u00e1nd\u00e9k\u00e9rt. A csoportok fegyelmezetten k\u00f6vett\u00e9k a vezet\u0151k \u00fatmutat\u00e1sait, s ezzel kezdet\u00e9t vette a zar\u00e1ndoklat. Profi csapatok voltak: egy k\u00edv\u00fcl\u00e1ll\u00f3 is l\u00e1thatta, hogy a komoly t\u00farafelszerel\u00e9s, h\u00e1tizs\u00e1kok, botok, bakancsok, kulacsok, kalapok kipr\u00f3b\u00e1lt t\u00far\u00e1z\u00f3k kell\u00e9kei. Ami l\u00e1thatatlan volt: a hit, a felaj\u00e1nlt sz\u00e1nd\u00e9k, az akarat \u00e9s elhat\u00e1roz\u00e1s, ami ide vezette a zar\u00e1ndokokat. <\/span><\/span><\/p>\n<p align=\"JUSTIFY\"><span style=\"font-family: Constantia, serif;\"><span style=\"font-size: medium;\">Hadd sz\u00f3ljak a zar\u00e1ndokokr\u00f3l is: a legkisebb 2 \u00e9ves volt, a legtapasztaltabb 74 \u00e9ves. Az Olvas\u00f3 azonnal l\u00e1thatja, hogy a szervez\u0151k egy olyan szakaszt v\u00e1lasztottak ki, amelyet teljes\u00edteni tudott minden koroszt\u00e1ly. Olyan harm\u00f3nia volt a csoportokban, mint egy nagy csal\u00e1dban. Ahol figyelnek mind a kisgyerekek, mind a sz\u00e9pkor\u00faak ig\u00e9nyeire. Besz\u00e9lget\u0151t\u00e1rsat azonnal tal\u00e1lt mag\u00e1nak mindenki, s csendesen mes\u00e9lt\u00fcnk egym\u00e1snak mindenr\u0151l, ami t\u00e9m\u00e1ba hoz\u00f3dott. Megk\u00fcl\u00f6nb\u00f6ztetett minket az is egy kir\u00e1ndul\u00f3csoportt\u00f3l, hogy n\u00e1lunk \u00e1lland\u00f3an t\u00e9ma volt a hit, az ima ereje, a P\u00fcnk\u00f6sd. Nemcsak m\u00e9lyrehat\u00f3 besz\u00e9lget\u00e9sekre volt alkalom, hanem csendben lenni is. A csend, amikor csak a saj\u00e1t l\u00e9pteid hallod, amikor rendezni tudod gondolataid \u00e9s \u00e9rz\u00e9seid. <\/span><\/span><\/p>\n<p align=\"JUSTIFY\"><span style=\"font-family: Constantia, serif;\"><span style=\"font-size: medium;\">Naps\u00fct\u00f6tte sz\u0151l\u0151hegyek mellett els\u00e9t\u00e1lva, \u00fatmenti cseresznyef\u00e1k gy\u00fcm\u00f6lcs\u00e9t megk\u00f3stolva r\u00e1csod\u00e1lkozhattunk, hogy mily t\u00f6k\u00e9letes az Isten \u00e1ltal teremtett vil\u00e1g. A csobog\u00f3 patakok hangja a lelk\u00fcnket simogatta.<\/span><\/span><\/p>\n<p align=\"JUSTIFY\"><span style=\"font-family: Constantia, serif;\"><span style=\"font-size: medium;\">\u00datunk nemcsak vir\u00e1gz\u00f3 p\u00fcnk\u00f6sdi r\u00f3zsabokrok mellett vezetett el, hanem templomokat is l\u00e1togattunk, ahol im\u00e1dkozhattunk, a zar\u00e1ndokf\u00fczetbe pecs\u00e9tet tehett\u00fcnk, s nem utols\u00f3 sorban Imre atya megosztotta a tud\u00e1s\u00e1t vel\u00fcnk. R\u00f6vid ismertet\u0151t tartott a templomokr\u00f3l, az olt\u00e1rokr\u00f3l, egyh\u00e1zi \u00e9s t\u00f6rt\u00e9nelmi vonatkoz\u00e1sokr\u00f3l. <\/span><\/span><\/p>\n<p align=\"JUSTIFY\"><span style=\"font-family: Constantia, serif;\"><span style=\"font-size: medium;\">Egy csapat csicserg\u0151 mad\u00e1rk\u00e1t is vitt\u00fcnk magunkkal, hiszen a gyerekcsapatunk hangja, mint a kis csilingel\u0151 harangok k\u00eds\u00e9rtek \u00fatunkon. Igaz, hogy \u0151k magukat Csiga-Csapatnak nevezt\u00e9k el. Gr\u00e9ti, Mia \u00e9s Blanka, Emma, Patr\u00edcia \u00e9s No\u00e9mi, illetve \u00c9dua volt a Csiga-Mama, Csiga-Biga, Csiga-Baba &#8230;. akik \u00e1lland\u00f3an azon t\u00f6rekedtek, hogy le ne maradjanak, hisz az nem lehet, hogy a nagymam\u00e1k, nagypap\u00e1k gyorsabbak legyenek n\u00e1luk. S k\u00f6zben sz\u00f3 esett a Szent Jakab-kagyl\u00f3r\u00f3l is, megtanult\u00e1k, hogy mit jelent, s kerest\u00e9k, ha \u00fatel\u00e1gaz\u00e1shoz \u00e9rt\u00fcnk. \u00c1mulva hallgatt\u00e1k Szent Jakab legend\u00e1i k\u00f6z\u00fcl az akasztott fi\u00fa t\u00f6rt\u00e9net\u00e9t. <\/span><\/span><\/p>\n<p align=\"JUSTIFY\"><span style=\"font-family: Constantia, serif;\"><span style=\"font-size: medium;\">Az eb\u00e9d majdnem mesebeli volt: Ter\u00fclj, ter\u00fclj asztalk\u00e1mat sajnos nem lehetett ter\u00edteni, hiszen be kellett tartani az el\u0151\u00edrt t\u00e1vols\u00e1got, de \u00e9hesen senki nem maradt. A finoms\u00e1gok hossz\u00fa sor\u00e1t felsorolni lehetetlen lenne, de egy dolog mindenkinek az eml\u00e9kezet\u00e9ben fog maradni: Erika h\u00e1romhetes<\/span><\/span> <span style=\"font-family: Constantia, serif;\"><span style=\"font-size: medium;\">porl\u00f3s t\u00e9szt\u00e1ja! Aki erre k\u00edv\u00e1ncsi lenne, a ludwigsburgi b\u00facs\u00faban (k\u00e9t h\u00e9t m\u00falva!)<\/span><\/span> <span style=\"font-family: Constantia, serif;\"><span style=\"font-size: medium;\">megk\u00f3stolhatja. P\u00e1linka \u00e9s szalonna n\u00e9lk\u00fcl nincs eb\u00e9d a magyarokn\u00e1l, h\u00e1t ez ebben az esetben is \u00edgy volt. Kipihenve \u00e9s j\u00f3llakva indultunk \u00fajra \u00fatnak, h\u00e1l\u00e1t adva az \u00darnak. <\/span><\/span><\/p>\n<p align=\"JUSTIFY\"><span style=\"font-family: Constantia, serif;\"><span style=\"font-size: medium;\">Imre atya mintha egyszerre lett volna jelen mindenhol, hol az egyik csoportban volt, hol a m\u00e1sikban, figyelt mindenkire, b\u00e1tor\u00edtott, motiv\u00e1lt, meghallgatott, s tal\u00e1l\u00f3 megjegyz\u00e9seivel mindig oda hatott, ahol \u00e9pp sz\u00fcks\u00e9g volt r\u00e1. N\u00e9ha figyeltem, hogy mindannyiunk lelki terhei mellett hordozta a zar\u00e1ndokt\u00e1rsaink h\u00e1tizs\u00e1kj\u00e1t is, a mag\u00e1\u00e9 mellett, vagy ha \u00e9pp arra volt sz\u00fcks\u00e9g, akkor a kis Blanka ker\u00fclt a h\u00e1t\u00e1ra. Ha el\u0151l ment, mutatta az ir\u00e1nyt, k\u00f6z\u00e9pen a gyerekek el\u0151tt lebegtette fel az \u00fat v\u00e9g\u00e9n v\u00e1r\u00f3 fagyi k\u00e9p\u00e9t, a legv\u00e9g\u00e9n menve pedig energikus l\u00e9p\u00e9seivel kellett tartani a ritmust. <\/span><\/span><\/p>\n<p align=\"JUSTIFY\"><span style=\"font-family: Constantia, serif;\"><span style=\"font-size: medium;\">Zar\u00e1ndoklatunk legnehezebb r\u00e9sze sz\u00e1momra a legszebb is volt. \u00c1rny\u00e9kot ad\u00f3 erd\u0151ben ment\u00fcnk, bodz\u00e1t szedt\u00fcnk, egy kicsit olyan volt, mintha otthon lett\u00fcnk volna, a Hargit\u00e1n&#8230;<\/span><\/span><\/p>\n<p align=\"JUSTIFY\"><span style=\"font-family: Constantia, serif;\"><span style=\"font-size: medium;\">Csak csod\u00e1lni tudom azt az elsz\u00e1nts\u00e1got, amely zar\u00e1ndokt\u00e1rsaimat jellemezte: minden f\u00e1radts\u00e1got, meger\u0151ltet\u00e9st t\u0171rtek \u00e9s nem adt\u00e1k fel soha. Nem \u00fcltek fel az els\u0151 adand\u00f3 alkalommal a vonatra vagy buszra, hanem v\u00e1llalt\u00e1k az \u00fat tov\u00e1bbi megpr\u00f3b\u00e1ltat\u00e1sait. Mert azok is voltak: t\u0171z\u0151 naps\u00fct\u00e9s, hegyre fel, meredek dombo<\/span><\/span><span style=\"color: #339966;\"><span style=\"font-family: Constantia, serif;\"><span style=\"font-size: medium;\">n<\/span><\/span><\/span><span style=\"font-family: Constantia, serif;\"><span style=\"font-size: medium;\"> lefele, erdei terepen, aszfalton, szomjasan, l\u00e1bf\u00e1j\u00e1ssal, h\u00e1tf\u00e1j\u00e1ssal, gyereket cipelve, testi, lelki terheket hordozva. Mindenki a maga szintj\u00e9n a legt\u00f6bbet adta mag\u00e1b\u00f3l: a 2 \u00e9ves kisl\u00e1ny, aki h\u0151siesen gyalogolt, am\u00edg b\u00edrta, a zar\u00e1ndok, aki els\u0151 alkalommal volt ilyen hossz\u00fa t\u00far\u00e1n, a tapasztalt zar\u00e1ndok, akinek a l\u00e1b\u00e1t felt\u00f6rte a cip\u0151, a szervez\u0151k, akik mindent z\u00f6kken\u0151mentesen el\u0151k\u00e9sz\u00edtettek, s a id\u0151sebbek is, akik egy panasz sz\u00f3 n\u00e9lk\u00fcl t\u0171rtek mindent. 74 \u00e9vesen v\u00e9gigmenni a 23 km-es zar\u00e1ndok\u00faton mindanyiunk csod\u00e1lat\u00e1t kiv\u00e1ltotta. Ha Imre aty\u00e1t k\u00e9rdeztem, hogy hogy \u00e9rzi mag\u00e1t, a v\u00e1lasza az volt: \u201eJobban, mint meg\u00e9rdemlem!\u201d<\/span><\/span><\/p>\n<p align=\"JUSTIFY\"><span style=\"font-family: Constantia, serif;\"><span style=\"font-size: medium;\">Zar\u00e1ndoklatunk nem volt esem\u00e9nytelen: a rend\u0151rs\u00e9g is meggy\u0151z\u0151d\u00f6tt, hogy sz\u00e1nd\u00e9kaink nemesek \u00e9s betartjuk az el\u0151\u00edr\u00e1sokat. A nap v\u00e9g\u00e9re k\u00e9t zar\u00e1ndokt\u00e1rsunk is a gyenges\u00e9g jeleit mutatta, h\u00e1la Istennek nem volt ment\u0151re sz\u00fcks\u00e9g\u00fcnk: Di\u00e1na gondoskodott r\u00f3luk. <\/span><\/span><\/p>\n<p align=\"JUSTIFY\"><span style=\"font-family: Constantia, serif;\"><span style=\"font-size: medium;\">Esslingenbe, \u00fatic\u00e9lunk v\u00e9g\u00e9hez meg\u00e9rkezve boldogs\u00e1ggal vegy\u00fclt h\u00e1la\u00e9rz\u00e9ssel telt meg sz\u00edv\u00fcnk. Imre atya \u00e1ld\u00e1s\u00e1t k\u00f6vet\u0151en Marietta mindannyiunk nev\u00e9ben megk\u00f6sz\u00f6nte Imre aty\u00e1nak, hogy lehet\u0151v\u00e9 tette ezt a zar\u00e1ndoklatot. <\/span><\/span><\/p>\n<p align=\"JUSTIFY\"><span style=\"font-family: Constantia, serif;\"><span style=\"font-size: medium;\">Az eg\u00e9sz nap \u00edg\u00e9rgetett fagyit is megkaphatt\u00e1k a gyerekek, volt nagy \u00f6r\u00f6m a Csiga-Csapatban. <\/span><\/span><\/p>\n<p align=\"JUSTIFY\"><span style=\"font-family: Constantia, serif;\"><span style=\"font-size: medium;\">Sz\u00e1m szerint 43 zar\u00e1ndok t\u00e9rhetett este f\u00e1radtan nyugov\u00f3ra, a szervez\u0151k, s mindannyiunk \u00f6r\u00f6m\u00e9re egy sz\u00e9p zar\u00e1ndoklatnak lett v\u00e9ge. <\/span><\/span><\/p>\n<p align=\"JUSTIFY\"><span style=\"font-family: Constantia, serif;\"><span style=\"font-size: medium;\">Este \u00fajra eszembe jutottak Gergely \u00e9rsek atya szavai, miszerint az idei b\u00facs\u00fab\u00f3l k\u00e9t elem hi\u00e1nyzik: <\/span><\/span><span style=\"font-family: Constantia, serif;\"><span style=\"font-size: medium;\"><i>\u201ezar\u00e1ndokolni \u00e9s egy\u00fctt lenni.\u201d<\/i><\/span><\/span><span style=\"font-family: Constantia, serif;\"><span style=\"font-size: medium;\"> A n\u00e9met Camino mindezt lehet\u0151v\u00e9 tette: zar\u00e1ndokoltunk \u00e9s egy\u00fctt voltunk. <\/span><\/span><\/p>\n<p align=\"JUSTIFY\"><span style=\"font-family: Constantia, serif;\"><span style=\"font-size: medium;\">Mondhatn\u00e1m azt is, hogy m\u00e9g mindig egy\u00fctt vagyunk! L\u00e9lekben! Az \u00e9lm\u00e9nyeket m\u00e9g fel kell dolgozzuk, a k\u00e9peket t\u00f6bbsz\u00f6r \u00e1tn\u00e9zt\u00fck, mosolygunk, ha eml\u00e9kez\u00fcnk, s ahogy a zar\u00e1ndokt\u00e1rsaimat ismerem, m\u00e1r a k\u00f6vetkez\u0151 zar\u00e1ndoklat terveit kov\u00e1csolj\u00e1k. <\/span><\/span><\/p>\n<p align=\"JUSTIFY\"><span style=\"font-family: Constantia, serif;\"><span style=\"font-size: medium;\">H\u00e1l\u00e1t adunk az \u00darnak, hogy minden rendben zajlott, s k\u00e9rj\u00fck, hogy sz\u00e1nd\u00e9kainkat, k\u00e9r\u00e9seinket hallgassa meg. <\/span><\/span><\/p>\n<p align=\"JUSTIFY\"><span style=\"font-family: Constantia, serif;\"><span style=\"font-size: medium;\">H\u0171en az idei cs\u00edksomly\u00f3i b\u00facs\u00fa mott\u00f3j\u00e1hoz: <\/span><\/span><span style=\"font-family: Constantia, serif;\"><span style=\"font-size: medium;\"><i>\u201e<\/i><\/span><\/span><span style=\"font-family: Constantia, serif;\"><span style=\"font-size: medium;\"><i>A Szentl\u00e9lek sz\u00e1ll le r\u00e1d.<\/i><\/span><\/span><span style=\"font-family: Constantia, serif;\"><span style=\"font-size: medium;\"><i>\u201d<\/i><\/span><\/span><span style=\"font-family: Constantia, serif;\"><span style=\"font-size: medium;\"> (Lk 1,36) mi is \u00fagy \u00e9rezt\u00fck, hogy k\u00fcl\u00f6n\u00f6sen gazdagon t\u00e9rt\u00fcnk haza!<\/span><\/span><\/p>\n<p align=\"JUSTIFY\"><span style=\"font-family: Constantia, serif;\"><span style=\"font-size: medium;\"><i>Sz\u00e9kely Enik\u0151<\/i><\/span><\/span><\/p>\n<p align=\"JUSTIFY\"><span style=\"font-family: Constantia, serif;\"><span style=\"font-size: medium;\"><i>Ulm<\/i><\/span><\/span><\/p>\n<p>PS! Id\u0151k\u00f6zben Pap L\u00f3r\u00e1nt is elk\u00e9sz\u00fclt csod\u00e1latos kisfilmj\u00e9vel, tekintsetek ebbe is bele, hogy meg\u00e9rezz\u00e9tek a remek hangulatot, ami a zar\u00e1ndoklat eg\u00e9sz ideje alatt k\u00f6r\u00fcllengett benn\u00fcnket. Adj\u00e1tok h\u00e1t be a keres\u0151be a k\u00f6vetkez\u0151 c\u00edmet:<\/p>\n<div class=\"brlbs-cmpnt-container brlbs-cmpnt-content-blocker brlbs-cmpnt-with-individual-styles\" data-borlabs-cookie-content-blocker-id=\"youtube-content-blocker\" data-borlabs-cookie-content=\"PGlmcmFtZSB0aXRsZT0iTsOpbWV0IENhbWlubyIgd2lkdGg9Ijk0MCIgaGVpZ2h0PSI1MjkiIHNyYz0iaHR0cHM6Ly93d3cueW91dHViZS1ub2Nvb2tpZS5jb20vZW1iZWQvTGNhcnpySUktSjg\/ZmVhdHVyZT1vZW1iZWQiIGZyYW1lYm9yZGVyPSIwIiBhbGxvdz0iYWNjZWxlcm9tZXRlcjsgYXV0b3BsYXk7IGVuY3J5cHRlZC1tZWRpYTsgZ3lyb3Njb3BlOyBwaWN0dXJlLWluLXBpY3R1cmUiIGFsbG93ZnVsbHNjcmVlbj48L2lmcmFtZT4=\">\n<div class=\"brlbs-cmpnt-cb-preset-c brlbs-cmpnt-cb-youtube\">\n<div class=\"brlbs-cmpnt-cb-thumbnail\" style=\"background-image: url('https:\/\/stuttgarti-katolikusok.de\/wp-content\/uploads\/borlabs-cookie\/1\/yt_LcarzrII-J8_hqdefault.jpg')\"><\/div>\n<div class=\"brlbs-cmpnt-cb-main\">\n<div class=\"brlbs-cmpnt-cb-play-button\"><\/div>\n<div class=\"brlbs-cmpnt-cb-content\">\n<p class=\"brlbs-cmpnt-cb-description\">You are currently viewing a placeholder content from <strong>YouTube<\/strong>. To access the actual content, click the button below. Please note that doing so will share data with third-party providers.<\/p>\n<p> <a class=\"brlbs-cmpnt-cb-provider-toggle\" href=\"#\" data-borlabs-cookie-show-provider-information role=\"button\">More Information<\/a> <\/div>\n<div class=\"brlbs-cmpnt-cb-buttons\"> <a class=\"brlbs-cmpnt-cb-btn\" href=\"#\" data-borlabs-cookie-unblock role=\"button\">Unblock content<\/a> <a class=\"brlbs-cmpnt-cb-btn\" href=\"#\" data-borlabs-cookie-accept-service role=\"button\" style=\"display: inherit\">Accept required service and unblock content<\/a> <\/div><\/div><\/div>\n<\/div>\n<p>&nbsp;<\/p>\n","protected":false},"excerpt":{"rendered":"<p>\u201eZar\u00e1ndokolni \u00e9s egy\u00fctt lenni\u201d V\u00e1rakoz\u00e1ssal, zaklatott lelki\u00e1llapotban k\u00e9sz\u00fclt\u00fcnk az idei P\u00fcnk\u00f6sdre, tudva, hogy nem mehet\u00fcnk a cs\u00edksomly\u00f3i b\u00facs\u00fara. \u201eSz\u00edv\u00fcnkben zar\u00e1ndokoljunk!\u201d \u2013 sz\u00f3lt a felh\u00edv\u00e1s, mik\u00f6zben menni kellene, oly nagy a v\u00e1gyakoz\u00e1s. F\u00e1radjon a l\u00e1b, izzadjon az ember, im\u00e1dkozzon \u00e9s \u00e9nekeljen, s v\u00e9g\u00fcl meg\u00e9rkezzen. Haza \u00e9rkezzen! A l\u00e9lek v\u00e1gyait \u2013 sajnos \u2013 fel\u00fcl\u00edrta a t\u00f6rv\u00e9ny, \u00edgy csak az \u00e9l\u0151 k\u00f6zvet\u00edt\u00e9sen vehett\u00fcnk r\u00e9szt. Az \u00fcnnepi szentmis\u00e9n Gergely \u00e9rsek atya minden k\u00e9rd\u00e9sre megadta a v\u00e1laszt: \u201eHonnan tudj\u00e1tok, hogy ez rossz? &#8230; A J\u00f3 Isten soha nem akar rosszat n\u00e9p\u00e9nek! \u201d Ez a meghat\u00f3 pr\u00e9dik\u00e1ci\u00f3 hull\u00e1mokban nyugtatta meg a sz\u00edvem, csendesedtek el k\u00e9rd\u00e9seim. S hogy hogyan m\u0171k\u00f6dik a Gondvisel\u00e9s? Sz\u00e1munkra l\u00e1thatatlan sz\u00e1lakat mozgat meg, fon \u00f6ssze, s vezeti egym\u00e1shoz az embereket. A szentmise v\u00e9g\u00e9n \u00fczenetet kaptam Stuttgartb\u00f3l: \u201eTi nem j\u00f6szt\u00f6k h\u00e9tf\u0151n a zar\u00e1ndoklatra?\u201d Nem voltam napirenden, \u00edgy semmilyen r\u00e9szletet nem tudtam a zar\u00e1ndoklatr\u00f3l, k\u00e9rtem az inform\u00e1ci\u00f3kat. Mivel a Santiago de Compostel\u00e1ba tervezett idei zar\u00e1ndok\u00fat sajnos elmaradt, ez\u00e9rt helyette a Szent Jakab \u00fat egyik n\u00e9metorsz\u00e1gi szakasz\u00e1t v\u00e1lasztott\u00e1k ki a szervez\u0151k. Winnendenb\u0151l indulva Endersbach, Stetten \u00e9rint\u00e9s\u00e9vel Esslingen volt a c\u00e9l, 23 km gyalogos \u00fat megt\u00e9tele. Megkapva minden inform\u00e1ci\u00f3t, hirtelen el\u0151vettek a k\u00e9telyek, hogy mi ezt nem tudjuk v\u00e1llalni, mert elutazunk, mert nem tudunk r\u00e1 felk\u00e9sz\u00fclni, mert nem \u00e9r\u00fcnk oda, mert nem lesz kenyer\u00fcnk a szendvicsekhez&#8230;, megannyi ok, amit \u00fagy l\u00e1ttam, hogy nem lehet lek\u00fczdeni. Nem vettem \u00e9szre a t\u00e1lc\u00e1n felk\u00edn\u00e1lt lehet\u0151s\u00e9get: Cs\u00edksomly\u00f3 helyett Szent Jakab zar\u00e1ndoklat! De a j\u00f3 sz\u00e1nd\u00e9k\u00fa embereket sem olyan f\u00e1b\u00f3l faragt\u00e1k, hogy k\u00f6nnyen feladj\u00e1k, \u00edgy minden akad\u00e1lyt el lehetett h\u00e1r\u00edtani. A legjobban az \u00e9rintett meg, hogy a J\u00f3 Isten a mindennapi kenyer\u00fcnkr\u0151l is gondoskodott, Annik\u00f3 s\u00fct\u00f6tte a kenyeret nek\u00fcnk&#8230; Korai indul\u00e1sunk egy gy\u00f6ny\u00f6r\u0171 napfelkelt\u00e9vel aj\u00e1nd\u00e9kozott meg, eszembe juttatva a somly\u00f3i hagyom\u00e1nyos napban\u00e9z\u00e9st, s b\u00e1r t\u00e1vols\u00e1gban t\u00f6bb sz\u00e1z kilom\u00e9ter v\u00e1lasztott el otthonr\u00f3l, itt is ugyanaz a Nap ragyogott a l\u00e1that\u00e1ron. Els\u0151 zar\u00e1ndoklatunk volt&#8230; <\/p>\n<p><a class=\"readmore\" href=\"https:\/\/stuttgarti-katolikusok.de\/index.php\/zarandokolni-es-egyutt-lenni\/\">R\u00e9szletek<\/a><\/p>\n","protected":false},"author":3,"featured_media":19697,"comment_status":"closed","ping_status":"closed","sticky":false,"template":"","format":"standard","meta":{"footnotes":""},"categories":[28],"tags":[],"class_list":["post-19696","post","type-post","status-publish","format-standard","has-post-thumbnail","hentry","category-olvasoink-irjak"],"yoast_head":"<!-- This site is optimized with the Yoast SEO plugin v27.3 - https:\/\/yoast.com\/product\/yoast-seo-wordpress\/ -->\n<title>Sz\u00e9kely Enik\u0151: &quot;Zar\u00e1ndokolni \u00e9s egy\u00fctt lenni&quot; - Stuttgarti Katolikusok<\/title>\n<meta name=\"robots\" content=\"index, follow, max-snippet:-1, max-image-preview:large, max-video-preview:-1\" \/>\n<link rel=\"canonical\" href=\"https:\/\/stuttgarti-katolikusok.de\/index.php\/zarandokolni-es-egyutt-lenni\/\" \/>\n<meta property=\"og:locale\" content=\"hu_HU\" \/>\n<meta property=\"og:type\" content=\"article\" \/>\n<meta property=\"og:title\" content=\"Sz\u00e9kely Enik\u0151: &quot;Zar\u00e1ndokolni \u00e9s egy\u00fctt lenni&quot; - Stuttgarti Katolikusok\" \/>\n<meta property=\"og:description\" content=\"\u201eZar\u00e1ndokolni \u00e9s egy\u00fctt lenni\u201d V\u00e1rakoz\u00e1ssal, zaklatott lelki\u00e1llapotban k\u00e9sz\u00fclt\u00fcnk az idei P\u00fcnk\u00f6sdre, tudva, hogy nem mehet\u00fcnk a cs\u00edksomly\u00f3i b\u00facs\u00fara. \u201eSz\u00edv\u00fcnkben zar\u00e1ndokoljunk!\u201d \u2013 sz\u00f3lt a felh\u00edv\u00e1s, mik\u00f6zben menni kellene, oly nagy a v\u00e1gyakoz\u00e1s. F\u00e1radjon a l\u00e1b, izzadjon az ember, im\u00e1dkozzon \u00e9s \u00e9nekeljen, s v\u00e9g\u00fcl meg\u00e9rkezzen. Haza \u00e9rkezzen! A l\u00e9lek v\u00e1gyait \u2013 sajnos \u2013 fel\u00fcl\u00edrta a t\u00f6rv\u00e9ny, \u00edgy csak az \u00e9l\u0151 k\u00f6zvet\u00edt\u00e9sen vehett\u00fcnk r\u00e9szt. Az \u00fcnnepi szentmis\u00e9n Gergely \u00e9rsek atya minden k\u00e9rd\u00e9sre megadta a v\u00e1laszt: \u201eHonnan tudj\u00e1tok, hogy ez rossz? &#8230; A J\u00f3 Isten soha nem akar rosszat n\u00e9p\u00e9nek! \u201d Ez a meghat\u00f3 pr\u00e9dik\u00e1ci\u00f3 hull\u00e1mokban nyugtatta meg a sz\u00edvem, csendesedtek el k\u00e9rd\u00e9seim. S hogy hogyan m\u0171k\u00f6dik a Gondvisel\u00e9s? Sz\u00e1munkra l\u00e1thatatlan sz\u00e1lakat mozgat meg, fon \u00f6ssze, s vezeti egym\u00e1shoz az embereket. A szentmise v\u00e9g\u00e9n \u00fczenetet kaptam Stuttgartb\u00f3l: \u201eTi nem j\u00f6szt\u00f6k h\u00e9tf\u0151n a zar\u00e1ndoklatra?\u201d Nem voltam napirenden, \u00edgy semmilyen r\u00e9szletet nem tudtam a zar\u00e1ndoklatr\u00f3l, k\u00e9rtem az inform\u00e1ci\u00f3kat. Mivel a Santiago de Compostel\u00e1ba tervezett idei zar\u00e1ndok\u00fat sajnos elmaradt, ez\u00e9rt helyette a Szent Jakab \u00fat egyik n\u00e9metorsz\u00e1gi szakasz\u00e1t v\u00e1lasztott\u00e1k ki a szervez\u0151k. Winnendenb\u0151l indulva Endersbach, Stetten \u00e9rint\u00e9s\u00e9vel Esslingen volt a c\u00e9l, 23 km gyalogos \u00fat megt\u00e9tele. Megkapva minden inform\u00e1ci\u00f3t, hirtelen el\u0151vettek a k\u00e9telyek, hogy mi ezt nem tudjuk v\u00e1llalni, mert elutazunk, mert nem tudunk r\u00e1 felk\u00e9sz\u00fclni, mert nem \u00e9r\u00fcnk oda, mert nem lesz kenyer\u00fcnk a szendvicsekhez&#8230;, megannyi ok, amit \u00fagy l\u00e1ttam, hogy nem lehet lek\u00fczdeni. Nem vettem \u00e9szre a t\u00e1lc\u00e1n felk\u00edn\u00e1lt lehet\u0151s\u00e9get: Cs\u00edksomly\u00f3 helyett Szent Jakab zar\u00e1ndoklat! De a j\u00f3 sz\u00e1nd\u00e9k\u00fa embereket sem olyan f\u00e1b\u00f3l faragt\u00e1k, hogy k\u00f6nnyen feladj\u00e1k, \u00edgy minden akad\u00e1lyt el lehetett h\u00e1r\u00edtani. A legjobban az \u00e9rintett meg, hogy a J\u00f3 Isten a mindennapi kenyer\u00fcnkr\u0151l is gondoskodott, Annik\u00f3 s\u00fct\u00f6tte a kenyeret nek\u00fcnk&#8230; Korai indul\u00e1sunk egy gy\u00f6ny\u00f6r\u0171 napfelkelt\u00e9vel aj\u00e1nd\u00e9kozott meg, eszembe juttatva a somly\u00f3i hagyom\u00e1nyos napban\u00e9z\u00e9st, s b\u00e1r t\u00e1vols\u00e1gban t\u00f6bb sz\u00e1z kilom\u00e9ter v\u00e1lasztott el otthonr\u00f3l, itt is ugyanaz a Nap ragyogott a l\u00e1that\u00e1ron. Els\u0151 zar\u00e1ndoklatunk volt... R\u00e9szletek\" \/>\n<meta property=\"og:url\" content=\"https:\/\/stuttgarti-katolikusok.de\/index.php\/zarandokolni-es-egyutt-lenni\/\" \/>\n<meta property=\"og:site_name\" content=\"Stuttgarti Katolikusok\" \/>\n<meta property=\"article:published_time\" content=\"2020-06-04T04:50:05+00:00\" \/>\n<meta property=\"article:modified_time\" content=\"2020-06-05T04:31:03+00:00\" \/>\n<meta property=\"og:image\" content=\"https:\/\/stuttgarti-katolikusok.de\/wp-content\/uploads\/2020\/06\/sztjakabut.jpg\" \/>\n\t<meta property=\"og:image:width\" content=\"1500\" \/>\n\t<meta property=\"og:image:height\" content=\"1000\" \/>\n\t<meta property=\"og:image:type\" content=\"image\/jpeg\" \/>\n<meta name=\"author\" content=\"Tibor atya\" \/>\n<meta name=\"twitter:card\" content=\"summary_large_image\" \/>\n<meta name=\"twitter:label1\" content=\"Szerz\u0151:\" \/>\n\t<meta name=\"twitter:data1\" content=\"Tibor atya\" \/>\n\t<meta name=\"twitter:label2\" content=\"Becs\u00fclt olvas\u00e1si id\u0151\" \/>\n\t<meta name=\"twitter:data2\" content=\"9 perc\" \/>\n<script type=\"application\/ld+json\" class=\"yoast-schema-graph\">{\"@context\":\"https:\\\/\\\/schema.org\",\"@graph\":[{\"@type\":\"Article\",\"@id\":\"https:\\\/\\\/stuttgarti-katolikusok.de\\\/index.php\\\/zarandokolni-es-egyutt-lenni\\\/#article\",\"isPartOf\":{\"@id\":\"https:\\\/\\\/stuttgarti-katolikusok.de\\\/index.php\\\/zarandokolni-es-egyutt-lenni\\\/\"},\"author\":{\"name\":\"Tibor atya\",\"@id\":\"https:\\\/\\\/stuttgarti-katolikusok.de\\\/#\\\/schema\\\/person\\\/75908d6f8fdc03a57889d27209df7795\"},\"headline\":\"Sz\u00e9kely Enik\u0151: &#8222;Zar\u00e1ndokolni \u00e9s egy\u00fctt lenni&#8221;\",\"datePublished\":\"2020-06-04T04:50:05+00:00\",\"dateModified\":\"2020-06-05T04:31:03+00:00\",\"mainEntityOfPage\":{\"@id\":\"https:\\\/\\\/stuttgarti-katolikusok.de\\\/index.php\\\/zarandokolni-es-egyutt-lenni\\\/\"},\"wordCount\":1876,\"image\":{\"@id\":\"https:\\\/\\\/stuttgarti-katolikusok.de\\\/index.php\\\/zarandokolni-es-egyutt-lenni\\\/#primaryimage\"},\"thumbnailUrl\":\"https:\\\/\\\/stuttgarti-katolikusok.de\\\/wp-content\\\/uploads\\\/2020\\\/06\\\/sztjakabut.jpg\",\"articleSection\":[\"Olvas\u00f3ink \u00edrj\u00e1k\"],\"inLanguage\":\"hu\"},{\"@type\":\"WebPage\",\"@id\":\"https:\\\/\\\/stuttgarti-katolikusok.de\\\/index.php\\\/zarandokolni-es-egyutt-lenni\\\/\",\"url\":\"https:\\\/\\\/stuttgarti-katolikusok.de\\\/index.php\\\/zarandokolni-es-egyutt-lenni\\\/\",\"name\":\"Sz\u00e9kely Enik\u0151: \\\"Zar\u00e1ndokolni \u00e9s egy\u00fctt lenni\\\" - Stuttgarti Katolikusok\",\"isPartOf\":{\"@id\":\"https:\\\/\\\/stuttgarti-katolikusok.de\\\/#website\"},\"primaryImageOfPage\":{\"@id\":\"https:\\\/\\\/stuttgarti-katolikusok.de\\\/index.php\\\/zarandokolni-es-egyutt-lenni\\\/#primaryimage\"},\"image\":{\"@id\":\"https:\\\/\\\/stuttgarti-katolikusok.de\\\/index.php\\\/zarandokolni-es-egyutt-lenni\\\/#primaryimage\"},\"thumbnailUrl\":\"https:\\\/\\\/stuttgarti-katolikusok.de\\\/wp-content\\\/uploads\\\/2020\\\/06\\\/sztjakabut.jpg\",\"datePublished\":\"2020-06-04T04:50:05+00:00\",\"dateModified\":\"2020-06-05T04:31:03+00:00\",\"author\":{\"@id\":\"https:\\\/\\\/stuttgarti-katolikusok.de\\\/#\\\/schema\\\/person\\\/75908d6f8fdc03a57889d27209df7795\"},\"breadcrumb\":{\"@id\":\"https:\\\/\\\/stuttgarti-katolikusok.de\\\/index.php\\\/zarandokolni-es-egyutt-lenni\\\/#breadcrumb\"},\"inLanguage\":\"hu\",\"potentialAction\":[{\"@type\":\"ReadAction\",\"target\":[\"https:\\\/\\\/stuttgarti-katolikusok.de\\\/index.php\\\/zarandokolni-es-egyutt-lenni\\\/\"]}]},{\"@type\":\"ImageObject\",\"inLanguage\":\"hu\",\"@id\":\"https:\\\/\\\/stuttgarti-katolikusok.de\\\/index.php\\\/zarandokolni-es-egyutt-lenni\\\/#primaryimage\",\"url\":\"https:\\\/\\\/stuttgarti-katolikusok.de\\\/wp-content\\\/uploads\\\/2020\\\/06\\\/sztjakabut.jpg\",\"contentUrl\":\"https:\\\/\\\/stuttgarti-katolikusok.de\\\/wp-content\\\/uploads\\\/2020\\\/06\\\/sztjakabut.jpg\",\"width\":1500,\"height\":1000},{\"@type\":\"BreadcrumbList\",\"@id\":\"https:\\\/\\\/stuttgarti-katolikusok.de\\\/index.php\\\/zarandokolni-es-egyutt-lenni\\\/#breadcrumb\",\"itemListElement\":[{\"@type\":\"ListItem\",\"position\":1,\"name\":\"Kezd\u0151lap\",\"item\":\"https:\\\/\\\/stuttgarti-katolikusok.de\\\/\"},{\"@type\":\"ListItem\",\"position\":2,\"name\":\"Sz\u00e9kely Enik\u0151: &#8220;Zar\u00e1ndokolni \u00e9s egy\u00fctt lenni&#8221;\"}]},{\"@type\":\"WebSite\",\"@id\":\"https:\\\/\\\/stuttgarti-katolikusok.de\\\/#website\",\"url\":\"https:\\\/\\\/stuttgarti-katolikusok.de\\\/\",\"name\":\"Stuttgarti Katolikusok\",\"description\":\"\",\"potentialAction\":[{\"@type\":\"SearchAction\",\"target\":{\"@type\":\"EntryPoint\",\"urlTemplate\":\"https:\\\/\\\/stuttgarti-katolikusok.de\\\/?s={search_term_string}\"},\"query-input\":{\"@type\":\"PropertyValueSpecification\",\"valueRequired\":true,\"valueName\":\"search_term_string\"}}],\"inLanguage\":\"hu\"},{\"@type\":\"Person\",\"@id\":\"https:\\\/\\\/stuttgarti-katolikusok.de\\\/#\\\/schema\\\/person\\\/75908d6f8fdc03a57889d27209df7795\",\"name\":\"Tibor atya\",\"image\":{\"@type\":\"ImageObject\",\"inLanguage\":\"hu\",\"@id\":\"https:\\\/\\\/secure.gravatar.com\\\/avatar\\\/61d268e57d1f4525b111222e29d2d5a7f8c420fdbf231ba5566a8ceac74fa960?s=96&d=mm&r=g\",\"url\":\"https:\\\/\\\/secure.gravatar.com\\\/avatar\\\/61d268e57d1f4525b111222e29d2d5a7f8c420fdbf231ba5566a8ceac74fa960?s=96&d=mm&r=g\",\"contentUrl\":\"https:\\\/\\\/secure.gravatar.com\\\/avatar\\\/61d268e57d1f4525b111222e29d2d5a7f8c420fdbf231ba5566a8ceac74fa960?s=96&d=mm&r=g\",\"caption\":\"Tibor atya\"},\"url\":\"https:\\\/\\\/stuttgarti-katolikusok.de\\\/index.php\\\/author\\\/tibor-atya\\\/\"}]}<\/script>\n<!-- \/ Yoast SEO plugin. -->","yoast_head_json":{"title":"Sz\u00e9kely Enik\u0151: \"Zar\u00e1ndokolni \u00e9s egy\u00fctt lenni\" - Stuttgarti Katolikusok","robots":{"index":"index","follow":"follow","max-snippet":"max-snippet:-1","max-image-preview":"max-image-preview:large","max-video-preview":"max-video-preview:-1"},"canonical":"https:\/\/stuttgarti-katolikusok.de\/index.php\/zarandokolni-es-egyutt-lenni\/","og_locale":"hu_HU","og_type":"article","og_title":"Sz\u00e9kely Enik\u0151: \"Zar\u00e1ndokolni \u00e9s egy\u00fctt lenni\" - Stuttgarti Katolikusok","og_description":"\u201eZar\u00e1ndokolni \u00e9s egy\u00fctt lenni\u201d V\u00e1rakoz\u00e1ssal, zaklatott lelki\u00e1llapotban k\u00e9sz\u00fclt\u00fcnk az idei P\u00fcnk\u00f6sdre, tudva, hogy nem mehet\u00fcnk a cs\u00edksomly\u00f3i b\u00facs\u00fara. \u201eSz\u00edv\u00fcnkben zar\u00e1ndokoljunk!\u201d \u2013 sz\u00f3lt a felh\u00edv\u00e1s, mik\u00f6zben menni kellene, oly nagy a v\u00e1gyakoz\u00e1s. F\u00e1radjon a l\u00e1b, izzadjon az ember, im\u00e1dkozzon \u00e9s \u00e9nekeljen, s v\u00e9g\u00fcl meg\u00e9rkezzen. Haza \u00e9rkezzen! A l\u00e9lek v\u00e1gyait \u2013 sajnos \u2013 fel\u00fcl\u00edrta a t\u00f6rv\u00e9ny, \u00edgy csak az \u00e9l\u0151 k\u00f6zvet\u00edt\u00e9sen vehett\u00fcnk r\u00e9szt. Az \u00fcnnepi szentmis\u00e9n Gergely \u00e9rsek atya minden k\u00e9rd\u00e9sre megadta a v\u00e1laszt: \u201eHonnan tudj\u00e1tok, hogy ez rossz? &#8230; A J\u00f3 Isten soha nem akar rosszat n\u00e9p\u00e9nek! \u201d Ez a meghat\u00f3 pr\u00e9dik\u00e1ci\u00f3 hull\u00e1mokban nyugtatta meg a sz\u00edvem, csendesedtek el k\u00e9rd\u00e9seim. S hogy hogyan m\u0171k\u00f6dik a Gondvisel\u00e9s? Sz\u00e1munkra l\u00e1thatatlan sz\u00e1lakat mozgat meg, fon \u00f6ssze, s vezeti egym\u00e1shoz az embereket. A szentmise v\u00e9g\u00e9n \u00fczenetet kaptam Stuttgartb\u00f3l: \u201eTi nem j\u00f6szt\u00f6k h\u00e9tf\u0151n a zar\u00e1ndoklatra?\u201d Nem voltam napirenden, \u00edgy semmilyen r\u00e9szletet nem tudtam a zar\u00e1ndoklatr\u00f3l, k\u00e9rtem az inform\u00e1ci\u00f3kat. Mivel a Santiago de Compostel\u00e1ba tervezett idei zar\u00e1ndok\u00fat sajnos elmaradt, ez\u00e9rt helyette a Szent Jakab \u00fat egyik n\u00e9metorsz\u00e1gi szakasz\u00e1t v\u00e1lasztott\u00e1k ki a szervez\u0151k. Winnendenb\u0151l indulva Endersbach, Stetten \u00e9rint\u00e9s\u00e9vel Esslingen volt a c\u00e9l, 23 km gyalogos \u00fat megt\u00e9tele. Megkapva minden inform\u00e1ci\u00f3t, hirtelen el\u0151vettek a k\u00e9telyek, hogy mi ezt nem tudjuk v\u00e1llalni, mert elutazunk, mert nem tudunk r\u00e1 felk\u00e9sz\u00fclni, mert nem \u00e9r\u00fcnk oda, mert nem lesz kenyer\u00fcnk a szendvicsekhez&#8230;, megannyi ok, amit \u00fagy l\u00e1ttam, hogy nem lehet lek\u00fczdeni. Nem vettem \u00e9szre a t\u00e1lc\u00e1n felk\u00edn\u00e1lt lehet\u0151s\u00e9get: Cs\u00edksomly\u00f3 helyett Szent Jakab zar\u00e1ndoklat! De a j\u00f3 sz\u00e1nd\u00e9k\u00fa embereket sem olyan f\u00e1b\u00f3l faragt\u00e1k, hogy k\u00f6nnyen feladj\u00e1k, \u00edgy minden akad\u00e1lyt el lehetett h\u00e1r\u00edtani. A legjobban az \u00e9rintett meg, hogy a J\u00f3 Isten a mindennapi kenyer\u00fcnkr\u0151l is gondoskodott, Annik\u00f3 s\u00fct\u00f6tte a kenyeret nek\u00fcnk&#8230; Korai indul\u00e1sunk egy gy\u00f6ny\u00f6r\u0171 napfelkelt\u00e9vel aj\u00e1nd\u00e9kozott meg, eszembe juttatva a somly\u00f3i hagyom\u00e1nyos napban\u00e9z\u00e9st, s b\u00e1r t\u00e1vols\u00e1gban t\u00f6bb sz\u00e1z kilom\u00e9ter v\u00e1lasztott el otthonr\u00f3l, itt is ugyanaz a Nap ragyogott a l\u00e1that\u00e1ron. Els\u0151 zar\u00e1ndoklatunk volt... R\u00e9szletek","og_url":"https:\/\/stuttgarti-katolikusok.de\/index.php\/zarandokolni-es-egyutt-lenni\/","og_site_name":"Stuttgarti Katolikusok","article_published_time":"2020-06-04T04:50:05+00:00","article_modified_time":"2020-06-05T04:31:03+00:00","og_image":[{"width":1500,"height":1000,"url":"https:\/\/stuttgarti-katolikusok.de\/wp-content\/uploads\/2020\/06\/sztjakabut.jpg","type":"image\/jpeg"}],"author":"Tibor atya","twitter_card":"summary_large_image","twitter_misc":{"Szerz\u0151:":"Tibor atya","Becs\u00fclt olvas\u00e1si id\u0151":"9 perc"},"schema":{"@context":"https:\/\/schema.org","@graph":[{"@type":"Article","@id":"https:\/\/stuttgarti-katolikusok.de\/index.php\/zarandokolni-es-egyutt-lenni\/#article","isPartOf":{"@id":"https:\/\/stuttgarti-katolikusok.de\/index.php\/zarandokolni-es-egyutt-lenni\/"},"author":{"name":"Tibor atya","@id":"https:\/\/stuttgarti-katolikusok.de\/#\/schema\/person\/75908d6f8fdc03a57889d27209df7795"},"headline":"Sz\u00e9kely Enik\u0151: &#8222;Zar\u00e1ndokolni \u00e9s egy\u00fctt lenni&#8221;","datePublished":"2020-06-04T04:50:05+00:00","dateModified":"2020-06-05T04:31:03+00:00","mainEntityOfPage":{"@id":"https:\/\/stuttgarti-katolikusok.de\/index.php\/zarandokolni-es-egyutt-lenni\/"},"wordCount":1876,"image":{"@id":"https:\/\/stuttgarti-katolikusok.de\/index.php\/zarandokolni-es-egyutt-lenni\/#primaryimage"},"thumbnailUrl":"https:\/\/stuttgarti-katolikusok.de\/wp-content\/uploads\/2020\/06\/sztjakabut.jpg","articleSection":["Olvas\u00f3ink \u00edrj\u00e1k"],"inLanguage":"hu"},{"@type":"WebPage","@id":"https:\/\/stuttgarti-katolikusok.de\/index.php\/zarandokolni-es-egyutt-lenni\/","url":"https:\/\/stuttgarti-katolikusok.de\/index.php\/zarandokolni-es-egyutt-lenni\/","name":"Sz\u00e9kely Enik\u0151: \"Zar\u00e1ndokolni \u00e9s egy\u00fctt lenni\" - Stuttgarti Katolikusok","isPartOf":{"@id":"https:\/\/stuttgarti-katolikusok.de\/#website"},"primaryImageOfPage":{"@id":"https:\/\/stuttgarti-katolikusok.de\/index.php\/zarandokolni-es-egyutt-lenni\/#primaryimage"},"image":{"@id":"https:\/\/stuttgarti-katolikusok.de\/index.php\/zarandokolni-es-egyutt-lenni\/#primaryimage"},"thumbnailUrl":"https:\/\/stuttgarti-katolikusok.de\/wp-content\/uploads\/2020\/06\/sztjakabut.jpg","datePublished":"2020-06-04T04:50:05+00:00","dateModified":"2020-06-05T04:31:03+00:00","author":{"@id":"https:\/\/stuttgarti-katolikusok.de\/#\/schema\/person\/75908d6f8fdc03a57889d27209df7795"},"breadcrumb":{"@id":"https:\/\/stuttgarti-katolikusok.de\/index.php\/zarandokolni-es-egyutt-lenni\/#breadcrumb"},"inLanguage":"hu","potentialAction":[{"@type":"ReadAction","target":["https:\/\/stuttgarti-katolikusok.de\/index.php\/zarandokolni-es-egyutt-lenni\/"]}]},{"@type":"ImageObject","inLanguage":"hu","@id":"https:\/\/stuttgarti-katolikusok.de\/index.php\/zarandokolni-es-egyutt-lenni\/#primaryimage","url":"https:\/\/stuttgarti-katolikusok.de\/wp-content\/uploads\/2020\/06\/sztjakabut.jpg","contentUrl":"https:\/\/stuttgarti-katolikusok.de\/wp-content\/uploads\/2020\/06\/sztjakabut.jpg","width":1500,"height":1000},{"@type":"BreadcrumbList","@id":"https:\/\/stuttgarti-katolikusok.de\/index.php\/zarandokolni-es-egyutt-lenni\/#breadcrumb","itemListElement":[{"@type":"ListItem","position":1,"name":"Kezd\u0151lap","item":"https:\/\/stuttgarti-katolikusok.de\/"},{"@type":"ListItem","position":2,"name":"Sz\u00e9kely Enik\u0151: &#8220;Zar\u00e1ndokolni \u00e9s egy\u00fctt lenni&#8221;"}]},{"@type":"WebSite","@id":"https:\/\/stuttgarti-katolikusok.de\/#website","url":"https:\/\/stuttgarti-katolikusok.de\/","name":"Stuttgarti Katolikusok","description":"","potentialAction":[{"@type":"SearchAction","target":{"@type":"EntryPoint","urlTemplate":"https:\/\/stuttgarti-katolikusok.de\/?s={search_term_string}"},"query-input":{"@type":"PropertyValueSpecification","valueRequired":true,"valueName":"search_term_string"}}],"inLanguage":"hu"},{"@type":"Person","@id":"https:\/\/stuttgarti-katolikusok.de\/#\/schema\/person\/75908d6f8fdc03a57889d27209df7795","name":"Tibor atya","image":{"@type":"ImageObject","inLanguage":"hu","@id":"https:\/\/secure.gravatar.com\/avatar\/61d268e57d1f4525b111222e29d2d5a7f8c420fdbf231ba5566a8ceac74fa960?s=96&d=mm&r=g","url":"https:\/\/secure.gravatar.com\/avatar\/61d268e57d1f4525b111222e29d2d5a7f8c420fdbf231ba5566a8ceac74fa960?s=96&d=mm&r=g","contentUrl":"https:\/\/secure.gravatar.com\/avatar\/61d268e57d1f4525b111222e29d2d5a7f8c420fdbf231ba5566a8ceac74fa960?s=96&d=mm&r=g","caption":"Tibor atya"},"url":"https:\/\/stuttgarti-katolikusok.de\/index.php\/author\/tibor-atya\/"}]}},"_links":{"self":[{"href":"https:\/\/stuttgarti-katolikusok.de\/index.php\/wp-json\/wp\/v2\/posts\/19696","targetHints":{"allow":["GET"]}}],"collection":[{"href":"https:\/\/stuttgarti-katolikusok.de\/index.php\/wp-json\/wp\/v2\/posts"}],"about":[{"href":"https:\/\/stuttgarti-katolikusok.de\/index.php\/wp-json\/wp\/v2\/types\/post"}],"author":[{"embeddable":true,"href":"https:\/\/stuttgarti-katolikusok.de\/index.php\/wp-json\/wp\/v2\/users\/3"}],"replies":[{"embeddable":true,"href":"https:\/\/stuttgarti-katolikusok.de\/index.php\/wp-json\/wp\/v2\/comments?post=19696"}],"version-history":[{"count":5,"href":"https:\/\/stuttgarti-katolikusok.de\/index.php\/wp-json\/wp\/v2\/posts\/19696\/revisions"}],"predecessor-version":[{"id":19708,"href":"https:\/\/stuttgarti-katolikusok.de\/index.php\/wp-json\/wp\/v2\/posts\/19696\/revisions\/19708"}],"wp:featuredmedia":[{"embeddable":true,"href":"https:\/\/stuttgarti-katolikusok.de\/index.php\/wp-json\/wp\/v2\/media\/19697"}],"wp:attachment":[{"href":"https:\/\/stuttgarti-katolikusok.de\/index.php\/wp-json\/wp\/v2\/media?parent=19696"}],"wp:term":[{"taxonomy":"category","embeddable":true,"href":"https:\/\/stuttgarti-katolikusok.de\/index.php\/wp-json\/wp\/v2\/categories?post=19696"},{"taxonomy":"post_tag","embeddable":true,"href":"https:\/\/stuttgarti-katolikusok.de\/index.php\/wp-json\/wp\/v2\/tags?post=19696"}],"curies":[{"name":"wp","href":"https:\/\/api.w.org\/{rel}","templated":true}]}}