{"id":19646,"date":"2020-05-31T16:31:57","date_gmt":"2020-05-31T16:31:57","guid":{"rendered":"https:\/\/gracious-dewdney.138-201-221-2.plesk.page\/?p=19646"},"modified":"2020-06-02T00:15:45","modified_gmt":"2020-06-02T00:15:45","slug":"junius-1-es-7-kozott","status":"publish","type":"post","link":"https:\/\/stuttgarti-katolikusok.de\/index.php\/junius-1-es-7-kozott\/","title":{"rendered":"J\u00fanius 1 \u00e9s 7 k\u00f6z\u00f6tt"},"content":{"rendered":"<p><strong>Programel\u0151zetes<\/strong><\/p>\n<p><em>A jelenlegi egyh\u00e1zi rendelkez\u00e9sek \u00e9rtelm\u00e9ben a szentmise ut\u00e1ni \u00e1g\u00e1p\u00e9 valamint egy\u00e9b szok\u00e1sos rendezv\u00e9nyeink elmaradnak! Csak a szentmis\u00e9ket tarthatjuk meg!<\/em><\/p>\n<p><strong>\u00a0<\/strong><\/p>\n<p><strong>J\u00fanius<\/strong> <strong>4-\u00e9n, <\/strong>cs\u00fct\u00f6rt\u00f6k\u00f6n,<\/p>\n<p><strong>\u00a0\u00a0\u00a0\u00a0\u00a0\u00a0\u00a0\u00a0\u00a0\u00a0\u00a0 Stuttgartban <\/strong>18.00 \u00f3rakor <em>megeml\u00e9kez\u0151<\/em> <em>szentmise a Trianoni b\u00e9kedikt\u00e1tum 100. \u00e9vfordul\u00f3ja alkalm\u00e1b\u00f3l.<\/em><\/p>\n<p><em>\u00a0\u00a0\u00a0\u00a0\u00a0\u00a0\u00a0\u00a0\u00a0\u00a0\u00a0 <\/em><strong>Ulmi d\u00e9lut\u00e1n,<\/strong> 18.00 \u00f3rakor <em>szentmise<\/em>. A <em>Nemzeti \u00d6sszetartoz\u00e1s Napja<\/em> alkalm\u00e1b\u00f3l eml\u00e9kez\u00fcnk <em>a trianoni b\u00e9kedikt\u00e1tum (1920. j\u00fanius 4.) 100. \u00e9vfordul\u00f3j\u00e1ra.\u00a0 <\/em><\/p>\n<p style=\"text-align: center;\">*<\/p>\n<p><strong>J\u00fanius 5-\u00e9n,<\/strong> p\u00e9nteken,<\/p>\n<p><strong>Stuttgartban <\/strong>18.00 \u00f3rakor <em>J\u00e9zus Sz\u00edve \u00e1jtatoss\u00e1g, <\/em>majd <em>szentmise, <\/em>keret\u00e9ben <em>P\u00e9nteki Egyetem, <\/em>azaz: <em>Besz\u00e9lget\u00e9sek a katekizmusr\u00f3l<\/em>. T\u00e9ma: az\u00a0 <em>egyh\u00e1zirend szents\u00e9ge<\/em>. 19.00 \u00f3r\u00e1t\u00f3l <em>Imak\u00f6r<\/em>.<\/p>\n<p><strong>Weingarteni d\u00e9lut\u00e1n, <\/strong>a 14 Nothelfer Kapelle-ben 18.00 \u00f3rakor <em>r\u00f3zsaf\u00fcz\u00e9r im\u00e1ds\u00e1g<\/em>, ut\u00e1na <em>szentmise<\/em> \u00e9s <em>els\u0151p\u00e9nteki \u00e1jtatoss\u00e1g<\/em>.<\/p>\n<p style=\"text-align: center;\">*<\/p>\n<p><strong>J\u00fanius 6-\u00e1n,\u00a0 <\/strong>szombaton,<\/p>\n<p><strong>Balingenben <\/strong>17.00 \u00f3r\u00e1t\u00f3l <em>szentmise<\/em>.<\/p>\n<p style=\"text-align: center;\">*<\/p>\n<p><strong>J\u00fanius 7-\u00e9n,<\/strong> Szenth\u00e1roms\u00e1gvas\u00e1rnapj\u00e1n,<\/p>\n<p><strong>Munderkingenben<\/strong> 9.00 \u00f3rakor <em>szentmise<\/em>. A szentmise a <strong>St. Dionysius\u00a0 templomban<\/strong> lesz!<\/p>\n<p><strong>Schw\u00e4bisch-Gm\u00fcndben <\/strong>9.30 \u00f3rakor <em>szentmise.<\/em><\/p>\n<p><strong>Stuttgartban <\/strong>15.00 \u00f3rakor <em>szentmise<\/em>.<\/p>\n<p style=\"text-align: center;\">*<\/p>\n<p>Minden helyen mindenkit szeretettel v\u00e1r a k\u00f6z\u00f6ss\u00e9g, Imre atya \u00e9s Tibor atya!<\/p>\n<p><em>\u201eL\u00e9gy t\u0171z, mely lelkem m\u00e9ly\u00e9n \u00e9g, l\u00e9gy bennem folyton izz\u00f3 l\u00e1ng!\u201d<\/em><\/p>\n<p><strong><em>Lelkes p\u00fcnk\u00f6sdi napokat, j\u00f3 munk\u00e1t, tartalmas besz\u00e9lget\u00e9seket \u00e9s \u00f6r\u00f6mteli tal\u00e1lkoz\u00e1sokat k\u00edv\u00e1nunk minden Kedves H\u00edv\u00fcnknek!<\/em><\/strong><\/p>\n","protected":false},"excerpt":{"rendered":"<p>Programel\u0151zetes A jelenlegi egyh\u00e1zi rendelkez\u00e9sek \u00e9rtelm\u00e9ben a szentmise ut\u00e1ni \u00e1g\u00e1p\u00e9 valamint egy\u00e9b szok\u00e1sos rendezv\u00e9nyeink elmaradnak! Csak a szentmis\u00e9ket tarthatjuk meg! \u00a0 J\u00fanius 4-\u00e9n, cs\u00fct\u00f6rt\u00f6k\u00f6n, \u00a0\u00a0\u00a0\u00a0\u00a0\u00a0\u00a0\u00a0\u00a0\u00a0\u00a0 Stuttgartban 18.00 \u00f3rakor megeml\u00e9kez\u0151 szentmise a Trianoni b\u00e9kedikt\u00e1tum 100. \u00e9vfordul\u00f3ja alkalm\u00e1b\u00f3l. \u00a0\u00a0\u00a0\u00a0\u00a0\u00a0\u00a0\u00a0\u00a0\u00a0\u00a0 Ulmi d\u00e9lut\u00e1n, 18.00 \u00f3rakor szentmise. A Nemzeti \u00d6sszetartoz\u00e1s Napja alkalm\u00e1b\u00f3l eml\u00e9kez\u00fcnk a trianoni b\u00e9kedikt\u00e1tum (1920. j\u00fanius 4.) 100. \u00e9vfordul\u00f3j\u00e1ra.\u00a0 * J\u00fanius 5-\u00e9n, p\u00e9nteken, Stuttgartban 18.00 \u00f3rakor J\u00e9zus Sz\u00edve \u00e1jtatoss\u00e1g, majd szentmise, keret\u00e9ben P\u00e9nteki Egyetem, azaz: Besz\u00e9lget\u00e9sek a katekizmusr\u00f3l. T\u00e9ma: az\u00a0 egyh\u00e1zirend szents\u00e9ge. 19.00 \u00f3r\u00e1t\u00f3l Imak\u00f6r. Weingarteni d\u00e9lut\u00e1n, a 14 Nothelfer Kapelle-ben 18.00 \u00f3rakor r\u00f3zsaf\u00fcz\u00e9r im\u00e1ds\u00e1g, ut\u00e1na szentmise \u00e9s els\u0151p\u00e9nteki \u00e1jtatoss\u00e1g. * J\u00fanius 6-\u00e1n,\u00a0 szombaton, Balingenben 17.00 \u00f3r\u00e1t\u00f3l szentmise. * J\u00fanius 7-\u00e9n, Szenth\u00e1roms\u00e1gvas\u00e1rnapj\u00e1n, Munderkingenben 9.00 \u00f3rakor szentmise. A szentmise a St. Dionysius\u00a0 templomban lesz! Schw\u00e4bisch-Gm\u00fcndben 9.30 \u00f3rakor szentmise. Stuttgartban 15.00 \u00f3rakor szentmise. * Minden helyen mindenkit szeretettel v\u00e1r a k\u00f6z\u00f6ss\u00e9g, Imre atya \u00e9s Tibor atya! \u201eL\u00e9gy t\u0171z, mely lelkem m\u00e9ly\u00e9n \u00e9g, l\u00e9gy bennem folyton izz\u00f3 l\u00e1ng!\u201d Lelkes p\u00fcnk\u00f6sdi napokat, j\u00f3 munk\u00e1t, tartalmas besz\u00e9lget\u00e9seket \u00e9s \u00f6r\u00f6mteli tal\u00e1lkoz\u00e1sokat k\u00edv\u00e1nunk minden Kedves H\u00edv\u00fcnknek!<\/p>\n","protected":false},"author":3,"featured_media":19647,"comment_status":"closed","ping_status":"closed","sticky":false,"template":"","format":"standard","meta":{"footnotes":""},"categories":[37],"tags":[],"class_list":["post-19646","post","type-post","status-publish","format-standard","has-post-thumbnail","hentry","category-progamelozetes"],"yoast_head":"<!-- This site is optimized with the Yoast SEO plugin v27.3 - https:\/\/yoast.com\/product\/yoast-seo-wordpress\/ -->\n<title>J\u00fanius 1 \u00e9s 7 k\u00f6z\u00f6tt - Stuttgarti Katolikusok<\/title>\n<meta name=\"robots\" content=\"index, follow, max-snippet:-1, max-image-preview:large, max-video-preview:-1\" \/>\n<link rel=\"canonical\" href=\"https:\/\/stuttgarti-katolikusok.de\/index.php\/junius-1-es-7-kozott\/\" \/>\n<meta property=\"og:locale\" content=\"hu_HU\" \/>\n<meta property=\"og:type\" content=\"article\" \/>\n<meta property=\"og:title\" content=\"J\u00fanius 1 \u00e9s 7 k\u00f6z\u00f6tt - Stuttgarti Katolikusok\" \/>\n<meta property=\"og:description\" content=\"Programel\u0151zetes A jelenlegi egyh\u00e1zi rendelkez\u00e9sek \u00e9rtelm\u00e9ben a szentmise ut\u00e1ni \u00e1g\u00e1p\u00e9 valamint egy\u00e9b szok\u00e1sos rendezv\u00e9nyeink elmaradnak! Csak a szentmis\u00e9ket tarthatjuk meg! \u00a0 J\u00fanius 4-\u00e9n, cs\u00fct\u00f6rt\u00f6k\u00f6n, \u00a0\u00a0\u00a0\u00a0\u00a0\u00a0\u00a0\u00a0\u00a0\u00a0\u00a0 Stuttgartban 18.00 \u00f3rakor megeml\u00e9kez\u0151 szentmise a Trianoni b\u00e9kedikt\u00e1tum 100. \u00e9vfordul\u00f3ja alkalm\u00e1b\u00f3l. \u00a0\u00a0\u00a0\u00a0\u00a0\u00a0\u00a0\u00a0\u00a0\u00a0\u00a0 Ulmi d\u00e9lut\u00e1n, 18.00 \u00f3rakor szentmise. A Nemzeti \u00d6sszetartoz\u00e1s Napja alkalm\u00e1b\u00f3l eml\u00e9kez\u00fcnk a trianoni b\u00e9kedikt\u00e1tum (1920. j\u00fanius 4.) 100. \u00e9vfordul\u00f3j\u00e1ra.\u00a0 * J\u00fanius 5-\u00e9n, p\u00e9nteken, Stuttgartban 18.00 \u00f3rakor J\u00e9zus Sz\u00edve \u00e1jtatoss\u00e1g, majd szentmise, keret\u00e9ben P\u00e9nteki Egyetem, azaz: Besz\u00e9lget\u00e9sek a katekizmusr\u00f3l. T\u00e9ma: az\u00a0 egyh\u00e1zirend szents\u00e9ge. 19.00 \u00f3r\u00e1t\u00f3l Imak\u00f6r. Weingarteni d\u00e9lut\u00e1n, a 14 Nothelfer Kapelle-ben 18.00 \u00f3rakor r\u00f3zsaf\u00fcz\u00e9r im\u00e1ds\u00e1g, ut\u00e1na szentmise \u00e9s els\u0151p\u00e9nteki \u00e1jtatoss\u00e1g. * J\u00fanius 6-\u00e1n,\u00a0 szombaton, Balingenben 17.00 \u00f3r\u00e1t\u00f3l szentmise. * J\u00fanius 7-\u00e9n, Szenth\u00e1roms\u00e1gvas\u00e1rnapj\u00e1n, Munderkingenben 9.00 \u00f3rakor szentmise. A szentmise a St. Dionysius\u00a0 templomban lesz! Schw\u00e4bisch-Gm\u00fcndben 9.30 \u00f3rakor szentmise. Stuttgartban 15.00 \u00f3rakor szentmise. * Minden helyen mindenkit szeretettel v\u00e1r a k\u00f6z\u00f6ss\u00e9g, Imre atya \u00e9s Tibor atya! \u201eL\u00e9gy t\u0171z, mely lelkem m\u00e9ly\u00e9n \u00e9g, l\u00e9gy bennem folyton izz\u00f3 l\u00e1ng!\u201d Lelkes p\u00fcnk\u00f6sdi napokat, j\u00f3 munk\u00e1t, tartalmas besz\u00e9lget\u00e9seket \u00e9s \u00f6r\u00f6mteli tal\u00e1lkoz\u00e1sokat k\u00edv\u00e1nunk minden Kedves H\u00edv\u00fcnknek!\" \/>\n<meta property=\"og:url\" content=\"https:\/\/stuttgarti-katolikusok.de\/index.php\/junius-1-es-7-kozott\/\" \/>\n<meta property=\"og:site_name\" content=\"Stuttgarti Katolikusok\" \/>\n<meta property=\"article:published_time\" content=\"2020-05-31T16:31:57+00:00\" \/>\n<meta property=\"article:modified_time\" content=\"2020-06-02T00:15:45+00:00\" \/>\n<meta property=\"og:image\" content=\"https:\/\/stuttgarti-katolikusok.de\/wp-content\/uploads\/2020\/05\/punkosd.jpg\" \/>\n\t<meta property=\"og:image:width\" content=\"1080\" \/>\n\t<meta property=\"og:image:height\" content=\"1080\" \/>\n\t<meta property=\"og:image:type\" content=\"image\/jpeg\" \/>\n<meta name=\"author\" content=\"Tibor atya\" \/>\n<meta name=\"twitter:card\" content=\"summary_large_image\" \/>\n<meta name=\"twitter:label1\" content=\"Szerz\u0151:\" \/>\n\t<meta name=\"twitter:data1\" content=\"Tibor atya\" \/>\n\t<meta name=\"twitter:label2\" content=\"Becs\u00fclt olvas\u00e1si id\u0151\" \/>\n\t<meta name=\"twitter:data2\" content=\"1 perc\" \/>\n<script type=\"application\/ld+json\" class=\"yoast-schema-graph\">{\"@context\":\"https:\\\/\\\/schema.org\",\"@graph\":[{\"@type\":\"Article\",\"@id\":\"https:\\\/\\\/stuttgarti-katolikusok.de\\\/index.php\\\/junius-1-es-7-kozott\\\/#article\",\"isPartOf\":{\"@id\":\"https:\\\/\\\/stuttgarti-katolikusok.de\\\/index.php\\\/junius-1-es-7-kozott\\\/\"},\"author\":{\"name\":\"Tibor atya\",\"@id\":\"https:\\\/\\\/stuttgarti-katolikusok.de\\\/#\\\/schema\\\/person\\\/75908d6f8fdc03a57889d27209df7795\"},\"headline\":\"J\u00fanius 1 \u00e9s 7 k\u00f6z\u00f6tt\",\"datePublished\":\"2020-05-31T16:31:57+00:00\",\"dateModified\":\"2020-06-02T00:15:45+00:00\",\"mainEntityOfPage\":{\"@id\":\"https:\\\/\\\/stuttgarti-katolikusok.de\\\/index.php\\\/junius-1-es-7-kozott\\\/\"},\"wordCount\":247,\"image\":{\"@id\":\"https:\\\/\\\/stuttgarti-katolikusok.de\\\/index.php\\\/junius-1-es-7-kozott\\\/#primaryimage\"},\"thumbnailUrl\":\"https:\\\/\\\/stuttgarti-katolikusok.de\\\/wp-content\\\/uploads\\\/2020\\\/05\\\/punkosd.jpg\",\"articleSection\":[\"Progamel\u0151zetes\"],\"inLanguage\":\"hu\"},{\"@type\":\"WebPage\",\"@id\":\"https:\\\/\\\/stuttgarti-katolikusok.de\\\/index.php\\\/junius-1-es-7-kozott\\\/\",\"url\":\"https:\\\/\\\/stuttgarti-katolikusok.de\\\/index.php\\\/junius-1-es-7-kozott\\\/\",\"name\":\"J\u00fanius 1 \u00e9s 7 k\u00f6z\u00f6tt - Stuttgarti Katolikusok\",\"isPartOf\":{\"@id\":\"https:\\\/\\\/stuttgarti-katolikusok.de\\\/#website\"},\"primaryImageOfPage\":{\"@id\":\"https:\\\/\\\/stuttgarti-katolikusok.de\\\/index.php\\\/junius-1-es-7-kozott\\\/#primaryimage\"},\"image\":{\"@id\":\"https:\\\/\\\/stuttgarti-katolikusok.de\\\/index.php\\\/junius-1-es-7-kozott\\\/#primaryimage\"},\"thumbnailUrl\":\"https:\\\/\\\/stuttgarti-katolikusok.de\\\/wp-content\\\/uploads\\\/2020\\\/05\\\/punkosd.jpg\",\"datePublished\":\"2020-05-31T16:31:57+00:00\",\"dateModified\":\"2020-06-02T00:15:45+00:00\",\"author\":{\"@id\":\"https:\\\/\\\/stuttgarti-katolikusok.de\\\/#\\\/schema\\\/person\\\/75908d6f8fdc03a57889d27209df7795\"},\"breadcrumb\":{\"@id\":\"https:\\\/\\\/stuttgarti-katolikusok.de\\\/index.php\\\/junius-1-es-7-kozott\\\/#breadcrumb\"},\"inLanguage\":\"hu\",\"potentialAction\":[{\"@type\":\"ReadAction\",\"target\":[\"https:\\\/\\\/stuttgarti-katolikusok.de\\\/index.php\\\/junius-1-es-7-kozott\\\/\"]}]},{\"@type\":\"ImageObject\",\"inLanguage\":\"hu\",\"@id\":\"https:\\\/\\\/stuttgarti-katolikusok.de\\\/index.php\\\/junius-1-es-7-kozott\\\/#primaryimage\",\"url\":\"https:\\\/\\\/stuttgarti-katolikusok.de\\\/wp-content\\\/uploads\\\/2020\\\/05\\\/punkosd.jpg\",\"contentUrl\":\"https:\\\/\\\/stuttgarti-katolikusok.de\\\/wp-content\\\/uploads\\\/2020\\\/05\\\/punkosd.jpg\",\"width\":1080,\"height\":1080},{\"@type\":\"BreadcrumbList\",\"@id\":\"https:\\\/\\\/stuttgarti-katolikusok.de\\\/index.php\\\/junius-1-es-7-kozott\\\/#breadcrumb\",\"itemListElement\":[{\"@type\":\"ListItem\",\"position\":1,\"name\":\"Kezd\u0151lap\",\"item\":\"https:\\\/\\\/stuttgarti-katolikusok.de\\\/\"},{\"@type\":\"ListItem\",\"position\":2,\"name\":\"J\u00fanius 1 \u00e9s 7 k\u00f6z\u00f6tt\"}]},{\"@type\":\"WebSite\",\"@id\":\"https:\\\/\\\/stuttgarti-katolikusok.de\\\/#website\",\"url\":\"https:\\\/\\\/stuttgarti-katolikusok.de\\\/\",\"name\":\"Stuttgarti Katolikusok\",\"description\":\"\",\"potentialAction\":[{\"@type\":\"SearchAction\",\"target\":{\"@type\":\"EntryPoint\",\"urlTemplate\":\"https:\\\/\\\/stuttgarti-katolikusok.de\\\/?s={search_term_string}\"},\"query-input\":{\"@type\":\"PropertyValueSpecification\",\"valueRequired\":true,\"valueName\":\"search_term_string\"}}],\"inLanguage\":\"hu\"},{\"@type\":\"Person\",\"@id\":\"https:\\\/\\\/stuttgarti-katolikusok.de\\\/#\\\/schema\\\/person\\\/75908d6f8fdc03a57889d27209df7795\",\"name\":\"Tibor atya\",\"image\":{\"@type\":\"ImageObject\",\"inLanguage\":\"hu\",\"@id\":\"https:\\\/\\\/secure.gravatar.com\\\/avatar\\\/61d268e57d1f4525b111222e29d2d5a7f8c420fdbf231ba5566a8ceac74fa960?s=96&d=mm&r=g\",\"url\":\"https:\\\/\\\/secure.gravatar.com\\\/avatar\\\/61d268e57d1f4525b111222e29d2d5a7f8c420fdbf231ba5566a8ceac74fa960?s=96&d=mm&r=g\",\"contentUrl\":\"https:\\\/\\\/secure.gravatar.com\\\/avatar\\\/61d268e57d1f4525b111222e29d2d5a7f8c420fdbf231ba5566a8ceac74fa960?s=96&d=mm&r=g\",\"caption\":\"Tibor atya\"},\"url\":\"https:\\\/\\\/stuttgarti-katolikusok.de\\\/index.php\\\/author\\\/tibor-atya\\\/\"}]}<\/script>\n<!-- \/ Yoast SEO plugin. -->","yoast_head_json":{"title":"J\u00fanius 1 \u00e9s 7 k\u00f6z\u00f6tt - Stuttgarti Katolikusok","robots":{"index":"index","follow":"follow","max-snippet":"max-snippet:-1","max-image-preview":"max-image-preview:large","max-video-preview":"max-video-preview:-1"},"canonical":"https:\/\/stuttgarti-katolikusok.de\/index.php\/junius-1-es-7-kozott\/","og_locale":"hu_HU","og_type":"article","og_title":"J\u00fanius 1 \u00e9s 7 k\u00f6z\u00f6tt - Stuttgarti Katolikusok","og_description":"Programel\u0151zetes A jelenlegi egyh\u00e1zi rendelkez\u00e9sek \u00e9rtelm\u00e9ben a szentmise ut\u00e1ni \u00e1g\u00e1p\u00e9 valamint egy\u00e9b szok\u00e1sos rendezv\u00e9nyeink elmaradnak! Csak a szentmis\u00e9ket tarthatjuk meg! \u00a0 J\u00fanius 4-\u00e9n, cs\u00fct\u00f6rt\u00f6k\u00f6n, \u00a0\u00a0\u00a0\u00a0\u00a0\u00a0\u00a0\u00a0\u00a0\u00a0\u00a0 Stuttgartban 18.00 \u00f3rakor megeml\u00e9kez\u0151 szentmise a Trianoni b\u00e9kedikt\u00e1tum 100. \u00e9vfordul\u00f3ja alkalm\u00e1b\u00f3l. \u00a0\u00a0\u00a0\u00a0\u00a0\u00a0\u00a0\u00a0\u00a0\u00a0\u00a0 Ulmi d\u00e9lut\u00e1n, 18.00 \u00f3rakor szentmise. A Nemzeti \u00d6sszetartoz\u00e1s Napja alkalm\u00e1b\u00f3l eml\u00e9kez\u00fcnk a trianoni b\u00e9kedikt\u00e1tum (1920. j\u00fanius 4.) 100. \u00e9vfordul\u00f3j\u00e1ra.\u00a0 * J\u00fanius 5-\u00e9n, p\u00e9nteken, Stuttgartban 18.00 \u00f3rakor J\u00e9zus Sz\u00edve \u00e1jtatoss\u00e1g, majd szentmise, keret\u00e9ben P\u00e9nteki Egyetem, azaz: Besz\u00e9lget\u00e9sek a katekizmusr\u00f3l. T\u00e9ma: az\u00a0 egyh\u00e1zirend szents\u00e9ge. 19.00 \u00f3r\u00e1t\u00f3l Imak\u00f6r. Weingarteni d\u00e9lut\u00e1n, a 14 Nothelfer Kapelle-ben 18.00 \u00f3rakor r\u00f3zsaf\u00fcz\u00e9r im\u00e1ds\u00e1g, ut\u00e1na szentmise \u00e9s els\u0151p\u00e9nteki \u00e1jtatoss\u00e1g. * J\u00fanius 6-\u00e1n,\u00a0 szombaton, Balingenben 17.00 \u00f3r\u00e1t\u00f3l szentmise. * J\u00fanius 7-\u00e9n, Szenth\u00e1roms\u00e1gvas\u00e1rnapj\u00e1n, Munderkingenben 9.00 \u00f3rakor szentmise. A szentmise a St. Dionysius\u00a0 templomban lesz! Schw\u00e4bisch-Gm\u00fcndben 9.30 \u00f3rakor szentmise. Stuttgartban 15.00 \u00f3rakor szentmise. * Minden helyen mindenkit szeretettel v\u00e1r a k\u00f6z\u00f6ss\u00e9g, Imre atya \u00e9s Tibor atya! \u201eL\u00e9gy t\u0171z, mely lelkem m\u00e9ly\u00e9n \u00e9g, l\u00e9gy bennem folyton izz\u00f3 l\u00e1ng!\u201d Lelkes p\u00fcnk\u00f6sdi napokat, j\u00f3 munk\u00e1t, tartalmas besz\u00e9lget\u00e9seket \u00e9s \u00f6r\u00f6mteli tal\u00e1lkoz\u00e1sokat k\u00edv\u00e1nunk minden Kedves H\u00edv\u00fcnknek!","og_url":"https:\/\/stuttgarti-katolikusok.de\/index.php\/junius-1-es-7-kozott\/","og_site_name":"Stuttgarti Katolikusok","article_published_time":"2020-05-31T16:31:57+00:00","article_modified_time":"2020-06-02T00:15:45+00:00","og_image":[{"width":1080,"height":1080,"url":"https:\/\/stuttgarti-katolikusok.de\/wp-content\/uploads\/2020\/05\/punkosd.jpg","type":"image\/jpeg"}],"author":"Tibor atya","twitter_card":"summary_large_image","twitter_misc":{"Szerz\u0151:":"Tibor atya","Becs\u00fclt olvas\u00e1si id\u0151":"1 perc"},"schema":{"@context":"https:\/\/schema.org","@graph":[{"@type":"Article","@id":"https:\/\/stuttgarti-katolikusok.de\/index.php\/junius-1-es-7-kozott\/#article","isPartOf":{"@id":"https:\/\/stuttgarti-katolikusok.de\/index.php\/junius-1-es-7-kozott\/"},"author":{"name":"Tibor atya","@id":"https:\/\/stuttgarti-katolikusok.de\/#\/schema\/person\/75908d6f8fdc03a57889d27209df7795"},"headline":"J\u00fanius 1 \u00e9s 7 k\u00f6z\u00f6tt","datePublished":"2020-05-31T16:31:57+00:00","dateModified":"2020-06-02T00:15:45+00:00","mainEntityOfPage":{"@id":"https:\/\/stuttgarti-katolikusok.de\/index.php\/junius-1-es-7-kozott\/"},"wordCount":247,"image":{"@id":"https:\/\/stuttgarti-katolikusok.de\/index.php\/junius-1-es-7-kozott\/#primaryimage"},"thumbnailUrl":"https:\/\/stuttgarti-katolikusok.de\/wp-content\/uploads\/2020\/05\/punkosd.jpg","articleSection":["Progamel\u0151zetes"],"inLanguage":"hu"},{"@type":"WebPage","@id":"https:\/\/stuttgarti-katolikusok.de\/index.php\/junius-1-es-7-kozott\/","url":"https:\/\/stuttgarti-katolikusok.de\/index.php\/junius-1-es-7-kozott\/","name":"J\u00fanius 1 \u00e9s 7 k\u00f6z\u00f6tt - Stuttgarti Katolikusok","isPartOf":{"@id":"https:\/\/stuttgarti-katolikusok.de\/#website"},"primaryImageOfPage":{"@id":"https:\/\/stuttgarti-katolikusok.de\/index.php\/junius-1-es-7-kozott\/#primaryimage"},"image":{"@id":"https:\/\/stuttgarti-katolikusok.de\/index.php\/junius-1-es-7-kozott\/#primaryimage"},"thumbnailUrl":"https:\/\/stuttgarti-katolikusok.de\/wp-content\/uploads\/2020\/05\/punkosd.jpg","datePublished":"2020-05-31T16:31:57+00:00","dateModified":"2020-06-02T00:15:45+00:00","author":{"@id":"https:\/\/stuttgarti-katolikusok.de\/#\/schema\/person\/75908d6f8fdc03a57889d27209df7795"},"breadcrumb":{"@id":"https:\/\/stuttgarti-katolikusok.de\/index.php\/junius-1-es-7-kozott\/#breadcrumb"},"inLanguage":"hu","potentialAction":[{"@type":"ReadAction","target":["https:\/\/stuttgarti-katolikusok.de\/index.php\/junius-1-es-7-kozott\/"]}]},{"@type":"ImageObject","inLanguage":"hu","@id":"https:\/\/stuttgarti-katolikusok.de\/index.php\/junius-1-es-7-kozott\/#primaryimage","url":"https:\/\/stuttgarti-katolikusok.de\/wp-content\/uploads\/2020\/05\/punkosd.jpg","contentUrl":"https:\/\/stuttgarti-katolikusok.de\/wp-content\/uploads\/2020\/05\/punkosd.jpg","width":1080,"height":1080},{"@type":"BreadcrumbList","@id":"https:\/\/stuttgarti-katolikusok.de\/index.php\/junius-1-es-7-kozott\/#breadcrumb","itemListElement":[{"@type":"ListItem","position":1,"name":"Kezd\u0151lap","item":"https:\/\/stuttgarti-katolikusok.de\/"},{"@type":"ListItem","position":2,"name":"J\u00fanius 1 \u00e9s 7 k\u00f6z\u00f6tt"}]},{"@type":"WebSite","@id":"https:\/\/stuttgarti-katolikusok.de\/#website","url":"https:\/\/stuttgarti-katolikusok.de\/","name":"Stuttgarti Katolikusok","description":"","potentialAction":[{"@type":"SearchAction","target":{"@type":"EntryPoint","urlTemplate":"https:\/\/stuttgarti-katolikusok.de\/?s={search_term_string}"},"query-input":{"@type":"PropertyValueSpecification","valueRequired":true,"valueName":"search_term_string"}}],"inLanguage":"hu"},{"@type":"Person","@id":"https:\/\/stuttgarti-katolikusok.de\/#\/schema\/person\/75908d6f8fdc03a57889d27209df7795","name":"Tibor atya","image":{"@type":"ImageObject","inLanguage":"hu","@id":"https:\/\/secure.gravatar.com\/avatar\/61d268e57d1f4525b111222e29d2d5a7f8c420fdbf231ba5566a8ceac74fa960?s=96&d=mm&r=g","url":"https:\/\/secure.gravatar.com\/avatar\/61d268e57d1f4525b111222e29d2d5a7f8c420fdbf231ba5566a8ceac74fa960?s=96&d=mm&r=g","contentUrl":"https:\/\/secure.gravatar.com\/avatar\/61d268e57d1f4525b111222e29d2d5a7f8c420fdbf231ba5566a8ceac74fa960?s=96&d=mm&r=g","caption":"Tibor atya"},"url":"https:\/\/stuttgarti-katolikusok.de\/index.php\/author\/tibor-atya\/"}]}},"_links":{"self":[{"href":"https:\/\/stuttgarti-katolikusok.de\/index.php\/wp-json\/wp\/v2\/posts\/19646","targetHints":{"allow":["GET"]}}],"collection":[{"href":"https:\/\/stuttgarti-katolikusok.de\/index.php\/wp-json\/wp\/v2\/posts"}],"about":[{"href":"https:\/\/stuttgarti-katolikusok.de\/index.php\/wp-json\/wp\/v2\/types\/post"}],"author":[{"embeddable":true,"href":"https:\/\/stuttgarti-katolikusok.de\/index.php\/wp-json\/wp\/v2\/users\/3"}],"replies":[{"embeddable":true,"href":"https:\/\/stuttgarti-katolikusok.de\/index.php\/wp-json\/wp\/v2\/comments?post=19646"}],"version-history":[{"count":3,"href":"https:\/\/stuttgarti-katolikusok.de\/index.php\/wp-json\/wp\/v2\/posts\/19646\/revisions"}],"predecessor-version":[{"id":19656,"href":"https:\/\/stuttgarti-katolikusok.de\/index.php\/wp-json\/wp\/v2\/posts\/19646\/revisions\/19656"}],"wp:featuredmedia":[{"embeddable":true,"href":"https:\/\/stuttgarti-katolikusok.de\/index.php\/wp-json\/wp\/v2\/media\/19647"}],"wp:attachment":[{"href":"https:\/\/stuttgarti-katolikusok.de\/index.php\/wp-json\/wp\/v2\/media?parent=19646"}],"wp:term":[{"taxonomy":"category","embeddable":true,"href":"https:\/\/stuttgarti-katolikusok.de\/index.php\/wp-json\/wp\/v2\/categories?post=19646"},{"taxonomy":"post_tag","embeddable":true,"href":"https:\/\/stuttgarti-katolikusok.de\/index.php\/wp-json\/wp\/v2\/tags?post=19646"}],"curies":[{"name":"wp","href":"https:\/\/api.w.org\/{rel}","templated":true}]}}