{"id":19643,"date":"2020-05-30T05:10:01","date_gmt":"2020-05-30T05:10:01","guid":{"rendered":"https:\/\/gracious-dewdney.138-201-221-2.plesk.page\/?p=19643"},"modified":"2020-05-30T05:10:01","modified_gmt":"2020-05-30T05:10:01","slug":"csiksomlyoi-bucsu-2020","status":"publish","type":"post","link":"https:\/\/stuttgarti-katolikusok.de\/index.php\/csiksomlyoi-bucsu-2020\/","title":{"rendered":"Cs\u00edksomly\u00f3i b\u00facs\u00fa &#8211; 2020"},"content":{"rendered":"<p><em>+! Kedves H\u00edveink, ma van a nagy nap: a Cs\u00edksomly\u00f3i B\u00facs\u00fa! Ha a j\u00e1rv\u00e1ny miatt nem is lehet\u00fcnk ott, l\u00e9lekben ott lehet\u00fcnk, \u00e9s az \u00e9ter hull\u00e1main minden programon r\u00e9szt vehet\u00fcnk. S\u0151t, minden programba bele is kapcsol\u00f3dhatunk. Tegy\u00fck h\u00e1t buzg\u00f3n \u00e9s lelkesen, s k\u00e9rj\u00fck a Sz\u0171zany\u00e1t, hogy tekintsen nemzet\u00fcnkre, egyh\u00e1zk\u00f6zs\u00e9g\u00fcnkre \u00e9s csal\u00e1dunkra!<\/em><\/p>\n<p><em>Lelkip\u00e1sztori szeretettel,<\/em><\/p>\n<p><em>Imre atya<\/em><\/p>\n<p>&nbsp;<\/p>\n<p>A programok, amelyeken r\u00e9szt lehet venni:<\/p>\n<p><a href=\"https:\/\/www.youtube.com\/channel\/UChrkbh0y4ut-mELoCTRPR_Q\">https:\/\/www.youtube.com\/channel\/UChrkbh0y4ut-mELoCTRPR_Q<\/a><\/p>\n<p>&nbsp;<\/p>\n<p>Let\u00f6lthet\u0151 liturgikus f\u00fczet:<\/p>\n<p><a href=\"https:\/\/issuu.com\/ofmsajto\/docs\/programfuzet_punkosd_2020\">https:\/\/issuu.com\/ofmsajto\/docs\/programfuzet_punkosd_2020<\/a><\/p>\n<p>vagy:<\/p>\n<p><a href=\"http:\/\/csiksomlyo.ro\/images\/programfuzet2020.pdf\">http:\/\/csiksomlyo.ro\/images\/programfuzet2020.pdf<\/a><\/p>\n<p>&nbsp;<\/p>\n<p>Cs\u00edksomly\u00f3i kegytemplom \u00e9l\u0151 k\u00f6zvet\u00edt\u00e9seinek id\u0151pontjai:<\/p>\n<p>M\u00e1jus 29., p\u00e9ntek<\/p>\n<p>18:00 &#8211; nyit\u00f3szentmise \u00e9s virraszt\u00e1s 22:00 \u00f3r\u00e1ig<\/p>\n<p>M\u00e1jus 30., szombat<\/p>\n<p>10:00 &#8211; ima<\/p>\n<p>12:30 &#8211; \u00fcnnepi szentmise<\/p>\n<p>M\u00e1jus 31., vas\u00e1rnap<\/p>\n<p>10:30 &#8211; p\u00fcnk\u00f6sdvas\u00e1rnapi szentmise<\/p>\n<p>J\u00fanius 1., h\u00e9tf\u0151<\/p>\n<p>10:30 &#8211; megeml\u00e9kez\u0151 szentmise<\/p>\n<p>A www.csiksomlyo.ro honlapon is minden info megtal\u00e1lhat\u00f3.<\/p>\n<p>&nbsp;<\/p>\n<p>&nbsp;<\/p>\n<p><em>PS! Ne felejts\u00e9tek megfogalmazott imasz\u00e1nd\u00e9kaitokat \u201eelk\u00fcldeni\u201c az Egyh\u00e1zk\u00f6zs\u00e9g szalagj\u00e1ra, amely tegnap d\u00e9lut\u00e1nt\u00f3l \u2013 a t\u00f6bbi ezerrel \u00e9s ezerrel \u2013 ott leng a kegytemplom el\u0151tti nagy t\u00e1bl\u00e1n!<\/em><\/p>\n","protected":false},"excerpt":{"rendered":"<p>+! Kedves H\u00edveink, ma van a nagy nap: a Cs\u00edksomly\u00f3i B\u00facs\u00fa! Ha a j\u00e1rv\u00e1ny miatt nem is lehet\u00fcnk ott, l\u00e9lekben ott lehet\u00fcnk, \u00e9s az \u00e9ter hull\u00e1main minden programon r\u00e9szt vehet\u00fcnk. S\u0151t, minden programba bele is kapcsol\u00f3dhatunk. Tegy\u00fck h\u00e1t buzg\u00f3n \u00e9s lelkesen, s k\u00e9rj\u00fck a Sz\u0171zany\u00e1t, hogy tekintsen nemzet\u00fcnkre, egyh\u00e1zk\u00f6zs\u00e9g\u00fcnkre \u00e9s csal\u00e1dunkra! Lelkip\u00e1sztori szeretettel, Imre atya &nbsp; A programok, amelyeken r\u00e9szt lehet venni: https:\/\/www.youtube.com\/channel\/UChrkbh0y4ut-mELoCTRPR_Q &nbsp; Let\u00f6lthet\u0151 liturgikus f\u00fczet: https:\/\/issuu.com\/ofmsajto\/docs\/programfuzet_punkosd_2020 vagy: http:\/\/csiksomlyo.ro\/images\/programfuzet2020.pdf &nbsp; Cs\u00edksomly\u00f3i kegytemplom \u00e9l\u0151 k\u00f6zvet\u00edt\u00e9seinek id\u0151pontjai: M\u00e1jus 29., p\u00e9ntek 18:00 &#8211; nyit\u00f3szentmise \u00e9s virraszt\u00e1s 22:00 \u00f3r\u00e1ig M\u00e1jus 30., szombat 10:00 &#8211; ima 12:30 &#8211; \u00fcnnepi szentmise M\u00e1jus 31., vas\u00e1rnap 10:30 &#8211; p\u00fcnk\u00f6sdvas\u00e1rnapi szentmise J\u00fanius 1., h\u00e9tf\u0151 10:30 &#8211; megeml\u00e9kez\u0151 szentmise A www.csiksomlyo.ro honlapon is minden info megtal\u00e1lhat\u00f3. &nbsp; &nbsp; PS! Ne felejts\u00e9tek megfogalmazott imasz\u00e1nd\u00e9kaitokat \u201eelk\u00fcldeni\u201c az Egyh\u00e1zk\u00f6zs\u00e9g szalagj\u00e1ra, amely tegnap d\u00e9lut\u00e1nt\u00f3l \u2013 a t\u00f6bbi ezerrel \u00e9s ezerrel \u2013 ott leng a kegytemplom el\u0151tti nagy t\u00e1bl\u00e1n!<\/p>\n","protected":false},"author":3,"featured_media":19644,"comment_status":"closed","ping_status":"closed","sticky":false,"template":"","format":"standard","meta":{"footnotes":""},"categories":[1],"tags":[],"class_list":["post-19643","post","type-post","status-publish","format-standard","has-post-thumbnail","hentry","category-valogatott"],"yoast_head":"<!-- This site is optimized with the Yoast SEO plugin v27.3 - https:\/\/yoast.com\/product\/yoast-seo-wordpress\/ -->\n<title>Cs\u00edksomly\u00f3i b\u00facs\u00fa - 2020 - Stuttgarti Katolikusok<\/title>\n<meta name=\"robots\" content=\"index, follow, max-snippet:-1, max-image-preview:large, max-video-preview:-1\" \/>\n<link rel=\"canonical\" href=\"https:\/\/stuttgarti-katolikusok.de\/index.php\/csiksomlyoi-bucsu-2020\/\" \/>\n<meta property=\"og:locale\" content=\"hu_HU\" \/>\n<meta property=\"og:type\" content=\"article\" \/>\n<meta property=\"og:title\" content=\"Cs\u00edksomly\u00f3i b\u00facs\u00fa - 2020 - Stuttgarti Katolikusok\" \/>\n<meta property=\"og:description\" content=\"+! Kedves H\u00edveink, ma van a nagy nap: a Cs\u00edksomly\u00f3i B\u00facs\u00fa! Ha a j\u00e1rv\u00e1ny miatt nem is lehet\u00fcnk ott, l\u00e9lekben ott lehet\u00fcnk, \u00e9s az \u00e9ter hull\u00e1main minden programon r\u00e9szt vehet\u00fcnk. S\u0151t, minden programba bele is kapcsol\u00f3dhatunk. Tegy\u00fck h\u00e1t buzg\u00f3n \u00e9s lelkesen, s k\u00e9rj\u00fck a Sz\u0171zany\u00e1t, hogy tekintsen nemzet\u00fcnkre, egyh\u00e1zk\u00f6zs\u00e9g\u00fcnkre \u00e9s csal\u00e1dunkra! Lelkip\u00e1sztori szeretettel, Imre atya &nbsp; A programok, amelyeken r\u00e9szt lehet venni: https:\/\/www.youtube.com\/channel\/UChrkbh0y4ut-mELoCTRPR_Q &nbsp; Let\u00f6lthet\u0151 liturgikus f\u00fczet: https:\/\/issuu.com\/ofmsajto\/docs\/programfuzet_punkosd_2020 vagy: http:\/\/csiksomlyo.ro\/images\/programfuzet2020.pdf &nbsp; Cs\u00edksomly\u00f3i kegytemplom \u00e9l\u0151 k\u00f6zvet\u00edt\u00e9seinek id\u0151pontjai: M\u00e1jus 29., p\u00e9ntek 18:00 &#8211; nyit\u00f3szentmise \u00e9s virraszt\u00e1s 22:00 \u00f3r\u00e1ig M\u00e1jus 30., szombat 10:00 &#8211; ima 12:30 &#8211; \u00fcnnepi szentmise M\u00e1jus 31., vas\u00e1rnap 10:30 &#8211; p\u00fcnk\u00f6sdvas\u00e1rnapi szentmise J\u00fanius 1., h\u00e9tf\u0151 10:30 &#8211; megeml\u00e9kez\u0151 szentmise A www.csiksomlyo.ro honlapon is minden info megtal\u00e1lhat\u00f3. &nbsp; &nbsp; PS! Ne felejts\u00e9tek megfogalmazott imasz\u00e1nd\u00e9kaitokat \u201eelk\u00fcldeni\u201c az Egyh\u00e1zk\u00f6zs\u00e9g szalagj\u00e1ra, amely tegnap d\u00e9lut\u00e1nt\u00f3l \u2013 a t\u00f6bbi ezerrel \u00e9s ezerrel \u2013 ott leng a kegytemplom el\u0151tti nagy t\u00e1bl\u00e1n!\" \/>\n<meta property=\"og:url\" content=\"https:\/\/stuttgarti-katolikusok.de\/index.php\/csiksomlyoi-bucsu-2020\/\" \/>\n<meta property=\"og:site_name\" content=\"Stuttgarti Katolikusok\" \/>\n<meta property=\"article:published_time\" content=\"2020-05-30T05:10:01+00:00\" \/>\n<meta property=\"og:image\" content=\"https:\/\/stuttgarti-katolikusok.de\/wp-content\/uploads\/2020\/05\/csiksomlyo.jpg\" \/>\n\t<meta property=\"og:image:width\" content=\"1600\" \/>\n\t<meta property=\"og:image:height\" content=\"900\" \/>\n\t<meta property=\"og:image:type\" content=\"image\/jpeg\" \/>\n<meta name=\"author\" content=\"Tibor atya\" \/>\n<meta name=\"twitter:card\" content=\"summary_large_image\" \/>\n<meta name=\"twitter:label1\" content=\"Szerz\u0151:\" \/>\n\t<meta name=\"twitter:data1\" content=\"Tibor atya\" \/>\n\t<meta name=\"twitter:label2\" content=\"Becs\u00fclt olvas\u00e1si id\u0151\" \/>\n\t<meta name=\"twitter:data2\" content=\"1 perc\" \/>\n<script type=\"application\/ld+json\" class=\"yoast-schema-graph\">{\"@context\":\"https:\\\/\\\/schema.org\",\"@graph\":[{\"@type\":\"Article\",\"@id\":\"https:\\\/\\\/stuttgarti-katolikusok.de\\\/index.php\\\/csiksomlyoi-bucsu-2020\\\/#article\",\"isPartOf\":{\"@id\":\"https:\\\/\\\/stuttgarti-katolikusok.de\\\/index.php\\\/csiksomlyoi-bucsu-2020\\\/\"},\"author\":{\"name\":\"Tibor atya\",\"@id\":\"https:\\\/\\\/stuttgarti-katolikusok.de\\\/#\\\/schema\\\/person\\\/75908d6f8fdc03a57889d27209df7795\"},\"headline\":\"Cs\u00edksomly\u00f3i b\u00facs\u00fa &#8211; 2020\",\"datePublished\":\"2020-05-30T05:10:01+00:00\",\"mainEntityOfPage\":{\"@id\":\"https:\\\/\\\/stuttgarti-katolikusok.de\\\/index.php\\\/csiksomlyoi-bucsu-2020\\\/\"},\"wordCount\":226,\"image\":{\"@id\":\"https:\\\/\\\/stuttgarti-katolikusok.de\\\/index.php\\\/csiksomlyoi-bucsu-2020\\\/#primaryimage\"},\"thumbnailUrl\":\"https:\\\/\\\/stuttgarti-katolikusok.de\\\/wp-content\\\/uploads\\\/2020\\\/05\\\/csiksomlyo.jpg\",\"articleSection\":[\"V\u00e1logatott \u00edr\u00e1sok\"],\"inLanguage\":\"hu\"},{\"@type\":\"WebPage\",\"@id\":\"https:\\\/\\\/stuttgarti-katolikusok.de\\\/index.php\\\/csiksomlyoi-bucsu-2020\\\/\",\"url\":\"https:\\\/\\\/stuttgarti-katolikusok.de\\\/index.php\\\/csiksomlyoi-bucsu-2020\\\/\",\"name\":\"Cs\u00edksomly\u00f3i b\u00facs\u00fa - 2020 - Stuttgarti Katolikusok\",\"isPartOf\":{\"@id\":\"https:\\\/\\\/stuttgarti-katolikusok.de\\\/#website\"},\"primaryImageOfPage\":{\"@id\":\"https:\\\/\\\/stuttgarti-katolikusok.de\\\/index.php\\\/csiksomlyoi-bucsu-2020\\\/#primaryimage\"},\"image\":{\"@id\":\"https:\\\/\\\/stuttgarti-katolikusok.de\\\/index.php\\\/csiksomlyoi-bucsu-2020\\\/#primaryimage\"},\"thumbnailUrl\":\"https:\\\/\\\/stuttgarti-katolikusok.de\\\/wp-content\\\/uploads\\\/2020\\\/05\\\/csiksomlyo.jpg\",\"datePublished\":\"2020-05-30T05:10:01+00:00\",\"author\":{\"@id\":\"https:\\\/\\\/stuttgarti-katolikusok.de\\\/#\\\/schema\\\/person\\\/75908d6f8fdc03a57889d27209df7795\"},\"breadcrumb\":{\"@id\":\"https:\\\/\\\/stuttgarti-katolikusok.de\\\/index.php\\\/csiksomlyoi-bucsu-2020\\\/#breadcrumb\"},\"inLanguage\":\"hu\",\"potentialAction\":[{\"@type\":\"ReadAction\",\"target\":[\"https:\\\/\\\/stuttgarti-katolikusok.de\\\/index.php\\\/csiksomlyoi-bucsu-2020\\\/\"]}]},{\"@type\":\"ImageObject\",\"inLanguage\":\"hu\",\"@id\":\"https:\\\/\\\/stuttgarti-katolikusok.de\\\/index.php\\\/csiksomlyoi-bucsu-2020\\\/#primaryimage\",\"url\":\"https:\\\/\\\/stuttgarti-katolikusok.de\\\/wp-content\\\/uploads\\\/2020\\\/05\\\/csiksomlyo.jpg\",\"contentUrl\":\"https:\\\/\\\/stuttgarti-katolikusok.de\\\/wp-content\\\/uploads\\\/2020\\\/05\\\/csiksomlyo.jpg\",\"width\":1600,\"height\":900},{\"@type\":\"BreadcrumbList\",\"@id\":\"https:\\\/\\\/stuttgarti-katolikusok.de\\\/index.php\\\/csiksomlyoi-bucsu-2020\\\/#breadcrumb\",\"itemListElement\":[{\"@type\":\"ListItem\",\"position\":1,\"name\":\"Kezd\u0151lap\",\"item\":\"https:\\\/\\\/stuttgarti-katolikusok.de\\\/\"},{\"@type\":\"ListItem\",\"position\":2,\"name\":\"Cs\u00edksomly\u00f3i b\u00facs\u00fa &#8211; 2020\"}]},{\"@type\":\"WebSite\",\"@id\":\"https:\\\/\\\/stuttgarti-katolikusok.de\\\/#website\",\"url\":\"https:\\\/\\\/stuttgarti-katolikusok.de\\\/\",\"name\":\"Stuttgarti Katolikusok\",\"description\":\"\",\"potentialAction\":[{\"@type\":\"SearchAction\",\"target\":{\"@type\":\"EntryPoint\",\"urlTemplate\":\"https:\\\/\\\/stuttgarti-katolikusok.de\\\/?s={search_term_string}\"},\"query-input\":{\"@type\":\"PropertyValueSpecification\",\"valueRequired\":true,\"valueName\":\"search_term_string\"}}],\"inLanguage\":\"hu\"},{\"@type\":\"Person\",\"@id\":\"https:\\\/\\\/stuttgarti-katolikusok.de\\\/#\\\/schema\\\/person\\\/75908d6f8fdc03a57889d27209df7795\",\"name\":\"Tibor atya\",\"image\":{\"@type\":\"ImageObject\",\"inLanguage\":\"hu\",\"@id\":\"https:\\\/\\\/secure.gravatar.com\\\/avatar\\\/61d268e57d1f4525b111222e29d2d5a7f8c420fdbf231ba5566a8ceac74fa960?s=96&d=mm&r=g\",\"url\":\"https:\\\/\\\/secure.gravatar.com\\\/avatar\\\/61d268e57d1f4525b111222e29d2d5a7f8c420fdbf231ba5566a8ceac74fa960?s=96&d=mm&r=g\",\"contentUrl\":\"https:\\\/\\\/secure.gravatar.com\\\/avatar\\\/61d268e57d1f4525b111222e29d2d5a7f8c420fdbf231ba5566a8ceac74fa960?s=96&d=mm&r=g\",\"caption\":\"Tibor atya\"},\"url\":\"https:\\\/\\\/stuttgarti-katolikusok.de\\\/index.php\\\/author\\\/tibor-atya\\\/\"}]}<\/script>\n<!-- \/ Yoast SEO plugin. -->","yoast_head_json":{"title":"Cs\u00edksomly\u00f3i b\u00facs\u00fa - 2020 - Stuttgarti Katolikusok","robots":{"index":"index","follow":"follow","max-snippet":"max-snippet:-1","max-image-preview":"max-image-preview:large","max-video-preview":"max-video-preview:-1"},"canonical":"https:\/\/stuttgarti-katolikusok.de\/index.php\/csiksomlyoi-bucsu-2020\/","og_locale":"hu_HU","og_type":"article","og_title":"Cs\u00edksomly\u00f3i b\u00facs\u00fa - 2020 - Stuttgarti Katolikusok","og_description":"+! Kedves H\u00edveink, ma van a nagy nap: a Cs\u00edksomly\u00f3i B\u00facs\u00fa! Ha a j\u00e1rv\u00e1ny miatt nem is lehet\u00fcnk ott, l\u00e9lekben ott lehet\u00fcnk, \u00e9s az \u00e9ter hull\u00e1main minden programon r\u00e9szt vehet\u00fcnk. S\u0151t, minden programba bele is kapcsol\u00f3dhatunk. Tegy\u00fck h\u00e1t buzg\u00f3n \u00e9s lelkesen, s k\u00e9rj\u00fck a Sz\u0171zany\u00e1t, hogy tekintsen nemzet\u00fcnkre, egyh\u00e1zk\u00f6zs\u00e9g\u00fcnkre \u00e9s csal\u00e1dunkra! Lelkip\u00e1sztori szeretettel, Imre atya &nbsp; A programok, amelyeken r\u00e9szt lehet venni: https:\/\/www.youtube.com\/channel\/UChrkbh0y4ut-mELoCTRPR_Q &nbsp; Let\u00f6lthet\u0151 liturgikus f\u00fczet: https:\/\/issuu.com\/ofmsajto\/docs\/programfuzet_punkosd_2020 vagy: http:\/\/csiksomlyo.ro\/images\/programfuzet2020.pdf &nbsp; Cs\u00edksomly\u00f3i kegytemplom \u00e9l\u0151 k\u00f6zvet\u00edt\u00e9seinek id\u0151pontjai: M\u00e1jus 29., p\u00e9ntek 18:00 &#8211; nyit\u00f3szentmise \u00e9s virraszt\u00e1s 22:00 \u00f3r\u00e1ig M\u00e1jus 30., szombat 10:00 &#8211; ima 12:30 &#8211; \u00fcnnepi szentmise M\u00e1jus 31., vas\u00e1rnap 10:30 &#8211; p\u00fcnk\u00f6sdvas\u00e1rnapi szentmise J\u00fanius 1., h\u00e9tf\u0151 10:30 &#8211; megeml\u00e9kez\u0151 szentmise A www.csiksomlyo.ro honlapon is minden info megtal\u00e1lhat\u00f3. &nbsp; &nbsp; PS! Ne felejts\u00e9tek megfogalmazott imasz\u00e1nd\u00e9kaitokat \u201eelk\u00fcldeni\u201c az Egyh\u00e1zk\u00f6zs\u00e9g szalagj\u00e1ra, amely tegnap d\u00e9lut\u00e1nt\u00f3l \u2013 a t\u00f6bbi ezerrel \u00e9s ezerrel \u2013 ott leng a kegytemplom el\u0151tti nagy t\u00e1bl\u00e1n!","og_url":"https:\/\/stuttgarti-katolikusok.de\/index.php\/csiksomlyoi-bucsu-2020\/","og_site_name":"Stuttgarti Katolikusok","article_published_time":"2020-05-30T05:10:01+00:00","og_image":[{"width":1600,"height":900,"url":"https:\/\/stuttgarti-katolikusok.de\/wp-content\/uploads\/2020\/05\/csiksomlyo.jpg","type":"image\/jpeg"}],"author":"Tibor atya","twitter_card":"summary_large_image","twitter_misc":{"Szerz\u0151:":"Tibor atya","Becs\u00fclt olvas\u00e1si id\u0151":"1 perc"},"schema":{"@context":"https:\/\/schema.org","@graph":[{"@type":"Article","@id":"https:\/\/stuttgarti-katolikusok.de\/index.php\/csiksomlyoi-bucsu-2020\/#article","isPartOf":{"@id":"https:\/\/stuttgarti-katolikusok.de\/index.php\/csiksomlyoi-bucsu-2020\/"},"author":{"name":"Tibor atya","@id":"https:\/\/stuttgarti-katolikusok.de\/#\/schema\/person\/75908d6f8fdc03a57889d27209df7795"},"headline":"Cs\u00edksomly\u00f3i b\u00facs\u00fa &#8211; 2020","datePublished":"2020-05-30T05:10:01+00:00","mainEntityOfPage":{"@id":"https:\/\/stuttgarti-katolikusok.de\/index.php\/csiksomlyoi-bucsu-2020\/"},"wordCount":226,"image":{"@id":"https:\/\/stuttgarti-katolikusok.de\/index.php\/csiksomlyoi-bucsu-2020\/#primaryimage"},"thumbnailUrl":"https:\/\/stuttgarti-katolikusok.de\/wp-content\/uploads\/2020\/05\/csiksomlyo.jpg","articleSection":["V\u00e1logatott \u00edr\u00e1sok"],"inLanguage":"hu"},{"@type":"WebPage","@id":"https:\/\/stuttgarti-katolikusok.de\/index.php\/csiksomlyoi-bucsu-2020\/","url":"https:\/\/stuttgarti-katolikusok.de\/index.php\/csiksomlyoi-bucsu-2020\/","name":"Cs\u00edksomly\u00f3i b\u00facs\u00fa - 2020 - Stuttgarti Katolikusok","isPartOf":{"@id":"https:\/\/stuttgarti-katolikusok.de\/#website"},"primaryImageOfPage":{"@id":"https:\/\/stuttgarti-katolikusok.de\/index.php\/csiksomlyoi-bucsu-2020\/#primaryimage"},"image":{"@id":"https:\/\/stuttgarti-katolikusok.de\/index.php\/csiksomlyoi-bucsu-2020\/#primaryimage"},"thumbnailUrl":"https:\/\/stuttgarti-katolikusok.de\/wp-content\/uploads\/2020\/05\/csiksomlyo.jpg","datePublished":"2020-05-30T05:10:01+00:00","author":{"@id":"https:\/\/stuttgarti-katolikusok.de\/#\/schema\/person\/75908d6f8fdc03a57889d27209df7795"},"breadcrumb":{"@id":"https:\/\/stuttgarti-katolikusok.de\/index.php\/csiksomlyoi-bucsu-2020\/#breadcrumb"},"inLanguage":"hu","potentialAction":[{"@type":"ReadAction","target":["https:\/\/stuttgarti-katolikusok.de\/index.php\/csiksomlyoi-bucsu-2020\/"]}]},{"@type":"ImageObject","inLanguage":"hu","@id":"https:\/\/stuttgarti-katolikusok.de\/index.php\/csiksomlyoi-bucsu-2020\/#primaryimage","url":"https:\/\/stuttgarti-katolikusok.de\/wp-content\/uploads\/2020\/05\/csiksomlyo.jpg","contentUrl":"https:\/\/stuttgarti-katolikusok.de\/wp-content\/uploads\/2020\/05\/csiksomlyo.jpg","width":1600,"height":900},{"@type":"BreadcrumbList","@id":"https:\/\/stuttgarti-katolikusok.de\/index.php\/csiksomlyoi-bucsu-2020\/#breadcrumb","itemListElement":[{"@type":"ListItem","position":1,"name":"Kezd\u0151lap","item":"https:\/\/stuttgarti-katolikusok.de\/"},{"@type":"ListItem","position":2,"name":"Cs\u00edksomly\u00f3i b\u00facs\u00fa &#8211; 2020"}]},{"@type":"WebSite","@id":"https:\/\/stuttgarti-katolikusok.de\/#website","url":"https:\/\/stuttgarti-katolikusok.de\/","name":"Stuttgarti Katolikusok","description":"","potentialAction":[{"@type":"SearchAction","target":{"@type":"EntryPoint","urlTemplate":"https:\/\/stuttgarti-katolikusok.de\/?s={search_term_string}"},"query-input":{"@type":"PropertyValueSpecification","valueRequired":true,"valueName":"search_term_string"}}],"inLanguage":"hu"},{"@type":"Person","@id":"https:\/\/stuttgarti-katolikusok.de\/#\/schema\/person\/75908d6f8fdc03a57889d27209df7795","name":"Tibor atya","image":{"@type":"ImageObject","inLanguage":"hu","@id":"https:\/\/secure.gravatar.com\/avatar\/61d268e57d1f4525b111222e29d2d5a7f8c420fdbf231ba5566a8ceac74fa960?s=96&d=mm&r=g","url":"https:\/\/secure.gravatar.com\/avatar\/61d268e57d1f4525b111222e29d2d5a7f8c420fdbf231ba5566a8ceac74fa960?s=96&d=mm&r=g","contentUrl":"https:\/\/secure.gravatar.com\/avatar\/61d268e57d1f4525b111222e29d2d5a7f8c420fdbf231ba5566a8ceac74fa960?s=96&d=mm&r=g","caption":"Tibor atya"},"url":"https:\/\/stuttgarti-katolikusok.de\/index.php\/author\/tibor-atya\/"}]}},"_links":{"self":[{"href":"https:\/\/stuttgarti-katolikusok.de\/index.php\/wp-json\/wp\/v2\/posts\/19643","targetHints":{"allow":["GET"]}}],"collection":[{"href":"https:\/\/stuttgarti-katolikusok.de\/index.php\/wp-json\/wp\/v2\/posts"}],"about":[{"href":"https:\/\/stuttgarti-katolikusok.de\/index.php\/wp-json\/wp\/v2\/types\/post"}],"author":[{"embeddable":true,"href":"https:\/\/stuttgarti-katolikusok.de\/index.php\/wp-json\/wp\/v2\/users\/3"}],"replies":[{"embeddable":true,"href":"https:\/\/stuttgarti-katolikusok.de\/index.php\/wp-json\/wp\/v2\/comments?post=19643"}],"version-history":[{"count":1,"href":"https:\/\/stuttgarti-katolikusok.de\/index.php\/wp-json\/wp\/v2\/posts\/19643\/revisions"}],"predecessor-version":[{"id":19645,"href":"https:\/\/stuttgarti-katolikusok.de\/index.php\/wp-json\/wp\/v2\/posts\/19643\/revisions\/19645"}],"wp:featuredmedia":[{"embeddable":true,"href":"https:\/\/stuttgarti-katolikusok.de\/index.php\/wp-json\/wp\/v2\/media\/19644"}],"wp:attachment":[{"href":"https:\/\/stuttgarti-katolikusok.de\/index.php\/wp-json\/wp\/v2\/media?parent=19643"}],"wp:term":[{"taxonomy":"category","embeddable":true,"href":"https:\/\/stuttgarti-katolikusok.de\/index.php\/wp-json\/wp\/v2\/categories?post=19643"},{"taxonomy":"post_tag","embeddable":true,"href":"https:\/\/stuttgarti-katolikusok.de\/index.php\/wp-json\/wp\/v2\/tags?post=19643"}],"curies":[{"name":"wp","href":"https:\/\/api.w.org\/{rel}","templated":true}]}}