{"id":19632,"date":"2020-05-26T04:45:29","date_gmt":"2020-05-26T04:45:29","guid":{"rendered":"https:\/\/gracious-dewdney.138-201-221-2.plesk.page\/?p=19632"},"modified":"2020-05-26T04:46:23","modified_gmt":"2020-05-26T04:46:23","slug":"s-en-veetek-vagyok-minden-nap-a-vilag-vegeig","status":"publish","type":"post","link":"https:\/\/stuttgarti-katolikusok.de\/index.php\/s-en-veetek-vagyok-minden-nap-a-vilag-vegeig\/","title":{"rendered":"&#8222;S \u00e9n veletek vagyok mindennap, a vil\u00e1g v\u00e9g\u00e9ig&#8221;&#8230;"},"content":{"rendered":"<p><em>+! Kedves H\u00edveink, \u201eRendhagy\u00f3 H\u00fasv\u00e9t\u201d c\u00edmmel ind\u00edtott sorozatunknak utols\u00f3 \u00edr\u00e1sa k\u00f6vetkezik. D\u00e1vid Melinda \u00edrta \u00e9s meg\u00e9rint bens\u0151s\u00e9g\u00e9vel, rend\u00fcletlen hit\u00e9vel, amely ebben az al\u00e1bbi\u00a0 c\u00edmad\u00f3 mondatban csap\u00f3dik le. Isten adja, hogy mindannyiunknak ez legyen \u00e9lete egyik horgonya.<\/em><\/p>\n<p><em>Lelkip\u00e1sztori szeretettel,<\/em><\/p>\n<p><em>Imre atya<\/em><\/p>\n<p><strong>\u00a0<\/strong><\/p>\n<p><strong>\u201eS \u00e9n veletek vagyok mindennap, a vil\u00e1g v\u00e9g\u00e9ig.\u201d (Mt 28, 20)<\/strong><\/p>\n<p>Neh\u00e9z \u00edrni egy olyan id\u0151szakr\u00f3l, ami sok f\u00e1jdalommal j\u00e1rt.<\/p>\n<p>Gondtalan \u00e9veim alatt csod\u00e1lattal n\u00e9ztem fel \u00e9s p\u00e9ldak\u00e9pk\u00e9nt tiszteltem azokat, akik neh\u00e9z megpr\u00f3b\u00e1ltat\u00e1sokon estek \u00e1t \u00e9s nem t\u00f6rtek meg, m\u00e9lt\u00f3s\u00e1ggal viselt\u00e9k a betegs\u00e9ggel j\u00e1r\u00f3 illetve a csal\u00e1dtagjaik elveszt\u00e9se \u00e1ltal okozott f\u00e1jdalmakat.<\/p>\n<p>P\u00e1r \u00e9vvel ezel\u0151tt \u00e1testem egy neh\u00e9z m\u0171t\u00e9ten. Nem tudtam, mi v\u00e1r r\u00e1m, nyugodt sz\u00edvvel megb\u00edztam az orvosokban, \u00e9s hittem, hogy az \u00e9rtem mondott ima seg\u00edteni fog. Az oper\u00e1ci\u00f3 ut\u00e1n megk\u00e9rdezte a seb\u00e9sz, hogy van testv\u00e9rem, gyerekem? Nemleges v\u00e1laszomra csak annyit mondott, hogy akkor neh\u00e9z lesz&#8230;<\/p>\n<p>Visszagondolva az elm\u00falt id\u0151szakra m\u00e1r nem csod\u00e1lkozok azon, hogy \u00e1tv\u00e9szeltem azt az id\u0151szakot, mert tudom, hogy meger\u0151s\u00edtett \u00e9s lelki er\u0151t adott az \u00fajabb megpr\u00f3b\u00e1ltat\u00e1sokra.<\/p>\n<p>A legnagyobb seg\u00edts\u00e9get Istenben val\u00f3 hitem jelentett, az im\u00e1k a Sz\u00fczany\u00e1hoz \u00e9s kedvenc szentemhez, Szent Antalhoz. A k\u00f3rh\u00e1zban sokat hallgattam a M\u00e1ria r\u00e1di\u00f3t, egy\u00fctt im\u00e1dkoztam a h\u00edvekkel a r\u00f3zsaf\u00fcz\u00e9rt \u00e9s imak\u00e9r\u00e9st is k\u00fcldtem.<\/p>\n<p>Kis csal\u00e1dunk \u00e9veken \u00e1t egy\u00fctt t\u00f6lt\u00f6tte az \u00fcnnepeket, n\u00e9vnap, sz\u00fclet\u00e9snap megtart\u00e1sa nem maradt el, sokszor pihen\u0151szabads\u00e1gunk idej\u00e9n se v\u00e1ltunk el egym\u00e1st\u00f3l. 2011 elej\u00e9n ez a sz\u00e9p csal\u00e1di egy\u00fcttl\u00e9t \u00e9desap\u00e1m elhunyt\u00e1val hirtelen megszakadt, h\u00e1rman maradtunk \u00e9desany\u00e1mmal.<\/p>\n<p>Id\u00e9n a h\u00fasv\u00e9ti id\u0151szak \u00fajabb megpr\u00f3b\u00e1ltat\u00e1st jelentett. Karant\u00e9nba ker\u00fcltek a szeretteink \u00e9s \u00fagy v\u00e9dhett\u00fck \u0151ket, ha a l\u00e1togat\u00e1sukat mell\u0151zz\u00fck.<\/p>\n<p>S\u00falyos beteg \u00e9desany\u00e1mmal csak telefonon tarthattuk a kapcsolatot \u00e9s minden alkalommal azt k\u00e9rdezte, hogy mikor l\u00e1togatom meg. A szentmis\u00e9ket a sz\u00e1m\u00edt\u00f3g\u00e9pen k\u00f6vett\u00fck, a nagyszombati szertart\u00e1son a zs\u00fafol\u00e1sig megtelt templom helyett csak egy p\u00e1ran j\u00f6hettek el.<\/p>\n<p>H\u00fasv\u00e9t ut\u00e1n \u00e9desany\u00e1m hal\u00e1la el\u0151tti napon beteg\u00e1gy\u00e1n\u00e1l im\u00e1dkoztam \u00e9rte. Imre atya tan\u00e1cs\u00e1ra hangosan kedvenc im\u00e1it mondtam hangosan. A <em>\u201eSz\u0171z sz\u00fcl\u0151je Istennek\u201d<\/em> elim\u00e1dkoz\u00e1sa ut\u00e1n kinyitotta szemeit \u00e9s megszor\u00edtotta a kezemet.<\/p>\n<p>A buzg\u00f3 ima adta vissza \u00e9s adja meg tov\u00e1bbra is a lelki nyugalmamat.<\/p>\n<p>Hiszek abban \u00e9s vallom, hogy a J\u00f3istenben soha se lehet csal\u00f3dni, \u00e9s \u0150 vel\u00fcnk van \u00e9let\u00fcnk v\u00e9g\u00e9ig.<\/p>\n<p>&nbsp;<\/p>\n<p><em>D\u00e1vid Melinda<\/em><\/p>\n<p>&nbsp;<\/p>\n","protected":false},"excerpt":{"rendered":"<p>+! Kedves H\u00edveink, \u201eRendhagy\u00f3 H\u00fasv\u00e9t\u201d c\u00edmmel ind\u00edtott sorozatunknak utols\u00f3 \u00edr\u00e1sa k\u00f6vetkezik. D\u00e1vid Melinda \u00edrta \u00e9s meg\u00e9rint bens\u0151s\u00e9g\u00e9vel, rend\u00fcletlen hit\u00e9vel, amely ebben az al\u00e1bbi\u00a0 c\u00edmad\u00f3 mondatban csap\u00f3dik le. Isten adja, hogy mindannyiunknak ez legyen \u00e9lete egyik horgonya. Lelkip\u00e1sztori szeretettel, Imre atya \u00a0 \u201eS \u00e9n veletek vagyok mindennap, a vil\u00e1g v\u00e9g\u00e9ig.\u201d (Mt 28, 20) Neh\u00e9z \u00edrni egy olyan id\u0151szakr\u00f3l, ami sok f\u00e1jdalommal j\u00e1rt. Gondtalan \u00e9veim alatt csod\u00e1lattal n\u00e9ztem fel \u00e9s p\u00e9ldak\u00e9pk\u00e9nt tiszteltem azokat, akik neh\u00e9z megpr\u00f3b\u00e1ltat\u00e1sokon estek \u00e1t \u00e9s nem t\u00f6rtek meg, m\u00e9lt\u00f3s\u00e1ggal viselt\u00e9k a betegs\u00e9ggel j\u00e1r\u00f3 illetve a csal\u00e1dtagjaik elveszt\u00e9se \u00e1ltal okozott f\u00e1jdalmakat. P\u00e1r \u00e9vvel ezel\u0151tt \u00e1testem egy neh\u00e9z m\u0171t\u00e9ten. Nem tudtam, mi v\u00e1r r\u00e1m, nyugodt sz\u00edvvel megb\u00edztam az orvosokban, \u00e9s hittem, hogy az \u00e9rtem mondott ima seg\u00edteni fog. Az oper\u00e1ci\u00f3 ut\u00e1n megk\u00e9rdezte a seb\u00e9sz, hogy van testv\u00e9rem, gyerekem? Nemleges v\u00e1laszomra csak annyit mondott, hogy akkor neh\u00e9z lesz&#8230; Visszagondolva az elm\u00falt id\u0151szakra m\u00e1r nem csod\u00e1lkozok azon, hogy \u00e1tv\u00e9szeltem azt az id\u0151szakot, mert tudom, hogy meger\u0151s\u00edtett \u00e9s lelki er\u0151t adott az \u00fajabb megpr\u00f3b\u00e1ltat\u00e1sokra. A legnagyobb seg\u00edts\u00e9get Istenben val\u00f3 hitem jelentett, az im\u00e1k a Sz\u00fczany\u00e1hoz \u00e9s kedvenc szentemhez, Szent Antalhoz. A k\u00f3rh\u00e1zban sokat hallgattam a M\u00e1ria r\u00e1di\u00f3t, egy\u00fctt im\u00e1dkoztam a h\u00edvekkel a r\u00f3zsaf\u00fcz\u00e9rt \u00e9s imak\u00e9r\u00e9st is k\u00fcldtem. Kis csal\u00e1dunk \u00e9veken \u00e1t egy\u00fctt t\u00f6lt\u00f6tte az \u00fcnnepeket, n\u00e9vnap, sz\u00fclet\u00e9snap megtart\u00e1sa nem maradt el, sokszor pihen\u0151szabads\u00e1gunk idej\u00e9n se v\u00e1ltunk el egym\u00e1st\u00f3l. 2011 elej\u00e9n ez a sz\u00e9p csal\u00e1di egy\u00fcttl\u00e9t \u00e9desap\u00e1m elhunyt\u00e1val hirtelen megszakadt, h\u00e1rman maradtunk \u00e9desany\u00e1mmal. Id\u00e9n a h\u00fasv\u00e9ti id\u0151szak \u00fajabb megpr\u00f3b\u00e1ltat\u00e1st jelentett. Karant\u00e9nba ker\u00fcltek a szeretteink \u00e9s \u00fagy v\u00e9dhett\u00fck \u0151ket, ha a l\u00e1togat\u00e1sukat mell\u0151zz\u00fck. S\u00falyos beteg \u00e9desany\u00e1mmal csak telefonon tarthattuk a kapcsolatot \u00e9s minden alkalommal azt k\u00e9rdezte, hogy mikor l\u00e1togatom meg. A szentmis\u00e9ket a sz\u00e1m\u00edt\u00f3g\u00e9pen k\u00f6vett\u00fck, a nagyszombati szertart\u00e1son a zs\u00fafol\u00e1sig megtelt templom helyett csak egy p\u00e1ran j\u00f6hettek el. H\u00fasv\u00e9t ut\u00e1n \u00e9desany\u00e1m hal\u00e1la el\u0151tti napon beteg\u00e1gy\u00e1n\u00e1l im\u00e1dkoztam \u00e9rte. Imre atya tan\u00e1cs\u00e1ra hangosan kedvenc im\u00e1it mondtam hangosan&#8230;. <\/p>\n<p><a class=\"readmore\" href=\"https:\/\/stuttgarti-katolikusok.de\/index.php\/s-en-veetek-vagyok-minden-nap-a-vilag-vegeig\/\">R\u00e9szletek<\/a><\/p>\n","protected":false},"author":3,"featured_media":19633,"comment_status":"closed","ping_status":"closed","sticky":false,"template":"","format":"standard","meta":{"footnotes":""},"categories":[28],"tags":[],"class_list":["post-19632","post","type-post","status-publish","format-standard","has-post-thumbnail","hentry","category-olvasoink-irjak"],"yoast_head":"<!-- This site is optimized with the Yoast SEO plugin v27.3 - https:\/\/yoast.com\/product\/yoast-seo-wordpress\/ -->\n<title>&quot;S \u00e9n veletek vagyok mindennap, a vil\u00e1g v\u00e9g\u00e9ig&quot;... - Stuttgarti Katolikusok<\/title>\n<meta name=\"robots\" content=\"index, follow, max-snippet:-1, max-image-preview:large, max-video-preview:-1\" \/>\n<link rel=\"canonical\" href=\"https:\/\/stuttgarti-katolikusok.de\/index.php\/s-en-veetek-vagyok-minden-nap-a-vilag-vegeig\/\" \/>\n<meta property=\"og:locale\" content=\"hu_HU\" \/>\n<meta property=\"og:type\" content=\"article\" \/>\n<meta property=\"og:title\" content=\"&quot;S \u00e9n veletek vagyok mindennap, a vil\u00e1g v\u00e9g\u00e9ig&quot;... - Stuttgarti Katolikusok\" \/>\n<meta property=\"og:description\" content=\"+! Kedves H\u00edveink, \u201eRendhagy\u00f3 H\u00fasv\u00e9t\u201d c\u00edmmel ind\u00edtott sorozatunknak utols\u00f3 \u00edr\u00e1sa k\u00f6vetkezik. D\u00e1vid Melinda \u00edrta \u00e9s meg\u00e9rint bens\u0151s\u00e9g\u00e9vel, rend\u00fcletlen hit\u00e9vel, amely ebben az al\u00e1bbi\u00a0 c\u00edmad\u00f3 mondatban csap\u00f3dik le. Isten adja, hogy mindannyiunknak ez legyen \u00e9lete egyik horgonya. Lelkip\u00e1sztori szeretettel, Imre atya \u00a0 \u201eS \u00e9n veletek vagyok mindennap, a vil\u00e1g v\u00e9g\u00e9ig.\u201d (Mt 28, 20) Neh\u00e9z \u00edrni egy olyan id\u0151szakr\u00f3l, ami sok f\u00e1jdalommal j\u00e1rt. Gondtalan \u00e9veim alatt csod\u00e1lattal n\u00e9ztem fel \u00e9s p\u00e9ldak\u00e9pk\u00e9nt tiszteltem azokat, akik neh\u00e9z megpr\u00f3b\u00e1ltat\u00e1sokon estek \u00e1t \u00e9s nem t\u00f6rtek meg, m\u00e9lt\u00f3s\u00e1ggal viselt\u00e9k a betegs\u00e9ggel j\u00e1r\u00f3 illetve a csal\u00e1dtagjaik elveszt\u00e9se \u00e1ltal okozott f\u00e1jdalmakat. P\u00e1r \u00e9vvel ezel\u0151tt \u00e1testem egy neh\u00e9z m\u0171t\u00e9ten. Nem tudtam, mi v\u00e1r r\u00e1m, nyugodt sz\u00edvvel megb\u00edztam az orvosokban, \u00e9s hittem, hogy az \u00e9rtem mondott ima seg\u00edteni fog. Az oper\u00e1ci\u00f3 ut\u00e1n megk\u00e9rdezte a seb\u00e9sz, hogy van testv\u00e9rem, gyerekem? Nemleges v\u00e1laszomra csak annyit mondott, hogy akkor neh\u00e9z lesz&#8230; Visszagondolva az elm\u00falt id\u0151szakra m\u00e1r nem csod\u00e1lkozok azon, hogy \u00e1tv\u00e9szeltem azt az id\u0151szakot, mert tudom, hogy meger\u0151s\u00edtett \u00e9s lelki er\u0151t adott az \u00fajabb megpr\u00f3b\u00e1ltat\u00e1sokra. A legnagyobb seg\u00edts\u00e9get Istenben val\u00f3 hitem jelentett, az im\u00e1k a Sz\u00fczany\u00e1hoz \u00e9s kedvenc szentemhez, Szent Antalhoz. A k\u00f3rh\u00e1zban sokat hallgattam a M\u00e1ria r\u00e1di\u00f3t, egy\u00fctt im\u00e1dkoztam a h\u00edvekkel a r\u00f3zsaf\u00fcz\u00e9rt \u00e9s imak\u00e9r\u00e9st is k\u00fcldtem. Kis csal\u00e1dunk \u00e9veken \u00e1t egy\u00fctt t\u00f6lt\u00f6tte az \u00fcnnepeket, n\u00e9vnap, sz\u00fclet\u00e9snap megtart\u00e1sa nem maradt el, sokszor pihen\u0151szabads\u00e1gunk idej\u00e9n se v\u00e1ltunk el egym\u00e1st\u00f3l. 2011 elej\u00e9n ez a sz\u00e9p csal\u00e1di egy\u00fcttl\u00e9t \u00e9desap\u00e1m elhunyt\u00e1val hirtelen megszakadt, h\u00e1rman maradtunk \u00e9desany\u00e1mmal. Id\u00e9n a h\u00fasv\u00e9ti id\u0151szak \u00fajabb megpr\u00f3b\u00e1ltat\u00e1st jelentett. Karant\u00e9nba ker\u00fcltek a szeretteink \u00e9s \u00fagy v\u00e9dhett\u00fck \u0151ket, ha a l\u00e1togat\u00e1sukat mell\u0151zz\u00fck. S\u00falyos beteg \u00e9desany\u00e1mmal csak telefonon tarthattuk a kapcsolatot \u00e9s minden alkalommal azt k\u00e9rdezte, hogy mikor l\u00e1togatom meg. A szentmis\u00e9ket a sz\u00e1m\u00edt\u00f3g\u00e9pen k\u00f6vett\u00fck, a nagyszombati szertart\u00e1son a zs\u00fafol\u00e1sig megtelt templom helyett csak egy p\u00e1ran j\u00f6hettek el. H\u00fasv\u00e9t ut\u00e1n \u00e9desany\u00e1m hal\u00e1la el\u0151tti napon beteg\u00e1gy\u00e1n\u00e1l im\u00e1dkoztam \u00e9rte. Imre atya tan\u00e1cs\u00e1ra hangosan kedvenc im\u00e1it mondtam hangosan.... R\u00e9szletek\" \/>\n<meta property=\"og:url\" content=\"https:\/\/stuttgarti-katolikusok.de\/index.php\/s-en-veetek-vagyok-minden-nap-a-vilag-vegeig\/\" \/>\n<meta property=\"og:site_name\" content=\"Stuttgarti Katolikusok\" \/>\n<meta property=\"article:published_time\" content=\"2020-05-26T04:45:29+00:00\" \/>\n<meta property=\"article:modified_time\" content=\"2020-05-26T04:46:23+00:00\" \/>\n<meta property=\"og:image\" content=\"https:\/\/stuttgarti-katolikusok.de\/wp-content\/uploads\/2020\/05\/melinda.jpg\" \/>\n\t<meta property=\"og:image:width\" content=\"800\" \/>\n\t<meta property=\"og:image:height\" content=\"533\" \/>\n\t<meta property=\"og:image:type\" content=\"image\/jpeg\" \/>\n<meta name=\"author\" content=\"Tibor atya\" \/>\n<meta name=\"twitter:card\" content=\"summary_large_image\" \/>\n<meta name=\"twitter:label1\" content=\"Szerz\u0151:\" \/>\n\t<meta name=\"twitter:data1\" content=\"Tibor atya\" \/>\n\t<meta name=\"twitter:label2\" content=\"Becs\u00fclt olvas\u00e1si id\u0151\" \/>\n\t<meta name=\"twitter:data2\" content=\"3 perc\" \/>\n<script type=\"application\/ld+json\" class=\"yoast-schema-graph\">{\"@context\":\"https:\\\/\\\/schema.org\",\"@graph\":[{\"@type\":\"Article\",\"@id\":\"https:\\\/\\\/stuttgarti-katolikusok.de\\\/index.php\\\/s-en-veetek-vagyok-minden-nap-a-vilag-vegeig\\\/#article\",\"isPartOf\":{\"@id\":\"https:\\\/\\\/stuttgarti-katolikusok.de\\\/index.php\\\/s-en-veetek-vagyok-minden-nap-a-vilag-vegeig\\\/\"},\"author\":{\"name\":\"Tibor atya\",\"@id\":\"https:\\\/\\\/stuttgarti-katolikusok.de\\\/#\\\/schema\\\/person\\\/75908d6f8fdc03a57889d27209df7795\"},\"headline\":\"&#8222;S \u00e9n veletek vagyok mindennap, a vil\u00e1g v\u00e9g\u00e9ig&#8221;&#8230;\",\"datePublished\":\"2020-05-26T04:45:29+00:00\",\"dateModified\":\"2020-05-26T04:46:23+00:00\",\"mainEntityOfPage\":{\"@id\":\"https:\\\/\\\/stuttgarti-katolikusok.de\\\/index.php\\\/s-en-veetek-vagyok-minden-nap-a-vilag-vegeig\\\/\"},\"wordCount\":526,\"image\":{\"@id\":\"https:\\\/\\\/stuttgarti-katolikusok.de\\\/index.php\\\/s-en-veetek-vagyok-minden-nap-a-vilag-vegeig\\\/#primaryimage\"},\"thumbnailUrl\":\"https:\\\/\\\/stuttgarti-katolikusok.de\\\/wp-content\\\/uploads\\\/2020\\\/05\\\/melinda.jpg\",\"articleSection\":[\"Olvas\u00f3ink \u00edrj\u00e1k\"],\"inLanguage\":\"hu\"},{\"@type\":\"WebPage\",\"@id\":\"https:\\\/\\\/stuttgarti-katolikusok.de\\\/index.php\\\/s-en-veetek-vagyok-minden-nap-a-vilag-vegeig\\\/\",\"url\":\"https:\\\/\\\/stuttgarti-katolikusok.de\\\/index.php\\\/s-en-veetek-vagyok-minden-nap-a-vilag-vegeig\\\/\",\"name\":\"\\\"S \u00e9n veletek vagyok mindennap, a vil\u00e1g v\u00e9g\u00e9ig\\\"... - Stuttgarti Katolikusok\",\"isPartOf\":{\"@id\":\"https:\\\/\\\/stuttgarti-katolikusok.de\\\/#website\"},\"primaryImageOfPage\":{\"@id\":\"https:\\\/\\\/stuttgarti-katolikusok.de\\\/index.php\\\/s-en-veetek-vagyok-minden-nap-a-vilag-vegeig\\\/#primaryimage\"},\"image\":{\"@id\":\"https:\\\/\\\/stuttgarti-katolikusok.de\\\/index.php\\\/s-en-veetek-vagyok-minden-nap-a-vilag-vegeig\\\/#primaryimage\"},\"thumbnailUrl\":\"https:\\\/\\\/stuttgarti-katolikusok.de\\\/wp-content\\\/uploads\\\/2020\\\/05\\\/melinda.jpg\",\"datePublished\":\"2020-05-26T04:45:29+00:00\",\"dateModified\":\"2020-05-26T04:46:23+00:00\",\"author\":{\"@id\":\"https:\\\/\\\/stuttgarti-katolikusok.de\\\/#\\\/schema\\\/person\\\/75908d6f8fdc03a57889d27209df7795\"},\"breadcrumb\":{\"@id\":\"https:\\\/\\\/stuttgarti-katolikusok.de\\\/index.php\\\/s-en-veetek-vagyok-minden-nap-a-vilag-vegeig\\\/#breadcrumb\"},\"inLanguage\":\"hu\",\"potentialAction\":[{\"@type\":\"ReadAction\",\"target\":[\"https:\\\/\\\/stuttgarti-katolikusok.de\\\/index.php\\\/s-en-veetek-vagyok-minden-nap-a-vilag-vegeig\\\/\"]}]},{\"@type\":\"ImageObject\",\"inLanguage\":\"hu\",\"@id\":\"https:\\\/\\\/stuttgarti-katolikusok.de\\\/index.php\\\/s-en-veetek-vagyok-minden-nap-a-vilag-vegeig\\\/#primaryimage\",\"url\":\"https:\\\/\\\/stuttgarti-katolikusok.de\\\/wp-content\\\/uploads\\\/2020\\\/05\\\/melinda.jpg\",\"contentUrl\":\"https:\\\/\\\/stuttgarti-katolikusok.de\\\/wp-content\\\/uploads\\\/2020\\\/05\\\/melinda.jpg\",\"width\":800,\"height\":533},{\"@type\":\"BreadcrumbList\",\"@id\":\"https:\\\/\\\/stuttgarti-katolikusok.de\\\/index.php\\\/s-en-veetek-vagyok-minden-nap-a-vilag-vegeig\\\/#breadcrumb\",\"itemListElement\":[{\"@type\":\"ListItem\",\"position\":1,\"name\":\"Kezd\u0151lap\",\"item\":\"https:\\\/\\\/stuttgarti-katolikusok.de\\\/\"},{\"@type\":\"ListItem\",\"position\":2,\"name\":\"&#8220;S \u00e9n veletek vagyok mindennap, a vil\u00e1g v\u00e9g\u00e9ig&#8221;&#8230;\"}]},{\"@type\":\"WebSite\",\"@id\":\"https:\\\/\\\/stuttgarti-katolikusok.de\\\/#website\",\"url\":\"https:\\\/\\\/stuttgarti-katolikusok.de\\\/\",\"name\":\"Stuttgarti Katolikusok\",\"description\":\"\",\"potentialAction\":[{\"@type\":\"SearchAction\",\"target\":{\"@type\":\"EntryPoint\",\"urlTemplate\":\"https:\\\/\\\/stuttgarti-katolikusok.de\\\/?s={search_term_string}\"},\"query-input\":{\"@type\":\"PropertyValueSpecification\",\"valueRequired\":true,\"valueName\":\"search_term_string\"}}],\"inLanguage\":\"hu\"},{\"@type\":\"Person\",\"@id\":\"https:\\\/\\\/stuttgarti-katolikusok.de\\\/#\\\/schema\\\/person\\\/75908d6f8fdc03a57889d27209df7795\",\"name\":\"Tibor atya\",\"image\":{\"@type\":\"ImageObject\",\"inLanguage\":\"hu\",\"@id\":\"https:\\\/\\\/secure.gravatar.com\\\/avatar\\\/61d268e57d1f4525b111222e29d2d5a7f8c420fdbf231ba5566a8ceac74fa960?s=96&d=mm&r=g\",\"url\":\"https:\\\/\\\/secure.gravatar.com\\\/avatar\\\/61d268e57d1f4525b111222e29d2d5a7f8c420fdbf231ba5566a8ceac74fa960?s=96&d=mm&r=g\",\"contentUrl\":\"https:\\\/\\\/secure.gravatar.com\\\/avatar\\\/61d268e57d1f4525b111222e29d2d5a7f8c420fdbf231ba5566a8ceac74fa960?s=96&d=mm&r=g\",\"caption\":\"Tibor atya\"},\"url\":\"https:\\\/\\\/stuttgarti-katolikusok.de\\\/index.php\\\/author\\\/tibor-atya\\\/\"}]}<\/script>\n<!-- \/ Yoast SEO plugin. -->","yoast_head_json":{"title":"\"S \u00e9n veletek vagyok mindennap, a vil\u00e1g v\u00e9g\u00e9ig\"... - Stuttgarti Katolikusok","robots":{"index":"index","follow":"follow","max-snippet":"max-snippet:-1","max-image-preview":"max-image-preview:large","max-video-preview":"max-video-preview:-1"},"canonical":"https:\/\/stuttgarti-katolikusok.de\/index.php\/s-en-veetek-vagyok-minden-nap-a-vilag-vegeig\/","og_locale":"hu_HU","og_type":"article","og_title":"\"S \u00e9n veletek vagyok mindennap, a vil\u00e1g v\u00e9g\u00e9ig\"... - Stuttgarti Katolikusok","og_description":"+! Kedves H\u00edveink, \u201eRendhagy\u00f3 H\u00fasv\u00e9t\u201d c\u00edmmel ind\u00edtott sorozatunknak utols\u00f3 \u00edr\u00e1sa k\u00f6vetkezik. D\u00e1vid Melinda \u00edrta \u00e9s meg\u00e9rint bens\u0151s\u00e9g\u00e9vel, rend\u00fcletlen hit\u00e9vel, amely ebben az al\u00e1bbi\u00a0 c\u00edmad\u00f3 mondatban csap\u00f3dik le. Isten adja, hogy mindannyiunknak ez legyen \u00e9lete egyik horgonya. Lelkip\u00e1sztori szeretettel, Imre atya \u00a0 \u201eS \u00e9n veletek vagyok mindennap, a vil\u00e1g v\u00e9g\u00e9ig.\u201d (Mt 28, 20) Neh\u00e9z \u00edrni egy olyan id\u0151szakr\u00f3l, ami sok f\u00e1jdalommal j\u00e1rt. Gondtalan \u00e9veim alatt csod\u00e1lattal n\u00e9ztem fel \u00e9s p\u00e9ldak\u00e9pk\u00e9nt tiszteltem azokat, akik neh\u00e9z megpr\u00f3b\u00e1ltat\u00e1sokon estek \u00e1t \u00e9s nem t\u00f6rtek meg, m\u00e9lt\u00f3s\u00e1ggal viselt\u00e9k a betegs\u00e9ggel j\u00e1r\u00f3 illetve a csal\u00e1dtagjaik elveszt\u00e9se \u00e1ltal okozott f\u00e1jdalmakat. P\u00e1r \u00e9vvel ezel\u0151tt \u00e1testem egy neh\u00e9z m\u0171t\u00e9ten. Nem tudtam, mi v\u00e1r r\u00e1m, nyugodt sz\u00edvvel megb\u00edztam az orvosokban, \u00e9s hittem, hogy az \u00e9rtem mondott ima seg\u00edteni fog. Az oper\u00e1ci\u00f3 ut\u00e1n megk\u00e9rdezte a seb\u00e9sz, hogy van testv\u00e9rem, gyerekem? Nemleges v\u00e1laszomra csak annyit mondott, hogy akkor neh\u00e9z lesz&#8230; Visszagondolva az elm\u00falt id\u0151szakra m\u00e1r nem csod\u00e1lkozok azon, hogy \u00e1tv\u00e9szeltem azt az id\u0151szakot, mert tudom, hogy meger\u0151s\u00edtett \u00e9s lelki er\u0151t adott az \u00fajabb megpr\u00f3b\u00e1ltat\u00e1sokra. A legnagyobb seg\u00edts\u00e9get Istenben val\u00f3 hitem jelentett, az im\u00e1k a Sz\u00fczany\u00e1hoz \u00e9s kedvenc szentemhez, Szent Antalhoz. A k\u00f3rh\u00e1zban sokat hallgattam a M\u00e1ria r\u00e1di\u00f3t, egy\u00fctt im\u00e1dkoztam a h\u00edvekkel a r\u00f3zsaf\u00fcz\u00e9rt \u00e9s imak\u00e9r\u00e9st is k\u00fcldtem. Kis csal\u00e1dunk \u00e9veken \u00e1t egy\u00fctt t\u00f6lt\u00f6tte az \u00fcnnepeket, n\u00e9vnap, sz\u00fclet\u00e9snap megtart\u00e1sa nem maradt el, sokszor pihen\u0151szabads\u00e1gunk idej\u00e9n se v\u00e1ltunk el egym\u00e1st\u00f3l. 2011 elej\u00e9n ez a sz\u00e9p csal\u00e1di egy\u00fcttl\u00e9t \u00e9desap\u00e1m elhunyt\u00e1val hirtelen megszakadt, h\u00e1rman maradtunk \u00e9desany\u00e1mmal. Id\u00e9n a h\u00fasv\u00e9ti id\u0151szak \u00fajabb megpr\u00f3b\u00e1ltat\u00e1st jelentett. Karant\u00e9nba ker\u00fcltek a szeretteink \u00e9s \u00fagy v\u00e9dhett\u00fck \u0151ket, ha a l\u00e1togat\u00e1sukat mell\u0151zz\u00fck. S\u00falyos beteg \u00e9desany\u00e1mmal csak telefonon tarthattuk a kapcsolatot \u00e9s minden alkalommal azt k\u00e9rdezte, hogy mikor l\u00e1togatom meg. A szentmis\u00e9ket a sz\u00e1m\u00edt\u00f3g\u00e9pen k\u00f6vett\u00fck, a nagyszombati szertart\u00e1son a zs\u00fafol\u00e1sig megtelt templom helyett csak egy p\u00e1ran j\u00f6hettek el. H\u00fasv\u00e9t ut\u00e1n \u00e9desany\u00e1m hal\u00e1la el\u0151tti napon beteg\u00e1gy\u00e1n\u00e1l im\u00e1dkoztam \u00e9rte. Imre atya tan\u00e1cs\u00e1ra hangosan kedvenc im\u00e1it mondtam hangosan.... R\u00e9szletek","og_url":"https:\/\/stuttgarti-katolikusok.de\/index.php\/s-en-veetek-vagyok-minden-nap-a-vilag-vegeig\/","og_site_name":"Stuttgarti Katolikusok","article_published_time":"2020-05-26T04:45:29+00:00","article_modified_time":"2020-05-26T04:46:23+00:00","og_image":[{"width":800,"height":533,"url":"https:\/\/stuttgarti-katolikusok.de\/wp-content\/uploads\/2020\/05\/melinda.jpg","type":"image\/jpeg"}],"author":"Tibor atya","twitter_card":"summary_large_image","twitter_misc":{"Szerz\u0151:":"Tibor atya","Becs\u00fclt olvas\u00e1si id\u0151":"3 perc"},"schema":{"@context":"https:\/\/schema.org","@graph":[{"@type":"Article","@id":"https:\/\/stuttgarti-katolikusok.de\/index.php\/s-en-veetek-vagyok-minden-nap-a-vilag-vegeig\/#article","isPartOf":{"@id":"https:\/\/stuttgarti-katolikusok.de\/index.php\/s-en-veetek-vagyok-minden-nap-a-vilag-vegeig\/"},"author":{"name":"Tibor atya","@id":"https:\/\/stuttgarti-katolikusok.de\/#\/schema\/person\/75908d6f8fdc03a57889d27209df7795"},"headline":"&#8222;S \u00e9n veletek vagyok mindennap, a vil\u00e1g v\u00e9g\u00e9ig&#8221;&#8230;","datePublished":"2020-05-26T04:45:29+00:00","dateModified":"2020-05-26T04:46:23+00:00","mainEntityOfPage":{"@id":"https:\/\/stuttgarti-katolikusok.de\/index.php\/s-en-veetek-vagyok-minden-nap-a-vilag-vegeig\/"},"wordCount":526,"image":{"@id":"https:\/\/stuttgarti-katolikusok.de\/index.php\/s-en-veetek-vagyok-minden-nap-a-vilag-vegeig\/#primaryimage"},"thumbnailUrl":"https:\/\/stuttgarti-katolikusok.de\/wp-content\/uploads\/2020\/05\/melinda.jpg","articleSection":["Olvas\u00f3ink \u00edrj\u00e1k"],"inLanguage":"hu"},{"@type":"WebPage","@id":"https:\/\/stuttgarti-katolikusok.de\/index.php\/s-en-veetek-vagyok-minden-nap-a-vilag-vegeig\/","url":"https:\/\/stuttgarti-katolikusok.de\/index.php\/s-en-veetek-vagyok-minden-nap-a-vilag-vegeig\/","name":"\"S \u00e9n veletek vagyok mindennap, a vil\u00e1g v\u00e9g\u00e9ig\"... - Stuttgarti Katolikusok","isPartOf":{"@id":"https:\/\/stuttgarti-katolikusok.de\/#website"},"primaryImageOfPage":{"@id":"https:\/\/stuttgarti-katolikusok.de\/index.php\/s-en-veetek-vagyok-minden-nap-a-vilag-vegeig\/#primaryimage"},"image":{"@id":"https:\/\/stuttgarti-katolikusok.de\/index.php\/s-en-veetek-vagyok-minden-nap-a-vilag-vegeig\/#primaryimage"},"thumbnailUrl":"https:\/\/stuttgarti-katolikusok.de\/wp-content\/uploads\/2020\/05\/melinda.jpg","datePublished":"2020-05-26T04:45:29+00:00","dateModified":"2020-05-26T04:46:23+00:00","author":{"@id":"https:\/\/stuttgarti-katolikusok.de\/#\/schema\/person\/75908d6f8fdc03a57889d27209df7795"},"breadcrumb":{"@id":"https:\/\/stuttgarti-katolikusok.de\/index.php\/s-en-veetek-vagyok-minden-nap-a-vilag-vegeig\/#breadcrumb"},"inLanguage":"hu","potentialAction":[{"@type":"ReadAction","target":["https:\/\/stuttgarti-katolikusok.de\/index.php\/s-en-veetek-vagyok-minden-nap-a-vilag-vegeig\/"]}]},{"@type":"ImageObject","inLanguage":"hu","@id":"https:\/\/stuttgarti-katolikusok.de\/index.php\/s-en-veetek-vagyok-minden-nap-a-vilag-vegeig\/#primaryimage","url":"https:\/\/stuttgarti-katolikusok.de\/wp-content\/uploads\/2020\/05\/melinda.jpg","contentUrl":"https:\/\/stuttgarti-katolikusok.de\/wp-content\/uploads\/2020\/05\/melinda.jpg","width":800,"height":533},{"@type":"BreadcrumbList","@id":"https:\/\/stuttgarti-katolikusok.de\/index.php\/s-en-veetek-vagyok-minden-nap-a-vilag-vegeig\/#breadcrumb","itemListElement":[{"@type":"ListItem","position":1,"name":"Kezd\u0151lap","item":"https:\/\/stuttgarti-katolikusok.de\/"},{"@type":"ListItem","position":2,"name":"&#8220;S \u00e9n veletek vagyok mindennap, a vil\u00e1g v\u00e9g\u00e9ig&#8221;&#8230;"}]},{"@type":"WebSite","@id":"https:\/\/stuttgarti-katolikusok.de\/#website","url":"https:\/\/stuttgarti-katolikusok.de\/","name":"Stuttgarti Katolikusok","description":"","potentialAction":[{"@type":"SearchAction","target":{"@type":"EntryPoint","urlTemplate":"https:\/\/stuttgarti-katolikusok.de\/?s={search_term_string}"},"query-input":{"@type":"PropertyValueSpecification","valueRequired":true,"valueName":"search_term_string"}}],"inLanguage":"hu"},{"@type":"Person","@id":"https:\/\/stuttgarti-katolikusok.de\/#\/schema\/person\/75908d6f8fdc03a57889d27209df7795","name":"Tibor atya","image":{"@type":"ImageObject","inLanguage":"hu","@id":"https:\/\/secure.gravatar.com\/avatar\/61d268e57d1f4525b111222e29d2d5a7f8c420fdbf231ba5566a8ceac74fa960?s=96&d=mm&r=g","url":"https:\/\/secure.gravatar.com\/avatar\/61d268e57d1f4525b111222e29d2d5a7f8c420fdbf231ba5566a8ceac74fa960?s=96&d=mm&r=g","contentUrl":"https:\/\/secure.gravatar.com\/avatar\/61d268e57d1f4525b111222e29d2d5a7f8c420fdbf231ba5566a8ceac74fa960?s=96&d=mm&r=g","caption":"Tibor atya"},"url":"https:\/\/stuttgarti-katolikusok.de\/index.php\/author\/tibor-atya\/"}]}},"_links":{"self":[{"href":"https:\/\/stuttgarti-katolikusok.de\/index.php\/wp-json\/wp\/v2\/posts\/19632","targetHints":{"allow":["GET"]}}],"collection":[{"href":"https:\/\/stuttgarti-katolikusok.de\/index.php\/wp-json\/wp\/v2\/posts"}],"about":[{"href":"https:\/\/stuttgarti-katolikusok.de\/index.php\/wp-json\/wp\/v2\/types\/post"}],"author":[{"embeddable":true,"href":"https:\/\/stuttgarti-katolikusok.de\/index.php\/wp-json\/wp\/v2\/users\/3"}],"replies":[{"embeddable":true,"href":"https:\/\/stuttgarti-katolikusok.de\/index.php\/wp-json\/wp\/v2\/comments?post=19632"}],"version-history":[{"count":3,"href":"https:\/\/stuttgarti-katolikusok.de\/index.php\/wp-json\/wp\/v2\/posts\/19632\/revisions"}],"predecessor-version":[{"id":19641,"href":"https:\/\/stuttgarti-katolikusok.de\/index.php\/wp-json\/wp\/v2\/posts\/19632\/revisions\/19641"}],"wp:featuredmedia":[{"embeddable":true,"href":"https:\/\/stuttgarti-katolikusok.de\/index.php\/wp-json\/wp\/v2\/media\/19633"}],"wp:attachment":[{"href":"https:\/\/stuttgarti-katolikusok.de\/index.php\/wp-json\/wp\/v2\/media?parent=19632"}],"wp:term":[{"taxonomy":"category","embeddable":true,"href":"https:\/\/stuttgarti-katolikusok.de\/index.php\/wp-json\/wp\/v2\/categories?post=19632"},{"taxonomy":"post_tag","embeddable":true,"href":"https:\/\/stuttgarti-katolikusok.de\/index.php\/wp-json\/wp\/v2\/tags?post=19632"}],"curies":[{"name":"wp","href":"https:\/\/api.w.org\/{rel}","templated":true}]}}