{"id":19586,"date":"2020-05-23T09:43:21","date_gmt":"2020-05-23T09:43:21","guid":{"rendered":"https:\/\/gracious-dewdney.138-201-221-2.plesk.page\/?p=19586"},"modified":"2020-05-23T11:03:53","modified_gmt":"2020-05-23T11:03:53","slug":"aldozocsutortok-ulmban","status":"publish","type":"post","link":"https:\/\/stuttgarti-katolikusok.de\/index.php\/aldozocsutortok-ulmban\/","title":{"rendered":"\u00c1ldoz\u00f3cs\u00fct\u00f6rt\u00f6k Ulmban"},"content":{"rendered":"<p><em>+! Kedves Testv\u00e9rek!<\/em><\/p>\n<p><em>Imm\u00e1r k\u00e9t hete, hogy ism\u00e9t lehet\u0151s\u00e9g\u00fcnk van arra, hogy nyilv\u00e1nos szentmise keret\u00e9ben \u00fcnnepelj\u00fck az Euchariszti\u00e1t. Kolozsv\u00e1ri Emese, az ulmi r\u00e9szegyh\u00e1zk\u00f6zs\u00e9g\u00fcnk tagja osztja meg az al\u00e1bbiakban gondolatait \u00e9s \u00e9rz\u00e9seit. Fogadj\u00e1tok szeretettel!<\/em><\/p>\n<p><em>Mell\u00e9kelem ezen a szentmis\u00e9n elhangzott elm\u00e9lked\u00e9st is:<\/em><\/p>\n<p><a href=\"https:\/\/drive.google.com\/open?id=1q48U63oPKUafxhdi0EzP3hFCjOsPhpa0\">https:\/\/drive.google.com\/open?id=1q48U63oPKUafxhdi0EzP3hFCjOsPhpa0<\/a><\/p>\n<p><em>Tibor atya<\/em><\/p>\n<p><em><strong>\u00c1ldoz\u00f3cs\u00fct\u00f6rt\u00f6k Ulmban<\/strong><\/em><\/p>\n<p>M\u00e1r nem is tudom, mi\u00f3ta nem vehett\u00fcnk r\u00e9szt nyilv\u00e1nos szentmis\u00e9n\u2026 Tal\u00e1n m\u00e1rcius volt. M\u00e9g tavasz eleje, s most d\u00fcb\u00f6r\u00f6g a ny\u00e1r.<\/p>\n<p>Igaz, r\u00e9szt vett\u00fcnk sok online vagy telev\u00edzi\u00f3s szentmis\u00e9n, H\u00fasv\u00e9tkor is olyan helyeken kapcsol\u00f3dhattunk be a Felt\u00e1mad\u00e1si szertart\u00e1sba, amelyekr\u0151l m\u00e1skor nem is \u00e1lmodtunk, de az nem ugyanaz.<\/p>\n<p>Igaz, megadatott nekem, nek\u00fcnk, hogy seg\u00e9dkezz\u00fcnk a karant\u00e9n-szentmis\u00e9k felv\u00e9tel\u00e9n\u00e9l, a kong\u00f3, visszhangz\u00f3 templomban. Sz\u00edvszor\u00edt\u00f3an felemel\u0151 \u00e9rz\u00e9s! Kegyelem, ami azokban az id\u0151kben igencsak keveseknek adatott meg. S a sz\u00edv\u00fcnk telve volt. Igenis, \u0151riz\u0151je vagyok testv\u00e9remnek, igenis hordoznom kell sz\u00edvemben azokat, akik nem lehetnek jelen, m\u00e9g ha a f\u00e9lelem (vajon minden szab\u00e1lyt \u00e9s el\u0151\u00edr\u00e1st pontosan betartottam-e) \u00f6ssze is szor\u00edtja a sz\u00edvet. A szeretet kit\u00e1g\u00edtja \u00fajra! S akiket sz\u00edv\u00fcnkben hordozunk, vel\u00fcnk vannak. Az\u00e9rt, ez \u00edgy m\u00e9gse ugyanaz!<\/p>\n<p>Mivel Ulmban m\u00e9g nem lehetett szentmis\u00e9t tartani, elment\u00fcnk a weingarteni els\u0151 nyilv\u00e1nos szentmis\u00e9re, s \u00f6r\u00fclt\u00fcnk is a lehet\u0151s\u00e9gnek &#8211; de m\u00e9g ez sem ugyanaz.<\/p>\n<p>Urunk mennybemenetel\u00e9nek \u00fcnnep\u00e9n azonban v\u00e9gre m\u00e1r itt Ulmban is lehetett szentmis\u00e9t tartani, s a lehet\u0151s\u00e9gekhez m\u00e9rten sz\u00e9p sz\u00e1mban gy\u0171lt \u00f6ssze k\u00f6z\u00f6ss\u00e9g\u00fcnk a Wengen templom harangjainak z\u00fag\u00e1s\u00e1ra, s nem kev\u00e9sb\u00e9 az Enik\u0151 szervez\u0151 szav\u00e1ra. Ahogy Tibor atya fogalmazott, olyan volt ez, mint amikor egy kisgyermek \u00e9lete nagy \u00e1lma val\u00f3ra v\u00e1lik, mert a nagyok teljes\u00edtik k\u00edv\u00e1ns\u00e1g\u00e1t, s \u0151 jelen lehet egy focimeccs kezd\u0151 r\u00fag\u00e1s\u00e1n\u00e1l, vagy egy Forma 1-es futam rajtj\u00e1n\u00e1l\u2026 igen, bizonyos \u00e9rtelemben mind kiv\u00e1lasztottak voltunk.<\/p>\n<p>Szentmise volt! \u00dajra \u00e1t\u00e9lhett\u00fck a m\u00e9lys\u00e9ges titkot, Krisztus test\u00e9v\u00e9 \u00e9s v\u00e9r\u00e9v\u00e9 lett a keny\u00e9r \u00e9s bor k\u00fcls\u0151 sz\u00edn\u00e9ben. Egy leveg\u0151t sz\u00edvtunk, m\u00e9g ha maszkkal takartuk el arcunkat, a kereszt\u00e1ldozat\u00e1t v\u00e9r n\u00e9lk\u00fcl meg\u00faj\u00edt\u00f3 Krisztussal! \u00c9s tenyeremben tarthattam \u0150t, Aki engem a tenyer\u00e9n hordoz!<\/p>\n<p>Igaz, m\u00e1s volt minden, mint azel\u0151tt. \u00daj volt minden. Ajt\u00f3n\u00e1ll\u00f3k\u00e9nt, be kell vallanom, a figyelmem s a lelkem sem \u00fagy volt jelen, ahogy szerettem volna. De szentmise volt! S \u00e9n annyival tartozom a k\u00f6z\u00f6ss\u00e9gnek! Ha jelen lehettem akkor, amikor m\u00e1snak lehetetlen volt, most tegyem lehet\u0151v\u00e9 m\u00e1snak a teljes jelenl\u00e9tet, testben-l\u00e9lekben\u2026<\/p>\n<p>Igaz, nem egyszer\u0171 a lelket r\u00e1hangolni, hi\u00e1nyzik az \u00e9nek, hi\u00e1nyzik a felszabadults\u00e1g, hi\u00e1nyzanak a k\u00e9zfog\u00e1sok, a tal\u00e1lkoz\u00e1sok, de Krisztus ott volt, \u00e9s mi ott voltunk. F\u00e1j, hogy sokan nem lehettek ott, \u00e9letkoruk vagy eg\u00e9szs\u00e9gi \u00e1llapotuk miatt, \u0151k nagyon hi\u00e1nyoztak. Viszont mi \u00e9rt\u00fck is ott voltunk! B\u00e1r nagyon korl\u00e1tozott a l\u00e9tsz\u00e1m, az \u00faj megszor\u00edt\u00e1sok miatt nagyon t\u00e1vol kell \u00fcln\u00fcnk egym\u00e1st\u00f3l, s \u00edgy ez is tomp\u00edtja a lelket. Ellenben \u00fagy gondolom, ha v\u00e1llalom, hogy egy vend\u00e9gl\u00e1t\u00f3helyen meg kell adnom szem\u00e9lyes adataimat az\u00e9rt, hogy helyben fogyaszthassak valamit, mennyivel ink\u00e1bb v\u00e1llalom ezt a kellemetlens\u00e9get, ha maga Krisztus v\u00e1r ter\u00edtett asztal\u00e1n\u00e1l: \u201evegy\u00e9tek \u00e9s egy\u00e9tek\u201d.<\/p>\n<p>A kezd\u0151 k\u00f6ny\u00f6rg\u00e9s alapgondolata: \u201eKrisztusnak mennybemenetele a mi f\u00f6lemelked\u00e9s\u00fcnk: ahov\u00e1 ugyanis a F\u0151 eljutott dics\u0151s\u00e9gben, oda kapott megh\u00edv\u00e1st az eg\u00e9sz test, az Egyh\u00e1z, rem\u00e9nys\u00e9gben\u201d.\u00a0 Ezt \u00fcnnepelt\u00fck! \u0150 nem hagy magunkra. Vel\u00fcnk marad minden nap, a vil\u00e1g v\u00e9g\u00e9ig! S, ahogy az atya kifejtette, tekintet\u00fcnket ne felejts\u00fck se fent, se lent. \u201eGalileai f\u00e9rfiak, mit \u00e1lltok itt \u00e9gre emelt tekintettel?\u201d Legy\u00fcnk figyelmesek, meg ne botoljunk, m\u00edg tekintet\u00fcnk az \u00e9gre emelj\u00fck, n\u00e9ha n\u00e9zz\u00fcnk a l\u00e1bunk el\u00e9 is. A legfontosabb, hogy ne ragadjunk le f\u00f6ldi f\u00e9lelmeinkn\u00e9l. Mert mindenki els\u0151sorban a saj\u00e1t kis \u00e9let\u00e9t tudja elrontani vagy elherd\u00e1lni, beszennyezni vagy megszentelni.<\/p>\n<p>Szentmise volt Ulmban! S mi ott voltunk! Mennyire sz\u00edvmelenget\u0151 volt l\u00e1tni, ahogy, a felk\u00e9r\u00e9snek eleget t\u00e9ve, igyekeztek\/-t\u00fcnk nem csoportosulni a templom el\u0151tti t\u00e9ren. Az \u00f6r\u00f6m, hogy v\u00e9gre l\u00e1tjuk egym\u00e1st, t\u00f6k\u00e9letes k\u00f6r\u00f6ket alkotott, s az el\u0151\u00edr\u00e1sokat szigor\u00faan betartva, a szeretet lelem\u00e9nyess\u00e9g\u00e9ben m\u00e9gis tal\u00e1lkozhattunk egym\u00e1ssal! L\u00e1m, a Vigasztal\u00f3 m\u00e1r k\u00e9sz\u00edti \u00fatj\u00e1t\u2026<\/p>\n<p>Adja Isten, hogy mihamarabb \u00fajra mind, f\u00e9lelem n\u00e9lk\u00fcl \u00fcnnepelhess\u00fcnk egy\u00fctt, kicsi \u00e9s nagy egyar\u00e1nt!<\/p>\n<p><em>Ulm, 2020. m\u00e1jus 22.<\/em><\/p>\n<p><em>Kolozsv\u00e1ri Emese<\/em><\/p>\n","protected":false},"excerpt":{"rendered":"<p>+! Kedves Testv\u00e9rek! Imm\u00e1r k\u00e9t hete, hogy ism\u00e9t lehet\u0151s\u00e9g\u00fcnk van arra, hogy nyilv\u00e1nos szentmise keret\u00e9ben \u00fcnnepelj\u00fck az Euchariszti\u00e1t. Kolozsv\u00e1ri Emese, az ulmi r\u00e9szegyh\u00e1zk\u00f6zs\u00e9g\u00fcnk tagja osztja meg az al\u00e1bbiakban gondolatait \u00e9s \u00e9rz\u00e9seit. Fogadj\u00e1tok szeretettel! Mell\u00e9kelem ezen a szentmis\u00e9n elhangzott elm\u00e9lked\u00e9st is: https:\/\/drive.google.com\/open?id=1q48U63oPKUafxhdi0EzP3hFCjOsPhpa0 Tibor atya \u00c1ldoz\u00f3cs\u00fct\u00f6rt\u00f6k Ulmban M\u00e1r nem is tudom, mi\u00f3ta nem vehett\u00fcnk r\u00e9szt nyilv\u00e1nos szentmis\u00e9n\u2026 Tal\u00e1n m\u00e1rcius volt. M\u00e9g tavasz eleje, s most d\u00fcb\u00f6r\u00f6g a ny\u00e1r. Igaz, r\u00e9szt vett\u00fcnk sok online vagy telev\u00edzi\u00f3s szentmis\u00e9n, H\u00fasv\u00e9tkor is olyan helyeken kapcsol\u00f3dhattunk be a Felt\u00e1mad\u00e1si szertart\u00e1sba, amelyekr\u0151l m\u00e1skor nem is \u00e1lmodtunk, de az nem ugyanaz. Igaz, megadatott nekem, nek\u00fcnk, hogy seg\u00e9dkezz\u00fcnk a karant\u00e9n-szentmis\u00e9k felv\u00e9tel\u00e9n\u00e9l, a kong\u00f3, visszhangz\u00f3 templomban. Sz\u00edvszor\u00edt\u00f3an felemel\u0151 \u00e9rz\u00e9s! Kegyelem, ami azokban az id\u0151kben igencsak keveseknek adatott meg. S a sz\u00edv\u00fcnk telve volt. Igenis, \u0151riz\u0151je vagyok testv\u00e9remnek, igenis hordoznom kell sz\u00edvemben azokat, akik nem lehetnek jelen, m\u00e9g ha a f\u00e9lelem (vajon minden szab\u00e1lyt \u00e9s el\u0151\u00edr\u00e1st pontosan betartottam-e) \u00f6ssze is szor\u00edtja a sz\u00edvet. A szeretet kit\u00e1g\u00edtja \u00fajra! S akiket sz\u00edv\u00fcnkben hordozunk, vel\u00fcnk vannak. Az\u00e9rt, ez \u00edgy m\u00e9gse ugyanaz! Mivel Ulmban m\u00e9g nem lehetett szentmis\u00e9t tartani, elment\u00fcnk a weingarteni els\u0151 nyilv\u00e1nos szentmis\u00e9re, s \u00f6r\u00fclt\u00fcnk is a lehet\u0151s\u00e9gnek &#8211; de m\u00e9g ez sem ugyanaz. Urunk mennybemenetel\u00e9nek \u00fcnnep\u00e9n azonban v\u00e9gre m\u00e1r itt Ulmban is lehetett szentmis\u00e9t tartani, s a lehet\u0151s\u00e9gekhez m\u00e9rten sz\u00e9p sz\u00e1mban gy\u0171lt \u00f6ssze k\u00f6z\u00f6ss\u00e9g\u00fcnk a Wengen templom harangjainak z\u00fag\u00e1s\u00e1ra, s nem kev\u00e9sb\u00e9 az Enik\u0151 szervez\u0151 szav\u00e1ra. Ahogy Tibor atya fogalmazott, olyan volt ez, mint amikor egy kisgyermek \u00e9lete nagy \u00e1lma val\u00f3ra v\u00e1lik, mert a nagyok teljes\u00edtik k\u00edv\u00e1ns\u00e1g\u00e1t, s \u0151 jelen lehet egy focimeccs kezd\u0151 r\u00fag\u00e1s\u00e1n\u00e1l, vagy egy Forma 1-es futam rajtj\u00e1n\u00e1l\u2026 igen, bizonyos \u00e9rtelemben mind kiv\u00e1lasztottak voltunk. Szentmise volt! \u00dajra \u00e1t\u00e9lhett\u00fck a m\u00e9lys\u00e9ges titkot, Krisztus test\u00e9v\u00e9 \u00e9s v\u00e9r\u00e9v\u00e9 lett a keny\u00e9r \u00e9s bor k\u00fcls\u0151 sz\u00edn\u00e9ben. Egy leveg\u0151t sz\u00edvtunk, m\u00e9g ha maszkkal takartuk el arcunkat, a kereszt\u00e1ldozat\u00e1t v\u00e9r n\u00e9lk\u00fcl meg\u00faj\u00edt\u00f3 Krisztussal! \u00c9s tenyeremben tarthattam&#8230; <\/p>\n<p><a class=\"readmore\" href=\"https:\/\/stuttgarti-katolikusok.de\/index.php\/aldozocsutortok-ulmban\/\">R\u00e9szletek<\/a><\/p>\n","protected":false},"author":3,"featured_media":19588,"comment_status":"closed","ping_status":"closed","sticky":false,"template":"","format":"standard","meta":{"footnotes":""},"categories":[28],"tags":[],"class_list":["post-19586","post","type-post","status-publish","format-standard","has-post-thumbnail","hentry","category-olvasoink-irjak"],"yoast_head":"<!-- This site is optimized with the Yoast SEO plugin v27.3 - https:\/\/yoast.com\/product\/yoast-seo-wordpress\/ -->\n<title>\u00c1ldoz\u00f3cs\u00fct\u00f6rt\u00f6k Ulmban - Stuttgarti Katolikusok<\/title>\n<meta name=\"robots\" content=\"index, follow, max-snippet:-1, max-image-preview:large, max-video-preview:-1\" \/>\n<link rel=\"canonical\" href=\"https:\/\/stuttgarti-katolikusok.de\/index.php\/aldozocsutortok-ulmban\/\" \/>\n<meta property=\"og:locale\" content=\"hu_HU\" \/>\n<meta property=\"og:type\" content=\"article\" \/>\n<meta property=\"og:title\" content=\"\u00c1ldoz\u00f3cs\u00fct\u00f6rt\u00f6k Ulmban - Stuttgarti Katolikusok\" \/>\n<meta property=\"og:description\" content=\"+! Kedves Testv\u00e9rek! Imm\u00e1r k\u00e9t hete, hogy ism\u00e9t lehet\u0151s\u00e9g\u00fcnk van arra, hogy nyilv\u00e1nos szentmise keret\u00e9ben \u00fcnnepelj\u00fck az Euchariszti\u00e1t. Kolozsv\u00e1ri Emese, az ulmi r\u00e9szegyh\u00e1zk\u00f6zs\u00e9g\u00fcnk tagja osztja meg az al\u00e1bbiakban gondolatait \u00e9s \u00e9rz\u00e9seit. Fogadj\u00e1tok szeretettel! Mell\u00e9kelem ezen a szentmis\u00e9n elhangzott elm\u00e9lked\u00e9st is: https:\/\/drive.google.com\/open?id=1q48U63oPKUafxhdi0EzP3hFCjOsPhpa0 Tibor atya \u00c1ldoz\u00f3cs\u00fct\u00f6rt\u00f6k Ulmban M\u00e1r nem is tudom, mi\u00f3ta nem vehett\u00fcnk r\u00e9szt nyilv\u00e1nos szentmis\u00e9n\u2026 Tal\u00e1n m\u00e1rcius volt. M\u00e9g tavasz eleje, s most d\u00fcb\u00f6r\u00f6g a ny\u00e1r. Igaz, r\u00e9szt vett\u00fcnk sok online vagy telev\u00edzi\u00f3s szentmis\u00e9n, H\u00fasv\u00e9tkor is olyan helyeken kapcsol\u00f3dhattunk be a Felt\u00e1mad\u00e1si szertart\u00e1sba, amelyekr\u0151l m\u00e1skor nem is \u00e1lmodtunk, de az nem ugyanaz. Igaz, megadatott nekem, nek\u00fcnk, hogy seg\u00e9dkezz\u00fcnk a karant\u00e9n-szentmis\u00e9k felv\u00e9tel\u00e9n\u00e9l, a kong\u00f3, visszhangz\u00f3 templomban. Sz\u00edvszor\u00edt\u00f3an felemel\u0151 \u00e9rz\u00e9s! Kegyelem, ami azokban az id\u0151kben igencsak keveseknek adatott meg. S a sz\u00edv\u00fcnk telve volt. Igenis, \u0151riz\u0151je vagyok testv\u00e9remnek, igenis hordoznom kell sz\u00edvemben azokat, akik nem lehetnek jelen, m\u00e9g ha a f\u00e9lelem (vajon minden szab\u00e1lyt \u00e9s el\u0151\u00edr\u00e1st pontosan betartottam-e) \u00f6ssze is szor\u00edtja a sz\u00edvet. A szeretet kit\u00e1g\u00edtja \u00fajra! S akiket sz\u00edv\u00fcnkben hordozunk, vel\u00fcnk vannak. Az\u00e9rt, ez \u00edgy m\u00e9gse ugyanaz! Mivel Ulmban m\u00e9g nem lehetett szentmis\u00e9t tartani, elment\u00fcnk a weingarteni els\u0151 nyilv\u00e1nos szentmis\u00e9re, s \u00f6r\u00fclt\u00fcnk is a lehet\u0151s\u00e9gnek &#8211; de m\u00e9g ez sem ugyanaz. Urunk mennybemenetel\u00e9nek \u00fcnnep\u00e9n azonban v\u00e9gre m\u00e1r itt Ulmban is lehetett szentmis\u00e9t tartani, s a lehet\u0151s\u00e9gekhez m\u00e9rten sz\u00e9p sz\u00e1mban gy\u0171lt \u00f6ssze k\u00f6z\u00f6ss\u00e9g\u00fcnk a Wengen templom harangjainak z\u00fag\u00e1s\u00e1ra, s nem kev\u00e9sb\u00e9 az Enik\u0151 szervez\u0151 szav\u00e1ra. Ahogy Tibor atya fogalmazott, olyan volt ez, mint amikor egy kisgyermek \u00e9lete nagy \u00e1lma val\u00f3ra v\u00e1lik, mert a nagyok teljes\u00edtik k\u00edv\u00e1ns\u00e1g\u00e1t, s \u0151 jelen lehet egy focimeccs kezd\u0151 r\u00fag\u00e1s\u00e1n\u00e1l, vagy egy Forma 1-es futam rajtj\u00e1n\u00e1l\u2026 igen, bizonyos \u00e9rtelemben mind kiv\u00e1lasztottak voltunk. Szentmise volt! \u00dajra \u00e1t\u00e9lhett\u00fck a m\u00e9lys\u00e9ges titkot, Krisztus test\u00e9v\u00e9 \u00e9s v\u00e9r\u00e9v\u00e9 lett a keny\u00e9r \u00e9s bor k\u00fcls\u0151 sz\u00edn\u00e9ben. Egy leveg\u0151t sz\u00edvtunk, m\u00e9g ha maszkkal takartuk el arcunkat, a kereszt\u00e1ldozat\u00e1t v\u00e9r n\u00e9lk\u00fcl meg\u00faj\u00edt\u00f3 Krisztussal! \u00c9s tenyeremben tarthattam... R\u00e9szletek\" \/>\n<meta property=\"og:url\" content=\"https:\/\/stuttgarti-katolikusok.de\/index.php\/aldozocsutortok-ulmban\/\" \/>\n<meta property=\"og:site_name\" content=\"Stuttgarti Katolikusok\" \/>\n<meta property=\"article:published_time\" content=\"2020-05-23T09:43:21+00:00\" \/>\n<meta property=\"article:modified_time\" content=\"2020-05-23T11:03:53+00:00\" \/>\n<meta property=\"og:image\" content=\"https:\/\/stuttgarti-katolikusok.de\/wp-content\/uploads\/2020\/05\/aldozocsutortok-ulm.jpeg\" \/>\n\t<meta property=\"og:image:width\" content=\"1600\" \/>\n\t<meta property=\"og:image:height\" content=\"1200\" \/>\n\t<meta property=\"og:image:type\" content=\"image\/jpeg\" \/>\n<meta name=\"author\" content=\"Tibor atya\" \/>\n<meta name=\"twitter:card\" content=\"summary_large_image\" \/>\n<meta name=\"twitter:label1\" content=\"Szerz\u0151:\" \/>\n\t<meta name=\"twitter:data1\" content=\"Tibor atya\" \/>\n\t<meta name=\"twitter:label2\" content=\"Becs\u00fclt olvas\u00e1si id\u0151\" \/>\n\t<meta name=\"twitter:data2\" content=\"5 perc\" \/>\n<script type=\"application\/ld+json\" class=\"yoast-schema-graph\">{\"@context\":\"https:\\\/\\\/schema.org\",\"@graph\":[{\"@type\":\"Article\",\"@id\":\"https:\\\/\\\/stuttgarti-katolikusok.de\\\/index.php\\\/aldozocsutortok-ulmban\\\/#article\",\"isPartOf\":{\"@id\":\"https:\\\/\\\/stuttgarti-katolikusok.de\\\/index.php\\\/aldozocsutortok-ulmban\\\/\"},\"author\":{\"name\":\"Tibor atya\",\"@id\":\"https:\\\/\\\/stuttgarti-katolikusok.de\\\/#\\\/schema\\\/person\\\/75908d6f8fdc03a57889d27209df7795\"},\"headline\":\"\u00c1ldoz\u00f3cs\u00fct\u00f6rt\u00f6k Ulmban\",\"datePublished\":\"2020-05-23T09:43:21+00:00\",\"dateModified\":\"2020-05-23T11:03:53+00:00\",\"mainEntityOfPage\":{\"@id\":\"https:\\\/\\\/stuttgarti-katolikusok.de\\\/index.php\\\/aldozocsutortok-ulmban\\\/\"},\"wordCount\":912,\"image\":{\"@id\":\"https:\\\/\\\/stuttgarti-katolikusok.de\\\/index.php\\\/aldozocsutortok-ulmban\\\/#primaryimage\"},\"thumbnailUrl\":\"https:\\\/\\\/stuttgarti-katolikusok.de\\\/wp-content\\\/uploads\\\/2020\\\/05\\\/aldozocsutortok-ulm.jpeg\",\"articleSection\":[\"Olvas\u00f3ink \u00edrj\u00e1k\"],\"inLanguage\":\"hu\"},{\"@type\":\"WebPage\",\"@id\":\"https:\\\/\\\/stuttgarti-katolikusok.de\\\/index.php\\\/aldozocsutortok-ulmban\\\/\",\"url\":\"https:\\\/\\\/stuttgarti-katolikusok.de\\\/index.php\\\/aldozocsutortok-ulmban\\\/\",\"name\":\"\u00c1ldoz\u00f3cs\u00fct\u00f6rt\u00f6k Ulmban - Stuttgarti Katolikusok\",\"isPartOf\":{\"@id\":\"https:\\\/\\\/stuttgarti-katolikusok.de\\\/#website\"},\"primaryImageOfPage\":{\"@id\":\"https:\\\/\\\/stuttgarti-katolikusok.de\\\/index.php\\\/aldozocsutortok-ulmban\\\/#primaryimage\"},\"image\":{\"@id\":\"https:\\\/\\\/stuttgarti-katolikusok.de\\\/index.php\\\/aldozocsutortok-ulmban\\\/#primaryimage\"},\"thumbnailUrl\":\"https:\\\/\\\/stuttgarti-katolikusok.de\\\/wp-content\\\/uploads\\\/2020\\\/05\\\/aldozocsutortok-ulm.jpeg\",\"datePublished\":\"2020-05-23T09:43:21+00:00\",\"dateModified\":\"2020-05-23T11:03:53+00:00\",\"author\":{\"@id\":\"https:\\\/\\\/stuttgarti-katolikusok.de\\\/#\\\/schema\\\/person\\\/75908d6f8fdc03a57889d27209df7795\"},\"breadcrumb\":{\"@id\":\"https:\\\/\\\/stuttgarti-katolikusok.de\\\/index.php\\\/aldozocsutortok-ulmban\\\/#breadcrumb\"},\"inLanguage\":\"hu\",\"potentialAction\":[{\"@type\":\"ReadAction\",\"target\":[\"https:\\\/\\\/stuttgarti-katolikusok.de\\\/index.php\\\/aldozocsutortok-ulmban\\\/\"]}]},{\"@type\":\"ImageObject\",\"inLanguage\":\"hu\",\"@id\":\"https:\\\/\\\/stuttgarti-katolikusok.de\\\/index.php\\\/aldozocsutortok-ulmban\\\/#primaryimage\",\"url\":\"https:\\\/\\\/stuttgarti-katolikusok.de\\\/wp-content\\\/uploads\\\/2020\\\/05\\\/aldozocsutortok-ulm.jpeg\",\"contentUrl\":\"https:\\\/\\\/stuttgarti-katolikusok.de\\\/wp-content\\\/uploads\\\/2020\\\/05\\\/aldozocsutortok-ulm.jpeg\",\"width\":1600,\"height\":1200},{\"@type\":\"BreadcrumbList\",\"@id\":\"https:\\\/\\\/stuttgarti-katolikusok.de\\\/index.php\\\/aldozocsutortok-ulmban\\\/#breadcrumb\",\"itemListElement\":[{\"@type\":\"ListItem\",\"position\":1,\"name\":\"Kezd\u0151lap\",\"item\":\"https:\\\/\\\/stuttgarti-katolikusok.de\\\/\"},{\"@type\":\"ListItem\",\"position\":2,\"name\":\"\u00c1ldoz\u00f3cs\u00fct\u00f6rt\u00f6k Ulmban\"}]},{\"@type\":\"WebSite\",\"@id\":\"https:\\\/\\\/stuttgarti-katolikusok.de\\\/#website\",\"url\":\"https:\\\/\\\/stuttgarti-katolikusok.de\\\/\",\"name\":\"Stuttgarti Katolikusok\",\"description\":\"\",\"potentialAction\":[{\"@type\":\"SearchAction\",\"target\":{\"@type\":\"EntryPoint\",\"urlTemplate\":\"https:\\\/\\\/stuttgarti-katolikusok.de\\\/?s={search_term_string}\"},\"query-input\":{\"@type\":\"PropertyValueSpecification\",\"valueRequired\":true,\"valueName\":\"search_term_string\"}}],\"inLanguage\":\"hu\"},{\"@type\":\"Person\",\"@id\":\"https:\\\/\\\/stuttgarti-katolikusok.de\\\/#\\\/schema\\\/person\\\/75908d6f8fdc03a57889d27209df7795\",\"name\":\"Tibor atya\",\"image\":{\"@type\":\"ImageObject\",\"inLanguage\":\"hu\",\"@id\":\"https:\\\/\\\/secure.gravatar.com\\\/avatar\\\/61d268e57d1f4525b111222e29d2d5a7f8c420fdbf231ba5566a8ceac74fa960?s=96&d=mm&r=g\",\"url\":\"https:\\\/\\\/secure.gravatar.com\\\/avatar\\\/61d268e57d1f4525b111222e29d2d5a7f8c420fdbf231ba5566a8ceac74fa960?s=96&d=mm&r=g\",\"contentUrl\":\"https:\\\/\\\/secure.gravatar.com\\\/avatar\\\/61d268e57d1f4525b111222e29d2d5a7f8c420fdbf231ba5566a8ceac74fa960?s=96&d=mm&r=g\",\"caption\":\"Tibor atya\"},\"url\":\"https:\\\/\\\/stuttgarti-katolikusok.de\\\/index.php\\\/author\\\/tibor-atya\\\/\"}]}<\/script>\n<!-- \/ Yoast SEO plugin. -->","yoast_head_json":{"title":"\u00c1ldoz\u00f3cs\u00fct\u00f6rt\u00f6k Ulmban - Stuttgarti Katolikusok","robots":{"index":"index","follow":"follow","max-snippet":"max-snippet:-1","max-image-preview":"max-image-preview:large","max-video-preview":"max-video-preview:-1"},"canonical":"https:\/\/stuttgarti-katolikusok.de\/index.php\/aldozocsutortok-ulmban\/","og_locale":"hu_HU","og_type":"article","og_title":"\u00c1ldoz\u00f3cs\u00fct\u00f6rt\u00f6k Ulmban - Stuttgarti Katolikusok","og_description":"+! Kedves Testv\u00e9rek! Imm\u00e1r k\u00e9t hete, hogy ism\u00e9t lehet\u0151s\u00e9g\u00fcnk van arra, hogy nyilv\u00e1nos szentmise keret\u00e9ben \u00fcnnepelj\u00fck az Euchariszti\u00e1t. Kolozsv\u00e1ri Emese, az ulmi r\u00e9szegyh\u00e1zk\u00f6zs\u00e9g\u00fcnk tagja osztja meg az al\u00e1bbiakban gondolatait \u00e9s \u00e9rz\u00e9seit. Fogadj\u00e1tok szeretettel! Mell\u00e9kelem ezen a szentmis\u00e9n elhangzott elm\u00e9lked\u00e9st is: https:\/\/drive.google.com\/open?id=1q48U63oPKUafxhdi0EzP3hFCjOsPhpa0 Tibor atya \u00c1ldoz\u00f3cs\u00fct\u00f6rt\u00f6k Ulmban M\u00e1r nem is tudom, mi\u00f3ta nem vehett\u00fcnk r\u00e9szt nyilv\u00e1nos szentmis\u00e9n\u2026 Tal\u00e1n m\u00e1rcius volt. M\u00e9g tavasz eleje, s most d\u00fcb\u00f6r\u00f6g a ny\u00e1r. Igaz, r\u00e9szt vett\u00fcnk sok online vagy telev\u00edzi\u00f3s szentmis\u00e9n, H\u00fasv\u00e9tkor is olyan helyeken kapcsol\u00f3dhattunk be a Felt\u00e1mad\u00e1si szertart\u00e1sba, amelyekr\u0151l m\u00e1skor nem is \u00e1lmodtunk, de az nem ugyanaz. Igaz, megadatott nekem, nek\u00fcnk, hogy seg\u00e9dkezz\u00fcnk a karant\u00e9n-szentmis\u00e9k felv\u00e9tel\u00e9n\u00e9l, a kong\u00f3, visszhangz\u00f3 templomban. Sz\u00edvszor\u00edt\u00f3an felemel\u0151 \u00e9rz\u00e9s! Kegyelem, ami azokban az id\u0151kben igencsak keveseknek adatott meg. S a sz\u00edv\u00fcnk telve volt. Igenis, \u0151riz\u0151je vagyok testv\u00e9remnek, igenis hordoznom kell sz\u00edvemben azokat, akik nem lehetnek jelen, m\u00e9g ha a f\u00e9lelem (vajon minden szab\u00e1lyt \u00e9s el\u0151\u00edr\u00e1st pontosan betartottam-e) \u00f6ssze is szor\u00edtja a sz\u00edvet. A szeretet kit\u00e1g\u00edtja \u00fajra! S akiket sz\u00edv\u00fcnkben hordozunk, vel\u00fcnk vannak. Az\u00e9rt, ez \u00edgy m\u00e9gse ugyanaz! Mivel Ulmban m\u00e9g nem lehetett szentmis\u00e9t tartani, elment\u00fcnk a weingarteni els\u0151 nyilv\u00e1nos szentmis\u00e9re, s \u00f6r\u00fclt\u00fcnk is a lehet\u0151s\u00e9gnek &#8211; de m\u00e9g ez sem ugyanaz. Urunk mennybemenetel\u00e9nek \u00fcnnep\u00e9n azonban v\u00e9gre m\u00e1r itt Ulmban is lehetett szentmis\u00e9t tartani, s a lehet\u0151s\u00e9gekhez m\u00e9rten sz\u00e9p sz\u00e1mban gy\u0171lt \u00f6ssze k\u00f6z\u00f6ss\u00e9g\u00fcnk a Wengen templom harangjainak z\u00fag\u00e1s\u00e1ra, s nem kev\u00e9sb\u00e9 az Enik\u0151 szervez\u0151 szav\u00e1ra. Ahogy Tibor atya fogalmazott, olyan volt ez, mint amikor egy kisgyermek \u00e9lete nagy \u00e1lma val\u00f3ra v\u00e1lik, mert a nagyok teljes\u00edtik k\u00edv\u00e1ns\u00e1g\u00e1t, s \u0151 jelen lehet egy focimeccs kezd\u0151 r\u00fag\u00e1s\u00e1n\u00e1l, vagy egy Forma 1-es futam rajtj\u00e1n\u00e1l\u2026 igen, bizonyos \u00e9rtelemben mind kiv\u00e1lasztottak voltunk. Szentmise volt! \u00dajra \u00e1t\u00e9lhett\u00fck a m\u00e9lys\u00e9ges titkot, Krisztus test\u00e9v\u00e9 \u00e9s v\u00e9r\u00e9v\u00e9 lett a keny\u00e9r \u00e9s bor k\u00fcls\u0151 sz\u00edn\u00e9ben. Egy leveg\u0151t sz\u00edvtunk, m\u00e9g ha maszkkal takartuk el arcunkat, a kereszt\u00e1ldozat\u00e1t v\u00e9r n\u00e9lk\u00fcl meg\u00faj\u00edt\u00f3 Krisztussal! \u00c9s tenyeremben tarthattam... R\u00e9szletek","og_url":"https:\/\/stuttgarti-katolikusok.de\/index.php\/aldozocsutortok-ulmban\/","og_site_name":"Stuttgarti Katolikusok","article_published_time":"2020-05-23T09:43:21+00:00","article_modified_time":"2020-05-23T11:03:53+00:00","og_image":[{"width":1600,"height":1200,"url":"https:\/\/stuttgarti-katolikusok.de\/wp-content\/uploads\/2020\/05\/aldozocsutortok-ulm.jpeg","type":"image\/jpeg"}],"author":"Tibor atya","twitter_card":"summary_large_image","twitter_misc":{"Szerz\u0151:":"Tibor atya","Becs\u00fclt olvas\u00e1si id\u0151":"5 perc"},"schema":{"@context":"https:\/\/schema.org","@graph":[{"@type":"Article","@id":"https:\/\/stuttgarti-katolikusok.de\/index.php\/aldozocsutortok-ulmban\/#article","isPartOf":{"@id":"https:\/\/stuttgarti-katolikusok.de\/index.php\/aldozocsutortok-ulmban\/"},"author":{"name":"Tibor atya","@id":"https:\/\/stuttgarti-katolikusok.de\/#\/schema\/person\/75908d6f8fdc03a57889d27209df7795"},"headline":"\u00c1ldoz\u00f3cs\u00fct\u00f6rt\u00f6k Ulmban","datePublished":"2020-05-23T09:43:21+00:00","dateModified":"2020-05-23T11:03:53+00:00","mainEntityOfPage":{"@id":"https:\/\/stuttgarti-katolikusok.de\/index.php\/aldozocsutortok-ulmban\/"},"wordCount":912,"image":{"@id":"https:\/\/stuttgarti-katolikusok.de\/index.php\/aldozocsutortok-ulmban\/#primaryimage"},"thumbnailUrl":"https:\/\/stuttgarti-katolikusok.de\/wp-content\/uploads\/2020\/05\/aldozocsutortok-ulm.jpeg","articleSection":["Olvas\u00f3ink \u00edrj\u00e1k"],"inLanguage":"hu"},{"@type":"WebPage","@id":"https:\/\/stuttgarti-katolikusok.de\/index.php\/aldozocsutortok-ulmban\/","url":"https:\/\/stuttgarti-katolikusok.de\/index.php\/aldozocsutortok-ulmban\/","name":"\u00c1ldoz\u00f3cs\u00fct\u00f6rt\u00f6k Ulmban - Stuttgarti Katolikusok","isPartOf":{"@id":"https:\/\/stuttgarti-katolikusok.de\/#website"},"primaryImageOfPage":{"@id":"https:\/\/stuttgarti-katolikusok.de\/index.php\/aldozocsutortok-ulmban\/#primaryimage"},"image":{"@id":"https:\/\/stuttgarti-katolikusok.de\/index.php\/aldozocsutortok-ulmban\/#primaryimage"},"thumbnailUrl":"https:\/\/stuttgarti-katolikusok.de\/wp-content\/uploads\/2020\/05\/aldozocsutortok-ulm.jpeg","datePublished":"2020-05-23T09:43:21+00:00","dateModified":"2020-05-23T11:03:53+00:00","author":{"@id":"https:\/\/stuttgarti-katolikusok.de\/#\/schema\/person\/75908d6f8fdc03a57889d27209df7795"},"breadcrumb":{"@id":"https:\/\/stuttgarti-katolikusok.de\/index.php\/aldozocsutortok-ulmban\/#breadcrumb"},"inLanguage":"hu","potentialAction":[{"@type":"ReadAction","target":["https:\/\/stuttgarti-katolikusok.de\/index.php\/aldozocsutortok-ulmban\/"]}]},{"@type":"ImageObject","inLanguage":"hu","@id":"https:\/\/stuttgarti-katolikusok.de\/index.php\/aldozocsutortok-ulmban\/#primaryimage","url":"https:\/\/stuttgarti-katolikusok.de\/wp-content\/uploads\/2020\/05\/aldozocsutortok-ulm.jpeg","contentUrl":"https:\/\/stuttgarti-katolikusok.de\/wp-content\/uploads\/2020\/05\/aldozocsutortok-ulm.jpeg","width":1600,"height":1200},{"@type":"BreadcrumbList","@id":"https:\/\/stuttgarti-katolikusok.de\/index.php\/aldozocsutortok-ulmban\/#breadcrumb","itemListElement":[{"@type":"ListItem","position":1,"name":"Kezd\u0151lap","item":"https:\/\/stuttgarti-katolikusok.de\/"},{"@type":"ListItem","position":2,"name":"\u00c1ldoz\u00f3cs\u00fct\u00f6rt\u00f6k Ulmban"}]},{"@type":"WebSite","@id":"https:\/\/stuttgarti-katolikusok.de\/#website","url":"https:\/\/stuttgarti-katolikusok.de\/","name":"Stuttgarti Katolikusok","description":"","potentialAction":[{"@type":"SearchAction","target":{"@type":"EntryPoint","urlTemplate":"https:\/\/stuttgarti-katolikusok.de\/?s={search_term_string}"},"query-input":{"@type":"PropertyValueSpecification","valueRequired":true,"valueName":"search_term_string"}}],"inLanguage":"hu"},{"@type":"Person","@id":"https:\/\/stuttgarti-katolikusok.de\/#\/schema\/person\/75908d6f8fdc03a57889d27209df7795","name":"Tibor atya","image":{"@type":"ImageObject","inLanguage":"hu","@id":"https:\/\/secure.gravatar.com\/avatar\/61d268e57d1f4525b111222e29d2d5a7f8c420fdbf231ba5566a8ceac74fa960?s=96&d=mm&r=g","url":"https:\/\/secure.gravatar.com\/avatar\/61d268e57d1f4525b111222e29d2d5a7f8c420fdbf231ba5566a8ceac74fa960?s=96&d=mm&r=g","contentUrl":"https:\/\/secure.gravatar.com\/avatar\/61d268e57d1f4525b111222e29d2d5a7f8c420fdbf231ba5566a8ceac74fa960?s=96&d=mm&r=g","caption":"Tibor atya"},"url":"https:\/\/stuttgarti-katolikusok.de\/index.php\/author\/tibor-atya\/"}]}},"_links":{"self":[{"href":"https:\/\/stuttgarti-katolikusok.de\/index.php\/wp-json\/wp\/v2\/posts\/19586","targetHints":{"allow":["GET"]}}],"collection":[{"href":"https:\/\/stuttgarti-katolikusok.de\/index.php\/wp-json\/wp\/v2\/posts"}],"about":[{"href":"https:\/\/stuttgarti-katolikusok.de\/index.php\/wp-json\/wp\/v2\/types\/post"}],"author":[{"embeddable":true,"href":"https:\/\/stuttgarti-katolikusok.de\/index.php\/wp-json\/wp\/v2\/users\/3"}],"replies":[{"embeddable":true,"href":"https:\/\/stuttgarti-katolikusok.de\/index.php\/wp-json\/wp\/v2\/comments?post=19586"}],"version-history":[{"count":9,"href":"https:\/\/stuttgarti-katolikusok.de\/index.php\/wp-json\/wp\/v2\/posts\/19586\/revisions"}],"predecessor-version":[{"id":19607,"href":"https:\/\/stuttgarti-katolikusok.de\/index.php\/wp-json\/wp\/v2\/posts\/19586\/revisions\/19607"}],"wp:featuredmedia":[{"embeddable":true,"href":"https:\/\/stuttgarti-katolikusok.de\/index.php\/wp-json\/wp\/v2\/media\/19588"}],"wp:attachment":[{"href":"https:\/\/stuttgarti-katolikusok.de\/index.php\/wp-json\/wp\/v2\/media?parent=19586"}],"wp:term":[{"taxonomy":"category","embeddable":true,"href":"https:\/\/stuttgarti-katolikusok.de\/index.php\/wp-json\/wp\/v2\/categories?post=19586"},{"taxonomy":"post_tag","embeddable":true,"href":"https:\/\/stuttgarti-katolikusok.de\/index.php\/wp-json\/wp\/v2\/tags?post=19586"}],"curies":[{"name":"wp","href":"https:\/\/api.w.org\/{rel}","templated":true}]}}