{"id":19583,"date":"2020-05-23T04:38:05","date_gmt":"2020-05-23T04:38:05","guid":{"rendered":"https:\/\/gracious-dewdney.138-201-221-2.plesk.page\/?p=19583"},"modified":"2020-05-23T04:38:05","modified_gmt":"2020-05-23T04:38:05","slug":"kulonos-szuletesnapi-unneples","status":"publish","type":"post","link":"https:\/\/stuttgarti-katolikusok.de\/index.php\/kulonos-szuletesnapi-unneples\/","title":{"rendered":"K\u00fcl\u00f6n\u00f6s sz\u00fclet\u00e9snapi \u00fcnnepl\u00e9s"},"content":{"rendered":"<p><strong>K\u00fcl\u00f6n\u00f6s sz\u00fclet\u00e9snapi \u00fcnnepl\u00e9s&#8230;<\/strong><\/p>\n<p>Szent Gell\u00e9rt\u00a0\u00a0egyh\u00e1zk\u00f6zs\u00e9g\u00fcnk sz\u00fclet\u00e9snapj\u00e1t Stuttgartban minden \u00e9vben m\u00e9lt\u00f3an szoktuk meg\u00fcnnepelni. Ebben az \u00e9vben sajnos a koronav\u00edrus miatt nem volt lehets\u00e9ges, hogy a nagy Csal\u00e1d tal\u00e1lkozhasson \u00e9s \u00fcnnepelhessen. Ez\u00e9rt egy kis csoport a 73. jubileum eml\u00e9k\u00e9re\u00a0a Szent M\u00e1rton zar\u00e1ndok \u00faton egy r\u00f6vid szakaszt zar\u00e1ndokolt.<\/p>\n<p>Szerd\u00e1n, m\u00e1jus 13-\u00e1n Imre atya buzd\u00edt\u00e1s\u00e1ra k\u00fcl\u00f6nb\u00f6z\u0151 csoportokhoz tartoz\u00f3k &#8211; \u00e1g\u00e1p\u00e9sok, \u0151rz\u0151angyalok, egyh\u00e1ztan\u00e1csosok, leg\u00e1tusok &#8211; elim\u00e1dkoztuk egy\u00e9nileg a Jubileumi im\u00e1t, de \u00e9rezt\u00fck, hogy valami t\u00f6bb is kellene&#8230; Elhat\u00e1roztuk, hogy zar\u00e1ndokolunk&#8230;<\/p>\n<p>Szombaton, m\u00e1jus 16-\u00e1n gy\u00f6ny\u00f6r\u0171 sz\u00e9p napra \u00e9bredt\u00fcnk, \u00e9s m\u00e1r reggel kor\u00e1n elindultunk. A tal\u00e1lkoz\u00e1s helysz\u00edne a stuttgarti nagy\u00e1llom\u00e1s volt, ahonnan k\u00f6z\u00f6sen a nagytemplomhoz (St. Eberhard) ment\u00fcnk. Ez volt a kiindul\u00f3 pont. Itt elmondtuk a Jubileumi im\u00e1t, felaj\u00e1nlottuk \u00fatunkat Egyh\u00e1zk\u00f6zs\u00e9g\u00fcnk\u00e9rt, \u00e9s k\u00e9rt\u00fck Isten seg\u00edts\u00e9g\u00e9t a zar\u00e1ndoklatunkra. A technika seg\u00edts\u00e9g\u00e9vel Imre atya \u00e1ld\u00e1s\u00e1t adta sz\u00e1nd\u00e9kunkra \u00e9s zar\u00e1ndoklatunkra.<\/p>\n<p>Mivel a koronav\u00edrus miatt nem utazhatunk t\u00fal messzire, ez egy nagyon j\u00f3 alkalom volt nek\u00fcnk arra, hogy jobban megismerj\u00fck saj\u00e1t k\u00f6rny\u00e9k\u00fcnket, az itteni vall\u00e1si vil\u00e1got. Ez\u00fattal a Szent M\u00e1rton utat v\u00e1lasztottuk, Stuttgartb\u00f3l Ludwigsburgig.<\/p>\n<p>Nagyon sz\u00e9p helyeken ment\u00fcnk kereszt\u00fcl, a Scholssgartent\u0151l Bad Cannstattig. L\u00e1thattuk a m\u00e1r \u00e9vek \u00f3ta k\u00e9sz\u00fcl\u0151 alag\u00fat (Stuttgart 21) munk\u00e1latait. Majd a Neckar foly\u00f3 partj\u00e1n \u00e9s a sz\u0151l\u0151hegyek alatt tov\u00e1bb menve el\u00e9rt\u00fck Hoffent. Itt egy csod\u00e1latosan gy\u00f6ny\u00f6r\u0171, igazi otthoni l\u00e9gk\u00f6rt \u00e1raszt\u00f3 katolikus templomba t\u00e9rt\u00fcnk be, \u00e9spedig Szent Barbara templom\u00e1ba. Sz\u00e1nd\u00e9kainkat \u00e9s k\u00e9r\u00e9seinket leraktuk a Sz\u0171zanya l\u00e1bain\u00e1l, majd folytattuk zar\u00e1ndoklatunkat.<\/p>\n<p>M\u00fchlhausen-en kereszt\u00fcl Kornwestheim csod\u00e1latos parkjait is megismerhett\u00fck. Isten b\u00e1mulatos vil\u00e1g\u00e1ban ez\u00fattal is nagyon el tudtunk csod\u00e1lkozni \u00e9s \u00f6rvendt\u00fcnk, mert hatalmas sz\u00e9p nagy f\u00e1k alatt ment\u00fcnk, szebbn\u00e9l szebb vir\u00e1gokat l\u00e1ttunk, \u00e9s a m\u00f3kusok j\u00e1t\u00e9ka, illetve a mad\u00e1rk\u00e1k csicserg\u00e9se k\u00f6sz\u00f6nt\u00f6tt. Milyen sz\u00e9p a vil\u00e1g, mondogattuk, csak nyitott szemmel kellene j\u00e1rnunk. Kornwestheimban a Szent M\u00e1rton templomba t\u00e9rt\u00fcnk be. Itt sajnos hossz\u00fa ideig nem maradhatunk, mert \u00e9ppen egy keresztel\u0151re gy\u00fclekeztek a h\u00edvek. A bej\u00e1rati ajt\u00f3 sz\u00e9ps\u00e9ge viszont \u00edgy is leny\u0171g\u00f6z\u00f6tt mindannyiunkat. A templomban m\u00e9g Szent M\u00e1rton pecs\u00e9tet is kaptunk. Miut\u00e1n imasz\u00e1nd\u00e9kainkat a J\u00f3istennek \u00e1tadtuk, ment\u00fcnk tov\u00e1bb Ludwigsburg ir\u00e1ny\u00e1ba.<\/p>\n<p>A v\u00e9ge fel\u00e9 m\u00e1r kezdt\u00fcnk elf\u00e1radni, de tudva, hogy Egyh\u00e1zk\u00f6zs\u00e9g\u00fcnk\u00e9rt \u00a0zar\u00e1ndokolunk, \u00e9s hogy l\u00e9lekben sokan elk\u00eds\u00e9rnek benn\u00fcnket, tov\u00e1bb haladtunk\u00a0 \u00f6r\u00f6mmel a lelk\u00fcnkben. Lassan ugyan, de haladtunk&#8230; Ludwigsburgban a K\u00f6nigsallee-n kereszt\u00fcl \u00e9rt\u00fck el c\u00e9lunkat. Itt Erik\u00e1val \u00e9s Georggal tal\u00e1lkoztunk, akik \u00f6r\u00f6mmel \u00e9s v\u00edzzel\u00a0fogadt\u00e1k kis zar\u00e1ndok csapatunkat. Majd k\u00f6z\u00f6sen bet\u00e9rt\u00fcnk a piact\u00e9ri katolikus templomba. A jubileumi ima elmond\u00e1sa ut\u00e1n pedig, h\u00e1l\u00e1val a lelk\u00fcnkben, test\u00fcnket is meg\u00f6rvendeztett\u00fck egy finom fagyival&#8230;<\/p>\n<p>Kedves Olvas\u00f3, ez\u00fattal is mondjuk el k\u00f6z\u00f6sen im\u00e1nkat:<\/p>\n<p>Isten\u00fcnk, Te vagy a T\u00f6rt\u00e9nelem Ura!<\/p>\n<p>Te int\u00e9zed a n\u00e9pek \u00e9s nemzetek,<\/p>\n<p>a k\u00f6z\u00f6ss\u00e9gek, a csal\u00e1dok \u00e9s minden egyes ember sors\u00e1t.<\/p>\n<p>A Te gondvisel\u0151 j\u00f3s\u00e1godb\u00f3l sz\u00fcletett<\/p>\n<p>a mi baden-w\u00fcrttembergi magyar katolikus<\/p>\n<p>Egyh\u00e1zk\u00f6zs\u00e9g\u00fcnk is.<\/p>\n<p>K\u00f6sz\u00f6nj\u00fck Neked, hogy \u00e1ltala<\/p>\n<p>annyi magyar testv\u00e9r\u00fcnknek adt\u00e1l \u00faj otthont, itt az idegenben.<\/p>\n<p>K\u00f6sz\u00f6nj\u00fck Neked, hogy seg\u00edt\u0151 kegyelmed \u00e1ltal<\/p>\n<p>ma is tagjaiban, benn\u00fcnk, a Te Orsz\u00e1god<\/p>\n<p>elj\u00f6vetel\u00e9n munk\u00e1lkodsz.<\/p>\n<p>K\u00f6sz\u00f6nj\u00fck Neked a sok lelkip\u00e1sztort \u00e9s h\u00edv\u0151t,<\/p>\n<p>akik eddig Egyh\u00e1zk\u00f6zs\u00e9g\u00fcnket vezett\u00e9k \u00e9s fenntartott\u00e1k.<\/p>\n<p>Adj neki m\u00e9g sz\u00e1mos \u00e9vet,<\/p>\n<p>hogy a keres\u0151knek f\u00e1klya,<\/p>\n<p>az otthontalanoknak otthon,<\/p>\n<p>\u00e9s mindenkori h\u00edveinek<\/p>\n<p>\u00e1lland\u00f3 er\u0151forr\u00e1s lehessen<\/p>\n<p>a Te legnagyobb dics\u0151s\u00e9gedre<\/p>\n<p>\u00e9s zar\u00e1ndokl\u00f3 n\u00e9ped testi-lelki jav\u00e1ra.<\/p>\n<p>Rem\u00e9lj\u00fck hogy minn\u00e9l hamar\u00e1bb egy\u00fctt im\u00e1dkozhatunk \u00e9s \u00fcnnepelhet\u00fcnk. Isten \u00e1ld\u00e1sa legyen egyh\u00e1zk\u00f6zs\u00e9g\u00fcnk\u00f6n \u00e9s mindannyiunkon.<\/p>\n<p><em>Szeretettel,<\/em><\/p>\n<p><em>Annik\u00f3, D\u00e9lia, Csilla \u00e9s Vili<\/em><\/p>\n<p><em>Stuttgart, 2020.05.17.<\/em><\/p>\n<p>&nbsp;<\/p>\n<p>&nbsp;<\/p>\n<p>&nbsp;<\/p>\n<p>&nbsp;<\/p>\n","protected":false},"excerpt":{"rendered":"<p>K\u00fcl\u00f6n\u00f6s sz\u00fclet\u00e9snapi \u00fcnnepl\u00e9s&#8230; Szent Gell\u00e9rt\u00a0\u00a0egyh\u00e1zk\u00f6zs\u00e9g\u00fcnk sz\u00fclet\u00e9snapj\u00e1t Stuttgartban minden \u00e9vben m\u00e9lt\u00f3an szoktuk meg\u00fcnnepelni. Ebben az \u00e9vben sajnos a koronav\u00edrus miatt nem volt lehets\u00e9ges, hogy a nagy Csal\u00e1d tal\u00e1lkozhasson \u00e9s \u00fcnnepelhessen. Ez\u00e9rt egy kis csoport a 73. jubileum eml\u00e9k\u00e9re\u00a0a Szent M\u00e1rton zar\u00e1ndok \u00faton egy r\u00f6vid szakaszt zar\u00e1ndokolt. Szerd\u00e1n, m\u00e1jus 13-\u00e1n Imre atya buzd\u00edt\u00e1s\u00e1ra k\u00fcl\u00f6nb\u00f6z\u0151 csoportokhoz tartoz\u00f3k &#8211; \u00e1g\u00e1p\u00e9sok, \u0151rz\u0151angyalok, egyh\u00e1ztan\u00e1csosok, leg\u00e1tusok &#8211; elim\u00e1dkoztuk egy\u00e9nileg a Jubileumi im\u00e1t, de \u00e9rezt\u00fck, hogy valami t\u00f6bb is kellene&#8230; Elhat\u00e1roztuk, hogy zar\u00e1ndokolunk&#8230; Szombaton, m\u00e1jus 16-\u00e1n gy\u00f6ny\u00f6r\u0171 sz\u00e9p napra \u00e9bredt\u00fcnk, \u00e9s m\u00e1r reggel kor\u00e1n elindultunk. A tal\u00e1lkoz\u00e1s helysz\u00edne a stuttgarti nagy\u00e1llom\u00e1s volt, ahonnan k\u00f6z\u00f6sen a nagytemplomhoz (St. Eberhard) ment\u00fcnk. Ez volt a kiindul\u00f3 pont. Itt elmondtuk a Jubileumi im\u00e1t, felaj\u00e1nlottuk \u00fatunkat Egyh\u00e1zk\u00f6zs\u00e9g\u00fcnk\u00e9rt, \u00e9s k\u00e9rt\u00fck Isten seg\u00edts\u00e9g\u00e9t a zar\u00e1ndoklatunkra. A technika seg\u00edts\u00e9g\u00e9vel Imre atya \u00e1ld\u00e1s\u00e1t adta sz\u00e1nd\u00e9kunkra \u00e9s zar\u00e1ndoklatunkra. Mivel a koronav\u00edrus miatt nem utazhatunk t\u00fal messzire, ez egy nagyon j\u00f3 alkalom volt nek\u00fcnk arra, hogy jobban megismerj\u00fck saj\u00e1t k\u00f6rny\u00e9k\u00fcnket, az itteni vall\u00e1si vil\u00e1got. Ez\u00fattal a Szent M\u00e1rton utat v\u00e1lasztottuk, Stuttgartb\u00f3l Ludwigsburgig. Nagyon sz\u00e9p helyeken ment\u00fcnk kereszt\u00fcl, a Scholssgartent\u0151l Bad Cannstattig. L\u00e1thattuk a m\u00e1r \u00e9vek \u00f3ta k\u00e9sz\u00fcl\u0151 alag\u00fat (Stuttgart 21) munk\u00e1latait. Majd a Neckar foly\u00f3 partj\u00e1n \u00e9s a sz\u0151l\u0151hegyek alatt tov\u00e1bb menve el\u00e9rt\u00fck Hoffent. Itt egy csod\u00e1latosan gy\u00f6ny\u00f6r\u0171, igazi otthoni l\u00e9gk\u00f6rt \u00e1raszt\u00f3 katolikus templomba t\u00e9rt\u00fcnk be, \u00e9spedig Szent Barbara templom\u00e1ba. Sz\u00e1nd\u00e9kainkat \u00e9s k\u00e9r\u00e9seinket leraktuk a Sz\u0171zanya l\u00e1bain\u00e1l, majd folytattuk zar\u00e1ndoklatunkat. M\u00fchlhausen-en kereszt\u00fcl Kornwestheim csod\u00e1latos parkjait is megismerhett\u00fck. Isten b\u00e1mulatos vil\u00e1g\u00e1ban ez\u00fattal is nagyon el tudtunk csod\u00e1lkozni \u00e9s \u00f6rvendt\u00fcnk, mert hatalmas sz\u00e9p nagy f\u00e1k alatt ment\u00fcnk, szebbn\u00e9l szebb vir\u00e1gokat l\u00e1ttunk, \u00e9s a m\u00f3kusok j\u00e1t\u00e9ka, illetve a mad\u00e1rk\u00e1k csicserg\u00e9se k\u00f6sz\u00f6nt\u00f6tt. Milyen sz\u00e9p a vil\u00e1g, mondogattuk, csak nyitott szemmel kellene j\u00e1rnunk. Kornwestheimban a Szent M\u00e1rton templomba t\u00e9rt\u00fcnk be. Itt sajnos hossz\u00fa ideig nem maradhatunk, mert \u00e9ppen egy keresztel\u0151re gy\u00fclekeztek a h\u00edvek. A bej\u00e1rati ajt\u00f3 sz\u00e9ps\u00e9ge viszont \u00edgy is leny\u0171g\u00f6z\u00f6tt mindannyiunkat. A templomban&#8230; <\/p>\n<p><a class=\"readmore\" href=\"https:\/\/stuttgarti-katolikusok.de\/index.php\/kulonos-szuletesnapi-unneples\/\">R\u00e9szletek<\/a><\/p>\n","protected":false},"author":3,"featured_media":19584,"comment_status":"closed","ping_status":"closed","sticky":false,"template":"","format":"standard","meta":{"footnotes":""},"categories":[28],"tags":[],"class_list":["post-19583","post","type-post","status-publish","format-standard","has-post-thumbnail","hentry","category-olvasoink-irjak"],"yoast_head":"<!-- This site is optimized with the Yoast SEO plugin v27.3 - https:\/\/yoast.com\/product\/yoast-seo-wordpress\/ -->\n<title>K\u00fcl\u00f6n\u00f6s sz\u00fclet\u00e9snapi \u00fcnnepl\u00e9s - Stuttgarti Katolikusok<\/title>\n<meta name=\"robots\" content=\"index, follow, max-snippet:-1, max-image-preview:large, max-video-preview:-1\" \/>\n<link rel=\"canonical\" href=\"https:\/\/stuttgarti-katolikusok.de\/index.php\/kulonos-szuletesnapi-unneples\/\" \/>\n<meta property=\"og:locale\" content=\"hu_HU\" \/>\n<meta property=\"og:type\" content=\"article\" \/>\n<meta property=\"og:title\" content=\"K\u00fcl\u00f6n\u00f6s sz\u00fclet\u00e9snapi \u00fcnnepl\u00e9s - Stuttgarti Katolikusok\" \/>\n<meta property=\"og:description\" content=\"K\u00fcl\u00f6n\u00f6s sz\u00fclet\u00e9snapi \u00fcnnepl\u00e9s&#8230; Szent Gell\u00e9rt\u00a0\u00a0egyh\u00e1zk\u00f6zs\u00e9g\u00fcnk sz\u00fclet\u00e9snapj\u00e1t Stuttgartban minden \u00e9vben m\u00e9lt\u00f3an szoktuk meg\u00fcnnepelni. Ebben az \u00e9vben sajnos a koronav\u00edrus miatt nem volt lehets\u00e9ges, hogy a nagy Csal\u00e1d tal\u00e1lkozhasson \u00e9s \u00fcnnepelhessen. Ez\u00e9rt egy kis csoport a 73. jubileum eml\u00e9k\u00e9re\u00a0a Szent M\u00e1rton zar\u00e1ndok \u00faton egy r\u00f6vid szakaszt zar\u00e1ndokolt. Szerd\u00e1n, m\u00e1jus 13-\u00e1n Imre atya buzd\u00edt\u00e1s\u00e1ra k\u00fcl\u00f6nb\u00f6z\u0151 csoportokhoz tartoz\u00f3k &#8211; \u00e1g\u00e1p\u00e9sok, \u0151rz\u0151angyalok, egyh\u00e1ztan\u00e1csosok, leg\u00e1tusok &#8211; elim\u00e1dkoztuk egy\u00e9nileg a Jubileumi im\u00e1t, de \u00e9rezt\u00fck, hogy valami t\u00f6bb is kellene&#8230; Elhat\u00e1roztuk, hogy zar\u00e1ndokolunk&#8230; Szombaton, m\u00e1jus 16-\u00e1n gy\u00f6ny\u00f6r\u0171 sz\u00e9p napra \u00e9bredt\u00fcnk, \u00e9s m\u00e1r reggel kor\u00e1n elindultunk. A tal\u00e1lkoz\u00e1s helysz\u00edne a stuttgarti nagy\u00e1llom\u00e1s volt, ahonnan k\u00f6z\u00f6sen a nagytemplomhoz (St. Eberhard) ment\u00fcnk. Ez volt a kiindul\u00f3 pont. Itt elmondtuk a Jubileumi im\u00e1t, felaj\u00e1nlottuk \u00fatunkat Egyh\u00e1zk\u00f6zs\u00e9g\u00fcnk\u00e9rt, \u00e9s k\u00e9rt\u00fck Isten seg\u00edts\u00e9g\u00e9t a zar\u00e1ndoklatunkra. A technika seg\u00edts\u00e9g\u00e9vel Imre atya \u00e1ld\u00e1s\u00e1t adta sz\u00e1nd\u00e9kunkra \u00e9s zar\u00e1ndoklatunkra. Mivel a koronav\u00edrus miatt nem utazhatunk t\u00fal messzire, ez egy nagyon j\u00f3 alkalom volt nek\u00fcnk arra, hogy jobban megismerj\u00fck saj\u00e1t k\u00f6rny\u00e9k\u00fcnket, az itteni vall\u00e1si vil\u00e1got. Ez\u00fattal a Szent M\u00e1rton utat v\u00e1lasztottuk, Stuttgartb\u00f3l Ludwigsburgig. Nagyon sz\u00e9p helyeken ment\u00fcnk kereszt\u00fcl, a Scholssgartent\u0151l Bad Cannstattig. L\u00e1thattuk a m\u00e1r \u00e9vek \u00f3ta k\u00e9sz\u00fcl\u0151 alag\u00fat (Stuttgart 21) munk\u00e1latait. Majd a Neckar foly\u00f3 partj\u00e1n \u00e9s a sz\u0151l\u0151hegyek alatt tov\u00e1bb menve el\u00e9rt\u00fck Hoffent. Itt egy csod\u00e1latosan gy\u00f6ny\u00f6r\u0171, igazi otthoni l\u00e9gk\u00f6rt \u00e1raszt\u00f3 katolikus templomba t\u00e9rt\u00fcnk be, \u00e9spedig Szent Barbara templom\u00e1ba. Sz\u00e1nd\u00e9kainkat \u00e9s k\u00e9r\u00e9seinket leraktuk a Sz\u0171zanya l\u00e1bain\u00e1l, majd folytattuk zar\u00e1ndoklatunkat. M\u00fchlhausen-en kereszt\u00fcl Kornwestheim csod\u00e1latos parkjait is megismerhett\u00fck. Isten b\u00e1mulatos vil\u00e1g\u00e1ban ez\u00fattal is nagyon el tudtunk csod\u00e1lkozni \u00e9s \u00f6rvendt\u00fcnk, mert hatalmas sz\u00e9p nagy f\u00e1k alatt ment\u00fcnk, szebbn\u00e9l szebb vir\u00e1gokat l\u00e1ttunk, \u00e9s a m\u00f3kusok j\u00e1t\u00e9ka, illetve a mad\u00e1rk\u00e1k csicserg\u00e9se k\u00f6sz\u00f6nt\u00f6tt. Milyen sz\u00e9p a vil\u00e1g, mondogattuk, csak nyitott szemmel kellene j\u00e1rnunk. Kornwestheimban a Szent M\u00e1rton templomba t\u00e9rt\u00fcnk be. Itt sajnos hossz\u00fa ideig nem maradhatunk, mert \u00e9ppen egy keresztel\u0151re gy\u00fclekeztek a h\u00edvek. A bej\u00e1rati ajt\u00f3 sz\u00e9ps\u00e9ge viszont \u00edgy is leny\u0171g\u00f6z\u00f6tt mindannyiunkat. A templomban... R\u00e9szletek\" \/>\n<meta property=\"og:url\" content=\"https:\/\/stuttgarti-katolikusok.de\/index.php\/kulonos-szuletesnapi-unneples\/\" \/>\n<meta property=\"og:site_name\" content=\"Stuttgarti Katolikusok\" \/>\n<meta property=\"article:published_time\" content=\"2020-05-23T04:38:05+00:00\" \/>\n<meta property=\"og:image\" content=\"https:\/\/stuttgarti-katolikusok.de\/wp-content\/uploads\/2020\/05\/jubil-zari.jpg\" \/>\n\t<meta property=\"og:image:width\" content=\"600\" \/>\n\t<meta property=\"og:image:height\" content=\"800\" \/>\n\t<meta property=\"og:image:type\" content=\"image\/jpeg\" \/>\n<meta name=\"author\" content=\"Tibor atya\" \/>\n<meta name=\"twitter:card\" content=\"summary_large_image\" \/>\n<meta name=\"twitter:label1\" content=\"Szerz\u0151:\" \/>\n\t<meta name=\"twitter:data1\" content=\"Tibor atya\" \/>\n\t<meta name=\"twitter:label2\" content=\"Becs\u00fclt olvas\u00e1si id\u0151\" \/>\n\t<meta name=\"twitter:data2\" content=\"4 perc\" \/>\n<script type=\"application\/ld+json\" class=\"yoast-schema-graph\">{\"@context\":\"https:\\\/\\\/schema.org\",\"@graph\":[{\"@type\":\"Article\",\"@id\":\"https:\\\/\\\/stuttgarti-katolikusok.de\\\/index.php\\\/kulonos-szuletesnapi-unneples\\\/#article\",\"isPartOf\":{\"@id\":\"https:\\\/\\\/stuttgarti-katolikusok.de\\\/index.php\\\/kulonos-szuletesnapi-unneples\\\/\"},\"author\":{\"name\":\"Tibor atya\",\"@id\":\"https:\\\/\\\/stuttgarti-katolikusok.de\\\/#\\\/schema\\\/person\\\/75908d6f8fdc03a57889d27209df7795\"},\"headline\":\"K\u00fcl\u00f6n\u00f6s sz\u00fclet\u00e9snapi \u00fcnnepl\u00e9s\",\"datePublished\":\"2020-05-23T04:38:05+00:00\",\"mainEntityOfPage\":{\"@id\":\"https:\\\/\\\/stuttgarti-katolikusok.de\\\/index.php\\\/kulonos-szuletesnapi-unneples\\\/\"},\"wordCount\":827,\"image\":{\"@id\":\"https:\\\/\\\/stuttgarti-katolikusok.de\\\/index.php\\\/kulonos-szuletesnapi-unneples\\\/#primaryimage\"},\"thumbnailUrl\":\"https:\\\/\\\/stuttgarti-katolikusok.de\\\/wp-content\\\/uploads\\\/2020\\\/05\\\/jubil-zari.jpg\",\"articleSection\":[\"Olvas\u00f3ink \u00edrj\u00e1k\"],\"inLanguage\":\"hu\"},{\"@type\":\"WebPage\",\"@id\":\"https:\\\/\\\/stuttgarti-katolikusok.de\\\/index.php\\\/kulonos-szuletesnapi-unneples\\\/\",\"url\":\"https:\\\/\\\/stuttgarti-katolikusok.de\\\/index.php\\\/kulonos-szuletesnapi-unneples\\\/\",\"name\":\"K\u00fcl\u00f6n\u00f6s sz\u00fclet\u00e9snapi \u00fcnnepl\u00e9s - Stuttgarti Katolikusok\",\"isPartOf\":{\"@id\":\"https:\\\/\\\/stuttgarti-katolikusok.de\\\/#website\"},\"primaryImageOfPage\":{\"@id\":\"https:\\\/\\\/stuttgarti-katolikusok.de\\\/index.php\\\/kulonos-szuletesnapi-unneples\\\/#primaryimage\"},\"image\":{\"@id\":\"https:\\\/\\\/stuttgarti-katolikusok.de\\\/index.php\\\/kulonos-szuletesnapi-unneples\\\/#primaryimage\"},\"thumbnailUrl\":\"https:\\\/\\\/stuttgarti-katolikusok.de\\\/wp-content\\\/uploads\\\/2020\\\/05\\\/jubil-zari.jpg\",\"datePublished\":\"2020-05-23T04:38:05+00:00\",\"author\":{\"@id\":\"https:\\\/\\\/stuttgarti-katolikusok.de\\\/#\\\/schema\\\/person\\\/75908d6f8fdc03a57889d27209df7795\"},\"breadcrumb\":{\"@id\":\"https:\\\/\\\/stuttgarti-katolikusok.de\\\/index.php\\\/kulonos-szuletesnapi-unneples\\\/#breadcrumb\"},\"inLanguage\":\"hu\",\"potentialAction\":[{\"@type\":\"ReadAction\",\"target\":[\"https:\\\/\\\/stuttgarti-katolikusok.de\\\/index.php\\\/kulonos-szuletesnapi-unneples\\\/\"]}]},{\"@type\":\"ImageObject\",\"inLanguage\":\"hu\",\"@id\":\"https:\\\/\\\/stuttgarti-katolikusok.de\\\/index.php\\\/kulonos-szuletesnapi-unneples\\\/#primaryimage\",\"url\":\"https:\\\/\\\/stuttgarti-katolikusok.de\\\/wp-content\\\/uploads\\\/2020\\\/05\\\/jubil-zari.jpg\",\"contentUrl\":\"https:\\\/\\\/stuttgarti-katolikusok.de\\\/wp-content\\\/uploads\\\/2020\\\/05\\\/jubil-zari.jpg\",\"width\":600,\"height\":800},{\"@type\":\"BreadcrumbList\",\"@id\":\"https:\\\/\\\/stuttgarti-katolikusok.de\\\/index.php\\\/kulonos-szuletesnapi-unneples\\\/#breadcrumb\",\"itemListElement\":[{\"@type\":\"ListItem\",\"position\":1,\"name\":\"Kezd\u0151lap\",\"item\":\"https:\\\/\\\/stuttgarti-katolikusok.de\\\/\"},{\"@type\":\"ListItem\",\"position\":2,\"name\":\"K\u00fcl\u00f6n\u00f6s sz\u00fclet\u00e9snapi \u00fcnnepl\u00e9s\"}]},{\"@type\":\"WebSite\",\"@id\":\"https:\\\/\\\/stuttgarti-katolikusok.de\\\/#website\",\"url\":\"https:\\\/\\\/stuttgarti-katolikusok.de\\\/\",\"name\":\"Stuttgarti Katolikusok\",\"description\":\"\",\"potentialAction\":[{\"@type\":\"SearchAction\",\"target\":{\"@type\":\"EntryPoint\",\"urlTemplate\":\"https:\\\/\\\/stuttgarti-katolikusok.de\\\/?s={search_term_string}\"},\"query-input\":{\"@type\":\"PropertyValueSpecification\",\"valueRequired\":true,\"valueName\":\"search_term_string\"}}],\"inLanguage\":\"hu\"},{\"@type\":\"Person\",\"@id\":\"https:\\\/\\\/stuttgarti-katolikusok.de\\\/#\\\/schema\\\/person\\\/75908d6f8fdc03a57889d27209df7795\",\"name\":\"Tibor atya\",\"image\":{\"@type\":\"ImageObject\",\"inLanguage\":\"hu\",\"@id\":\"https:\\\/\\\/secure.gravatar.com\\\/avatar\\\/61d268e57d1f4525b111222e29d2d5a7f8c420fdbf231ba5566a8ceac74fa960?s=96&d=mm&r=g\",\"url\":\"https:\\\/\\\/secure.gravatar.com\\\/avatar\\\/61d268e57d1f4525b111222e29d2d5a7f8c420fdbf231ba5566a8ceac74fa960?s=96&d=mm&r=g\",\"contentUrl\":\"https:\\\/\\\/secure.gravatar.com\\\/avatar\\\/61d268e57d1f4525b111222e29d2d5a7f8c420fdbf231ba5566a8ceac74fa960?s=96&d=mm&r=g\",\"caption\":\"Tibor atya\"},\"url\":\"https:\\\/\\\/stuttgarti-katolikusok.de\\\/index.php\\\/author\\\/tibor-atya\\\/\"}]}<\/script>\n<!-- \/ Yoast SEO plugin. -->","yoast_head_json":{"title":"K\u00fcl\u00f6n\u00f6s sz\u00fclet\u00e9snapi \u00fcnnepl\u00e9s - Stuttgarti Katolikusok","robots":{"index":"index","follow":"follow","max-snippet":"max-snippet:-1","max-image-preview":"max-image-preview:large","max-video-preview":"max-video-preview:-1"},"canonical":"https:\/\/stuttgarti-katolikusok.de\/index.php\/kulonos-szuletesnapi-unneples\/","og_locale":"hu_HU","og_type":"article","og_title":"K\u00fcl\u00f6n\u00f6s sz\u00fclet\u00e9snapi \u00fcnnepl\u00e9s - Stuttgarti Katolikusok","og_description":"K\u00fcl\u00f6n\u00f6s sz\u00fclet\u00e9snapi \u00fcnnepl\u00e9s&#8230; Szent Gell\u00e9rt\u00a0\u00a0egyh\u00e1zk\u00f6zs\u00e9g\u00fcnk sz\u00fclet\u00e9snapj\u00e1t Stuttgartban minden \u00e9vben m\u00e9lt\u00f3an szoktuk meg\u00fcnnepelni. Ebben az \u00e9vben sajnos a koronav\u00edrus miatt nem volt lehets\u00e9ges, hogy a nagy Csal\u00e1d tal\u00e1lkozhasson \u00e9s \u00fcnnepelhessen. Ez\u00e9rt egy kis csoport a 73. jubileum eml\u00e9k\u00e9re\u00a0a Szent M\u00e1rton zar\u00e1ndok \u00faton egy r\u00f6vid szakaszt zar\u00e1ndokolt. Szerd\u00e1n, m\u00e1jus 13-\u00e1n Imre atya buzd\u00edt\u00e1s\u00e1ra k\u00fcl\u00f6nb\u00f6z\u0151 csoportokhoz tartoz\u00f3k &#8211; \u00e1g\u00e1p\u00e9sok, \u0151rz\u0151angyalok, egyh\u00e1ztan\u00e1csosok, leg\u00e1tusok &#8211; elim\u00e1dkoztuk egy\u00e9nileg a Jubileumi im\u00e1t, de \u00e9rezt\u00fck, hogy valami t\u00f6bb is kellene&#8230; Elhat\u00e1roztuk, hogy zar\u00e1ndokolunk&#8230; Szombaton, m\u00e1jus 16-\u00e1n gy\u00f6ny\u00f6r\u0171 sz\u00e9p napra \u00e9bredt\u00fcnk, \u00e9s m\u00e1r reggel kor\u00e1n elindultunk. A tal\u00e1lkoz\u00e1s helysz\u00edne a stuttgarti nagy\u00e1llom\u00e1s volt, ahonnan k\u00f6z\u00f6sen a nagytemplomhoz (St. Eberhard) ment\u00fcnk. Ez volt a kiindul\u00f3 pont. Itt elmondtuk a Jubileumi im\u00e1t, felaj\u00e1nlottuk \u00fatunkat Egyh\u00e1zk\u00f6zs\u00e9g\u00fcnk\u00e9rt, \u00e9s k\u00e9rt\u00fck Isten seg\u00edts\u00e9g\u00e9t a zar\u00e1ndoklatunkra. A technika seg\u00edts\u00e9g\u00e9vel Imre atya \u00e1ld\u00e1s\u00e1t adta sz\u00e1nd\u00e9kunkra \u00e9s zar\u00e1ndoklatunkra. Mivel a koronav\u00edrus miatt nem utazhatunk t\u00fal messzire, ez egy nagyon j\u00f3 alkalom volt nek\u00fcnk arra, hogy jobban megismerj\u00fck saj\u00e1t k\u00f6rny\u00e9k\u00fcnket, az itteni vall\u00e1si vil\u00e1got. Ez\u00fattal a Szent M\u00e1rton utat v\u00e1lasztottuk, Stuttgartb\u00f3l Ludwigsburgig. Nagyon sz\u00e9p helyeken ment\u00fcnk kereszt\u00fcl, a Scholssgartent\u0151l Bad Cannstattig. L\u00e1thattuk a m\u00e1r \u00e9vek \u00f3ta k\u00e9sz\u00fcl\u0151 alag\u00fat (Stuttgart 21) munk\u00e1latait. Majd a Neckar foly\u00f3 partj\u00e1n \u00e9s a sz\u0151l\u0151hegyek alatt tov\u00e1bb menve el\u00e9rt\u00fck Hoffent. Itt egy csod\u00e1latosan gy\u00f6ny\u00f6r\u0171, igazi otthoni l\u00e9gk\u00f6rt \u00e1raszt\u00f3 katolikus templomba t\u00e9rt\u00fcnk be, \u00e9spedig Szent Barbara templom\u00e1ba. Sz\u00e1nd\u00e9kainkat \u00e9s k\u00e9r\u00e9seinket leraktuk a Sz\u0171zanya l\u00e1bain\u00e1l, majd folytattuk zar\u00e1ndoklatunkat. M\u00fchlhausen-en kereszt\u00fcl Kornwestheim csod\u00e1latos parkjait is megismerhett\u00fck. Isten b\u00e1mulatos vil\u00e1g\u00e1ban ez\u00fattal is nagyon el tudtunk csod\u00e1lkozni \u00e9s \u00f6rvendt\u00fcnk, mert hatalmas sz\u00e9p nagy f\u00e1k alatt ment\u00fcnk, szebbn\u00e9l szebb vir\u00e1gokat l\u00e1ttunk, \u00e9s a m\u00f3kusok j\u00e1t\u00e9ka, illetve a mad\u00e1rk\u00e1k csicserg\u00e9se k\u00f6sz\u00f6nt\u00f6tt. Milyen sz\u00e9p a vil\u00e1g, mondogattuk, csak nyitott szemmel kellene j\u00e1rnunk. Kornwestheimban a Szent M\u00e1rton templomba t\u00e9rt\u00fcnk be. Itt sajnos hossz\u00fa ideig nem maradhatunk, mert \u00e9ppen egy keresztel\u0151re gy\u00fclekeztek a h\u00edvek. A bej\u00e1rati ajt\u00f3 sz\u00e9ps\u00e9ge viszont \u00edgy is leny\u0171g\u00f6z\u00f6tt mindannyiunkat. A templomban... R\u00e9szletek","og_url":"https:\/\/stuttgarti-katolikusok.de\/index.php\/kulonos-szuletesnapi-unneples\/","og_site_name":"Stuttgarti Katolikusok","article_published_time":"2020-05-23T04:38:05+00:00","og_image":[{"width":600,"height":800,"url":"https:\/\/stuttgarti-katolikusok.de\/wp-content\/uploads\/2020\/05\/jubil-zari.jpg","type":"image\/jpeg"}],"author":"Tibor atya","twitter_card":"summary_large_image","twitter_misc":{"Szerz\u0151:":"Tibor atya","Becs\u00fclt olvas\u00e1si id\u0151":"4 perc"},"schema":{"@context":"https:\/\/schema.org","@graph":[{"@type":"Article","@id":"https:\/\/stuttgarti-katolikusok.de\/index.php\/kulonos-szuletesnapi-unneples\/#article","isPartOf":{"@id":"https:\/\/stuttgarti-katolikusok.de\/index.php\/kulonos-szuletesnapi-unneples\/"},"author":{"name":"Tibor atya","@id":"https:\/\/stuttgarti-katolikusok.de\/#\/schema\/person\/75908d6f8fdc03a57889d27209df7795"},"headline":"K\u00fcl\u00f6n\u00f6s sz\u00fclet\u00e9snapi \u00fcnnepl\u00e9s","datePublished":"2020-05-23T04:38:05+00:00","mainEntityOfPage":{"@id":"https:\/\/stuttgarti-katolikusok.de\/index.php\/kulonos-szuletesnapi-unneples\/"},"wordCount":827,"image":{"@id":"https:\/\/stuttgarti-katolikusok.de\/index.php\/kulonos-szuletesnapi-unneples\/#primaryimage"},"thumbnailUrl":"https:\/\/stuttgarti-katolikusok.de\/wp-content\/uploads\/2020\/05\/jubil-zari.jpg","articleSection":["Olvas\u00f3ink \u00edrj\u00e1k"],"inLanguage":"hu"},{"@type":"WebPage","@id":"https:\/\/stuttgarti-katolikusok.de\/index.php\/kulonos-szuletesnapi-unneples\/","url":"https:\/\/stuttgarti-katolikusok.de\/index.php\/kulonos-szuletesnapi-unneples\/","name":"K\u00fcl\u00f6n\u00f6s sz\u00fclet\u00e9snapi \u00fcnnepl\u00e9s - Stuttgarti Katolikusok","isPartOf":{"@id":"https:\/\/stuttgarti-katolikusok.de\/#website"},"primaryImageOfPage":{"@id":"https:\/\/stuttgarti-katolikusok.de\/index.php\/kulonos-szuletesnapi-unneples\/#primaryimage"},"image":{"@id":"https:\/\/stuttgarti-katolikusok.de\/index.php\/kulonos-szuletesnapi-unneples\/#primaryimage"},"thumbnailUrl":"https:\/\/stuttgarti-katolikusok.de\/wp-content\/uploads\/2020\/05\/jubil-zari.jpg","datePublished":"2020-05-23T04:38:05+00:00","author":{"@id":"https:\/\/stuttgarti-katolikusok.de\/#\/schema\/person\/75908d6f8fdc03a57889d27209df7795"},"breadcrumb":{"@id":"https:\/\/stuttgarti-katolikusok.de\/index.php\/kulonos-szuletesnapi-unneples\/#breadcrumb"},"inLanguage":"hu","potentialAction":[{"@type":"ReadAction","target":["https:\/\/stuttgarti-katolikusok.de\/index.php\/kulonos-szuletesnapi-unneples\/"]}]},{"@type":"ImageObject","inLanguage":"hu","@id":"https:\/\/stuttgarti-katolikusok.de\/index.php\/kulonos-szuletesnapi-unneples\/#primaryimage","url":"https:\/\/stuttgarti-katolikusok.de\/wp-content\/uploads\/2020\/05\/jubil-zari.jpg","contentUrl":"https:\/\/stuttgarti-katolikusok.de\/wp-content\/uploads\/2020\/05\/jubil-zari.jpg","width":600,"height":800},{"@type":"BreadcrumbList","@id":"https:\/\/stuttgarti-katolikusok.de\/index.php\/kulonos-szuletesnapi-unneples\/#breadcrumb","itemListElement":[{"@type":"ListItem","position":1,"name":"Kezd\u0151lap","item":"https:\/\/stuttgarti-katolikusok.de\/"},{"@type":"ListItem","position":2,"name":"K\u00fcl\u00f6n\u00f6s sz\u00fclet\u00e9snapi \u00fcnnepl\u00e9s"}]},{"@type":"WebSite","@id":"https:\/\/stuttgarti-katolikusok.de\/#website","url":"https:\/\/stuttgarti-katolikusok.de\/","name":"Stuttgarti Katolikusok","description":"","potentialAction":[{"@type":"SearchAction","target":{"@type":"EntryPoint","urlTemplate":"https:\/\/stuttgarti-katolikusok.de\/?s={search_term_string}"},"query-input":{"@type":"PropertyValueSpecification","valueRequired":true,"valueName":"search_term_string"}}],"inLanguage":"hu"},{"@type":"Person","@id":"https:\/\/stuttgarti-katolikusok.de\/#\/schema\/person\/75908d6f8fdc03a57889d27209df7795","name":"Tibor atya","image":{"@type":"ImageObject","inLanguage":"hu","@id":"https:\/\/secure.gravatar.com\/avatar\/61d268e57d1f4525b111222e29d2d5a7f8c420fdbf231ba5566a8ceac74fa960?s=96&d=mm&r=g","url":"https:\/\/secure.gravatar.com\/avatar\/61d268e57d1f4525b111222e29d2d5a7f8c420fdbf231ba5566a8ceac74fa960?s=96&d=mm&r=g","contentUrl":"https:\/\/secure.gravatar.com\/avatar\/61d268e57d1f4525b111222e29d2d5a7f8c420fdbf231ba5566a8ceac74fa960?s=96&d=mm&r=g","caption":"Tibor atya"},"url":"https:\/\/stuttgarti-katolikusok.de\/index.php\/author\/tibor-atya\/"}]}},"_links":{"self":[{"href":"https:\/\/stuttgarti-katolikusok.de\/index.php\/wp-json\/wp\/v2\/posts\/19583","targetHints":{"allow":["GET"]}}],"collection":[{"href":"https:\/\/stuttgarti-katolikusok.de\/index.php\/wp-json\/wp\/v2\/posts"}],"about":[{"href":"https:\/\/stuttgarti-katolikusok.de\/index.php\/wp-json\/wp\/v2\/types\/post"}],"author":[{"embeddable":true,"href":"https:\/\/stuttgarti-katolikusok.de\/index.php\/wp-json\/wp\/v2\/users\/3"}],"replies":[{"embeddable":true,"href":"https:\/\/stuttgarti-katolikusok.de\/index.php\/wp-json\/wp\/v2\/comments?post=19583"}],"version-history":[{"count":1,"href":"https:\/\/stuttgarti-katolikusok.de\/index.php\/wp-json\/wp\/v2\/posts\/19583\/revisions"}],"predecessor-version":[{"id":19585,"href":"https:\/\/stuttgarti-katolikusok.de\/index.php\/wp-json\/wp\/v2\/posts\/19583\/revisions\/19585"}],"wp:featuredmedia":[{"embeddable":true,"href":"https:\/\/stuttgarti-katolikusok.de\/index.php\/wp-json\/wp\/v2\/media\/19584"}],"wp:attachment":[{"href":"https:\/\/stuttgarti-katolikusok.de\/index.php\/wp-json\/wp\/v2\/media?parent=19583"}],"wp:term":[{"taxonomy":"category","embeddable":true,"href":"https:\/\/stuttgarti-katolikusok.de\/index.php\/wp-json\/wp\/v2\/categories?post=19583"},{"taxonomy":"post_tag","embeddable":true,"href":"https:\/\/stuttgarti-katolikusok.de\/index.php\/wp-json\/wp\/v2\/tags?post=19583"}],"curies":[{"name":"wp","href":"https:\/\/api.w.org\/{rel}","templated":true}]}}