{"id":19571,"date":"2020-05-21T07:18:09","date_gmt":"2020-05-21T07:18:09","guid":{"rendered":"https:\/\/gracious-dewdney.138-201-221-2.plesk.page\/?p=19571"},"modified":"2020-05-21T07:18:37","modified_gmt":"2020-05-21T07:18:37","slug":"19571","status":"publish","type":"post","link":"https:\/\/stuttgarti-katolikusok.de\/index.php\/19571\/","title":{"rendered":"Megyeri Andrea: Ha Isten becsuk egy ajt\u00f3t&#8230;"},"content":{"rendered":"<p><em>+! Kedves H\u00edveink! Rendhagy\u00f3 H\u00fasv\u00e9tunk \u00fajabb nagyszer\u0171 \u00edr\u00e1sa k\u00f6vetkezik, amelyet Megyeri Andrea vetett pap\u00edrra. Amikor olvassa az ember, maga is ott \u201eh\u00fasv\u00e9tol\u201d a kis Csal\u00e1d k\u00f6r\u00e9ben. \u00c9s ez az egyik nagy \u00e9rdeme a besz\u00e1mol\u00f3nak! A m\u00e1sikra majd az Olvas\u00f3 maga is r\u00e1j\u00f6n, ha v\u00e9gigolvasta az \u00edr\u00e1st&#8230;<\/em><\/p>\n<p><em>Lelkip\u00e1sztori szeretettel,<\/em><\/p>\n<p><em>Imre atya<\/em><\/p>\n<h5><em>\u00a0<\/em><\/h5>\n<h4>Ha Isten becsuk egy ajt\u00f3t, valahol m\u00e1shol kinyit egy ablakot\u2026 <strong>avagy H\u00fasv\u00e9t a karant\u00e9n idej\u00e9n.<\/strong><\/h4>\n<p>M\u00e1rcius 15-\u00e9n a karant\u00e9n el\u0151tti utols\u00f3 n\u00e9met szentmis\u00e9nkre ment\u00fcnk. A j\u00e1rv\u00e1nyt\u00f3l f\u00e9lve, m\u00e1r akkor is sokan nem j\u00f6ttek el. Kevesen voltunk, szok\u00e1s szerint a legt\u00f6bben 65 \u00e9v felett. Mi is gondolkoztunk rajta m\u00e9g reggel is, hogy elinduljunk-e, tudva a j\u00e1rv\u00e1nyhelyzetr\u0151l, de \u00fagy \u00e9rezt\u00fck, tal\u00e1n hossz\u00fa ideig ez lesz az utols\u00f3 templomi szentmis\u00e9nk. K\u00e9s\u0151bb bebizonyosodott, hogy igazunk volt. Hamarosan kider\u00fclt, hogy ez a H\u00fasv\u00e9t sem lesz olyan, mint a szok\u00e1sos. Akkor megijedt\u00fcnk, \u00e9s \u00f6sszefacsarodott a sz\u00edvem, hogy nem lehet\u00fcnk a szeretteinkkel, bar\u00e1tainkkal. Azt\u00e1n ahogy teltek a napok, kezdett egy m\u00e1sfajta Istenkapcsolat, m\u00e1sfajta H\u00fasv\u00e9t k\u00e9pe k\u00f6rvonalaz\u00f3dni. A karant\u00e9n idej\u00e9n siker\u00fclt egy itthoni menetrendet kialak\u00edtani, bele\u00e9rtve a k\u00f6z\u00f6s, online, vas\u00e1rnapi magyar misen\u00e9z\u00e9st. \u00d6r\u00f6mmel hallgattunk olyan szentbesz\u00e9deket, amelyeket a v\u00edrushelyzet n\u00e9lk\u00fcl es\u00e9ly\u00fcnk sem lett volna meghallgatni. Olyan \u2013 sz\u00e1munkra eddig idegen \u2013 templomok papjait \u00e9s mis\u00e9it ismerhett\u00fck meg, akikr\u0151l eddig csak h\u00edrb\u0151l hallottunk. \u00c9s mindegyik pap, mindegyik mise er\u0151s\u00edtette a hit\u00fcnket, v\u00edgasztalta a lelk\u00fcnket. Nekem k\u00fcl\u00f6n\u00f6sen nagy \u00f6r\u00f6m volt, hogy sz\u00fcl\u0151v\u00e1rosom online mis\u00e9j\u00e9t tudtuk n\u00e9zni vas\u00e1rnaponk\u00e9nt. Az a tudat, hogy az otthoniak is most ugyanezen a mis\u00e9n vesznek r\u00e9szt, \u00e9s hi\u00e1ba a t\u00f6bb sz\u00e1z kilom\u00e9ter t\u00e1vols\u00e1g, de ugyanazt \u00e9lj\u00fck \u00e1t, ugyanazt hallgatjuk, k\u00fcl\u00f6n\u00f6s boldogs\u00e1ggal t\u00f6lt\u00f6tt el. Nem volt ez m\u00e1sk\u00e9pp a nagyh\u00e9ten sem. A karant\u00e9n miatt\u2013 h\u00e1la Isten t\u00f6r\u0151d\u00e9s\u00e9nek, aki ilyenkor is seg\u00edt \u00e9s kinyitja azt a bizonyos ablakot &#8211; olyan \u00edr\u00e1sok, olyan youtube vide\u00f3k ker\u00fcltek fel a netre, amik nagy seg\u00edts\u00e9g\u00fcnkre voltak a H\u00fasv\u00e9t meg\u00e9l\u00e9s\u00e9ben. Az eddigi H\u00fasv\u00e9tjaink mindig rohan\u00e1ssal teltek. Vagy Magyarorsz\u00e1gon l\u00e1togattuk v\u00e9gig a rokonokat, bar\u00e1tokat, ismer\u0151s\u00f6ket, vagy itt k\u00e9sz\u00fclt\u00fcnk a csal\u00e1di, bar\u00e1ti egy\u00fcttl\u00e9tekre, szaladtunk a dolgunk ut\u00e1n, mik\u00f6zben \u00e9ppen arra jutott kev\u00e9s figyelem, aki az \u00fcnnep k\u00f6z\u00e9ppontj\u00e1ban \u00e1ll. Most m\u00e1shogy volt. Most v\u00e9gre J\u00e9zus \u00e1llt a k\u00f6z\u00e9ppontban \u00e9s csak r\u00e1 figyelt\u00fcnk a szent h\u00e1rom napon.<\/p>\n<p>Nagycs\u00fct\u00f6rt\u00f6k\u00f6n p\u00e1szk\u00e1t s\u00fct\u00f6tt\u00fcnk a gyerekekkel. A karant\u00e9n \u00f3ta mi is csin\u00e1lunk kis olt\u00e1rt az online mis\u00e9khez. Az esti mise el\u0151tt erre ker\u00fclt a kereszt mellett a p\u00e1szka \u00e9s a bor is. A gyerekeknek nagy \u00e9lm\u00e9ny volt, amikor a csal\u00e1df\u0151 jelk\u00e9pesen megmosta a l\u00e1bunkat, \u00e9s megt\u00f6rte a p\u00e1szk\u00e1t. K\u00fcl\u00f6n\u00f6sen az els\u0151\u00e1ldoz\u00e1sra k\u00e9sz\u00fcl\u0151 fiam \u00e9lvezte, hogy b\u00e1r m\u00e9g nem volt els\u0151\u00e1ldoz\u00f3, \u00e9s ki tudja a jelenlegi helyzet miatt ez az \u00fcnnep meddig tol\u00f3dik, de most m\u00e9gis \u201c\u00e1ldozhatott\u201d vel\u00fcnk, s\u0151t m\u00e9g a borba is belem\u00e1rthatta az \u201costy\u00e1j\u00e1t.\u201d<\/p>\n<p>Nagyp\u00e9nteken szent s\u00edrt k\u00e9sz\u00edtett\u00fcnk egy\u00fctt \u00e9s a d\u00e9lut\u00e1ni csal\u00e1di s\u00e9ta alkalm\u00e1val apr\u00f3 mezei sz\u00e1zszorsz\u00e9peket gy\u0171jt\u00f6tt\u00fcnk a s\u00edr k\u00f6r\u00e9. Csak egy p\u00e1r sz\u00e1lat k\u00e9rtem a gyerekekt\u0151l, de mire haza\u00e9rt\u00fcnk, kereken 100 pici vir\u00e1got tehett\u00fcnk v\u00e1z\u00e1ba. Szint\u00e9n egy karant\u00e9n miatt felker\u00fclt youtube vide\u00f3 seg\u00edts\u00e9g\u00e9vel egy nagyon sz\u00e9p, kifejezetten gyerekeknek sz\u00f3l\u00f3 keresztutat csin\u00e1lhattunk v\u00e9gig, majd a saj\u00e1t, csal\u00e1di kis keresztutunkat is elolvastuk egy\u00fctt. Az esti mise ut\u00e1n elhelyezt\u00fck a keresztet a szent s\u00edrban, majd egy\u00fctt virrasztottunk \u00e9s olvastunk a Bibli\u00e1b\u00f3l.<\/p>\n<p>Szombat reggel h\u00fasv\u00e9ti gyerty\u00e1t bark\u00e1csoltunk. Ez eddig soha esz\u00fcnkbe sem jutott volna, de mindenkinek annyira tetszett, hogy elhat\u00e1rozzuk, hogy csal\u00e1di hagyom\u00e1nny\u00e1 tessz\u00fck \u00e9s v\u00edrust\u00f3l meg karant\u00e9nt\u00f3l f\u00fcggetlen\u00fcl, ezent\u00fal minden \u00e9vben a febru\u00e1rban megszentelt gyerty\u00e1b\u00f3l h\u00fasv\u00e9ti gyerty\u00e1t fogunk k\u00e9sz\u00edteni. A gyerekek alig v\u00e1rt\u00e1k az esti, felt\u00e1mad\u00e1si mis\u00e9t, amikor meggy\u00fajthattuk a gyerty\u00e1nkat \u00e9s a n\u00e9gy pici m\u00e9cses\u00fcnket a s\u00f6t\u00e9tben. A felt\u00e1mad\u00e1si mis\u00e9nek \u00edgy, itthoni k\u00f6r\u00fclm\u00e9nyek k\u00f6z\u00f6tt is k\u00fcl\u00f6nleges hangulata volt. Gyerty\u00e1ink f\u00e9ny\u00e9be n\u00e9zve, \u00e9rezhett\u00fck Krisztus jelenl\u00e9t\u00e9t. K\u00fcl\u00f6n\u00f6sen b\u00fcszke voltam a gyerekekre, akik mindh\u00e1rom nap mis\u00e9j\u00e9n fegyelmezetten, odafigyel\u00e9ssel vettek r\u00e9szt, m\u00e9g akkor is, ha most nem a templom padj\u00e1ban, hanem a nappali kanap\u00e9j\u00e1n \u00fclt\u00fcnk. Biztos vagyok benne, hogy ezt a H\u00fasv\u00e9tot nem fogj\u00e1k elfelejteni, \u00e9s hogy mindannyiunk hite, Istenkapcsolata csak er\u0151sebb lett az egy\u00fctt meg\u00e9lt Szent H\u00e1romnap sor\u00e1n.<\/p>\n<p><em>Megyeri Andrea<\/em><\/p>\n<p><em>Heidenheim<\/em><\/p>\n","protected":false},"excerpt":{"rendered":"<p>+! Kedves H\u00edveink! Rendhagy\u00f3 H\u00fasv\u00e9tunk \u00fajabb nagyszer\u0171 \u00edr\u00e1sa k\u00f6vetkezik, amelyet Megyeri Andrea vetett pap\u00edrra. Amikor olvassa az ember, maga is ott \u201eh\u00fasv\u00e9tol\u201d a kis Csal\u00e1d k\u00f6r\u00e9ben. \u00c9s ez az egyik nagy \u00e9rdeme a besz\u00e1mol\u00f3nak! A m\u00e1sikra majd az Olvas\u00f3 maga is r\u00e1j\u00f6n, ha v\u00e9gigolvasta az \u00edr\u00e1st&#8230; Lelkip\u00e1sztori szeretettel, Imre atya \u00a0 Ha Isten becsuk egy ajt\u00f3t, valahol m\u00e1shol kinyit egy ablakot\u2026 avagy H\u00fasv\u00e9t a karant\u00e9n idej\u00e9n. M\u00e1rcius 15-\u00e9n a karant\u00e9n el\u0151tti utols\u00f3 n\u00e9met szentmis\u00e9nkre ment\u00fcnk. A j\u00e1rv\u00e1nyt\u00f3l f\u00e9lve, m\u00e1r akkor is sokan nem j\u00f6ttek el. Kevesen voltunk, szok\u00e1s szerint a legt\u00f6bben 65 \u00e9v felett. Mi is gondolkoztunk rajta m\u00e9g reggel is, hogy elinduljunk-e, tudva a j\u00e1rv\u00e1nyhelyzetr\u0151l, de \u00fagy \u00e9rezt\u00fck, tal\u00e1n hossz\u00fa ideig ez lesz az utols\u00f3 templomi szentmis\u00e9nk. K\u00e9s\u0151bb bebizonyosodott, hogy igazunk volt. Hamarosan kider\u00fclt, hogy ez a H\u00fasv\u00e9t sem lesz olyan, mint a szok\u00e1sos. Akkor megijedt\u00fcnk, \u00e9s \u00f6sszefacsarodott a sz\u00edvem, hogy nem lehet\u00fcnk a szeretteinkkel, bar\u00e1tainkkal. Azt\u00e1n ahogy teltek a napok, kezdett egy m\u00e1sfajta Istenkapcsolat, m\u00e1sfajta H\u00fasv\u00e9t k\u00e9pe k\u00f6rvonalaz\u00f3dni. A karant\u00e9n idej\u00e9n siker\u00fclt egy itthoni menetrendet kialak\u00edtani, bele\u00e9rtve a k\u00f6z\u00f6s, online, vas\u00e1rnapi magyar misen\u00e9z\u00e9st. \u00d6r\u00f6mmel hallgattunk olyan szentbesz\u00e9deket, amelyeket a v\u00edrushelyzet n\u00e9lk\u00fcl es\u00e9ly\u00fcnk sem lett volna meghallgatni. Olyan \u2013 sz\u00e1munkra eddig idegen \u2013 templomok papjait \u00e9s mis\u00e9it ismerhett\u00fck meg, akikr\u0151l eddig csak h\u00edrb\u0151l hallottunk. \u00c9s mindegyik pap, mindegyik mise er\u0151s\u00edtette a hit\u00fcnket, v\u00edgasztalta a lelk\u00fcnket. Nekem k\u00fcl\u00f6n\u00f6sen nagy \u00f6r\u00f6m volt, hogy sz\u00fcl\u0151v\u00e1rosom online mis\u00e9j\u00e9t tudtuk n\u00e9zni vas\u00e1rnaponk\u00e9nt. Az a tudat, hogy az otthoniak is most ugyanezen a mis\u00e9n vesznek r\u00e9szt, \u00e9s hi\u00e1ba a t\u00f6bb sz\u00e1z kilom\u00e9ter t\u00e1vols\u00e1g, de ugyanazt \u00e9lj\u00fck \u00e1t, ugyanazt hallgatjuk, k\u00fcl\u00f6n\u00f6s boldogs\u00e1ggal t\u00f6lt\u00f6tt el. Nem volt ez m\u00e1sk\u00e9pp a nagyh\u00e9ten sem. A karant\u00e9n miatt\u2013 h\u00e1la Isten t\u00f6r\u0151d\u00e9s\u00e9nek, aki ilyenkor is seg\u00edt \u00e9s kinyitja azt a bizonyos ablakot &#8211; olyan \u00edr\u00e1sok, olyan youtube vide\u00f3k ker\u00fcltek fel a netre, amik nagy seg\u00edts\u00e9g\u00fcnkre voltak a H\u00fasv\u00e9t meg\u00e9l\u00e9s\u00e9ben. Az eddigi&#8230; <\/p>\n<p><a class=\"readmore\" href=\"https:\/\/stuttgarti-katolikusok.de\/index.php\/19571\/\">R\u00e9szletek<\/a><\/p>\n","protected":false},"author":3,"featured_media":19572,"comment_status":"closed","ping_status":"closed","sticky":false,"template":"","format":"standard","meta":{"footnotes":""},"categories":[28],"tags":[],"class_list":["post-19571","post","type-post","status-publish","format-standard","has-post-thumbnail","hentry","category-olvasoink-irjak"],"yoast_head":"<!-- This site is optimized with the Yoast SEO plugin v27.3 - https:\/\/yoast.com\/product\/yoast-seo-wordpress\/ -->\n<title>Megyeri Andrea: Ha Isten becsuk egy ajt\u00f3t... - Stuttgarti Katolikusok<\/title>\n<meta name=\"robots\" content=\"index, follow, max-snippet:-1, max-image-preview:large, max-video-preview:-1\" \/>\n<link rel=\"canonical\" href=\"https:\/\/stuttgarti-katolikusok.de\/index.php\/19571\/\" \/>\n<meta property=\"og:locale\" content=\"hu_HU\" \/>\n<meta property=\"og:type\" content=\"article\" \/>\n<meta property=\"og:title\" content=\"Megyeri Andrea: Ha Isten becsuk egy ajt\u00f3t... - Stuttgarti Katolikusok\" \/>\n<meta property=\"og:description\" content=\"+! Kedves H\u00edveink! Rendhagy\u00f3 H\u00fasv\u00e9tunk \u00fajabb nagyszer\u0171 \u00edr\u00e1sa k\u00f6vetkezik, amelyet Megyeri Andrea vetett pap\u00edrra. Amikor olvassa az ember, maga is ott \u201eh\u00fasv\u00e9tol\u201d a kis Csal\u00e1d k\u00f6r\u00e9ben. \u00c9s ez az egyik nagy \u00e9rdeme a besz\u00e1mol\u00f3nak! A m\u00e1sikra majd az Olvas\u00f3 maga is r\u00e1j\u00f6n, ha v\u00e9gigolvasta az \u00edr\u00e1st&#8230; Lelkip\u00e1sztori szeretettel, Imre atya \u00a0 Ha Isten becsuk egy ajt\u00f3t, valahol m\u00e1shol kinyit egy ablakot\u2026 avagy H\u00fasv\u00e9t a karant\u00e9n idej\u00e9n. M\u00e1rcius 15-\u00e9n a karant\u00e9n el\u0151tti utols\u00f3 n\u00e9met szentmis\u00e9nkre ment\u00fcnk. A j\u00e1rv\u00e1nyt\u00f3l f\u00e9lve, m\u00e1r akkor is sokan nem j\u00f6ttek el. Kevesen voltunk, szok\u00e1s szerint a legt\u00f6bben 65 \u00e9v felett. Mi is gondolkoztunk rajta m\u00e9g reggel is, hogy elinduljunk-e, tudva a j\u00e1rv\u00e1nyhelyzetr\u0151l, de \u00fagy \u00e9rezt\u00fck, tal\u00e1n hossz\u00fa ideig ez lesz az utols\u00f3 templomi szentmis\u00e9nk. K\u00e9s\u0151bb bebizonyosodott, hogy igazunk volt. Hamarosan kider\u00fclt, hogy ez a H\u00fasv\u00e9t sem lesz olyan, mint a szok\u00e1sos. Akkor megijedt\u00fcnk, \u00e9s \u00f6sszefacsarodott a sz\u00edvem, hogy nem lehet\u00fcnk a szeretteinkkel, bar\u00e1tainkkal. Azt\u00e1n ahogy teltek a napok, kezdett egy m\u00e1sfajta Istenkapcsolat, m\u00e1sfajta H\u00fasv\u00e9t k\u00e9pe k\u00f6rvonalaz\u00f3dni. A karant\u00e9n idej\u00e9n siker\u00fclt egy itthoni menetrendet kialak\u00edtani, bele\u00e9rtve a k\u00f6z\u00f6s, online, vas\u00e1rnapi magyar misen\u00e9z\u00e9st. \u00d6r\u00f6mmel hallgattunk olyan szentbesz\u00e9deket, amelyeket a v\u00edrushelyzet n\u00e9lk\u00fcl es\u00e9ly\u00fcnk sem lett volna meghallgatni. Olyan \u2013 sz\u00e1munkra eddig idegen \u2013 templomok papjait \u00e9s mis\u00e9it ismerhett\u00fck meg, akikr\u0151l eddig csak h\u00edrb\u0151l hallottunk. \u00c9s mindegyik pap, mindegyik mise er\u0151s\u00edtette a hit\u00fcnket, v\u00edgasztalta a lelk\u00fcnket. Nekem k\u00fcl\u00f6n\u00f6sen nagy \u00f6r\u00f6m volt, hogy sz\u00fcl\u0151v\u00e1rosom online mis\u00e9j\u00e9t tudtuk n\u00e9zni vas\u00e1rnaponk\u00e9nt. Az a tudat, hogy az otthoniak is most ugyanezen a mis\u00e9n vesznek r\u00e9szt, \u00e9s hi\u00e1ba a t\u00f6bb sz\u00e1z kilom\u00e9ter t\u00e1vols\u00e1g, de ugyanazt \u00e9lj\u00fck \u00e1t, ugyanazt hallgatjuk, k\u00fcl\u00f6n\u00f6s boldogs\u00e1ggal t\u00f6lt\u00f6tt el. Nem volt ez m\u00e1sk\u00e9pp a nagyh\u00e9ten sem. A karant\u00e9n miatt\u2013 h\u00e1la Isten t\u00f6r\u0151d\u00e9s\u00e9nek, aki ilyenkor is seg\u00edt \u00e9s kinyitja azt a bizonyos ablakot &#8211; olyan \u00edr\u00e1sok, olyan youtube vide\u00f3k ker\u00fcltek fel a netre, amik nagy seg\u00edts\u00e9g\u00fcnkre voltak a H\u00fasv\u00e9t meg\u00e9l\u00e9s\u00e9ben. Az eddigi... R\u00e9szletek\" \/>\n<meta property=\"og:url\" content=\"https:\/\/stuttgarti-katolikusok.de\/index.php\/19571\/\" \/>\n<meta property=\"og:site_name\" content=\"Stuttgarti Katolikusok\" \/>\n<meta property=\"article:published_time\" content=\"2020-05-21T07:18:09+00:00\" \/>\n<meta property=\"article:modified_time\" content=\"2020-05-21T07:18:37+00:00\" \/>\n<meta property=\"og:image\" content=\"https:\/\/stuttgarti-katolikusok.de\/wp-content\/uploads\/2020\/05\/karantenoltar2.jpg\" \/>\n\t<meta property=\"og:image:width\" content=\"2196\" \/>\n\t<meta property=\"og:image:height\" content=\"985\" \/>\n\t<meta property=\"og:image:type\" content=\"image\/jpeg\" \/>\n<meta name=\"author\" content=\"Tibor atya\" \/>\n<meta name=\"twitter:card\" content=\"summary_large_image\" \/>\n<meta name=\"twitter:label1\" content=\"Szerz\u0151:\" \/>\n\t<meta name=\"twitter:data1\" content=\"Tibor atya\" \/>\n\t<meta name=\"twitter:label2\" content=\"Becs\u00fclt olvas\u00e1si id\u0151\" \/>\n\t<meta name=\"twitter:data2\" content=\"5 perc\" \/>\n<script type=\"application\/ld+json\" class=\"yoast-schema-graph\">{\"@context\":\"https:\\\/\\\/schema.org\",\"@graph\":[{\"@type\":\"Article\",\"@id\":\"https:\\\/\\\/stuttgarti-katolikusok.de\\\/index.php\\\/19571\\\/#article\",\"isPartOf\":{\"@id\":\"https:\\\/\\\/stuttgarti-katolikusok.de\\\/index.php\\\/19571\\\/\"},\"author\":{\"name\":\"Tibor atya\",\"@id\":\"https:\\\/\\\/stuttgarti-katolikusok.de\\\/#\\\/schema\\\/person\\\/75908d6f8fdc03a57889d27209df7795\"},\"headline\":\"Megyeri Andrea: Ha Isten becsuk egy ajt\u00f3t&#8230;\",\"datePublished\":\"2020-05-21T07:18:09+00:00\",\"dateModified\":\"2020-05-21T07:18:37+00:00\",\"mainEntityOfPage\":{\"@id\":\"https:\\\/\\\/stuttgarti-katolikusok.de\\\/index.php\\\/19571\\\/\"},\"wordCount\":975,\"image\":{\"@id\":\"https:\\\/\\\/stuttgarti-katolikusok.de\\\/index.php\\\/19571\\\/#primaryimage\"},\"thumbnailUrl\":\"https:\\\/\\\/stuttgarti-katolikusok.de\\\/wp-content\\\/uploads\\\/2020\\\/05\\\/karantenoltar2.jpg\",\"articleSection\":[\"Olvas\u00f3ink \u00edrj\u00e1k\"],\"inLanguage\":\"hu\"},{\"@type\":\"WebPage\",\"@id\":\"https:\\\/\\\/stuttgarti-katolikusok.de\\\/index.php\\\/19571\\\/\",\"url\":\"https:\\\/\\\/stuttgarti-katolikusok.de\\\/index.php\\\/19571\\\/\",\"name\":\"Megyeri Andrea: Ha Isten becsuk egy ajt\u00f3t... - Stuttgarti Katolikusok\",\"isPartOf\":{\"@id\":\"https:\\\/\\\/stuttgarti-katolikusok.de\\\/#website\"},\"primaryImageOfPage\":{\"@id\":\"https:\\\/\\\/stuttgarti-katolikusok.de\\\/index.php\\\/19571\\\/#primaryimage\"},\"image\":{\"@id\":\"https:\\\/\\\/stuttgarti-katolikusok.de\\\/index.php\\\/19571\\\/#primaryimage\"},\"thumbnailUrl\":\"https:\\\/\\\/stuttgarti-katolikusok.de\\\/wp-content\\\/uploads\\\/2020\\\/05\\\/karantenoltar2.jpg\",\"datePublished\":\"2020-05-21T07:18:09+00:00\",\"dateModified\":\"2020-05-21T07:18:37+00:00\",\"author\":{\"@id\":\"https:\\\/\\\/stuttgarti-katolikusok.de\\\/#\\\/schema\\\/person\\\/75908d6f8fdc03a57889d27209df7795\"},\"breadcrumb\":{\"@id\":\"https:\\\/\\\/stuttgarti-katolikusok.de\\\/index.php\\\/19571\\\/#breadcrumb\"},\"inLanguage\":\"hu\",\"potentialAction\":[{\"@type\":\"ReadAction\",\"target\":[\"https:\\\/\\\/stuttgarti-katolikusok.de\\\/index.php\\\/19571\\\/\"]}]},{\"@type\":\"ImageObject\",\"inLanguage\":\"hu\",\"@id\":\"https:\\\/\\\/stuttgarti-katolikusok.de\\\/index.php\\\/19571\\\/#primaryimage\",\"url\":\"https:\\\/\\\/stuttgarti-katolikusok.de\\\/wp-content\\\/uploads\\\/2020\\\/05\\\/karantenoltar2.jpg\",\"contentUrl\":\"https:\\\/\\\/stuttgarti-katolikusok.de\\\/wp-content\\\/uploads\\\/2020\\\/05\\\/karantenoltar2.jpg\",\"width\":2196,\"height\":985},{\"@type\":\"BreadcrumbList\",\"@id\":\"https:\\\/\\\/stuttgarti-katolikusok.de\\\/index.php\\\/19571\\\/#breadcrumb\",\"itemListElement\":[{\"@type\":\"ListItem\",\"position\":1,\"name\":\"Kezd\u0151lap\",\"item\":\"https:\\\/\\\/stuttgarti-katolikusok.de\\\/\"},{\"@type\":\"ListItem\",\"position\":2,\"name\":\"Megyeri Andrea: Ha Isten becsuk egy ajt\u00f3t&#8230;\"}]},{\"@type\":\"WebSite\",\"@id\":\"https:\\\/\\\/stuttgarti-katolikusok.de\\\/#website\",\"url\":\"https:\\\/\\\/stuttgarti-katolikusok.de\\\/\",\"name\":\"Stuttgarti Katolikusok\",\"description\":\"\",\"potentialAction\":[{\"@type\":\"SearchAction\",\"target\":{\"@type\":\"EntryPoint\",\"urlTemplate\":\"https:\\\/\\\/stuttgarti-katolikusok.de\\\/?s={search_term_string}\"},\"query-input\":{\"@type\":\"PropertyValueSpecification\",\"valueRequired\":true,\"valueName\":\"search_term_string\"}}],\"inLanguage\":\"hu\"},{\"@type\":\"Person\",\"@id\":\"https:\\\/\\\/stuttgarti-katolikusok.de\\\/#\\\/schema\\\/person\\\/75908d6f8fdc03a57889d27209df7795\",\"name\":\"Tibor atya\",\"image\":{\"@type\":\"ImageObject\",\"inLanguage\":\"hu\",\"@id\":\"https:\\\/\\\/secure.gravatar.com\\\/avatar\\\/61d268e57d1f4525b111222e29d2d5a7f8c420fdbf231ba5566a8ceac74fa960?s=96&d=mm&r=g\",\"url\":\"https:\\\/\\\/secure.gravatar.com\\\/avatar\\\/61d268e57d1f4525b111222e29d2d5a7f8c420fdbf231ba5566a8ceac74fa960?s=96&d=mm&r=g\",\"contentUrl\":\"https:\\\/\\\/secure.gravatar.com\\\/avatar\\\/61d268e57d1f4525b111222e29d2d5a7f8c420fdbf231ba5566a8ceac74fa960?s=96&d=mm&r=g\",\"caption\":\"Tibor atya\"},\"url\":\"https:\\\/\\\/stuttgarti-katolikusok.de\\\/index.php\\\/author\\\/tibor-atya\\\/\"}]}<\/script>\n<!-- \/ Yoast SEO plugin. -->","yoast_head_json":{"title":"Megyeri Andrea: Ha Isten becsuk egy ajt\u00f3t... - Stuttgarti Katolikusok","robots":{"index":"index","follow":"follow","max-snippet":"max-snippet:-1","max-image-preview":"max-image-preview:large","max-video-preview":"max-video-preview:-1"},"canonical":"https:\/\/stuttgarti-katolikusok.de\/index.php\/19571\/","og_locale":"hu_HU","og_type":"article","og_title":"Megyeri Andrea: Ha Isten becsuk egy ajt\u00f3t... - Stuttgarti Katolikusok","og_description":"+! Kedves H\u00edveink! Rendhagy\u00f3 H\u00fasv\u00e9tunk \u00fajabb nagyszer\u0171 \u00edr\u00e1sa k\u00f6vetkezik, amelyet Megyeri Andrea vetett pap\u00edrra. Amikor olvassa az ember, maga is ott \u201eh\u00fasv\u00e9tol\u201d a kis Csal\u00e1d k\u00f6r\u00e9ben. \u00c9s ez az egyik nagy \u00e9rdeme a besz\u00e1mol\u00f3nak! A m\u00e1sikra majd az Olvas\u00f3 maga is r\u00e1j\u00f6n, ha v\u00e9gigolvasta az \u00edr\u00e1st&#8230; Lelkip\u00e1sztori szeretettel, Imre atya \u00a0 Ha Isten becsuk egy ajt\u00f3t, valahol m\u00e1shol kinyit egy ablakot\u2026 avagy H\u00fasv\u00e9t a karant\u00e9n idej\u00e9n. M\u00e1rcius 15-\u00e9n a karant\u00e9n el\u0151tti utols\u00f3 n\u00e9met szentmis\u00e9nkre ment\u00fcnk. A j\u00e1rv\u00e1nyt\u00f3l f\u00e9lve, m\u00e1r akkor is sokan nem j\u00f6ttek el. Kevesen voltunk, szok\u00e1s szerint a legt\u00f6bben 65 \u00e9v felett. Mi is gondolkoztunk rajta m\u00e9g reggel is, hogy elinduljunk-e, tudva a j\u00e1rv\u00e1nyhelyzetr\u0151l, de \u00fagy \u00e9rezt\u00fck, tal\u00e1n hossz\u00fa ideig ez lesz az utols\u00f3 templomi szentmis\u00e9nk. K\u00e9s\u0151bb bebizonyosodott, hogy igazunk volt. Hamarosan kider\u00fclt, hogy ez a H\u00fasv\u00e9t sem lesz olyan, mint a szok\u00e1sos. Akkor megijedt\u00fcnk, \u00e9s \u00f6sszefacsarodott a sz\u00edvem, hogy nem lehet\u00fcnk a szeretteinkkel, bar\u00e1tainkkal. Azt\u00e1n ahogy teltek a napok, kezdett egy m\u00e1sfajta Istenkapcsolat, m\u00e1sfajta H\u00fasv\u00e9t k\u00e9pe k\u00f6rvonalaz\u00f3dni. A karant\u00e9n idej\u00e9n siker\u00fclt egy itthoni menetrendet kialak\u00edtani, bele\u00e9rtve a k\u00f6z\u00f6s, online, vas\u00e1rnapi magyar misen\u00e9z\u00e9st. \u00d6r\u00f6mmel hallgattunk olyan szentbesz\u00e9deket, amelyeket a v\u00edrushelyzet n\u00e9lk\u00fcl es\u00e9ly\u00fcnk sem lett volna meghallgatni. Olyan \u2013 sz\u00e1munkra eddig idegen \u2013 templomok papjait \u00e9s mis\u00e9it ismerhett\u00fck meg, akikr\u0151l eddig csak h\u00edrb\u0151l hallottunk. \u00c9s mindegyik pap, mindegyik mise er\u0151s\u00edtette a hit\u00fcnket, v\u00edgasztalta a lelk\u00fcnket. Nekem k\u00fcl\u00f6n\u00f6sen nagy \u00f6r\u00f6m volt, hogy sz\u00fcl\u0151v\u00e1rosom online mis\u00e9j\u00e9t tudtuk n\u00e9zni vas\u00e1rnaponk\u00e9nt. Az a tudat, hogy az otthoniak is most ugyanezen a mis\u00e9n vesznek r\u00e9szt, \u00e9s hi\u00e1ba a t\u00f6bb sz\u00e1z kilom\u00e9ter t\u00e1vols\u00e1g, de ugyanazt \u00e9lj\u00fck \u00e1t, ugyanazt hallgatjuk, k\u00fcl\u00f6n\u00f6s boldogs\u00e1ggal t\u00f6lt\u00f6tt el. Nem volt ez m\u00e1sk\u00e9pp a nagyh\u00e9ten sem. A karant\u00e9n miatt\u2013 h\u00e1la Isten t\u00f6r\u0151d\u00e9s\u00e9nek, aki ilyenkor is seg\u00edt \u00e9s kinyitja azt a bizonyos ablakot &#8211; olyan \u00edr\u00e1sok, olyan youtube vide\u00f3k ker\u00fcltek fel a netre, amik nagy seg\u00edts\u00e9g\u00fcnkre voltak a H\u00fasv\u00e9t meg\u00e9l\u00e9s\u00e9ben. Az eddigi... R\u00e9szletek","og_url":"https:\/\/stuttgarti-katolikusok.de\/index.php\/19571\/","og_site_name":"Stuttgarti Katolikusok","article_published_time":"2020-05-21T07:18:09+00:00","article_modified_time":"2020-05-21T07:18:37+00:00","og_image":[{"width":2196,"height":985,"url":"https:\/\/stuttgarti-katolikusok.de\/wp-content\/uploads\/2020\/05\/karantenoltar2.jpg","type":"image\/jpeg"}],"author":"Tibor atya","twitter_card":"summary_large_image","twitter_misc":{"Szerz\u0151:":"Tibor atya","Becs\u00fclt olvas\u00e1si id\u0151":"5 perc"},"schema":{"@context":"https:\/\/schema.org","@graph":[{"@type":"Article","@id":"https:\/\/stuttgarti-katolikusok.de\/index.php\/19571\/#article","isPartOf":{"@id":"https:\/\/stuttgarti-katolikusok.de\/index.php\/19571\/"},"author":{"name":"Tibor atya","@id":"https:\/\/stuttgarti-katolikusok.de\/#\/schema\/person\/75908d6f8fdc03a57889d27209df7795"},"headline":"Megyeri Andrea: Ha Isten becsuk egy ajt\u00f3t&#8230;","datePublished":"2020-05-21T07:18:09+00:00","dateModified":"2020-05-21T07:18:37+00:00","mainEntityOfPage":{"@id":"https:\/\/stuttgarti-katolikusok.de\/index.php\/19571\/"},"wordCount":975,"image":{"@id":"https:\/\/stuttgarti-katolikusok.de\/index.php\/19571\/#primaryimage"},"thumbnailUrl":"https:\/\/stuttgarti-katolikusok.de\/wp-content\/uploads\/2020\/05\/karantenoltar2.jpg","articleSection":["Olvas\u00f3ink \u00edrj\u00e1k"],"inLanguage":"hu"},{"@type":"WebPage","@id":"https:\/\/stuttgarti-katolikusok.de\/index.php\/19571\/","url":"https:\/\/stuttgarti-katolikusok.de\/index.php\/19571\/","name":"Megyeri Andrea: Ha Isten becsuk egy ajt\u00f3t... - Stuttgarti Katolikusok","isPartOf":{"@id":"https:\/\/stuttgarti-katolikusok.de\/#website"},"primaryImageOfPage":{"@id":"https:\/\/stuttgarti-katolikusok.de\/index.php\/19571\/#primaryimage"},"image":{"@id":"https:\/\/stuttgarti-katolikusok.de\/index.php\/19571\/#primaryimage"},"thumbnailUrl":"https:\/\/stuttgarti-katolikusok.de\/wp-content\/uploads\/2020\/05\/karantenoltar2.jpg","datePublished":"2020-05-21T07:18:09+00:00","dateModified":"2020-05-21T07:18:37+00:00","author":{"@id":"https:\/\/stuttgarti-katolikusok.de\/#\/schema\/person\/75908d6f8fdc03a57889d27209df7795"},"breadcrumb":{"@id":"https:\/\/stuttgarti-katolikusok.de\/index.php\/19571\/#breadcrumb"},"inLanguage":"hu","potentialAction":[{"@type":"ReadAction","target":["https:\/\/stuttgarti-katolikusok.de\/index.php\/19571\/"]}]},{"@type":"ImageObject","inLanguage":"hu","@id":"https:\/\/stuttgarti-katolikusok.de\/index.php\/19571\/#primaryimage","url":"https:\/\/stuttgarti-katolikusok.de\/wp-content\/uploads\/2020\/05\/karantenoltar2.jpg","contentUrl":"https:\/\/stuttgarti-katolikusok.de\/wp-content\/uploads\/2020\/05\/karantenoltar2.jpg","width":2196,"height":985},{"@type":"BreadcrumbList","@id":"https:\/\/stuttgarti-katolikusok.de\/index.php\/19571\/#breadcrumb","itemListElement":[{"@type":"ListItem","position":1,"name":"Kezd\u0151lap","item":"https:\/\/stuttgarti-katolikusok.de\/"},{"@type":"ListItem","position":2,"name":"Megyeri Andrea: Ha Isten becsuk egy ajt\u00f3t&#8230;"}]},{"@type":"WebSite","@id":"https:\/\/stuttgarti-katolikusok.de\/#website","url":"https:\/\/stuttgarti-katolikusok.de\/","name":"Stuttgarti Katolikusok","description":"","potentialAction":[{"@type":"SearchAction","target":{"@type":"EntryPoint","urlTemplate":"https:\/\/stuttgarti-katolikusok.de\/?s={search_term_string}"},"query-input":{"@type":"PropertyValueSpecification","valueRequired":true,"valueName":"search_term_string"}}],"inLanguage":"hu"},{"@type":"Person","@id":"https:\/\/stuttgarti-katolikusok.de\/#\/schema\/person\/75908d6f8fdc03a57889d27209df7795","name":"Tibor atya","image":{"@type":"ImageObject","inLanguage":"hu","@id":"https:\/\/secure.gravatar.com\/avatar\/61d268e57d1f4525b111222e29d2d5a7f8c420fdbf231ba5566a8ceac74fa960?s=96&d=mm&r=g","url":"https:\/\/secure.gravatar.com\/avatar\/61d268e57d1f4525b111222e29d2d5a7f8c420fdbf231ba5566a8ceac74fa960?s=96&d=mm&r=g","contentUrl":"https:\/\/secure.gravatar.com\/avatar\/61d268e57d1f4525b111222e29d2d5a7f8c420fdbf231ba5566a8ceac74fa960?s=96&d=mm&r=g","caption":"Tibor atya"},"url":"https:\/\/stuttgarti-katolikusok.de\/index.php\/author\/tibor-atya\/"}]}},"_links":{"self":[{"href":"https:\/\/stuttgarti-katolikusok.de\/index.php\/wp-json\/wp\/v2\/posts\/19571","targetHints":{"allow":["GET"]}}],"collection":[{"href":"https:\/\/stuttgarti-katolikusok.de\/index.php\/wp-json\/wp\/v2\/posts"}],"about":[{"href":"https:\/\/stuttgarti-katolikusok.de\/index.php\/wp-json\/wp\/v2\/types\/post"}],"author":[{"embeddable":true,"href":"https:\/\/stuttgarti-katolikusok.de\/index.php\/wp-json\/wp\/v2\/users\/3"}],"replies":[{"embeddable":true,"href":"https:\/\/stuttgarti-katolikusok.de\/index.php\/wp-json\/wp\/v2\/comments?post=19571"}],"version-history":[{"count":2,"href":"https:\/\/stuttgarti-katolikusok.de\/index.php\/wp-json\/wp\/v2\/posts\/19571\/revisions"}],"predecessor-version":[{"id":19574,"href":"https:\/\/stuttgarti-katolikusok.de\/index.php\/wp-json\/wp\/v2\/posts\/19571\/revisions\/19574"}],"wp:featuredmedia":[{"embeddable":true,"href":"https:\/\/stuttgarti-katolikusok.de\/index.php\/wp-json\/wp\/v2\/media\/19572"}],"wp:attachment":[{"href":"https:\/\/stuttgarti-katolikusok.de\/index.php\/wp-json\/wp\/v2\/media?parent=19571"}],"wp:term":[{"taxonomy":"category","embeddable":true,"href":"https:\/\/stuttgarti-katolikusok.de\/index.php\/wp-json\/wp\/v2\/categories?post=19571"},{"taxonomy":"post_tag","embeddable":true,"href":"https:\/\/stuttgarti-katolikusok.de\/index.php\/wp-json\/wp\/v2\/tags?post=19571"}],"curies":[{"name":"wp","href":"https:\/\/api.w.org\/{rel}","templated":true}]}}