{"id":19516,"date":"2020-05-20T03:59:57","date_gmt":"2020-05-20T03:59:57","guid":{"rendered":"https:\/\/gracious-dewdney.138-201-221-2.plesk.page\/?p=19516"},"modified":"2020-05-20T15:47:36","modified_gmt":"2020-05-20T15:47:36","slug":"majus-21-es-24-kozott","status":"publish","type":"post","link":"https:\/\/stuttgarti-katolikusok.de\/index.php\/majus-21-es-24-kozott\/","title":{"rendered":"M\u00e1jus 21 \u00e9s 24 k\u00f6z\u00f6tt"},"content":{"rendered":"<p><strong>Programel\u0151zetes<\/strong><\/p>\n<p>&nbsp;<\/p>\n<p><strong>M\u00e1jus 21-\u00e9n, <\/strong>\u00c1ldoz\u00f3cs\u00fct\u00f6rt\u00f6k\u00f6n,<\/p>\n<p><strong>Weingartenben<\/strong> a 14 Nothelferkapelle-ben 10.00 \u00f3rakor <em>szentmise<\/em>.<\/p>\n<p><strong>Ulmban <\/strong>18.00 \u00f3rakor <em>szentmise<\/em>.<\/p>\n<p style=\"text-align: center;\">*<\/p>\n<p><strong>M\u00e1jus 22-\u00e9n, <\/strong>p\u00e9nteken,<\/p>\n<p><strong>Stuttgartban<\/strong> 18.00 \u00f3rakor <em>szentmise<\/em>.<\/p>\n<p style=\"text-align: center;\">*<\/p>\n<p><strong>M\u00e1jus 23-\u00e1n, <\/strong>szombaton,<\/p>\n<p><strong>Heidenheimban<\/strong> 15.30 \u00f3rakor <em>szentmise.<\/em><\/p>\n<p><strong>Reutlingenben<\/strong> 16.30 \u00f3rakor <em>szentmise.<\/em><\/p>\n<p style=\"text-align: center;\">*<\/p>\n<p><strong>M\u00e1jus 24-\u00e9n, <\/strong>H\u00fasv\u00e9t 7. vas\u00e1rnapj\u00e1n,<\/p>\n<p><strong>Biberachban\u00a0<\/strong>9.00 \u00f3rakor\u00a0<em>szentmise.<\/em><\/p>\n<p><strong>Ulmban <\/strong>12.00 \u00f3rakor <em>szentmise.<\/em><\/p>\n<p><strong>Eislingenben <\/strong>15.00 \u00f3rakor <em>szentmise<\/em>.<\/p>\n<p><strong>Heilbronnban <\/strong>15.30 \u00f3rakor <em>szentmise.<\/em><\/p>\n<p style=\"text-align: center;\">*<\/p>\n<p><em>\u201eAz aggodalmaskod\u00f3 a holnap gondj\u00e1t is hordani akarja. Az im\u00e1dkoz\u00f3 a ma terheit \u00e9s feladatait viszi, \u00e9s azokat sem egyed\u00fcl.\u201d<\/em> <strong>(Cseri K\u00e1lm\u00e1n \u2013 1939-2017 \u2013 reform\u00e1tus lelkip\u00e1sztor) <\/strong><\/p>\n<p><strong><em>Kegyelemteljes, f\u00e9lelem n\u00e9lk\u00fcli h\u00fasv\u00e9ti napokat, j\u00f3 munk\u00e1t, tartalmas besz\u00e9lget\u00e9seket \u00e9s \u00f6r\u00f6mteli tal\u00e1lkoz\u00e1sokat k\u00edv\u00e1nunk minden Kedves H\u00edv\u00fcnknek!<\/em><\/strong><\/p>\n<p><em>\u00a0<\/em><\/p>\n<p><strong><em>A k\u00e9p lel\u0151helye: https:\/\/csalad.ro\/kapcsolat\/<\/em><\/strong><\/p>\n<p><strong><em>\u00a0<\/em><\/strong><\/p>\n<p>&nbsp;<\/p>\n<p>&nbsp;<\/p>\n","protected":false},"excerpt":{"rendered":"<p>Programel\u0151zetes &nbsp; M\u00e1jus 21-\u00e9n, \u00c1ldoz\u00f3cs\u00fct\u00f6rt\u00f6k\u00f6n, Weingartenben a 14 Nothelferkapelle-ben 10.00 \u00f3rakor szentmise. Ulmban 18.00 \u00f3rakor szentmise. * M\u00e1jus 22-\u00e9n, p\u00e9nteken, Stuttgartban 18.00 \u00f3rakor szentmise. * M\u00e1jus 23-\u00e1n, szombaton, Heidenheimban 15.30 \u00f3rakor szentmise. Reutlingenben 16.30 \u00f3rakor szentmise. * M\u00e1jus 24-\u00e9n, H\u00fasv\u00e9t 7. vas\u00e1rnapj\u00e1n, Biberachban\u00a09.00 \u00f3rakor\u00a0szentmise. Ulmban 12.00 \u00f3rakor szentmise. Eislingenben 15.00 \u00f3rakor szentmise. Heilbronnban 15.30 \u00f3rakor szentmise. * \u201eAz aggodalmaskod\u00f3 a holnap gondj\u00e1t is hordani akarja. Az im\u00e1dkoz\u00f3 a ma terheit \u00e9s feladatait viszi, \u00e9s azokat sem egyed\u00fcl.\u201d (Cseri K\u00e1lm\u00e1n \u2013 1939-2017 \u2013 reform\u00e1tus lelkip\u00e1sztor) Kegyelemteljes, f\u00e9lelem n\u00e9lk\u00fcli h\u00fasv\u00e9ti napokat, j\u00f3 munk\u00e1t, tartalmas besz\u00e9lget\u00e9seket \u00e9s \u00f6r\u00f6mteli tal\u00e1lkoz\u00e1sokat k\u00edv\u00e1nunk minden Kedves H\u00edv\u00fcnknek! \u00a0 A k\u00e9p lel\u0151helye: https:\/\/csalad.ro\/kapcsolat\/ \u00a0 &nbsp; &nbsp;<\/p>\n","protected":false},"author":3,"featured_media":19517,"comment_status":"closed","ping_status":"closed","sticky":false,"template":"","format":"standard","meta":{"footnotes":""},"categories":[37],"tags":[],"class_list":["post-19516","post","type-post","status-publish","format-standard","has-post-thumbnail","hentry","category-progamelozetes"],"yoast_head":"<!-- This site is optimized with the Yoast SEO plugin v27.3 - https:\/\/yoast.com\/product\/yoast-seo-wordpress\/ -->\n<title>M\u00e1jus 21 \u00e9s 24 k\u00f6z\u00f6tt - Stuttgarti Katolikusok<\/title>\n<meta name=\"robots\" content=\"index, follow, max-snippet:-1, max-image-preview:large, max-video-preview:-1\" \/>\n<link rel=\"canonical\" href=\"https:\/\/stuttgarti-katolikusok.de\/index.php\/majus-21-es-24-kozott\/\" \/>\n<meta property=\"og:locale\" content=\"hu_HU\" \/>\n<meta property=\"og:type\" content=\"article\" \/>\n<meta property=\"og:title\" content=\"M\u00e1jus 21 \u00e9s 24 k\u00f6z\u00f6tt - Stuttgarti Katolikusok\" \/>\n<meta property=\"og:description\" content=\"Programel\u0151zetes &nbsp; M\u00e1jus 21-\u00e9n, \u00c1ldoz\u00f3cs\u00fct\u00f6rt\u00f6k\u00f6n, Weingartenben a 14 Nothelferkapelle-ben 10.00 \u00f3rakor szentmise. Ulmban 18.00 \u00f3rakor szentmise. * M\u00e1jus 22-\u00e9n, p\u00e9nteken, Stuttgartban 18.00 \u00f3rakor szentmise. * M\u00e1jus 23-\u00e1n, szombaton, Heidenheimban 15.30 \u00f3rakor szentmise. Reutlingenben 16.30 \u00f3rakor szentmise. * M\u00e1jus 24-\u00e9n, H\u00fasv\u00e9t 7. vas\u00e1rnapj\u00e1n, Biberachban\u00a09.00 \u00f3rakor\u00a0szentmise. Ulmban 12.00 \u00f3rakor szentmise. Eislingenben 15.00 \u00f3rakor szentmise. Heilbronnban 15.30 \u00f3rakor szentmise. * \u201eAz aggodalmaskod\u00f3 a holnap gondj\u00e1t is hordani akarja. Az im\u00e1dkoz\u00f3 a ma terheit \u00e9s feladatait viszi, \u00e9s azokat sem egyed\u00fcl.\u201d (Cseri K\u00e1lm\u00e1n \u2013 1939-2017 \u2013 reform\u00e1tus lelkip\u00e1sztor) Kegyelemteljes, f\u00e9lelem n\u00e9lk\u00fcli h\u00fasv\u00e9ti napokat, j\u00f3 munk\u00e1t, tartalmas besz\u00e9lget\u00e9seket \u00e9s \u00f6r\u00f6mteli tal\u00e1lkoz\u00e1sokat k\u00edv\u00e1nunk minden Kedves H\u00edv\u00fcnknek! \u00a0 A k\u00e9p lel\u0151helye: https:\/\/csalad.ro\/kapcsolat\/ \u00a0 &nbsp; &nbsp;\" \/>\n<meta property=\"og:url\" content=\"https:\/\/stuttgarti-katolikusok.de\/index.php\/majus-21-es-24-kozott\/\" \/>\n<meta property=\"og:site_name\" content=\"Stuttgarti Katolikusok\" \/>\n<meta property=\"article:published_time\" content=\"2020-05-20T03:59:57+00:00\" \/>\n<meta property=\"article:modified_time\" content=\"2020-05-20T15:47:36+00:00\" \/>\n<meta property=\"og:image\" content=\"https:\/\/stuttgarti-katolikusok.de\/wp-content\/uploads\/2020\/05\/progr-e-4.jpg\" \/>\n\t<meta property=\"og:image:width\" content=\"1080\" \/>\n\t<meta property=\"og:image:height\" content=\"1080\" \/>\n\t<meta property=\"og:image:type\" content=\"image\/jpeg\" \/>\n<meta name=\"author\" content=\"Tibor atya\" \/>\n<meta name=\"twitter:card\" content=\"summary_large_image\" \/>\n<meta name=\"twitter:label1\" content=\"Szerz\u0151:\" \/>\n\t<meta name=\"twitter:data1\" content=\"Tibor atya\" \/>\n\t<meta name=\"twitter:label2\" content=\"Becs\u00fclt olvas\u00e1si id\u0151\" \/>\n\t<meta name=\"twitter:data2\" content=\"1 perc\" \/>\n<script type=\"application\/ld+json\" class=\"yoast-schema-graph\">{\"@context\":\"https:\\\/\\\/schema.org\",\"@graph\":[{\"@type\":\"Article\",\"@id\":\"https:\\\/\\\/stuttgarti-katolikusok.de\\\/index.php\\\/majus-21-es-24-kozott\\\/#article\",\"isPartOf\":{\"@id\":\"https:\\\/\\\/stuttgarti-katolikusok.de\\\/index.php\\\/majus-21-es-24-kozott\\\/\"},\"author\":{\"name\":\"Tibor atya\",\"@id\":\"https:\\\/\\\/stuttgarti-katolikusok.de\\\/#\\\/schema\\\/person\\\/75908d6f8fdc03a57889d27209df7795\"},\"headline\":\"M\u00e1jus 21 \u00e9s 24 k\u00f6z\u00f6tt\",\"datePublished\":\"2020-05-20T03:59:57+00:00\",\"dateModified\":\"2020-05-20T15:47:36+00:00\",\"mainEntityOfPage\":{\"@id\":\"https:\\\/\\\/stuttgarti-katolikusok.de\\\/index.php\\\/majus-21-es-24-kozott\\\/\"},\"wordCount\":143,\"image\":{\"@id\":\"https:\\\/\\\/stuttgarti-katolikusok.de\\\/index.php\\\/majus-21-es-24-kozott\\\/#primaryimage\"},\"thumbnailUrl\":\"https:\\\/\\\/stuttgarti-katolikusok.de\\\/wp-content\\\/uploads\\\/2020\\\/05\\\/progr-e-4.jpg\",\"articleSection\":[\"Progamel\u0151zetes\"],\"inLanguage\":\"hu\"},{\"@type\":\"WebPage\",\"@id\":\"https:\\\/\\\/stuttgarti-katolikusok.de\\\/index.php\\\/majus-21-es-24-kozott\\\/\",\"url\":\"https:\\\/\\\/stuttgarti-katolikusok.de\\\/index.php\\\/majus-21-es-24-kozott\\\/\",\"name\":\"M\u00e1jus 21 \u00e9s 24 k\u00f6z\u00f6tt - Stuttgarti Katolikusok\",\"isPartOf\":{\"@id\":\"https:\\\/\\\/stuttgarti-katolikusok.de\\\/#website\"},\"primaryImageOfPage\":{\"@id\":\"https:\\\/\\\/stuttgarti-katolikusok.de\\\/index.php\\\/majus-21-es-24-kozott\\\/#primaryimage\"},\"image\":{\"@id\":\"https:\\\/\\\/stuttgarti-katolikusok.de\\\/index.php\\\/majus-21-es-24-kozott\\\/#primaryimage\"},\"thumbnailUrl\":\"https:\\\/\\\/stuttgarti-katolikusok.de\\\/wp-content\\\/uploads\\\/2020\\\/05\\\/progr-e-4.jpg\",\"datePublished\":\"2020-05-20T03:59:57+00:00\",\"dateModified\":\"2020-05-20T15:47:36+00:00\",\"author\":{\"@id\":\"https:\\\/\\\/stuttgarti-katolikusok.de\\\/#\\\/schema\\\/person\\\/75908d6f8fdc03a57889d27209df7795\"},\"breadcrumb\":{\"@id\":\"https:\\\/\\\/stuttgarti-katolikusok.de\\\/index.php\\\/majus-21-es-24-kozott\\\/#breadcrumb\"},\"inLanguage\":\"hu\",\"potentialAction\":[{\"@type\":\"ReadAction\",\"target\":[\"https:\\\/\\\/stuttgarti-katolikusok.de\\\/index.php\\\/majus-21-es-24-kozott\\\/\"]}]},{\"@type\":\"ImageObject\",\"inLanguage\":\"hu\",\"@id\":\"https:\\\/\\\/stuttgarti-katolikusok.de\\\/index.php\\\/majus-21-es-24-kozott\\\/#primaryimage\",\"url\":\"https:\\\/\\\/stuttgarti-katolikusok.de\\\/wp-content\\\/uploads\\\/2020\\\/05\\\/progr-e-4.jpg\",\"contentUrl\":\"https:\\\/\\\/stuttgarti-katolikusok.de\\\/wp-content\\\/uploads\\\/2020\\\/05\\\/progr-e-4.jpg\",\"width\":1080,\"height\":1080},{\"@type\":\"BreadcrumbList\",\"@id\":\"https:\\\/\\\/stuttgarti-katolikusok.de\\\/index.php\\\/majus-21-es-24-kozott\\\/#breadcrumb\",\"itemListElement\":[{\"@type\":\"ListItem\",\"position\":1,\"name\":\"Kezd\u0151lap\",\"item\":\"https:\\\/\\\/stuttgarti-katolikusok.de\\\/\"},{\"@type\":\"ListItem\",\"position\":2,\"name\":\"M\u00e1jus 21 \u00e9s 24 k\u00f6z\u00f6tt\"}]},{\"@type\":\"WebSite\",\"@id\":\"https:\\\/\\\/stuttgarti-katolikusok.de\\\/#website\",\"url\":\"https:\\\/\\\/stuttgarti-katolikusok.de\\\/\",\"name\":\"Stuttgarti Katolikusok\",\"description\":\"\",\"potentialAction\":[{\"@type\":\"SearchAction\",\"target\":{\"@type\":\"EntryPoint\",\"urlTemplate\":\"https:\\\/\\\/stuttgarti-katolikusok.de\\\/?s={search_term_string}\"},\"query-input\":{\"@type\":\"PropertyValueSpecification\",\"valueRequired\":true,\"valueName\":\"search_term_string\"}}],\"inLanguage\":\"hu\"},{\"@type\":\"Person\",\"@id\":\"https:\\\/\\\/stuttgarti-katolikusok.de\\\/#\\\/schema\\\/person\\\/75908d6f8fdc03a57889d27209df7795\",\"name\":\"Tibor atya\",\"image\":{\"@type\":\"ImageObject\",\"inLanguage\":\"hu\",\"@id\":\"https:\\\/\\\/secure.gravatar.com\\\/avatar\\\/61d268e57d1f4525b111222e29d2d5a7f8c420fdbf231ba5566a8ceac74fa960?s=96&d=mm&r=g\",\"url\":\"https:\\\/\\\/secure.gravatar.com\\\/avatar\\\/61d268e57d1f4525b111222e29d2d5a7f8c420fdbf231ba5566a8ceac74fa960?s=96&d=mm&r=g\",\"contentUrl\":\"https:\\\/\\\/secure.gravatar.com\\\/avatar\\\/61d268e57d1f4525b111222e29d2d5a7f8c420fdbf231ba5566a8ceac74fa960?s=96&d=mm&r=g\",\"caption\":\"Tibor atya\"},\"url\":\"https:\\\/\\\/stuttgarti-katolikusok.de\\\/index.php\\\/author\\\/tibor-atya\\\/\"}]}<\/script>\n<!-- \/ Yoast SEO plugin. -->","yoast_head_json":{"title":"M\u00e1jus 21 \u00e9s 24 k\u00f6z\u00f6tt - Stuttgarti Katolikusok","robots":{"index":"index","follow":"follow","max-snippet":"max-snippet:-1","max-image-preview":"max-image-preview:large","max-video-preview":"max-video-preview:-1"},"canonical":"https:\/\/stuttgarti-katolikusok.de\/index.php\/majus-21-es-24-kozott\/","og_locale":"hu_HU","og_type":"article","og_title":"M\u00e1jus 21 \u00e9s 24 k\u00f6z\u00f6tt - Stuttgarti Katolikusok","og_description":"Programel\u0151zetes &nbsp; M\u00e1jus 21-\u00e9n, \u00c1ldoz\u00f3cs\u00fct\u00f6rt\u00f6k\u00f6n, Weingartenben a 14 Nothelferkapelle-ben 10.00 \u00f3rakor szentmise. Ulmban 18.00 \u00f3rakor szentmise. * M\u00e1jus 22-\u00e9n, p\u00e9nteken, Stuttgartban 18.00 \u00f3rakor szentmise. * M\u00e1jus 23-\u00e1n, szombaton, Heidenheimban 15.30 \u00f3rakor szentmise. Reutlingenben 16.30 \u00f3rakor szentmise. * M\u00e1jus 24-\u00e9n, H\u00fasv\u00e9t 7. vas\u00e1rnapj\u00e1n, Biberachban\u00a09.00 \u00f3rakor\u00a0szentmise. Ulmban 12.00 \u00f3rakor szentmise. Eislingenben 15.00 \u00f3rakor szentmise. Heilbronnban 15.30 \u00f3rakor szentmise. * \u201eAz aggodalmaskod\u00f3 a holnap gondj\u00e1t is hordani akarja. Az im\u00e1dkoz\u00f3 a ma terheit \u00e9s feladatait viszi, \u00e9s azokat sem egyed\u00fcl.\u201d (Cseri K\u00e1lm\u00e1n \u2013 1939-2017 \u2013 reform\u00e1tus lelkip\u00e1sztor) Kegyelemteljes, f\u00e9lelem n\u00e9lk\u00fcli h\u00fasv\u00e9ti napokat, j\u00f3 munk\u00e1t, tartalmas besz\u00e9lget\u00e9seket \u00e9s \u00f6r\u00f6mteli tal\u00e1lkoz\u00e1sokat k\u00edv\u00e1nunk minden Kedves H\u00edv\u00fcnknek! \u00a0 A k\u00e9p lel\u0151helye: https:\/\/csalad.ro\/kapcsolat\/ \u00a0 &nbsp; &nbsp;","og_url":"https:\/\/stuttgarti-katolikusok.de\/index.php\/majus-21-es-24-kozott\/","og_site_name":"Stuttgarti Katolikusok","article_published_time":"2020-05-20T03:59:57+00:00","article_modified_time":"2020-05-20T15:47:36+00:00","og_image":[{"width":1080,"height":1080,"url":"https:\/\/stuttgarti-katolikusok.de\/wp-content\/uploads\/2020\/05\/progr-e-4.jpg","type":"image\/jpeg"}],"author":"Tibor atya","twitter_card":"summary_large_image","twitter_misc":{"Szerz\u0151:":"Tibor atya","Becs\u00fclt olvas\u00e1si id\u0151":"1 perc"},"schema":{"@context":"https:\/\/schema.org","@graph":[{"@type":"Article","@id":"https:\/\/stuttgarti-katolikusok.de\/index.php\/majus-21-es-24-kozott\/#article","isPartOf":{"@id":"https:\/\/stuttgarti-katolikusok.de\/index.php\/majus-21-es-24-kozott\/"},"author":{"name":"Tibor atya","@id":"https:\/\/stuttgarti-katolikusok.de\/#\/schema\/person\/75908d6f8fdc03a57889d27209df7795"},"headline":"M\u00e1jus 21 \u00e9s 24 k\u00f6z\u00f6tt","datePublished":"2020-05-20T03:59:57+00:00","dateModified":"2020-05-20T15:47:36+00:00","mainEntityOfPage":{"@id":"https:\/\/stuttgarti-katolikusok.de\/index.php\/majus-21-es-24-kozott\/"},"wordCount":143,"image":{"@id":"https:\/\/stuttgarti-katolikusok.de\/index.php\/majus-21-es-24-kozott\/#primaryimage"},"thumbnailUrl":"https:\/\/stuttgarti-katolikusok.de\/wp-content\/uploads\/2020\/05\/progr-e-4.jpg","articleSection":["Progamel\u0151zetes"],"inLanguage":"hu"},{"@type":"WebPage","@id":"https:\/\/stuttgarti-katolikusok.de\/index.php\/majus-21-es-24-kozott\/","url":"https:\/\/stuttgarti-katolikusok.de\/index.php\/majus-21-es-24-kozott\/","name":"M\u00e1jus 21 \u00e9s 24 k\u00f6z\u00f6tt - Stuttgarti Katolikusok","isPartOf":{"@id":"https:\/\/stuttgarti-katolikusok.de\/#website"},"primaryImageOfPage":{"@id":"https:\/\/stuttgarti-katolikusok.de\/index.php\/majus-21-es-24-kozott\/#primaryimage"},"image":{"@id":"https:\/\/stuttgarti-katolikusok.de\/index.php\/majus-21-es-24-kozott\/#primaryimage"},"thumbnailUrl":"https:\/\/stuttgarti-katolikusok.de\/wp-content\/uploads\/2020\/05\/progr-e-4.jpg","datePublished":"2020-05-20T03:59:57+00:00","dateModified":"2020-05-20T15:47:36+00:00","author":{"@id":"https:\/\/stuttgarti-katolikusok.de\/#\/schema\/person\/75908d6f8fdc03a57889d27209df7795"},"breadcrumb":{"@id":"https:\/\/stuttgarti-katolikusok.de\/index.php\/majus-21-es-24-kozott\/#breadcrumb"},"inLanguage":"hu","potentialAction":[{"@type":"ReadAction","target":["https:\/\/stuttgarti-katolikusok.de\/index.php\/majus-21-es-24-kozott\/"]}]},{"@type":"ImageObject","inLanguage":"hu","@id":"https:\/\/stuttgarti-katolikusok.de\/index.php\/majus-21-es-24-kozott\/#primaryimage","url":"https:\/\/stuttgarti-katolikusok.de\/wp-content\/uploads\/2020\/05\/progr-e-4.jpg","contentUrl":"https:\/\/stuttgarti-katolikusok.de\/wp-content\/uploads\/2020\/05\/progr-e-4.jpg","width":1080,"height":1080},{"@type":"BreadcrumbList","@id":"https:\/\/stuttgarti-katolikusok.de\/index.php\/majus-21-es-24-kozott\/#breadcrumb","itemListElement":[{"@type":"ListItem","position":1,"name":"Kezd\u0151lap","item":"https:\/\/stuttgarti-katolikusok.de\/"},{"@type":"ListItem","position":2,"name":"M\u00e1jus 21 \u00e9s 24 k\u00f6z\u00f6tt"}]},{"@type":"WebSite","@id":"https:\/\/stuttgarti-katolikusok.de\/#website","url":"https:\/\/stuttgarti-katolikusok.de\/","name":"Stuttgarti Katolikusok","description":"","potentialAction":[{"@type":"SearchAction","target":{"@type":"EntryPoint","urlTemplate":"https:\/\/stuttgarti-katolikusok.de\/?s={search_term_string}"},"query-input":{"@type":"PropertyValueSpecification","valueRequired":true,"valueName":"search_term_string"}}],"inLanguage":"hu"},{"@type":"Person","@id":"https:\/\/stuttgarti-katolikusok.de\/#\/schema\/person\/75908d6f8fdc03a57889d27209df7795","name":"Tibor atya","image":{"@type":"ImageObject","inLanguage":"hu","@id":"https:\/\/secure.gravatar.com\/avatar\/61d268e57d1f4525b111222e29d2d5a7f8c420fdbf231ba5566a8ceac74fa960?s=96&d=mm&r=g","url":"https:\/\/secure.gravatar.com\/avatar\/61d268e57d1f4525b111222e29d2d5a7f8c420fdbf231ba5566a8ceac74fa960?s=96&d=mm&r=g","contentUrl":"https:\/\/secure.gravatar.com\/avatar\/61d268e57d1f4525b111222e29d2d5a7f8c420fdbf231ba5566a8ceac74fa960?s=96&d=mm&r=g","caption":"Tibor atya"},"url":"https:\/\/stuttgarti-katolikusok.de\/index.php\/author\/tibor-atya\/"}]}},"_links":{"self":[{"href":"https:\/\/stuttgarti-katolikusok.de\/index.php\/wp-json\/wp\/v2\/posts\/19516","targetHints":{"allow":["GET"]}}],"collection":[{"href":"https:\/\/stuttgarti-katolikusok.de\/index.php\/wp-json\/wp\/v2\/posts"}],"about":[{"href":"https:\/\/stuttgarti-katolikusok.de\/index.php\/wp-json\/wp\/v2\/types\/post"}],"author":[{"embeddable":true,"href":"https:\/\/stuttgarti-katolikusok.de\/index.php\/wp-json\/wp\/v2\/users\/3"}],"replies":[{"embeddable":true,"href":"https:\/\/stuttgarti-katolikusok.de\/index.php\/wp-json\/wp\/v2\/comments?post=19516"}],"version-history":[{"count":6,"href":"https:\/\/stuttgarti-katolikusok.de\/index.php\/wp-json\/wp\/v2\/posts\/19516\/revisions"}],"predecessor-version":[{"id":19561,"href":"https:\/\/stuttgarti-katolikusok.de\/index.php\/wp-json\/wp\/v2\/posts\/19516\/revisions\/19561"}],"wp:featuredmedia":[{"embeddable":true,"href":"https:\/\/stuttgarti-katolikusok.de\/index.php\/wp-json\/wp\/v2\/media\/19517"}],"wp:attachment":[{"href":"https:\/\/stuttgarti-katolikusok.de\/index.php\/wp-json\/wp\/v2\/media?parent=19516"}],"wp:term":[{"taxonomy":"category","embeddable":true,"href":"https:\/\/stuttgarti-katolikusok.de\/index.php\/wp-json\/wp\/v2\/categories?post=19516"},{"taxonomy":"post_tag","embeddable":true,"href":"https:\/\/stuttgarti-katolikusok.de\/index.php\/wp-json\/wp\/v2\/tags?post=19516"}],"curies":[{"name":"wp","href":"https:\/\/api.w.org\/{rel}","templated":true}]}}